{"id":71649,"date":"2026-09-03T11:29:32","date_gmt":"2026-09-03T09:29:32","guid":{"rendered":"https:\/\/luxonomy.net\/?p=71649"},"modified":"2026-09-03T11:29:34","modified_gmt":"2026-09-03T09:29:34","slug":"el-lujo-abre-una-nueva-etapa-las-noticias-del-3-de-septiembre-que-anticipan-como-sera-el-mercado-premium-de-2027","status":"publish","type":"post","link":"https:\/\/luxonomy.net\/es\/el-lujo-abre-una-nueva-etapa-las-noticias-del-3-de-septiembre-que-anticipan-como-sera-el-mercado-premium-de-2027\/","title":{"rendered":"El lujo abre una nueva etapa: las noticias del 3 de septiembre que anticipan c\u00f3mo ser\u00e1 el mercado premium de 2027"},"content":{"rendered":"\n<p class=\"wp-block-paragraph\">El 3 de septiembre de 2026 est\u00e1 dejando una fotograf\u00eda especialmente interesante de hacia d\u00f3nde se dirige la industria mundial del lujo. La electrificaci\u00f3n alcanza finalmente a uno de los grandes iconos del autom\u00f3vil premium con el primer Range Rover Electric; Porsche lleva la exclusividad hasta una microserie de \u00fanicamente 100 unidades; Geneva Watch Days entra de lleno en su edici\u00f3n m\u00e1s ambiciosa con 71 marcas y una oleada de novedades que confirma el auge del titanio, los tama\u00f1os m\u00e1s contenidos y el color; Bloomingdale\u2019s demuestra en Estados Unidos que los grandes almacenes no est\u00e1n condenados a desaparecer si vuelven a invertir en experiencia, servicio y descubrimiento; Aman prepara su llegada a Se\u00fal mediante un proyecto que combinar\u00e1 hotel y branded residences; la hoteler\u00eda cl\u00e1sica recupera atractivo entre los grandes patrimonios; y los nuevos destinos del turismo premium muestran que privacidad, naturaleza y experiencias empiezan a competir directamente con la ostentaci\u00f3n. Detr\u00e1s de noticias aparentemente diferentes aparece una misma transformaci\u00f3n: el lujo est\u00e1 dejando atr\u00e1s la etapa en la que crecer equival\u00eda simplemente a vender m\u00e1s productos y abrir m\u00e1s tiendas. La batalla que comienza ahora consiste en producir mayor deseo, exclusividad, relaci\u00f3n y valor alrededor de cada cliente.<\/p>\n\n\n\n<h2 class=\"wp-block-heading\">Range Rover entra definitivamente en la era el\u00e9ctrica<\/h2>\n\n\n\n<p class=\"wp-block-paragraph\">Uno de los acontecimientos de producto m\u00e1s importantes de esta semana es la llegada del primer Range Rover completamente el\u00e9ctrico. La marca brit\u00e1nica abre pedidos de un autom\u00f3vil que parte de \u00a3154.070 en Reino Unido y que pretende demostrar que la electrificaci\u00f3n puede reforzar, en lugar de debilitar, algunos de los atributos tradicionales del lujo automovil\u00edstico. El Range Rover Electric desarrolla hasta 550 CV y 850 Nm de par, promete hasta 372 millas de autonom\u00eda WLTP y utiliza una bater\u00eda de 118,5 kWh con arquitectura de 800 voltios capaz de pasar del 10% al 80% de carga en 22 minutos en condiciones adecuadas. La verdadera cuesti\u00f3n, sin embargo, no est\u00e1 \u00fanicamente en las prestaciones. Range Rover ha decidido presentar el silencio, la ausencia de vibraciones y la entrega inmediata de potencia como una evoluci\u00f3n natural de su tradicional concepto de refinamiento. El veh\u00edculo incorpora adem\u00e1s ampl\u00edsimas posibilidades de personalizaci\u00f3n y una First Edition especialmente configurada, convirtiendo la tecnolog\u00eda el\u00e9ctrica en una nueva materia prima del lujo.<\/p>\n\n\n\n<p class=\"wp-block-paragraph\">La importancia estrat\u00e9gica del lanzamiento es enorme. Durante a\u00f1os, buena parte de la conversaci\u00f3n sobre electrificaci\u00f3n se concentr\u00f3 en eficiencia y sostenibilidad. En el extremo superior del mercado, esa narrativa est\u00e1 evolucionando. Para una marca como Range Rover, la electricidad tiene que justificar su presencia ofreciendo una experiencia superior: m\u00e1s silencio, m\u00e1s suavidad, m\u00e1s respuesta y una sensaci\u00f3n todav\u00eda mayor de aislamiento respecto al exterior. Si consigue que el consumidor perciba esas caracter\u00edsticas como lujo y no como una renuncia al motor tradicional, la electrificaci\u00f3n premium puede entrar en una nueva fase.<\/p><div id=\"luxon-2253321746\" class=\"luxon-3er-parrafo luxon-entity-placement\" style=\"margin-top: 20px;margin-bottom: 20px;margin-left: auto;margin-right: auto;text-align: center;\"><a href=\"https:\/\/luxonomy.university\/course\/master-turismo-de-lujo\" target=\"_blank\" aria-label=\"master-turismo-lujo-2026-2027\"><img loading=\"lazy\" decoding=\"async\" src=\"https:\/\/i0.wp.com\/luxonomy.net\/wp-content\/uploads\/2020\/07\/master-turismo-lujo-2026-2027.jpg?fit=1672%2C941&#038;ssl=1\" alt=\"\"  srcset=\"https:\/\/i0.wp.com\/luxonomy.net\/wp-content\/uploads\/2020\/07\/master-turismo-lujo-2026-2027.jpg?w=1672&ssl=1 1672w, https:\/\/i0.wp.com\/luxonomy.net\/wp-content\/uploads\/2020\/07\/master-turismo-lujo-2026-2027.jpg?resize=300%2C169&ssl=1 300w, https:\/\/i0.wp.com\/luxonomy.net\/wp-content\/uploads\/2020\/07\/master-turismo-lujo-2026-2027.jpg?resize=1024%2C576&ssl=1 1024w, https:\/\/i0.wp.com\/luxonomy.net\/wp-content\/uploads\/2020\/07\/master-turismo-lujo-2026-2027.jpg?resize=768%2C432&ssl=1 768w, https:\/\/i0.wp.com\/luxonomy.net\/wp-content\/uploads\/2020\/07\/master-turismo-lujo-2026-2027.jpg?resize=1536%2C864&ssl=1 1536w, https:\/\/i0.wp.com\/luxonomy.net\/wp-content\/uploads\/2020\/07\/master-turismo-lujo-2026-2027.jpg?resize=370%2C208&ssl=1 370w, https:\/\/i0.wp.com\/luxonomy.net\/wp-content\/uploads\/2020\/07\/master-turismo-lujo-2026-2027.jpg?resize=800%2C450&ssl=1 800w, https:\/\/i0.wp.com\/luxonomy.net\/wp-content\/uploads\/2020\/07\/master-turismo-lujo-2026-2027.jpg?resize=20%2C11&ssl=1 20w, https:\/\/i0.wp.com\/luxonomy.net\/wp-content\/uploads\/2020\/07\/master-turismo-lujo-2026-2027.jpg?resize=740%2C416&ssl=1 740w, https:\/\/i0.wp.com\/luxonomy.net\/wp-content\/uploads\/2020\/07\/master-turismo-lujo-2026-2027.jpg?resize=1600%2C900&ssl=1 1600w, https:\/\/i0.wp.com\/luxonomy.net\/wp-content\/uploads\/2020\/07\/master-turismo-lujo-2026-2027.jpg?resize=1200%2C675&ssl=1 1200w, https:\/\/i0.wp.com\/luxonomy.net\/wp-content\/uploads\/2020\/07\/master-turismo-lujo-2026-2027.jpg?resize=85%2C48&ssl=1 85w\" sizes=\"(max-width: 1170px) 100vw, 1170px\" class=\"no-lazyload\" width=\"1672\" height=\"941\"   \/><\/a><\/div>\n\n\n\n<h2 class=\"wp-block-heading\">Porsche descubre que 100 clientes pueden construir una gran historia<\/h2>\n\n\n\n<p class=\"wp-block-paragraph\">Porsche presenta hoy p\u00fablicamente en Arosa ClassicCar, Suiza, el nuevo 911 GT3 Bergsport, una edici\u00f3n creada por Porsche Exclusive Manufaktur y limitada a solo 100 unidades para Austria, Francia, Italia y Suiza. El autom\u00f3vil toma como base el actual 911 GT3 con paquete Touring, incorpora transmisi\u00f3n manual de seis velocidades, elementos Lightweight y una est\u00e9tica espec\u00edficamente inspirada en los Alpes y en la historia de Porsche en las competiciones europeas de monta\u00f1a. Su estreno tendr\u00e1 lugar precisamente en un recorrido de 7,3 kil\u00f3metros, 76 curvas y 422 metros de desnivel.<\/p>\n\n\n\n<p class=\"wp-block-paragraph\">Pero el GT3 Bergsport contiene una lecci\u00f3n empresarial mucho mayor que sus especificaciones t\u00e9cnicas. Porsche est\u00e1 demostrando c\u00f3mo una gran compa\u00f1\u00eda puede comportarse simult\u00e1neamente como una peque\u00f1a manufactura. Una producci\u00f3n de cien autom\u00f3viles no pretende transformar las cifras globales del fabricante; pretende aumentar deseo, coleccionabilidad, conversaci\u00f3n y fidelidad entre sus mejores clientes. El lujo automovil\u00edstico empieza as\u00ed a adoptar algunas de las t\u00e9cnicas que durante d\u00e9cadas han funcionado en alta relojer\u00eda: series reducidas, referencias territoriales, acceso restringido y productos creados para compradores que ya poseen otros modelos de la marca. El volumen deja de ser el \u00fanico indicador de \u00e9xito. La intensidad del deseo empieza a ser igualmente importante.<\/p>\n\n\n\n<h2 class=\"wp-block-heading\">Geneva Watch Days confirma que el reloj peque\u00f1o, el titanio y el color ganan terreno<\/h2>\n\n\n\n<p class=\"wp-block-paragraph\">Ginebra contin\u00faa siendo estos d\u00edas el gran laboratorio de la relojer\u00eda internacional. Geneva Watch Days 2026 re\u00fane a 71 marcas y est\u00e1 mostrando las primeras tendencias que pueden extenderse durante los pr\u00f3ximos meses. Una de ellas es el titanio, que deja de ser simplemente una soluci\u00f3n t\u00e9cnica para convertirse en lenguaje est\u00e9tico. Bulgari ha convertido precisamente este material en protagonista de sus novedades, incluida su colaboraci\u00f3n Octo Finissimo Dual Time con Vianney Halter. Zenith, por su parte, ha presentado el Chronomaster Solo Sport, un movimiento especialmente interesante porque por primera vez la familia Chronomaster prescinde del tradicional despliegue de cron\u00f3grafo para convertirse en un reloj deportivo de tres agujas de 40 mil\u00edmetros.<\/p>\n\n\n\n<p class=\"wp-block-paragraph\">Tambi\u00e9n aparecen di\u00e1metros m\u00e1s contenidos, mayor utilizaci\u00f3n del color y una convivencia cada vez m\u00e1s interesante entre grandes maisons y relojeros independientes. Todo ello refleja una transformaci\u00f3n del consumidor. Una parte creciente del cliente relojero no busca \u00fanicamente una marca reconocible; quiere comprender el calibre, descubrir qui\u00e9n est\u00e1 detr\u00e1s del producto, conocer la producci\u00f3n y encontrar referencias que no est\u00e9n presentes en todas las mu\u00f1ecas. La informaci\u00f3n se ha convertido en una forma de exclusividad y el conocimiento empieza a funcionar como estatus.<\/p><div id=\"luxon-3591300197\" class=\"luxon-7-parrafo luxon-entity-placement\" style=\"margin-top: 20px;margin-bottom: 20px;margin-left: auto;margin-right: auto;text-align: center;\"><a href=\"https:\/\/theintelligence.institute\/course\/inteligencia-artificial-para-directivos\" target=\"_blank\" aria-label=\"CSIAD_empresas_THEI_horizontal_4x3_v5\"><img loading=\"lazy\" decoding=\"async\" src=\"https:\/\/i0.wp.com\/luxonomy.net\/wp-content\/uploads\/2025\/08\/CSIAD_empresas_THEI_horizontal_4x3_v5.png?fit=2000%2C1500&#038;ssl=1\" alt=\"\"  srcset=\"https:\/\/i0.wp.com\/luxonomy.net\/wp-content\/uploads\/2025\/08\/CSIAD_empresas_THEI_horizontal_4x3_v5.png?w=2000&ssl=1 2000w, https:\/\/i0.wp.com\/luxonomy.net\/wp-content\/uploads\/2025\/08\/CSIAD_empresas_THEI_horizontal_4x3_v5.png?resize=300%2C225&ssl=1 300w, https:\/\/i0.wp.com\/luxonomy.net\/wp-content\/uploads\/2025\/08\/CSIAD_empresas_THEI_horizontal_4x3_v5.png?resize=1024%2C768&ssl=1 1024w, https:\/\/i0.wp.com\/luxonomy.net\/wp-content\/uploads\/2025\/08\/CSIAD_empresas_THEI_horizontal_4x3_v5.png?resize=768%2C576&ssl=1 768w, https:\/\/i0.wp.com\/luxonomy.net\/wp-content\/uploads\/2025\/08\/CSIAD_empresas_THEI_horizontal_4x3_v5.png?resize=1536%2C1152&ssl=1 1536w, https:\/\/i0.wp.com\/luxonomy.net\/wp-content\/uploads\/2025\/08\/CSIAD_empresas_THEI_horizontal_4x3_v5.png?resize=370%2C278&ssl=1 370w, https:\/\/i0.wp.com\/luxonomy.net\/wp-content\/uploads\/2025\/08\/CSIAD_empresas_THEI_horizontal_4x3_v5.png?resize=800%2C600&ssl=1 800w, https:\/\/i0.wp.com\/luxonomy.net\/wp-content\/uploads\/2025\/08\/CSIAD_empresas_THEI_horizontal_4x3_v5.png?resize=20%2C15&ssl=1 20w, https:\/\/i0.wp.com\/luxonomy.net\/wp-content\/uploads\/2025\/08\/CSIAD_empresas_THEI_horizontal_4x3_v5.png?resize=740%2C555&ssl=1 740w, https:\/\/i0.wp.com\/luxonomy.net\/wp-content\/uploads\/2025\/08\/CSIAD_empresas_THEI_horizontal_4x3_v5.png?resize=1600%2C1200&ssl=1 1600w, https:\/\/i0.wp.com\/luxonomy.net\/wp-content\/uploads\/2025\/08\/CSIAD_empresas_THEI_horizontal_4x3_v5.png?resize=1200%2C900&ssl=1 1200w, https:\/\/i0.wp.com\/luxonomy.net\/wp-content\/uploads\/2025\/08\/CSIAD_empresas_THEI_horizontal_4x3_v5.png?resize=64%2C48&ssl=1 64w\" sizes=\"(max-width: 1170px) 100vw, 1170px\" class=\"no-lazyload\" width=\"2000\" height=\"1500\"   \/><\/a><\/div>\n\n\n\n<p class=\"wp-block-paragraph\">Geneva Watch Days naci\u00f3 en 2020 como respuesta de emergencia a la desaparici\u00f3n temporal de los grandes encuentros relojeros. Seis a\u00f1os despu\u00e9s se ha convertido en una instituci\u00f3n con personalidad propia. Su importancia demuestra que el mercado puede sostener distintos momentos internacionales durante el a\u00f1o porque cada uno cumple una funci\u00f3n diferente: prensa, retailers, coleccionistas, clientes o comunidad. Para el lujo, esta fragmentaci\u00f3n tambi\u00e9n supone una oportunidad para mantener la conversaci\u00f3n durante todo el calendario.<\/p>\n\n\n\n<h2 class=\"wp-block-heading\">Bulgari demuestra que lanzar menos puede ser una estrategia de crecimiento<\/h2>\n\n\n\n<p class=\"wp-block-paragraph\">Una de las declaraciones empresariales m\u00e1s interesantes que rodean Geneva Watch Days procede de Laura Burdese, nueva CEO de Bulgari. Su planteamiento desaf\u00eda una de las inercias m\u00e1s frecuentes del sector: la necesidad permanente de novedades. Bulgari considera que no necesita estar lanzando continuamente productos para mantener relevancia. Su estrategia consiste en proteger y desarrollar c\u00f3digos reconocibles como Serpenti y Octo Finissimo, innovando cuando existe una raz\u00f3n clara para hacerlo.<\/p>\n\n\n\n<p class=\"wp-block-paragraph\">La idea puede resultar especialmente importante para una industria que durante a\u00f1os ha multiplicado colecciones, c\u00e1psulas, colaboraciones y drops hasta producir una enorme saturaci\u00f3n. En el lujo, novedad y deseo no son necesariamente equivalentes. Cuando una maison posee iconos fuertes, repetirlos, reinterpretarlos y permitir que acumulen historia puede generar m\u00e1s valor que sustituirlos constantemente. Herm\u00e8s, Chanel, Cartier, Rolex o Porsche llevan d\u00e9cadas demostrando que un producto reconocible puede convertirse en un activo econ\u00f3mico extraordinario precisamente porque sobrevive a las temporadas. Bulgari parece profundizar en esa l\u00f3gica.<\/p>\n\n\n\n<h2 class=\"wp-block-heading\">Bloomingdale\u2019s demuestra que los grandes almacenes no est\u00e1n muertos<\/h2>\n\n\n\n<p class=\"wp-block-paragraph\">Una de las noticias empresariales m\u00e1s interesantes del d\u00eda llega desde Nueva York. Mientras buena parte del retail estadounidense ha atravesado a\u00f1os de cierres, reestructuraciones y dificultades financieras, Bloomingdale\u2019s est\u00e1 consiguiendo crecer. Su CEO, Olivier Bron, est\u00e1 aplicando una estrategia basada en renovar tiendas, elevar servicio, incorporar nuevas marcas, reducir descuentos y transformar los establecimientos en lugares donde siempre exista una raz\u00f3n para regresar.<\/p>\n\n\n\n<p class=\"wp-block-paragraph\">Los resultados empiezan a respaldar la estrategia. Las ventas de Bloomingdale\u2019s crecieron un 10,2% interanual durante el primer trimestre de 2026, acumulando siete trimestres consecutivos de crecimiento. Desde el a\u00f1o pasado ha incorporado nombres como Phoebe Philo, Khaite, Dries Van Noten y Thom Browne, mientras solo esta primavera sum\u00f3 alrededor de cien nuevas marcas. Paralelamente, ha reducido aproximadamente una cuarta parte del nivel de descuentos respecto a 2019.<\/p>\n\n\n\n<p class=\"wp-block-paragraph\">Hoy, 3 de septiembre, Bloomingdale\u2019s activa adem\u00e1s Hotel Bloomingdale\u2019s, una campa\u00f1a que mezcla expl\u00edcitamente retail y hospitality mediante eventos, activaciones de marcas y experiencias destinadas a clientes VIC. El mensaje para el conjunto del sector es extraordinariamente interesante: los grandes almacenes pueden seguir teniendo futuro si dejan de comportarse como almacenes. El consumidor no necesita desplazarse f\u00edsicamente para encontrar producto; internet puede resolver esa necesidad. La tienda debe ofrecer descubrimiento, asesoramiento, hospitalidad, comunidad, cultura y entretenimiento. Bloomingdale\u2019s est\u00e1 intentando precisamente recuperar ese papel.<\/p>\n\n\n\n<h2 class=\"wp-block-heading\">Aman llevar\u00e1 su concepto de ultralujo hasta Se\u00fal<\/h2>\n\n\n\n<p class=\"wp-block-paragraph\">En hospitality, una de las grandes novedades conocidas hoy es la futura llegada de Aman a Corea del Sur. Aman Seoul est\u00e1 previsto para 2029 en colaboraci\u00f3n con Shinsegae y se desarrollar\u00e1 en una torre de 38 plantas que combinar\u00e1 hotel, branded residences y espacios exclusivos para miembros. El movimiento vuelve a confirmar la extraordinaria expansi\u00f3n de las marcas hoteleras hacia modelos h\u00edbridos donde alojamiento, residencial, gastronom\u00eda, wellness y comunidad forman parte de un mismo ecosistema.<\/p>\n\n\n\n<p class=\"wp-block-paragraph\">Se\u00fal resulta adem\u00e1s especialmente interesante. Corea del Sur se ha convertido en uno de los mercados m\u00e1s sofisticados para moda, belleza, automoci\u00f3n, gastronom\u00eda y cultura contempor\u00e1nea, mientras su influencia global a trav\u00e9s de m\u00fasica, cine, dise\u00f1o y entretenimiento contin\u00faa aumentando. La llegada de una marca como Aman no debe interpretarse \u00fanicamente como una apertura hotelera. Es una apuesta por la consolidaci\u00f3n de Se\u00fal como capital internacional del lujo.<\/p>\n\n\n\n<p class=\"wp-block-paragraph\">Las branded residences vuelven a aparecer como elemento fundamental. Para las compa\u00f1\u00edas hoteleras representan una posibilidad de monetizar su marca m\u00e1s all\u00e1 de las noches de alojamiento y establecer relaciones extremadamente prolongadas con clientes de elevado patrimonio. Para el comprador, ofrecen servicios, seguridad, mantenimiento, dise\u00f1o y el prestigio asociado a una ense\u00f1a internacional. La frontera entre hotel y vivienda privada contin\u00faa desapareciendo.<\/p>\n\n\n\n<h2 class=\"wp-block-heading\">Regresan los grandes hoteles y cambia el concepto de turismo de lujo<\/h2>\n\n\n\n<p class=\"wp-block-paragraph\">Otra tendencia que se consolida estos d\u00edas es la recuperaci\u00f3n del denominado grand hotel. Los grandes patrimonios est\u00e1n incrementando su gasto en viajes y algunos de los establecimientos hist\u00f3ricos que definieron la primera edad dorada de la hoteler\u00eda vuelven a ganar protagonismo, al mismo tiempo que nuevos proyectos recuperan arquitectura monumental, grandes espacios comunes y servicio altamente personalizado.<\/p>\n\n\n\n<p class=\"wp-block-paragraph\">Pero este regreso no implica volver simplemente al lujo ostentoso del pasado. El nuevo grand hotel incorpora wellness, gastronom\u00eda, cultura, experiencias privadas y tecnolog\u00eda invisible. El objetivo no consiste en impresionar \u00fanicamente mediante m\u00e1rmol, l\u00e1mparas y dimensiones, sino en generar una sensaci\u00f3n de pertenencia y servicio dif\u00edcilmente reproducible.<\/p>\n\n\n\n<p class=\"wp-block-paragraph\">Paralelamente, destinos como Puglia contin\u00faan creciendo dentro del mapa premium europeo. El sur de Italia atrae inversiones hoteleras y operadores internacionales porque ofrece exactamente algunos de los atributos que el nuevo viajero de alto patrimonio busca: autenticidad, territorio, gastronom\u00eda, privacidad, arquitectura hist\u00f3rica y menor densidad tur\u00edstica que otros destinos mediterr\u00e1neos consolidados.<\/p>\n\n\n\n<h2 class=\"wp-block-heading\">El lujo est\u00e1 redescubriendo Asia desde una perspectiva mucho m\u00e1s amplia<\/h2>\n\n\n\n<p class=\"wp-block-paragraph\">La llegada futura de Aman a Se\u00fal, la expansi\u00f3n del retail premium en India, el crecimiento de las nuevas capitales de consumo del Sudeste Asi\u00e1tico y la recuperaci\u00f3n observada en determinados activos de Hong Kong est\u00e1n dibujando una geograf\u00eda del lujo mucho m\u00e1s compleja que la tradicional dependencia de China continental.<\/p>\n\n\n\n<p class=\"wp-block-paragraph\">Asia no puede seguir analiz\u00e1ndose como un \u00fanico mercado. Corea del Sur funciona como laboratorio cultural y de tendencias; Jap\u00f3n mantiene un extraordinario valor como mercado de calidad, hospitalidad y artesan\u00eda; India est\u00e1 generando una nueva poblaci\u00f3n de consumidores premium y empresarios de grandes patrimonios; Singapur act\u00faa como hub financiero y comercial; Bangkok ampl\u00eda su infraestructura de lujo; y ciudades como Manila, Kuala Lumpur o Yakarta ganan inter\u00e9s a medida que crecen sus poblaciones de alto poder adquisitivo.<\/p>\n\n\n\n<p class=\"wp-block-paragraph\">Para las grandes compa\u00f1\u00edas, el desaf\u00edo ser\u00e1 abandonar las estrategias gen\u00e9ricas de expansi\u00f3n regional. El consumidor de Se\u00fal, Mumbai, Tokio, Bangkok o Singapur puede compartir capacidad econ\u00f3mica, pero no necesariamente c\u00f3digos culturales, expectativas de servicio ni comportamiento de compra.<\/p>\n\n\n\n<h2 class=\"wp-block-heading\">La gran tendencia del 3 de septiembre: menos volumen, m\u00e1s intensidad<\/h2>\n\n\n\n<p class=\"wp-block-paragraph\">Si existe una idea capaz de unir buena parte de las noticias de hoy es esta: <strong>el lujo empieza a buscar intensidad antes que volumen<\/strong>. Porsche puede generar enorme deseo fabricando \u00fanicamente 100 GT3 Bergsport. Bulgari sostiene que no necesita lanzar continuamente productos. Geneva Watch Days demuestra que peque\u00f1os fabricantes pueden conquistar a coleccionistas internacionales. Bloomingdale\u2019s est\u00e1 creciendo mientras reduce descuentos y mejora la experiencia. Aman contin\u00faa construyendo propiedades extremadamente selectivas en lugar de perseguir una expansi\u00f3n hotelera masiva. Range Rover lanza su primer el\u00e9ctrico desde \u00a3154.070 y convierte tecnolog\u00eda, silencio y personalizaci\u00f3n en argumentos de exclusividad.<\/p>\n\n\n\n<p class=\"wp-block-paragraph\">Durante la d\u00e9cada anterior, buena parte del sector se acostumbr\u00f3 a medir su fortaleza mediante crecimiento porcentual, n\u00famero de aperturas, expansi\u00f3n geogr\u00e1fica, seguidores digitales y unidades vendidas. La siguiente etapa puede exigir indicadores diferentes: porcentaje de ventas a precio completo, gasto por cliente, recurrencia, productividad por metro cuadrado, lista de espera, valor del mercado secundario, participaci\u00f3n de clientes VIC, capacidad de personalizaci\u00f3n y duraci\u00f3n de la relaci\u00f3n con el comprador.<\/p>\n\n\n\n<p class=\"wp-block-paragraph\">El cambio es profundo porque devuelve al lujo hacia algunos de sus fundamentos originales. Un producto excepcional no necesita estar disponible para todo el mundo. Una boutique extraordinaria no necesita existir en todas las ciudades. Una marca fuerte no necesita presentar una novedad cada semana. Y un cliente excelente puede tener m\u00e1s valor que cientos de compradores ocasionales.<\/p>\n\n\n\n<p class=\"wp-block-paragraph\">El lujo que parece estar emergiendo en septiembre de 2026 es m\u00e1s selectivo, m\u00e1s experiencial, m\u00e1s cultural, m\u00e1s personalizado y, parad\u00f3jicamente, menos obsesionado con parecer grande. <strong>La pr\u00f3xima batalla del sector no ser\u00e1 \u00fanicamente conseguir m\u00e1s clientes. Ser\u00e1 conseguir que los mejores clientes quieran permanecer mucho m\u00e1s tiempo dentro del universo de una marca.<\/strong><\/p>\n\n\n\n<h3 class=\"wp-block-heading\">MBA in Luxury Management<\/h3>\n\n\n\n<p class=\"wp-block-paragraph\">El sector del lujo est\u00e1 entrando en una nueva etapa en la que comprender estrategia, retail, hospitality, comportamiento del consumidor, innovaci\u00f3n, nuevos mercados y creaci\u00f3n de valor resulta imprescindible para anticiparse a la competencia.<\/p>\n\n\n\n<p class=\"wp-block-paragraph\"><a href=\"https:\/\/luxonomy.university\/course\/mba-in-luxury-management\" data-type=\"link\" data-id=\"https:\/\/luxonomy.university\/course\/mba-in-luxury-management\">Descubre el MBA in Luxury Management de LUXONOMY University<\/a><\/p>\n","protected":false},"excerpt":{"rendered":"<p>El 3 de septiembre de 2026 est\u00e1 dejando una fotograf\u00eda especialmente interesante de hacia d\u00f3nde se dirige la industria mundial del lujo. La electrificaci\u00f3n alcanza finalmente a uno de los grandes iconos del autom\u00f3vil premium con el primer Range Rover Electric; Porsche lleva la exclusividad hasta una microserie de \u00fanicamente 100 unidades; Geneva Watch Days&hellip;<\/p>\n","protected":false},"author":11,"featured_media":71653,"comment_status":"closed","ping_status":"closed","sticky":false,"template":"","format":"standard","meta":{"_jetpack_newsletter_access":"","_jetpack_dont_email_post_to_subs":false,"_jetpack_newsletter_tier_id":0,"_jetpack_memberships_contains_paywalled_content":false,"_jetpack_feature_clip_id":0,"_jetpack_memberships_contains_paid_content":false,"footnotes":"","jetpack_publicize_message":"","jetpack_publicize_feature_enabled":true,"jetpack_social_post_already_shared":true,"jetpack_social_options":{"image_generator_settings":{"template":"edge","default_image_id":0,"font":"","enabled":false},"version":2},"jetpack_post_was_ever_published":false},"categories":[10452],"tags":[668,10968,793,8681,10969,9112,810,10970,2028,6022,10808,6059,2197,10908,10621,10967,10966,3930,6125,7817,4940,1432],"thb-sponsors":[],"class_list":["post-71649","post","type-post","status-publish","format-standard","has-post-thumbnail","hentry","category-tendencias-de-lujo","tag-alta-relojeria","tag-aman-seoul","tag-asia","tag-automocion-de-lujo","tag-bloomingdales","tag-branded-residences-2","tag-bulgari","tag-clientes-vic","tag-corea-del-sur","tag-experiencia-de-cliente","tag-geneva-watch-days-2026","tag-hoteles-de-lujo","tag-industria-del-lujo","tag-lujo-2026","tag-noticias-del-lujo","tag-porsche-911-gt3-bergsport","tag-range-rover-electric","tag-relojeria-de-lujo","tag-retail-de-lujo","tag-tendencias-del-lujo","tag-turismo-de-lujo","tag-zenith"],"yoast_head":"<!-- This site is optimized with the Yoast SEO plugin v28.4 - https:\/\/yoast.com\/product\/yoast-seo-wordpress\/ -->\n<title>El lujo abre una nueva etapa: las noticias del 3 de septiembre que anticipan c\u00f3mo ser\u00e1 el mercado premium de 2027 | LUXONOMY<\/title>\n<meta name=\"robots\" content=\"index, follow, max-snippet:-1, max-image-preview:large, max-video-preview:-1\" \/>\n<link rel=\"canonical\" href=\"https:\/\/luxonomy.net\/es\/el-lujo-abre-una-nueva-etapa-las-noticias-del-3-de-septiembre-que-anticipan-como-sera-el-mercado-premium-de-2027\/\" \/>\n<meta property=\"og:locale\" content=\"es_ES\" \/>\n<meta property=\"og:type\" content=\"article\" \/>\n<meta property=\"og:title\" content=\"El lujo abre una nueva etapa: las noticias del 3 de septiembre que anticipan c\u00f3mo ser\u00e1 el mercado premium de 2027 | LUXONOMY\" \/>\n<meta property=\"og:description\" content=\"El 3 de septiembre de 2026 est\u00e1 dejando una fotograf\u00eda especialmente interesante de hacia d\u00f3nde se dirige la industria mundial del lujo. La electrificaci\u00f3n alcanza finalmente a uno de los grandes iconos del autom\u00f3vil premium con el primer Range Rover Electric; Porsche lleva la exclusividad hasta una microserie de \u00fanicamente 100 unidades; Geneva Watch Days&hellip;\" \/>\n<meta property=\"og:url\" content=\"https:\/\/luxonomy.net\/es\/el-lujo-abre-una-nueva-etapa-las-noticias-del-3-de-septiembre-que-anticipan-como-sera-el-mercado-premium-de-2027\/\" \/>\n<meta property=\"og:site_name\" content=\"LUXONOMY\" \/>\n<meta property=\"article:publisher\" content=\"https:\/\/www.facebook.com\/luxonomy\" \/>\n<meta property=\"article:published_time\" content=\"2026-09-03T09:29:32+00:00\" \/>\n<meta property=\"article:modified_time\" content=\"2026-09-03T09:29:34+00:00\" \/>\n<meta property=\"og:image\" content=\"https:\/\/luxonomy.net\/wp-content\/uploads\/2026\/09\/september-3-LUXONOMY.jpeg\" \/>\n\t<meta property=\"og:image:width\" content=\"1200\" \/>\n\t<meta property=\"og:image:height\" content=\"900\" \/>\n\t<meta property=\"og:image:type\" content=\"image\/jpeg\" \/>\n<meta name=\"author\" content=\"Kristi Ellis\" \/>\n<meta name=\"twitter:card\" content=\"summary_large_image\" \/>\n<meta name=\"twitter:label1\" content=\"Escrito por\" \/>\n\t<meta name=\"twitter:data1\" content=\"Kristi Ellis\" \/>\n\t<meta name=\"twitter:label2\" content=\"Tiempo de lectura\" \/>\n\t<meta name=\"twitter:data2\" content=\"11 minutos\" \/>\n<script type=\"application\/ld+json\" class=\"yoast-schema-graph\">{\"@context\":\"https:\\\/\\\/schema.org\",\"@graph\":[{\"@type\":\"Article\",\"@id\":\"https:\\\/\\\/luxonomy.net\\\/es\\\/el-lujo-abre-una-nueva-etapa-las-noticias-del-3-de-septiembre-que-anticipan-como-sera-el-mercado-premium-de-2027\\\/#article\",\"isPartOf\":{\"@id\":\"https:\\\/\\\/luxonomy.net\\\/es\\\/el-lujo-abre-una-nueva-etapa-las-noticias-del-3-de-septiembre-que-anticipan-como-sera-el-mercado-premium-de-2027\\\/\"},\"author\":{\"name\":\"Kristi Ellis\",\"@id\":\"https:\\\/\\\/luxonomy.net\\\/es\\\/#\\\/schema\\\/person\\\/1a813e5ec518f582af236d6344aa6c01\"},\"headline\":\"El lujo abre una nueva etapa: las noticias del 3 de septiembre que anticipan c\u00f3mo ser\u00e1 el mercado premium de 2027\",\"datePublished\":\"2026-09-03T09:29:32+00:00\",\"dateModified\":\"2026-09-03T09:29:34+00:00\",\"mainEntityOfPage\":{\"@id\":\"https:\\\/\\\/luxonomy.net\\\/es\\\/el-lujo-abre-una-nueva-etapa-las-noticias-del-3-de-septiembre-que-anticipan-como-sera-el-mercado-premium-de-2027\\\/\"},\"wordCount\":2454,\"publisher\":{\"@id\":\"https:\\\/\\\/luxonomy.net\\\/es\\\/#organization\"},\"image\":{\"@id\":\"https:\\\/\\\/luxonomy.net\\\/es\\\/el-lujo-abre-una-nueva-etapa-las-noticias-del-3-de-septiembre-que-anticipan-como-sera-el-mercado-premium-de-2027\\\/#primaryimage\"},\"thumbnailUrl\":\"https:\\\/\\\/i0.wp.com\\\/luxonomy.net\\\/wp-content\\\/uploads\\\/2026\\\/09\\\/september-3-LUXONOMY.jpeg?fit=1200%2C900&ssl=1\",\"keywords\":[\"alta relojer\u00eda\",\"Aman Seoul\",\"Asia\",\"automoci\u00f3n de lujo\",\"Bloomingdale\u2019s\",\"branded residences\",\"Bulgari\",\"clientes VIC\",\"Corea del Sur\",\"experiencia de cliente\",\"Geneva Watch Days 2026\",\"hoteles de lujo\",\"industria del lujo\",\"lujo 2026\",\"Noticias del Lujo\",\"Porsche 911 GT3 Bergsport\",\"Range Rover Electric\",\"Relojer\u00eda de Lujo\",\"retail de lujo\",\"tendencias del lujo\",\"turismo de lujo\",\"Zenith\"],\"articleSection\":[\"Tendencias de Lujo\"],\"inLanguage\":\"es\"},{\"@type\":\"WebPage\",\"@id\":\"https:\\\/\\\/luxonomy.net\\\/es\\\/el-lujo-abre-una-nueva-etapa-las-noticias-del-3-de-septiembre-que-anticipan-como-sera-el-mercado-premium-de-2027\\\/\",\"url\":\"https:\\\/\\\/luxonomy.net\\\/es\\\/el-lujo-abre-una-nueva-etapa-las-noticias-del-3-de-septiembre-que-anticipan-como-sera-el-mercado-premium-de-2027\\\/\",\"name\":\"El lujo abre una nueva etapa: las noticias del 3 de septiembre que anticipan c\u00f3mo ser\u00e1 el mercado premium de 2027 | LUXONOMY\",\"isPartOf\":{\"@id\":\"https:\\\/\\\/luxonomy.net\\\/es\\\/#website\"},\"primaryImageOfPage\":{\"@id\":\"https:\\\/\\\/luxonomy.net\\\/es\\\/el-lujo-abre-una-nueva-etapa-las-noticias-del-3-de-septiembre-que-anticipan-como-sera-el-mercado-premium-de-2027\\\/#primaryimage\"},\"image\":{\"@id\":\"https:\\\/\\\/luxonomy.net\\\/es\\\/el-lujo-abre-una-nueva-etapa-las-noticias-del-3-de-septiembre-que-anticipan-como-sera-el-mercado-premium-de-2027\\\/#primaryimage\"},\"thumbnailUrl\":\"https:\\\/\\\/i0.wp.com\\\/luxonomy.net\\\/wp-content\\\/uploads\\\/2026\\\/09\\\/september-3-LUXONOMY.jpeg?fit=1200%2C900&ssl=1\",\"datePublished\":\"2026-09-03T09:29:32+00:00\",\"dateModified\":\"2026-09-03T09:29:34+00:00\",\"breadcrumb\":{\"@id\":\"https:\\\/\\\/luxonomy.net\\\/es\\\/el-lujo-abre-una-nueva-etapa-las-noticias-del-3-de-septiembre-que-anticipan-como-sera-el-mercado-premium-de-2027\\\/#breadcrumb\"},\"inLanguage\":\"es\",\"potentialAction\":[{\"@type\":\"ReadAction\",\"target\":[\"https:\\\/\\\/luxonomy.net\\\/es\\\/el-lujo-abre-una-nueva-etapa-las-noticias-del-3-de-septiembre-que-anticipan-como-sera-el-mercado-premium-de-2027\\\/\"]}]},{\"@type\":\"ImageObject\",\"inLanguage\":\"es\",\"@id\":\"https:\\\/\\\/luxonomy.net\\\/es\\\/el-lujo-abre-una-nueva-etapa-las-noticias-del-3-de-septiembre-que-anticipan-como-sera-el-mercado-premium-de-2027\\\/#primaryimage\",\"url\":\"https:\\\/\\\/i0.wp.com\\\/luxonomy.net\\\/wp-content\\\/uploads\\\/2026\\\/09\\\/september-3-LUXONOMY.jpeg?fit=1200%2C900&ssl=1\",\"contentUrl\":\"https:\\\/\\\/i0.wp.com\\\/luxonomy.net\\\/wp-content\\\/uploads\\\/2026\\\/09\\\/september-3-LUXONOMY.jpeg?fit=1200%2C900&ssl=1\",\"width\":1200,\"height\":900},{\"@type\":\"BreadcrumbList\",\"@id\":\"https:\\\/\\\/luxonomy.net\\\/es\\\/el-lujo-abre-una-nueva-etapa-las-noticias-del-3-de-septiembre-que-anticipan-como-sera-el-mercado-premium-de-2027\\\/#breadcrumb\",\"itemListElement\":[{\"@type\":\"ListItem\",\"position\":1,\"name\":\"Portada\",\"item\":\"https:\\\/\\\/luxonomy.net\\\/es\\\/\"},{\"@type\":\"ListItem\",\"position\":2,\"name\":\"El lujo abre una nueva etapa: las noticias del 3 de septiembre que anticipan c\u00f3mo ser\u00e1 el mercado premium de 2027\"}]},{\"@type\":\"WebSite\",\"@id\":\"https:\\\/\\\/luxonomy.net\\\/es\\\/#website\",\"url\":\"https:\\\/\\\/luxonomy.net\\\/es\\\/\",\"name\":\"LUXONOMY\",\"description\":\"The Economy of Fashion &amp; Luxury\",\"publisher\":{\"@id\":\"https:\\\/\\\/luxonomy.net\\\/es\\\/#organization\"},\"potentialAction\":[{\"@type\":\"SearchAction\",\"target\":{\"@type\":\"EntryPoint\",\"urlTemplate\":\"https:\\\/\\\/luxonomy.net\\\/es\\\/?s={search_term_string}\"},\"query-input\":{\"@type\":\"PropertyValueSpecification\",\"valueRequired\":true,\"valueName\":\"search_term_string\"}}],\"inLanguage\":\"es\"},{\"@type\":\"Organization\",\"@id\":\"https:\\\/\\\/luxonomy.net\\\/es\\\/#organization\",\"name\":\"LUXONOMY\",\"url\":\"https:\\\/\\\/luxonomy.net\\\/es\\\/\",\"logo\":{\"@type\":\"ImageObject\",\"inLanguage\":\"es\",\"@id\":\"https:\\\/\\\/luxonomy.net\\\/es\\\/#\\\/schema\\\/logo\\\/image\\\/\",\"url\":\"https:\\\/\\\/i2.wp.com\\\/luxonomy.net\\\/wp-content\\\/uploads\\\/2021\\\/09\\\/MOCKUP-TODOS-LUXONOMY.jpg?fit=1000%2C515&ssl=1\",\"contentUrl\":\"https:\\\/\\\/i2.wp.com\\\/luxonomy.net\\\/wp-content\\\/uploads\\\/2021\\\/09\\\/MOCKUP-TODOS-LUXONOMY.jpg?fit=1000%2C515&ssl=1\",\"width\":1000,\"height\":515,\"caption\":\"LUXONOMY\"},\"image\":{\"@id\":\"https:\\\/\\\/luxonomy.net\\\/es\\\/#\\\/schema\\\/logo\\\/image\\\/\"},\"sameAs\":[\"https:\\\/\\\/www.facebook.com\\\/luxonomy\",\"https:\\\/\\\/www.instagram.com\\\/luxonomy\\\/\",\"https:\\\/\\\/www.linkedin.com\\\/company\\\/luxonomy\\\/\"]},{\"@type\":\"Person\",\"@id\":\"https:\\\/\\\/luxonomy.net\\\/es\\\/#\\\/schema\\\/person\\\/1a813e5ec518f582af236d6344aa6c01\",\"name\":\"Kristi Ellis\",\"image\":{\"@type\":\"ImageObject\",\"inLanguage\":\"es\",\"@id\":\"https:\\\/\\\/luxonomy.net\\\/wp-content\\\/litespeed\\\/avatar\\\/ae0c58256b980352bba3c97a8f9abe32.jpg?ver=1787975034\",\"url\":\"https:\\\/\\\/luxonomy.net\\\/wp-content\\\/litespeed\\\/avatar\\\/ae0c58256b980352bba3c97a8f9abe32.jpg?ver=1787975034\",\"contentUrl\":\"https:\\\/\\\/luxonomy.net\\\/wp-content\\\/litespeed\\\/avatar\\\/ae0c58256b980352bba3c97a8f9abe32.jpg?ver=1787975034\",\"caption\":\"Kristi Ellis\"},\"url\":\"https:\\\/\\\/luxonomy.net\\\/es\\\/author\\\/kristi-ellis\\\/\"}]}<\/script>\n<!-- \/ Yoast SEO plugin. -->","yoast_head_json":{"title":"El lujo abre una nueva etapa: las noticias del 3 de septiembre que anticipan c\u00f3mo ser\u00e1 el mercado premium de 2027 | LUXONOMY","robots":{"index":"index","follow":"follow","max-snippet":"max-snippet:-1","max-image-preview":"max-image-preview:large","max-video-preview":"max-video-preview:-1"},"canonical":"https:\/\/luxonomy.net\/es\/el-lujo-abre-una-nueva-etapa-las-noticias-del-3-de-septiembre-que-anticipan-como-sera-el-mercado-premium-de-2027\/","og_locale":"es_ES","og_type":"article","og_title":"El lujo abre una nueva etapa: las noticias del 3 de septiembre que anticipan c\u00f3mo ser\u00e1 el mercado premium de 2027 | LUXONOMY","og_description":"El 3 de septiembre de 2026 est\u00e1 dejando una fotograf\u00eda especialmente interesante de hacia d\u00f3nde se dirige la industria mundial del lujo. La electrificaci\u00f3n alcanza finalmente a uno de los grandes iconos del autom\u00f3vil premium con el primer Range Rover Electric; Porsche lleva la exclusividad hasta una microserie de \u00fanicamente 100 unidades; Geneva Watch Days&hellip;","og_url":"https:\/\/luxonomy.net\/es\/el-lujo-abre-una-nueva-etapa-las-noticias-del-3-de-septiembre-que-anticipan-como-sera-el-mercado-premium-de-2027\/","og_site_name":"LUXONOMY","article_publisher":"https:\/\/www.facebook.com\/luxonomy","article_published_time":"2026-09-03T09:29:32+00:00","article_modified_time":"2026-09-03T09:29:34+00:00","og_image":[{"width":1200,"height":900,"url":"https:\/\/luxonomy.net\/wp-content\/uploads\/2026\/09\/september-3-LUXONOMY.jpeg","type":"image\/jpeg"}],"author":"Kristi Ellis","twitter_card":"summary_large_image","twitter_misc":{"Escrito por":"Kristi Ellis","Tiempo de lectura":"11 minutos"},"schema":{"@context":"https:\/\/schema.org","@graph":[{"@type":"Article","@id":"https:\/\/luxonomy.net\/es\/el-lujo-abre-una-nueva-etapa-las-noticias-del-3-de-septiembre-que-anticipan-como-sera-el-mercado-premium-de-2027\/#article","isPartOf":{"@id":"https:\/\/luxonomy.net\/es\/el-lujo-abre-una-nueva-etapa-las-noticias-del-3-de-septiembre-que-anticipan-como-sera-el-mercado-premium-de-2027\/"},"author":{"name":"Kristi Ellis","@id":"https:\/\/luxonomy.net\/es\/#\/schema\/person\/1a813e5ec518f582af236d6344aa6c01"},"headline":"El lujo abre una nueva etapa: las noticias del 3 de septiembre que anticipan c\u00f3mo ser\u00e1 el mercado premium de 2027","datePublished":"2026-09-03T09:29:32+00:00","dateModified":"2026-09-03T09:29:34+00:00","mainEntityOfPage":{"@id":"https:\/\/luxonomy.net\/es\/el-lujo-abre-una-nueva-etapa-las-noticias-del-3-de-septiembre-que-anticipan-como-sera-el-mercado-premium-de-2027\/"},"wordCount":2454,"publisher":{"@id":"https:\/\/luxonomy.net\/es\/#organization"},"image":{"@id":"https:\/\/luxonomy.net\/es\/el-lujo-abre-una-nueva-etapa-las-noticias-del-3-de-septiembre-que-anticipan-como-sera-el-mercado-premium-de-2027\/#primaryimage"},"thumbnailUrl":"https:\/\/i0.wp.com\/luxonomy.net\/wp-content\/uploads\/2026\/09\/september-3-LUXONOMY.jpeg?fit=1200%2C900&ssl=1","keywords":["alta relojer\u00eda","Aman Seoul","Asia","automoci\u00f3n de lujo","Bloomingdale\u2019s","branded residences","Bulgari","clientes VIC","Corea del Sur","experiencia de cliente","Geneva Watch Days 2026","hoteles de lujo","industria del lujo","lujo 2026","Noticias del Lujo","Porsche 911 GT3 Bergsport","Range Rover Electric","Relojer\u00eda de Lujo","retail de lujo","tendencias del lujo","turismo de lujo","Zenith"],"articleSection":["Tendencias de Lujo"],"inLanguage":"es"},{"@type":"WebPage","@id":"https:\/\/luxonomy.net\/es\/el-lujo-abre-una-nueva-etapa-las-noticias-del-3-de-septiembre-que-anticipan-como-sera-el-mercado-premium-de-2027\/","url":"https:\/\/luxonomy.net\/es\/el-lujo-abre-una-nueva-etapa-las-noticias-del-3-de-septiembre-que-anticipan-como-sera-el-mercado-premium-de-2027\/","name":"El lujo abre una nueva etapa: las noticias del 3 de septiembre que anticipan c\u00f3mo ser\u00e1 el mercado premium de 2027 | LUXONOMY","isPartOf":{"@id":"https:\/\/luxonomy.net\/es\/#website"},"primaryImageOfPage":{"@id":"https:\/\/luxonomy.net\/es\/el-lujo-abre-una-nueva-etapa-las-noticias-del-3-de-septiembre-que-anticipan-como-sera-el-mercado-premium-de-2027\/#primaryimage"},"image":{"@id":"https:\/\/luxonomy.net\/es\/el-lujo-abre-una-nueva-etapa-las-noticias-del-3-de-septiembre-que-anticipan-como-sera-el-mercado-premium-de-2027\/#primaryimage"},"thumbnailUrl":"https:\/\/i0.wp.com\/luxonomy.net\/wp-content\/uploads\/2026\/09\/september-3-LUXONOMY.jpeg?fit=1200%2C900&ssl=1","datePublished":"2026-09-03T09:29:32+00:00","dateModified":"2026-09-03T09:29:34+00:00","breadcrumb":{"@id":"https:\/\/luxonomy.net\/es\/el-lujo-abre-una-nueva-etapa-las-noticias-del-3-de-septiembre-que-anticipan-como-sera-el-mercado-premium-de-2027\/#breadcrumb"},"inLanguage":"es","potentialAction":[{"@type":"ReadAction","target":["https:\/\/luxonomy.net\/es\/el-lujo-abre-una-nueva-etapa-las-noticias-del-3-de-septiembre-que-anticipan-como-sera-el-mercado-premium-de-2027\/"]}]},{"@type":"ImageObject","inLanguage":"es","@id":"https:\/\/luxonomy.net\/es\/el-lujo-abre-una-nueva-etapa-las-noticias-del-3-de-septiembre-que-anticipan-como-sera-el-mercado-premium-de-2027\/#primaryimage","url":"https:\/\/i0.wp.com\/luxonomy.net\/wp-content\/uploads\/2026\/09\/september-3-LUXONOMY.jpeg?fit=1200%2C900&ssl=1","contentUrl":"https:\/\/i0.wp.com\/luxonomy.net\/wp-content\/uploads\/2026\/09\/september-3-LUXONOMY.jpeg?fit=1200%2C900&ssl=1","width":1200,"height":900},{"@type":"BreadcrumbList","@id":"https:\/\/luxonomy.net\/es\/el-lujo-abre-una-nueva-etapa-las-noticias-del-3-de-septiembre-que-anticipan-como-sera-el-mercado-premium-de-2027\/#breadcrumb","itemListElement":[{"@type":"ListItem","position":1,"name":"Portada","item":"https:\/\/luxonomy.net\/es\/"},{"@type":"ListItem","position":2,"name":"El lujo abre una nueva etapa: las noticias del 3 de septiembre que anticipan c\u00f3mo ser\u00e1 el mercado premium de 2027"}]},{"@type":"WebSite","@id":"https:\/\/luxonomy.net\/es\/#website","url":"https:\/\/luxonomy.net\/es\/","name":"LUXONOMY","description":"The Economy of Fashion &amp; Luxury","publisher":{"@id":"https:\/\/luxonomy.net\/es\/#organization"},"potentialAction":[{"@type":"SearchAction","target":{"@type":"EntryPoint","urlTemplate":"https:\/\/luxonomy.net\/es\/?s={search_term_string}"},"query-input":{"@type":"PropertyValueSpecification","valueRequired":true,"valueName":"search_term_string"}}],"inLanguage":"es"},{"@type":"Organization","@id":"https:\/\/luxonomy.net\/es\/#organization","name":"LUXONOMY","url":"https:\/\/luxonomy.net\/es\/","logo":{"@type":"ImageObject","inLanguage":"es","@id":"https:\/\/luxonomy.net\/es\/#\/schema\/logo\/image\/","url":"https:\/\/i2.wp.com\/luxonomy.net\/wp-content\/uploads\/2021\/09\/MOCKUP-TODOS-LUXONOMY.jpg?fit=1000%2C515&ssl=1","contentUrl":"https:\/\/i2.wp.com\/luxonomy.net\/wp-content\/uploads\/2021\/09\/MOCKUP-TODOS-LUXONOMY.jpg?fit=1000%2C515&ssl=1","width":1000,"height":515,"caption":"LUXONOMY"},"image":{"@id":"https:\/\/luxonomy.net\/es\/#\/schema\/logo\/image\/"},"sameAs":["https:\/\/www.facebook.com\/luxonomy","https:\/\/www.instagram.com\/luxonomy\/","https:\/\/www.linkedin.com\/company\/luxonomy\/"]},{"@type":"Person","@id":"https:\/\/luxonomy.net\/es\/#\/schema\/person\/1a813e5ec518f582af236d6344aa6c01","name":"Kristi Ellis","image":{"@type":"ImageObject","inLanguage":"es","@id":"https:\/\/luxonomy.net\/wp-content\/litespeed\/avatar\/ae0c58256b980352bba3c97a8f9abe32.jpg?ver=1787975034","url":"https:\/\/luxonomy.net\/wp-content\/litespeed\/avatar\/ae0c58256b980352bba3c97a8f9abe32.jpg?ver=1787975034","contentUrl":"https:\/\/luxonomy.net\/wp-content\/litespeed\/avatar\/ae0c58256b980352bba3c97a8f9abe32.jpg?ver=1787975034","caption":"Kristi Ellis"},"url":"https:\/\/luxonomy.net\/es\/author\/kristi-ellis\/"}]}},"jetpack_publicize_connections":[],"jetpack_shortlink":"https:\/\/wp.me\/paPhBa-iDD","jetpack_sharing_enabled":true,"jetpack_featured_media_url":"https:\/\/i0.wp.com\/luxonomy.net\/wp-content\/uploads\/2026\/09\/september-3-LUXONOMY.jpeg?fit=1200%2C900&ssl=1","_links":{"self":[{"href":"https:\/\/luxonomy.net\/es\/wp-json\/wp\/v2\/posts\/71649","targetHints":{"allow":["GET"]}}],"collection":[{"href":"https:\/\/luxonomy.net\/es\/wp-json\/wp\/v2\/posts"}],"about":[{"href":"https:\/\/luxonomy.net\/es\/wp-json\/wp\/v2\/types\/post"}],"author":[{"embeddable":true,"href":"https:\/\/luxonomy.net\/es\/wp-json\/wp\/v2\/users\/11"}],"replies":[{"embeddable":true,"href":"https:\/\/luxonomy.net\/es\/wp-json\/wp\/v2\/comments?post=71649"}],"version-history":[{"count":2,"href":"https:\/\/luxonomy.net\/es\/wp-json\/wp\/v2\/posts\/71649\/revisions"}],"predecessor-version":[{"id":71652,"href":"https:\/\/luxonomy.net\/es\/wp-json\/wp\/v2\/posts\/71649\/revisions\/71652"}],"wp:featuredmedia":[{"embeddable":true,"href":"https:\/\/luxonomy.net\/es\/wp-json\/wp\/v2\/media\/71653"}],"wp:attachment":[{"href":"https:\/\/luxonomy.net\/es\/wp-json\/wp\/v2\/media?parent=71649"}],"wp:term":[{"taxonomy":"category","embeddable":true,"href":"https:\/\/luxonomy.net\/es\/wp-json\/wp\/v2\/categories?post=71649"},{"taxonomy":"post_tag","embeddable":true,"href":"https:\/\/luxonomy.net\/es\/wp-json\/wp\/v2\/tags?post=71649"},{"taxonomy":"thb-sponsors","embeddable":true,"href":"https:\/\/luxonomy.net\/es\/wp-json\/wp\/v2\/thb-sponsors?post=71649"}],"curies":[{"name":"wp","href":"https:\/\/api.w.org\/{rel}","templated":true}]}}