{"id":71552,"date":"2026-09-01T12:22:08","date_gmt":"2026-09-01T10:22:08","guid":{"rendered":"https:\/\/luxonomy.net\/?p=71552"},"modified":"2026-09-01T12:22:11","modified_gmt":"2026-09-01T10:22:11","slug":"ginebra-se-prepara-para-cinco-dias-de-lanzamientos-geneva-watch-days-2026-convierte-la-ciudad-en-capital-mundial-de-la-relojeria","status":"publish","type":"post","link":"https:\/\/luxonomy.net\/es\/ginebra-se-prepara-para-cinco-dias-de-lanzamientos-geneva-watch-days-2026-convierte-la-ciudad-en-capital-mundial-de-la-relojeria\/","title":{"rendered":"Ginebra se prepara para cinco d\u00edas de lanzamientos: Geneva Watch Days 2026 convierte la ciudad en capital mundial de la relojer\u00eda"},"content":{"rendered":"\n<p class=\"wp-block-paragraph\">Ginebra vuelve a colocarse en el centro de la industria relojera internacional. Desde ma\u00f1ana, 2 de septiembre, y hasta el d\u00eda 6, Geneva Watch Days 2026 transformar\u00e1 durante cinco jornadas diferentes puntos de la ciudad en una gran plataforma descentralizada de presentaciones, reuniones comerciales, encuentros con coleccionistas y lanzamientos de producto. Lo que naci\u00f3 en 2020, en plena disrupci\u00f3n del calendario internacional de ferias y con menos de veinte marcas participantes, llega a su s\u00e9ptima edici\u00f3n convertido en uno de los encuentros m\u00e1s influyentes de la relojer\u00eda contempor\u00e1nea, con alrededor de 70 maisons y fabricantes presentes. Su evoluci\u00f3n resulta especialmente reveladora porque demuestra que el sector ha encontrado espacio para un modelo diferente al de los grandes salones tradicionales: m\u00e1s flexible, distribuido por la ciudad y basado en un contacto mucho m\u00e1s directo entre CEOs, maestros relojeros, distribuidores, prensa especializada y clientes.<\/p>\n\n\n\n<p class=\"wp-block-paragraph\">Las cifras ayudan a entender la dimensi\u00f3n alcanzada. La edici\u00f3n de 2025 reuni\u00f3 a 66 marcas, aproximadamente 14.000 visitantes y cerca de 1.900 profesionales, retailers, coleccionistas y representantes de medios de comunicaci\u00f3n. Geneva Watch Days ha dejado, por tanto, de ser una iniciativa alternativa surgida en circunstancias excepcionales para convertirse en una segunda gran ventana internacional de la industria relojera suiza, situada estrat\u00e9gicamente unos meses despu\u00e9s de Watches and Wonders. La diferencia est\u00e1 precisamente en su arquitectura. No existe un gigantesco recinto ferial donde todas las compa\u00f1\u00edas compitan por construir el stand m\u00e1s espectacular; las marcas reciben a sus invitados en hoteles, boutiques, showrooms y diferentes localizaciones de Ginebra mientras la Rotonde du Mont-Blanc, junto al lago, funciona como uno de los centros neur\u00e1lgicos del encuentro. El Main Pavilion concentra conversaciones y actividades vinculadas a la industria y el espacio Blue Box permite descubrir una selecci\u00f3n transversal de piezas procedentes de diferentes fabricantes.<\/p>\n\n\n\n<p class=\"wp-block-paragraph\">Entre las compa\u00f1\u00edas presentes este a\u00f1o se encuentran algunos de los nombres que impulsaron originalmente el evento, como Breitling, Bulgari, De Bethune, Girard-Perregaux y MB&amp;F, junto a firmas como Zenith, Greubel Forsey, Laurent Ferrier, Ming y una amplia representaci\u00f3n de relojeros independientes. Precisamente ah\u00ed reside una de las caracter\u00edsticas m\u00e1s interesantes de Geneva Watch Days. Mientras los grandes grupos contin\u00faan desempe\u00f1ando un papel fundamental en el mercado global, el evento ha desarrollado una capacidad extraordinaria para dar visibilidad a fabricantes independientes, peque\u00f1as maisons de alt\u00edsima relojer\u00eda y proyectos que dif\u00edcilmente podr\u00edan asumir la escala econ\u00f3mica y log\u00edstica de los grandes salones internacionales. Esta convivencia convierte Ginebra durante cinco d\u00edas en una especie de laboratorio de hacia d\u00f3nde puede dirigirse la pr\u00f3xima generaci\u00f3n de la relojer\u00eda de lujo.<\/p><div id=\"luxon-807308183\" class=\"luxon-3er-parrafo luxon-entity-placement\" style=\"margin-top: 20px;margin-bottom: 20px;margin-left: auto;margin-right: auto;text-align: center;\"><a href=\"https:\/\/luxonomy.university\/course\/master-turismo-de-lujo\" target=\"_blank\" aria-label=\"master-turismo-lujo-2026-2027\"><img loading=\"lazy\" decoding=\"async\" src=\"https:\/\/i0.wp.com\/luxonomy.net\/wp-content\/uploads\/2020\/07\/master-turismo-lujo-2026-2027.jpg?fit=1672%2C941&#038;ssl=1\" alt=\"\"  srcset=\"https:\/\/i0.wp.com\/luxonomy.net\/wp-content\/uploads\/2020\/07\/master-turismo-lujo-2026-2027.jpg?w=1672&ssl=1 1672w, https:\/\/i0.wp.com\/luxonomy.net\/wp-content\/uploads\/2020\/07\/master-turismo-lujo-2026-2027.jpg?resize=300%2C169&ssl=1 300w, https:\/\/i0.wp.com\/luxonomy.net\/wp-content\/uploads\/2020\/07\/master-turismo-lujo-2026-2027.jpg?resize=1024%2C576&ssl=1 1024w, https:\/\/i0.wp.com\/luxonomy.net\/wp-content\/uploads\/2020\/07\/master-turismo-lujo-2026-2027.jpg?resize=768%2C432&ssl=1 768w, https:\/\/i0.wp.com\/luxonomy.net\/wp-content\/uploads\/2020\/07\/master-turismo-lujo-2026-2027.jpg?resize=1536%2C864&ssl=1 1536w, https:\/\/i0.wp.com\/luxonomy.net\/wp-content\/uploads\/2020\/07\/master-turismo-lujo-2026-2027.jpg?resize=370%2C208&ssl=1 370w, https:\/\/i0.wp.com\/luxonomy.net\/wp-content\/uploads\/2020\/07\/master-turismo-lujo-2026-2027.jpg?resize=800%2C450&ssl=1 800w, https:\/\/i0.wp.com\/luxonomy.net\/wp-content\/uploads\/2020\/07\/master-turismo-lujo-2026-2027.jpg?resize=20%2C11&ssl=1 20w, https:\/\/i0.wp.com\/luxonomy.net\/wp-content\/uploads\/2020\/07\/master-turismo-lujo-2026-2027.jpg?resize=740%2C416&ssl=1 740w, https:\/\/i0.wp.com\/luxonomy.net\/wp-content\/uploads\/2020\/07\/master-turismo-lujo-2026-2027.jpg?resize=1600%2C900&ssl=1 1600w, https:\/\/i0.wp.com\/luxonomy.net\/wp-content\/uploads\/2020\/07\/master-turismo-lujo-2026-2027.jpg?resize=1200%2C675&ssl=1 1200w, https:\/\/i0.wp.com\/luxonomy.net\/wp-content\/uploads\/2020\/07\/master-turismo-lujo-2026-2027.jpg?resize=85%2C48&ssl=1 85w\" sizes=\"(max-width: 1170px) 100vw, 1170px\" class=\"no-lazyload\" width=\"1672\" height=\"941\"   \/><\/a><\/div>\n\n\n\n<p class=\"wp-block-paragraph\">Y habr\u00e1 producto. Speake Marin aprovechar\u00e1 la cita para mostrar su Ripples Skeleton, un reloj deportivo integrado ultrafino equipado con calibre de microrrotor desarrollado internamente. Tutima Glash\u00fctte llegar\u00e1 con nuevas versiones de su colecci\u00f3n Patria realizadas en oro rosa de 18 quilates y limitadas a nueve unidades cada una, adem\u00e1s de una nueva generaci\u00f3n de sus relojes Flieger en titanio Grade 5. Frederique Constant tambi\u00e9n estar\u00e1 bajo observaci\u00f3n despu\u00e9s de haber evolucionado en 2026 su Classic Worldtimer Manufacture mediante el nuevo calibre FC-719, una reserva de marcha ampliada hasta 72 horas y una caja de 40 mil\u00edmetros. Muchas otras novedades permanecen deliberadamente bajo embargo y ser\u00e1n descubiertas conforme avance la semana, una estrategia que convierte el evento no solo en un espacio comercial, sino tambi\u00e9n en una intensa competici\u00f3n internacional por captar atenci\u00f3n entre coleccionistas, prensa y retailers.<\/p>\n\n\n\n<p class=\"wp-block-paragraph\">Pero interpretar Geneva Watch Days \u00fanicamente como un calendario de nuevos relojes ser\u00eda quedarse en la superficie. La importancia de la edici\u00f3n de 2026 est\u00e1 en otra cuesti\u00f3n: <strong>el mercado de la alta relojer\u00eda est\u00e1 cambiando de estructura<\/strong>. El cliente de elevado poder adquisitivo dispone hoy de una cantidad de informaci\u00f3n extraordinariamente superior a la de hace una d\u00e9cada, tiene acceso inmediato a comunidades internacionales de coleccionistas, conoce referencias, calibres, hist\u00f3ricos de subastas y precios secundarios y puede descubrir peque\u00f1as manufacturas antes incluso de que dispongan de una red internacional de boutiques. El conocimiento se ha convertido en una forma adicional de estatus. Esto beneficia especialmente a las compa\u00f1\u00edas capaces de construir una historia t\u00e9cnica, una producci\u00f3n limitada y una relaci\u00f3n intelectual con sus clientes en lugar de depender exclusivamente del tama\u00f1o de su presupuesto publicitario.<\/p>\n\n\n\n<p class=\"wp-block-paragraph\">Ese cambio explica tambi\u00e9n el extraordinario inter\u00e9s que despierta actualmente la relojer\u00eda independiente. Durante d\u00e9cadas, uno de los principales activos competitivos de una marca era su capacidad de distribuci\u00f3n mundial. Hoy, un fabricante de escala reducida puede conseguir notoriedad global entre los coleccionistas adecuados mediante una combinaci\u00f3n de producto excepcional, escasez real, reputaci\u00f3n entre expertos y acceso directo a comunidades especializadas. Para algunos compradores, descubrir una manufactura antes que el resto del mercado tiene incluso mayor valor social que adquirir una referencia ampliamente reconocible. La rareza est\u00e1 evolucionando: ya no consiste \u00fanicamente en cu\u00e1nto cuesta un objeto, sino en cu\u00e1ntas personas conocen su existencia, cu\u00e1ntas pueden comprarlo y cu\u00e1ntas comprenden realmente qu\u00e9 est\u00e1n comprando.<\/p>\n\n\n\n<p class=\"wp-block-paragraph\">Geneva Watch Days encaja perfectamente en esa transformaci\u00f3n porque reduce la distancia entre quienes fabrican los relojes y quienes los compran. Frente a la estructura extremadamente institucional de determinados eventos tradicionales, su formato favorece conversaciones m\u00e1s peque\u00f1as, presentaciones privadas y relaciones personales. Es una l\u00f3gica extraordinariamente compatible con el lujo contempor\u00e1neo: cuando el producto alcanza determinados niveles de precio y sofisticaci\u00f3n, la experiencia de acceso comienza a formar parte del propio producto. Conocer al fundador, hablar con el relojero responsable del movimiento, descubrir una pieza antes de su presentaci\u00f3n p\u00fablica o poder comprender personalmente el proceso de fabricaci\u00f3n puede generar tanta memoria emocional como la adquisici\u00f3n.<\/p><div id=\"luxon-2541510678\" class=\"luxon-7-parrafo luxon-entity-placement\" style=\"margin-top: 20px;margin-bottom: 20px;margin-left: auto;margin-right: auto;text-align: center;\"><a href=\"https:\/\/theintelligence.institute\/course\/inteligencia-artificial-para-directivos\" target=\"_blank\" aria-label=\"CSIAD_empresas_THEI_horizontal_4x3_v5\"><img loading=\"lazy\" decoding=\"async\" src=\"https:\/\/i0.wp.com\/luxonomy.net\/wp-content\/uploads\/2025\/08\/CSIAD_empresas_THEI_horizontal_4x3_v5.png?fit=2000%2C1500&#038;ssl=1\" alt=\"\"  srcset=\"https:\/\/i0.wp.com\/luxonomy.net\/wp-content\/uploads\/2025\/08\/CSIAD_empresas_THEI_horizontal_4x3_v5.png?w=2000&ssl=1 2000w, https:\/\/i0.wp.com\/luxonomy.net\/wp-content\/uploads\/2025\/08\/CSIAD_empresas_THEI_horizontal_4x3_v5.png?resize=300%2C225&ssl=1 300w, https:\/\/i0.wp.com\/luxonomy.net\/wp-content\/uploads\/2025\/08\/CSIAD_empresas_THEI_horizontal_4x3_v5.png?resize=1024%2C768&ssl=1 1024w, https:\/\/i0.wp.com\/luxonomy.net\/wp-content\/uploads\/2025\/08\/CSIAD_empresas_THEI_horizontal_4x3_v5.png?resize=768%2C576&ssl=1 768w, https:\/\/i0.wp.com\/luxonomy.net\/wp-content\/uploads\/2025\/08\/CSIAD_empresas_THEI_horizontal_4x3_v5.png?resize=1536%2C1152&ssl=1 1536w, https:\/\/i0.wp.com\/luxonomy.net\/wp-content\/uploads\/2025\/08\/CSIAD_empresas_THEI_horizontal_4x3_v5.png?resize=370%2C278&ssl=1 370w, https:\/\/i0.wp.com\/luxonomy.net\/wp-content\/uploads\/2025\/08\/CSIAD_empresas_THEI_horizontal_4x3_v5.png?resize=800%2C600&ssl=1 800w, https:\/\/i0.wp.com\/luxonomy.net\/wp-content\/uploads\/2025\/08\/CSIAD_empresas_THEI_horizontal_4x3_v5.png?resize=20%2C15&ssl=1 20w, https:\/\/i0.wp.com\/luxonomy.net\/wp-content\/uploads\/2025\/08\/CSIAD_empresas_THEI_horizontal_4x3_v5.png?resize=740%2C555&ssl=1 740w, https:\/\/i0.wp.com\/luxonomy.net\/wp-content\/uploads\/2025\/08\/CSIAD_empresas_THEI_horizontal_4x3_v5.png?resize=1600%2C1200&ssl=1 1600w, https:\/\/i0.wp.com\/luxonomy.net\/wp-content\/uploads\/2025\/08\/CSIAD_empresas_THEI_horizontal_4x3_v5.png?resize=1200%2C900&ssl=1 1200w, https:\/\/i0.wp.com\/luxonomy.net\/wp-content\/uploads\/2025\/08\/CSIAD_empresas_THEI_horizontal_4x3_v5.png?resize=64%2C48&ssl=1 64w\" sizes=\"(max-width: 1170px) 100vw, 1170px\" class=\"no-lazyload\" width=\"2000\" height=\"1500\"   \/><\/a><\/div>\n\n\n\n<p class=\"wp-block-paragraph\">Tambi\u00e9n existe una lectura empresarial. Para los retailers internacionales, Geneva Watch Days se produce en un momento especialmente \u00fatil del calendario. Septiembre permite evaluar novedades, comportamiento del consumidor, demanda prevista y tendencias antes del \u00faltimo trimestre del a\u00f1o, una etapa cr\u00edtica para las ventas de lujo. Para las marcas, supone comprobar el grado de aceptaci\u00f3n de nuevas referencias entre distribuidores, periodistas y coleccionistas y ajustar parte de su narrativa comercial antes de afrontar el periodo navide\u00f1o. El evento funciona, por ello, como observatorio adelantado de algunas de las fuerzas que determinar\u00e1n el mercado relojero de 2027.<\/p>\n\n\n\n<p class=\"wp-block-paragraph\">La dimensi\u00f3n cultural tambi\u00e9n est\u00e1 presente. El jueves est\u00e1 prevista una subasta ben\u00e9fica organizada por Phillips en asociaci\u00f3n con Bacs &amp; Russo cuyos beneficios contribuir\u00e1n a financiar becas para alumnos de la \u00c9cole d&#8217;Horlogerie de Gen\u00e8ve, considerada la escuela relojera m\u00e1s antigua de Suiza. La iniciativa conecta uno de los grandes desaf\u00edos del sector con su futuro: preservar las capacidades artesanales y formar una nueva generaci\u00f3n de profesionales capaces de mantener competencias extremadamente especializadas mientras las tecnolog\u00edas digitales, la automatizaci\u00f3n y la inteligencia artificial penetran progresivamente en otras partes de la cadena de valor.<\/p>\n\n\n\n<p class=\"wp-block-paragraph\">La gran conclusi\u00f3n que deja Geneva Watch Days 2026 incluso antes de abrir sus puertas es que el reloj mec\u00e1nico contin\u00faa reforz\u00e1ndose precisamente porque ya no necesita justificar su existencia por su utilidad. En un mundo donde cualquier dispositivo conectado puede ofrecer una medici\u00f3n del tiempo infinitamente m\u00e1s precisa y a\u00f1adir decenas de funciones adicionales, la alta relojer\u00eda compite en otro territorio: cultura, ingenier\u00eda, artesan\u00eda, dise\u00f1o, patrimonio, identidad, coleccionismo y escasez. Parad\u00f3jicamente, cuanto m\u00e1s digital se vuelve nuestra relaci\u00f3n con el tiempo, mayor puede ser el atractivo de poseer un objeto mec\u00e1nico construido para medirlo.<\/p>\n\n\n\n<p class=\"wp-block-paragraph\">Durante cinco d\u00edas Ginebra ser\u00e1, por tanto, mucho m\u00e1s que el escenario de nuevos lanzamientos. Ser\u00e1 una fotograf\u00eda avanzada de c\u00f3mo est\u00e1 evolucionando el consumidor de lujo y de c\u00f3mo una industria con siglos de historia est\u00e1 aprendiendo a relacionarse con una generaci\u00f3n de compradores que quiere conocer qui\u00e9n ha creado el producto, c\u00f3mo est\u00e1 construido, cu\u00e1ntos existen y por qu\u00e9 merece formar parte de una colecci\u00f3n. <strong>El verdadero lujo relojero est\u00e1 desplaz\u00e1ndose progresivamente desde el reconocimiento hacia el conocimiento. Y Geneva Watch Days es uno de los lugares donde mejor puede observarse esa transformaci\u00f3n.<\/strong><\/p>\n\n\n\n<p class=\"wp-block-paragraph\"><strong>MBA in Luxury Management<\/strong><\/p>\n\n\n\n<p class=\"wp-block-paragraph\">Comprender hacia d\u00f3nde se dirige el lujo exige mucho m\u00e1s que conocer sus marcas. Requiere dominar estrategia, comportamiento del consumidor, innovaci\u00f3n, retail, tecnolog\u00eda, hospitality y los nuevos modelos que est\u00e1n transformando una industria global.<\/p>\n\n\n<a href=\"https:\/\/luxonomy.university\/course\/mba-in-luxury-management\" target=\"_blank\">Conoce el MBA in Luxury Management de LUXONOMY University<\/a>","protected":false},"excerpt":{"rendered":"<p>Ginebra vuelve a colocarse en el centro de la industria relojera internacional. Desde ma\u00f1ana, 2 de septiembre, y hasta el d\u00eda 6, Geneva Watch Days 2026 transformar\u00e1 durante cinco jornadas diferentes puntos de la ciudad en una gran plataforma descentralizada de presentaciones, reuniones comerciales, encuentros con coleccionistas y lanzamientos de producto. Lo que naci\u00f3 en&hellip;<\/p>\n","protected":false},"author":10,"featured_media":71554,"comment_status":"closed","ping_status":"closed","sticky":false,"template":"","format":"standard","meta":{"_jetpack_newsletter_access":"","_jetpack_dont_email_post_to_subs":false,"_jetpack_newsletter_tier_id":0,"_jetpack_memberships_contains_paywalled_content":false,"_jetpack_feature_clip_id":0,"_jetpack_memberships_contains_paid_content":false,"footnotes":"","jetpack_publicize_message":"","jetpack_publicize_feature_enabled":true,"jetpack_social_post_already_shared":true,"jetpack_social_options":{"image_generator_settings":{"template":"edge","default_image_id":0,"font":"","enabled":false},"version":2},"jetpack_post_was_ever_published":false},"categories":[612],"tags":[668,896,810,6865,10806,10808,6888,10807,10701,10805,10700,7819,3930,10704,10804,1432],"thb-sponsors":[],"class_list":["post-71552","post","type-post","status-publish","format-standard","has-post-thumbnail","hentry","category-joyeria-y-relojeria","tag-alta-relojeria","tag-breitling","tag-bulgari","tag-coleccionismo","tag-de-bethune","tag-geneva-watch-days-2026","tag-ginebra","tag-girard-perregaux","tag-greubel-forsey","tag-laurent-ferrier","tag-mbf","tag-mercado-del-lujo","tag-relojeria-de-lujo","tag-relojeria-independiente","tag-relojes-suizos","tag-zenith"],"yoast_head":"<!-- This site is optimized with the Yoast SEO plugin v28.3 - https:\/\/yoast.com\/product\/yoast-seo-wordpress\/ -->\n<title>Ginebra se prepara para cinco d\u00edas de lanzamientos: Geneva Watch Days 2026 convierte la ciudad en capital mundial de la relojer\u00eda | LUXONOMY<\/title>\n<meta name=\"robots\" content=\"index, follow, max-snippet:-1, max-image-preview:large, max-video-preview:-1\" \/>\n<link rel=\"canonical\" href=\"https:\/\/luxonomy.net\/es\/ginebra-se-prepara-para-cinco-dias-de-lanzamientos-geneva-watch-days-2026-convierte-la-ciudad-en-capital-mundial-de-la-relojeria\/\" \/>\n<meta property=\"og:locale\" content=\"es_ES\" \/>\n<meta property=\"og:type\" content=\"article\" \/>\n<meta property=\"og:title\" content=\"Ginebra se prepara para cinco d\u00edas de lanzamientos: Geneva Watch Days 2026 convierte la ciudad en capital mundial de la relojer\u00eda | LUXONOMY\" \/>\n<meta property=\"og:description\" content=\"Ginebra vuelve a colocarse en el centro de la industria relojera internacional. Desde ma\u00f1ana, 2 de septiembre, y hasta el d\u00eda 6, Geneva Watch Days 2026 transformar\u00e1 durante cinco jornadas diferentes puntos de la ciudad en una gran plataforma descentralizada de presentaciones, reuniones comerciales, encuentros con coleccionistas y lanzamientos de producto. Lo que naci\u00f3 en&hellip;\" \/>\n<meta property=\"og:url\" content=\"https:\/\/luxonomy.net\/es\/ginebra-se-prepara-para-cinco-dias-de-lanzamientos-geneva-watch-days-2026-convierte-la-ciudad-en-capital-mundial-de-la-relojeria\/\" \/>\n<meta property=\"og:site_name\" content=\"LUXONOMY\" \/>\n<meta property=\"article:publisher\" content=\"https:\/\/www.facebook.com\/luxonomy\" \/>\n<meta property=\"article:published_time\" content=\"2026-09-01T10:22:08+00:00\" \/>\n<meta property=\"article:modified_time\" content=\"2026-09-01T10:22:11+00:00\" \/>\n<meta property=\"og:image\" content=\"https:\/\/luxonomy.net\/wp-content\/uploads\/2026\/09\/Geneva-Watch-Days-2026.jpg\" \/>\n\t<meta property=\"og:image:width\" content=\"1200\" \/>\n\t<meta property=\"og:image:height\" content=\"728\" \/>\n\t<meta property=\"og:image:type\" content=\"image\/jpeg\" \/>\n<meta name=\"author\" content=\"Chiara Gabardi\" \/>\n<meta name=\"twitter:card\" content=\"summary_large_image\" \/>\n<meta name=\"twitter:label1\" content=\"Escrito por\" \/>\n\t<meta name=\"twitter:data1\" content=\"Chiara Gabardi\" \/>\n\t<meta name=\"twitter:label2\" content=\"Tiempo de lectura\" \/>\n\t<meta name=\"twitter:data2\" content=\"7 minutos\" \/>\n<script type=\"application\/ld+json\" class=\"yoast-schema-graph\">{\"@context\":\"https:\\\/\\\/schema.org\",\"@graph\":[{\"@type\":\"Article\",\"@id\":\"https:\\\/\\\/luxonomy.net\\\/es\\\/ginebra-se-prepara-para-cinco-dias-de-lanzamientos-geneva-watch-days-2026-convierte-la-ciudad-en-capital-mundial-de-la-relojeria\\\/#article\",\"isPartOf\":{\"@id\":\"https:\\\/\\\/luxonomy.net\\\/es\\\/ginebra-se-prepara-para-cinco-dias-de-lanzamientos-geneva-watch-days-2026-convierte-la-ciudad-en-capital-mundial-de-la-relojeria\\\/\"},\"author\":{\"name\":\"Chiara Gabardi\",\"@id\":\"https:\\\/\\\/luxonomy.net\\\/es\\\/#\\\/schema\\\/person\\\/9d526ffe93a0cc9cecc91760f49da3ef\"},\"headline\":\"Ginebra se prepara para cinco d\u00edas de lanzamientos: Geneva Watch Days 2026 convierte la ciudad en capital mundial de la relojer\u00eda\",\"datePublished\":\"2026-09-01T10:22:08+00:00\",\"dateModified\":\"2026-09-01T10:22:11+00:00\",\"mainEntityOfPage\":{\"@id\":\"https:\\\/\\\/luxonomy.net\\\/es\\\/ginebra-se-prepara-para-cinco-dias-de-lanzamientos-geneva-watch-days-2026-convierte-la-ciudad-en-capital-mundial-de-la-relojeria\\\/\"},\"wordCount\":1486,\"publisher\":{\"@id\":\"https:\\\/\\\/luxonomy.net\\\/es\\\/#organization\"},\"image\":{\"@id\":\"https:\\\/\\\/luxonomy.net\\\/es\\\/ginebra-se-prepara-para-cinco-dias-de-lanzamientos-geneva-watch-days-2026-convierte-la-ciudad-en-capital-mundial-de-la-relojeria\\\/#primaryimage\"},\"thumbnailUrl\":\"https:\\\/\\\/i0.wp.com\\\/luxonomy.net\\\/wp-content\\\/uploads\\\/2026\\\/09\\\/Geneva-Watch-Days-2026.jpg?fit=1200%2C728&ssl=1\",\"keywords\":[\"alta relojer\u00eda\",\"Breitling\",\"Bulgari\",\"coleccionismo\",\"De Bethune\",\"Geneva Watch Days 2026\",\"ginebra\",\"Girard-Perregaux\",\"Greubel Forsey\",\"Laurent Ferrier\",\"MB&amp;F\",\"mercado del lujo\",\"Relojer\u00eda de Lujo\",\"Relojer\u00eda Independiente\",\"relojes suizos\",\"Zenith\"],\"articleSection\":[\"Joyer\u00eda y Relojer\u00eda\"],\"inLanguage\":\"es\"},{\"@type\":\"WebPage\",\"@id\":\"https:\\\/\\\/luxonomy.net\\\/es\\\/ginebra-se-prepara-para-cinco-dias-de-lanzamientos-geneva-watch-days-2026-convierte-la-ciudad-en-capital-mundial-de-la-relojeria\\\/\",\"url\":\"https:\\\/\\\/luxonomy.net\\\/es\\\/ginebra-se-prepara-para-cinco-dias-de-lanzamientos-geneva-watch-days-2026-convierte-la-ciudad-en-capital-mundial-de-la-relojeria\\\/\",\"name\":\"Ginebra se prepara para cinco d\u00edas de lanzamientos: Geneva Watch Days 2026 convierte la ciudad en capital mundial de la relojer\u00eda | LUXONOMY\",\"isPartOf\":{\"@id\":\"https:\\\/\\\/luxonomy.net\\\/es\\\/#website\"},\"primaryImageOfPage\":{\"@id\":\"https:\\\/\\\/luxonomy.net\\\/es\\\/ginebra-se-prepara-para-cinco-dias-de-lanzamientos-geneva-watch-days-2026-convierte-la-ciudad-en-capital-mundial-de-la-relojeria\\\/#primaryimage\"},\"image\":{\"@id\":\"https:\\\/\\\/luxonomy.net\\\/es\\\/ginebra-se-prepara-para-cinco-dias-de-lanzamientos-geneva-watch-days-2026-convierte-la-ciudad-en-capital-mundial-de-la-relojeria\\\/#primaryimage\"},\"thumbnailUrl\":\"https:\\\/\\\/i0.wp.com\\\/luxonomy.net\\\/wp-content\\\/uploads\\\/2026\\\/09\\\/Geneva-Watch-Days-2026.jpg?fit=1200%2C728&ssl=1\",\"datePublished\":\"2026-09-01T10:22:08+00:00\",\"dateModified\":\"2026-09-01T10:22:11+00:00\",\"breadcrumb\":{\"@id\":\"https:\\\/\\\/luxonomy.net\\\/es\\\/ginebra-se-prepara-para-cinco-dias-de-lanzamientos-geneva-watch-days-2026-convierte-la-ciudad-en-capital-mundial-de-la-relojeria\\\/#breadcrumb\"},\"inLanguage\":\"es\",\"potentialAction\":[{\"@type\":\"ReadAction\",\"target\":[\"https:\\\/\\\/luxonomy.net\\\/es\\\/ginebra-se-prepara-para-cinco-dias-de-lanzamientos-geneva-watch-days-2026-convierte-la-ciudad-en-capital-mundial-de-la-relojeria\\\/\"]}]},{\"@type\":\"ImageObject\",\"inLanguage\":\"es\",\"@id\":\"https:\\\/\\\/luxonomy.net\\\/es\\\/ginebra-se-prepara-para-cinco-dias-de-lanzamientos-geneva-watch-days-2026-convierte-la-ciudad-en-capital-mundial-de-la-relojeria\\\/#primaryimage\",\"url\":\"https:\\\/\\\/i0.wp.com\\\/luxonomy.net\\\/wp-content\\\/uploads\\\/2026\\\/09\\\/Geneva-Watch-Days-2026.jpg?fit=1200%2C728&ssl=1\",\"contentUrl\":\"https:\\\/\\\/i0.wp.com\\\/luxonomy.net\\\/wp-content\\\/uploads\\\/2026\\\/09\\\/Geneva-Watch-Days-2026.jpg?fit=1200%2C728&ssl=1\",\"width\":1200,\"height\":728,\"caption\":\"Screenshot\"},{\"@type\":\"BreadcrumbList\",\"@id\":\"https:\\\/\\\/luxonomy.net\\\/es\\\/ginebra-se-prepara-para-cinco-dias-de-lanzamientos-geneva-watch-days-2026-convierte-la-ciudad-en-capital-mundial-de-la-relojeria\\\/#breadcrumb\",\"itemListElement\":[{\"@type\":\"ListItem\",\"position\":1,\"name\":\"Portada\",\"item\":\"https:\\\/\\\/luxonomy.net\\\/es\\\/\"},{\"@type\":\"ListItem\",\"position\":2,\"name\":\"Ginebra se prepara para cinco d\u00edas de lanzamientos: Geneva Watch Days 2026 convierte la ciudad en capital mundial de la relojer\u00eda\"}]},{\"@type\":\"WebSite\",\"@id\":\"https:\\\/\\\/luxonomy.net\\\/es\\\/#website\",\"url\":\"https:\\\/\\\/luxonomy.net\\\/es\\\/\",\"name\":\"LUXONOMY\",\"description\":\"The Economy of Fashion &amp; Luxury\",\"publisher\":{\"@id\":\"https:\\\/\\\/luxonomy.net\\\/es\\\/#organization\"},\"potentialAction\":[{\"@type\":\"SearchAction\",\"target\":{\"@type\":\"EntryPoint\",\"urlTemplate\":\"https:\\\/\\\/luxonomy.net\\\/es\\\/?s={search_term_string}\"},\"query-input\":{\"@type\":\"PropertyValueSpecification\",\"valueRequired\":true,\"valueName\":\"search_term_string\"}}],\"inLanguage\":\"es\"},{\"@type\":\"Organization\",\"@id\":\"https:\\\/\\\/luxonomy.net\\\/es\\\/#organization\",\"name\":\"LUXONOMY\",\"url\":\"https:\\\/\\\/luxonomy.net\\\/es\\\/\",\"logo\":{\"@type\":\"ImageObject\",\"inLanguage\":\"es\",\"@id\":\"https:\\\/\\\/luxonomy.net\\\/es\\\/#\\\/schema\\\/logo\\\/image\\\/\",\"url\":\"https:\\\/\\\/i2.wp.com\\\/luxonomy.net\\\/wp-content\\\/uploads\\\/2021\\\/09\\\/MOCKUP-TODOS-LUXONOMY.jpg?fit=1000%2C515&ssl=1\",\"contentUrl\":\"https:\\\/\\\/i2.wp.com\\\/luxonomy.net\\\/wp-content\\\/uploads\\\/2021\\\/09\\\/MOCKUP-TODOS-LUXONOMY.jpg?fit=1000%2C515&ssl=1\",\"width\":1000,\"height\":515,\"caption\":\"LUXONOMY\"},\"image\":{\"@id\":\"https:\\\/\\\/luxonomy.net\\\/es\\\/#\\\/schema\\\/logo\\\/image\\\/\"},\"sameAs\":[\"https:\\\/\\\/www.facebook.com\\\/luxonomy\",\"https:\\\/\\\/www.instagram.com\\\/luxonomy\\\/\",\"https:\\\/\\\/www.linkedin.com\\\/company\\\/luxonomy\\\/\"]},{\"@type\":\"Person\",\"@id\":\"https:\\\/\\\/luxonomy.net\\\/es\\\/#\\\/schema\\\/person\\\/9d526ffe93a0cc9cecc91760f49da3ef\",\"name\":\"Chiara Gabardi\",\"image\":{\"@type\":\"ImageObject\",\"inLanguage\":\"es\",\"@id\":\"https:\\\/\\\/luxonomy.net\\\/wp-content\\\/litespeed\\\/avatar\\\/548640c4e2c34544e66c65ab1641a5d7.jpg?ver=1787976300\",\"url\":\"https:\\\/\\\/luxonomy.net\\\/wp-content\\\/litespeed\\\/avatar\\\/548640c4e2c34544e66c65ab1641a5d7.jpg?ver=1787976300\",\"contentUrl\":\"https:\\\/\\\/luxonomy.net\\\/wp-content\\\/litespeed\\\/avatar\\\/548640c4e2c34544e66c65ab1641a5d7.jpg?ver=1787976300\",\"caption\":\"Chiara Gabardi\"},\"description\":\"Editor at LUXONOMY\u2122 Group\",\"url\":\"https:\\\/\\\/luxonomy.net\\\/es\\\/author\\\/chiara-gabardi\\\/\"}]}<\/script>\n<!-- \/ Yoast SEO plugin. -->","yoast_head_json":{"title":"Ginebra se prepara para cinco d\u00edas de lanzamientos: Geneva Watch Days 2026 convierte la ciudad en capital mundial de la relojer\u00eda | LUXONOMY","robots":{"index":"index","follow":"follow","max-snippet":"max-snippet:-1","max-image-preview":"max-image-preview:large","max-video-preview":"max-video-preview:-1"},"canonical":"https:\/\/luxonomy.net\/es\/ginebra-se-prepara-para-cinco-dias-de-lanzamientos-geneva-watch-days-2026-convierte-la-ciudad-en-capital-mundial-de-la-relojeria\/","og_locale":"es_ES","og_type":"article","og_title":"Ginebra se prepara para cinco d\u00edas de lanzamientos: Geneva Watch Days 2026 convierte la ciudad en capital mundial de la relojer\u00eda | LUXONOMY","og_description":"Ginebra vuelve a colocarse en el centro de la industria relojera internacional. Desde ma\u00f1ana, 2 de septiembre, y hasta el d\u00eda 6, Geneva Watch Days 2026 transformar\u00e1 durante cinco jornadas diferentes puntos de la ciudad en una gran plataforma descentralizada de presentaciones, reuniones comerciales, encuentros con coleccionistas y lanzamientos de producto. Lo que naci\u00f3 en&hellip;","og_url":"https:\/\/luxonomy.net\/es\/ginebra-se-prepara-para-cinco-dias-de-lanzamientos-geneva-watch-days-2026-convierte-la-ciudad-en-capital-mundial-de-la-relojeria\/","og_site_name":"LUXONOMY","article_publisher":"https:\/\/www.facebook.com\/luxonomy","article_published_time":"2026-09-01T10:22:08+00:00","article_modified_time":"2026-09-01T10:22:11+00:00","og_image":[{"width":1200,"height":728,"url":"https:\/\/luxonomy.net\/wp-content\/uploads\/2026\/09\/Geneva-Watch-Days-2026.jpg","type":"image\/jpeg"}],"author":"Chiara Gabardi","twitter_card":"summary_large_image","twitter_misc":{"Escrito por":"Chiara Gabardi","Tiempo de lectura":"7 minutos"},"schema":{"@context":"https:\/\/schema.org","@graph":[{"@type":"Article","@id":"https:\/\/luxonomy.net\/es\/ginebra-se-prepara-para-cinco-dias-de-lanzamientos-geneva-watch-days-2026-convierte-la-ciudad-en-capital-mundial-de-la-relojeria\/#article","isPartOf":{"@id":"https:\/\/luxonomy.net\/es\/ginebra-se-prepara-para-cinco-dias-de-lanzamientos-geneva-watch-days-2026-convierte-la-ciudad-en-capital-mundial-de-la-relojeria\/"},"author":{"name":"Chiara Gabardi","@id":"https:\/\/luxonomy.net\/es\/#\/schema\/person\/9d526ffe93a0cc9cecc91760f49da3ef"},"headline":"Ginebra se prepara para cinco d\u00edas de lanzamientos: Geneva Watch Days 2026 convierte la ciudad en capital mundial de la relojer\u00eda","datePublished":"2026-09-01T10:22:08+00:00","dateModified":"2026-09-01T10:22:11+00:00","mainEntityOfPage":{"@id":"https:\/\/luxonomy.net\/es\/ginebra-se-prepara-para-cinco-dias-de-lanzamientos-geneva-watch-days-2026-convierte-la-ciudad-en-capital-mundial-de-la-relojeria\/"},"wordCount":1486,"publisher":{"@id":"https:\/\/luxonomy.net\/es\/#organization"},"image":{"@id":"https:\/\/luxonomy.net\/es\/ginebra-se-prepara-para-cinco-dias-de-lanzamientos-geneva-watch-days-2026-convierte-la-ciudad-en-capital-mundial-de-la-relojeria\/#primaryimage"},"thumbnailUrl":"https:\/\/i0.wp.com\/luxonomy.net\/wp-content\/uploads\/2026\/09\/Geneva-Watch-Days-2026.jpg?fit=1200%2C728&ssl=1","keywords":["alta relojer\u00eda","Breitling","Bulgari","coleccionismo","De Bethune","Geneva Watch Days 2026","ginebra","Girard-Perregaux","Greubel Forsey","Laurent Ferrier","MB&amp;F","mercado del lujo","Relojer\u00eda de Lujo","Relojer\u00eda Independiente","relojes suizos","Zenith"],"articleSection":["Joyer\u00eda y Relojer\u00eda"],"inLanguage":"es"},{"@type":"WebPage","@id":"https:\/\/luxonomy.net\/es\/ginebra-se-prepara-para-cinco-dias-de-lanzamientos-geneva-watch-days-2026-convierte-la-ciudad-en-capital-mundial-de-la-relojeria\/","url":"https:\/\/luxonomy.net\/es\/ginebra-se-prepara-para-cinco-dias-de-lanzamientos-geneva-watch-days-2026-convierte-la-ciudad-en-capital-mundial-de-la-relojeria\/","name":"Ginebra se prepara para cinco d\u00edas de lanzamientos: Geneva Watch Days 2026 convierte la ciudad en capital mundial de la relojer\u00eda | LUXONOMY","isPartOf":{"@id":"https:\/\/luxonomy.net\/es\/#website"},"primaryImageOfPage":{"@id":"https:\/\/luxonomy.net\/es\/ginebra-se-prepara-para-cinco-dias-de-lanzamientos-geneva-watch-days-2026-convierte-la-ciudad-en-capital-mundial-de-la-relojeria\/#primaryimage"},"image":{"@id":"https:\/\/luxonomy.net\/es\/ginebra-se-prepara-para-cinco-dias-de-lanzamientos-geneva-watch-days-2026-convierte-la-ciudad-en-capital-mundial-de-la-relojeria\/#primaryimage"},"thumbnailUrl":"https:\/\/i0.wp.com\/luxonomy.net\/wp-content\/uploads\/2026\/09\/Geneva-Watch-Days-2026.jpg?fit=1200%2C728&ssl=1","datePublished":"2026-09-01T10:22:08+00:00","dateModified":"2026-09-01T10:22:11+00:00","breadcrumb":{"@id":"https:\/\/luxonomy.net\/es\/ginebra-se-prepara-para-cinco-dias-de-lanzamientos-geneva-watch-days-2026-convierte-la-ciudad-en-capital-mundial-de-la-relojeria\/#breadcrumb"},"inLanguage":"es","potentialAction":[{"@type":"ReadAction","target":["https:\/\/luxonomy.net\/es\/ginebra-se-prepara-para-cinco-dias-de-lanzamientos-geneva-watch-days-2026-convierte-la-ciudad-en-capital-mundial-de-la-relojeria\/"]}]},{"@type":"ImageObject","inLanguage":"es","@id":"https:\/\/luxonomy.net\/es\/ginebra-se-prepara-para-cinco-dias-de-lanzamientos-geneva-watch-days-2026-convierte-la-ciudad-en-capital-mundial-de-la-relojeria\/#primaryimage","url":"https:\/\/i0.wp.com\/luxonomy.net\/wp-content\/uploads\/2026\/09\/Geneva-Watch-Days-2026.jpg?fit=1200%2C728&ssl=1","contentUrl":"https:\/\/i0.wp.com\/luxonomy.net\/wp-content\/uploads\/2026\/09\/Geneva-Watch-Days-2026.jpg?fit=1200%2C728&ssl=1","width":1200,"height":728,"caption":"Screenshot"},{"@type":"BreadcrumbList","@id":"https:\/\/luxonomy.net\/es\/ginebra-se-prepara-para-cinco-dias-de-lanzamientos-geneva-watch-days-2026-convierte-la-ciudad-en-capital-mundial-de-la-relojeria\/#breadcrumb","itemListElement":[{"@type":"ListItem","position":1,"name":"Portada","item":"https:\/\/luxonomy.net\/es\/"},{"@type":"ListItem","position":2,"name":"Ginebra se prepara para cinco d\u00edas de lanzamientos: Geneva Watch Days 2026 convierte la ciudad en capital mundial de la relojer\u00eda"}]},{"@type":"WebSite","@id":"https:\/\/luxonomy.net\/es\/#website","url":"https:\/\/luxonomy.net\/es\/","name":"LUXONOMY","description":"The Economy of Fashion &amp; Luxury","publisher":{"@id":"https:\/\/luxonomy.net\/es\/#organization"},"potentialAction":[{"@type":"SearchAction","target":{"@type":"EntryPoint","urlTemplate":"https:\/\/luxonomy.net\/es\/?s={search_term_string}"},"query-input":{"@type":"PropertyValueSpecification","valueRequired":true,"valueName":"search_term_string"}}],"inLanguage":"es"},{"@type":"Organization","@id":"https:\/\/luxonomy.net\/es\/#organization","name":"LUXONOMY","url":"https:\/\/luxonomy.net\/es\/","logo":{"@type":"ImageObject","inLanguage":"es","@id":"https:\/\/luxonomy.net\/es\/#\/schema\/logo\/image\/","url":"https:\/\/i2.wp.com\/luxonomy.net\/wp-content\/uploads\/2021\/09\/MOCKUP-TODOS-LUXONOMY.jpg?fit=1000%2C515&ssl=1","contentUrl":"https:\/\/i2.wp.com\/luxonomy.net\/wp-content\/uploads\/2021\/09\/MOCKUP-TODOS-LUXONOMY.jpg?fit=1000%2C515&ssl=1","width":1000,"height":515,"caption":"LUXONOMY"},"image":{"@id":"https:\/\/luxonomy.net\/es\/#\/schema\/logo\/image\/"},"sameAs":["https:\/\/www.facebook.com\/luxonomy","https:\/\/www.instagram.com\/luxonomy\/","https:\/\/www.linkedin.com\/company\/luxonomy\/"]},{"@type":"Person","@id":"https:\/\/luxonomy.net\/es\/#\/schema\/person\/9d526ffe93a0cc9cecc91760f49da3ef","name":"Chiara Gabardi","image":{"@type":"ImageObject","inLanguage":"es","@id":"https:\/\/luxonomy.net\/wp-content\/litespeed\/avatar\/548640c4e2c34544e66c65ab1641a5d7.jpg?ver=1787976300","url":"https:\/\/luxonomy.net\/wp-content\/litespeed\/avatar\/548640c4e2c34544e66c65ab1641a5d7.jpg?ver=1787976300","contentUrl":"https:\/\/luxonomy.net\/wp-content\/litespeed\/avatar\/548640c4e2c34544e66c65ab1641a5d7.jpg?ver=1787976300","caption":"Chiara Gabardi"},"description":"Editor at LUXONOMY\u2122 Group","url":"https:\/\/luxonomy.net\/es\/author\/chiara-gabardi\/"}]}},"jetpack_publicize_connections":[],"jetpack_shortlink":"https:\/\/wp.me\/paPhBa-iC4","jetpack_sharing_enabled":true,"jetpack_featured_media_url":"https:\/\/i0.wp.com\/luxonomy.net\/wp-content\/uploads\/2026\/09\/Geneva-Watch-Days-2026.jpg?fit=1200%2C728&ssl=1","_links":{"self":[{"href":"https:\/\/luxonomy.net\/es\/wp-json\/wp\/v2\/posts\/71552","targetHints":{"allow":["GET"]}}],"collection":[{"href":"https:\/\/luxonomy.net\/es\/wp-json\/wp\/v2\/posts"}],"about":[{"href":"https:\/\/luxonomy.net\/es\/wp-json\/wp\/v2\/types\/post"}],"author":[{"embeddable":true,"href":"https:\/\/luxonomy.net\/es\/wp-json\/wp\/v2\/users\/10"}],"replies":[{"embeddable":true,"href":"https:\/\/luxonomy.net\/es\/wp-json\/wp\/v2\/comments?post=71552"}],"version-history":[{"count":1,"href":"https:\/\/luxonomy.net\/es\/wp-json\/wp\/v2\/posts\/71552\/revisions"}],"predecessor-version":[{"id":71553,"href":"https:\/\/luxonomy.net\/es\/wp-json\/wp\/v2\/posts\/71552\/revisions\/71553"}],"wp:featuredmedia":[{"embeddable":true,"href":"https:\/\/luxonomy.net\/es\/wp-json\/wp\/v2\/media\/71554"}],"wp:attachment":[{"href":"https:\/\/luxonomy.net\/es\/wp-json\/wp\/v2\/media?parent=71552"}],"wp:term":[{"taxonomy":"category","embeddable":true,"href":"https:\/\/luxonomy.net\/es\/wp-json\/wp\/v2\/categories?post=71552"},{"taxonomy":"post_tag","embeddable":true,"href":"https:\/\/luxonomy.net\/es\/wp-json\/wp\/v2\/tags?post=71552"},{"taxonomy":"thb-sponsors","embeddable":true,"href":"https:\/\/luxonomy.net\/es\/wp-json\/wp\/v2\/thb-sponsors?post=71552"}],"curies":[{"name":"wp","href":"https:\/\/api.w.org\/{rel}","templated":true}]}}