{"id":71499,"date":"2026-08-30T12:59:02","date_gmt":"2026-08-30T10:59:02","guid":{"rendered":"https:\/\/luxonomy.net\/?p=71499"},"modified":"2026-08-30T13:33:21","modified_gmt":"2026-08-30T11:33:21","slug":"luxonomy-confidential-quien-es-quien-en-el-lujo-en-espana-2026-las-100-personas-que-deciden-el-mercado-y-sus-perfiles-de-linkedin","status":"publish","type":"post","link":"https:\/\/luxonomy.net\/es\/luxonomy-confidential-quien-es-quien-en-el-lujo-en-espana-2026-las-100-personas-que-deciden-el-mercado-y-sus-perfiles-de-linkedin\/","title":{"rendered":"LUXONOMY CONFIDENTIAL. Qui\u00e9n es qui\u00e9n en el lujo en Espa\u00f1a 2026: las 100 personas que deciden el mercado y sus perfiles de LinkedIn"},"content":{"rendered":"\n<h3 class=\"wp-block-heading\">Las 100 personas que deciden el capital, las marcas, la distribuci\u00f3n, los destinos, la experiencia y el acceso al consumidor de alto valor<\/h3>\n\n\n\n<p class=\"wp-block-paragraph\"><strong>Fecha de cierre y verificaci\u00f3n:<\/strong> 30 de agosto de 2026<br><strong>\u00c1mbito:<\/strong> Espa\u00f1a, incluyendo responsables internacionales con autoridad directa sobre el mercado espa\u00f1ol<br><strong>Naturaleza:<\/strong> clasificaci\u00f3n editorial de inteligencia competitiva. No es un ranking de patrimonio, popularidad ni presencia medi\u00e1tica.<\/p>\n\n\n\n<h2 class=\"wp-block-heading\">\u00cdndice<\/h2>\n\n\n\n<ol class=\"wp-block-list\">\n<li>Nota de integridad y verificaci\u00f3n<\/li>\n\n\n\n<li>Resumen ejecutivo<\/li>\n\n\n\n<li>Las cifras que explican el nuevo mapa de poder<\/li>\n\n\n\n<li>Metodolog\u00eda del LUXONOMY Power Index\u2122<\/li>\n\n\n\n<li>Las 100 personas que deciden el lujo en Espa\u00f1a<\/li>\n\n\n\n<li>Qu\u00e9 revela el ranking sobre el futuro del sector<\/li>\n<\/ol>\n\n\n\n<h2 class=\"wp-block-heading\">1. Nota de integridad y verificaci\u00f3n<\/h2>\n\n\n\n<p class=\"wp-block-paragraph\">La totalidad de los nombres incluidos ha sido revisada nuevamente a fecha de cierre. Para cada persona se ha comprobado la inexistencia de noticias p\u00fablicas fiables sobre su fallecimiento y se ha buscado, adem\u00e1s, una evidencia reciente de actividad empresarial, profesional, creativa, institucional o societaria. <strong>No he encontrado constancia p\u00fablica de que ninguna de las 100 personas recogidas en el informe haya fallecido.<\/strong><\/p>\n\n\n\n<p class=\"wp-block-paragraph\">Esta comprobaci\u00f3n es documental y se apoya en fuentes corporativas, \u00f3rganos de administraci\u00f3n, nombramientos, intervenciones profesionales, instituciones y noticias recientes. No equivale, naturalmente, a una certificaci\u00f3n del Registro Civil, pero reduce el riesgo de conservar personas fallecidas, retiradas hace a\u00f1os o vinculadas a cargos obsoletos.<\/p>\n\n\n\n<p class=\"wp-block-paragraph\">Cada entrada contiene un enlace a LinkedIn. Cuando existe un perfil personal p\u00fablico que puede atribuirse inequ\u00edvocamente a la persona, se proporciona el enlace directo. Cuando la persona no mantiene un perfil personal p\u00fablico identificable \u2014algo frecuente entre propietarios familiares y figuras de alta exposici\u00f3n\u2014 se incorpora una b\u00fasqueda exacta dentro de LinkedIn. De este modo, no se enlazan perfiles falsos, cuentas de hom\u00f3nimos ni p\u00e1ginas creadas por terceros.<\/p>\n\n\n\n<h2 class=\"wp-block-heading\">2. Resumen ejecutivo<\/h2>\n\n\n\n<p class=\"wp-block-paragraph\">El poder del lujo en Espa\u00f1a ya no est\u00e1 concentrado \u00fanicamente en quien fabrica una joya, dise\u00f1a una colecci\u00f3n, dirige una casa de moda o posee una compa\u00f1\u00eda hotelera. Tambi\u00e9n pertenece a quien controla el inmueble donde se abre una boutique, la ruta a\u00e9rea que trae al comprador internacional, la plataforma que conoce sus preferencias, el destino residencial donde pasa varios meses al a\u00f1o, el restaurante que convierte una ciudad en objeto de deseo y la instituci\u00f3n que legitima culturalmente una marca.<\/p>\n\n\n\n<p class=\"wp-block-paragraph\">El mercado espa\u00f1ol de bienes personales de lujo alcanz\u00f3 aproximadamente <strong>17.000 millones de euros en 2024<\/strong>, despu\u00e9s de crecer alrededor de un 4% anual desde 2019. Espa\u00f1a representa aproximadamente el 1% del mercado mundial y el 4,5% del europeo. En una medici\u00f3n m\u00e1s amplia del ecosistema nacional de alta gama, las experiencias ya concentraban m\u00e1s de la mitad del valor, anticipando la expansi\u00f3n de la hoteler\u00eda, la gastronom\u00eda, los viajes, el bienestar, la longevidad, el residencial y el entretenimiento privado.<\/p>\n\n\n\n<p class=\"wp-block-paragraph\">El viajero internacional de lujo supera los <strong>6.000 euros de gasto medio por estancia<\/strong> y puede llegar a concentrar hasta una quinta parte del gasto realizado en categor\u00edas estrat\u00e9gicas como moda, joyer\u00eda, relojer\u00eda, marroquiner\u00eda y experiencias. En Mallorca, el segmento de alto valor representa aproximadamente el 8% de los visitantes, pero genera cerca del 25% del gasto tur\u00edstico, una relaci\u00f3n que explica por qu\u00e9 los operadores de destinos ganan peso frente a los fabricantes tradicionales.<\/p>\n\n\n\n<h2 class=\"wp-block-heading\">3. Metodolog\u00eda del LUXONOMY Power Index\u2122<\/h2>\n\n\n\n<p class=\"wp-block-paragraph\">La clasificaci\u00f3n eval\u00faa la capacidad real de cada persona para modificar la evoluci\u00f3n del lujo en Espa\u00f1a mediante seis dimensiones:<\/p>\n\n\n\n<p class=\"wp-block-paragraph\"><strong>Control de propiedad y capital, 25%.<\/strong> Participaci\u00f3n accionarial, autoridad familiar, capacidad inversora, control de activos y poder para aprobar operaciones corporativas.<\/p>\n\n\n\n<p class=\"wp-block-paragraph\"><strong>Escala operativa, 20%.<\/strong> Facturaci\u00f3n, tama\u00f1o del per\u00edmetro gestionado, n\u00famero de activos, presencia territorial, equipos, presupuesto y alcance internacional.<\/p>\n\n\n\n<p class=\"wp-block-paragraph\"><strong>Acceso y distribuci\u00f3n, 20%.<\/strong> Capacidad para proporcionar o restringir el acceso a consumidores, localizaciones, establecimientos, producto escaso, datos, rutas, destinos o espacios comerciales.<\/p>\n\n\n\n<p class=\"wp-block-paragraph\"><strong>Control de marca, producto y relato, 15%.<\/strong> Autoridad sobre posicionamiento, creatividad, surtido, arquitectura de marca, experiencia, comunicaci\u00f3n y legitimidad cultural.<\/p>\n\n\n\n<p class=\"wp-block-paragraph\"><strong>Poder institucional y relacional, 10%.<\/strong> Influencia sobre asociaciones, empresas, administraciones, redes de alto patrimonio, organismos tur\u00edsticos e instituciones culturales.<\/p>\n\n\n\n<p class=\"wp-block-paragraph\"><strong>Capacidad de crecimiento entre 2027 y 2030, 10%.<\/strong> Exposici\u00f3n a hoteler\u00eda, experiencias, residencias con marca, bienestar, longevidad, inteligencia artificial, personalizaci\u00f3n, consolidaci\u00f3n empresarial y turismo de alto valor.<\/p>\n\n\n\n<p class=\"wp-block-paragraph\">No se ha puntuado la celebridad, el n\u00famero de seguidores ni la aparici\u00f3n en prensa. Se ha medido la posibilidad de tomar decisiones que afecten al capital, al producto, a las marcas, a la distribuci\u00f3n, al cliente o a la reputaci\u00f3n del mercado espa\u00f1ol.<\/p>\n\n\n","protected":true},"excerpt":{"rendered":"<p>Las 100 personas que deciden el capital, las marcas, la distribuci\u00f3n, los destinos, la experiencia y el acceso al consumidor de alto valor Fecha de cierre y verificaci\u00f3n: 30 de agosto de 2026\u00c1mbito: Espa\u00f1a, incluyendo responsables internacionales con autoridad directa sobre el mercado espa\u00f1olNaturaleza: clasificaci\u00f3n editorial de inteligencia competitiva. No es un ranking de patrimonio,&hellip;<\/p>\n","protected":true},"author":1,"featured_media":71506,"comment_status":"open","ping_status":"open","sticky":false,"template":"","format":"standard","meta":{"_jetpack_newsletter_access":"","_jetpack_dont_email_post_to_subs":false,"_jetpack_newsletter_tier_id":0,"_jetpack_memberships_contains_paywalled_content":false,"_jetpack_feature_clip_id":0,"_jetpack_memberships_contains_paid_content":false,"footnotes":"","jetpack_publicize_message":"","jetpack_publicize_feature_enabled":true,"jetpack_social_post_already_shared":true,"jetpack_social_options":{"image_generator_settings":{"template":"edge","default_image_id":0,"font":"","enabled":false},"version":2},"jetpack_post_was_ever_published":false},"categories":[10658],"tags":[668,786,10287,8010,6065,9839,10722,598,8249,782,9589,10724,10720,2668,10721,10719,6823,10718,4940,10723],"thb-sponsors":[],"class_list":["post-71499","post","type-post","status-publish","format-standard","has-post-thumbnail","hentry","category-luxonomy-confidential","tag-alta-relojeria","tag-circulo-fortuny","tag-distribucion-de-lujo","tag-estrategia-de-marca","tag-gastronomia","tag-gestion-del-lujo","tag-hoteleria","tag-joyeria","tag-lideres-del-lujo","tag-loewe","tag-lujo-en-espana","tag-lujo-espanol","tag-marc-puig","tag-marcas-de-lujo","tag-marta-ortega","tag-poder-empresarial","tag-puig","tag-quien-es-quien-en-el-lujo","tag-turismo-de-lujo","tag-vivienda-prime"],"yoast_head":"<!-- This site is optimized with the Yoast SEO plugin v28.3 - https:\/\/yoast.com\/product\/yoast-seo-wordpress\/ -->\n<title>LUXONOMY CONFIDENTIAL. Qui\u00e9n es qui\u00e9n en el lujo en Espa\u00f1a 2026: las 100 personas que deciden el mercado y sus perfiles de LinkedIn | LUXONOMY<\/title>\n<meta name=\"robots\" content=\"index, follow, max-snippet:-1, max-image-preview:large, max-video-preview:-1\" \/>\n<link rel=\"canonical\" href=\"https:\/\/luxonomy.net\/es\/luxonomy-confidential-quien-es-quien-en-el-lujo-en-espana-2026-las-100-personas-que-deciden-el-mercado-y-sus-perfiles-de-linkedin\/\" \/>\n<meta property=\"og:locale\" content=\"es_ES\" \/>\n<meta property=\"og:type\" content=\"article\" \/>\n<meta property=\"og:title\" content=\"LUXONOMY CONFIDENTIAL. Qui\u00e9n es qui\u00e9n en el lujo en Espa\u00f1a 2026: las 100 personas que deciden el mercado y sus perfiles de LinkedIn | LUXONOMY\" \/>\n<meta property=\"og:description\" content=\"Las 100 personas que deciden el capital, las marcas, la distribuci\u00f3n, los destinos, la experiencia y el acceso al consumidor de alto valor Fecha de cierre y verificaci\u00f3n: 30 de agosto de 2026\u00c1mbito: Espa\u00f1a, incluyendo responsables internacionales con autoridad directa sobre el mercado espa\u00f1olNaturaleza: clasificaci\u00f3n editorial de inteligencia competitiva. No es un ranking de patrimonio,&hellip;\" \/>\n<meta property=\"og:url\" content=\"https:\/\/luxonomy.net\/es\/luxonomy-confidential-quien-es-quien-en-el-lujo-en-espana-2026-las-100-personas-que-deciden-el-mercado-y-sus-perfiles-de-linkedin\/\" \/>\n<meta property=\"og:site_name\" content=\"LUXONOMY\" \/>\n<meta property=\"article:publisher\" content=\"https:\/\/www.facebook.com\/luxonomy\" \/>\n<meta property=\"article:published_time\" content=\"2026-08-30T10:59:02+00:00\" \/>\n<meta property=\"article:modified_time\" content=\"2026-08-30T11:33:21+00:00\" \/>\n<meta property=\"og:image\" content=\"https:\/\/luxonomy.net\/wp-content\/uploads\/2026\/08\/ranking-100-lujo-Espana-1024x576.png\" \/>\n\t<meta property=\"og:image:width\" content=\"1024\" \/>\n\t<meta property=\"og:image:height\" content=\"576\" \/>\n\t<meta property=\"og:image:type\" content=\"image\/png\" \/>\n<meta name=\"author\" content=\"LUXONOMY\" \/>\n<meta name=\"twitter:card\" content=\"summary_large_image\" \/>\n<meta name=\"twitter:label1\" content=\"Escrito por\" \/>\n\t<meta name=\"twitter:data1\" content=\"LUXONOMY\" \/>\n\t<meta name=\"twitter:label2\" content=\"Tiempo de lectura\" \/>\n\t<meta name=\"twitter:data2\" content=\"52 minutos\" \/>\n<script type=\"application\/ld+json\" class=\"yoast-schema-graph\">{\"@context\":\"https:\\\/\\\/schema.org\",\"@graph\":[{\"@type\":\"Article\",\"@id\":\"https:\\\/\\\/luxonomy.net\\\/es\\\/luxonomy-confidential-quien-es-quien-en-el-lujo-en-espana-2026-las-100-personas-que-deciden-el-mercado-y-sus-perfiles-de-linkedin\\\/#article\",\"isPartOf\":{\"@id\":\"https:\\\/\\\/luxonomy.net\\\/es\\\/luxonomy-confidential-quien-es-quien-en-el-lujo-en-espana-2026-las-100-personas-que-deciden-el-mercado-y-sus-perfiles-de-linkedin\\\/\"},\"author\":{\"name\":\"LUXONOMY\",\"@id\":\"https:\\\/\\\/luxonomy.net\\\/es\\\/#\\\/schema\\\/person\\\/ca588d8b741a1fdd9065289c8d98ee8c\"},\"headline\":\"LUXONOMY CONFIDENTIAL. Qui\u00e9n es qui\u00e9n en el lujo en Espa\u00f1a 2026: las 100 personas que deciden el mercado y sus perfiles de LinkedIn\",\"datePublished\":\"2026-08-30T10:59:02+00:00\",\"dateModified\":\"2026-08-30T11:33:21+00:00\",\"mainEntityOfPage\":{\"@id\":\"https:\\\/\\\/luxonomy.net\\\/es\\\/luxonomy-confidential-quien-es-quien-en-el-lujo-en-espana-2026-las-100-personas-que-deciden-el-mercado-y-sus-perfiles-de-linkedin\\\/\"},\"wordCount\":12210,\"commentCount\":0,\"publisher\":{\"@id\":\"https:\\\/\\\/luxonomy.net\\\/es\\\/#organization\"},\"image\":{\"@id\":\"https:\\\/\\\/luxonomy.net\\\/es\\\/luxonomy-confidential-quien-es-quien-en-el-lujo-en-espana-2026-las-100-personas-que-deciden-el-mercado-y-sus-perfiles-de-linkedin\\\/#primaryimage\"},\"thumbnailUrl\":\"https:\\\/\\\/i0.wp.com\\\/luxonomy.net\\\/wp-content\\\/uploads\\\/2026\\\/08\\\/ranking-100-lujo-Espana.png?fit=1672%2C941&ssl=1\",\"keywords\":[\"alta relojer\u00eda\",\"C\u00edrculo Fortuny\",\"Distribuci\u00f3n de Lujo\",\"estrategia de marca\",\"gastronom\u00eda\",\"gesti\u00f3n del lujo\",\"hoteler\u00eda\",\"Joyer\u00eda\",\"l\u00edderes del lujo\",\"Loewe\",\"lujo en Espa\u00f1a\",\"lujo espa\u00f1ol\",\"Marc Puig\",\"marcas de lujo\",\"Marta Ortega\",\"poder empresarial\",\"Puig\",\"qui\u00e9n es qui\u00e9n en el lujo\",\"turismo de lujo\",\"vivienda prime\"],\"articleSection\":[\"LUXONOMY CONFIDENTIAL\"],\"inLanguage\":\"es\",\"potentialAction\":[{\"@type\":\"CommentAction\",\"name\":\"Comment\",\"target\":[\"https:\\\/\\\/luxonomy.net\\\/es\\\/luxonomy-confidential-quien-es-quien-en-el-lujo-en-espana-2026-las-100-personas-que-deciden-el-mercado-y-sus-perfiles-de-linkedin\\\/#respond\"]}]},{\"@type\":\"WebPage\",\"@id\":\"https:\\\/\\\/luxonomy.net\\\/es\\\/luxonomy-confidential-quien-es-quien-en-el-lujo-en-espana-2026-las-100-personas-que-deciden-el-mercado-y-sus-perfiles-de-linkedin\\\/\",\"url\":\"https:\\\/\\\/luxonomy.net\\\/es\\\/luxonomy-confidential-quien-es-quien-en-el-lujo-en-espana-2026-las-100-personas-que-deciden-el-mercado-y-sus-perfiles-de-linkedin\\\/\",\"name\":\"LUXONOMY CONFIDENTIAL. Qui\u00e9n es qui\u00e9n en el lujo en Espa\u00f1a 2026: las 100 personas que deciden el mercado y sus perfiles de LinkedIn | LUXONOMY\",\"isPartOf\":{\"@id\":\"https:\\\/\\\/luxonomy.net\\\/es\\\/#website\"},\"primaryImageOfPage\":{\"@id\":\"https:\\\/\\\/luxonomy.net\\\/es\\\/luxonomy-confidential-quien-es-quien-en-el-lujo-en-espana-2026-las-100-personas-que-deciden-el-mercado-y-sus-perfiles-de-linkedin\\\/#primaryimage\"},\"image\":{\"@id\":\"https:\\\/\\\/luxonomy.net\\\/es\\\/luxonomy-confidential-quien-es-quien-en-el-lujo-en-espana-2026-las-100-personas-que-deciden-el-mercado-y-sus-perfiles-de-linkedin\\\/#primaryimage\"},\"thumbnailUrl\":\"https:\\\/\\\/i0.wp.com\\\/luxonomy.net\\\/wp-content\\\/uploads\\\/2026\\\/08\\\/ranking-100-lujo-Espana.png?fit=1672%2C941&ssl=1\",\"datePublished\":\"2026-08-30T10:59:02+00:00\",\"dateModified\":\"2026-08-30T11:33:21+00:00\",\"breadcrumb\":{\"@id\":\"https:\\\/\\\/luxonomy.net\\\/es\\\/luxonomy-confidential-quien-es-quien-en-el-lujo-en-espana-2026-las-100-personas-que-deciden-el-mercado-y-sus-perfiles-de-linkedin\\\/#breadcrumb\"},\"inLanguage\":\"es\",\"potentialAction\":[{\"@type\":\"ReadAction\",\"target\":[\"https:\\\/\\\/luxonomy.net\\\/es\\\/luxonomy-confidential-quien-es-quien-en-el-lujo-en-espana-2026-las-100-personas-que-deciden-el-mercado-y-sus-perfiles-de-linkedin\\\/\"]}]},{\"@type\":\"ImageObject\",\"inLanguage\":\"es\",\"@id\":\"https:\\\/\\\/luxonomy.net\\\/es\\\/luxonomy-confidential-quien-es-quien-en-el-lujo-en-espana-2026-las-100-personas-que-deciden-el-mercado-y-sus-perfiles-de-linkedin\\\/#primaryimage\",\"url\":\"https:\\\/\\\/i0.wp.com\\\/luxonomy.net\\\/wp-content\\\/uploads\\\/2026\\\/08\\\/ranking-100-lujo-Espana.png?fit=1672%2C941&ssl=1\",\"contentUrl\":\"https:\\\/\\\/i0.wp.com\\\/luxonomy.net\\\/wp-content\\\/uploads\\\/2026\\\/08\\\/ranking-100-lujo-Espana.png?fit=1672%2C941&ssl=1\",\"width\":1672,\"height\":941},{\"@type\":\"BreadcrumbList\",\"@id\":\"https:\\\/\\\/luxonomy.net\\\/es\\\/luxonomy-confidential-quien-es-quien-en-el-lujo-en-espana-2026-las-100-personas-que-deciden-el-mercado-y-sus-perfiles-de-linkedin\\\/#breadcrumb\",\"itemListElement\":[{\"@type\":\"ListItem\",\"position\":1,\"name\":\"Portada\",\"item\":\"https:\\\/\\\/luxonomy.net\\\/es\\\/\"},{\"@type\":\"ListItem\",\"position\":2,\"name\":\"LUXONOMY CONFIDENTIAL. Qui\u00e9n es qui\u00e9n en el lujo en Espa\u00f1a 2026: las 100 personas que deciden el mercado y sus perfiles de LinkedIn\"}]},{\"@type\":\"WebSite\",\"@id\":\"https:\\\/\\\/luxonomy.net\\\/es\\\/#website\",\"url\":\"https:\\\/\\\/luxonomy.net\\\/es\\\/\",\"name\":\"LUXONOMY\",\"description\":\"The Economy of Fashion &amp; Luxury\",\"publisher\":{\"@id\":\"https:\\\/\\\/luxonomy.net\\\/es\\\/#organization\"},\"potentialAction\":[{\"@type\":\"SearchAction\",\"target\":{\"@type\":\"EntryPoint\",\"urlTemplate\":\"https:\\\/\\\/luxonomy.net\\\/es\\\/?s={search_term_string}\"},\"query-input\":{\"@type\":\"PropertyValueSpecification\",\"valueRequired\":true,\"valueName\":\"search_term_string\"}}],\"inLanguage\":\"es\"},{\"@type\":\"Organization\",\"@id\":\"https:\\\/\\\/luxonomy.net\\\/es\\\/#organization\",\"name\":\"LUXONOMY\",\"url\":\"https:\\\/\\\/luxonomy.net\\\/es\\\/\",\"logo\":{\"@type\":\"ImageObject\",\"inLanguage\":\"es\",\"@id\":\"https:\\\/\\\/luxonomy.net\\\/es\\\/#\\\/schema\\\/logo\\\/image\\\/\",\"url\":\"https:\\\/\\\/i2.wp.com\\\/luxonomy.net\\\/wp-content\\\/uploads\\\/2021\\\/09\\\/MOCKUP-TODOS-LUXONOMY.jpg?fit=1000%2C515&ssl=1\",\"contentUrl\":\"https:\\\/\\\/i2.wp.com\\\/luxonomy.net\\\/wp-content\\\/uploads\\\/2021\\\/09\\\/MOCKUP-TODOS-LUXONOMY.jpg?fit=1000%2C515&ssl=1\",\"width\":1000,\"height\":515,\"caption\":\"LUXONOMY\"},\"image\":{\"@id\":\"https:\\\/\\\/luxonomy.net\\\/es\\\/#\\\/schema\\\/logo\\\/image\\\/\"},\"sameAs\":[\"https:\\\/\\\/www.facebook.com\\\/luxonomy\",\"https:\\\/\\\/www.instagram.com\\\/luxonomy\\\/\",\"https:\\\/\\\/www.linkedin.com\\\/company\\\/luxonomy\\\/\"]},{\"@type\":\"Person\",\"@id\":\"https:\\\/\\\/luxonomy.net\\\/es\\\/#\\\/schema\\\/person\\\/ca588d8b741a1fdd9065289c8d98ee8c\",\"name\":\"LUXONOMY\",\"image\":{\"@type\":\"ImageObject\",\"inLanguage\":\"es\",\"@id\":\"https:\\\/\\\/luxonomy.net\\\/wp-content\\\/litespeed\\\/avatar\\\/a6436cdb14fdaf9c21808e63d0da2055.jpg?ver=1787761934\",\"url\":\"https:\\\/\\\/luxonomy.net\\\/wp-content\\\/litespeed\\\/avatar\\\/a6436cdb14fdaf9c21808e63d0da2055.jpg?ver=1787761934\",\"contentUrl\":\"https:\\\/\\\/luxonomy.net\\\/wp-content\\\/litespeed\\\/avatar\\\/a6436cdb14fdaf9c21808e63d0da2055.jpg?ver=1787761934\",\"caption\":\"LUXONOMY\"},\"sameAs\":[\"https:\\\/\"],\"url\":\"https:\\\/\\\/luxonomy.net\\\/es\\\/author\\\/luxonomy\\\/\"}]}<\/script>\n<!-- \/ Yoast SEO plugin. -->","yoast_head_json":{"title":"LUXONOMY CONFIDENTIAL. Qui\u00e9n es qui\u00e9n en el lujo en Espa\u00f1a 2026: las 100 personas que deciden el mercado y sus perfiles de LinkedIn | LUXONOMY","robots":{"index":"index","follow":"follow","max-snippet":"max-snippet:-1","max-image-preview":"max-image-preview:large","max-video-preview":"max-video-preview:-1"},"canonical":"https:\/\/luxonomy.net\/es\/luxonomy-confidential-quien-es-quien-en-el-lujo-en-espana-2026-las-100-personas-que-deciden-el-mercado-y-sus-perfiles-de-linkedin\/","og_locale":"es_ES","og_type":"article","og_title":"LUXONOMY CONFIDENTIAL. Qui\u00e9n es qui\u00e9n en el lujo en Espa\u00f1a 2026: las 100 personas que deciden el mercado y sus perfiles de LinkedIn | LUXONOMY","og_description":"Las 100 personas que deciden el capital, las marcas, la distribuci\u00f3n, los destinos, la experiencia y el acceso al consumidor de alto valor Fecha de cierre y verificaci\u00f3n: 30 de agosto de 2026\u00c1mbito: Espa\u00f1a, incluyendo responsables internacionales con autoridad directa sobre el mercado espa\u00f1olNaturaleza: clasificaci\u00f3n editorial de inteligencia competitiva. No es un ranking de patrimonio,&hellip;","og_url":"https:\/\/luxonomy.net\/es\/luxonomy-confidential-quien-es-quien-en-el-lujo-en-espana-2026-las-100-personas-que-deciden-el-mercado-y-sus-perfiles-de-linkedin\/","og_site_name":"LUXONOMY","article_publisher":"https:\/\/www.facebook.com\/luxonomy","article_published_time":"2026-08-30T10:59:02+00:00","article_modified_time":"2026-08-30T11:33:21+00:00","og_image":[{"width":1024,"height":576,"url":"https:\/\/luxonomy.net\/wp-content\/uploads\/2026\/08\/ranking-100-lujo-Espana-1024x576.png","type":"image\/png"}],"author":"LUXONOMY","twitter_card":"summary_large_image","twitter_misc":{"Escrito por":"LUXONOMY","Tiempo de lectura":"52 minutos"},"schema":{"@context":"https:\/\/schema.org","@graph":[{"@type":"Article","@id":"https:\/\/luxonomy.net\/es\/luxonomy-confidential-quien-es-quien-en-el-lujo-en-espana-2026-las-100-personas-que-deciden-el-mercado-y-sus-perfiles-de-linkedin\/#article","isPartOf":{"@id":"https:\/\/luxonomy.net\/es\/luxonomy-confidential-quien-es-quien-en-el-lujo-en-espana-2026-las-100-personas-que-deciden-el-mercado-y-sus-perfiles-de-linkedin\/"},"author":{"name":"LUXONOMY","@id":"https:\/\/luxonomy.net\/es\/#\/schema\/person\/ca588d8b741a1fdd9065289c8d98ee8c"},"headline":"LUXONOMY CONFIDENTIAL. Qui\u00e9n es qui\u00e9n en el lujo en Espa\u00f1a 2026: las 100 personas que deciden el mercado y sus perfiles de LinkedIn","datePublished":"2026-08-30T10:59:02+00:00","dateModified":"2026-08-30T11:33:21+00:00","mainEntityOfPage":{"@id":"https:\/\/luxonomy.net\/es\/luxonomy-confidential-quien-es-quien-en-el-lujo-en-espana-2026-las-100-personas-que-deciden-el-mercado-y-sus-perfiles-de-linkedin\/"},"wordCount":12210,"commentCount":0,"publisher":{"@id":"https:\/\/luxonomy.net\/es\/#organization"},"image":{"@id":"https:\/\/luxonomy.net\/es\/luxonomy-confidential-quien-es-quien-en-el-lujo-en-espana-2026-las-100-personas-que-deciden-el-mercado-y-sus-perfiles-de-linkedin\/#primaryimage"},"thumbnailUrl":"https:\/\/i0.wp.com\/luxonomy.net\/wp-content\/uploads\/2026\/08\/ranking-100-lujo-Espana.png?fit=1672%2C941&ssl=1","keywords":["alta relojer\u00eda","C\u00edrculo Fortuny","Distribuci\u00f3n de Lujo","estrategia de marca","gastronom\u00eda","gesti\u00f3n del lujo","hoteler\u00eda","Joyer\u00eda","l\u00edderes del lujo","Loewe","lujo en Espa\u00f1a","lujo espa\u00f1ol","Marc Puig","marcas de lujo","Marta Ortega","poder empresarial","Puig","qui\u00e9n es qui\u00e9n en el lujo","turismo de lujo","vivienda prime"],"articleSection":["LUXONOMY CONFIDENTIAL"],"inLanguage":"es","potentialAction":[{"@type":"CommentAction","name":"Comment","target":["https:\/\/luxonomy.net\/es\/luxonomy-confidential-quien-es-quien-en-el-lujo-en-espana-2026-las-100-personas-que-deciden-el-mercado-y-sus-perfiles-de-linkedin\/#respond"]}]},{"@type":"WebPage","@id":"https:\/\/luxonomy.net\/es\/luxonomy-confidential-quien-es-quien-en-el-lujo-en-espana-2026-las-100-personas-que-deciden-el-mercado-y-sus-perfiles-de-linkedin\/","url":"https:\/\/luxonomy.net\/es\/luxonomy-confidential-quien-es-quien-en-el-lujo-en-espana-2026-las-100-personas-que-deciden-el-mercado-y-sus-perfiles-de-linkedin\/","name":"LUXONOMY CONFIDENTIAL. Qui\u00e9n es qui\u00e9n en el lujo en Espa\u00f1a 2026: las 100 personas que deciden el mercado y sus perfiles de LinkedIn | LUXONOMY","isPartOf":{"@id":"https:\/\/luxonomy.net\/es\/#website"},"primaryImageOfPage":{"@id":"https:\/\/luxonomy.net\/es\/luxonomy-confidential-quien-es-quien-en-el-lujo-en-espana-2026-las-100-personas-que-deciden-el-mercado-y-sus-perfiles-de-linkedin\/#primaryimage"},"image":{"@id":"https:\/\/luxonomy.net\/es\/luxonomy-confidential-quien-es-quien-en-el-lujo-en-espana-2026-las-100-personas-que-deciden-el-mercado-y-sus-perfiles-de-linkedin\/#primaryimage"},"thumbnailUrl":"https:\/\/i0.wp.com\/luxonomy.net\/wp-content\/uploads\/2026\/08\/ranking-100-lujo-Espana.png?fit=1672%2C941&ssl=1","datePublished":"2026-08-30T10:59:02+00:00","dateModified":"2026-08-30T11:33:21+00:00","breadcrumb":{"@id":"https:\/\/luxonomy.net\/es\/luxonomy-confidential-quien-es-quien-en-el-lujo-en-espana-2026-las-100-personas-que-deciden-el-mercado-y-sus-perfiles-de-linkedin\/#breadcrumb"},"inLanguage":"es","potentialAction":[{"@type":"ReadAction","target":["https:\/\/luxonomy.net\/es\/luxonomy-confidential-quien-es-quien-en-el-lujo-en-espana-2026-las-100-personas-que-deciden-el-mercado-y-sus-perfiles-de-linkedin\/"]}]},{"@type":"ImageObject","inLanguage":"es","@id":"https:\/\/luxonomy.net\/es\/luxonomy-confidential-quien-es-quien-en-el-lujo-en-espana-2026-las-100-personas-que-deciden-el-mercado-y-sus-perfiles-de-linkedin\/#primaryimage","url":"https:\/\/i0.wp.com\/luxonomy.net\/wp-content\/uploads\/2026\/08\/ranking-100-lujo-Espana.png?fit=1672%2C941&ssl=1","contentUrl":"https:\/\/i0.wp.com\/luxonomy.net\/wp-content\/uploads\/2026\/08\/ranking-100-lujo-Espana.png?fit=1672%2C941&ssl=1","width":1672,"height":941},{"@type":"BreadcrumbList","@id":"https:\/\/luxonomy.net\/es\/luxonomy-confidential-quien-es-quien-en-el-lujo-en-espana-2026-las-100-personas-que-deciden-el-mercado-y-sus-perfiles-de-linkedin\/#breadcrumb","itemListElement":[{"@type":"ListItem","position":1,"name":"Portada","item":"https:\/\/luxonomy.net\/es\/"},{"@type":"ListItem","position":2,"name":"LUXONOMY CONFIDENTIAL. Qui\u00e9n es qui\u00e9n en el lujo en Espa\u00f1a 2026: las 100 personas que deciden el mercado y sus perfiles de LinkedIn"}]},{"@type":"WebSite","@id":"https:\/\/luxonomy.net\/es\/#website","url":"https:\/\/luxonomy.net\/es\/","name":"LUXONOMY","description":"The Economy of Fashion &amp; Luxury","publisher":{"@id":"https:\/\/luxonomy.net\/es\/#organization"},"potentialAction":[{"@type":"SearchAction","target":{"@type":"EntryPoint","urlTemplate":"https:\/\/luxonomy.net\/es\/?s={search_term_string}"},"query-input":{"@type":"PropertyValueSpecification","valueRequired":true,"valueName":"search_term_string"}}],"inLanguage":"es"},{"@type":"Organization","@id":"https:\/\/luxonomy.net\/es\/#organization","name":"LUXONOMY","url":"https:\/\/luxonomy.net\/es\/","logo":{"@type":"ImageObject","inLanguage":"es","@id":"https:\/\/luxonomy.net\/es\/#\/schema\/logo\/image\/","url":"https:\/\/i2.wp.com\/luxonomy.net\/wp-content\/uploads\/2021\/09\/MOCKUP-TODOS-LUXONOMY.jpg?fit=1000%2C515&ssl=1","contentUrl":"https:\/\/i2.wp.com\/luxonomy.net\/wp-content\/uploads\/2021\/09\/MOCKUP-TODOS-LUXONOMY.jpg?fit=1000%2C515&ssl=1","width":1000,"height":515,"caption":"LUXONOMY"},"image":{"@id":"https:\/\/luxonomy.net\/es\/#\/schema\/logo\/image\/"},"sameAs":["https:\/\/www.facebook.com\/luxonomy","https:\/\/www.instagram.com\/luxonomy\/","https:\/\/www.linkedin.com\/company\/luxonomy\/"]},{"@type":"Person","@id":"https:\/\/luxonomy.net\/es\/#\/schema\/person\/ca588d8b741a1fdd9065289c8d98ee8c","name":"LUXONOMY","image":{"@type":"ImageObject","inLanguage":"es","@id":"https:\/\/luxonomy.net\/wp-content\/litespeed\/avatar\/a6436cdb14fdaf9c21808e63d0da2055.jpg?ver=1787761934","url":"https:\/\/luxonomy.net\/wp-content\/litespeed\/avatar\/a6436cdb14fdaf9c21808e63d0da2055.jpg?ver=1787761934","contentUrl":"https:\/\/luxonomy.net\/wp-content\/litespeed\/avatar\/a6436cdb14fdaf9c21808e63d0da2055.jpg?ver=1787761934","caption":"LUXONOMY"},"sameAs":["https:\/"],"url":"https:\/\/luxonomy.net\/es\/author\/luxonomy\/"}]}},"jetpack_publicize_connections":[],"jetpack_sharing_enabled":true,"jetpack-related-posts":[],"jetpack_shortlink":"https:\/\/wp.me\/paPhBa-iBd","jetpack_featured_media_url":"https:\/\/i0.wp.com\/luxonomy.net\/wp-content\/uploads\/2026\/08\/ranking-100-lujo-Espana.png?fit=1672%2C941&ssl=1","_links":{"self":[{"href":"https:\/\/luxonomy.net\/es\/wp-json\/wp\/v2\/posts\/71499","targetHints":{"allow":["GET"]}}],"collection":[{"href":"https:\/\/luxonomy.net\/es\/wp-json\/wp\/v2\/posts"}],"about":[{"href":"https:\/\/luxonomy.net\/es\/wp-json\/wp\/v2\/types\/post"}],"author":[{"embeddable":true,"href":"https:\/\/luxonomy.net\/es\/wp-json\/wp\/v2\/users\/1"}],"replies":[{"embeddable":true,"href":"https:\/\/luxonomy.net\/es\/wp-json\/wp\/v2\/comments?post=71499"}],"version-history":[{"count":8,"href":"https:\/\/luxonomy.net\/es\/wp-json\/wp\/v2\/posts\/71499\/revisions"}],"predecessor-version":[{"id":71513,"href":"https:\/\/luxonomy.net\/es\/wp-json\/wp\/v2\/posts\/71499\/revisions\/71513"}],"wp:featuredmedia":[{"embeddable":true,"href":"https:\/\/luxonomy.net\/es\/wp-json\/wp\/v2\/media\/71506"}],"wp:attachment":[{"href":"https:\/\/luxonomy.net\/es\/wp-json\/wp\/v2\/media?parent=71499"}],"wp:term":[{"taxonomy":"category","embeddable":true,"href":"https:\/\/luxonomy.net\/es\/wp-json\/wp\/v2\/categories?post=71499"},{"taxonomy":"post_tag","embeddable":true,"href":"https:\/\/luxonomy.net\/es\/wp-json\/wp\/v2\/tags?post=71499"},{"taxonomy":"thb-sponsors","embeddable":true,"href":"https:\/\/luxonomy.net\/es\/wp-json\/wp\/v2\/thb-sponsors?post=71499"}],"curies":[{"name":"wp","href":"https:\/\/api.w.org\/{rel}","templated":true}]}}