{"id":70629,"date":"2026-04-18T08:11:00","date_gmt":"2026-04-18T06:11:00","guid":{"rendered":"https:\/\/luxonomy.net\/?p=70629"},"modified":"2026-04-16T23:16:06","modified_gmt":"2026-04-16T21:16:06","slug":"terremoto-en-el-lujo-italiano-zegna-reescribe-su-poder-para-conquistar-la-proxima-decada","status":"publish","type":"post","link":"https:\/\/luxonomy.net\/es\/terremoto-en-el-lujo-italiano-zegna-reescribe-su-poder-para-conquistar-la-proxima-decada\/","title":{"rendered":"Terremoto en el lujo italiano: Zegna reescribe su poder para conquistar la pr\u00f3xima d\u00e9cada"},"content":{"rendered":"\n<p class=\"wp-block-paragraph\">La hist\u00f3rica casa italiana <strong>Ermenegildo Zegna<\/strong> ha activado un movimiento estrat\u00e9gico que va mucho m\u00e1s all\u00e1 de un simple relevo directivo. La compa\u00f1\u00eda ha anunciado una profunda reestructuraci\u00f3n de su liderazgo que marca un punto de inflexi\u00f3n en su historia centenaria: <strong>Gildo Zegna<\/strong> asume el papel de presidente ejecutivo, consolidando el control de la familia sobre la visi\u00f3n global, mientras se incorporan nuevos perfiles para impulsar una nueva fase de expansi\u00f3n internacional a partir de 2026.<\/p>\n\n\n\n<p class=\"wp-block-paragraph\">No es un ajuste organizativo. Es una se\u00f1al clara de que Zegna se prepara para competir en un escenario global mucho m\u00e1s exigente, donde el lujo ya no se define solo por herencia y producto, sino por capacidad de ejecuci\u00f3n, posicionamiento y control del cliente final.<\/p>\n\n\n\n<h2 class=\"wp-block-heading\">Un cambio de poder con lectura estrat\u00e9gica<\/h2>\n\n\n\n<p class=\"wp-block-paragraph\">La reconfiguraci\u00f3n responde a una l\u00f3gica que se est\u00e1 imponiendo en todo el sector: las grandes casas familiares necesitan estructuras m\u00e1s \u00e1giles sin perder identidad. En este caso, Zegna refuerza el papel de la familia en la c\u00faspide estrat\u00e9gica mientras profesionaliza \u00e1reas clave de crecimiento.<\/p><div id=\"luxon-2696291178\" class=\"luxon-3er-parrafo luxon-entity-placement\" style=\"margin-top: 20px;margin-bottom: 20px;margin-left: auto;margin-right: auto;text-align: center;\"><a href=\"https:\/\/luxonomy.university\/course\/master-turismo-de-lujo\" target=\"_blank\" aria-label=\"master-turismo-lujo-2026-2027\"><img loading=\"lazy\" decoding=\"async\" src=\"https:\/\/i0.wp.com\/luxonomy.net\/wp-content\/uploads\/2020\/07\/master-turismo-lujo-2026-2027.jpg?fit=1672%2C941&#038;ssl=1\" alt=\"\"  srcset=\"https:\/\/i0.wp.com\/luxonomy.net\/wp-content\/uploads\/2020\/07\/master-turismo-lujo-2026-2027.jpg?w=1672&ssl=1 1672w, https:\/\/i0.wp.com\/luxonomy.net\/wp-content\/uploads\/2020\/07\/master-turismo-lujo-2026-2027.jpg?resize=300%2C169&ssl=1 300w, https:\/\/i0.wp.com\/luxonomy.net\/wp-content\/uploads\/2020\/07\/master-turismo-lujo-2026-2027.jpg?resize=1024%2C576&ssl=1 1024w, https:\/\/i0.wp.com\/luxonomy.net\/wp-content\/uploads\/2020\/07\/master-turismo-lujo-2026-2027.jpg?resize=768%2C432&ssl=1 768w, https:\/\/i0.wp.com\/luxonomy.net\/wp-content\/uploads\/2020\/07\/master-turismo-lujo-2026-2027.jpg?resize=1536%2C864&ssl=1 1536w, https:\/\/i0.wp.com\/luxonomy.net\/wp-content\/uploads\/2020\/07\/master-turismo-lujo-2026-2027.jpg?resize=370%2C208&ssl=1 370w, https:\/\/i0.wp.com\/luxonomy.net\/wp-content\/uploads\/2020\/07\/master-turismo-lujo-2026-2027.jpg?resize=800%2C450&ssl=1 800w, https:\/\/i0.wp.com\/luxonomy.net\/wp-content\/uploads\/2020\/07\/master-turismo-lujo-2026-2027.jpg?resize=20%2C11&ssl=1 20w, https:\/\/i0.wp.com\/luxonomy.net\/wp-content\/uploads\/2020\/07\/master-turismo-lujo-2026-2027.jpg?resize=740%2C416&ssl=1 740w, https:\/\/i0.wp.com\/luxonomy.net\/wp-content\/uploads\/2020\/07\/master-turismo-lujo-2026-2027.jpg?resize=1600%2C900&ssl=1 1600w, https:\/\/i0.wp.com\/luxonomy.net\/wp-content\/uploads\/2020\/07\/master-turismo-lujo-2026-2027.jpg?resize=1200%2C675&ssl=1 1200w, https:\/\/i0.wp.com\/luxonomy.net\/wp-content\/uploads\/2020\/07\/master-turismo-lujo-2026-2027.jpg?resize=85%2C48&ssl=1 85w\" sizes=\"(max-width: 1170px) 100vw, 1170px\" class=\"no-lazyload\" width=\"1672\" height=\"941\"   \/><\/a><\/div>\n\n\n\n<p class=\"wp-block-paragraph\">El grupo, que cotiza en la Bolsa de Nueva York desde 2021 tras su fusi\u00f3n con una SPAC, ha entrado en una nueva etapa donde los mercados financieros exigen crecimiento sostenido, expansi\u00f3n internacional y mejora continua de m\u00e1rgenes. En este contexto, la reorganizaci\u00f3n del liderazgo no es opcional: es estructural.<\/p>\n\n\n\n<h2 class=\"wp-block-heading\">Los n\u00fameros detr\u00e1s del movimiento<\/h2>\n\n\n\n<p class=\"wp-block-paragraph\">Zegna ha construido en los \u00faltimos a\u00f1os una plataforma s\u00f3lida dentro del lujo masculino, un segmento que representa aproximadamente el 40% del mercado global de lujo personal, estimado en m\u00e1s de 350.000 millones de euros.<\/p>\n\n\n\n<p class=\"wp-block-paragraph\">El grupo ha registrado ingresos anuales en el entorno de los 1.900 millones de euros, con una presencia creciente en Estados Unidos, China y Europa. Su modelo se basa en tres pilares:<\/p>\n\n\n\n<ul class=\"wp-block-list\">\n<li>La marca Zegna (core business)<\/li>\n\n\n\n<li>Thom Browne (adquirida en 2018)<\/li>\n\n\n\n<li>Tom Ford Fashion (tras la adquisici\u00f3n cerrada en 2023 junto a Est\u00e9e Lauder)<\/li>\n<\/ul>\n\n\n\n<p class=\"wp-block-paragraph\">Este \u00faltimo movimiento posicion\u00f3 al grupo en una nueva liga, ampliando su alcance m\u00e1s all\u00e1 del lujo masculino tradicional hacia un universo m\u00e1s transversal y global.<\/p><div id=\"luxon-1638701091\" class=\"luxon-7-parrafo luxon-entity-placement\" style=\"margin-top: 20px;margin-bottom: 20px;margin-left: auto;margin-right: auto;text-align: center;\"><a href=\"https:\/\/theintelligence.institute\/course\/inteligencia-artificial-para-directivos\" target=\"_blank\" aria-label=\"CSIAD_empresas_THEI_horizontal_4x3_v5\"><img loading=\"lazy\" decoding=\"async\" src=\"https:\/\/i0.wp.com\/luxonomy.net\/wp-content\/uploads\/2025\/08\/CSIAD_empresas_THEI_horizontal_4x3_v5.png?fit=2000%2C1500&#038;ssl=1\" alt=\"\"  srcset=\"https:\/\/i0.wp.com\/luxonomy.net\/wp-content\/uploads\/2025\/08\/CSIAD_empresas_THEI_horizontal_4x3_v5.png?w=2000&ssl=1 2000w, https:\/\/i0.wp.com\/luxonomy.net\/wp-content\/uploads\/2025\/08\/CSIAD_empresas_THEI_horizontal_4x3_v5.png?resize=300%2C225&ssl=1 300w, https:\/\/i0.wp.com\/luxonomy.net\/wp-content\/uploads\/2025\/08\/CSIAD_empresas_THEI_horizontal_4x3_v5.png?resize=1024%2C768&ssl=1 1024w, https:\/\/i0.wp.com\/luxonomy.net\/wp-content\/uploads\/2025\/08\/CSIAD_empresas_THEI_horizontal_4x3_v5.png?resize=768%2C576&ssl=1 768w, https:\/\/i0.wp.com\/luxonomy.net\/wp-content\/uploads\/2025\/08\/CSIAD_empresas_THEI_horizontal_4x3_v5.png?resize=1536%2C1152&ssl=1 1536w, https:\/\/i0.wp.com\/luxonomy.net\/wp-content\/uploads\/2025\/08\/CSIAD_empresas_THEI_horizontal_4x3_v5.png?resize=370%2C278&ssl=1 370w, https:\/\/i0.wp.com\/luxonomy.net\/wp-content\/uploads\/2025\/08\/CSIAD_empresas_THEI_horizontal_4x3_v5.png?resize=800%2C600&ssl=1 800w, https:\/\/i0.wp.com\/luxonomy.net\/wp-content\/uploads\/2025\/08\/CSIAD_empresas_THEI_horizontal_4x3_v5.png?resize=20%2C15&ssl=1 20w, https:\/\/i0.wp.com\/luxonomy.net\/wp-content\/uploads\/2025\/08\/CSIAD_empresas_THEI_horizontal_4x3_v5.png?resize=740%2C555&ssl=1 740w, https:\/\/i0.wp.com\/luxonomy.net\/wp-content\/uploads\/2025\/08\/CSIAD_empresas_THEI_horizontal_4x3_v5.png?resize=1600%2C1200&ssl=1 1600w, https:\/\/i0.wp.com\/luxonomy.net\/wp-content\/uploads\/2025\/08\/CSIAD_empresas_THEI_horizontal_4x3_v5.png?resize=1200%2C900&ssl=1 1200w, https:\/\/i0.wp.com\/luxonomy.net\/wp-content\/uploads\/2025\/08\/CSIAD_empresas_THEI_horizontal_4x3_v5.png?resize=64%2C48&ssl=1 64w\" sizes=\"(max-width: 1170px) 100vw, 1170px\" class=\"no-lazyload\" width=\"2000\" height=\"1500\"   \/><\/a><\/div>\n\n\n\n<h2 class=\"wp-block-heading\">De fabricante textil a plataforma global de lujo<\/h2>\n\n\n\n<p class=\"wp-block-paragraph\">La transformaci\u00f3n de Zegna en las \u00faltimas dos d\u00e9cadas ha sido radical. Lo que naci\u00f3 como un fabricante de tejidos en 1910 en Trivero (Italia) se ha convertido en un grupo integrado verticalmente que controla desde la materia prima hasta el retail.<\/p>\n\n\n\n<p class=\"wp-block-paragraph\">Este control total de la cadena de valor \u2014desde la lana hasta la tienda\u2014 es hoy uno de sus principales activos estrat\u00e9gicos. En un momento en el que el lujo busca autenticidad, trazabilidad y sostenibilidad, Zegna tiene una ventaja estructural frente a competidores que dependen de terceros.<\/p>\n\n\n\n<p class=\"wp-block-paragraph\">La nueva estructura directiva busca precisamente acelerar este modelo, conectando producci\u00f3n, dise\u00f1o, branding y distribuci\u00f3n en una arquitectura mucho m\u00e1s cohesionada.<\/p>\n\n\n\n<h2 class=\"wp-block-heading\">El contexto: un lujo m\u00e1s competitivo que nunca<\/h2>\n\n\n\n<p class=\"wp-block-paragraph\">El movimiento de Zegna no se entiende sin el entorno actual. El sector del lujo atraviesa una fase de ajuste tras a\u00f1os de crecimiento impulsado por China, turismo internacional y consumo aspiracional.<\/p>\n\n\n\n<p class=\"wp-block-paragraph\">Hoy el escenario es distinto:<\/p>\n\n\n\n<ul class=\"wp-block-list\">\n<li>Consumidores m\u00e1s selectivos<\/li>\n\n\n\n<li>Mayor presi\u00f3n sobre precios<\/li>\n\n\n\n<li>Competencia creciente entre grupos<\/li>\n\n\n\n<li>Necesidad de diferenciaci\u00f3n real<\/li>\n<\/ul>\n\n\n\n<p class=\"wp-block-paragraph\">Frente a gigantes como LVMH, Kering o Richemont, Zegna juega en una posici\u00f3n intermedia: no tiene la escala de los grandes conglomerados, pero s\u00ed una identidad mucho m\u00e1s definida en su segmento.<\/p>\n\n\n\n<p class=\"wp-block-paragraph\">Esa combinaci\u00f3n puede ser una fortaleza o una debilidad, dependiendo de la ejecuci\u00f3n.<\/p>\n\n\n\n<h2 class=\"wp-block-heading\">El nuevo lujo masculino: oportunidad y desaf\u00edo<\/h2>\n\n\n\n<p class=\"wp-block-paragraph\">Uno de los factores clave detr\u00e1s de esta reestructuraci\u00f3n es la evoluci\u00f3n del lujo masculino. Durante d\u00e9cadas, el segmento estuvo limitado al tailoring cl\u00e1sico. Hoy es uno de los motores de crecimiento del sector.<\/p>\n\n\n\n<p class=\"wp-block-paragraph\">El hombre contempor\u00e1neo consume lujo de forma distinta:<br>m\u00e1s casual, m\u00e1s vers\u00e1til, m\u00e1s h\u00edbrida entre moda y estilo de vida.<\/p>\n\n\n\n<p class=\"wp-block-paragraph\">Zegna ha sido uno de los pioneros en esta transici\u00f3n, abandonando progresivamente el traje formal como eje central para apostar por un concepto m\u00e1s amplio de \u201clujo relajado\u201d.<\/p>\n\n\n\n<p class=\"wp-block-paragraph\">La nueva direcci\u00f3n deber\u00e1 consolidar este posicionamiento sin perder la credibilidad hist\u00f3rica de la marca.<\/p>\n\n\n\n<h2 class=\"wp-block-heading\">Estados Unidos y China: la batalla global<\/h2>\n\n\n\n<p class=\"wp-block-paragraph\">El crecimiento futuro de Zegna depender\u00e1 en gran medida de su capacidad para escalar en dos mercados clave:<\/p>\n\n\n\n<ul class=\"wp-block-list\">\n<li><strong>Estados Unidos<\/strong>, donde el lujo masculino est\u00e1 creciendo impulsado por el consumo aspiracional y la cultura del lifestyle<\/li>\n\n\n\n<li><strong>China<\/strong>, que sigue siendo el principal motor estructural del lujo global, aunque con un consumidor cada vez m\u00e1s exigente<\/li>\n<\/ul>\n\n\n\n<p class=\"wp-block-paragraph\">La reorganizaci\u00f3n directiva busca precisamente reforzar la ejecuci\u00f3n en estos mercados, donde la competencia es feroz y donde la diferenciaci\u00f3n se juega en la experiencia de marca, no solo en el producto.<\/p>\n\n\n\n<h2 class=\"wp-block-heading\">M\u00e1s que un cambio interno: una declaraci\u00f3n de intenciones<\/h2>\n\n\n\n<p class=\"wp-block-paragraph\">La reestructuraci\u00f3n de Zegna es, en realidad, una declaraci\u00f3n estrat\u00e9gica:<br>la compa\u00f1\u00eda no quiere limitarse a ser una marca hist\u00f3rica respetada; quiere ser un actor relevante en la nueva arquitectura del lujo global.<\/p>\n\n\n\n<p class=\"wp-block-paragraph\">Eso implica asumir riesgos, acelerar decisiones y competir en un terreno donde los m\u00e1rgenes de error son cada vez m\u00e1s estrechos.<\/p>\n\n\n\n<h2 class=\"wp-block-heading\">El mensaje al mercado<\/h2>\n\n\n\n<p class=\"wp-block-paragraph\">El movimiento env\u00eda un mensaje claro a inversores, competidores y clientes: Zegna no est\u00e1 en transici\u00f3n, est\u00e1 en transformaci\u00f3n.<\/p>\n\n\n\n<p class=\"wp-block-paragraph\">Y en un momento en el que el lujo entra en una fase m\u00e1s selectiva, donde crecer ser\u00e1 m\u00e1s complejo y exigente, las compa\u00f1\u00edas que consigan combinar herencia, control industrial y visi\u00f3n global ser\u00e1n las que lideren la pr\u00f3xima d\u00e9cada.<\/p>\n\n\n\n<p class=\"wp-block-paragraph\">Zegna acaba de mover ficha. Ahora empieza la verdadera partida.<\/p>\n","protected":false},"excerpt":{"rendered":"<p>La hist\u00f3rica casa italiana Ermenegildo Zegna ha activado un movimiento estrat\u00e9gico que va mucho m\u00e1s all\u00e1 de un simple relevo directivo. La compa\u00f1\u00eda ha anunciado una profunda reestructuraci\u00f3n de su liderazgo que marca un punto de inflexi\u00f3n en su historia centenaria: Gildo Zegna asume el papel de presidente ejecutivo, consolidando el control de la familia&hellip;<\/p>\n","protected":false},"author":10,"featured_media":70630,"comment_status":"open","ping_status":"open","sticky":false,"template":"","format":"standard","meta":{"_jetpack_newsletter_access":"","_jetpack_dont_email_post_to_subs":false,"_jetpack_newsletter_tier_id":0,"_jetpack_memberships_contains_paywalled_content":false,"_jetpack_feature_clip_id":0,"_jetpack_memberships_contains_paid_content":false,"footnotes":"","jetpack_publicize_message":"","jetpack_publicize_feature_enabled":true,"jetpack_social_post_already_shared":true,"jetpack_social_options":{"image_generator_settings":{"template":"edge","default_image_id":0,"font":"","enabled":false},"version":2},"jetpack_post_was_ever_published":false},"categories":[1128,534],"tags":[552,10131,586],"thb-sponsors":[],"class_list":["post-70629","post","type-post","status-publish","format-standard","has-post-thumbnail","hentry","category-economia","category-moda","tag-economia","tag-gildo-zegna","tag-moda"],"yoast_head":"<!-- This site is optimized with the Yoast SEO plugin v28.4 - https:\/\/yoast.com\/product\/yoast-seo-wordpress\/ -->\n<title>Terremoto en el lujo italiano: Zegna reescribe su poder para conquistar la pr\u00f3xima d\u00e9cada | LUXONOMY<\/title>\n<meta name=\"robots\" content=\"index, follow, max-snippet:-1, max-image-preview:large, max-video-preview:-1\" \/>\n<link rel=\"canonical\" href=\"https:\/\/luxonomy.net\/es\/terremoto-en-el-lujo-italiano-zegna-reescribe-su-poder-para-conquistar-la-proxima-decada\/\" \/>\n<meta property=\"og:locale\" content=\"es_ES\" \/>\n<meta property=\"og:type\" content=\"article\" \/>\n<meta property=\"og:title\" content=\"Terremoto en el lujo italiano: Zegna reescribe su poder para conquistar la pr\u00f3xima d\u00e9cada | LUXONOMY\" \/>\n<meta property=\"og:description\" content=\"La hist\u00f3rica casa italiana Ermenegildo Zegna ha activado un movimiento estrat\u00e9gico que va mucho m\u00e1s all\u00e1 de un simple relevo directivo. La compa\u00f1\u00eda ha anunciado una profunda reestructuraci\u00f3n de su liderazgo que marca un punto de inflexi\u00f3n en su historia centenaria: Gildo Zegna asume el papel de presidente ejecutivo, consolidando el control de la familia&hellip;\" \/>\n<meta property=\"og:url\" content=\"https:\/\/luxonomy.net\/es\/terremoto-en-el-lujo-italiano-zegna-reescribe-su-poder-para-conquistar-la-proxima-decada\/\" \/>\n<meta property=\"og:site_name\" content=\"LUXONOMY\" \/>\n<meta property=\"article:publisher\" content=\"https:\/\/www.facebook.com\/luxonomy\" \/>\n<meta property=\"article:published_time\" content=\"2026-04-18T06:11:00+00:00\" \/>\n<meta property=\"og:image\" content=\"https:\/\/i0.wp.com\/luxonomy.net\/wp-content\/uploads\/2026\/04\/Gildo-Zegna.jpeg?fit=1640%2C923&ssl=1\" \/>\n\t<meta property=\"og:image:width\" content=\"1640\" \/>\n\t<meta property=\"og:image:height\" content=\"923\" \/>\n\t<meta property=\"og:image:type\" content=\"image\/jpeg\" \/>\n<meta name=\"author\" content=\"Chiara Gabardi\" \/>\n<meta name=\"twitter:card\" content=\"summary_large_image\" \/>\n<meta name=\"twitter:label1\" content=\"Escrito por\" \/>\n\t<meta name=\"twitter:data1\" content=\"Chiara Gabardi\" \/>\n\t<meta name=\"twitter:label2\" content=\"Tiempo de lectura\" \/>\n\t<meta name=\"twitter:data2\" content=\"5 minutos\" \/>\n<script type=\"application\/ld+json\" class=\"yoast-schema-graph\">{\"@context\":\"https:\\\/\\\/schema.org\",\"@graph\":[{\"@type\":\"Article\",\"@id\":\"https:\\\/\\\/luxonomy.net\\\/es\\\/terremoto-en-el-lujo-italiano-zegna-reescribe-su-poder-para-conquistar-la-proxima-decada\\\/#article\",\"isPartOf\":{\"@id\":\"https:\\\/\\\/luxonomy.net\\\/es\\\/terremoto-en-el-lujo-italiano-zegna-reescribe-su-poder-para-conquistar-la-proxima-decada\\\/\"},\"author\":{\"name\":\"Chiara Gabardi\",\"@id\":\"https:\\\/\\\/luxonomy.net\\\/es\\\/#\\\/schema\\\/person\\\/e5c97cb37fd115728030c51e21c67d89\"},\"headline\":\"Terremoto en el lujo italiano: Zegna reescribe su poder para conquistar la pr\u00f3xima d\u00e9cada\",\"datePublished\":\"2026-04-18T06:11:00+00:00\",\"mainEntityOfPage\":{\"@id\":\"https:\\\/\\\/luxonomy.net\\\/es\\\/terremoto-en-el-lujo-italiano-zegna-reescribe-su-poder-para-conquistar-la-proxima-decada\\\/\"},\"wordCount\":995,\"commentCount\":0,\"publisher\":{\"@id\":\"https:\\\/\\\/luxonomy.net\\\/es\\\/#organization\"},\"image\":{\"@id\":\"https:\\\/\\\/luxonomy.net\\\/es\\\/terremoto-en-el-lujo-italiano-zegna-reescribe-su-poder-para-conquistar-la-proxima-decada\\\/#primaryimage\"},\"thumbnailUrl\":\"https:\\\/\\\/i0.wp.com\\\/luxonomy.net\\\/wp-content\\\/uploads\\\/2026\\\/04\\\/Gildo-Zegna.jpeg?fit=1640%2C923&ssl=1\",\"keywords\":[\"econom\u00eda\",\"Gildo Zegna\",\"Moda\"],\"articleSection\":[\"Econom\u00eda\",\"Moda\"],\"inLanguage\":\"es\",\"potentialAction\":[{\"@type\":\"CommentAction\",\"name\":\"Comment\",\"target\":[\"https:\\\/\\\/luxonomy.net\\\/es\\\/terremoto-en-el-lujo-italiano-zegna-reescribe-su-poder-para-conquistar-la-proxima-decada\\\/#respond\"]}]},{\"@type\":\"WebPage\",\"@id\":\"https:\\\/\\\/luxonomy.net\\\/es\\\/terremoto-en-el-lujo-italiano-zegna-reescribe-su-poder-para-conquistar-la-proxima-decada\\\/\",\"url\":\"https:\\\/\\\/luxonomy.net\\\/es\\\/terremoto-en-el-lujo-italiano-zegna-reescribe-su-poder-para-conquistar-la-proxima-decada\\\/\",\"name\":\"Terremoto en el lujo italiano: Zegna reescribe su poder para conquistar la pr\u00f3xima d\u00e9cada | LUXONOMY\",\"isPartOf\":{\"@id\":\"https:\\\/\\\/luxonomy.net\\\/es\\\/#website\"},\"primaryImageOfPage\":{\"@id\":\"https:\\\/\\\/luxonomy.net\\\/es\\\/terremoto-en-el-lujo-italiano-zegna-reescribe-su-poder-para-conquistar-la-proxima-decada\\\/#primaryimage\"},\"image\":{\"@id\":\"https:\\\/\\\/luxonomy.net\\\/es\\\/terremoto-en-el-lujo-italiano-zegna-reescribe-su-poder-para-conquistar-la-proxima-decada\\\/#primaryimage\"},\"thumbnailUrl\":\"https:\\\/\\\/i0.wp.com\\\/luxonomy.net\\\/wp-content\\\/uploads\\\/2026\\\/04\\\/Gildo-Zegna.jpeg?fit=1640%2C923&ssl=1\",\"datePublished\":\"2026-04-18T06:11:00+00:00\",\"breadcrumb\":{\"@id\":\"https:\\\/\\\/luxonomy.net\\\/es\\\/terremoto-en-el-lujo-italiano-zegna-reescribe-su-poder-para-conquistar-la-proxima-decada\\\/#breadcrumb\"},\"inLanguage\":\"es\",\"potentialAction\":[{\"@type\":\"ReadAction\",\"target\":[\"https:\\\/\\\/luxonomy.net\\\/es\\\/terremoto-en-el-lujo-italiano-zegna-reescribe-su-poder-para-conquistar-la-proxima-decada\\\/\"]}]},{\"@type\":\"ImageObject\",\"inLanguage\":\"es\",\"@id\":\"https:\\\/\\\/luxonomy.net\\\/es\\\/terremoto-en-el-lujo-italiano-zegna-reescribe-su-poder-para-conquistar-la-proxima-decada\\\/#primaryimage\",\"url\":\"https:\\\/\\\/i0.wp.com\\\/luxonomy.net\\\/wp-content\\\/uploads\\\/2026\\\/04\\\/Gildo-Zegna.jpeg?fit=1640%2C923&ssl=1\",\"contentUrl\":\"https:\\\/\\\/i0.wp.com\\\/luxonomy.net\\\/wp-content\\\/uploads\\\/2026\\\/04\\\/Gildo-Zegna.jpeg?fit=1640%2C923&ssl=1\",\"width\":1640,\"height\":923},{\"@type\":\"BreadcrumbList\",\"@id\":\"https:\\\/\\\/luxonomy.net\\\/es\\\/terremoto-en-el-lujo-italiano-zegna-reescribe-su-poder-para-conquistar-la-proxima-decada\\\/#breadcrumb\",\"itemListElement\":[{\"@type\":\"ListItem\",\"position\":1,\"name\":\"Portada\",\"item\":\"https:\\\/\\\/luxonomy.net\\\/es\\\/\"},{\"@type\":\"ListItem\",\"position\":2,\"name\":\"Terremoto en el lujo italiano: Zegna reescribe su poder para conquistar la pr\u00f3xima d\u00e9cada\"}]},{\"@type\":\"WebSite\",\"@id\":\"https:\\\/\\\/luxonomy.net\\\/es\\\/#website\",\"url\":\"https:\\\/\\\/luxonomy.net\\\/es\\\/\",\"name\":\"LUXONOMY\",\"description\":\"The Economy of Fashion &amp; Luxury\",\"publisher\":{\"@id\":\"https:\\\/\\\/luxonomy.net\\\/es\\\/#organization\"},\"potentialAction\":[{\"@type\":\"SearchAction\",\"target\":{\"@type\":\"EntryPoint\",\"urlTemplate\":\"https:\\\/\\\/luxonomy.net\\\/es\\\/?s={search_term_string}\"},\"query-input\":{\"@type\":\"PropertyValueSpecification\",\"valueRequired\":true,\"valueName\":\"search_term_string\"}}],\"inLanguage\":\"es\"},{\"@type\":\"Organization\",\"@id\":\"https:\\\/\\\/luxonomy.net\\\/es\\\/#organization\",\"name\":\"LUXONOMY\",\"url\":\"https:\\\/\\\/luxonomy.net\\\/es\\\/\",\"logo\":{\"@type\":\"ImageObject\",\"inLanguage\":\"es\",\"@id\":\"https:\\\/\\\/luxonomy.net\\\/es\\\/#\\\/schema\\\/logo\\\/image\\\/\",\"url\":\"https:\\\/\\\/i2.wp.com\\\/luxonomy.net\\\/wp-content\\\/uploads\\\/2021\\\/09\\\/MOCKUP-TODOS-LUXONOMY.jpg?fit=1000%2C515&ssl=1\",\"contentUrl\":\"https:\\\/\\\/i2.wp.com\\\/luxonomy.net\\\/wp-content\\\/uploads\\\/2021\\\/09\\\/MOCKUP-TODOS-LUXONOMY.jpg?fit=1000%2C515&ssl=1\",\"width\":1000,\"height\":515,\"caption\":\"LUXONOMY\"},\"image\":{\"@id\":\"https:\\\/\\\/luxonomy.net\\\/es\\\/#\\\/schema\\\/logo\\\/image\\\/\"},\"sameAs\":[\"https:\\\/\\\/www.facebook.com\\\/luxonomy\",\"https:\\\/\\\/www.instagram.com\\\/luxonomy\\\/\",\"https:\\\/\\\/www.linkedin.com\\\/company\\\/luxonomy\\\/\"]},{\"@type\":\"Person\",\"@id\":\"https:\\\/\\\/luxonomy.net\\\/es\\\/#\\\/schema\\\/person\\\/e5c97cb37fd115728030c51e21c67d89\",\"name\":\"Chiara Gabardi\",\"image\":{\"@type\":\"ImageObject\",\"inLanguage\":\"es\",\"@id\":\"https:\\\/\\\/luxonomy.net\\\/wp-content\\\/litespeed\\\/avatar\\\/548640c4e2c34544e66c65ab1641a5d7.jpg?ver=1788581172\",\"url\":\"https:\\\/\\\/luxonomy.net\\\/wp-content\\\/litespeed\\\/avatar\\\/548640c4e2c34544e66c65ab1641a5d7.jpg?ver=1788581172\",\"contentUrl\":\"https:\\\/\\\/luxonomy.net\\\/wp-content\\\/litespeed\\\/avatar\\\/548640c4e2c34544e66c65ab1641a5d7.jpg?ver=1788581172\",\"caption\":\"Chiara Gabardi\"},\"description\":\"Editor at LUXONOMY\u2122 Group\",\"url\":\"https:\\\/\\\/luxonomy.net\\\/es\\\/author\\\/chiara-gabardi\\\/\"}]}<\/script>\n<!-- \/ Yoast SEO plugin. -->","yoast_head_json":{"title":"Terremoto en el lujo italiano: Zegna reescribe su poder para conquistar la pr\u00f3xima d\u00e9cada | LUXONOMY","robots":{"index":"index","follow":"follow","max-snippet":"max-snippet:-1","max-image-preview":"max-image-preview:large","max-video-preview":"max-video-preview:-1"},"canonical":"https:\/\/luxonomy.net\/es\/terremoto-en-el-lujo-italiano-zegna-reescribe-su-poder-para-conquistar-la-proxima-decada\/","og_locale":"es_ES","og_type":"article","og_title":"Terremoto en el lujo italiano: Zegna reescribe su poder para conquistar la pr\u00f3xima d\u00e9cada | LUXONOMY","og_description":"La hist\u00f3rica casa italiana Ermenegildo Zegna ha activado un movimiento estrat\u00e9gico que va mucho m\u00e1s all\u00e1 de un simple relevo directivo. La compa\u00f1\u00eda ha anunciado una profunda reestructuraci\u00f3n de su liderazgo que marca un punto de inflexi\u00f3n en su historia centenaria: Gildo Zegna asume el papel de presidente ejecutivo, consolidando el control de la familia&hellip;","og_url":"https:\/\/luxonomy.net\/es\/terremoto-en-el-lujo-italiano-zegna-reescribe-su-poder-para-conquistar-la-proxima-decada\/","og_site_name":"LUXONOMY","article_publisher":"https:\/\/www.facebook.com\/luxonomy","article_published_time":"2026-04-18T06:11:00+00:00","og_image":[{"width":1640,"height":923,"url":"https:\/\/i0.wp.com\/luxonomy.net\/wp-content\/uploads\/2026\/04\/Gildo-Zegna.jpeg?fit=1640%2C923&ssl=1","type":"image\/jpeg"}],"author":"Chiara Gabardi","twitter_card":"summary_large_image","twitter_misc":{"Escrito por":"Chiara Gabardi","Tiempo de lectura":"5 minutos"},"schema":{"@context":"https:\/\/schema.org","@graph":[{"@type":"Article","@id":"https:\/\/luxonomy.net\/es\/terremoto-en-el-lujo-italiano-zegna-reescribe-su-poder-para-conquistar-la-proxima-decada\/#article","isPartOf":{"@id":"https:\/\/luxonomy.net\/es\/terremoto-en-el-lujo-italiano-zegna-reescribe-su-poder-para-conquistar-la-proxima-decada\/"},"author":{"name":"Chiara Gabardi","@id":"https:\/\/luxonomy.net\/es\/#\/schema\/person\/e5c97cb37fd115728030c51e21c67d89"},"headline":"Terremoto en el lujo italiano: Zegna reescribe su poder para conquistar la pr\u00f3xima d\u00e9cada","datePublished":"2026-04-18T06:11:00+00:00","mainEntityOfPage":{"@id":"https:\/\/luxonomy.net\/es\/terremoto-en-el-lujo-italiano-zegna-reescribe-su-poder-para-conquistar-la-proxima-decada\/"},"wordCount":995,"commentCount":0,"publisher":{"@id":"https:\/\/luxonomy.net\/es\/#organization"},"image":{"@id":"https:\/\/luxonomy.net\/es\/terremoto-en-el-lujo-italiano-zegna-reescribe-su-poder-para-conquistar-la-proxima-decada\/#primaryimage"},"thumbnailUrl":"https:\/\/i0.wp.com\/luxonomy.net\/wp-content\/uploads\/2026\/04\/Gildo-Zegna.jpeg?fit=1640%2C923&ssl=1","keywords":["econom\u00eda","Gildo Zegna","Moda"],"articleSection":["Econom\u00eda","Moda"],"inLanguage":"es","potentialAction":[{"@type":"CommentAction","name":"Comment","target":["https:\/\/luxonomy.net\/es\/terremoto-en-el-lujo-italiano-zegna-reescribe-su-poder-para-conquistar-la-proxima-decada\/#respond"]}]},{"@type":"WebPage","@id":"https:\/\/luxonomy.net\/es\/terremoto-en-el-lujo-italiano-zegna-reescribe-su-poder-para-conquistar-la-proxima-decada\/","url":"https:\/\/luxonomy.net\/es\/terremoto-en-el-lujo-italiano-zegna-reescribe-su-poder-para-conquistar-la-proxima-decada\/","name":"Terremoto en el lujo italiano: Zegna reescribe su poder para conquistar la pr\u00f3xima d\u00e9cada | LUXONOMY","isPartOf":{"@id":"https:\/\/luxonomy.net\/es\/#website"},"primaryImageOfPage":{"@id":"https:\/\/luxonomy.net\/es\/terremoto-en-el-lujo-italiano-zegna-reescribe-su-poder-para-conquistar-la-proxima-decada\/#primaryimage"},"image":{"@id":"https:\/\/luxonomy.net\/es\/terremoto-en-el-lujo-italiano-zegna-reescribe-su-poder-para-conquistar-la-proxima-decada\/#primaryimage"},"thumbnailUrl":"https:\/\/i0.wp.com\/luxonomy.net\/wp-content\/uploads\/2026\/04\/Gildo-Zegna.jpeg?fit=1640%2C923&ssl=1","datePublished":"2026-04-18T06:11:00+00:00","breadcrumb":{"@id":"https:\/\/luxonomy.net\/es\/terremoto-en-el-lujo-italiano-zegna-reescribe-su-poder-para-conquistar-la-proxima-decada\/#breadcrumb"},"inLanguage":"es","potentialAction":[{"@type":"ReadAction","target":["https:\/\/luxonomy.net\/es\/terremoto-en-el-lujo-italiano-zegna-reescribe-su-poder-para-conquistar-la-proxima-decada\/"]}]},{"@type":"ImageObject","inLanguage":"es","@id":"https:\/\/luxonomy.net\/es\/terremoto-en-el-lujo-italiano-zegna-reescribe-su-poder-para-conquistar-la-proxima-decada\/#primaryimage","url":"https:\/\/i0.wp.com\/luxonomy.net\/wp-content\/uploads\/2026\/04\/Gildo-Zegna.jpeg?fit=1640%2C923&ssl=1","contentUrl":"https:\/\/i0.wp.com\/luxonomy.net\/wp-content\/uploads\/2026\/04\/Gildo-Zegna.jpeg?fit=1640%2C923&ssl=1","width":1640,"height":923},{"@type":"BreadcrumbList","@id":"https:\/\/luxonomy.net\/es\/terremoto-en-el-lujo-italiano-zegna-reescribe-su-poder-para-conquistar-la-proxima-decada\/#breadcrumb","itemListElement":[{"@type":"ListItem","position":1,"name":"Portada","item":"https:\/\/luxonomy.net\/es\/"},{"@type":"ListItem","position":2,"name":"Terremoto en el lujo italiano: Zegna reescribe su poder para conquistar la pr\u00f3xima d\u00e9cada"}]},{"@type":"WebSite","@id":"https:\/\/luxonomy.net\/es\/#website","url":"https:\/\/luxonomy.net\/es\/","name":"LUXONOMY","description":"The Economy of Fashion &amp; Luxury","publisher":{"@id":"https:\/\/luxonomy.net\/es\/#organization"},"potentialAction":[{"@type":"SearchAction","target":{"@type":"EntryPoint","urlTemplate":"https:\/\/luxonomy.net\/es\/?s={search_term_string}"},"query-input":{"@type":"PropertyValueSpecification","valueRequired":true,"valueName":"search_term_string"}}],"inLanguage":"es"},{"@type":"Organization","@id":"https:\/\/luxonomy.net\/es\/#organization","name":"LUXONOMY","url":"https:\/\/luxonomy.net\/es\/","logo":{"@type":"ImageObject","inLanguage":"es","@id":"https:\/\/luxonomy.net\/es\/#\/schema\/logo\/image\/","url":"https:\/\/i2.wp.com\/luxonomy.net\/wp-content\/uploads\/2021\/09\/MOCKUP-TODOS-LUXONOMY.jpg?fit=1000%2C515&ssl=1","contentUrl":"https:\/\/i2.wp.com\/luxonomy.net\/wp-content\/uploads\/2021\/09\/MOCKUP-TODOS-LUXONOMY.jpg?fit=1000%2C515&ssl=1","width":1000,"height":515,"caption":"LUXONOMY"},"image":{"@id":"https:\/\/luxonomy.net\/es\/#\/schema\/logo\/image\/"},"sameAs":["https:\/\/www.facebook.com\/luxonomy","https:\/\/www.instagram.com\/luxonomy\/","https:\/\/www.linkedin.com\/company\/luxonomy\/"]},{"@type":"Person","@id":"https:\/\/luxonomy.net\/es\/#\/schema\/person\/e5c97cb37fd115728030c51e21c67d89","name":"Chiara Gabardi","image":{"@type":"ImageObject","inLanguage":"es","@id":"https:\/\/luxonomy.net\/wp-content\/litespeed\/avatar\/548640c4e2c34544e66c65ab1641a5d7.jpg?ver=1788581172","url":"https:\/\/luxonomy.net\/wp-content\/litespeed\/avatar\/548640c4e2c34544e66c65ab1641a5d7.jpg?ver=1788581172","contentUrl":"https:\/\/luxonomy.net\/wp-content\/litespeed\/avatar\/548640c4e2c34544e66c65ab1641a5d7.jpg?ver=1788581172","caption":"Chiara Gabardi"},"description":"Editor at LUXONOMY\u2122 Group","url":"https:\/\/luxonomy.net\/es\/author\/chiara-gabardi\/"}]}},"jetpack_publicize_connections":[],"jetpack_shortlink":"https:\/\/wp.me\/paPhBa-inb","jetpack_sharing_enabled":true,"jetpack_featured_media_url":"https:\/\/i0.wp.com\/luxonomy.net\/wp-content\/uploads\/2026\/04\/Gildo-Zegna.jpeg?fit=1640%2C923&ssl=1","_links":{"self":[{"href":"https:\/\/luxonomy.net\/es\/wp-json\/wp\/v2\/posts\/70629","targetHints":{"allow":["GET"]}}],"collection":[{"href":"https:\/\/luxonomy.net\/es\/wp-json\/wp\/v2\/posts"}],"about":[{"href":"https:\/\/luxonomy.net\/es\/wp-json\/wp\/v2\/types\/post"}],"author":[{"embeddable":true,"href":"https:\/\/luxonomy.net\/es\/wp-json\/wp\/v2\/users\/10"}],"replies":[{"embeddable":true,"href":"https:\/\/luxonomy.net\/es\/wp-json\/wp\/v2\/comments?post=70629"}],"version-history":[{"count":1,"href":"https:\/\/luxonomy.net\/es\/wp-json\/wp\/v2\/posts\/70629\/revisions"}],"predecessor-version":[{"id":70631,"href":"https:\/\/luxonomy.net\/es\/wp-json\/wp\/v2\/posts\/70629\/revisions\/70631"}],"wp:featuredmedia":[{"embeddable":true,"href":"https:\/\/luxonomy.net\/es\/wp-json\/wp\/v2\/media\/70630"}],"wp:attachment":[{"href":"https:\/\/luxonomy.net\/es\/wp-json\/wp\/v2\/media?parent=70629"}],"wp:term":[{"taxonomy":"category","embeddable":true,"href":"https:\/\/luxonomy.net\/es\/wp-json\/wp\/v2\/categories?post=70629"},{"taxonomy":"post_tag","embeddable":true,"href":"https:\/\/luxonomy.net\/es\/wp-json\/wp\/v2\/tags?post=70629"},{"taxonomy":"thb-sponsors","embeddable":true,"href":"https:\/\/luxonomy.net\/es\/wp-json\/wp\/v2\/thb-sponsors?post=70629"}],"curies":[{"name":"wp","href":"https:\/\/api.w.org\/{rel}","templated":true}]}}