{"id":70582,"date":"2026-04-14T22:23:47","date_gmt":"2026-04-14T20:23:47","guid":{"rendered":"https:\/\/luxonomy.net\/?p=70582"},"modified":"2026-04-14T22:24:02","modified_gmt":"2026-04-14T20:24:02","slug":"dolce-gabbana-nombra-co-ceo-a-stefano-cantino","status":"publish","type":"post","link":"https:\/\/luxonomy.net\/es\/dolce-gabbana-nombra-co-ceo-a-stefano-cantino\/","title":{"rendered":"Dolce\u202f&amp;\u202fGabbana nombra co\u2011CEO a\u202fStefano Cantino"},"content":{"rendered":"\n<p class=\"wp-block-paragraph\">Dolce &amp; Gabbana ha abierto una nueva etapa en su estructura directiva con el nombramiento de <strong>Stefano Cantino como co-CEO junto a Alfonso Dolce<\/strong>, en un movimiento que llega en un momento delicado para la casa italiana, marcado por el enfriamiento de la demanda global de lujo, p\u00e9rdidas relevantes en su \u00faltimo ejercicio y conversaciones activas con la banca para refinanciar su deuda. La decisi\u00f3n sit\u00faa a la compa\u00f1\u00eda en una fase de transici\u00f3n en la que el gobierno corporativo, la disciplina financiera y la capacidad de ampliar el negocio m\u00e1s all\u00e1 de la moda pasan al centro de la estrategia.<\/p>\n\n\n\n<p class=\"wp-block-paragraph\">Seg\u00fan Reuters, Dolce &amp; Gabbana registr\u00f3 una <strong>p\u00e9rdida neta de 143 millones de euros en el ejercicio 2024-2025<\/strong>, un dato que retrata la presi\u00f3n que atraviesan incluso firmas con fuerte identidad de marca en un mercado donde el crecimiento ya no es homog\u00e9neo por geograf\u00edas ni por categor\u00edas. En paralelo, la compa\u00f1\u00eda ha confirmado que mantiene <strong>negociaciones con bancos sobre una refinanciaci\u00f3n de deuda<\/strong>, en un proceso que, seg\u00fan la informaci\u00f3n recogida por Reuters citando a Bloomberg, se mover\u00eda dentro de una operaci\u00f3n m\u00e1s amplia de unos <strong>450 millones de euros<\/strong>, con una posible exigencia de <strong>inyecci\u00f3n de capital de hasta 150 millones de euros<\/strong> por parte de los prestamistas.<\/p>\n\n\n\n<p class=\"wp-block-paragraph\">El nombramiento de Cantino no debe leerse como un simple ajuste organizativo. En la pr\u00e1ctica, refleja la voluntad de Dolce &amp; Gabbana de incorporar una figura con amplio recorrido en grandes grupos del lujo europeo y experiencia en entornos corporativos complejos. Antes de aterrizar en la firma milanesa, Cantino pas\u00f3 por <strong>Prada<\/strong> y <strong>Louis Vuitton<\/strong>, y m\u00e1s recientemente fue CEO de <strong>Gucci<\/strong>, adonde hab\u00eda llegado tras ejercer como deputy CEO. Su perfil est\u00e1 muy ligado al marketing, la comunicaci\u00f3n, la construcci\u00f3n de imagen y la gesti\u00f3n de marca, competencias especialmente valiosas para una empresa que busca evolucionar desde una casa de moda hacia una plataforma de estilo de vida m\u00e1s amplia y rentable.<\/p><div id=\"luxon-3419738215\" class=\"luxon-3er-parrafo luxon-entity-placement\" style=\"margin-top: 20px;margin-bottom: 20px;margin-left: auto;margin-right: auto;text-align: center;\"><a href=\"https:\/\/luxonomy.university\/course\/master-turismo-de-lujo\" target=\"_blank\" aria-label=\"master-turismo-lujo-2026-2027\"><img loading=\"lazy\" decoding=\"async\" src=\"https:\/\/i0.wp.com\/luxonomy.net\/wp-content\/uploads\/2020\/07\/master-turismo-lujo-2026-2027.jpg?fit=1672%2C941&#038;ssl=1\" alt=\"\"  srcset=\"https:\/\/i0.wp.com\/luxonomy.net\/wp-content\/uploads\/2020\/07\/master-turismo-lujo-2026-2027.jpg?w=1672&ssl=1 1672w, https:\/\/i0.wp.com\/luxonomy.net\/wp-content\/uploads\/2020\/07\/master-turismo-lujo-2026-2027.jpg?resize=300%2C169&ssl=1 300w, https:\/\/i0.wp.com\/luxonomy.net\/wp-content\/uploads\/2020\/07\/master-turismo-lujo-2026-2027.jpg?resize=1024%2C576&ssl=1 1024w, https:\/\/i0.wp.com\/luxonomy.net\/wp-content\/uploads\/2020\/07\/master-turismo-lujo-2026-2027.jpg?resize=768%2C432&ssl=1 768w, https:\/\/i0.wp.com\/luxonomy.net\/wp-content\/uploads\/2020\/07\/master-turismo-lujo-2026-2027.jpg?resize=1536%2C864&ssl=1 1536w, https:\/\/i0.wp.com\/luxonomy.net\/wp-content\/uploads\/2020\/07\/master-turismo-lujo-2026-2027.jpg?resize=370%2C208&ssl=1 370w, https:\/\/i0.wp.com\/luxonomy.net\/wp-content\/uploads\/2020\/07\/master-turismo-lujo-2026-2027.jpg?resize=800%2C450&ssl=1 800w, https:\/\/i0.wp.com\/luxonomy.net\/wp-content\/uploads\/2020\/07\/master-turismo-lujo-2026-2027.jpg?resize=20%2C11&ssl=1 20w, https:\/\/i0.wp.com\/luxonomy.net\/wp-content\/uploads\/2020\/07\/master-turismo-lujo-2026-2027.jpg?resize=740%2C416&ssl=1 740w, https:\/\/i0.wp.com\/luxonomy.net\/wp-content\/uploads\/2020\/07\/master-turismo-lujo-2026-2027.jpg?resize=1600%2C900&ssl=1 1600w, https:\/\/i0.wp.com\/luxonomy.net\/wp-content\/uploads\/2020\/07\/master-turismo-lujo-2026-2027.jpg?resize=1200%2C675&ssl=1 1200w, https:\/\/i0.wp.com\/luxonomy.net\/wp-content\/uploads\/2020\/07\/master-turismo-lujo-2026-2027.jpg?resize=85%2C48&ssl=1 85w\" sizes=\"(max-width: 1170px) 100vw, 1170px\" class=\"no-lazyload\" width=\"1672\" height=\"941\"   \/><\/a><\/div>\n\n\n\n<p class=\"wp-block-paragraph\">Ese punto es clave. La propia Dolce &amp; Gabbana ha vinculado la llegada de Cantino a una <strong>transformaci\u00f3n organizativa<\/strong> orientada a convertir la firma en una compa\u00f1\u00eda de <strong>\u201clifestyle\u201d<\/strong>. En t\u00e9rminos de negocio, eso implica profundizar en verticales con mayor recurrencia de consumo y m\u00e1s capacidad de escalar internacionalmente, desde belleza y fragancias hasta hospitalidad, hogar, licencias y categor\u00edas adyacentes donde el valor de marca puede monetizarse con m\u00e1s amplitud. En un mercado del lujo menos expansivo que el de los a\u00f1os posteriores a la pandemia, muchas casas est\u00e1n revisando precisamente esa ecuaci\u00f3n: menos dependencia del ciclo puro de moda y m\u00e1s peso de negocios complementarios con mejor visibilidad de ingresos.<\/p>\n\n\n\n<p class=\"wp-block-paragraph\">La reordenaci\u00f3n llega, adem\u00e1s, pocos d\u00edas despu\u00e9s de que <strong>Stefano Gabbana dejara sus cargos societarios<\/strong> en la casa de moda y en la holding de control, con efecto desde el <strong>1 de enero de 2026<\/strong>, aunque la empresa subray\u00f3 que su salida del \u00e1mbito institucional <strong>no afecta a su labor creativa<\/strong>. Tras este cambio, <strong>Alfonso Dolce<\/strong>, hist\u00f3rico ejecutivo del grupo y hermano de Domenico Dolce, asumi\u00f3 tambi\u00e9n la presidencia. El mensaje es claro: la compa\u00f1\u00eda separa con mayor nitidez la esfera creativa de la esfera ejecutiva y financiera, una f\u00f3rmula cada vez m\u00e1s frecuente entre marcas familiares que necesitan estructuras m\u00e1s robustas para afrontar crecimiento internacional, financiaci\u00f3n y presi\u00f3n competitiva.<\/p>\n\n\n\n<p class=\"wp-block-paragraph\">Fundada en <strong>1985<\/strong> por <strong>Domenico Dolce y Stefano Gabbana<\/strong>, la casa italiana se ha convertido en una de las firmas m\u00e1s reconocibles del lujo europeo gracias a una identidad est\u00e9tica muy marcada, una narrativa profundamente conectada con Italia y un posicionamiento que mezcla alta visibilidad cultural con categor\u00edas de producto de gran alcance. Sin embargo, la nueva fase del lujo exige algo m\u00e1s que notoriedad: exige gobernanza, eficiencia operativa, diversificaci\u00f3n y control del capital. Que una marca con ese legado introduzca un esquema de <strong>co-CEO<\/strong> en este momento revela hasta qu\u00e9 punto la gesti\u00f3n empresarial ha pasado a ser tan determinante como la creatividad.<\/p>\n\n\n\n<p class=\"wp-block-paragraph\">El caso de Dolce &amp; Gabbana tambi\u00e9n encaja en una din\u00e1mica m\u00e1s amplia del sector. Durante los dos \u00faltimos a\u00f1os, varias grandes casas han intensificado cambios de liderazgo, revisi\u00f3n de equipos creativos, racionalizaci\u00f3n de costes y b\u00fasqueda de nuevas palancas de crecimiento. El mercado ya no premia de forma autom\u00e1tica la expansi\u00f3n de red, la subida de precios o la simple fuerza aspiracional de la marca. Ahora pesa m\u00e1s la capacidad de sostener margen, gestionar inventario, seleccionar mejor la inversi\u00f3n y construir negocios transversales. En ese contexto, la incorporaci\u00f3n de un ejecutivo como Cantino puede interpretarse como un intento de profesionalizar a\u00fan m\u00e1s la arquitectura directiva para afrontar una etapa menos lineal que la del gran boom del lujo entre 2021 y 2023.<\/p><div id=\"luxon-900369781\" class=\"luxon-7-parrafo luxon-entity-placement\" style=\"margin-top: 20px;margin-bottom: 20px;margin-left: auto;margin-right: auto;text-align: center;\"><a href=\"https:\/\/theintelligence.institute\/course\/inteligencia-artificial-para-directivos\" target=\"_blank\" aria-label=\"CSIAD_empresas_THEI_horizontal_4x3_v5\"><img loading=\"lazy\" decoding=\"async\" src=\"https:\/\/i0.wp.com\/luxonomy.net\/wp-content\/uploads\/2025\/08\/CSIAD_empresas_THEI_horizontal_4x3_v5.png?fit=2000%2C1500&#038;ssl=1\" alt=\"\"  srcset=\"https:\/\/i0.wp.com\/luxonomy.net\/wp-content\/uploads\/2025\/08\/CSIAD_empresas_THEI_horizontal_4x3_v5.png?w=2000&ssl=1 2000w, https:\/\/i0.wp.com\/luxonomy.net\/wp-content\/uploads\/2025\/08\/CSIAD_empresas_THEI_horizontal_4x3_v5.png?resize=300%2C225&ssl=1 300w, https:\/\/i0.wp.com\/luxonomy.net\/wp-content\/uploads\/2025\/08\/CSIAD_empresas_THEI_horizontal_4x3_v5.png?resize=1024%2C768&ssl=1 1024w, https:\/\/i0.wp.com\/luxonomy.net\/wp-content\/uploads\/2025\/08\/CSIAD_empresas_THEI_horizontal_4x3_v5.png?resize=768%2C576&ssl=1 768w, https:\/\/i0.wp.com\/luxonomy.net\/wp-content\/uploads\/2025\/08\/CSIAD_empresas_THEI_horizontal_4x3_v5.png?resize=1536%2C1152&ssl=1 1536w, https:\/\/i0.wp.com\/luxonomy.net\/wp-content\/uploads\/2025\/08\/CSIAD_empresas_THEI_horizontal_4x3_v5.png?resize=370%2C278&ssl=1 370w, https:\/\/i0.wp.com\/luxonomy.net\/wp-content\/uploads\/2025\/08\/CSIAD_empresas_THEI_horizontal_4x3_v5.png?resize=800%2C600&ssl=1 800w, https:\/\/i0.wp.com\/luxonomy.net\/wp-content\/uploads\/2025\/08\/CSIAD_empresas_THEI_horizontal_4x3_v5.png?resize=20%2C15&ssl=1 20w, https:\/\/i0.wp.com\/luxonomy.net\/wp-content\/uploads\/2025\/08\/CSIAD_empresas_THEI_horizontal_4x3_v5.png?resize=740%2C555&ssl=1 740w, https:\/\/i0.wp.com\/luxonomy.net\/wp-content\/uploads\/2025\/08\/CSIAD_empresas_THEI_horizontal_4x3_v5.png?resize=1600%2C1200&ssl=1 1600w, https:\/\/i0.wp.com\/luxonomy.net\/wp-content\/uploads\/2025\/08\/CSIAD_empresas_THEI_horizontal_4x3_v5.png?resize=1200%2C900&ssl=1 1200w, https:\/\/i0.wp.com\/luxonomy.net\/wp-content\/uploads\/2025\/08\/CSIAD_empresas_THEI_horizontal_4x3_v5.png?resize=64%2C48&ssl=1 64w\" sizes=\"(max-width: 1170px) 100vw, 1170px\" class=\"no-lazyload\" width=\"2000\" height=\"1500\"   \/><\/a><\/div>\n\n\n\n<p class=\"wp-block-paragraph\">Otro elemento de fondo es la necesidad de proteger la percepci\u00f3n de marca mientras se renegocian variables financieras. En el lujo, cualquier noticia vinculada a deuda o p\u00e9rdidas tiene una lectura distinta que en otros sectores, porque la fortaleza de una maison no se mide solo en ventas, sino en autoridad cultural, capacidad de deseo y sensaci\u00f3n de invulnerabilidad. Por eso, el anuncio de Cantino funciona tambi\u00e9n como una se\u00f1al al mercado: Dolce &amp; Gabbana no est\u00e1 \u00fanicamente resolviendo un problema coyuntural de balance, sino tratando de construir una direcci\u00f3n preparada para una fase m\u00e1s exigente, m\u00e1s institucional y m\u00e1s internacional.<\/p>\n\n\n\n<p class=\"wp-block-paragraph\">La presencia de Alfonso Dolce al frente de la gesti\u00f3n garantiza continuidad interna y conocimiento profundo del negocio, mientras que Cantino aporta una mirada externa curtida en grupos donde el lujo opera con m\u00e9tricas, disciplina y escalas mucho m\u00e1s pr\u00f3ximas a las de una gran corporaci\u00f3n global. La combinaci\u00f3n de ambos perfiles puede ser \u00fatil en un momento en que Dolce &amp; Gabbana necesita equilibrar tres objetivos simult\u00e1neos: sostener el posicionamiento aspiracional de la marca, ordenar la estructura financiera y abrir nuevas v\u00edas de crecimiento con mayor visibilidad.<\/p>\n\n\n\n<p class=\"wp-block-paragraph\">Para el sector, esta noticia deja una lectura de fondo especialmente relevante: la pr\u00f3xima d\u00e9cada del lujo no se jugar\u00e1 solo en pasarelas, campa\u00f1as e iconograf\u00eda, sino tambi\u00e9n en consejos de administraci\u00f3n, estructuras de capital, liderazgo ejecutivo y capacidad para convertir una marca en un ecosistema. Dolce &amp; Gabbana acaba de mover ficha en esa direcci\u00f3n. Y lo hace en uno de los momentos m\u00e1s delicados y m\u00e1s definitorios de su historia reciente.\u00a0<\/p>\n","protected":false},"excerpt":{"rendered":"<p>Dolce &amp; Gabbana ha abierto una nueva etapa en su estructura directiva con el nombramiento de Stefano Cantino como co-CEO junto a Alfonso Dolce, en un movimiento que llega en un momento delicado para la casa italiana, marcado por el enfriamiento de la demanda global de lujo, p\u00e9rdidas relevantes en su \u00faltimo ejercicio y conversaciones&hellip;<\/p>\n","protected":false},"author":10,"featured_media":70583,"comment_status":"open","ping_status":"open","sticky":false,"template":"","format":"standard","meta":{"_jetpack_newsletter_access":"","_jetpack_dont_email_post_to_subs":false,"_jetpack_newsletter_tier_id":0,"_jetpack_memberships_contains_paywalled_content":false,"_jetpack_feature_clip_id":0,"_jetpack_memberships_contains_paid_content":false,"footnotes":"","jetpack_publicize_message":"","jetpack_publicize_feature_enabled":true,"jetpack_social_post_already_shared":true,"jetpack_social_options":{"image_generator_settings":{"template":"edge","default_image_id":0,"font":"","enabled":false},"version":2},"jetpack_post_was_ever_published":false},"categories":[1672,534],"tags":[10125,10126],"thb-sponsors":[],"class_list":["post-70582","post","type-post","status-publish","format-standard","has-post-thumbnail","hentry","category-actualidad","category-moda","tag-dolce-gabbana-2","tag-stefano-cantino"],"yoast_head":"<!-- This site is optimized with the Yoast SEO plugin v28.4 - https:\/\/yoast.com\/product\/yoast-seo-wordpress\/ -->\n<title>Dolce\u202f&amp;\u202fGabbana nombra co\u2011CEO a\u202fStefano Cantino | LUXONOMY<\/title>\n<meta name=\"robots\" content=\"index, follow, max-snippet:-1, max-image-preview:large, max-video-preview:-1\" \/>\n<link rel=\"canonical\" href=\"https:\/\/luxonomy.net\/es\/dolce-gabbana-nombra-co-ceo-a-stefano-cantino\/\" \/>\n<meta property=\"og:locale\" content=\"es_ES\" \/>\n<meta property=\"og:type\" content=\"article\" \/>\n<meta property=\"og:title\" content=\"Dolce\u202f&amp;\u202fGabbana nombra co\u2011CEO a\u202fStefano Cantino | LUXONOMY\" \/>\n<meta property=\"og:description\" content=\"Dolce &amp; Gabbana ha abierto una nueva etapa en su estructura directiva con el nombramiento de Stefano Cantino como co-CEO junto a Alfonso Dolce, en un movimiento que llega en un momento delicado para la casa italiana, marcado por el enfriamiento de la demanda global de lujo, p\u00e9rdidas relevantes en su \u00faltimo ejercicio y conversaciones&hellip;\" \/>\n<meta property=\"og:url\" content=\"https:\/\/luxonomy.net\/es\/dolce-gabbana-nombra-co-ceo-a-stefano-cantino\/\" \/>\n<meta property=\"og:site_name\" content=\"LUXONOMY\" \/>\n<meta property=\"article:publisher\" content=\"https:\/\/www.facebook.com\/luxonomy\" \/>\n<meta property=\"article:published_time\" content=\"2026-04-14T20:23:47+00:00\" \/>\n<meta property=\"article:modified_time\" content=\"2026-04-14T20:24:02+00:00\" \/>\n<meta property=\"og:image\" content=\"https:\/\/luxonomy.net\/wp-content\/uploads\/2026\/04\/Stefano-Cantino.jpg\" \/>\n\t<meta property=\"og:image:width\" content=\"1200\" \/>\n\t<meta property=\"og:image:height\" content=\"675\" \/>\n\t<meta property=\"og:image:type\" content=\"image\/jpeg\" \/>\n<meta name=\"author\" content=\"Chiara Gabardi\" \/>\n<meta name=\"twitter:card\" content=\"summary_large_image\" \/>\n<meta name=\"twitter:label1\" content=\"Escrito por\" \/>\n\t<meta name=\"twitter:data1\" content=\"Chiara Gabardi\" \/>\n\t<meta name=\"twitter:label2\" content=\"Tiempo de lectura\" \/>\n\t<meta name=\"twitter:data2\" content=\"5 minutos\" \/>\n<script type=\"application\/ld+json\" class=\"yoast-schema-graph\">{\"@context\":\"https:\\\/\\\/schema.org\",\"@graph\":[{\"@type\":\"Article\",\"@id\":\"https:\\\/\\\/luxonomy.net\\\/es\\\/dolce-gabbana-nombra-co-ceo-a-stefano-cantino\\\/#article\",\"isPartOf\":{\"@id\":\"https:\\\/\\\/luxonomy.net\\\/es\\\/dolce-gabbana-nombra-co-ceo-a-stefano-cantino\\\/\"},\"author\":{\"name\":\"Chiara Gabardi\",\"@id\":\"https:\\\/\\\/luxonomy.net\\\/es\\\/#\\\/schema\\\/person\\\/e5c97cb37fd115728030c51e21c67d89\"},\"headline\":\"Dolce\u202f&amp;\u202fGabbana nombra co\u2011CEO a\u202fStefano Cantino\",\"datePublished\":\"2026-04-14T20:23:47+00:00\",\"dateModified\":\"2026-04-14T20:24:02+00:00\",\"mainEntityOfPage\":{\"@id\":\"https:\\\/\\\/luxonomy.net\\\/es\\\/dolce-gabbana-nombra-co-ceo-a-stefano-cantino\\\/\"},\"wordCount\":1130,\"commentCount\":0,\"publisher\":{\"@id\":\"https:\\\/\\\/luxonomy.net\\\/es\\\/#organization\"},\"image\":{\"@id\":\"https:\\\/\\\/luxonomy.net\\\/es\\\/dolce-gabbana-nombra-co-ceo-a-stefano-cantino\\\/#primaryimage\"},\"thumbnailUrl\":\"https:\\\/\\\/i0.wp.com\\\/luxonomy.net\\\/wp-content\\\/uploads\\\/2026\\\/04\\\/Stefano-Cantino.jpg?fit=1200%2C675&ssl=1\",\"keywords\":[\"Dolce\u202f&amp;\u202fGabbana\",\"Stefano Cantino\"],\"articleSection\":[\"Actualidad\",\"Moda\"],\"inLanguage\":\"es\",\"potentialAction\":[{\"@type\":\"CommentAction\",\"name\":\"Comment\",\"target\":[\"https:\\\/\\\/luxonomy.net\\\/es\\\/dolce-gabbana-nombra-co-ceo-a-stefano-cantino\\\/#respond\"]}]},{\"@type\":\"WebPage\",\"@id\":\"https:\\\/\\\/luxonomy.net\\\/es\\\/dolce-gabbana-nombra-co-ceo-a-stefano-cantino\\\/\",\"url\":\"https:\\\/\\\/luxonomy.net\\\/es\\\/dolce-gabbana-nombra-co-ceo-a-stefano-cantino\\\/\",\"name\":\"Dolce\u202f&amp;\u202fGabbana nombra co\u2011CEO a\u202fStefano Cantino | LUXONOMY\",\"isPartOf\":{\"@id\":\"https:\\\/\\\/luxonomy.net\\\/es\\\/#website\"},\"primaryImageOfPage\":{\"@id\":\"https:\\\/\\\/luxonomy.net\\\/es\\\/dolce-gabbana-nombra-co-ceo-a-stefano-cantino\\\/#primaryimage\"},\"image\":{\"@id\":\"https:\\\/\\\/luxonomy.net\\\/es\\\/dolce-gabbana-nombra-co-ceo-a-stefano-cantino\\\/#primaryimage\"},\"thumbnailUrl\":\"https:\\\/\\\/i0.wp.com\\\/luxonomy.net\\\/wp-content\\\/uploads\\\/2026\\\/04\\\/Stefano-Cantino.jpg?fit=1200%2C675&ssl=1\",\"datePublished\":\"2026-04-14T20:23:47+00:00\",\"dateModified\":\"2026-04-14T20:24:02+00:00\",\"breadcrumb\":{\"@id\":\"https:\\\/\\\/luxonomy.net\\\/es\\\/dolce-gabbana-nombra-co-ceo-a-stefano-cantino\\\/#breadcrumb\"},\"inLanguage\":\"es\",\"potentialAction\":[{\"@type\":\"ReadAction\",\"target\":[\"https:\\\/\\\/luxonomy.net\\\/es\\\/dolce-gabbana-nombra-co-ceo-a-stefano-cantino\\\/\"]}]},{\"@type\":\"ImageObject\",\"inLanguage\":\"es\",\"@id\":\"https:\\\/\\\/luxonomy.net\\\/es\\\/dolce-gabbana-nombra-co-ceo-a-stefano-cantino\\\/#primaryimage\",\"url\":\"https:\\\/\\\/i0.wp.com\\\/luxonomy.net\\\/wp-content\\\/uploads\\\/2026\\\/04\\\/Stefano-Cantino.jpg?fit=1200%2C675&ssl=1\",\"contentUrl\":\"https:\\\/\\\/i0.wp.com\\\/luxonomy.net\\\/wp-content\\\/uploads\\\/2026\\\/04\\\/Stefano-Cantino.jpg?fit=1200%2C675&ssl=1\",\"width\":1200,\"height\":675},{\"@type\":\"BreadcrumbList\",\"@id\":\"https:\\\/\\\/luxonomy.net\\\/es\\\/dolce-gabbana-nombra-co-ceo-a-stefano-cantino\\\/#breadcrumb\",\"itemListElement\":[{\"@type\":\"ListItem\",\"position\":1,\"name\":\"Portada\",\"item\":\"https:\\\/\\\/luxonomy.net\\\/es\\\/\"},{\"@type\":\"ListItem\",\"position\":2,\"name\":\"Dolce\u202f&amp;\u202fGabbana nombra co\u2011CEO a\u202fStefano Cantino\"}]},{\"@type\":\"WebSite\",\"@id\":\"https:\\\/\\\/luxonomy.net\\\/es\\\/#website\",\"url\":\"https:\\\/\\\/luxonomy.net\\\/es\\\/\",\"name\":\"LUXONOMY\",\"description\":\"The Economy of Fashion &amp; Luxury\",\"publisher\":{\"@id\":\"https:\\\/\\\/luxonomy.net\\\/es\\\/#organization\"},\"potentialAction\":[{\"@type\":\"SearchAction\",\"target\":{\"@type\":\"EntryPoint\",\"urlTemplate\":\"https:\\\/\\\/luxonomy.net\\\/es\\\/?s={search_term_string}\"},\"query-input\":{\"@type\":\"PropertyValueSpecification\",\"valueRequired\":true,\"valueName\":\"search_term_string\"}}],\"inLanguage\":\"es\"},{\"@type\":\"Organization\",\"@id\":\"https:\\\/\\\/luxonomy.net\\\/es\\\/#organization\",\"name\":\"LUXONOMY\",\"url\":\"https:\\\/\\\/luxonomy.net\\\/es\\\/\",\"logo\":{\"@type\":\"ImageObject\",\"inLanguage\":\"es\",\"@id\":\"https:\\\/\\\/luxonomy.net\\\/es\\\/#\\\/schema\\\/logo\\\/image\\\/\",\"url\":\"https:\\\/\\\/i2.wp.com\\\/luxonomy.net\\\/wp-content\\\/uploads\\\/2021\\\/09\\\/MOCKUP-TODOS-LUXONOMY.jpg?fit=1000%2C515&ssl=1\",\"contentUrl\":\"https:\\\/\\\/i2.wp.com\\\/luxonomy.net\\\/wp-content\\\/uploads\\\/2021\\\/09\\\/MOCKUP-TODOS-LUXONOMY.jpg?fit=1000%2C515&ssl=1\",\"width\":1000,\"height\":515,\"caption\":\"LUXONOMY\"},\"image\":{\"@id\":\"https:\\\/\\\/luxonomy.net\\\/es\\\/#\\\/schema\\\/logo\\\/image\\\/\"},\"sameAs\":[\"https:\\\/\\\/www.facebook.com\\\/luxonomy\",\"https:\\\/\\\/www.instagram.com\\\/luxonomy\\\/\",\"https:\\\/\\\/www.linkedin.com\\\/company\\\/luxonomy\\\/\"]},{\"@type\":\"Person\",\"@id\":\"https:\\\/\\\/luxonomy.net\\\/es\\\/#\\\/schema\\\/person\\\/e5c97cb37fd115728030c51e21c67d89\",\"name\":\"Chiara Gabardi\",\"image\":{\"@type\":\"ImageObject\",\"inLanguage\":\"es\",\"@id\":\"https:\\\/\\\/luxonomy.net\\\/wp-content\\\/litespeed\\\/avatar\\\/548640c4e2c34544e66c65ab1641a5d7.jpg?ver=1788581172\",\"url\":\"https:\\\/\\\/luxonomy.net\\\/wp-content\\\/litespeed\\\/avatar\\\/548640c4e2c34544e66c65ab1641a5d7.jpg?ver=1788581172\",\"contentUrl\":\"https:\\\/\\\/luxonomy.net\\\/wp-content\\\/litespeed\\\/avatar\\\/548640c4e2c34544e66c65ab1641a5d7.jpg?ver=1788581172\",\"caption\":\"Chiara Gabardi\"},\"description\":\"Editor at LUXONOMY\u2122 Group\",\"url\":\"https:\\\/\\\/luxonomy.net\\\/es\\\/author\\\/chiara-gabardi\\\/\"}]}<\/script>\n<!-- \/ Yoast SEO plugin. -->","yoast_head_json":{"title":"Dolce\u202f&amp;\u202fGabbana nombra co\u2011CEO a\u202fStefano Cantino | LUXONOMY","robots":{"index":"index","follow":"follow","max-snippet":"max-snippet:-1","max-image-preview":"max-image-preview:large","max-video-preview":"max-video-preview:-1"},"canonical":"https:\/\/luxonomy.net\/es\/dolce-gabbana-nombra-co-ceo-a-stefano-cantino\/","og_locale":"es_ES","og_type":"article","og_title":"Dolce\u202f&amp;\u202fGabbana nombra co\u2011CEO a\u202fStefano Cantino | LUXONOMY","og_description":"Dolce &amp; Gabbana ha abierto una nueva etapa en su estructura directiva con el nombramiento de Stefano Cantino como co-CEO junto a Alfonso Dolce, en un movimiento que llega en un momento delicado para la casa italiana, marcado por el enfriamiento de la demanda global de lujo, p\u00e9rdidas relevantes en su \u00faltimo ejercicio y conversaciones&hellip;","og_url":"https:\/\/luxonomy.net\/es\/dolce-gabbana-nombra-co-ceo-a-stefano-cantino\/","og_site_name":"LUXONOMY","article_publisher":"https:\/\/www.facebook.com\/luxonomy","article_published_time":"2026-04-14T20:23:47+00:00","article_modified_time":"2026-04-14T20:24:02+00:00","og_image":[{"width":1200,"height":675,"url":"https:\/\/luxonomy.net\/wp-content\/uploads\/2026\/04\/Stefano-Cantino.jpg","type":"image\/jpeg"}],"author":"Chiara Gabardi","twitter_card":"summary_large_image","twitter_misc":{"Escrito por":"Chiara Gabardi","Tiempo de lectura":"5 minutos"},"schema":{"@context":"https:\/\/schema.org","@graph":[{"@type":"Article","@id":"https:\/\/luxonomy.net\/es\/dolce-gabbana-nombra-co-ceo-a-stefano-cantino\/#article","isPartOf":{"@id":"https:\/\/luxonomy.net\/es\/dolce-gabbana-nombra-co-ceo-a-stefano-cantino\/"},"author":{"name":"Chiara Gabardi","@id":"https:\/\/luxonomy.net\/es\/#\/schema\/person\/e5c97cb37fd115728030c51e21c67d89"},"headline":"Dolce\u202f&amp;\u202fGabbana nombra co\u2011CEO a\u202fStefano Cantino","datePublished":"2026-04-14T20:23:47+00:00","dateModified":"2026-04-14T20:24:02+00:00","mainEntityOfPage":{"@id":"https:\/\/luxonomy.net\/es\/dolce-gabbana-nombra-co-ceo-a-stefano-cantino\/"},"wordCount":1130,"commentCount":0,"publisher":{"@id":"https:\/\/luxonomy.net\/es\/#organization"},"image":{"@id":"https:\/\/luxonomy.net\/es\/dolce-gabbana-nombra-co-ceo-a-stefano-cantino\/#primaryimage"},"thumbnailUrl":"https:\/\/i0.wp.com\/luxonomy.net\/wp-content\/uploads\/2026\/04\/Stefano-Cantino.jpg?fit=1200%2C675&ssl=1","keywords":["Dolce\u202f&amp;\u202fGabbana","Stefano Cantino"],"articleSection":["Actualidad","Moda"],"inLanguage":"es","potentialAction":[{"@type":"CommentAction","name":"Comment","target":["https:\/\/luxonomy.net\/es\/dolce-gabbana-nombra-co-ceo-a-stefano-cantino\/#respond"]}]},{"@type":"WebPage","@id":"https:\/\/luxonomy.net\/es\/dolce-gabbana-nombra-co-ceo-a-stefano-cantino\/","url":"https:\/\/luxonomy.net\/es\/dolce-gabbana-nombra-co-ceo-a-stefano-cantino\/","name":"Dolce\u202f&amp;\u202fGabbana nombra co\u2011CEO a\u202fStefano Cantino | LUXONOMY","isPartOf":{"@id":"https:\/\/luxonomy.net\/es\/#website"},"primaryImageOfPage":{"@id":"https:\/\/luxonomy.net\/es\/dolce-gabbana-nombra-co-ceo-a-stefano-cantino\/#primaryimage"},"image":{"@id":"https:\/\/luxonomy.net\/es\/dolce-gabbana-nombra-co-ceo-a-stefano-cantino\/#primaryimage"},"thumbnailUrl":"https:\/\/i0.wp.com\/luxonomy.net\/wp-content\/uploads\/2026\/04\/Stefano-Cantino.jpg?fit=1200%2C675&ssl=1","datePublished":"2026-04-14T20:23:47+00:00","dateModified":"2026-04-14T20:24:02+00:00","breadcrumb":{"@id":"https:\/\/luxonomy.net\/es\/dolce-gabbana-nombra-co-ceo-a-stefano-cantino\/#breadcrumb"},"inLanguage":"es","potentialAction":[{"@type":"ReadAction","target":["https:\/\/luxonomy.net\/es\/dolce-gabbana-nombra-co-ceo-a-stefano-cantino\/"]}]},{"@type":"ImageObject","inLanguage":"es","@id":"https:\/\/luxonomy.net\/es\/dolce-gabbana-nombra-co-ceo-a-stefano-cantino\/#primaryimage","url":"https:\/\/i0.wp.com\/luxonomy.net\/wp-content\/uploads\/2026\/04\/Stefano-Cantino.jpg?fit=1200%2C675&ssl=1","contentUrl":"https:\/\/i0.wp.com\/luxonomy.net\/wp-content\/uploads\/2026\/04\/Stefano-Cantino.jpg?fit=1200%2C675&ssl=1","width":1200,"height":675},{"@type":"BreadcrumbList","@id":"https:\/\/luxonomy.net\/es\/dolce-gabbana-nombra-co-ceo-a-stefano-cantino\/#breadcrumb","itemListElement":[{"@type":"ListItem","position":1,"name":"Portada","item":"https:\/\/luxonomy.net\/es\/"},{"@type":"ListItem","position":2,"name":"Dolce\u202f&amp;\u202fGabbana nombra co\u2011CEO a\u202fStefano Cantino"}]},{"@type":"WebSite","@id":"https:\/\/luxonomy.net\/es\/#website","url":"https:\/\/luxonomy.net\/es\/","name":"LUXONOMY","description":"The Economy of Fashion &amp; Luxury","publisher":{"@id":"https:\/\/luxonomy.net\/es\/#organization"},"potentialAction":[{"@type":"SearchAction","target":{"@type":"EntryPoint","urlTemplate":"https:\/\/luxonomy.net\/es\/?s={search_term_string}"},"query-input":{"@type":"PropertyValueSpecification","valueRequired":true,"valueName":"search_term_string"}}],"inLanguage":"es"},{"@type":"Organization","@id":"https:\/\/luxonomy.net\/es\/#organization","name":"LUXONOMY","url":"https:\/\/luxonomy.net\/es\/","logo":{"@type":"ImageObject","inLanguage":"es","@id":"https:\/\/luxonomy.net\/es\/#\/schema\/logo\/image\/","url":"https:\/\/i2.wp.com\/luxonomy.net\/wp-content\/uploads\/2021\/09\/MOCKUP-TODOS-LUXONOMY.jpg?fit=1000%2C515&ssl=1","contentUrl":"https:\/\/i2.wp.com\/luxonomy.net\/wp-content\/uploads\/2021\/09\/MOCKUP-TODOS-LUXONOMY.jpg?fit=1000%2C515&ssl=1","width":1000,"height":515,"caption":"LUXONOMY"},"image":{"@id":"https:\/\/luxonomy.net\/es\/#\/schema\/logo\/image\/"},"sameAs":["https:\/\/www.facebook.com\/luxonomy","https:\/\/www.instagram.com\/luxonomy\/","https:\/\/www.linkedin.com\/company\/luxonomy\/"]},{"@type":"Person","@id":"https:\/\/luxonomy.net\/es\/#\/schema\/person\/e5c97cb37fd115728030c51e21c67d89","name":"Chiara Gabardi","image":{"@type":"ImageObject","inLanguage":"es","@id":"https:\/\/luxonomy.net\/wp-content\/litespeed\/avatar\/548640c4e2c34544e66c65ab1641a5d7.jpg?ver=1788581172","url":"https:\/\/luxonomy.net\/wp-content\/litespeed\/avatar\/548640c4e2c34544e66c65ab1641a5d7.jpg?ver=1788581172","contentUrl":"https:\/\/luxonomy.net\/wp-content\/litespeed\/avatar\/548640c4e2c34544e66c65ab1641a5d7.jpg?ver=1788581172","caption":"Chiara Gabardi"},"description":"Editor at LUXONOMY\u2122 Group","url":"https:\/\/luxonomy.net\/es\/author\/chiara-gabardi\/"}]}},"jetpack_publicize_connections":[],"jetpack_shortlink":"https:\/\/wp.me\/paPhBa-imq","jetpack_sharing_enabled":true,"jetpack_featured_media_url":"https:\/\/i0.wp.com\/luxonomy.net\/wp-content\/uploads\/2026\/04\/Stefano-Cantino.jpg?fit=1200%2C675&ssl=1","_links":{"self":[{"href":"https:\/\/luxonomy.net\/es\/wp-json\/wp\/v2\/posts\/70582","targetHints":{"allow":["GET"]}}],"collection":[{"href":"https:\/\/luxonomy.net\/es\/wp-json\/wp\/v2\/posts"}],"about":[{"href":"https:\/\/luxonomy.net\/es\/wp-json\/wp\/v2\/types\/post"}],"author":[{"embeddable":true,"href":"https:\/\/luxonomy.net\/es\/wp-json\/wp\/v2\/users\/10"}],"replies":[{"embeddable":true,"href":"https:\/\/luxonomy.net\/es\/wp-json\/wp\/v2\/comments?post=70582"}],"version-history":[{"count":1,"href":"https:\/\/luxonomy.net\/es\/wp-json\/wp\/v2\/posts\/70582\/revisions"}],"predecessor-version":[{"id":70584,"href":"https:\/\/luxonomy.net\/es\/wp-json\/wp\/v2\/posts\/70582\/revisions\/70584"}],"wp:featuredmedia":[{"embeddable":true,"href":"https:\/\/luxonomy.net\/es\/wp-json\/wp\/v2\/media\/70583"}],"wp:attachment":[{"href":"https:\/\/luxonomy.net\/es\/wp-json\/wp\/v2\/media?parent=70582"}],"wp:term":[{"taxonomy":"category","embeddable":true,"href":"https:\/\/luxonomy.net\/es\/wp-json\/wp\/v2\/categories?post=70582"},{"taxonomy":"post_tag","embeddable":true,"href":"https:\/\/luxonomy.net\/es\/wp-json\/wp\/v2\/tags?post=70582"},{"taxonomy":"thb-sponsors","embeddable":true,"href":"https:\/\/luxonomy.net\/es\/wp-json\/wp\/v2\/thb-sponsors?post=70582"}],"curies":[{"name":"wp","href":"https:\/\/api.w.org\/{rel}","templated":true}]}}