{"id":70562,"date":"2026-04-10T22:55:21","date_gmt":"2026-04-10T20:55:21","guid":{"rendered":"https:\/\/luxonomy.net\/?p=70562"},"modified":"2026-04-10T22:55:33","modified_gmt":"2026-04-10T20:55:33","slug":"guitarricadelafuente-ficha-como-nuevo-embajador-de-dior","status":"publish","type":"post","link":"https:\/\/luxonomy.net\/es\/guitarricadelafuente-ficha-como-nuevo-embajador-de-dior\/","title":{"rendered":"Guitarricadelafuente\u00a0ficha como nuevo embajador de Dior"},"content":{"rendered":"\n<p class=\"wp-block-paragraph\">La firma francesa Dior ha anunciado el fichaje del artista espa\u00f1ol Guitarricadelafuente como nuevo embajador global, consolidando su estrategia de acercamiento a una nueva generaci\u00f3n de creadores con identidad propia.<\/p>\n\n\n\n<p class=\"wp-block-paragraph\">El nombramiento, confirmado en abril de 2026, sit\u00faa al cantautor \u2014cuyo nombre real es \u00c1lvaro Lafuente\u2014 como uno de los rostros clave en la redefinici\u00f3n del \u201cnuevo hombre Dior\u201d, en plena etapa creativa liderada por el dise\u00f1ador Jonathan Anderson.<\/p>\n\n\n\n<h2 class=\"wp-block-heading\">Una elecci\u00f3n alineada con la nueva narrativa de Dior<\/h2>\n\n\n\n<p class=\"wp-block-paragraph\">La elecci\u00f3n no es casual. Dior lleva tiempo evolucionando su posicionamiento masculino hacia perfiles m\u00e1s culturales, menos tradicionales y con mayor carga art\u00edstica. En este contexto, Guitarricadelafuente encaja como una figura que combina tradici\u00f3n y modernidad, dos elementos clave en la narrativa actual de la maison.<\/p><div id=\"luxon-2043824343\" class=\"luxon-3er-parrafo luxon-entity-placement\" style=\"margin-top: 20px;margin-bottom: 20px;margin-left: auto;margin-right: auto;text-align: center;\"><a href=\"https:\/\/luxonomy.university\/course\/master-turismo-de-lujo\" target=\"_blank\" aria-label=\"master-turismo-lujo-2026-2027\"><img loading=\"lazy\" decoding=\"async\" src=\"https:\/\/i0.wp.com\/luxonomy.net\/wp-content\/uploads\/2020\/07\/master-turismo-lujo-2026-2027.jpg?fit=1672%2C941&#038;ssl=1\" alt=\"\"  srcset=\"https:\/\/i0.wp.com\/luxonomy.net\/wp-content\/uploads\/2020\/07\/master-turismo-lujo-2026-2027.jpg?w=1672&ssl=1 1672w, https:\/\/i0.wp.com\/luxonomy.net\/wp-content\/uploads\/2020\/07\/master-turismo-lujo-2026-2027.jpg?resize=300%2C169&ssl=1 300w, https:\/\/i0.wp.com\/luxonomy.net\/wp-content\/uploads\/2020\/07\/master-turismo-lujo-2026-2027.jpg?resize=1024%2C576&ssl=1 1024w, https:\/\/i0.wp.com\/luxonomy.net\/wp-content\/uploads\/2020\/07\/master-turismo-lujo-2026-2027.jpg?resize=768%2C432&ssl=1 768w, https:\/\/i0.wp.com\/luxonomy.net\/wp-content\/uploads\/2020\/07\/master-turismo-lujo-2026-2027.jpg?resize=1536%2C864&ssl=1 1536w, https:\/\/i0.wp.com\/luxonomy.net\/wp-content\/uploads\/2020\/07\/master-turismo-lujo-2026-2027.jpg?resize=370%2C208&ssl=1 370w, https:\/\/i0.wp.com\/luxonomy.net\/wp-content\/uploads\/2020\/07\/master-turismo-lujo-2026-2027.jpg?resize=800%2C450&ssl=1 800w, https:\/\/i0.wp.com\/luxonomy.net\/wp-content\/uploads\/2020\/07\/master-turismo-lujo-2026-2027.jpg?resize=20%2C11&ssl=1 20w, https:\/\/i0.wp.com\/luxonomy.net\/wp-content\/uploads\/2020\/07\/master-turismo-lujo-2026-2027.jpg?resize=740%2C416&ssl=1 740w, https:\/\/i0.wp.com\/luxonomy.net\/wp-content\/uploads\/2020\/07\/master-turismo-lujo-2026-2027.jpg?resize=1600%2C900&ssl=1 1600w, https:\/\/i0.wp.com\/luxonomy.net\/wp-content\/uploads\/2020\/07\/master-turismo-lujo-2026-2027.jpg?resize=1200%2C675&ssl=1 1200w, https:\/\/i0.wp.com\/luxonomy.net\/wp-content\/uploads\/2020\/07\/master-turismo-lujo-2026-2027.jpg?resize=85%2C48&ssl=1 85w\" sizes=\"(max-width: 1170px) 100vw, 1170px\" class=\"no-lazyload\" width=\"1672\" height=\"941\"   \/><\/a><\/div>\n\n\n\n<p class=\"wp-block-paragraph\">Desde la firma destacan su capacidad para reinterpretar el folclore espa\u00f1ol en clave contempor\u00e1nea, as\u00ed como su autenticidad y libertad creativa, valores que conectan directamente con el ADN de Dior.<\/p>\n\n\n\n<h2 class=\"wp-block-heading\">De los escenarios a las primeras filas de la moda<\/h2>\n\n\n\n<p class=\"wp-block-paragraph\">La relaci\u00f3n entre el artista y Dior no surge de forma repentina. Durante los \u00faltimos a\u00f1os, Guitarricadelafuente ha sido presencia habitual en los desfiles de la casa, especialmente desde la llegada de Jonathan Anderson, y ha incorporado piezas de la firma en sus conciertos y apariciones p\u00fablicas.<\/p>\n\n\n\n<p class=\"wp-block-paragraph\">Ese v\u00ednculo progresivo ha culminado ahora en un nombramiento oficial que, m\u00e1s que un acuerdo puntual, refleja una conexi\u00f3n est\u00e9tica y conceptual consolidada.<\/p>\n\n\n\n<h2 class=\"wp-block-heading\">Dior y Espa\u00f1a: una estrategia cada vez m\u00e1s clara<\/h2>\n\n\n\n<p class=\"wp-block-paragraph\">El fichaje tambi\u00e9n refuerza la creciente apuesta de Dior por el talento espa\u00f1ol. En los \u00faltimos a\u00f1os, la maison ha incorporado a figuras como Rosal\u00eda o Quim Guti\u00e9rrez, evidenciando un inter\u00e9s sostenido por el mercado y la cultura espa\u00f1ola.<\/p><div id=\"luxon-3664495503\" class=\"luxon-7-parrafo luxon-entity-placement\" style=\"margin-top: 20px;margin-bottom: 20px;margin-left: auto;margin-right: auto;text-align: center;\"><a href=\"https:\/\/theintelligence.institute\/course\/inteligencia-artificial-para-directivos\" target=\"_blank\" aria-label=\"CSIAD_empresas_THEI_horizontal_4x3_v5\"><img loading=\"lazy\" decoding=\"async\" src=\"https:\/\/i0.wp.com\/luxonomy.net\/wp-content\/uploads\/2025\/08\/CSIAD_empresas_THEI_horizontal_4x3_v5.png?fit=2000%2C1500&#038;ssl=1\" alt=\"\"  srcset=\"https:\/\/i0.wp.com\/luxonomy.net\/wp-content\/uploads\/2025\/08\/CSIAD_empresas_THEI_horizontal_4x3_v5.png?w=2000&ssl=1 2000w, https:\/\/i0.wp.com\/luxonomy.net\/wp-content\/uploads\/2025\/08\/CSIAD_empresas_THEI_horizontal_4x3_v5.png?resize=300%2C225&ssl=1 300w, https:\/\/i0.wp.com\/luxonomy.net\/wp-content\/uploads\/2025\/08\/CSIAD_empresas_THEI_horizontal_4x3_v5.png?resize=1024%2C768&ssl=1 1024w, https:\/\/i0.wp.com\/luxonomy.net\/wp-content\/uploads\/2025\/08\/CSIAD_empresas_THEI_horizontal_4x3_v5.png?resize=768%2C576&ssl=1 768w, https:\/\/i0.wp.com\/luxonomy.net\/wp-content\/uploads\/2025\/08\/CSIAD_empresas_THEI_horizontal_4x3_v5.png?resize=1536%2C1152&ssl=1 1536w, https:\/\/i0.wp.com\/luxonomy.net\/wp-content\/uploads\/2025\/08\/CSIAD_empresas_THEI_horizontal_4x3_v5.png?resize=370%2C278&ssl=1 370w, https:\/\/i0.wp.com\/luxonomy.net\/wp-content\/uploads\/2025\/08\/CSIAD_empresas_THEI_horizontal_4x3_v5.png?resize=800%2C600&ssl=1 800w, https:\/\/i0.wp.com\/luxonomy.net\/wp-content\/uploads\/2025\/08\/CSIAD_empresas_THEI_horizontal_4x3_v5.png?resize=20%2C15&ssl=1 20w, https:\/\/i0.wp.com\/luxonomy.net\/wp-content\/uploads\/2025\/08\/CSIAD_empresas_THEI_horizontal_4x3_v5.png?resize=740%2C555&ssl=1 740w, https:\/\/i0.wp.com\/luxonomy.net\/wp-content\/uploads\/2025\/08\/CSIAD_empresas_THEI_horizontal_4x3_v5.png?resize=1600%2C1200&ssl=1 1600w, https:\/\/i0.wp.com\/luxonomy.net\/wp-content\/uploads\/2025\/08\/CSIAD_empresas_THEI_horizontal_4x3_v5.png?resize=1200%2C900&ssl=1 1200w, https:\/\/i0.wp.com\/luxonomy.net\/wp-content\/uploads\/2025\/08\/CSIAD_empresas_THEI_horizontal_4x3_v5.png?resize=64%2C48&ssl=1 64w\" sizes=\"(max-width: 1170px) 100vw, 1170px\" class=\"no-lazyload\" width=\"2000\" height=\"1500\"   \/><\/a><\/div>\n\n\n\n<p class=\"wp-block-paragraph\">En este contexto, Guitarricadelafuente se posiciona como uno de los nuevos referentes culturales capaces de conectar con audiencias globales sin perder una identidad profundamente local.<\/p>\n\n\n\n<h2 class=\"wp-block-heading\">M\u00e1s que un embajador: un s\u00edmbolo de cambio<\/h2>\n\n\n\n<p class=\"wp-block-paragraph\">Con apenas 29 a\u00f1os, el artista representa una generaci\u00f3n que valora la autenticidad por encima de la perfecci\u00f3n, y que entiende la moda como una extensi\u00f3n de su narrativa personal.<\/p>\n\n\n\n<p class=\"wp-block-paragraph\">Su incorporaci\u00f3n a Dior no solo refuerza su proyecci\u00f3n internacional, sino que tambi\u00e9n confirma un cambio de paradigma en el lujo: menos aspiracional cl\u00e1sico y m\u00e1s conexi\u00f3n emocional, cultural y generacional.<\/p>\n\n\n\n<p class=\"wp-block-paragraph\">En definitiva, Dior no ha fichado solo a un m\u00fasico, sino a un s\u00edmbolo de hacia d\u00f3nde se dirige el lujo contempor\u00e1neo.<\/p>\n\n\n","protected":false},"excerpt":{"rendered":"<p>El nombramiento, confirmado en abril de 2026, sit\u00faa al cantautor \u2014cuyo nombre real es \u00c1lvaro Lafuente\u2014 como uno de los rostros clave en la redefinici\u00f3n del \u201cnuevo hombre Dior\u201d, en plena etapa creativa liderada por el dise\u00f1ador Jonathan Anderson.<\/p>\n","protected":false},"author":10,"featured_media":70563,"comment_status":"open","ping_status":"open","sticky":false,"template":"","format":"standard","meta":{"_jetpack_newsletter_access":"","_jetpack_dont_email_post_to_subs":false,"_jetpack_newsletter_tier_id":0,"_jetpack_memberships_contains_paywalled_content":false,"_jetpack_feature_clip_id":0,"_jetpack_memberships_contains_paid_content":false,"footnotes":"","jetpack_publicize_message":"Guitarricadelafuente\u00a0ficha como nuevo embajador de Dior\nEl nombramiento, confirmado en abril de 2026, sit\u00faa al cantautor \u2014cuyo nombre real es \u00c1lvaro Lafuente\u2014 como uno de los rostros clave en la redefinici\u00f3n del \u201cnuevo hombre Dior\u201d, en plena etapa creativa liderada por el dise\u00f1ador Jonathan Anderson.","jetpack_publicize_feature_enabled":true,"jetpack_social_post_already_shared":true,"jetpack_social_options":{"image_generator_settings":{"template":"edge","default_image_id":0,"font":"","enabled":false},"version":2},"jetpack_post_was_ever_published":false},"categories":[1672,534],"tags":[699,10121,586],"thb-sponsors":[],"class_list":["post-70562","post","type-post","status-publish","format-standard","has-post-thumbnail","hentry","category-actualidad","category-moda","tag-dior","tag-guitarricadelafuente","tag-moda"],"yoast_head":"<!-- This site is optimized with the Yoast SEO plugin v28.3 - https:\/\/yoast.com\/product\/yoast-seo-wordpress\/ -->\n<title>Guitarricadelafuente\u00a0ficha como nuevo embajador de Dior | LUXONOMY<\/title>\n<meta name=\"robots\" content=\"index, follow, max-snippet:-1, max-image-preview:large, max-video-preview:-1\" \/>\n<link rel=\"canonical\" href=\"https:\/\/luxonomy.net\/es\/guitarricadelafuente-ficha-como-nuevo-embajador-de-dior\/\" \/>\n<meta property=\"og:locale\" content=\"es_ES\" \/>\n<meta property=\"og:type\" content=\"article\" \/>\n<meta property=\"og:title\" content=\"Guitarricadelafuente\u00a0ficha como nuevo embajador de Dior | LUXONOMY\" \/>\n<meta property=\"og:description\" content=\"El nombramiento, confirmado en abril de 2026, sit\u00faa al cantautor \u2014cuyo nombre real es \u00c1lvaro Lafuente\u2014 como uno de los rostros clave en la redefinici\u00f3n del \u201cnuevo hombre Dior\u201d, en plena etapa creativa liderada por el dise\u00f1ador Jonathan Anderson.\" \/>\n<meta property=\"og:url\" content=\"https:\/\/luxonomy.net\/es\/guitarricadelafuente-ficha-como-nuevo-embajador-de-dior\/\" \/>\n<meta property=\"og:site_name\" content=\"LUXONOMY\" \/>\n<meta property=\"article:publisher\" content=\"https:\/\/www.facebook.com\/luxonomy\" \/>\n<meta property=\"article:published_time\" content=\"2026-04-10T20:55:21+00:00\" \/>\n<meta property=\"article:modified_time\" content=\"2026-04-10T20:55:33+00:00\" \/>\n<meta property=\"og:image\" content=\"https:\/\/luxonomy.net\/wp-content\/uploads\/2026\/04\/guitarrica.webp\" \/>\n\t<meta property=\"og:image:width\" content=\"1280\" \/>\n\t<meta property=\"og:image:height\" content=\"720\" \/>\n\t<meta property=\"og:image:type\" content=\"image\/webp\" \/>\n<meta name=\"author\" content=\"Chiara Gabardi\" \/>\n<meta name=\"twitter:card\" content=\"summary_large_image\" \/>\n<meta name=\"twitter:label1\" content=\"Escrito por\" \/>\n\t<meta name=\"twitter:data1\" content=\"Chiara Gabardi\" \/>\n\t<meta name=\"twitter:label2\" content=\"Tiempo de lectura\" \/>\n\t<meta name=\"twitter:data2\" content=\"3 minutos\" \/>\n<script type=\"application\/ld+json\" class=\"yoast-schema-graph\">{\"@context\":\"https:\\\/\\\/schema.org\",\"@graph\":[{\"@type\":\"Article\",\"@id\":\"https:\\\/\\\/luxonomy.net\\\/es\\\/guitarricadelafuente-ficha-como-nuevo-embajador-de-dior\\\/#article\",\"isPartOf\":{\"@id\":\"https:\\\/\\\/luxonomy.net\\\/es\\\/guitarricadelafuente-ficha-como-nuevo-embajador-de-dior\\\/\"},\"author\":{\"name\":\"Chiara Gabardi\",\"@id\":\"https:\\\/\\\/luxonomy.net\\\/es\\\/#\\\/schema\\\/person\\\/9d526ffe93a0cc9cecc91760f49da3ef\"},\"headline\":\"Guitarricadelafuente\u00a0ficha como nuevo embajador de Dior\",\"datePublished\":\"2026-04-10T20:55:21+00:00\",\"dateModified\":\"2026-04-10T20:55:33+00:00\",\"mainEntityOfPage\":{\"@id\":\"https:\\\/\\\/luxonomy.net\\\/es\\\/guitarricadelafuente-ficha-como-nuevo-embajador-de-dior\\\/\"},\"wordCount\":447,\"commentCount\":0,\"publisher\":{\"@id\":\"https:\\\/\\\/luxonomy.net\\\/es\\\/#organization\"},\"image\":{\"@id\":\"https:\\\/\\\/luxonomy.net\\\/es\\\/guitarricadelafuente-ficha-como-nuevo-embajador-de-dior\\\/#primaryimage\"},\"thumbnailUrl\":\"https:\\\/\\\/i0.wp.com\\\/luxonomy.net\\\/wp-content\\\/uploads\\\/2026\\\/04\\\/guitarrica.webp?fit=1280%2C720&ssl=1\",\"keywords\":[\"Dior\",\"Guitarricadelafuente\",\"Moda\"],\"articleSection\":[\"Actualidad\",\"Moda\"],\"inLanguage\":\"es\",\"potentialAction\":[{\"@type\":\"CommentAction\",\"name\":\"Comment\",\"target\":[\"https:\\\/\\\/luxonomy.net\\\/es\\\/guitarricadelafuente-ficha-como-nuevo-embajador-de-dior\\\/#respond\"]}]},{\"@type\":\"WebPage\",\"@id\":\"https:\\\/\\\/luxonomy.net\\\/es\\\/guitarricadelafuente-ficha-como-nuevo-embajador-de-dior\\\/\",\"url\":\"https:\\\/\\\/luxonomy.net\\\/es\\\/guitarricadelafuente-ficha-como-nuevo-embajador-de-dior\\\/\",\"name\":\"Guitarricadelafuente\u00a0ficha como nuevo embajador de Dior | LUXONOMY\",\"isPartOf\":{\"@id\":\"https:\\\/\\\/luxonomy.net\\\/es\\\/#website\"},\"primaryImageOfPage\":{\"@id\":\"https:\\\/\\\/luxonomy.net\\\/es\\\/guitarricadelafuente-ficha-como-nuevo-embajador-de-dior\\\/#primaryimage\"},\"image\":{\"@id\":\"https:\\\/\\\/luxonomy.net\\\/es\\\/guitarricadelafuente-ficha-como-nuevo-embajador-de-dior\\\/#primaryimage\"},\"thumbnailUrl\":\"https:\\\/\\\/i0.wp.com\\\/luxonomy.net\\\/wp-content\\\/uploads\\\/2026\\\/04\\\/guitarrica.webp?fit=1280%2C720&ssl=1\",\"datePublished\":\"2026-04-10T20:55:21+00:00\",\"dateModified\":\"2026-04-10T20:55:33+00:00\",\"breadcrumb\":{\"@id\":\"https:\\\/\\\/luxonomy.net\\\/es\\\/guitarricadelafuente-ficha-como-nuevo-embajador-de-dior\\\/#breadcrumb\"},\"inLanguage\":\"es\",\"potentialAction\":[{\"@type\":\"ReadAction\",\"target\":[\"https:\\\/\\\/luxonomy.net\\\/es\\\/guitarricadelafuente-ficha-como-nuevo-embajador-de-dior\\\/\"]}]},{\"@type\":\"ImageObject\",\"inLanguage\":\"es\",\"@id\":\"https:\\\/\\\/luxonomy.net\\\/es\\\/guitarricadelafuente-ficha-como-nuevo-embajador-de-dior\\\/#primaryimage\",\"url\":\"https:\\\/\\\/i0.wp.com\\\/luxonomy.net\\\/wp-content\\\/uploads\\\/2026\\\/04\\\/guitarrica.webp?fit=1280%2C720&ssl=1\",\"contentUrl\":\"https:\\\/\\\/i0.wp.com\\\/luxonomy.net\\\/wp-content\\\/uploads\\\/2026\\\/04\\\/guitarrica.webp?fit=1280%2C720&ssl=1\",\"width\":1280,\"height\":720},{\"@type\":\"BreadcrumbList\",\"@id\":\"https:\\\/\\\/luxonomy.net\\\/es\\\/guitarricadelafuente-ficha-como-nuevo-embajador-de-dior\\\/#breadcrumb\",\"itemListElement\":[{\"@type\":\"ListItem\",\"position\":1,\"name\":\"Portada\",\"item\":\"https:\\\/\\\/luxonomy.net\\\/es\\\/\"},{\"@type\":\"ListItem\",\"position\":2,\"name\":\"Guitarricadelafuente\u00a0ficha como nuevo embajador de Dior\"}]},{\"@type\":\"WebSite\",\"@id\":\"https:\\\/\\\/luxonomy.net\\\/es\\\/#website\",\"url\":\"https:\\\/\\\/luxonomy.net\\\/es\\\/\",\"name\":\"LUXONOMY\",\"description\":\"The Economy of Fashion &amp; Luxury\",\"publisher\":{\"@id\":\"https:\\\/\\\/luxonomy.net\\\/es\\\/#organization\"},\"potentialAction\":[{\"@type\":\"SearchAction\",\"target\":{\"@type\":\"EntryPoint\",\"urlTemplate\":\"https:\\\/\\\/luxonomy.net\\\/es\\\/?s={search_term_string}\"},\"query-input\":{\"@type\":\"PropertyValueSpecification\",\"valueRequired\":true,\"valueName\":\"search_term_string\"}}],\"inLanguage\":\"es\"},{\"@type\":\"Organization\",\"@id\":\"https:\\\/\\\/luxonomy.net\\\/es\\\/#organization\",\"name\":\"LUXONOMY\",\"url\":\"https:\\\/\\\/luxonomy.net\\\/es\\\/\",\"logo\":{\"@type\":\"ImageObject\",\"inLanguage\":\"es\",\"@id\":\"https:\\\/\\\/luxonomy.net\\\/es\\\/#\\\/schema\\\/logo\\\/image\\\/\",\"url\":\"https:\\\/\\\/i2.wp.com\\\/luxonomy.net\\\/wp-content\\\/uploads\\\/2021\\\/09\\\/MOCKUP-TODOS-LUXONOMY.jpg?fit=1000%2C515&ssl=1\",\"contentUrl\":\"https:\\\/\\\/i2.wp.com\\\/luxonomy.net\\\/wp-content\\\/uploads\\\/2021\\\/09\\\/MOCKUP-TODOS-LUXONOMY.jpg?fit=1000%2C515&ssl=1\",\"width\":1000,\"height\":515,\"caption\":\"LUXONOMY\"},\"image\":{\"@id\":\"https:\\\/\\\/luxonomy.net\\\/es\\\/#\\\/schema\\\/logo\\\/image\\\/\"},\"sameAs\":[\"https:\\\/\\\/www.facebook.com\\\/luxonomy\",\"https:\\\/\\\/www.instagram.com\\\/luxonomy\\\/\",\"https:\\\/\\\/www.linkedin.com\\\/company\\\/luxonomy\\\/\"]},{\"@type\":\"Person\",\"@id\":\"https:\\\/\\\/luxonomy.net\\\/es\\\/#\\\/schema\\\/person\\\/9d526ffe93a0cc9cecc91760f49da3ef\",\"name\":\"Chiara Gabardi\",\"image\":{\"@type\":\"ImageObject\",\"inLanguage\":\"es\",\"@id\":\"https:\\\/\\\/luxonomy.net\\\/wp-content\\\/litespeed\\\/avatar\\\/548640c4e2c34544e66c65ab1641a5d7.jpg?ver=1787976300\",\"url\":\"https:\\\/\\\/luxonomy.net\\\/wp-content\\\/litespeed\\\/avatar\\\/548640c4e2c34544e66c65ab1641a5d7.jpg?ver=1787976300\",\"contentUrl\":\"https:\\\/\\\/luxonomy.net\\\/wp-content\\\/litespeed\\\/avatar\\\/548640c4e2c34544e66c65ab1641a5d7.jpg?ver=1787976300\",\"caption\":\"Chiara Gabardi\"},\"description\":\"Editor at LUXONOMY\u2122 Group\",\"url\":\"https:\\\/\\\/luxonomy.net\\\/es\\\/author\\\/chiara-gabardi\\\/\"}]}<\/script>\n<!-- \/ Yoast SEO plugin. -->","yoast_head_json":{"title":"Guitarricadelafuente\u00a0ficha como nuevo embajador de Dior | LUXONOMY","robots":{"index":"index","follow":"follow","max-snippet":"max-snippet:-1","max-image-preview":"max-image-preview:large","max-video-preview":"max-video-preview:-1"},"canonical":"https:\/\/luxonomy.net\/es\/guitarricadelafuente-ficha-como-nuevo-embajador-de-dior\/","og_locale":"es_ES","og_type":"article","og_title":"Guitarricadelafuente\u00a0ficha como nuevo embajador de Dior | LUXONOMY","og_description":"El nombramiento, confirmado en abril de 2026, sit\u00faa al cantautor \u2014cuyo nombre real es \u00c1lvaro Lafuente\u2014 como uno de los rostros clave en la redefinici\u00f3n del \u201cnuevo hombre Dior\u201d, en plena etapa creativa liderada por el dise\u00f1ador Jonathan Anderson.","og_url":"https:\/\/luxonomy.net\/es\/guitarricadelafuente-ficha-como-nuevo-embajador-de-dior\/","og_site_name":"LUXONOMY","article_publisher":"https:\/\/www.facebook.com\/luxonomy","article_published_time":"2026-04-10T20:55:21+00:00","article_modified_time":"2026-04-10T20:55:33+00:00","og_image":[{"width":1280,"height":720,"url":"https:\/\/luxonomy.net\/wp-content\/uploads\/2026\/04\/guitarrica.webp","type":"image\/webp"}],"author":"Chiara Gabardi","twitter_card":"summary_large_image","twitter_misc":{"Escrito por":"Chiara Gabardi","Tiempo de lectura":"3 minutos"},"schema":{"@context":"https:\/\/schema.org","@graph":[{"@type":"Article","@id":"https:\/\/luxonomy.net\/es\/guitarricadelafuente-ficha-como-nuevo-embajador-de-dior\/#article","isPartOf":{"@id":"https:\/\/luxonomy.net\/es\/guitarricadelafuente-ficha-como-nuevo-embajador-de-dior\/"},"author":{"name":"Chiara Gabardi","@id":"https:\/\/luxonomy.net\/es\/#\/schema\/person\/9d526ffe93a0cc9cecc91760f49da3ef"},"headline":"Guitarricadelafuente\u00a0ficha como nuevo embajador de Dior","datePublished":"2026-04-10T20:55:21+00:00","dateModified":"2026-04-10T20:55:33+00:00","mainEntityOfPage":{"@id":"https:\/\/luxonomy.net\/es\/guitarricadelafuente-ficha-como-nuevo-embajador-de-dior\/"},"wordCount":447,"commentCount":0,"publisher":{"@id":"https:\/\/luxonomy.net\/es\/#organization"},"image":{"@id":"https:\/\/luxonomy.net\/es\/guitarricadelafuente-ficha-como-nuevo-embajador-de-dior\/#primaryimage"},"thumbnailUrl":"https:\/\/i0.wp.com\/luxonomy.net\/wp-content\/uploads\/2026\/04\/guitarrica.webp?fit=1280%2C720&ssl=1","keywords":["Dior","Guitarricadelafuente","Moda"],"articleSection":["Actualidad","Moda"],"inLanguage":"es","potentialAction":[{"@type":"CommentAction","name":"Comment","target":["https:\/\/luxonomy.net\/es\/guitarricadelafuente-ficha-como-nuevo-embajador-de-dior\/#respond"]}]},{"@type":"WebPage","@id":"https:\/\/luxonomy.net\/es\/guitarricadelafuente-ficha-como-nuevo-embajador-de-dior\/","url":"https:\/\/luxonomy.net\/es\/guitarricadelafuente-ficha-como-nuevo-embajador-de-dior\/","name":"Guitarricadelafuente\u00a0ficha como nuevo embajador de Dior | LUXONOMY","isPartOf":{"@id":"https:\/\/luxonomy.net\/es\/#website"},"primaryImageOfPage":{"@id":"https:\/\/luxonomy.net\/es\/guitarricadelafuente-ficha-como-nuevo-embajador-de-dior\/#primaryimage"},"image":{"@id":"https:\/\/luxonomy.net\/es\/guitarricadelafuente-ficha-como-nuevo-embajador-de-dior\/#primaryimage"},"thumbnailUrl":"https:\/\/i0.wp.com\/luxonomy.net\/wp-content\/uploads\/2026\/04\/guitarrica.webp?fit=1280%2C720&ssl=1","datePublished":"2026-04-10T20:55:21+00:00","dateModified":"2026-04-10T20:55:33+00:00","breadcrumb":{"@id":"https:\/\/luxonomy.net\/es\/guitarricadelafuente-ficha-como-nuevo-embajador-de-dior\/#breadcrumb"},"inLanguage":"es","potentialAction":[{"@type":"ReadAction","target":["https:\/\/luxonomy.net\/es\/guitarricadelafuente-ficha-como-nuevo-embajador-de-dior\/"]}]},{"@type":"ImageObject","inLanguage":"es","@id":"https:\/\/luxonomy.net\/es\/guitarricadelafuente-ficha-como-nuevo-embajador-de-dior\/#primaryimage","url":"https:\/\/i0.wp.com\/luxonomy.net\/wp-content\/uploads\/2026\/04\/guitarrica.webp?fit=1280%2C720&ssl=1","contentUrl":"https:\/\/i0.wp.com\/luxonomy.net\/wp-content\/uploads\/2026\/04\/guitarrica.webp?fit=1280%2C720&ssl=1","width":1280,"height":720},{"@type":"BreadcrumbList","@id":"https:\/\/luxonomy.net\/es\/guitarricadelafuente-ficha-como-nuevo-embajador-de-dior\/#breadcrumb","itemListElement":[{"@type":"ListItem","position":1,"name":"Portada","item":"https:\/\/luxonomy.net\/es\/"},{"@type":"ListItem","position":2,"name":"Guitarricadelafuente\u00a0ficha como nuevo embajador de Dior"}]},{"@type":"WebSite","@id":"https:\/\/luxonomy.net\/es\/#website","url":"https:\/\/luxonomy.net\/es\/","name":"LUXONOMY","description":"The Economy of Fashion &amp; Luxury","publisher":{"@id":"https:\/\/luxonomy.net\/es\/#organization"},"potentialAction":[{"@type":"SearchAction","target":{"@type":"EntryPoint","urlTemplate":"https:\/\/luxonomy.net\/es\/?s={search_term_string}"},"query-input":{"@type":"PropertyValueSpecification","valueRequired":true,"valueName":"search_term_string"}}],"inLanguage":"es"},{"@type":"Organization","@id":"https:\/\/luxonomy.net\/es\/#organization","name":"LUXONOMY","url":"https:\/\/luxonomy.net\/es\/","logo":{"@type":"ImageObject","inLanguage":"es","@id":"https:\/\/luxonomy.net\/es\/#\/schema\/logo\/image\/","url":"https:\/\/i2.wp.com\/luxonomy.net\/wp-content\/uploads\/2021\/09\/MOCKUP-TODOS-LUXONOMY.jpg?fit=1000%2C515&ssl=1","contentUrl":"https:\/\/i2.wp.com\/luxonomy.net\/wp-content\/uploads\/2021\/09\/MOCKUP-TODOS-LUXONOMY.jpg?fit=1000%2C515&ssl=1","width":1000,"height":515,"caption":"LUXONOMY"},"image":{"@id":"https:\/\/luxonomy.net\/es\/#\/schema\/logo\/image\/"},"sameAs":["https:\/\/www.facebook.com\/luxonomy","https:\/\/www.instagram.com\/luxonomy\/","https:\/\/www.linkedin.com\/company\/luxonomy\/"]},{"@type":"Person","@id":"https:\/\/luxonomy.net\/es\/#\/schema\/person\/9d526ffe93a0cc9cecc91760f49da3ef","name":"Chiara Gabardi","image":{"@type":"ImageObject","inLanguage":"es","@id":"https:\/\/luxonomy.net\/wp-content\/litespeed\/avatar\/548640c4e2c34544e66c65ab1641a5d7.jpg?ver=1787976300","url":"https:\/\/luxonomy.net\/wp-content\/litespeed\/avatar\/548640c4e2c34544e66c65ab1641a5d7.jpg?ver=1787976300","contentUrl":"https:\/\/luxonomy.net\/wp-content\/litespeed\/avatar\/548640c4e2c34544e66c65ab1641a5d7.jpg?ver=1787976300","caption":"Chiara Gabardi"},"description":"Editor at LUXONOMY\u2122 Group","url":"https:\/\/luxonomy.net\/es\/author\/chiara-gabardi\/"}]}},"jetpack_publicize_connections":[],"jetpack_shortlink":"https:\/\/wp.me\/paPhBa-im6","jetpack_sharing_enabled":true,"jetpack_featured_media_url":"https:\/\/i0.wp.com\/luxonomy.net\/wp-content\/uploads\/2026\/04\/guitarrica.webp?fit=1280%2C720&ssl=1","_links":{"self":[{"href":"https:\/\/luxonomy.net\/es\/wp-json\/wp\/v2\/posts\/70562","targetHints":{"allow":["GET"]}}],"collection":[{"href":"https:\/\/luxonomy.net\/es\/wp-json\/wp\/v2\/posts"}],"about":[{"href":"https:\/\/luxonomy.net\/es\/wp-json\/wp\/v2\/types\/post"}],"author":[{"embeddable":true,"href":"https:\/\/luxonomy.net\/es\/wp-json\/wp\/v2\/users\/10"}],"replies":[{"embeddable":true,"href":"https:\/\/luxonomy.net\/es\/wp-json\/wp\/v2\/comments?post=70562"}],"version-history":[{"count":1,"href":"https:\/\/luxonomy.net\/es\/wp-json\/wp\/v2\/posts\/70562\/revisions"}],"predecessor-version":[{"id":70564,"href":"https:\/\/luxonomy.net\/es\/wp-json\/wp\/v2\/posts\/70562\/revisions\/70564"}],"wp:featuredmedia":[{"embeddable":true,"href":"https:\/\/luxonomy.net\/es\/wp-json\/wp\/v2\/media\/70563"}],"wp:attachment":[{"href":"https:\/\/luxonomy.net\/es\/wp-json\/wp\/v2\/media?parent=70562"}],"wp:term":[{"taxonomy":"category","embeddable":true,"href":"https:\/\/luxonomy.net\/es\/wp-json\/wp\/v2\/categories?post=70562"},{"taxonomy":"post_tag","embeddable":true,"href":"https:\/\/luxonomy.net\/es\/wp-json\/wp\/v2\/tags?post=70562"},{"taxonomy":"thb-sponsors","embeddable":true,"href":"https:\/\/luxonomy.net\/es\/wp-json\/wp\/v2\/thb-sponsors?post=70562"}],"curies":[{"name":"wp","href":"https:\/\/api.w.org\/{rel}","templated":true}]}}