{"id":70446,"date":"2026-03-29T21:16:25","date_gmt":"2026-03-29T19:16:25","guid":{"rendered":"https:\/\/luxonomy.net\/?p=70446"},"modified":"2026-03-31T11:44:56","modified_gmt":"2026-03-31T09:44:56","slug":"hugo-boss-impulsa-su-estrategia-global-con-el-lanzamiento-de-la-nueva-coleccion-boss-by-beckham-primavera-verano-2026","status":"publish","type":"post","link":"https:\/\/luxonomy.net\/es\/hugo-boss-impulsa-su-estrategia-global-con-el-lanzamiento-de-la-nueva-coleccion-boss-by-beckham-primavera-verano-2026\/","title":{"rendered":"Hugo Boss impulsa su estrategia global con el lanzamiento de la nueva colecci\u00f3n BOSS by Beckham Primavera\/Verano 2026"},"content":{"rendered":"\n<p class=\"wp-block-paragraph\">El grupo alem\u00e1n Hugo Boss ha presentado oficialmente su nueva colecci\u00f3n <strong>BOSS by Beckham Primavera\/Verano 2026<\/strong>, consolidando una de las colaboraciones m\u00e1s estrat\u00e9gicas del lujo contempor\u00e1neo junto a David Beckham, quien ejerce como Creative Style Director dentro del proyecto.<\/p>\n\n\n\n<p class=\"wp-block-paragraph\">La colecci\u00f3n representa el siguiente paso en una alianza que va mucho m\u00e1s all\u00e1 del endorsement tradicional, posicion\u00e1ndose como un modelo h\u00edbrido entre direcci\u00f3n creativa, branding global y construcci\u00f3n de producto. Este lanzamiento refuerza la ambici\u00f3n de la firma de redefinir su identidad en el segmento premium masculino, en un momento en el que el lujo busca nuevas f\u00f3rmulas de conexi\u00f3n con el consumidor global.<\/p>\n\n\n\n<h3 class=\"wp-block-heading\">Un armario masculino pensado para el nuevo lujo<\/h3>\n\n\n\n<p class=\"wp-block-paragraph\">La propuesta para Primavera\/Verano 2026 se articula en torno a un concepto claro: <strong>versatilidad absoluta en el vestir contempor\u00e1neo<\/strong>. La colecci\u00f3n abarca desde sastrer\u00eda hasta casualwear y prendas estivales, con el objetivo de acompa\u00f1ar todos los momentos del d\u00eda con coherencia est\u00e9tica.<\/p><div id=\"luxon-4239036486\" class=\"luxon-3er-parrafo luxon-entity-placement\" style=\"margin-top: 20px;margin-bottom: 20px;margin-left: auto;margin-right: auto;text-align: center;\"><a href=\"https:\/\/luxonomy.university\/course\/master-turismo-de-lujo\" target=\"_blank\" aria-label=\"master-turismo-lujo-2026-2027\"><img loading=\"lazy\" decoding=\"async\" src=\"https:\/\/i0.wp.com\/luxonomy.net\/wp-content\/uploads\/2020\/07\/master-turismo-lujo-2026-2027.jpg?fit=1672%2C941&#038;ssl=1\" alt=\"\"  srcset=\"https:\/\/i0.wp.com\/luxonomy.net\/wp-content\/uploads\/2020\/07\/master-turismo-lujo-2026-2027.jpg?w=1672&ssl=1 1672w, https:\/\/i0.wp.com\/luxonomy.net\/wp-content\/uploads\/2020\/07\/master-turismo-lujo-2026-2027.jpg?resize=300%2C169&ssl=1 300w, https:\/\/i0.wp.com\/luxonomy.net\/wp-content\/uploads\/2020\/07\/master-turismo-lujo-2026-2027.jpg?resize=1024%2C576&ssl=1 1024w, https:\/\/i0.wp.com\/luxonomy.net\/wp-content\/uploads\/2020\/07\/master-turismo-lujo-2026-2027.jpg?resize=768%2C432&ssl=1 768w, https:\/\/i0.wp.com\/luxonomy.net\/wp-content\/uploads\/2020\/07\/master-turismo-lujo-2026-2027.jpg?resize=1536%2C864&ssl=1 1536w, https:\/\/i0.wp.com\/luxonomy.net\/wp-content\/uploads\/2020\/07\/master-turismo-lujo-2026-2027.jpg?resize=370%2C208&ssl=1 370w, https:\/\/i0.wp.com\/luxonomy.net\/wp-content\/uploads\/2020\/07\/master-turismo-lujo-2026-2027.jpg?resize=800%2C450&ssl=1 800w, https:\/\/i0.wp.com\/luxonomy.net\/wp-content\/uploads\/2020\/07\/master-turismo-lujo-2026-2027.jpg?resize=20%2C11&ssl=1 20w, https:\/\/i0.wp.com\/luxonomy.net\/wp-content\/uploads\/2020\/07\/master-turismo-lujo-2026-2027.jpg?resize=740%2C416&ssl=1 740w, https:\/\/i0.wp.com\/luxonomy.net\/wp-content\/uploads\/2020\/07\/master-turismo-lujo-2026-2027.jpg?resize=1600%2C900&ssl=1 1600w, https:\/\/i0.wp.com\/luxonomy.net\/wp-content\/uploads\/2020\/07\/master-turismo-lujo-2026-2027.jpg?resize=1200%2C675&ssl=1 1200w, https:\/\/i0.wp.com\/luxonomy.net\/wp-content\/uploads\/2020\/07\/master-turismo-lujo-2026-2027.jpg?resize=85%2C48&ssl=1 85w\" sizes=\"(max-width: 1170px) 100vw, 1170px\" class=\"no-lazyload\" width=\"1672\" height=\"941\"   \/><\/a><\/div>\n\n\n\n<p class=\"wp-block-paragraph\">Lejos de construir una colecci\u00f3n basada en tendencias ef\u00edmeras, BOSS apuesta por un enfoque estructural del armario masculino, donde cada prenda responde a una l\u00f3gica de uso real y continuidad en el tiempo. Esta filosof\u00eda conecta con una transformaci\u00f3n profunda del lujo: menos rotaci\u00f3n, m\u00e1s criterio.<\/p>\n\n\n\n<p class=\"wp-block-paragraph\">Los dise\u00f1os incorporan tejidos premium pensados para el verano \u2014mezclas ligeras, algodones refinados, lino y estructuras suaves\u2014 que equilibran elegancia y funcionalidad.<\/p>\n\n\n\n<p class=\"wp-block-paragraph\">El resultado es una colecci\u00f3n que fluye entre lo formal y lo relajado, eliminando las barreras tradicionales entre ambos universos y redefiniendo el concepto de elegancia masculina.<\/p>\n\n\n\n<h3 class=\"wp-block-heading\">La evoluci\u00f3n de la sastrer\u00eda: del poder al movimiento<\/h3>\n\n\n\n<p class=\"wp-block-paragraph\">Uno de los ejes centrales de la colecci\u00f3n es la reinterpretaci\u00f3n de la sastrer\u00eda. Las siluetas abandonan la rigidez cl\u00e1sica para adaptarse al cuerpo y al estilo de vida actual, con trajes concebidos no para imponer autoridad, sino para integrarse en el d\u00eda a d\u00eda.<\/p><div id=\"luxon-673677270\" class=\"luxon-7-parrafo luxon-entity-placement\" style=\"margin-top: 20px;margin-bottom: 20px;margin-left: auto;margin-right: auto;text-align: center;\"><a href=\"https:\/\/theintelligence.institute\/course\/inteligencia-artificial-para-directivos\" target=\"_blank\" aria-label=\"CSIAD_empresas_THEI_horizontal_4x3_v5\"><img loading=\"lazy\" decoding=\"async\" src=\"https:\/\/i0.wp.com\/luxonomy.net\/wp-content\/uploads\/2025\/08\/CSIAD_empresas_THEI_horizontal_4x3_v5.png?fit=2000%2C1500&#038;ssl=1\" alt=\"\"  srcset=\"https:\/\/i0.wp.com\/luxonomy.net\/wp-content\/uploads\/2025\/08\/CSIAD_empresas_THEI_horizontal_4x3_v5.png?w=2000&ssl=1 2000w, https:\/\/i0.wp.com\/luxonomy.net\/wp-content\/uploads\/2025\/08\/CSIAD_empresas_THEI_horizontal_4x3_v5.png?resize=300%2C225&ssl=1 300w, https:\/\/i0.wp.com\/luxonomy.net\/wp-content\/uploads\/2025\/08\/CSIAD_empresas_THEI_horizontal_4x3_v5.png?resize=1024%2C768&ssl=1 1024w, https:\/\/i0.wp.com\/luxonomy.net\/wp-content\/uploads\/2025\/08\/CSIAD_empresas_THEI_horizontal_4x3_v5.png?resize=768%2C576&ssl=1 768w, https:\/\/i0.wp.com\/luxonomy.net\/wp-content\/uploads\/2025\/08\/CSIAD_empresas_THEI_horizontal_4x3_v5.png?resize=1536%2C1152&ssl=1 1536w, https:\/\/i0.wp.com\/luxonomy.net\/wp-content\/uploads\/2025\/08\/CSIAD_empresas_THEI_horizontal_4x3_v5.png?resize=370%2C278&ssl=1 370w, https:\/\/i0.wp.com\/luxonomy.net\/wp-content\/uploads\/2025\/08\/CSIAD_empresas_THEI_horizontal_4x3_v5.png?resize=800%2C600&ssl=1 800w, https:\/\/i0.wp.com\/luxonomy.net\/wp-content\/uploads\/2025\/08\/CSIAD_empresas_THEI_horizontal_4x3_v5.png?resize=20%2C15&ssl=1 20w, https:\/\/i0.wp.com\/luxonomy.net\/wp-content\/uploads\/2025\/08\/CSIAD_empresas_THEI_horizontal_4x3_v5.png?resize=740%2C555&ssl=1 740w, https:\/\/i0.wp.com\/luxonomy.net\/wp-content\/uploads\/2025\/08\/CSIAD_empresas_THEI_horizontal_4x3_v5.png?resize=1600%2C1200&ssl=1 1600w, https:\/\/i0.wp.com\/luxonomy.net\/wp-content\/uploads\/2025\/08\/CSIAD_empresas_THEI_horizontal_4x3_v5.png?resize=1200%2C900&ssl=1 1200w, https:\/\/i0.wp.com\/luxonomy.net\/wp-content\/uploads\/2025\/08\/CSIAD_empresas_THEI_horizontal_4x3_v5.png?resize=64%2C48&ssl=1 64w\" sizes=\"(max-width: 1170px) 100vw, 1170px\" class=\"no-lazyload\" width=\"2000\" height=\"1500\"   \/><\/a><\/div>\n\n\n\n<p class=\"wp-block-paragraph\">Esta evoluci\u00f3n refleja una tendencia estructural del mercado del lujo: el paso de la formalidad como s\u00edmbolo de estatus a la <strong>comodidad sofisticada como nuevo lenguaje de poder<\/strong>.<\/p>\n\n\n\n<p class=\"wp-block-paragraph\">Prendas como trajes en lino, americanas en mezclas de lana, seda o algod\u00f3n, o pantalones de ca\u00edda relajada redefinen la est\u00e9tica business contempor\u00e1nea, acerc\u00e1ndola a un terreno mucho m\u00e1s flexible y realista.<\/p>\n\n\n\n<h3 class=\"wp-block-heading\">Beckham como arquitecto de marca global<\/h3>\n\n\n\n<p class=\"wp-block-paragraph\">La implicaci\u00f3n de David Beckham en el proyecto no es anecd\u00f3tica. La colecci\u00f3n representa ya uno de los cap\u00edtulos m\u00e1s avanzados de una colaboraci\u00f3n a largo plazo entre el icono brit\u00e1nico y la firma alemana, basada en una visi\u00f3n compartida de excelencia y estilo global.<\/p>\n\n\n\n<p class=\"wp-block-paragraph\">Beckham aporta no solo su est\u00e9tica, sino una narrativa personal construida durante d\u00e9cadas entre deporte, cultura y moda. Su influencia se traduce en una colecci\u00f3n que combina c\u00f3digos brit\u00e1nicos cl\u00e1sicos con una sensibilidad contempor\u00e1nea, capaz de conectar tanto con mercados maduros como con nuevas audiencias.<\/p>\n\n\n\n<h3 class=\"wp-block-heading\">Estrategia retail y activaci\u00f3n global<\/h3>\n\n\n\n<p class=\"wp-block-paragraph\">El lanzamiento se acompa\u00f1a de una estrategia omnicanal, con disponibilidad global en tiendas BOSS, e-commerce y una red seleccionada de distribuidores.<\/p>\n\n\n\n<p class=\"wp-block-paragraph\">Como parte de la activaci\u00f3n, la marca ha inaugurado espacios ef\u00edmeros como el pop-up en KaDeWe Berl\u00edn, reforzando el posicionamiento experiencial de la colecci\u00f3n y su conexi\u00f3n con el consumidor europeo de alto poder adquisitivo.<\/p>\n\n\n\n<h3 class=\"wp-block-heading\">El movimiento estrat\u00e9gico detr\u00e1s de BOSS by Beckham<\/h3>\n\n\n\n<p class=\"wp-block-paragraph\">Este lanzamiento no puede entenderse \u00fanicamente como una colecci\u00f3n de moda. Forma parte de una estrategia m\u00e1s amplia de Hugo Boss para reposicionarse en el mercado global del lujo, apoy\u00e1ndose en tres pilares clave:<\/p>\n\n\n\n<ul class=\"wp-block-list\">\n<li><strong>Colaboraciones de alto impacto cultural<\/strong><\/li>\n\n\n\n<li><strong>Redefinici\u00f3n del producto hacia el lifestyle 24\/7<\/strong><\/li>\n\n\n\n<li><strong>Refuerzo del segmento premium accesible<\/strong><\/li>\n<\/ul>\n\n\n\n<p class=\"wp-block-paragraph\">Con ingresos que superan los 4.300 millones de euros en 2024, la compa\u00f1\u00eda contin\u00faa evolucionando su modelo hacia una marca m\u00e1s transversal, capaz de competir tanto en sastrer\u00eda como en casualwear global.<\/p>\n\n\n\n<h3 class=\"wp-block-heading\">El lujo que viene: menos tendencia, m\u00e1s sistema<\/h3>\n\n\n\n<p class=\"wp-block-paragraph\">BOSS by Beckham Primavera\/Verano 2026 refleja una direcci\u00f3n clara en la industria: el lujo ya no se construye desde la novedad constante, sino desde la coherencia, la funcionalidad y la capacidad de adaptarse a m\u00faltiples contextos.<\/p>\n\n\n\n<p class=\"wp-block-paragraph\">La colecci\u00f3n no busca impactar de forma inmediata, sino consolidar una nueva forma de vestir que responde a una realidad m\u00e1s exigente: consumidores que priorizan la versatilidad, la calidad y la durabilidad frente al exceso.<\/p>\n\n\n\n<p class=\"wp-block-paragraph\">En este contexto, la alianza entre Hugo Boss y David Beckham se posiciona como uno de los movimientos m\u00e1s inteligentes del lujo actual: una convergencia entre producto, narrativa y estrategia que anticipa el futuro del sector.<\/p>\n","protected":false},"excerpt":{"rendered":"<p>El grupo alem\u00e1n Hugo Boss ha presentado oficialmente su nueva colecci\u00f3n BOSS by Beckham Primavera\/Verano 2026, consolidando una de las colaboraciones m\u00e1s estrat\u00e9gicas del lujo contempor\u00e1neo junto a David Beckham, quien ejerce como Creative Style Director dentro del proyecto. La colecci\u00f3n representa el siguiente paso en una alianza que va mucho m\u00e1s all\u00e1 del endorsement&hellip;<\/p>\n","protected":false},"author":11,"featured_media":70434,"comment_status":"open","ping_status":"open","sticky":false,"template":"","format":"standard","meta":{"_jetpack_newsletter_access":"","_jetpack_dont_email_post_to_subs":true,"_jetpack_newsletter_tier_id":0,"_jetpack_memberships_contains_paywalled_content":false,"_jetpack_feature_clip_id":0,"_jetpack_memberships_contains_paid_content":false,"footnotes":"","jetpack_publicize_message":"","jetpack_publicize_feature_enabled":false,"jetpack_social_post_already_shared":true,"jetpack_social_options":{"image_generator_settings":{"template":"edge","default_image_id":0,"font":"","enabled":false},"version":2},"jetpack_post_was_ever_published":false},"categories":[534],"tags":[826,1456],"thb-sponsors":[],"class_list":["post-70446","post","type-post","status-publish","format-standard","has-post-thumbnail","hentry","category-moda","tag-david-beckham","tag-hugo-boss"],"yoast_head":"<!-- This site is optimized with the Yoast SEO plugin v28.4 - https:\/\/yoast.com\/product\/yoast-seo-wordpress\/ -->\n<title>Hugo Boss impulsa su estrategia global con el lanzamiento de la nueva colecci\u00f3n BOSS by Beckham Primavera\/Verano 2026 | LUXONOMY<\/title>\n<meta name=\"robots\" content=\"index, follow, max-snippet:-1, max-image-preview:large, max-video-preview:-1\" \/>\n<link rel=\"canonical\" href=\"https:\/\/luxonomy.net\/es\/hugo-boss-impulsa-su-estrategia-global-con-el-lanzamiento-de-la-nueva-coleccion-boss-by-beckham-primavera-verano-2026\/\" \/>\n<meta property=\"og:locale\" content=\"es_ES\" \/>\n<meta property=\"og:type\" content=\"article\" \/>\n<meta property=\"og:title\" content=\"Hugo Boss impulsa su estrategia global con el lanzamiento de la nueva colecci\u00f3n BOSS by Beckham Primavera\/Verano 2026 | LUXONOMY\" \/>\n<meta property=\"og:description\" content=\"El grupo alem\u00e1n Hugo Boss ha presentado oficialmente su nueva colecci\u00f3n BOSS by Beckham Primavera\/Verano 2026, consolidando una de las colaboraciones m\u00e1s estrat\u00e9gicas del lujo contempor\u00e1neo junto a David Beckham, quien ejerce como Creative Style Director dentro del proyecto. La colecci\u00f3n representa el siguiente paso en una alianza que va mucho m\u00e1s all\u00e1 del endorsement&hellip;\" \/>\n<meta property=\"og:url\" content=\"https:\/\/luxonomy.net\/es\/hugo-boss-impulsa-su-estrategia-global-con-el-lanzamiento-de-la-nueva-coleccion-boss-by-beckham-primavera-verano-2026\/\" \/>\n<meta property=\"og:site_name\" content=\"LUXONOMY\" \/>\n<meta property=\"article:publisher\" content=\"https:\/\/www.facebook.com\/luxonomy\" \/>\n<meta property=\"article:published_time\" content=\"2026-03-29T19:16:25+00:00\" \/>\n<meta property=\"article:modified_time\" content=\"2026-03-31T09:44:56+00:00\" \/>\n<meta property=\"og:image\" content=\"https:\/\/luxonomy.net\/wp-content\/uploads\/2026\/03\/img_9354.jpg\" \/>\n\t<meta property=\"og:image:width\" content=\"732\" \/>\n\t<meta property=\"og:image:height\" content=\"532\" \/>\n\t<meta property=\"og:image:type\" content=\"image\/jpeg\" \/>\n<meta name=\"author\" content=\"Kristi Ellis\" \/>\n<meta name=\"twitter:card\" content=\"summary_large_image\" \/>\n<meta name=\"twitter:label1\" content=\"Escrito por\" \/>\n\t<meta name=\"twitter:data1\" content=\"Kristi Ellis\" \/>\n\t<meta name=\"twitter:label2\" content=\"Tiempo de lectura\" \/>\n\t<meta name=\"twitter:data2\" content=\"4 minutos\" \/>\n<script type=\"application\/ld+json\" class=\"yoast-schema-graph\">{\"@context\":\"https:\\\/\\\/schema.org\",\"@graph\":[{\"@type\":\"Article\",\"@id\":\"https:\\\/\\\/luxonomy.net\\\/es\\\/hugo-boss-impulsa-su-estrategia-global-con-el-lanzamiento-de-la-nueva-coleccion-boss-by-beckham-primavera-verano-2026\\\/#article\",\"isPartOf\":{\"@id\":\"https:\\\/\\\/luxonomy.net\\\/es\\\/hugo-boss-impulsa-su-estrategia-global-con-el-lanzamiento-de-la-nueva-coleccion-boss-by-beckham-primavera-verano-2026\\\/\"},\"author\":{\"name\":\"Kristi Ellis\",\"@id\":\"https:\\\/\\\/luxonomy.net\\\/es\\\/#\\\/schema\\\/person\\\/1a813e5ec518f582af236d6344aa6c01\"},\"headline\":\"Hugo Boss impulsa su estrategia global con el lanzamiento de la nueva colecci\u00f3n BOSS by Beckham Primavera\\\/Verano 2026\",\"datePublished\":\"2026-03-29T19:16:25+00:00\",\"dateModified\":\"2026-03-31T09:44:56+00:00\",\"mainEntityOfPage\":{\"@id\":\"https:\\\/\\\/luxonomy.net\\\/es\\\/hugo-boss-impulsa-su-estrategia-global-con-el-lanzamiento-de-la-nueva-coleccion-boss-by-beckham-primavera-verano-2026\\\/\"},\"wordCount\":825,\"commentCount\":0,\"publisher\":{\"@id\":\"https:\\\/\\\/luxonomy.net\\\/es\\\/#organization\"},\"image\":{\"@id\":\"https:\\\/\\\/luxonomy.net\\\/es\\\/hugo-boss-impulsa-su-estrategia-global-con-el-lanzamiento-de-la-nueva-coleccion-boss-by-beckham-primavera-verano-2026\\\/#primaryimage\"},\"thumbnailUrl\":\"https:\\\/\\\/i0.wp.com\\\/luxonomy.net\\\/wp-content\\\/uploads\\\/2026\\\/03\\\/img_9354.jpg?fit=732%2C532&ssl=1\",\"keywords\":[\"David Beckham\",\"Hugo Boss\"],\"articleSection\":[\"Moda\"],\"inLanguage\":\"es\",\"potentialAction\":[{\"@type\":\"CommentAction\",\"name\":\"Comment\",\"target\":[\"https:\\\/\\\/luxonomy.net\\\/es\\\/hugo-boss-impulsa-su-estrategia-global-con-el-lanzamiento-de-la-nueva-coleccion-boss-by-beckham-primavera-verano-2026\\\/#respond\"]}]},{\"@type\":\"WebPage\",\"@id\":\"https:\\\/\\\/luxonomy.net\\\/es\\\/hugo-boss-impulsa-su-estrategia-global-con-el-lanzamiento-de-la-nueva-coleccion-boss-by-beckham-primavera-verano-2026\\\/\",\"url\":\"https:\\\/\\\/luxonomy.net\\\/es\\\/hugo-boss-impulsa-su-estrategia-global-con-el-lanzamiento-de-la-nueva-coleccion-boss-by-beckham-primavera-verano-2026\\\/\",\"name\":\"Hugo Boss impulsa su estrategia global con el lanzamiento de la nueva colecci\u00f3n BOSS by Beckham Primavera\\\/Verano 2026 | LUXONOMY\",\"isPartOf\":{\"@id\":\"https:\\\/\\\/luxonomy.net\\\/es\\\/#website\"},\"primaryImageOfPage\":{\"@id\":\"https:\\\/\\\/luxonomy.net\\\/es\\\/hugo-boss-impulsa-su-estrategia-global-con-el-lanzamiento-de-la-nueva-coleccion-boss-by-beckham-primavera-verano-2026\\\/#primaryimage\"},\"image\":{\"@id\":\"https:\\\/\\\/luxonomy.net\\\/es\\\/hugo-boss-impulsa-su-estrategia-global-con-el-lanzamiento-de-la-nueva-coleccion-boss-by-beckham-primavera-verano-2026\\\/#primaryimage\"},\"thumbnailUrl\":\"https:\\\/\\\/i0.wp.com\\\/luxonomy.net\\\/wp-content\\\/uploads\\\/2026\\\/03\\\/img_9354.jpg?fit=732%2C532&ssl=1\",\"datePublished\":\"2026-03-29T19:16:25+00:00\",\"dateModified\":\"2026-03-31T09:44:56+00:00\",\"breadcrumb\":{\"@id\":\"https:\\\/\\\/luxonomy.net\\\/es\\\/hugo-boss-impulsa-su-estrategia-global-con-el-lanzamiento-de-la-nueva-coleccion-boss-by-beckham-primavera-verano-2026\\\/#breadcrumb\"},\"inLanguage\":\"es\",\"potentialAction\":[{\"@type\":\"ReadAction\",\"target\":[\"https:\\\/\\\/luxonomy.net\\\/es\\\/hugo-boss-impulsa-su-estrategia-global-con-el-lanzamiento-de-la-nueva-coleccion-boss-by-beckham-primavera-verano-2026\\\/\"]}]},{\"@type\":\"ImageObject\",\"inLanguage\":\"es\",\"@id\":\"https:\\\/\\\/luxonomy.net\\\/es\\\/hugo-boss-impulsa-su-estrategia-global-con-el-lanzamiento-de-la-nueva-coleccion-boss-by-beckham-primavera-verano-2026\\\/#primaryimage\",\"url\":\"https:\\\/\\\/i0.wp.com\\\/luxonomy.net\\\/wp-content\\\/uploads\\\/2026\\\/03\\\/img_9354.jpg?fit=732%2C532&ssl=1\",\"contentUrl\":\"https:\\\/\\\/i0.wp.com\\\/luxonomy.net\\\/wp-content\\\/uploads\\\/2026\\\/03\\\/img_9354.jpg?fit=732%2C532&ssl=1\",\"width\":732,\"height\":532},{\"@type\":\"BreadcrumbList\",\"@id\":\"https:\\\/\\\/luxonomy.net\\\/es\\\/hugo-boss-impulsa-su-estrategia-global-con-el-lanzamiento-de-la-nueva-coleccion-boss-by-beckham-primavera-verano-2026\\\/#breadcrumb\",\"itemListElement\":[{\"@type\":\"ListItem\",\"position\":1,\"name\":\"Portada\",\"item\":\"https:\\\/\\\/luxonomy.net\\\/es\\\/\"},{\"@type\":\"ListItem\",\"position\":2,\"name\":\"Hugo Boss impulsa su estrategia global con el lanzamiento de la nueva colecci\u00f3n BOSS by Beckham Primavera\\\/Verano 2026\"}]},{\"@type\":\"WebSite\",\"@id\":\"https:\\\/\\\/luxonomy.net\\\/es\\\/#website\",\"url\":\"https:\\\/\\\/luxonomy.net\\\/es\\\/\",\"name\":\"LUXONOMY\",\"description\":\"The Economy of Fashion &amp; Luxury\",\"publisher\":{\"@id\":\"https:\\\/\\\/luxonomy.net\\\/es\\\/#organization\"},\"potentialAction\":[{\"@type\":\"SearchAction\",\"target\":{\"@type\":\"EntryPoint\",\"urlTemplate\":\"https:\\\/\\\/luxonomy.net\\\/es\\\/?s={search_term_string}\"},\"query-input\":{\"@type\":\"PropertyValueSpecification\",\"valueRequired\":true,\"valueName\":\"search_term_string\"}}],\"inLanguage\":\"es\"},{\"@type\":\"Organization\",\"@id\":\"https:\\\/\\\/luxonomy.net\\\/es\\\/#organization\",\"name\":\"LUXONOMY\",\"url\":\"https:\\\/\\\/luxonomy.net\\\/es\\\/\",\"logo\":{\"@type\":\"ImageObject\",\"inLanguage\":\"es\",\"@id\":\"https:\\\/\\\/luxonomy.net\\\/es\\\/#\\\/schema\\\/logo\\\/image\\\/\",\"url\":\"https:\\\/\\\/i2.wp.com\\\/luxonomy.net\\\/wp-content\\\/uploads\\\/2021\\\/09\\\/MOCKUP-TODOS-LUXONOMY.jpg?fit=1000%2C515&ssl=1\",\"contentUrl\":\"https:\\\/\\\/i2.wp.com\\\/luxonomy.net\\\/wp-content\\\/uploads\\\/2021\\\/09\\\/MOCKUP-TODOS-LUXONOMY.jpg?fit=1000%2C515&ssl=1\",\"width\":1000,\"height\":515,\"caption\":\"LUXONOMY\"},\"image\":{\"@id\":\"https:\\\/\\\/luxonomy.net\\\/es\\\/#\\\/schema\\\/logo\\\/image\\\/\"},\"sameAs\":[\"https:\\\/\\\/www.facebook.com\\\/luxonomy\",\"https:\\\/\\\/www.instagram.com\\\/luxonomy\\\/\",\"https:\\\/\\\/www.linkedin.com\\\/company\\\/luxonomy\\\/\"]},{\"@type\":\"Person\",\"@id\":\"https:\\\/\\\/luxonomy.net\\\/es\\\/#\\\/schema\\\/person\\\/1a813e5ec518f582af236d6344aa6c01\",\"name\":\"Kristi Ellis\",\"image\":{\"@type\":\"ImageObject\",\"inLanguage\":\"es\",\"@id\":\"https:\\\/\\\/luxonomy.net\\\/wp-content\\\/litespeed\\\/avatar\\\/ae0c58256b980352bba3c97a8f9abe32.jpg?ver=1787975034\",\"url\":\"https:\\\/\\\/luxonomy.net\\\/wp-content\\\/litespeed\\\/avatar\\\/ae0c58256b980352bba3c97a8f9abe32.jpg?ver=1787975034\",\"contentUrl\":\"https:\\\/\\\/luxonomy.net\\\/wp-content\\\/litespeed\\\/avatar\\\/ae0c58256b980352bba3c97a8f9abe32.jpg?ver=1787975034\",\"caption\":\"Kristi Ellis\"},\"url\":\"https:\\\/\\\/luxonomy.net\\\/es\\\/author\\\/kristi-ellis\\\/\"}]}<\/script>\n<!-- \/ Yoast SEO plugin. -->","yoast_head_json":{"title":"Hugo Boss impulsa su estrategia global con el lanzamiento de la nueva colecci\u00f3n BOSS by Beckham Primavera\/Verano 2026 | LUXONOMY","robots":{"index":"index","follow":"follow","max-snippet":"max-snippet:-1","max-image-preview":"max-image-preview:large","max-video-preview":"max-video-preview:-1"},"canonical":"https:\/\/luxonomy.net\/es\/hugo-boss-impulsa-su-estrategia-global-con-el-lanzamiento-de-la-nueva-coleccion-boss-by-beckham-primavera-verano-2026\/","og_locale":"es_ES","og_type":"article","og_title":"Hugo Boss impulsa su estrategia global con el lanzamiento de la nueva colecci\u00f3n BOSS by Beckham Primavera\/Verano 2026 | LUXONOMY","og_description":"El grupo alem\u00e1n Hugo Boss ha presentado oficialmente su nueva colecci\u00f3n BOSS by Beckham Primavera\/Verano 2026, consolidando una de las colaboraciones m\u00e1s estrat\u00e9gicas del lujo contempor\u00e1neo junto a David Beckham, quien ejerce como Creative Style Director dentro del proyecto. La colecci\u00f3n representa el siguiente paso en una alianza que va mucho m\u00e1s all\u00e1 del endorsement&hellip;","og_url":"https:\/\/luxonomy.net\/es\/hugo-boss-impulsa-su-estrategia-global-con-el-lanzamiento-de-la-nueva-coleccion-boss-by-beckham-primavera-verano-2026\/","og_site_name":"LUXONOMY","article_publisher":"https:\/\/www.facebook.com\/luxonomy","article_published_time":"2026-03-29T19:16:25+00:00","article_modified_time":"2026-03-31T09:44:56+00:00","og_image":[{"width":732,"height":532,"url":"https:\/\/luxonomy.net\/wp-content\/uploads\/2026\/03\/img_9354.jpg","type":"image\/jpeg"}],"author":"Kristi Ellis","twitter_card":"summary_large_image","twitter_misc":{"Escrito por":"Kristi Ellis","Tiempo de lectura":"4 minutos"},"schema":{"@context":"https:\/\/schema.org","@graph":[{"@type":"Article","@id":"https:\/\/luxonomy.net\/es\/hugo-boss-impulsa-su-estrategia-global-con-el-lanzamiento-de-la-nueva-coleccion-boss-by-beckham-primavera-verano-2026\/#article","isPartOf":{"@id":"https:\/\/luxonomy.net\/es\/hugo-boss-impulsa-su-estrategia-global-con-el-lanzamiento-de-la-nueva-coleccion-boss-by-beckham-primavera-verano-2026\/"},"author":{"name":"Kristi Ellis","@id":"https:\/\/luxonomy.net\/es\/#\/schema\/person\/1a813e5ec518f582af236d6344aa6c01"},"headline":"Hugo Boss impulsa su estrategia global con el lanzamiento de la nueva colecci\u00f3n BOSS by Beckham Primavera\/Verano 2026","datePublished":"2026-03-29T19:16:25+00:00","dateModified":"2026-03-31T09:44:56+00:00","mainEntityOfPage":{"@id":"https:\/\/luxonomy.net\/es\/hugo-boss-impulsa-su-estrategia-global-con-el-lanzamiento-de-la-nueva-coleccion-boss-by-beckham-primavera-verano-2026\/"},"wordCount":825,"commentCount":0,"publisher":{"@id":"https:\/\/luxonomy.net\/es\/#organization"},"image":{"@id":"https:\/\/luxonomy.net\/es\/hugo-boss-impulsa-su-estrategia-global-con-el-lanzamiento-de-la-nueva-coleccion-boss-by-beckham-primavera-verano-2026\/#primaryimage"},"thumbnailUrl":"https:\/\/i0.wp.com\/luxonomy.net\/wp-content\/uploads\/2026\/03\/img_9354.jpg?fit=732%2C532&ssl=1","keywords":["David Beckham","Hugo Boss"],"articleSection":["Moda"],"inLanguage":"es","potentialAction":[{"@type":"CommentAction","name":"Comment","target":["https:\/\/luxonomy.net\/es\/hugo-boss-impulsa-su-estrategia-global-con-el-lanzamiento-de-la-nueva-coleccion-boss-by-beckham-primavera-verano-2026\/#respond"]}]},{"@type":"WebPage","@id":"https:\/\/luxonomy.net\/es\/hugo-boss-impulsa-su-estrategia-global-con-el-lanzamiento-de-la-nueva-coleccion-boss-by-beckham-primavera-verano-2026\/","url":"https:\/\/luxonomy.net\/es\/hugo-boss-impulsa-su-estrategia-global-con-el-lanzamiento-de-la-nueva-coleccion-boss-by-beckham-primavera-verano-2026\/","name":"Hugo Boss impulsa su estrategia global con el lanzamiento de la nueva colecci\u00f3n BOSS by Beckham Primavera\/Verano 2026 | LUXONOMY","isPartOf":{"@id":"https:\/\/luxonomy.net\/es\/#website"},"primaryImageOfPage":{"@id":"https:\/\/luxonomy.net\/es\/hugo-boss-impulsa-su-estrategia-global-con-el-lanzamiento-de-la-nueva-coleccion-boss-by-beckham-primavera-verano-2026\/#primaryimage"},"image":{"@id":"https:\/\/luxonomy.net\/es\/hugo-boss-impulsa-su-estrategia-global-con-el-lanzamiento-de-la-nueva-coleccion-boss-by-beckham-primavera-verano-2026\/#primaryimage"},"thumbnailUrl":"https:\/\/i0.wp.com\/luxonomy.net\/wp-content\/uploads\/2026\/03\/img_9354.jpg?fit=732%2C532&ssl=1","datePublished":"2026-03-29T19:16:25+00:00","dateModified":"2026-03-31T09:44:56+00:00","breadcrumb":{"@id":"https:\/\/luxonomy.net\/es\/hugo-boss-impulsa-su-estrategia-global-con-el-lanzamiento-de-la-nueva-coleccion-boss-by-beckham-primavera-verano-2026\/#breadcrumb"},"inLanguage":"es","potentialAction":[{"@type":"ReadAction","target":["https:\/\/luxonomy.net\/es\/hugo-boss-impulsa-su-estrategia-global-con-el-lanzamiento-de-la-nueva-coleccion-boss-by-beckham-primavera-verano-2026\/"]}]},{"@type":"ImageObject","inLanguage":"es","@id":"https:\/\/luxonomy.net\/es\/hugo-boss-impulsa-su-estrategia-global-con-el-lanzamiento-de-la-nueva-coleccion-boss-by-beckham-primavera-verano-2026\/#primaryimage","url":"https:\/\/i0.wp.com\/luxonomy.net\/wp-content\/uploads\/2026\/03\/img_9354.jpg?fit=732%2C532&ssl=1","contentUrl":"https:\/\/i0.wp.com\/luxonomy.net\/wp-content\/uploads\/2026\/03\/img_9354.jpg?fit=732%2C532&ssl=1","width":732,"height":532},{"@type":"BreadcrumbList","@id":"https:\/\/luxonomy.net\/es\/hugo-boss-impulsa-su-estrategia-global-con-el-lanzamiento-de-la-nueva-coleccion-boss-by-beckham-primavera-verano-2026\/#breadcrumb","itemListElement":[{"@type":"ListItem","position":1,"name":"Portada","item":"https:\/\/luxonomy.net\/es\/"},{"@type":"ListItem","position":2,"name":"Hugo Boss impulsa su estrategia global con el lanzamiento de la nueva colecci\u00f3n BOSS by Beckham Primavera\/Verano 2026"}]},{"@type":"WebSite","@id":"https:\/\/luxonomy.net\/es\/#website","url":"https:\/\/luxonomy.net\/es\/","name":"LUXONOMY","description":"The Economy of Fashion &amp; Luxury","publisher":{"@id":"https:\/\/luxonomy.net\/es\/#organization"},"potentialAction":[{"@type":"SearchAction","target":{"@type":"EntryPoint","urlTemplate":"https:\/\/luxonomy.net\/es\/?s={search_term_string}"},"query-input":{"@type":"PropertyValueSpecification","valueRequired":true,"valueName":"search_term_string"}}],"inLanguage":"es"},{"@type":"Organization","@id":"https:\/\/luxonomy.net\/es\/#organization","name":"LUXONOMY","url":"https:\/\/luxonomy.net\/es\/","logo":{"@type":"ImageObject","inLanguage":"es","@id":"https:\/\/luxonomy.net\/es\/#\/schema\/logo\/image\/","url":"https:\/\/i2.wp.com\/luxonomy.net\/wp-content\/uploads\/2021\/09\/MOCKUP-TODOS-LUXONOMY.jpg?fit=1000%2C515&ssl=1","contentUrl":"https:\/\/i2.wp.com\/luxonomy.net\/wp-content\/uploads\/2021\/09\/MOCKUP-TODOS-LUXONOMY.jpg?fit=1000%2C515&ssl=1","width":1000,"height":515,"caption":"LUXONOMY"},"image":{"@id":"https:\/\/luxonomy.net\/es\/#\/schema\/logo\/image\/"},"sameAs":["https:\/\/www.facebook.com\/luxonomy","https:\/\/www.instagram.com\/luxonomy\/","https:\/\/www.linkedin.com\/company\/luxonomy\/"]},{"@type":"Person","@id":"https:\/\/luxonomy.net\/es\/#\/schema\/person\/1a813e5ec518f582af236d6344aa6c01","name":"Kristi Ellis","image":{"@type":"ImageObject","inLanguage":"es","@id":"https:\/\/luxonomy.net\/wp-content\/litespeed\/avatar\/ae0c58256b980352bba3c97a8f9abe32.jpg?ver=1787975034","url":"https:\/\/luxonomy.net\/wp-content\/litespeed\/avatar\/ae0c58256b980352bba3c97a8f9abe32.jpg?ver=1787975034","contentUrl":"https:\/\/luxonomy.net\/wp-content\/litespeed\/avatar\/ae0c58256b980352bba3c97a8f9abe32.jpg?ver=1787975034","caption":"Kristi Ellis"},"url":"https:\/\/luxonomy.net\/es\/author\/kristi-ellis\/"}]}},"jetpack_publicize_connections":[],"jetpack_shortlink":"https:\/\/wp.me\/paPhBa-ike","jetpack_sharing_enabled":true,"jetpack_featured_media_url":"https:\/\/i0.wp.com\/luxonomy.net\/wp-content\/uploads\/2026\/03\/img_9354.jpg?fit=732%2C532&ssl=1","_links":{"self":[{"href":"https:\/\/luxonomy.net\/es\/wp-json\/wp\/v2\/posts\/70446","targetHints":{"allow":["GET"]}}],"collection":[{"href":"https:\/\/luxonomy.net\/es\/wp-json\/wp\/v2\/posts"}],"about":[{"href":"https:\/\/luxonomy.net\/es\/wp-json\/wp\/v2\/types\/post"}],"author":[{"embeddable":true,"href":"https:\/\/luxonomy.net\/es\/wp-json\/wp\/v2\/users\/11"}],"replies":[{"embeddable":true,"href":"https:\/\/luxonomy.net\/es\/wp-json\/wp\/v2\/comments?post=70446"}],"version-history":[{"count":2,"href":"https:\/\/luxonomy.net\/es\/wp-json\/wp\/v2\/posts\/70446\/revisions"}],"predecessor-version":[{"id":70448,"href":"https:\/\/luxonomy.net\/es\/wp-json\/wp\/v2\/posts\/70446\/revisions\/70448"}],"wp:featuredmedia":[{"embeddable":true,"href":"https:\/\/luxonomy.net\/es\/wp-json\/wp\/v2\/media\/70434"}],"wp:attachment":[{"href":"https:\/\/luxonomy.net\/es\/wp-json\/wp\/v2\/media?parent=70446"}],"wp:term":[{"taxonomy":"category","embeddable":true,"href":"https:\/\/luxonomy.net\/es\/wp-json\/wp\/v2\/categories?post=70446"},{"taxonomy":"post_tag","embeddable":true,"href":"https:\/\/luxonomy.net\/es\/wp-json\/wp\/v2\/tags?post=70446"},{"taxonomy":"thb-sponsors","embeddable":true,"href":"https:\/\/luxonomy.net\/es\/wp-json\/wp\/v2\/thb-sponsors?post=70446"}],"curies":[{"name":"wp","href":"https:\/\/api.w.org\/{rel}","templated":true}]}}