{"id":70371,"date":"2026-03-21T14:29:58","date_gmt":"2026-03-21T13:29:58","guid":{"rendered":"https:\/\/luxonomy.net\/?p=70371"},"modified":"2026-03-21T14:30:11","modified_gmt":"2026-03-21T13:30:11","slug":"cuando-todo-se-contrae-el-lujo-se-expande-por-que-elevar-tu-marca-en-tiempos-de-crisis-es-una-decision-estrategica","status":"publish","type":"post","link":"https:\/\/luxonomy.net\/es\/cuando-todo-se-contrae-el-lujo-se-expande-por-que-elevar-tu-marca-en-tiempos-de-crisis-es-una-decision-estrategica\/","title":{"rendered":"Cuando todo se contrae, el lujo se expande: por qu\u00e9 elevar tu marca en tiempos de crisis es una decisi\u00f3n estrat\u00e9gica"},"content":{"rendered":"\n<p class=\"wp-block-paragraph\">En los ciclos de contracci\u00f3n econ\u00f3mica, la mayor\u00eda de las empresas responde de forma reactiva: reducci\u00f3n de precios, intensificaci\u00f3n promocional y b\u00fasqueda de volumen. Sin embargo, un an\u00e1lisis m\u00e1s profundo \u2014desde la econom\u00eda del comportamiento, la estrategia empresarial y la evoluci\u00f3n hist\u00f3rica del consumo\u2014 revela que esta respuesta, aunque intuitiva, suele ser estructuralmente d\u00e9bil.<\/p>\n\n\n\n<p class=\"wp-block-paragraph\">Existe un enfoque alternativo, menos explorado pero ampliamente respaldado por la evidencia emp\u00edrica y la pr\u00e1ctica de los grandes grupos internacionales: <strong>la elevaci\u00f3n del posicionamiento de marca como mecanismo de protecci\u00f3n y expansi\u00f3n en contextos de crisis<\/strong>.<\/p>\n\n\n\n<p class=\"wp-block-paragraph\">Luxurizar una marca no implica \u00fanicamente aumentar precios o sofisticar la est\u00e9tica. Es una decisi\u00f3n estrat\u00e9gica basada en c\u00f3mo se redistribuye la demanda, c\u00f3mo evoluciona la psicolog\u00eda del consumidor y c\u00f3mo se reconfigura la competencia en escenarios de incertidumbre.<\/p><div id=\"luxon-134795582\" class=\"luxon-3er-parrafo luxon-entity-placement\" style=\"margin-top: 20px;margin-bottom: 20px;margin-left: auto;margin-right: auto;text-align: center;\"><a href=\"https:\/\/luxonomy.university\/course\/master-turismo-de-lujo\" target=\"_blank\" aria-label=\"master-turismo-lujo-2026-2027\"><img loading=\"lazy\" decoding=\"async\" src=\"https:\/\/i0.wp.com\/luxonomy.net\/wp-content\/uploads\/2020\/07\/master-turismo-lujo-2026-2027.jpg?fit=1672%2C941&#038;ssl=1\" alt=\"\"  srcset=\"https:\/\/i0.wp.com\/luxonomy.net\/wp-content\/uploads\/2020\/07\/master-turismo-lujo-2026-2027.jpg?w=1672&ssl=1 1672w, https:\/\/i0.wp.com\/luxonomy.net\/wp-content\/uploads\/2020\/07\/master-turismo-lujo-2026-2027.jpg?resize=300%2C169&ssl=1 300w, https:\/\/i0.wp.com\/luxonomy.net\/wp-content\/uploads\/2020\/07\/master-turismo-lujo-2026-2027.jpg?resize=1024%2C576&ssl=1 1024w, https:\/\/i0.wp.com\/luxonomy.net\/wp-content\/uploads\/2020\/07\/master-turismo-lujo-2026-2027.jpg?resize=768%2C432&ssl=1 768w, https:\/\/i0.wp.com\/luxonomy.net\/wp-content\/uploads\/2020\/07\/master-turismo-lujo-2026-2027.jpg?resize=1536%2C864&ssl=1 1536w, https:\/\/i0.wp.com\/luxonomy.net\/wp-content\/uploads\/2020\/07\/master-turismo-lujo-2026-2027.jpg?resize=370%2C208&ssl=1 370w, https:\/\/i0.wp.com\/luxonomy.net\/wp-content\/uploads\/2020\/07\/master-turismo-lujo-2026-2027.jpg?resize=800%2C450&ssl=1 800w, https:\/\/i0.wp.com\/luxonomy.net\/wp-content\/uploads\/2020\/07\/master-turismo-lujo-2026-2027.jpg?resize=20%2C11&ssl=1 20w, https:\/\/i0.wp.com\/luxonomy.net\/wp-content\/uploads\/2020\/07\/master-turismo-lujo-2026-2027.jpg?resize=740%2C416&ssl=1 740w, https:\/\/i0.wp.com\/luxonomy.net\/wp-content\/uploads\/2020\/07\/master-turismo-lujo-2026-2027.jpg?resize=1600%2C900&ssl=1 1600w, https:\/\/i0.wp.com\/luxonomy.net\/wp-content\/uploads\/2020\/07\/master-turismo-lujo-2026-2027.jpg?resize=1200%2C675&ssl=1 1200w, https:\/\/i0.wp.com\/luxonomy.net\/wp-content\/uploads\/2020\/07\/master-turismo-lujo-2026-2027.jpg?resize=85%2C48&ssl=1 85w\" sizes=\"(max-width: 1170px) 100vw, 1170px\" class=\"no-lazyload\" width=\"1672\" height=\"941\"   \/><\/a><\/div>\n\n\n\n<h3 class=\"wp-block-heading\">1. La crisis como catalizador de polarizaci\u00f3n del mercado<\/h3>\n\n\n\n<p class=\"wp-block-paragraph\">Diversos estudios en estrategia competitiva han demostrado que las crisis econ\u00f3micas generan un fen\u00f3meno de <strong>bifurcaci\u00f3n del consumo<\/strong>. Este concepto describe la tendencia del mercado a dividirse en dos polos claramente diferenciados:<\/p>\n\n\n\n<ul class=\"wp-block-list\">\n<li>Segmentos orientados al bajo coste, impulsados por restricciones presupuestarias<\/li>\n\n\n\n<li>Segmentos orientados al alto valor percibido, impulsados por la b\u00fasqueda de seguridad y diferenciaci\u00f3n<\/li>\n<\/ul>\n\n\n\n<p class=\"wp-block-paragraph\">El espacio intermedio \u2014tradicionalmente ocupado por una gran parte del tejido empresarial\u2014 tiende a comprimirse. Esto se debe a que el consumidor elimina opciones \u201csuficientemente buenas\u201d en favor de alternativas que sean claramente m\u00e1s baratas o claramente mejores.<\/p>\n\n\n\n<p class=\"wp-block-paragraph\">Desde un punto de vista acad\u00e9mico, este fen\u00f3meno se vincula con la teor\u00eda de la <strong>competencia basada en valor frente a competencia basada en precio<\/strong>. En entornos de incertidumbre, competir en precio implica una carrera hacia la reducci\u00f3n de m\u00e1rgenes, mientras que competir en valor permite sostener e incluso ampliar la rentabilidad.<\/p>\n\n\n\n<h3 class=\"wp-block-heading\">2. Elasticidad de la demanda y resiliencia del segmento premium<\/h3>\n\n\n\n<p class=\"wp-block-paragraph\">Uno de los argumentos m\u00e1s s\u00f3lidos a favor de luxurizar en crisis se encuentra en el comportamiento de la <strong>elasticidad-precio de la demanda<\/strong>.<\/p><div id=\"luxon-3275967934\" class=\"luxon-7-parrafo luxon-entity-placement\" style=\"margin-top: 20px;margin-bottom: 20px;margin-left: auto;margin-right: auto;text-align: center;\"><a href=\"https:\/\/theintelligence.institute\/course\/inteligencia-artificial-para-directivos\" target=\"_blank\" aria-label=\"CSIAD_empresas_THEI_horizontal_4x3_v5\"><img loading=\"lazy\" decoding=\"async\" src=\"https:\/\/i0.wp.com\/luxonomy.net\/wp-content\/uploads\/2025\/08\/CSIAD_empresas_THEI_horizontal_4x3_v5.png?fit=2000%2C1500&#038;ssl=1\" alt=\"\"  srcset=\"https:\/\/i0.wp.com\/luxonomy.net\/wp-content\/uploads\/2025\/08\/CSIAD_empresas_THEI_horizontal_4x3_v5.png?w=2000&ssl=1 2000w, https:\/\/i0.wp.com\/luxonomy.net\/wp-content\/uploads\/2025\/08\/CSIAD_empresas_THEI_horizontal_4x3_v5.png?resize=300%2C225&ssl=1 300w, https:\/\/i0.wp.com\/luxonomy.net\/wp-content\/uploads\/2025\/08\/CSIAD_empresas_THEI_horizontal_4x3_v5.png?resize=1024%2C768&ssl=1 1024w, https:\/\/i0.wp.com\/luxonomy.net\/wp-content\/uploads\/2025\/08\/CSIAD_empresas_THEI_horizontal_4x3_v5.png?resize=768%2C576&ssl=1 768w, https:\/\/i0.wp.com\/luxonomy.net\/wp-content\/uploads\/2025\/08\/CSIAD_empresas_THEI_horizontal_4x3_v5.png?resize=1536%2C1152&ssl=1 1536w, https:\/\/i0.wp.com\/luxonomy.net\/wp-content\/uploads\/2025\/08\/CSIAD_empresas_THEI_horizontal_4x3_v5.png?resize=370%2C278&ssl=1 370w, https:\/\/i0.wp.com\/luxonomy.net\/wp-content\/uploads\/2025\/08\/CSIAD_empresas_THEI_horizontal_4x3_v5.png?resize=800%2C600&ssl=1 800w, https:\/\/i0.wp.com\/luxonomy.net\/wp-content\/uploads\/2025\/08\/CSIAD_empresas_THEI_horizontal_4x3_v5.png?resize=20%2C15&ssl=1 20w, https:\/\/i0.wp.com\/luxonomy.net\/wp-content\/uploads\/2025\/08\/CSIAD_empresas_THEI_horizontal_4x3_v5.png?resize=740%2C555&ssl=1 740w, https:\/\/i0.wp.com\/luxonomy.net\/wp-content\/uploads\/2025\/08\/CSIAD_empresas_THEI_horizontal_4x3_v5.png?resize=1600%2C1200&ssl=1 1600w, https:\/\/i0.wp.com\/luxonomy.net\/wp-content\/uploads\/2025\/08\/CSIAD_empresas_THEI_horizontal_4x3_v5.png?resize=1200%2C900&ssl=1 1200w, https:\/\/i0.wp.com\/luxonomy.net\/wp-content\/uploads\/2025\/08\/CSIAD_empresas_THEI_horizontal_4x3_v5.png?resize=64%2C48&ssl=1 64w\" sizes=\"(max-width: 1170px) 100vw, 1170px\" class=\"no-lazyload\" width=\"2000\" height=\"1500\"   \/><\/a><\/div>\n\n\n\n<p class=\"wp-block-paragraph\">En t\u00e9rminos generales:<\/p>\n\n\n\n<ul class=\"wp-block-list\">\n<li>Los productos de gama media presentan una alta elasticidad: peque\u00f1as variaciones en precio generan grandes cambios en la demanda<\/li>\n\n\n\n<li>Los productos de alto valor percibido presentan una elasticidad menor: la demanda es m\u00e1s estable frente a variaciones de precio<\/li>\n<\/ul>\n\n\n\n<p class=\"wp-block-paragraph\">Esto explica por qu\u00e9 los segmentos premium y lujo tienden a mostrar una mayor resiliencia en periodos de contracci\u00f3n. El cliente no est\u00e1 comprando \u00fanicamente un producto, sino un conjunto de atributos intangibles: marca, confianza, identidad, pertenencia y experiencia.<\/p>\n\n\n\n<p class=\"wp-block-paragraph\">En este sentido, luxurizar una marca reduce su exposici\u00f3n a la volatilidad del precio como principal variable competitiva.<\/p>\n\n\n\n<h3 class=\"wp-block-heading\">3. Econom\u00eda del comportamiento: el lujo como respuesta a la incertidumbre<\/h3>\n\n\n\n<p class=\"wp-block-paragraph\">Desde la perspectiva de la econom\u00eda conductual, el consumo en crisis no es puramente racional. Est\u00e1 profundamente influido por sesgos cognitivos y emocionales.<\/p>\n\n\n\n<p class=\"wp-block-paragraph\">Entre los m\u00e1s relevantes destacan:<\/p>\n\n\n\n<p class=\"wp-block-paragraph\"><strong>Aversi\u00f3n a la p\u00e9rdida<\/strong><br>En entornos inciertos, los consumidores buscan minimizar el riesgo de tomar una mala decisi\u00f3n. Esto favorece a las marcas con mayor reputaci\u00f3n y consistencia.<\/p>\n\n\n\n<p class=\"wp-block-paragraph\"><strong>Efecto se\u00f1alizaci\u00f3n<\/strong><br>El precio elevado y el posicionamiento premium act\u00faan como se\u00f1ales de calidad. En ausencia de informaci\u00f3n perfecta, el consumidor utiliza estas se\u00f1ales para simplificar su decisi\u00f3n.<\/p>\n\n\n\n<p class=\"wp-block-paragraph\"><strong>B\u00fasqueda de control<\/strong><br>El lujo ofrece una sensaci\u00f3n de control en un contexto percibido como inestable. No es solo consumo, es una forma de reafirmaci\u00f3n.<\/p>\n\n\n\n<p class=\"wp-block-paragraph\"><strong>Consumo compensatorio<\/strong><br>Diversos estudios han demostrado que, en momentos de tensi\u00f3n econ\u00f3mica, ciertos segmentos mantienen o incluso incrementan el gasto en productos que refuerzan su identidad o bienestar.<\/p>\n\n\n\n<p class=\"wp-block-paragraph\">Estos factores explican por qu\u00e9 el lujo no solo resiste, sino que en determinados contextos puede expandirse.<\/p>\n\n\n\n<h3 class=\"wp-block-heading\">4. El modelo estrat\u00e9gico: de volumen a valor por cliente<\/h3>\n\n\n\n<p class=\"wp-block-paragraph\">Desde una perspectiva de direcci\u00f3n empresarial, luxurizar implica una transformaci\u00f3n del modelo econ\u00f3mico del negocio.<\/p>\n\n\n\n<p class=\"wp-block-paragraph\">El enfoque tradicional basado en volumen se caracteriza por:<\/p>\n\n\n\n<ul class=\"wp-block-list\">\n<li>Alta dependencia de promociones<\/li>\n\n\n\n<li>Margen unitario reducido<\/li>\n\n\n\n<li>Elevada presi\u00f3n operativa<\/li>\n\n\n\n<li>Vulnerabilidad ante cambios en la demanda<\/li>\n<\/ul>\n\n\n\n<p class=\"wp-block-paragraph\">En contraste, un enfoque orientado a valor por cliente permite:<\/p>\n\n\n\n<ul class=\"wp-block-list\">\n<li>Incrementar el ticket medio<\/li>\n\n\n\n<li>Mejorar los m\u00e1rgenes<\/li>\n\n\n\n<li>Reducir la sensibilidad al precio<\/li>\n\n\n\n<li>Fortalecer la fidelizaci\u00f3n<\/li>\n<\/ul>\n\n\n\n<p class=\"wp-block-paragraph\">Esta transici\u00f3n se alinea con modelos avanzados de gesti\u00f3n como el <strong>Customer Lifetime Value (CLV)<\/strong>, donde el objetivo no es maximizar transacciones, sino maximizar el valor acumulado de cada cliente en el tiempo.<\/p>\n\n\n\n<h3 class=\"wp-block-heading\">5. Componentes estructurales de la luxurizaci\u00f3n<\/h3>\n\n\n\n<p class=\"wp-block-paragraph\">Desde un enfoque acad\u00e9mico y operativo, luxurizar una marca requiere intervenir en m\u00faltiples dimensiones de forma coherente:<\/p>\n\n\n\n<p class=\"wp-block-paragraph\"><strong>a) Arquitectura de valor<\/strong><br>Redefinir la propuesta para incorporar atributos intangibles: exclusividad, dise\u00f1o, servicio, personalizaci\u00f3n.<\/p>\n\n\n\n<p class=\"wp-block-paragraph\"><strong>b) Pricing estrat\u00e9gico<\/strong><br>El precio deja de ser una variable reactiva y pasa a ser un elemento de posicionamiento.<\/p>\n\n\n\n<p class=\"wp-block-paragraph\"><strong>c) Experiencia del cliente<\/strong><br>Optimizaci\u00f3n de todos los puntos de contacto, con especial \u00e9nfasis en consistencia y detalle.<\/p>\n\n\n\n<p class=\"wp-block-paragraph\"><strong>d) Narrativa y branding<\/strong><br>Construcci\u00f3n de un relato s\u00f3lido que conecte con aspiraciones y valores del cliente.<\/p>\n\n\n\n<p class=\"wp-block-paragraph\"><strong>e) Gesti\u00f3n de la escasez<\/strong><br>Limitaci\u00f3n de la oferta para reforzar la percepci\u00f3n de exclusividad.<\/p>\n\n\n\n<p class=\"wp-block-paragraph\"><strong>f) Selecci\u00f3n del cliente objetivo<\/strong><br>Transici\u00f3n desde un enfoque masivo hacia un enfoque m\u00e1s selectivo y cualitativo.<\/p>\n\n\n\n<h3 class=\"wp-block-heading\">6. Evidencia emp\u00edrica: comportamiento de los grandes grupos<\/h3>\n\n\n\n<p class=\"wp-block-paragraph\">El an\u00e1lisis hist\u00f3rico de los grandes conglomerados internacionales del sector premium y lujo muestra un patr\u00f3n consistente:<\/p>\n\n\n\n<ul class=\"wp-block-list\">\n<li>Mantenimiento o incremento de precios en contextos de crisis<\/li>\n\n\n\n<li>Inversi\u00f3n en marca y experiencia en lugar de recortes indiscriminados<\/li>\n\n\n\n<li>Refuerzo de la exclusividad y control de la distribuci\u00f3n<\/li>\n\n\n\n<li>Expansi\u00f3n selectiva en mercados estrat\u00e9gicos<\/li>\n<\/ul>\n\n\n\n<p class=\"wp-block-paragraph\">Esta estrategia no solo protege los m\u00e1rgenes en el corto plazo, sino que fortalece el posicionamiento a largo plazo.<\/p>\n\n\n\n<h3 class=\"wp-block-heading\">7. Riesgos y condiciones de \u00e9xito<\/h3>\n\n\n\n<p class=\"wp-block-paragraph\">Luxurizar una marca no est\u00e1 exento de riesgos. Entre los principales:<\/p>\n\n\n\n<ul class=\"wp-block-list\">\n<li>Falta de coherencia entre precio y valor percibido<\/li>\n\n\n\n<li>Ejecuci\u00f3n superficial centrada \u00fanicamente en est\u00e9tica<\/li>\n\n\n\n<li>Desalineaci\u00f3n interna en la organizaci\u00f3n<\/li>\n\n\n\n<li>P\u00e9rdida del cliente actual sin captaci\u00f3n del nuevo<\/li>\n<\/ul>\n\n\n\n<p class=\"wp-block-paragraph\">Por ello, el proceso debe ser estructurado, progresivo y basado en una comprensi\u00f3n profunda del mercado y del cliente.<\/p>\n\n\n\n<h3 class=\"wp-block-heading\">8. La crisis como ventana estrat\u00e9gica<\/h3>\n\n\n\n<p class=\"wp-block-paragraph\">Las crisis, lejos de ser \u00fanicamente una amenaza, act\u00faan como mecanismos de selecci\u00f3n competitiva. Reducen el n\u00famero de actores, incrementan la exigencia del consumidor y generan oportunidades para reposicionarse.<\/p>\n\n\n\n<p class=\"wp-block-paragraph\">Luxurizar en este contexto ofrece una ventaja adicional:<br>permite ocupar espacios estrat\u00e9gicos antes de que el mercado vuelva a expandirse.<\/p>\n\n\n\n<p class=\"wp-block-paragraph\">Una vez consolidado ese posicionamiento, la barrera de entrada para nuevos competidores es considerablemente m\u00e1s alta.<\/p>\n\n\n\n<h3 class=\"wp-block-heading\">Por lo tanto<\/h3>\n\n\n\n<p class=\"wp-block-paragraph\">El an\u00e1lisis econ\u00f3mico, conductual y estrat\u00e9gico converge en una misma idea: en entornos de incertidumbre, competir en precio es una estrategia defensiva; competir en valor es una estrategia de liderazgo.<\/p>\n\n\n\n<p class=\"wp-block-paragraph\">Luxurizar una marca no es una cuesti\u00f3n est\u00e9tica ni una decisi\u00f3n oportunista. Es una transformaci\u00f3n estructural orientada a reducir la dependencia del precio, aumentar la resiliencia y construir una ventaja competitiva sostenible.<\/p>\n\n\n\n<p class=\"wp-block-paragraph\">En un mercado que se contrae, no sobreviven necesariamente los m\u00e1s grandes, sino aquellos que son capaces de redefinir su propuesta y adaptarse a un consumidor m\u00e1s exigente.<\/p>\n\n\n\n<p class=\"wp-block-paragraph\">Y en ese nuevo equilibrio, el valor percibido \u2014cuando est\u00e1 bien construido\u2014 se convierte en el activo m\u00e1s poderoso de todos.<\/p>\n\n\n","protected":false},"excerpt":{"rendered":"<p>En los ciclos de contracci\u00f3n econ\u00f3mica, la mayor\u00eda de las empresas responde de forma reactiva: reducci\u00f3n de precios, intensificaci\u00f3n promocional y b\u00fasqueda de volumen. Sin embargo, un an\u00e1lisis m\u00e1s profundo \u2014desde la econom\u00eda del comportamiento, la estrategia empresarial y la evoluci\u00f3n hist\u00f3rica del consumo\u2014 revela que esta respuesta, aunque intuitiva, suele ser estructuralmente d\u00e9bil.<br \/>\nExiste un enfoque alternativo, menos explorado pero ampliamente respaldado por la evidencia emp\u00edrica y la pr\u00e1ctica de los grandes grupos internacionales: la elevaci\u00f3n del posicionamiento de marca como mecanismo de protecci\u00f3n y expansi\u00f3n en contextos de crisis.<br \/>\nLuxurizar una marca no implica \u00fanicamente aumentar precios o sofisticar la est\u00e9tica. Es una decisi\u00f3n estrat\u00e9gica basada en c\u00f3mo se redistribuye la demanda, c\u00f3mo evoluciona la psicolog\u00eda del consumidor y c\u00f3mo se reconfigura la competencia en escenarios de incertidumbre.<\/p>\n","protected":false},"author":19,"featured_media":70372,"comment_status":"open","ping_status":"open","sticky":false,"template":"","format":"standard","meta":{"_jetpack_newsletter_access":"","_jetpack_dont_email_post_to_subs":false,"_jetpack_newsletter_tier_id":0,"_jetpack_memberships_contains_paywalled_content":false,"_jetpack_feature_clip_id":0,"_jetpack_memberships_contains_paid_content":false,"footnotes":"","jetpack_publicize_message":"En los ciclos de contracci\u00f3n econ\u00f3mica, la mayor\u00eda de las empresas responde de forma reactiva: reducci\u00f3n de precios, intensificaci\u00f3n promocional y b\u00fasqueda de volumen. Sin embargo, un an\u00e1lisis m\u00e1s profundo \u2014desde la econom\u00eda del comportamiento, la estrategia empresarial y la evoluci\u00f3n hist\u00f3rica del consumo\u2014 revela que esta respuesta, aunque intuitiva, suele ser estructuralmente d\u00e9bil.\nExiste un enfoque alternativo, menos explorado pero ampliamente respaldado por la evidencia emp\u00edrica y la pr\u00e1ctica de los grandes grupos internacionales: la elevaci\u00f3n del posicionamiento de marca como mecanismo de protecci\u00f3n y expansi\u00f3n en contextos de crisis.\nLuxurizar una marca no implica \u00fanicamente aumentar precios o sofisticar la est\u00e9tica. Es una decisi\u00f3n estrat\u00e9gica basada en c\u00f3mo se redistribuye la demanda, c\u00f3mo evoluciona la psicolog\u00eda del consumidor y c\u00f3mo se reconfigura la competencia en escenarios de incertidumbre.","jetpack_publicize_feature_enabled":true,"jetpack_social_post_already_shared":true,"jetpack_social_options":{"image_generator_settings":{"template":"edge","default_image_id":0,"font":"","enabled":false},"version":2},"jetpack_post_was_ever_published":false},"categories":[1128],"tags":[552],"thb-sponsors":[],"class_list":["post-70371","post","type-post","status-publish","format-standard","has-post-thumbnail","hentry","category-economia","tag-economia"],"yoast_head":"<!-- This site is optimized with the Yoast SEO plugin v28.4 - https:\/\/yoast.com\/product\/yoast-seo-wordpress\/ -->\n<title>Cuando todo se contrae, el lujo se expande: por qu\u00e9 elevar tu marca en tiempos de crisis es una decisi\u00f3n estrat\u00e9gica | LUXONOMY<\/title>\n<meta name=\"robots\" content=\"index, follow, max-snippet:-1, max-image-preview:large, max-video-preview:-1\" \/>\n<link rel=\"canonical\" href=\"https:\/\/luxonomy.net\/es\/cuando-todo-se-contrae-el-lujo-se-expande-por-que-elevar-tu-marca-en-tiempos-de-crisis-es-una-decision-estrategica\/\" \/>\n<meta property=\"og:locale\" content=\"es_ES\" \/>\n<meta property=\"og:type\" content=\"article\" \/>\n<meta property=\"og:title\" content=\"Cuando todo se contrae, el lujo se expande: por qu\u00e9 elevar tu marca en tiempos de crisis es una decisi\u00f3n estrat\u00e9gica | LUXONOMY\" \/>\n<meta property=\"og:description\" content=\"En los ciclos de contracci\u00f3n econ\u00f3mica, la mayor\u00eda de las empresas responde de forma reactiva: reducci\u00f3n de precios, intensificaci\u00f3n promocional y b\u00fasqueda de volumen. Sin embargo, un an\u00e1lisis m\u00e1s profundo \u2014desde la econom\u00eda del comportamiento, la estrategia empresarial y la evoluci\u00f3n hist\u00f3rica del consumo\u2014 revela que esta respuesta, aunque intuitiva, suele ser estructuralmente d\u00e9bil. Existe un enfoque alternativo, menos explorado pero ampliamente respaldado por la evidencia emp\u00edrica y la pr\u00e1ctica de los grandes grupos internacionales: la elevaci\u00f3n del posicionamiento de marca como mecanismo de protecci\u00f3n y expansi\u00f3n en contextos de crisis. Luxurizar una marca no implica \u00fanicamente aumentar precios o sofisticar la est\u00e9tica. Es una decisi\u00f3n estrat\u00e9gica basada en c\u00f3mo se redistribuye la demanda, c\u00f3mo evoluciona la psicolog\u00eda del consumidor y c\u00f3mo se reconfigura la competencia en escenarios de incertidumbre.\" \/>\n<meta property=\"og:url\" content=\"https:\/\/luxonomy.net\/es\/cuando-todo-se-contrae-el-lujo-se-expande-por-que-elevar-tu-marca-en-tiempos-de-crisis-es-una-decision-estrategica\/\" \/>\n<meta property=\"og:site_name\" content=\"LUXONOMY\" \/>\n<meta property=\"article:publisher\" content=\"https:\/\/www.facebook.com\/luxonomy\" \/>\n<meta property=\"article:published_time\" content=\"2026-03-21T13:29:58+00:00\" \/>\n<meta property=\"article:modified_time\" content=\"2026-03-21T13:30:11+00:00\" \/>\n<meta property=\"og:image\" content=\"https:\/\/luxonomy.net\/wp-content\/uploads\/2026\/03\/LUXONOMY-17-1.jpg\" \/>\n\t<meta property=\"og:image:width\" content=\"800\" \/>\n\t<meta property=\"og:image:height\" content=\"600\" \/>\n\t<meta property=\"og:image:type\" content=\"image\/jpeg\" \/>\n<meta name=\"author\" content=\"Pablo Guti\u00e9rrez-Rav\u00e9 Villal\u00f3n\" \/>\n<meta name=\"twitter:card\" content=\"summary_large_image\" \/>\n<meta name=\"twitter:label1\" content=\"Escrito por\" \/>\n\t<meta name=\"twitter:data1\" content=\"Pablo Guti\u00e9rrez-Rav\u00e9 Villal\u00f3n\" \/>\n\t<meta name=\"twitter:label2\" content=\"Tiempo de lectura\" \/>\n\t<meta name=\"twitter:data2\" content=\"6 minutos\" \/>\n<script type=\"application\/ld+json\" class=\"yoast-schema-graph\">{\"@context\":\"https:\\\/\\\/schema.org\",\"@graph\":[{\"@type\":\"Article\",\"@id\":\"https:\\\/\\\/luxonomy.net\\\/es\\\/cuando-todo-se-contrae-el-lujo-se-expande-por-que-elevar-tu-marca-en-tiempos-de-crisis-es-una-decision-estrategica\\\/#article\",\"isPartOf\":{\"@id\":\"https:\\\/\\\/luxonomy.net\\\/es\\\/cuando-todo-se-contrae-el-lujo-se-expande-por-que-elevar-tu-marca-en-tiempos-de-crisis-es-una-decision-estrategica\\\/\"},\"author\":{\"name\":\"Pablo Guti\u00e9rrez-Rav\u00e9 Villal\u00f3n\",\"@id\":\"https:\\\/\\\/luxonomy.net\\\/es\\\/#\\\/schema\\\/person\\\/aca186356f30a813f61bbf19ba52c031\"},\"headline\":\"Cuando todo se contrae, el lujo se expande: por qu\u00e9 elevar tu marca en tiempos de crisis es una decisi\u00f3n estrat\u00e9gica\",\"datePublished\":\"2026-03-21T13:29:58+00:00\",\"dateModified\":\"2026-03-21T13:30:11+00:00\",\"mainEntityOfPage\":{\"@id\":\"https:\\\/\\\/luxonomy.net\\\/es\\\/cuando-todo-se-contrae-el-lujo-se-expande-por-que-elevar-tu-marca-en-tiempos-de-crisis-es-una-decision-estrategica\\\/\"},\"wordCount\":1271,\"commentCount\":0,\"publisher\":{\"@id\":\"https:\\\/\\\/luxonomy.net\\\/es\\\/#organization\"},\"image\":{\"@id\":\"https:\\\/\\\/luxonomy.net\\\/es\\\/cuando-todo-se-contrae-el-lujo-se-expande-por-que-elevar-tu-marca-en-tiempos-de-crisis-es-una-decision-estrategica\\\/#primaryimage\"},\"thumbnailUrl\":\"https:\\\/\\\/i0.wp.com\\\/luxonomy.net\\\/wp-content\\\/uploads\\\/2026\\\/03\\\/LUXONOMY-17-1.jpg?fit=800%2C600&ssl=1\",\"keywords\":[\"econom\u00eda\"],\"articleSection\":[\"Econom\u00eda\"],\"inLanguage\":\"es\",\"potentialAction\":[{\"@type\":\"CommentAction\",\"name\":\"Comment\",\"target\":[\"https:\\\/\\\/luxonomy.net\\\/es\\\/cuando-todo-se-contrae-el-lujo-se-expande-por-que-elevar-tu-marca-en-tiempos-de-crisis-es-una-decision-estrategica\\\/#respond\"]}]},{\"@type\":\"WebPage\",\"@id\":\"https:\\\/\\\/luxonomy.net\\\/es\\\/cuando-todo-se-contrae-el-lujo-se-expande-por-que-elevar-tu-marca-en-tiempos-de-crisis-es-una-decision-estrategica\\\/\",\"url\":\"https:\\\/\\\/luxonomy.net\\\/es\\\/cuando-todo-se-contrae-el-lujo-se-expande-por-que-elevar-tu-marca-en-tiempos-de-crisis-es-una-decision-estrategica\\\/\",\"name\":\"Cuando todo se contrae, el lujo se expande: por qu\u00e9 elevar tu marca en tiempos de crisis es una decisi\u00f3n estrat\u00e9gica | LUXONOMY\",\"isPartOf\":{\"@id\":\"https:\\\/\\\/luxonomy.net\\\/es\\\/#website\"},\"primaryImageOfPage\":{\"@id\":\"https:\\\/\\\/luxonomy.net\\\/es\\\/cuando-todo-se-contrae-el-lujo-se-expande-por-que-elevar-tu-marca-en-tiempos-de-crisis-es-una-decision-estrategica\\\/#primaryimage\"},\"image\":{\"@id\":\"https:\\\/\\\/luxonomy.net\\\/es\\\/cuando-todo-se-contrae-el-lujo-se-expande-por-que-elevar-tu-marca-en-tiempos-de-crisis-es-una-decision-estrategica\\\/#primaryimage\"},\"thumbnailUrl\":\"https:\\\/\\\/i0.wp.com\\\/luxonomy.net\\\/wp-content\\\/uploads\\\/2026\\\/03\\\/LUXONOMY-17-1.jpg?fit=800%2C600&ssl=1\",\"datePublished\":\"2026-03-21T13:29:58+00:00\",\"dateModified\":\"2026-03-21T13:30:11+00:00\",\"breadcrumb\":{\"@id\":\"https:\\\/\\\/luxonomy.net\\\/es\\\/cuando-todo-se-contrae-el-lujo-se-expande-por-que-elevar-tu-marca-en-tiempos-de-crisis-es-una-decision-estrategica\\\/#breadcrumb\"},\"inLanguage\":\"es\",\"potentialAction\":[{\"@type\":\"ReadAction\",\"target\":[\"https:\\\/\\\/luxonomy.net\\\/es\\\/cuando-todo-se-contrae-el-lujo-se-expande-por-que-elevar-tu-marca-en-tiempos-de-crisis-es-una-decision-estrategica\\\/\"]}]},{\"@type\":\"ImageObject\",\"inLanguage\":\"es\",\"@id\":\"https:\\\/\\\/luxonomy.net\\\/es\\\/cuando-todo-se-contrae-el-lujo-se-expande-por-que-elevar-tu-marca-en-tiempos-de-crisis-es-una-decision-estrategica\\\/#primaryimage\",\"url\":\"https:\\\/\\\/i0.wp.com\\\/luxonomy.net\\\/wp-content\\\/uploads\\\/2026\\\/03\\\/LUXONOMY-17-1.jpg?fit=800%2C600&ssl=1\",\"contentUrl\":\"https:\\\/\\\/i0.wp.com\\\/luxonomy.net\\\/wp-content\\\/uploads\\\/2026\\\/03\\\/LUXONOMY-17-1.jpg?fit=800%2C600&ssl=1\",\"width\":800,\"height\":600},{\"@type\":\"BreadcrumbList\",\"@id\":\"https:\\\/\\\/luxonomy.net\\\/es\\\/cuando-todo-se-contrae-el-lujo-se-expande-por-que-elevar-tu-marca-en-tiempos-de-crisis-es-una-decision-estrategica\\\/#breadcrumb\",\"itemListElement\":[{\"@type\":\"ListItem\",\"position\":1,\"name\":\"Portada\",\"item\":\"https:\\\/\\\/luxonomy.net\\\/es\\\/\"},{\"@type\":\"ListItem\",\"position\":2,\"name\":\"Cuando todo se contrae, el lujo se expande: por qu\u00e9 elevar tu marca en tiempos de crisis es una decisi\u00f3n estrat\u00e9gica\"}]},{\"@type\":\"WebSite\",\"@id\":\"https:\\\/\\\/luxonomy.net\\\/es\\\/#website\",\"url\":\"https:\\\/\\\/luxonomy.net\\\/es\\\/\",\"name\":\"LUXONOMY\",\"description\":\"The Economy of Fashion &amp; Luxury\",\"publisher\":{\"@id\":\"https:\\\/\\\/luxonomy.net\\\/es\\\/#organization\"},\"potentialAction\":[{\"@type\":\"SearchAction\",\"target\":{\"@type\":\"EntryPoint\",\"urlTemplate\":\"https:\\\/\\\/luxonomy.net\\\/es\\\/?s={search_term_string}\"},\"query-input\":{\"@type\":\"PropertyValueSpecification\",\"valueRequired\":true,\"valueName\":\"search_term_string\"}}],\"inLanguage\":\"es\"},{\"@type\":\"Organization\",\"@id\":\"https:\\\/\\\/luxonomy.net\\\/es\\\/#organization\",\"name\":\"LUXONOMY\",\"url\":\"https:\\\/\\\/luxonomy.net\\\/es\\\/\",\"logo\":{\"@type\":\"ImageObject\",\"inLanguage\":\"es\",\"@id\":\"https:\\\/\\\/luxonomy.net\\\/es\\\/#\\\/schema\\\/logo\\\/image\\\/\",\"url\":\"https:\\\/\\\/i2.wp.com\\\/luxonomy.net\\\/wp-content\\\/uploads\\\/2021\\\/09\\\/MOCKUP-TODOS-LUXONOMY.jpg?fit=1000%2C515&ssl=1\",\"contentUrl\":\"https:\\\/\\\/i2.wp.com\\\/luxonomy.net\\\/wp-content\\\/uploads\\\/2021\\\/09\\\/MOCKUP-TODOS-LUXONOMY.jpg?fit=1000%2C515&ssl=1\",\"width\":1000,\"height\":515,\"caption\":\"LUXONOMY\"},\"image\":{\"@id\":\"https:\\\/\\\/luxonomy.net\\\/es\\\/#\\\/schema\\\/logo\\\/image\\\/\"},\"sameAs\":[\"https:\\\/\\\/www.facebook.com\\\/luxonomy\",\"https:\\\/\\\/www.instagram.com\\\/luxonomy\\\/\",\"https:\\\/\\\/www.linkedin.com\\\/company\\\/luxonomy\\\/\"]},{\"@type\":\"Person\",\"@id\":\"https:\\\/\\\/luxonomy.net\\\/es\\\/#\\\/schema\\\/person\\\/aca186356f30a813f61bbf19ba52c031\",\"name\":\"Pablo Guti\u00e9rrez-Rav\u00e9 Villal\u00f3n\",\"image\":{\"@type\":\"ImageObject\",\"inLanguage\":\"es\",\"@id\":\"https:\\\/\\\/luxonomy.net\\\/wp-content\\\/litespeed\\\/avatar\\\/b80839bcd1d7840754b71e72cad801ce.jpg?ver=1788213692\",\"url\":\"https:\\\/\\\/luxonomy.net\\\/wp-content\\\/litespeed\\\/avatar\\\/b80839bcd1d7840754b71e72cad801ce.jpg?ver=1788213692\",\"contentUrl\":\"https:\\\/\\\/luxonomy.net\\\/wp-content\\\/litespeed\\\/avatar\\\/b80839bcd1d7840754b71e72cad801ce.jpg?ver=1788213692\",\"caption\":\"Pablo Guti\u00e9rrez-Rav\u00e9 Villal\u00f3n\"},\"description\":\"president LUXONOMY\u2122 Group\",\"sameAs\":[\"https:\\\/\\\/www.linkedin.com\\\/in\\\/pablogutierrezrave\\\/\"],\"url\":\"https:\\\/\\\/luxonomy.net\\\/es\\\/author\\\/pablo\\\/\"}]}<\/script>\n<!-- \/ Yoast SEO plugin. -->","yoast_head_json":{"title":"Cuando todo se contrae, el lujo se expande: por qu\u00e9 elevar tu marca en tiempos de crisis es una decisi\u00f3n estrat\u00e9gica | LUXONOMY","robots":{"index":"index","follow":"follow","max-snippet":"max-snippet:-1","max-image-preview":"max-image-preview:large","max-video-preview":"max-video-preview:-1"},"canonical":"https:\/\/luxonomy.net\/es\/cuando-todo-se-contrae-el-lujo-se-expande-por-que-elevar-tu-marca-en-tiempos-de-crisis-es-una-decision-estrategica\/","og_locale":"es_ES","og_type":"article","og_title":"Cuando todo se contrae, el lujo se expande: por qu\u00e9 elevar tu marca en tiempos de crisis es una decisi\u00f3n estrat\u00e9gica | LUXONOMY","og_description":"En los ciclos de contracci\u00f3n econ\u00f3mica, la mayor\u00eda de las empresas responde de forma reactiva: reducci\u00f3n de precios, intensificaci\u00f3n promocional y b\u00fasqueda de volumen. Sin embargo, un an\u00e1lisis m\u00e1s profundo \u2014desde la econom\u00eda del comportamiento, la estrategia empresarial y la evoluci\u00f3n hist\u00f3rica del consumo\u2014 revela que esta respuesta, aunque intuitiva, suele ser estructuralmente d\u00e9bil. Existe un enfoque alternativo, menos explorado pero ampliamente respaldado por la evidencia emp\u00edrica y la pr\u00e1ctica de los grandes grupos internacionales: la elevaci\u00f3n del posicionamiento de marca como mecanismo de protecci\u00f3n y expansi\u00f3n en contextos de crisis. Luxurizar una marca no implica \u00fanicamente aumentar precios o sofisticar la est\u00e9tica. Es una decisi\u00f3n estrat\u00e9gica basada en c\u00f3mo se redistribuye la demanda, c\u00f3mo evoluciona la psicolog\u00eda del consumidor y c\u00f3mo se reconfigura la competencia en escenarios de incertidumbre.","og_url":"https:\/\/luxonomy.net\/es\/cuando-todo-se-contrae-el-lujo-se-expande-por-que-elevar-tu-marca-en-tiempos-de-crisis-es-una-decision-estrategica\/","og_site_name":"LUXONOMY","article_publisher":"https:\/\/www.facebook.com\/luxonomy","article_published_time":"2026-03-21T13:29:58+00:00","article_modified_time":"2026-03-21T13:30:11+00:00","og_image":[{"width":800,"height":600,"url":"https:\/\/luxonomy.net\/wp-content\/uploads\/2026\/03\/LUXONOMY-17-1.jpg","type":"image\/jpeg"}],"author":"Pablo Guti\u00e9rrez-Rav\u00e9 Villal\u00f3n","twitter_card":"summary_large_image","twitter_misc":{"Escrito por":"Pablo Guti\u00e9rrez-Rav\u00e9 Villal\u00f3n","Tiempo de lectura":"6 minutos"},"schema":{"@context":"https:\/\/schema.org","@graph":[{"@type":"Article","@id":"https:\/\/luxonomy.net\/es\/cuando-todo-se-contrae-el-lujo-se-expande-por-que-elevar-tu-marca-en-tiempos-de-crisis-es-una-decision-estrategica\/#article","isPartOf":{"@id":"https:\/\/luxonomy.net\/es\/cuando-todo-se-contrae-el-lujo-se-expande-por-que-elevar-tu-marca-en-tiempos-de-crisis-es-una-decision-estrategica\/"},"author":{"name":"Pablo Guti\u00e9rrez-Rav\u00e9 Villal\u00f3n","@id":"https:\/\/luxonomy.net\/es\/#\/schema\/person\/aca186356f30a813f61bbf19ba52c031"},"headline":"Cuando todo se contrae, el lujo se expande: por qu\u00e9 elevar tu marca en tiempos de crisis es una decisi\u00f3n estrat\u00e9gica","datePublished":"2026-03-21T13:29:58+00:00","dateModified":"2026-03-21T13:30:11+00:00","mainEntityOfPage":{"@id":"https:\/\/luxonomy.net\/es\/cuando-todo-se-contrae-el-lujo-se-expande-por-que-elevar-tu-marca-en-tiempos-de-crisis-es-una-decision-estrategica\/"},"wordCount":1271,"commentCount":0,"publisher":{"@id":"https:\/\/luxonomy.net\/es\/#organization"},"image":{"@id":"https:\/\/luxonomy.net\/es\/cuando-todo-se-contrae-el-lujo-se-expande-por-que-elevar-tu-marca-en-tiempos-de-crisis-es-una-decision-estrategica\/#primaryimage"},"thumbnailUrl":"https:\/\/i0.wp.com\/luxonomy.net\/wp-content\/uploads\/2026\/03\/LUXONOMY-17-1.jpg?fit=800%2C600&ssl=1","keywords":["econom\u00eda"],"articleSection":["Econom\u00eda"],"inLanguage":"es","potentialAction":[{"@type":"CommentAction","name":"Comment","target":["https:\/\/luxonomy.net\/es\/cuando-todo-se-contrae-el-lujo-se-expande-por-que-elevar-tu-marca-en-tiempos-de-crisis-es-una-decision-estrategica\/#respond"]}]},{"@type":"WebPage","@id":"https:\/\/luxonomy.net\/es\/cuando-todo-se-contrae-el-lujo-se-expande-por-que-elevar-tu-marca-en-tiempos-de-crisis-es-una-decision-estrategica\/","url":"https:\/\/luxonomy.net\/es\/cuando-todo-se-contrae-el-lujo-se-expande-por-que-elevar-tu-marca-en-tiempos-de-crisis-es-una-decision-estrategica\/","name":"Cuando todo se contrae, el lujo se expande: por qu\u00e9 elevar tu marca en tiempos de crisis es una decisi\u00f3n estrat\u00e9gica | LUXONOMY","isPartOf":{"@id":"https:\/\/luxonomy.net\/es\/#website"},"primaryImageOfPage":{"@id":"https:\/\/luxonomy.net\/es\/cuando-todo-se-contrae-el-lujo-se-expande-por-que-elevar-tu-marca-en-tiempos-de-crisis-es-una-decision-estrategica\/#primaryimage"},"image":{"@id":"https:\/\/luxonomy.net\/es\/cuando-todo-se-contrae-el-lujo-se-expande-por-que-elevar-tu-marca-en-tiempos-de-crisis-es-una-decision-estrategica\/#primaryimage"},"thumbnailUrl":"https:\/\/i0.wp.com\/luxonomy.net\/wp-content\/uploads\/2026\/03\/LUXONOMY-17-1.jpg?fit=800%2C600&ssl=1","datePublished":"2026-03-21T13:29:58+00:00","dateModified":"2026-03-21T13:30:11+00:00","breadcrumb":{"@id":"https:\/\/luxonomy.net\/es\/cuando-todo-se-contrae-el-lujo-se-expande-por-que-elevar-tu-marca-en-tiempos-de-crisis-es-una-decision-estrategica\/#breadcrumb"},"inLanguage":"es","potentialAction":[{"@type":"ReadAction","target":["https:\/\/luxonomy.net\/es\/cuando-todo-se-contrae-el-lujo-se-expande-por-que-elevar-tu-marca-en-tiempos-de-crisis-es-una-decision-estrategica\/"]}]},{"@type":"ImageObject","inLanguage":"es","@id":"https:\/\/luxonomy.net\/es\/cuando-todo-se-contrae-el-lujo-se-expande-por-que-elevar-tu-marca-en-tiempos-de-crisis-es-una-decision-estrategica\/#primaryimage","url":"https:\/\/i0.wp.com\/luxonomy.net\/wp-content\/uploads\/2026\/03\/LUXONOMY-17-1.jpg?fit=800%2C600&ssl=1","contentUrl":"https:\/\/i0.wp.com\/luxonomy.net\/wp-content\/uploads\/2026\/03\/LUXONOMY-17-1.jpg?fit=800%2C600&ssl=1","width":800,"height":600},{"@type":"BreadcrumbList","@id":"https:\/\/luxonomy.net\/es\/cuando-todo-se-contrae-el-lujo-se-expande-por-que-elevar-tu-marca-en-tiempos-de-crisis-es-una-decision-estrategica\/#breadcrumb","itemListElement":[{"@type":"ListItem","position":1,"name":"Portada","item":"https:\/\/luxonomy.net\/es\/"},{"@type":"ListItem","position":2,"name":"Cuando todo se contrae, el lujo se expande: por qu\u00e9 elevar tu marca en tiempos de crisis es una decisi\u00f3n estrat\u00e9gica"}]},{"@type":"WebSite","@id":"https:\/\/luxonomy.net\/es\/#website","url":"https:\/\/luxonomy.net\/es\/","name":"LUXONOMY","description":"The Economy of Fashion &amp; Luxury","publisher":{"@id":"https:\/\/luxonomy.net\/es\/#organization"},"potentialAction":[{"@type":"SearchAction","target":{"@type":"EntryPoint","urlTemplate":"https:\/\/luxonomy.net\/es\/?s={search_term_string}"},"query-input":{"@type":"PropertyValueSpecification","valueRequired":true,"valueName":"search_term_string"}}],"inLanguage":"es"},{"@type":"Organization","@id":"https:\/\/luxonomy.net\/es\/#organization","name":"LUXONOMY","url":"https:\/\/luxonomy.net\/es\/","logo":{"@type":"ImageObject","inLanguage":"es","@id":"https:\/\/luxonomy.net\/es\/#\/schema\/logo\/image\/","url":"https:\/\/i2.wp.com\/luxonomy.net\/wp-content\/uploads\/2021\/09\/MOCKUP-TODOS-LUXONOMY.jpg?fit=1000%2C515&ssl=1","contentUrl":"https:\/\/i2.wp.com\/luxonomy.net\/wp-content\/uploads\/2021\/09\/MOCKUP-TODOS-LUXONOMY.jpg?fit=1000%2C515&ssl=1","width":1000,"height":515,"caption":"LUXONOMY"},"image":{"@id":"https:\/\/luxonomy.net\/es\/#\/schema\/logo\/image\/"},"sameAs":["https:\/\/www.facebook.com\/luxonomy","https:\/\/www.instagram.com\/luxonomy\/","https:\/\/www.linkedin.com\/company\/luxonomy\/"]},{"@type":"Person","@id":"https:\/\/luxonomy.net\/es\/#\/schema\/person\/aca186356f30a813f61bbf19ba52c031","name":"Pablo Guti\u00e9rrez-Rav\u00e9 Villal\u00f3n","image":{"@type":"ImageObject","inLanguage":"es","@id":"https:\/\/luxonomy.net\/wp-content\/litespeed\/avatar\/b80839bcd1d7840754b71e72cad801ce.jpg?ver=1788213692","url":"https:\/\/luxonomy.net\/wp-content\/litespeed\/avatar\/b80839bcd1d7840754b71e72cad801ce.jpg?ver=1788213692","contentUrl":"https:\/\/luxonomy.net\/wp-content\/litespeed\/avatar\/b80839bcd1d7840754b71e72cad801ce.jpg?ver=1788213692","caption":"Pablo Guti\u00e9rrez-Rav\u00e9 Villal\u00f3n"},"description":"president LUXONOMY\u2122 Group","sameAs":["https:\/\/www.linkedin.com\/in\/pablogutierrezrave\/"],"url":"https:\/\/luxonomy.net\/es\/author\/pablo\/"}]}},"jetpack_publicize_connections":[],"jetpack_shortlink":"https:\/\/wp.me\/paPhBa-ij1","jetpack_sharing_enabled":true,"jetpack_featured_media_url":"https:\/\/i0.wp.com\/luxonomy.net\/wp-content\/uploads\/2026\/03\/LUXONOMY-17-1.jpg?fit=800%2C600&ssl=1","_links":{"self":[{"href":"https:\/\/luxonomy.net\/es\/wp-json\/wp\/v2\/posts\/70371","targetHints":{"allow":["GET"]}}],"collection":[{"href":"https:\/\/luxonomy.net\/es\/wp-json\/wp\/v2\/posts"}],"about":[{"href":"https:\/\/luxonomy.net\/es\/wp-json\/wp\/v2\/types\/post"}],"author":[{"embeddable":true,"href":"https:\/\/luxonomy.net\/es\/wp-json\/wp\/v2\/users\/19"}],"replies":[{"embeddable":true,"href":"https:\/\/luxonomy.net\/es\/wp-json\/wp\/v2\/comments?post=70371"}],"version-history":[{"count":2,"href":"https:\/\/luxonomy.net\/es\/wp-json\/wp\/v2\/posts\/70371\/revisions"}],"predecessor-version":[{"id":70374,"href":"https:\/\/luxonomy.net\/es\/wp-json\/wp\/v2\/posts\/70371\/revisions\/70374"}],"wp:featuredmedia":[{"embeddable":true,"href":"https:\/\/luxonomy.net\/es\/wp-json\/wp\/v2\/media\/70372"}],"wp:attachment":[{"href":"https:\/\/luxonomy.net\/es\/wp-json\/wp\/v2\/media?parent=70371"}],"wp:term":[{"taxonomy":"category","embeddable":true,"href":"https:\/\/luxonomy.net\/es\/wp-json\/wp\/v2\/categories?post=70371"},{"taxonomy":"post_tag","embeddable":true,"href":"https:\/\/luxonomy.net\/es\/wp-json\/wp\/v2\/tags?post=70371"},{"taxonomy":"thb-sponsors","embeddable":true,"href":"https:\/\/luxonomy.net\/es\/wp-json\/wp\/v2\/thb-sponsors?post=70371"}],"curies":[{"name":"wp","href":"https:\/\/api.w.org\/{rel}","templated":true}]}}