{"id":70302,"date":"2026-03-10T21:12:13","date_gmt":"2026-03-10T20:12:13","guid":{"rendered":"https:\/\/luxonomy.net\/?p=70302"},"modified":"2026-03-10T21:12:25","modified_gmt":"2026-03-10T20:12:25","slug":"dior-apuesta-por-la-creatividad-para-revitalizar-sus-ventas","status":"publish","type":"post","link":"https:\/\/luxonomy.net\/es\/dior-apuesta-por-la-creatividad-para-revitalizar-sus-ventas\/","title":{"rendered":"Dior apuesta por la creatividad para revitalizar sus ventas"},"content":{"rendered":"\n<p class=\"wp-block-paragraph\">La hist\u00f3rica casa de moda Dior ha presentado en Paris su nueva colecci\u00f3n oto\u00f1o-invierno con una propuesta que vuelve a situar la creatividad en el centro de su estrategia. En un contexto en el que el sector del lujo vive una fase de crecimiento m\u00e1s moderado tras varios a\u00f1os de expansi\u00f3n acelerada, la firma francesa apuesta por reforzar su identidad est\u00e9tica y su capacidad narrativa para mantener el deseo alrededor de la marca.<\/p>\n\n\n\n<p class=\"wp-block-paragraph\">La colecci\u00f3n se inspira profundamente en la naturaleza, reinterpretada desde una mirada contempor\u00e1nea. Sobre la pasarela pudieron verse vestidos con siluetas florales, capas ligeras que evocan p\u00e9talos en movimiento, aplicaciones de plumas y tejidos con texturas org\u00e1nicas que recuerdan a cortezas, hojas o estructuras vegetales. La paleta crom\u00e1tica combina tonos neutros \u2014marfil, arena o negro profundo\u2014 con matices bot\u00e1nicos y met\u00e1licos que aportan contraste y profundidad visual.<\/p>\n\n\n\n<p class=\"wp-block-paragraph\">M\u00e1s all\u00e1 del dise\u00f1o, el desfile plantea un discurso creativo que conecta con la herencia hist\u00f3rica de la casa fundada por Christian Dior en 1946. La reinterpretaci\u00f3n de elementos naturales y formas org\u00e1nicas remite a una tradici\u00f3n presente en muchas de las colecciones emblem\u00e1ticas de la maison, donde la moda se concibe como una prolongaci\u00f3n art\u00edstica del entorno y de la cultura.<\/p><div id=\"luxon-235801924\" class=\"luxon-3er-parrafo luxon-entity-placement\" style=\"margin-top: 20px;margin-bottom: 20px;margin-left: auto;margin-right: auto;text-align: center;\"><a href=\"https:\/\/luxonomy.university\/course\/master-turismo-de-lujo\" target=\"_blank\" aria-label=\"master-turismo-lujo-2026-2027\"><img loading=\"lazy\" decoding=\"async\" src=\"https:\/\/i0.wp.com\/luxonomy.net\/wp-content\/uploads\/2020\/07\/master-turismo-lujo-2026-2027.jpg?fit=1672%2C941&#038;ssl=1\" alt=\"\"  srcset=\"https:\/\/i0.wp.com\/luxonomy.net\/wp-content\/uploads\/2020\/07\/master-turismo-lujo-2026-2027.jpg?w=1672&ssl=1 1672w, https:\/\/i0.wp.com\/luxonomy.net\/wp-content\/uploads\/2020\/07\/master-turismo-lujo-2026-2027.jpg?resize=300%2C169&ssl=1 300w, https:\/\/i0.wp.com\/luxonomy.net\/wp-content\/uploads\/2020\/07\/master-turismo-lujo-2026-2027.jpg?resize=1024%2C576&ssl=1 1024w, https:\/\/i0.wp.com\/luxonomy.net\/wp-content\/uploads\/2020\/07\/master-turismo-lujo-2026-2027.jpg?resize=768%2C432&ssl=1 768w, https:\/\/i0.wp.com\/luxonomy.net\/wp-content\/uploads\/2020\/07\/master-turismo-lujo-2026-2027.jpg?resize=1536%2C864&ssl=1 1536w, https:\/\/i0.wp.com\/luxonomy.net\/wp-content\/uploads\/2020\/07\/master-turismo-lujo-2026-2027.jpg?resize=370%2C208&ssl=1 370w, https:\/\/i0.wp.com\/luxonomy.net\/wp-content\/uploads\/2020\/07\/master-turismo-lujo-2026-2027.jpg?resize=800%2C450&ssl=1 800w, https:\/\/i0.wp.com\/luxonomy.net\/wp-content\/uploads\/2020\/07\/master-turismo-lujo-2026-2027.jpg?resize=20%2C11&ssl=1 20w, https:\/\/i0.wp.com\/luxonomy.net\/wp-content\/uploads\/2020\/07\/master-turismo-lujo-2026-2027.jpg?resize=740%2C416&ssl=1 740w, https:\/\/i0.wp.com\/luxonomy.net\/wp-content\/uploads\/2020\/07\/master-turismo-lujo-2026-2027.jpg?resize=1600%2C900&ssl=1 1600w, https:\/\/i0.wp.com\/luxonomy.net\/wp-content\/uploads\/2020\/07\/master-turismo-lujo-2026-2027.jpg?resize=1200%2C675&ssl=1 1200w, https:\/\/i0.wp.com\/luxonomy.net\/wp-content\/uploads\/2020\/07\/master-turismo-lujo-2026-2027.jpg?resize=85%2C48&ssl=1 85w\" sizes=\"(max-width: 1170px) 100vw, 1170px\" class=\"no-lazyload\" width=\"1672\" height=\"941\"   \/><\/a><\/div>\n\n\n\n<p class=\"wp-block-paragraph\">Esta apuesta por la creatividad llega en un momento en el que muchas marcas de lujo est\u00e1n revisando sus estrategias ante un consumidor m\u00e1s selectivo. Tras el fuerte crecimiento impulsado por la demanda global despu\u00e9s de la pandemia, el sector afronta ahora un entorno m\u00e1s complejo marcado por la desaceleraci\u00f3n econ\u00f3mica en algunos mercados, la evoluci\u00f3n del consumo en Asia y un mayor escrutinio sobre el valor real de los productos.<\/p>\n\n\n\n<p class=\"wp-block-paragraph\">En este escenario, analistas del mercado coinciden en que las grandes casas de moda est\u00e1n reforzando dos elementos clave: la creatividad y el storytelling. La moda de lujo no se sostiene \u00fanicamente sobre el producto, sino sobre la construcci\u00f3n de un universo cultural alrededor de la marca. Desfiles conceptuales, narrativas visuales y colecciones con fuerte identidad est\u00e9tica se convierten as\u00ed en herramientas estrat\u00e9gicas para mantener el deseo y justificar el posicionamiento premium.<\/p>\n\n\n\n<p class=\"wp-block-paragraph\">Para Dior, la creatividad no es solo un ejercicio art\u00edstico, sino tambi\u00e9n una herramienta de posicionamiento global. Cada colecci\u00f3n act\u00faa como una declaraci\u00f3n de principios sobre lo que representa la marca: elegancia, herencia cultural y una visi\u00f3n contempor\u00e1nea de la feminidad. En un mercado donde la competencia entre las grandes maisons es cada vez m\u00e1s intensa, la capacidad de generar emoci\u00f3n y aspiraci\u00f3n sigue siendo uno de los motores fundamentales del negocio del lujo.<\/p>\n\n\n","protected":false},"excerpt":{"rendered":"<p>La hist\u00f3rica casa de moda Dior ha presentado en Paris su nueva colecci\u00f3n oto\u00f1o-invierno con una propuesta que vuelve a situar la creatividad en el centro de su estrategia. En un contexto en el que el sector del lujo vive una fase de crecimiento m\u00e1s moderado tras varios a\u00f1os de expansi\u00f3n acelerada, la firma francesa&hellip;<\/p>\n","protected":false},"author":11,"featured_media":70303,"comment_status":"open","ping_status":"open","sticky":false,"template":"","format":"standard","meta":{"_jetpack_newsletter_access":"","_jetpack_dont_email_post_to_subs":true,"_jetpack_newsletter_tier_id":0,"_jetpack_memberships_contains_paywalled_content":false,"_jetpack_feature_clip_id":0,"_jetpack_memberships_contains_paid_content":false,"footnotes":"","jetpack_publicize_message":"","jetpack_publicize_feature_enabled":false,"jetpack_social_post_already_shared":false,"jetpack_social_options":{"image_generator_settings":{"template":"edge","default_image_id":0,"font":"","enabled":false},"version":2},"jetpack_post_was_ever_published":false},"categories":[534],"tags":[699,586],"thb-sponsors":[],"class_list":["post-70302","post","type-post","status-publish","format-standard","has-post-thumbnail","hentry","category-moda","tag-dior","tag-moda"],"yoast_head":"<!-- This site is optimized with the Yoast SEO plugin v28.4 - https:\/\/yoast.com\/product\/yoast-seo-wordpress\/ -->\n<title>Dior apuesta por la creatividad para revitalizar sus ventas | LUXONOMY<\/title>\n<meta name=\"robots\" content=\"index, follow, max-snippet:-1, max-image-preview:large, max-video-preview:-1\" \/>\n<link rel=\"canonical\" href=\"https:\/\/luxonomy.net\/es\/dior-apuesta-por-la-creatividad-para-revitalizar-sus-ventas\/\" \/>\n<meta property=\"og:locale\" content=\"es_ES\" \/>\n<meta property=\"og:type\" content=\"article\" \/>\n<meta property=\"og:title\" content=\"Dior apuesta por la creatividad para revitalizar sus ventas | LUXONOMY\" \/>\n<meta property=\"og:description\" content=\"La hist\u00f3rica casa de moda Dior ha presentado en Paris su nueva colecci\u00f3n oto\u00f1o-invierno con una propuesta que vuelve a situar la creatividad en el centro de su estrategia. En un contexto en el que el sector del lujo vive una fase de crecimiento m\u00e1s moderado tras varios a\u00f1os de expansi\u00f3n acelerada, la firma francesa&hellip;\" \/>\n<meta property=\"og:url\" content=\"https:\/\/luxonomy.net\/es\/dior-apuesta-por-la-creatividad-para-revitalizar-sus-ventas\/\" \/>\n<meta property=\"og:site_name\" content=\"LUXONOMY\" \/>\n<meta property=\"article:publisher\" content=\"https:\/\/www.facebook.com\/luxonomy\" \/>\n<meta property=\"article:published_time\" content=\"2026-03-10T20:12:13+00:00\" \/>\n<meta property=\"article:modified_time\" content=\"2026-03-10T20:12:25+00:00\" \/>\n<meta name=\"author\" content=\"Kristi Ellis\" \/>\n<meta name=\"twitter:card\" content=\"summary_large_image\" \/>\n<meta name=\"twitter:label1\" content=\"Escrito por\" \/>\n\t<meta name=\"twitter:data1\" content=\"Kristi Ellis\" \/>\n\t<meta name=\"twitter:label2\" content=\"Tiempo de lectura\" \/>\n\t<meta name=\"twitter:data2\" content=\"3 minutos\" \/>\n<script type=\"application\/ld+json\" class=\"yoast-schema-graph\">{\"@context\":\"https:\\\/\\\/schema.org\",\"@graph\":[{\"@type\":\"Article\",\"@id\":\"https:\\\/\\\/luxonomy.net\\\/es\\\/dior-apuesta-por-la-creatividad-para-revitalizar-sus-ventas\\\/#article\",\"isPartOf\":{\"@id\":\"https:\\\/\\\/luxonomy.net\\\/es\\\/dior-apuesta-por-la-creatividad-para-revitalizar-sus-ventas\\\/\"},\"author\":{\"name\":\"Kristi Ellis\",\"@id\":\"https:\\\/\\\/luxonomy.net\\\/es\\\/#\\\/schema\\\/person\\\/1a813e5ec518f582af236d6344aa6c01\"},\"headline\":\"Dior apuesta por la creatividad para revitalizar sus ventas\",\"datePublished\":\"2026-03-10T20:12:13+00:00\",\"dateModified\":\"2026-03-10T20:12:25+00:00\",\"mainEntityOfPage\":{\"@id\":\"https:\\\/\\\/luxonomy.net\\\/es\\\/dior-apuesta-por-la-creatividad-para-revitalizar-sus-ventas\\\/\"},\"wordCount\":471,\"commentCount\":0,\"publisher\":{\"@id\":\"https:\\\/\\\/luxonomy.net\\\/es\\\/#organization\"},\"image\":{\"@id\":\"https:\\\/\\\/luxonomy.net\\\/es\\\/dior-apuesta-por-la-creatividad-para-revitalizar-sus-ventas\\\/#primaryimage\"},\"thumbnailUrl\":\"https:\\\/\\\/luxonomy.net\\\/wp-content\\\/uploads\\\/2026\\\/03\\\/dior-scaled.avif\",\"keywords\":[\"Dior\",\"Moda\"],\"articleSection\":[\"Moda\"],\"inLanguage\":\"es\",\"potentialAction\":[{\"@type\":\"CommentAction\",\"name\":\"Comment\",\"target\":[\"https:\\\/\\\/luxonomy.net\\\/es\\\/dior-apuesta-por-la-creatividad-para-revitalizar-sus-ventas\\\/#respond\"]}]},{\"@type\":\"WebPage\",\"@id\":\"https:\\\/\\\/luxonomy.net\\\/es\\\/dior-apuesta-por-la-creatividad-para-revitalizar-sus-ventas\\\/\",\"url\":\"https:\\\/\\\/luxonomy.net\\\/es\\\/dior-apuesta-por-la-creatividad-para-revitalizar-sus-ventas\\\/\",\"name\":\"Dior apuesta por la creatividad para revitalizar sus ventas | LUXONOMY\",\"isPartOf\":{\"@id\":\"https:\\\/\\\/luxonomy.net\\\/es\\\/#website\"},\"primaryImageOfPage\":{\"@id\":\"https:\\\/\\\/luxonomy.net\\\/es\\\/dior-apuesta-por-la-creatividad-para-revitalizar-sus-ventas\\\/#primaryimage\"},\"image\":{\"@id\":\"https:\\\/\\\/luxonomy.net\\\/es\\\/dior-apuesta-por-la-creatividad-para-revitalizar-sus-ventas\\\/#primaryimage\"},\"thumbnailUrl\":\"https:\\\/\\\/luxonomy.net\\\/wp-content\\\/uploads\\\/2026\\\/03\\\/dior-scaled.avif\",\"datePublished\":\"2026-03-10T20:12:13+00:00\",\"dateModified\":\"2026-03-10T20:12:25+00:00\",\"breadcrumb\":{\"@id\":\"https:\\\/\\\/luxonomy.net\\\/es\\\/dior-apuesta-por-la-creatividad-para-revitalizar-sus-ventas\\\/#breadcrumb\"},\"inLanguage\":\"es\",\"potentialAction\":[{\"@type\":\"ReadAction\",\"target\":[\"https:\\\/\\\/luxonomy.net\\\/es\\\/dior-apuesta-por-la-creatividad-para-revitalizar-sus-ventas\\\/\"]}]},{\"@type\":\"ImageObject\",\"inLanguage\":\"es\",\"@id\":\"https:\\\/\\\/luxonomy.net\\\/es\\\/dior-apuesta-por-la-creatividad-para-revitalizar-sus-ventas\\\/#primaryimage\",\"url\":\"https:\\\/\\\/luxonomy.net\\\/wp-content\\\/uploads\\\/2026\\\/03\\\/dior-scaled.avif\",\"contentUrl\":\"https:\\\/\\\/luxonomy.net\\\/wp-content\\\/uploads\\\/2026\\\/03\\\/dior-scaled.avif\",\"width\":2560,\"height\":1441},{\"@type\":\"BreadcrumbList\",\"@id\":\"https:\\\/\\\/luxonomy.net\\\/es\\\/dior-apuesta-por-la-creatividad-para-revitalizar-sus-ventas\\\/#breadcrumb\",\"itemListElement\":[{\"@type\":\"ListItem\",\"position\":1,\"name\":\"Portada\",\"item\":\"https:\\\/\\\/luxonomy.net\\\/es\\\/\"},{\"@type\":\"ListItem\",\"position\":2,\"name\":\"Dior apuesta por la creatividad para revitalizar sus ventas\"}]},{\"@type\":\"WebSite\",\"@id\":\"https:\\\/\\\/luxonomy.net\\\/es\\\/#website\",\"url\":\"https:\\\/\\\/luxonomy.net\\\/es\\\/\",\"name\":\"LUXONOMY\",\"description\":\"The Economy of Fashion &amp; Luxury\",\"publisher\":{\"@id\":\"https:\\\/\\\/luxonomy.net\\\/es\\\/#organization\"},\"potentialAction\":[{\"@type\":\"SearchAction\",\"target\":{\"@type\":\"EntryPoint\",\"urlTemplate\":\"https:\\\/\\\/luxonomy.net\\\/es\\\/?s={search_term_string}\"},\"query-input\":{\"@type\":\"PropertyValueSpecification\",\"valueRequired\":true,\"valueName\":\"search_term_string\"}}],\"inLanguage\":\"es\"},{\"@type\":\"Organization\",\"@id\":\"https:\\\/\\\/luxonomy.net\\\/es\\\/#organization\",\"name\":\"LUXONOMY\",\"url\":\"https:\\\/\\\/luxonomy.net\\\/es\\\/\",\"logo\":{\"@type\":\"ImageObject\",\"inLanguage\":\"es\",\"@id\":\"https:\\\/\\\/luxonomy.net\\\/es\\\/#\\\/schema\\\/logo\\\/image\\\/\",\"url\":\"https:\\\/\\\/i2.wp.com\\\/luxonomy.net\\\/wp-content\\\/uploads\\\/2021\\\/09\\\/MOCKUP-TODOS-LUXONOMY.jpg?fit=1000%2C515&ssl=1\",\"contentUrl\":\"https:\\\/\\\/i2.wp.com\\\/luxonomy.net\\\/wp-content\\\/uploads\\\/2021\\\/09\\\/MOCKUP-TODOS-LUXONOMY.jpg?fit=1000%2C515&ssl=1\",\"width\":1000,\"height\":515,\"caption\":\"LUXONOMY\"},\"image\":{\"@id\":\"https:\\\/\\\/luxonomy.net\\\/es\\\/#\\\/schema\\\/logo\\\/image\\\/\"},\"sameAs\":[\"https:\\\/\\\/www.facebook.com\\\/luxonomy\",\"https:\\\/\\\/www.instagram.com\\\/luxonomy\\\/\",\"https:\\\/\\\/www.linkedin.com\\\/company\\\/luxonomy\\\/\"]},{\"@type\":\"Person\",\"@id\":\"https:\\\/\\\/luxonomy.net\\\/es\\\/#\\\/schema\\\/person\\\/1a813e5ec518f582af236d6344aa6c01\",\"name\":\"Kristi Ellis\",\"image\":{\"@type\":\"ImageObject\",\"inLanguage\":\"es\",\"@id\":\"https:\\\/\\\/luxonomy.net\\\/wp-content\\\/litespeed\\\/avatar\\\/ae0c58256b980352bba3c97a8f9abe32.jpg?ver=1787975034\",\"url\":\"https:\\\/\\\/luxonomy.net\\\/wp-content\\\/litespeed\\\/avatar\\\/ae0c58256b980352bba3c97a8f9abe32.jpg?ver=1787975034\",\"contentUrl\":\"https:\\\/\\\/luxonomy.net\\\/wp-content\\\/litespeed\\\/avatar\\\/ae0c58256b980352bba3c97a8f9abe32.jpg?ver=1787975034\",\"caption\":\"Kristi Ellis\"},\"url\":\"https:\\\/\\\/luxonomy.net\\\/es\\\/author\\\/kristi-ellis\\\/\"}]}<\/script>\n<!-- \/ Yoast SEO plugin. -->","yoast_head_json":{"title":"Dior apuesta por la creatividad para revitalizar sus ventas | LUXONOMY","robots":{"index":"index","follow":"follow","max-snippet":"max-snippet:-1","max-image-preview":"max-image-preview:large","max-video-preview":"max-video-preview:-1"},"canonical":"https:\/\/luxonomy.net\/es\/dior-apuesta-por-la-creatividad-para-revitalizar-sus-ventas\/","og_locale":"es_ES","og_type":"article","og_title":"Dior apuesta por la creatividad para revitalizar sus ventas | LUXONOMY","og_description":"La hist\u00f3rica casa de moda Dior ha presentado en Paris su nueva colecci\u00f3n oto\u00f1o-invierno con una propuesta que vuelve a situar la creatividad en el centro de su estrategia. En un contexto en el que el sector del lujo vive una fase de crecimiento m\u00e1s moderado tras varios a\u00f1os de expansi\u00f3n acelerada, la firma francesa&hellip;","og_url":"https:\/\/luxonomy.net\/es\/dior-apuesta-por-la-creatividad-para-revitalizar-sus-ventas\/","og_site_name":"LUXONOMY","article_publisher":"https:\/\/www.facebook.com\/luxonomy","article_published_time":"2026-03-10T20:12:13+00:00","article_modified_time":"2026-03-10T20:12:25+00:00","author":"Kristi Ellis","twitter_card":"summary_large_image","twitter_misc":{"Escrito por":"Kristi Ellis","Tiempo de lectura":"3 minutos"},"schema":{"@context":"https:\/\/schema.org","@graph":[{"@type":"Article","@id":"https:\/\/luxonomy.net\/es\/dior-apuesta-por-la-creatividad-para-revitalizar-sus-ventas\/#article","isPartOf":{"@id":"https:\/\/luxonomy.net\/es\/dior-apuesta-por-la-creatividad-para-revitalizar-sus-ventas\/"},"author":{"name":"Kristi Ellis","@id":"https:\/\/luxonomy.net\/es\/#\/schema\/person\/1a813e5ec518f582af236d6344aa6c01"},"headline":"Dior apuesta por la creatividad para revitalizar sus ventas","datePublished":"2026-03-10T20:12:13+00:00","dateModified":"2026-03-10T20:12:25+00:00","mainEntityOfPage":{"@id":"https:\/\/luxonomy.net\/es\/dior-apuesta-por-la-creatividad-para-revitalizar-sus-ventas\/"},"wordCount":471,"commentCount":0,"publisher":{"@id":"https:\/\/luxonomy.net\/es\/#organization"},"image":{"@id":"https:\/\/luxonomy.net\/es\/dior-apuesta-por-la-creatividad-para-revitalizar-sus-ventas\/#primaryimage"},"thumbnailUrl":"https:\/\/luxonomy.net\/wp-content\/uploads\/2026\/03\/dior-scaled.avif","keywords":["Dior","Moda"],"articleSection":["Moda"],"inLanguage":"es","potentialAction":[{"@type":"CommentAction","name":"Comment","target":["https:\/\/luxonomy.net\/es\/dior-apuesta-por-la-creatividad-para-revitalizar-sus-ventas\/#respond"]}]},{"@type":"WebPage","@id":"https:\/\/luxonomy.net\/es\/dior-apuesta-por-la-creatividad-para-revitalizar-sus-ventas\/","url":"https:\/\/luxonomy.net\/es\/dior-apuesta-por-la-creatividad-para-revitalizar-sus-ventas\/","name":"Dior apuesta por la creatividad para revitalizar sus ventas | LUXONOMY","isPartOf":{"@id":"https:\/\/luxonomy.net\/es\/#website"},"primaryImageOfPage":{"@id":"https:\/\/luxonomy.net\/es\/dior-apuesta-por-la-creatividad-para-revitalizar-sus-ventas\/#primaryimage"},"image":{"@id":"https:\/\/luxonomy.net\/es\/dior-apuesta-por-la-creatividad-para-revitalizar-sus-ventas\/#primaryimage"},"thumbnailUrl":"https:\/\/luxonomy.net\/wp-content\/uploads\/2026\/03\/dior-scaled.avif","datePublished":"2026-03-10T20:12:13+00:00","dateModified":"2026-03-10T20:12:25+00:00","breadcrumb":{"@id":"https:\/\/luxonomy.net\/es\/dior-apuesta-por-la-creatividad-para-revitalizar-sus-ventas\/#breadcrumb"},"inLanguage":"es","potentialAction":[{"@type":"ReadAction","target":["https:\/\/luxonomy.net\/es\/dior-apuesta-por-la-creatividad-para-revitalizar-sus-ventas\/"]}]},{"@type":"ImageObject","inLanguage":"es","@id":"https:\/\/luxonomy.net\/es\/dior-apuesta-por-la-creatividad-para-revitalizar-sus-ventas\/#primaryimage","url":"https:\/\/luxonomy.net\/wp-content\/uploads\/2026\/03\/dior-scaled.avif","contentUrl":"https:\/\/luxonomy.net\/wp-content\/uploads\/2026\/03\/dior-scaled.avif","width":2560,"height":1441},{"@type":"BreadcrumbList","@id":"https:\/\/luxonomy.net\/es\/dior-apuesta-por-la-creatividad-para-revitalizar-sus-ventas\/#breadcrumb","itemListElement":[{"@type":"ListItem","position":1,"name":"Portada","item":"https:\/\/luxonomy.net\/es\/"},{"@type":"ListItem","position":2,"name":"Dior apuesta por la creatividad para revitalizar sus ventas"}]},{"@type":"WebSite","@id":"https:\/\/luxonomy.net\/es\/#website","url":"https:\/\/luxonomy.net\/es\/","name":"LUXONOMY","description":"The Economy of Fashion &amp; Luxury","publisher":{"@id":"https:\/\/luxonomy.net\/es\/#organization"},"potentialAction":[{"@type":"SearchAction","target":{"@type":"EntryPoint","urlTemplate":"https:\/\/luxonomy.net\/es\/?s={search_term_string}"},"query-input":{"@type":"PropertyValueSpecification","valueRequired":true,"valueName":"search_term_string"}}],"inLanguage":"es"},{"@type":"Organization","@id":"https:\/\/luxonomy.net\/es\/#organization","name":"LUXONOMY","url":"https:\/\/luxonomy.net\/es\/","logo":{"@type":"ImageObject","inLanguage":"es","@id":"https:\/\/luxonomy.net\/es\/#\/schema\/logo\/image\/","url":"https:\/\/i2.wp.com\/luxonomy.net\/wp-content\/uploads\/2021\/09\/MOCKUP-TODOS-LUXONOMY.jpg?fit=1000%2C515&ssl=1","contentUrl":"https:\/\/i2.wp.com\/luxonomy.net\/wp-content\/uploads\/2021\/09\/MOCKUP-TODOS-LUXONOMY.jpg?fit=1000%2C515&ssl=1","width":1000,"height":515,"caption":"LUXONOMY"},"image":{"@id":"https:\/\/luxonomy.net\/es\/#\/schema\/logo\/image\/"},"sameAs":["https:\/\/www.facebook.com\/luxonomy","https:\/\/www.instagram.com\/luxonomy\/","https:\/\/www.linkedin.com\/company\/luxonomy\/"]},{"@type":"Person","@id":"https:\/\/luxonomy.net\/es\/#\/schema\/person\/1a813e5ec518f582af236d6344aa6c01","name":"Kristi Ellis","image":{"@type":"ImageObject","inLanguage":"es","@id":"https:\/\/luxonomy.net\/wp-content\/litespeed\/avatar\/ae0c58256b980352bba3c97a8f9abe32.jpg?ver=1787975034","url":"https:\/\/luxonomy.net\/wp-content\/litespeed\/avatar\/ae0c58256b980352bba3c97a8f9abe32.jpg?ver=1787975034","contentUrl":"https:\/\/luxonomy.net\/wp-content\/litespeed\/avatar\/ae0c58256b980352bba3c97a8f9abe32.jpg?ver=1787975034","caption":"Kristi Ellis"},"url":"https:\/\/luxonomy.net\/es\/author\/kristi-ellis\/"}]}},"jetpack_publicize_connections":[],"jetpack_shortlink":"https:\/\/wp.me\/paPhBa-ihU","jetpack_sharing_enabled":true,"jetpack_featured_media_url":"https:\/\/luxonomy.net\/wp-content\/uploads\/2026\/03\/dior-scaled.avif","_links":{"self":[{"href":"https:\/\/luxonomy.net\/es\/wp-json\/wp\/v2\/posts\/70302","targetHints":{"allow":["GET"]}}],"collection":[{"href":"https:\/\/luxonomy.net\/es\/wp-json\/wp\/v2\/posts"}],"about":[{"href":"https:\/\/luxonomy.net\/es\/wp-json\/wp\/v2\/types\/post"}],"author":[{"embeddable":true,"href":"https:\/\/luxonomy.net\/es\/wp-json\/wp\/v2\/users\/11"}],"replies":[{"embeddable":true,"href":"https:\/\/luxonomy.net\/es\/wp-json\/wp\/v2\/comments?post=70302"}],"version-history":[{"count":2,"href":"https:\/\/luxonomy.net\/es\/wp-json\/wp\/v2\/posts\/70302\/revisions"}],"predecessor-version":[{"id":70305,"href":"https:\/\/luxonomy.net\/es\/wp-json\/wp\/v2\/posts\/70302\/revisions\/70305"}],"wp:featuredmedia":[{"embeddable":true,"href":"https:\/\/luxonomy.net\/es\/wp-json\/wp\/v2\/media\/70303"}],"wp:attachment":[{"href":"https:\/\/luxonomy.net\/es\/wp-json\/wp\/v2\/media?parent=70302"}],"wp:term":[{"taxonomy":"category","embeddable":true,"href":"https:\/\/luxonomy.net\/es\/wp-json\/wp\/v2\/categories?post=70302"},{"taxonomy":"post_tag","embeddable":true,"href":"https:\/\/luxonomy.net\/es\/wp-json\/wp\/v2\/tags?post=70302"},{"taxonomy":"thb-sponsors","embeddable":true,"href":"https:\/\/luxonomy.net\/es\/wp-json\/wp\/v2\/thb-sponsors?post=70302"}],"curies":[{"name":"wp","href":"https:\/\/api.w.org\/{rel}","templated":true}]}}