{"id":70150,"date":"2026-02-24T12:17:59","date_gmt":"2026-02-24T11:17:59","guid":{"rendered":"https:\/\/luxonomy.net\/?p=70150"},"modified":"2026-02-24T12:18:11","modified_gmt":"2026-02-24T11:18:11","slug":"milan-fashion-week-impulsa-una-nueva-arquitectura-creativa-del-lujo-global","status":"publish","type":"post","link":"https:\/\/luxonomy.net\/es\/milan-fashion-week-impulsa-una-nueva-arquitectura-creativa-del-lujo-global\/","title":{"rendered":"Milan Fashion Week impulsa una nueva arquitectura creativa del lujo global"},"content":{"rendered":"\n<p class=\"wp-block-paragraph\">La \u00faltima edici\u00f3n de la Milan Fashion Week no ha sido simplemente una sucesi\u00f3n de desfiles: ha funcionado como laboratorio estrat\u00e9gico para la reconfiguraci\u00f3n creativa del sector del lujo. En un contexto de desaceleraci\u00f3n selectiva del consumo en algunas regiones y de redefinici\u00f3n del perfil del cliente global, las casas italianas han respondido con una combinaci\u00f3n de audacia est\u00e9tica, revisi\u00f3n de c\u00f3digos hist\u00f3ricos y nuevas narrativas digitales.<\/p>\n\n\n\n<p class=\"wp-block-paragraph\">Mil\u00e1n, capital hist\u00f3rica de la sofisticaci\u00f3n industrial aplicada a la moda, ha demostrado que el lujo no se reinventa destruyendo su legado, sino reinterpret\u00e1ndolo con inteligencia cultural. Las pasarelas han evidenciado tres ejes claros: retorno a la artesan\u00eda como s\u00edmbolo de valor tangible, redefinici\u00f3n del concepto de elegancia contempor\u00e1nea y mayor integraci\u00f3n tecnol\u00f3gica en la construcci\u00f3n de marca.<\/p>\n\n\n\n<h3 class=\"wp-block-heading\">Nuevos directores creativos, nuevas lecturas del ADN<\/h3>\n\n\n\n<p class=\"wp-block-paragraph\">Uno de los focos centrales ha sido el relevo creativo en algunas casas emblem\u00e1ticas. La primera colecci\u00f3n de <strong>Gucci<\/strong> bajo la nueva direcci\u00f3n art\u00edstica ha mostrado un giro hacia una est\u00e9tica m\u00e1s estructurada y sobria, reduciendo el maximalismo reciente para recuperar l\u00edneas m\u00e1s limpias y una sensualidad controlada. El mensaje es claro: sofisticaci\u00f3n madura, menos estridencia y mayor coherencia de identidad.<\/p><div id=\"luxon-3095603019\" class=\"luxon-3er-parrafo luxon-entity-placement\" style=\"margin-top: 20px;margin-bottom: 20px;margin-left: auto;margin-right: auto;text-align: center;\"><a href=\"https:\/\/luxonomy.university\/course\/master-turismo-de-lujo\" target=\"_blank\" aria-label=\"master-turismo-lujo-2026-2027\"><img loading=\"lazy\" decoding=\"async\" src=\"https:\/\/i0.wp.com\/luxonomy.net\/wp-content\/uploads\/2020\/07\/master-turismo-lujo-2026-2027.jpg?fit=1672%2C941&#038;ssl=1\" alt=\"\"  srcset=\"https:\/\/i0.wp.com\/luxonomy.net\/wp-content\/uploads\/2020\/07\/master-turismo-lujo-2026-2027.jpg?w=1672&ssl=1 1672w, https:\/\/i0.wp.com\/luxonomy.net\/wp-content\/uploads\/2020\/07\/master-turismo-lujo-2026-2027.jpg?resize=300%2C169&ssl=1 300w, https:\/\/i0.wp.com\/luxonomy.net\/wp-content\/uploads\/2020\/07\/master-turismo-lujo-2026-2027.jpg?resize=1024%2C576&ssl=1 1024w, https:\/\/i0.wp.com\/luxonomy.net\/wp-content\/uploads\/2020\/07\/master-turismo-lujo-2026-2027.jpg?resize=768%2C432&ssl=1 768w, https:\/\/i0.wp.com\/luxonomy.net\/wp-content\/uploads\/2020\/07\/master-turismo-lujo-2026-2027.jpg?resize=1536%2C864&ssl=1 1536w, https:\/\/i0.wp.com\/luxonomy.net\/wp-content\/uploads\/2020\/07\/master-turismo-lujo-2026-2027.jpg?resize=370%2C208&ssl=1 370w, https:\/\/i0.wp.com\/luxonomy.net\/wp-content\/uploads\/2020\/07\/master-turismo-lujo-2026-2027.jpg?resize=800%2C450&ssl=1 800w, https:\/\/i0.wp.com\/luxonomy.net\/wp-content\/uploads\/2020\/07\/master-turismo-lujo-2026-2027.jpg?resize=20%2C11&ssl=1 20w, https:\/\/i0.wp.com\/luxonomy.net\/wp-content\/uploads\/2020\/07\/master-turismo-lujo-2026-2027.jpg?resize=740%2C416&ssl=1 740w, https:\/\/i0.wp.com\/luxonomy.net\/wp-content\/uploads\/2020\/07\/master-turismo-lujo-2026-2027.jpg?resize=1600%2C900&ssl=1 1600w, https:\/\/i0.wp.com\/luxonomy.net\/wp-content\/uploads\/2020\/07\/master-turismo-lujo-2026-2027.jpg?resize=1200%2C675&ssl=1 1200w, https:\/\/i0.wp.com\/luxonomy.net\/wp-content\/uploads\/2020\/07\/master-turismo-lujo-2026-2027.jpg?resize=85%2C48&ssl=1 85w\" sizes=\"(max-width: 1170px) 100vw, 1170px\" class=\"no-lazyload\" width=\"1672\" height=\"941\"   \/><\/a><\/div>\n\n\n\n<p class=\"wp-block-paragraph\">En paralelo, <strong>Fendi<\/strong> ha reforzado su di\u00e1logo entre tradici\u00f3n romana y modernidad t\u00e9cnica, explorando siluetas arquitect\u00f3nicas y tejidos experimentales que dialogan con su herencia peletera sin quedar anclados en ella. La reinterpretaci\u00f3n del archivo se ha convertido en herramienta estrat\u00e9gica para conectar generaciones de clientes.<\/p>\n\n\n\n<p class=\"wp-block-paragraph\">Tambi\u00e9n <strong>Prada<\/strong> ha profundizado en su reflexi\u00f3n intelectual sobre el poder y la feminidad contempor\u00e1nea, consolidando una est\u00e9tica que combina minimalismo conceptual con detalles disruptivos. En un momento de transici\u00f3n econ\u00f3mica, la marca apuesta por profundidad cultural m\u00e1s que por impacto superficial.<\/p>\n\n\n\n<h3 class=\"wp-block-heading\">Lujo con ra\u00edces, pero con mentalidad global<\/h3>\n\n\n\n<p class=\"wp-block-paragraph\">La Milan Fashion Week ha confirmado que el lujo ya no puede depender exclusivamente del cliente aspiracional. El nuevo consumidor es m\u00e1s informado, m\u00e1s exigente y m\u00e1s transversal generacionalmente. Las marcas han respondido reforzando el valor intr\u00ednseco del producto: patronaje impecable, materiales nobles, trazabilidad y producci\u00f3n responsable.<\/p>\n\n\n\n<p class=\"wp-block-paragraph\">El \u201cMade in Italy\u201d recupera protagonismo no como eslogan, sino como garant\u00eda industrial. La cadena de suministro, la excelencia artesanal y la innovaci\u00f3n textil forman parte del relato que justifica posicionamientos premium en un mercado cada vez m\u00e1s competitivo.<\/p><div id=\"luxon-1251556548\" class=\"luxon-7-parrafo luxon-entity-placement\" style=\"margin-top: 20px;margin-bottom: 20px;margin-left: auto;margin-right: auto;text-align: center;\"><a href=\"https:\/\/theintelligence.institute\/course\/inteligencia-artificial-para-directivos\" target=\"_blank\" aria-label=\"CSIAD_empresas_THEI_horizontal_4x3_v5\"><img loading=\"lazy\" decoding=\"async\" src=\"https:\/\/i0.wp.com\/luxonomy.net\/wp-content\/uploads\/2025\/08\/CSIAD_empresas_THEI_horizontal_4x3_v5.png?fit=2000%2C1500&#038;ssl=1\" alt=\"\"  srcset=\"https:\/\/i0.wp.com\/luxonomy.net\/wp-content\/uploads\/2025\/08\/CSIAD_empresas_THEI_horizontal_4x3_v5.png?w=2000&ssl=1 2000w, https:\/\/i0.wp.com\/luxonomy.net\/wp-content\/uploads\/2025\/08\/CSIAD_empresas_THEI_horizontal_4x3_v5.png?resize=300%2C225&ssl=1 300w, https:\/\/i0.wp.com\/luxonomy.net\/wp-content\/uploads\/2025\/08\/CSIAD_empresas_THEI_horizontal_4x3_v5.png?resize=1024%2C768&ssl=1 1024w, https:\/\/i0.wp.com\/luxonomy.net\/wp-content\/uploads\/2025\/08\/CSIAD_empresas_THEI_horizontal_4x3_v5.png?resize=768%2C576&ssl=1 768w, https:\/\/i0.wp.com\/luxonomy.net\/wp-content\/uploads\/2025\/08\/CSIAD_empresas_THEI_horizontal_4x3_v5.png?resize=1536%2C1152&ssl=1 1536w, https:\/\/i0.wp.com\/luxonomy.net\/wp-content\/uploads\/2025\/08\/CSIAD_empresas_THEI_horizontal_4x3_v5.png?resize=370%2C278&ssl=1 370w, https:\/\/i0.wp.com\/luxonomy.net\/wp-content\/uploads\/2025\/08\/CSIAD_empresas_THEI_horizontal_4x3_v5.png?resize=800%2C600&ssl=1 800w, https:\/\/i0.wp.com\/luxonomy.net\/wp-content\/uploads\/2025\/08\/CSIAD_empresas_THEI_horizontal_4x3_v5.png?resize=20%2C15&ssl=1 20w, https:\/\/i0.wp.com\/luxonomy.net\/wp-content\/uploads\/2025\/08\/CSIAD_empresas_THEI_horizontal_4x3_v5.png?resize=740%2C555&ssl=1 740w, https:\/\/i0.wp.com\/luxonomy.net\/wp-content\/uploads\/2025\/08\/CSIAD_empresas_THEI_horizontal_4x3_v5.png?resize=1600%2C1200&ssl=1 1600w, https:\/\/i0.wp.com\/luxonomy.net\/wp-content\/uploads\/2025\/08\/CSIAD_empresas_THEI_horizontal_4x3_v5.png?resize=1200%2C900&ssl=1 1200w, https:\/\/i0.wp.com\/luxonomy.net\/wp-content\/uploads\/2025\/08\/CSIAD_empresas_THEI_horizontal_4x3_v5.png?resize=64%2C48&ssl=1 64w\" sizes=\"(max-width: 1170px) 100vw, 1170px\" class=\"no-lazyload\" width=\"2000\" height=\"1500\"   \/><\/a><\/div>\n\n\n\n<p class=\"wp-block-paragraph\">Al mismo tiempo, la dimensi\u00f3n global es innegociable. Asia, Oriente Medio y Estados Unidos siguen siendo territorios estrat\u00e9gicos, pero el lenguaje creativo debe ser universal. Las colecciones presentadas en Mil\u00e1n muestran una est\u00e9tica pensada para viajar: prendas vers\u00e1tiles, lujo funcional y piezas que transitan del evento social al entorno profesional sin perder sofisticaci\u00f3n.<\/p>\n\n\n\n<h3 class=\"wp-block-heading\">Digitalizaci\u00f3n, inteligencia de datos y espect\u00e1culo<\/h3>\n\n\n\n<p class=\"wp-block-paragraph\">M\u00e1s all\u00e1 de la pasarela f\u00edsica, la semana de la moda se ha desplegado como experiencia h\u00edbrida. Streaming inmersivo, contenido exclusivo para comunidades digitales y activaciones en redes sociales han multiplicado el alcance del evento. El desfile ya no termina cuando se apagan las luces; contin\u00faa en la conversaci\u00f3n global.<\/p>\n\n\n\n<p class=\"wp-block-paragraph\">Las casas de lujo est\u00e1n integrando an\u00e1lisis de datos para interpretar reacciones en tiempo real, ajustar estrategias de comunicaci\u00f3n y anticipar demanda. La creatividad se apoya cada vez m\u00e1s en inteligencia de mercado, generando un equilibrio entre intuici\u00f3n art\u00edstica y precisi\u00f3n estrat\u00e9gica.<\/p>\n\n\n\n<h3 class=\"wp-block-heading\">Reposicionamiento ante un nuevo ciclo econ\u00f3mico<\/h3>\n\n\n\n<p class=\"wp-block-paragraph\">El sector atraviesa una fase de reajuste tras a\u00f1os de crecimiento acelerado. Milan Fashion Week ha dejado claro que la respuesta no ser\u00e1 una carrera hacia el volumen, sino hacia el valor. Menos saturaci\u00f3n, m\u00e1s exclusividad. Menos ruido, m\u00e1s identidad.<\/p>\n\n\n\n<p class=\"wp-block-paragraph\">La consolidaci\u00f3n de colecciones coherentes y narrativas s\u00f3lidas sugiere una etapa en la que la diferenciaci\u00f3n ser\u00e1 clave. Las marcas que logren integrar tradici\u00f3n, innovaci\u00f3n y una lectura precisa del contexto sociocultural liderar\u00e1n la pr\u00f3xima fase del lujo global.<\/p>\n\n\n\n<h3 class=\"wp-block-heading\">Mil\u00e1n como bar\u00f3metro del futuro<\/h3>\n\n\n\n<p class=\"wp-block-paragraph\">La capital lombarda vuelve a posicionarse como bar\u00f3metro del sector. No solo presenta tendencias; define orientaciones estrat\u00e9gicas. La reconfiguraci\u00f3n creativa observada este a\u00f1o apunta hacia un lujo m\u00e1s reflexivo, m\u00e1s estructurado y m\u00e1s consciente de su papel cultural.<\/p>\n\n\n\n<p class=\"wp-block-paragraph\">En definitiva, Milan Fashion Week ha mostrado que el lujo no se limita a vestir cuerpos, sino que interpreta momentos hist\u00f3ricos. En un escenario global en transformaci\u00f3n, Mil\u00e1n ha enviado un mensaje contundente: la creatividad no es un adorno del negocio del lujo, es su n\u00facleo estrat\u00e9gico.<\/p>\n\n\n","protected":false},"excerpt":{"rendered":"<p>La capital lombarda vuelve a posicionarse como bar\u00f3metro del sector. No solo presenta tendencias; define orientaciones estrat\u00e9gicas. La reconfiguraci\u00f3n creativa observada este a\u00f1o apunta hacia un lujo m\u00e1s reflexivo, m\u00e1s estructurado y m\u00e1s consciente de su papel cultural.<\/p>\n","protected":false},"author":10,"featured_media":70151,"comment_status":"open","ping_status":"open","sticky":false,"template":"","format":"standard","meta":{"_jetpack_newsletter_access":"","_jetpack_dont_email_post_to_subs":false,"_jetpack_newsletter_tier_id":0,"_jetpack_memberships_contains_paywalled_content":false,"_jetpack_feature_clip_id":0,"_jetpack_memberships_contains_paid_content":false,"footnotes":"","jetpack_publicize_message":"Milan Fashion Week impulsa una nueva arquitectura creativa del lujo global.\nLa capital lombarda vuelve a posicionarse como bar\u00f3metro del sector. No solo presenta tendencias; define orientaciones estrat\u00e9gicas. La reconfiguraci\u00f3n creativa observada este a\u00f1o apunta hacia un lujo m\u00e1s reflexivo, m\u00e1s estructurado y m\u00e1s consciente de su papel cultural.","jetpack_publicize_feature_enabled":true,"jetpack_social_post_already_shared":true,"jetpack_social_options":{"image_generator_settings":{"template":"edge","default_image_id":0,"font":"","enabled":false},"version":2},"jetpack_post_was_ever_published":false},"categories":[1588,227,534],"tags":[10086],"thb-sponsors":[],"class_list":["post-70150","post","type-post","status-publish","format-standard","has-post-thumbnail","hentry","category-desfiles","category-eventos","category-moda","tag-milan-fashion-week"],"yoast_head":"<!-- This site is optimized with the Yoast SEO plugin v28.3 - https:\/\/yoast.com\/product\/yoast-seo-wordpress\/ -->\n<title>Milan Fashion Week impulsa una nueva arquitectura creativa del lujo global | LUXONOMY<\/title>\n<meta name=\"robots\" content=\"index, follow, max-snippet:-1, max-image-preview:large, max-video-preview:-1\" \/>\n<link rel=\"canonical\" href=\"https:\/\/luxonomy.net\/es\/milan-fashion-week-impulsa-una-nueva-arquitectura-creativa-del-lujo-global\/\" \/>\n<meta property=\"og:locale\" content=\"es_ES\" \/>\n<meta property=\"og:type\" content=\"article\" \/>\n<meta property=\"og:title\" content=\"Milan Fashion Week impulsa una nueva arquitectura creativa del lujo global | LUXONOMY\" \/>\n<meta property=\"og:description\" content=\"La capital lombarda vuelve a posicionarse como bar\u00f3metro del sector. No solo presenta tendencias; define orientaciones estrat\u00e9gicas. La reconfiguraci\u00f3n creativa observada este a\u00f1o apunta hacia un lujo m\u00e1s reflexivo, m\u00e1s estructurado y m\u00e1s consciente de su papel cultural.\" \/>\n<meta property=\"og:url\" content=\"https:\/\/luxonomy.net\/es\/milan-fashion-week-impulsa-una-nueva-arquitectura-creativa-del-lujo-global\/\" \/>\n<meta property=\"og:site_name\" content=\"LUXONOMY\" \/>\n<meta property=\"article:publisher\" content=\"https:\/\/www.facebook.com\/luxonomy\" \/>\n<meta property=\"article:published_time\" content=\"2026-02-24T11:17:59+00:00\" \/>\n<meta property=\"article:modified_time\" content=\"2026-02-24T11:18:11+00:00\" \/>\n<meta name=\"author\" content=\"Chiara Gabardi\" \/>\n<meta name=\"twitter:card\" content=\"summary_large_image\" \/>\n<meta name=\"twitter:label1\" content=\"Escrito por\" \/>\n\t<meta name=\"twitter:data1\" content=\"Chiara Gabardi\" \/>\n\t<meta name=\"twitter:label2\" content=\"Tiempo de lectura\" \/>\n\t<meta name=\"twitter:data2\" content=\"4 minutos\" \/>\n<script type=\"application\/ld+json\" class=\"yoast-schema-graph\">{\"@context\":\"https:\\\/\\\/schema.org\",\"@graph\":[{\"@type\":\"Article\",\"@id\":\"https:\\\/\\\/luxonomy.net\\\/es\\\/milan-fashion-week-impulsa-una-nueva-arquitectura-creativa-del-lujo-global\\\/#article\",\"isPartOf\":{\"@id\":\"https:\\\/\\\/luxonomy.net\\\/es\\\/milan-fashion-week-impulsa-una-nueva-arquitectura-creativa-del-lujo-global\\\/\"},\"author\":{\"name\":\"Chiara Gabardi\",\"@id\":\"https:\\\/\\\/luxonomy.net\\\/es\\\/#\\\/schema\\\/person\\\/9d526ffe93a0cc9cecc91760f49da3ef\"},\"headline\":\"Milan Fashion Week impulsa una nueva arquitectura creativa del lujo global\",\"datePublished\":\"2026-02-24T11:17:59+00:00\",\"dateModified\":\"2026-02-24T11:18:11+00:00\",\"mainEntityOfPage\":{\"@id\":\"https:\\\/\\\/luxonomy.net\\\/es\\\/milan-fashion-week-impulsa-una-nueva-arquitectura-creativa-del-lujo-global\\\/\"},\"wordCount\":810,\"commentCount\":0,\"publisher\":{\"@id\":\"https:\\\/\\\/luxonomy.net\\\/es\\\/#organization\"},\"image\":{\"@id\":\"https:\\\/\\\/luxonomy.net\\\/es\\\/milan-fashion-week-impulsa-una-nueva-arquitectura-creativa-del-lujo-global\\\/#primaryimage\"},\"thumbnailUrl\":\"https:\\\/\\\/luxonomy.net\\\/wp-content\\\/uploads\\\/2026\\\/02\\\/Milan-Fashion-Week-impulsa-una-nueva-arquitectura-creativa-del-lujo-global.avif\",\"keywords\":[\"Milan Fashion Week\"],\"articleSection\":[\"Desfiles\",\"Eventos\",\"Moda\"],\"inLanguage\":\"es\",\"potentialAction\":[{\"@type\":\"CommentAction\",\"name\":\"Comment\",\"target\":[\"https:\\\/\\\/luxonomy.net\\\/es\\\/milan-fashion-week-impulsa-una-nueva-arquitectura-creativa-del-lujo-global\\\/#respond\"]}]},{\"@type\":\"WebPage\",\"@id\":\"https:\\\/\\\/luxonomy.net\\\/es\\\/milan-fashion-week-impulsa-una-nueva-arquitectura-creativa-del-lujo-global\\\/\",\"url\":\"https:\\\/\\\/luxonomy.net\\\/es\\\/milan-fashion-week-impulsa-una-nueva-arquitectura-creativa-del-lujo-global\\\/\",\"name\":\"Milan Fashion Week impulsa una nueva arquitectura creativa del lujo global | LUXONOMY\",\"isPartOf\":{\"@id\":\"https:\\\/\\\/luxonomy.net\\\/es\\\/#website\"},\"primaryImageOfPage\":{\"@id\":\"https:\\\/\\\/luxonomy.net\\\/es\\\/milan-fashion-week-impulsa-una-nueva-arquitectura-creativa-del-lujo-global\\\/#primaryimage\"},\"image\":{\"@id\":\"https:\\\/\\\/luxonomy.net\\\/es\\\/milan-fashion-week-impulsa-una-nueva-arquitectura-creativa-del-lujo-global\\\/#primaryimage\"},\"thumbnailUrl\":\"https:\\\/\\\/luxonomy.net\\\/wp-content\\\/uploads\\\/2026\\\/02\\\/Milan-Fashion-Week-impulsa-una-nueva-arquitectura-creativa-del-lujo-global.avif\",\"datePublished\":\"2026-02-24T11:17:59+00:00\",\"dateModified\":\"2026-02-24T11:18:11+00:00\",\"breadcrumb\":{\"@id\":\"https:\\\/\\\/luxonomy.net\\\/es\\\/milan-fashion-week-impulsa-una-nueva-arquitectura-creativa-del-lujo-global\\\/#breadcrumb\"},\"inLanguage\":\"es\",\"potentialAction\":[{\"@type\":\"ReadAction\",\"target\":[\"https:\\\/\\\/luxonomy.net\\\/es\\\/milan-fashion-week-impulsa-una-nueva-arquitectura-creativa-del-lujo-global\\\/\"]}]},{\"@type\":\"ImageObject\",\"inLanguage\":\"es\",\"@id\":\"https:\\\/\\\/luxonomy.net\\\/es\\\/milan-fashion-week-impulsa-una-nueva-arquitectura-creativa-del-lujo-global\\\/#primaryimage\",\"url\":\"https:\\\/\\\/luxonomy.net\\\/wp-content\\\/uploads\\\/2026\\\/02\\\/Milan-Fashion-Week-impulsa-una-nueva-arquitectura-creativa-del-lujo-global.avif\",\"contentUrl\":\"https:\\\/\\\/luxonomy.net\\\/wp-content\\\/uploads\\\/2026\\\/02\\\/Milan-Fashion-Week-impulsa-una-nueva-arquitectura-creativa-del-lujo-global.avif\",\"width\":1920,\"height\":1280},{\"@type\":\"BreadcrumbList\",\"@id\":\"https:\\\/\\\/luxonomy.net\\\/es\\\/milan-fashion-week-impulsa-una-nueva-arquitectura-creativa-del-lujo-global\\\/#breadcrumb\",\"itemListElement\":[{\"@type\":\"ListItem\",\"position\":1,\"name\":\"Portada\",\"item\":\"https:\\\/\\\/luxonomy.net\\\/es\\\/\"},{\"@type\":\"ListItem\",\"position\":2,\"name\":\"Milan Fashion Week impulsa una nueva arquitectura creativa del lujo global\"}]},{\"@type\":\"WebSite\",\"@id\":\"https:\\\/\\\/luxonomy.net\\\/es\\\/#website\",\"url\":\"https:\\\/\\\/luxonomy.net\\\/es\\\/\",\"name\":\"LUXONOMY\",\"description\":\"The Economy of Fashion &amp; Luxury\",\"publisher\":{\"@id\":\"https:\\\/\\\/luxonomy.net\\\/es\\\/#organization\"},\"potentialAction\":[{\"@type\":\"SearchAction\",\"target\":{\"@type\":\"EntryPoint\",\"urlTemplate\":\"https:\\\/\\\/luxonomy.net\\\/es\\\/?s={search_term_string}\"},\"query-input\":{\"@type\":\"PropertyValueSpecification\",\"valueRequired\":true,\"valueName\":\"search_term_string\"}}],\"inLanguage\":\"es\"},{\"@type\":\"Organization\",\"@id\":\"https:\\\/\\\/luxonomy.net\\\/es\\\/#organization\",\"name\":\"LUXONOMY\",\"url\":\"https:\\\/\\\/luxonomy.net\\\/es\\\/\",\"logo\":{\"@type\":\"ImageObject\",\"inLanguage\":\"es\",\"@id\":\"https:\\\/\\\/luxonomy.net\\\/es\\\/#\\\/schema\\\/logo\\\/image\\\/\",\"url\":\"https:\\\/\\\/i2.wp.com\\\/luxonomy.net\\\/wp-content\\\/uploads\\\/2021\\\/09\\\/MOCKUP-TODOS-LUXONOMY.jpg?fit=1000%2C515&ssl=1\",\"contentUrl\":\"https:\\\/\\\/i2.wp.com\\\/luxonomy.net\\\/wp-content\\\/uploads\\\/2021\\\/09\\\/MOCKUP-TODOS-LUXONOMY.jpg?fit=1000%2C515&ssl=1\",\"width\":1000,\"height\":515,\"caption\":\"LUXONOMY\"},\"image\":{\"@id\":\"https:\\\/\\\/luxonomy.net\\\/es\\\/#\\\/schema\\\/logo\\\/image\\\/\"},\"sameAs\":[\"https:\\\/\\\/www.facebook.com\\\/luxonomy\",\"https:\\\/\\\/www.instagram.com\\\/luxonomy\\\/\",\"https:\\\/\\\/www.linkedin.com\\\/company\\\/luxonomy\\\/\"]},{\"@type\":\"Person\",\"@id\":\"https:\\\/\\\/luxonomy.net\\\/es\\\/#\\\/schema\\\/person\\\/9d526ffe93a0cc9cecc91760f49da3ef\",\"name\":\"Chiara Gabardi\",\"image\":{\"@type\":\"ImageObject\",\"inLanguage\":\"es\",\"@id\":\"https:\\\/\\\/luxonomy.net\\\/wp-content\\\/litespeed\\\/avatar\\\/548640c4e2c34544e66c65ab1641a5d7.jpg?ver=1787976300\",\"url\":\"https:\\\/\\\/luxonomy.net\\\/wp-content\\\/litespeed\\\/avatar\\\/548640c4e2c34544e66c65ab1641a5d7.jpg?ver=1787976300\",\"contentUrl\":\"https:\\\/\\\/luxonomy.net\\\/wp-content\\\/litespeed\\\/avatar\\\/548640c4e2c34544e66c65ab1641a5d7.jpg?ver=1787976300\",\"caption\":\"Chiara Gabardi\"},\"description\":\"Editor at LUXONOMY\u2122 Group\",\"url\":\"https:\\\/\\\/luxonomy.net\\\/es\\\/author\\\/chiara-gabardi\\\/\"}]}<\/script>\n<!-- \/ Yoast SEO plugin. -->","yoast_head_json":{"title":"Milan Fashion Week impulsa una nueva arquitectura creativa del lujo global | LUXONOMY","robots":{"index":"index","follow":"follow","max-snippet":"max-snippet:-1","max-image-preview":"max-image-preview:large","max-video-preview":"max-video-preview:-1"},"canonical":"https:\/\/luxonomy.net\/es\/milan-fashion-week-impulsa-una-nueva-arquitectura-creativa-del-lujo-global\/","og_locale":"es_ES","og_type":"article","og_title":"Milan Fashion Week impulsa una nueva arquitectura creativa del lujo global | LUXONOMY","og_description":"La capital lombarda vuelve a posicionarse como bar\u00f3metro del sector. No solo presenta tendencias; define orientaciones estrat\u00e9gicas. La reconfiguraci\u00f3n creativa observada este a\u00f1o apunta hacia un lujo m\u00e1s reflexivo, m\u00e1s estructurado y m\u00e1s consciente de su papel cultural.","og_url":"https:\/\/luxonomy.net\/es\/milan-fashion-week-impulsa-una-nueva-arquitectura-creativa-del-lujo-global\/","og_site_name":"LUXONOMY","article_publisher":"https:\/\/www.facebook.com\/luxonomy","article_published_time":"2026-02-24T11:17:59+00:00","article_modified_time":"2026-02-24T11:18:11+00:00","author":"Chiara Gabardi","twitter_card":"summary_large_image","twitter_misc":{"Escrito por":"Chiara Gabardi","Tiempo de lectura":"4 minutos"},"schema":{"@context":"https:\/\/schema.org","@graph":[{"@type":"Article","@id":"https:\/\/luxonomy.net\/es\/milan-fashion-week-impulsa-una-nueva-arquitectura-creativa-del-lujo-global\/#article","isPartOf":{"@id":"https:\/\/luxonomy.net\/es\/milan-fashion-week-impulsa-una-nueva-arquitectura-creativa-del-lujo-global\/"},"author":{"name":"Chiara Gabardi","@id":"https:\/\/luxonomy.net\/es\/#\/schema\/person\/9d526ffe93a0cc9cecc91760f49da3ef"},"headline":"Milan Fashion Week impulsa una nueva arquitectura creativa del lujo global","datePublished":"2026-02-24T11:17:59+00:00","dateModified":"2026-02-24T11:18:11+00:00","mainEntityOfPage":{"@id":"https:\/\/luxonomy.net\/es\/milan-fashion-week-impulsa-una-nueva-arquitectura-creativa-del-lujo-global\/"},"wordCount":810,"commentCount":0,"publisher":{"@id":"https:\/\/luxonomy.net\/es\/#organization"},"image":{"@id":"https:\/\/luxonomy.net\/es\/milan-fashion-week-impulsa-una-nueva-arquitectura-creativa-del-lujo-global\/#primaryimage"},"thumbnailUrl":"https:\/\/luxonomy.net\/wp-content\/uploads\/2026\/02\/Milan-Fashion-Week-impulsa-una-nueva-arquitectura-creativa-del-lujo-global.avif","keywords":["Milan Fashion Week"],"articleSection":["Desfiles","Eventos","Moda"],"inLanguage":"es","potentialAction":[{"@type":"CommentAction","name":"Comment","target":["https:\/\/luxonomy.net\/es\/milan-fashion-week-impulsa-una-nueva-arquitectura-creativa-del-lujo-global\/#respond"]}]},{"@type":"WebPage","@id":"https:\/\/luxonomy.net\/es\/milan-fashion-week-impulsa-una-nueva-arquitectura-creativa-del-lujo-global\/","url":"https:\/\/luxonomy.net\/es\/milan-fashion-week-impulsa-una-nueva-arquitectura-creativa-del-lujo-global\/","name":"Milan Fashion Week impulsa una nueva arquitectura creativa del lujo global | LUXONOMY","isPartOf":{"@id":"https:\/\/luxonomy.net\/es\/#website"},"primaryImageOfPage":{"@id":"https:\/\/luxonomy.net\/es\/milan-fashion-week-impulsa-una-nueva-arquitectura-creativa-del-lujo-global\/#primaryimage"},"image":{"@id":"https:\/\/luxonomy.net\/es\/milan-fashion-week-impulsa-una-nueva-arquitectura-creativa-del-lujo-global\/#primaryimage"},"thumbnailUrl":"https:\/\/luxonomy.net\/wp-content\/uploads\/2026\/02\/Milan-Fashion-Week-impulsa-una-nueva-arquitectura-creativa-del-lujo-global.avif","datePublished":"2026-02-24T11:17:59+00:00","dateModified":"2026-02-24T11:18:11+00:00","breadcrumb":{"@id":"https:\/\/luxonomy.net\/es\/milan-fashion-week-impulsa-una-nueva-arquitectura-creativa-del-lujo-global\/#breadcrumb"},"inLanguage":"es","potentialAction":[{"@type":"ReadAction","target":["https:\/\/luxonomy.net\/es\/milan-fashion-week-impulsa-una-nueva-arquitectura-creativa-del-lujo-global\/"]}]},{"@type":"ImageObject","inLanguage":"es","@id":"https:\/\/luxonomy.net\/es\/milan-fashion-week-impulsa-una-nueva-arquitectura-creativa-del-lujo-global\/#primaryimage","url":"https:\/\/luxonomy.net\/wp-content\/uploads\/2026\/02\/Milan-Fashion-Week-impulsa-una-nueva-arquitectura-creativa-del-lujo-global.avif","contentUrl":"https:\/\/luxonomy.net\/wp-content\/uploads\/2026\/02\/Milan-Fashion-Week-impulsa-una-nueva-arquitectura-creativa-del-lujo-global.avif","width":1920,"height":1280},{"@type":"BreadcrumbList","@id":"https:\/\/luxonomy.net\/es\/milan-fashion-week-impulsa-una-nueva-arquitectura-creativa-del-lujo-global\/#breadcrumb","itemListElement":[{"@type":"ListItem","position":1,"name":"Portada","item":"https:\/\/luxonomy.net\/es\/"},{"@type":"ListItem","position":2,"name":"Milan Fashion Week impulsa una nueva arquitectura creativa del lujo global"}]},{"@type":"WebSite","@id":"https:\/\/luxonomy.net\/es\/#website","url":"https:\/\/luxonomy.net\/es\/","name":"LUXONOMY","description":"The Economy of Fashion &amp; Luxury","publisher":{"@id":"https:\/\/luxonomy.net\/es\/#organization"},"potentialAction":[{"@type":"SearchAction","target":{"@type":"EntryPoint","urlTemplate":"https:\/\/luxonomy.net\/es\/?s={search_term_string}"},"query-input":{"@type":"PropertyValueSpecification","valueRequired":true,"valueName":"search_term_string"}}],"inLanguage":"es"},{"@type":"Organization","@id":"https:\/\/luxonomy.net\/es\/#organization","name":"LUXONOMY","url":"https:\/\/luxonomy.net\/es\/","logo":{"@type":"ImageObject","inLanguage":"es","@id":"https:\/\/luxonomy.net\/es\/#\/schema\/logo\/image\/","url":"https:\/\/i2.wp.com\/luxonomy.net\/wp-content\/uploads\/2021\/09\/MOCKUP-TODOS-LUXONOMY.jpg?fit=1000%2C515&ssl=1","contentUrl":"https:\/\/i2.wp.com\/luxonomy.net\/wp-content\/uploads\/2021\/09\/MOCKUP-TODOS-LUXONOMY.jpg?fit=1000%2C515&ssl=1","width":1000,"height":515,"caption":"LUXONOMY"},"image":{"@id":"https:\/\/luxonomy.net\/es\/#\/schema\/logo\/image\/"},"sameAs":["https:\/\/www.facebook.com\/luxonomy","https:\/\/www.instagram.com\/luxonomy\/","https:\/\/www.linkedin.com\/company\/luxonomy\/"]},{"@type":"Person","@id":"https:\/\/luxonomy.net\/es\/#\/schema\/person\/9d526ffe93a0cc9cecc91760f49da3ef","name":"Chiara Gabardi","image":{"@type":"ImageObject","inLanguage":"es","@id":"https:\/\/luxonomy.net\/wp-content\/litespeed\/avatar\/548640c4e2c34544e66c65ab1641a5d7.jpg?ver=1787976300","url":"https:\/\/luxonomy.net\/wp-content\/litespeed\/avatar\/548640c4e2c34544e66c65ab1641a5d7.jpg?ver=1787976300","contentUrl":"https:\/\/luxonomy.net\/wp-content\/litespeed\/avatar\/548640c4e2c34544e66c65ab1641a5d7.jpg?ver=1787976300","caption":"Chiara Gabardi"},"description":"Editor at LUXONOMY\u2122 Group","url":"https:\/\/luxonomy.net\/es\/author\/chiara-gabardi\/"}]}},"jetpack_publicize_connections":[],"jetpack_shortlink":"https:\/\/wp.me\/paPhBa-ifs","jetpack_sharing_enabled":true,"jetpack_featured_media_url":"https:\/\/luxonomy.net\/wp-content\/uploads\/2026\/02\/Milan-Fashion-Week-impulsa-una-nueva-arquitectura-creativa-del-lujo-global.avif","_links":{"self":[{"href":"https:\/\/luxonomy.net\/es\/wp-json\/wp\/v2\/posts\/70150","targetHints":{"allow":["GET"]}}],"collection":[{"href":"https:\/\/luxonomy.net\/es\/wp-json\/wp\/v2\/posts"}],"about":[{"href":"https:\/\/luxonomy.net\/es\/wp-json\/wp\/v2\/types\/post"}],"author":[{"embeddable":true,"href":"https:\/\/luxonomy.net\/es\/wp-json\/wp\/v2\/users\/10"}],"replies":[{"embeddable":true,"href":"https:\/\/luxonomy.net\/es\/wp-json\/wp\/v2\/comments?post=70150"}],"version-history":[{"count":1,"href":"https:\/\/luxonomy.net\/es\/wp-json\/wp\/v2\/posts\/70150\/revisions"}],"predecessor-version":[{"id":70152,"href":"https:\/\/luxonomy.net\/es\/wp-json\/wp\/v2\/posts\/70150\/revisions\/70152"}],"wp:featuredmedia":[{"embeddable":true,"href":"https:\/\/luxonomy.net\/es\/wp-json\/wp\/v2\/media\/70151"}],"wp:attachment":[{"href":"https:\/\/luxonomy.net\/es\/wp-json\/wp\/v2\/media?parent=70150"}],"wp:term":[{"taxonomy":"category","embeddable":true,"href":"https:\/\/luxonomy.net\/es\/wp-json\/wp\/v2\/categories?post=70150"},{"taxonomy":"post_tag","embeddable":true,"href":"https:\/\/luxonomy.net\/es\/wp-json\/wp\/v2\/tags?post=70150"},{"taxonomy":"thb-sponsors","embeddable":true,"href":"https:\/\/luxonomy.net\/es\/wp-json\/wp\/v2\/thb-sponsors?post=70150"}],"curies":[{"name":"wp","href":"https:\/\/api.w.org\/{rel}","templated":true}]}}