{"id":70001,"date":"2026-02-08T15:10:09","date_gmt":"2026-02-08T14:10:09","guid":{"rendered":"https:\/\/luxonomy.net\/?p=70001"},"modified":"2026-02-08T15:10:22","modified_gmt":"2026-02-08T14:10:22","slug":"los-jovenes-redefinen-la-tactica-del-lujo-global","status":"publish","type":"post","link":"https:\/\/luxonomy.net\/es\/los-jovenes-redefinen-la-tactica-del-lujo-global\/","title":{"rendered":"Los j\u00f3venes redefinen la t\u00e1ctica del lujo global"},"content":{"rendered":"\n<p class=\"wp-block-paragraph\">El lujo global est\u00e1 entrando en una etapa donde la batalla ya no se decide solo en el producto, sino en la t\u00e1ctica. La Generaci\u00f3n Z (y, en general, los compradores m\u00e1s j\u00f3venes) est\u00e1 empujando a las casas a pasar de una l\u00f3gica de \u201cmarca aspiracional para todos\u201d a una estrategia de precisi\u00f3n: menos ruido, m\u00e1s relevancia; menos estatus heredado, m\u00e1s conexi\u00f3n cultural; menos campa\u00f1as masivas, m\u00e1s activaci\u00f3n quir\u00fargica en canales y momentos concretos. El contexto macro explica parte del giro: seg\u00fan Bain &amp; Altagamma, el gasto total en lujo (bienes + experiencias) se situ\u00f3 en <strong>\u20ac1,48 billones en 2024<\/strong>, una ligera ca\u00edda del <strong>1% al 3%<\/strong> frente a 2023, tras dos a\u00f1os de fuerte expansi\u00f3n.<\/p>\n\n\n\n<figure class=\"wp-block-image size-full\"><a href=\"https:\/\/luxonomy.net\/wp-content\/uploads\/2026\/02\/output-14.png\" class=\"mfp-image\"><img loading=\"lazy\" decoding=\"async\" width=\"590\" height=\"390\" data-attachment-id=\"70003\" data-permalink=\"https:\/\/luxonomy.net\/es\/los-jovenes-redefinen-la-tactica-del-lujo-global\/output-14-3\/\" data-orig-file=\"https:\/\/i0.wp.com\/luxonomy.net\/wp-content\/uploads\/2026\/02\/output-14.png?fit=590%2C390&amp;ssl=1\" data-orig-size=\"590,390\" data-comments-opened=\"1\" data-image-title=\"output (14)\" data-image-description=\"\" data-image-caption=\"\" data-large-file=\"https:\/\/i0.wp.com\/luxonomy.net\/wp-content\/uploads\/2026\/02\/output-14.png?fit=590%2C390&amp;ssl=1\" src=\"data:image\/gif;base64,R0lGODlhAQABAAAAACH5BAEKAAEALAAAAAABAAEAAAICTAEAOw==\" data-src=\"https:\/\/luxonomy.net\/wp-content\/uploads\/2026\/02\/output-14.png\" alt=\"\" class=\"wp-image-70003 lazyload\" data-sizes=\"auto\" data-srcset=\"https:\/\/i0.wp.com\/luxonomy.net\/wp-content\/uploads\/2026\/02\/output-14.png?w=590&amp;ssl=1 590w, https:\/\/i0.wp.com\/luxonomy.net\/wp-content\/uploads\/2026\/02\/output-14.png?resize=300%2C198&amp;ssl=1 300w, https:\/\/i0.wp.com\/luxonomy.net\/wp-content\/uploads\/2026\/02\/output-14.png?resize=370%2C245&amp;ssl=1 370w, https:\/\/i0.wp.com\/luxonomy.net\/wp-content\/uploads\/2026\/02\/output-14.png?resize=20%2C13&amp;ssl=1 20w, https:\/\/i0.wp.com\/luxonomy.net\/wp-content\/uploads\/2026\/02\/output-14.png?resize=73%2C48&amp;ssl=1 73w\" sizes=\"auto, (max-width: 590px) 100vw, 590px\" \/><\/a><\/figure>\n\n\n\n<p class=\"wp-block-paragraph\">En el \u201ccore del core\u201d, los bienes personales de lujo tocaron un punto de inflexi\u00f3n. El mismo estudio estima que el mercado de <strong>personal luxury goods<\/strong> baj\u00f3 a <strong>\u20ac363.000 millones en 2024<\/strong> (\u22122% a tipos corrientes, plano a tipos constantes), marcando la <strong>primera contracci\u00f3n en 15 a\u00f1os<\/strong> si se excluye el periodo Covid. Ese frenazo no se distribuye por igual: el informe se\u00f1ala un retroceso m\u00e1s visible entre consumidores con mayor sensibilidad al precio y menciona que el ecosistema perdi\u00f3 alrededor de <strong>50 millones de clientes en dos a\u00f1os<\/strong>. En paralelo, la presi\u00f3n sobre rentabilidad obliga a las marcas a justificar cada euro: Bain advierte que la industria vive un ajuste de m\u00e1rgenes, y en su actualizaci\u00f3n de 2025 apunta que los m\u00e1rgenes EBIT de un conjunto de marcas seleccionadas podr\u00edan situarse en <strong>15\u201316%<\/strong>, niveles similares a 2009 (frente al pico de 23% en 2012).<\/p>\n\n\n\n<p class=\"wp-block-paragraph\">Con ese tel\u00f3n de fondo, la juventud no solo \u201cmarca tendencia\u201d: define el pr\u00f3ximo ciclo de demanda. Bain proyecta que <strong>en 2030<\/strong> la <strong>Generaci\u00f3n Z<\/strong> representar\u00e1 <strong>25%\u201330%<\/strong> de las compras del mercado del lujo, y los <strong>millennials<\/strong> <strong>50%\u201355%<\/strong>. Traducido a t\u00e1ctica: m\u00e1s de tres cuartas partes del mercado se concentrar\u00e1n en cohortes que consumen con una l\u00f3gica distinta, donde el valor se valida en comunidad, se amplifica en digital y se legitima por coherencia cultural. Esta transici\u00f3n explica por qu\u00e9 el lujo est\u00e1 desplaz\u00e1ndose \u201cdel alcance a la precisi\u00f3n\u201d, expresi\u00f3n que Bain utiliza al hablar del futuro del sector: ya no basta con presencia; importa cu\u00e1ndo, d\u00f3nde y con qu\u00e9 narrativa se gana la atenci\u00f3n y, sobre todo, la preferencia.<\/p><div id=\"luxon-3542947061\" class=\"luxon-3er-parrafo luxon-entity-placement\" style=\"margin-top: 20px;margin-bottom: 20px;margin-left: auto;margin-right: auto;text-align: center;\"><a href=\"https:\/\/luxonomy.university\/course\/master-turismo-de-lujo\" target=\"_blank\" aria-label=\"master-turismo-lujo-2026-2027\"><img loading=\"lazy\" decoding=\"async\" src=\"https:\/\/i0.wp.com\/luxonomy.net\/wp-content\/uploads\/2020\/07\/master-turismo-lujo-2026-2027.jpg?fit=1672%2C941&#038;ssl=1\" alt=\"\"  srcset=\"https:\/\/i0.wp.com\/luxonomy.net\/wp-content\/uploads\/2020\/07\/master-turismo-lujo-2026-2027.jpg?w=1672&ssl=1 1672w, https:\/\/i0.wp.com\/luxonomy.net\/wp-content\/uploads\/2020\/07\/master-turismo-lujo-2026-2027.jpg?resize=300%2C169&ssl=1 300w, https:\/\/i0.wp.com\/luxonomy.net\/wp-content\/uploads\/2020\/07\/master-turismo-lujo-2026-2027.jpg?resize=1024%2C576&ssl=1 1024w, https:\/\/i0.wp.com\/luxonomy.net\/wp-content\/uploads\/2020\/07\/master-turismo-lujo-2026-2027.jpg?resize=768%2C432&ssl=1 768w, https:\/\/i0.wp.com\/luxonomy.net\/wp-content\/uploads\/2020\/07\/master-turismo-lujo-2026-2027.jpg?resize=1536%2C864&ssl=1 1536w, https:\/\/i0.wp.com\/luxonomy.net\/wp-content\/uploads\/2020\/07\/master-turismo-lujo-2026-2027.jpg?resize=370%2C208&ssl=1 370w, https:\/\/i0.wp.com\/luxonomy.net\/wp-content\/uploads\/2020\/07\/master-turismo-lujo-2026-2027.jpg?resize=800%2C450&ssl=1 800w, https:\/\/i0.wp.com\/luxonomy.net\/wp-content\/uploads\/2020\/07\/master-turismo-lujo-2026-2027.jpg?resize=20%2C11&ssl=1 20w, https:\/\/i0.wp.com\/luxonomy.net\/wp-content\/uploads\/2020\/07\/master-turismo-lujo-2026-2027.jpg?resize=740%2C416&ssl=1 740w, https:\/\/i0.wp.com\/luxonomy.net\/wp-content\/uploads\/2020\/07\/master-turismo-lujo-2026-2027.jpg?resize=1600%2C900&ssl=1 1600w, https:\/\/i0.wp.com\/luxonomy.net\/wp-content\/uploads\/2020\/07\/master-turismo-lujo-2026-2027.jpg?resize=1200%2C675&ssl=1 1200w, https:\/\/i0.wp.com\/luxonomy.net\/wp-content\/uploads\/2020\/07\/master-turismo-lujo-2026-2027.jpg?resize=85%2C48&ssl=1 85w\" sizes=\"(max-width: 1170px) 100vw, 1170px\" class=\"no-lazyload\" width=\"1672\" height=\"941\"   \/><\/a><\/div>\n\n\n\n<figure class=\"wp-block-image size-full\"><a href=\"https:\/\/luxonomy.net\/wp-content\/uploads\/2026\/02\/output-15.png\" class=\"mfp-image\"><img loading=\"lazy\" decoding=\"async\" width=\"590\" height=\"390\" data-attachment-id=\"70004\" data-permalink=\"https:\/\/luxonomy.net\/es\/los-jovenes-redefinen-la-tactica-del-lujo-global\/output-15-3\/\" data-orig-file=\"https:\/\/i0.wp.com\/luxonomy.net\/wp-content\/uploads\/2026\/02\/output-15.png?fit=590%2C390&amp;ssl=1\" data-orig-size=\"590,390\" data-comments-opened=\"1\" data-image-title=\"output (15)\" data-image-description=\"\" data-image-caption=\"\" data-large-file=\"https:\/\/i0.wp.com\/luxonomy.net\/wp-content\/uploads\/2026\/02\/output-15.png?fit=590%2C390&amp;ssl=1\" src=\"data:image\/gif;base64,R0lGODlhAQABAAAAACH5BAEKAAEALAAAAAABAAEAAAICTAEAOw==\" data-src=\"https:\/\/luxonomy.net\/wp-content\/uploads\/2026\/02\/output-15.png\" alt=\"\" class=\"wp-image-70004 lazyload\" data-sizes=\"auto\" data-srcset=\"https:\/\/i0.wp.com\/luxonomy.net\/wp-content\/uploads\/2026\/02\/output-15.png?w=590&amp;ssl=1 590w, https:\/\/i0.wp.com\/luxonomy.net\/wp-content\/uploads\/2026\/02\/output-15.png?resize=300%2C198&amp;ssl=1 300w, https:\/\/i0.wp.com\/luxonomy.net\/wp-content\/uploads\/2026\/02\/output-15.png?resize=370%2C245&amp;ssl=1 370w, https:\/\/i0.wp.com\/luxonomy.net\/wp-content\/uploads\/2026\/02\/output-15.png?resize=20%2C13&amp;ssl=1 20w, https:\/\/i0.wp.com\/luxonomy.net\/wp-content\/uploads\/2026\/02\/output-15.png?resize=73%2C48&amp;ssl=1 73w\" sizes=\"auto, (max-width: 590px) 100vw, 590px\" \/><\/a><\/figure>\n\n\n\n<p class=\"wp-block-paragraph\">La consecuencia m\u00e1s visible es el redise\u00f1o del mix comercial y del marketing. Por un lado, sube el peso de categor\u00edas de entrada y de compra recurrente (fragancias, belleza, eyewear, joyer\u00eda \u201cpersonalizable\u201d), que funcionan como puerta a marca para perfiles j\u00f3venes y como respuesta a un consumidor m\u00e1s calculador con el gasto discrecional. Bain destaca, por ejemplo, que en 2025 la joyer\u00eda lidera el crecimiento esperado en bienes personales con un <strong>+4% a +6%<\/strong>, y eyewear con <strong>+2% a +4%<\/strong>. Por otro lado, la inversi\u00f3n ya no se defiende por notoriedad sino por eficiencia: creatividad, s\u00ed, pero con disciplina de performance, medici\u00f3n y optimizaci\u00f3n de conversi\u00f3n, especialmente en entornos donde la decisi\u00f3n se forma antes de pisar la tienda.<\/p>\n\n\n\n<p class=\"wp-block-paragraph\">El segundo cambio estructural es el canal. La juventud acelera un consumo \u201cphygital\u201d: descubre en digital, valida en comunidad y compra donde la experiencia sea m\u00e1s fluida. Bain subraya que, de cara a 2030, <strong>online y tiendas monomarca<\/strong> tender\u00e1n a ser canales l\u00edderes, mientras el wholesale y formatos menos controlados pierden centralidad en la construcci\u00f3n del deseo y la experiencia. Para las casas, esto implica inversi\u00f3n en datos, CRM y clienteling de nueva generaci\u00f3n: no solo para vender, sino para aprender r\u00e1pido y ajustar. Tambi\u00e9n implica un giro en retail: la tienda deja de ser un simple punto de transacci\u00f3n y se convierte en escenario, servicio y contenido.<\/p>\n\n\n\n<p class=\"wp-block-paragraph\">La tercera gran palanca \u2014y quiz\u00e1 la m\u00e1s disruptiva para la ortodoxia del lujo\u2014 es el mercado secundario. Los j\u00f3venes han normalizado la reventa como parte del ciclo del lujo: acceso, rotaci\u00f3n, sostenibilidad percibida y b\u00fasqueda de piezas con historia. En 2024, el mercado global de segunda mano en moda se estim\u00f3 en <strong>$227.000 millones<\/strong>, equivalente al <strong>9%<\/strong> de las ventas de moda mundial, con un crecimiento anual cercano al <strong>15%<\/strong> (m\u00e1s de cuatro veces el ritmo del mercado global de moda, seg\u00fan el mismo an\u00e1lisis period\u00edstico basado en datos sectoriales). En paralelo, ThredUp proyecta que el mercado global de \u201csecondhand apparel\u201d alcance <strong>$367.000 millones en 2029<\/strong>. Para el lujo, esto no es marginal: obliga a blindar autenticidad, a controlar pricing indirecto y a decidir si se participa (y c\u00f3mo) para capturar valor y relaci\u00f3n sin erosionar el posicionamiento.<\/p>\n\n\n\n<figure class=\"wp-block-image size-full\"><a href=\"https:\/\/luxonomy.net\/wp-content\/uploads\/2026\/02\/output-16.png\" class=\"mfp-image\"><img loading=\"lazy\" decoding=\"async\" width=\"590\" height=\"390\" data-attachment-id=\"70005\" data-permalink=\"https:\/\/luxonomy.net\/es\/los-jovenes-redefinen-la-tactica-del-lujo-global\/output-16-3\/\" data-orig-file=\"https:\/\/i0.wp.com\/luxonomy.net\/wp-content\/uploads\/2026\/02\/output-16.png?fit=590%2C390&amp;ssl=1\" data-orig-size=\"590,390\" data-comments-opened=\"1\" data-image-title=\"output (16)\" data-image-description=\"\" data-image-caption=\"\" data-large-file=\"https:\/\/i0.wp.com\/luxonomy.net\/wp-content\/uploads\/2026\/02\/output-16.png?fit=590%2C390&amp;ssl=1\" src=\"data:image\/gif;base64,R0lGODlhAQABAAAAACH5BAEKAAEALAAAAAABAAEAAAICTAEAOw==\" data-src=\"https:\/\/luxonomy.net\/wp-content\/uploads\/2026\/02\/output-16.png\" alt=\"\" class=\"wp-image-70005 lazyload\" data-sizes=\"auto\" data-srcset=\"https:\/\/i0.wp.com\/luxonomy.net\/wp-content\/uploads\/2026\/02\/output-16.png?w=590&amp;ssl=1 590w, https:\/\/i0.wp.com\/luxonomy.net\/wp-content\/uploads\/2026\/02\/output-16.png?resize=300%2C198&amp;ssl=1 300w, https:\/\/i0.wp.com\/luxonomy.net\/wp-content\/uploads\/2026\/02\/output-16.png?resize=370%2C245&amp;ssl=1 370w, https:\/\/i0.wp.com\/luxonomy.net\/wp-content\/uploads\/2026\/02\/output-16.png?resize=20%2C13&amp;ssl=1 20w, https:\/\/i0.wp.com\/luxonomy.net\/wp-content\/uploads\/2026\/02\/output-16.png?resize=73%2C48&amp;ssl=1 73w\" sizes=\"auto, (max-width: 590px) 100vw, 590px\" \/><\/a><\/figure>\n\n\n\n<p>La juventud est\u00e1 forzando una reingenier\u00eda t\u00e1ctica del lujo global: m\u00e1s precisi\u00f3n comercial, m\u00e1s categor\u00edas de acceso, m\u00e1s control de canal, m\u00e1s narrativa cultural y m\u00e1s gesti\u00f3n del ciclo de vida del producto (incluida la reventa). Y todo ello en un mercado que, aun con desaceleraci\u00f3n coyuntural, sigue siendo gigantesco: en 2023 Bain estim\u00f3 el mercado total de lujo en <strong>\u20ac1,51 billones<\/strong>, con crecimiento del <strong>11%\u201313%<\/strong> vs. 2022; la \u201cnormalizaci\u00f3n\u201d de 2024 no elimina el atractivo, pero s\u00ed endurece las reglas del juego. La lectura estrat\u00e9gica para 2026 es clara: ganar\u00e1n las marcas que dominen la ejecuci\u00f3n en tiempo real \u2014datos, creatividad, experiencia, comunidad\u2014 y conviertan la presi\u00f3n del momento en ventaja competitiva sostenible.<\/p><div id=\"luxon-225987165\" class=\"luxon-7-parrafo luxon-entity-placement\" style=\"margin-top: 20px;margin-bottom: 20px;margin-left: auto;margin-right: auto;text-align: center;\"><a href=\"https:\/\/theintelligence.institute\/course\/inteligencia-artificial-para-directivos\" target=\"_blank\" aria-label=\"CSIAD_empresas_THEI_horizontal_4x3_v5\"><img loading=\"lazy\" decoding=\"async\" src=\"https:\/\/i0.wp.com\/luxonomy.net\/wp-content\/uploads\/2025\/08\/CSIAD_empresas_THEI_horizontal_4x3_v5.png?fit=2000%2C1500&#038;ssl=1\" alt=\"\"  srcset=\"https:\/\/i0.wp.com\/luxonomy.net\/wp-content\/uploads\/2025\/08\/CSIAD_empresas_THEI_horizontal_4x3_v5.png?w=2000&ssl=1 2000w, https:\/\/i0.wp.com\/luxonomy.net\/wp-content\/uploads\/2025\/08\/CSIAD_empresas_THEI_horizontal_4x3_v5.png?resize=300%2C225&ssl=1 300w, https:\/\/i0.wp.com\/luxonomy.net\/wp-content\/uploads\/2025\/08\/CSIAD_empresas_THEI_horizontal_4x3_v5.png?resize=1024%2C768&ssl=1 1024w, https:\/\/i0.wp.com\/luxonomy.net\/wp-content\/uploads\/2025\/08\/CSIAD_empresas_THEI_horizontal_4x3_v5.png?resize=768%2C576&ssl=1 768w, https:\/\/i0.wp.com\/luxonomy.net\/wp-content\/uploads\/2025\/08\/CSIAD_empresas_THEI_horizontal_4x3_v5.png?resize=1536%2C1152&ssl=1 1536w, https:\/\/i0.wp.com\/luxonomy.net\/wp-content\/uploads\/2025\/08\/CSIAD_empresas_THEI_horizontal_4x3_v5.png?resize=370%2C278&ssl=1 370w, https:\/\/i0.wp.com\/luxonomy.net\/wp-content\/uploads\/2025\/08\/CSIAD_empresas_THEI_horizontal_4x3_v5.png?resize=800%2C600&ssl=1 800w, https:\/\/i0.wp.com\/luxonomy.net\/wp-content\/uploads\/2025\/08\/CSIAD_empresas_THEI_horizontal_4x3_v5.png?resize=20%2C15&ssl=1 20w, https:\/\/i0.wp.com\/luxonomy.net\/wp-content\/uploads\/2025\/08\/CSIAD_empresas_THEI_horizontal_4x3_v5.png?resize=740%2C555&ssl=1 740w, https:\/\/i0.wp.com\/luxonomy.net\/wp-content\/uploads\/2025\/08\/CSIAD_empresas_THEI_horizontal_4x3_v5.png?resize=1600%2C1200&ssl=1 1600w, https:\/\/i0.wp.com\/luxonomy.net\/wp-content\/uploads\/2025\/08\/CSIAD_empresas_THEI_horizontal_4x3_v5.png?resize=1200%2C900&ssl=1 1200w, https:\/\/i0.wp.com\/luxonomy.net\/wp-content\/uploads\/2025\/08\/CSIAD_empresas_THEI_horizontal_4x3_v5.png?resize=64%2C48&ssl=1 64w\" sizes=\"(max-width: 1170px) 100vw, 1170px\" class=\"no-lazyload\" width=\"2000\" height=\"1500\"   \/><\/a><\/div>\n<p>\u00a0<\/p>\n","protected":false},"excerpt":{"rendered":"<p>La juventud est\u00e1 forzando una reingenier\u00eda t\u00e1ctica del lujo global: m\u00e1s precisi\u00f3n comercial, m\u00e1s categor\u00edas de acceso, m\u00e1s control de canal, m\u00e1s narrativa cultural y m\u00e1s gesti\u00f3n del ciclo de vida del producto (incluida la reventa). Y todo ello en un mercado que, aun con desaceleraci\u00f3n coyuntural, sigue siendo gigantesco: en 2023 Bain estim\u00f3 el mercado total de lujo en \u20ac1,51 billones, con crecimiento del 11%\u201313% vs. 2022; la \u201cnormalizaci\u00f3n\u201d de 2024 no elimina el atractivo, pero s\u00ed endurece las reglas del juego. La lectura estrat\u00e9gica para 2026 es clara: ganar\u00e1n las marcas que dominen la ejecuci\u00f3n en tiempo real \u2014datos, creatividad, experiencia, comunidad\u2014 y conviertan la presi\u00f3n del momento en ventaja competitiva sostenible.<\/p>\n","protected":false},"author":19,"featured_media":70004,"comment_status":"open","ping_status":"open","sticky":false,"template":"","format":"standard","meta":{"_jetpack_newsletter_access":"","_jetpack_dont_email_post_to_subs":false,"_jetpack_newsletter_tier_id":0,"_jetpack_memberships_contains_paywalled_content":false,"_jetpack_feature_clip_id":0,"_jetpack_memberships_contains_paid_content":false,"footnotes":"","jetpack_publicize_message":"La juventud est\u00e1 forzando una reingenier\u00eda t\u00e1ctica del lujo global: m\u00e1s precisi\u00f3n comercial, m\u00e1s categor\u00edas de acceso, m\u00e1s control de canal, m\u00e1s narrativa cultural y m\u00e1s gesti\u00f3n del ciclo de vida del producto (incluida la reventa). Y todo ello en un mercado que, aun con desaceleraci\u00f3n coyuntural, sigue siendo gigantesco: en 2023 Bain estim\u00f3 el mercado total de lujo en \u20ac1,51 billones, con crecimiento del 11%\u201313% vs. 2022; la \u201cnormalizaci\u00f3n\u201d de 2024 no elimina el atractivo, pero s\u00ed endurece las reglas del juego. La lectura estrat\u00e9gica para 2026 es clara: ganar\u00e1n las marcas que dominen la ejecuci\u00f3n en tiempo real \u2014datos, creatividad, experiencia, comunidad\u2014 y conviertan la presi\u00f3n del momento en ventaja competitiva sostenible.","jetpack_publicize_feature_enabled":true,"jetpack_social_post_already_shared":true,"jetpack_social_options":{"image_generator_settings":{"template":"edge","default_image_id":0,"font":"","enabled":false},"version":2},"jetpack_post_was_ever_published":false},"categories":[1128],"tags":[552],"thb-sponsors":[],"class_list":["post-70001","post","type-post","status-publish","format-standard","has-post-thumbnail","hentry","category-economia","tag-economia"],"yoast_head":"<!-- This site is optimized with the Yoast SEO plugin v28.4 - https:\/\/yoast.com\/product\/yoast-seo-wordpress\/ -->\n<title>Los j\u00f3venes redefinen la t\u00e1ctica del lujo global | LUXONOMY<\/title>\n<meta name=\"robots\" content=\"index, follow, max-snippet:-1, max-image-preview:large, max-video-preview:-1\" \/>\n<link rel=\"canonical\" href=\"https:\/\/luxonomy.net\/es\/los-jovenes-redefinen-la-tactica-del-lujo-global\/\" \/>\n<meta property=\"og:locale\" content=\"es_ES\" \/>\n<meta property=\"og:type\" content=\"article\" \/>\n<meta property=\"og:title\" content=\"Los j\u00f3venes redefinen la t\u00e1ctica del lujo global | LUXONOMY\" \/>\n<meta property=\"og:description\" content=\"La juventud est\u00e1 forzando una reingenier\u00eda t\u00e1ctica del lujo global: m\u00e1s precisi\u00f3n comercial, m\u00e1s categor\u00edas de acceso, m\u00e1s control de canal, m\u00e1s narrativa cultural y m\u00e1s gesti\u00f3n del ciclo de vida del producto (incluida la reventa). Y todo ello en un mercado que, aun con desaceleraci\u00f3n coyuntural, sigue siendo gigantesco: en 2023 Bain estim\u00f3 el mercado total de lujo en \u20ac1,51 billones, con crecimiento del 11%\u201313% vs. 2022; la \u201cnormalizaci\u00f3n\u201d de 2024 no elimina el atractivo, pero s\u00ed endurece las reglas del juego. La lectura estrat\u00e9gica para 2026 es clara: ganar\u00e1n las marcas que dominen la ejecuci\u00f3n en tiempo real \u2014datos, creatividad, experiencia, comunidad\u2014 y conviertan la presi\u00f3n del momento en ventaja competitiva sostenible.\" \/>\n<meta property=\"og:url\" content=\"https:\/\/luxonomy.net\/es\/los-jovenes-redefinen-la-tactica-del-lujo-global\/\" \/>\n<meta property=\"og:site_name\" content=\"LUXONOMY\" \/>\n<meta property=\"article:publisher\" content=\"https:\/\/www.facebook.com\/luxonomy\" \/>\n<meta property=\"article:published_time\" content=\"2026-02-08T14:10:09+00:00\" \/>\n<meta property=\"article:modified_time\" content=\"2026-02-08T14:10:22+00:00\" \/>\n<meta property=\"og:image\" content=\"https:\/\/luxonomy.net\/wp-content\/uploads\/2026\/02\/output-15.png\" \/>\n\t<meta property=\"og:image:width\" content=\"590\" \/>\n\t<meta property=\"og:image:height\" content=\"390\" \/>\n\t<meta property=\"og:image:type\" content=\"image\/png\" \/>\n<meta name=\"author\" content=\"Pablo Guti\u00e9rrez-Rav\u00e9 Villal\u00f3n\" \/>\n<meta name=\"twitter:card\" content=\"summary_large_image\" \/>\n<meta name=\"twitter:label1\" content=\"Escrito por\" \/>\n\t<meta name=\"twitter:data1\" content=\"Pablo Guti\u00e9rrez-Rav\u00e9 Villal\u00f3n\" \/>\n\t<meta name=\"twitter:label2\" content=\"Tiempo de lectura\" \/>\n\t<meta name=\"twitter:data2\" content=\"5 minutos\" \/>\n<script type=\"application\/ld+json\" class=\"yoast-schema-graph\">{\"@context\":\"https:\\\/\\\/schema.org\",\"@graph\":[{\"@type\":\"Article\",\"@id\":\"https:\\\/\\\/luxonomy.net\\\/es\\\/los-jovenes-redefinen-la-tactica-del-lujo-global\\\/#article\",\"isPartOf\":{\"@id\":\"https:\\\/\\\/luxonomy.net\\\/es\\\/los-jovenes-redefinen-la-tactica-del-lujo-global\\\/\"},\"author\":{\"name\":\"Pablo Guti\u00e9rrez-Rav\u00e9 Villal\u00f3n\",\"@id\":\"https:\\\/\\\/luxonomy.net\\\/es\\\/#\\\/schema\\\/person\\\/aca186356f30a813f61bbf19ba52c031\"},\"headline\":\"Los j\u00f3venes redefinen la t\u00e1ctica del lujo global\",\"datePublished\":\"2026-02-08T14:10:09+00:00\",\"dateModified\":\"2026-02-08T14:10:22+00:00\",\"mainEntityOfPage\":{\"@id\":\"https:\\\/\\\/luxonomy.net\\\/es\\\/los-jovenes-redefinen-la-tactica-del-lujo-global\\\/\"},\"wordCount\":923,\"commentCount\":0,\"publisher\":{\"@id\":\"https:\\\/\\\/luxonomy.net\\\/es\\\/#organization\"},\"image\":{\"@id\":\"https:\\\/\\\/luxonomy.net\\\/es\\\/los-jovenes-redefinen-la-tactica-del-lujo-global\\\/#primaryimage\"},\"thumbnailUrl\":\"https:\\\/\\\/i0.wp.com\\\/luxonomy.net\\\/wp-content\\\/uploads\\\/2026\\\/02\\\/output-15.png?fit=590%2C390&ssl=1\",\"keywords\":[\"econom\u00eda\"],\"articleSection\":[\"Econom\u00eda\"],\"inLanguage\":\"es\",\"potentialAction\":[{\"@type\":\"CommentAction\",\"name\":\"Comment\",\"target\":[\"https:\\\/\\\/luxonomy.net\\\/es\\\/los-jovenes-redefinen-la-tactica-del-lujo-global\\\/#respond\"]}]},{\"@type\":\"WebPage\",\"@id\":\"https:\\\/\\\/luxonomy.net\\\/es\\\/los-jovenes-redefinen-la-tactica-del-lujo-global\\\/\",\"url\":\"https:\\\/\\\/luxonomy.net\\\/es\\\/los-jovenes-redefinen-la-tactica-del-lujo-global\\\/\",\"name\":\"Los j\u00f3venes redefinen la t\u00e1ctica del lujo global | LUXONOMY\",\"isPartOf\":{\"@id\":\"https:\\\/\\\/luxonomy.net\\\/es\\\/#website\"},\"primaryImageOfPage\":{\"@id\":\"https:\\\/\\\/luxonomy.net\\\/es\\\/los-jovenes-redefinen-la-tactica-del-lujo-global\\\/#primaryimage\"},\"image\":{\"@id\":\"https:\\\/\\\/luxonomy.net\\\/es\\\/los-jovenes-redefinen-la-tactica-del-lujo-global\\\/#primaryimage\"},\"thumbnailUrl\":\"https:\\\/\\\/i0.wp.com\\\/luxonomy.net\\\/wp-content\\\/uploads\\\/2026\\\/02\\\/output-15.png?fit=590%2C390&ssl=1\",\"datePublished\":\"2026-02-08T14:10:09+00:00\",\"dateModified\":\"2026-02-08T14:10:22+00:00\",\"breadcrumb\":{\"@id\":\"https:\\\/\\\/luxonomy.net\\\/es\\\/los-jovenes-redefinen-la-tactica-del-lujo-global\\\/#breadcrumb\"},\"inLanguage\":\"es\",\"potentialAction\":[{\"@type\":\"ReadAction\",\"target\":[\"https:\\\/\\\/luxonomy.net\\\/es\\\/los-jovenes-redefinen-la-tactica-del-lujo-global\\\/\"]}]},{\"@type\":\"ImageObject\",\"inLanguage\":\"es\",\"@id\":\"https:\\\/\\\/luxonomy.net\\\/es\\\/los-jovenes-redefinen-la-tactica-del-lujo-global\\\/#primaryimage\",\"url\":\"https:\\\/\\\/i0.wp.com\\\/luxonomy.net\\\/wp-content\\\/uploads\\\/2026\\\/02\\\/output-15.png?fit=590%2C390&ssl=1\",\"contentUrl\":\"https:\\\/\\\/i0.wp.com\\\/luxonomy.net\\\/wp-content\\\/uploads\\\/2026\\\/02\\\/output-15.png?fit=590%2C390&ssl=1\",\"width\":590,\"height\":390},{\"@type\":\"BreadcrumbList\",\"@id\":\"https:\\\/\\\/luxonomy.net\\\/es\\\/los-jovenes-redefinen-la-tactica-del-lujo-global\\\/#breadcrumb\",\"itemListElement\":[{\"@type\":\"ListItem\",\"position\":1,\"name\":\"Portada\",\"item\":\"https:\\\/\\\/luxonomy.net\\\/es\\\/\"},{\"@type\":\"ListItem\",\"position\":2,\"name\":\"Los j\u00f3venes redefinen la t\u00e1ctica del lujo global\"}]},{\"@type\":\"WebSite\",\"@id\":\"https:\\\/\\\/luxonomy.net\\\/es\\\/#website\",\"url\":\"https:\\\/\\\/luxonomy.net\\\/es\\\/\",\"name\":\"LUXONOMY\",\"description\":\"The Economy of Fashion &amp; Luxury\",\"publisher\":{\"@id\":\"https:\\\/\\\/luxonomy.net\\\/es\\\/#organization\"},\"potentialAction\":[{\"@type\":\"SearchAction\",\"target\":{\"@type\":\"EntryPoint\",\"urlTemplate\":\"https:\\\/\\\/luxonomy.net\\\/es\\\/?s={search_term_string}\"},\"query-input\":{\"@type\":\"PropertyValueSpecification\",\"valueRequired\":true,\"valueName\":\"search_term_string\"}}],\"inLanguage\":\"es\"},{\"@type\":\"Organization\",\"@id\":\"https:\\\/\\\/luxonomy.net\\\/es\\\/#organization\",\"name\":\"LUXONOMY\",\"url\":\"https:\\\/\\\/luxonomy.net\\\/es\\\/\",\"logo\":{\"@type\":\"ImageObject\",\"inLanguage\":\"es\",\"@id\":\"https:\\\/\\\/luxonomy.net\\\/es\\\/#\\\/schema\\\/logo\\\/image\\\/\",\"url\":\"https:\\\/\\\/i2.wp.com\\\/luxonomy.net\\\/wp-content\\\/uploads\\\/2021\\\/09\\\/MOCKUP-TODOS-LUXONOMY.jpg?fit=1000%2C515&ssl=1\",\"contentUrl\":\"https:\\\/\\\/i2.wp.com\\\/luxonomy.net\\\/wp-content\\\/uploads\\\/2021\\\/09\\\/MOCKUP-TODOS-LUXONOMY.jpg?fit=1000%2C515&ssl=1\",\"width\":1000,\"height\":515,\"caption\":\"LUXONOMY\"},\"image\":{\"@id\":\"https:\\\/\\\/luxonomy.net\\\/es\\\/#\\\/schema\\\/logo\\\/image\\\/\"},\"sameAs\":[\"https:\\\/\\\/www.facebook.com\\\/luxonomy\",\"https:\\\/\\\/www.instagram.com\\\/luxonomy\\\/\",\"https:\\\/\\\/www.linkedin.com\\\/company\\\/luxonomy\\\/\"]},{\"@type\":\"Person\",\"@id\":\"https:\\\/\\\/luxonomy.net\\\/es\\\/#\\\/schema\\\/person\\\/aca186356f30a813f61bbf19ba52c031\",\"name\":\"Pablo Guti\u00e9rrez-Rav\u00e9 Villal\u00f3n\",\"image\":{\"@type\":\"ImageObject\",\"inLanguage\":\"es\",\"@id\":\"https:\\\/\\\/luxonomy.net\\\/wp-content\\\/litespeed\\\/avatar\\\/b80839bcd1d7840754b71e72cad801ce.jpg?ver=1788213692\",\"url\":\"https:\\\/\\\/luxonomy.net\\\/wp-content\\\/litespeed\\\/avatar\\\/b80839bcd1d7840754b71e72cad801ce.jpg?ver=1788213692\",\"contentUrl\":\"https:\\\/\\\/luxonomy.net\\\/wp-content\\\/litespeed\\\/avatar\\\/b80839bcd1d7840754b71e72cad801ce.jpg?ver=1788213692\",\"caption\":\"Pablo Guti\u00e9rrez-Rav\u00e9 Villal\u00f3n\"},\"description\":\"president LUXONOMY\u2122 Group\",\"sameAs\":[\"https:\\\/\\\/www.linkedin.com\\\/in\\\/pablogutierrezrave\\\/\"],\"url\":\"https:\\\/\\\/luxonomy.net\\\/es\\\/author\\\/pablo\\\/\"}]}<\/script>\n<!-- \/ Yoast SEO plugin. -->","yoast_head_json":{"title":"Los j\u00f3venes redefinen la t\u00e1ctica del lujo global | LUXONOMY","robots":{"index":"index","follow":"follow","max-snippet":"max-snippet:-1","max-image-preview":"max-image-preview:large","max-video-preview":"max-video-preview:-1"},"canonical":"https:\/\/luxonomy.net\/es\/los-jovenes-redefinen-la-tactica-del-lujo-global\/","og_locale":"es_ES","og_type":"article","og_title":"Los j\u00f3venes redefinen la t\u00e1ctica del lujo global | LUXONOMY","og_description":"La juventud est\u00e1 forzando una reingenier\u00eda t\u00e1ctica del lujo global: m\u00e1s precisi\u00f3n comercial, m\u00e1s categor\u00edas de acceso, m\u00e1s control de canal, m\u00e1s narrativa cultural y m\u00e1s gesti\u00f3n del ciclo de vida del producto (incluida la reventa). Y todo ello en un mercado que, aun con desaceleraci\u00f3n coyuntural, sigue siendo gigantesco: en 2023 Bain estim\u00f3 el mercado total de lujo en \u20ac1,51 billones, con crecimiento del 11%\u201313% vs. 2022; la \u201cnormalizaci\u00f3n\u201d de 2024 no elimina el atractivo, pero s\u00ed endurece las reglas del juego. La lectura estrat\u00e9gica para 2026 es clara: ganar\u00e1n las marcas que dominen la ejecuci\u00f3n en tiempo real \u2014datos, creatividad, experiencia, comunidad\u2014 y conviertan la presi\u00f3n del momento en ventaja competitiva sostenible.","og_url":"https:\/\/luxonomy.net\/es\/los-jovenes-redefinen-la-tactica-del-lujo-global\/","og_site_name":"LUXONOMY","article_publisher":"https:\/\/www.facebook.com\/luxonomy","article_published_time":"2026-02-08T14:10:09+00:00","article_modified_time":"2026-02-08T14:10:22+00:00","og_image":[{"width":590,"height":390,"url":"https:\/\/luxonomy.net\/wp-content\/uploads\/2026\/02\/output-15.png","type":"image\/png"}],"author":"Pablo Guti\u00e9rrez-Rav\u00e9 Villal\u00f3n","twitter_card":"summary_large_image","twitter_misc":{"Escrito por":"Pablo Guti\u00e9rrez-Rav\u00e9 Villal\u00f3n","Tiempo de lectura":"5 minutos"},"schema":{"@context":"https:\/\/schema.org","@graph":[{"@type":"Article","@id":"https:\/\/luxonomy.net\/es\/los-jovenes-redefinen-la-tactica-del-lujo-global\/#article","isPartOf":{"@id":"https:\/\/luxonomy.net\/es\/los-jovenes-redefinen-la-tactica-del-lujo-global\/"},"author":{"name":"Pablo Guti\u00e9rrez-Rav\u00e9 Villal\u00f3n","@id":"https:\/\/luxonomy.net\/es\/#\/schema\/person\/aca186356f30a813f61bbf19ba52c031"},"headline":"Los j\u00f3venes redefinen la t\u00e1ctica del lujo global","datePublished":"2026-02-08T14:10:09+00:00","dateModified":"2026-02-08T14:10:22+00:00","mainEntityOfPage":{"@id":"https:\/\/luxonomy.net\/es\/los-jovenes-redefinen-la-tactica-del-lujo-global\/"},"wordCount":923,"commentCount":0,"publisher":{"@id":"https:\/\/luxonomy.net\/es\/#organization"},"image":{"@id":"https:\/\/luxonomy.net\/es\/los-jovenes-redefinen-la-tactica-del-lujo-global\/#primaryimage"},"thumbnailUrl":"https:\/\/i0.wp.com\/luxonomy.net\/wp-content\/uploads\/2026\/02\/output-15.png?fit=590%2C390&ssl=1","keywords":["econom\u00eda"],"articleSection":["Econom\u00eda"],"inLanguage":"es","potentialAction":[{"@type":"CommentAction","name":"Comment","target":["https:\/\/luxonomy.net\/es\/los-jovenes-redefinen-la-tactica-del-lujo-global\/#respond"]}]},{"@type":"WebPage","@id":"https:\/\/luxonomy.net\/es\/los-jovenes-redefinen-la-tactica-del-lujo-global\/","url":"https:\/\/luxonomy.net\/es\/los-jovenes-redefinen-la-tactica-del-lujo-global\/","name":"Los j\u00f3venes redefinen la t\u00e1ctica del lujo global | LUXONOMY","isPartOf":{"@id":"https:\/\/luxonomy.net\/es\/#website"},"primaryImageOfPage":{"@id":"https:\/\/luxonomy.net\/es\/los-jovenes-redefinen-la-tactica-del-lujo-global\/#primaryimage"},"image":{"@id":"https:\/\/luxonomy.net\/es\/los-jovenes-redefinen-la-tactica-del-lujo-global\/#primaryimage"},"thumbnailUrl":"https:\/\/i0.wp.com\/luxonomy.net\/wp-content\/uploads\/2026\/02\/output-15.png?fit=590%2C390&ssl=1","datePublished":"2026-02-08T14:10:09+00:00","dateModified":"2026-02-08T14:10:22+00:00","breadcrumb":{"@id":"https:\/\/luxonomy.net\/es\/los-jovenes-redefinen-la-tactica-del-lujo-global\/#breadcrumb"},"inLanguage":"es","potentialAction":[{"@type":"ReadAction","target":["https:\/\/luxonomy.net\/es\/los-jovenes-redefinen-la-tactica-del-lujo-global\/"]}]},{"@type":"ImageObject","inLanguage":"es","@id":"https:\/\/luxonomy.net\/es\/los-jovenes-redefinen-la-tactica-del-lujo-global\/#primaryimage","url":"https:\/\/i0.wp.com\/luxonomy.net\/wp-content\/uploads\/2026\/02\/output-15.png?fit=590%2C390&ssl=1","contentUrl":"https:\/\/i0.wp.com\/luxonomy.net\/wp-content\/uploads\/2026\/02\/output-15.png?fit=590%2C390&ssl=1","width":590,"height":390},{"@type":"BreadcrumbList","@id":"https:\/\/luxonomy.net\/es\/los-jovenes-redefinen-la-tactica-del-lujo-global\/#breadcrumb","itemListElement":[{"@type":"ListItem","position":1,"name":"Portada","item":"https:\/\/luxonomy.net\/es\/"},{"@type":"ListItem","position":2,"name":"Los j\u00f3venes redefinen la t\u00e1ctica del lujo global"}]},{"@type":"WebSite","@id":"https:\/\/luxonomy.net\/es\/#website","url":"https:\/\/luxonomy.net\/es\/","name":"LUXONOMY","description":"The Economy of Fashion &amp; Luxury","publisher":{"@id":"https:\/\/luxonomy.net\/es\/#organization"},"potentialAction":[{"@type":"SearchAction","target":{"@type":"EntryPoint","urlTemplate":"https:\/\/luxonomy.net\/es\/?s={search_term_string}"},"query-input":{"@type":"PropertyValueSpecification","valueRequired":true,"valueName":"search_term_string"}}],"inLanguage":"es"},{"@type":"Organization","@id":"https:\/\/luxonomy.net\/es\/#organization","name":"LUXONOMY","url":"https:\/\/luxonomy.net\/es\/","logo":{"@type":"ImageObject","inLanguage":"es","@id":"https:\/\/luxonomy.net\/es\/#\/schema\/logo\/image\/","url":"https:\/\/i2.wp.com\/luxonomy.net\/wp-content\/uploads\/2021\/09\/MOCKUP-TODOS-LUXONOMY.jpg?fit=1000%2C515&ssl=1","contentUrl":"https:\/\/i2.wp.com\/luxonomy.net\/wp-content\/uploads\/2021\/09\/MOCKUP-TODOS-LUXONOMY.jpg?fit=1000%2C515&ssl=1","width":1000,"height":515,"caption":"LUXONOMY"},"image":{"@id":"https:\/\/luxonomy.net\/es\/#\/schema\/logo\/image\/"},"sameAs":["https:\/\/www.facebook.com\/luxonomy","https:\/\/www.instagram.com\/luxonomy\/","https:\/\/www.linkedin.com\/company\/luxonomy\/"]},{"@type":"Person","@id":"https:\/\/luxonomy.net\/es\/#\/schema\/person\/aca186356f30a813f61bbf19ba52c031","name":"Pablo Guti\u00e9rrez-Rav\u00e9 Villal\u00f3n","image":{"@type":"ImageObject","inLanguage":"es","@id":"https:\/\/luxonomy.net\/wp-content\/litespeed\/avatar\/b80839bcd1d7840754b71e72cad801ce.jpg?ver=1788213692","url":"https:\/\/luxonomy.net\/wp-content\/litespeed\/avatar\/b80839bcd1d7840754b71e72cad801ce.jpg?ver=1788213692","contentUrl":"https:\/\/luxonomy.net\/wp-content\/litespeed\/avatar\/b80839bcd1d7840754b71e72cad801ce.jpg?ver=1788213692","caption":"Pablo Guti\u00e9rrez-Rav\u00e9 Villal\u00f3n"},"description":"president LUXONOMY\u2122 Group","sameAs":["https:\/\/www.linkedin.com\/in\/pablogutierrezrave\/"],"url":"https:\/\/luxonomy.net\/es\/author\/pablo\/"}]}},"jetpack_publicize_connections":[],"jetpack_shortlink":"https:\/\/wp.me\/paPhBa-id3","jetpack_sharing_enabled":true,"jetpack_featured_media_url":"https:\/\/i0.wp.com\/luxonomy.net\/wp-content\/uploads\/2026\/02\/output-15.png?fit=590%2C390&ssl=1","_links":{"self":[{"href":"https:\/\/luxonomy.net\/es\/wp-json\/wp\/v2\/posts\/70001","targetHints":{"allow":["GET"]}}],"collection":[{"href":"https:\/\/luxonomy.net\/es\/wp-json\/wp\/v2\/posts"}],"about":[{"href":"https:\/\/luxonomy.net\/es\/wp-json\/wp\/v2\/types\/post"}],"author":[{"embeddable":true,"href":"https:\/\/luxonomy.net\/es\/wp-json\/wp\/v2\/users\/19"}],"replies":[{"embeddable":true,"href":"https:\/\/luxonomy.net\/es\/wp-json\/wp\/v2\/comments?post=70001"}],"version-history":[{"count":2,"href":"https:\/\/luxonomy.net\/es\/wp-json\/wp\/v2\/posts\/70001\/revisions"}],"predecessor-version":[{"id":70007,"href":"https:\/\/luxonomy.net\/es\/wp-json\/wp\/v2\/posts\/70001\/revisions\/70007"}],"wp:featuredmedia":[{"embeddable":true,"href":"https:\/\/luxonomy.net\/es\/wp-json\/wp\/v2\/media\/70004"}],"wp:attachment":[{"href":"https:\/\/luxonomy.net\/es\/wp-json\/wp\/v2\/media?parent=70001"}],"wp:term":[{"taxonomy":"category","embeddable":true,"href":"https:\/\/luxonomy.net\/es\/wp-json\/wp\/v2\/categories?post=70001"},{"taxonomy":"post_tag","embeddable":true,"href":"https:\/\/luxonomy.net\/es\/wp-json\/wp\/v2\/tags?post=70001"},{"taxonomy":"thb-sponsors","embeddable":true,"href":"https:\/\/luxonomy.net\/es\/wp-json\/wp\/v2\/thb-sponsors?post=70001"}],"curies":[{"name":"wp","href":"https:\/\/api.w.org\/{rel}","templated":true}]}}