{"id":69967,"date":"2026-02-05T11:28:27","date_gmt":"2026-02-05T10:28:27","guid":{"rendered":"https:\/\/luxonomy.net\/?p=69967"},"modified":"2026-02-06T11:51:36","modified_gmt":"2026-02-06T10:51:36","slug":"art-basel-desembarca-en-doha-el-arte-como-nuevo-eje-del-lujo-global-en-oriente-medio","status":"publish","type":"post","link":"https:\/\/luxonomy.net\/es\/art-basel-desembarca-en-doha-el-arte-como-nuevo-eje-del-lujo-global-en-oriente-medio\/","title":{"rendered":"Art Basel desembarca en Doha: el arte como nuevo eje del lujo global en Oriente Medio"},"content":{"rendered":"\n<p class=\"wp-block-paragraph\">La llegada de <strong>Art Basel<\/strong> a Doha en 2026 consolida un cambio profundo en la manera en que el lujo global se articula, se comunica y se experimenta. No se trata \u00fanicamente de la expansi\u00f3n geogr\u00e1fica de la feria de arte m\u00e1s influyente del mundo, sino de la confirmaci\u00f3n de que el arte contempor\u00e1neo se ha convertido en uno de los pilares centrales del nuevo lujo: un lujo intelectual, cultural y relacional, donde el valor se construye a trav\u00e9s de experiencias, contexto y narrativa.<\/p>\n\n\n\n<p class=\"wp-block-paragraph\">La primera edici\u00f3n de Art Basel Doha se celebrar\u00e1 del 3 al 7 de febrero de 2026, con jornadas de preapertura reservadas a coleccionistas internacionales, instituciones culturales y grandes patrimonios, antes de abrir sus puertas al p\u00fablico general. El planteamiento rompe con el formato tradicional de feria cerrada para convertirse en un evento urbano expandido, dise\u00f1ado para dialogar con la ciudad y con la ambici\u00f3n cultural de Catar. Doha no ser\u00e1 solo el escenario, sino parte activa de la experiencia, integrando el arte en su tejido urbano, arquitect\u00f3nico y social.<\/p>\n\n\n\n<p class=\"wp-block-paragraph\">Este desembarco refuerza el posicionamiento de la capital catar\u00ed como uno de los nuevos epicentros culturales del mundo \u00e1rabe y asi\u00e1tico. Durante los \u00faltimos a\u00f1os, Doha ha invertido de forma constante en museos de referencia, arquitectura ic\u00f3nica y hospitalidad de ultra-alto nivel, construyendo un ecosistema donde el lujo va m\u00e1s all\u00e1 del objeto y se expresa a trav\u00e9s del conocimiento, la est\u00e9tica y la excelencia en la experiencia. Art Basel act\u00faa aqu\u00ed como catalizador, acelerando la conexi\u00f3n entre arte contempor\u00e1neo, turismo premium y soft power cultural.<\/p><div id=\"luxon-1118768218\" class=\"luxon-3er-parrafo luxon-entity-placement\" style=\"margin-top: 20px;margin-bottom: 20px;margin-left: auto;margin-right: auto;text-align: center;\"><a href=\"https:\/\/luxonomy.university\/course\/master-turismo-de-lujo\" target=\"_blank\" aria-label=\"master-turismo-lujo-2026-2027\"><img loading=\"lazy\" decoding=\"async\" src=\"https:\/\/i0.wp.com\/luxonomy.net\/wp-content\/uploads\/2020\/07\/master-turismo-lujo-2026-2027.jpg?fit=1672%2C941&#038;ssl=1\" alt=\"\"  srcset=\"https:\/\/i0.wp.com\/luxonomy.net\/wp-content\/uploads\/2020\/07\/master-turismo-lujo-2026-2027.jpg?w=1672&ssl=1 1672w, https:\/\/i0.wp.com\/luxonomy.net\/wp-content\/uploads\/2020\/07\/master-turismo-lujo-2026-2027.jpg?resize=300%2C169&ssl=1 300w, https:\/\/i0.wp.com\/luxonomy.net\/wp-content\/uploads\/2020\/07\/master-turismo-lujo-2026-2027.jpg?resize=1024%2C576&ssl=1 1024w, https:\/\/i0.wp.com\/luxonomy.net\/wp-content\/uploads\/2020\/07\/master-turismo-lujo-2026-2027.jpg?resize=768%2C432&ssl=1 768w, https:\/\/i0.wp.com\/luxonomy.net\/wp-content\/uploads\/2020\/07\/master-turismo-lujo-2026-2027.jpg?resize=1536%2C864&ssl=1 1536w, https:\/\/i0.wp.com\/luxonomy.net\/wp-content\/uploads\/2020\/07\/master-turismo-lujo-2026-2027.jpg?resize=370%2C208&ssl=1 370w, https:\/\/i0.wp.com\/luxonomy.net\/wp-content\/uploads\/2020\/07\/master-turismo-lujo-2026-2027.jpg?resize=800%2C450&ssl=1 800w, https:\/\/i0.wp.com\/luxonomy.net\/wp-content\/uploads\/2020\/07\/master-turismo-lujo-2026-2027.jpg?resize=20%2C11&ssl=1 20w, https:\/\/i0.wp.com\/luxonomy.net\/wp-content\/uploads\/2020\/07\/master-turismo-lujo-2026-2027.jpg?resize=740%2C416&ssl=1 740w, https:\/\/i0.wp.com\/luxonomy.net\/wp-content\/uploads\/2020\/07\/master-turismo-lujo-2026-2027.jpg?resize=1600%2C900&ssl=1 1600w, https:\/\/i0.wp.com\/luxonomy.net\/wp-content\/uploads\/2020\/07\/master-turismo-lujo-2026-2027.jpg?resize=1200%2C675&ssl=1 1200w, https:\/\/i0.wp.com\/luxonomy.net\/wp-content\/uploads\/2020\/07\/master-turismo-lujo-2026-2027.jpg?resize=85%2C48&ssl=1 85w\" sizes=\"(max-width: 1170px) 100vw, 1170px\" class=\"no-lazyload\" width=\"1672\" height=\"941\"   \/><\/a><\/div>\n\n\n\n<p class=\"wp-block-paragraph\">El coraz\u00f3n del evento se situar\u00e1 en <strong>Msheireb Downtown Doha<\/strong>, un distrito que representa con claridad la visi\u00f3n de futuro de la ciudad. Concebido como un espacio donde sostenibilidad, patrimonio reinterpretado y dise\u00f1o contempor\u00e1neo conviven de forma natural, Msheireb ofrece el marco perfecto para un modelo de feria que se extiende por calles, patios, plazas y edificios hist\u00f3ricos. Galer\u00edas internacionales compartir\u00e1n protagonismo con instalaciones p\u00fablicas, proyectos site-specific y programas culturales pensados para activar la ciudad m\u00e1s all\u00e1 de los espacios expositivos convencionales.<\/p>\n\n\n\n<p class=\"wp-block-paragraph\">La edici\u00f3n inaugural reunir\u00e1 cerca de 90 galer\u00edas procedentes de m\u00e1s de 30 pa\u00edses, con una cuidada combinaci\u00f3n de grandes nombres del circuito internacional y una presencia destacada de artistas de Oriente Medio, Asia y \u00c1frica. Este enfoque no solo ampl\u00eda la narrativa del arte contempor\u00e1neo, sino que refuerza el papel de Doha como puente cultural entre distintas geograf\u00edas. El perfil del visitante ser\u00e1 altamente cualificado: coleccionistas privados, directores de museos, asesores de arte, family offices y viajeros culturales con alta capacidad de gasto, un p\u00fablico que busca algo m\u00e1s que obras, y que valora el acceso, la curadur\u00eda y la experiencia integral.<\/p>\n\n\n\n<p class=\"wp-block-paragraph\">Este tipo de visitante activa un ecosistema econ\u00f3mico que trasciende la feria. Hoteles de lujo, restauraci\u00f3n de autor, transporte privado, experiencias curatoriales exclusivas, cenas privadas y visitas a colecciones institucionales forman parte del impacto directo de Art Basel en la ciudad. El arte se convierte as\u00ed en motor de un turismo cultural de alto nivel, alineado con las nuevas expectativas del lujo global.<\/p>\n\n\n\n<p class=\"wp-block-paragraph\">En este contexto, <strong>Rosewood Doha<\/strong> desempe\u00f1ar\u00e1 un papel central como hotel oficial del evento. Ubicado en Lusail, el nuevo distrito frente al mar que simboliza la expansi\u00f3n urbana y la ambici\u00f3n arquitect\u00f3nica de Doha, el hotel ser\u00e1 punto de encuentro para coleccionistas, galeristas y l\u00edderes culturales. M\u00e1s all\u00e1 del alojamiento, Rosewood Doha ofrecer\u00e1 programas especiales vinculados a la feria, hospitalidad personalizada y eventos privados que refuerzan la relaci\u00f3n entre arte, dise\u00f1o y estilo de vida contempor\u00e1neo. La alianza entre Art Basel y Rosewood refleja una tendencia clara en el sector: los hoteles de lujo se consolidan como plataformas culturales y sociales, donde el arte forma parte esencial del relato de marca.<\/p><div id=\"luxon-1165471907\" class=\"luxon-7-parrafo luxon-entity-placement\" style=\"margin-top: 20px;margin-bottom: 20px;margin-left: auto;margin-right: auto;text-align: center;\"><a href=\"https:\/\/theintelligence.institute\/course\/inteligencia-artificial-para-directivos\" target=\"_blank\" aria-label=\"CSIAD_empresas_THEI_horizontal_4x3_v5\"><img loading=\"lazy\" decoding=\"async\" src=\"https:\/\/i0.wp.com\/luxonomy.net\/wp-content\/uploads\/2025\/08\/CSIAD_empresas_THEI_horizontal_4x3_v5.png?fit=2000%2C1500&#038;ssl=1\" alt=\"\"  srcset=\"https:\/\/i0.wp.com\/luxonomy.net\/wp-content\/uploads\/2025\/08\/CSIAD_empresas_THEI_horizontal_4x3_v5.png?w=2000&ssl=1 2000w, https:\/\/i0.wp.com\/luxonomy.net\/wp-content\/uploads\/2025\/08\/CSIAD_empresas_THEI_horizontal_4x3_v5.png?resize=300%2C225&ssl=1 300w, https:\/\/i0.wp.com\/luxonomy.net\/wp-content\/uploads\/2025\/08\/CSIAD_empresas_THEI_horizontal_4x3_v5.png?resize=1024%2C768&ssl=1 1024w, https:\/\/i0.wp.com\/luxonomy.net\/wp-content\/uploads\/2025\/08\/CSIAD_empresas_THEI_horizontal_4x3_v5.png?resize=768%2C576&ssl=1 768w, https:\/\/i0.wp.com\/luxonomy.net\/wp-content\/uploads\/2025\/08\/CSIAD_empresas_THEI_horizontal_4x3_v5.png?resize=1536%2C1152&ssl=1 1536w, https:\/\/i0.wp.com\/luxonomy.net\/wp-content\/uploads\/2025\/08\/CSIAD_empresas_THEI_horizontal_4x3_v5.png?resize=370%2C278&ssl=1 370w, https:\/\/i0.wp.com\/luxonomy.net\/wp-content\/uploads\/2025\/08\/CSIAD_empresas_THEI_horizontal_4x3_v5.png?resize=800%2C600&ssl=1 800w, https:\/\/i0.wp.com\/luxonomy.net\/wp-content\/uploads\/2025\/08\/CSIAD_empresas_THEI_horizontal_4x3_v5.png?resize=20%2C15&ssl=1 20w, https:\/\/i0.wp.com\/luxonomy.net\/wp-content\/uploads\/2025\/08\/CSIAD_empresas_THEI_horizontal_4x3_v5.png?resize=740%2C555&ssl=1 740w, https:\/\/i0.wp.com\/luxonomy.net\/wp-content\/uploads\/2025\/08\/CSIAD_empresas_THEI_horizontal_4x3_v5.png?resize=1600%2C1200&ssl=1 1600w, https:\/\/i0.wp.com\/luxonomy.net\/wp-content\/uploads\/2025\/08\/CSIAD_empresas_THEI_horizontal_4x3_v5.png?resize=1200%2C900&ssl=1 1200w, https:\/\/i0.wp.com\/luxonomy.net\/wp-content\/uploads\/2025\/08\/CSIAD_empresas_THEI_horizontal_4x3_v5.png?resize=64%2C48&ssl=1 64w\" sizes=\"(max-width: 1170px) 100vw, 1170px\" class=\"no-lazyload\" width=\"2000\" height=\"1500\"   \/><\/a><\/div>\n\n\n\n<p class=\"wp-block-paragraph\">La llegada de Art Basel Doha debe entenderse tambi\u00e9n dentro de la estrategia cultural m\u00e1s amplia de <strong>Catar<\/strong>, que desde hace a\u00f1os utiliza la cultura como herramienta de proyecci\u00f3n internacional. Museos como el Museum of Islamic Art o el National Museum of Qatar han construido un relato que combina identidad local, excelencia muse\u00edstica y vocaci\u00f3n global. Art Basel encaja de forma natural en esa visi\u00f3n, aportando una dimensi\u00f3n contempor\u00e1nea y conectando Doha con las principales capitales culturales del mundo.<\/p>\n\n\n\n<p class=\"wp-block-paragraph\">Para el ecosistema del lujo, esta nueva edici\u00f3n representa una se\u00f1al clara de hacia d\u00f3nde se dirige el sector. El lujo ya no se define \u00fanicamente por la rareza del producto o por el precio, sino por la capacidad de ofrecer acceso, conocimiento y experiencias que generen conexi\u00f3n emocional e intelectual. El arte contempor\u00e1neo se posiciona como uno de los lenguajes m\u00e1s potentes para articular ese nuevo lujo, y Doha emerge como uno de los territorios donde esa transformaci\u00f3n se expresa con mayor claridad.<\/p>\n\n\n\n<p class=\"wp-block-paragraph\">Art Basel Doha no es solo una feria de arte; es una declaraci\u00f3n de intenciones. Una afirmaci\u00f3n de que el futuro del lujo pasa por la cultura, por la integraci\u00f3n con la ciudad y por una visi\u00f3n global que entiende el arte como motor econ\u00f3mico, social y creativo. En ese cruce entre innovaci\u00f3n, identidad y excelencia, Doha se consolida como uno de los nuevos polos del lujo cultural del siglo XXI.<\/p>\n\n\n","protected":false},"excerpt":{"rendered":"<p>La llegada de Art Basel a Doha en 2026 consolida un cambio profundo en la manera en que el lujo global se articula, se comunica y se experimenta. No se trata \u00fanicamente de la expansi\u00f3n geogr\u00e1fica de la feria de arte m\u00e1s influyente del mundo, sino de la confirmaci\u00f3n de que el arte contempor\u00e1neo se&hellip;<\/p>\n","protected":false},"author":13,"featured_media":69966,"comment_status":"open","ping_status":"open","sticky":false,"template":"","format":"standard","meta":{"_jetpack_newsletter_access":"","_jetpack_dont_email_post_to_subs":true,"_jetpack_newsletter_tier_id":0,"_jetpack_memberships_contains_paywalled_content":false,"_jetpack_feature_clip_id":0,"_jetpack_memberships_contains_paid_content":false,"footnotes":"","jetpack_publicize_message":"","jetpack_publicize_feature_enabled":false,"jetpack_social_post_already_shared":false,"jetpack_social_options":{"image_generator_settings":{"template":"edge","default_image_id":0,"font":"","enabled":false},"version":2},"jetpack_post_was_ever_published":false},"categories":[227],"tags":[10071,228,2128],"thb-sponsors":[],"class_list":["post-69967","post","type-post","status-publish","format-standard","has-post-thumbnail","hentry","category-eventos","tag-art-basel-doha","tag-eventos","tag-events-2"],"yoast_head":"<!-- This site is optimized with the Yoast SEO plugin v28.4 - https:\/\/yoast.com\/product\/yoast-seo-wordpress\/ -->\n<title>Art Basel desembarca en Doha: el arte como nuevo eje del lujo global en Oriente Medio | LUXONOMY<\/title>\n<meta name=\"robots\" content=\"index, follow, max-snippet:-1, max-image-preview:large, max-video-preview:-1\" \/>\n<link rel=\"canonical\" href=\"https:\/\/luxonomy.net\/es\/art-basel-desembarca-en-doha-el-arte-como-nuevo-eje-del-lujo-global-en-oriente-medio\/\" \/>\n<meta property=\"og:locale\" content=\"es_ES\" \/>\n<meta property=\"og:type\" content=\"article\" \/>\n<meta property=\"og:title\" content=\"Art Basel desembarca en Doha: el arte como nuevo eje del lujo global en Oriente Medio | LUXONOMY\" \/>\n<meta property=\"og:description\" content=\"La llegada de Art Basel a Doha en 2026 consolida un cambio profundo en la manera en que el lujo global se articula, se comunica y se experimenta. No se trata \u00fanicamente de la expansi\u00f3n geogr\u00e1fica de la feria de arte m\u00e1s influyente del mundo, sino de la confirmaci\u00f3n de que el arte contempor\u00e1neo se&hellip;\" \/>\n<meta property=\"og:url\" content=\"https:\/\/luxonomy.net\/es\/art-basel-desembarca-en-doha-el-arte-como-nuevo-eje-del-lujo-global-en-oriente-medio\/\" \/>\n<meta property=\"og:site_name\" content=\"LUXONOMY\" \/>\n<meta property=\"article:publisher\" content=\"https:\/\/www.facebook.com\/luxonomy\" \/>\n<meta property=\"article:published_time\" content=\"2026-02-05T10:28:27+00:00\" \/>\n<meta property=\"article:modified_time\" content=\"2026-02-06T10:51:36+00:00\" \/>\n<meta property=\"og:image\" content=\"https:\/\/luxonomy.net\/wp-content\/uploads\/2026\/02\/Art-Basel-desembarca-en-Doha-el-arte-como-nuevo-eje-del-lujo-global-en-Oriente-Medio.jpeg\" \/>\n\t<meta property=\"og:image:width\" content=\"1600\" \/>\n\t<meta property=\"og:image:height\" content=\"900\" \/>\n\t<meta property=\"og:image:type\" content=\"image\/jpeg\" \/>\n<meta name=\"author\" content=\"Dara Bernardo\" \/>\n<meta name=\"twitter:card\" content=\"summary_large_image\" \/>\n<meta name=\"twitter:label1\" content=\"Escrito por\" \/>\n\t<meta name=\"twitter:data1\" content=\"Dara Bernardo\" \/>\n\t<meta name=\"twitter:label2\" content=\"Tiempo de lectura\" \/>\n\t<meta name=\"twitter:data2\" content=\"5 minutos\" \/>\n<script type=\"application\/ld+json\" class=\"yoast-schema-graph\">{\"@context\":\"https:\\\/\\\/schema.org\",\"@graph\":[{\"@type\":\"Article\",\"@id\":\"https:\\\/\\\/luxonomy.net\\\/es\\\/art-basel-desembarca-en-doha-el-arte-como-nuevo-eje-del-lujo-global-en-oriente-medio\\\/#article\",\"isPartOf\":{\"@id\":\"https:\\\/\\\/luxonomy.net\\\/es\\\/art-basel-desembarca-en-doha-el-arte-como-nuevo-eje-del-lujo-global-en-oriente-medio\\\/\"},\"author\":{\"name\":\"Dara Bernardo\",\"@id\":\"https:\\\/\\\/luxonomy.net\\\/es\\\/#\\\/schema\\\/person\\\/74504e9f212f80551761fb98f9925520\"},\"headline\":\"Art Basel desembarca en Doha: el arte como nuevo eje del lujo global en Oriente Medio\",\"datePublished\":\"2026-02-05T10:28:27+00:00\",\"dateModified\":\"2026-02-06T10:51:36+00:00\",\"mainEntityOfPage\":{\"@id\":\"https:\\\/\\\/luxonomy.net\\\/es\\\/art-basel-desembarca-en-doha-el-arte-como-nuevo-eje-del-lujo-global-en-oriente-medio\\\/\"},\"wordCount\":936,\"commentCount\":0,\"publisher\":{\"@id\":\"https:\\\/\\\/luxonomy.net\\\/es\\\/#organization\"},\"image\":{\"@id\":\"https:\\\/\\\/luxonomy.net\\\/es\\\/art-basel-desembarca-en-doha-el-arte-como-nuevo-eje-del-lujo-global-en-oriente-medio\\\/#primaryimage\"},\"thumbnailUrl\":\"https:\\\/\\\/i0.wp.com\\\/luxonomy.net\\\/wp-content\\\/uploads\\\/2026\\\/02\\\/Art-Basel-desembarca-en-Doha-el-arte-como-nuevo-eje-del-lujo-global-en-Oriente-Medio.jpeg?fit=1600%2C900&ssl=1\",\"keywords\":[\"Art Basel Doha\",\"Eventos\",\"events\"],\"articleSection\":[\"Eventos\"],\"inLanguage\":\"es\",\"potentialAction\":[{\"@type\":\"CommentAction\",\"name\":\"Comment\",\"target\":[\"https:\\\/\\\/luxonomy.net\\\/es\\\/art-basel-desembarca-en-doha-el-arte-como-nuevo-eje-del-lujo-global-en-oriente-medio\\\/#respond\"]}]},{\"@type\":\"WebPage\",\"@id\":\"https:\\\/\\\/luxonomy.net\\\/es\\\/art-basel-desembarca-en-doha-el-arte-como-nuevo-eje-del-lujo-global-en-oriente-medio\\\/\",\"url\":\"https:\\\/\\\/luxonomy.net\\\/es\\\/art-basel-desembarca-en-doha-el-arte-como-nuevo-eje-del-lujo-global-en-oriente-medio\\\/\",\"name\":\"Art Basel desembarca en Doha: el arte como nuevo eje del lujo global en Oriente Medio | LUXONOMY\",\"isPartOf\":{\"@id\":\"https:\\\/\\\/luxonomy.net\\\/es\\\/#website\"},\"primaryImageOfPage\":{\"@id\":\"https:\\\/\\\/luxonomy.net\\\/es\\\/art-basel-desembarca-en-doha-el-arte-como-nuevo-eje-del-lujo-global-en-oriente-medio\\\/#primaryimage\"},\"image\":{\"@id\":\"https:\\\/\\\/luxonomy.net\\\/es\\\/art-basel-desembarca-en-doha-el-arte-como-nuevo-eje-del-lujo-global-en-oriente-medio\\\/#primaryimage\"},\"thumbnailUrl\":\"https:\\\/\\\/i0.wp.com\\\/luxonomy.net\\\/wp-content\\\/uploads\\\/2026\\\/02\\\/Art-Basel-desembarca-en-Doha-el-arte-como-nuevo-eje-del-lujo-global-en-Oriente-Medio.jpeg?fit=1600%2C900&ssl=1\",\"datePublished\":\"2026-02-05T10:28:27+00:00\",\"dateModified\":\"2026-02-06T10:51:36+00:00\",\"breadcrumb\":{\"@id\":\"https:\\\/\\\/luxonomy.net\\\/es\\\/art-basel-desembarca-en-doha-el-arte-como-nuevo-eje-del-lujo-global-en-oriente-medio\\\/#breadcrumb\"},\"inLanguage\":\"es\",\"potentialAction\":[{\"@type\":\"ReadAction\",\"target\":[\"https:\\\/\\\/luxonomy.net\\\/es\\\/art-basel-desembarca-en-doha-el-arte-como-nuevo-eje-del-lujo-global-en-oriente-medio\\\/\"]}]},{\"@type\":\"ImageObject\",\"inLanguage\":\"es\",\"@id\":\"https:\\\/\\\/luxonomy.net\\\/es\\\/art-basel-desembarca-en-doha-el-arte-como-nuevo-eje-del-lujo-global-en-oriente-medio\\\/#primaryimage\",\"url\":\"https:\\\/\\\/i0.wp.com\\\/luxonomy.net\\\/wp-content\\\/uploads\\\/2026\\\/02\\\/Art-Basel-desembarca-en-Doha-el-arte-como-nuevo-eje-del-lujo-global-en-Oriente-Medio.jpeg?fit=1600%2C900&ssl=1\",\"contentUrl\":\"https:\\\/\\\/i0.wp.com\\\/luxonomy.net\\\/wp-content\\\/uploads\\\/2026\\\/02\\\/Art-Basel-desembarca-en-Doha-el-arte-como-nuevo-eje-del-lujo-global-en-Oriente-Medio.jpeg?fit=1600%2C900&ssl=1\",\"width\":1600,\"height\":900},{\"@type\":\"BreadcrumbList\",\"@id\":\"https:\\\/\\\/luxonomy.net\\\/es\\\/art-basel-desembarca-en-doha-el-arte-como-nuevo-eje-del-lujo-global-en-oriente-medio\\\/#breadcrumb\",\"itemListElement\":[{\"@type\":\"ListItem\",\"position\":1,\"name\":\"Portada\",\"item\":\"https:\\\/\\\/luxonomy.net\\\/es\\\/\"},{\"@type\":\"ListItem\",\"position\":2,\"name\":\"Art Basel desembarca en Doha: el arte como nuevo eje del lujo global en Oriente Medio\"}]},{\"@type\":\"WebSite\",\"@id\":\"https:\\\/\\\/luxonomy.net\\\/es\\\/#website\",\"url\":\"https:\\\/\\\/luxonomy.net\\\/es\\\/\",\"name\":\"LUXONOMY\",\"description\":\"The Economy of Fashion &amp; Luxury\",\"publisher\":{\"@id\":\"https:\\\/\\\/luxonomy.net\\\/es\\\/#organization\"},\"potentialAction\":[{\"@type\":\"SearchAction\",\"target\":{\"@type\":\"EntryPoint\",\"urlTemplate\":\"https:\\\/\\\/luxonomy.net\\\/es\\\/?s={search_term_string}\"},\"query-input\":{\"@type\":\"PropertyValueSpecification\",\"valueRequired\":true,\"valueName\":\"search_term_string\"}}],\"inLanguage\":\"es\"},{\"@type\":\"Organization\",\"@id\":\"https:\\\/\\\/luxonomy.net\\\/es\\\/#organization\",\"name\":\"LUXONOMY\",\"url\":\"https:\\\/\\\/luxonomy.net\\\/es\\\/\",\"logo\":{\"@type\":\"ImageObject\",\"inLanguage\":\"es\",\"@id\":\"https:\\\/\\\/luxonomy.net\\\/es\\\/#\\\/schema\\\/logo\\\/image\\\/\",\"url\":\"https:\\\/\\\/i2.wp.com\\\/luxonomy.net\\\/wp-content\\\/uploads\\\/2021\\\/09\\\/MOCKUP-TODOS-LUXONOMY.jpg?fit=1000%2C515&ssl=1\",\"contentUrl\":\"https:\\\/\\\/i2.wp.com\\\/luxonomy.net\\\/wp-content\\\/uploads\\\/2021\\\/09\\\/MOCKUP-TODOS-LUXONOMY.jpg?fit=1000%2C515&ssl=1\",\"width\":1000,\"height\":515,\"caption\":\"LUXONOMY\"},\"image\":{\"@id\":\"https:\\\/\\\/luxonomy.net\\\/es\\\/#\\\/schema\\\/logo\\\/image\\\/\"},\"sameAs\":[\"https:\\\/\\\/www.facebook.com\\\/luxonomy\",\"https:\\\/\\\/www.instagram.com\\\/luxonomy\\\/\",\"https:\\\/\\\/www.linkedin.com\\\/company\\\/luxonomy\\\/\"]},{\"@type\":\"Person\",\"@id\":\"https:\\\/\\\/luxonomy.net\\\/es\\\/#\\\/schema\\\/person\\\/74504e9f212f80551761fb98f9925520\",\"name\":\"Dara Bernardo\",\"image\":{\"@type\":\"ImageObject\",\"inLanguage\":\"es\",\"@id\":\"https:\\\/\\\/luxonomy.net\\\/wp-content\\\/litespeed\\\/avatar\\\/6210219c821657e60e23828a44456840.jpg?ver=1787976301\",\"url\":\"https:\\\/\\\/luxonomy.net\\\/wp-content\\\/litespeed\\\/avatar\\\/6210219c821657e60e23828a44456840.jpg?ver=1787976301\",\"contentUrl\":\"https:\\\/\\\/luxonomy.net\\\/wp-content\\\/litespeed\\\/avatar\\\/6210219c821657e60e23828a44456840.jpg?ver=1787976301\",\"caption\":\"Dara Bernardo\"},\"description\":\"Managing Director at LUXONOMY\u2122 Group Middle East\",\"sameAs\":[\"mailto:dubai@investme.capital\"],\"url\":\"https:\\\/\\\/luxonomy.net\\\/es\\\/author\\\/dara-bernardo\\\/\"}]}<\/script>\n<!-- \/ Yoast SEO plugin. -->","yoast_head_json":{"title":"Art Basel desembarca en Doha: el arte como nuevo eje del lujo global en Oriente Medio | LUXONOMY","robots":{"index":"index","follow":"follow","max-snippet":"max-snippet:-1","max-image-preview":"max-image-preview:large","max-video-preview":"max-video-preview:-1"},"canonical":"https:\/\/luxonomy.net\/es\/art-basel-desembarca-en-doha-el-arte-como-nuevo-eje-del-lujo-global-en-oriente-medio\/","og_locale":"es_ES","og_type":"article","og_title":"Art Basel desembarca en Doha: el arte como nuevo eje del lujo global en Oriente Medio | LUXONOMY","og_description":"La llegada de Art Basel a Doha en 2026 consolida un cambio profundo en la manera en que el lujo global se articula, se comunica y se experimenta. No se trata \u00fanicamente de la expansi\u00f3n geogr\u00e1fica de la feria de arte m\u00e1s influyente del mundo, sino de la confirmaci\u00f3n de que el arte contempor\u00e1neo se&hellip;","og_url":"https:\/\/luxonomy.net\/es\/art-basel-desembarca-en-doha-el-arte-como-nuevo-eje-del-lujo-global-en-oriente-medio\/","og_site_name":"LUXONOMY","article_publisher":"https:\/\/www.facebook.com\/luxonomy","article_published_time":"2026-02-05T10:28:27+00:00","article_modified_time":"2026-02-06T10:51:36+00:00","og_image":[{"width":1600,"height":900,"url":"https:\/\/luxonomy.net\/wp-content\/uploads\/2026\/02\/Art-Basel-desembarca-en-Doha-el-arte-como-nuevo-eje-del-lujo-global-en-Oriente-Medio.jpeg","type":"image\/jpeg"}],"author":"Dara Bernardo","twitter_card":"summary_large_image","twitter_misc":{"Escrito por":"Dara Bernardo","Tiempo de lectura":"5 minutos"},"schema":{"@context":"https:\/\/schema.org","@graph":[{"@type":"Article","@id":"https:\/\/luxonomy.net\/es\/art-basel-desembarca-en-doha-el-arte-como-nuevo-eje-del-lujo-global-en-oriente-medio\/#article","isPartOf":{"@id":"https:\/\/luxonomy.net\/es\/art-basel-desembarca-en-doha-el-arte-como-nuevo-eje-del-lujo-global-en-oriente-medio\/"},"author":{"name":"Dara Bernardo","@id":"https:\/\/luxonomy.net\/es\/#\/schema\/person\/74504e9f212f80551761fb98f9925520"},"headline":"Art Basel desembarca en Doha: el arte como nuevo eje del lujo global en Oriente Medio","datePublished":"2026-02-05T10:28:27+00:00","dateModified":"2026-02-06T10:51:36+00:00","mainEntityOfPage":{"@id":"https:\/\/luxonomy.net\/es\/art-basel-desembarca-en-doha-el-arte-como-nuevo-eje-del-lujo-global-en-oriente-medio\/"},"wordCount":936,"commentCount":0,"publisher":{"@id":"https:\/\/luxonomy.net\/es\/#organization"},"image":{"@id":"https:\/\/luxonomy.net\/es\/art-basel-desembarca-en-doha-el-arte-como-nuevo-eje-del-lujo-global-en-oriente-medio\/#primaryimage"},"thumbnailUrl":"https:\/\/i0.wp.com\/luxonomy.net\/wp-content\/uploads\/2026\/02\/Art-Basel-desembarca-en-Doha-el-arte-como-nuevo-eje-del-lujo-global-en-Oriente-Medio.jpeg?fit=1600%2C900&ssl=1","keywords":["Art Basel Doha","Eventos","events"],"articleSection":["Eventos"],"inLanguage":"es","potentialAction":[{"@type":"CommentAction","name":"Comment","target":["https:\/\/luxonomy.net\/es\/art-basel-desembarca-en-doha-el-arte-como-nuevo-eje-del-lujo-global-en-oriente-medio\/#respond"]}]},{"@type":"WebPage","@id":"https:\/\/luxonomy.net\/es\/art-basel-desembarca-en-doha-el-arte-como-nuevo-eje-del-lujo-global-en-oriente-medio\/","url":"https:\/\/luxonomy.net\/es\/art-basel-desembarca-en-doha-el-arte-como-nuevo-eje-del-lujo-global-en-oriente-medio\/","name":"Art Basel desembarca en Doha: el arte como nuevo eje del lujo global en Oriente Medio | LUXONOMY","isPartOf":{"@id":"https:\/\/luxonomy.net\/es\/#website"},"primaryImageOfPage":{"@id":"https:\/\/luxonomy.net\/es\/art-basel-desembarca-en-doha-el-arte-como-nuevo-eje-del-lujo-global-en-oriente-medio\/#primaryimage"},"image":{"@id":"https:\/\/luxonomy.net\/es\/art-basel-desembarca-en-doha-el-arte-como-nuevo-eje-del-lujo-global-en-oriente-medio\/#primaryimage"},"thumbnailUrl":"https:\/\/i0.wp.com\/luxonomy.net\/wp-content\/uploads\/2026\/02\/Art-Basel-desembarca-en-Doha-el-arte-como-nuevo-eje-del-lujo-global-en-Oriente-Medio.jpeg?fit=1600%2C900&ssl=1","datePublished":"2026-02-05T10:28:27+00:00","dateModified":"2026-02-06T10:51:36+00:00","breadcrumb":{"@id":"https:\/\/luxonomy.net\/es\/art-basel-desembarca-en-doha-el-arte-como-nuevo-eje-del-lujo-global-en-oriente-medio\/#breadcrumb"},"inLanguage":"es","potentialAction":[{"@type":"ReadAction","target":["https:\/\/luxonomy.net\/es\/art-basel-desembarca-en-doha-el-arte-como-nuevo-eje-del-lujo-global-en-oriente-medio\/"]}]},{"@type":"ImageObject","inLanguage":"es","@id":"https:\/\/luxonomy.net\/es\/art-basel-desembarca-en-doha-el-arte-como-nuevo-eje-del-lujo-global-en-oriente-medio\/#primaryimage","url":"https:\/\/i0.wp.com\/luxonomy.net\/wp-content\/uploads\/2026\/02\/Art-Basel-desembarca-en-Doha-el-arte-como-nuevo-eje-del-lujo-global-en-Oriente-Medio.jpeg?fit=1600%2C900&ssl=1","contentUrl":"https:\/\/i0.wp.com\/luxonomy.net\/wp-content\/uploads\/2026\/02\/Art-Basel-desembarca-en-Doha-el-arte-como-nuevo-eje-del-lujo-global-en-Oriente-Medio.jpeg?fit=1600%2C900&ssl=1","width":1600,"height":900},{"@type":"BreadcrumbList","@id":"https:\/\/luxonomy.net\/es\/art-basel-desembarca-en-doha-el-arte-como-nuevo-eje-del-lujo-global-en-oriente-medio\/#breadcrumb","itemListElement":[{"@type":"ListItem","position":1,"name":"Portada","item":"https:\/\/luxonomy.net\/es\/"},{"@type":"ListItem","position":2,"name":"Art Basel desembarca en Doha: el arte como nuevo eje del lujo global en Oriente Medio"}]},{"@type":"WebSite","@id":"https:\/\/luxonomy.net\/es\/#website","url":"https:\/\/luxonomy.net\/es\/","name":"LUXONOMY","description":"The Economy of Fashion &amp; Luxury","publisher":{"@id":"https:\/\/luxonomy.net\/es\/#organization"},"potentialAction":[{"@type":"SearchAction","target":{"@type":"EntryPoint","urlTemplate":"https:\/\/luxonomy.net\/es\/?s={search_term_string}"},"query-input":{"@type":"PropertyValueSpecification","valueRequired":true,"valueName":"search_term_string"}}],"inLanguage":"es"},{"@type":"Organization","@id":"https:\/\/luxonomy.net\/es\/#organization","name":"LUXONOMY","url":"https:\/\/luxonomy.net\/es\/","logo":{"@type":"ImageObject","inLanguage":"es","@id":"https:\/\/luxonomy.net\/es\/#\/schema\/logo\/image\/","url":"https:\/\/i2.wp.com\/luxonomy.net\/wp-content\/uploads\/2021\/09\/MOCKUP-TODOS-LUXONOMY.jpg?fit=1000%2C515&ssl=1","contentUrl":"https:\/\/i2.wp.com\/luxonomy.net\/wp-content\/uploads\/2021\/09\/MOCKUP-TODOS-LUXONOMY.jpg?fit=1000%2C515&ssl=1","width":1000,"height":515,"caption":"LUXONOMY"},"image":{"@id":"https:\/\/luxonomy.net\/es\/#\/schema\/logo\/image\/"},"sameAs":["https:\/\/www.facebook.com\/luxonomy","https:\/\/www.instagram.com\/luxonomy\/","https:\/\/www.linkedin.com\/company\/luxonomy\/"]},{"@type":"Person","@id":"https:\/\/luxonomy.net\/es\/#\/schema\/person\/74504e9f212f80551761fb98f9925520","name":"Dara Bernardo","image":{"@type":"ImageObject","inLanguage":"es","@id":"https:\/\/luxonomy.net\/wp-content\/litespeed\/avatar\/6210219c821657e60e23828a44456840.jpg?ver=1787976301","url":"https:\/\/luxonomy.net\/wp-content\/litespeed\/avatar\/6210219c821657e60e23828a44456840.jpg?ver=1787976301","contentUrl":"https:\/\/luxonomy.net\/wp-content\/litespeed\/avatar\/6210219c821657e60e23828a44456840.jpg?ver=1787976301","caption":"Dara Bernardo"},"description":"Managing Director at LUXONOMY\u2122 Group Middle East","sameAs":["mailto:dubai@investme.capital"],"url":"https:\/\/luxonomy.net\/es\/author\/dara-bernardo\/"}]}},"jetpack_publicize_connections":[],"jetpack_shortlink":"https:\/\/wp.me\/paPhBa-icv","jetpack_sharing_enabled":true,"jetpack_featured_media_url":"https:\/\/i0.wp.com\/luxonomy.net\/wp-content\/uploads\/2026\/02\/Art-Basel-desembarca-en-Doha-el-arte-como-nuevo-eje-del-lujo-global-en-Oriente-Medio.jpeg?fit=1600%2C900&ssl=1","_links":{"self":[{"href":"https:\/\/luxonomy.net\/es\/wp-json\/wp\/v2\/posts\/69967","targetHints":{"allow":["GET"]}}],"collection":[{"href":"https:\/\/luxonomy.net\/es\/wp-json\/wp\/v2\/posts"}],"about":[{"href":"https:\/\/luxonomy.net\/es\/wp-json\/wp\/v2\/types\/post"}],"author":[{"embeddable":true,"href":"https:\/\/luxonomy.net\/es\/wp-json\/wp\/v2\/users\/13"}],"replies":[{"embeddable":true,"href":"https:\/\/luxonomy.net\/es\/wp-json\/wp\/v2\/comments?post=69967"}],"version-history":[{"count":2,"href":"https:\/\/luxonomy.net\/es\/wp-json\/wp\/v2\/posts\/69967\/revisions"}],"predecessor-version":[{"id":69969,"href":"https:\/\/luxonomy.net\/es\/wp-json\/wp\/v2\/posts\/69967\/revisions\/69969"}],"wp:featuredmedia":[{"embeddable":true,"href":"https:\/\/luxonomy.net\/es\/wp-json\/wp\/v2\/media\/69966"}],"wp:attachment":[{"href":"https:\/\/luxonomy.net\/es\/wp-json\/wp\/v2\/media?parent=69967"}],"wp:term":[{"taxonomy":"category","embeddable":true,"href":"https:\/\/luxonomy.net\/es\/wp-json\/wp\/v2\/categories?post=69967"},{"taxonomy":"post_tag","embeddable":true,"href":"https:\/\/luxonomy.net\/es\/wp-json\/wp\/v2\/tags?post=69967"},{"taxonomy":"thb-sponsors","embeddable":true,"href":"https:\/\/luxonomy.net\/es\/wp-json\/wp\/v2\/thb-sponsors?post=69967"}],"curies":[{"name":"wp","href":"https:\/\/api.w.org\/{rel}","templated":true}]}}