{"id":69918,"date":"2026-01-29T12:32:39","date_gmt":"2026-01-29T11:32:39","guid":{"rendered":"https:\/\/luxonomy.net\/?p=69918"},"modified":"2026-01-29T12:32:51","modified_gmt":"2026-01-29T11:32:51","slug":"el-lujo-se-reajusta-caidas-pivotes-y-recortes","status":"publish","type":"post","link":"https:\/\/luxonomy.net\/es\/el-lujo-se-reajusta-caidas-pivotes-y-recortes\/","title":{"rendered":"El lujo se reajusta: ca\u00eddas, pivotes y recortes"},"content":{"rendered":"\n<p class=\"wp-block-paragraph\">El sector del lujo vive un momento de inflexi\u00f3n. Tras m\u00e1s de una d\u00e9cada de crecimiento sostenido \u2014interrumpido \u00fanicamente por la pandemia\u2014, las grandes casas internacionales afrontan ahora una etapa de reajuste estrat\u00e9gico marcada por la volatilidad de los mercados financieros, el cambio en los patrones de consumo en Asia y una revisi\u00f3n profunda de sus estructuras internas. Lo ocurrido esta semana con los resultados de <strong>LVMH<\/strong>, la evoluci\u00f3n del consumo en China y los movimientos internos en <strong>Alexander McQueen<\/strong> dibujan un nuevo mapa para el lujo global.<\/p>\n\n\n\n<h3 class=\"wp-block-heading\">LVMH enfr\u00eda a los mercados y arrastra al sector<\/h3>\n\n\n\n<p class=\"wp-block-paragraph\">La publicaci\u00f3n de los resultados trimestrales de LVMH ha actuado como catalizador de una correcci\u00f3n burs\u00e1til que se ha extendido a todo el sector del lujo europeo. Aunque el grupo mantiene una posici\u00f3n financiera s\u00f3lida y un liderazgo indiscutible en categor\u00edas como moda, marroquiner\u00eda y relojer\u00eda, las expectativas del mercado eran m\u00e1s elevadas.<\/p>\n\n\n\n<p class=\"wp-block-paragraph\">Los inversores han reaccionado con cautela ante un crecimiento m\u00e1s moderado de lo previsto y un discurso corporativo prudente respecto a los pr\u00f3ximos trimestres. El mensaje es claro: el lujo ya no puede apoyarse \u00fanicamente en la inercia del pasado reciente. El mercado exige ahora precisi\u00f3n estrat\u00e9gica, control de costes, innovaci\u00f3n real y una lectura mucho m\u00e1s fina del consumidor global.<\/p><div id=\"luxon-1011926302\" class=\"luxon-3er-parrafo luxon-entity-placement\" style=\"margin-top: 20px;margin-bottom: 20px;margin-left: auto;margin-right: auto;text-align: center;\"><a href=\"https:\/\/luxonomy.university\/course\/master-turismo-de-lujo\" target=\"_blank\" aria-label=\"master-turismo-lujo-2026-2027\"><img loading=\"lazy\" decoding=\"async\" src=\"https:\/\/i0.wp.com\/luxonomy.net\/wp-content\/uploads\/2020\/07\/master-turismo-lujo-2026-2027.jpg?fit=1672%2C941&#038;ssl=1\" alt=\"\"  srcset=\"https:\/\/i0.wp.com\/luxonomy.net\/wp-content\/uploads\/2020\/07\/master-turismo-lujo-2026-2027.jpg?w=1672&ssl=1 1672w, https:\/\/i0.wp.com\/luxonomy.net\/wp-content\/uploads\/2020\/07\/master-turismo-lujo-2026-2027.jpg?resize=300%2C169&ssl=1 300w, https:\/\/i0.wp.com\/luxonomy.net\/wp-content\/uploads\/2020\/07\/master-turismo-lujo-2026-2027.jpg?resize=1024%2C576&ssl=1 1024w, https:\/\/i0.wp.com\/luxonomy.net\/wp-content\/uploads\/2020\/07\/master-turismo-lujo-2026-2027.jpg?resize=768%2C432&ssl=1 768w, https:\/\/i0.wp.com\/luxonomy.net\/wp-content\/uploads\/2020\/07\/master-turismo-lujo-2026-2027.jpg?resize=1536%2C864&ssl=1 1536w, https:\/\/i0.wp.com\/luxonomy.net\/wp-content\/uploads\/2020\/07\/master-turismo-lujo-2026-2027.jpg?resize=370%2C208&ssl=1 370w, https:\/\/i0.wp.com\/luxonomy.net\/wp-content\/uploads\/2020\/07\/master-turismo-lujo-2026-2027.jpg?resize=800%2C450&ssl=1 800w, https:\/\/i0.wp.com\/luxonomy.net\/wp-content\/uploads\/2020\/07\/master-turismo-lujo-2026-2027.jpg?resize=20%2C11&ssl=1 20w, https:\/\/i0.wp.com\/luxonomy.net\/wp-content\/uploads\/2020\/07\/master-turismo-lujo-2026-2027.jpg?resize=740%2C416&ssl=1 740w, https:\/\/i0.wp.com\/luxonomy.net\/wp-content\/uploads\/2020\/07\/master-turismo-lujo-2026-2027.jpg?resize=1600%2C900&ssl=1 1600w, https:\/\/i0.wp.com\/luxonomy.net\/wp-content\/uploads\/2020\/07\/master-turismo-lujo-2026-2027.jpg?resize=1200%2C675&ssl=1 1200w, https:\/\/i0.wp.com\/luxonomy.net\/wp-content\/uploads\/2020\/07\/master-turismo-lujo-2026-2027.jpg?resize=85%2C48&ssl=1 85w\" sizes=\"(max-width: 1170px) 100vw, 1170px\" class=\"no-lazyload\" width=\"1672\" height=\"941\"   \/><\/a><\/div>\n\n\n\n<p class=\"wp-block-paragraph\">Este ajuste no implica una crisis estructural, pero s\u00ed marca el fin de una etapa expansiva basada en la recuperaci\u00f3n postpandemia. A partir de ahora, el crecimiento ser\u00e1 m\u00e1s selectivo, m\u00e1s localizado y m\u00e1s exigente.<\/p>\n\n\n\n<h3 class=\"wp-block-heading\">China cambia las reglas: el lujo se descentraliza<\/h3>\n\n\n\n<p class=\"wp-block-paragraph\">Mientras Europa analiza resultados, China redefine silenciosamente el tablero. Durante a\u00f1os, las marcas concentraron su atenci\u00f3n en megaciudades como Shangh\u00e1i o Pek\u00edn. Hoy, el lujo se desplaza hacia ciudades de segundo nivel, donde emerge un consumidor sofisticado, con alto poder adquisitivo y un v\u00ednculo m\u00e1s emocional con las marcas.<\/p>\n\n\n\n<p class=\"wp-block-paragraph\">Centros comerciales como <strong>Deji Plaza<\/strong>, en Nank\u00edn, se han convertido en nuevos epicentros del consumo premium, superando incluso a iconos tradicionales del retail de lujo en ventas por metro cuadrado. Este fen\u00f3meno responde a una combinaci\u00f3n de factores: menor saturaci\u00f3n, consumidores m\u00e1s fieles, mayor integraci\u00f3n entre retail, gastronom\u00eda y experiencia cultural, y una estrategia local mucho m\u00e1s afinada.<\/p>\n\n\n\n<p class=\"wp-block-paragraph\">Para las casas de lujo, el mensaje es inequ\u00edvoco: China sigue siendo clave, pero ya no es homog\u00e9nea. El futuro pasa por una presencia m\u00e1s capilar, adaptada a cada ciudad, cada comunidad y cada estilo de vida.<\/p><div id=\"luxon-2178193928\" class=\"luxon-7-parrafo luxon-entity-placement\" style=\"margin-top: 20px;margin-bottom: 20px;margin-left: auto;margin-right: auto;text-align: center;\"><a href=\"https:\/\/theintelligence.institute\/course\/inteligencia-artificial-para-directivos\" target=\"_blank\" aria-label=\"CSIAD_empresas_THEI_horizontal_4x3_v5\"><img loading=\"lazy\" decoding=\"async\" src=\"https:\/\/i0.wp.com\/luxonomy.net\/wp-content\/uploads\/2025\/08\/CSIAD_empresas_THEI_horizontal_4x3_v5.png?fit=2000%2C1500&#038;ssl=1\" alt=\"\"  srcset=\"https:\/\/i0.wp.com\/luxonomy.net\/wp-content\/uploads\/2025\/08\/CSIAD_empresas_THEI_horizontal_4x3_v5.png?w=2000&ssl=1 2000w, https:\/\/i0.wp.com\/luxonomy.net\/wp-content\/uploads\/2025\/08\/CSIAD_empresas_THEI_horizontal_4x3_v5.png?resize=300%2C225&ssl=1 300w, https:\/\/i0.wp.com\/luxonomy.net\/wp-content\/uploads\/2025\/08\/CSIAD_empresas_THEI_horizontal_4x3_v5.png?resize=1024%2C768&ssl=1 1024w, https:\/\/i0.wp.com\/luxonomy.net\/wp-content\/uploads\/2025\/08\/CSIAD_empresas_THEI_horizontal_4x3_v5.png?resize=768%2C576&ssl=1 768w, https:\/\/i0.wp.com\/luxonomy.net\/wp-content\/uploads\/2025\/08\/CSIAD_empresas_THEI_horizontal_4x3_v5.png?resize=1536%2C1152&ssl=1 1536w, https:\/\/i0.wp.com\/luxonomy.net\/wp-content\/uploads\/2025\/08\/CSIAD_empresas_THEI_horizontal_4x3_v5.png?resize=370%2C278&ssl=1 370w, https:\/\/i0.wp.com\/luxonomy.net\/wp-content\/uploads\/2025\/08\/CSIAD_empresas_THEI_horizontal_4x3_v5.png?resize=800%2C600&ssl=1 800w, https:\/\/i0.wp.com\/luxonomy.net\/wp-content\/uploads\/2025\/08\/CSIAD_empresas_THEI_horizontal_4x3_v5.png?resize=20%2C15&ssl=1 20w, https:\/\/i0.wp.com\/luxonomy.net\/wp-content\/uploads\/2025\/08\/CSIAD_empresas_THEI_horizontal_4x3_v5.png?resize=740%2C555&ssl=1 740w, https:\/\/i0.wp.com\/luxonomy.net\/wp-content\/uploads\/2025\/08\/CSIAD_empresas_THEI_horizontal_4x3_v5.png?resize=1600%2C1200&ssl=1 1600w, https:\/\/i0.wp.com\/luxonomy.net\/wp-content\/uploads\/2025\/08\/CSIAD_empresas_THEI_horizontal_4x3_v5.png?resize=1200%2C900&ssl=1 1200w, https:\/\/i0.wp.com\/luxonomy.net\/wp-content\/uploads\/2025\/08\/CSIAD_empresas_THEI_horizontal_4x3_v5.png?resize=64%2C48&ssl=1 64w\" sizes=\"(max-width: 1170px) 100vw, 1170px\" class=\"no-lazyload\" width=\"2000\" height=\"1500\"   \/><\/a><\/div>\n\n\n\n<h3 class=\"wp-block-heading\">Reestructuraci\u00f3n interna: eficiencia, foco y rentabilidad<\/h3>\n\n\n\n<p class=\"wp-block-paragraph\">En paralelo, algunas casas revisan sus estructuras para adaptarse a este nuevo ciclo. Alexander McQueen, perteneciente al grupo Kering, ha anunciado un ajuste relevante de su plantilla en Italia, una decisi\u00f3n que refleja la presi\u00f3n creciente sobre la rentabilidad en determinadas marcas del segmento creativo.<\/p>\n\n\n\n<p class=\"wp-block-paragraph\">Lejos de ser un caso aislado, este movimiento forma parte de una tendencia m\u00e1s amplia: el lujo est\u00e1 redefiniendo su equilibrio entre creatividad, escala y eficiencia. Los ateliers, la cadena de suministro y los equipos corporativos entran en una fase de optimizaci\u00f3n donde el objetivo es claro: asegurar la sostenibilidad del negocio sin erosionar el ADN de marca.<\/p>\n\n\n\n<p class=\"wp-block-paragraph\">Esta etapa no elimina la apuesta por la creatividad, pero exige que cada decisi\u00f3n tenga un retorno claro, tanto econ\u00f3mico como reputacional.<\/p>\n\n\n\n<h3 class=\"wp-block-heading\">El nuevo ciclo del lujo: menos volumen, m\u00e1s estrategia<\/h3>\n\n\n\n<p class=\"wp-block-paragraph\">Lo que estamos presenciando no es una desaceleraci\u00f3n coyuntural, sino el inicio de un nuevo ciclo. El lujo del futuro inmediato ser\u00e1 m\u00e1s anal\u00edtico, m\u00e1s tecnol\u00f3gico y m\u00e1s consciente del contexto geopol\u00edtico y social. La expansi\u00f3n indiscriminada deja paso a una l\u00f3gica de precisi\u00f3n: menos aperturas, mejor ubicadas; menos ruido, m\u00e1s coherencia; menos dependencia de un solo mercado.<\/p>\n\n\n\n<p class=\"wp-block-paragraph\">Para los grandes grupos, el reto ser\u00e1 mantener su deseabilidad mientras navegan un entorno econ\u00f3mico m\u00e1s complejo. Para las marcas independientes, la clave estar\u00e1 en diferenciarse con propuestas aut\u00e9nticas y modelos operativos \u00e1giles.<\/p>\n\n\n\n<p class=\"wp-block-paragraph\">El lujo no pierde atractivo. Evoluciona. Y en esa evoluci\u00f3n, quienes sepan anticipar al consumidor, leer el territorio y tomar decisiones valientes marcar\u00e1n el ritmo de la pr\u00f3xima d\u00e9cada.<\/p>\n\n\n\n<p><strong>Luxonomy seguir\u00e1 analizando esta transformaci\u00f3n desde una perspectiva global, estrat\u00e9gica y orientada al futuro del sector.<\/strong><\/p><p><\/p>\n","protected":false},"excerpt":{"rendered":"<p>Lo que estamos presenciando no es una desaceleraci\u00f3n coyuntural, sino el inicio de un nuevo ciclo. El lujo del futuro inmediato ser\u00e1 m\u00e1s anal\u00edtico, m\u00e1s tecnol\u00f3gico y m\u00e1s consciente del contexto geopol\u00edtico y social. La expansi\u00f3n indiscriminada deja paso a una l\u00f3gica de precisi\u00f3n: menos aperturas, mejor ubicadas; menos ruido, m\u00e1s coherencia; menos dependencia de un solo mercado.<\/p>\n","protected":false},"author":19,"featured_media":69919,"comment_status":"open","ping_status":"open","sticky":false,"template":"","format":"standard","meta":{"_jetpack_newsletter_access":"","_jetpack_dont_email_post_to_subs":false,"_jetpack_newsletter_tier_id":0,"_jetpack_memberships_contains_paywalled_content":false,"_jetpack_feature_clip_id":0,"_jetpack_memberships_contains_paid_content":false,"footnotes":"","jetpack_publicize_message":"Lo que estamos presenciando no es una desaceleraci\u00f3n coyuntural, sino el inicio de un nuevo ciclo. El lujo del futuro inmediato ser\u00e1 m\u00e1s anal\u00edtico, m\u00e1s tecnol\u00f3gico y m\u00e1s consciente del contexto geopol\u00edtico y social. La expansi\u00f3n indiscriminada deja paso a una l\u00f3gica de precisi\u00f3n: menos aperturas, mejor ubicadas; menos ruido, m\u00e1s coherencia; menos dependencia de un solo mercado.","jetpack_publicize_feature_enabled":true,"jetpack_social_post_already_shared":true,"jetpack_social_options":{"image_generator_settings":{"template":"edge","default_image_id":0,"font":"","enabled":false},"version":2},"jetpack_post_was_ever_published":false},"categories":[1672,1128],"tags":[635,552],"thb-sponsors":[],"class_list":["post-69918","post","type-post","status-publish","format-standard","has-post-thumbnail","hentry","category-actualidad","category-economia","tag-actualidad","tag-economia"],"yoast_head":"<!-- This site is optimized with the Yoast SEO plugin v28.4 - https:\/\/yoast.com\/product\/yoast-seo-wordpress\/ -->\n<title>El lujo se reajusta: ca\u00eddas, pivotes y recortes | LUXONOMY<\/title>\n<meta name=\"robots\" content=\"index, follow, max-snippet:-1, max-image-preview:large, max-video-preview:-1\" \/>\n<link rel=\"canonical\" href=\"https:\/\/luxonomy.net\/es\/el-lujo-se-reajusta-caidas-pivotes-y-recortes\/\" \/>\n<meta property=\"og:locale\" content=\"es_ES\" \/>\n<meta property=\"og:type\" content=\"article\" \/>\n<meta property=\"og:title\" content=\"El lujo se reajusta: ca\u00eddas, pivotes y recortes | LUXONOMY\" \/>\n<meta property=\"og:description\" content=\"Lo que estamos presenciando no es una desaceleraci\u00f3n coyuntural, sino el inicio de un nuevo ciclo. El lujo del futuro inmediato ser\u00e1 m\u00e1s anal\u00edtico, m\u00e1s tecnol\u00f3gico y m\u00e1s consciente del contexto geopol\u00edtico y social. La expansi\u00f3n indiscriminada deja paso a una l\u00f3gica de precisi\u00f3n: menos aperturas, mejor ubicadas; menos ruido, m\u00e1s coherencia; menos dependencia de un solo mercado.\" \/>\n<meta property=\"og:url\" content=\"https:\/\/luxonomy.net\/es\/el-lujo-se-reajusta-caidas-pivotes-y-recortes\/\" \/>\n<meta property=\"og:site_name\" content=\"LUXONOMY\" \/>\n<meta property=\"article:publisher\" content=\"https:\/\/www.facebook.com\/luxonomy\" \/>\n<meta property=\"article:published_time\" content=\"2026-01-29T11:32:39+00:00\" \/>\n<meta property=\"article:modified_time\" content=\"2026-01-29T11:32:51+00:00\" \/>\n<meta name=\"author\" content=\"Pablo Guti\u00e9rrez-Rav\u00e9 Villal\u00f3n\" \/>\n<meta name=\"twitter:card\" content=\"summary_large_image\" \/>\n<meta name=\"twitter:label1\" content=\"Escrito por\" \/>\n\t<meta name=\"twitter:data1\" content=\"Pablo Guti\u00e9rrez-Rav\u00e9 Villal\u00f3n\" \/>\n\t<meta name=\"twitter:label2\" content=\"Tiempo de lectura\" \/>\n\t<meta name=\"twitter:data2\" content=\"4 minutos\" \/>\n<script type=\"application\/ld+json\" class=\"yoast-schema-graph\">{\"@context\":\"https:\\\/\\\/schema.org\",\"@graph\":[{\"@type\":\"Article\",\"@id\":\"https:\\\/\\\/luxonomy.net\\\/es\\\/el-lujo-se-reajusta-caidas-pivotes-y-recortes\\\/#article\",\"isPartOf\":{\"@id\":\"https:\\\/\\\/luxonomy.net\\\/es\\\/el-lujo-se-reajusta-caidas-pivotes-y-recortes\\\/\"},\"author\":{\"name\":\"Pablo Guti\u00e9rrez-Rav\u00e9 Villal\u00f3n\",\"@id\":\"https:\\\/\\\/luxonomy.net\\\/es\\\/#\\\/schema\\\/person\\\/aca186356f30a813f61bbf19ba52c031\"},\"headline\":\"El lujo se reajusta: ca\u00eddas, pivotes y recortes\",\"datePublished\":\"2026-01-29T11:32:39+00:00\",\"dateModified\":\"2026-01-29T11:32:51+00:00\",\"mainEntityOfPage\":{\"@id\":\"https:\\\/\\\/luxonomy.net\\\/es\\\/el-lujo-se-reajusta-caidas-pivotes-y-recortes\\\/\"},\"wordCount\":754,\"commentCount\":0,\"publisher\":{\"@id\":\"https:\\\/\\\/luxonomy.net\\\/es\\\/#organization\"},\"image\":{\"@id\":\"https:\\\/\\\/luxonomy.net\\\/es\\\/el-lujo-se-reajusta-caidas-pivotes-y-recortes\\\/#primaryimage\"},\"thumbnailUrl\":\"https:\\\/\\\/luxonomy.net\\\/wp-content\\\/uploads\\\/2026\\\/01\\\/El-lujo-se-reajusta-caidas-pivotes-y-recortes.avif\",\"keywords\":[\"actualidad\",\"econom\u00eda\"],\"articleSection\":[\"Actualidad\",\"Econom\u00eda\"],\"inLanguage\":\"es\",\"potentialAction\":[{\"@type\":\"CommentAction\",\"name\":\"Comment\",\"target\":[\"https:\\\/\\\/luxonomy.net\\\/es\\\/el-lujo-se-reajusta-caidas-pivotes-y-recortes\\\/#respond\"]}]},{\"@type\":\"WebPage\",\"@id\":\"https:\\\/\\\/luxonomy.net\\\/es\\\/el-lujo-se-reajusta-caidas-pivotes-y-recortes\\\/\",\"url\":\"https:\\\/\\\/luxonomy.net\\\/es\\\/el-lujo-se-reajusta-caidas-pivotes-y-recortes\\\/\",\"name\":\"El lujo se reajusta: ca\u00eddas, pivotes y recortes | LUXONOMY\",\"isPartOf\":{\"@id\":\"https:\\\/\\\/luxonomy.net\\\/es\\\/#website\"},\"primaryImageOfPage\":{\"@id\":\"https:\\\/\\\/luxonomy.net\\\/es\\\/el-lujo-se-reajusta-caidas-pivotes-y-recortes\\\/#primaryimage\"},\"image\":{\"@id\":\"https:\\\/\\\/luxonomy.net\\\/es\\\/el-lujo-se-reajusta-caidas-pivotes-y-recortes\\\/#primaryimage\"},\"thumbnailUrl\":\"https:\\\/\\\/luxonomy.net\\\/wp-content\\\/uploads\\\/2026\\\/01\\\/El-lujo-se-reajusta-caidas-pivotes-y-recortes.avif\",\"datePublished\":\"2026-01-29T11:32:39+00:00\",\"dateModified\":\"2026-01-29T11:32:51+00:00\",\"breadcrumb\":{\"@id\":\"https:\\\/\\\/luxonomy.net\\\/es\\\/el-lujo-se-reajusta-caidas-pivotes-y-recortes\\\/#breadcrumb\"},\"inLanguage\":\"es\",\"potentialAction\":[{\"@type\":\"ReadAction\",\"target\":[\"https:\\\/\\\/luxonomy.net\\\/es\\\/el-lujo-se-reajusta-caidas-pivotes-y-recortes\\\/\"]}]},{\"@type\":\"ImageObject\",\"inLanguage\":\"es\",\"@id\":\"https:\\\/\\\/luxonomy.net\\\/es\\\/el-lujo-se-reajusta-caidas-pivotes-y-recortes\\\/#primaryimage\",\"url\":\"https:\\\/\\\/luxonomy.net\\\/wp-content\\\/uploads\\\/2026\\\/01\\\/El-lujo-se-reajusta-caidas-pivotes-y-recortes.avif\",\"contentUrl\":\"https:\\\/\\\/luxonomy.net\\\/wp-content\\\/uploads\\\/2026\\\/01\\\/El-lujo-se-reajusta-caidas-pivotes-y-recortes.avif\",\"width\":1420,\"height\":932},{\"@type\":\"BreadcrumbList\",\"@id\":\"https:\\\/\\\/luxonomy.net\\\/es\\\/el-lujo-se-reajusta-caidas-pivotes-y-recortes\\\/#breadcrumb\",\"itemListElement\":[{\"@type\":\"ListItem\",\"position\":1,\"name\":\"Portada\",\"item\":\"https:\\\/\\\/luxonomy.net\\\/es\\\/\"},{\"@type\":\"ListItem\",\"position\":2,\"name\":\"El lujo se reajusta: ca\u00eddas, pivotes y recortes\"}]},{\"@type\":\"WebSite\",\"@id\":\"https:\\\/\\\/luxonomy.net\\\/es\\\/#website\",\"url\":\"https:\\\/\\\/luxonomy.net\\\/es\\\/\",\"name\":\"LUXONOMY\",\"description\":\"The Economy of Fashion &amp; Luxury\",\"publisher\":{\"@id\":\"https:\\\/\\\/luxonomy.net\\\/es\\\/#organization\"},\"potentialAction\":[{\"@type\":\"SearchAction\",\"target\":{\"@type\":\"EntryPoint\",\"urlTemplate\":\"https:\\\/\\\/luxonomy.net\\\/es\\\/?s={search_term_string}\"},\"query-input\":{\"@type\":\"PropertyValueSpecification\",\"valueRequired\":true,\"valueName\":\"search_term_string\"}}],\"inLanguage\":\"es\"},{\"@type\":\"Organization\",\"@id\":\"https:\\\/\\\/luxonomy.net\\\/es\\\/#organization\",\"name\":\"LUXONOMY\",\"url\":\"https:\\\/\\\/luxonomy.net\\\/es\\\/\",\"logo\":{\"@type\":\"ImageObject\",\"inLanguage\":\"es\",\"@id\":\"https:\\\/\\\/luxonomy.net\\\/es\\\/#\\\/schema\\\/logo\\\/image\\\/\",\"url\":\"https:\\\/\\\/i2.wp.com\\\/luxonomy.net\\\/wp-content\\\/uploads\\\/2021\\\/09\\\/MOCKUP-TODOS-LUXONOMY.jpg?fit=1000%2C515&ssl=1\",\"contentUrl\":\"https:\\\/\\\/i2.wp.com\\\/luxonomy.net\\\/wp-content\\\/uploads\\\/2021\\\/09\\\/MOCKUP-TODOS-LUXONOMY.jpg?fit=1000%2C515&ssl=1\",\"width\":1000,\"height\":515,\"caption\":\"LUXONOMY\"},\"image\":{\"@id\":\"https:\\\/\\\/luxonomy.net\\\/es\\\/#\\\/schema\\\/logo\\\/image\\\/\"},\"sameAs\":[\"https:\\\/\\\/www.facebook.com\\\/luxonomy\",\"https:\\\/\\\/www.instagram.com\\\/luxonomy\\\/\",\"https:\\\/\\\/www.linkedin.com\\\/company\\\/luxonomy\\\/\"]},{\"@type\":\"Person\",\"@id\":\"https:\\\/\\\/luxonomy.net\\\/es\\\/#\\\/schema\\\/person\\\/aca186356f30a813f61bbf19ba52c031\",\"name\":\"Pablo Guti\u00e9rrez-Rav\u00e9 Villal\u00f3n\",\"image\":{\"@type\":\"ImageObject\",\"inLanguage\":\"es\",\"@id\":\"https:\\\/\\\/luxonomy.net\\\/wp-content\\\/litespeed\\\/avatar\\\/b80839bcd1d7840754b71e72cad801ce.jpg?ver=1788213692\",\"url\":\"https:\\\/\\\/luxonomy.net\\\/wp-content\\\/litespeed\\\/avatar\\\/b80839bcd1d7840754b71e72cad801ce.jpg?ver=1788213692\",\"contentUrl\":\"https:\\\/\\\/luxonomy.net\\\/wp-content\\\/litespeed\\\/avatar\\\/b80839bcd1d7840754b71e72cad801ce.jpg?ver=1788213692\",\"caption\":\"Pablo Guti\u00e9rrez-Rav\u00e9 Villal\u00f3n\"},\"description\":\"president LUXONOMY\u2122 Group\",\"sameAs\":[\"https:\\\/\\\/www.linkedin.com\\\/in\\\/pablogutierrezrave\\\/\"],\"url\":\"https:\\\/\\\/luxonomy.net\\\/es\\\/author\\\/pablo\\\/\"}]}<\/script>\n<!-- \/ Yoast SEO plugin. -->","yoast_head_json":{"title":"El lujo se reajusta: ca\u00eddas, pivotes y recortes | LUXONOMY","robots":{"index":"index","follow":"follow","max-snippet":"max-snippet:-1","max-image-preview":"max-image-preview:large","max-video-preview":"max-video-preview:-1"},"canonical":"https:\/\/luxonomy.net\/es\/el-lujo-se-reajusta-caidas-pivotes-y-recortes\/","og_locale":"es_ES","og_type":"article","og_title":"El lujo se reajusta: ca\u00eddas, pivotes y recortes | LUXONOMY","og_description":"Lo que estamos presenciando no es una desaceleraci\u00f3n coyuntural, sino el inicio de un nuevo ciclo. El lujo del futuro inmediato ser\u00e1 m\u00e1s anal\u00edtico, m\u00e1s tecnol\u00f3gico y m\u00e1s consciente del contexto geopol\u00edtico y social. La expansi\u00f3n indiscriminada deja paso a una l\u00f3gica de precisi\u00f3n: menos aperturas, mejor ubicadas; menos ruido, m\u00e1s coherencia; menos dependencia de un solo mercado.","og_url":"https:\/\/luxonomy.net\/es\/el-lujo-se-reajusta-caidas-pivotes-y-recortes\/","og_site_name":"LUXONOMY","article_publisher":"https:\/\/www.facebook.com\/luxonomy","article_published_time":"2026-01-29T11:32:39+00:00","article_modified_time":"2026-01-29T11:32:51+00:00","author":"Pablo Guti\u00e9rrez-Rav\u00e9 Villal\u00f3n","twitter_card":"summary_large_image","twitter_misc":{"Escrito por":"Pablo Guti\u00e9rrez-Rav\u00e9 Villal\u00f3n","Tiempo de lectura":"4 minutos"},"schema":{"@context":"https:\/\/schema.org","@graph":[{"@type":"Article","@id":"https:\/\/luxonomy.net\/es\/el-lujo-se-reajusta-caidas-pivotes-y-recortes\/#article","isPartOf":{"@id":"https:\/\/luxonomy.net\/es\/el-lujo-se-reajusta-caidas-pivotes-y-recortes\/"},"author":{"name":"Pablo Guti\u00e9rrez-Rav\u00e9 Villal\u00f3n","@id":"https:\/\/luxonomy.net\/es\/#\/schema\/person\/aca186356f30a813f61bbf19ba52c031"},"headline":"El lujo se reajusta: ca\u00eddas, pivotes y recortes","datePublished":"2026-01-29T11:32:39+00:00","dateModified":"2026-01-29T11:32:51+00:00","mainEntityOfPage":{"@id":"https:\/\/luxonomy.net\/es\/el-lujo-se-reajusta-caidas-pivotes-y-recortes\/"},"wordCount":754,"commentCount":0,"publisher":{"@id":"https:\/\/luxonomy.net\/es\/#organization"},"image":{"@id":"https:\/\/luxonomy.net\/es\/el-lujo-se-reajusta-caidas-pivotes-y-recortes\/#primaryimage"},"thumbnailUrl":"https:\/\/luxonomy.net\/wp-content\/uploads\/2026\/01\/El-lujo-se-reajusta-caidas-pivotes-y-recortes.avif","keywords":["actualidad","econom\u00eda"],"articleSection":["Actualidad","Econom\u00eda"],"inLanguage":"es","potentialAction":[{"@type":"CommentAction","name":"Comment","target":["https:\/\/luxonomy.net\/es\/el-lujo-se-reajusta-caidas-pivotes-y-recortes\/#respond"]}]},{"@type":"WebPage","@id":"https:\/\/luxonomy.net\/es\/el-lujo-se-reajusta-caidas-pivotes-y-recortes\/","url":"https:\/\/luxonomy.net\/es\/el-lujo-se-reajusta-caidas-pivotes-y-recortes\/","name":"El lujo se reajusta: ca\u00eddas, pivotes y recortes | LUXONOMY","isPartOf":{"@id":"https:\/\/luxonomy.net\/es\/#website"},"primaryImageOfPage":{"@id":"https:\/\/luxonomy.net\/es\/el-lujo-se-reajusta-caidas-pivotes-y-recortes\/#primaryimage"},"image":{"@id":"https:\/\/luxonomy.net\/es\/el-lujo-se-reajusta-caidas-pivotes-y-recortes\/#primaryimage"},"thumbnailUrl":"https:\/\/luxonomy.net\/wp-content\/uploads\/2026\/01\/El-lujo-se-reajusta-caidas-pivotes-y-recortes.avif","datePublished":"2026-01-29T11:32:39+00:00","dateModified":"2026-01-29T11:32:51+00:00","breadcrumb":{"@id":"https:\/\/luxonomy.net\/es\/el-lujo-se-reajusta-caidas-pivotes-y-recortes\/#breadcrumb"},"inLanguage":"es","potentialAction":[{"@type":"ReadAction","target":["https:\/\/luxonomy.net\/es\/el-lujo-se-reajusta-caidas-pivotes-y-recortes\/"]}]},{"@type":"ImageObject","inLanguage":"es","@id":"https:\/\/luxonomy.net\/es\/el-lujo-se-reajusta-caidas-pivotes-y-recortes\/#primaryimage","url":"https:\/\/luxonomy.net\/wp-content\/uploads\/2026\/01\/El-lujo-se-reajusta-caidas-pivotes-y-recortes.avif","contentUrl":"https:\/\/luxonomy.net\/wp-content\/uploads\/2026\/01\/El-lujo-se-reajusta-caidas-pivotes-y-recortes.avif","width":1420,"height":932},{"@type":"BreadcrumbList","@id":"https:\/\/luxonomy.net\/es\/el-lujo-se-reajusta-caidas-pivotes-y-recortes\/#breadcrumb","itemListElement":[{"@type":"ListItem","position":1,"name":"Portada","item":"https:\/\/luxonomy.net\/es\/"},{"@type":"ListItem","position":2,"name":"El lujo se reajusta: ca\u00eddas, pivotes y recortes"}]},{"@type":"WebSite","@id":"https:\/\/luxonomy.net\/es\/#website","url":"https:\/\/luxonomy.net\/es\/","name":"LUXONOMY","description":"The Economy of Fashion &amp; Luxury","publisher":{"@id":"https:\/\/luxonomy.net\/es\/#organization"},"potentialAction":[{"@type":"SearchAction","target":{"@type":"EntryPoint","urlTemplate":"https:\/\/luxonomy.net\/es\/?s={search_term_string}"},"query-input":{"@type":"PropertyValueSpecification","valueRequired":true,"valueName":"search_term_string"}}],"inLanguage":"es"},{"@type":"Organization","@id":"https:\/\/luxonomy.net\/es\/#organization","name":"LUXONOMY","url":"https:\/\/luxonomy.net\/es\/","logo":{"@type":"ImageObject","inLanguage":"es","@id":"https:\/\/luxonomy.net\/es\/#\/schema\/logo\/image\/","url":"https:\/\/i2.wp.com\/luxonomy.net\/wp-content\/uploads\/2021\/09\/MOCKUP-TODOS-LUXONOMY.jpg?fit=1000%2C515&ssl=1","contentUrl":"https:\/\/i2.wp.com\/luxonomy.net\/wp-content\/uploads\/2021\/09\/MOCKUP-TODOS-LUXONOMY.jpg?fit=1000%2C515&ssl=1","width":1000,"height":515,"caption":"LUXONOMY"},"image":{"@id":"https:\/\/luxonomy.net\/es\/#\/schema\/logo\/image\/"},"sameAs":["https:\/\/www.facebook.com\/luxonomy","https:\/\/www.instagram.com\/luxonomy\/","https:\/\/www.linkedin.com\/company\/luxonomy\/"]},{"@type":"Person","@id":"https:\/\/luxonomy.net\/es\/#\/schema\/person\/aca186356f30a813f61bbf19ba52c031","name":"Pablo Guti\u00e9rrez-Rav\u00e9 Villal\u00f3n","image":{"@type":"ImageObject","inLanguage":"es","@id":"https:\/\/luxonomy.net\/wp-content\/litespeed\/avatar\/b80839bcd1d7840754b71e72cad801ce.jpg?ver=1788213692","url":"https:\/\/luxonomy.net\/wp-content\/litespeed\/avatar\/b80839bcd1d7840754b71e72cad801ce.jpg?ver=1788213692","contentUrl":"https:\/\/luxonomy.net\/wp-content\/litespeed\/avatar\/b80839bcd1d7840754b71e72cad801ce.jpg?ver=1788213692","caption":"Pablo Guti\u00e9rrez-Rav\u00e9 Villal\u00f3n"},"description":"president LUXONOMY\u2122 Group","sameAs":["https:\/\/www.linkedin.com\/in\/pablogutierrezrave\/"],"url":"https:\/\/luxonomy.net\/es\/author\/pablo\/"}]}},"jetpack_publicize_connections":[],"jetpack_shortlink":"https:\/\/wp.me\/paPhBa-ibI","jetpack_sharing_enabled":true,"jetpack_featured_media_url":"https:\/\/luxonomy.net\/wp-content\/uploads\/2026\/01\/El-lujo-se-reajusta-caidas-pivotes-y-recortes.avif","_links":{"self":[{"href":"https:\/\/luxonomy.net\/es\/wp-json\/wp\/v2\/posts\/69918","targetHints":{"allow":["GET"]}}],"collection":[{"href":"https:\/\/luxonomy.net\/es\/wp-json\/wp\/v2\/posts"}],"about":[{"href":"https:\/\/luxonomy.net\/es\/wp-json\/wp\/v2\/types\/post"}],"author":[{"embeddable":true,"href":"https:\/\/luxonomy.net\/es\/wp-json\/wp\/v2\/users\/19"}],"replies":[{"embeddable":true,"href":"https:\/\/luxonomy.net\/es\/wp-json\/wp\/v2\/comments?post=69918"}],"version-history":[{"count":1,"href":"https:\/\/luxonomy.net\/es\/wp-json\/wp\/v2\/posts\/69918\/revisions"}],"predecessor-version":[{"id":69920,"href":"https:\/\/luxonomy.net\/es\/wp-json\/wp\/v2\/posts\/69918\/revisions\/69920"}],"wp:featuredmedia":[{"embeddable":true,"href":"https:\/\/luxonomy.net\/es\/wp-json\/wp\/v2\/media\/69919"}],"wp:attachment":[{"href":"https:\/\/luxonomy.net\/es\/wp-json\/wp\/v2\/media?parent=69918"}],"wp:term":[{"taxonomy":"category","embeddable":true,"href":"https:\/\/luxonomy.net\/es\/wp-json\/wp\/v2\/categories?post=69918"},{"taxonomy":"post_tag","embeddable":true,"href":"https:\/\/luxonomy.net\/es\/wp-json\/wp\/v2\/tags?post=69918"},{"taxonomy":"thb-sponsors","embeddable":true,"href":"https:\/\/luxonomy.net\/es\/wp-json\/wp\/v2\/thb-sponsors?post=69918"}],"curies":[{"name":"wp","href":"https:\/\/api.w.org\/{rel}","templated":true}]}}