{"id":69772,"date":"2026-01-20T12:57:17","date_gmt":"2026-01-20T11:57:17","guid":{"rendered":"https:\/\/luxonomy.net\/?p=69772"},"modified":"2026-01-20T12:57:29","modified_gmt":"2026-01-20T11:57:29","slug":"fallece-valentino-garavani-el-arquitecto-de-una-elegancia-eterna","status":"publish","type":"post","link":"https:\/\/luxonomy.net\/es\/fallece-valentino-garavani-el-arquitecto-de-una-elegancia-eterna\/","title":{"rendered":"Fallece Valentino Garavani, el arquitecto de una elegancia eterna"},"content":{"rendered":"\n<p class=\"wp-block-paragraph\">El mundo del lujo despide a <strong>Valentino Garavani<\/strong>, fallecido <strong>ayer en Roma a los 93 a\u00f1os<\/strong>, seg\u00fan confirm\u00f3 su entorno. La causa fue <strong>natural<\/strong>, tras un periodo de salud fr\u00e1gil propio de su edad. Con su muerte se cierra una de las trayectorias m\u00e1s influyentes de la moda del \u00faltimo siglo, la de un creador que elev\u00f3 la alta costura a lenguaje cultural universal y convirti\u00f3 la elegancia en una disciplina de precisi\u00f3n.<\/p>\n\n\n\n<p class=\"wp-block-paragraph\">Fundador de <strong>Valentino<\/strong>, Valentino construy\u00f3 desde Roma un vocabulario est\u00e9tico inconfundible basado en el corte impecable, la devoci\u00f3n por el taller y un cromatismo que hizo del \u201crojo Valentino\u201d un c\u00f3digo global del lujo. Desde su consagraci\u00f3n internacional en los a\u00f1os sesenta hasta su retirada creativa en 2008, su obra defendi\u00f3 la paciencia, el oficio y la belleza como valores no negociables, incluso cuando la industria giraba hacia la velocidad y el espect\u00e1culo.<\/p>\n\n\n\n<p class=\"wp-block-paragraph\">A lo largo de d\u00e9cadas visti\u00f3 a algunas de las mujeres m\u00e1s influyentes del siglo XX y XXI, consolidando una presencia constante en la historia social y cultural contempor\u00e1nea. Entre ellas destacan <strong>Jacqueline Kennedy Onassis<\/strong>, cuyo guardarropa y vestido de boda sellaron el prestigio internacional de la maison; <strong>Audrey Hepburn<\/strong>, icono de refinamiento atemporal; <strong>Elizabeth Taylor<\/strong>, emblema del glamour de Hollywood; <strong>Sophia Loren<\/strong>, s\u00edmbolo de la belleza mediterr\u00e1nea; <strong>Princess Diana<\/strong>, a quien acompa\u00f1\u00f3 en su evoluci\u00f3n est\u00e9tica; y figuras del cine contempor\u00e1neo como <strong>Gwyneth Paltrow<\/strong>, <strong>Julia Roberts<\/strong>, <strong>Anne Hathaway<\/strong> y <strong>Charlize Theron<\/strong>, que mantuvieron viva su leyenda en la alfombra roja del nuevo milenio.<\/p><div id=\"luxon-3229802668\" class=\"luxon-3er-parrafo luxon-entity-placement\" style=\"margin-top: 20px;margin-bottom: 20px;margin-left: auto;margin-right: auto;text-align: center;\"><a href=\"https:\/\/luxonomy.university\/course\/master-turismo-de-lujo\" target=\"_blank\" aria-label=\"master-turismo-lujo-2026-2027\"><img loading=\"lazy\" decoding=\"async\" src=\"https:\/\/i0.wp.com\/luxonomy.net\/wp-content\/uploads\/2020\/07\/master-turismo-lujo-2026-2027.jpg?fit=1672%2C941&#038;ssl=1\" alt=\"\"  srcset=\"https:\/\/i0.wp.com\/luxonomy.net\/wp-content\/uploads\/2020\/07\/master-turismo-lujo-2026-2027.jpg?w=1672&ssl=1 1672w, https:\/\/i0.wp.com\/luxonomy.net\/wp-content\/uploads\/2020\/07\/master-turismo-lujo-2026-2027.jpg?resize=300%2C169&ssl=1 300w, https:\/\/i0.wp.com\/luxonomy.net\/wp-content\/uploads\/2020\/07\/master-turismo-lujo-2026-2027.jpg?resize=1024%2C576&ssl=1 1024w, https:\/\/i0.wp.com\/luxonomy.net\/wp-content\/uploads\/2020\/07\/master-turismo-lujo-2026-2027.jpg?resize=768%2C432&ssl=1 768w, https:\/\/i0.wp.com\/luxonomy.net\/wp-content\/uploads\/2020\/07\/master-turismo-lujo-2026-2027.jpg?resize=1536%2C864&ssl=1 1536w, https:\/\/i0.wp.com\/luxonomy.net\/wp-content\/uploads\/2020\/07\/master-turismo-lujo-2026-2027.jpg?resize=370%2C208&ssl=1 370w, https:\/\/i0.wp.com\/luxonomy.net\/wp-content\/uploads\/2020\/07\/master-turismo-lujo-2026-2027.jpg?resize=800%2C450&ssl=1 800w, https:\/\/i0.wp.com\/luxonomy.net\/wp-content\/uploads\/2020\/07\/master-turismo-lujo-2026-2027.jpg?resize=20%2C11&ssl=1 20w, https:\/\/i0.wp.com\/luxonomy.net\/wp-content\/uploads\/2020\/07\/master-turismo-lujo-2026-2027.jpg?resize=740%2C416&ssl=1 740w, https:\/\/i0.wp.com\/luxonomy.net\/wp-content\/uploads\/2020\/07\/master-turismo-lujo-2026-2027.jpg?resize=1600%2C900&ssl=1 1600w, https:\/\/i0.wp.com\/luxonomy.net\/wp-content\/uploads\/2020\/07\/master-turismo-lujo-2026-2027.jpg?resize=1200%2C675&ssl=1 1200w, https:\/\/i0.wp.com\/luxonomy.net\/wp-content\/uploads\/2020\/07\/master-turismo-lujo-2026-2027.jpg?resize=85%2C48&ssl=1 85w\" sizes=\"(max-width: 1170px) 100vw, 1170px\" class=\"no-lazyload\" width=\"1672\" height=\"941\"   \/><\/a><\/div>\n\n\n\n<p class=\"wp-block-paragraph\">Entre los hitos que definieron su impacto figuran la fundaci\u00f3n de la casa en Roma a finales de los cincuenta, la consagraci\u00f3n en el Palacio Pitti de Florencia, la creaci\u00f3n del rojo Valentino como se\u00f1a identitaria, el dominio de la alta costura durante d\u00e9cadas, la separaci\u00f3n temprana entre creatividad y gesti\u00f3n empresarial tras la venta de la compa\u00f1\u00eda en 1998 y una retirada voluntaria en la cima, poco frecuente en la industria. Su vida y obra quedaron retratadas en el documental <em>Valentino: The Last Emperor<\/em>, que ampli\u00f3 su influencia m\u00e1s all\u00e1 del sistema de la moda.<\/p>\n\n\n\n<p class=\"wp-block-paragraph\">La desaparici\u00f3n de Valentino Garavani deja un vac\u00edo creativo, pero tambi\u00e9n una hoja de ruta clara para el lujo del ma\u00f1ana: respeto por el oficio, culto al detalle y una visi\u00f3n que entiende la moda como patrimonio cultural vivo. Su legado permanecer\u00e1 en los archivos, en los c\u00f3digos de la casa y en una \u00e9tica creativa que seguir\u00e1 guiando a quienes buscan proyectar el lujo hacia el futuro sin renunciar a su esencia.<\/p>\n\n\n","protected":false},"excerpt":{"rendered":"<p>El mundo del lujo despide a Valentino Garavani, fallecido ayer en Roma a los 93 a\u00f1os, seg\u00fan confirm\u00f3 su entorno. La causa fue natural, tras un periodo de salud fr\u00e1gil propio de su edad. Con su muerte se cierra una de las trayectorias m\u00e1s influyentes de la moda del \u00faltimo siglo, la de un creador que elev\u00f3 la alta costura a lenguaje cultural universal y convirti\u00f3 la elegancia en una disciplina de precisi\u00f3n.<\/p>\n","protected":false},"author":10,"featured_media":69773,"comment_status":"open","ping_status":"open","sticky":false,"template":"","format":"standard","meta":{"_jetpack_newsletter_access":"","_jetpack_dont_email_post_to_subs":false,"_jetpack_newsletter_tier_id":0,"_jetpack_memberships_contains_paywalled_content":false,"_jetpack_feature_clip_id":0,"_jetpack_memberships_contains_paid_content":false,"footnotes":"","jetpack_publicize_message":"El mundo del lujo despide a Valentino Garavani, fallecido ayer en Roma a los 93 a\u00f1os, seg\u00fan confirm\u00f3 su entorno. La causa fue natural, tras un periodo de salud fr\u00e1gil propio de su edad. Con su muerte se cierra una de las trayectorias m\u00e1s influyentes de la moda del \u00faltimo siglo, la de un creador que elev\u00f3 la alta costura a lenguaje cultural universal y convirti\u00f3 la elegancia en una disciplina de precisi\u00f3n.\n\nA lo largo de d\u00e9cadas visti\u00f3 a algunas de las mujeres m\u00e1s influyentes del siglo XX y XXI, consolidando una presencia constante en la historia social y cultural contempor\u00e1nea. Entre ellas destacan Jacqueline Kennedy Onassis, cuyo guardarropa y vestido de boda sellaron el prestigio internacional de la maison; Audrey Hepburn, icono de refinamiento atemporal; Elizabeth Taylor, emblema del glamour de Hollywood; Sophia Loren, s\u00edmbolo de la belleza mediterr\u00e1nea; Princess Diana, a quien acompa\u00f1\u00f3 en su evoluci\u00f3n est\u00e9tica; y figuras del cine contempor\u00e1neo como Gwyneth Paltrow, Julia Roberts, Anne Hathaway y Charlize Theron, que mantuvieron viva su leyenda en la alfombra roja del nuevo milenio.\n\nLa desaparici\u00f3n de Valentino Garavani deja un vac\u00edo creativo, pero tambi\u00e9n una hoja de ruta clara para el lujo del ma\u00f1ana: respeto por el oficio, culto al detalle y una visi\u00f3n que entiende la moda como patrimonio cultural vivo. Su legado permanecer\u00e1 en los archivos, en los c\u00f3digos de la casa y en una \u00e9tica creativa que seguir\u00e1 guiando a quienes buscan proyectar el lujo hacia el futuro sin renunciar a su esencia.","jetpack_publicize_feature_enabled":true,"jetpack_social_post_already_shared":true,"jetpack_social_options":{"image_generator_settings":{"template":"edge","default_image_id":0,"font":"","enabled":false},"version":2},"jetpack_post_was_ever_published":false},"categories":[1672],"tags":[635,979],"thb-sponsors":[],"class_list":["post-69772","post","type-post","status-publish","format-standard","has-post-thumbnail","hentry","category-actualidad","tag-actualidad","tag-valentino"],"yoast_head":"<!-- This site is optimized with the Yoast SEO plugin v28.4 - https:\/\/yoast.com\/product\/yoast-seo-wordpress\/ -->\n<title>Fallece Valentino Garavani, el arquitecto de una elegancia eterna | LUXONOMY<\/title>\n<meta name=\"robots\" content=\"index, follow, max-snippet:-1, max-image-preview:large, max-video-preview:-1\" \/>\n<link rel=\"canonical\" href=\"https:\/\/luxonomy.net\/es\/fallece-valentino-garavani-el-arquitecto-de-una-elegancia-eterna\/\" \/>\n<meta property=\"og:locale\" content=\"es_ES\" \/>\n<meta property=\"og:type\" content=\"article\" \/>\n<meta property=\"og:title\" content=\"Fallece Valentino Garavani, el arquitecto de una elegancia eterna | LUXONOMY\" \/>\n<meta property=\"og:description\" content=\"El mundo del lujo despide a Valentino Garavani, fallecido ayer en Roma a los 93 a\u00f1os, seg\u00fan confirm\u00f3 su entorno. La causa fue natural, tras un periodo de salud fr\u00e1gil propio de su edad. Con su muerte se cierra una de las trayectorias m\u00e1s influyentes de la moda del \u00faltimo siglo, la de un creador que elev\u00f3 la alta costura a lenguaje cultural universal y convirti\u00f3 la elegancia en una disciplina de precisi\u00f3n.\" \/>\n<meta property=\"og:url\" content=\"https:\/\/luxonomy.net\/es\/fallece-valentino-garavani-el-arquitecto-de-una-elegancia-eterna\/\" \/>\n<meta property=\"og:site_name\" content=\"LUXONOMY\" \/>\n<meta property=\"article:publisher\" content=\"https:\/\/www.facebook.com\/luxonomy\" \/>\n<meta property=\"article:published_time\" content=\"2026-01-20T11:57:17+00:00\" \/>\n<meta property=\"article:modified_time\" content=\"2026-01-20T11:57:29+00:00\" \/>\n<meta property=\"og:image\" content=\"https:\/\/luxonomy.net\/wp-content\/uploads\/2026\/01\/Fallece-Valentino-Garavani-el-arquitecto-de-una-elegancia-eterna.webp\" \/>\n\t<meta property=\"og:image:width\" content=\"800\" \/>\n\t<meta property=\"og:image:height\" content=\"534\" \/>\n\t<meta property=\"og:image:type\" content=\"image\/webp\" \/>\n<meta name=\"author\" content=\"Chiara Gabardi\" \/>\n<meta name=\"twitter:card\" content=\"summary_large_image\" \/>\n<meta name=\"twitter:label1\" content=\"Escrito por\" \/>\n\t<meta name=\"twitter:data1\" content=\"Chiara Gabardi\" \/>\n\t<meta name=\"twitter:label2\" content=\"Tiempo de lectura\" \/>\n\t<meta name=\"twitter:data2\" content=\"3 minutos\" \/>\n<script type=\"application\/ld+json\" class=\"yoast-schema-graph\">{\"@context\":\"https:\\\/\\\/schema.org\",\"@graph\":[{\"@type\":\"Article\",\"@id\":\"https:\\\/\\\/luxonomy.net\\\/es\\\/fallece-valentino-garavani-el-arquitecto-de-una-elegancia-eterna\\\/#article\",\"isPartOf\":{\"@id\":\"https:\\\/\\\/luxonomy.net\\\/es\\\/fallece-valentino-garavani-el-arquitecto-de-una-elegancia-eterna\\\/\"},\"author\":{\"name\":\"Chiara Gabardi\",\"@id\":\"https:\\\/\\\/luxonomy.net\\\/es\\\/#\\\/schema\\\/person\\\/9d526ffe93a0cc9cecc91760f49da3ef\"},\"headline\":\"Fallece Valentino Garavani, el arquitecto de una elegancia eterna\",\"datePublished\":\"2026-01-20T11:57:17+00:00\",\"dateModified\":\"2026-01-20T11:57:29+00:00\",\"mainEntityOfPage\":{\"@id\":\"https:\\\/\\\/luxonomy.net\\\/es\\\/fallece-valentino-garavani-el-arquitecto-de-una-elegancia-eterna\\\/\"},\"wordCount\":459,\"commentCount\":0,\"publisher\":{\"@id\":\"https:\\\/\\\/luxonomy.net\\\/es\\\/#organization\"},\"image\":{\"@id\":\"https:\\\/\\\/luxonomy.net\\\/es\\\/fallece-valentino-garavani-el-arquitecto-de-una-elegancia-eterna\\\/#primaryimage\"},\"thumbnailUrl\":\"https:\\\/\\\/i0.wp.com\\\/luxonomy.net\\\/wp-content\\\/uploads\\\/2026\\\/01\\\/Fallece-Valentino-Garavani-el-arquitecto-de-una-elegancia-eterna.webp?fit=800%2C534&ssl=1\",\"keywords\":[\"actualidad\",\"Valentino\"],\"articleSection\":[\"Actualidad\"],\"inLanguage\":\"es\",\"potentialAction\":[{\"@type\":\"CommentAction\",\"name\":\"Comment\",\"target\":[\"https:\\\/\\\/luxonomy.net\\\/es\\\/fallece-valentino-garavani-el-arquitecto-de-una-elegancia-eterna\\\/#respond\"]}]},{\"@type\":\"WebPage\",\"@id\":\"https:\\\/\\\/luxonomy.net\\\/es\\\/fallece-valentino-garavani-el-arquitecto-de-una-elegancia-eterna\\\/\",\"url\":\"https:\\\/\\\/luxonomy.net\\\/es\\\/fallece-valentino-garavani-el-arquitecto-de-una-elegancia-eterna\\\/\",\"name\":\"Fallece Valentino Garavani, el arquitecto de una elegancia eterna | LUXONOMY\",\"isPartOf\":{\"@id\":\"https:\\\/\\\/luxonomy.net\\\/es\\\/#website\"},\"primaryImageOfPage\":{\"@id\":\"https:\\\/\\\/luxonomy.net\\\/es\\\/fallece-valentino-garavani-el-arquitecto-de-una-elegancia-eterna\\\/#primaryimage\"},\"image\":{\"@id\":\"https:\\\/\\\/luxonomy.net\\\/es\\\/fallece-valentino-garavani-el-arquitecto-de-una-elegancia-eterna\\\/#primaryimage\"},\"thumbnailUrl\":\"https:\\\/\\\/i0.wp.com\\\/luxonomy.net\\\/wp-content\\\/uploads\\\/2026\\\/01\\\/Fallece-Valentino-Garavani-el-arquitecto-de-una-elegancia-eterna.webp?fit=800%2C534&ssl=1\",\"datePublished\":\"2026-01-20T11:57:17+00:00\",\"dateModified\":\"2026-01-20T11:57:29+00:00\",\"breadcrumb\":{\"@id\":\"https:\\\/\\\/luxonomy.net\\\/es\\\/fallece-valentino-garavani-el-arquitecto-de-una-elegancia-eterna\\\/#breadcrumb\"},\"inLanguage\":\"es\",\"potentialAction\":[{\"@type\":\"ReadAction\",\"target\":[\"https:\\\/\\\/luxonomy.net\\\/es\\\/fallece-valentino-garavani-el-arquitecto-de-una-elegancia-eterna\\\/\"]}]},{\"@type\":\"ImageObject\",\"inLanguage\":\"es\",\"@id\":\"https:\\\/\\\/luxonomy.net\\\/es\\\/fallece-valentino-garavani-el-arquitecto-de-una-elegancia-eterna\\\/#primaryimage\",\"url\":\"https:\\\/\\\/i0.wp.com\\\/luxonomy.net\\\/wp-content\\\/uploads\\\/2026\\\/01\\\/Fallece-Valentino-Garavani-el-arquitecto-de-una-elegancia-eterna.webp?fit=800%2C534&ssl=1\",\"contentUrl\":\"https:\\\/\\\/i0.wp.com\\\/luxonomy.net\\\/wp-content\\\/uploads\\\/2026\\\/01\\\/Fallece-Valentino-Garavani-el-arquitecto-de-una-elegancia-eterna.webp?fit=800%2C534&ssl=1\",\"width\":800,\"height\":534},{\"@type\":\"BreadcrumbList\",\"@id\":\"https:\\\/\\\/luxonomy.net\\\/es\\\/fallece-valentino-garavani-el-arquitecto-de-una-elegancia-eterna\\\/#breadcrumb\",\"itemListElement\":[{\"@type\":\"ListItem\",\"position\":1,\"name\":\"Portada\",\"item\":\"https:\\\/\\\/luxonomy.net\\\/es\\\/\"},{\"@type\":\"ListItem\",\"position\":2,\"name\":\"Fallece Valentino Garavani, el arquitecto de una elegancia eterna\"}]},{\"@type\":\"WebSite\",\"@id\":\"https:\\\/\\\/luxonomy.net\\\/es\\\/#website\",\"url\":\"https:\\\/\\\/luxonomy.net\\\/es\\\/\",\"name\":\"LUXONOMY\",\"description\":\"The Economy of Fashion &amp; Luxury\",\"publisher\":{\"@id\":\"https:\\\/\\\/luxonomy.net\\\/es\\\/#organization\"},\"potentialAction\":[{\"@type\":\"SearchAction\",\"target\":{\"@type\":\"EntryPoint\",\"urlTemplate\":\"https:\\\/\\\/luxonomy.net\\\/es\\\/?s={search_term_string}\"},\"query-input\":{\"@type\":\"PropertyValueSpecification\",\"valueRequired\":true,\"valueName\":\"search_term_string\"}}],\"inLanguage\":\"es\"},{\"@type\":\"Organization\",\"@id\":\"https:\\\/\\\/luxonomy.net\\\/es\\\/#organization\",\"name\":\"LUXONOMY\",\"url\":\"https:\\\/\\\/luxonomy.net\\\/es\\\/\",\"logo\":{\"@type\":\"ImageObject\",\"inLanguage\":\"es\",\"@id\":\"https:\\\/\\\/luxonomy.net\\\/es\\\/#\\\/schema\\\/logo\\\/image\\\/\",\"url\":\"https:\\\/\\\/i2.wp.com\\\/luxonomy.net\\\/wp-content\\\/uploads\\\/2021\\\/09\\\/MOCKUP-TODOS-LUXONOMY.jpg?fit=1000%2C515&ssl=1\",\"contentUrl\":\"https:\\\/\\\/i2.wp.com\\\/luxonomy.net\\\/wp-content\\\/uploads\\\/2021\\\/09\\\/MOCKUP-TODOS-LUXONOMY.jpg?fit=1000%2C515&ssl=1\",\"width\":1000,\"height\":515,\"caption\":\"LUXONOMY\"},\"image\":{\"@id\":\"https:\\\/\\\/luxonomy.net\\\/es\\\/#\\\/schema\\\/logo\\\/image\\\/\"},\"sameAs\":[\"https:\\\/\\\/www.facebook.com\\\/luxonomy\",\"https:\\\/\\\/www.instagram.com\\\/luxonomy\\\/\",\"https:\\\/\\\/www.linkedin.com\\\/company\\\/luxonomy\\\/\"]},{\"@type\":\"Person\",\"@id\":\"https:\\\/\\\/luxonomy.net\\\/es\\\/#\\\/schema\\\/person\\\/9d526ffe93a0cc9cecc91760f49da3ef\",\"name\":\"Chiara Gabardi\",\"image\":{\"@type\":\"ImageObject\",\"inLanguage\":\"es\",\"@id\":\"https:\\\/\\\/luxonomy.net\\\/wp-content\\\/litespeed\\\/avatar\\\/548640c4e2c34544e66c65ab1641a5d7.jpg?ver=1787976300\",\"url\":\"https:\\\/\\\/luxonomy.net\\\/wp-content\\\/litespeed\\\/avatar\\\/548640c4e2c34544e66c65ab1641a5d7.jpg?ver=1787976300\",\"contentUrl\":\"https:\\\/\\\/luxonomy.net\\\/wp-content\\\/litespeed\\\/avatar\\\/548640c4e2c34544e66c65ab1641a5d7.jpg?ver=1787976300\",\"caption\":\"Chiara Gabardi\"},\"description\":\"Editor at LUXONOMY\u2122 Group\",\"url\":\"https:\\\/\\\/luxonomy.net\\\/es\\\/author\\\/chiara-gabardi\\\/\"}]}<\/script>\n<!-- \/ Yoast SEO plugin. -->","yoast_head_json":{"title":"Fallece Valentino Garavani, el arquitecto de una elegancia eterna | LUXONOMY","robots":{"index":"index","follow":"follow","max-snippet":"max-snippet:-1","max-image-preview":"max-image-preview:large","max-video-preview":"max-video-preview:-1"},"canonical":"https:\/\/luxonomy.net\/es\/fallece-valentino-garavani-el-arquitecto-de-una-elegancia-eterna\/","og_locale":"es_ES","og_type":"article","og_title":"Fallece Valentino Garavani, el arquitecto de una elegancia eterna | LUXONOMY","og_description":"El mundo del lujo despide a Valentino Garavani, fallecido ayer en Roma a los 93 a\u00f1os, seg\u00fan confirm\u00f3 su entorno. La causa fue natural, tras un periodo de salud fr\u00e1gil propio de su edad. Con su muerte se cierra una de las trayectorias m\u00e1s influyentes de la moda del \u00faltimo siglo, la de un creador que elev\u00f3 la alta costura a lenguaje cultural universal y convirti\u00f3 la elegancia en una disciplina de precisi\u00f3n.","og_url":"https:\/\/luxonomy.net\/es\/fallece-valentino-garavani-el-arquitecto-de-una-elegancia-eterna\/","og_site_name":"LUXONOMY","article_publisher":"https:\/\/www.facebook.com\/luxonomy","article_published_time":"2026-01-20T11:57:17+00:00","article_modified_time":"2026-01-20T11:57:29+00:00","og_image":[{"width":800,"height":534,"url":"https:\/\/luxonomy.net\/wp-content\/uploads\/2026\/01\/Fallece-Valentino-Garavani-el-arquitecto-de-una-elegancia-eterna.webp","type":"image\/webp"}],"author":"Chiara Gabardi","twitter_card":"summary_large_image","twitter_misc":{"Escrito por":"Chiara Gabardi","Tiempo de lectura":"3 minutos"},"schema":{"@context":"https:\/\/schema.org","@graph":[{"@type":"Article","@id":"https:\/\/luxonomy.net\/es\/fallece-valentino-garavani-el-arquitecto-de-una-elegancia-eterna\/#article","isPartOf":{"@id":"https:\/\/luxonomy.net\/es\/fallece-valentino-garavani-el-arquitecto-de-una-elegancia-eterna\/"},"author":{"name":"Chiara Gabardi","@id":"https:\/\/luxonomy.net\/es\/#\/schema\/person\/9d526ffe93a0cc9cecc91760f49da3ef"},"headline":"Fallece Valentino Garavani, el arquitecto de una elegancia eterna","datePublished":"2026-01-20T11:57:17+00:00","dateModified":"2026-01-20T11:57:29+00:00","mainEntityOfPage":{"@id":"https:\/\/luxonomy.net\/es\/fallece-valentino-garavani-el-arquitecto-de-una-elegancia-eterna\/"},"wordCount":459,"commentCount":0,"publisher":{"@id":"https:\/\/luxonomy.net\/es\/#organization"},"image":{"@id":"https:\/\/luxonomy.net\/es\/fallece-valentino-garavani-el-arquitecto-de-una-elegancia-eterna\/#primaryimage"},"thumbnailUrl":"https:\/\/i0.wp.com\/luxonomy.net\/wp-content\/uploads\/2026\/01\/Fallece-Valentino-Garavani-el-arquitecto-de-una-elegancia-eterna.webp?fit=800%2C534&ssl=1","keywords":["actualidad","Valentino"],"articleSection":["Actualidad"],"inLanguage":"es","potentialAction":[{"@type":"CommentAction","name":"Comment","target":["https:\/\/luxonomy.net\/es\/fallece-valentino-garavani-el-arquitecto-de-una-elegancia-eterna\/#respond"]}]},{"@type":"WebPage","@id":"https:\/\/luxonomy.net\/es\/fallece-valentino-garavani-el-arquitecto-de-una-elegancia-eterna\/","url":"https:\/\/luxonomy.net\/es\/fallece-valentino-garavani-el-arquitecto-de-una-elegancia-eterna\/","name":"Fallece Valentino Garavani, el arquitecto de una elegancia eterna | LUXONOMY","isPartOf":{"@id":"https:\/\/luxonomy.net\/es\/#website"},"primaryImageOfPage":{"@id":"https:\/\/luxonomy.net\/es\/fallece-valentino-garavani-el-arquitecto-de-una-elegancia-eterna\/#primaryimage"},"image":{"@id":"https:\/\/luxonomy.net\/es\/fallece-valentino-garavani-el-arquitecto-de-una-elegancia-eterna\/#primaryimage"},"thumbnailUrl":"https:\/\/i0.wp.com\/luxonomy.net\/wp-content\/uploads\/2026\/01\/Fallece-Valentino-Garavani-el-arquitecto-de-una-elegancia-eterna.webp?fit=800%2C534&ssl=1","datePublished":"2026-01-20T11:57:17+00:00","dateModified":"2026-01-20T11:57:29+00:00","breadcrumb":{"@id":"https:\/\/luxonomy.net\/es\/fallece-valentino-garavani-el-arquitecto-de-una-elegancia-eterna\/#breadcrumb"},"inLanguage":"es","potentialAction":[{"@type":"ReadAction","target":["https:\/\/luxonomy.net\/es\/fallece-valentino-garavani-el-arquitecto-de-una-elegancia-eterna\/"]}]},{"@type":"ImageObject","inLanguage":"es","@id":"https:\/\/luxonomy.net\/es\/fallece-valentino-garavani-el-arquitecto-de-una-elegancia-eterna\/#primaryimage","url":"https:\/\/i0.wp.com\/luxonomy.net\/wp-content\/uploads\/2026\/01\/Fallece-Valentino-Garavani-el-arquitecto-de-una-elegancia-eterna.webp?fit=800%2C534&ssl=1","contentUrl":"https:\/\/i0.wp.com\/luxonomy.net\/wp-content\/uploads\/2026\/01\/Fallece-Valentino-Garavani-el-arquitecto-de-una-elegancia-eterna.webp?fit=800%2C534&ssl=1","width":800,"height":534},{"@type":"BreadcrumbList","@id":"https:\/\/luxonomy.net\/es\/fallece-valentino-garavani-el-arquitecto-de-una-elegancia-eterna\/#breadcrumb","itemListElement":[{"@type":"ListItem","position":1,"name":"Portada","item":"https:\/\/luxonomy.net\/es\/"},{"@type":"ListItem","position":2,"name":"Fallece Valentino Garavani, el arquitecto de una elegancia eterna"}]},{"@type":"WebSite","@id":"https:\/\/luxonomy.net\/es\/#website","url":"https:\/\/luxonomy.net\/es\/","name":"LUXONOMY","description":"The Economy of Fashion &amp; Luxury","publisher":{"@id":"https:\/\/luxonomy.net\/es\/#organization"},"potentialAction":[{"@type":"SearchAction","target":{"@type":"EntryPoint","urlTemplate":"https:\/\/luxonomy.net\/es\/?s={search_term_string}"},"query-input":{"@type":"PropertyValueSpecification","valueRequired":true,"valueName":"search_term_string"}}],"inLanguage":"es"},{"@type":"Organization","@id":"https:\/\/luxonomy.net\/es\/#organization","name":"LUXONOMY","url":"https:\/\/luxonomy.net\/es\/","logo":{"@type":"ImageObject","inLanguage":"es","@id":"https:\/\/luxonomy.net\/es\/#\/schema\/logo\/image\/","url":"https:\/\/i2.wp.com\/luxonomy.net\/wp-content\/uploads\/2021\/09\/MOCKUP-TODOS-LUXONOMY.jpg?fit=1000%2C515&ssl=1","contentUrl":"https:\/\/i2.wp.com\/luxonomy.net\/wp-content\/uploads\/2021\/09\/MOCKUP-TODOS-LUXONOMY.jpg?fit=1000%2C515&ssl=1","width":1000,"height":515,"caption":"LUXONOMY"},"image":{"@id":"https:\/\/luxonomy.net\/es\/#\/schema\/logo\/image\/"},"sameAs":["https:\/\/www.facebook.com\/luxonomy","https:\/\/www.instagram.com\/luxonomy\/","https:\/\/www.linkedin.com\/company\/luxonomy\/"]},{"@type":"Person","@id":"https:\/\/luxonomy.net\/es\/#\/schema\/person\/9d526ffe93a0cc9cecc91760f49da3ef","name":"Chiara Gabardi","image":{"@type":"ImageObject","inLanguage":"es","@id":"https:\/\/luxonomy.net\/wp-content\/litespeed\/avatar\/548640c4e2c34544e66c65ab1641a5d7.jpg?ver=1787976300","url":"https:\/\/luxonomy.net\/wp-content\/litespeed\/avatar\/548640c4e2c34544e66c65ab1641a5d7.jpg?ver=1787976300","contentUrl":"https:\/\/luxonomy.net\/wp-content\/litespeed\/avatar\/548640c4e2c34544e66c65ab1641a5d7.jpg?ver=1787976300","caption":"Chiara Gabardi"},"description":"Editor at LUXONOMY\u2122 Group","url":"https:\/\/luxonomy.net\/es\/author\/chiara-gabardi\/"}]}},"jetpack_publicize_connections":[],"jetpack_shortlink":"https:\/\/wp.me\/paPhBa-i9m","jetpack_sharing_enabled":true,"jetpack_featured_media_url":"https:\/\/i0.wp.com\/luxonomy.net\/wp-content\/uploads\/2026\/01\/Fallece-Valentino-Garavani-el-arquitecto-de-una-elegancia-eterna.webp?fit=800%2C534&ssl=1","_links":{"self":[{"href":"https:\/\/luxonomy.net\/es\/wp-json\/wp\/v2\/posts\/69772","targetHints":{"allow":["GET"]}}],"collection":[{"href":"https:\/\/luxonomy.net\/es\/wp-json\/wp\/v2\/posts"}],"about":[{"href":"https:\/\/luxonomy.net\/es\/wp-json\/wp\/v2\/types\/post"}],"author":[{"embeddable":true,"href":"https:\/\/luxonomy.net\/es\/wp-json\/wp\/v2\/users\/10"}],"replies":[{"embeddable":true,"href":"https:\/\/luxonomy.net\/es\/wp-json\/wp\/v2\/comments?post=69772"}],"version-history":[{"count":1,"href":"https:\/\/luxonomy.net\/es\/wp-json\/wp\/v2\/posts\/69772\/revisions"}],"predecessor-version":[{"id":69774,"href":"https:\/\/luxonomy.net\/es\/wp-json\/wp\/v2\/posts\/69772\/revisions\/69774"}],"wp:featuredmedia":[{"embeddable":true,"href":"https:\/\/luxonomy.net\/es\/wp-json\/wp\/v2\/media\/69773"}],"wp:attachment":[{"href":"https:\/\/luxonomy.net\/es\/wp-json\/wp\/v2\/media?parent=69772"}],"wp:term":[{"taxonomy":"category","embeddable":true,"href":"https:\/\/luxonomy.net\/es\/wp-json\/wp\/v2\/categories?post=69772"},{"taxonomy":"post_tag","embeddable":true,"href":"https:\/\/luxonomy.net\/es\/wp-json\/wp\/v2\/tags?post=69772"},{"taxonomy":"thb-sponsors","embeddable":true,"href":"https:\/\/luxonomy.net\/es\/wp-json\/wp\/v2\/thb-sponsors?post=69772"}],"curies":[{"name":"wp","href":"https:\/\/api.w.org\/{rel}","templated":true}]}}