{"id":69664,"date":"2026-01-12T13:54:26","date_gmt":"2026-01-12T12:54:26","guid":{"rendered":"https:\/\/luxonomy.net\/?p=69664"},"modified":"2026-01-12T13:54:38","modified_gmt":"2026-01-12T12:54:38","slug":"saks-global-al-borde-del-colapso-financiero","status":"publish","type":"post","link":"https:\/\/luxonomy.net\/es\/saks-global-al-borde-del-colapso-financiero\/","title":{"rendered":"Saks Global al borde del colapso financiero"},"content":{"rendered":"\n<p class=\"wp-block-paragraph\">El ecosistema del lujo estadounidense atraviesa uno de los episodios m\u00e1s delicados de su historia reciente. <strong>Saks Global<\/strong>, el grupo nacido de la integraci\u00f3n entre Saks Fifth Avenue y <strong>Neiman Marcus<\/strong>, se prepara para acogerse al <em>Chapter 11<\/em> de la ley de quiebras de Estados Unidos. Una decisi\u00f3n que trasciende el \u00e1mbito financiero y plantea preguntas de fondo sobre el futuro del retail f\u00edsico de alta gama.<\/p>\n\n\n\n<p class=\"wp-block-paragraph\">La operaci\u00f3n que dio lugar a Saks Global fue concebida como una apuesta estrat\u00e9gica para consolidar el mercado, ganar escala y competir con nuevos modelos digitales y experiencias h\u00edbridas. Sin embargo, apenas un a\u00f1o despu\u00e9s, el proyecto se enfrenta a una realidad muy distinta: tensiones de liquidez, deuda elevada, relaciones deterioradas con proveedores y un consumidor de lujo m\u00e1s prudente, selectivo y menos dependiente de los grandes almacenes tradicionales.<\/p>\n\n\n\n<h3 class=\"wp-block-heading\">Una fusi\u00f3n ambiciosa en un contexto adverso<\/h3>\n\n\n\n<p class=\"wp-block-paragraph\">La compra de Neiman Marcus por parte de Saks Fifth Avenue, cerrada a finales de 2024, se articul\u00f3 sobre una estructura de financiaci\u00f3n altamente apalancada. El grupo resultante hered\u00f3 compromisos financieros superiores a los 2.000 millones de d\u00f3lares, con vencimientos exigentes y escaso margen para absorber desviaciones en ventas o m\u00e1rgenes.<\/p><div id=\"luxon-852848520\" class=\"luxon-3er-parrafo luxon-entity-placement\" style=\"margin-top: 20px;margin-bottom: 20px;margin-left: auto;margin-right: auto;text-align: center;\"><a href=\"https:\/\/luxonomy.university\/course\/master-turismo-de-lujo\" target=\"_blank\" aria-label=\"master-turismo-lujo-2026-2027\"><img loading=\"lazy\" decoding=\"async\" src=\"https:\/\/i0.wp.com\/luxonomy.net\/wp-content\/uploads\/2020\/07\/master-turismo-lujo-2026-2027.jpg?fit=1672%2C941&#038;ssl=1\" alt=\"\"  srcset=\"https:\/\/i0.wp.com\/luxonomy.net\/wp-content\/uploads\/2020\/07\/master-turismo-lujo-2026-2027.jpg?w=1672&ssl=1 1672w, https:\/\/i0.wp.com\/luxonomy.net\/wp-content\/uploads\/2020\/07\/master-turismo-lujo-2026-2027.jpg?resize=300%2C169&ssl=1 300w, https:\/\/i0.wp.com\/luxonomy.net\/wp-content\/uploads\/2020\/07\/master-turismo-lujo-2026-2027.jpg?resize=1024%2C576&ssl=1 1024w, https:\/\/i0.wp.com\/luxonomy.net\/wp-content\/uploads\/2020\/07\/master-turismo-lujo-2026-2027.jpg?resize=768%2C432&ssl=1 768w, https:\/\/i0.wp.com\/luxonomy.net\/wp-content\/uploads\/2020\/07\/master-turismo-lujo-2026-2027.jpg?resize=1536%2C864&ssl=1 1536w, https:\/\/i0.wp.com\/luxonomy.net\/wp-content\/uploads\/2020\/07\/master-turismo-lujo-2026-2027.jpg?resize=370%2C208&ssl=1 370w, https:\/\/i0.wp.com\/luxonomy.net\/wp-content\/uploads\/2020\/07\/master-turismo-lujo-2026-2027.jpg?resize=800%2C450&ssl=1 800w, https:\/\/i0.wp.com\/luxonomy.net\/wp-content\/uploads\/2020\/07\/master-turismo-lujo-2026-2027.jpg?resize=20%2C11&ssl=1 20w, https:\/\/i0.wp.com\/luxonomy.net\/wp-content\/uploads\/2020\/07\/master-turismo-lujo-2026-2027.jpg?resize=740%2C416&ssl=1 740w, https:\/\/i0.wp.com\/luxonomy.net\/wp-content\/uploads\/2020\/07\/master-turismo-lujo-2026-2027.jpg?resize=1600%2C900&ssl=1 1600w, https:\/\/i0.wp.com\/luxonomy.net\/wp-content\/uploads\/2020\/07\/master-turismo-lujo-2026-2027.jpg?resize=1200%2C675&ssl=1 1200w, https:\/\/i0.wp.com\/luxonomy.net\/wp-content\/uploads\/2020\/07\/master-turismo-lujo-2026-2027.jpg?resize=85%2C48&ssl=1 85w\" sizes=\"(max-width: 1170px) 100vw, 1170px\" class=\"no-lazyload\" width=\"1672\" height=\"941\"   \/><\/a><\/div>\n\n\n\n<p class=\"wp-block-paragraph\">Durante 2025, el enfriamiento del consumo aspiracional en Estados Unidos, unido a un cambio en los h\u00e1bitos de compra de los clientes de alto poder adquisitivo, puso a prueba el modelo. El tr\u00e1fico en tienda no recuper\u00f3 los niveles esperados, los costes operativos siguieron al alza y la presi\u00f3n sobre el capital circulante se intensific\u00f3. El resultado: retrasos en pagos, reducci\u00f3n de inventarios y una creciente desconfianza por parte de marcas y socios comerciales.<\/p>\n\n\n\n<h3 class=\"wp-block-heading\">El impacto en las casas de lujo y la cadena de valor<\/h3>\n\n\n\n<p class=\"wp-block-paragraph\">La posible entrada en <em>Chapter 11<\/em> no implica necesariamente la desaparici\u00f3n de Saks Global, pero s\u00ed abre un periodo de reorganizaci\u00f3n profunda. Para las marcas de lujo que distribuyen a trav\u00e9s de Saks, Neiman Marcus y <strong>Bergdorf Goodman<\/strong>, el escenario es complejo: incertidumbre sobre cobros pendientes, renegociaci\u00f3n de condiciones y revisi\u00f3n del papel que estos grandes almacenes deben jugar en su estrategia omnicanal.<\/p>\n\n\n\n<p class=\"wp-block-paragraph\">Muchas casas llevan a\u00f1os reforzando la venta directa, el control del dato del cliente y la experiencia propia, reduciendo su dependencia de intermediarios. La crisis de Saks Global puede acelerar esta tendencia y redefinir el equilibrio entre retail multimarca, boutiques monomarca y plataformas digitales de lujo.<\/p>\n\n\n\n<h3 class=\"wp-block-heading\">Tiendas ic\u00f3nicas en el punto de mira<\/h3>\n\n\n\n<p class=\"wp-block-paragraph\">Uno de los aspectos m\u00e1s sensibles del proceso es el futuro de las ubicaciones emblem\u00e1ticas. La tienda de Saks en la Quinta Avenida de Nueva York o el hist\u00f3rico edificio de Bergdorf Goodman no son solo puntos de venta, sino s\u00edmbolos culturales del lujo estadounidense. Bajo el paraguas del <em>Chapter 11<\/em>, el grupo podr\u00eda renegociar alquileres, cerrar espacios menos rentables o incluso desprenderse de activos inmobiliarios para ganar ox\u00edgeno financiero.<\/p><div id=\"luxon-1760882345\" class=\"luxon-7-parrafo luxon-entity-placement\" style=\"margin-top: 20px;margin-bottom: 20px;margin-left: auto;margin-right: auto;text-align: center;\"><a href=\"https:\/\/theintelligence.institute\/course\/inteligencia-artificial-para-directivos\" target=\"_blank\" aria-label=\"CSIAD_empresas_THEI_horizontal_4x3_v5\"><img loading=\"lazy\" decoding=\"async\" src=\"https:\/\/i0.wp.com\/luxonomy.net\/wp-content\/uploads\/2025\/08\/CSIAD_empresas_THEI_horizontal_4x3_v5.png?fit=2000%2C1500&#038;ssl=1\" alt=\"\"  srcset=\"https:\/\/i0.wp.com\/luxonomy.net\/wp-content\/uploads\/2025\/08\/CSIAD_empresas_THEI_horizontal_4x3_v5.png?w=2000&ssl=1 2000w, https:\/\/i0.wp.com\/luxonomy.net\/wp-content\/uploads\/2025\/08\/CSIAD_empresas_THEI_horizontal_4x3_v5.png?resize=300%2C225&ssl=1 300w, https:\/\/i0.wp.com\/luxonomy.net\/wp-content\/uploads\/2025\/08\/CSIAD_empresas_THEI_horizontal_4x3_v5.png?resize=1024%2C768&ssl=1 1024w, https:\/\/i0.wp.com\/luxonomy.net\/wp-content\/uploads\/2025\/08\/CSIAD_empresas_THEI_horizontal_4x3_v5.png?resize=768%2C576&ssl=1 768w, https:\/\/i0.wp.com\/luxonomy.net\/wp-content\/uploads\/2025\/08\/CSIAD_empresas_THEI_horizontal_4x3_v5.png?resize=1536%2C1152&ssl=1 1536w, https:\/\/i0.wp.com\/luxonomy.net\/wp-content\/uploads\/2025\/08\/CSIAD_empresas_THEI_horizontal_4x3_v5.png?resize=370%2C278&ssl=1 370w, https:\/\/i0.wp.com\/luxonomy.net\/wp-content\/uploads\/2025\/08\/CSIAD_empresas_THEI_horizontal_4x3_v5.png?resize=800%2C600&ssl=1 800w, https:\/\/i0.wp.com\/luxonomy.net\/wp-content\/uploads\/2025\/08\/CSIAD_empresas_THEI_horizontal_4x3_v5.png?resize=20%2C15&ssl=1 20w, https:\/\/i0.wp.com\/luxonomy.net\/wp-content\/uploads\/2025\/08\/CSIAD_empresas_THEI_horizontal_4x3_v5.png?resize=740%2C555&ssl=1 740w, https:\/\/i0.wp.com\/luxonomy.net\/wp-content\/uploads\/2025\/08\/CSIAD_empresas_THEI_horizontal_4x3_v5.png?resize=1600%2C1200&ssl=1 1600w, https:\/\/i0.wp.com\/luxonomy.net\/wp-content\/uploads\/2025\/08\/CSIAD_empresas_THEI_horizontal_4x3_v5.png?resize=1200%2C900&ssl=1 1200w, https:\/\/i0.wp.com\/luxonomy.net\/wp-content\/uploads\/2025\/08\/CSIAD_empresas_THEI_horizontal_4x3_v5.png?resize=64%2C48&ssl=1 64w\" sizes=\"(max-width: 1170px) 100vw, 1170px\" class=\"no-lazyload\" width=\"2000\" height=\"1500\"   \/><\/a><\/div>\n\n\n\n<p class=\"wp-block-paragraph\">Este posible redimensionamiento del parque de tiendas refleja una realidad m\u00e1s amplia: el lujo ya no necesita presencia masiva, sino espacios cuidadosamente seleccionados, altamente experienciales y alineados con una narrativa de marca coherente.<\/p>\n\n\n\n<h3 class=\"wp-block-heading\">M\u00e1s all\u00e1 de una quiebra: una se\u00f1al para el sector<\/h3>\n\n\n\n<p class=\"wp-block-paragraph\">El caso Saks Global no debe interpretarse como un episodio aislado, sino como un aviso para todo el sector. El modelo de grandes almacenes de lujo, tal y como se configur\u00f3 durante d\u00e9cadas, se enfrenta a un punto de inflexi\u00f3n. La escala, por s\u00ed sola, ya no garantiza resiliencia; la clave reside en la agilidad estrat\u00e9gica, la integraci\u00f3n real entre f\u00edsico y digital, y una comprensi\u00f3n m\u00e1s profunda de un cliente que busca autenticidad, personalizaci\u00f3n y valor m\u00e1s all\u00e1 del producto.<\/p>\n\n\n\n<p>Para el lujo global, y especialmente para el estadounidense, la reestructuraci\u00f3n de Saks Global marcar\u00e1 un antes y un despu\u00e9s. No se trata \u00fanicamente de salvar una empresa, sino de redefinir c\u00f3mo, d\u00f3nde y por qu\u00e9 se consume lujo en la pr\u00f3xima d\u00e9cada. En ese proceso, sobrevivir\u00e1n quienes entiendan que el futuro no pasa por m\u00e1s metros cuadrados, sino por m\u00e1s inteligencia estrat\u00e9gica.<\/p><p><\/p>\n","protected":false},"excerpt":{"rendered":"<p>El ecosistema del lujo estadounidense atraviesa uno de los episodios m\u00e1s delicados de su historia reciente. Saks Global, el grupo nacido de la integraci\u00f3n entre Saks Fifth Avenue y Neiman Marcus, se prepara para acogerse al Chapter 11 de la ley de quiebras de Estados Unidos. Una decisi\u00f3n que trasciende el \u00e1mbito financiero y plantea preguntas de fondo sobre el futuro del retail f\u00edsico de alta gama.<\/p>\n","protected":false},"author":56,"featured_media":69665,"comment_status":"open","ping_status":"open","sticky":false,"template":"","format":"standard","meta":{"_jetpack_newsletter_access":"","_jetpack_dont_email_post_to_subs":false,"_jetpack_newsletter_tier_id":0,"_jetpack_memberships_contains_paywalled_content":false,"_jetpack_feature_clip_id":0,"_jetpack_memberships_contains_paid_content":false,"footnotes":"","jetpack_publicize_message":"El ecosistema del lujo estadounidense atraviesa uno de los episodios m\u00e1s delicados de su historia reciente. Saks Global, el grupo nacido de la integraci\u00f3n entre Saks Fifth Avenue y Neiman Marcus, se prepara para acogerse al Chapter 11 de la ley de quiebras de Estados Unidos. Una decisi\u00f3n que trasciende el \u00e1mbito financiero y plantea preguntas de fondo sobre el futuro del retail f\u00edsico de alta gama.","jetpack_publicize_feature_enabled":true,"jetpack_social_post_already_shared":true,"jetpack_social_options":{"image_generator_settings":{"template":"edge","default_image_id":0,"font":"","enabled":false},"version":2},"jetpack_post_was_ever_published":false},"categories":[1128],"tags":[10048,1518,10047],"thb-sponsors":[],"class_list":["post-69664","post","type-post","status-publish","format-standard","has-post-thumbnail","hentry","category-economia","tag-bergdorf-goodman","tag-neiman-marcus","tag-saks-global"],"yoast_head":"<!-- This site is optimized with the Yoast SEO plugin v28.4 - https:\/\/yoast.com\/product\/yoast-seo-wordpress\/ -->\n<title>Saks Global al borde del colapso financiero | LUXONOMY<\/title>\n<meta name=\"robots\" content=\"index, follow, max-snippet:-1, max-image-preview:large, max-video-preview:-1\" \/>\n<link rel=\"canonical\" href=\"https:\/\/luxonomy.net\/es\/saks-global-al-borde-del-colapso-financiero\/\" \/>\n<meta property=\"og:locale\" content=\"es_ES\" \/>\n<meta property=\"og:type\" content=\"article\" \/>\n<meta property=\"og:title\" content=\"Saks Global al borde del colapso financiero | LUXONOMY\" \/>\n<meta property=\"og:description\" content=\"El ecosistema del lujo estadounidense atraviesa uno de los episodios m\u00e1s delicados de su historia reciente. Saks Global, el grupo nacido de la integraci\u00f3n entre Saks Fifth Avenue y Neiman Marcus, se prepara para acogerse al Chapter 11 de la ley de quiebras de Estados Unidos. Una decisi\u00f3n que trasciende el \u00e1mbito financiero y plantea preguntas de fondo sobre el futuro del retail f\u00edsico de alta gama.\" \/>\n<meta property=\"og:url\" content=\"https:\/\/luxonomy.net\/es\/saks-global-al-borde-del-colapso-financiero\/\" \/>\n<meta property=\"og:site_name\" content=\"LUXONOMY\" \/>\n<meta property=\"article:publisher\" content=\"https:\/\/www.facebook.com\/luxonomy\" \/>\n<meta property=\"article:published_time\" content=\"2026-01-12T12:54:26+00:00\" \/>\n<meta property=\"article:modified_time\" content=\"2026-01-12T12:54:38+00:00\" \/>\n<meta property=\"og:image\" content=\"https:\/\/luxonomy.net\/wp-content\/uploads\/2026\/01\/Saks-Global-al-borde-del-colapso-financiero-scaled.jpg\" \/>\n\t<meta property=\"og:image:width\" content=\"2560\" \/>\n\t<meta property=\"og:image:height\" content=\"1708\" \/>\n\t<meta property=\"og:image:type\" content=\"image\/jpeg\" \/>\n<meta name=\"author\" content=\"Martha Foster\" \/>\n<meta name=\"twitter:card\" content=\"summary_large_image\" \/>\n<meta name=\"twitter:label1\" content=\"Escrito por\" \/>\n\t<meta name=\"twitter:data1\" content=\"Martha Foster\" \/>\n\t<meta name=\"twitter:label2\" content=\"Tiempo de lectura\" \/>\n\t<meta name=\"twitter:data2\" content=\"4 minutos\" \/>\n<script type=\"application\/ld+json\" class=\"yoast-schema-graph\">{\"@context\":\"https:\\\/\\\/schema.org\",\"@graph\":[{\"@type\":\"Article\",\"@id\":\"https:\\\/\\\/luxonomy.net\\\/es\\\/saks-global-al-borde-del-colapso-financiero\\\/#article\",\"isPartOf\":{\"@id\":\"https:\\\/\\\/luxonomy.net\\\/es\\\/saks-global-al-borde-del-colapso-financiero\\\/\"},\"author\":{\"name\":\"Martha Foster\",\"@id\":\"https:\\\/\\\/luxonomy.net\\\/es\\\/#\\\/schema\\\/person\\\/b867877c8fa214385a8a7f7f40186132\"},\"headline\":\"Saks Global al borde del colapso financiero\",\"datePublished\":\"2026-01-12T12:54:26+00:00\",\"dateModified\":\"2026-01-12T12:54:38+00:00\",\"mainEntityOfPage\":{\"@id\":\"https:\\\/\\\/luxonomy.net\\\/es\\\/saks-global-al-borde-del-colapso-financiero\\\/\"},\"wordCount\":707,\"commentCount\":0,\"publisher\":{\"@id\":\"https:\\\/\\\/luxonomy.net\\\/es\\\/#organization\"},\"image\":{\"@id\":\"https:\\\/\\\/luxonomy.net\\\/es\\\/saks-global-al-borde-del-colapso-financiero\\\/#primaryimage\"},\"thumbnailUrl\":\"https:\\\/\\\/i0.wp.com\\\/luxonomy.net\\\/wp-content\\\/uploads\\\/2026\\\/01\\\/Saks-Global-al-borde-del-colapso-financiero-scaled.jpg?fit=2560%2C1708&ssl=1\",\"keywords\":[\"Bergdorf Goodman\",\"Neiman Marcus\",\"Saks Global\"],\"articleSection\":[\"Econom\u00eda\"],\"inLanguage\":\"es\",\"potentialAction\":[{\"@type\":\"CommentAction\",\"name\":\"Comment\",\"target\":[\"https:\\\/\\\/luxonomy.net\\\/es\\\/saks-global-al-borde-del-colapso-financiero\\\/#respond\"]}]},{\"@type\":\"WebPage\",\"@id\":\"https:\\\/\\\/luxonomy.net\\\/es\\\/saks-global-al-borde-del-colapso-financiero\\\/\",\"url\":\"https:\\\/\\\/luxonomy.net\\\/es\\\/saks-global-al-borde-del-colapso-financiero\\\/\",\"name\":\"Saks Global al borde del colapso financiero | LUXONOMY\",\"isPartOf\":{\"@id\":\"https:\\\/\\\/luxonomy.net\\\/es\\\/#website\"},\"primaryImageOfPage\":{\"@id\":\"https:\\\/\\\/luxonomy.net\\\/es\\\/saks-global-al-borde-del-colapso-financiero\\\/#primaryimage\"},\"image\":{\"@id\":\"https:\\\/\\\/luxonomy.net\\\/es\\\/saks-global-al-borde-del-colapso-financiero\\\/#primaryimage\"},\"thumbnailUrl\":\"https:\\\/\\\/i0.wp.com\\\/luxonomy.net\\\/wp-content\\\/uploads\\\/2026\\\/01\\\/Saks-Global-al-borde-del-colapso-financiero-scaled.jpg?fit=2560%2C1708&ssl=1\",\"datePublished\":\"2026-01-12T12:54:26+00:00\",\"dateModified\":\"2026-01-12T12:54:38+00:00\",\"breadcrumb\":{\"@id\":\"https:\\\/\\\/luxonomy.net\\\/es\\\/saks-global-al-borde-del-colapso-financiero\\\/#breadcrumb\"},\"inLanguage\":\"es\",\"potentialAction\":[{\"@type\":\"ReadAction\",\"target\":[\"https:\\\/\\\/luxonomy.net\\\/es\\\/saks-global-al-borde-del-colapso-financiero\\\/\"]}]},{\"@type\":\"ImageObject\",\"inLanguage\":\"es\",\"@id\":\"https:\\\/\\\/luxonomy.net\\\/es\\\/saks-global-al-borde-del-colapso-financiero\\\/#primaryimage\",\"url\":\"https:\\\/\\\/i0.wp.com\\\/luxonomy.net\\\/wp-content\\\/uploads\\\/2026\\\/01\\\/Saks-Global-al-borde-del-colapso-financiero-scaled.jpg?fit=2560%2C1708&ssl=1\",\"contentUrl\":\"https:\\\/\\\/i0.wp.com\\\/luxonomy.net\\\/wp-content\\\/uploads\\\/2026\\\/01\\\/Saks-Global-al-borde-del-colapso-financiero-scaled.jpg?fit=2560%2C1708&ssl=1\",\"width\":2560,\"height\":1708,\"caption\":\"Signage outside the Bergdorf Goodman department store on Black Friday in New York, US, on Friday, Nov. 25, 2022. US retailers are bracing for a slower-than-normal Black Friday as high inflation and sagging consumer sentiment erode Americans demand for material goods. Photographer: Jeenah Moon\\\/Bloomberg via Getty Images\"},{\"@type\":\"BreadcrumbList\",\"@id\":\"https:\\\/\\\/luxonomy.net\\\/es\\\/saks-global-al-borde-del-colapso-financiero\\\/#breadcrumb\",\"itemListElement\":[{\"@type\":\"ListItem\",\"position\":1,\"name\":\"Portada\",\"item\":\"https:\\\/\\\/luxonomy.net\\\/es\\\/\"},{\"@type\":\"ListItem\",\"position\":2,\"name\":\"Saks Global al borde del colapso financiero\"}]},{\"@type\":\"WebSite\",\"@id\":\"https:\\\/\\\/luxonomy.net\\\/es\\\/#website\",\"url\":\"https:\\\/\\\/luxonomy.net\\\/es\\\/\",\"name\":\"LUXONOMY\",\"description\":\"The Economy of Fashion &amp; Luxury\",\"publisher\":{\"@id\":\"https:\\\/\\\/luxonomy.net\\\/es\\\/#organization\"},\"potentialAction\":[{\"@type\":\"SearchAction\",\"target\":{\"@type\":\"EntryPoint\",\"urlTemplate\":\"https:\\\/\\\/luxonomy.net\\\/es\\\/?s={search_term_string}\"},\"query-input\":{\"@type\":\"PropertyValueSpecification\",\"valueRequired\":true,\"valueName\":\"search_term_string\"}}],\"inLanguage\":\"es\"},{\"@type\":\"Organization\",\"@id\":\"https:\\\/\\\/luxonomy.net\\\/es\\\/#organization\",\"name\":\"LUXONOMY\",\"url\":\"https:\\\/\\\/luxonomy.net\\\/es\\\/\",\"logo\":{\"@type\":\"ImageObject\",\"inLanguage\":\"es\",\"@id\":\"https:\\\/\\\/luxonomy.net\\\/es\\\/#\\\/schema\\\/logo\\\/image\\\/\",\"url\":\"https:\\\/\\\/i2.wp.com\\\/luxonomy.net\\\/wp-content\\\/uploads\\\/2021\\\/09\\\/MOCKUP-TODOS-LUXONOMY.jpg?fit=1000%2C515&ssl=1\",\"contentUrl\":\"https:\\\/\\\/i2.wp.com\\\/luxonomy.net\\\/wp-content\\\/uploads\\\/2021\\\/09\\\/MOCKUP-TODOS-LUXONOMY.jpg?fit=1000%2C515&ssl=1\",\"width\":1000,\"height\":515,\"caption\":\"LUXONOMY\"},\"image\":{\"@id\":\"https:\\\/\\\/luxonomy.net\\\/es\\\/#\\\/schema\\\/logo\\\/image\\\/\"},\"sameAs\":[\"https:\\\/\\\/www.facebook.com\\\/luxonomy\",\"https:\\\/\\\/www.instagram.com\\\/luxonomy\\\/\",\"https:\\\/\\\/www.linkedin.com\\\/company\\\/luxonomy\\\/\"]},{\"@type\":\"Person\",\"@id\":\"https:\\\/\\\/luxonomy.net\\\/es\\\/#\\\/schema\\\/person\\\/b867877c8fa214385a8a7f7f40186132\",\"name\":\"Martha Foster\",\"image\":{\"@type\":\"ImageObject\",\"inLanguage\":\"es\",\"@id\":\"https:\\\/\\\/luxonomy.net\\\/wp-content\\\/litespeed\\\/avatar\\\/6b94e302749cd8a900cdd719ad8eb50f.jpg?ver=1787983489\",\"url\":\"https:\\\/\\\/luxonomy.net\\\/wp-content\\\/litespeed\\\/avatar\\\/6b94e302749cd8a900cdd719ad8eb50f.jpg?ver=1787983489\",\"contentUrl\":\"https:\\\/\\\/luxonomy.net\\\/wp-content\\\/litespeed\\\/avatar\\\/6b94e302749cd8a900cdd719ad8eb50f.jpg?ver=1787983489\",\"caption\":\"Martha Foster\"},\"description\":\"Editor at LUXONOMY\u2122Group. Business Development.\",\"url\":\"https:\\\/\\\/luxonomy.net\\\/es\\\/author\\\/marthafoster\\\/\"}]}<\/script>\n<!-- \/ Yoast SEO plugin. -->","yoast_head_json":{"title":"Saks Global al borde del colapso financiero | LUXONOMY","robots":{"index":"index","follow":"follow","max-snippet":"max-snippet:-1","max-image-preview":"max-image-preview:large","max-video-preview":"max-video-preview:-1"},"canonical":"https:\/\/luxonomy.net\/es\/saks-global-al-borde-del-colapso-financiero\/","og_locale":"es_ES","og_type":"article","og_title":"Saks Global al borde del colapso financiero | LUXONOMY","og_description":"El ecosistema del lujo estadounidense atraviesa uno de los episodios m\u00e1s delicados de su historia reciente. Saks Global, el grupo nacido de la integraci\u00f3n entre Saks Fifth Avenue y Neiman Marcus, se prepara para acogerse al Chapter 11 de la ley de quiebras de Estados Unidos. Una decisi\u00f3n que trasciende el \u00e1mbito financiero y plantea preguntas de fondo sobre el futuro del retail f\u00edsico de alta gama.","og_url":"https:\/\/luxonomy.net\/es\/saks-global-al-borde-del-colapso-financiero\/","og_site_name":"LUXONOMY","article_publisher":"https:\/\/www.facebook.com\/luxonomy","article_published_time":"2026-01-12T12:54:26+00:00","article_modified_time":"2026-01-12T12:54:38+00:00","og_image":[{"width":2560,"height":1708,"url":"https:\/\/luxonomy.net\/wp-content\/uploads\/2026\/01\/Saks-Global-al-borde-del-colapso-financiero-scaled.jpg","type":"image\/jpeg"}],"author":"Martha Foster","twitter_card":"summary_large_image","twitter_misc":{"Escrito por":"Martha Foster","Tiempo de lectura":"4 minutos"},"schema":{"@context":"https:\/\/schema.org","@graph":[{"@type":"Article","@id":"https:\/\/luxonomy.net\/es\/saks-global-al-borde-del-colapso-financiero\/#article","isPartOf":{"@id":"https:\/\/luxonomy.net\/es\/saks-global-al-borde-del-colapso-financiero\/"},"author":{"name":"Martha Foster","@id":"https:\/\/luxonomy.net\/es\/#\/schema\/person\/b867877c8fa214385a8a7f7f40186132"},"headline":"Saks Global al borde del colapso financiero","datePublished":"2026-01-12T12:54:26+00:00","dateModified":"2026-01-12T12:54:38+00:00","mainEntityOfPage":{"@id":"https:\/\/luxonomy.net\/es\/saks-global-al-borde-del-colapso-financiero\/"},"wordCount":707,"commentCount":0,"publisher":{"@id":"https:\/\/luxonomy.net\/es\/#organization"},"image":{"@id":"https:\/\/luxonomy.net\/es\/saks-global-al-borde-del-colapso-financiero\/#primaryimage"},"thumbnailUrl":"https:\/\/i0.wp.com\/luxonomy.net\/wp-content\/uploads\/2026\/01\/Saks-Global-al-borde-del-colapso-financiero-scaled.jpg?fit=2560%2C1708&ssl=1","keywords":["Bergdorf Goodman","Neiman Marcus","Saks Global"],"articleSection":["Econom\u00eda"],"inLanguage":"es","potentialAction":[{"@type":"CommentAction","name":"Comment","target":["https:\/\/luxonomy.net\/es\/saks-global-al-borde-del-colapso-financiero\/#respond"]}]},{"@type":"WebPage","@id":"https:\/\/luxonomy.net\/es\/saks-global-al-borde-del-colapso-financiero\/","url":"https:\/\/luxonomy.net\/es\/saks-global-al-borde-del-colapso-financiero\/","name":"Saks Global al borde del colapso financiero | LUXONOMY","isPartOf":{"@id":"https:\/\/luxonomy.net\/es\/#website"},"primaryImageOfPage":{"@id":"https:\/\/luxonomy.net\/es\/saks-global-al-borde-del-colapso-financiero\/#primaryimage"},"image":{"@id":"https:\/\/luxonomy.net\/es\/saks-global-al-borde-del-colapso-financiero\/#primaryimage"},"thumbnailUrl":"https:\/\/i0.wp.com\/luxonomy.net\/wp-content\/uploads\/2026\/01\/Saks-Global-al-borde-del-colapso-financiero-scaled.jpg?fit=2560%2C1708&ssl=1","datePublished":"2026-01-12T12:54:26+00:00","dateModified":"2026-01-12T12:54:38+00:00","breadcrumb":{"@id":"https:\/\/luxonomy.net\/es\/saks-global-al-borde-del-colapso-financiero\/#breadcrumb"},"inLanguage":"es","potentialAction":[{"@type":"ReadAction","target":["https:\/\/luxonomy.net\/es\/saks-global-al-borde-del-colapso-financiero\/"]}]},{"@type":"ImageObject","inLanguage":"es","@id":"https:\/\/luxonomy.net\/es\/saks-global-al-borde-del-colapso-financiero\/#primaryimage","url":"https:\/\/i0.wp.com\/luxonomy.net\/wp-content\/uploads\/2026\/01\/Saks-Global-al-borde-del-colapso-financiero-scaled.jpg?fit=2560%2C1708&ssl=1","contentUrl":"https:\/\/i0.wp.com\/luxonomy.net\/wp-content\/uploads\/2026\/01\/Saks-Global-al-borde-del-colapso-financiero-scaled.jpg?fit=2560%2C1708&ssl=1","width":2560,"height":1708,"caption":"Signage outside the Bergdorf Goodman department store on Black Friday in New York, US, on Friday, Nov. 25, 2022. US retailers are bracing for a slower-than-normal Black Friday as high inflation and sagging consumer sentiment erode Americans demand for material goods. Photographer: Jeenah Moon\/Bloomberg via Getty Images"},{"@type":"BreadcrumbList","@id":"https:\/\/luxonomy.net\/es\/saks-global-al-borde-del-colapso-financiero\/#breadcrumb","itemListElement":[{"@type":"ListItem","position":1,"name":"Portada","item":"https:\/\/luxonomy.net\/es\/"},{"@type":"ListItem","position":2,"name":"Saks Global al borde del colapso financiero"}]},{"@type":"WebSite","@id":"https:\/\/luxonomy.net\/es\/#website","url":"https:\/\/luxonomy.net\/es\/","name":"LUXONOMY","description":"The Economy of Fashion &amp; Luxury","publisher":{"@id":"https:\/\/luxonomy.net\/es\/#organization"},"potentialAction":[{"@type":"SearchAction","target":{"@type":"EntryPoint","urlTemplate":"https:\/\/luxonomy.net\/es\/?s={search_term_string}"},"query-input":{"@type":"PropertyValueSpecification","valueRequired":true,"valueName":"search_term_string"}}],"inLanguage":"es"},{"@type":"Organization","@id":"https:\/\/luxonomy.net\/es\/#organization","name":"LUXONOMY","url":"https:\/\/luxonomy.net\/es\/","logo":{"@type":"ImageObject","inLanguage":"es","@id":"https:\/\/luxonomy.net\/es\/#\/schema\/logo\/image\/","url":"https:\/\/i2.wp.com\/luxonomy.net\/wp-content\/uploads\/2021\/09\/MOCKUP-TODOS-LUXONOMY.jpg?fit=1000%2C515&ssl=1","contentUrl":"https:\/\/i2.wp.com\/luxonomy.net\/wp-content\/uploads\/2021\/09\/MOCKUP-TODOS-LUXONOMY.jpg?fit=1000%2C515&ssl=1","width":1000,"height":515,"caption":"LUXONOMY"},"image":{"@id":"https:\/\/luxonomy.net\/es\/#\/schema\/logo\/image\/"},"sameAs":["https:\/\/www.facebook.com\/luxonomy","https:\/\/www.instagram.com\/luxonomy\/","https:\/\/www.linkedin.com\/company\/luxonomy\/"]},{"@type":"Person","@id":"https:\/\/luxonomy.net\/es\/#\/schema\/person\/b867877c8fa214385a8a7f7f40186132","name":"Martha Foster","image":{"@type":"ImageObject","inLanguage":"es","@id":"https:\/\/luxonomy.net\/wp-content\/litespeed\/avatar\/6b94e302749cd8a900cdd719ad8eb50f.jpg?ver=1787983489","url":"https:\/\/luxonomy.net\/wp-content\/litespeed\/avatar\/6b94e302749cd8a900cdd719ad8eb50f.jpg?ver=1787983489","contentUrl":"https:\/\/luxonomy.net\/wp-content\/litespeed\/avatar\/6b94e302749cd8a900cdd719ad8eb50f.jpg?ver=1787983489","caption":"Martha Foster"},"description":"Editor at LUXONOMY\u2122Group. Business Development.","url":"https:\/\/luxonomy.net\/es\/author\/marthafoster\/"}]}},"jetpack_publicize_connections":[],"jetpack_shortlink":"https:\/\/wp.me\/paPhBa-i7C","jetpack_sharing_enabled":true,"jetpack_featured_media_url":"https:\/\/i0.wp.com\/luxonomy.net\/wp-content\/uploads\/2026\/01\/Saks-Global-al-borde-del-colapso-financiero-scaled.jpg?fit=2560%2C1708&ssl=1","_links":{"self":[{"href":"https:\/\/luxonomy.net\/es\/wp-json\/wp\/v2\/posts\/69664","targetHints":{"allow":["GET"]}}],"collection":[{"href":"https:\/\/luxonomy.net\/es\/wp-json\/wp\/v2\/posts"}],"about":[{"href":"https:\/\/luxonomy.net\/es\/wp-json\/wp\/v2\/types\/post"}],"author":[{"embeddable":true,"href":"https:\/\/luxonomy.net\/es\/wp-json\/wp\/v2\/users\/56"}],"replies":[{"embeddable":true,"href":"https:\/\/luxonomy.net\/es\/wp-json\/wp\/v2\/comments?post=69664"}],"version-history":[{"count":1,"href":"https:\/\/luxonomy.net\/es\/wp-json\/wp\/v2\/posts\/69664\/revisions"}],"predecessor-version":[{"id":69666,"href":"https:\/\/luxonomy.net\/es\/wp-json\/wp\/v2\/posts\/69664\/revisions\/69666"}],"wp:featuredmedia":[{"embeddable":true,"href":"https:\/\/luxonomy.net\/es\/wp-json\/wp\/v2\/media\/69665"}],"wp:attachment":[{"href":"https:\/\/luxonomy.net\/es\/wp-json\/wp\/v2\/media?parent=69664"}],"wp:term":[{"taxonomy":"category","embeddable":true,"href":"https:\/\/luxonomy.net\/es\/wp-json\/wp\/v2\/categories?post=69664"},{"taxonomy":"post_tag","embeddable":true,"href":"https:\/\/luxonomy.net\/es\/wp-json\/wp\/v2\/tags?post=69664"},{"taxonomy":"thb-sponsors","embeddable":true,"href":"https:\/\/luxonomy.net\/es\/wp-json\/wp\/v2\/thb-sponsors?post=69664"}],"curies":[{"name":"wp","href":"https:\/\/api.w.org\/{rel}","templated":true}]}}