{"id":69657,"date":"2026-01-12T13:39:37","date_gmt":"2026-01-12T12:39:37","guid":{"rendered":"https:\/\/luxonomy.net\/?p=69657"},"modified":"2026-01-12T13:39:48","modified_gmt":"2026-01-12T12:39:48","slug":"givenchy-nombra-a-amandine-ohayon-nueva-ceo","status":"publish","type":"post","link":"https:\/\/luxonomy.net\/es\/givenchy-nombra-a-amandine-ohayon-nueva-ceo\/","title":{"rendered":"Givenchy nombra a Amandine Ohayon nueva CEO"},"content":{"rendered":"\n<p class=\"wp-block-paragraph\">El grupo <strong>LVMH<\/strong> ha anunciado una reorganizaci\u00f3n estrat\u00e9gica en la c\u00fapula de dos de sus maisons m\u00e1s influyentes, una decisi\u00f3n que apunta a acelerar la ejecuci\u00f3n creativa y comercial en un contexto global cada vez m\u00e1s competitivo. Desde el <strong>9 de enero de 2026<\/strong>, <strong>Amandine Ohayon<\/strong> asume el cargo de consejera delegada de <strong>Givenchy<\/strong>, sucediendo a <strong>Alessandro Valenti<\/strong>, quien, pocos d\u00edas despu\u00e9s, el <strong>12 de enero<\/strong>, se incorporar\u00e1 a <strong>Christian Dior Couture<\/strong> como director general adjunto responsable de las actividades comerciales.<\/p>\n\n\n\n<h3 class=\"wp-block-heading\">Una transici\u00f3n pensada para el crecimiento<\/h3>\n\n\n\n<p class=\"wp-block-paragraph\">La llegada de Ohayon a Givenchy responde a la voluntad del grupo de consolidar una visi\u00f3n de largo recorrido para la maison, equilibrando herencia, modernidad y expansi\u00f3n internacional. Con una trayectoria centrada en la excelencia operativa y el desarrollo de marcas premium, su mandato buscar\u00e1 reforzar la coherencia entre creaci\u00f3n, producto y distribuci\u00f3n, al tiempo que impulsa nuevas oportunidades en mercados clave.<\/p>\n\n\n\n<p class=\"wp-block-paragraph\">Por su parte, el movimiento de Valenti hacia Dior subraya la apuesta por fortalecer la dimensi\u00f3n comercial de una de las casas m\u00e1s influyentes del lujo contempor\u00e1neo. Su experiencia al frente de Givenchy le permitir\u00e1 aportar una mirada transversal sobre clientes, canales y estrategias de crecimiento, en un momento en el que la demanda exige propuestas cada vez m\u00e1s precisas y alineadas con los valores de marca.<\/p><div id=\"luxon-1823643651\" class=\"luxon-3er-parrafo luxon-entity-placement\" style=\"margin-top: 20px;margin-bottom: 20px;margin-left: auto;margin-right: auto;text-align: center;\"><a href=\"https:\/\/luxonomy.university\/course\/master-turismo-de-lujo\" target=\"_blank\" aria-label=\"master-turismo-lujo-2026-2027\"><img loading=\"lazy\" decoding=\"async\" src=\"https:\/\/i0.wp.com\/luxonomy.net\/wp-content\/uploads\/2020\/07\/master-turismo-lujo-2026-2027.jpg?fit=1672%2C941&#038;ssl=1\" alt=\"\"  srcset=\"https:\/\/i0.wp.com\/luxonomy.net\/wp-content\/uploads\/2020\/07\/master-turismo-lujo-2026-2027.jpg?w=1672&ssl=1 1672w, https:\/\/i0.wp.com\/luxonomy.net\/wp-content\/uploads\/2020\/07\/master-turismo-lujo-2026-2027.jpg?resize=300%2C169&ssl=1 300w, https:\/\/i0.wp.com\/luxonomy.net\/wp-content\/uploads\/2020\/07\/master-turismo-lujo-2026-2027.jpg?resize=1024%2C576&ssl=1 1024w, https:\/\/i0.wp.com\/luxonomy.net\/wp-content\/uploads\/2020\/07\/master-turismo-lujo-2026-2027.jpg?resize=768%2C432&ssl=1 768w, https:\/\/i0.wp.com\/luxonomy.net\/wp-content\/uploads\/2020\/07\/master-turismo-lujo-2026-2027.jpg?resize=1536%2C864&ssl=1 1536w, https:\/\/i0.wp.com\/luxonomy.net\/wp-content\/uploads\/2020\/07\/master-turismo-lujo-2026-2027.jpg?resize=370%2C208&ssl=1 370w, https:\/\/i0.wp.com\/luxonomy.net\/wp-content\/uploads\/2020\/07\/master-turismo-lujo-2026-2027.jpg?resize=800%2C450&ssl=1 800w, https:\/\/i0.wp.com\/luxonomy.net\/wp-content\/uploads\/2020\/07\/master-turismo-lujo-2026-2027.jpg?resize=20%2C11&ssl=1 20w, https:\/\/i0.wp.com\/luxonomy.net\/wp-content\/uploads\/2020\/07\/master-turismo-lujo-2026-2027.jpg?resize=740%2C416&ssl=1 740w, https:\/\/i0.wp.com\/luxonomy.net\/wp-content\/uploads\/2020\/07\/master-turismo-lujo-2026-2027.jpg?resize=1600%2C900&ssl=1 1600w, https:\/\/i0.wp.com\/luxonomy.net\/wp-content\/uploads\/2020\/07\/master-turismo-lujo-2026-2027.jpg?resize=1200%2C675&ssl=1 1200w, https:\/\/i0.wp.com\/luxonomy.net\/wp-content\/uploads\/2020\/07\/master-turismo-lujo-2026-2027.jpg?resize=85%2C48&ssl=1 85w\" sizes=\"(max-width: 1170px) 100vw, 1170px\" class=\"no-lazyload\" width=\"1672\" height=\"941\"   \/><\/a><\/div>\n\n\n\n<h3 class=\"wp-block-heading\">M\u00e1s all\u00e1 de los nombramientos<\/h3>\n\n\n\n<p class=\"wp-block-paragraph\">Este reajuste no es un simple relevo de cargos. Forma parte de una arquitectura de liderazgo que <strong>LVMH<\/strong> viene desplegando para dotar a sus maisons de estructuras \u00e1giles, capaces de responder a ciclos creativos m\u00e1s r\u00e1pidos, a una clientela globalizada y a la integraci\u00f3n de nuevas tecnolog\u00edas en la cadena de valor.<\/p>\n\n\n\n<p class=\"wp-block-paragraph\">En el horizonte de 2026, Givenchy y Dior se posicionan as\u00ed para reforzar su influencia cultural y su rendimiento econ\u00f3mico, con equipos directivos dise\u00f1ados para anticipar tendencias, proteger el ADN de cada casa y convertir la visi\u00f3n creativa en resultados sostenibles.<\/p>\n\n\n\n<p><strong>Luxonomy Insight<\/strong><br>La reconfiguraci\u00f3n del liderazgo en las grandes maisons ya no se limita a gestionar el presente: se concibe como una herramienta para dise\u00f1ar el futuro del lujo, donde creatividad, negocio y visi\u00f3n internacional avanzan de forma coordinada.<\/p><p><\/p>\n","protected":false},"excerpt":{"rendered":"<p>El grupo LVMH ha anunciado una reorganizaci\u00f3n estrat\u00e9gica en la c\u00fapula de dos de sus maisons m\u00e1s influyentes, una decisi\u00f3n que apunta a acelerar la ejecuci\u00f3n creativa y comercial en un contexto global cada vez m\u00e1s competitivo. Desde el 9 de enero de 2026, Amandine Ohayon asume el cargo de consejera delegada de Givenchy, sucediendo a Alessandro Valenti, quien, pocos d\u00edas despu\u00e9s, el 12 de enero, se incorporar\u00e1 a Christian Dior Couture como director general adjunto responsable de las actividades comerciales.<\/p>\n","protected":false},"author":11,"featured_media":69658,"comment_status":"open","ping_status":"open","sticky":false,"template":"","format":"standard","meta":{"_jetpack_newsletter_access":"","_jetpack_dont_email_post_to_subs":false,"_jetpack_newsletter_tier_id":0,"_jetpack_memberships_contains_paywalled_content":false,"_jetpack_feature_clip_id":0,"_jetpack_memberships_contains_paid_content":false,"footnotes":"","jetpack_publicize_message":"El grupo LVMH ha anunciado una reorganizaci\u00f3n estrat\u00e9gica en la c\u00fapula de dos de sus maisons m\u00e1s influyentes, una decisi\u00f3n que apunta a acelerar la ejecuci\u00f3n creativa y comercial en un contexto global cada vez m\u00e1s competitivo. Desde el 9 de enero de 2026, Amandine Ohayon asume el cargo de consejera delegada de Givenchy, sucediendo a Alessandro Valenti, quien, pocos d\u00edas despu\u00e9s, el 12 de enero, se incorporar\u00e1 a Christian Dior Couture como director general adjunto responsable de las actividades comerciales.","jetpack_publicize_feature_enabled":true,"jetpack_social_post_already_shared":true,"jetpack_social_options":{"image_generator_settings":{"template":"edge","default_image_id":0,"font":"","enabled":false},"version":2},"jetpack_post_was_ever_published":false},"categories":[1672],"tags":[10045,798,585],"thb-sponsors":[],"class_list":["post-69657","post","type-post","status-publish","format-standard","has-post-thumbnail","hentry","category-actualidad","tag-amandine-ohayon","tag-givenchy","tag-lvmh"],"yoast_head":"<!-- This site is optimized with the Yoast SEO plugin v28.4 - https:\/\/yoast.com\/product\/yoast-seo-wordpress\/ -->\n<title>Givenchy nombra a Amandine Ohayon nueva CEO | LUXONOMY<\/title>\n<meta name=\"robots\" content=\"index, follow, max-snippet:-1, max-image-preview:large, max-video-preview:-1\" \/>\n<link rel=\"canonical\" href=\"https:\/\/luxonomy.net\/es\/givenchy-nombra-a-amandine-ohayon-nueva-ceo\/\" \/>\n<meta property=\"og:locale\" content=\"es_ES\" \/>\n<meta property=\"og:type\" content=\"article\" \/>\n<meta property=\"og:title\" content=\"Givenchy nombra a Amandine Ohayon nueva CEO | LUXONOMY\" \/>\n<meta property=\"og:description\" content=\"El grupo LVMH ha anunciado una reorganizaci\u00f3n estrat\u00e9gica en la c\u00fapula de dos de sus maisons m\u00e1s influyentes, una decisi\u00f3n que apunta a acelerar la ejecuci\u00f3n creativa y comercial en un contexto global cada vez m\u00e1s competitivo. Desde el 9 de enero de 2026, Amandine Ohayon asume el cargo de consejera delegada de Givenchy, sucediendo a Alessandro Valenti, quien, pocos d\u00edas despu\u00e9s, el 12 de enero, se incorporar\u00e1 a Christian Dior Couture como director general adjunto responsable de las actividades comerciales.\" \/>\n<meta property=\"og:url\" content=\"https:\/\/luxonomy.net\/es\/givenchy-nombra-a-amandine-ohayon-nueva-ceo\/\" \/>\n<meta property=\"og:site_name\" content=\"LUXONOMY\" \/>\n<meta property=\"article:publisher\" content=\"https:\/\/www.facebook.com\/luxonomy\" \/>\n<meta property=\"article:published_time\" content=\"2026-01-12T12:39:37+00:00\" \/>\n<meta property=\"article:modified_time\" content=\"2026-01-12T12:39:48+00:00\" \/>\n<meta property=\"og:image\" content=\"https:\/\/luxonomy.net\/wp-content\/uploads\/2026\/01\/Givenchy-nombra-a-Amandine-Ohayon-nueva-CEO.webp\" \/>\n\t<meta property=\"og:image:width\" content=\"1000\" \/>\n\t<meta property=\"og:image:height\" content=\"563\" \/>\n\t<meta property=\"og:image:type\" content=\"image\/webp\" \/>\n<meta name=\"author\" content=\"Kristi Ellis\" \/>\n<meta name=\"twitter:card\" content=\"summary_large_image\" \/>\n<meta name=\"twitter:label1\" content=\"Escrito por\" \/>\n\t<meta name=\"twitter:data1\" content=\"Kristi Ellis\" \/>\n\t<meta name=\"twitter:label2\" content=\"Tiempo de lectura\" \/>\n\t<meta name=\"twitter:data2\" content=\"2 minutos\" \/>\n<script type=\"application\/ld+json\" class=\"yoast-schema-graph\">{\"@context\":\"https:\\\/\\\/schema.org\",\"@graph\":[{\"@type\":\"Article\",\"@id\":\"https:\\\/\\\/luxonomy.net\\\/es\\\/givenchy-nombra-a-amandine-ohayon-nueva-ceo\\\/#article\",\"isPartOf\":{\"@id\":\"https:\\\/\\\/luxonomy.net\\\/es\\\/givenchy-nombra-a-amandine-ohayon-nueva-ceo\\\/\"},\"author\":{\"name\":\"Kristi Ellis\",\"@id\":\"https:\\\/\\\/luxonomy.net\\\/es\\\/#\\\/schema\\\/person\\\/1a813e5ec518f582af236d6344aa6c01\"},\"headline\":\"Givenchy nombra a Amandine Ohayon nueva CEO\",\"datePublished\":\"2026-01-12T12:39:37+00:00\",\"dateModified\":\"2026-01-12T12:39:48+00:00\",\"mainEntityOfPage\":{\"@id\":\"https:\\\/\\\/luxonomy.net\\\/es\\\/givenchy-nombra-a-amandine-ohayon-nueva-ceo\\\/\"},\"wordCount\":385,\"commentCount\":0,\"publisher\":{\"@id\":\"https:\\\/\\\/luxonomy.net\\\/es\\\/#organization\"},\"image\":{\"@id\":\"https:\\\/\\\/luxonomy.net\\\/es\\\/givenchy-nombra-a-amandine-ohayon-nueva-ceo\\\/#primaryimage\"},\"thumbnailUrl\":\"https:\\\/\\\/i0.wp.com\\\/luxonomy.net\\\/wp-content\\\/uploads\\\/2026\\\/01\\\/Givenchy-nombra-a-Amandine-Ohayon-nueva-CEO.webp?fit=1000%2C563&ssl=1\",\"keywords\":[\"Amandine Ohayon\",\"Givenchy\",\"LVMH\"],\"articleSection\":[\"Actualidad\"],\"inLanguage\":\"es\",\"potentialAction\":[{\"@type\":\"CommentAction\",\"name\":\"Comment\",\"target\":[\"https:\\\/\\\/luxonomy.net\\\/es\\\/givenchy-nombra-a-amandine-ohayon-nueva-ceo\\\/#respond\"]}]},{\"@type\":\"WebPage\",\"@id\":\"https:\\\/\\\/luxonomy.net\\\/es\\\/givenchy-nombra-a-amandine-ohayon-nueva-ceo\\\/\",\"url\":\"https:\\\/\\\/luxonomy.net\\\/es\\\/givenchy-nombra-a-amandine-ohayon-nueva-ceo\\\/\",\"name\":\"Givenchy nombra a Amandine Ohayon nueva CEO | LUXONOMY\",\"isPartOf\":{\"@id\":\"https:\\\/\\\/luxonomy.net\\\/es\\\/#website\"},\"primaryImageOfPage\":{\"@id\":\"https:\\\/\\\/luxonomy.net\\\/es\\\/givenchy-nombra-a-amandine-ohayon-nueva-ceo\\\/#primaryimage\"},\"image\":{\"@id\":\"https:\\\/\\\/luxonomy.net\\\/es\\\/givenchy-nombra-a-amandine-ohayon-nueva-ceo\\\/#primaryimage\"},\"thumbnailUrl\":\"https:\\\/\\\/i0.wp.com\\\/luxonomy.net\\\/wp-content\\\/uploads\\\/2026\\\/01\\\/Givenchy-nombra-a-Amandine-Ohayon-nueva-CEO.webp?fit=1000%2C563&ssl=1\",\"datePublished\":\"2026-01-12T12:39:37+00:00\",\"dateModified\":\"2026-01-12T12:39:48+00:00\",\"breadcrumb\":{\"@id\":\"https:\\\/\\\/luxonomy.net\\\/es\\\/givenchy-nombra-a-amandine-ohayon-nueva-ceo\\\/#breadcrumb\"},\"inLanguage\":\"es\",\"potentialAction\":[{\"@type\":\"ReadAction\",\"target\":[\"https:\\\/\\\/luxonomy.net\\\/es\\\/givenchy-nombra-a-amandine-ohayon-nueva-ceo\\\/\"]}]},{\"@type\":\"ImageObject\",\"inLanguage\":\"es\",\"@id\":\"https:\\\/\\\/luxonomy.net\\\/es\\\/givenchy-nombra-a-amandine-ohayon-nueva-ceo\\\/#primaryimage\",\"url\":\"https:\\\/\\\/i0.wp.com\\\/luxonomy.net\\\/wp-content\\\/uploads\\\/2026\\\/01\\\/Givenchy-nombra-a-Amandine-Ohayon-nueva-CEO.webp?fit=1000%2C563&ssl=1\",\"contentUrl\":\"https:\\\/\\\/i0.wp.com\\\/luxonomy.net\\\/wp-content\\\/uploads\\\/2026\\\/01\\\/Givenchy-nombra-a-Amandine-Ohayon-nueva-CEO.webp?fit=1000%2C563&ssl=1\",\"width\":1000,\"height\":563},{\"@type\":\"BreadcrumbList\",\"@id\":\"https:\\\/\\\/luxonomy.net\\\/es\\\/givenchy-nombra-a-amandine-ohayon-nueva-ceo\\\/#breadcrumb\",\"itemListElement\":[{\"@type\":\"ListItem\",\"position\":1,\"name\":\"Portada\",\"item\":\"https:\\\/\\\/luxonomy.net\\\/es\\\/\"},{\"@type\":\"ListItem\",\"position\":2,\"name\":\"Givenchy nombra a Amandine Ohayon nueva CEO\"}]},{\"@type\":\"WebSite\",\"@id\":\"https:\\\/\\\/luxonomy.net\\\/es\\\/#website\",\"url\":\"https:\\\/\\\/luxonomy.net\\\/es\\\/\",\"name\":\"LUXONOMY\",\"description\":\"The Economy of Fashion &amp; Luxury\",\"publisher\":{\"@id\":\"https:\\\/\\\/luxonomy.net\\\/es\\\/#organization\"},\"potentialAction\":[{\"@type\":\"SearchAction\",\"target\":{\"@type\":\"EntryPoint\",\"urlTemplate\":\"https:\\\/\\\/luxonomy.net\\\/es\\\/?s={search_term_string}\"},\"query-input\":{\"@type\":\"PropertyValueSpecification\",\"valueRequired\":true,\"valueName\":\"search_term_string\"}}],\"inLanguage\":\"es\"},{\"@type\":\"Organization\",\"@id\":\"https:\\\/\\\/luxonomy.net\\\/es\\\/#organization\",\"name\":\"LUXONOMY\",\"url\":\"https:\\\/\\\/luxonomy.net\\\/es\\\/\",\"logo\":{\"@type\":\"ImageObject\",\"inLanguage\":\"es\",\"@id\":\"https:\\\/\\\/luxonomy.net\\\/es\\\/#\\\/schema\\\/logo\\\/image\\\/\",\"url\":\"https:\\\/\\\/i2.wp.com\\\/luxonomy.net\\\/wp-content\\\/uploads\\\/2021\\\/09\\\/MOCKUP-TODOS-LUXONOMY.jpg?fit=1000%2C515&ssl=1\",\"contentUrl\":\"https:\\\/\\\/i2.wp.com\\\/luxonomy.net\\\/wp-content\\\/uploads\\\/2021\\\/09\\\/MOCKUP-TODOS-LUXONOMY.jpg?fit=1000%2C515&ssl=1\",\"width\":1000,\"height\":515,\"caption\":\"LUXONOMY\"},\"image\":{\"@id\":\"https:\\\/\\\/luxonomy.net\\\/es\\\/#\\\/schema\\\/logo\\\/image\\\/\"},\"sameAs\":[\"https:\\\/\\\/www.facebook.com\\\/luxonomy\",\"https:\\\/\\\/www.instagram.com\\\/luxonomy\\\/\",\"https:\\\/\\\/www.linkedin.com\\\/company\\\/luxonomy\\\/\"]},{\"@type\":\"Person\",\"@id\":\"https:\\\/\\\/luxonomy.net\\\/es\\\/#\\\/schema\\\/person\\\/1a813e5ec518f582af236d6344aa6c01\",\"name\":\"Kristi Ellis\",\"image\":{\"@type\":\"ImageObject\",\"inLanguage\":\"es\",\"@id\":\"https:\\\/\\\/luxonomy.net\\\/wp-content\\\/litespeed\\\/avatar\\\/ae0c58256b980352bba3c97a8f9abe32.jpg?ver=1788580188\",\"url\":\"https:\\\/\\\/luxonomy.net\\\/wp-content\\\/litespeed\\\/avatar\\\/ae0c58256b980352bba3c97a8f9abe32.jpg?ver=1788580188\",\"contentUrl\":\"https:\\\/\\\/luxonomy.net\\\/wp-content\\\/litespeed\\\/avatar\\\/ae0c58256b980352bba3c97a8f9abe32.jpg?ver=1788580188\",\"caption\":\"Kristi Ellis\"},\"url\":\"https:\\\/\\\/luxonomy.net\\\/es\\\/author\\\/kristi-ellis\\\/\"}]}<\/script>\n<!-- \/ Yoast SEO plugin. -->","yoast_head_json":{"title":"Givenchy nombra a Amandine Ohayon nueva CEO | LUXONOMY","robots":{"index":"index","follow":"follow","max-snippet":"max-snippet:-1","max-image-preview":"max-image-preview:large","max-video-preview":"max-video-preview:-1"},"canonical":"https:\/\/luxonomy.net\/es\/givenchy-nombra-a-amandine-ohayon-nueva-ceo\/","og_locale":"es_ES","og_type":"article","og_title":"Givenchy nombra a Amandine Ohayon nueva CEO | LUXONOMY","og_description":"El grupo LVMH ha anunciado una reorganizaci\u00f3n estrat\u00e9gica en la c\u00fapula de dos de sus maisons m\u00e1s influyentes, una decisi\u00f3n que apunta a acelerar la ejecuci\u00f3n creativa y comercial en un contexto global cada vez m\u00e1s competitivo. Desde el 9 de enero de 2026, Amandine Ohayon asume el cargo de consejera delegada de Givenchy, sucediendo a Alessandro Valenti, quien, pocos d\u00edas despu\u00e9s, el 12 de enero, se incorporar\u00e1 a Christian Dior Couture como director general adjunto responsable de las actividades comerciales.","og_url":"https:\/\/luxonomy.net\/es\/givenchy-nombra-a-amandine-ohayon-nueva-ceo\/","og_site_name":"LUXONOMY","article_publisher":"https:\/\/www.facebook.com\/luxonomy","article_published_time":"2026-01-12T12:39:37+00:00","article_modified_time":"2026-01-12T12:39:48+00:00","og_image":[{"width":1000,"height":563,"url":"https:\/\/luxonomy.net\/wp-content\/uploads\/2026\/01\/Givenchy-nombra-a-Amandine-Ohayon-nueva-CEO.webp","type":"image\/webp"}],"author":"Kristi Ellis","twitter_card":"summary_large_image","twitter_misc":{"Escrito por":"Kristi Ellis","Tiempo de lectura":"2 minutos"},"schema":{"@context":"https:\/\/schema.org","@graph":[{"@type":"Article","@id":"https:\/\/luxonomy.net\/es\/givenchy-nombra-a-amandine-ohayon-nueva-ceo\/#article","isPartOf":{"@id":"https:\/\/luxonomy.net\/es\/givenchy-nombra-a-amandine-ohayon-nueva-ceo\/"},"author":{"name":"Kristi Ellis","@id":"https:\/\/luxonomy.net\/es\/#\/schema\/person\/1a813e5ec518f582af236d6344aa6c01"},"headline":"Givenchy nombra a Amandine Ohayon nueva CEO","datePublished":"2026-01-12T12:39:37+00:00","dateModified":"2026-01-12T12:39:48+00:00","mainEntityOfPage":{"@id":"https:\/\/luxonomy.net\/es\/givenchy-nombra-a-amandine-ohayon-nueva-ceo\/"},"wordCount":385,"commentCount":0,"publisher":{"@id":"https:\/\/luxonomy.net\/es\/#organization"},"image":{"@id":"https:\/\/luxonomy.net\/es\/givenchy-nombra-a-amandine-ohayon-nueva-ceo\/#primaryimage"},"thumbnailUrl":"https:\/\/i0.wp.com\/luxonomy.net\/wp-content\/uploads\/2026\/01\/Givenchy-nombra-a-Amandine-Ohayon-nueva-CEO.webp?fit=1000%2C563&ssl=1","keywords":["Amandine Ohayon","Givenchy","LVMH"],"articleSection":["Actualidad"],"inLanguage":"es","potentialAction":[{"@type":"CommentAction","name":"Comment","target":["https:\/\/luxonomy.net\/es\/givenchy-nombra-a-amandine-ohayon-nueva-ceo\/#respond"]}]},{"@type":"WebPage","@id":"https:\/\/luxonomy.net\/es\/givenchy-nombra-a-amandine-ohayon-nueva-ceo\/","url":"https:\/\/luxonomy.net\/es\/givenchy-nombra-a-amandine-ohayon-nueva-ceo\/","name":"Givenchy nombra a Amandine Ohayon nueva CEO | LUXONOMY","isPartOf":{"@id":"https:\/\/luxonomy.net\/es\/#website"},"primaryImageOfPage":{"@id":"https:\/\/luxonomy.net\/es\/givenchy-nombra-a-amandine-ohayon-nueva-ceo\/#primaryimage"},"image":{"@id":"https:\/\/luxonomy.net\/es\/givenchy-nombra-a-amandine-ohayon-nueva-ceo\/#primaryimage"},"thumbnailUrl":"https:\/\/i0.wp.com\/luxonomy.net\/wp-content\/uploads\/2026\/01\/Givenchy-nombra-a-Amandine-Ohayon-nueva-CEO.webp?fit=1000%2C563&ssl=1","datePublished":"2026-01-12T12:39:37+00:00","dateModified":"2026-01-12T12:39:48+00:00","breadcrumb":{"@id":"https:\/\/luxonomy.net\/es\/givenchy-nombra-a-amandine-ohayon-nueva-ceo\/#breadcrumb"},"inLanguage":"es","potentialAction":[{"@type":"ReadAction","target":["https:\/\/luxonomy.net\/es\/givenchy-nombra-a-amandine-ohayon-nueva-ceo\/"]}]},{"@type":"ImageObject","inLanguage":"es","@id":"https:\/\/luxonomy.net\/es\/givenchy-nombra-a-amandine-ohayon-nueva-ceo\/#primaryimage","url":"https:\/\/i0.wp.com\/luxonomy.net\/wp-content\/uploads\/2026\/01\/Givenchy-nombra-a-Amandine-Ohayon-nueva-CEO.webp?fit=1000%2C563&ssl=1","contentUrl":"https:\/\/i0.wp.com\/luxonomy.net\/wp-content\/uploads\/2026\/01\/Givenchy-nombra-a-Amandine-Ohayon-nueva-CEO.webp?fit=1000%2C563&ssl=1","width":1000,"height":563},{"@type":"BreadcrumbList","@id":"https:\/\/luxonomy.net\/es\/givenchy-nombra-a-amandine-ohayon-nueva-ceo\/#breadcrumb","itemListElement":[{"@type":"ListItem","position":1,"name":"Portada","item":"https:\/\/luxonomy.net\/es\/"},{"@type":"ListItem","position":2,"name":"Givenchy nombra a Amandine Ohayon nueva CEO"}]},{"@type":"WebSite","@id":"https:\/\/luxonomy.net\/es\/#website","url":"https:\/\/luxonomy.net\/es\/","name":"LUXONOMY","description":"The Economy of Fashion &amp; Luxury","publisher":{"@id":"https:\/\/luxonomy.net\/es\/#organization"},"potentialAction":[{"@type":"SearchAction","target":{"@type":"EntryPoint","urlTemplate":"https:\/\/luxonomy.net\/es\/?s={search_term_string}"},"query-input":{"@type":"PropertyValueSpecification","valueRequired":true,"valueName":"search_term_string"}}],"inLanguage":"es"},{"@type":"Organization","@id":"https:\/\/luxonomy.net\/es\/#organization","name":"LUXONOMY","url":"https:\/\/luxonomy.net\/es\/","logo":{"@type":"ImageObject","inLanguage":"es","@id":"https:\/\/luxonomy.net\/es\/#\/schema\/logo\/image\/","url":"https:\/\/i2.wp.com\/luxonomy.net\/wp-content\/uploads\/2021\/09\/MOCKUP-TODOS-LUXONOMY.jpg?fit=1000%2C515&ssl=1","contentUrl":"https:\/\/i2.wp.com\/luxonomy.net\/wp-content\/uploads\/2021\/09\/MOCKUP-TODOS-LUXONOMY.jpg?fit=1000%2C515&ssl=1","width":1000,"height":515,"caption":"LUXONOMY"},"image":{"@id":"https:\/\/luxonomy.net\/es\/#\/schema\/logo\/image\/"},"sameAs":["https:\/\/www.facebook.com\/luxonomy","https:\/\/www.instagram.com\/luxonomy\/","https:\/\/www.linkedin.com\/company\/luxonomy\/"]},{"@type":"Person","@id":"https:\/\/luxonomy.net\/es\/#\/schema\/person\/1a813e5ec518f582af236d6344aa6c01","name":"Kristi Ellis","image":{"@type":"ImageObject","inLanguage":"es","@id":"https:\/\/luxonomy.net\/wp-content\/litespeed\/avatar\/ae0c58256b980352bba3c97a8f9abe32.jpg?ver=1788580188","url":"https:\/\/luxonomy.net\/wp-content\/litespeed\/avatar\/ae0c58256b980352bba3c97a8f9abe32.jpg?ver=1788580188","contentUrl":"https:\/\/luxonomy.net\/wp-content\/litespeed\/avatar\/ae0c58256b980352bba3c97a8f9abe32.jpg?ver=1788580188","caption":"Kristi Ellis"},"url":"https:\/\/luxonomy.net\/es\/author\/kristi-ellis\/"}]}},"jetpack_publicize_connections":[],"jetpack_shortlink":"https:\/\/wp.me\/paPhBa-i7v","jetpack_sharing_enabled":true,"jetpack_featured_media_url":"https:\/\/i0.wp.com\/luxonomy.net\/wp-content\/uploads\/2026\/01\/Givenchy-nombra-a-Amandine-Ohayon-nueva-CEO.webp?fit=1000%2C563&ssl=1","_links":{"self":[{"href":"https:\/\/luxonomy.net\/es\/wp-json\/wp\/v2\/posts\/69657","targetHints":{"allow":["GET"]}}],"collection":[{"href":"https:\/\/luxonomy.net\/es\/wp-json\/wp\/v2\/posts"}],"about":[{"href":"https:\/\/luxonomy.net\/es\/wp-json\/wp\/v2\/types\/post"}],"author":[{"embeddable":true,"href":"https:\/\/luxonomy.net\/es\/wp-json\/wp\/v2\/users\/11"}],"replies":[{"embeddable":true,"href":"https:\/\/luxonomy.net\/es\/wp-json\/wp\/v2\/comments?post=69657"}],"version-history":[{"count":1,"href":"https:\/\/luxonomy.net\/es\/wp-json\/wp\/v2\/posts\/69657\/revisions"}],"predecessor-version":[{"id":69659,"href":"https:\/\/luxonomy.net\/es\/wp-json\/wp\/v2\/posts\/69657\/revisions\/69659"}],"wp:featuredmedia":[{"embeddable":true,"href":"https:\/\/luxonomy.net\/es\/wp-json\/wp\/v2\/media\/69658"}],"wp:attachment":[{"href":"https:\/\/luxonomy.net\/es\/wp-json\/wp\/v2\/media?parent=69657"}],"wp:term":[{"taxonomy":"category","embeddable":true,"href":"https:\/\/luxonomy.net\/es\/wp-json\/wp\/v2\/categories?post=69657"},{"taxonomy":"post_tag","embeddable":true,"href":"https:\/\/luxonomy.net\/es\/wp-json\/wp\/v2\/tags?post=69657"},{"taxonomy":"thb-sponsors","embeddable":true,"href":"https:\/\/luxonomy.net\/es\/wp-json\/wp\/v2\/thb-sponsors?post=69657"}],"curies":[{"name":"wp","href":"https:\/\/api.w.org\/{rel}","templated":true}]}}