{"id":69515,"date":"2025-12-25T15:19:34","date_gmt":"2025-12-25T14:19:34","guid":{"rendered":"https:\/\/luxonomy.net\/?p=69515"},"modified":"2025-12-25T15:19:47","modified_gmt":"2025-12-25T14:19:47","slug":"los-jovenes-redefinen-el-lujo-tras-la-navidad","status":"publish","type":"post","link":"https:\/\/luxonomy.net\/es\/los-jovenes-redefinen-el-lujo-tras-la-navidad\/","title":{"rendered":"Los j\u00f3venes redefinen el lujo tras la Navidad"},"content":{"rendered":"\n<p class=\"wp-block-paragraph\">Durante d\u00e9cadas, el lujo se construy\u00f3 sobre la base de grandes adquisiciones, decisiones meditadas y momentos excepcionales. Sin embargo, el comportamiento de los consumidores m\u00e1s j\u00f3venes est\u00e1 redibujando este paradigma con rapidez. En 2025, especialmente tras la \u00faltima campa\u00f1a navide\u00f1a y el inicio del nuevo ciclo econ\u00f3mico, se consolida una tendencia que redefine el concepto mismo de lujo: <strong>menos grandes compras y m\u00e1s indulgencias frecuentes, flexibles y emocionales<\/strong>.<\/p>\n\n\n\n<p class=\"wp-block-paragraph\">Este cambio no responde a una moda pasajera, sino a una transformaci\u00f3n profunda del v\u00ednculo entre consumo, identidad y expectativas de vida. Para el sector del lujo, comprender esta din\u00e1mica resulta clave para anticipar c\u00f3mo evolucionar\u00e1 la demanda en los pr\u00f3ximos a\u00f1os.<\/p>\n\n\n\n<h3 class=\"wp-block-heading\">Del lujo aspiracional al lujo cotidiano<\/h3>\n\n\n\n<p class=\"wp-block-paragraph\">Las generaciones m\u00e1s j\u00f3venes, en particular la <strong>Gen Z<\/strong> y los millennials tard\u00edos, ya no perciben el lujo como una meta lejana asociada a la acumulaci\u00f3n de bienes duraderos. En su lugar, priorizan <strong>momentos de disfrute inmediato<\/strong>, experiencias personales y productos que encajen con su estilo de vida cambiante.<\/p><div id=\"luxon-1244015637\" class=\"luxon-3er-parrafo luxon-entity-placement\" style=\"margin-top: 20px;margin-bottom: 20px;margin-left: auto;margin-right: auto;text-align: center;\"><a href=\"https:\/\/luxonomy.university\/course\/master-turismo-de-lujo\" target=\"_blank\" aria-label=\"master-turismo-lujo-2026-2027\"><img loading=\"lazy\" decoding=\"async\" src=\"https:\/\/i0.wp.com\/luxonomy.net\/wp-content\/uploads\/2020\/07\/master-turismo-lujo-2026-2027.jpg?fit=1672%2C941&#038;ssl=1\" alt=\"\"  srcset=\"https:\/\/i0.wp.com\/luxonomy.net\/wp-content\/uploads\/2020\/07\/master-turismo-lujo-2026-2027.jpg?w=1672&ssl=1 1672w, https:\/\/i0.wp.com\/luxonomy.net\/wp-content\/uploads\/2020\/07\/master-turismo-lujo-2026-2027.jpg?resize=300%2C169&ssl=1 300w, https:\/\/i0.wp.com\/luxonomy.net\/wp-content\/uploads\/2020\/07\/master-turismo-lujo-2026-2027.jpg?resize=1024%2C576&ssl=1 1024w, https:\/\/i0.wp.com\/luxonomy.net\/wp-content\/uploads\/2020\/07\/master-turismo-lujo-2026-2027.jpg?resize=768%2C432&ssl=1 768w, https:\/\/i0.wp.com\/luxonomy.net\/wp-content\/uploads\/2020\/07\/master-turismo-lujo-2026-2027.jpg?resize=1536%2C864&ssl=1 1536w, https:\/\/i0.wp.com\/luxonomy.net\/wp-content\/uploads\/2020\/07\/master-turismo-lujo-2026-2027.jpg?resize=370%2C208&ssl=1 370w, https:\/\/i0.wp.com\/luxonomy.net\/wp-content\/uploads\/2020\/07\/master-turismo-lujo-2026-2027.jpg?resize=800%2C450&ssl=1 800w, https:\/\/i0.wp.com\/luxonomy.net\/wp-content\/uploads\/2020\/07\/master-turismo-lujo-2026-2027.jpg?resize=20%2C11&ssl=1 20w, https:\/\/i0.wp.com\/luxonomy.net\/wp-content\/uploads\/2020\/07\/master-turismo-lujo-2026-2027.jpg?resize=740%2C416&ssl=1 740w, https:\/\/i0.wp.com\/luxonomy.net\/wp-content\/uploads\/2020\/07\/master-turismo-lujo-2026-2027.jpg?resize=1600%2C900&ssl=1 1600w, https:\/\/i0.wp.com\/luxonomy.net\/wp-content\/uploads\/2020\/07\/master-turismo-lujo-2026-2027.jpg?resize=1200%2C675&ssl=1 1200w, https:\/\/i0.wp.com\/luxonomy.net\/wp-content\/uploads\/2020\/07\/master-turismo-lujo-2026-2027.jpg?resize=85%2C48&ssl=1 85w\" sizes=\"(max-width: 1170px) 100vw, 1170px\" class=\"no-lazyload\" width=\"1672\" height=\"941\"   \/><\/a><\/div>\n\n\n\n<p class=\"wp-block-paragraph\">Este fen\u00f3meno se traduce en el auge de los llamados <em>small indulgences<\/em>: art\u00edculos de menor precio unitario, ediciones limitadas, versiones mini de productos ic\u00f3nicos o servicios premium accesibles por tiempo limitado. El lujo deja de ser una promesa futura y se integra en el d\u00eda a d\u00eda, fragmentado en m\u00faltiples decisiones de consumo.<\/p>\n\n\n\n<h3 class=\"wp-block-heading\">Alquiler, reventa y suscripci\u00f3n: el nuevo ecosistema del deseo<\/h3>\n\n\n\n<p class=\"wp-block-paragraph\">Uno de los indicadores m\u00e1s claros de esta evoluci\u00f3n es el crecimiento sostenido de los modelos circulares. El alquiler de moda, la reventa de art\u00edculos de alta gama y los sistemas de suscripci\u00f3n est\u00e1n dejando de ser alternativas marginales para convertirse en <strong>canales estrat\u00e9gicos<\/strong>.<\/p>\n\n\n\n<p class=\"wp-block-paragraph\">Para el consumidor joven, estas f\u00f3rmulas ofrecen tres ventajas clave:<\/p>\n\n\n\n<ul class=\"wp-block-list\">\n<li><strong>Flexibilidad<\/strong>: acceso a piezas exclusivas sin compromiso a largo plazo.<\/li>\n\n\n\n<li><strong>Rotaci\u00f3n constante<\/strong>: posibilidad de cambiar con frecuencia, aline\u00e1ndose con una identidad fluida.<\/li>\n\n\n\n<li><strong>Coherencia \u00e9tica<\/strong>: una percepci\u00f3n m\u00e1s responsable del consumo, sin renunciar al placer est\u00e9tico.<\/li>\n<\/ul>\n\n\n\n<p class=\"wp-block-paragraph\">Lejos de diluir el posicionamiento, muchas casas de lujo empiezan a integrar estos modelos como extensiones controladas de su universo de marca.<\/p><div id=\"luxon-4283734218\" class=\"luxon-7-parrafo luxon-entity-placement\" style=\"margin-top: 20px;margin-bottom: 20px;margin-left: auto;margin-right: auto;text-align: center;\"><a href=\"https:\/\/theintelligence.institute\/course\/inteligencia-artificial-para-directivos\" target=\"_blank\" aria-label=\"CSIAD_empresas_THEI_horizontal_4x3_v5\"><img loading=\"lazy\" decoding=\"async\" src=\"https:\/\/i0.wp.com\/luxonomy.net\/wp-content\/uploads\/2025\/08\/CSIAD_empresas_THEI_horizontal_4x3_v5.png?fit=2000%2C1500&#038;ssl=1\" alt=\"\"  srcset=\"https:\/\/i0.wp.com\/luxonomy.net\/wp-content\/uploads\/2025\/08\/CSIAD_empresas_THEI_horizontal_4x3_v5.png?w=2000&ssl=1 2000w, https:\/\/i0.wp.com\/luxonomy.net\/wp-content\/uploads\/2025\/08\/CSIAD_empresas_THEI_horizontal_4x3_v5.png?resize=300%2C225&ssl=1 300w, https:\/\/i0.wp.com\/luxonomy.net\/wp-content\/uploads\/2025\/08\/CSIAD_empresas_THEI_horizontal_4x3_v5.png?resize=1024%2C768&ssl=1 1024w, https:\/\/i0.wp.com\/luxonomy.net\/wp-content\/uploads\/2025\/08\/CSIAD_empresas_THEI_horizontal_4x3_v5.png?resize=768%2C576&ssl=1 768w, https:\/\/i0.wp.com\/luxonomy.net\/wp-content\/uploads\/2025\/08\/CSIAD_empresas_THEI_horizontal_4x3_v5.png?resize=1536%2C1152&ssl=1 1536w, https:\/\/i0.wp.com\/luxonomy.net\/wp-content\/uploads\/2025\/08\/CSIAD_empresas_THEI_horizontal_4x3_v5.png?resize=370%2C278&ssl=1 370w, https:\/\/i0.wp.com\/luxonomy.net\/wp-content\/uploads\/2025\/08\/CSIAD_empresas_THEI_horizontal_4x3_v5.png?resize=800%2C600&ssl=1 800w, https:\/\/i0.wp.com\/luxonomy.net\/wp-content\/uploads\/2025\/08\/CSIAD_empresas_THEI_horizontal_4x3_v5.png?resize=20%2C15&ssl=1 20w, https:\/\/i0.wp.com\/luxonomy.net\/wp-content\/uploads\/2025\/08\/CSIAD_empresas_THEI_horizontal_4x3_v5.png?resize=740%2C555&ssl=1 740w, https:\/\/i0.wp.com\/luxonomy.net\/wp-content\/uploads\/2025\/08\/CSIAD_empresas_THEI_horizontal_4x3_v5.png?resize=1600%2C1200&ssl=1 1600w, https:\/\/i0.wp.com\/luxonomy.net\/wp-content\/uploads\/2025\/08\/CSIAD_empresas_THEI_horizontal_4x3_v5.png?resize=1200%2C900&ssl=1 1200w, https:\/\/i0.wp.com\/luxonomy.net\/wp-content\/uploads\/2025\/08\/CSIAD_empresas_THEI_horizontal_4x3_v5.png?resize=64%2C48&ssl=1 64w\" sizes=\"(max-width: 1170px) 100vw, 1170px\" class=\"no-lazyload\" width=\"2000\" height=\"1500\"   \/><\/a><\/div>\n\n\n\n<h3 class=\"wp-block-heading\">Regalos digitales y consumo desmaterializado<\/h3>\n\n\n\n<p class=\"wp-block-paragraph\">Otro rasgo que define esta etapa es la preferencia por <strong>formatos de regalo digitales<\/strong>: tarjetas premium, experiencias virtuales, membres\u00edas exclusivas o acceso anticipado a lanzamientos. El objeto f\u00edsico cede protagonismo frente a la promesa de acceso, pertenencia y personalizaci\u00f3n.<\/p>\n\n\n\n<p class=\"wp-block-paragraph\">Este tipo de consumo prolonga el v\u00ednculo entre marca y cliente m\u00e1s all\u00e1 del momento de compra y encaja con una l\u00f3gica de lujo continuo, donde cada interacci\u00f3n forma parte de un mismo recorrido emocional.<\/p>\n\n\n\n<h3 class=\"wp-block-heading\">Un \u00fanico customer journey, no compras aisladas<\/h3>\n\n\n\n<p class=\"wp-block-paragraph\">Lo m\u00e1s relevante de este cambio es que ya no puede analizarse como una sucesi\u00f3n de actos independientes. El consumidor joven construye su relaci\u00f3n con el lujo como un <strong>viaje continuo<\/strong>, que empieza en la inspiraci\u00f3n digital, pasa por el uso temporal, la reventa o el intercambio, y se proyecta hacia futuras decisiones.<\/p>\n\n\n\n<p class=\"wp-block-paragraph\">En este contexto, la fidelidad no se mide por la repetici\u00f3n de grandes compras, sino por la <strong>capacidad de la marca para estar presente en m\u00faltiples momentos de la vida del cliente<\/strong>, adapt\u00e1ndose a su realidad econ\u00f3mica y emocional.<\/p>\n\n\n\n<h3 class=\"wp-block-heading\">Implicaciones estrat\u00e9gicas para el lujo del ma\u00f1ana<\/h3>\n\n\n\n<p class=\"wp-block-paragraph\">Para las marcas de alta gama, esta transformaci\u00f3n plantea retos y oportunidades claras:<\/p>\n\n\n\n<ul class=\"wp-block-list\">\n<li>Dise\u00f1ar productos y servicios pensados para el <strong>microconsumo premium<\/strong>.<\/li>\n\n\n\n<li>Integrar modelos flexibles sin perder control ni coherencia.<\/li>\n\n\n\n<li>Replantear el valor del objeto frente al valor de la experiencia.<\/li>\n\n\n\n<li>Apostar por una narrativa que acompa\u00f1e al cliente a lo largo del tiempo, no solo en el momento de la compra.<\/li>\n<\/ul>\n\n\n\n<p>El lujo del futuro no se define por la magnitud de la adquisici\u00f3n, sino por la <strong>intensidad del v\u00ednculo<\/strong>. Entender esta l\u00f3gica permitir\u00e1 a las casas que lideren el cambio mantener su relevancia en un mercado cada vez m\u00e1s fragmentado, digital y orientado al disfrute consciente.<\/p><p><\/p>\n","protected":false},"excerpt":{"rendered":"<p>Durante d\u00e9cadas, el lujo se construy\u00f3 sobre la base de grandes adquisiciones, decisiones meditadas y momentos excepcionales. Sin embargo, el comportamiento de los consumidores m\u00e1s j\u00f3venes est\u00e1 redibujando este paradigma con rapidez. En 2025, especialmente tras la \u00faltima campa\u00f1a navide\u00f1a y el inicio del nuevo ciclo econ\u00f3mico, se consolida una tendencia que redefine el concepto mismo de lujo: menos grandes compras y m\u00e1s indulgencias frecuentes, flexibles y emocionales.<\/p>\n","protected":false},"author":19,"featured_media":69516,"comment_status":"open","ping_status":"open","sticky":false,"template":"","format":"standard","meta":{"_jetpack_newsletter_access":"","_jetpack_dont_email_post_to_subs":false,"_jetpack_newsletter_tier_id":0,"_jetpack_memberships_contains_paywalled_content":false,"_jetpack_feature_clip_id":0,"_jetpack_memberships_contains_paid_content":false,"footnotes":"","jetpack_publicize_message":"Durante d\u00e9cadas, el lujo se construy\u00f3 sobre la base de grandes adquisiciones, decisiones meditadas y momentos excepcionales. Sin embargo, el comportamiento de los consumidores m\u00e1s j\u00f3venes est\u00e1 redibujando este paradigma con rapidez. En 2025, especialmente tras la \u00faltima campa\u00f1a navide\u00f1a y el inicio del nuevo ciclo econ\u00f3mico, se consolida una tendencia que redefine el concepto mismo de lujo: menos grandes compras y m\u00e1s indulgencias frecuentes, flexibles y emocionales.","jetpack_publicize_feature_enabled":true,"jetpack_social_post_already_shared":true,"jetpack_social_options":{"image_generator_settings":{"template":"edge","default_image_id":0,"font":"","enabled":false},"version":2},"jetpack_post_was_ever_published":false},"categories":[1672],"tags":[635,10001],"thb-sponsors":[],"class_list":["post-69515","post","type-post","status-publish","format-standard","has-post-thumbnail","hentry","category-actualidad","tag-actualidad","tag-navidad"],"yoast_head":"<!-- This site is optimized with the Yoast SEO plugin v28.4 - https:\/\/yoast.com\/product\/yoast-seo-wordpress\/ -->\n<title>Los j\u00f3venes redefinen el lujo tras la Navidad | LUXONOMY<\/title>\n<meta name=\"robots\" content=\"index, follow, max-snippet:-1, max-image-preview:large, max-video-preview:-1\" \/>\n<link rel=\"canonical\" href=\"https:\/\/luxonomy.net\/es\/los-jovenes-redefinen-el-lujo-tras-la-navidad\/\" \/>\n<meta property=\"og:locale\" content=\"es_ES\" \/>\n<meta property=\"og:type\" content=\"article\" \/>\n<meta property=\"og:title\" content=\"Los j\u00f3venes redefinen el lujo tras la Navidad | LUXONOMY\" \/>\n<meta property=\"og:description\" content=\"Durante d\u00e9cadas, el lujo se construy\u00f3 sobre la base de grandes adquisiciones, decisiones meditadas y momentos excepcionales. Sin embargo, el comportamiento de los consumidores m\u00e1s j\u00f3venes est\u00e1 redibujando este paradigma con rapidez. En 2025, especialmente tras la \u00faltima campa\u00f1a navide\u00f1a y el inicio del nuevo ciclo econ\u00f3mico, se consolida una tendencia que redefine el concepto mismo de lujo: menos grandes compras y m\u00e1s indulgencias frecuentes, flexibles y emocionales.\" \/>\n<meta property=\"og:url\" content=\"https:\/\/luxonomy.net\/es\/los-jovenes-redefinen-el-lujo-tras-la-navidad\/\" \/>\n<meta property=\"og:site_name\" content=\"LUXONOMY\" \/>\n<meta property=\"article:publisher\" content=\"https:\/\/www.facebook.com\/luxonomy\" \/>\n<meta property=\"article:published_time\" content=\"2025-12-25T14:19:34+00:00\" \/>\n<meta property=\"article:modified_time\" content=\"2025-12-25T14:19:47+00:00\" \/>\n<meta property=\"og:image\" content=\"https:\/\/luxonomy.net\/wp-content\/uploads\/2025\/12\/Captura-de-pantalla-2025-12-25-a-las-15.07.12.png\" \/>\n\t<meta property=\"og:image:width\" content=\"1630\" \/>\n\t<meta property=\"og:image:height\" content=\"1110\" \/>\n\t<meta property=\"og:image:type\" content=\"image\/png\" \/>\n<meta name=\"author\" content=\"Pablo Guti\u00e9rrez-Rav\u00e9 Villal\u00f3n\" \/>\n<meta name=\"twitter:card\" content=\"summary_large_image\" \/>\n<meta name=\"twitter:label1\" content=\"Escrito por\" \/>\n\t<meta name=\"twitter:data1\" content=\"Pablo Guti\u00e9rrez-Rav\u00e9 Villal\u00f3n\" \/>\n\t<meta name=\"twitter:label2\" content=\"Tiempo de lectura\" \/>\n\t<meta name=\"twitter:data2\" content=\"4 minutos\" \/>\n<script type=\"application\/ld+json\" class=\"yoast-schema-graph\">{\"@context\":\"https:\\\/\\\/schema.org\",\"@graph\":[{\"@type\":\"Article\",\"@id\":\"https:\\\/\\\/luxonomy.net\\\/es\\\/los-jovenes-redefinen-el-lujo-tras-la-navidad\\\/#article\",\"isPartOf\":{\"@id\":\"https:\\\/\\\/luxonomy.net\\\/es\\\/los-jovenes-redefinen-el-lujo-tras-la-navidad\\\/\"},\"author\":{\"name\":\"Pablo Guti\u00e9rrez-Rav\u00e9 Villal\u00f3n\",\"@id\":\"https:\\\/\\\/luxonomy.net\\\/es\\\/#\\\/schema\\\/person\\\/aca186356f30a813f61bbf19ba52c031\"},\"headline\":\"Los j\u00f3venes redefinen el lujo tras la Navidad\",\"datePublished\":\"2025-12-25T14:19:34+00:00\",\"dateModified\":\"2025-12-25T14:19:47+00:00\",\"mainEntityOfPage\":{\"@id\":\"https:\\\/\\\/luxonomy.net\\\/es\\\/los-jovenes-redefinen-el-lujo-tras-la-navidad\\\/\"},\"wordCount\":699,\"commentCount\":0,\"publisher\":{\"@id\":\"https:\\\/\\\/luxonomy.net\\\/es\\\/#organization\"},\"image\":{\"@id\":\"https:\\\/\\\/luxonomy.net\\\/es\\\/los-jovenes-redefinen-el-lujo-tras-la-navidad\\\/#primaryimage\"},\"thumbnailUrl\":\"https:\\\/\\\/i0.wp.com\\\/luxonomy.net\\\/wp-content\\\/uploads\\\/2025\\\/12\\\/Captura-de-pantalla-2025-12-25-a-las-15.07.12.png?fit=1630%2C1110&ssl=1\",\"keywords\":[\"actualidad\",\"Navidad\"],\"articleSection\":[\"Actualidad\"],\"inLanguage\":\"es\",\"potentialAction\":[{\"@type\":\"CommentAction\",\"name\":\"Comment\",\"target\":[\"https:\\\/\\\/luxonomy.net\\\/es\\\/los-jovenes-redefinen-el-lujo-tras-la-navidad\\\/#respond\"]}]},{\"@type\":\"WebPage\",\"@id\":\"https:\\\/\\\/luxonomy.net\\\/es\\\/los-jovenes-redefinen-el-lujo-tras-la-navidad\\\/\",\"url\":\"https:\\\/\\\/luxonomy.net\\\/es\\\/los-jovenes-redefinen-el-lujo-tras-la-navidad\\\/\",\"name\":\"Los j\u00f3venes redefinen el lujo tras la Navidad | LUXONOMY\",\"isPartOf\":{\"@id\":\"https:\\\/\\\/luxonomy.net\\\/es\\\/#website\"},\"primaryImageOfPage\":{\"@id\":\"https:\\\/\\\/luxonomy.net\\\/es\\\/los-jovenes-redefinen-el-lujo-tras-la-navidad\\\/#primaryimage\"},\"image\":{\"@id\":\"https:\\\/\\\/luxonomy.net\\\/es\\\/los-jovenes-redefinen-el-lujo-tras-la-navidad\\\/#primaryimage\"},\"thumbnailUrl\":\"https:\\\/\\\/i0.wp.com\\\/luxonomy.net\\\/wp-content\\\/uploads\\\/2025\\\/12\\\/Captura-de-pantalla-2025-12-25-a-las-15.07.12.png?fit=1630%2C1110&ssl=1\",\"datePublished\":\"2025-12-25T14:19:34+00:00\",\"dateModified\":\"2025-12-25T14:19:47+00:00\",\"breadcrumb\":{\"@id\":\"https:\\\/\\\/luxonomy.net\\\/es\\\/los-jovenes-redefinen-el-lujo-tras-la-navidad\\\/#breadcrumb\"},\"inLanguage\":\"es\",\"potentialAction\":[{\"@type\":\"ReadAction\",\"target\":[\"https:\\\/\\\/luxonomy.net\\\/es\\\/los-jovenes-redefinen-el-lujo-tras-la-navidad\\\/\"]}]},{\"@type\":\"ImageObject\",\"inLanguage\":\"es\",\"@id\":\"https:\\\/\\\/luxonomy.net\\\/es\\\/los-jovenes-redefinen-el-lujo-tras-la-navidad\\\/#primaryimage\",\"url\":\"https:\\\/\\\/i0.wp.com\\\/luxonomy.net\\\/wp-content\\\/uploads\\\/2025\\\/12\\\/Captura-de-pantalla-2025-12-25-a-las-15.07.12.png?fit=1630%2C1110&ssl=1\",\"contentUrl\":\"https:\\\/\\\/i0.wp.com\\\/luxonomy.net\\\/wp-content\\\/uploads\\\/2025\\\/12\\\/Captura-de-pantalla-2025-12-25-a-las-15.07.12.png?fit=1630%2C1110&ssl=1\",\"width\":1630,\"height\":1110},{\"@type\":\"BreadcrumbList\",\"@id\":\"https:\\\/\\\/luxonomy.net\\\/es\\\/los-jovenes-redefinen-el-lujo-tras-la-navidad\\\/#breadcrumb\",\"itemListElement\":[{\"@type\":\"ListItem\",\"position\":1,\"name\":\"Portada\",\"item\":\"https:\\\/\\\/luxonomy.net\\\/es\\\/\"},{\"@type\":\"ListItem\",\"position\":2,\"name\":\"Los j\u00f3venes redefinen el lujo tras la Navidad\"}]},{\"@type\":\"WebSite\",\"@id\":\"https:\\\/\\\/luxonomy.net\\\/es\\\/#website\",\"url\":\"https:\\\/\\\/luxonomy.net\\\/es\\\/\",\"name\":\"LUXONOMY\",\"description\":\"The Economy of Fashion &amp; Luxury\",\"publisher\":{\"@id\":\"https:\\\/\\\/luxonomy.net\\\/es\\\/#organization\"},\"potentialAction\":[{\"@type\":\"SearchAction\",\"target\":{\"@type\":\"EntryPoint\",\"urlTemplate\":\"https:\\\/\\\/luxonomy.net\\\/es\\\/?s={search_term_string}\"},\"query-input\":{\"@type\":\"PropertyValueSpecification\",\"valueRequired\":true,\"valueName\":\"search_term_string\"}}],\"inLanguage\":\"es\"},{\"@type\":\"Organization\",\"@id\":\"https:\\\/\\\/luxonomy.net\\\/es\\\/#organization\",\"name\":\"LUXONOMY\",\"url\":\"https:\\\/\\\/luxonomy.net\\\/es\\\/\",\"logo\":{\"@type\":\"ImageObject\",\"inLanguage\":\"es\",\"@id\":\"https:\\\/\\\/luxonomy.net\\\/es\\\/#\\\/schema\\\/logo\\\/image\\\/\",\"url\":\"https:\\\/\\\/i2.wp.com\\\/luxonomy.net\\\/wp-content\\\/uploads\\\/2021\\\/09\\\/MOCKUP-TODOS-LUXONOMY.jpg?fit=1000%2C515&ssl=1\",\"contentUrl\":\"https:\\\/\\\/i2.wp.com\\\/luxonomy.net\\\/wp-content\\\/uploads\\\/2021\\\/09\\\/MOCKUP-TODOS-LUXONOMY.jpg?fit=1000%2C515&ssl=1\",\"width\":1000,\"height\":515,\"caption\":\"LUXONOMY\"},\"image\":{\"@id\":\"https:\\\/\\\/luxonomy.net\\\/es\\\/#\\\/schema\\\/logo\\\/image\\\/\"},\"sameAs\":[\"https:\\\/\\\/www.facebook.com\\\/luxonomy\",\"https:\\\/\\\/www.instagram.com\\\/luxonomy\\\/\",\"https:\\\/\\\/www.linkedin.com\\\/company\\\/luxonomy\\\/\"]},{\"@type\":\"Person\",\"@id\":\"https:\\\/\\\/luxonomy.net\\\/es\\\/#\\\/schema\\\/person\\\/aca186356f30a813f61bbf19ba52c031\",\"name\":\"Pablo Guti\u00e9rrez-Rav\u00e9 Villal\u00f3n\",\"image\":{\"@type\":\"ImageObject\",\"inLanguage\":\"es\",\"@id\":\"https:\\\/\\\/luxonomy.net\\\/wp-content\\\/litespeed\\\/avatar\\\/b80839bcd1d7840754b71e72cad801ce.jpg?ver=1788213692\",\"url\":\"https:\\\/\\\/luxonomy.net\\\/wp-content\\\/litespeed\\\/avatar\\\/b80839bcd1d7840754b71e72cad801ce.jpg?ver=1788213692\",\"contentUrl\":\"https:\\\/\\\/luxonomy.net\\\/wp-content\\\/litespeed\\\/avatar\\\/b80839bcd1d7840754b71e72cad801ce.jpg?ver=1788213692\",\"caption\":\"Pablo Guti\u00e9rrez-Rav\u00e9 Villal\u00f3n\"},\"description\":\"president LUXONOMY\u2122 Group\",\"sameAs\":[\"https:\\\/\\\/www.linkedin.com\\\/in\\\/pablogutierrezrave\\\/\"],\"url\":\"https:\\\/\\\/luxonomy.net\\\/es\\\/author\\\/pablo\\\/\"}]}<\/script>\n<!-- \/ Yoast SEO plugin. -->","yoast_head_json":{"title":"Los j\u00f3venes redefinen el lujo tras la Navidad | LUXONOMY","robots":{"index":"index","follow":"follow","max-snippet":"max-snippet:-1","max-image-preview":"max-image-preview:large","max-video-preview":"max-video-preview:-1"},"canonical":"https:\/\/luxonomy.net\/es\/los-jovenes-redefinen-el-lujo-tras-la-navidad\/","og_locale":"es_ES","og_type":"article","og_title":"Los j\u00f3venes redefinen el lujo tras la Navidad | LUXONOMY","og_description":"Durante d\u00e9cadas, el lujo se construy\u00f3 sobre la base de grandes adquisiciones, decisiones meditadas y momentos excepcionales. Sin embargo, el comportamiento de los consumidores m\u00e1s j\u00f3venes est\u00e1 redibujando este paradigma con rapidez. En 2025, especialmente tras la \u00faltima campa\u00f1a navide\u00f1a y el inicio del nuevo ciclo econ\u00f3mico, se consolida una tendencia que redefine el concepto mismo de lujo: menos grandes compras y m\u00e1s indulgencias frecuentes, flexibles y emocionales.","og_url":"https:\/\/luxonomy.net\/es\/los-jovenes-redefinen-el-lujo-tras-la-navidad\/","og_site_name":"LUXONOMY","article_publisher":"https:\/\/www.facebook.com\/luxonomy","article_published_time":"2025-12-25T14:19:34+00:00","article_modified_time":"2025-12-25T14:19:47+00:00","og_image":[{"width":1630,"height":1110,"url":"https:\/\/luxonomy.net\/wp-content\/uploads\/2025\/12\/Captura-de-pantalla-2025-12-25-a-las-15.07.12.png","type":"image\/png"}],"author":"Pablo Guti\u00e9rrez-Rav\u00e9 Villal\u00f3n","twitter_card":"summary_large_image","twitter_misc":{"Escrito por":"Pablo Guti\u00e9rrez-Rav\u00e9 Villal\u00f3n","Tiempo de lectura":"4 minutos"},"schema":{"@context":"https:\/\/schema.org","@graph":[{"@type":"Article","@id":"https:\/\/luxonomy.net\/es\/los-jovenes-redefinen-el-lujo-tras-la-navidad\/#article","isPartOf":{"@id":"https:\/\/luxonomy.net\/es\/los-jovenes-redefinen-el-lujo-tras-la-navidad\/"},"author":{"name":"Pablo Guti\u00e9rrez-Rav\u00e9 Villal\u00f3n","@id":"https:\/\/luxonomy.net\/es\/#\/schema\/person\/aca186356f30a813f61bbf19ba52c031"},"headline":"Los j\u00f3venes redefinen el lujo tras la Navidad","datePublished":"2025-12-25T14:19:34+00:00","dateModified":"2025-12-25T14:19:47+00:00","mainEntityOfPage":{"@id":"https:\/\/luxonomy.net\/es\/los-jovenes-redefinen-el-lujo-tras-la-navidad\/"},"wordCount":699,"commentCount":0,"publisher":{"@id":"https:\/\/luxonomy.net\/es\/#organization"},"image":{"@id":"https:\/\/luxonomy.net\/es\/los-jovenes-redefinen-el-lujo-tras-la-navidad\/#primaryimage"},"thumbnailUrl":"https:\/\/i0.wp.com\/luxonomy.net\/wp-content\/uploads\/2025\/12\/Captura-de-pantalla-2025-12-25-a-las-15.07.12.png?fit=1630%2C1110&ssl=1","keywords":["actualidad","Navidad"],"articleSection":["Actualidad"],"inLanguage":"es","potentialAction":[{"@type":"CommentAction","name":"Comment","target":["https:\/\/luxonomy.net\/es\/los-jovenes-redefinen-el-lujo-tras-la-navidad\/#respond"]}]},{"@type":"WebPage","@id":"https:\/\/luxonomy.net\/es\/los-jovenes-redefinen-el-lujo-tras-la-navidad\/","url":"https:\/\/luxonomy.net\/es\/los-jovenes-redefinen-el-lujo-tras-la-navidad\/","name":"Los j\u00f3venes redefinen el lujo tras la Navidad | LUXONOMY","isPartOf":{"@id":"https:\/\/luxonomy.net\/es\/#website"},"primaryImageOfPage":{"@id":"https:\/\/luxonomy.net\/es\/los-jovenes-redefinen-el-lujo-tras-la-navidad\/#primaryimage"},"image":{"@id":"https:\/\/luxonomy.net\/es\/los-jovenes-redefinen-el-lujo-tras-la-navidad\/#primaryimage"},"thumbnailUrl":"https:\/\/i0.wp.com\/luxonomy.net\/wp-content\/uploads\/2025\/12\/Captura-de-pantalla-2025-12-25-a-las-15.07.12.png?fit=1630%2C1110&ssl=1","datePublished":"2025-12-25T14:19:34+00:00","dateModified":"2025-12-25T14:19:47+00:00","breadcrumb":{"@id":"https:\/\/luxonomy.net\/es\/los-jovenes-redefinen-el-lujo-tras-la-navidad\/#breadcrumb"},"inLanguage":"es","potentialAction":[{"@type":"ReadAction","target":["https:\/\/luxonomy.net\/es\/los-jovenes-redefinen-el-lujo-tras-la-navidad\/"]}]},{"@type":"ImageObject","inLanguage":"es","@id":"https:\/\/luxonomy.net\/es\/los-jovenes-redefinen-el-lujo-tras-la-navidad\/#primaryimage","url":"https:\/\/i0.wp.com\/luxonomy.net\/wp-content\/uploads\/2025\/12\/Captura-de-pantalla-2025-12-25-a-las-15.07.12.png?fit=1630%2C1110&ssl=1","contentUrl":"https:\/\/i0.wp.com\/luxonomy.net\/wp-content\/uploads\/2025\/12\/Captura-de-pantalla-2025-12-25-a-las-15.07.12.png?fit=1630%2C1110&ssl=1","width":1630,"height":1110},{"@type":"BreadcrumbList","@id":"https:\/\/luxonomy.net\/es\/los-jovenes-redefinen-el-lujo-tras-la-navidad\/#breadcrumb","itemListElement":[{"@type":"ListItem","position":1,"name":"Portada","item":"https:\/\/luxonomy.net\/es\/"},{"@type":"ListItem","position":2,"name":"Los j\u00f3venes redefinen el lujo tras la Navidad"}]},{"@type":"WebSite","@id":"https:\/\/luxonomy.net\/es\/#website","url":"https:\/\/luxonomy.net\/es\/","name":"LUXONOMY","description":"The Economy of Fashion &amp; Luxury","publisher":{"@id":"https:\/\/luxonomy.net\/es\/#organization"},"potentialAction":[{"@type":"SearchAction","target":{"@type":"EntryPoint","urlTemplate":"https:\/\/luxonomy.net\/es\/?s={search_term_string}"},"query-input":{"@type":"PropertyValueSpecification","valueRequired":true,"valueName":"search_term_string"}}],"inLanguage":"es"},{"@type":"Organization","@id":"https:\/\/luxonomy.net\/es\/#organization","name":"LUXONOMY","url":"https:\/\/luxonomy.net\/es\/","logo":{"@type":"ImageObject","inLanguage":"es","@id":"https:\/\/luxonomy.net\/es\/#\/schema\/logo\/image\/","url":"https:\/\/i2.wp.com\/luxonomy.net\/wp-content\/uploads\/2021\/09\/MOCKUP-TODOS-LUXONOMY.jpg?fit=1000%2C515&ssl=1","contentUrl":"https:\/\/i2.wp.com\/luxonomy.net\/wp-content\/uploads\/2021\/09\/MOCKUP-TODOS-LUXONOMY.jpg?fit=1000%2C515&ssl=1","width":1000,"height":515,"caption":"LUXONOMY"},"image":{"@id":"https:\/\/luxonomy.net\/es\/#\/schema\/logo\/image\/"},"sameAs":["https:\/\/www.facebook.com\/luxonomy","https:\/\/www.instagram.com\/luxonomy\/","https:\/\/www.linkedin.com\/company\/luxonomy\/"]},{"@type":"Person","@id":"https:\/\/luxonomy.net\/es\/#\/schema\/person\/aca186356f30a813f61bbf19ba52c031","name":"Pablo Guti\u00e9rrez-Rav\u00e9 Villal\u00f3n","image":{"@type":"ImageObject","inLanguage":"es","@id":"https:\/\/luxonomy.net\/wp-content\/litespeed\/avatar\/b80839bcd1d7840754b71e72cad801ce.jpg?ver=1788213692","url":"https:\/\/luxonomy.net\/wp-content\/litespeed\/avatar\/b80839bcd1d7840754b71e72cad801ce.jpg?ver=1788213692","contentUrl":"https:\/\/luxonomy.net\/wp-content\/litespeed\/avatar\/b80839bcd1d7840754b71e72cad801ce.jpg?ver=1788213692","caption":"Pablo Guti\u00e9rrez-Rav\u00e9 Villal\u00f3n"},"description":"president LUXONOMY\u2122 Group","sameAs":["https:\/\/www.linkedin.com\/in\/pablogutierrezrave\/"],"url":"https:\/\/luxonomy.net\/es\/author\/pablo\/"}]}},"jetpack_publicize_connections":[],"jetpack_shortlink":"https:\/\/wp.me\/paPhBa-i5d","jetpack_sharing_enabled":true,"jetpack_featured_media_url":"https:\/\/i0.wp.com\/luxonomy.net\/wp-content\/uploads\/2025\/12\/Captura-de-pantalla-2025-12-25-a-las-15.07.12.png?fit=1630%2C1110&ssl=1","_links":{"self":[{"href":"https:\/\/luxonomy.net\/es\/wp-json\/wp\/v2\/posts\/69515","targetHints":{"allow":["GET"]}}],"collection":[{"href":"https:\/\/luxonomy.net\/es\/wp-json\/wp\/v2\/posts"}],"about":[{"href":"https:\/\/luxonomy.net\/es\/wp-json\/wp\/v2\/types\/post"}],"author":[{"embeddable":true,"href":"https:\/\/luxonomy.net\/es\/wp-json\/wp\/v2\/users\/19"}],"replies":[{"embeddable":true,"href":"https:\/\/luxonomy.net\/es\/wp-json\/wp\/v2\/comments?post=69515"}],"version-history":[{"count":2,"href":"https:\/\/luxonomy.net\/es\/wp-json\/wp\/v2\/posts\/69515\/revisions"}],"predecessor-version":[{"id":69518,"href":"https:\/\/luxonomy.net\/es\/wp-json\/wp\/v2\/posts\/69515\/revisions\/69518"}],"wp:featuredmedia":[{"embeddable":true,"href":"https:\/\/luxonomy.net\/es\/wp-json\/wp\/v2\/media\/69516"}],"wp:attachment":[{"href":"https:\/\/luxonomy.net\/es\/wp-json\/wp\/v2\/media?parent=69515"}],"wp:term":[{"taxonomy":"category","embeddable":true,"href":"https:\/\/luxonomy.net\/es\/wp-json\/wp\/v2\/categories?post=69515"},{"taxonomy":"post_tag","embeddable":true,"href":"https:\/\/luxonomy.net\/es\/wp-json\/wp\/v2\/tags?post=69515"},{"taxonomy":"thb-sponsors","embeddable":true,"href":"https:\/\/luxonomy.net\/es\/wp-json\/wp\/v2\/thb-sponsors?post=69515"}],"curies":[{"name":"wp","href":"https:\/\/api.w.org\/{rel}","templated":true}]}}