{"id":69200,"date":"2025-12-01T10:59:54","date_gmt":"2025-12-01T09:59:54","guid":{"rendered":"https:\/\/luxonomy.net\/?p=69200"},"modified":"2025-12-04T10:55:19","modified_gmt":"2025-12-04T09:55:19","slug":"el-lujo-frena-su-ritmo-y-entra-en-una-nueva-era-hacia-donde-se-dirige-la-industria-en-2026","status":"publish","type":"post","link":"https:\/\/luxonomy.net\/es\/el-lujo-frena-su-ritmo-y-entra-en-una-nueva-era-hacia-donde-se-dirige-la-industria-en-2026\/","title":{"rendered":"El lujo frena su ritmo y entra en una nueva era. Hacia d\u00f3nde se dirige la industria en 2026"},"content":{"rendered":"\n<p class=\"wp-block-paragraph\">El sector del lujo ha cerrado 2025 con una conclusi\u00f3n cada vez m\u00e1s evidente: <strong>no atraviesa un colapso<\/strong>, sino una <strong>desaceleraci\u00f3n controlada<\/strong> que redefine las reglas del juego. Tras a\u00f1os de crecimiento acelerado \u2014impulsado por la recuperaci\u00f3n post-pandemia, la entrada de nuevos consumidores y una pol\u00edtica agresiva de aumentos de precios\u2014 la industria se encuentra ahora en un punto de transici\u00f3n que marcar\u00e1 el rumbo de toda la pr\u00f3xima d\u00e9cada.<\/p>\n\n\n\n<h2 class=\"wp-block-heading\"><strong>Un frenazo esperado, pero no devastador<\/strong><\/h2>\n\n\n\n<p class=\"wp-block-paragraph\">El informe de Bain &amp; Company junto a Altagamma sit\u00faa el mercado global de bienes personales de lujo en una ca\u00edda estimada del <strong>2 % al 5 % en 2025<\/strong>, cerrando en torno a <strong>358.000\u2013364.000 millones de euros<\/strong>. La cifra no genera alarma entre los analistas: <strong>en moneda constante el mercado podr\u00eda incluso mantenerse estable<\/strong>, lo que confirma que el frenazo es parte de un ajuste natural despu\u00e9s de la hiperexpansi\u00f3n reciente.<\/p>\n\n\n\n<p class=\"wp-block-paragraph\">Para muchas firmas, el verdadero reto no ha sido el descenso de ventas, sino la <strong>fatiga del consumidor<\/strong> tras a\u00f1os de incrementos de precios poco sostenibles. El cliente aspiracional, motor clave entre 2010 y 2022, muestra ahora una actitud m\u00e1s selectiva y menos impulsiva, especialmente en Europa y Estados Unidos. En paralelo, sectores como la relojer\u00eda y la joyer\u00eda preservan un desempe\u00f1o m\u00e1s estable, mientras el cuero, la moda y ciertos accesorios sufren m\u00e1s la contracci\u00f3n.<\/p><div id=\"luxon-2864620044\" class=\"luxon-3er-parrafo luxon-entity-placement\" style=\"margin-top: 20px;margin-bottom: 20px;margin-left: auto;margin-right: auto;text-align: center;\"><a href=\"https:\/\/luxonomy.university\/course\/master-turismo-de-lujo\" target=\"_blank\" aria-label=\"master-turismo-lujo-2026-2027\"><img loading=\"lazy\" decoding=\"async\" src=\"https:\/\/i0.wp.com\/luxonomy.net\/wp-content\/uploads\/2020\/07\/master-turismo-lujo-2026-2027.jpg?fit=1672%2C941&#038;ssl=1\" alt=\"\"  srcset=\"https:\/\/i0.wp.com\/luxonomy.net\/wp-content\/uploads\/2020\/07\/master-turismo-lujo-2026-2027.jpg?w=1672&ssl=1 1672w, https:\/\/i0.wp.com\/luxonomy.net\/wp-content\/uploads\/2020\/07\/master-turismo-lujo-2026-2027.jpg?resize=300%2C169&ssl=1 300w, https:\/\/i0.wp.com\/luxonomy.net\/wp-content\/uploads\/2020\/07\/master-turismo-lujo-2026-2027.jpg?resize=1024%2C576&ssl=1 1024w, https:\/\/i0.wp.com\/luxonomy.net\/wp-content\/uploads\/2020\/07\/master-turismo-lujo-2026-2027.jpg?resize=768%2C432&ssl=1 768w, https:\/\/i0.wp.com\/luxonomy.net\/wp-content\/uploads\/2020\/07\/master-turismo-lujo-2026-2027.jpg?resize=1536%2C864&ssl=1 1536w, https:\/\/i0.wp.com\/luxonomy.net\/wp-content\/uploads\/2020\/07\/master-turismo-lujo-2026-2027.jpg?resize=370%2C208&ssl=1 370w, https:\/\/i0.wp.com\/luxonomy.net\/wp-content\/uploads\/2020\/07\/master-turismo-lujo-2026-2027.jpg?resize=800%2C450&ssl=1 800w, https:\/\/i0.wp.com\/luxonomy.net\/wp-content\/uploads\/2020\/07\/master-turismo-lujo-2026-2027.jpg?resize=20%2C11&ssl=1 20w, https:\/\/i0.wp.com\/luxonomy.net\/wp-content\/uploads\/2020\/07\/master-turismo-lujo-2026-2027.jpg?resize=740%2C416&ssl=1 740w, https:\/\/i0.wp.com\/luxonomy.net\/wp-content\/uploads\/2020\/07\/master-turismo-lujo-2026-2027.jpg?resize=1600%2C900&ssl=1 1600w, https:\/\/i0.wp.com\/luxonomy.net\/wp-content\/uploads\/2020\/07\/master-turismo-lujo-2026-2027.jpg?resize=1200%2C675&ssl=1 1200w, https:\/\/i0.wp.com\/luxonomy.net\/wp-content\/uploads\/2020\/07\/master-turismo-lujo-2026-2027.jpg?resize=85%2C48&ssl=1 85w\" sizes=\"(max-width: 1170px) 100vw, 1170px\" class=\"no-lazyload\" width=\"1672\" height=\"941\"   \/><\/a><\/div>\n\n\n\n<h2 class=\"wp-block-heading\"><strong>Un consumidor que ya no compra por comprar<\/strong><\/h2>\n\n\n\n<p class=\"wp-block-paragraph\">Las tendencias de comportamiento observadas en 2025 est\u00e1n transformando el modelo tradicional del mercado del lujo. Entre los cambios m\u00e1s destacados:<\/p>\n\n\n\n<h3 class=\"wp-block-heading\"><strong>1. De la acumulaci\u00f3n al valor emocional<\/strong><\/h3>\n\n\n\n<p class=\"wp-block-paragraph\">El comprador exige piezas con historia, artesan\u00eda visible y un discurso creativo m\u00e1s valioso que el simple logotipo. Las casas que dependen en exceso del brand equity y menos del producto real sienten ya esa presi\u00f3n.<\/p>\n\n\n\n<h3 class=\"wp-block-heading\"><strong>2. El ascenso de las experiencias ultrapersonalizadas<\/strong><\/h3>\n\n\n\n<p class=\"wp-block-paragraph\">Viajes, gastronom\u00eda de autor, bienestar y arte contempor\u00e1neo crecen a doble d\u00edgito frente al estancamiento de algunas categor\u00edas de producto. La experiencia se consolida como la nueva frontera para retener a la audiencia de alto poder adquisitivo.<\/p>\n\n\n\n<h3 class=\"wp-block-heading\"><strong>3. La exigencia de autenticidad<\/strong><\/h3>\n\n\n\n<p class=\"wp-block-paragraph\">El consumidor global, especialmente en mercados maduros, es m\u00e1s dif\u00edcil de convencer. Pide transparencia, narrativa coherente y creatividad con prop\u00f3sito. Las marcas que no actualicen este relato corren el riesgo de desconexi\u00f3n.<\/p><div id=\"luxon-4003042190\" class=\"luxon-7-parrafo luxon-entity-placement\" style=\"margin-top: 20px;margin-bottom: 20px;margin-left: auto;margin-right: auto;text-align: center;\"><a href=\"https:\/\/theintelligence.institute\/course\/inteligencia-artificial-para-directivos\" target=\"_blank\" aria-label=\"CSIAD_empresas_THEI_horizontal_4x3_v5\"><img loading=\"lazy\" decoding=\"async\" src=\"https:\/\/i0.wp.com\/luxonomy.net\/wp-content\/uploads\/2025\/08\/CSIAD_empresas_THEI_horizontal_4x3_v5.png?fit=2000%2C1500&#038;ssl=1\" alt=\"\"  srcset=\"https:\/\/i0.wp.com\/luxonomy.net\/wp-content\/uploads\/2025\/08\/CSIAD_empresas_THEI_horizontal_4x3_v5.png?w=2000&ssl=1 2000w, https:\/\/i0.wp.com\/luxonomy.net\/wp-content\/uploads\/2025\/08\/CSIAD_empresas_THEI_horizontal_4x3_v5.png?resize=300%2C225&ssl=1 300w, https:\/\/i0.wp.com\/luxonomy.net\/wp-content\/uploads\/2025\/08\/CSIAD_empresas_THEI_horizontal_4x3_v5.png?resize=1024%2C768&ssl=1 1024w, https:\/\/i0.wp.com\/luxonomy.net\/wp-content\/uploads\/2025\/08\/CSIAD_empresas_THEI_horizontal_4x3_v5.png?resize=768%2C576&ssl=1 768w, https:\/\/i0.wp.com\/luxonomy.net\/wp-content\/uploads\/2025\/08\/CSIAD_empresas_THEI_horizontal_4x3_v5.png?resize=1536%2C1152&ssl=1 1536w, https:\/\/i0.wp.com\/luxonomy.net\/wp-content\/uploads\/2025\/08\/CSIAD_empresas_THEI_horizontal_4x3_v5.png?resize=370%2C278&ssl=1 370w, https:\/\/i0.wp.com\/luxonomy.net\/wp-content\/uploads\/2025\/08\/CSIAD_empresas_THEI_horizontal_4x3_v5.png?resize=800%2C600&ssl=1 800w, https:\/\/i0.wp.com\/luxonomy.net\/wp-content\/uploads\/2025\/08\/CSIAD_empresas_THEI_horizontal_4x3_v5.png?resize=20%2C15&ssl=1 20w, https:\/\/i0.wp.com\/luxonomy.net\/wp-content\/uploads\/2025\/08\/CSIAD_empresas_THEI_horizontal_4x3_v5.png?resize=740%2C555&ssl=1 740w, https:\/\/i0.wp.com\/luxonomy.net\/wp-content\/uploads\/2025\/08\/CSIAD_empresas_THEI_horizontal_4x3_v5.png?resize=1600%2C1200&ssl=1 1600w, https:\/\/i0.wp.com\/luxonomy.net\/wp-content\/uploads\/2025\/08\/CSIAD_empresas_THEI_horizontal_4x3_v5.png?resize=1200%2C900&ssl=1 1200w, https:\/\/i0.wp.com\/luxonomy.net\/wp-content\/uploads\/2025\/08\/CSIAD_empresas_THEI_horizontal_4x3_v5.png?resize=64%2C48&ssl=1 64w\" sizes=\"(max-width: 1170px) 100vw, 1170px\" class=\"no-lazyload\" width=\"2000\" height=\"1500\"   \/><\/a><\/div>\n\n\n\n<h2 class=\"wp-block-heading\"><strong>Impacto regional: luces y sombras<\/strong><\/h2>\n\n\n\n<p class=\"wp-block-paragraph\">La desaceleraci\u00f3n no afecta a todos los territorios por igual.<\/p>\n\n\n\n<h3 class=\"wp-block-heading\"><strong data-start=\"2925\" data-end=\"2968\">China: entre la moderaci\u00f3n y la madurez<\/strong><\/h3>\n\n\n\n<p class=\"wp-block-paragraph\">Aunque sigue siendo uno de los motores del sector, 2025 evidencia un consumidor chino m\u00e1s prudente y menos motivado por el consumo ostentoso. La recuperaci\u00f3n tur\u00edstica, sin embargo, abre una v\u00eda de compensaci\u00f3n.<\/p>\n\n\n\n<h3 class=\"wp-block-heading\"><strong data-start=\"3186\" data-end=\"3242\">Europa: presi\u00f3n por precios y sensibilidad econ\u00f3mica<\/strong><\/h3>\n\n\n\n<p class=\"wp-block-paragraph\">El cliente europeo percibe con claridad los incrementos tarifarios acumulados desde 2021. El turismo contin\u00faa sosteniendo las ventas, pero no compensa por completo la p\u00e9rdida de tracci\u00f3n local.<\/p>\n\n\n\n<h3 class=\"wp-block-heading\"><strong data-start=\"3442\" data-end=\"3484\">Estados Unidos: polarizaci\u00f3n creciente<\/strong><\/h3>\n\n\n\n<p class=\"wp-block-paragraph\">Los compradores de muy alto gasto se mantienen firmes; el cliente medio\u2014especialmente el aspiracional\u2014se retrae. La financiaci\u00f3n del consumo pierde fuerza y cambia la ecuaci\u00f3n comercial.<\/p>\n\n\n\n<h3 class=\"wp-block-heading\"><strong data-start=\"3677\" data-end=\"3722\">Golfo y Asia emergente: impulso sostenido<\/strong><\/h3>\n\n\n\n<p class=\"wp-block-paragraph\">Arabia Saud\u00ed, Emiratos, India e Indonesia siguen posicion\u00e1ndose como polos de crecimiento. Las marcas aumentan su presencia f\u00edsica y sus inversiones estrat\u00e9gicas.<\/p>\n\n\n\n<h2 class=\"wp-block-heading\"><strong data-start=\"3890\" data-end=\"3954\">2025 tambi\u00e9n marca el fin de la era de las subidas de precio<\/strong><\/h2>\n\n\n\n<p class=\"wp-block-paragraph\">Una de las conclusiones m\u00e1s repetidas por analistas es que <strong data-start=\"4014\" data-end=\"4076\">el ciclo de incrementos sistem\u00e1ticos de precios toca techo<\/strong>. De Chanel a Herm\u00e8s, pasando por relojer\u00eda y joyer\u00eda, las subidas continuas han tensionado la relaci\u00f3n emocional con el consumidor.<\/p>\n\n\n\n<p class=\"wp-block-paragraph\">2025 deja claro que:<\/p>\n\n\n\n<ul class=\"wp-block-list\">\n<li><p data-start=\"4236\" data-end=\"4283\">Las subidas ya no se traducen en mayor deseo<\/p><\/li>\n\n\n\n<li><p data-start=\"4286\" data-end=\"4369\">El p\u00fablico detecta la falta de correspondencia entre precio y propuesta creativa<\/p><\/li>\n\n\n\n<li><p data-start=\"4372\" data-end=\"4464\">Algunas categor\u00edas \u2014marroquiner\u00eda, calzado, pr\u00eat-\u00e0-porter\u2014 han sufrido un desgaste evidente<\/p><\/li>\n<\/ul>\n\n\n\n<p class=\"wp-block-paragraph\">Las marcas deber\u00e1n recuperar la confianza perdida a trav\u00e9s de creatividad real, productos con mayor profundidad art\u00edstica y una relaci\u00f3n m\u00e1s equilibrada entre valor y precio.<\/p>\n\n\n\n<h2 class=\"wp-block-heading\"><strong data-start=\"4645\" data-end=\"4684\">Un 2026 con posibilidad de reinicio<\/strong><\/h2>\n\n\n\n<p class=\"wp-block-paragraph\">Lejos de proyectar pesimismo, los informes apuntan a una tendencia que podr\u00eda revertirse. Bain prev\u00e9 un <strong data-start=\"4789\" data-end=\"4827\">crecimiento del 3 % al 5 % en 2026<\/strong>, siempre que la industria ajuste sus estrategias a la nueva sensibilidad global.<\/p>\n\n\n\n<p class=\"wp-block-paragraph\">Los motores para ese repunte ser\u00e1n:<\/p>\n\n\n\n<h3 class=\"wp-block-heading\"><strong data-start=\"4951\" data-end=\"5012\">1. Un consumidor premium real \u2014no aspiracional\u2014 como base<\/strong><\/h3>\n\n\n\n<p class=\"wp-block-paragraph\">Las firmas deber\u00e1n reforzar la conexi\u00f3n con quien realmente sostiene el negocio: clientes recurrentes, de alto gasto y con una afinidad emocional duradera.<\/p>\n\n\n\n<h3 class=\"wp-block-heading\"><strong data-start=\"5174\" data-end=\"5206\">2. Innovaci\u00f3n creativa veraz<\/strong><\/h3>\n\n\n\n<p class=\"wp-block-paragraph\">El mercado pide colecciones menos reactivas y m\u00e1s construidas desde un lenguaje propio. Las direcciones creativas est\u00e1n bajo examen.<\/p>\n\n\n\n<h3 class=\"wp-block-heading\"><strong data-start=\"5345\" data-end=\"5378\">3. Diversificaci\u00f3n de canales<\/strong><\/h3>\n\n\n\n<p class=\"wp-block-paragraph\">El retail f\u00edsico sigue siendo crucial, pero 2025 ha demostrado la importancia de:<\/p>\n\n\n\n<ul class=\"wp-block-list\">\n<li><p data-start=\"5463\" data-end=\"5477\">venta privada<\/p><\/li>\n\n\n\n<li><p data-start=\"5480\" data-end=\"5506\">experiencias curatoriales<\/p><\/li>\n\n\n\n<li><p data-start=\"5509\" data-end=\"5528\">eventos inmersivos<\/p><\/li>\n\n\n\n<li><p data-start=\"5531\" data-end=\"5564\">e-commerce especializado en lujo<\/p><\/li>\n<\/ul>\n\n\n\n<h3 class=\"wp-block-heading\"><strong data-start=\"5570\" data-end=\"5626\">4. Expansi\u00f3n en mercados con crecimiento estructural<\/strong><\/h3>\n\n\n\n<p class=\"wp-block-paragraph\">India, Arabia Saud\u00ed, Indonesia, Vietnam y M\u00e9xico se sit\u00faan entre las geograf\u00edas de mayor futuro.<\/p>\n\n\n\n<h2 class=\"wp-block-heading\"><strong data-start=\"5728\" data-end=\"5794\">La nueva pregunta del sector: \u00bfqu\u00e9 representa el lujo en 2030?<\/strong><\/h2>\n\n\n\n<p class=\"wp-block-paragraph\">Si 2025 deja una lecci\u00f3n clara es esta: <strong data-start=\"5835\" data-end=\"5889\">el lujo entra en un punto de redefinici\u00f3n profunda<\/strong>. Ya no basta con exclusividad y herencia. El cliente global busca identidad, cultura, prop\u00f3sito y una experiencia memorable.<\/p>\n\n\n\n<p class=\"wp-block-paragraph\">En este contexto, la pr\u00f3xima d\u00e9cada estar\u00e1 marcada por:<\/p>\n\n\n\n<ul class=\"wp-block-list\">\n<li><p data-start=\"6075\" data-end=\"6124\">piezas m\u00e1s artesanales y menos \u201clogoc\u00e9ntricas\u201d<\/p><\/li>\n\n\n\n<li><p data-start=\"6127\" data-end=\"6153\">valor cultural tangible<\/p><\/li>\n\n\n\n<li><p data-start=\"6156\" data-end=\"6213\">sostenibilidad estrat\u00e9gica integrada en toda la cadena<\/p><\/li>\n\n\n\n<li><p data-start=\"6216\" data-end=\"6290\">colaboraciones con artistas, dise\u00f1adores y creativos multidisciplinares<\/p><\/li>\n\n\n\n<li><p data-start=\"6293\" data-end=\"6374\">digitalizaci\u00f3n evolutiva con IA, realidad aumentada y personalizaci\u00f3n avanzada<\/p><\/li>\n\n\n\n<li><p data-start=\"6377\" data-end=\"6415\">un lujo m\u00e1s \u00edntimo y menos masificado<\/p><\/li>\n<\/ul>\n\n\n\n<h2 class=\"wp-block-heading\"><strong data-start=\"6425\" data-end=\"6485\">Un sector que se reinventa, no que retrocede<\/strong><\/h2>\n\n\n\n<p class=\"wp-block-paragraph\">2025 no ser\u00e1 recordado como un a\u00f1o negativo para el lujo, sino como el momento en que la industria decidi\u00f3 frenar para reorganizar su camino. No hay se\u00f1ales de crisis estructural, sino de un <strong data-start=\"6678\" data-end=\"6704\">nuevo ciclo m\u00e1s maduro<\/strong>, basado en valor real, consumidores fieles y una visi\u00f3n menos especulativa del crecimiento.<\/p>\n\n\n\n<p class=\"wp-block-paragraph\">En 2026 comenzar\u00e1 a observarse qu\u00e9 marcas han entendido la transici\u00f3n y cu\u00e1les siguen aferradas a una estrategia que ya no conecta con el mundo contempor\u00e1neo.<\/p>\n\n\n\n<p class=\"wp-block-paragraph\">LUXONOMY seguir\u00e1 monitorizando esta evoluci\u00f3n con an\u00e1lisis exclusivos y cobertura global.<\/p>\n\n\n","protected":false},"excerpt":{"rendered":"<p>El sector del lujo ha cerrado 2025 con una conclusi\u00f3n cada vez m\u00e1s evidente: no atraviesa un colapso, sino una desaceleraci\u00f3n controlada que redefine las reglas del juego. Tras a\u00f1os de crecimiento acelerado \u2014impulsado por la recuperaci\u00f3n post-pandemia, la entrada de nuevos consumidores y una pol\u00edtica agresiva de aumentos de precios\u2014 la industria se encuentra&hellip;<\/p>\n","protected":false},"author":19,"featured_media":69201,"comment_status":"open","ping_status":"open","sticky":false,"template":"","format":"standard","meta":{"_jetpack_newsletter_access":"","_jetpack_dont_email_post_to_subs":false,"_jetpack_newsletter_tier_id":0,"_jetpack_memberships_contains_paywalled_content":false,"_jetpack_feature_clip_id":0,"_jetpack_memberships_contains_paid_content":false,"footnotes":"","jetpack_publicize_message":"","jetpack_publicize_feature_enabled":true,"jetpack_social_post_already_shared":true,"jetpack_social_options":{"image_generator_settings":{"template":"edge","default_image_id":0,"font":"","enabled":false},"version":2},"jetpack_post_was_ever_published":false},"categories":[1128],"tags":[552],"thb-sponsors":[],"class_list":["post-69200","post","type-post","status-publish","format-standard","has-post-thumbnail","hentry","category-economia","tag-economia"],"yoast_head":"<!-- This site is optimized with the Yoast SEO plugin v28.4 - https:\/\/yoast.com\/product\/yoast-seo-wordpress\/ -->\n<title>El lujo frena su ritmo y entra en una nueva era. Hacia d\u00f3nde se dirige la industria en 2026 | LUXONOMY<\/title>\n<meta name=\"robots\" content=\"index, follow, max-snippet:-1, max-image-preview:large, max-video-preview:-1\" \/>\n<link rel=\"canonical\" href=\"https:\/\/luxonomy.net\/es\/el-lujo-frena-su-ritmo-y-entra-en-una-nueva-era-hacia-donde-se-dirige-la-industria-en-2026\/\" \/>\n<meta property=\"og:locale\" content=\"es_ES\" \/>\n<meta property=\"og:type\" content=\"article\" \/>\n<meta property=\"og:title\" content=\"El lujo frena su ritmo y entra en una nueva era. Hacia d\u00f3nde se dirige la industria en 2026 | LUXONOMY\" \/>\n<meta property=\"og:description\" content=\"El sector del lujo ha cerrado 2025 con una conclusi\u00f3n cada vez m\u00e1s evidente: no atraviesa un colapso, sino una desaceleraci\u00f3n controlada que redefine las reglas del juego. Tras a\u00f1os de crecimiento acelerado \u2014impulsado por la recuperaci\u00f3n post-pandemia, la entrada de nuevos consumidores y una pol\u00edtica agresiva de aumentos de precios\u2014 la industria se encuentra&hellip;\" \/>\n<meta property=\"og:url\" content=\"https:\/\/luxonomy.net\/es\/el-lujo-frena-su-ritmo-y-entra-en-una-nueva-era-hacia-donde-se-dirige-la-industria-en-2026\/\" \/>\n<meta property=\"og:site_name\" content=\"LUXONOMY\" \/>\n<meta property=\"article:publisher\" content=\"https:\/\/www.facebook.com\/luxonomy\" \/>\n<meta property=\"article:published_time\" content=\"2025-12-01T09:59:54+00:00\" \/>\n<meta property=\"article:modified_time\" content=\"2025-12-04T09:55:19+00:00\" \/>\n<meta property=\"og:image\" content=\"https:\/\/luxonomy.net\/wp-content\/uploads\/2025\/12\/El-lujo-frena-su-ritmo-y-entra-en-una-nueva-era.-Hacia-donde-se-dirige-la-industria-en-2026.webp\" \/>\n\t<meta property=\"og:image:width\" content=\"1440\" \/>\n\t<meta property=\"og:image:height\" content=\"810\" \/>\n\t<meta property=\"og:image:type\" content=\"image\/webp\" \/>\n<meta name=\"author\" content=\"Pablo Guti\u00e9rrez-Rav\u00e9 Villal\u00f3n\" \/>\n<meta name=\"twitter:card\" content=\"summary_large_image\" \/>\n<meta name=\"twitter:label1\" content=\"Escrito por\" \/>\n\t<meta name=\"twitter:data1\" content=\"Pablo Guti\u00e9rrez-Rav\u00e9 Villal\u00f3n\" \/>\n\t<meta name=\"twitter:label2\" content=\"Tiempo de lectura\" \/>\n\t<meta name=\"twitter:data2\" content=\"5 minutos\" \/>\n<script type=\"application\/ld+json\" class=\"yoast-schema-graph\">{\"@context\":\"https:\\\/\\\/schema.org\",\"@graph\":[{\"@type\":\"Article\",\"@id\":\"https:\\\/\\\/luxonomy.net\\\/es\\\/el-lujo-frena-su-ritmo-y-entra-en-una-nueva-era-hacia-donde-se-dirige-la-industria-en-2026\\\/#article\",\"isPartOf\":{\"@id\":\"https:\\\/\\\/luxonomy.net\\\/es\\\/el-lujo-frena-su-ritmo-y-entra-en-una-nueva-era-hacia-donde-se-dirige-la-industria-en-2026\\\/\"},\"author\":{\"name\":\"Pablo Guti\u00e9rrez-Rav\u00e9 Villal\u00f3n\",\"@id\":\"https:\\\/\\\/luxonomy.net\\\/es\\\/#\\\/schema\\\/person\\\/aca186356f30a813f61bbf19ba52c031\"},\"headline\":\"El lujo frena su ritmo y entra en una nueva era. Hacia d\u00f3nde se dirige la industria en 2026\",\"datePublished\":\"2025-12-01T09:59:54+00:00\",\"dateModified\":\"2025-12-04T09:55:19+00:00\",\"mainEntityOfPage\":{\"@id\":\"https:\\\/\\\/luxonomy.net\\\/es\\\/el-lujo-frena-su-ritmo-y-entra-en-una-nueva-era-hacia-donde-se-dirige-la-industria-en-2026\\\/\"},\"wordCount\":1075,\"commentCount\":0,\"publisher\":{\"@id\":\"https:\\\/\\\/luxonomy.net\\\/es\\\/#organization\"},\"image\":{\"@id\":\"https:\\\/\\\/luxonomy.net\\\/es\\\/el-lujo-frena-su-ritmo-y-entra-en-una-nueva-era-hacia-donde-se-dirige-la-industria-en-2026\\\/#primaryimage\"},\"thumbnailUrl\":\"https:\\\/\\\/i0.wp.com\\\/luxonomy.net\\\/wp-content\\\/uploads\\\/2025\\\/12\\\/El-lujo-frena-su-ritmo-y-entra-en-una-nueva-era.-Hacia-donde-se-dirige-la-industria-en-2026.webp?fit=1440%2C810&ssl=1\",\"keywords\":[\"econom\u00eda\"],\"articleSection\":[\"Econom\u00eda\"],\"inLanguage\":\"es\",\"potentialAction\":[{\"@type\":\"CommentAction\",\"name\":\"Comment\",\"target\":[\"https:\\\/\\\/luxonomy.net\\\/es\\\/el-lujo-frena-su-ritmo-y-entra-en-una-nueva-era-hacia-donde-se-dirige-la-industria-en-2026\\\/#respond\"]}]},{\"@type\":\"WebPage\",\"@id\":\"https:\\\/\\\/luxonomy.net\\\/es\\\/el-lujo-frena-su-ritmo-y-entra-en-una-nueva-era-hacia-donde-se-dirige-la-industria-en-2026\\\/\",\"url\":\"https:\\\/\\\/luxonomy.net\\\/es\\\/el-lujo-frena-su-ritmo-y-entra-en-una-nueva-era-hacia-donde-se-dirige-la-industria-en-2026\\\/\",\"name\":\"El lujo frena su ritmo y entra en una nueva era. Hacia d\u00f3nde se dirige la industria en 2026 | LUXONOMY\",\"isPartOf\":{\"@id\":\"https:\\\/\\\/luxonomy.net\\\/es\\\/#website\"},\"primaryImageOfPage\":{\"@id\":\"https:\\\/\\\/luxonomy.net\\\/es\\\/el-lujo-frena-su-ritmo-y-entra-en-una-nueva-era-hacia-donde-se-dirige-la-industria-en-2026\\\/#primaryimage\"},\"image\":{\"@id\":\"https:\\\/\\\/luxonomy.net\\\/es\\\/el-lujo-frena-su-ritmo-y-entra-en-una-nueva-era-hacia-donde-se-dirige-la-industria-en-2026\\\/#primaryimage\"},\"thumbnailUrl\":\"https:\\\/\\\/i0.wp.com\\\/luxonomy.net\\\/wp-content\\\/uploads\\\/2025\\\/12\\\/El-lujo-frena-su-ritmo-y-entra-en-una-nueva-era.-Hacia-donde-se-dirige-la-industria-en-2026.webp?fit=1440%2C810&ssl=1\",\"datePublished\":\"2025-12-01T09:59:54+00:00\",\"dateModified\":\"2025-12-04T09:55:19+00:00\",\"breadcrumb\":{\"@id\":\"https:\\\/\\\/luxonomy.net\\\/es\\\/el-lujo-frena-su-ritmo-y-entra-en-una-nueva-era-hacia-donde-se-dirige-la-industria-en-2026\\\/#breadcrumb\"},\"inLanguage\":\"es\",\"potentialAction\":[{\"@type\":\"ReadAction\",\"target\":[\"https:\\\/\\\/luxonomy.net\\\/es\\\/el-lujo-frena-su-ritmo-y-entra-en-una-nueva-era-hacia-donde-se-dirige-la-industria-en-2026\\\/\"]}]},{\"@type\":\"ImageObject\",\"inLanguage\":\"es\",\"@id\":\"https:\\\/\\\/luxonomy.net\\\/es\\\/el-lujo-frena-su-ritmo-y-entra-en-una-nueva-era-hacia-donde-se-dirige-la-industria-en-2026\\\/#primaryimage\",\"url\":\"https:\\\/\\\/i0.wp.com\\\/luxonomy.net\\\/wp-content\\\/uploads\\\/2025\\\/12\\\/El-lujo-frena-su-ritmo-y-entra-en-una-nueva-era.-Hacia-donde-se-dirige-la-industria-en-2026.webp?fit=1440%2C810&ssl=1\",\"contentUrl\":\"https:\\\/\\\/i0.wp.com\\\/luxonomy.net\\\/wp-content\\\/uploads\\\/2025\\\/12\\\/El-lujo-frena-su-ritmo-y-entra-en-una-nueva-era.-Hacia-donde-se-dirige-la-industria-en-2026.webp?fit=1440%2C810&ssl=1\",\"width\":1440,\"height\":810},{\"@type\":\"BreadcrumbList\",\"@id\":\"https:\\\/\\\/luxonomy.net\\\/es\\\/el-lujo-frena-su-ritmo-y-entra-en-una-nueva-era-hacia-donde-se-dirige-la-industria-en-2026\\\/#breadcrumb\",\"itemListElement\":[{\"@type\":\"ListItem\",\"position\":1,\"name\":\"Portada\",\"item\":\"https:\\\/\\\/luxonomy.net\\\/es\\\/\"},{\"@type\":\"ListItem\",\"position\":2,\"name\":\"El lujo frena su ritmo y entra en una nueva era. Hacia d\u00f3nde se dirige la industria en 2026\"}]},{\"@type\":\"WebSite\",\"@id\":\"https:\\\/\\\/luxonomy.net\\\/es\\\/#website\",\"url\":\"https:\\\/\\\/luxonomy.net\\\/es\\\/\",\"name\":\"LUXONOMY\",\"description\":\"The Economy of Fashion &amp; Luxury\",\"publisher\":{\"@id\":\"https:\\\/\\\/luxonomy.net\\\/es\\\/#organization\"},\"potentialAction\":[{\"@type\":\"SearchAction\",\"target\":{\"@type\":\"EntryPoint\",\"urlTemplate\":\"https:\\\/\\\/luxonomy.net\\\/es\\\/?s={search_term_string}\"},\"query-input\":{\"@type\":\"PropertyValueSpecification\",\"valueRequired\":true,\"valueName\":\"search_term_string\"}}],\"inLanguage\":\"es\"},{\"@type\":\"Organization\",\"@id\":\"https:\\\/\\\/luxonomy.net\\\/es\\\/#organization\",\"name\":\"LUXONOMY\",\"url\":\"https:\\\/\\\/luxonomy.net\\\/es\\\/\",\"logo\":{\"@type\":\"ImageObject\",\"inLanguage\":\"es\",\"@id\":\"https:\\\/\\\/luxonomy.net\\\/es\\\/#\\\/schema\\\/logo\\\/image\\\/\",\"url\":\"https:\\\/\\\/i2.wp.com\\\/luxonomy.net\\\/wp-content\\\/uploads\\\/2021\\\/09\\\/MOCKUP-TODOS-LUXONOMY.jpg?fit=1000%2C515&ssl=1\",\"contentUrl\":\"https:\\\/\\\/i2.wp.com\\\/luxonomy.net\\\/wp-content\\\/uploads\\\/2021\\\/09\\\/MOCKUP-TODOS-LUXONOMY.jpg?fit=1000%2C515&ssl=1\",\"width\":1000,\"height\":515,\"caption\":\"LUXONOMY\"},\"image\":{\"@id\":\"https:\\\/\\\/luxonomy.net\\\/es\\\/#\\\/schema\\\/logo\\\/image\\\/\"},\"sameAs\":[\"https:\\\/\\\/www.facebook.com\\\/luxonomy\",\"https:\\\/\\\/www.instagram.com\\\/luxonomy\\\/\",\"https:\\\/\\\/www.linkedin.com\\\/company\\\/luxonomy\\\/\"]},{\"@type\":\"Person\",\"@id\":\"https:\\\/\\\/luxonomy.net\\\/es\\\/#\\\/schema\\\/person\\\/aca186356f30a813f61bbf19ba52c031\",\"name\":\"Pablo Guti\u00e9rrez-Rav\u00e9 Villal\u00f3n\",\"image\":{\"@type\":\"ImageObject\",\"inLanguage\":\"es\",\"@id\":\"https:\\\/\\\/luxonomy.net\\\/wp-content\\\/litespeed\\\/avatar\\\/b80839bcd1d7840754b71e72cad801ce.jpg?ver=1788213692\",\"url\":\"https:\\\/\\\/luxonomy.net\\\/wp-content\\\/litespeed\\\/avatar\\\/b80839bcd1d7840754b71e72cad801ce.jpg?ver=1788213692\",\"contentUrl\":\"https:\\\/\\\/luxonomy.net\\\/wp-content\\\/litespeed\\\/avatar\\\/b80839bcd1d7840754b71e72cad801ce.jpg?ver=1788213692\",\"caption\":\"Pablo Guti\u00e9rrez-Rav\u00e9 Villal\u00f3n\"},\"description\":\"president LUXONOMY\u2122 Group\",\"sameAs\":[\"https:\\\/\\\/www.linkedin.com\\\/in\\\/pablogutierrezrave\\\/\"],\"url\":\"https:\\\/\\\/luxonomy.net\\\/es\\\/author\\\/pablo\\\/\"}]}<\/script>\n<!-- \/ Yoast SEO plugin. -->","yoast_head_json":{"title":"El lujo frena su ritmo y entra en una nueva era. Hacia d\u00f3nde se dirige la industria en 2026 | LUXONOMY","robots":{"index":"index","follow":"follow","max-snippet":"max-snippet:-1","max-image-preview":"max-image-preview:large","max-video-preview":"max-video-preview:-1"},"canonical":"https:\/\/luxonomy.net\/es\/el-lujo-frena-su-ritmo-y-entra-en-una-nueva-era-hacia-donde-se-dirige-la-industria-en-2026\/","og_locale":"es_ES","og_type":"article","og_title":"El lujo frena su ritmo y entra en una nueva era. Hacia d\u00f3nde se dirige la industria en 2026 | LUXONOMY","og_description":"El sector del lujo ha cerrado 2025 con una conclusi\u00f3n cada vez m\u00e1s evidente: no atraviesa un colapso, sino una desaceleraci\u00f3n controlada que redefine las reglas del juego. Tras a\u00f1os de crecimiento acelerado \u2014impulsado por la recuperaci\u00f3n post-pandemia, la entrada de nuevos consumidores y una pol\u00edtica agresiva de aumentos de precios\u2014 la industria se encuentra&hellip;","og_url":"https:\/\/luxonomy.net\/es\/el-lujo-frena-su-ritmo-y-entra-en-una-nueva-era-hacia-donde-se-dirige-la-industria-en-2026\/","og_site_name":"LUXONOMY","article_publisher":"https:\/\/www.facebook.com\/luxonomy","article_published_time":"2025-12-01T09:59:54+00:00","article_modified_time":"2025-12-04T09:55:19+00:00","og_image":[{"width":1440,"height":810,"url":"https:\/\/luxonomy.net\/wp-content\/uploads\/2025\/12\/El-lujo-frena-su-ritmo-y-entra-en-una-nueva-era.-Hacia-donde-se-dirige-la-industria-en-2026.webp","type":"image\/webp"}],"author":"Pablo Guti\u00e9rrez-Rav\u00e9 Villal\u00f3n","twitter_card":"summary_large_image","twitter_misc":{"Escrito por":"Pablo Guti\u00e9rrez-Rav\u00e9 Villal\u00f3n","Tiempo de lectura":"5 minutos"},"schema":{"@context":"https:\/\/schema.org","@graph":[{"@type":"Article","@id":"https:\/\/luxonomy.net\/es\/el-lujo-frena-su-ritmo-y-entra-en-una-nueva-era-hacia-donde-se-dirige-la-industria-en-2026\/#article","isPartOf":{"@id":"https:\/\/luxonomy.net\/es\/el-lujo-frena-su-ritmo-y-entra-en-una-nueva-era-hacia-donde-se-dirige-la-industria-en-2026\/"},"author":{"name":"Pablo Guti\u00e9rrez-Rav\u00e9 Villal\u00f3n","@id":"https:\/\/luxonomy.net\/es\/#\/schema\/person\/aca186356f30a813f61bbf19ba52c031"},"headline":"El lujo frena su ritmo y entra en una nueva era. Hacia d\u00f3nde se dirige la industria en 2026","datePublished":"2025-12-01T09:59:54+00:00","dateModified":"2025-12-04T09:55:19+00:00","mainEntityOfPage":{"@id":"https:\/\/luxonomy.net\/es\/el-lujo-frena-su-ritmo-y-entra-en-una-nueva-era-hacia-donde-se-dirige-la-industria-en-2026\/"},"wordCount":1075,"commentCount":0,"publisher":{"@id":"https:\/\/luxonomy.net\/es\/#organization"},"image":{"@id":"https:\/\/luxonomy.net\/es\/el-lujo-frena-su-ritmo-y-entra-en-una-nueva-era-hacia-donde-se-dirige-la-industria-en-2026\/#primaryimage"},"thumbnailUrl":"https:\/\/i0.wp.com\/luxonomy.net\/wp-content\/uploads\/2025\/12\/El-lujo-frena-su-ritmo-y-entra-en-una-nueva-era.-Hacia-donde-se-dirige-la-industria-en-2026.webp?fit=1440%2C810&ssl=1","keywords":["econom\u00eda"],"articleSection":["Econom\u00eda"],"inLanguage":"es","potentialAction":[{"@type":"CommentAction","name":"Comment","target":["https:\/\/luxonomy.net\/es\/el-lujo-frena-su-ritmo-y-entra-en-una-nueva-era-hacia-donde-se-dirige-la-industria-en-2026\/#respond"]}]},{"@type":"WebPage","@id":"https:\/\/luxonomy.net\/es\/el-lujo-frena-su-ritmo-y-entra-en-una-nueva-era-hacia-donde-se-dirige-la-industria-en-2026\/","url":"https:\/\/luxonomy.net\/es\/el-lujo-frena-su-ritmo-y-entra-en-una-nueva-era-hacia-donde-se-dirige-la-industria-en-2026\/","name":"El lujo frena su ritmo y entra en una nueva era. Hacia d\u00f3nde se dirige la industria en 2026 | LUXONOMY","isPartOf":{"@id":"https:\/\/luxonomy.net\/es\/#website"},"primaryImageOfPage":{"@id":"https:\/\/luxonomy.net\/es\/el-lujo-frena-su-ritmo-y-entra-en-una-nueva-era-hacia-donde-se-dirige-la-industria-en-2026\/#primaryimage"},"image":{"@id":"https:\/\/luxonomy.net\/es\/el-lujo-frena-su-ritmo-y-entra-en-una-nueva-era-hacia-donde-se-dirige-la-industria-en-2026\/#primaryimage"},"thumbnailUrl":"https:\/\/i0.wp.com\/luxonomy.net\/wp-content\/uploads\/2025\/12\/El-lujo-frena-su-ritmo-y-entra-en-una-nueva-era.-Hacia-donde-se-dirige-la-industria-en-2026.webp?fit=1440%2C810&ssl=1","datePublished":"2025-12-01T09:59:54+00:00","dateModified":"2025-12-04T09:55:19+00:00","breadcrumb":{"@id":"https:\/\/luxonomy.net\/es\/el-lujo-frena-su-ritmo-y-entra-en-una-nueva-era-hacia-donde-se-dirige-la-industria-en-2026\/#breadcrumb"},"inLanguage":"es","potentialAction":[{"@type":"ReadAction","target":["https:\/\/luxonomy.net\/es\/el-lujo-frena-su-ritmo-y-entra-en-una-nueva-era-hacia-donde-se-dirige-la-industria-en-2026\/"]}]},{"@type":"ImageObject","inLanguage":"es","@id":"https:\/\/luxonomy.net\/es\/el-lujo-frena-su-ritmo-y-entra-en-una-nueva-era-hacia-donde-se-dirige-la-industria-en-2026\/#primaryimage","url":"https:\/\/i0.wp.com\/luxonomy.net\/wp-content\/uploads\/2025\/12\/El-lujo-frena-su-ritmo-y-entra-en-una-nueva-era.-Hacia-donde-se-dirige-la-industria-en-2026.webp?fit=1440%2C810&ssl=1","contentUrl":"https:\/\/i0.wp.com\/luxonomy.net\/wp-content\/uploads\/2025\/12\/El-lujo-frena-su-ritmo-y-entra-en-una-nueva-era.-Hacia-donde-se-dirige-la-industria-en-2026.webp?fit=1440%2C810&ssl=1","width":1440,"height":810},{"@type":"BreadcrumbList","@id":"https:\/\/luxonomy.net\/es\/el-lujo-frena-su-ritmo-y-entra-en-una-nueva-era-hacia-donde-se-dirige-la-industria-en-2026\/#breadcrumb","itemListElement":[{"@type":"ListItem","position":1,"name":"Portada","item":"https:\/\/luxonomy.net\/es\/"},{"@type":"ListItem","position":2,"name":"El lujo frena su ritmo y entra en una nueva era. Hacia d\u00f3nde se dirige la industria en 2026"}]},{"@type":"WebSite","@id":"https:\/\/luxonomy.net\/es\/#website","url":"https:\/\/luxonomy.net\/es\/","name":"LUXONOMY","description":"The Economy of Fashion &amp; Luxury","publisher":{"@id":"https:\/\/luxonomy.net\/es\/#organization"},"potentialAction":[{"@type":"SearchAction","target":{"@type":"EntryPoint","urlTemplate":"https:\/\/luxonomy.net\/es\/?s={search_term_string}"},"query-input":{"@type":"PropertyValueSpecification","valueRequired":true,"valueName":"search_term_string"}}],"inLanguage":"es"},{"@type":"Organization","@id":"https:\/\/luxonomy.net\/es\/#organization","name":"LUXONOMY","url":"https:\/\/luxonomy.net\/es\/","logo":{"@type":"ImageObject","inLanguage":"es","@id":"https:\/\/luxonomy.net\/es\/#\/schema\/logo\/image\/","url":"https:\/\/i2.wp.com\/luxonomy.net\/wp-content\/uploads\/2021\/09\/MOCKUP-TODOS-LUXONOMY.jpg?fit=1000%2C515&ssl=1","contentUrl":"https:\/\/i2.wp.com\/luxonomy.net\/wp-content\/uploads\/2021\/09\/MOCKUP-TODOS-LUXONOMY.jpg?fit=1000%2C515&ssl=1","width":1000,"height":515,"caption":"LUXONOMY"},"image":{"@id":"https:\/\/luxonomy.net\/es\/#\/schema\/logo\/image\/"},"sameAs":["https:\/\/www.facebook.com\/luxonomy","https:\/\/www.instagram.com\/luxonomy\/","https:\/\/www.linkedin.com\/company\/luxonomy\/"]},{"@type":"Person","@id":"https:\/\/luxonomy.net\/es\/#\/schema\/person\/aca186356f30a813f61bbf19ba52c031","name":"Pablo Guti\u00e9rrez-Rav\u00e9 Villal\u00f3n","image":{"@type":"ImageObject","inLanguage":"es","@id":"https:\/\/luxonomy.net\/wp-content\/litespeed\/avatar\/b80839bcd1d7840754b71e72cad801ce.jpg?ver=1788213692","url":"https:\/\/luxonomy.net\/wp-content\/litespeed\/avatar\/b80839bcd1d7840754b71e72cad801ce.jpg?ver=1788213692","contentUrl":"https:\/\/luxonomy.net\/wp-content\/litespeed\/avatar\/b80839bcd1d7840754b71e72cad801ce.jpg?ver=1788213692","caption":"Pablo Guti\u00e9rrez-Rav\u00e9 Villal\u00f3n"},"description":"president LUXONOMY\u2122 Group","sameAs":["https:\/\/www.linkedin.com\/in\/pablogutierrezrave\/"],"url":"https:\/\/luxonomy.net\/es\/author\/pablo\/"}]}},"jetpack_publicize_connections":[],"jetpack_shortlink":"https:\/\/wp.me\/paPhBa-i08","jetpack_sharing_enabled":true,"jetpack_featured_media_url":"https:\/\/i0.wp.com\/luxonomy.net\/wp-content\/uploads\/2025\/12\/El-lujo-frena-su-ritmo-y-entra-en-una-nueva-era.-Hacia-donde-se-dirige-la-industria-en-2026.webp?fit=1440%2C810&ssl=1","_links":{"self":[{"href":"https:\/\/luxonomy.net\/es\/wp-json\/wp\/v2\/posts\/69200","targetHints":{"allow":["GET"]}}],"collection":[{"href":"https:\/\/luxonomy.net\/es\/wp-json\/wp\/v2\/posts"}],"about":[{"href":"https:\/\/luxonomy.net\/es\/wp-json\/wp\/v2\/types\/post"}],"author":[{"embeddable":true,"href":"https:\/\/luxonomy.net\/es\/wp-json\/wp\/v2\/users\/19"}],"replies":[{"embeddable":true,"href":"https:\/\/luxonomy.net\/es\/wp-json\/wp\/v2\/comments?post=69200"}],"version-history":[{"count":1,"href":"https:\/\/luxonomy.net\/es\/wp-json\/wp\/v2\/posts\/69200\/revisions"}],"predecessor-version":[{"id":69202,"href":"https:\/\/luxonomy.net\/es\/wp-json\/wp\/v2\/posts\/69200\/revisions\/69202"}],"wp:featuredmedia":[{"embeddable":true,"href":"https:\/\/luxonomy.net\/es\/wp-json\/wp\/v2\/media\/69201"}],"wp:attachment":[{"href":"https:\/\/luxonomy.net\/es\/wp-json\/wp\/v2\/media?parent=69200"}],"wp:term":[{"taxonomy":"category","embeddable":true,"href":"https:\/\/luxonomy.net\/es\/wp-json\/wp\/v2\/categories?post=69200"},{"taxonomy":"post_tag","embeddable":true,"href":"https:\/\/luxonomy.net\/es\/wp-json\/wp\/v2\/tags?post=69200"},{"taxonomy":"thb-sponsors","embeddable":true,"href":"https:\/\/luxonomy.net\/es\/wp-json\/wp\/v2\/thb-sponsors?post=69200"}],"curies":[{"name":"wp","href":"https:\/\/api.w.org\/{rel}","templated":true}]}}