{"id":69168,"date":"2025-11-25T11:29:19","date_gmt":"2025-11-25T10:29:19","guid":{"rendered":"https:\/\/luxonomy.net\/?p=69168"},"modified":"2025-11-27T13:07:12","modified_gmt":"2025-11-27T12:07:12","slug":"ulta-beauty-aterriza-en-oriente-medio-y-reconfigura-el-mapa-global-de-la-belleza","status":"publish","type":"post","link":"https:\/\/luxonomy.net\/es\/ulta-beauty-aterriza-en-oriente-medio-y-reconfigura-el-mapa-global-de-la-belleza\/","title":{"rendered":"Ulta Beauty aterriza en Oriente Medio y reconfigura el mapa global de la belleza"},"content":{"rendered":"\n<p class=\"wp-block-paragraph\">La estadounidense Ulta Beauty inicia un movimiento estrat\u00e9gico de alcance internacional al abrir su primera tienda en Oriente Medio en asociaci\u00f3n con el poderoso grupo Alshaya. Su desembarco se materializa en The Avenues (Kuwait), donde el minorista ha desarrollado un espacio de m\u00e1s de 1.400m\u00b2 con m\u00e1s de 300 marcas que mezclan lujo, masstige y propuestas locales.<\/p>\n\n\n\n<p class=\"wp-block-paragraph\">Este lanzamiento inaugura una ofensiva regional sin precedentes: la compa\u00f1\u00eda prev\u00e9 nuevas aperturas en 2026 en Emiratos \u00c1rabes Unidos y Arabia Saud\u00ed, incluyendo ubicaciones de primer nivel como Mall of the Emirates y Dubai Mall.<\/p>\n\n\n\n<p class=\"wp-block-paragraph\">Ulta introduce en Oriente Medio su modelo caracter\u00edstico basado en la combinaci\u00f3n de producto, servicio, experimentaci\u00f3n y entretenimiento. Un formato h\u00edbrido que contrasta con el enfoque tradicional del lujo puro que domina la regi\u00f3n, donde las tiendas insignia buscan la m\u00e1xima teatralidad y la exclusividad absoluta.<\/p><div id=\"luxon-4075940641\" class=\"luxon-3er-parrafo luxon-entity-placement\" style=\"margin-top: 20px;margin-bottom: 20px;margin-left: auto;margin-right: auto;text-align: center;\"><a href=\"https:\/\/luxonomy.university\/course\/master-turismo-de-lujo\" target=\"_blank\" aria-label=\"master-turismo-lujo-2026-2027\"><img loading=\"lazy\" decoding=\"async\" src=\"https:\/\/i0.wp.com\/luxonomy.net\/wp-content\/uploads\/2020\/07\/master-turismo-lujo-2026-2027.jpg?fit=1672%2C941&#038;ssl=1\" alt=\"\"  srcset=\"https:\/\/i0.wp.com\/luxonomy.net\/wp-content\/uploads\/2020\/07\/master-turismo-lujo-2026-2027.jpg?w=1672&ssl=1 1672w, https:\/\/i0.wp.com\/luxonomy.net\/wp-content\/uploads\/2020\/07\/master-turismo-lujo-2026-2027.jpg?resize=300%2C169&ssl=1 300w, https:\/\/i0.wp.com\/luxonomy.net\/wp-content\/uploads\/2020\/07\/master-turismo-lujo-2026-2027.jpg?resize=1024%2C576&ssl=1 1024w, https:\/\/i0.wp.com\/luxonomy.net\/wp-content\/uploads\/2020\/07\/master-turismo-lujo-2026-2027.jpg?resize=768%2C432&ssl=1 768w, https:\/\/i0.wp.com\/luxonomy.net\/wp-content\/uploads\/2020\/07\/master-turismo-lujo-2026-2027.jpg?resize=1536%2C864&ssl=1 1536w, https:\/\/i0.wp.com\/luxonomy.net\/wp-content\/uploads\/2020\/07\/master-turismo-lujo-2026-2027.jpg?resize=370%2C208&ssl=1 370w, https:\/\/i0.wp.com\/luxonomy.net\/wp-content\/uploads\/2020\/07\/master-turismo-lujo-2026-2027.jpg?resize=800%2C450&ssl=1 800w, https:\/\/i0.wp.com\/luxonomy.net\/wp-content\/uploads\/2020\/07\/master-turismo-lujo-2026-2027.jpg?resize=20%2C11&ssl=1 20w, https:\/\/i0.wp.com\/luxonomy.net\/wp-content\/uploads\/2020\/07\/master-turismo-lujo-2026-2027.jpg?resize=740%2C416&ssl=1 740w, https:\/\/i0.wp.com\/luxonomy.net\/wp-content\/uploads\/2020\/07\/master-turismo-lujo-2026-2027.jpg?resize=1600%2C900&ssl=1 1600w, https:\/\/i0.wp.com\/luxonomy.net\/wp-content\/uploads\/2020\/07\/master-turismo-lujo-2026-2027.jpg?resize=1200%2C675&ssl=1 1200w, https:\/\/i0.wp.com\/luxonomy.net\/wp-content\/uploads\/2020\/07\/master-turismo-lujo-2026-2027.jpg?resize=85%2C48&ssl=1 85w\" sizes=\"(max-width: 1170px) 100vw, 1170px\" class=\"no-lazyload\" width=\"1672\" height=\"941\"   \/><\/a><\/div>\n\n\n\n<p class=\"wp-block-paragraph\">Para el sector del lujo y la belleza premium, la llegada del gigante estadounidense implica una reconfiguraci\u00f3n del ecosistema. El consumidor local \u2014uno de los m\u00e1s j\u00f3venes y digitales del mundo\u2014 est\u00e1 ampliando r\u00e1pidamente su abanico de preferencias, dejando espacio para nuevas propuestas que combinan accesibilidad, diversidad y experiencia inmersiva.<\/p>\n\n\n\n<p class=\"wp-block-paragraph\">La expansi\u00f3n de Ulta tambi\u00e9n confirma el nuevo papel estrat\u00e9gico de Oriente Medio, una regi\u00f3n que se ha convertido en un polo de crecimiento para moda, belleza, joyer\u00eda y estilo de vida. En un contexto global de desaceleraci\u00f3n en mercados tradicionales, el Golfo emerge como una arena competitiva donde conviven grandes casas de lujo, marcas emergentes y retailers internacionales que quieren conquistar al comprador premium del futuro.<\/p>\n\n\n","protected":false},"excerpt":{"rendered":"<p>La estadounidense Ulta Beauty inicia un movimiento estrat\u00e9gico de alcance internacional al abrir su primera tienda en Oriente Medio en asociaci\u00f3n con el poderoso grupo Alshaya. Su desembarco se materializa en The Avenues (Kuwait), donde el minorista ha desarrollado un espacio de m\u00e1s de 1.400m\u00b2 con m\u00e1s de 300 marcas que mezclan lujo, masstige y propuestas locales.<\/p>\n","protected":false},"author":13,"featured_media":69169,"comment_status":"open","ping_status":"open","sticky":false,"template":"","format":"standard","meta":{"_jetpack_newsletter_access":"","_jetpack_dont_email_post_to_subs":false,"_jetpack_newsletter_tier_id":0,"_jetpack_memberships_contains_paywalled_content":false,"_jetpack_feature_clip_id":0,"_jetpack_memberships_contains_paid_content":false,"footnotes":"","jetpack_publicize_message":"Ulta Beauty aterriza en Oriente Medio y reconfigura el mapa global de la belleza.\nLa estadounidense Ulta Beauty inicia un movimiento estrat\u00e9gico de alcance internacional al abrir su primera tienda en Oriente Medio en asociaci\u00f3n con el poderoso grupo Alshaya. Su desembarco se materializa en The Avenues (Kuwait), donde el minorista ha desarrollado un espacio de m\u00e1s de 1.400m\u00b2 con m\u00e1s de 300 marcas que mezclan lujo, masstige y propuestas locales.\n#LUXONOMY","jetpack_publicize_feature_enabled":true,"jetpack_social_post_already_shared":true,"jetpack_social_options":{"image_generator_settings":{"template":"edge","default_image_id":0,"font":"","enabled":false},"version":2},"jetpack_post_was_ever_published":false},"categories":[486],"tags":[490,10015],"thb-sponsors":[],"class_list":["post-69168","post","type-post","status-publish","format-standard","has-post-thumbnail","hentry","category-oriente-medio","tag-oriente-medio","tag-ulta-beauty"],"yoast_head":"<!-- This site is optimized with the Yoast SEO plugin v28.4 - https:\/\/yoast.com\/product\/yoast-seo-wordpress\/ -->\n<title>Ulta Beauty aterriza en Oriente Medio y reconfigura el mapa global de la belleza | LUXONOMY<\/title>\n<meta name=\"robots\" content=\"index, follow, max-snippet:-1, max-image-preview:large, max-video-preview:-1\" \/>\n<link rel=\"canonical\" href=\"https:\/\/luxonomy.net\/es\/ulta-beauty-aterriza-en-oriente-medio-y-reconfigura-el-mapa-global-de-la-belleza\/\" \/>\n<meta property=\"og:locale\" content=\"es_ES\" \/>\n<meta property=\"og:type\" content=\"article\" \/>\n<meta property=\"og:title\" content=\"Ulta Beauty aterriza en Oriente Medio y reconfigura el mapa global de la belleza | LUXONOMY\" \/>\n<meta property=\"og:description\" content=\"La estadounidense Ulta Beauty inicia un movimiento estrat\u00e9gico de alcance internacional al abrir su primera tienda en Oriente Medio en asociaci\u00f3n con el poderoso grupo Alshaya. Su desembarco se materializa en The Avenues (Kuwait), donde el minorista ha desarrollado un espacio de m\u00e1s de 1.400m\u00b2 con m\u00e1s de 300 marcas que mezclan lujo, masstige y propuestas locales.\" \/>\n<meta property=\"og:url\" content=\"https:\/\/luxonomy.net\/es\/ulta-beauty-aterriza-en-oriente-medio-y-reconfigura-el-mapa-global-de-la-belleza\/\" \/>\n<meta property=\"og:site_name\" content=\"LUXONOMY\" \/>\n<meta property=\"article:publisher\" content=\"https:\/\/www.facebook.com\/luxonomy\" \/>\n<meta property=\"article:published_time\" content=\"2025-11-25T10:29:19+00:00\" \/>\n<meta property=\"article:modified_time\" content=\"2025-11-27T12:07:12+00:00\" \/>\n<meta name=\"author\" content=\"Dara Bernardo\" \/>\n<meta name=\"twitter:card\" content=\"summary_large_image\" \/>\n<meta name=\"twitter:label1\" content=\"Escrito por\" \/>\n\t<meta name=\"twitter:data1\" content=\"Dara Bernardo\" \/>\n\t<meta name=\"twitter:label2\" content=\"Tiempo de lectura\" \/>\n\t<meta name=\"twitter:data2\" content=\"2 minutos\" \/>\n<script type=\"application\/ld+json\" class=\"yoast-schema-graph\">{\"@context\":\"https:\\\/\\\/schema.org\",\"@graph\":[{\"@type\":\"Article\",\"@id\":\"https:\\\/\\\/luxonomy.net\\\/es\\\/ulta-beauty-aterriza-en-oriente-medio-y-reconfigura-el-mapa-global-de-la-belleza\\\/#article\",\"isPartOf\":{\"@id\":\"https:\\\/\\\/luxonomy.net\\\/es\\\/ulta-beauty-aterriza-en-oriente-medio-y-reconfigura-el-mapa-global-de-la-belleza\\\/\"},\"author\":{\"name\":\"Dara Bernardo\",\"@id\":\"https:\\\/\\\/luxonomy.net\\\/es\\\/#\\\/schema\\\/person\\\/74504e9f212f80551761fb98f9925520\"},\"headline\":\"Ulta Beauty aterriza en Oriente Medio y reconfigura el mapa global de la belleza\",\"datePublished\":\"2025-11-25T10:29:19+00:00\",\"dateModified\":\"2025-11-27T12:07:12+00:00\",\"mainEntityOfPage\":{\"@id\":\"https:\\\/\\\/luxonomy.net\\\/es\\\/ulta-beauty-aterriza-en-oriente-medio-y-reconfigura-el-mapa-global-de-la-belleza\\\/\"},\"wordCount\":288,\"commentCount\":0,\"publisher\":{\"@id\":\"https:\\\/\\\/luxonomy.net\\\/es\\\/#organization\"},\"image\":{\"@id\":\"https:\\\/\\\/luxonomy.net\\\/es\\\/ulta-beauty-aterriza-en-oriente-medio-y-reconfigura-el-mapa-global-de-la-belleza\\\/#primaryimage\"},\"thumbnailUrl\":\"https:\\\/\\\/luxonomy.net\\\/wp-content\\\/uploads\\\/2025\\\/11\\\/Ulta-Beauty-aterriza-en-Oriente-Medio-y-reconfigura-el-mapa-global-de-la-belleza.avif\",\"keywords\":[\"Oriente Medio\",\"Ulta Beauty\"],\"articleSection\":[\"Oriente Medio\"],\"inLanguage\":\"es\",\"potentialAction\":[{\"@type\":\"CommentAction\",\"name\":\"Comment\",\"target\":[\"https:\\\/\\\/luxonomy.net\\\/es\\\/ulta-beauty-aterriza-en-oriente-medio-y-reconfigura-el-mapa-global-de-la-belleza\\\/#respond\"]}]},{\"@type\":\"WebPage\",\"@id\":\"https:\\\/\\\/luxonomy.net\\\/es\\\/ulta-beauty-aterriza-en-oriente-medio-y-reconfigura-el-mapa-global-de-la-belleza\\\/\",\"url\":\"https:\\\/\\\/luxonomy.net\\\/es\\\/ulta-beauty-aterriza-en-oriente-medio-y-reconfigura-el-mapa-global-de-la-belleza\\\/\",\"name\":\"Ulta Beauty aterriza en Oriente Medio y reconfigura el mapa global de la belleza | LUXONOMY\",\"isPartOf\":{\"@id\":\"https:\\\/\\\/luxonomy.net\\\/es\\\/#website\"},\"primaryImageOfPage\":{\"@id\":\"https:\\\/\\\/luxonomy.net\\\/es\\\/ulta-beauty-aterriza-en-oriente-medio-y-reconfigura-el-mapa-global-de-la-belleza\\\/#primaryimage\"},\"image\":{\"@id\":\"https:\\\/\\\/luxonomy.net\\\/es\\\/ulta-beauty-aterriza-en-oriente-medio-y-reconfigura-el-mapa-global-de-la-belleza\\\/#primaryimage\"},\"thumbnailUrl\":\"https:\\\/\\\/luxonomy.net\\\/wp-content\\\/uploads\\\/2025\\\/11\\\/Ulta-Beauty-aterriza-en-Oriente-Medio-y-reconfigura-el-mapa-global-de-la-belleza.avif\",\"datePublished\":\"2025-11-25T10:29:19+00:00\",\"dateModified\":\"2025-11-27T12:07:12+00:00\",\"breadcrumb\":{\"@id\":\"https:\\\/\\\/luxonomy.net\\\/es\\\/ulta-beauty-aterriza-en-oriente-medio-y-reconfigura-el-mapa-global-de-la-belleza\\\/#breadcrumb\"},\"inLanguage\":\"es\",\"potentialAction\":[{\"@type\":\"ReadAction\",\"target\":[\"https:\\\/\\\/luxonomy.net\\\/es\\\/ulta-beauty-aterriza-en-oriente-medio-y-reconfigura-el-mapa-global-de-la-belleza\\\/\"]}]},{\"@type\":\"ImageObject\",\"inLanguage\":\"es\",\"@id\":\"https:\\\/\\\/luxonomy.net\\\/es\\\/ulta-beauty-aterriza-en-oriente-medio-y-reconfigura-el-mapa-global-de-la-belleza\\\/#primaryimage\",\"url\":\"https:\\\/\\\/luxonomy.net\\\/wp-content\\\/uploads\\\/2025\\\/11\\\/Ulta-Beauty-aterriza-en-Oriente-Medio-y-reconfigura-el-mapa-global-de-la-belleza.avif\",\"contentUrl\":\"https:\\\/\\\/luxonomy.net\\\/wp-content\\\/uploads\\\/2025\\\/11\\\/Ulta-Beauty-aterriza-en-Oriente-Medio-y-reconfigura-el-mapa-global-de-la-belleza.avif\"},{\"@type\":\"BreadcrumbList\",\"@id\":\"https:\\\/\\\/luxonomy.net\\\/es\\\/ulta-beauty-aterriza-en-oriente-medio-y-reconfigura-el-mapa-global-de-la-belleza\\\/#breadcrumb\",\"itemListElement\":[{\"@type\":\"ListItem\",\"position\":1,\"name\":\"Portada\",\"item\":\"https:\\\/\\\/luxonomy.net\\\/es\\\/\"},{\"@type\":\"ListItem\",\"position\":2,\"name\":\"Ulta Beauty aterriza en Oriente Medio y reconfigura el mapa global de la belleza\"}]},{\"@type\":\"WebSite\",\"@id\":\"https:\\\/\\\/luxonomy.net\\\/es\\\/#website\",\"url\":\"https:\\\/\\\/luxonomy.net\\\/es\\\/\",\"name\":\"LUXONOMY\",\"description\":\"The Economy of Fashion &amp; Luxury\",\"publisher\":{\"@id\":\"https:\\\/\\\/luxonomy.net\\\/es\\\/#organization\"},\"potentialAction\":[{\"@type\":\"SearchAction\",\"target\":{\"@type\":\"EntryPoint\",\"urlTemplate\":\"https:\\\/\\\/luxonomy.net\\\/es\\\/?s={search_term_string}\"},\"query-input\":{\"@type\":\"PropertyValueSpecification\",\"valueRequired\":true,\"valueName\":\"search_term_string\"}}],\"inLanguage\":\"es\"},{\"@type\":\"Organization\",\"@id\":\"https:\\\/\\\/luxonomy.net\\\/es\\\/#organization\",\"name\":\"LUXONOMY\",\"url\":\"https:\\\/\\\/luxonomy.net\\\/es\\\/\",\"logo\":{\"@type\":\"ImageObject\",\"inLanguage\":\"es\",\"@id\":\"https:\\\/\\\/luxonomy.net\\\/es\\\/#\\\/schema\\\/logo\\\/image\\\/\",\"url\":\"https:\\\/\\\/i2.wp.com\\\/luxonomy.net\\\/wp-content\\\/uploads\\\/2021\\\/09\\\/MOCKUP-TODOS-LUXONOMY.jpg?fit=1000%2C515&ssl=1\",\"contentUrl\":\"https:\\\/\\\/i2.wp.com\\\/luxonomy.net\\\/wp-content\\\/uploads\\\/2021\\\/09\\\/MOCKUP-TODOS-LUXONOMY.jpg?fit=1000%2C515&ssl=1\",\"width\":1000,\"height\":515,\"caption\":\"LUXONOMY\"},\"image\":{\"@id\":\"https:\\\/\\\/luxonomy.net\\\/es\\\/#\\\/schema\\\/logo\\\/image\\\/\"},\"sameAs\":[\"https:\\\/\\\/www.facebook.com\\\/luxonomy\",\"https:\\\/\\\/www.instagram.com\\\/luxonomy\\\/\",\"https:\\\/\\\/www.linkedin.com\\\/company\\\/luxonomy\\\/\"]},{\"@type\":\"Person\",\"@id\":\"https:\\\/\\\/luxonomy.net\\\/es\\\/#\\\/schema\\\/person\\\/74504e9f212f80551761fb98f9925520\",\"name\":\"Dara Bernardo\",\"image\":{\"@type\":\"ImageObject\",\"inLanguage\":\"es\",\"@id\":\"https:\\\/\\\/luxonomy.net\\\/wp-content\\\/litespeed\\\/avatar\\\/6210219c821657e60e23828a44456840.jpg?ver=1787976301\",\"url\":\"https:\\\/\\\/luxonomy.net\\\/wp-content\\\/litespeed\\\/avatar\\\/6210219c821657e60e23828a44456840.jpg?ver=1787976301\",\"contentUrl\":\"https:\\\/\\\/luxonomy.net\\\/wp-content\\\/litespeed\\\/avatar\\\/6210219c821657e60e23828a44456840.jpg?ver=1787976301\",\"caption\":\"Dara Bernardo\"},\"description\":\"Managing Director at LUXONOMY\u2122 Group Middle East\",\"sameAs\":[\"mailto:dubai@investme.capital\"],\"url\":\"https:\\\/\\\/luxonomy.net\\\/es\\\/author\\\/dara-bernardo\\\/\"}]}<\/script>\n<!-- \/ Yoast SEO plugin. -->","yoast_head_json":{"title":"Ulta Beauty aterriza en Oriente Medio y reconfigura el mapa global de la belleza | LUXONOMY","robots":{"index":"index","follow":"follow","max-snippet":"max-snippet:-1","max-image-preview":"max-image-preview:large","max-video-preview":"max-video-preview:-1"},"canonical":"https:\/\/luxonomy.net\/es\/ulta-beauty-aterriza-en-oriente-medio-y-reconfigura-el-mapa-global-de-la-belleza\/","og_locale":"es_ES","og_type":"article","og_title":"Ulta Beauty aterriza en Oriente Medio y reconfigura el mapa global de la belleza | LUXONOMY","og_description":"La estadounidense Ulta Beauty inicia un movimiento estrat\u00e9gico de alcance internacional al abrir su primera tienda en Oriente Medio en asociaci\u00f3n con el poderoso grupo Alshaya. Su desembarco se materializa en The Avenues (Kuwait), donde el minorista ha desarrollado un espacio de m\u00e1s de 1.400m\u00b2 con m\u00e1s de 300 marcas que mezclan lujo, masstige y propuestas locales.","og_url":"https:\/\/luxonomy.net\/es\/ulta-beauty-aterriza-en-oriente-medio-y-reconfigura-el-mapa-global-de-la-belleza\/","og_site_name":"LUXONOMY","article_publisher":"https:\/\/www.facebook.com\/luxonomy","article_published_time":"2025-11-25T10:29:19+00:00","article_modified_time":"2025-11-27T12:07:12+00:00","author":"Dara Bernardo","twitter_card":"summary_large_image","twitter_misc":{"Escrito por":"Dara Bernardo","Tiempo de lectura":"2 minutos"},"schema":{"@context":"https:\/\/schema.org","@graph":[{"@type":"Article","@id":"https:\/\/luxonomy.net\/es\/ulta-beauty-aterriza-en-oriente-medio-y-reconfigura-el-mapa-global-de-la-belleza\/#article","isPartOf":{"@id":"https:\/\/luxonomy.net\/es\/ulta-beauty-aterriza-en-oriente-medio-y-reconfigura-el-mapa-global-de-la-belleza\/"},"author":{"name":"Dara Bernardo","@id":"https:\/\/luxonomy.net\/es\/#\/schema\/person\/74504e9f212f80551761fb98f9925520"},"headline":"Ulta Beauty aterriza en Oriente Medio y reconfigura el mapa global de la belleza","datePublished":"2025-11-25T10:29:19+00:00","dateModified":"2025-11-27T12:07:12+00:00","mainEntityOfPage":{"@id":"https:\/\/luxonomy.net\/es\/ulta-beauty-aterriza-en-oriente-medio-y-reconfigura-el-mapa-global-de-la-belleza\/"},"wordCount":288,"commentCount":0,"publisher":{"@id":"https:\/\/luxonomy.net\/es\/#organization"},"image":{"@id":"https:\/\/luxonomy.net\/es\/ulta-beauty-aterriza-en-oriente-medio-y-reconfigura-el-mapa-global-de-la-belleza\/#primaryimage"},"thumbnailUrl":"https:\/\/luxonomy.net\/wp-content\/uploads\/2025\/11\/Ulta-Beauty-aterriza-en-Oriente-Medio-y-reconfigura-el-mapa-global-de-la-belleza.avif","keywords":["Oriente Medio","Ulta Beauty"],"articleSection":["Oriente Medio"],"inLanguage":"es","potentialAction":[{"@type":"CommentAction","name":"Comment","target":["https:\/\/luxonomy.net\/es\/ulta-beauty-aterriza-en-oriente-medio-y-reconfigura-el-mapa-global-de-la-belleza\/#respond"]}]},{"@type":"WebPage","@id":"https:\/\/luxonomy.net\/es\/ulta-beauty-aterriza-en-oriente-medio-y-reconfigura-el-mapa-global-de-la-belleza\/","url":"https:\/\/luxonomy.net\/es\/ulta-beauty-aterriza-en-oriente-medio-y-reconfigura-el-mapa-global-de-la-belleza\/","name":"Ulta Beauty aterriza en Oriente Medio y reconfigura el mapa global de la belleza | LUXONOMY","isPartOf":{"@id":"https:\/\/luxonomy.net\/es\/#website"},"primaryImageOfPage":{"@id":"https:\/\/luxonomy.net\/es\/ulta-beauty-aterriza-en-oriente-medio-y-reconfigura-el-mapa-global-de-la-belleza\/#primaryimage"},"image":{"@id":"https:\/\/luxonomy.net\/es\/ulta-beauty-aterriza-en-oriente-medio-y-reconfigura-el-mapa-global-de-la-belleza\/#primaryimage"},"thumbnailUrl":"https:\/\/luxonomy.net\/wp-content\/uploads\/2025\/11\/Ulta-Beauty-aterriza-en-Oriente-Medio-y-reconfigura-el-mapa-global-de-la-belleza.avif","datePublished":"2025-11-25T10:29:19+00:00","dateModified":"2025-11-27T12:07:12+00:00","breadcrumb":{"@id":"https:\/\/luxonomy.net\/es\/ulta-beauty-aterriza-en-oriente-medio-y-reconfigura-el-mapa-global-de-la-belleza\/#breadcrumb"},"inLanguage":"es","potentialAction":[{"@type":"ReadAction","target":["https:\/\/luxonomy.net\/es\/ulta-beauty-aterriza-en-oriente-medio-y-reconfigura-el-mapa-global-de-la-belleza\/"]}]},{"@type":"ImageObject","inLanguage":"es","@id":"https:\/\/luxonomy.net\/es\/ulta-beauty-aterriza-en-oriente-medio-y-reconfigura-el-mapa-global-de-la-belleza\/#primaryimage","url":"https:\/\/luxonomy.net\/wp-content\/uploads\/2025\/11\/Ulta-Beauty-aterriza-en-Oriente-Medio-y-reconfigura-el-mapa-global-de-la-belleza.avif","contentUrl":"https:\/\/luxonomy.net\/wp-content\/uploads\/2025\/11\/Ulta-Beauty-aterriza-en-Oriente-Medio-y-reconfigura-el-mapa-global-de-la-belleza.avif"},{"@type":"BreadcrumbList","@id":"https:\/\/luxonomy.net\/es\/ulta-beauty-aterriza-en-oriente-medio-y-reconfigura-el-mapa-global-de-la-belleza\/#breadcrumb","itemListElement":[{"@type":"ListItem","position":1,"name":"Portada","item":"https:\/\/luxonomy.net\/es\/"},{"@type":"ListItem","position":2,"name":"Ulta Beauty aterriza en Oriente Medio y reconfigura el mapa global de la belleza"}]},{"@type":"WebSite","@id":"https:\/\/luxonomy.net\/es\/#website","url":"https:\/\/luxonomy.net\/es\/","name":"LUXONOMY","description":"The Economy of Fashion &amp; Luxury","publisher":{"@id":"https:\/\/luxonomy.net\/es\/#organization"},"potentialAction":[{"@type":"SearchAction","target":{"@type":"EntryPoint","urlTemplate":"https:\/\/luxonomy.net\/es\/?s={search_term_string}"},"query-input":{"@type":"PropertyValueSpecification","valueRequired":true,"valueName":"search_term_string"}}],"inLanguage":"es"},{"@type":"Organization","@id":"https:\/\/luxonomy.net\/es\/#organization","name":"LUXONOMY","url":"https:\/\/luxonomy.net\/es\/","logo":{"@type":"ImageObject","inLanguage":"es","@id":"https:\/\/luxonomy.net\/es\/#\/schema\/logo\/image\/","url":"https:\/\/i2.wp.com\/luxonomy.net\/wp-content\/uploads\/2021\/09\/MOCKUP-TODOS-LUXONOMY.jpg?fit=1000%2C515&ssl=1","contentUrl":"https:\/\/i2.wp.com\/luxonomy.net\/wp-content\/uploads\/2021\/09\/MOCKUP-TODOS-LUXONOMY.jpg?fit=1000%2C515&ssl=1","width":1000,"height":515,"caption":"LUXONOMY"},"image":{"@id":"https:\/\/luxonomy.net\/es\/#\/schema\/logo\/image\/"},"sameAs":["https:\/\/www.facebook.com\/luxonomy","https:\/\/www.instagram.com\/luxonomy\/","https:\/\/www.linkedin.com\/company\/luxonomy\/"]},{"@type":"Person","@id":"https:\/\/luxonomy.net\/es\/#\/schema\/person\/74504e9f212f80551761fb98f9925520","name":"Dara Bernardo","image":{"@type":"ImageObject","inLanguage":"es","@id":"https:\/\/luxonomy.net\/wp-content\/litespeed\/avatar\/6210219c821657e60e23828a44456840.jpg?ver=1787976301","url":"https:\/\/luxonomy.net\/wp-content\/litespeed\/avatar\/6210219c821657e60e23828a44456840.jpg?ver=1787976301","contentUrl":"https:\/\/luxonomy.net\/wp-content\/litespeed\/avatar\/6210219c821657e60e23828a44456840.jpg?ver=1787976301","caption":"Dara Bernardo"},"description":"Managing Director at LUXONOMY\u2122 Group Middle East","sameAs":["mailto:dubai@investme.capital"],"url":"https:\/\/luxonomy.net\/es\/author\/dara-bernardo\/"}]}},"jetpack_publicize_connections":[],"jetpack_shortlink":"https:\/\/wp.me\/paPhBa-hZC","jetpack_sharing_enabled":true,"jetpack_featured_media_url":"https:\/\/luxonomy.net\/wp-content\/uploads\/2025\/11\/Ulta-Beauty-aterriza-en-Oriente-Medio-y-reconfigura-el-mapa-global-de-la-belleza.avif","_links":{"self":[{"href":"https:\/\/luxonomy.net\/es\/wp-json\/wp\/v2\/posts\/69168","targetHints":{"allow":["GET"]}}],"collection":[{"href":"https:\/\/luxonomy.net\/es\/wp-json\/wp\/v2\/posts"}],"about":[{"href":"https:\/\/luxonomy.net\/es\/wp-json\/wp\/v2\/types\/post"}],"author":[{"embeddable":true,"href":"https:\/\/luxonomy.net\/es\/wp-json\/wp\/v2\/users\/13"}],"replies":[{"embeddable":true,"href":"https:\/\/luxonomy.net\/es\/wp-json\/wp\/v2\/comments?post=69168"}],"version-history":[{"count":3,"href":"https:\/\/luxonomy.net\/es\/wp-json\/wp\/v2\/posts\/69168\/revisions"}],"predecessor-version":[{"id":69175,"href":"https:\/\/luxonomy.net\/es\/wp-json\/wp\/v2\/posts\/69168\/revisions\/69175"}],"wp:featuredmedia":[{"embeddable":true,"href":"https:\/\/luxonomy.net\/es\/wp-json\/wp\/v2\/media\/69169"}],"wp:attachment":[{"href":"https:\/\/luxonomy.net\/es\/wp-json\/wp\/v2\/media?parent=69168"}],"wp:term":[{"taxonomy":"category","embeddable":true,"href":"https:\/\/luxonomy.net\/es\/wp-json\/wp\/v2\/categories?post=69168"},{"taxonomy":"post_tag","embeddable":true,"href":"https:\/\/luxonomy.net\/es\/wp-json\/wp\/v2\/tags?post=69168"},{"taxonomy":"thb-sponsors","embeddable":true,"href":"https:\/\/luxonomy.net\/es\/wp-json\/wp\/v2\/thb-sponsors?post=69168"}],"curies":[{"name":"wp","href":"https:\/\/api.w.org\/{rel}","templated":true}]}}