{"id":69136,"date":"2025-11-19T09:33:27","date_gmt":"2025-11-19T08:33:27","guid":{"rendered":"https:\/\/luxonomy.net\/?p=69136"},"modified":"2025-11-19T09:33:39","modified_gmt":"2025-11-19T08:33:39","slug":"china-redefine-el-lujo-la-generacion-z-y-alpha-impulsan-el-auge-de-marcas-locales-premium","status":"publish","type":"post","link":"https:\/\/luxonomy.net\/es\/china-redefine-el-lujo-la-generacion-z-y-alpha-impulsan-el-auge-de-marcas-locales-premium\/","title":{"rendered":"CHINA REDEFINE EL LUJO: LA GENERACI\u00d3N Z Y ALPHA IMPULSAN EL AUGE DE MARCAS LOCALES PREMIUM"},"content":{"rendered":"\n<p class=\"wp-block-paragraph\">El mercado chino del lujo vive un momento hist\u00f3rico. Tras dos a\u00f1os de incertidumbre, sus consumidores m\u00e1s j\u00f3venes \u2014especialmente <strong>Generaci\u00f3n Z y Alpha<\/strong>\u2014 est\u00e1n impulsando una transformaci\u00f3n que impacta directamente en la forma en que las marcas globales deben relacionarse con ellos. Ya no buscan \u00fanicamente casas europeas centenarias; est\u00e1n construyendo un ecosistema donde el lujo dom\u00e9stico, la tecnolog\u00eda y la identidad cultural se entrelazan.<\/p>\n\n\n\n<h2 class=\"wp-block-heading\"><strong>Nueva sensibilidad: menos logo, m\u00e1s autenticidad cultural<\/strong><\/h2>\n\n\n\n<p class=\"wp-block-paragraph\">La juventud china ha evolucionado hacia un modelo de consumo donde el estatus no se mide por ostentaci\u00f3n sino por narrativa. Se premia:<\/p>\n\n\n\n<ul class=\"wp-block-list\">\n<li>La reinterpretaci\u00f3n contempor\u00e1nea de la herencia china.<\/li>\n\n\n\n<li>La conexi\u00f3n simb\u00f3lica entre tradici\u00f3n, modernidad y funcionalidad.<\/li>\n\n\n\n<li>La coherencia \u00e9tica y ambiental.<\/li>\n\n\n\n<li>La inclusi\u00f3n de IA en dise\u00f1o, personalizaci\u00f3n y compra.<\/li>\n<\/ul>\n\n\n\n<p class=\"wp-block-paragraph\">Mientras generaciones anteriores ve\u00edan en Louis Vuitton, Chanel o Dior referentes aspiracionales, los Z y Alpha exploran firmas chinas que integran arte, tecnolog\u00eda y cultura como parte esencial del producto.<\/p><div id=\"luxon-46414116\" class=\"luxon-3er-parrafo luxon-entity-placement\" style=\"margin-top: 20px;margin-bottom: 20px;margin-left: auto;margin-right: auto;text-align: center;\"><a href=\"https:\/\/luxonomy.university\/course\/master-turismo-de-lujo\" target=\"_blank\" aria-label=\"master-turismo-lujo-2026-2027\"><img loading=\"lazy\" decoding=\"async\" src=\"https:\/\/i0.wp.com\/luxonomy.net\/wp-content\/uploads\/2020\/07\/master-turismo-lujo-2026-2027.jpg?fit=1672%2C941&#038;ssl=1\" alt=\"\"  srcset=\"https:\/\/i0.wp.com\/luxonomy.net\/wp-content\/uploads\/2020\/07\/master-turismo-lujo-2026-2027.jpg?w=1672&ssl=1 1672w, https:\/\/i0.wp.com\/luxonomy.net\/wp-content\/uploads\/2020\/07\/master-turismo-lujo-2026-2027.jpg?resize=300%2C169&ssl=1 300w, https:\/\/i0.wp.com\/luxonomy.net\/wp-content\/uploads\/2020\/07\/master-turismo-lujo-2026-2027.jpg?resize=1024%2C576&ssl=1 1024w, https:\/\/i0.wp.com\/luxonomy.net\/wp-content\/uploads\/2020\/07\/master-turismo-lujo-2026-2027.jpg?resize=768%2C432&ssl=1 768w, https:\/\/i0.wp.com\/luxonomy.net\/wp-content\/uploads\/2020\/07\/master-turismo-lujo-2026-2027.jpg?resize=1536%2C864&ssl=1 1536w, https:\/\/i0.wp.com\/luxonomy.net\/wp-content\/uploads\/2020\/07\/master-turismo-lujo-2026-2027.jpg?resize=370%2C208&ssl=1 370w, https:\/\/i0.wp.com\/luxonomy.net\/wp-content\/uploads\/2020\/07\/master-turismo-lujo-2026-2027.jpg?resize=800%2C450&ssl=1 800w, https:\/\/i0.wp.com\/luxonomy.net\/wp-content\/uploads\/2020\/07\/master-turismo-lujo-2026-2027.jpg?resize=20%2C11&ssl=1 20w, https:\/\/i0.wp.com\/luxonomy.net\/wp-content\/uploads\/2020\/07\/master-turismo-lujo-2026-2027.jpg?resize=740%2C416&ssl=1 740w, https:\/\/i0.wp.com\/luxonomy.net\/wp-content\/uploads\/2020\/07\/master-turismo-lujo-2026-2027.jpg?resize=1600%2C900&ssl=1 1600w, https:\/\/i0.wp.com\/luxonomy.net\/wp-content\/uploads\/2020\/07\/master-turismo-lujo-2026-2027.jpg?resize=1200%2C675&ssl=1 1200w, https:\/\/i0.wp.com\/luxonomy.net\/wp-content\/uploads\/2020\/07\/master-turismo-lujo-2026-2027.jpg?resize=85%2C48&ssl=1 85w\" sizes=\"(max-width: 1170px) 100vw, 1170px\" class=\"no-lazyload\" width=\"1672\" height=\"941\"   \/><\/a><\/div>\n\n\n\n<h2 class=\"wp-block-heading\"><strong>El auge del lujo dom\u00e9stico: un fen\u00f3meno estructural<\/strong><\/h2>\n\n\n\n<p class=\"wp-block-paragraph\">China est\u00e1 potenciando marcas premium en moda, joyer\u00eda, belleza, autos el\u00e9ctricos, lifestyle y gastronom\u00eda. Estas marcas no buscan imitar a Europa; buscan superarla en:<\/p>\n\n\n\n<ul class=\"wp-block-list\">\n<li>Innovaci\u00f3n tecnol\u00f3gica.<\/li>\n\n\n\n<li>Experiencias inmersivas f\u00edsico-digitales.<\/li>\n\n\n\n<li>Ritmo de lanzamiento.<\/li>\n\n\n\n<li>Dominio del ecosistema local de redes sociales (Xiaohongshu, Douyin, Bilibili).<\/li>\n<\/ul>\n\n\n\n<p class=\"wp-block-paragraph\">Ante este escenario, las firmas occidentales deben aceptar que ya no poseen el monopolio del prestigio. El lujo chino est\u00e1 dejando de ser \u201cemergente\u201d para convertirse en generador de tendencias.<\/p>\n\n\n\n<h2 class=\"wp-block-heading\"><strong>Cambio generacional: consumo m\u00e1s pragm\u00e1tico y digitalizado<\/strong><\/h2>\n\n\n\n<p class=\"wp-block-paragraph\">Los consumidores j\u00f3venes chinos presentan rasgos distintivos:<\/p>\n\n\n\n<ul class=\"wp-block-list\">\n<li>Priorizan marcas que reflejen identidad personal y nacional.<\/li>\n\n\n\n<li>Tienen menor tolerancia a precios desalineados con valor percibido.<\/li>\n\n\n\n<li>Son expertos en comparaci\u00f3n, an\u00e1lisis y verificaci\u00f3n digital.<\/li>\n\n\n\n<li>Buscan experiencias m\u00e1s fluidas que ceremoniales.<\/li>\n<\/ul>\n\n\n\n<p class=\"wp-block-paragraph\">Est\u00e1n dispuestos a pagar m\u00e1s por productos que integren dise\u00f1o local, tecnolog\u00eda disruptiva y narrativa cultural fuerte.<\/p><div id=\"luxon-456821983\" class=\"luxon-7-parrafo luxon-entity-placement\" style=\"margin-top: 20px;margin-bottom: 20px;margin-left: auto;margin-right: auto;text-align: center;\"><a href=\"https:\/\/theintelligence.institute\/course\/inteligencia-artificial-para-directivos\" target=\"_blank\" aria-label=\"CSIAD_empresas_THEI_horizontal_4x3_v5\"><img loading=\"lazy\" decoding=\"async\" src=\"https:\/\/i0.wp.com\/luxonomy.net\/wp-content\/uploads\/2025\/08\/CSIAD_empresas_THEI_horizontal_4x3_v5.png?fit=2000%2C1500&#038;ssl=1\" alt=\"\"  srcset=\"https:\/\/i0.wp.com\/luxonomy.net\/wp-content\/uploads\/2025\/08\/CSIAD_empresas_THEI_horizontal_4x3_v5.png?w=2000&ssl=1 2000w, https:\/\/i0.wp.com\/luxonomy.net\/wp-content\/uploads\/2025\/08\/CSIAD_empresas_THEI_horizontal_4x3_v5.png?resize=300%2C225&ssl=1 300w, https:\/\/i0.wp.com\/luxonomy.net\/wp-content\/uploads\/2025\/08\/CSIAD_empresas_THEI_horizontal_4x3_v5.png?resize=1024%2C768&ssl=1 1024w, https:\/\/i0.wp.com\/luxonomy.net\/wp-content\/uploads\/2025\/08\/CSIAD_empresas_THEI_horizontal_4x3_v5.png?resize=768%2C576&ssl=1 768w, https:\/\/i0.wp.com\/luxonomy.net\/wp-content\/uploads\/2025\/08\/CSIAD_empresas_THEI_horizontal_4x3_v5.png?resize=1536%2C1152&ssl=1 1536w, https:\/\/i0.wp.com\/luxonomy.net\/wp-content\/uploads\/2025\/08\/CSIAD_empresas_THEI_horizontal_4x3_v5.png?resize=370%2C278&ssl=1 370w, https:\/\/i0.wp.com\/luxonomy.net\/wp-content\/uploads\/2025\/08\/CSIAD_empresas_THEI_horizontal_4x3_v5.png?resize=800%2C600&ssl=1 800w, https:\/\/i0.wp.com\/luxonomy.net\/wp-content\/uploads\/2025\/08\/CSIAD_empresas_THEI_horizontal_4x3_v5.png?resize=20%2C15&ssl=1 20w, https:\/\/i0.wp.com\/luxonomy.net\/wp-content\/uploads\/2025\/08\/CSIAD_empresas_THEI_horizontal_4x3_v5.png?resize=740%2C555&ssl=1 740w, https:\/\/i0.wp.com\/luxonomy.net\/wp-content\/uploads\/2025\/08\/CSIAD_empresas_THEI_horizontal_4x3_v5.png?resize=1600%2C1200&ssl=1 1600w, https:\/\/i0.wp.com\/luxonomy.net\/wp-content\/uploads\/2025\/08\/CSIAD_empresas_THEI_horizontal_4x3_v5.png?resize=1200%2C900&ssl=1 1200w, https:\/\/i0.wp.com\/luxonomy.net\/wp-content\/uploads\/2025\/08\/CSIAD_empresas_THEI_horizontal_4x3_v5.png?resize=64%2C48&ssl=1 64w\" sizes=\"(max-width: 1170px) 100vw, 1170px\" class=\"no-lazyload\" width=\"2000\" height=\"1500\"   \/><\/a><\/div>\n\n\n\n<h2 class=\"wp-block-heading\"><strong>Tecnolog\u00eda como ADN del lujo futuro<\/strong><\/h2>\n\n\n\n<p class=\"wp-block-paragraph\">A diferencia de Europa, donde muchas casas adoptan IA como herramienta auxiliar, las marcas chinas la consideran parte del propio producto: desde dise\u00f1o algor\u00edtmico a experiencias retail hiperpersonalizadas, modelos virtuales, asistentes de compra y plataformas que fusionan comercio, gaming y socializaci\u00f3n.<\/p>\n\n\n\n<p class=\"wp-block-paragraph\">Este enfoque resonar\u00e1 globalmente en los pr\u00f3ximos a\u00f1os. China ya no solo consume lujo: <strong>lo dise\u00f1a, lo reinventa y lo exporta<\/strong>.<\/p>\n\n\n\n<h2 class=\"wp-block-heading\"><strong>Un nuevo equilibrio global<\/strong><\/h2>\n\n\n\n<p class=\"wp-block-paragraph\">Para las grandes casas occidentales, comprender este cambio es esencial:<\/p>\n\n\n\n<ul class=\"wp-block-list\">\n<li>La competencia real ya no proviene \u00fanicamente de otros conglomerados europeos.<\/li>\n\n\n\n<li>La cultura digital china es m\u00e1s r\u00e1pida, m\u00e1s joven y m\u00e1s h\u00edbrida.<\/li>\n\n\n\n<li>El lujo del futuro ser\u00e1 menos uniforme y m\u00e1s culturalmente contextualizado.<\/li>\n<\/ul>\n\n\n\n<p class=\"wp-block-paragraph\">Quien no entienda a esta generaci\u00f3n perder\u00e1 presencia en el mercado que marcar\u00e1 el pulso del lujo mundial.<\/p>\n\n\n","protected":false},"excerpt":{"rendered":"<p>El mercado chino del lujo vive un momento hist\u00f3rico. Tras dos a\u00f1os de incertidumbre, sus consumidores m\u00e1s j\u00f3venes \u2014especialmente Generaci\u00f3n Z y Alpha\u2014 est\u00e1n impulsando una transformaci\u00f3n que impacta directamente en la forma en que las marcas globales deben relacionarse con ellos. Ya no buscan \u00fanicamente casas europeas centenarias; est\u00e1n construyendo un ecosistema donde el&hellip;<\/p>\n","protected":false},"author":19,"featured_media":69137,"comment_status":"open","ping_status":"open","sticky":false,"template":"","format":"standard","meta":{"_jetpack_newsletter_access":"","_jetpack_dont_email_post_to_subs":false,"_jetpack_newsletter_tier_id":0,"_jetpack_memberships_contains_paywalled_content":false,"_jetpack_feature_clip_id":0,"_jetpack_memberships_contains_paid_content":false,"footnotes":"","jetpack_publicize_message":"CHINA REDEFINE EL LUJO: LA GENERACI\u00d3N Z Y ALPHA IMPULSAN EL AUGE DE MARCAS LOCALES PREMIUM\n#LUXONOMY","jetpack_publicize_feature_enabled":true,"jetpack_social_post_already_shared":true,"jetpack_social_options":{"image_generator_settings":{"template":"edge","default_image_id":0,"font":"","enabled":false},"version":2},"jetpack_post_was_ever_published":false},"categories":[774,792,1128],"tags":[332],"thb-sponsors":[],"class_list":["post-69136","post","type-post","status-publish","format-standard","has-post-thumbnail","hentry","category-asia","category-china","category-economia","tag-china"],"yoast_head":"<!-- This site is optimized with the Yoast SEO plugin v28.4 - https:\/\/yoast.com\/product\/yoast-seo-wordpress\/ -->\n<title>CHINA REDEFINE EL LUJO: LA GENERACI\u00d3N Z Y ALPHA IMPULSAN EL AUGE DE MARCAS LOCALES PREMIUM | LUXONOMY<\/title>\n<meta name=\"robots\" content=\"index, follow, max-snippet:-1, max-image-preview:large, max-video-preview:-1\" \/>\n<link rel=\"canonical\" href=\"https:\/\/luxonomy.net\/es\/china-redefine-el-lujo-la-generacion-z-y-alpha-impulsan-el-auge-de-marcas-locales-premium\/\" \/>\n<meta property=\"og:locale\" content=\"es_ES\" \/>\n<meta property=\"og:type\" content=\"article\" \/>\n<meta property=\"og:title\" content=\"CHINA REDEFINE EL LUJO: LA GENERACI\u00d3N Z Y ALPHA IMPULSAN EL AUGE DE MARCAS LOCALES PREMIUM | LUXONOMY\" \/>\n<meta property=\"og:description\" content=\"El mercado chino del lujo vive un momento hist\u00f3rico. Tras dos a\u00f1os de incertidumbre, sus consumidores m\u00e1s j\u00f3venes \u2014especialmente Generaci\u00f3n Z y Alpha\u2014 est\u00e1n impulsando una transformaci\u00f3n que impacta directamente en la forma en que las marcas globales deben relacionarse con ellos. Ya no buscan \u00fanicamente casas europeas centenarias; est\u00e1n construyendo un ecosistema donde el&hellip;\" \/>\n<meta property=\"og:url\" content=\"https:\/\/luxonomy.net\/es\/china-redefine-el-lujo-la-generacion-z-y-alpha-impulsan-el-auge-de-marcas-locales-premium\/\" \/>\n<meta property=\"og:site_name\" content=\"LUXONOMY\" \/>\n<meta property=\"article:publisher\" content=\"https:\/\/www.facebook.com\/luxonomy\" \/>\n<meta property=\"article:published_time\" content=\"2025-11-19T08:33:27+00:00\" \/>\n<meta property=\"article:modified_time\" content=\"2025-11-19T08:33:39+00:00\" \/>\n<meta property=\"og:image\" content=\"https:\/\/luxonomy.net\/wp-content\/uploads\/2025\/11\/CHINA-REDEFINE-EL-LUJO-LA-GENERACION-Z-Y-ALPHA-IMPULSAN-EL-AUGE-DE-MARCAS-LOCALES-PREMIUM-scaled.jpg\" \/>\n\t<meta property=\"og:image:width\" content=\"2560\" \/>\n\t<meta property=\"og:image:height\" content=\"1707\" \/>\n\t<meta property=\"og:image:type\" content=\"image\/jpeg\" \/>\n<meta name=\"author\" content=\"Pablo Guti\u00e9rrez-Rav\u00e9 Villal\u00f3n\" \/>\n<meta name=\"twitter:card\" content=\"summary_large_image\" \/>\n<meta name=\"twitter:label1\" content=\"Escrito por\" \/>\n\t<meta name=\"twitter:data1\" content=\"Pablo Guti\u00e9rrez-Rav\u00e9 Villal\u00f3n\" \/>\n\t<meta name=\"twitter:label2\" content=\"Tiempo de lectura\" \/>\n\t<meta name=\"twitter:data2\" content=\"3 minutos\" \/>\n<script type=\"application\/ld+json\" class=\"yoast-schema-graph\">{\"@context\":\"https:\\\/\\\/schema.org\",\"@graph\":[{\"@type\":\"Article\",\"@id\":\"https:\\\/\\\/luxonomy.net\\\/es\\\/china-redefine-el-lujo-la-generacion-z-y-alpha-impulsan-el-auge-de-marcas-locales-premium\\\/#article\",\"isPartOf\":{\"@id\":\"https:\\\/\\\/luxonomy.net\\\/es\\\/china-redefine-el-lujo-la-generacion-z-y-alpha-impulsan-el-auge-de-marcas-locales-premium\\\/\"},\"author\":{\"name\":\"Pablo Guti\u00e9rrez-Rav\u00e9 Villal\u00f3n\",\"@id\":\"https:\\\/\\\/luxonomy.net\\\/es\\\/#\\\/schema\\\/person\\\/946f96026a12fb240997712bcc85943b\"},\"headline\":\"CHINA REDEFINE EL LUJO: LA GENERACI\u00d3N Z Y ALPHA IMPULSAN EL AUGE DE MARCAS LOCALES PREMIUM\",\"datePublished\":\"2025-11-19T08:33:27+00:00\",\"dateModified\":\"2025-11-19T08:33:39+00:00\",\"mainEntityOfPage\":{\"@id\":\"https:\\\/\\\/luxonomy.net\\\/es\\\/china-redefine-el-lujo-la-generacion-z-y-alpha-impulsan-el-auge-de-marcas-locales-premium\\\/\"},\"wordCount\":502,\"commentCount\":0,\"publisher\":{\"@id\":\"https:\\\/\\\/luxonomy.net\\\/es\\\/#organization\"},\"image\":{\"@id\":\"https:\\\/\\\/luxonomy.net\\\/es\\\/china-redefine-el-lujo-la-generacion-z-y-alpha-impulsan-el-auge-de-marcas-locales-premium\\\/#primaryimage\"},\"thumbnailUrl\":\"https:\\\/\\\/i0.wp.com\\\/luxonomy.net\\\/wp-content\\\/uploads\\\/2025\\\/11\\\/CHINA-REDEFINE-EL-LUJO-LA-GENERACION-Z-Y-ALPHA-IMPULSAN-EL-AUGE-DE-MARCAS-LOCALES-PREMIUM-scaled.jpg?fit=2560%2C1707&ssl=1\",\"keywords\":[\"China\"],\"articleSection\":[\"Asia\",\"China\",\"Econom\u00eda\"],\"inLanguage\":\"es\",\"potentialAction\":[{\"@type\":\"CommentAction\",\"name\":\"Comment\",\"target\":[\"https:\\\/\\\/luxonomy.net\\\/es\\\/china-redefine-el-lujo-la-generacion-z-y-alpha-impulsan-el-auge-de-marcas-locales-premium\\\/#respond\"]}]},{\"@type\":\"WebPage\",\"@id\":\"https:\\\/\\\/luxonomy.net\\\/es\\\/china-redefine-el-lujo-la-generacion-z-y-alpha-impulsan-el-auge-de-marcas-locales-premium\\\/\",\"url\":\"https:\\\/\\\/luxonomy.net\\\/es\\\/china-redefine-el-lujo-la-generacion-z-y-alpha-impulsan-el-auge-de-marcas-locales-premium\\\/\",\"name\":\"CHINA REDEFINE EL LUJO: LA GENERACI\u00d3N Z Y ALPHA IMPULSAN EL AUGE DE MARCAS LOCALES PREMIUM | LUXONOMY\",\"isPartOf\":{\"@id\":\"https:\\\/\\\/luxonomy.net\\\/es\\\/#website\"},\"primaryImageOfPage\":{\"@id\":\"https:\\\/\\\/luxonomy.net\\\/es\\\/china-redefine-el-lujo-la-generacion-z-y-alpha-impulsan-el-auge-de-marcas-locales-premium\\\/#primaryimage\"},\"image\":{\"@id\":\"https:\\\/\\\/luxonomy.net\\\/es\\\/china-redefine-el-lujo-la-generacion-z-y-alpha-impulsan-el-auge-de-marcas-locales-premium\\\/#primaryimage\"},\"thumbnailUrl\":\"https:\\\/\\\/i0.wp.com\\\/luxonomy.net\\\/wp-content\\\/uploads\\\/2025\\\/11\\\/CHINA-REDEFINE-EL-LUJO-LA-GENERACION-Z-Y-ALPHA-IMPULSAN-EL-AUGE-DE-MARCAS-LOCALES-PREMIUM-scaled.jpg?fit=2560%2C1707&ssl=1\",\"datePublished\":\"2025-11-19T08:33:27+00:00\",\"dateModified\":\"2025-11-19T08:33:39+00:00\",\"breadcrumb\":{\"@id\":\"https:\\\/\\\/luxonomy.net\\\/es\\\/china-redefine-el-lujo-la-generacion-z-y-alpha-impulsan-el-auge-de-marcas-locales-premium\\\/#breadcrumb\"},\"inLanguage\":\"es\",\"potentialAction\":[{\"@type\":\"ReadAction\",\"target\":[\"https:\\\/\\\/luxonomy.net\\\/es\\\/china-redefine-el-lujo-la-generacion-z-y-alpha-impulsan-el-auge-de-marcas-locales-premium\\\/\"]}]},{\"@type\":\"ImageObject\",\"inLanguage\":\"es\",\"@id\":\"https:\\\/\\\/luxonomy.net\\\/es\\\/china-redefine-el-lujo-la-generacion-z-y-alpha-impulsan-el-auge-de-marcas-locales-premium\\\/#primaryimage\",\"url\":\"https:\\\/\\\/i0.wp.com\\\/luxonomy.net\\\/wp-content\\\/uploads\\\/2025\\\/11\\\/CHINA-REDEFINE-EL-LUJO-LA-GENERACION-Z-Y-ALPHA-IMPULSAN-EL-AUGE-DE-MARCAS-LOCALES-PREMIUM-scaled.jpg?fit=2560%2C1707&ssl=1\",\"contentUrl\":\"https:\\\/\\\/i0.wp.com\\\/luxonomy.net\\\/wp-content\\\/uploads\\\/2025\\\/11\\\/CHINA-REDEFINE-EL-LUJO-LA-GENERACION-Z-Y-ALPHA-IMPULSAN-EL-AUGE-DE-MARCAS-LOCALES-PREMIUM-scaled.jpg?fit=2560%2C1707&ssl=1\",\"width\":2560,\"height\":1707},{\"@type\":\"BreadcrumbList\",\"@id\":\"https:\\\/\\\/luxonomy.net\\\/es\\\/china-redefine-el-lujo-la-generacion-z-y-alpha-impulsan-el-auge-de-marcas-locales-premium\\\/#breadcrumb\",\"itemListElement\":[{\"@type\":\"ListItem\",\"position\":1,\"name\":\"Portada\",\"item\":\"https:\\\/\\\/luxonomy.net\\\/es\\\/\"},{\"@type\":\"ListItem\",\"position\":2,\"name\":\"CHINA REDEFINE EL LUJO: LA GENERACI\u00d3N Z Y ALPHA IMPULSAN EL AUGE DE MARCAS LOCALES PREMIUM\"}]},{\"@type\":\"WebSite\",\"@id\":\"https:\\\/\\\/luxonomy.net\\\/es\\\/#website\",\"url\":\"https:\\\/\\\/luxonomy.net\\\/es\\\/\",\"name\":\"LUXONOMY\",\"description\":\"The Economy of Fashion &amp; Luxury\",\"publisher\":{\"@id\":\"https:\\\/\\\/luxonomy.net\\\/es\\\/#organization\"},\"potentialAction\":[{\"@type\":\"SearchAction\",\"target\":{\"@type\":\"EntryPoint\",\"urlTemplate\":\"https:\\\/\\\/luxonomy.net\\\/es\\\/?s={search_term_string}\"},\"query-input\":{\"@type\":\"PropertyValueSpecification\",\"valueRequired\":true,\"valueName\":\"search_term_string\"}}],\"inLanguage\":\"es\"},{\"@type\":\"Organization\",\"@id\":\"https:\\\/\\\/luxonomy.net\\\/es\\\/#organization\",\"name\":\"LUXONOMY\",\"url\":\"https:\\\/\\\/luxonomy.net\\\/es\\\/\",\"logo\":{\"@type\":\"ImageObject\",\"inLanguage\":\"es\",\"@id\":\"https:\\\/\\\/luxonomy.net\\\/es\\\/#\\\/schema\\\/logo\\\/image\\\/\",\"url\":\"https:\\\/\\\/i2.wp.com\\\/luxonomy.net\\\/wp-content\\\/uploads\\\/2021\\\/09\\\/MOCKUP-TODOS-LUXONOMY.jpg?fit=1000%2C515&ssl=1\",\"contentUrl\":\"https:\\\/\\\/i2.wp.com\\\/luxonomy.net\\\/wp-content\\\/uploads\\\/2021\\\/09\\\/MOCKUP-TODOS-LUXONOMY.jpg?fit=1000%2C515&ssl=1\",\"width\":1000,\"height\":515,\"caption\":\"LUXONOMY\"},\"image\":{\"@id\":\"https:\\\/\\\/luxonomy.net\\\/es\\\/#\\\/schema\\\/logo\\\/image\\\/\"},\"sameAs\":[\"https:\\\/\\\/www.facebook.com\\\/luxonomy\",\"https:\\\/\\\/www.instagram.com\\\/luxonomy\\\/\",\"https:\\\/\\\/www.linkedin.com\\\/company\\\/luxonomy\\\/\"]},{\"@type\":\"Person\",\"@id\":\"https:\\\/\\\/luxonomy.net\\\/es\\\/#\\\/schema\\\/person\\\/946f96026a12fb240997712bcc85943b\",\"name\":\"Pablo Guti\u00e9rrez-Rav\u00e9 Villal\u00f3n\",\"image\":{\"@type\":\"ImageObject\",\"inLanguage\":\"es\",\"@id\":\"https:\\\/\\\/luxonomy.net\\\/wp-content\\\/litespeed\\\/avatar\\\/b80839bcd1d7840754b71e72cad801ce.jpg?ver=1788213692\",\"url\":\"https:\\\/\\\/luxonomy.net\\\/wp-content\\\/litespeed\\\/avatar\\\/b80839bcd1d7840754b71e72cad801ce.jpg?ver=1788213692\",\"contentUrl\":\"https:\\\/\\\/luxonomy.net\\\/wp-content\\\/litespeed\\\/avatar\\\/b80839bcd1d7840754b71e72cad801ce.jpg?ver=1788213692\",\"caption\":\"Pablo Guti\u00e9rrez-Rav\u00e9 Villal\u00f3n\"},\"description\":\"president LUXONOMY\u2122 Group\",\"sameAs\":[\"https:\\\/\\\/www.linkedin.com\\\/in\\\/pablogutierrezrave\\\/\"],\"url\":\"https:\\\/\\\/luxonomy.net\\\/es\\\/author\\\/pablo\\\/\"}]}<\/script>\n<!-- \/ Yoast SEO plugin. -->","yoast_head_json":{"title":"CHINA REDEFINE EL LUJO: LA GENERACI\u00d3N Z Y ALPHA IMPULSAN EL AUGE DE MARCAS LOCALES PREMIUM | LUXONOMY","robots":{"index":"index","follow":"follow","max-snippet":"max-snippet:-1","max-image-preview":"max-image-preview:large","max-video-preview":"max-video-preview:-1"},"canonical":"https:\/\/luxonomy.net\/es\/china-redefine-el-lujo-la-generacion-z-y-alpha-impulsan-el-auge-de-marcas-locales-premium\/","og_locale":"es_ES","og_type":"article","og_title":"CHINA REDEFINE EL LUJO: LA GENERACI\u00d3N Z Y ALPHA IMPULSAN EL AUGE DE MARCAS LOCALES PREMIUM | LUXONOMY","og_description":"El mercado chino del lujo vive un momento hist\u00f3rico. Tras dos a\u00f1os de incertidumbre, sus consumidores m\u00e1s j\u00f3venes \u2014especialmente Generaci\u00f3n Z y Alpha\u2014 est\u00e1n impulsando una transformaci\u00f3n que impacta directamente en la forma en que las marcas globales deben relacionarse con ellos. Ya no buscan \u00fanicamente casas europeas centenarias; est\u00e1n construyendo un ecosistema donde el&hellip;","og_url":"https:\/\/luxonomy.net\/es\/china-redefine-el-lujo-la-generacion-z-y-alpha-impulsan-el-auge-de-marcas-locales-premium\/","og_site_name":"LUXONOMY","article_publisher":"https:\/\/www.facebook.com\/luxonomy","article_published_time":"2025-11-19T08:33:27+00:00","article_modified_time":"2025-11-19T08:33:39+00:00","og_image":[{"width":2560,"height":1707,"url":"https:\/\/luxonomy.net\/wp-content\/uploads\/2025\/11\/CHINA-REDEFINE-EL-LUJO-LA-GENERACION-Z-Y-ALPHA-IMPULSAN-EL-AUGE-DE-MARCAS-LOCALES-PREMIUM-scaled.jpg","type":"image\/jpeg"}],"author":"Pablo Guti\u00e9rrez-Rav\u00e9 Villal\u00f3n","twitter_card":"summary_large_image","twitter_misc":{"Escrito por":"Pablo Guti\u00e9rrez-Rav\u00e9 Villal\u00f3n","Tiempo de lectura":"3 minutos"},"schema":{"@context":"https:\/\/schema.org","@graph":[{"@type":"Article","@id":"https:\/\/luxonomy.net\/es\/china-redefine-el-lujo-la-generacion-z-y-alpha-impulsan-el-auge-de-marcas-locales-premium\/#article","isPartOf":{"@id":"https:\/\/luxonomy.net\/es\/china-redefine-el-lujo-la-generacion-z-y-alpha-impulsan-el-auge-de-marcas-locales-premium\/"},"author":{"name":"Pablo Guti\u00e9rrez-Rav\u00e9 Villal\u00f3n","@id":"https:\/\/luxonomy.net\/es\/#\/schema\/person\/946f96026a12fb240997712bcc85943b"},"headline":"CHINA REDEFINE EL LUJO: LA GENERACI\u00d3N Z Y ALPHA IMPULSAN EL AUGE DE MARCAS LOCALES PREMIUM","datePublished":"2025-11-19T08:33:27+00:00","dateModified":"2025-11-19T08:33:39+00:00","mainEntityOfPage":{"@id":"https:\/\/luxonomy.net\/es\/china-redefine-el-lujo-la-generacion-z-y-alpha-impulsan-el-auge-de-marcas-locales-premium\/"},"wordCount":502,"commentCount":0,"publisher":{"@id":"https:\/\/luxonomy.net\/es\/#organization"},"image":{"@id":"https:\/\/luxonomy.net\/es\/china-redefine-el-lujo-la-generacion-z-y-alpha-impulsan-el-auge-de-marcas-locales-premium\/#primaryimage"},"thumbnailUrl":"https:\/\/i0.wp.com\/luxonomy.net\/wp-content\/uploads\/2025\/11\/CHINA-REDEFINE-EL-LUJO-LA-GENERACION-Z-Y-ALPHA-IMPULSAN-EL-AUGE-DE-MARCAS-LOCALES-PREMIUM-scaled.jpg?fit=2560%2C1707&ssl=1","keywords":["China"],"articleSection":["Asia","China","Econom\u00eda"],"inLanguage":"es","potentialAction":[{"@type":"CommentAction","name":"Comment","target":["https:\/\/luxonomy.net\/es\/china-redefine-el-lujo-la-generacion-z-y-alpha-impulsan-el-auge-de-marcas-locales-premium\/#respond"]}]},{"@type":"WebPage","@id":"https:\/\/luxonomy.net\/es\/china-redefine-el-lujo-la-generacion-z-y-alpha-impulsan-el-auge-de-marcas-locales-premium\/","url":"https:\/\/luxonomy.net\/es\/china-redefine-el-lujo-la-generacion-z-y-alpha-impulsan-el-auge-de-marcas-locales-premium\/","name":"CHINA REDEFINE EL LUJO: LA GENERACI\u00d3N Z Y ALPHA IMPULSAN EL AUGE DE MARCAS LOCALES PREMIUM | LUXONOMY","isPartOf":{"@id":"https:\/\/luxonomy.net\/es\/#website"},"primaryImageOfPage":{"@id":"https:\/\/luxonomy.net\/es\/china-redefine-el-lujo-la-generacion-z-y-alpha-impulsan-el-auge-de-marcas-locales-premium\/#primaryimage"},"image":{"@id":"https:\/\/luxonomy.net\/es\/china-redefine-el-lujo-la-generacion-z-y-alpha-impulsan-el-auge-de-marcas-locales-premium\/#primaryimage"},"thumbnailUrl":"https:\/\/i0.wp.com\/luxonomy.net\/wp-content\/uploads\/2025\/11\/CHINA-REDEFINE-EL-LUJO-LA-GENERACION-Z-Y-ALPHA-IMPULSAN-EL-AUGE-DE-MARCAS-LOCALES-PREMIUM-scaled.jpg?fit=2560%2C1707&ssl=1","datePublished":"2025-11-19T08:33:27+00:00","dateModified":"2025-11-19T08:33:39+00:00","breadcrumb":{"@id":"https:\/\/luxonomy.net\/es\/china-redefine-el-lujo-la-generacion-z-y-alpha-impulsan-el-auge-de-marcas-locales-premium\/#breadcrumb"},"inLanguage":"es","potentialAction":[{"@type":"ReadAction","target":["https:\/\/luxonomy.net\/es\/china-redefine-el-lujo-la-generacion-z-y-alpha-impulsan-el-auge-de-marcas-locales-premium\/"]}]},{"@type":"ImageObject","inLanguage":"es","@id":"https:\/\/luxonomy.net\/es\/china-redefine-el-lujo-la-generacion-z-y-alpha-impulsan-el-auge-de-marcas-locales-premium\/#primaryimage","url":"https:\/\/i0.wp.com\/luxonomy.net\/wp-content\/uploads\/2025\/11\/CHINA-REDEFINE-EL-LUJO-LA-GENERACION-Z-Y-ALPHA-IMPULSAN-EL-AUGE-DE-MARCAS-LOCALES-PREMIUM-scaled.jpg?fit=2560%2C1707&ssl=1","contentUrl":"https:\/\/i0.wp.com\/luxonomy.net\/wp-content\/uploads\/2025\/11\/CHINA-REDEFINE-EL-LUJO-LA-GENERACION-Z-Y-ALPHA-IMPULSAN-EL-AUGE-DE-MARCAS-LOCALES-PREMIUM-scaled.jpg?fit=2560%2C1707&ssl=1","width":2560,"height":1707},{"@type":"BreadcrumbList","@id":"https:\/\/luxonomy.net\/es\/china-redefine-el-lujo-la-generacion-z-y-alpha-impulsan-el-auge-de-marcas-locales-premium\/#breadcrumb","itemListElement":[{"@type":"ListItem","position":1,"name":"Portada","item":"https:\/\/luxonomy.net\/es\/"},{"@type":"ListItem","position":2,"name":"CHINA REDEFINE EL LUJO: LA GENERACI\u00d3N Z Y ALPHA IMPULSAN EL AUGE DE MARCAS LOCALES PREMIUM"}]},{"@type":"WebSite","@id":"https:\/\/luxonomy.net\/es\/#website","url":"https:\/\/luxonomy.net\/es\/","name":"LUXONOMY","description":"The Economy of Fashion &amp; Luxury","publisher":{"@id":"https:\/\/luxonomy.net\/es\/#organization"},"potentialAction":[{"@type":"SearchAction","target":{"@type":"EntryPoint","urlTemplate":"https:\/\/luxonomy.net\/es\/?s={search_term_string}"},"query-input":{"@type":"PropertyValueSpecification","valueRequired":true,"valueName":"search_term_string"}}],"inLanguage":"es"},{"@type":"Organization","@id":"https:\/\/luxonomy.net\/es\/#organization","name":"LUXONOMY","url":"https:\/\/luxonomy.net\/es\/","logo":{"@type":"ImageObject","inLanguage":"es","@id":"https:\/\/luxonomy.net\/es\/#\/schema\/logo\/image\/","url":"https:\/\/i2.wp.com\/luxonomy.net\/wp-content\/uploads\/2021\/09\/MOCKUP-TODOS-LUXONOMY.jpg?fit=1000%2C515&ssl=1","contentUrl":"https:\/\/i2.wp.com\/luxonomy.net\/wp-content\/uploads\/2021\/09\/MOCKUP-TODOS-LUXONOMY.jpg?fit=1000%2C515&ssl=1","width":1000,"height":515,"caption":"LUXONOMY"},"image":{"@id":"https:\/\/luxonomy.net\/es\/#\/schema\/logo\/image\/"},"sameAs":["https:\/\/www.facebook.com\/luxonomy","https:\/\/www.instagram.com\/luxonomy\/","https:\/\/www.linkedin.com\/company\/luxonomy\/"]},{"@type":"Person","@id":"https:\/\/luxonomy.net\/es\/#\/schema\/person\/946f96026a12fb240997712bcc85943b","name":"Pablo Guti\u00e9rrez-Rav\u00e9 Villal\u00f3n","image":{"@type":"ImageObject","inLanguage":"es","@id":"https:\/\/luxonomy.net\/wp-content\/litespeed\/avatar\/b80839bcd1d7840754b71e72cad801ce.jpg?ver=1788213692","url":"https:\/\/luxonomy.net\/wp-content\/litespeed\/avatar\/b80839bcd1d7840754b71e72cad801ce.jpg?ver=1788213692","contentUrl":"https:\/\/luxonomy.net\/wp-content\/litespeed\/avatar\/b80839bcd1d7840754b71e72cad801ce.jpg?ver=1788213692","caption":"Pablo Guti\u00e9rrez-Rav\u00e9 Villal\u00f3n"},"description":"president LUXONOMY\u2122 Group","sameAs":["https:\/\/www.linkedin.com\/in\/pablogutierrezrave\/"],"url":"https:\/\/luxonomy.net\/es\/author\/pablo\/"}]}},"jetpack_publicize_connections":[],"jetpack_shortlink":"https:\/\/wp.me\/paPhBa-hZ6","jetpack_sharing_enabled":true,"jetpack_featured_media_url":"https:\/\/i0.wp.com\/luxonomy.net\/wp-content\/uploads\/2025\/11\/CHINA-REDEFINE-EL-LUJO-LA-GENERACION-Z-Y-ALPHA-IMPULSAN-EL-AUGE-DE-MARCAS-LOCALES-PREMIUM-scaled.jpg?fit=2560%2C1707&ssl=1","_links":{"self":[{"href":"https:\/\/luxonomy.net\/es\/wp-json\/wp\/v2\/posts\/69136","targetHints":{"allow":["GET"]}}],"collection":[{"href":"https:\/\/luxonomy.net\/es\/wp-json\/wp\/v2\/posts"}],"about":[{"href":"https:\/\/luxonomy.net\/es\/wp-json\/wp\/v2\/types\/post"}],"author":[{"embeddable":true,"href":"https:\/\/luxonomy.net\/es\/wp-json\/wp\/v2\/users\/19"}],"replies":[{"embeddable":true,"href":"https:\/\/luxonomy.net\/es\/wp-json\/wp\/v2\/comments?post=69136"}],"version-history":[{"count":2,"href":"https:\/\/luxonomy.net\/es\/wp-json\/wp\/v2\/posts\/69136\/revisions"}],"predecessor-version":[{"id":69141,"href":"https:\/\/luxonomy.net\/es\/wp-json\/wp\/v2\/posts\/69136\/revisions\/69141"}],"wp:featuredmedia":[{"embeddable":true,"href":"https:\/\/luxonomy.net\/es\/wp-json\/wp\/v2\/media\/69137"}],"wp:attachment":[{"href":"https:\/\/luxonomy.net\/es\/wp-json\/wp\/v2\/media?parent=69136"}],"wp:term":[{"taxonomy":"category","embeddable":true,"href":"https:\/\/luxonomy.net\/es\/wp-json\/wp\/v2\/categories?post=69136"},{"taxonomy":"post_tag","embeddable":true,"href":"https:\/\/luxonomy.net\/es\/wp-json\/wp\/v2\/tags?post=69136"},{"taxonomy":"thb-sponsors","embeddable":true,"href":"https:\/\/luxonomy.net\/es\/wp-json\/wp\/v2\/thb-sponsors?post=69136"}],"curies":[{"name":"wp","href":"https:\/\/api.w.org\/{rel}","templated":true}]}}