{"id":69043,"date":"2025-11-13T15:30:20","date_gmt":"2025-11-13T14:30:20","guid":{"rendered":"https:\/\/luxonomy.net\/?p=69043"},"modified":"2025-11-13T15:30:32","modified_gmt":"2025-11-13T14:30:32","slug":"lexus-anuncia-una-asociacion-de-varios-anos-con-la-atp","status":"publish","type":"post","link":"https:\/\/luxonomy.net\/es\/lexus-anuncia-una-asociacion-de-varios-anos-con-la-atp\/","title":{"rendered":"Lexus anuncia una asociaci\u00f3n de varios a\u00f1os con la ATP"},"content":{"rendered":"\n\n\n<p>Lexus ha anunciado la ampliaci\u00f3n de su exitosa colaboraci\u00f3n con la ATP, renovando por tres a\u00f1os m\u00e1s su v\u00ednculo con la m\u00e1xima categor\u00eda del tenis profesional masculino a nivel internacional. De 2026 a 2028, la marca de lujo continuar\u00e1 como Socio Oficial de Automoci\u00f3n y Socio Platino del ATP Tour, consolidando una relaci\u00f3n iniciada en 2023.<\/p>\n<p>Impulsado por un esp\u00edritu de innovaci\u00f3n y una pasi\u00f3n por crear experiencias memorables, Lexus aporta su visi\u00f3n \u00fanica al mundo del tenis, donde la emoci\u00f3n, la elegancia y el rendimiento se unen en perfecta armon\u00eda. Esta asociaci\u00f3n refleja los valores m\u00e1s importantes para nuestros clientes: rendimiento optimizado, elecci\u00f3n personal y un compromiso con la excelencia, tanto en la carretera como en la pista.<\/p>\n<p>Andre Schmidt, Head of Lexus Europe, coment\u00f3:\u00a0<em>\u00abLa asociaci\u00f3n de Lexus con el ATP Tour refleja nuestro compromiso compartido con la excelencia, la precisi\u00f3n y la pasi\u00f3n, valores que resuenan profundamente con nuestra marca. A trav\u00e9s de nuestra gama electrificada, ofrecemos una gama de opciones que hacen que el lujo sea una experiencia personal, perfectamente alineada con el esp\u00edritu del tenis de clase mundial.\u00bb<\/em><\/p><div id=\"luxon-3815917333\" class=\"luxon-3er-parrafo luxon-entity-placement\" style=\"margin-top: 20px;margin-bottom: 20px;margin-left: auto;margin-right: auto;text-align: center;\"><a href=\"https:\/\/luxonomy.university\/course\/master-turismo-de-lujo\" target=\"_blank\" aria-label=\"master-turismo-lujo-2026-2027\"><img loading=\"lazy\" decoding=\"async\" src=\"https:\/\/i0.wp.com\/luxonomy.net\/wp-content\/uploads\/2020\/07\/master-turismo-lujo-2026-2027.jpg?fit=1672%2C941&#038;ssl=1\" alt=\"\"  srcset=\"https:\/\/i0.wp.com\/luxonomy.net\/wp-content\/uploads\/2020\/07\/master-turismo-lujo-2026-2027.jpg?w=1672&ssl=1 1672w, https:\/\/i0.wp.com\/luxonomy.net\/wp-content\/uploads\/2020\/07\/master-turismo-lujo-2026-2027.jpg?resize=300%2C169&ssl=1 300w, https:\/\/i0.wp.com\/luxonomy.net\/wp-content\/uploads\/2020\/07\/master-turismo-lujo-2026-2027.jpg?resize=1024%2C576&ssl=1 1024w, https:\/\/i0.wp.com\/luxonomy.net\/wp-content\/uploads\/2020\/07\/master-turismo-lujo-2026-2027.jpg?resize=768%2C432&ssl=1 768w, https:\/\/i0.wp.com\/luxonomy.net\/wp-content\/uploads\/2020\/07\/master-turismo-lujo-2026-2027.jpg?resize=1536%2C864&ssl=1 1536w, https:\/\/i0.wp.com\/luxonomy.net\/wp-content\/uploads\/2020\/07\/master-turismo-lujo-2026-2027.jpg?resize=370%2C208&ssl=1 370w, https:\/\/i0.wp.com\/luxonomy.net\/wp-content\/uploads\/2020\/07\/master-turismo-lujo-2026-2027.jpg?resize=800%2C450&ssl=1 800w, https:\/\/i0.wp.com\/luxonomy.net\/wp-content\/uploads\/2020\/07\/master-turismo-lujo-2026-2027.jpg?resize=20%2C11&ssl=1 20w, https:\/\/i0.wp.com\/luxonomy.net\/wp-content\/uploads\/2020\/07\/master-turismo-lujo-2026-2027.jpg?resize=740%2C416&ssl=1 740w, https:\/\/i0.wp.com\/luxonomy.net\/wp-content\/uploads\/2020\/07\/master-turismo-lujo-2026-2027.jpg?resize=1600%2C900&ssl=1 1600w, https:\/\/i0.wp.com\/luxonomy.net\/wp-content\/uploads\/2020\/07\/master-turismo-lujo-2026-2027.jpg?resize=1200%2C675&ssl=1 1200w, https:\/\/i0.wp.com\/luxonomy.net\/wp-content\/uploads\/2020\/07\/master-turismo-lujo-2026-2027.jpg?resize=85%2C48&ssl=1 85w\" sizes=\"(max-width: 1170px) 100vw, 1170px\" class=\"no-lazyload\" width=\"1672\" height=\"941\"   \/><\/a><\/div>\n<p>Eno Polo, ATP CEO, dijo:\u00a0<em>\u00abLexus es un socio que realmente aporta valor a nuestro Tour. Desde que comenzamos nuestro viaje juntos, ha demostrado un compromiso genuino con el tenis, elevando la experiencia de nuestros jugadores y personal en eventos clave, ayudando a avanzar en nuestros esfuerzos de sostenibilidad a trav\u00e9s de ATP Serves. Ese enfoque orientado a un prop\u00f3sito es lo que hace que esta asociaci\u00f3n destaque. Estamos orgullosos de seguir construyendo sobre esto.\u00bb<\/em><\/p>\n<p>La marca Lexus disfruta de sinergias con el mundo de la competici\u00f3n de tenis de primer nivel, compartiendo una dedicaci\u00f3n a la excelencia y los logros basados en la atenci\u00f3n al detalle y la mejora continua.<\/p>\n<p>Lexus tambi\u00e9n confirma que ser\u00e1 el Socio Oficial de Automoci\u00f3n y Socio Platino de las Nitto ATP Finals, el torneo que culmina la temporada y que disputan los ocho jugadores individuales y dobles masculinos mejor clasificados del mundo.<\/p>\n<p>En este sentido, Lexus juega un papel clave en el Rolex Paris Masters como el Veh\u00edculo Oficial del Torneo, reforzando su presencia en todo el ATP Tour y por su compromiso con el apoyo a eventos de tenis de clase mundial.<\/p><div id=\"luxon-1778235313\" class=\"luxon-7-parrafo luxon-entity-placement\" style=\"margin-top: 20px;margin-bottom: 20px;margin-left: auto;margin-right: auto;text-align: center;\"><a href=\"https:\/\/theintelligence.institute\/course\/inteligencia-artificial-para-directivos\" target=\"_blank\" aria-label=\"CSIAD_empresas_THEI_horizontal_4x3_v5\"><img loading=\"lazy\" decoding=\"async\" src=\"https:\/\/i0.wp.com\/luxonomy.net\/wp-content\/uploads\/2025\/08\/CSIAD_empresas_THEI_horizontal_4x3_v5.png?fit=2000%2C1500&#038;ssl=1\" alt=\"\"  srcset=\"https:\/\/i0.wp.com\/luxonomy.net\/wp-content\/uploads\/2025\/08\/CSIAD_empresas_THEI_horizontal_4x3_v5.png?w=2000&ssl=1 2000w, https:\/\/i0.wp.com\/luxonomy.net\/wp-content\/uploads\/2025\/08\/CSIAD_empresas_THEI_horizontal_4x3_v5.png?resize=300%2C225&ssl=1 300w, https:\/\/i0.wp.com\/luxonomy.net\/wp-content\/uploads\/2025\/08\/CSIAD_empresas_THEI_horizontal_4x3_v5.png?resize=1024%2C768&ssl=1 1024w, https:\/\/i0.wp.com\/luxonomy.net\/wp-content\/uploads\/2025\/08\/CSIAD_empresas_THEI_horizontal_4x3_v5.png?resize=768%2C576&ssl=1 768w, https:\/\/i0.wp.com\/luxonomy.net\/wp-content\/uploads\/2025\/08\/CSIAD_empresas_THEI_horizontal_4x3_v5.png?resize=1536%2C1152&ssl=1 1536w, https:\/\/i0.wp.com\/luxonomy.net\/wp-content\/uploads\/2025\/08\/CSIAD_empresas_THEI_horizontal_4x3_v5.png?resize=370%2C278&ssl=1 370w, https:\/\/i0.wp.com\/luxonomy.net\/wp-content\/uploads\/2025\/08\/CSIAD_empresas_THEI_horizontal_4x3_v5.png?resize=800%2C600&ssl=1 800w, https:\/\/i0.wp.com\/luxonomy.net\/wp-content\/uploads\/2025\/08\/CSIAD_empresas_THEI_horizontal_4x3_v5.png?resize=20%2C15&ssl=1 20w, https:\/\/i0.wp.com\/luxonomy.net\/wp-content\/uploads\/2025\/08\/CSIAD_empresas_THEI_horizontal_4x3_v5.png?resize=740%2C555&ssl=1 740w, https:\/\/i0.wp.com\/luxonomy.net\/wp-content\/uploads\/2025\/08\/CSIAD_empresas_THEI_horizontal_4x3_v5.png?resize=1600%2C1200&ssl=1 1600w, https:\/\/i0.wp.com\/luxonomy.net\/wp-content\/uploads\/2025\/08\/CSIAD_empresas_THEI_horizontal_4x3_v5.png?resize=1200%2C900&ssl=1 1200w, https:\/\/i0.wp.com\/luxonomy.net\/wp-content\/uploads\/2025\/08\/CSIAD_empresas_THEI_horizontal_4x3_v5.png?resize=64%2C48&ssl=1 64w\" sizes=\"(max-width: 1170px) 100vw, 1170px\" class=\"no-lazyload\" width=\"2000\" height=\"1500\"   \/><\/a><\/div>\n<p>As\u00ed, Lexus continuar\u00e1 ayudando a fomentar la participaci\u00f3n de los aficionados del tenis y su marca, en su papel de socio principal de ATP Head2Head, la serie online en la que las principales estrellas se enfrentan entre s\u00ed en una variedad de divertidos concursos deportivos fuera de la cancha de tenis.<\/p>\n<p>Igualmente, Lexus seguir\u00e1 proporcionando una flota de veh\u00edculos electrificados en eventos patrocinados para apoyar el transporte de jugadores, oficiales e invitados. Con una variedad de modelos h\u00edbridos, h\u00edbridos enchufables y totalmente el\u00e9ctricos, el liderazgo de la marca en electrificaci\u00f3n se alinea estrechamente con las ambiciones de sostenibilidad del ATP Tour bajo ATP Serves y un Sports for Climate Action, que tiene como objetivo alcanzar emisiones netas cero para 2040.<\/p>\n<p>Adem\u00e1s, la asociaci\u00f3n proporcionar\u00e1 un patrocinio local de Lexus en los torneos ATP Tour en ubicaciones clave a lo largo de 2026, que se detallan a continuaci\u00f3n. De hecho, Lexus tambi\u00e9n continuar\u00e1 apoyando varios eventos de la WTA y del ATP Challenger Tour, a trav\u00e9s de su asociaci\u00f3n con la LTA.<\/p>\n<table>\n<tbody>\n<tr>\n<td><strong>TORNEO<\/strong><\/td>\n<td><strong>UBICACI\u00d3N<\/strong><\/td>\n<\/tr>\n<tr>\n<td><strong>ATP 250 Open Occitanie<\/strong><\/td>\n<td><strong>Montpellier, Francia<\/strong><\/td>\n<\/tr>\n<tr>\n<td><strong>WTA 500 Upper Austria Ladies Linz<\/strong><\/td>\n<td><strong>Linz, Austria<\/strong><\/td>\n<\/tr>\n<tr>\n<td><strong>ATP 500 ABN AMRO Open<\/strong><\/td>\n<td><strong>\u00a0Rotterdam, Pa\u00edses Bajos<\/strong><\/td>\n<\/tr>\n<tr>\n<td><strong>ATP 500 Barcelona Open Banc Sabadell<\/strong><\/td>\n<td><strong>\u00a0Barcelona, Espa\u00f1a<\/strong><\/td>\n<\/tr>\n<tr>\n<td><strong>ATP 500 Hamburg Open<\/strong><\/td>\n<td><strong>\u00a0Hamburgo, Alemania<\/strong><\/td>\n<\/tr>\n<tr>\n<td><strong>WTA 125 Lexus Birmingham Open<\/strong><\/td>\n<td><strong>Birmingham, Reino Unido<\/strong><\/td>\n<\/tr>\n<tr>\n<td><strong>ATP Challenger Lexus Birmingham Open<\/strong><\/td>\n<td><strong>\u00a0Birmingham, Reino Unido<\/strong><\/td>\n<\/tr>\n<tr>\n<td><strong>WTA 125 Lexus Ilkley Open<\/strong><\/td>\n<td><strong>Ilkley, Reino Unido<\/strong><\/td>\n<\/tr>\n<tr>\n<td><strong>ATP Challenger Ilkley Open<\/strong><\/td>\n<td><strong>\u00a0Ilkley, Reino Unido<\/strong><\/td>\n<\/tr>\n<tr>\n<td><strong>WTA 500 HSBC Championship<\/strong><\/td>\n<td><strong>Londres, Reino Unido<\/strong><\/td>\n<\/tr>\n<tr>\n<td><strong>WTA 250 Lexus Nottingham Open<\/strong><\/td>\n<td><strong>\u00a0Nottingham, Reino Unido<\/strong><\/td>\n<\/tr>\n<tr>\n<td><strong>ATP Challenger Lexus Nottingham Open<\/strong><\/td>\n<td><strong>\u00a0Nottingham, Reino Unido<\/strong><\/td>\n<\/tr>\n<tr>\n<td><strong>ATP 500 HSBC Championship (Queen\u2019s)<\/strong><\/td>\n<td><strong>Londres, Reino Unido<\/strong><\/td>\n<\/tr>\n<tr>\n<td><strong>ATP 250 Lexus Eastbourne Open \u2013 Rothesay International<\/strong><\/td>\n<td><strong>Eastbourne, Reino Unido<\/strong><\/td>\n<\/tr>\n<tr>\n<td><strong>WTA 250 Lexus Eastbourne Open<\/strong><\/td>\n<td><strong>\u00a0Eastbourne, Reino Unido<\/strong><\/td>\n<\/tr>\n<tr>\n<td><strong>WTA 250 MSC Hamburg Ladies Open<\/strong><\/td>\n<td><strong>\u00a0Hamburgo, Alemania<\/strong><\/td>\n<\/tr>\n<tr>\n<td><strong>ATP 250 Generali Open<\/strong><\/td>\n<td><strong>Kitzb\u00fchel, Austria<\/strong><\/td>\n<\/tr>\n<tr>\n<td><strong>ATP 250 Almaty Open<\/strong><\/td>\n<td><strong>Almaty, Kazajist\u00e1n<\/strong><\/td>\n<\/tr>\n<tr>\n<td><strong>ATP Masters 1000 Rolex Paris Masters<\/strong><\/td>\n<td><strong>Par\u00eds, Francia<\/strong><\/td>\n<\/tr>\n<tr>\n<td><strong>Nitto ATP Finals<\/strong><\/td>\n<td><strong>\u00a0Tur\u00edn, Italia<\/strong><\/td>\n<\/tr>\n<\/tbody>\n<\/table>\n<p>\u00a0<\/p>\n","protected":false},"excerpt":{"rendered":"<p>Lexus ha anunciado la ampliaci\u00f3n de su exitosa colaboraci\u00f3n con la ATP, renovando por tres a\u00f1os m\u00e1s su v\u00ednculo con la m\u00e1xima categor\u00eda del tenis profesional masculino a nivel internacional. De 2026 a 2028, la marca de lujo continuar\u00e1 como Socio Oficial de Automoci\u00f3n y Socio Platino del ATP Tour, consolidando una relaci\u00f3n iniciada en 2023.<\/p>\n","protected":false},"author":11,"featured_media":69044,"comment_status":"open","ping_status":"open","sticky":false,"template":"","format":"standard","meta":{"_jetpack_newsletter_access":"","_jetpack_dont_email_post_to_subs":false,"_jetpack_newsletter_tier_id":0,"_jetpack_memberships_contains_paywalled_content":false,"_jetpack_feature_clip_id":0,"_jetpack_memberships_contains_paid_content":false,"footnotes":"","jetpack_publicize_message":"Lexus ha anunciado la ampliaci\u00f3n de su exitosa colaboraci\u00f3n con la ATP, renovando por tres a\u00f1os m\u00e1s su v\u00ednculo con la m\u00e1xima categor\u00eda del tenis profesional masculino a nivel internacional. De 2026 a 2028, la marca de lujo continuar\u00e1 como Socio Oficial de Automoci\u00f3n y Socio Platino del ATP Tour, consolidando una relaci\u00f3n iniciada en 2023.\n#LUXONOMY","jetpack_publicize_feature_enabled":true,"jetpack_social_post_already_shared":true,"jetpack_social_options":{"image_generator_settings":{"template":"edge","default_image_id":0,"font":"","enabled":false},"version":2},"jetpack_post_was_ever_published":false},"categories":[938,227],"tags":[7974,295],"thb-sponsors":[],"class_list":["post-69043","post","type-post","status-publish","format-standard","has-post-thumbnail","hentry","category-deporte","category-eventos","tag-atp-tour","tag-lexus"],"yoast_head":"<!-- This site is optimized with the Yoast SEO plugin v28.4 - https:\/\/yoast.com\/product\/yoast-seo-wordpress\/ -->\n<title>Lexus anuncia una asociaci\u00f3n de varios a\u00f1os con la ATP | LUXONOMY<\/title>\n<meta name=\"robots\" content=\"index, follow, max-snippet:-1, max-image-preview:large, max-video-preview:-1\" \/>\n<link rel=\"canonical\" href=\"https:\/\/luxonomy.net\/es\/lexus-anuncia-una-asociacion-de-varios-anos-con-la-atp\/\" \/>\n<meta property=\"og:locale\" content=\"es_ES\" \/>\n<meta property=\"og:type\" content=\"article\" \/>\n<meta property=\"og:title\" content=\"Lexus anuncia una asociaci\u00f3n de varios a\u00f1os con la ATP | LUXONOMY\" \/>\n<meta property=\"og:description\" content=\"Lexus ha anunciado la ampliaci\u00f3n de su exitosa colaboraci\u00f3n con la ATP, renovando por tres a\u00f1os m\u00e1s su v\u00ednculo con la m\u00e1xima categor\u00eda del tenis profesional masculino a nivel internacional. De 2026 a 2028, la marca de lujo continuar\u00e1 como Socio Oficial de Automoci\u00f3n y Socio Platino del ATP Tour, consolidando una relaci\u00f3n iniciada en 2023.\" \/>\n<meta property=\"og:url\" content=\"https:\/\/luxonomy.net\/es\/lexus-anuncia-una-asociacion-de-varios-anos-con-la-atp\/\" \/>\n<meta property=\"og:site_name\" content=\"LUXONOMY\" \/>\n<meta property=\"article:publisher\" content=\"https:\/\/www.facebook.com\/luxonomy\" \/>\n<meta property=\"article:published_time\" content=\"2025-11-13T14:30:20+00:00\" \/>\n<meta property=\"article:modified_time\" content=\"2025-11-13T14:30:32+00:00\" \/>\n<meta property=\"og:image\" content=\"https:\/\/luxonomy.net\/wp-content\/uploads\/2025\/11\/Lexus-Anuncia-Una-Asociacion-De-Varios-Anos-Con-La-ATP.jpg\" \/>\n\t<meta property=\"og:image:width\" content=\"2560\" \/>\n\t<meta property=\"og:image:height\" content=\"1707\" \/>\n\t<meta property=\"og:image:type\" content=\"image\/jpeg\" \/>\n<meta name=\"author\" content=\"Kristi Ellis\" \/>\n<meta name=\"twitter:card\" content=\"summary_large_image\" \/>\n<meta name=\"twitter:label1\" content=\"Escrito por\" \/>\n\t<meta name=\"twitter:data1\" content=\"Kristi Ellis\" \/>\n\t<meta name=\"twitter:label2\" content=\"Tiempo de lectura\" \/>\n\t<meta name=\"twitter:data2\" content=\"4 minutos\" \/>\n<script type=\"application\/ld+json\" class=\"yoast-schema-graph\">{\"@context\":\"https:\\\/\\\/schema.org\",\"@graph\":[{\"@type\":\"Article\",\"@id\":\"https:\\\/\\\/luxonomy.net\\\/es\\\/lexus-anuncia-una-asociacion-de-varios-anos-con-la-atp\\\/#article\",\"isPartOf\":{\"@id\":\"https:\\\/\\\/luxonomy.net\\\/es\\\/lexus-anuncia-una-asociacion-de-varios-anos-con-la-atp\\\/\"},\"author\":{\"name\":\"Kristi Ellis\",\"@id\":\"https:\\\/\\\/luxonomy.net\\\/es\\\/#\\\/schema\\\/person\\\/1a813e5ec518f582af236d6344aa6c01\"},\"headline\":\"Lexus anuncia una asociaci\u00f3n de varios a\u00f1os con la ATP\",\"datePublished\":\"2025-11-13T14:30:20+00:00\",\"dateModified\":\"2025-11-13T14:30:32+00:00\",\"mainEntityOfPage\":{\"@id\":\"https:\\\/\\\/luxonomy.net\\\/es\\\/lexus-anuncia-una-asociacion-de-varios-anos-con-la-atp\\\/\"},\"wordCount\":739,\"commentCount\":0,\"publisher\":{\"@id\":\"https:\\\/\\\/luxonomy.net\\\/es\\\/#organization\"},\"image\":{\"@id\":\"https:\\\/\\\/luxonomy.net\\\/es\\\/lexus-anuncia-una-asociacion-de-varios-anos-con-la-atp\\\/#primaryimage\"},\"thumbnailUrl\":\"https:\\\/\\\/i0.wp.com\\\/luxonomy.net\\\/wp-content\\\/uploads\\\/2025\\\/11\\\/Lexus-Anuncia-Una-Asociacion-De-Varios-Anos-Con-La-ATP.jpg?fit=2560%2C1707&ssl=1\",\"keywords\":[\"ATP Tour\",\"Lexus\"],\"articleSection\":[\"Deporte\",\"Eventos\"],\"inLanguage\":\"es\",\"potentialAction\":[{\"@type\":\"CommentAction\",\"name\":\"Comment\",\"target\":[\"https:\\\/\\\/luxonomy.net\\\/es\\\/lexus-anuncia-una-asociacion-de-varios-anos-con-la-atp\\\/#respond\"]}]},{\"@type\":\"WebPage\",\"@id\":\"https:\\\/\\\/luxonomy.net\\\/es\\\/lexus-anuncia-una-asociacion-de-varios-anos-con-la-atp\\\/\",\"url\":\"https:\\\/\\\/luxonomy.net\\\/es\\\/lexus-anuncia-una-asociacion-de-varios-anos-con-la-atp\\\/\",\"name\":\"Lexus anuncia una asociaci\u00f3n de varios a\u00f1os con la ATP | LUXONOMY\",\"isPartOf\":{\"@id\":\"https:\\\/\\\/luxonomy.net\\\/es\\\/#website\"},\"primaryImageOfPage\":{\"@id\":\"https:\\\/\\\/luxonomy.net\\\/es\\\/lexus-anuncia-una-asociacion-de-varios-anos-con-la-atp\\\/#primaryimage\"},\"image\":{\"@id\":\"https:\\\/\\\/luxonomy.net\\\/es\\\/lexus-anuncia-una-asociacion-de-varios-anos-con-la-atp\\\/#primaryimage\"},\"thumbnailUrl\":\"https:\\\/\\\/i0.wp.com\\\/luxonomy.net\\\/wp-content\\\/uploads\\\/2025\\\/11\\\/Lexus-Anuncia-Una-Asociacion-De-Varios-Anos-Con-La-ATP.jpg?fit=2560%2C1707&ssl=1\",\"datePublished\":\"2025-11-13T14:30:20+00:00\",\"dateModified\":\"2025-11-13T14:30:32+00:00\",\"breadcrumb\":{\"@id\":\"https:\\\/\\\/luxonomy.net\\\/es\\\/lexus-anuncia-una-asociacion-de-varios-anos-con-la-atp\\\/#breadcrumb\"},\"inLanguage\":\"es\",\"potentialAction\":[{\"@type\":\"ReadAction\",\"target\":[\"https:\\\/\\\/luxonomy.net\\\/es\\\/lexus-anuncia-una-asociacion-de-varios-anos-con-la-atp\\\/\"]}]},{\"@type\":\"ImageObject\",\"inLanguage\":\"es\",\"@id\":\"https:\\\/\\\/luxonomy.net\\\/es\\\/lexus-anuncia-una-asociacion-de-varios-anos-con-la-atp\\\/#primaryimage\",\"url\":\"https:\\\/\\\/i0.wp.com\\\/luxonomy.net\\\/wp-content\\\/uploads\\\/2025\\\/11\\\/Lexus-Anuncia-Una-Asociacion-De-Varios-Anos-Con-La-ATP.jpg?fit=2560%2C1707&ssl=1\",\"contentUrl\":\"https:\\\/\\\/i0.wp.com\\\/luxonomy.net\\\/wp-content\\\/uploads\\\/2025\\\/11\\\/Lexus-Anuncia-Una-Asociacion-De-Varios-Anos-Con-La-ATP.jpg?fit=2560%2C1707&ssl=1\",\"width\":2560,\"height\":1707},{\"@type\":\"BreadcrumbList\",\"@id\":\"https:\\\/\\\/luxonomy.net\\\/es\\\/lexus-anuncia-una-asociacion-de-varios-anos-con-la-atp\\\/#breadcrumb\",\"itemListElement\":[{\"@type\":\"ListItem\",\"position\":1,\"name\":\"Portada\",\"item\":\"https:\\\/\\\/luxonomy.net\\\/es\\\/\"},{\"@type\":\"ListItem\",\"position\":2,\"name\":\"Lexus anuncia una asociaci\u00f3n de varios a\u00f1os con la ATP\"}]},{\"@type\":\"WebSite\",\"@id\":\"https:\\\/\\\/luxonomy.net\\\/es\\\/#website\",\"url\":\"https:\\\/\\\/luxonomy.net\\\/es\\\/\",\"name\":\"LUXONOMY\",\"description\":\"The Economy of Fashion &amp; Luxury\",\"publisher\":{\"@id\":\"https:\\\/\\\/luxonomy.net\\\/es\\\/#organization\"},\"potentialAction\":[{\"@type\":\"SearchAction\",\"target\":{\"@type\":\"EntryPoint\",\"urlTemplate\":\"https:\\\/\\\/luxonomy.net\\\/es\\\/?s={search_term_string}\"},\"query-input\":{\"@type\":\"PropertyValueSpecification\",\"valueRequired\":true,\"valueName\":\"search_term_string\"}}],\"inLanguage\":\"es\"},{\"@type\":\"Organization\",\"@id\":\"https:\\\/\\\/luxonomy.net\\\/es\\\/#organization\",\"name\":\"LUXONOMY\",\"url\":\"https:\\\/\\\/luxonomy.net\\\/es\\\/\",\"logo\":{\"@type\":\"ImageObject\",\"inLanguage\":\"es\",\"@id\":\"https:\\\/\\\/luxonomy.net\\\/es\\\/#\\\/schema\\\/logo\\\/image\\\/\",\"url\":\"https:\\\/\\\/i2.wp.com\\\/luxonomy.net\\\/wp-content\\\/uploads\\\/2021\\\/09\\\/MOCKUP-TODOS-LUXONOMY.jpg?fit=1000%2C515&ssl=1\",\"contentUrl\":\"https:\\\/\\\/i2.wp.com\\\/luxonomy.net\\\/wp-content\\\/uploads\\\/2021\\\/09\\\/MOCKUP-TODOS-LUXONOMY.jpg?fit=1000%2C515&ssl=1\",\"width\":1000,\"height\":515,\"caption\":\"LUXONOMY\"},\"image\":{\"@id\":\"https:\\\/\\\/luxonomy.net\\\/es\\\/#\\\/schema\\\/logo\\\/image\\\/\"},\"sameAs\":[\"https:\\\/\\\/www.facebook.com\\\/luxonomy\",\"https:\\\/\\\/www.instagram.com\\\/luxonomy\\\/\",\"https:\\\/\\\/www.linkedin.com\\\/company\\\/luxonomy\\\/\"]},{\"@type\":\"Person\",\"@id\":\"https:\\\/\\\/luxonomy.net\\\/es\\\/#\\\/schema\\\/person\\\/1a813e5ec518f582af236d6344aa6c01\",\"name\":\"Kristi Ellis\",\"image\":{\"@type\":\"ImageObject\",\"inLanguage\":\"es\",\"@id\":\"https:\\\/\\\/luxonomy.net\\\/wp-content\\\/litespeed\\\/avatar\\\/ae0c58256b980352bba3c97a8f9abe32.jpg?ver=1787975034\",\"url\":\"https:\\\/\\\/luxonomy.net\\\/wp-content\\\/litespeed\\\/avatar\\\/ae0c58256b980352bba3c97a8f9abe32.jpg?ver=1787975034\",\"contentUrl\":\"https:\\\/\\\/luxonomy.net\\\/wp-content\\\/litespeed\\\/avatar\\\/ae0c58256b980352bba3c97a8f9abe32.jpg?ver=1787975034\",\"caption\":\"Kristi Ellis\"},\"url\":\"https:\\\/\\\/luxonomy.net\\\/es\\\/author\\\/kristi-ellis\\\/\"}]}<\/script>\n<!-- \/ Yoast SEO plugin. -->","yoast_head_json":{"title":"Lexus anuncia una asociaci\u00f3n de varios a\u00f1os con la ATP | LUXONOMY","robots":{"index":"index","follow":"follow","max-snippet":"max-snippet:-1","max-image-preview":"max-image-preview:large","max-video-preview":"max-video-preview:-1"},"canonical":"https:\/\/luxonomy.net\/es\/lexus-anuncia-una-asociacion-de-varios-anos-con-la-atp\/","og_locale":"es_ES","og_type":"article","og_title":"Lexus anuncia una asociaci\u00f3n de varios a\u00f1os con la ATP | LUXONOMY","og_description":"Lexus ha anunciado la ampliaci\u00f3n de su exitosa colaboraci\u00f3n con la ATP, renovando por tres a\u00f1os m\u00e1s su v\u00ednculo con la m\u00e1xima categor\u00eda del tenis profesional masculino a nivel internacional. De 2026 a 2028, la marca de lujo continuar\u00e1 como Socio Oficial de Automoci\u00f3n y Socio Platino del ATP Tour, consolidando una relaci\u00f3n iniciada en 2023.","og_url":"https:\/\/luxonomy.net\/es\/lexus-anuncia-una-asociacion-de-varios-anos-con-la-atp\/","og_site_name":"LUXONOMY","article_publisher":"https:\/\/www.facebook.com\/luxonomy","article_published_time":"2025-11-13T14:30:20+00:00","article_modified_time":"2025-11-13T14:30:32+00:00","og_image":[{"width":2560,"height":1707,"url":"https:\/\/luxonomy.net\/wp-content\/uploads\/2025\/11\/Lexus-Anuncia-Una-Asociacion-De-Varios-Anos-Con-La-ATP.jpg","type":"image\/jpeg"}],"author":"Kristi Ellis","twitter_card":"summary_large_image","twitter_misc":{"Escrito por":"Kristi Ellis","Tiempo de lectura":"4 minutos"},"schema":{"@context":"https:\/\/schema.org","@graph":[{"@type":"Article","@id":"https:\/\/luxonomy.net\/es\/lexus-anuncia-una-asociacion-de-varios-anos-con-la-atp\/#article","isPartOf":{"@id":"https:\/\/luxonomy.net\/es\/lexus-anuncia-una-asociacion-de-varios-anos-con-la-atp\/"},"author":{"name":"Kristi Ellis","@id":"https:\/\/luxonomy.net\/es\/#\/schema\/person\/1a813e5ec518f582af236d6344aa6c01"},"headline":"Lexus anuncia una asociaci\u00f3n de varios a\u00f1os con la ATP","datePublished":"2025-11-13T14:30:20+00:00","dateModified":"2025-11-13T14:30:32+00:00","mainEntityOfPage":{"@id":"https:\/\/luxonomy.net\/es\/lexus-anuncia-una-asociacion-de-varios-anos-con-la-atp\/"},"wordCount":739,"commentCount":0,"publisher":{"@id":"https:\/\/luxonomy.net\/es\/#organization"},"image":{"@id":"https:\/\/luxonomy.net\/es\/lexus-anuncia-una-asociacion-de-varios-anos-con-la-atp\/#primaryimage"},"thumbnailUrl":"https:\/\/i0.wp.com\/luxonomy.net\/wp-content\/uploads\/2025\/11\/Lexus-Anuncia-Una-Asociacion-De-Varios-Anos-Con-La-ATP.jpg?fit=2560%2C1707&ssl=1","keywords":["ATP Tour","Lexus"],"articleSection":["Deporte","Eventos"],"inLanguage":"es","potentialAction":[{"@type":"CommentAction","name":"Comment","target":["https:\/\/luxonomy.net\/es\/lexus-anuncia-una-asociacion-de-varios-anos-con-la-atp\/#respond"]}]},{"@type":"WebPage","@id":"https:\/\/luxonomy.net\/es\/lexus-anuncia-una-asociacion-de-varios-anos-con-la-atp\/","url":"https:\/\/luxonomy.net\/es\/lexus-anuncia-una-asociacion-de-varios-anos-con-la-atp\/","name":"Lexus anuncia una asociaci\u00f3n de varios a\u00f1os con la ATP | LUXONOMY","isPartOf":{"@id":"https:\/\/luxonomy.net\/es\/#website"},"primaryImageOfPage":{"@id":"https:\/\/luxonomy.net\/es\/lexus-anuncia-una-asociacion-de-varios-anos-con-la-atp\/#primaryimage"},"image":{"@id":"https:\/\/luxonomy.net\/es\/lexus-anuncia-una-asociacion-de-varios-anos-con-la-atp\/#primaryimage"},"thumbnailUrl":"https:\/\/i0.wp.com\/luxonomy.net\/wp-content\/uploads\/2025\/11\/Lexus-Anuncia-Una-Asociacion-De-Varios-Anos-Con-La-ATP.jpg?fit=2560%2C1707&ssl=1","datePublished":"2025-11-13T14:30:20+00:00","dateModified":"2025-11-13T14:30:32+00:00","breadcrumb":{"@id":"https:\/\/luxonomy.net\/es\/lexus-anuncia-una-asociacion-de-varios-anos-con-la-atp\/#breadcrumb"},"inLanguage":"es","potentialAction":[{"@type":"ReadAction","target":["https:\/\/luxonomy.net\/es\/lexus-anuncia-una-asociacion-de-varios-anos-con-la-atp\/"]}]},{"@type":"ImageObject","inLanguage":"es","@id":"https:\/\/luxonomy.net\/es\/lexus-anuncia-una-asociacion-de-varios-anos-con-la-atp\/#primaryimage","url":"https:\/\/i0.wp.com\/luxonomy.net\/wp-content\/uploads\/2025\/11\/Lexus-Anuncia-Una-Asociacion-De-Varios-Anos-Con-La-ATP.jpg?fit=2560%2C1707&ssl=1","contentUrl":"https:\/\/i0.wp.com\/luxonomy.net\/wp-content\/uploads\/2025\/11\/Lexus-Anuncia-Una-Asociacion-De-Varios-Anos-Con-La-ATP.jpg?fit=2560%2C1707&ssl=1","width":2560,"height":1707},{"@type":"BreadcrumbList","@id":"https:\/\/luxonomy.net\/es\/lexus-anuncia-una-asociacion-de-varios-anos-con-la-atp\/#breadcrumb","itemListElement":[{"@type":"ListItem","position":1,"name":"Portada","item":"https:\/\/luxonomy.net\/es\/"},{"@type":"ListItem","position":2,"name":"Lexus anuncia una asociaci\u00f3n de varios a\u00f1os con la ATP"}]},{"@type":"WebSite","@id":"https:\/\/luxonomy.net\/es\/#website","url":"https:\/\/luxonomy.net\/es\/","name":"LUXONOMY","description":"The Economy of Fashion &amp; Luxury","publisher":{"@id":"https:\/\/luxonomy.net\/es\/#organization"},"potentialAction":[{"@type":"SearchAction","target":{"@type":"EntryPoint","urlTemplate":"https:\/\/luxonomy.net\/es\/?s={search_term_string}"},"query-input":{"@type":"PropertyValueSpecification","valueRequired":true,"valueName":"search_term_string"}}],"inLanguage":"es"},{"@type":"Organization","@id":"https:\/\/luxonomy.net\/es\/#organization","name":"LUXONOMY","url":"https:\/\/luxonomy.net\/es\/","logo":{"@type":"ImageObject","inLanguage":"es","@id":"https:\/\/luxonomy.net\/es\/#\/schema\/logo\/image\/","url":"https:\/\/i2.wp.com\/luxonomy.net\/wp-content\/uploads\/2021\/09\/MOCKUP-TODOS-LUXONOMY.jpg?fit=1000%2C515&ssl=1","contentUrl":"https:\/\/i2.wp.com\/luxonomy.net\/wp-content\/uploads\/2021\/09\/MOCKUP-TODOS-LUXONOMY.jpg?fit=1000%2C515&ssl=1","width":1000,"height":515,"caption":"LUXONOMY"},"image":{"@id":"https:\/\/luxonomy.net\/es\/#\/schema\/logo\/image\/"},"sameAs":["https:\/\/www.facebook.com\/luxonomy","https:\/\/www.instagram.com\/luxonomy\/","https:\/\/www.linkedin.com\/company\/luxonomy\/"]},{"@type":"Person","@id":"https:\/\/luxonomy.net\/es\/#\/schema\/person\/1a813e5ec518f582af236d6344aa6c01","name":"Kristi Ellis","image":{"@type":"ImageObject","inLanguage":"es","@id":"https:\/\/luxonomy.net\/wp-content\/litespeed\/avatar\/ae0c58256b980352bba3c97a8f9abe32.jpg?ver=1787975034","url":"https:\/\/luxonomy.net\/wp-content\/litespeed\/avatar\/ae0c58256b980352bba3c97a8f9abe32.jpg?ver=1787975034","contentUrl":"https:\/\/luxonomy.net\/wp-content\/litespeed\/avatar\/ae0c58256b980352bba3c97a8f9abe32.jpg?ver=1787975034","caption":"Kristi Ellis"},"url":"https:\/\/luxonomy.net\/es\/author\/kristi-ellis\/"}]}},"jetpack_publicize_connections":[],"jetpack_shortlink":"https:\/\/wp.me\/paPhBa-hXB","jetpack_sharing_enabled":true,"jetpack_featured_media_url":"https:\/\/i0.wp.com\/luxonomy.net\/wp-content\/uploads\/2025\/11\/Lexus-Anuncia-Una-Asociacion-De-Varios-Anos-Con-La-ATP.jpg?fit=2560%2C1707&ssl=1","_links":{"self":[{"href":"https:\/\/luxonomy.net\/es\/wp-json\/wp\/v2\/posts\/69043","targetHints":{"allow":["GET"]}}],"collection":[{"href":"https:\/\/luxonomy.net\/es\/wp-json\/wp\/v2\/posts"}],"about":[{"href":"https:\/\/luxonomy.net\/es\/wp-json\/wp\/v2\/types\/post"}],"author":[{"embeddable":true,"href":"https:\/\/luxonomy.net\/es\/wp-json\/wp\/v2\/users\/11"}],"replies":[{"embeddable":true,"href":"https:\/\/luxonomy.net\/es\/wp-json\/wp\/v2\/comments?post=69043"}],"version-history":[{"count":1,"href":"https:\/\/luxonomy.net\/es\/wp-json\/wp\/v2\/posts\/69043\/revisions"}],"predecessor-version":[{"id":69046,"href":"https:\/\/luxonomy.net\/es\/wp-json\/wp\/v2\/posts\/69043\/revisions\/69046"}],"wp:featuredmedia":[{"embeddable":true,"href":"https:\/\/luxonomy.net\/es\/wp-json\/wp\/v2\/media\/69044"}],"wp:attachment":[{"href":"https:\/\/luxonomy.net\/es\/wp-json\/wp\/v2\/media?parent=69043"}],"wp:term":[{"taxonomy":"category","embeddable":true,"href":"https:\/\/luxonomy.net\/es\/wp-json\/wp\/v2\/categories?post=69043"},{"taxonomy":"post_tag","embeddable":true,"href":"https:\/\/luxonomy.net\/es\/wp-json\/wp\/v2\/tags?post=69043"},{"taxonomy":"thb-sponsors","embeddable":true,"href":"https:\/\/luxonomy.net\/es\/wp-json\/wp\/v2\/thb-sponsors?post=69043"}],"curies":[{"name":"wp","href":"https:\/\/api.w.org\/{rel}","templated":true}]}}