{"id":68958,"date":"2025-11-04T21:24:48","date_gmt":"2025-11-04T20:24:48","guid":{"rendered":"https:\/\/luxonomy.net\/?p=68958"},"modified":"2025-11-04T21:25:02","modified_gmt":"2025-11-04T20:25:02","slug":"jovenes-y-lujo-el-gasto-bajo-la-lupa","status":"publish","type":"post","link":"https:\/\/luxonomy.net\/es\/jovenes-y-lujo-el-gasto-bajo-la-lupa\/","title":{"rendered":"J\u00f3venes y lujo: el gasto bajo la lupa"},"content":{"rendered":"\n<h3 data-start=\"220\" data-end=\"291\">Una generaci\u00f3n que ama las marcas, pero exige razones para invertir<\/h3>\n<p data-start=\"293\" data-end=\"674\">El mercado del lujo atraviesa un momento de introspecci\u00f3n. Despu\u00e9s de un ciclo de expansi\u00f3n alimentado por la fiebre del \u201caspirational luxury\u201d, el consumidor joven \u2014esa Generaci\u00f3n Z y los primeros millennials que marcaron la conversaci\u00f3n digital de las marcas\u2014 est\u00e1 replante\u00e1ndose su relaci\u00f3n con el lujo. Ya no se trata de poseer, sino de <strong data-start=\"633\" data-end=\"656\">justificar el valor<\/strong> de cada compra.<\/p>\n<p data-start=\"676\" data-end=\"995\">Seg\u00fan el \u00faltimo informe <strong data-start=\"700\" data-end=\"723\">Bain-Altagamma 2025<\/strong>, el sector vive una \u201cdesaceleraci\u00f3n saludable\u201d tras a\u00f1os de euforia, con crecimiento plano o incluso ligero retroceso en ventas globales. Las casas de lujo est\u00e1n recalibrando su estrategia: menos volumen, m\u00e1s prop\u00f3sito, m\u00e1s conexi\u00f3n emocional y personal con el cliente.<\/p>\n<h3 data-start=\"997\" data-end=\"1029\"><strong data-start=\"1001\" data-end=\"1029\">Del impulso al prop\u00f3sito<\/strong><\/h3>\n<p data-start=\"1030\" data-end=\"1507\">El gasto promedio de los j\u00f3venes estadounidenses en art\u00edculos de lujo personales (moda, accesorios, belleza) cay\u00f3 un 6 % en el \u00faltimo a\u00f1o, situ\u00e1ndose en torno a <strong data-start=\"1191\" data-end=\"1216\">2.213 d\u00f3lares anuales<\/strong> por persona, seg\u00fan Piper Sandler. La cifra podr\u00eda parecer modesta, pero su lectura va m\u00e1s all\u00e1 del dato: el lujo ha dejado de ser una prioridad inmediata para convertirse en un <strong data-start=\"1394\" data-end=\"1414\">premio selectivo<\/strong>, reservado a experiencias y productos que representen identidad, sostenibilidad y valores.<\/p><div id=\"luxon-2254097432\" class=\"luxon-3er-parrafo luxon-entity-placement\" style=\"margin-top: 20px;margin-bottom: 20px;margin-left: auto;margin-right: auto;text-align: center;\"><a href=\"https:\/\/luxonomy.university\/course\/master-turismo-de-lujo\" target=\"_blank\" aria-label=\"master-turismo-lujo-2026-2027\"><img loading=\"lazy\" decoding=\"async\" src=\"https:\/\/i0.wp.com\/luxonomy.net\/wp-content\/uploads\/2020\/07\/master-turismo-lujo-2026-2027.jpg?fit=1672%2C941&#038;ssl=1\" alt=\"\"  srcset=\"https:\/\/i0.wp.com\/luxonomy.net\/wp-content\/uploads\/2020\/07\/master-turismo-lujo-2026-2027.jpg?w=1672&ssl=1 1672w, https:\/\/i0.wp.com\/luxonomy.net\/wp-content\/uploads\/2020\/07\/master-turismo-lujo-2026-2027.jpg?resize=300%2C169&ssl=1 300w, https:\/\/i0.wp.com\/luxonomy.net\/wp-content\/uploads\/2020\/07\/master-turismo-lujo-2026-2027.jpg?resize=1024%2C576&ssl=1 1024w, https:\/\/i0.wp.com\/luxonomy.net\/wp-content\/uploads\/2020\/07\/master-turismo-lujo-2026-2027.jpg?resize=768%2C432&ssl=1 768w, https:\/\/i0.wp.com\/luxonomy.net\/wp-content\/uploads\/2020\/07\/master-turismo-lujo-2026-2027.jpg?resize=1536%2C864&ssl=1 1536w, https:\/\/i0.wp.com\/luxonomy.net\/wp-content\/uploads\/2020\/07\/master-turismo-lujo-2026-2027.jpg?resize=370%2C208&ssl=1 370w, https:\/\/i0.wp.com\/luxonomy.net\/wp-content\/uploads\/2020\/07\/master-turismo-lujo-2026-2027.jpg?resize=800%2C450&ssl=1 800w, https:\/\/i0.wp.com\/luxonomy.net\/wp-content\/uploads\/2020\/07\/master-turismo-lujo-2026-2027.jpg?resize=20%2C11&ssl=1 20w, https:\/\/i0.wp.com\/luxonomy.net\/wp-content\/uploads\/2020\/07\/master-turismo-lujo-2026-2027.jpg?resize=740%2C416&ssl=1 740w, https:\/\/i0.wp.com\/luxonomy.net\/wp-content\/uploads\/2020\/07\/master-turismo-lujo-2026-2027.jpg?resize=1600%2C900&ssl=1 1600w, https:\/\/i0.wp.com\/luxonomy.net\/wp-content\/uploads\/2020\/07\/master-turismo-lujo-2026-2027.jpg?resize=1200%2C675&ssl=1 1200w, https:\/\/i0.wp.com\/luxonomy.net\/wp-content\/uploads\/2020\/07\/master-turismo-lujo-2026-2027.jpg?resize=85%2C48&ssl=1 85w\" sizes=\"(max-width: 1170px) 100vw, 1170px\" class=\"no-lazyload\" width=\"1672\" height=\"941\"   \/><\/a><\/div>\n<p data-start=\"1509\" data-end=\"1795\">En palabras de un analista de BCG-Altagamma, \u201cya no compran por estatus, sino por conexi\u00f3n\u201d. Las generaciones m\u00e1s j\u00f3venes no renuncian al lujo, pero lo <strong data-start=\"1661\" data-end=\"1672\">filtran<\/strong> con rigor: verifican el origen, los materiales, el impacto ambiental y, sobre todo, la autenticidad del relato de marca.<\/p>\n<h3 data-start=\"1797\" data-end=\"1840\"><strong data-start=\"1801\" data-end=\"1840\">Un lujo m\u00e1s consciente y relacional<\/strong><\/h3>\n<p data-start=\"1841\" data-end=\"2045\">Las nuevas audiencias exigen un trato m\u00e1s humano. El informe \u201cTrue-Luxury Global Consumer Insight\u201d de BCG y Altagamma detecta cuatro expectativas clave entre los compradores j\u00f3venes y de alto potencial:<\/p>\n<ol data-start=\"2046\" data-end=\"2359\">\n<li data-start=\"2046\" data-end=\"2123\">\n<p data-start=\"2049\" data-end=\"2123\"><strong data-start=\"2049\" data-end=\"2071\">Conexi\u00f3n aut\u00e9ntica<\/strong>: comunicaci\u00f3n 1:1 con la marca, sin automatismos.<\/p>\n<\/li>\n<li data-start=\"2124\" data-end=\"2206\">\n<p data-start=\"2127\" data-end=\"2206\"><strong data-start=\"2127\" data-end=\"2140\">Intimidad<\/strong>: experiencias exclusivas y personalizadas, digitales o f\u00edsicas.<\/p>\n<\/li>\n<li data-start=\"2207\" data-end=\"2283\">\n<p data-start=\"2210\" data-end=\"2283\"><strong data-start=\"2210\" data-end=\"2233\">Excelencia tangible<\/strong>: productos que demuestren oficio y durabilidad.<\/p>\n<\/li>\n<li data-start=\"2284\" data-end=\"2359\">\n<p data-start=\"2287\" data-end=\"2359\"><strong data-start=\"2287\" data-end=\"2305\">Reconocimiento<\/strong>: pertenencia a una comunidad que valore su lealtad.<\/p>\n<\/li>\n<\/ol>\n<p data-start=\"2361\" data-end=\"2648\">Este cambio de paradigma obliga a las firmas a repensar no solo su <strong data-start=\"2428\" data-end=\"2440\">producto<\/strong>, sino su <strong data-start=\"2450\" data-end=\"2472\">modelo de relaci\u00f3n<\/strong>. Las estrategias de marketing masivo dejan paso al <strong data-start=\"2524\" data-end=\"2549\">clienteling artesanal<\/strong>, basado en micro-comunidades, drops limitados y narrativas que apelan a la identidad individual.<\/p>\n<h3 data-start=\"2650\" data-end=\"2708\"><strong data-start=\"2654\" data-end=\"2708\">Belleza y accesibilidad: el nuevo punto de entrada<\/strong><\/h3>\n<p data-start=\"2709\" data-end=\"3158\">Mientras la moda y la marroquiner\u00eda de alta gama se enfrentan a la contenci\u00f3n del gasto, el <strong data-start=\"2801\" data-end=\"2828\">segmento beauty de lujo<\/strong> vive un auge sostenido. Perfumes, skincare y maquillaje premium se consolidan como <strong data-start=\"2912\" data-end=\"2955\">puertas de entrada al universo de marca<\/strong>, ofreciendo exclusividad a precios \u201crazonables\u201d. Marcas como Dior, Chanel o Herm\u00e8s exploran un lujo de bienestar m\u00e1s emocional que ostentoso, apelando al autocuidado como nueva forma de sofisticaci\u00f3n.<\/p><div id=\"luxon-3392199174\" class=\"luxon-7-parrafo luxon-entity-placement\" style=\"margin-top: 20px;margin-bottom: 20px;margin-left: auto;margin-right: auto;text-align: center;\"><a href=\"https:\/\/theintelligence.institute\/course\/inteligencia-artificial-para-directivos\" target=\"_blank\" aria-label=\"CSIAD_empresas_THEI_horizontal_4x3_v5\"><img loading=\"lazy\" decoding=\"async\" src=\"https:\/\/i0.wp.com\/luxonomy.net\/wp-content\/uploads\/2025\/08\/CSIAD_empresas_THEI_horizontal_4x3_v5.png?fit=2000%2C1500&#038;ssl=1\" alt=\"\"  srcset=\"https:\/\/i0.wp.com\/luxonomy.net\/wp-content\/uploads\/2025\/08\/CSIAD_empresas_THEI_horizontal_4x3_v5.png?w=2000&ssl=1 2000w, https:\/\/i0.wp.com\/luxonomy.net\/wp-content\/uploads\/2025\/08\/CSIAD_empresas_THEI_horizontal_4x3_v5.png?resize=300%2C225&ssl=1 300w, https:\/\/i0.wp.com\/luxonomy.net\/wp-content\/uploads\/2025\/08\/CSIAD_empresas_THEI_horizontal_4x3_v5.png?resize=1024%2C768&ssl=1 1024w, https:\/\/i0.wp.com\/luxonomy.net\/wp-content\/uploads\/2025\/08\/CSIAD_empresas_THEI_horizontal_4x3_v5.png?resize=768%2C576&ssl=1 768w, https:\/\/i0.wp.com\/luxonomy.net\/wp-content\/uploads\/2025\/08\/CSIAD_empresas_THEI_horizontal_4x3_v5.png?resize=1536%2C1152&ssl=1 1536w, https:\/\/i0.wp.com\/luxonomy.net\/wp-content\/uploads\/2025\/08\/CSIAD_empresas_THEI_horizontal_4x3_v5.png?resize=370%2C278&ssl=1 370w, https:\/\/i0.wp.com\/luxonomy.net\/wp-content\/uploads\/2025\/08\/CSIAD_empresas_THEI_horizontal_4x3_v5.png?resize=800%2C600&ssl=1 800w, https:\/\/i0.wp.com\/luxonomy.net\/wp-content\/uploads\/2025\/08\/CSIAD_empresas_THEI_horizontal_4x3_v5.png?resize=20%2C15&ssl=1 20w, https:\/\/i0.wp.com\/luxonomy.net\/wp-content\/uploads\/2025\/08\/CSIAD_empresas_THEI_horizontal_4x3_v5.png?resize=740%2C555&ssl=1 740w, https:\/\/i0.wp.com\/luxonomy.net\/wp-content\/uploads\/2025\/08\/CSIAD_empresas_THEI_horizontal_4x3_v5.png?resize=1600%2C1200&ssl=1 1600w, https:\/\/i0.wp.com\/luxonomy.net\/wp-content\/uploads\/2025\/08\/CSIAD_empresas_THEI_horizontal_4x3_v5.png?resize=1200%2C900&ssl=1 1200w, https:\/\/i0.wp.com\/luxonomy.net\/wp-content\/uploads\/2025\/08\/CSIAD_empresas_THEI_horizontal_4x3_v5.png?resize=64%2C48&ssl=1 64w\" sizes=\"(max-width: 1170px) 100vw, 1170px\" class=\"no-lazyload\" width=\"2000\" height=\"1500\"   \/><\/a><\/div>\n<h3 data-start=\"3160\" data-end=\"3213\"><strong data-start=\"3164\" data-end=\"3213\">China y Estados Unidos marcan el pulso global<\/strong><\/h3>\n<p data-start=\"3214\" data-end=\"3768\">El comportamiento juvenil var\u00eda por regi\u00f3n. En <strong data-start=\"3261\" data-end=\"3270\">China<\/strong>, tras la ola pos-pandemia y la presi\u00f3n econ\u00f3mica, los j\u00f3venes de clase media alta reducen la compra impulsiva y buscan \u201clujo con prop\u00f3sito\u201d. En <strong data-start=\"3415\" data-end=\"3433\">Estados Unidos<\/strong>, el clima pol\u00edtico y la inflaci\u00f3n moderan el gasto, aunque el deseo de lujo sigue fuerte en el segmento de los j\u00f3venes profesionales con alto poder adquisitivo. Por contraste, <strong data-start=\"3610\" data-end=\"3664\">Oriente Medio, el Sudeste Asi\u00e1tico y Latinoam\u00e9rica<\/strong> emergen como polos de crecimiento joven, donde el lujo sigue siendo un s\u00edmbolo de progreso y estatus.<\/p>\n<h3 data-start=\"3770\" data-end=\"3813\"><strong data-start=\"3774\" data-end=\"3813\">Marcas bajo presi\u00f3n: c\u00f3mo responder<\/strong><\/h3>\n<p data-start=\"3814\" data-end=\"3871\">Las casas de lujo han iniciado un reajuste estrat\u00e9gico:<\/p>\n<ul data-start=\"3872\" data-end=\"4250\">\n<li data-start=\"3872\" data-end=\"3937\">\n<p data-start=\"3874\" data-end=\"3937\"><strong data-start=\"3874\" data-end=\"3902\">Reducci\u00f3n de colecciones<\/strong> y enfoque en productos ic\u00f3nicos.<\/p>\n<\/li>\n<li data-start=\"3938\" data-end=\"4021\">\n<p data-start=\"3940\" data-end=\"4021\"><strong data-start=\"3940\" data-end=\"3971\">Aumento del valor percibido<\/strong> mediante personalizaci\u00f3n y sostenibilidad real.<\/p>\n<\/li>\n<li data-start=\"4022\" data-end=\"4093\">\n<p data-start=\"4024\" data-end=\"4093\"><strong data-start=\"4024\" data-end=\"4049\">Educaci\u00f3n del cliente<\/strong> sobre artesan\u00eda, historia y savoir-faire.<\/p>\n<\/li>\n<li data-start=\"4094\" data-end=\"4165\">\n<p data-start=\"4096\" data-end=\"4165\"><strong data-start=\"4096\" data-end=\"4126\">Colaboraciones con sentido<\/strong> \u2014menos marketing, m\u00e1s autenticidad\u2014.<\/p>\n<\/li>\n<li data-start=\"4166\" data-end=\"4250\">\n<p data-start=\"4168\" data-end=\"4250\"><strong data-start=\"4168\" data-end=\"4196\">Digitalizaci\u00f3n selectiva<\/strong>, evitando la sobreexposici\u00f3n que banaliza la marca.<\/p>\n<\/li>\n<\/ul>\n<p data-start=\"4252\" data-end=\"4412\">El reto es mantener la <strong data-start=\"4275\" data-end=\"4321\">exclusividad en la era de la transparencia<\/strong>, equilibrando la magia del lujo con la exigencia \u00e9tica de una generaci\u00f3n hiperconectada.<\/p>\n<h3 data-start=\"4414\" data-end=\"4450\"><strong data-start=\"4418\" data-end=\"4450\">Un futuro de lujo m\u00e1s \u00edntimo<\/strong><\/h3>\n<p data-start=\"4451\" data-end=\"4873\">Bain prev\u00e9 que hacia 2027 el mercado vuelva a crecer, impulsado precisamente por los j\u00f3venes de hoy, una vez estabilizadas sus finanzas y consolidada su visi\u00f3n de valor. No se trata de consumidores perdidos, sino de <strong data-start=\"4667\" data-end=\"4697\">consumidores m\u00e1s exigentes<\/strong>. El lujo que los seduzca ser\u00e1 aquel que sepa contar su historia con coherencia, respetar su tiempo y demostrar que lo exclusivo no est\u00e1 en el precio, sino en la experiencia.<\/p>\n<p data-start=\"4880\" data-end=\"5155\"><strong data-start=\"4880\" data-end=\"4895\">Conclusi\u00f3n:<\/strong><br data-start=\"4895\" data-end=\"4898\" \/>Los j\u00f3venes no est\u00e1n abandonando el lujo, lo est\u00e1n redefiniendo. La emoci\u00f3n, el prop\u00f3sito y la autenticidad son las nuevas divisas del deseo. En la era del gasto bajo la lupa, <strong data-start=\"5074\" data-end=\"5154\">las marcas que sobrevivan no ser\u00e1n las m\u00e1s visibles, sino las m\u00e1s verdaderas<\/strong>.<\/p>\n","protected":false},"excerpt":{"rendered":"<p>El mercado del lujo atraviesa un momento de introspecci\u00f3n. Despu\u00e9s de un ciclo de expansi\u00f3n alimentado por la fiebre del \u201caspirational luxury\u201d, el consumidor joven \u2014esa Generaci\u00f3n Z y los primeros millennials que marcaron la conversaci\u00f3n digital de las marcas\u2014 est\u00e1 replante\u00e1ndose su relaci\u00f3n con el lujo. Ya no se trata de poseer, sino de justificar el valor de cada compra.<\/p>\n<p>Seg\u00fan el \u00faltimo informe Bain-Altagamma 2025, el sector vive una \u201cdesaceleraci\u00f3n saludable\u201d tras a\u00f1os de euforia, con crecimiento plano o incluso ligero retroceso en ventas globales. Las casas de lujo est\u00e1n recalibrando su estrategia: menos volumen, m\u00e1s prop\u00f3sito, m\u00e1s conexi\u00f3n emocional y personal con el cliente.<\/p>\n","protected":false},"author":19,"featured_media":68959,"comment_status":"open","ping_status":"open","sticky":false,"template":"","format":"standard","meta":{"_jetpack_newsletter_access":"","_jetpack_dont_email_post_to_subs":false,"_jetpack_newsletter_tier_id":0,"_jetpack_memberships_contains_paywalled_content":false,"_jetpack_feature_clip_id":0,"_jetpack_memberships_contains_paid_content":false,"footnotes":"","jetpack_publicize_message":"J\u00f3venes y lujo: el gasto bajo la lupa.\nEl mercado del lujo atraviesa un momento de introspecci\u00f3n. Despu\u00e9s de un ciclo de expansi\u00f3n alimentado por la fiebre del \u201caspirational luxury\u201d, el consumidor joven \u2014esa Generaci\u00f3n Z y los primeros millennials que marcaron la conversaci\u00f3n digital de las marcas\u2014 est\u00e1 replante\u00e1ndose su relaci\u00f3n con el lujo. Ya no se trata de poseer, sino de justificar el valor de cada compra.\n\nSeg\u00fan el \u00faltimo informe Bain-Altagamma 2025, el sector vive una \u201cdesaceleraci\u00f3n saludable\u201d tras a\u00f1os de euforia, con crecimiento plano o incluso ligero retroceso en ventas globales. Las casas de lujo est\u00e1n recalibrando su estrategia: menos volumen, m\u00e1s prop\u00f3sito, m\u00e1s conexi\u00f3n emocional y personal con el cliente.","jetpack_publicize_feature_enabled":true,"jetpack_social_post_already_shared":true,"jetpack_social_options":{"image_generator_settings":{"template":"edge","default_image_id":0,"font":"","enabled":false},"version":2},"jetpack_post_was_ever_published":false},"categories":[1672,1128],"tags":[635,552],"thb-sponsors":[],"class_list":["post-68958","post","type-post","status-publish","format-standard","has-post-thumbnail","hentry","category-actualidad","category-economia","tag-actualidad","tag-economia"],"yoast_head":"<!-- This site is optimized with the Yoast SEO plugin v28.4 - https:\/\/yoast.com\/product\/yoast-seo-wordpress\/ -->\n<title>J\u00f3venes y lujo: el gasto bajo la lupa | LUXONOMY<\/title>\n<meta name=\"robots\" content=\"index, follow, max-snippet:-1, max-image-preview:large, max-video-preview:-1\" \/>\n<link rel=\"canonical\" href=\"https:\/\/luxonomy.net\/es\/jovenes-y-lujo-el-gasto-bajo-la-lupa\/\" \/>\n<meta property=\"og:locale\" content=\"es_ES\" \/>\n<meta property=\"og:type\" content=\"article\" \/>\n<meta property=\"og:title\" content=\"J\u00f3venes y lujo: el gasto bajo la lupa | LUXONOMY\" \/>\n<meta property=\"og:description\" content=\"El mercado del lujo atraviesa un momento de introspecci\u00f3n. Despu\u00e9s de un ciclo de expansi\u00f3n alimentado por la fiebre del \u201caspirational luxury\u201d, el consumidor joven \u2014esa Generaci\u00f3n Z y los primeros millennials que marcaron la conversaci\u00f3n digital de las marcas\u2014 est\u00e1 replante\u00e1ndose su relaci\u00f3n con el lujo. Ya no se trata de poseer, sino de justificar el valor de cada compra. Seg\u00fan el \u00faltimo informe Bain-Altagamma 2025, el sector vive una \u201cdesaceleraci\u00f3n saludable\u201d tras a\u00f1os de euforia, con crecimiento plano o incluso ligero retroceso en ventas globales. Las casas de lujo est\u00e1n recalibrando su estrategia: menos volumen, m\u00e1s prop\u00f3sito, m\u00e1s conexi\u00f3n emocional y personal con el cliente.\" \/>\n<meta property=\"og:url\" content=\"https:\/\/luxonomy.net\/es\/jovenes-y-lujo-el-gasto-bajo-la-lupa\/\" \/>\n<meta property=\"og:site_name\" content=\"LUXONOMY\" \/>\n<meta property=\"article:publisher\" content=\"https:\/\/www.facebook.com\/luxonomy\" \/>\n<meta property=\"article:published_time\" content=\"2025-11-04T20:24:48+00:00\" \/>\n<meta property=\"article:modified_time\" content=\"2025-11-04T20:25:02+00:00\" \/>\n<meta property=\"og:image\" content=\"https:\/\/luxonomy.net\/wp-content\/uploads\/2025\/11\/Captura-de-pantalla-2025-11-04-a-las-21.19.02.png\" \/>\n\t<meta property=\"og:image:width\" content=\"1478\" \/>\n\t<meta property=\"og:image:height\" content=\"758\" \/>\n\t<meta property=\"og:image:type\" content=\"image\/png\" \/>\n<meta name=\"author\" content=\"Pablo Guti\u00e9rrez-Rav\u00e9 Villal\u00f3n\" \/>\n<meta name=\"twitter:card\" content=\"summary_large_image\" \/>\n<meta name=\"twitter:label1\" content=\"Escrito por\" \/>\n\t<meta name=\"twitter:data1\" content=\"Pablo Guti\u00e9rrez-Rav\u00e9 Villal\u00f3n\" \/>\n\t<meta name=\"twitter:label2\" content=\"Tiempo de lectura\" \/>\n\t<meta name=\"twitter:data2\" content=\"4 minutos\" \/>\n<script type=\"application\/ld+json\" class=\"yoast-schema-graph\">{\"@context\":\"https:\\\/\\\/schema.org\",\"@graph\":[{\"@type\":\"Article\",\"@id\":\"https:\\\/\\\/luxonomy.net\\\/es\\\/jovenes-y-lujo-el-gasto-bajo-la-lupa\\\/#article\",\"isPartOf\":{\"@id\":\"https:\\\/\\\/luxonomy.net\\\/es\\\/jovenes-y-lujo-el-gasto-bajo-la-lupa\\\/\"},\"author\":{\"name\":\"Pablo Guti\u00e9rrez-Rav\u00e9 Villal\u00f3n\",\"@id\":\"https:\\\/\\\/luxonomy.net\\\/es\\\/#\\\/schema\\\/person\\\/aca186356f30a813f61bbf19ba52c031\"},\"headline\":\"J\u00f3venes y lujo: el gasto bajo la lupa\",\"datePublished\":\"2025-11-04T20:24:48+00:00\",\"dateModified\":\"2025-11-04T20:25:02+00:00\",\"mainEntityOfPage\":{\"@id\":\"https:\\\/\\\/luxonomy.net\\\/es\\\/jovenes-y-lujo-el-gasto-bajo-la-lupa\\\/\"},\"wordCount\":806,\"commentCount\":0,\"publisher\":{\"@id\":\"https:\\\/\\\/luxonomy.net\\\/es\\\/#organization\"},\"image\":{\"@id\":\"https:\\\/\\\/luxonomy.net\\\/es\\\/jovenes-y-lujo-el-gasto-bajo-la-lupa\\\/#primaryimage\"},\"thumbnailUrl\":\"https:\\\/\\\/i0.wp.com\\\/luxonomy.net\\\/wp-content\\\/uploads\\\/2025\\\/11\\\/Captura-de-pantalla-2025-11-04-a-las-21.19.02.png?fit=1478%2C758&ssl=1\",\"keywords\":[\"actualidad\",\"econom\u00eda\"],\"articleSection\":[\"Actualidad\",\"Econom\u00eda\"],\"inLanguage\":\"es\",\"potentialAction\":[{\"@type\":\"CommentAction\",\"name\":\"Comment\",\"target\":[\"https:\\\/\\\/luxonomy.net\\\/es\\\/jovenes-y-lujo-el-gasto-bajo-la-lupa\\\/#respond\"]}]},{\"@type\":\"WebPage\",\"@id\":\"https:\\\/\\\/luxonomy.net\\\/es\\\/jovenes-y-lujo-el-gasto-bajo-la-lupa\\\/\",\"url\":\"https:\\\/\\\/luxonomy.net\\\/es\\\/jovenes-y-lujo-el-gasto-bajo-la-lupa\\\/\",\"name\":\"J\u00f3venes y lujo: el gasto bajo la lupa | LUXONOMY\",\"isPartOf\":{\"@id\":\"https:\\\/\\\/luxonomy.net\\\/es\\\/#website\"},\"primaryImageOfPage\":{\"@id\":\"https:\\\/\\\/luxonomy.net\\\/es\\\/jovenes-y-lujo-el-gasto-bajo-la-lupa\\\/#primaryimage\"},\"image\":{\"@id\":\"https:\\\/\\\/luxonomy.net\\\/es\\\/jovenes-y-lujo-el-gasto-bajo-la-lupa\\\/#primaryimage\"},\"thumbnailUrl\":\"https:\\\/\\\/i0.wp.com\\\/luxonomy.net\\\/wp-content\\\/uploads\\\/2025\\\/11\\\/Captura-de-pantalla-2025-11-04-a-las-21.19.02.png?fit=1478%2C758&ssl=1\",\"datePublished\":\"2025-11-04T20:24:48+00:00\",\"dateModified\":\"2025-11-04T20:25:02+00:00\",\"breadcrumb\":{\"@id\":\"https:\\\/\\\/luxonomy.net\\\/es\\\/jovenes-y-lujo-el-gasto-bajo-la-lupa\\\/#breadcrumb\"},\"inLanguage\":\"es\",\"potentialAction\":[{\"@type\":\"ReadAction\",\"target\":[\"https:\\\/\\\/luxonomy.net\\\/es\\\/jovenes-y-lujo-el-gasto-bajo-la-lupa\\\/\"]}]},{\"@type\":\"ImageObject\",\"inLanguage\":\"es\",\"@id\":\"https:\\\/\\\/luxonomy.net\\\/es\\\/jovenes-y-lujo-el-gasto-bajo-la-lupa\\\/#primaryimage\",\"url\":\"https:\\\/\\\/i0.wp.com\\\/luxonomy.net\\\/wp-content\\\/uploads\\\/2025\\\/11\\\/Captura-de-pantalla-2025-11-04-a-las-21.19.02.png?fit=1478%2C758&ssl=1\",\"contentUrl\":\"https:\\\/\\\/i0.wp.com\\\/luxonomy.net\\\/wp-content\\\/uploads\\\/2025\\\/11\\\/Captura-de-pantalla-2025-11-04-a-las-21.19.02.png?fit=1478%2C758&ssl=1\",\"width\":1478,\"height\":758},{\"@type\":\"BreadcrumbList\",\"@id\":\"https:\\\/\\\/luxonomy.net\\\/es\\\/jovenes-y-lujo-el-gasto-bajo-la-lupa\\\/#breadcrumb\",\"itemListElement\":[{\"@type\":\"ListItem\",\"position\":1,\"name\":\"Portada\",\"item\":\"https:\\\/\\\/luxonomy.net\\\/es\\\/\"},{\"@type\":\"ListItem\",\"position\":2,\"name\":\"J\u00f3venes y lujo: el gasto bajo la lupa\"}]},{\"@type\":\"WebSite\",\"@id\":\"https:\\\/\\\/luxonomy.net\\\/es\\\/#website\",\"url\":\"https:\\\/\\\/luxonomy.net\\\/es\\\/\",\"name\":\"LUXONOMY\",\"description\":\"The Economy of Fashion &amp; Luxury\",\"publisher\":{\"@id\":\"https:\\\/\\\/luxonomy.net\\\/es\\\/#organization\"},\"potentialAction\":[{\"@type\":\"SearchAction\",\"target\":{\"@type\":\"EntryPoint\",\"urlTemplate\":\"https:\\\/\\\/luxonomy.net\\\/es\\\/?s={search_term_string}\"},\"query-input\":{\"@type\":\"PropertyValueSpecification\",\"valueRequired\":true,\"valueName\":\"search_term_string\"}}],\"inLanguage\":\"es\"},{\"@type\":\"Organization\",\"@id\":\"https:\\\/\\\/luxonomy.net\\\/es\\\/#organization\",\"name\":\"LUXONOMY\",\"url\":\"https:\\\/\\\/luxonomy.net\\\/es\\\/\",\"logo\":{\"@type\":\"ImageObject\",\"inLanguage\":\"es\",\"@id\":\"https:\\\/\\\/luxonomy.net\\\/es\\\/#\\\/schema\\\/logo\\\/image\\\/\",\"url\":\"https:\\\/\\\/i2.wp.com\\\/luxonomy.net\\\/wp-content\\\/uploads\\\/2021\\\/09\\\/MOCKUP-TODOS-LUXONOMY.jpg?fit=1000%2C515&ssl=1\",\"contentUrl\":\"https:\\\/\\\/i2.wp.com\\\/luxonomy.net\\\/wp-content\\\/uploads\\\/2021\\\/09\\\/MOCKUP-TODOS-LUXONOMY.jpg?fit=1000%2C515&ssl=1\",\"width\":1000,\"height\":515,\"caption\":\"LUXONOMY\"},\"image\":{\"@id\":\"https:\\\/\\\/luxonomy.net\\\/es\\\/#\\\/schema\\\/logo\\\/image\\\/\"},\"sameAs\":[\"https:\\\/\\\/www.facebook.com\\\/luxonomy\",\"https:\\\/\\\/www.instagram.com\\\/luxonomy\\\/\",\"https:\\\/\\\/www.linkedin.com\\\/company\\\/luxonomy\\\/\"]},{\"@type\":\"Person\",\"@id\":\"https:\\\/\\\/luxonomy.net\\\/es\\\/#\\\/schema\\\/person\\\/aca186356f30a813f61bbf19ba52c031\",\"name\":\"Pablo Guti\u00e9rrez-Rav\u00e9 Villal\u00f3n\",\"image\":{\"@type\":\"ImageObject\",\"inLanguage\":\"es\",\"@id\":\"https:\\\/\\\/luxonomy.net\\\/wp-content\\\/litespeed\\\/avatar\\\/b80839bcd1d7840754b71e72cad801ce.jpg?ver=1788213692\",\"url\":\"https:\\\/\\\/luxonomy.net\\\/wp-content\\\/litespeed\\\/avatar\\\/b80839bcd1d7840754b71e72cad801ce.jpg?ver=1788213692\",\"contentUrl\":\"https:\\\/\\\/luxonomy.net\\\/wp-content\\\/litespeed\\\/avatar\\\/b80839bcd1d7840754b71e72cad801ce.jpg?ver=1788213692\",\"caption\":\"Pablo Guti\u00e9rrez-Rav\u00e9 Villal\u00f3n\"},\"description\":\"president LUXONOMY\u2122 Group\",\"sameAs\":[\"https:\\\/\\\/www.linkedin.com\\\/in\\\/pablogutierrezrave\\\/\"],\"url\":\"https:\\\/\\\/luxonomy.net\\\/es\\\/author\\\/pablo\\\/\"}]}<\/script>\n<!-- \/ Yoast SEO plugin. -->","yoast_head_json":{"title":"J\u00f3venes y lujo: el gasto bajo la lupa | LUXONOMY","robots":{"index":"index","follow":"follow","max-snippet":"max-snippet:-1","max-image-preview":"max-image-preview:large","max-video-preview":"max-video-preview:-1"},"canonical":"https:\/\/luxonomy.net\/es\/jovenes-y-lujo-el-gasto-bajo-la-lupa\/","og_locale":"es_ES","og_type":"article","og_title":"J\u00f3venes y lujo: el gasto bajo la lupa | LUXONOMY","og_description":"El mercado del lujo atraviesa un momento de introspecci\u00f3n. Despu\u00e9s de un ciclo de expansi\u00f3n alimentado por la fiebre del \u201caspirational luxury\u201d, el consumidor joven \u2014esa Generaci\u00f3n Z y los primeros millennials que marcaron la conversaci\u00f3n digital de las marcas\u2014 est\u00e1 replante\u00e1ndose su relaci\u00f3n con el lujo. Ya no se trata de poseer, sino de justificar el valor de cada compra. Seg\u00fan el \u00faltimo informe Bain-Altagamma 2025, el sector vive una \u201cdesaceleraci\u00f3n saludable\u201d tras a\u00f1os de euforia, con crecimiento plano o incluso ligero retroceso en ventas globales. Las casas de lujo est\u00e1n recalibrando su estrategia: menos volumen, m\u00e1s prop\u00f3sito, m\u00e1s conexi\u00f3n emocional y personal con el cliente.","og_url":"https:\/\/luxonomy.net\/es\/jovenes-y-lujo-el-gasto-bajo-la-lupa\/","og_site_name":"LUXONOMY","article_publisher":"https:\/\/www.facebook.com\/luxonomy","article_published_time":"2025-11-04T20:24:48+00:00","article_modified_time":"2025-11-04T20:25:02+00:00","og_image":[{"width":1478,"height":758,"url":"https:\/\/luxonomy.net\/wp-content\/uploads\/2025\/11\/Captura-de-pantalla-2025-11-04-a-las-21.19.02.png","type":"image\/png"}],"author":"Pablo Guti\u00e9rrez-Rav\u00e9 Villal\u00f3n","twitter_card":"summary_large_image","twitter_misc":{"Escrito por":"Pablo Guti\u00e9rrez-Rav\u00e9 Villal\u00f3n","Tiempo de lectura":"4 minutos"},"schema":{"@context":"https:\/\/schema.org","@graph":[{"@type":"Article","@id":"https:\/\/luxonomy.net\/es\/jovenes-y-lujo-el-gasto-bajo-la-lupa\/#article","isPartOf":{"@id":"https:\/\/luxonomy.net\/es\/jovenes-y-lujo-el-gasto-bajo-la-lupa\/"},"author":{"name":"Pablo Guti\u00e9rrez-Rav\u00e9 Villal\u00f3n","@id":"https:\/\/luxonomy.net\/es\/#\/schema\/person\/aca186356f30a813f61bbf19ba52c031"},"headline":"J\u00f3venes y lujo: el gasto bajo la lupa","datePublished":"2025-11-04T20:24:48+00:00","dateModified":"2025-11-04T20:25:02+00:00","mainEntityOfPage":{"@id":"https:\/\/luxonomy.net\/es\/jovenes-y-lujo-el-gasto-bajo-la-lupa\/"},"wordCount":806,"commentCount":0,"publisher":{"@id":"https:\/\/luxonomy.net\/es\/#organization"},"image":{"@id":"https:\/\/luxonomy.net\/es\/jovenes-y-lujo-el-gasto-bajo-la-lupa\/#primaryimage"},"thumbnailUrl":"https:\/\/i0.wp.com\/luxonomy.net\/wp-content\/uploads\/2025\/11\/Captura-de-pantalla-2025-11-04-a-las-21.19.02.png?fit=1478%2C758&ssl=1","keywords":["actualidad","econom\u00eda"],"articleSection":["Actualidad","Econom\u00eda"],"inLanguage":"es","potentialAction":[{"@type":"CommentAction","name":"Comment","target":["https:\/\/luxonomy.net\/es\/jovenes-y-lujo-el-gasto-bajo-la-lupa\/#respond"]}]},{"@type":"WebPage","@id":"https:\/\/luxonomy.net\/es\/jovenes-y-lujo-el-gasto-bajo-la-lupa\/","url":"https:\/\/luxonomy.net\/es\/jovenes-y-lujo-el-gasto-bajo-la-lupa\/","name":"J\u00f3venes y lujo: el gasto bajo la lupa | LUXONOMY","isPartOf":{"@id":"https:\/\/luxonomy.net\/es\/#website"},"primaryImageOfPage":{"@id":"https:\/\/luxonomy.net\/es\/jovenes-y-lujo-el-gasto-bajo-la-lupa\/#primaryimage"},"image":{"@id":"https:\/\/luxonomy.net\/es\/jovenes-y-lujo-el-gasto-bajo-la-lupa\/#primaryimage"},"thumbnailUrl":"https:\/\/i0.wp.com\/luxonomy.net\/wp-content\/uploads\/2025\/11\/Captura-de-pantalla-2025-11-04-a-las-21.19.02.png?fit=1478%2C758&ssl=1","datePublished":"2025-11-04T20:24:48+00:00","dateModified":"2025-11-04T20:25:02+00:00","breadcrumb":{"@id":"https:\/\/luxonomy.net\/es\/jovenes-y-lujo-el-gasto-bajo-la-lupa\/#breadcrumb"},"inLanguage":"es","potentialAction":[{"@type":"ReadAction","target":["https:\/\/luxonomy.net\/es\/jovenes-y-lujo-el-gasto-bajo-la-lupa\/"]}]},{"@type":"ImageObject","inLanguage":"es","@id":"https:\/\/luxonomy.net\/es\/jovenes-y-lujo-el-gasto-bajo-la-lupa\/#primaryimage","url":"https:\/\/i0.wp.com\/luxonomy.net\/wp-content\/uploads\/2025\/11\/Captura-de-pantalla-2025-11-04-a-las-21.19.02.png?fit=1478%2C758&ssl=1","contentUrl":"https:\/\/i0.wp.com\/luxonomy.net\/wp-content\/uploads\/2025\/11\/Captura-de-pantalla-2025-11-04-a-las-21.19.02.png?fit=1478%2C758&ssl=1","width":1478,"height":758},{"@type":"BreadcrumbList","@id":"https:\/\/luxonomy.net\/es\/jovenes-y-lujo-el-gasto-bajo-la-lupa\/#breadcrumb","itemListElement":[{"@type":"ListItem","position":1,"name":"Portada","item":"https:\/\/luxonomy.net\/es\/"},{"@type":"ListItem","position":2,"name":"J\u00f3venes y lujo: el gasto bajo la lupa"}]},{"@type":"WebSite","@id":"https:\/\/luxonomy.net\/es\/#website","url":"https:\/\/luxonomy.net\/es\/","name":"LUXONOMY","description":"The Economy of Fashion &amp; Luxury","publisher":{"@id":"https:\/\/luxonomy.net\/es\/#organization"},"potentialAction":[{"@type":"SearchAction","target":{"@type":"EntryPoint","urlTemplate":"https:\/\/luxonomy.net\/es\/?s={search_term_string}"},"query-input":{"@type":"PropertyValueSpecification","valueRequired":true,"valueName":"search_term_string"}}],"inLanguage":"es"},{"@type":"Organization","@id":"https:\/\/luxonomy.net\/es\/#organization","name":"LUXONOMY","url":"https:\/\/luxonomy.net\/es\/","logo":{"@type":"ImageObject","inLanguage":"es","@id":"https:\/\/luxonomy.net\/es\/#\/schema\/logo\/image\/","url":"https:\/\/i2.wp.com\/luxonomy.net\/wp-content\/uploads\/2021\/09\/MOCKUP-TODOS-LUXONOMY.jpg?fit=1000%2C515&ssl=1","contentUrl":"https:\/\/i2.wp.com\/luxonomy.net\/wp-content\/uploads\/2021\/09\/MOCKUP-TODOS-LUXONOMY.jpg?fit=1000%2C515&ssl=1","width":1000,"height":515,"caption":"LUXONOMY"},"image":{"@id":"https:\/\/luxonomy.net\/es\/#\/schema\/logo\/image\/"},"sameAs":["https:\/\/www.facebook.com\/luxonomy","https:\/\/www.instagram.com\/luxonomy\/","https:\/\/www.linkedin.com\/company\/luxonomy\/"]},{"@type":"Person","@id":"https:\/\/luxonomy.net\/es\/#\/schema\/person\/aca186356f30a813f61bbf19ba52c031","name":"Pablo Guti\u00e9rrez-Rav\u00e9 Villal\u00f3n","image":{"@type":"ImageObject","inLanguage":"es","@id":"https:\/\/luxonomy.net\/wp-content\/litespeed\/avatar\/b80839bcd1d7840754b71e72cad801ce.jpg?ver=1788213692","url":"https:\/\/luxonomy.net\/wp-content\/litespeed\/avatar\/b80839bcd1d7840754b71e72cad801ce.jpg?ver=1788213692","contentUrl":"https:\/\/luxonomy.net\/wp-content\/litespeed\/avatar\/b80839bcd1d7840754b71e72cad801ce.jpg?ver=1788213692","caption":"Pablo Guti\u00e9rrez-Rav\u00e9 Villal\u00f3n"},"description":"president LUXONOMY\u2122 Group","sameAs":["https:\/\/www.linkedin.com\/in\/pablogutierrezrave\/"],"url":"https:\/\/luxonomy.net\/es\/author\/pablo\/"}]}},"jetpack_publicize_connections":[],"jetpack_shortlink":"https:\/\/wp.me\/paPhBa-hWe","jetpack_sharing_enabled":true,"jetpack_featured_media_url":"https:\/\/i0.wp.com\/luxonomy.net\/wp-content\/uploads\/2025\/11\/Captura-de-pantalla-2025-11-04-a-las-21.19.02.png?fit=1478%2C758&ssl=1","_links":{"self":[{"href":"https:\/\/luxonomy.net\/es\/wp-json\/wp\/v2\/posts\/68958","targetHints":{"allow":["GET"]}}],"collection":[{"href":"https:\/\/luxonomy.net\/es\/wp-json\/wp\/v2\/posts"}],"about":[{"href":"https:\/\/luxonomy.net\/es\/wp-json\/wp\/v2\/types\/post"}],"author":[{"embeddable":true,"href":"https:\/\/luxonomy.net\/es\/wp-json\/wp\/v2\/users\/19"}],"replies":[{"embeddable":true,"href":"https:\/\/luxonomy.net\/es\/wp-json\/wp\/v2\/comments?post=68958"}],"version-history":[{"count":1,"href":"https:\/\/luxonomy.net\/es\/wp-json\/wp\/v2\/posts\/68958\/revisions"}],"predecessor-version":[{"id":68961,"href":"https:\/\/luxonomy.net\/es\/wp-json\/wp\/v2\/posts\/68958\/revisions\/68961"}],"wp:featuredmedia":[{"embeddable":true,"href":"https:\/\/luxonomy.net\/es\/wp-json\/wp\/v2\/media\/68959"}],"wp:attachment":[{"href":"https:\/\/luxonomy.net\/es\/wp-json\/wp\/v2\/media?parent=68958"}],"wp:term":[{"taxonomy":"category","embeddable":true,"href":"https:\/\/luxonomy.net\/es\/wp-json\/wp\/v2\/categories?post=68958"},{"taxonomy":"post_tag","embeddable":true,"href":"https:\/\/luxonomy.net\/es\/wp-json\/wp\/v2\/tags?post=68958"},{"taxonomy":"thb-sponsors","embeddable":true,"href":"https:\/\/luxonomy.net\/es\/wp-json\/wp\/v2\/thb-sponsors?post=68958"}],"curies":[{"name":"wp","href":"https:\/\/api.w.org\/{rel}","templated":true}]}}