{"id":68863,"date":"2025-10-28T11:01:06","date_gmt":"2025-10-28T10:01:06","guid":{"rendered":"https:\/\/luxonomy.net\/?p=68863"},"modified":"2025-10-30T11:14:41","modified_gmt":"2025-10-30T10:14:41","slug":"the-loft-de-brussels-airlines-y-lexus-reconocido-por-septimo-ano-consecutivo-como-el-mejor-lounge-de-aerolineas-en-europa","status":"publish","type":"post","link":"https:\/\/luxonomy.net\/es\/the-loft-de-brussels-airlines-y-lexus-reconocido-por-septimo-ano-consecutivo-como-el-mejor-lounge-de-aerolineas-en-europa\/","title":{"rendered":"\u2018The Loft\u2019 De Brussels Airlines Y Lexus, Reconocido Por S\u00e9ptimo A\u00f1o Consecutivo Como El Mejor Lounge De Aerol\u00edneas En Europa"},"content":{"rendered":"\n<p class=\"wp-block-paragraph\">\u00abTHE LOFT\u00bb en el aeropuerto de Bruselas contin\u00faa con su excepcional historia de \u00e9xito, siendo nombrado&nbsp;<em>Europe\u2019s Leading Airline Lounge<\/em>&nbsp;en los World Travel Awards por s\u00e9ptimo a\u00f1o consecutivo.<\/p>\n\n\n\n<p class=\"wp-block-paragraph\">La colaboraci\u00f3n entre Brussels Airlines y Lexus ha recibido este honor todos los a\u00f1os desde su apertura en 2018.<\/p>\n\n\n\n<p class=\"wp-block-paragraph\">Es una recompensa m\u00e1s para una iniciativa innovadora que ha permitido a miles de pasajeros disfrutar de la hospitalidad \u00fanica de Lexus y del esp\u00edritu<em>&nbsp;Omotenashi<\/em>&nbsp;en un entorno elegante y lujoso. El concepto de lounge refleja el lujo del trato personalizado y la atenci\u00f3n al detalle que la marca imprime en sus autom\u00f3viles, anticip\u00e1ndose a las necesidades y preferencias de viajeros y conductores por igual.<\/p><div id=\"luxon-3042623052\" class=\"luxon-3er-parrafo luxon-entity-placement\" style=\"margin-top: 20px;margin-bottom: 20px;margin-left: auto;margin-right: auto;text-align: center;\"><a href=\"https:\/\/luxonomy.university\/course\/master-turismo-de-lujo\" target=\"_blank\" aria-label=\"master-turismo-lujo-2026-2027\"><img loading=\"lazy\" decoding=\"async\" src=\"https:\/\/i0.wp.com\/luxonomy.net\/wp-content\/uploads\/2020\/07\/master-turismo-lujo-2026-2027.jpg?fit=1672%2C941&#038;ssl=1\" alt=\"\"  srcset=\"https:\/\/i0.wp.com\/luxonomy.net\/wp-content\/uploads\/2020\/07\/master-turismo-lujo-2026-2027.jpg?w=1672&ssl=1 1672w, https:\/\/i0.wp.com\/luxonomy.net\/wp-content\/uploads\/2020\/07\/master-turismo-lujo-2026-2027.jpg?resize=300%2C169&ssl=1 300w, https:\/\/i0.wp.com\/luxonomy.net\/wp-content\/uploads\/2020\/07\/master-turismo-lujo-2026-2027.jpg?resize=1024%2C576&ssl=1 1024w, https:\/\/i0.wp.com\/luxonomy.net\/wp-content\/uploads\/2020\/07\/master-turismo-lujo-2026-2027.jpg?resize=768%2C432&ssl=1 768w, https:\/\/i0.wp.com\/luxonomy.net\/wp-content\/uploads\/2020\/07\/master-turismo-lujo-2026-2027.jpg?resize=1536%2C864&ssl=1 1536w, https:\/\/i0.wp.com\/luxonomy.net\/wp-content\/uploads\/2020\/07\/master-turismo-lujo-2026-2027.jpg?resize=370%2C208&ssl=1 370w, https:\/\/i0.wp.com\/luxonomy.net\/wp-content\/uploads\/2020\/07\/master-turismo-lujo-2026-2027.jpg?resize=800%2C450&ssl=1 800w, https:\/\/i0.wp.com\/luxonomy.net\/wp-content\/uploads\/2020\/07\/master-turismo-lujo-2026-2027.jpg?resize=20%2C11&ssl=1 20w, https:\/\/i0.wp.com\/luxonomy.net\/wp-content\/uploads\/2020\/07\/master-turismo-lujo-2026-2027.jpg?resize=740%2C416&ssl=1 740w, https:\/\/i0.wp.com\/luxonomy.net\/wp-content\/uploads\/2020\/07\/master-turismo-lujo-2026-2027.jpg?resize=1600%2C900&ssl=1 1600w, https:\/\/i0.wp.com\/luxonomy.net\/wp-content\/uploads\/2020\/07\/master-turismo-lujo-2026-2027.jpg?resize=1200%2C675&ssl=1 1200w, https:\/\/i0.wp.com\/luxonomy.net\/wp-content\/uploads\/2020\/07\/master-turismo-lujo-2026-2027.jpg?resize=85%2C48&ssl=1 85w\" sizes=\"(max-width: 1170px) 100vw, 1170px\" class=\"no-lazyload\" width=\"1672\" height=\"941\"   \/><\/a><\/div>\n\n\n\n<p class=\"wp-block-paragraph\">Dominique Bloch,&nbsp;<em>THE LOFT<\/em>&nbsp;<em>Project Manager<\/em>&nbsp;en Lexus Europa, coment\u00f3:&nbsp;<em>\u201cLexus ha dado vida a su esp\u00edritu de Omotenashi y Making Luxury Personal en THE LOFT, no solo a trav\u00e9s del dise\u00f1o del lounge, sino tambi\u00e9n inspirando al personal del mismo, creando una experiencia \u00fanica para los pasajeros. Estamos orgullosos de los equipos que han adoptado y encarnado de forma tan natural los valores de Lexus; este premio es para ellos\u201d<\/em>.<\/p>\n\n\n\n<p class=\"wp-block-paragraph\">Yves Bernaerts,<em>&nbsp;Lounge Manager<\/em>&nbsp;de Brussels Airlines, a\u00f1adi\u00f3:&nbsp;<em>\u201cEl lounge ha sido reconocido siete veces como Europe\u2019s Leading Airline Lounge porque nunca dimos por sentado el premio. A lo largo de los a\u00f1os, hemos trabajado constantemente para asegurarnos de mantenernos en la cima\u201d.<\/em><\/p>\n\n\n\n<p class=\"wp-block-paragraph\">El concepto original de la sala llev\u00f3 a Lexus m\u00e1s all\u00e1 del mundo automotriz, expandiendo su perfil como marca de lujo internacional. Centrado en el principio del&nbsp;<em>Omotenashi<\/em>, el espacio fue dise\u00f1ado para ofrecer a los hu\u00e9spedes el m\u00e1s alto nivel de hospitalidad, anticip\u00e1ndose a sus necesidades y brind\u00e1ndoles un lugar acogedor en el que relajarse, trabajar o recargar energ\u00edas.<\/p>\n\n\n\n<p class=\"wp-block-paragraph\">Las instalaciones incluyen salas de spa individuales con duchas Grohe, espacios dedicados al trabajo o al descanso, sillones de masaje shiatsu y zonas de relajaci\u00f3n con techos de efecto estelar. Se ofrece comida fr\u00eda y caliente, y el lugar incluso cuenta con su propio maestro chocolatero. Los visitantes del lounge, que se extiende a lo largo de m\u00e1s de 2.000 m\u00b2, son recibidos por embajadores de Lexus, quienes han recibido elogios especiales por su dedicaci\u00f3n y esfuerzo para garantizar que todos los hu\u00e9spedes disfruten de la mejor experiencia posible.<\/p><div id=\"luxon-4288263756\" class=\"luxon-7-parrafo luxon-entity-placement\" style=\"margin-top: 20px;margin-bottom: 20px;margin-left: auto;margin-right: auto;text-align: center;\"><a href=\"https:\/\/theintelligence.institute\/course\/inteligencia-artificial-para-directivos\" target=\"_blank\" aria-label=\"CSIAD_empresas_THEI_horizontal_4x3_v5\"><img loading=\"lazy\" decoding=\"async\" src=\"https:\/\/i0.wp.com\/luxonomy.net\/wp-content\/uploads\/2025\/08\/CSIAD_empresas_THEI_horizontal_4x3_v5.png?fit=2000%2C1500&#038;ssl=1\" alt=\"\"  srcset=\"https:\/\/i0.wp.com\/luxonomy.net\/wp-content\/uploads\/2025\/08\/CSIAD_empresas_THEI_horizontal_4x3_v5.png?w=2000&ssl=1 2000w, https:\/\/i0.wp.com\/luxonomy.net\/wp-content\/uploads\/2025\/08\/CSIAD_empresas_THEI_horizontal_4x3_v5.png?resize=300%2C225&ssl=1 300w, https:\/\/i0.wp.com\/luxonomy.net\/wp-content\/uploads\/2025\/08\/CSIAD_empresas_THEI_horizontal_4x3_v5.png?resize=1024%2C768&ssl=1 1024w, https:\/\/i0.wp.com\/luxonomy.net\/wp-content\/uploads\/2025\/08\/CSIAD_empresas_THEI_horizontal_4x3_v5.png?resize=768%2C576&ssl=1 768w, https:\/\/i0.wp.com\/luxonomy.net\/wp-content\/uploads\/2025\/08\/CSIAD_empresas_THEI_horizontal_4x3_v5.png?resize=1536%2C1152&ssl=1 1536w, https:\/\/i0.wp.com\/luxonomy.net\/wp-content\/uploads\/2025\/08\/CSIAD_empresas_THEI_horizontal_4x3_v5.png?resize=370%2C278&ssl=1 370w, https:\/\/i0.wp.com\/luxonomy.net\/wp-content\/uploads\/2025\/08\/CSIAD_empresas_THEI_horizontal_4x3_v5.png?resize=800%2C600&ssl=1 800w, https:\/\/i0.wp.com\/luxonomy.net\/wp-content\/uploads\/2025\/08\/CSIAD_empresas_THEI_horizontal_4x3_v5.png?resize=20%2C15&ssl=1 20w, https:\/\/i0.wp.com\/luxonomy.net\/wp-content\/uploads\/2025\/08\/CSIAD_empresas_THEI_horizontal_4x3_v5.png?resize=740%2C555&ssl=1 740w, https:\/\/i0.wp.com\/luxonomy.net\/wp-content\/uploads\/2025\/08\/CSIAD_empresas_THEI_horizontal_4x3_v5.png?resize=1600%2C1200&ssl=1 1600w, https:\/\/i0.wp.com\/luxonomy.net\/wp-content\/uploads\/2025\/08\/CSIAD_empresas_THEI_horizontal_4x3_v5.png?resize=1200%2C900&ssl=1 1200w, https:\/\/i0.wp.com\/luxonomy.net\/wp-content\/uploads\/2025\/08\/CSIAD_empresas_THEI_horizontal_4x3_v5.png?resize=64%2C48&ssl=1 64w\" sizes=\"(max-width: 1170px) 100vw, 1170px\" class=\"no-lazyload\" width=\"2000\" height=\"1500\"   \/><\/a><\/div>\n\n\n","protected":false},"excerpt":{"rendered":"<p>Las instalaciones incluyen salas de spa individuales con duchas Grohe, espacios dedicados al trabajo o al descanso, sillones de masaje shiatsu y zonas de relajaci\u00f3n con techos de efecto estelar. Se ofrece comida fr\u00eda y caliente, y el lugar incluso cuenta con su propio maestro chocolatero. Los visitantes del lounge, que se extiende a lo largo de m\u00e1s de 2.000 m\u00b2, son recibidos por embajadores de Lexus, quienes han recibido elogios especiales por su dedicaci\u00f3n y esfuerzo para garantizar que todos los hu\u00e9spedes disfruten de la mejor experiencia posible.<\/p>\n","protected":false},"author":58,"featured_media":68864,"comment_status":"open","ping_status":"open","sticky":false,"template":"","format":"gallery","meta":{"_jetpack_newsletter_access":"","_jetpack_dont_email_post_to_subs":false,"_jetpack_newsletter_tier_id":0,"_jetpack_memberships_contains_paywalled_content":false,"_jetpack_feature_clip_id":0,"_jetpack_memberships_contains_paid_content":false,"footnotes":"","jetpack_publicize_message":"\u2018The Loft\u2019 De Brussels Airlines Y Lexus, Reconocido Por S\u00e9ptimo A\u00f1o Consecutivo Como El Mejor Lounge De Aerol\u00edneas En Europa.\nLas instalaciones incluyen salas de spa individuales con duchas Grohe, espacios dedicados al trabajo o al descanso, sillones de masaje shiatsu y zonas de relajaci\u00f3n con techos de efecto estelar. Se ofrece comida fr\u00eda y caliente, y el lugar incluso cuenta con su propio maestro chocolatero. Los visitantes del lounge, que se extiende a lo largo de m\u00e1s de 2.000 m\u00b2, son recibidos por embajadores de Lexus, quienes han recibido elogios especiales por su dedicaci\u00f3n y esfuerzo para garantizar que todos los hu\u00e9spedes disfruten de la mejor experiencia posible.\n#lexus #brusselsairlines","jetpack_publicize_feature_enabled":true,"jetpack_social_post_already_shared":true,"jetpack_social_options":{"image_generator_settings":{"template":"edge","default_image_id":0,"font":"","enabled":false},"version":2},"jetpack_post_was_ever_published":false},"categories":[1672,296],"tags":[295],"thb-sponsors":[],"class_list":["post-68863","post","type-post","status-publish","format-gallery","has-post-thumbnail","hentry","category-actualidad","category-motor","tag-lexus","post_format-post-format-gallery"],"yoast_head":"<!-- This site is optimized with the Yoast SEO plugin v28.4 - https:\/\/yoast.com\/product\/yoast-seo-wordpress\/ -->\n<title>\u2018The Loft\u2019 De Brussels Airlines Y Lexus, Reconocido Por S\u00e9ptimo A\u00f1o Consecutivo Como El Mejor Lounge De Aerol\u00edneas En Europa | LUXONOMY<\/title>\n<meta name=\"robots\" content=\"index, follow, max-snippet:-1, max-image-preview:large, max-video-preview:-1\" \/>\n<link rel=\"canonical\" href=\"https:\/\/luxonomy.net\/es\/the-loft-de-brussels-airlines-y-lexus-reconocido-por-septimo-ano-consecutivo-como-el-mejor-lounge-de-aerolineas-en-europa\/\" \/>\n<meta property=\"og:locale\" content=\"es_ES\" \/>\n<meta property=\"og:type\" content=\"article\" \/>\n<meta property=\"og:title\" content=\"\u2018The Loft\u2019 De Brussels Airlines Y Lexus, Reconocido Por S\u00e9ptimo A\u00f1o Consecutivo Como El Mejor Lounge De Aerol\u00edneas En Europa | LUXONOMY\" \/>\n<meta property=\"og:description\" content=\"Las instalaciones incluyen salas de spa individuales con duchas Grohe, espacios dedicados al trabajo o al descanso, sillones de masaje shiatsu y zonas de relajaci\u00f3n con techos de efecto estelar. Se ofrece comida fr\u00eda y caliente, y el lugar incluso cuenta con su propio maestro chocolatero. Los visitantes del lounge, que se extiende a lo largo de m\u00e1s de 2.000 m\u00b2, son recibidos por embajadores de Lexus, quienes han recibido elogios especiales por su dedicaci\u00f3n y esfuerzo para garantizar que todos los hu\u00e9spedes disfruten de la mejor experiencia posible.\" \/>\n<meta property=\"og:url\" content=\"https:\/\/luxonomy.net\/es\/the-loft-de-brussels-airlines-y-lexus-reconocido-por-septimo-ano-consecutivo-como-el-mejor-lounge-de-aerolineas-en-europa\/\" \/>\n<meta property=\"og:site_name\" content=\"LUXONOMY\" \/>\n<meta property=\"article:publisher\" content=\"https:\/\/www.facebook.com\/luxonomy\" \/>\n<meta property=\"article:published_time\" content=\"2025-10-28T10:01:06+00:00\" \/>\n<meta property=\"article:modified_time\" content=\"2025-10-30T10:14:41+00:00\" \/>\n<meta property=\"og:image\" content=\"https:\/\/luxonomy.net\/wp-content\/uploads\/2025\/10\/\u2018The-Loft-De-Brussels-Airlines-Y-Lexus-Reconocido-Por-Septimo-Ano-Consecutivo-Como-El-Mejor-Lounge-De-Aerolineas-En-Europa.jpg\" \/>\n\t<meta property=\"og:image:width\" content=\"2560\" \/>\n\t<meta property=\"og:image:height\" content=\"1920\" \/>\n\t<meta property=\"og:image:type\" content=\"image\/jpeg\" \/>\n<meta name=\"author\" content=\"Ana C\u00e9spedes\" \/>\n<meta name=\"twitter:card\" content=\"summary_large_image\" \/>\n<meta name=\"twitter:label1\" content=\"Escrito por\" \/>\n\t<meta name=\"twitter:data1\" content=\"Ana C\u00e9spedes\" \/>\n\t<meta name=\"twitter:label2\" content=\"Tiempo de lectura\" \/>\n\t<meta name=\"twitter:data2\" content=\"2 minutos\" \/>\n<script type=\"application\/ld+json\" class=\"yoast-schema-graph\">{\"@context\":\"https:\\\/\\\/schema.org\",\"@graph\":[{\"@type\":\"Article\",\"@id\":\"https:\\\/\\\/luxonomy.net\\\/es\\\/the-loft-de-brussels-airlines-y-lexus-reconocido-por-septimo-ano-consecutivo-como-el-mejor-lounge-de-aerolineas-en-europa\\\/#article\",\"isPartOf\":{\"@id\":\"https:\\\/\\\/luxonomy.net\\\/es\\\/the-loft-de-brussels-airlines-y-lexus-reconocido-por-septimo-ano-consecutivo-como-el-mejor-lounge-de-aerolineas-en-europa\\\/\"},\"author\":{\"name\":\"Ana C\u00e9spedes\",\"@id\":\"https:\\\/\\\/luxonomy.net\\\/es\\\/#\\\/schema\\\/person\\\/84dc303df50a6f7a47c539202bf2008b\"},\"headline\":\"\u2018The Loft\u2019 De Brussels Airlines Y Lexus, Reconocido Por S\u00e9ptimo A\u00f1o Consecutivo Como El Mejor Lounge De Aerol\u00edneas En Europa\",\"datePublished\":\"2025-10-28T10:01:06+00:00\",\"dateModified\":\"2025-10-30T10:14:41+00:00\",\"mainEntityOfPage\":{\"@id\":\"https:\\\/\\\/luxonomy.net\\\/es\\\/the-loft-de-brussels-airlines-y-lexus-reconocido-por-septimo-ano-consecutivo-como-el-mejor-lounge-de-aerolineas-en-europa\\\/\"},\"wordCount\":440,\"commentCount\":0,\"publisher\":{\"@id\":\"https:\\\/\\\/luxonomy.net\\\/es\\\/#organization\"},\"image\":{\"@id\":\"https:\\\/\\\/luxonomy.net\\\/es\\\/the-loft-de-brussels-airlines-y-lexus-reconocido-por-septimo-ano-consecutivo-como-el-mejor-lounge-de-aerolineas-en-europa\\\/#primaryimage\"},\"thumbnailUrl\":\"https:\\\/\\\/i0.wp.com\\\/luxonomy.net\\\/wp-content\\\/uploads\\\/2025\\\/10\\\/%E2%80%98The-Loft-De-Brussels-Airlines-Y-Lexus-Reconocido-Por-Septimo-Ano-Consecutivo-Como-El-Mejor-Lounge-De-Aerolineas-En-Europa.jpg?fit=2560%2C1920&ssl=1\",\"keywords\":[\"Lexus\"],\"articleSection\":[\"Actualidad\",\"Motor\"],\"inLanguage\":\"es\",\"potentialAction\":[{\"@type\":\"CommentAction\",\"name\":\"Comment\",\"target\":[\"https:\\\/\\\/luxonomy.net\\\/es\\\/the-loft-de-brussels-airlines-y-lexus-reconocido-por-septimo-ano-consecutivo-como-el-mejor-lounge-de-aerolineas-en-europa\\\/#respond\"]}]},{\"@type\":\"WebPage\",\"@id\":\"https:\\\/\\\/luxonomy.net\\\/es\\\/the-loft-de-brussels-airlines-y-lexus-reconocido-por-septimo-ano-consecutivo-como-el-mejor-lounge-de-aerolineas-en-europa\\\/\",\"url\":\"https:\\\/\\\/luxonomy.net\\\/es\\\/the-loft-de-brussels-airlines-y-lexus-reconocido-por-septimo-ano-consecutivo-como-el-mejor-lounge-de-aerolineas-en-europa\\\/\",\"name\":\"\u2018The Loft\u2019 De Brussels Airlines Y Lexus, Reconocido Por S\u00e9ptimo A\u00f1o Consecutivo Como El Mejor Lounge De Aerol\u00edneas En Europa | LUXONOMY\",\"isPartOf\":{\"@id\":\"https:\\\/\\\/luxonomy.net\\\/es\\\/#website\"},\"primaryImageOfPage\":{\"@id\":\"https:\\\/\\\/luxonomy.net\\\/es\\\/the-loft-de-brussels-airlines-y-lexus-reconocido-por-septimo-ano-consecutivo-como-el-mejor-lounge-de-aerolineas-en-europa\\\/#primaryimage\"},\"image\":{\"@id\":\"https:\\\/\\\/luxonomy.net\\\/es\\\/the-loft-de-brussels-airlines-y-lexus-reconocido-por-septimo-ano-consecutivo-como-el-mejor-lounge-de-aerolineas-en-europa\\\/#primaryimage\"},\"thumbnailUrl\":\"https:\\\/\\\/i0.wp.com\\\/luxonomy.net\\\/wp-content\\\/uploads\\\/2025\\\/10\\\/%E2%80%98The-Loft-De-Brussels-Airlines-Y-Lexus-Reconocido-Por-Septimo-Ano-Consecutivo-Como-El-Mejor-Lounge-De-Aerolineas-En-Europa.jpg?fit=2560%2C1920&ssl=1\",\"datePublished\":\"2025-10-28T10:01:06+00:00\",\"dateModified\":\"2025-10-30T10:14:41+00:00\",\"breadcrumb\":{\"@id\":\"https:\\\/\\\/luxonomy.net\\\/es\\\/the-loft-de-brussels-airlines-y-lexus-reconocido-por-septimo-ano-consecutivo-como-el-mejor-lounge-de-aerolineas-en-europa\\\/#breadcrumb\"},\"inLanguage\":\"es\",\"potentialAction\":[{\"@type\":\"ReadAction\",\"target\":[\"https:\\\/\\\/luxonomy.net\\\/es\\\/the-loft-de-brussels-airlines-y-lexus-reconocido-por-septimo-ano-consecutivo-como-el-mejor-lounge-de-aerolineas-en-europa\\\/\"]}]},{\"@type\":\"ImageObject\",\"inLanguage\":\"es\",\"@id\":\"https:\\\/\\\/luxonomy.net\\\/es\\\/the-loft-de-brussels-airlines-y-lexus-reconocido-por-septimo-ano-consecutivo-como-el-mejor-lounge-de-aerolineas-en-europa\\\/#primaryimage\",\"url\":\"https:\\\/\\\/i0.wp.com\\\/luxonomy.net\\\/wp-content\\\/uploads\\\/2025\\\/10\\\/%E2%80%98The-Loft-De-Brussels-Airlines-Y-Lexus-Reconocido-Por-Septimo-Ano-Consecutivo-Como-El-Mejor-Lounge-De-Aerolineas-En-Europa.jpg?fit=2560%2C1920&ssl=1\",\"contentUrl\":\"https:\\\/\\\/i0.wp.com\\\/luxonomy.net\\\/wp-content\\\/uploads\\\/2025\\\/10\\\/%E2%80%98The-Loft-De-Brussels-Airlines-Y-Lexus-Reconocido-Por-Septimo-Ano-Consecutivo-Como-El-Mejor-Lounge-De-Aerolineas-En-Europa.jpg?fit=2560%2C1920&ssl=1\",\"width\":2560,\"height\":1920},{\"@type\":\"BreadcrumbList\",\"@id\":\"https:\\\/\\\/luxonomy.net\\\/es\\\/the-loft-de-brussels-airlines-y-lexus-reconocido-por-septimo-ano-consecutivo-como-el-mejor-lounge-de-aerolineas-en-europa\\\/#breadcrumb\",\"itemListElement\":[{\"@type\":\"ListItem\",\"position\":1,\"name\":\"Portada\",\"item\":\"https:\\\/\\\/luxonomy.net\\\/es\\\/\"},{\"@type\":\"ListItem\",\"position\":2,\"name\":\"\u2018The Loft\u2019 De Brussels Airlines Y Lexus, Reconocido Por S\u00e9ptimo A\u00f1o Consecutivo Como El Mejor Lounge De Aerol\u00edneas En Europa\"}]},{\"@type\":\"WebSite\",\"@id\":\"https:\\\/\\\/luxonomy.net\\\/es\\\/#website\",\"url\":\"https:\\\/\\\/luxonomy.net\\\/es\\\/\",\"name\":\"LUXONOMY\",\"description\":\"The Economy of Fashion &amp; Luxury\",\"publisher\":{\"@id\":\"https:\\\/\\\/luxonomy.net\\\/es\\\/#organization\"},\"potentialAction\":[{\"@type\":\"SearchAction\",\"target\":{\"@type\":\"EntryPoint\",\"urlTemplate\":\"https:\\\/\\\/luxonomy.net\\\/es\\\/?s={search_term_string}\"},\"query-input\":{\"@type\":\"PropertyValueSpecification\",\"valueRequired\":true,\"valueName\":\"search_term_string\"}}],\"inLanguage\":\"es\"},{\"@type\":\"Organization\",\"@id\":\"https:\\\/\\\/luxonomy.net\\\/es\\\/#organization\",\"name\":\"LUXONOMY\",\"url\":\"https:\\\/\\\/luxonomy.net\\\/es\\\/\",\"logo\":{\"@type\":\"ImageObject\",\"inLanguage\":\"es\",\"@id\":\"https:\\\/\\\/luxonomy.net\\\/es\\\/#\\\/schema\\\/logo\\\/image\\\/\",\"url\":\"https:\\\/\\\/i2.wp.com\\\/luxonomy.net\\\/wp-content\\\/uploads\\\/2021\\\/09\\\/MOCKUP-TODOS-LUXONOMY.jpg?fit=1000%2C515&ssl=1\",\"contentUrl\":\"https:\\\/\\\/i2.wp.com\\\/luxonomy.net\\\/wp-content\\\/uploads\\\/2021\\\/09\\\/MOCKUP-TODOS-LUXONOMY.jpg?fit=1000%2C515&ssl=1\",\"width\":1000,\"height\":515,\"caption\":\"LUXONOMY\"},\"image\":{\"@id\":\"https:\\\/\\\/luxonomy.net\\\/es\\\/#\\\/schema\\\/logo\\\/image\\\/\"},\"sameAs\":[\"https:\\\/\\\/www.facebook.com\\\/luxonomy\",\"https:\\\/\\\/www.instagram.com\\\/luxonomy\\\/\",\"https:\\\/\\\/www.linkedin.com\\\/company\\\/luxonomy\\\/\"]},{\"@type\":\"Person\",\"@id\":\"https:\\\/\\\/luxonomy.net\\\/es\\\/#\\\/schema\\\/person\\\/84dc303df50a6f7a47c539202bf2008b\",\"name\":\"Ana C\u00e9spedes\",\"image\":{\"@type\":\"ImageObject\",\"inLanguage\":\"es\",\"@id\":\"https:\\\/\\\/luxonomy.net\\\/wp-content\\\/litespeed\\\/avatar\\\/21aa9d3d0d804331f41d2f7f9b3ba388.jpg?ver=1787988900\",\"url\":\"https:\\\/\\\/luxonomy.net\\\/wp-content\\\/litespeed\\\/avatar\\\/21aa9d3d0d804331f41d2f7f9b3ba388.jpg?ver=1787988900\",\"contentUrl\":\"https:\\\/\\\/luxonomy.net\\\/wp-content\\\/litespeed\\\/avatar\\\/21aa9d3d0d804331f41d2f7f9b3ba388.jpg?ver=1787988900\",\"caption\":\"Ana C\u00e9spedes\"},\"description\":\"Ana C\u00e9spedes. LUXONOMY\u2122 Group. CMO. info@\",\"url\":\"https:\\\/\\\/luxonomy.net\\\/es\\\/author\\\/anacespedes\\\/\"}]}<\/script>\n<!-- \/ Yoast SEO plugin. -->","yoast_head_json":{"title":"\u2018The Loft\u2019 De Brussels Airlines Y Lexus, Reconocido Por S\u00e9ptimo A\u00f1o Consecutivo Como El Mejor Lounge De Aerol\u00edneas En Europa | LUXONOMY","robots":{"index":"index","follow":"follow","max-snippet":"max-snippet:-1","max-image-preview":"max-image-preview:large","max-video-preview":"max-video-preview:-1"},"canonical":"https:\/\/luxonomy.net\/es\/the-loft-de-brussels-airlines-y-lexus-reconocido-por-septimo-ano-consecutivo-como-el-mejor-lounge-de-aerolineas-en-europa\/","og_locale":"es_ES","og_type":"article","og_title":"\u2018The Loft\u2019 De Brussels Airlines Y Lexus, Reconocido Por S\u00e9ptimo A\u00f1o Consecutivo Como El Mejor Lounge De Aerol\u00edneas En Europa | LUXONOMY","og_description":"Las instalaciones incluyen salas de spa individuales con duchas Grohe, espacios dedicados al trabajo o al descanso, sillones de masaje shiatsu y zonas de relajaci\u00f3n con techos de efecto estelar. Se ofrece comida fr\u00eda y caliente, y el lugar incluso cuenta con su propio maestro chocolatero. Los visitantes del lounge, que se extiende a lo largo de m\u00e1s de 2.000 m\u00b2, son recibidos por embajadores de Lexus, quienes han recibido elogios especiales por su dedicaci\u00f3n y esfuerzo para garantizar que todos los hu\u00e9spedes disfruten de la mejor experiencia posible.","og_url":"https:\/\/luxonomy.net\/es\/the-loft-de-brussels-airlines-y-lexus-reconocido-por-septimo-ano-consecutivo-como-el-mejor-lounge-de-aerolineas-en-europa\/","og_site_name":"LUXONOMY","article_publisher":"https:\/\/www.facebook.com\/luxonomy","article_published_time":"2025-10-28T10:01:06+00:00","article_modified_time":"2025-10-30T10:14:41+00:00","og_image":[{"width":2560,"height":1920,"url":"https:\/\/luxonomy.net\/wp-content\/uploads\/2025\/10\/\u2018The-Loft-De-Brussels-Airlines-Y-Lexus-Reconocido-Por-Septimo-Ano-Consecutivo-Como-El-Mejor-Lounge-De-Aerolineas-En-Europa.jpg","type":"image\/jpeg"}],"author":"Ana C\u00e9spedes","twitter_card":"summary_large_image","twitter_misc":{"Escrito por":"Ana C\u00e9spedes","Tiempo de lectura":"2 minutos"},"schema":{"@context":"https:\/\/schema.org","@graph":[{"@type":"Article","@id":"https:\/\/luxonomy.net\/es\/the-loft-de-brussels-airlines-y-lexus-reconocido-por-septimo-ano-consecutivo-como-el-mejor-lounge-de-aerolineas-en-europa\/#article","isPartOf":{"@id":"https:\/\/luxonomy.net\/es\/the-loft-de-brussels-airlines-y-lexus-reconocido-por-septimo-ano-consecutivo-como-el-mejor-lounge-de-aerolineas-en-europa\/"},"author":{"name":"Ana C\u00e9spedes","@id":"https:\/\/luxonomy.net\/es\/#\/schema\/person\/84dc303df50a6f7a47c539202bf2008b"},"headline":"\u2018The Loft\u2019 De Brussels Airlines Y Lexus, Reconocido Por S\u00e9ptimo A\u00f1o Consecutivo Como El Mejor Lounge De Aerol\u00edneas En Europa","datePublished":"2025-10-28T10:01:06+00:00","dateModified":"2025-10-30T10:14:41+00:00","mainEntityOfPage":{"@id":"https:\/\/luxonomy.net\/es\/the-loft-de-brussels-airlines-y-lexus-reconocido-por-septimo-ano-consecutivo-como-el-mejor-lounge-de-aerolineas-en-europa\/"},"wordCount":440,"commentCount":0,"publisher":{"@id":"https:\/\/luxonomy.net\/es\/#organization"},"image":{"@id":"https:\/\/luxonomy.net\/es\/the-loft-de-brussels-airlines-y-lexus-reconocido-por-septimo-ano-consecutivo-como-el-mejor-lounge-de-aerolineas-en-europa\/#primaryimage"},"thumbnailUrl":"https:\/\/i0.wp.com\/luxonomy.net\/wp-content\/uploads\/2025\/10\/%E2%80%98The-Loft-De-Brussels-Airlines-Y-Lexus-Reconocido-Por-Septimo-Ano-Consecutivo-Como-El-Mejor-Lounge-De-Aerolineas-En-Europa.jpg?fit=2560%2C1920&ssl=1","keywords":["Lexus"],"articleSection":["Actualidad","Motor"],"inLanguage":"es","potentialAction":[{"@type":"CommentAction","name":"Comment","target":["https:\/\/luxonomy.net\/es\/the-loft-de-brussels-airlines-y-lexus-reconocido-por-septimo-ano-consecutivo-como-el-mejor-lounge-de-aerolineas-en-europa\/#respond"]}]},{"@type":"WebPage","@id":"https:\/\/luxonomy.net\/es\/the-loft-de-brussels-airlines-y-lexus-reconocido-por-septimo-ano-consecutivo-como-el-mejor-lounge-de-aerolineas-en-europa\/","url":"https:\/\/luxonomy.net\/es\/the-loft-de-brussels-airlines-y-lexus-reconocido-por-septimo-ano-consecutivo-como-el-mejor-lounge-de-aerolineas-en-europa\/","name":"\u2018The Loft\u2019 De Brussels Airlines Y Lexus, Reconocido Por S\u00e9ptimo A\u00f1o Consecutivo Como El Mejor Lounge De Aerol\u00edneas En Europa | LUXONOMY","isPartOf":{"@id":"https:\/\/luxonomy.net\/es\/#website"},"primaryImageOfPage":{"@id":"https:\/\/luxonomy.net\/es\/the-loft-de-brussels-airlines-y-lexus-reconocido-por-septimo-ano-consecutivo-como-el-mejor-lounge-de-aerolineas-en-europa\/#primaryimage"},"image":{"@id":"https:\/\/luxonomy.net\/es\/the-loft-de-brussels-airlines-y-lexus-reconocido-por-septimo-ano-consecutivo-como-el-mejor-lounge-de-aerolineas-en-europa\/#primaryimage"},"thumbnailUrl":"https:\/\/i0.wp.com\/luxonomy.net\/wp-content\/uploads\/2025\/10\/%E2%80%98The-Loft-De-Brussels-Airlines-Y-Lexus-Reconocido-Por-Septimo-Ano-Consecutivo-Como-El-Mejor-Lounge-De-Aerolineas-En-Europa.jpg?fit=2560%2C1920&ssl=1","datePublished":"2025-10-28T10:01:06+00:00","dateModified":"2025-10-30T10:14:41+00:00","breadcrumb":{"@id":"https:\/\/luxonomy.net\/es\/the-loft-de-brussels-airlines-y-lexus-reconocido-por-septimo-ano-consecutivo-como-el-mejor-lounge-de-aerolineas-en-europa\/#breadcrumb"},"inLanguage":"es","potentialAction":[{"@type":"ReadAction","target":["https:\/\/luxonomy.net\/es\/the-loft-de-brussels-airlines-y-lexus-reconocido-por-septimo-ano-consecutivo-como-el-mejor-lounge-de-aerolineas-en-europa\/"]}]},{"@type":"ImageObject","inLanguage":"es","@id":"https:\/\/luxonomy.net\/es\/the-loft-de-brussels-airlines-y-lexus-reconocido-por-septimo-ano-consecutivo-como-el-mejor-lounge-de-aerolineas-en-europa\/#primaryimage","url":"https:\/\/i0.wp.com\/luxonomy.net\/wp-content\/uploads\/2025\/10\/%E2%80%98The-Loft-De-Brussels-Airlines-Y-Lexus-Reconocido-Por-Septimo-Ano-Consecutivo-Como-El-Mejor-Lounge-De-Aerolineas-En-Europa.jpg?fit=2560%2C1920&ssl=1","contentUrl":"https:\/\/i0.wp.com\/luxonomy.net\/wp-content\/uploads\/2025\/10\/%E2%80%98The-Loft-De-Brussels-Airlines-Y-Lexus-Reconocido-Por-Septimo-Ano-Consecutivo-Como-El-Mejor-Lounge-De-Aerolineas-En-Europa.jpg?fit=2560%2C1920&ssl=1","width":2560,"height":1920},{"@type":"BreadcrumbList","@id":"https:\/\/luxonomy.net\/es\/the-loft-de-brussels-airlines-y-lexus-reconocido-por-septimo-ano-consecutivo-como-el-mejor-lounge-de-aerolineas-en-europa\/#breadcrumb","itemListElement":[{"@type":"ListItem","position":1,"name":"Portada","item":"https:\/\/luxonomy.net\/es\/"},{"@type":"ListItem","position":2,"name":"\u2018The Loft\u2019 De Brussels Airlines Y Lexus, Reconocido Por S\u00e9ptimo A\u00f1o Consecutivo Como El Mejor Lounge De Aerol\u00edneas En Europa"}]},{"@type":"WebSite","@id":"https:\/\/luxonomy.net\/es\/#website","url":"https:\/\/luxonomy.net\/es\/","name":"LUXONOMY","description":"The Economy of Fashion &amp; Luxury","publisher":{"@id":"https:\/\/luxonomy.net\/es\/#organization"},"potentialAction":[{"@type":"SearchAction","target":{"@type":"EntryPoint","urlTemplate":"https:\/\/luxonomy.net\/es\/?s={search_term_string}"},"query-input":{"@type":"PropertyValueSpecification","valueRequired":true,"valueName":"search_term_string"}}],"inLanguage":"es"},{"@type":"Organization","@id":"https:\/\/luxonomy.net\/es\/#organization","name":"LUXONOMY","url":"https:\/\/luxonomy.net\/es\/","logo":{"@type":"ImageObject","inLanguage":"es","@id":"https:\/\/luxonomy.net\/es\/#\/schema\/logo\/image\/","url":"https:\/\/i2.wp.com\/luxonomy.net\/wp-content\/uploads\/2021\/09\/MOCKUP-TODOS-LUXONOMY.jpg?fit=1000%2C515&ssl=1","contentUrl":"https:\/\/i2.wp.com\/luxonomy.net\/wp-content\/uploads\/2021\/09\/MOCKUP-TODOS-LUXONOMY.jpg?fit=1000%2C515&ssl=1","width":1000,"height":515,"caption":"LUXONOMY"},"image":{"@id":"https:\/\/luxonomy.net\/es\/#\/schema\/logo\/image\/"},"sameAs":["https:\/\/www.facebook.com\/luxonomy","https:\/\/www.instagram.com\/luxonomy\/","https:\/\/www.linkedin.com\/company\/luxonomy\/"]},{"@type":"Person","@id":"https:\/\/luxonomy.net\/es\/#\/schema\/person\/84dc303df50a6f7a47c539202bf2008b","name":"Ana C\u00e9spedes","image":{"@type":"ImageObject","inLanguage":"es","@id":"https:\/\/luxonomy.net\/wp-content\/litespeed\/avatar\/21aa9d3d0d804331f41d2f7f9b3ba388.jpg?ver=1787988900","url":"https:\/\/luxonomy.net\/wp-content\/litespeed\/avatar\/21aa9d3d0d804331f41d2f7f9b3ba388.jpg?ver=1787988900","contentUrl":"https:\/\/luxonomy.net\/wp-content\/litespeed\/avatar\/21aa9d3d0d804331f41d2f7f9b3ba388.jpg?ver=1787988900","caption":"Ana C\u00e9spedes"},"description":"Ana C\u00e9spedes. LUXONOMY\u2122 Group. CMO. info@","url":"https:\/\/luxonomy.net\/es\/author\/anacespedes\/"}]}},"jetpack_publicize_connections":[],"jetpack_shortlink":"https:\/\/wp.me\/paPhBa-hUH","jetpack_sharing_enabled":true,"jetpack_featured_media_url":"https:\/\/i0.wp.com\/luxonomy.net\/wp-content\/uploads\/2025\/10\/%E2%80%98The-Loft-De-Brussels-Airlines-Y-Lexus-Reconocido-Por-Septimo-Ano-Consecutivo-Como-El-Mejor-Lounge-De-Aerolineas-En-Europa.jpg?fit=2560%2C1920&ssl=1","_links":{"self":[{"href":"https:\/\/luxonomy.net\/es\/wp-json\/wp\/v2\/posts\/68863","targetHints":{"allow":["GET"]}}],"collection":[{"href":"https:\/\/luxonomy.net\/es\/wp-json\/wp\/v2\/posts"}],"about":[{"href":"https:\/\/luxonomy.net\/es\/wp-json\/wp\/v2\/types\/post"}],"author":[{"embeddable":true,"href":"https:\/\/luxonomy.net\/es\/wp-json\/wp\/v2\/users\/58"}],"replies":[{"embeddable":true,"href":"https:\/\/luxonomy.net\/es\/wp-json\/wp\/v2\/comments?post=68863"}],"version-history":[{"count":3,"href":"https:\/\/luxonomy.net\/es\/wp-json\/wp\/v2\/posts\/68863\/revisions"}],"predecessor-version":[{"id":68869,"href":"https:\/\/luxonomy.net\/es\/wp-json\/wp\/v2\/posts\/68863\/revisions\/68869"}],"wp:featuredmedia":[{"embeddable":true,"href":"https:\/\/luxonomy.net\/es\/wp-json\/wp\/v2\/media\/68864"}],"wp:attachment":[{"href":"https:\/\/luxonomy.net\/es\/wp-json\/wp\/v2\/media?parent=68863"}],"wp:term":[{"taxonomy":"category","embeddable":true,"href":"https:\/\/luxonomy.net\/es\/wp-json\/wp\/v2\/categories?post=68863"},{"taxonomy":"post_tag","embeddable":true,"href":"https:\/\/luxonomy.net\/es\/wp-json\/wp\/v2\/tags?post=68863"},{"taxonomy":"thb-sponsors","embeddable":true,"href":"https:\/\/luxonomy.net\/es\/wp-json\/wp\/v2\/thb-sponsors?post=68863"}],"curies":[{"name":"wp","href":"https:\/\/api.w.org\/{rel}","templated":true}]}}