{"id":68811,"date":"2025-10-19T13:56:58","date_gmt":"2025-10-19T11:56:58","guid":{"rendered":"https:\/\/luxonomy.net\/?p=68811"},"modified":"2025-10-19T13:57:09","modified_gmt":"2025-10-19T11:57:09","slug":"kering-ultima-la-venta-de-su-division-de-belleza-a-loreal-por-4-000-millones-de-dolares","status":"publish","type":"post","link":"https:\/\/luxonomy.net\/es\/kering-ultima-la-venta-de-su-division-de-belleza-a-loreal-por-4-000-millones-de-dolares\/","title":{"rendered":"Kering ultima la venta de su divisi\u00f3n de belleza a L\u2019Or\u00e9al por 4.000 millones de d\u00f3lares"},"content":{"rendered":"\n<p class=\"wp-block-paragraph\">El grupo franc\u00e9s de lujo <strong>Kering<\/strong> se encuentra en la fase final de las negociaciones para vender su <strong>divisi\u00f3n de belleza<\/strong> al gigante cosm\u00e9tico <strong>L\u2019Or\u00e9al<\/strong>, en una operaci\u00f3n valorada en aproximadamente <strong>4.000 millones de d\u00f3lares<\/strong> (unos 4.000 millones de euros), seg\u00fan fuentes cercanas al proceso.<\/p>\n\n\n\n<p class=\"wp-block-paragraph\">La transacci\u00f3n incluir\u00eda la prestigiosa marca de perfumes <strong>Creed<\/strong>, adquirida por Kering en 2023, y los derechos para desarrollar l\u00edneas de belleza asociadas a sus casas de moda <strong>Balenciaga<\/strong>, <strong>Alexander McQueen<\/strong> y <strong>Bottega Veneta<\/strong>.<\/p>\n\n\n\n<p class=\"wp-block-paragraph\">La venta se enmarca en la nueva estrategia del grupo, liderada por el reci\u00e9n nombrado CEO <strong>Luca de Meo<\/strong>, centrada en <strong>reducir deuda<\/strong>, <strong>fortalecer liquidez<\/strong> y <strong>reorientar prioridades<\/strong> hacia los segmentos m\u00e1s rentables del portafolio. Kering arrastra una deuda neta estimada de <strong>9.500 millones de euros<\/strong>, y los inversores han mostrado preocupaci\u00f3n ante la ralentizaci\u00f3n de las ventas en firmas clave como Gucci.<\/p><div id=\"luxon-1446731363\" class=\"luxon-3er-parrafo luxon-entity-placement\" style=\"margin-top: 20px;margin-bottom: 20px;margin-left: auto;margin-right: auto;text-align: center;\"><a href=\"https:\/\/luxonomy.university\/course\/master-turismo-de-lujo\" target=\"_blank\" aria-label=\"master-turismo-lujo-2026-2027\"><img loading=\"lazy\" decoding=\"async\" src=\"https:\/\/i0.wp.com\/luxonomy.net\/wp-content\/uploads\/2020\/07\/master-turismo-lujo-2026-2027.jpg?fit=1672%2C941&#038;ssl=1\" alt=\"\"  srcset=\"https:\/\/i0.wp.com\/luxonomy.net\/wp-content\/uploads\/2020\/07\/master-turismo-lujo-2026-2027.jpg?w=1672&ssl=1 1672w, https:\/\/i0.wp.com\/luxonomy.net\/wp-content\/uploads\/2020\/07\/master-turismo-lujo-2026-2027.jpg?resize=300%2C169&ssl=1 300w, https:\/\/i0.wp.com\/luxonomy.net\/wp-content\/uploads\/2020\/07\/master-turismo-lujo-2026-2027.jpg?resize=1024%2C576&ssl=1 1024w, https:\/\/i0.wp.com\/luxonomy.net\/wp-content\/uploads\/2020\/07\/master-turismo-lujo-2026-2027.jpg?resize=768%2C432&ssl=1 768w, https:\/\/i0.wp.com\/luxonomy.net\/wp-content\/uploads\/2020\/07\/master-turismo-lujo-2026-2027.jpg?resize=1536%2C864&ssl=1 1536w, https:\/\/i0.wp.com\/luxonomy.net\/wp-content\/uploads\/2020\/07\/master-turismo-lujo-2026-2027.jpg?resize=370%2C208&ssl=1 370w, https:\/\/i0.wp.com\/luxonomy.net\/wp-content\/uploads\/2020\/07\/master-turismo-lujo-2026-2027.jpg?resize=800%2C450&ssl=1 800w, https:\/\/i0.wp.com\/luxonomy.net\/wp-content\/uploads\/2020\/07\/master-turismo-lujo-2026-2027.jpg?resize=20%2C11&ssl=1 20w, https:\/\/i0.wp.com\/luxonomy.net\/wp-content\/uploads\/2020\/07\/master-turismo-lujo-2026-2027.jpg?resize=740%2C416&ssl=1 740w, https:\/\/i0.wp.com\/luxonomy.net\/wp-content\/uploads\/2020\/07\/master-turismo-lujo-2026-2027.jpg?resize=1600%2C900&ssl=1 1600w, https:\/\/i0.wp.com\/luxonomy.net\/wp-content\/uploads\/2020\/07\/master-turismo-lujo-2026-2027.jpg?resize=1200%2C675&ssl=1 1200w, https:\/\/i0.wp.com\/luxonomy.net\/wp-content\/uploads\/2020\/07\/master-turismo-lujo-2026-2027.jpg?resize=85%2C48&ssl=1 85w\" sizes=\"(max-width: 1170px) 100vw, 1170px\" class=\"no-lazyload\" width=\"1672\" height=\"941\"   \/><\/a><\/div>\n\n\n\n<p class=\"wp-block-paragraph\">El negocio de belleza, creado en 2023, pretend\u00eda consolidar una presencia directa en el sector cosm\u00e9tico, tradicionalmente gestionado a trav\u00e9s de licencias. Sin embargo, los resultados iniciales no alcanzaron las expectativas. Con esta venta, Kering parece inclinarse hacia un modelo m\u00e1s \u00e1gil, centrado en moda, accesorios y joyer\u00eda, donde hist\u00f3ricamente ha liderado.<\/p>\n\n\n\n<p class=\"wp-block-paragraph\">Para <strong>L\u2019Or\u00e9al<\/strong>, el acuerdo supondr\u00eda un salto cualitativo en su posicionamiento dentro del <strong>lujo ultra-premium<\/strong>, reforzando su portafolio con marcas de alto valor simb\u00f3lico y narrativas de herencia \u00fanicas. Este movimiento refuerza una tendencia global: la <strong>belleza de lujo evoluciona desde el producto hacia la experiencia sensorial y emocional<\/strong>, donde el storytelling es tan relevante como la f\u00f3rmula del cosm\u00e9tico.<\/p>\n\n\n\n<blockquote class=\"wp-block-quote is-layout-flow wp-block-quote-is-layout-flow\">\n<p class=\"wp-block-paragraph\">\u201cLa operaci\u00f3n refuerza la idea de que las casas de belleza buscan autenticidad y exclusividad, mientras las marcas de moda priorizan el foco en su ADN y rentabilidad\u201d, se\u00f1ala LUXONOMY.<\/p>\n<\/blockquote>\n\n\n\n<p class=\"wp-block-paragraph\"><strong>Implicaciones sectoriales:<\/strong><\/p>\n\n\n\n<ul class=\"wp-block-list\">\n<li><strong>Para Kering:<\/strong> liquidez inmediata, reducci\u00f3n de deuda y simplificaci\u00f3n de su estructura empresarial.<\/li>\n\n\n\n<li><strong>Para L\u2019Or\u00e9al:<\/strong> expansi\u00f3n en el segmento de lujo extremo, con sinergias de distribuci\u00f3n global.<\/li>\n\n\n\n<li><strong>Para el mercado:<\/strong> inicio de una nueva etapa de consolidaci\u00f3n en la industria de la belleza de alta gama.<\/li>\n<\/ul>\n\n\n\n<p class=\"wp-block-paragraph\">Si el acuerdo se concreta, marcar\u00e1 una de las operaciones m\u00e1s relevantes del a\u00f1o dentro del universo del lujo europeo y redefinir\u00e1 las fronteras entre los gigantes de la moda y la cosm\u00e9tica.<\/p><div id=\"luxon-1513337009\" class=\"luxon-7-parrafo luxon-entity-placement\" style=\"margin-top: 20px;margin-bottom: 20px;margin-left: auto;margin-right: auto;text-align: center;\"><a href=\"https:\/\/theintelligence.institute\/course\/inteligencia-artificial-para-directivos\" target=\"_blank\" aria-label=\"CSIAD_empresas_THEI_horizontal_4x3_v5\"><img loading=\"lazy\" decoding=\"async\" src=\"https:\/\/i0.wp.com\/luxonomy.net\/wp-content\/uploads\/2025\/08\/CSIAD_empresas_THEI_horizontal_4x3_v5.png?fit=2000%2C1500&#038;ssl=1\" alt=\"\"  srcset=\"https:\/\/i0.wp.com\/luxonomy.net\/wp-content\/uploads\/2025\/08\/CSIAD_empresas_THEI_horizontal_4x3_v5.png?w=2000&ssl=1 2000w, https:\/\/i0.wp.com\/luxonomy.net\/wp-content\/uploads\/2025\/08\/CSIAD_empresas_THEI_horizontal_4x3_v5.png?resize=300%2C225&ssl=1 300w, https:\/\/i0.wp.com\/luxonomy.net\/wp-content\/uploads\/2025\/08\/CSIAD_empresas_THEI_horizontal_4x3_v5.png?resize=1024%2C768&ssl=1 1024w, https:\/\/i0.wp.com\/luxonomy.net\/wp-content\/uploads\/2025\/08\/CSIAD_empresas_THEI_horizontal_4x3_v5.png?resize=768%2C576&ssl=1 768w, https:\/\/i0.wp.com\/luxonomy.net\/wp-content\/uploads\/2025\/08\/CSIAD_empresas_THEI_horizontal_4x3_v5.png?resize=1536%2C1152&ssl=1 1536w, https:\/\/i0.wp.com\/luxonomy.net\/wp-content\/uploads\/2025\/08\/CSIAD_empresas_THEI_horizontal_4x3_v5.png?resize=370%2C278&ssl=1 370w, https:\/\/i0.wp.com\/luxonomy.net\/wp-content\/uploads\/2025\/08\/CSIAD_empresas_THEI_horizontal_4x3_v5.png?resize=800%2C600&ssl=1 800w, https:\/\/i0.wp.com\/luxonomy.net\/wp-content\/uploads\/2025\/08\/CSIAD_empresas_THEI_horizontal_4x3_v5.png?resize=20%2C15&ssl=1 20w, https:\/\/i0.wp.com\/luxonomy.net\/wp-content\/uploads\/2025\/08\/CSIAD_empresas_THEI_horizontal_4x3_v5.png?resize=740%2C555&ssl=1 740w, https:\/\/i0.wp.com\/luxonomy.net\/wp-content\/uploads\/2025\/08\/CSIAD_empresas_THEI_horizontal_4x3_v5.png?resize=1600%2C1200&ssl=1 1600w, https:\/\/i0.wp.com\/luxonomy.net\/wp-content\/uploads\/2025\/08\/CSIAD_empresas_THEI_horizontal_4x3_v5.png?resize=1200%2C900&ssl=1 1200w, https:\/\/i0.wp.com\/luxonomy.net\/wp-content\/uploads\/2025\/08\/CSIAD_empresas_THEI_horizontal_4x3_v5.png?resize=64%2C48&ssl=1 64w\" sizes=\"(max-width: 1170px) 100vw, 1170px\" class=\"no-lazyload\" width=\"2000\" height=\"1500\"   \/><\/a><\/div>\n\n\n","protected":false},"excerpt":{"rendered":"<p>Kering ultima la venta de su divisi\u00f3n de belleza a L\u2019Or\u00e9al por 4.000 millones de d\u00f3lares.<br \/>\nSi el acuerdo se concreta, marcar\u00e1 una de las operaciones m\u00e1s relevantes del a\u00f1o dentro del universo del lujo europeo y redefinir\u00e1 las fronteras entre los gigantes de la moda y la cosm\u00e9tica.<\/p>\n","protected":false},"author":11,"featured_media":68812,"comment_status":"open","ping_status":"open","sticky":false,"template":"","format":"standard","meta":{"_jetpack_newsletter_access":"","_jetpack_dont_email_post_to_subs":false,"_jetpack_newsletter_tier_id":0,"_jetpack_memberships_contains_paywalled_content":false,"_jetpack_feature_clip_id":0,"_jetpack_memberships_contains_paid_content":false,"footnotes":"","jetpack_publicize_message":"Kering ultima la venta de su divisi\u00f3n de belleza a L\u2019Or\u00e9al por 4.000 millones de d\u00f3lares.\nSi el acuerdo se concreta, marcar\u00e1 una de las operaciones m\u00e1s relevantes del a\u00f1o dentro del universo del lujo europeo y redefinir\u00e1 las fronteras entre los gigantes de la moda y la cosm\u00e9tica.","jetpack_publicize_feature_enabled":true,"jetpack_social_post_already_shared":true,"jetpack_social_options":{"image_generator_settings":{"template":"edge","default_image_id":0,"font":"","enabled":false},"version":2},"jetpack_post_was_ever_published":false},"categories":[17,1128],"tags":[552,887,886],"thb-sponsors":[],"class_list":["post-68811","post","type-post","status-publish","format-standard","has-post-thumbnail","hentry","category-belleza","category-economia","tag-economia","tag-kering","tag-loreal"],"yoast_head":"<!-- This site is optimized with the Yoast SEO plugin v28.4 - https:\/\/yoast.com\/product\/yoast-seo-wordpress\/ -->\n<title>Kering ultima la venta de su divisi\u00f3n de belleza a L\u2019Or\u00e9al por 4.000 millones de d\u00f3lares | LUXONOMY<\/title>\n<meta name=\"robots\" content=\"index, follow, max-snippet:-1, max-image-preview:large, max-video-preview:-1\" \/>\n<link rel=\"canonical\" href=\"https:\/\/luxonomy.net\/es\/kering-ultima-la-venta-de-su-division-de-belleza-a-loreal-por-4-000-millones-de-dolares\/\" \/>\n<meta property=\"og:locale\" content=\"es_ES\" \/>\n<meta property=\"og:type\" content=\"article\" \/>\n<meta property=\"og:title\" content=\"Kering ultima la venta de su divisi\u00f3n de belleza a L\u2019Or\u00e9al por 4.000 millones de d\u00f3lares | LUXONOMY\" \/>\n<meta property=\"og:description\" content=\"Kering ultima la venta de su divisi\u00f3n de belleza a L\u2019Or\u00e9al por 4.000 millones de d\u00f3lares. Si el acuerdo se concreta, marcar\u00e1 una de las operaciones m\u00e1s relevantes del a\u00f1o dentro del universo del lujo europeo y redefinir\u00e1 las fronteras entre los gigantes de la moda y la cosm\u00e9tica.\" \/>\n<meta property=\"og:url\" content=\"https:\/\/luxonomy.net\/es\/kering-ultima-la-venta-de-su-division-de-belleza-a-loreal-por-4-000-millones-de-dolares\/\" \/>\n<meta property=\"og:site_name\" content=\"LUXONOMY\" \/>\n<meta property=\"article:publisher\" content=\"https:\/\/www.facebook.com\/luxonomy\" \/>\n<meta property=\"article:published_time\" content=\"2025-10-19T11:56:58+00:00\" \/>\n<meta property=\"article:modified_time\" content=\"2025-10-19T11:57:09+00:00\" \/>\n<meta property=\"og:image\" content=\"https:\/\/luxonomy.net\/wp-content\/uploads\/2025\/10\/loreal.webp\" \/>\n\t<meta property=\"og:image:width\" content=\"1444\" \/>\n\t<meta property=\"og:image:height\" content=\"920\" \/>\n\t<meta property=\"og:image:type\" content=\"image\/webp\" \/>\n<meta name=\"author\" content=\"Kristi Ellis\" \/>\n<meta name=\"twitter:card\" content=\"summary_large_image\" \/>\n<meta name=\"twitter:label1\" content=\"Escrito por\" \/>\n\t<meta name=\"twitter:data1\" content=\"Kristi Ellis\" \/>\n\t<meta name=\"twitter:label2\" content=\"Tiempo de lectura\" \/>\n\t<meta name=\"twitter:data2\" content=\"2 minutos\" \/>\n<script type=\"application\/ld+json\" class=\"yoast-schema-graph\">{\"@context\":\"https:\\\/\\\/schema.org\",\"@graph\":[{\"@type\":\"Article\",\"@id\":\"https:\\\/\\\/luxonomy.net\\\/es\\\/kering-ultima-la-venta-de-su-division-de-belleza-a-loreal-por-4-000-millones-de-dolares\\\/#article\",\"isPartOf\":{\"@id\":\"https:\\\/\\\/luxonomy.net\\\/es\\\/kering-ultima-la-venta-de-su-division-de-belleza-a-loreal-por-4-000-millones-de-dolares\\\/\"},\"author\":{\"name\":\"Kristi Ellis\",\"@id\":\"https:\\\/\\\/luxonomy.net\\\/es\\\/#\\\/schema\\\/person\\\/1a813e5ec518f582af236d6344aa6c01\"},\"headline\":\"Kering ultima la venta de su divisi\u00f3n de belleza a L\u2019Or\u00e9al por 4.000 millones de d\u00f3lares\",\"datePublished\":\"2025-10-19T11:56:58+00:00\",\"dateModified\":\"2025-10-19T11:57:09+00:00\",\"mainEntityOfPage\":{\"@id\":\"https:\\\/\\\/luxonomy.net\\\/es\\\/kering-ultima-la-venta-de-su-division-de-belleza-a-loreal-por-4-000-millones-de-dolares\\\/\"},\"wordCount\":418,\"commentCount\":0,\"publisher\":{\"@id\":\"https:\\\/\\\/luxonomy.net\\\/es\\\/#organization\"},\"image\":{\"@id\":\"https:\\\/\\\/luxonomy.net\\\/es\\\/kering-ultima-la-venta-de-su-division-de-belleza-a-loreal-por-4-000-millones-de-dolares\\\/#primaryimage\"},\"thumbnailUrl\":\"https:\\\/\\\/i0.wp.com\\\/luxonomy.net\\\/wp-content\\\/uploads\\\/2025\\\/10\\\/loreal.webp?fit=1444%2C920&ssl=1\",\"keywords\":[\"econom\u00eda\",\"kering\",\"L'Or\u00e9al\"],\"articleSection\":[\"Belleza\",\"Econom\u00eda\"],\"inLanguage\":\"es\",\"potentialAction\":[{\"@type\":\"CommentAction\",\"name\":\"Comment\",\"target\":[\"https:\\\/\\\/luxonomy.net\\\/es\\\/kering-ultima-la-venta-de-su-division-de-belleza-a-loreal-por-4-000-millones-de-dolares\\\/#respond\"]}]},{\"@type\":\"WebPage\",\"@id\":\"https:\\\/\\\/luxonomy.net\\\/es\\\/kering-ultima-la-venta-de-su-division-de-belleza-a-loreal-por-4-000-millones-de-dolares\\\/\",\"url\":\"https:\\\/\\\/luxonomy.net\\\/es\\\/kering-ultima-la-venta-de-su-division-de-belleza-a-loreal-por-4-000-millones-de-dolares\\\/\",\"name\":\"Kering ultima la venta de su divisi\u00f3n de belleza a L\u2019Or\u00e9al por 4.000 millones de d\u00f3lares | LUXONOMY\",\"isPartOf\":{\"@id\":\"https:\\\/\\\/luxonomy.net\\\/es\\\/#website\"},\"primaryImageOfPage\":{\"@id\":\"https:\\\/\\\/luxonomy.net\\\/es\\\/kering-ultima-la-venta-de-su-division-de-belleza-a-loreal-por-4-000-millones-de-dolares\\\/#primaryimage\"},\"image\":{\"@id\":\"https:\\\/\\\/luxonomy.net\\\/es\\\/kering-ultima-la-venta-de-su-division-de-belleza-a-loreal-por-4-000-millones-de-dolares\\\/#primaryimage\"},\"thumbnailUrl\":\"https:\\\/\\\/i0.wp.com\\\/luxonomy.net\\\/wp-content\\\/uploads\\\/2025\\\/10\\\/loreal.webp?fit=1444%2C920&ssl=1\",\"datePublished\":\"2025-10-19T11:56:58+00:00\",\"dateModified\":\"2025-10-19T11:57:09+00:00\",\"breadcrumb\":{\"@id\":\"https:\\\/\\\/luxonomy.net\\\/es\\\/kering-ultima-la-venta-de-su-division-de-belleza-a-loreal-por-4-000-millones-de-dolares\\\/#breadcrumb\"},\"inLanguage\":\"es\",\"potentialAction\":[{\"@type\":\"ReadAction\",\"target\":[\"https:\\\/\\\/luxonomy.net\\\/es\\\/kering-ultima-la-venta-de-su-division-de-belleza-a-loreal-por-4-000-millones-de-dolares\\\/\"]}]},{\"@type\":\"ImageObject\",\"inLanguage\":\"es\",\"@id\":\"https:\\\/\\\/luxonomy.net\\\/es\\\/kering-ultima-la-venta-de-su-division-de-belleza-a-loreal-por-4-000-millones-de-dolares\\\/#primaryimage\",\"url\":\"https:\\\/\\\/i0.wp.com\\\/luxonomy.net\\\/wp-content\\\/uploads\\\/2025\\\/10\\\/loreal.webp?fit=1444%2C920&ssl=1\",\"contentUrl\":\"https:\\\/\\\/i0.wp.com\\\/luxonomy.net\\\/wp-content\\\/uploads\\\/2025\\\/10\\\/loreal.webp?fit=1444%2C920&ssl=1\",\"width\":1444,\"height\":920},{\"@type\":\"BreadcrumbList\",\"@id\":\"https:\\\/\\\/luxonomy.net\\\/es\\\/kering-ultima-la-venta-de-su-division-de-belleza-a-loreal-por-4-000-millones-de-dolares\\\/#breadcrumb\",\"itemListElement\":[{\"@type\":\"ListItem\",\"position\":1,\"name\":\"Portada\",\"item\":\"https:\\\/\\\/luxonomy.net\\\/es\\\/\"},{\"@type\":\"ListItem\",\"position\":2,\"name\":\"Kering ultima la venta de su divisi\u00f3n de belleza a L\u2019Or\u00e9al por 4.000 millones de d\u00f3lares\"}]},{\"@type\":\"WebSite\",\"@id\":\"https:\\\/\\\/luxonomy.net\\\/es\\\/#website\",\"url\":\"https:\\\/\\\/luxonomy.net\\\/es\\\/\",\"name\":\"LUXONOMY\",\"description\":\"The Economy of Fashion &amp; Luxury\",\"publisher\":{\"@id\":\"https:\\\/\\\/luxonomy.net\\\/es\\\/#organization\"},\"potentialAction\":[{\"@type\":\"SearchAction\",\"target\":{\"@type\":\"EntryPoint\",\"urlTemplate\":\"https:\\\/\\\/luxonomy.net\\\/es\\\/?s={search_term_string}\"},\"query-input\":{\"@type\":\"PropertyValueSpecification\",\"valueRequired\":true,\"valueName\":\"search_term_string\"}}],\"inLanguage\":\"es\"},{\"@type\":\"Organization\",\"@id\":\"https:\\\/\\\/luxonomy.net\\\/es\\\/#organization\",\"name\":\"LUXONOMY\",\"url\":\"https:\\\/\\\/luxonomy.net\\\/es\\\/\",\"logo\":{\"@type\":\"ImageObject\",\"inLanguage\":\"es\",\"@id\":\"https:\\\/\\\/luxonomy.net\\\/es\\\/#\\\/schema\\\/logo\\\/image\\\/\",\"url\":\"https:\\\/\\\/i2.wp.com\\\/luxonomy.net\\\/wp-content\\\/uploads\\\/2021\\\/09\\\/MOCKUP-TODOS-LUXONOMY.jpg?fit=1000%2C515&ssl=1\",\"contentUrl\":\"https:\\\/\\\/i2.wp.com\\\/luxonomy.net\\\/wp-content\\\/uploads\\\/2021\\\/09\\\/MOCKUP-TODOS-LUXONOMY.jpg?fit=1000%2C515&ssl=1\",\"width\":1000,\"height\":515,\"caption\":\"LUXONOMY\"},\"image\":{\"@id\":\"https:\\\/\\\/luxonomy.net\\\/es\\\/#\\\/schema\\\/logo\\\/image\\\/\"},\"sameAs\":[\"https:\\\/\\\/www.facebook.com\\\/luxonomy\",\"https:\\\/\\\/www.instagram.com\\\/luxonomy\\\/\",\"https:\\\/\\\/www.linkedin.com\\\/company\\\/luxonomy\\\/\"]},{\"@type\":\"Person\",\"@id\":\"https:\\\/\\\/luxonomy.net\\\/es\\\/#\\\/schema\\\/person\\\/1a813e5ec518f582af236d6344aa6c01\",\"name\":\"Kristi Ellis\",\"image\":{\"@type\":\"ImageObject\",\"inLanguage\":\"es\",\"@id\":\"https:\\\/\\\/luxonomy.net\\\/wp-content\\\/litespeed\\\/avatar\\\/ae0c58256b980352bba3c97a8f9abe32.jpg?ver=1787975034\",\"url\":\"https:\\\/\\\/luxonomy.net\\\/wp-content\\\/litespeed\\\/avatar\\\/ae0c58256b980352bba3c97a8f9abe32.jpg?ver=1787975034\",\"contentUrl\":\"https:\\\/\\\/luxonomy.net\\\/wp-content\\\/litespeed\\\/avatar\\\/ae0c58256b980352bba3c97a8f9abe32.jpg?ver=1787975034\",\"caption\":\"Kristi Ellis\"},\"url\":\"https:\\\/\\\/luxonomy.net\\\/es\\\/author\\\/kristi-ellis\\\/\"}]}<\/script>\n<!-- \/ Yoast SEO plugin. -->","yoast_head_json":{"title":"Kering ultima la venta de su divisi\u00f3n de belleza a L\u2019Or\u00e9al por 4.000 millones de d\u00f3lares | LUXONOMY","robots":{"index":"index","follow":"follow","max-snippet":"max-snippet:-1","max-image-preview":"max-image-preview:large","max-video-preview":"max-video-preview:-1"},"canonical":"https:\/\/luxonomy.net\/es\/kering-ultima-la-venta-de-su-division-de-belleza-a-loreal-por-4-000-millones-de-dolares\/","og_locale":"es_ES","og_type":"article","og_title":"Kering ultima la venta de su divisi\u00f3n de belleza a L\u2019Or\u00e9al por 4.000 millones de d\u00f3lares | LUXONOMY","og_description":"Kering ultima la venta de su divisi\u00f3n de belleza a L\u2019Or\u00e9al por 4.000 millones de d\u00f3lares. Si el acuerdo se concreta, marcar\u00e1 una de las operaciones m\u00e1s relevantes del a\u00f1o dentro del universo del lujo europeo y redefinir\u00e1 las fronteras entre los gigantes de la moda y la cosm\u00e9tica.","og_url":"https:\/\/luxonomy.net\/es\/kering-ultima-la-venta-de-su-division-de-belleza-a-loreal-por-4-000-millones-de-dolares\/","og_site_name":"LUXONOMY","article_publisher":"https:\/\/www.facebook.com\/luxonomy","article_published_time":"2025-10-19T11:56:58+00:00","article_modified_time":"2025-10-19T11:57:09+00:00","og_image":[{"width":1444,"height":920,"url":"https:\/\/luxonomy.net\/wp-content\/uploads\/2025\/10\/loreal.webp","type":"image\/webp"}],"author":"Kristi Ellis","twitter_card":"summary_large_image","twitter_misc":{"Escrito por":"Kristi Ellis","Tiempo de lectura":"2 minutos"},"schema":{"@context":"https:\/\/schema.org","@graph":[{"@type":"Article","@id":"https:\/\/luxonomy.net\/es\/kering-ultima-la-venta-de-su-division-de-belleza-a-loreal-por-4-000-millones-de-dolares\/#article","isPartOf":{"@id":"https:\/\/luxonomy.net\/es\/kering-ultima-la-venta-de-su-division-de-belleza-a-loreal-por-4-000-millones-de-dolares\/"},"author":{"name":"Kristi Ellis","@id":"https:\/\/luxonomy.net\/es\/#\/schema\/person\/1a813e5ec518f582af236d6344aa6c01"},"headline":"Kering ultima la venta de su divisi\u00f3n de belleza a L\u2019Or\u00e9al por 4.000 millones de d\u00f3lares","datePublished":"2025-10-19T11:56:58+00:00","dateModified":"2025-10-19T11:57:09+00:00","mainEntityOfPage":{"@id":"https:\/\/luxonomy.net\/es\/kering-ultima-la-venta-de-su-division-de-belleza-a-loreal-por-4-000-millones-de-dolares\/"},"wordCount":418,"commentCount":0,"publisher":{"@id":"https:\/\/luxonomy.net\/es\/#organization"},"image":{"@id":"https:\/\/luxonomy.net\/es\/kering-ultima-la-venta-de-su-division-de-belleza-a-loreal-por-4-000-millones-de-dolares\/#primaryimage"},"thumbnailUrl":"https:\/\/i0.wp.com\/luxonomy.net\/wp-content\/uploads\/2025\/10\/loreal.webp?fit=1444%2C920&ssl=1","keywords":["econom\u00eda","kering","L'Or\u00e9al"],"articleSection":["Belleza","Econom\u00eda"],"inLanguage":"es","potentialAction":[{"@type":"CommentAction","name":"Comment","target":["https:\/\/luxonomy.net\/es\/kering-ultima-la-venta-de-su-division-de-belleza-a-loreal-por-4-000-millones-de-dolares\/#respond"]}]},{"@type":"WebPage","@id":"https:\/\/luxonomy.net\/es\/kering-ultima-la-venta-de-su-division-de-belleza-a-loreal-por-4-000-millones-de-dolares\/","url":"https:\/\/luxonomy.net\/es\/kering-ultima-la-venta-de-su-division-de-belleza-a-loreal-por-4-000-millones-de-dolares\/","name":"Kering ultima la venta de su divisi\u00f3n de belleza a L\u2019Or\u00e9al por 4.000 millones de d\u00f3lares | LUXONOMY","isPartOf":{"@id":"https:\/\/luxonomy.net\/es\/#website"},"primaryImageOfPage":{"@id":"https:\/\/luxonomy.net\/es\/kering-ultima-la-venta-de-su-division-de-belleza-a-loreal-por-4-000-millones-de-dolares\/#primaryimage"},"image":{"@id":"https:\/\/luxonomy.net\/es\/kering-ultima-la-venta-de-su-division-de-belleza-a-loreal-por-4-000-millones-de-dolares\/#primaryimage"},"thumbnailUrl":"https:\/\/i0.wp.com\/luxonomy.net\/wp-content\/uploads\/2025\/10\/loreal.webp?fit=1444%2C920&ssl=1","datePublished":"2025-10-19T11:56:58+00:00","dateModified":"2025-10-19T11:57:09+00:00","breadcrumb":{"@id":"https:\/\/luxonomy.net\/es\/kering-ultima-la-venta-de-su-division-de-belleza-a-loreal-por-4-000-millones-de-dolares\/#breadcrumb"},"inLanguage":"es","potentialAction":[{"@type":"ReadAction","target":["https:\/\/luxonomy.net\/es\/kering-ultima-la-venta-de-su-division-de-belleza-a-loreal-por-4-000-millones-de-dolares\/"]}]},{"@type":"ImageObject","inLanguage":"es","@id":"https:\/\/luxonomy.net\/es\/kering-ultima-la-venta-de-su-division-de-belleza-a-loreal-por-4-000-millones-de-dolares\/#primaryimage","url":"https:\/\/i0.wp.com\/luxonomy.net\/wp-content\/uploads\/2025\/10\/loreal.webp?fit=1444%2C920&ssl=1","contentUrl":"https:\/\/i0.wp.com\/luxonomy.net\/wp-content\/uploads\/2025\/10\/loreal.webp?fit=1444%2C920&ssl=1","width":1444,"height":920},{"@type":"BreadcrumbList","@id":"https:\/\/luxonomy.net\/es\/kering-ultima-la-venta-de-su-division-de-belleza-a-loreal-por-4-000-millones-de-dolares\/#breadcrumb","itemListElement":[{"@type":"ListItem","position":1,"name":"Portada","item":"https:\/\/luxonomy.net\/es\/"},{"@type":"ListItem","position":2,"name":"Kering ultima la venta de su divisi\u00f3n de belleza a L\u2019Or\u00e9al por 4.000 millones de d\u00f3lares"}]},{"@type":"WebSite","@id":"https:\/\/luxonomy.net\/es\/#website","url":"https:\/\/luxonomy.net\/es\/","name":"LUXONOMY","description":"The Economy of Fashion &amp; Luxury","publisher":{"@id":"https:\/\/luxonomy.net\/es\/#organization"},"potentialAction":[{"@type":"SearchAction","target":{"@type":"EntryPoint","urlTemplate":"https:\/\/luxonomy.net\/es\/?s={search_term_string}"},"query-input":{"@type":"PropertyValueSpecification","valueRequired":true,"valueName":"search_term_string"}}],"inLanguage":"es"},{"@type":"Organization","@id":"https:\/\/luxonomy.net\/es\/#organization","name":"LUXONOMY","url":"https:\/\/luxonomy.net\/es\/","logo":{"@type":"ImageObject","inLanguage":"es","@id":"https:\/\/luxonomy.net\/es\/#\/schema\/logo\/image\/","url":"https:\/\/i2.wp.com\/luxonomy.net\/wp-content\/uploads\/2021\/09\/MOCKUP-TODOS-LUXONOMY.jpg?fit=1000%2C515&ssl=1","contentUrl":"https:\/\/i2.wp.com\/luxonomy.net\/wp-content\/uploads\/2021\/09\/MOCKUP-TODOS-LUXONOMY.jpg?fit=1000%2C515&ssl=1","width":1000,"height":515,"caption":"LUXONOMY"},"image":{"@id":"https:\/\/luxonomy.net\/es\/#\/schema\/logo\/image\/"},"sameAs":["https:\/\/www.facebook.com\/luxonomy","https:\/\/www.instagram.com\/luxonomy\/","https:\/\/www.linkedin.com\/company\/luxonomy\/"]},{"@type":"Person","@id":"https:\/\/luxonomy.net\/es\/#\/schema\/person\/1a813e5ec518f582af236d6344aa6c01","name":"Kristi Ellis","image":{"@type":"ImageObject","inLanguage":"es","@id":"https:\/\/luxonomy.net\/wp-content\/litespeed\/avatar\/ae0c58256b980352bba3c97a8f9abe32.jpg?ver=1787975034","url":"https:\/\/luxonomy.net\/wp-content\/litespeed\/avatar\/ae0c58256b980352bba3c97a8f9abe32.jpg?ver=1787975034","contentUrl":"https:\/\/luxonomy.net\/wp-content\/litespeed\/avatar\/ae0c58256b980352bba3c97a8f9abe32.jpg?ver=1787975034","caption":"Kristi Ellis"},"url":"https:\/\/luxonomy.net\/es\/author\/kristi-ellis\/"}]}},"jetpack_publicize_connections":[],"jetpack_shortlink":"https:\/\/wp.me\/paPhBa-hTR","jetpack_sharing_enabled":true,"jetpack_featured_media_url":"https:\/\/i0.wp.com\/luxonomy.net\/wp-content\/uploads\/2025\/10\/loreal.webp?fit=1444%2C920&ssl=1","_links":{"self":[{"href":"https:\/\/luxonomy.net\/es\/wp-json\/wp\/v2\/posts\/68811","targetHints":{"allow":["GET"]}}],"collection":[{"href":"https:\/\/luxonomy.net\/es\/wp-json\/wp\/v2\/posts"}],"about":[{"href":"https:\/\/luxonomy.net\/es\/wp-json\/wp\/v2\/types\/post"}],"author":[{"embeddable":true,"href":"https:\/\/luxonomy.net\/es\/wp-json\/wp\/v2\/users\/11"}],"replies":[{"embeddable":true,"href":"https:\/\/luxonomy.net\/es\/wp-json\/wp\/v2\/comments?post=68811"}],"version-history":[{"count":1,"href":"https:\/\/luxonomy.net\/es\/wp-json\/wp\/v2\/posts\/68811\/revisions"}],"predecessor-version":[{"id":68814,"href":"https:\/\/luxonomy.net\/es\/wp-json\/wp\/v2\/posts\/68811\/revisions\/68814"}],"wp:featuredmedia":[{"embeddable":true,"href":"https:\/\/luxonomy.net\/es\/wp-json\/wp\/v2\/media\/68812"}],"wp:attachment":[{"href":"https:\/\/luxonomy.net\/es\/wp-json\/wp\/v2\/media?parent=68811"}],"wp:term":[{"taxonomy":"category","embeddable":true,"href":"https:\/\/luxonomy.net\/es\/wp-json\/wp\/v2\/categories?post=68811"},{"taxonomy":"post_tag","embeddable":true,"href":"https:\/\/luxonomy.net\/es\/wp-json\/wp\/v2\/tags?post=68811"},{"taxonomy":"thb-sponsors","embeddable":true,"href":"https:\/\/luxonomy.net\/es\/wp-json\/wp\/v2\/thb-sponsors?post=68811"}],"curies":[{"name":"wp","href":"https:\/\/api.w.org\/{rel}","templated":true}]}}