{"id":68337,"date":"2025-09-29T11:35:30","date_gmt":"2025-09-29T09:35:30","guid":{"rendered":"https:\/\/luxonomy.net\/?p=68337"},"modified":"2025-09-29T11:44:29","modified_gmt":"2025-09-29T09:44:29","slug":"loro-piana-celebra-el-color-para-la-coleccion-primavera-verano-2026-en-el-palazzo-citterio","status":"publish","type":"post","link":"https:\/\/luxonomy.net\/es\/loro-piana-celebra-el-color-para-la-coleccion-primavera-verano-2026-en-el-palazzo-citterio\/","title":{"rendered":"Loro Piana celebra el color para la colecci\u00f3n Primavera\/Verano 2026 en el Palazzo Citterio"},"content":{"rendered":"\n<section data-slice-type=\"news_content\" data-slice-variation=\"default\">\n<div class=\"flex w-full max-w-full justify-center pt-14 md:pt-18 pb-14 md:pb-18 sm:container-layout-padding\">\n<div class=\"w-full  max-w-full  container-layout-padding lg:max-w-screen-lg pt-14 pb-18 md:py-36 bg-white md:px-0 mx-auto gridLayoutPadding lg:max-w-screen-lg\">\n<div class=\"col-span-full flex flex-col gap-14 last:mb-0 sm:col-start-2 sm:col-end-8 md:col-start-3 md:col-end-11\">\n<div class=\"flex flex-col gap-14 text-left\">\n<section data-slice-type=\"news_content\" data-slice-variation=\"default\">\n<div class=\"flex w-full max-w-full justify-center pt-14 md:pt-18 pb-14 md:pb-18 sm:container-layout-padding\">\n<div class=\"w-full  max-w-full  container-layout-padding lg:max-w-screen-lg pt-14 pb-18 md:py-36 bg-white md:px-0 mx-auto gridLayoutPadding lg:max-w-screen-lg\">\n<div class=\"col-span-full flex flex-col gap-14 last:mb-0 sm:col-start-2 sm:col-end-8 md:col-start-3 md:col-end-11\">\n<div class=\"flex flex-col gap-14 text-left\">\n<div>\n<p class=\"heading3 typo-body-xl group\"><span dir=\"auto\">Loro Piana present\u00f3 su colecci\u00f3n Primavera\/Verano 2026 durante la Semana de la Moda de Mil\u00e1n en el Palazzo Citterio.<\/span><\/p>\n<\/div>\n<div>\n<p class=\"paragraph typo-body-l group pb-5 font-normal sm:font-light\"><span dir=\"auto\">Tras una amplia renovaci\u00f3n, la elegante mansi\u00f3n milanesa del siglo XVIII es ahora un impresionante museo que alberga una notable colecci\u00f3n de arte moderno y contempor\u00e1neo.\u00a0<\/span><\/p>\n<p class=\"paragraph typo-body-l group pb-5 font-normal sm:font-light\"><span dir=\"auto\">Sobre este majestuoso tel\u00f3n de fondo ba\u00f1ado de luz, rodeado de obras maestras de Modigliani, Picasso, Morandi y otros,\u00a0<\/span><span dir=\"auto\">Loro Piana<\/span><span dir=\"auto\">\u00a0orquest\u00f3 un di\u00e1logo armonioso entre arquitectura, arte y moda.\u00a0<\/span><\/p><div id=\"luxon-2012100481\" class=\"luxon-3er-parrafo luxon-entity-placement\" style=\"margin-top: 20px;margin-bottom: 20px;margin-left: auto;margin-right: auto;text-align: center;\"><a href=\"https:\/\/luxonomy.university\/course\/master-turismo-de-lujo\" target=\"_blank\" aria-label=\"master-turismo-lujo-2026-2027\"><img loading=\"lazy\" decoding=\"async\" src=\"https:\/\/i0.wp.com\/luxonomy.net\/wp-content\/uploads\/2020\/07\/master-turismo-lujo-2026-2027.jpg?fit=1672%2C941&#038;ssl=1\" alt=\"\"  srcset=\"https:\/\/i0.wp.com\/luxonomy.net\/wp-content\/uploads\/2020\/07\/master-turismo-lujo-2026-2027.jpg?w=1672&ssl=1 1672w, https:\/\/i0.wp.com\/luxonomy.net\/wp-content\/uploads\/2020\/07\/master-turismo-lujo-2026-2027.jpg?resize=300%2C169&ssl=1 300w, https:\/\/i0.wp.com\/luxonomy.net\/wp-content\/uploads\/2020\/07\/master-turismo-lujo-2026-2027.jpg?resize=1024%2C576&ssl=1 1024w, https:\/\/i0.wp.com\/luxonomy.net\/wp-content\/uploads\/2020\/07\/master-turismo-lujo-2026-2027.jpg?resize=768%2C432&ssl=1 768w, https:\/\/i0.wp.com\/luxonomy.net\/wp-content\/uploads\/2020\/07\/master-turismo-lujo-2026-2027.jpg?resize=1536%2C864&ssl=1 1536w, https:\/\/i0.wp.com\/luxonomy.net\/wp-content\/uploads\/2020\/07\/master-turismo-lujo-2026-2027.jpg?resize=370%2C208&ssl=1 370w, https:\/\/i0.wp.com\/luxonomy.net\/wp-content\/uploads\/2020\/07\/master-turismo-lujo-2026-2027.jpg?resize=800%2C450&ssl=1 800w, https:\/\/i0.wp.com\/luxonomy.net\/wp-content\/uploads\/2020\/07\/master-turismo-lujo-2026-2027.jpg?resize=20%2C11&ssl=1 20w, https:\/\/i0.wp.com\/luxonomy.net\/wp-content\/uploads\/2020\/07\/master-turismo-lujo-2026-2027.jpg?resize=740%2C416&ssl=1 740w, https:\/\/i0.wp.com\/luxonomy.net\/wp-content\/uploads\/2020\/07\/master-turismo-lujo-2026-2027.jpg?resize=1600%2C900&ssl=1 1600w, https:\/\/i0.wp.com\/luxonomy.net\/wp-content\/uploads\/2020\/07\/master-turismo-lujo-2026-2027.jpg?resize=1200%2C675&ssl=1 1200w, https:\/\/i0.wp.com\/luxonomy.net\/wp-content\/uploads\/2020\/07\/master-turismo-lujo-2026-2027.jpg?resize=85%2C48&ssl=1 85w\" sizes=\"(max-width: 1170px) 100vw, 1170px\" class=\"no-lazyload\" width=\"1672\" height=\"941\"   \/><\/a><\/div>\n<p class=\"paragraph typo-body-l group pb-5 font-normal sm:font-light\"><span dir=\"auto\">Concebida como un viaje, la escenograf\u00eda enfatiz\u00f3 los flujos horizontales y fluidos, creando un ambiente refinado y despejado donde las siluetas parec\u00edan flotar en el aire. Las coloridas alfombras, en armon\u00eda con la paleta de colores de la colecci\u00f3n, estructuraron el espacio, mientras que las superficies espejadas y los paneles lacados aportaron un toque de contraste. Los art\u00edculos y accesorios de cuero se exhibieron a la perfecci\u00f3n sobre muebles vintage italianos cuidadosamente seleccionados, realzando el di\u00e1logo entre el pasado y el presente. La presentaci\u00f3n general sumergi\u00f3 a los visitantes en el mundo de Loro Piana, donde cada exquisito detalle expresa una maestr\u00eda en el uso de colores y materiales.\u00a0<\/span><\/p>\n<p class=\"paragraph typo-body-l group pb-5 font-normal sm:font-light\"><span dir=\"auto\">La colecci\u00f3n es un caleidoscopio de tonos, desde tonos arena hasta cremas, con toques de rojo, amarillo o turquesa, que explora ricas mezclas y texturas. Las siluetas fluidas y esculturales para mujer incluyen abrigos de doble cara, nuevas interpretaciones de chaquetas ic\u00f3nicas y vestidos ligeros, adem\u00e1s de accesorios refinados como el nuevo Gioia Shopper y el Just Bag. El vestuario masculino combina relajaci\u00f3n y elegancia natural con blazers suaves, pantalones chinos informales y prendas de esp\u00edritu n\u00e1utico. Magn\u00edficos bolsos y calzado completan los looks.\u00a0<\/span><\/p>\n<p class=\"paragraph typo-body-l group pb-5 font-normal sm:font-light\"><span dir=\"auto\">En el sublime marco del Palazzo Citterio, Loro Piano confirm\u00f3 su estatus de Maestro de las Fibras al tiempo que expres\u00f3 un dominio igualmente sorprendente de los colores, firmando una temporada donde la autenticidad, la suavidad y la modernidad abrazan la elegancia atemporal de la Maison.\u00a0 \u00a0<\/span><\/p>\n<\/div>\n<\/div>\n<\/div>\n<\/div>\n<\/div>\n<\/section>\n<\/div>\n<\/div>\n<\/div>\n<\/div>\n<\/section>\n","protected":false},"excerpt":{"rendered":"<p>Loro Piana celebra el color para la colecci\u00f3n Primavera\/Verano 2026 en el Palazzo Citterio  <\/p>\n","protected":false},"author":10,"featured_media":68334,"comment_status":"open","ping_status":"open","sticky":false,"template":"","format":"gallery","meta":{"_jetpack_newsletter_access":"","_jetpack_dont_email_post_to_subs":false,"_jetpack_newsletter_tier_id":0,"_jetpack_memberships_contains_paywalled_content":false,"_jetpack_feature_clip_id":0,"_jetpack_memberships_contains_paid_content":false,"footnotes":"","jetpack_publicize_message":"Loro Piana celebra el color para la colecci\u00f3n Primavera\/Verano 2026 en el Palazzo Citterio  \n#loropiana #LVMH","jetpack_publicize_feature_enabled":true,"jetpack_social_post_already_shared":false,"jetpack_social_options":{"image_generator_settings":{"template":"edge","default_image_id":0,"font":"","enabled":true,"token":"eyJpbWciOiJodHRwczpcL1wvbHV4b25vbXkubmV0XC93cC1jb250ZW50XC91cGxvYWRzXC8yMDI1XC8wOVwvTFVYT05PTVktMTUtMS5qcGciLCJ0eHQiOiJMb3JvIFBpYW5hIGNlbGVicmEgZWwgY29sb3IgcGFyYSBsYSBjb2xlY2NpXHUwMGYzbiBQcmltYXZlcmFcL1ZlcmFubyAyMDI2IGVuIGVsIFBhbGF6em8gQ2l0dGVyaW8iLCJ0ZW1wbGF0ZSI6ImVkZ2UiLCJmb250IjoiIiwiYmxvZ19pZCI6MTU5OTg1NzQwfQ.ILE53Bh60vz8oPGMnNfVEY5vDHi5TPB8POhQ5Ah6BMIMQ"},"version":2},"jetpack_post_was_ever_published":false},"categories":[534],"tags":[2266,586],"thb-sponsors":[],"class_list":["post-68337","post","type-post","status-publish","format-gallery","has-post-thumbnail","hentry","category-moda","tag-loro-piana-2","tag-moda","post_format-post-format-gallery"],"yoast_head":"<!-- This site is optimized with the Yoast SEO plugin v28.4 - https:\/\/yoast.com\/product\/yoast-seo-wordpress\/ -->\n<title>Loro Piana celebra el color para la colecci\u00f3n Primavera\/Verano 2026 en el Palazzo Citterio | LUXONOMY<\/title>\n<meta name=\"robots\" content=\"index, follow, max-snippet:-1, max-image-preview:large, max-video-preview:-1\" \/>\n<link rel=\"canonical\" href=\"https:\/\/luxonomy.net\/es\/loro-piana-celebra-el-color-para-la-coleccion-primavera-verano-2026-en-el-palazzo-citterio\/\" \/>\n<meta property=\"og:locale\" content=\"es_ES\" \/>\n<meta property=\"og:type\" content=\"article\" \/>\n<meta property=\"og:title\" content=\"Loro Piana celebra el color para la colecci\u00f3n Primavera\/Verano 2026 en el Palazzo Citterio | LUXONOMY\" \/>\n<meta property=\"og:description\" content=\"Loro Piana celebra el color para la colecci\u00f3n Primavera\/Verano 2026 en el Palazzo Citterio\" \/>\n<meta property=\"og:url\" content=\"https:\/\/luxonomy.net\/es\/loro-piana-celebra-el-color-para-la-coleccion-primavera-verano-2026-en-el-palazzo-citterio\/\" \/>\n<meta property=\"og:site_name\" content=\"LUXONOMY\" \/>\n<meta property=\"article:publisher\" content=\"https:\/\/www.facebook.com\/luxonomy\" \/>\n<meta property=\"article:published_time\" content=\"2025-09-29T09:35:30+00:00\" \/>\n<meta property=\"article:modified_time\" content=\"2025-09-29T09:44:29+00:00\" \/>\n<meta property=\"og:image\" content=\"https:\/\/luxonomy.net\/wp-content\/uploads\/2025\/09\/LUXONOMY-15-1.jpg\" \/>\n\t<meta property=\"og:image:width\" content=\"800\" \/>\n\t<meta property=\"og:image:height\" content=\"600\" \/>\n\t<meta property=\"og:image:type\" content=\"image\/jpeg\" \/>\n<meta name=\"author\" content=\"Chiara Gabardi\" \/>\n<meta name=\"twitter:card\" content=\"summary_large_image\" \/>\n<meta name=\"twitter:label1\" content=\"Escrito por\" \/>\n\t<meta name=\"twitter:data1\" content=\"Chiara Gabardi\" \/>\n\t<meta name=\"twitter:label2\" content=\"Tiempo de lectura\" \/>\n\t<meta name=\"twitter:data2\" content=\"2 minutos\" \/>\n<script type=\"application\/ld+json\" class=\"yoast-schema-graph\">{\"@context\":\"https:\\\/\\\/schema.org\",\"@graph\":[{\"@type\":\"Article\",\"@id\":\"https:\\\/\\\/luxonomy.net\\\/es\\\/loro-piana-celebra-el-color-para-la-coleccion-primavera-verano-2026-en-el-palazzo-citterio\\\/#article\",\"isPartOf\":{\"@id\":\"https:\\\/\\\/luxonomy.net\\\/es\\\/loro-piana-celebra-el-color-para-la-coleccion-primavera-verano-2026-en-el-palazzo-citterio\\\/\"},\"author\":{\"name\":\"Chiara Gabardi\",\"@id\":\"https:\\\/\\\/luxonomy.net\\\/es\\\/#\\\/schema\\\/person\\\/e5c97cb37fd115728030c51e21c67d89\"},\"headline\":\"Loro Piana celebra el color para la colecci\u00f3n Primavera\\\/Verano 2026 en el Palazzo Citterio\",\"datePublished\":\"2025-09-29T09:35:30+00:00\",\"dateModified\":\"2025-09-29T09:44:29+00:00\",\"mainEntityOfPage\":{\"@id\":\"https:\\\/\\\/luxonomy.net\\\/es\\\/loro-piana-celebra-el-color-para-la-coleccion-primavera-verano-2026-en-el-palazzo-citterio\\\/\"},\"wordCount\":354,\"commentCount\":0,\"publisher\":{\"@id\":\"https:\\\/\\\/luxonomy.net\\\/es\\\/#organization\"},\"image\":{\"@id\":\"https:\\\/\\\/luxonomy.net\\\/es\\\/loro-piana-celebra-el-color-para-la-coleccion-primavera-verano-2026-en-el-palazzo-citterio\\\/#primaryimage\"},\"thumbnailUrl\":\"https:\\\/\\\/i0.wp.com\\\/luxonomy.net\\\/wp-content\\\/uploads\\\/2025\\\/09\\\/LUXONOMY-15-1.jpg?fit=800%2C600&ssl=1\",\"keywords\":[\"Loro Piana\",\"Moda\"],\"articleSection\":[\"Moda\"],\"inLanguage\":\"es\",\"potentialAction\":[{\"@type\":\"CommentAction\",\"name\":\"Comment\",\"target\":[\"https:\\\/\\\/luxonomy.net\\\/es\\\/loro-piana-celebra-el-color-para-la-coleccion-primavera-verano-2026-en-el-palazzo-citterio\\\/#respond\"]}]},{\"@type\":\"WebPage\",\"@id\":\"https:\\\/\\\/luxonomy.net\\\/es\\\/loro-piana-celebra-el-color-para-la-coleccion-primavera-verano-2026-en-el-palazzo-citterio\\\/\",\"url\":\"https:\\\/\\\/luxonomy.net\\\/es\\\/loro-piana-celebra-el-color-para-la-coleccion-primavera-verano-2026-en-el-palazzo-citterio\\\/\",\"name\":\"Loro Piana celebra el color para la colecci\u00f3n Primavera\\\/Verano 2026 en el Palazzo Citterio | LUXONOMY\",\"isPartOf\":{\"@id\":\"https:\\\/\\\/luxonomy.net\\\/es\\\/#website\"},\"primaryImageOfPage\":{\"@id\":\"https:\\\/\\\/luxonomy.net\\\/es\\\/loro-piana-celebra-el-color-para-la-coleccion-primavera-verano-2026-en-el-palazzo-citterio\\\/#primaryimage\"},\"image\":{\"@id\":\"https:\\\/\\\/luxonomy.net\\\/es\\\/loro-piana-celebra-el-color-para-la-coleccion-primavera-verano-2026-en-el-palazzo-citterio\\\/#primaryimage\"},\"thumbnailUrl\":\"https:\\\/\\\/i0.wp.com\\\/luxonomy.net\\\/wp-content\\\/uploads\\\/2025\\\/09\\\/LUXONOMY-15-1.jpg?fit=800%2C600&ssl=1\",\"datePublished\":\"2025-09-29T09:35:30+00:00\",\"dateModified\":\"2025-09-29T09:44:29+00:00\",\"breadcrumb\":{\"@id\":\"https:\\\/\\\/luxonomy.net\\\/es\\\/loro-piana-celebra-el-color-para-la-coleccion-primavera-verano-2026-en-el-palazzo-citterio\\\/#breadcrumb\"},\"inLanguage\":\"es\",\"potentialAction\":[{\"@type\":\"ReadAction\",\"target\":[\"https:\\\/\\\/luxonomy.net\\\/es\\\/loro-piana-celebra-el-color-para-la-coleccion-primavera-verano-2026-en-el-palazzo-citterio\\\/\"]}]},{\"@type\":\"ImageObject\",\"inLanguage\":\"es\",\"@id\":\"https:\\\/\\\/luxonomy.net\\\/es\\\/loro-piana-celebra-el-color-para-la-coleccion-primavera-verano-2026-en-el-palazzo-citterio\\\/#primaryimage\",\"url\":\"https:\\\/\\\/i0.wp.com\\\/luxonomy.net\\\/wp-content\\\/uploads\\\/2025\\\/09\\\/LUXONOMY-15-1.jpg?fit=800%2C600&ssl=1\",\"contentUrl\":\"https:\\\/\\\/i0.wp.com\\\/luxonomy.net\\\/wp-content\\\/uploads\\\/2025\\\/09\\\/LUXONOMY-15-1.jpg?fit=800%2C600&ssl=1\",\"width\":800,\"height\":600},{\"@type\":\"BreadcrumbList\",\"@id\":\"https:\\\/\\\/luxonomy.net\\\/es\\\/loro-piana-celebra-el-color-para-la-coleccion-primavera-verano-2026-en-el-palazzo-citterio\\\/#breadcrumb\",\"itemListElement\":[{\"@type\":\"ListItem\",\"position\":1,\"name\":\"Portada\",\"item\":\"https:\\\/\\\/luxonomy.net\\\/es\\\/\"},{\"@type\":\"ListItem\",\"position\":2,\"name\":\"Loro Piana celebra el color para la colecci\u00f3n Primavera\\\/Verano 2026 en el Palazzo Citterio\"}]},{\"@type\":\"WebSite\",\"@id\":\"https:\\\/\\\/luxonomy.net\\\/es\\\/#website\",\"url\":\"https:\\\/\\\/luxonomy.net\\\/es\\\/\",\"name\":\"LUXONOMY\",\"description\":\"The Economy of Fashion &amp; Luxury\",\"publisher\":{\"@id\":\"https:\\\/\\\/luxonomy.net\\\/es\\\/#organization\"},\"potentialAction\":[{\"@type\":\"SearchAction\",\"target\":{\"@type\":\"EntryPoint\",\"urlTemplate\":\"https:\\\/\\\/luxonomy.net\\\/es\\\/?s={search_term_string}\"},\"query-input\":{\"@type\":\"PropertyValueSpecification\",\"valueRequired\":true,\"valueName\":\"search_term_string\"}}],\"inLanguage\":\"es\"},{\"@type\":\"Organization\",\"@id\":\"https:\\\/\\\/luxonomy.net\\\/es\\\/#organization\",\"name\":\"LUXONOMY\",\"url\":\"https:\\\/\\\/luxonomy.net\\\/es\\\/\",\"logo\":{\"@type\":\"ImageObject\",\"inLanguage\":\"es\",\"@id\":\"https:\\\/\\\/luxonomy.net\\\/es\\\/#\\\/schema\\\/logo\\\/image\\\/\",\"url\":\"https:\\\/\\\/i2.wp.com\\\/luxonomy.net\\\/wp-content\\\/uploads\\\/2021\\\/09\\\/MOCKUP-TODOS-LUXONOMY.jpg?fit=1000%2C515&ssl=1\",\"contentUrl\":\"https:\\\/\\\/i2.wp.com\\\/luxonomy.net\\\/wp-content\\\/uploads\\\/2021\\\/09\\\/MOCKUP-TODOS-LUXONOMY.jpg?fit=1000%2C515&ssl=1\",\"width\":1000,\"height\":515,\"caption\":\"LUXONOMY\"},\"image\":{\"@id\":\"https:\\\/\\\/luxonomy.net\\\/es\\\/#\\\/schema\\\/logo\\\/image\\\/\"},\"sameAs\":[\"https:\\\/\\\/www.facebook.com\\\/luxonomy\",\"https:\\\/\\\/www.instagram.com\\\/luxonomy\\\/\",\"https:\\\/\\\/www.linkedin.com\\\/company\\\/luxonomy\\\/\"]},{\"@type\":\"Person\",\"@id\":\"https:\\\/\\\/luxonomy.net\\\/es\\\/#\\\/schema\\\/person\\\/e5c97cb37fd115728030c51e21c67d89\",\"name\":\"Chiara Gabardi\",\"image\":{\"@type\":\"ImageObject\",\"inLanguage\":\"es\",\"@id\":\"https:\\\/\\\/luxonomy.net\\\/wp-content\\\/litespeed\\\/avatar\\\/548640c4e2c34544e66c65ab1641a5d7.jpg?ver=1788581172\",\"url\":\"https:\\\/\\\/luxonomy.net\\\/wp-content\\\/litespeed\\\/avatar\\\/548640c4e2c34544e66c65ab1641a5d7.jpg?ver=1788581172\",\"contentUrl\":\"https:\\\/\\\/luxonomy.net\\\/wp-content\\\/litespeed\\\/avatar\\\/548640c4e2c34544e66c65ab1641a5d7.jpg?ver=1788581172\",\"caption\":\"Chiara Gabardi\"},\"description\":\"Editor at LUXONOMY\u2122 Group\",\"url\":\"https:\\\/\\\/luxonomy.net\\\/es\\\/author\\\/chiara-gabardi\\\/\"}]}<\/script>\n<!-- \/ Yoast SEO plugin. -->","yoast_head_json":{"title":"Loro Piana celebra el color para la colecci\u00f3n Primavera\/Verano 2026 en el Palazzo Citterio | LUXONOMY","robots":{"index":"index","follow":"follow","max-snippet":"max-snippet:-1","max-image-preview":"max-image-preview:large","max-video-preview":"max-video-preview:-1"},"canonical":"https:\/\/luxonomy.net\/es\/loro-piana-celebra-el-color-para-la-coleccion-primavera-verano-2026-en-el-palazzo-citterio\/","og_locale":"es_ES","og_type":"article","og_title":"Loro Piana celebra el color para la colecci\u00f3n Primavera\/Verano 2026 en el Palazzo Citterio | LUXONOMY","og_description":"Loro Piana celebra el color para la colecci\u00f3n Primavera\/Verano 2026 en el Palazzo Citterio","og_url":"https:\/\/luxonomy.net\/es\/loro-piana-celebra-el-color-para-la-coleccion-primavera-verano-2026-en-el-palazzo-citterio\/","og_site_name":"LUXONOMY","article_publisher":"https:\/\/www.facebook.com\/luxonomy","article_published_time":"2025-09-29T09:35:30+00:00","article_modified_time":"2025-09-29T09:44:29+00:00","og_image":[{"width":800,"height":600,"url":"https:\/\/luxonomy.net\/wp-content\/uploads\/2025\/09\/LUXONOMY-15-1.jpg","type":"image\/jpeg"}],"author":"Chiara Gabardi","twitter_card":"summary_large_image","twitter_misc":{"Escrito por":"Chiara Gabardi","Tiempo de lectura":"2 minutos"},"schema":{"@context":"https:\/\/schema.org","@graph":[{"@type":"Article","@id":"https:\/\/luxonomy.net\/es\/loro-piana-celebra-el-color-para-la-coleccion-primavera-verano-2026-en-el-palazzo-citterio\/#article","isPartOf":{"@id":"https:\/\/luxonomy.net\/es\/loro-piana-celebra-el-color-para-la-coleccion-primavera-verano-2026-en-el-palazzo-citterio\/"},"author":{"name":"Chiara Gabardi","@id":"https:\/\/luxonomy.net\/es\/#\/schema\/person\/e5c97cb37fd115728030c51e21c67d89"},"headline":"Loro Piana celebra el color para la colecci\u00f3n Primavera\/Verano 2026 en el Palazzo Citterio","datePublished":"2025-09-29T09:35:30+00:00","dateModified":"2025-09-29T09:44:29+00:00","mainEntityOfPage":{"@id":"https:\/\/luxonomy.net\/es\/loro-piana-celebra-el-color-para-la-coleccion-primavera-verano-2026-en-el-palazzo-citterio\/"},"wordCount":354,"commentCount":0,"publisher":{"@id":"https:\/\/luxonomy.net\/es\/#organization"},"image":{"@id":"https:\/\/luxonomy.net\/es\/loro-piana-celebra-el-color-para-la-coleccion-primavera-verano-2026-en-el-palazzo-citterio\/#primaryimage"},"thumbnailUrl":"https:\/\/i0.wp.com\/luxonomy.net\/wp-content\/uploads\/2025\/09\/LUXONOMY-15-1.jpg?fit=800%2C600&ssl=1","keywords":["Loro Piana","Moda"],"articleSection":["Moda"],"inLanguage":"es","potentialAction":[{"@type":"CommentAction","name":"Comment","target":["https:\/\/luxonomy.net\/es\/loro-piana-celebra-el-color-para-la-coleccion-primavera-verano-2026-en-el-palazzo-citterio\/#respond"]}]},{"@type":"WebPage","@id":"https:\/\/luxonomy.net\/es\/loro-piana-celebra-el-color-para-la-coleccion-primavera-verano-2026-en-el-palazzo-citterio\/","url":"https:\/\/luxonomy.net\/es\/loro-piana-celebra-el-color-para-la-coleccion-primavera-verano-2026-en-el-palazzo-citterio\/","name":"Loro Piana celebra el color para la colecci\u00f3n Primavera\/Verano 2026 en el Palazzo Citterio | LUXONOMY","isPartOf":{"@id":"https:\/\/luxonomy.net\/es\/#website"},"primaryImageOfPage":{"@id":"https:\/\/luxonomy.net\/es\/loro-piana-celebra-el-color-para-la-coleccion-primavera-verano-2026-en-el-palazzo-citterio\/#primaryimage"},"image":{"@id":"https:\/\/luxonomy.net\/es\/loro-piana-celebra-el-color-para-la-coleccion-primavera-verano-2026-en-el-palazzo-citterio\/#primaryimage"},"thumbnailUrl":"https:\/\/i0.wp.com\/luxonomy.net\/wp-content\/uploads\/2025\/09\/LUXONOMY-15-1.jpg?fit=800%2C600&ssl=1","datePublished":"2025-09-29T09:35:30+00:00","dateModified":"2025-09-29T09:44:29+00:00","breadcrumb":{"@id":"https:\/\/luxonomy.net\/es\/loro-piana-celebra-el-color-para-la-coleccion-primavera-verano-2026-en-el-palazzo-citterio\/#breadcrumb"},"inLanguage":"es","potentialAction":[{"@type":"ReadAction","target":["https:\/\/luxonomy.net\/es\/loro-piana-celebra-el-color-para-la-coleccion-primavera-verano-2026-en-el-palazzo-citterio\/"]}]},{"@type":"ImageObject","inLanguage":"es","@id":"https:\/\/luxonomy.net\/es\/loro-piana-celebra-el-color-para-la-coleccion-primavera-verano-2026-en-el-palazzo-citterio\/#primaryimage","url":"https:\/\/i0.wp.com\/luxonomy.net\/wp-content\/uploads\/2025\/09\/LUXONOMY-15-1.jpg?fit=800%2C600&ssl=1","contentUrl":"https:\/\/i0.wp.com\/luxonomy.net\/wp-content\/uploads\/2025\/09\/LUXONOMY-15-1.jpg?fit=800%2C600&ssl=1","width":800,"height":600},{"@type":"BreadcrumbList","@id":"https:\/\/luxonomy.net\/es\/loro-piana-celebra-el-color-para-la-coleccion-primavera-verano-2026-en-el-palazzo-citterio\/#breadcrumb","itemListElement":[{"@type":"ListItem","position":1,"name":"Portada","item":"https:\/\/luxonomy.net\/es\/"},{"@type":"ListItem","position":2,"name":"Loro Piana celebra el color para la colecci\u00f3n Primavera\/Verano 2026 en el Palazzo Citterio"}]},{"@type":"WebSite","@id":"https:\/\/luxonomy.net\/es\/#website","url":"https:\/\/luxonomy.net\/es\/","name":"LUXONOMY","description":"The Economy of Fashion &amp; Luxury","publisher":{"@id":"https:\/\/luxonomy.net\/es\/#organization"},"potentialAction":[{"@type":"SearchAction","target":{"@type":"EntryPoint","urlTemplate":"https:\/\/luxonomy.net\/es\/?s={search_term_string}"},"query-input":{"@type":"PropertyValueSpecification","valueRequired":true,"valueName":"search_term_string"}}],"inLanguage":"es"},{"@type":"Organization","@id":"https:\/\/luxonomy.net\/es\/#organization","name":"LUXONOMY","url":"https:\/\/luxonomy.net\/es\/","logo":{"@type":"ImageObject","inLanguage":"es","@id":"https:\/\/luxonomy.net\/es\/#\/schema\/logo\/image\/","url":"https:\/\/i2.wp.com\/luxonomy.net\/wp-content\/uploads\/2021\/09\/MOCKUP-TODOS-LUXONOMY.jpg?fit=1000%2C515&ssl=1","contentUrl":"https:\/\/i2.wp.com\/luxonomy.net\/wp-content\/uploads\/2021\/09\/MOCKUP-TODOS-LUXONOMY.jpg?fit=1000%2C515&ssl=1","width":1000,"height":515,"caption":"LUXONOMY"},"image":{"@id":"https:\/\/luxonomy.net\/es\/#\/schema\/logo\/image\/"},"sameAs":["https:\/\/www.facebook.com\/luxonomy","https:\/\/www.instagram.com\/luxonomy\/","https:\/\/www.linkedin.com\/company\/luxonomy\/"]},{"@type":"Person","@id":"https:\/\/luxonomy.net\/es\/#\/schema\/person\/e5c97cb37fd115728030c51e21c67d89","name":"Chiara Gabardi","image":{"@type":"ImageObject","inLanguage":"es","@id":"https:\/\/luxonomy.net\/wp-content\/litespeed\/avatar\/548640c4e2c34544e66c65ab1641a5d7.jpg?ver=1788581172","url":"https:\/\/luxonomy.net\/wp-content\/litespeed\/avatar\/548640c4e2c34544e66c65ab1641a5d7.jpg?ver=1788581172","contentUrl":"https:\/\/luxonomy.net\/wp-content\/litespeed\/avatar\/548640c4e2c34544e66c65ab1641a5d7.jpg?ver=1788581172","caption":"Chiara Gabardi"},"description":"Editor at LUXONOMY\u2122 Group","url":"https:\/\/luxonomy.net\/es\/author\/chiara-gabardi\/"}]}},"jetpack_publicize_connections":[],"jetpack_shortlink":"https:\/\/wp.me\/paPhBa-hMd","jetpack_sharing_enabled":true,"jetpack_featured_media_url":"https:\/\/i0.wp.com\/luxonomy.net\/wp-content\/uploads\/2025\/09\/LUXONOMY-15-1.jpg?fit=800%2C600&ssl=1","_links":{"self":[{"href":"https:\/\/luxonomy.net\/es\/wp-json\/wp\/v2\/posts\/68337","targetHints":{"allow":["GET"]}}],"collection":[{"href":"https:\/\/luxonomy.net\/es\/wp-json\/wp\/v2\/posts"}],"about":[{"href":"https:\/\/luxonomy.net\/es\/wp-json\/wp\/v2\/types\/post"}],"author":[{"embeddable":true,"href":"https:\/\/luxonomy.net\/es\/wp-json\/wp\/v2\/users\/10"}],"replies":[{"embeddable":true,"href":"https:\/\/luxonomy.net\/es\/wp-json\/wp\/v2\/comments?post=68337"}],"version-history":[{"count":1,"href":"https:\/\/luxonomy.net\/es\/wp-json\/wp\/v2\/posts\/68337\/revisions"}],"predecessor-version":[{"id":68338,"href":"https:\/\/luxonomy.net\/es\/wp-json\/wp\/v2\/posts\/68337\/revisions\/68338"}],"wp:featuredmedia":[{"embeddable":true,"href":"https:\/\/luxonomy.net\/es\/wp-json\/wp\/v2\/media\/68334"}],"wp:attachment":[{"href":"https:\/\/luxonomy.net\/es\/wp-json\/wp\/v2\/media?parent=68337"}],"wp:term":[{"taxonomy":"category","embeddable":true,"href":"https:\/\/luxonomy.net\/es\/wp-json\/wp\/v2\/categories?post=68337"},{"taxonomy":"post_tag","embeddable":true,"href":"https:\/\/luxonomy.net\/es\/wp-json\/wp\/v2\/tags?post=68337"},{"taxonomy":"thb-sponsors","embeddable":true,"href":"https:\/\/luxonomy.net\/es\/wp-json\/wp\/v2\/thb-sponsors?post=68337"}],"curies":[{"name":"wp","href":"https:\/\/api.w.org\/{rel}","templated":true}]}}