{"id":68162,"date":"2025-09-16T09:23:36","date_gmt":"2025-09-16T07:23:36","guid":{"rendered":"https:\/\/luxonomy.net\/?p=68162"},"modified":"2025-09-16T14:02:04","modified_gmt":"2025-09-16T12:02:04","slug":"el-evento-rockndrole-sacude-le-bon-marche-rive-gauche-para-la-temporada-de-regreso-a-las-clases","status":"publish","type":"post","link":"https:\/\/luxonomy.net\/es\/el-evento-rockndrole-sacude-le-bon-marche-rive-gauche-para-la-temporada-de-regreso-a-las-clases\/","title":{"rendered":"El evento \u201cRock&#8217;n&#8217;Dr\u00f4le\u201d sacude Le Bon March\u00e9 Rive Gauche para la temporada de regreso a las clases"},"content":{"rendered":"\n<section data-slice-type=\"news_content\" data-slice-variation=\"default\">\n<div class=\"flex w-full max-w-full justify-center pt-14 md:pt-18 pb-14 md:pb-18 sm:container-layout-padding\">\n<div class=\"w-full  max-w-full  container-layout-padding lg:max-w-screen-lg pt-14 pb-18 md:py-36 bg-white md:px-0 mx-auto gridLayoutPadding lg:max-w-screen-lg\">\n<div class=\"col-span-full flex flex-col gap-14 last:mb-0 sm:col-start-2 sm:col-end-8 md:col-start-3 md:col-end-11\">\n<div class=\"flex flex-col gap-14 text-left\">\n<div>\n<p class=\"heading3 typo-body-xl group\"><span dir=\"auto\">Orquestada por Antoine de Caunes, la exposici\u00f3n \u201cRock&#8217;n&#8217;Dr\u00f4le\u201d har\u00e1 vibrar los grandes almacenes Bon March\u00e9 Rive Gauche hasta el 19 de octubre.<\/span><\/p>\n<\/div>\n<div>\n<p class=\"paragraph typo-body-l group pb-5 font-normal sm:font-light\"><span dir=\"auto\">El principal fan\u00e1tico del rock de Francia, Antoine de Caunes, se hace cargo de la tienda, llevando el ritmo del rock&#8217;n&#8217;roll a cada piso e incluso repite su personaje de culto de Canal+ TV, Didier Lembrouille, para la ocasi\u00f3n.\u00a0<\/span><\/p>\n<p class=\"paragraph typo-body-l group pb-5 font-normal sm:font-light\"><span dir=\"auto\">La planta principal ofrece una inmersi\u00f3n profunda en la escena de conciertos y backstage con una selecci\u00f3n de imprescindibles de rock inspirados en los a\u00f1os 70. Entre las ofertas exclusivas se incluyen accesorios reciclados de Atelier Costa, vinilos de grupos ic\u00f3nicos de Big Smile Bazar y camisetas con frases emblem\u00e1ticas del artista Thomas Lelu.\u00a0\u00a0<\/span><\/p><div id=\"luxon-3805045176\" class=\"luxon-3er-parrafo luxon-entity-placement\" style=\"margin-top: 20px;margin-bottom: 20px;margin-left: auto;margin-right: auto;text-align: center;\"><a href=\"https:\/\/luxonomy.university\/course\/master-turismo-de-lujo\" target=\"_blank\" aria-label=\"master-turismo-lujo-2026-2027\"><img loading=\"lazy\" decoding=\"async\" src=\"https:\/\/i0.wp.com\/luxonomy.net\/wp-content\/uploads\/2020\/07\/master-turismo-lujo-2026-2027.jpg?fit=1672%2C941&#038;ssl=1\" alt=\"\"  srcset=\"https:\/\/i0.wp.com\/luxonomy.net\/wp-content\/uploads\/2020\/07\/master-turismo-lujo-2026-2027.jpg?w=1672&ssl=1 1672w, https:\/\/i0.wp.com\/luxonomy.net\/wp-content\/uploads\/2020\/07\/master-turismo-lujo-2026-2027.jpg?resize=300%2C169&ssl=1 300w, https:\/\/i0.wp.com\/luxonomy.net\/wp-content\/uploads\/2020\/07\/master-turismo-lujo-2026-2027.jpg?resize=1024%2C576&ssl=1 1024w, https:\/\/i0.wp.com\/luxonomy.net\/wp-content\/uploads\/2020\/07\/master-turismo-lujo-2026-2027.jpg?resize=768%2C432&ssl=1 768w, https:\/\/i0.wp.com\/luxonomy.net\/wp-content\/uploads\/2020\/07\/master-turismo-lujo-2026-2027.jpg?resize=1536%2C864&ssl=1 1536w, https:\/\/i0.wp.com\/luxonomy.net\/wp-content\/uploads\/2020\/07\/master-turismo-lujo-2026-2027.jpg?resize=370%2C208&ssl=1 370w, https:\/\/i0.wp.com\/luxonomy.net\/wp-content\/uploads\/2020\/07\/master-turismo-lujo-2026-2027.jpg?resize=800%2C450&ssl=1 800w, https:\/\/i0.wp.com\/luxonomy.net\/wp-content\/uploads\/2020\/07\/master-turismo-lujo-2026-2027.jpg?resize=20%2C11&ssl=1 20w, https:\/\/i0.wp.com\/luxonomy.net\/wp-content\/uploads\/2020\/07\/master-turismo-lujo-2026-2027.jpg?resize=740%2C416&ssl=1 740w, https:\/\/i0.wp.com\/luxonomy.net\/wp-content\/uploads\/2020\/07\/master-turismo-lujo-2026-2027.jpg?resize=1600%2C900&ssl=1 1600w, https:\/\/i0.wp.com\/luxonomy.net\/wp-content\/uploads\/2020\/07\/master-turismo-lujo-2026-2027.jpg?resize=1200%2C675&ssl=1 1200w, https:\/\/i0.wp.com\/luxonomy.net\/wp-content\/uploads\/2020\/07\/master-turismo-lujo-2026-2027.jpg?resize=85%2C48&ssl=1 85w\" sizes=\"(max-width: 1170px) 100vw, 1170px\" class=\"no-lazyload\" width=\"1672\" height=\"941\"   \/><\/a><\/div>\n<p class=\"paragraph typo-body-l group pb-5 font-normal sm:font-light\"><span dir=\"auto\">La primera planta se inspira en los estudios de grabaci\u00f3n, con un espacio Gibson donde los aspirantes a guitarristas pueden tocar diversas guitarras, adem\u00e1s de una tienda de segunda mano Kiliwatch para encontrar la chaqueta perfecta y la moderna tienda conceptual parisina Bonjour Jacob. La segunda planta se ha transformado en un Rock Motel a tama\u00f1o real de diez habitaciones, ideado por Antoine de Caunes, cuya voz invita a los visitantes a una visita guiada. Se incluyen art\u00edculos de su colecci\u00f3n personal, junto con una selecci\u00f3n de discos y libros.\u00a0\u00a0<\/span><\/p>\n<p class=\"paragraph typo-body-l group pb-5 font-normal sm:font-light\"><span dir=\"auto\">Desde moda y belleza hasta dise\u00f1o, comida y art\u00edculos fant\u00e1sticos para ni\u00f1os,\u00a0<\/span><span dir=\"auto\">\u00a1Le Bon March\u00e9 Rive Gauche<\/span><span dir=\"auto\"> est\u00e1 definitivamente listo para hacer ruido!\u00a0\u00a0<\/span><\/p>\n<\/div>\n<\/div>\n<\/div>\n<\/div>\n<\/div>\n<\/section>\n","protected":false},"excerpt":{"rendered":"<p>Orquestada por Antoine de Caunes, la exposici\u00f3n \u201cRock&#8217;n&#8217;Dr\u00f4le\u201d har\u00e1 vibrar los grandes almacenes Bon March\u00e9 Rive Gauche hasta el 19 de octubre. El principal fan\u00e1tico del rock de Francia, Antoine de Caunes, se hace cargo de la tienda, llevando el ritmo del rock&#8217;n&#8217;roll a cada piso e incluso repite su personaje de culto de Canal+&hellip;<\/p>\n","protected":false},"author":11,"featured_media":68163,"comment_status":"open","ping_status":"open","sticky":false,"template":"","format":"gallery","meta":{"_jetpack_newsletter_access":"","_jetpack_dont_email_post_to_subs":false,"_jetpack_newsletter_tier_id":0,"_jetpack_memberships_contains_paywalled_content":false,"_jetpack_feature_clip_id":0,"_jetpack_memberships_contains_paid_content":false,"footnotes":"","jetpack_publicize_message":"","jetpack_publicize_feature_enabled":true,"jetpack_social_post_already_shared":false,"jetpack_social_options":{"image_generator_settings":{"template":"edge","default_image_id":0,"font":"","enabled":true,"token":"eyJpbWciOiJodHRwczpcL1wvbHV4b25vbXkubmV0XC93cC1jb250ZW50XC91cGxvYWRzXC8yMDI1XC8wOVwvQ2FwdHVyYS1kZS1wYW50YWxsYS0yMDI1LTA5LTE0LWEtbGFzLTE2LjEzLjA0LTEwMjR4NTIzLnBuZyIsInR4dCI6IkVsIGV2ZW50byBcdTIwMWNSb2NrJiM4MjE3O24mIzgyMTc7RHJcdTAwZjRsZVx1MjAxZCBzYWN1ZGUgTGUgQm9uIE1hcmNoXHUwMGU5IFJpdmUgR2F1Y2hlIHBhcmEgbGEgdGVtcG9yYWRhIGRlIHJlZ3Jlc28gYSBsYXMgY2xhc2VzIiwidGVtcGxhdGUiOiJlZGdlIiwiZm9udCI6IiIsImJsb2dfaWQiOjE1OTk4NTc0MH0.TbtvdcLvECsqTwXeUNQJuErGA8h8lE8jsRjraKKBDpcMQ"},"version":2},"jetpack_post_was_ever_published":false},"categories":[227],"tags":[228,9973,1014],"thb-sponsors":[],"class_list":["post-68162","post","type-post","status-publish","format-gallery","has-post-thumbnail","hentry","category-eventos","tag-eventos","tag-le-bon-marche-rive-gauche","tag-paris","post_format-post-format-gallery"],"yoast_head":"<!-- This site is optimized with the Yoast SEO plugin v28.4 - https:\/\/yoast.com\/product\/yoast-seo-wordpress\/ -->\n<title>El evento \u201cRock&#039;n&#039;Dr\u00f4le\u201d sacude Le Bon March\u00e9 Rive Gauche para la temporada de regreso a las clases | LUXONOMY<\/title>\n<meta name=\"robots\" content=\"index, follow, max-snippet:-1, max-image-preview:large, max-video-preview:-1\" \/>\n<link rel=\"canonical\" href=\"https:\/\/luxonomy.net\/es\/el-evento-rockndrole-sacude-le-bon-marche-rive-gauche-para-la-temporada-de-regreso-a-las-clases\/\" \/>\n<meta property=\"og:locale\" content=\"es_ES\" \/>\n<meta property=\"og:type\" content=\"article\" \/>\n<meta property=\"og:title\" content=\"El evento \u201cRock&#039;n&#039;Dr\u00f4le\u201d sacude Le Bon March\u00e9 Rive Gauche para la temporada de regreso a las clases | LUXONOMY\" \/>\n<meta property=\"og:description\" content=\"Orquestada por Antoine de Caunes, la exposici\u00f3n \u201cRock&#8217;n&#8217;Dr\u00f4le\u201d har\u00e1 vibrar los grandes almacenes Bon March\u00e9 Rive Gauche hasta el 19 de octubre. El principal fan\u00e1tico del rock de Francia, Antoine de Caunes, se hace cargo de la tienda, llevando el ritmo del rock&#8217;n&#8217;roll a cada piso e incluso repite su personaje de culto de Canal+&hellip;\" \/>\n<meta property=\"og:url\" content=\"https:\/\/luxonomy.net\/es\/el-evento-rockndrole-sacude-le-bon-marche-rive-gauche-para-la-temporada-de-regreso-a-las-clases\/\" \/>\n<meta property=\"og:site_name\" content=\"LUXONOMY\" \/>\n<meta property=\"article:publisher\" content=\"https:\/\/www.facebook.com\/luxonomy\" \/>\n<meta property=\"article:published_time\" content=\"2025-09-16T07:23:36+00:00\" \/>\n<meta property=\"article:modified_time\" content=\"2025-09-16T12:02:04+00:00\" \/>\n<meta property=\"og:image\" content=\"https:\/\/luxonomy.net\/wp-content\/uploads\/2025\/09\/Captura-de-pantalla-2025-09-14-a-las-16.13.04.png\" \/>\n\t<meta property=\"og:image:width\" content=\"1432\" \/>\n\t<meta property=\"og:image:height\" content=\"732\" \/>\n\t<meta property=\"og:image:type\" content=\"image\/png\" \/>\n<meta name=\"author\" content=\"Kristi Ellis\" \/>\n<meta name=\"twitter:card\" content=\"summary_large_image\" \/>\n<meta name=\"twitter:label1\" content=\"Escrito por\" \/>\n\t<meta name=\"twitter:data1\" content=\"Kristi Ellis\" \/>\n\t<meta name=\"twitter:label2\" content=\"Tiempo de lectura\" \/>\n\t<meta name=\"twitter:data2\" content=\"2 minutos\" \/>\n<script type=\"application\/ld+json\" class=\"yoast-schema-graph\">{\"@context\":\"https:\\\/\\\/schema.org\",\"@graph\":[{\"@type\":\"Article\",\"@id\":\"https:\\\/\\\/luxonomy.net\\\/es\\\/el-evento-rockndrole-sacude-le-bon-marche-rive-gauche-para-la-temporada-de-regreso-a-las-clases\\\/#article\",\"isPartOf\":{\"@id\":\"https:\\\/\\\/luxonomy.net\\\/es\\\/el-evento-rockndrole-sacude-le-bon-marche-rive-gauche-para-la-temporada-de-regreso-a-las-clases\\\/\"},\"author\":{\"name\":\"Kristi Ellis\",\"@id\":\"https:\\\/\\\/luxonomy.net\\\/es\\\/#\\\/schema\\\/person\\\/1a813e5ec518f582af236d6344aa6c01\"},\"headline\":\"El evento \u201cRock&#8217;n&#8217;Dr\u00f4le\u201d sacude Le Bon March\u00e9 Rive Gauche para la temporada de regreso a las clases\",\"datePublished\":\"2025-09-16T07:23:36+00:00\",\"dateModified\":\"2025-09-16T12:02:04+00:00\",\"mainEntityOfPage\":{\"@id\":\"https:\\\/\\\/luxonomy.net\\\/es\\\/el-evento-rockndrole-sacude-le-bon-marche-rive-gauche-para-la-temporada-de-regreso-a-las-clases\\\/\"},\"wordCount\":269,\"commentCount\":0,\"publisher\":{\"@id\":\"https:\\\/\\\/luxonomy.net\\\/es\\\/#organization\"},\"image\":{\"@id\":\"https:\\\/\\\/luxonomy.net\\\/es\\\/el-evento-rockndrole-sacude-le-bon-marche-rive-gauche-para-la-temporada-de-regreso-a-las-clases\\\/#primaryimage\"},\"thumbnailUrl\":\"https:\\\/\\\/i0.wp.com\\\/luxonomy.net\\\/wp-content\\\/uploads\\\/2025\\\/09\\\/Captura-de-pantalla-2025-09-14-a-las-16.13.04.png?fit=1432%2C732&ssl=1\",\"keywords\":[\"Eventos\",\"Le Bon March\u00e9 Rive Gauche\",\"Paris\"],\"articleSection\":[\"Eventos\"],\"inLanguage\":\"es\",\"potentialAction\":[{\"@type\":\"CommentAction\",\"name\":\"Comment\",\"target\":[\"https:\\\/\\\/luxonomy.net\\\/es\\\/el-evento-rockndrole-sacude-le-bon-marche-rive-gauche-para-la-temporada-de-regreso-a-las-clases\\\/#respond\"]}]},{\"@type\":\"WebPage\",\"@id\":\"https:\\\/\\\/luxonomy.net\\\/es\\\/el-evento-rockndrole-sacude-le-bon-marche-rive-gauche-para-la-temporada-de-regreso-a-las-clases\\\/\",\"url\":\"https:\\\/\\\/luxonomy.net\\\/es\\\/el-evento-rockndrole-sacude-le-bon-marche-rive-gauche-para-la-temporada-de-regreso-a-las-clases\\\/\",\"name\":\"El evento \u201cRock'n'Dr\u00f4le\u201d sacude Le Bon March\u00e9 Rive Gauche para la temporada de regreso a las clases | LUXONOMY\",\"isPartOf\":{\"@id\":\"https:\\\/\\\/luxonomy.net\\\/es\\\/#website\"},\"primaryImageOfPage\":{\"@id\":\"https:\\\/\\\/luxonomy.net\\\/es\\\/el-evento-rockndrole-sacude-le-bon-marche-rive-gauche-para-la-temporada-de-regreso-a-las-clases\\\/#primaryimage\"},\"image\":{\"@id\":\"https:\\\/\\\/luxonomy.net\\\/es\\\/el-evento-rockndrole-sacude-le-bon-marche-rive-gauche-para-la-temporada-de-regreso-a-las-clases\\\/#primaryimage\"},\"thumbnailUrl\":\"https:\\\/\\\/i0.wp.com\\\/luxonomy.net\\\/wp-content\\\/uploads\\\/2025\\\/09\\\/Captura-de-pantalla-2025-09-14-a-las-16.13.04.png?fit=1432%2C732&ssl=1\",\"datePublished\":\"2025-09-16T07:23:36+00:00\",\"dateModified\":\"2025-09-16T12:02:04+00:00\",\"breadcrumb\":{\"@id\":\"https:\\\/\\\/luxonomy.net\\\/es\\\/el-evento-rockndrole-sacude-le-bon-marche-rive-gauche-para-la-temporada-de-regreso-a-las-clases\\\/#breadcrumb\"},\"inLanguage\":\"es\",\"potentialAction\":[{\"@type\":\"ReadAction\",\"target\":[\"https:\\\/\\\/luxonomy.net\\\/es\\\/el-evento-rockndrole-sacude-le-bon-marche-rive-gauche-para-la-temporada-de-regreso-a-las-clases\\\/\"]}]},{\"@type\":\"ImageObject\",\"inLanguage\":\"es\",\"@id\":\"https:\\\/\\\/luxonomy.net\\\/es\\\/el-evento-rockndrole-sacude-le-bon-marche-rive-gauche-para-la-temporada-de-regreso-a-las-clases\\\/#primaryimage\",\"url\":\"https:\\\/\\\/i0.wp.com\\\/luxonomy.net\\\/wp-content\\\/uploads\\\/2025\\\/09\\\/Captura-de-pantalla-2025-09-14-a-las-16.13.04.png?fit=1432%2C732&ssl=1\",\"contentUrl\":\"https:\\\/\\\/i0.wp.com\\\/luxonomy.net\\\/wp-content\\\/uploads\\\/2025\\\/09\\\/Captura-de-pantalla-2025-09-14-a-las-16.13.04.png?fit=1432%2C732&ssl=1\",\"width\":1432,\"height\":732},{\"@type\":\"BreadcrumbList\",\"@id\":\"https:\\\/\\\/luxonomy.net\\\/es\\\/el-evento-rockndrole-sacude-le-bon-marche-rive-gauche-para-la-temporada-de-regreso-a-las-clases\\\/#breadcrumb\",\"itemListElement\":[{\"@type\":\"ListItem\",\"position\":1,\"name\":\"Portada\",\"item\":\"https:\\\/\\\/luxonomy.net\\\/es\\\/\"},{\"@type\":\"ListItem\",\"position\":2,\"name\":\"El evento \u201cRock&#8217;n&#8217;Dr\u00f4le\u201d sacude Le Bon March\u00e9 Rive Gauche para la temporada de regreso a las clases\"}]},{\"@type\":\"WebSite\",\"@id\":\"https:\\\/\\\/luxonomy.net\\\/es\\\/#website\",\"url\":\"https:\\\/\\\/luxonomy.net\\\/es\\\/\",\"name\":\"LUXONOMY\",\"description\":\"The Economy of Fashion &amp; Luxury\",\"publisher\":{\"@id\":\"https:\\\/\\\/luxonomy.net\\\/es\\\/#organization\"},\"potentialAction\":[{\"@type\":\"SearchAction\",\"target\":{\"@type\":\"EntryPoint\",\"urlTemplate\":\"https:\\\/\\\/luxonomy.net\\\/es\\\/?s={search_term_string}\"},\"query-input\":{\"@type\":\"PropertyValueSpecification\",\"valueRequired\":true,\"valueName\":\"search_term_string\"}}],\"inLanguage\":\"es\"},{\"@type\":\"Organization\",\"@id\":\"https:\\\/\\\/luxonomy.net\\\/es\\\/#organization\",\"name\":\"LUXONOMY\",\"url\":\"https:\\\/\\\/luxonomy.net\\\/es\\\/\",\"logo\":{\"@type\":\"ImageObject\",\"inLanguage\":\"es\",\"@id\":\"https:\\\/\\\/luxonomy.net\\\/es\\\/#\\\/schema\\\/logo\\\/image\\\/\",\"url\":\"https:\\\/\\\/i2.wp.com\\\/luxonomy.net\\\/wp-content\\\/uploads\\\/2021\\\/09\\\/MOCKUP-TODOS-LUXONOMY.jpg?fit=1000%2C515&ssl=1\",\"contentUrl\":\"https:\\\/\\\/i2.wp.com\\\/luxonomy.net\\\/wp-content\\\/uploads\\\/2021\\\/09\\\/MOCKUP-TODOS-LUXONOMY.jpg?fit=1000%2C515&ssl=1\",\"width\":1000,\"height\":515,\"caption\":\"LUXONOMY\"},\"image\":{\"@id\":\"https:\\\/\\\/luxonomy.net\\\/es\\\/#\\\/schema\\\/logo\\\/image\\\/\"},\"sameAs\":[\"https:\\\/\\\/www.facebook.com\\\/luxonomy\",\"https:\\\/\\\/www.instagram.com\\\/luxonomy\\\/\",\"https:\\\/\\\/www.linkedin.com\\\/company\\\/luxonomy\\\/\"]},{\"@type\":\"Person\",\"@id\":\"https:\\\/\\\/luxonomy.net\\\/es\\\/#\\\/schema\\\/person\\\/1a813e5ec518f582af236d6344aa6c01\",\"name\":\"Kristi Ellis\",\"image\":{\"@type\":\"ImageObject\",\"inLanguage\":\"es\",\"@id\":\"https:\\\/\\\/luxonomy.net\\\/wp-content\\\/litespeed\\\/avatar\\\/ae0c58256b980352bba3c97a8f9abe32.jpg?ver=1787975034\",\"url\":\"https:\\\/\\\/luxonomy.net\\\/wp-content\\\/litespeed\\\/avatar\\\/ae0c58256b980352bba3c97a8f9abe32.jpg?ver=1787975034\",\"contentUrl\":\"https:\\\/\\\/luxonomy.net\\\/wp-content\\\/litespeed\\\/avatar\\\/ae0c58256b980352bba3c97a8f9abe32.jpg?ver=1787975034\",\"caption\":\"Kristi Ellis\"},\"url\":\"https:\\\/\\\/luxonomy.net\\\/es\\\/author\\\/kristi-ellis\\\/\"}]}<\/script>\n<!-- \/ Yoast SEO plugin. -->","yoast_head_json":{"title":"El evento \u201cRock'n'Dr\u00f4le\u201d sacude Le Bon March\u00e9 Rive Gauche para la temporada de regreso a las clases | LUXONOMY","robots":{"index":"index","follow":"follow","max-snippet":"max-snippet:-1","max-image-preview":"max-image-preview:large","max-video-preview":"max-video-preview:-1"},"canonical":"https:\/\/luxonomy.net\/es\/el-evento-rockndrole-sacude-le-bon-marche-rive-gauche-para-la-temporada-de-regreso-a-las-clases\/","og_locale":"es_ES","og_type":"article","og_title":"El evento \u201cRock'n'Dr\u00f4le\u201d sacude Le Bon March\u00e9 Rive Gauche para la temporada de regreso a las clases | LUXONOMY","og_description":"Orquestada por Antoine de Caunes, la exposici\u00f3n \u201cRock&#8217;n&#8217;Dr\u00f4le\u201d har\u00e1 vibrar los grandes almacenes Bon March\u00e9 Rive Gauche hasta el 19 de octubre. El principal fan\u00e1tico del rock de Francia, Antoine de Caunes, se hace cargo de la tienda, llevando el ritmo del rock&#8217;n&#8217;roll a cada piso e incluso repite su personaje de culto de Canal+&hellip;","og_url":"https:\/\/luxonomy.net\/es\/el-evento-rockndrole-sacude-le-bon-marche-rive-gauche-para-la-temporada-de-regreso-a-las-clases\/","og_site_name":"LUXONOMY","article_publisher":"https:\/\/www.facebook.com\/luxonomy","article_published_time":"2025-09-16T07:23:36+00:00","article_modified_time":"2025-09-16T12:02:04+00:00","og_image":[{"width":1432,"height":732,"url":"https:\/\/luxonomy.net\/wp-content\/uploads\/2025\/09\/Captura-de-pantalla-2025-09-14-a-las-16.13.04.png","type":"image\/png"}],"author":"Kristi Ellis","twitter_card":"summary_large_image","twitter_misc":{"Escrito por":"Kristi Ellis","Tiempo de lectura":"2 minutos"},"schema":{"@context":"https:\/\/schema.org","@graph":[{"@type":"Article","@id":"https:\/\/luxonomy.net\/es\/el-evento-rockndrole-sacude-le-bon-marche-rive-gauche-para-la-temporada-de-regreso-a-las-clases\/#article","isPartOf":{"@id":"https:\/\/luxonomy.net\/es\/el-evento-rockndrole-sacude-le-bon-marche-rive-gauche-para-la-temporada-de-regreso-a-las-clases\/"},"author":{"name":"Kristi Ellis","@id":"https:\/\/luxonomy.net\/es\/#\/schema\/person\/1a813e5ec518f582af236d6344aa6c01"},"headline":"El evento \u201cRock&#8217;n&#8217;Dr\u00f4le\u201d sacude Le Bon March\u00e9 Rive Gauche para la temporada de regreso a las clases","datePublished":"2025-09-16T07:23:36+00:00","dateModified":"2025-09-16T12:02:04+00:00","mainEntityOfPage":{"@id":"https:\/\/luxonomy.net\/es\/el-evento-rockndrole-sacude-le-bon-marche-rive-gauche-para-la-temporada-de-regreso-a-las-clases\/"},"wordCount":269,"commentCount":0,"publisher":{"@id":"https:\/\/luxonomy.net\/es\/#organization"},"image":{"@id":"https:\/\/luxonomy.net\/es\/el-evento-rockndrole-sacude-le-bon-marche-rive-gauche-para-la-temporada-de-regreso-a-las-clases\/#primaryimage"},"thumbnailUrl":"https:\/\/i0.wp.com\/luxonomy.net\/wp-content\/uploads\/2025\/09\/Captura-de-pantalla-2025-09-14-a-las-16.13.04.png?fit=1432%2C732&ssl=1","keywords":["Eventos","Le Bon March\u00e9 Rive Gauche","Paris"],"articleSection":["Eventos"],"inLanguage":"es","potentialAction":[{"@type":"CommentAction","name":"Comment","target":["https:\/\/luxonomy.net\/es\/el-evento-rockndrole-sacude-le-bon-marche-rive-gauche-para-la-temporada-de-regreso-a-las-clases\/#respond"]}]},{"@type":"WebPage","@id":"https:\/\/luxonomy.net\/es\/el-evento-rockndrole-sacude-le-bon-marche-rive-gauche-para-la-temporada-de-regreso-a-las-clases\/","url":"https:\/\/luxonomy.net\/es\/el-evento-rockndrole-sacude-le-bon-marche-rive-gauche-para-la-temporada-de-regreso-a-las-clases\/","name":"El evento \u201cRock'n'Dr\u00f4le\u201d sacude Le Bon March\u00e9 Rive Gauche para la temporada de regreso a las clases | LUXONOMY","isPartOf":{"@id":"https:\/\/luxonomy.net\/es\/#website"},"primaryImageOfPage":{"@id":"https:\/\/luxonomy.net\/es\/el-evento-rockndrole-sacude-le-bon-marche-rive-gauche-para-la-temporada-de-regreso-a-las-clases\/#primaryimage"},"image":{"@id":"https:\/\/luxonomy.net\/es\/el-evento-rockndrole-sacude-le-bon-marche-rive-gauche-para-la-temporada-de-regreso-a-las-clases\/#primaryimage"},"thumbnailUrl":"https:\/\/i0.wp.com\/luxonomy.net\/wp-content\/uploads\/2025\/09\/Captura-de-pantalla-2025-09-14-a-las-16.13.04.png?fit=1432%2C732&ssl=1","datePublished":"2025-09-16T07:23:36+00:00","dateModified":"2025-09-16T12:02:04+00:00","breadcrumb":{"@id":"https:\/\/luxonomy.net\/es\/el-evento-rockndrole-sacude-le-bon-marche-rive-gauche-para-la-temporada-de-regreso-a-las-clases\/#breadcrumb"},"inLanguage":"es","potentialAction":[{"@type":"ReadAction","target":["https:\/\/luxonomy.net\/es\/el-evento-rockndrole-sacude-le-bon-marche-rive-gauche-para-la-temporada-de-regreso-a-las-clases\/"]}]},{"@type":"ImageObject","inLanguage":"es","@id":"https:\/\/luxonomy.net\/es\/el-evento-rockndrole-sacude-le-bon-marche-rive-gauche-para-la-temporada-de-regreso-a-las-clases\/#primaryimage","url":"https:\/\/i0.wp.com\/luxonomy.net\/wp-content\/uploads\/2025\/09\/Captura-de-pantalla-2025-09-14-a-las-16.13.04.png?fit=1432%2C732&ssl=1","contentUrl":"https:\/\/i0.wp.com\/luxonomy.net\/wp-content\/uploads\/2025\/09\/Captura-de-pantalla-2025-09-14-a-las-16.13.04.png?fit=1432%2C732&ssl=1","width":1432,"height":732},{"@type":"BreadcrumbList","@id":"https:\/\/luxonomy.net\/es\/el-evento-rockndrole-sacude-le-bon-marche-rive-gauche-para-la-temporada-de-regreso-a-las-clases\/#breadcrumb","itemListElement":[{"@type":"ListItem","position":1,"name":"Portada","item":"https:\/\/luxonomy.net\/es\/"},{"@type":"ListItem","position":2,"name":"El evento \u201cRock&#8217;n&#8217;Dr\u00f4le\u201d sacude Le Bon March\u00e9 Rive Gauche para la temporada de regreso a las clases"}]},{"@type":"WebSite","@id":"https:\/\/luxonomy.net\/es\/#website","url":"https:\/\/luxonomy.net\/es\/","name":"LUXONOMY","description":"The Economy of Fashion &amp; Luxury","publisher":{"@id":"https:\/\/luxonomy.net\/es\/#organization"},"potentialAction":[{"@type":"SearchAction","target":{"@type":"EntryPoint","urlTemplate":"https:\/\/luxonomy.net\/es\/?s={search_term_string}"},"query-input":{"@type":"PropertyValueSpecification","valueRequired":true,"valueName":"search_term_string"}}],"inLanguage":"es"},{"@type":"Organization","@id":"https:\/\/luxonomy.net\/es\/#organization","name":"LUXONOMY","url":"https:\/\/luxonomy.net\/es\/","logo":{"@type":"ImageObject","inLanguage":"es","@id":"https:\/\/luxonomy.net\/es\/#\/schema\/logo\/image\/","url":"https:\/\/i2.wp.com\/luxonomy.net\/wp-content\/uploads\/2021\/09\/MOCKUP-TODOS-LUXONOMY.jpg?fit=1000%2C515&ssl=1","contentUrl":"https:\/\/i2.wp.com\/luxonomy.net\/wp-content\/uploads\/2021\/09\/MOCKUP-TODOS-LUXONOMY.jpg?fit=1000%2C515&ssl=1","width":1000,"height":515,"caption":"LUXONOMY"},"image":{"@id":"https:\/\/luxonomy.net\/es\/#\/schema\/logo\/image\/"},"sameAs":["https:\/\/www.facebook.com\/luxonomy","https:\/\/www.instagram.com\/luxonomy\/","https:\/\/www.linkedin.com\/company\/luxonomy\/"]},{"@type":"Person","@id":"https:\/\/luxonomy.net\/es\/#\/schema\/person\/1a813e5ec518f582af236d6344aa6c01","name":"Kristi Ellis","image":{"@type":"ImageObject","inLanguage":"es","@id":"https:\/\/luxonomy.net\/wp-content\/litespeed\/avatar\/ae0c58256b980352bba3c97a8f9abe32.jpg?ver=1787975034","url":"https:\/\/luxonomy.net\/wp-content\/litespeed\/avatar\/ae0c58256b980352bba3c97a8f9abe32.jpg?ver=1787975034","contentUrl":"https:\/\/luxonomy.net\/wp-content\/litespeed\/avatar\/ae0c58256b980352bba3c97a8f9abe32.jpg?ver=1787975034","caption":"Kristi Ellis"},"url":"https:\/\/luxonomy.net\/es\/author\/kristi-ellis\/"}]}},"jetpack_publicize_connections":[],"jetpack_shortlink":"https:\/\/wp.me\/paPhBa-hJo","jetpack_sharing_enabled":true,"jetpack_featured_media_url":"https:\/\/i0.wp.com\/luxonomy.net\/wp-content\/uploads\/2025\/09\/Captura-de-pantalla-2025-09-14-a-las-16.13.04.png?fit=1432%2C732&ssl=1","_links":{"self":[{"href":"https:\/\/luxonomy.net\/es\/wp-json\/wp\/v2\/posts\/68162","targetHints":{"allow":["GET"]}}],"collection":[{"href":"https:\/\/luxonomy.net\/es\/wp-json\/wp\/v2\/posts"}],"about":[{"href":"https:\/\/luxonomy.net\/es\/wp-json\/wp\/v2\/types\/post"}],"author":[{"embeddable":true,"href":"https:\/\/luxonomy.net\/es\/wp-json\/wp\/v2\/users\/11"}],"replies":[{"embeddable":true,"href":"https:\/\/luxonomy.net\/es\/wp-json\/wp\/v2\/comments?post=68162"}],"version-history":[{"count":2,"href":"https:\/\/luxonomy.net\/es\/wp-json\/wp\/v2\/posts\/68162\/revisions"}],"predecessor-version":[{"id":68172,"href":"https:\/\/luxonomy.net\/es\/wp-json\/wp\/v2\/posts\/68162\/revisions\/68172"}],"wp:featuredmedia":[{"embeddable":true,"href":"https:\/\/luxonomy.net\/es\/wp-json\/wp\/v2\/media\/68163"}],"wp:attachment":[{"href":"https:\/\/luxonomy.net\/es\/wp-json\/wp\/v2\/media?parent=68162"}],"wp:term":[{"taxonomy":"category","embeddable":true,"href":"https:\/\/luxonomy.net\/es\/wp-json\/wp\/v2\/categories?post=68162"},{"taxonomy":"post_tag","embeddable":true,"href":"https:\/\/luxonomy.net\/es\/wp-json\/wp\/v2\/tags?post=68162"},{"taxonomy":"thb-sponsors","embeddable":true,"href":"https:\/\/luxonomy.net\/es\/wp-json\/wp\/v2\/thb-sponsors?post=68162"}],"curies":[{"name":"wp","href":"https:\/\/api.w.org\/{rel}","templated":true}]}}