{"id":68066,"date":"2025-09-08T12:15:17","date_gmt":"2025-09-08T10:15:17","guid":{"rendered":"https:\/\/luxonomy.net\/?p=68066"},"modified":"2025-09-13T18:08:40","modified_gmt":"2025-09-13T16:08:40","slug":"premio-lvmh-2025-para-jovenes-disenadores-de-moda-12a-edicion-los-ganadores","status":"publish","type":"post","link":"https:\/\/luxonomy.net\/es\/premio-lvmh-2025-para-jovenes-disenadores-de-moda-12a-edicion-los-ganadores\/","title":{"rendered":"Premio LVMH 2025 para j\u00f3venes dise\u00f1adores de moda, 12\u00aa edici\u00f3n \u2013 Los ganadores"},"content":{"rendered":"\n<section data-slice-type=\"news_content\" data-slice-variation=\"default\">\n<div class=\"flex w-full max-w-full justify-center pt-14 md:pt-18 pb-14 md:pb-18 sm:container-layout-padding\">\n<div class=\"w-full  max-w-full  container-layout-padding lg:max-w-screen-lg pt-14 pb-18 md:py-36 bg-white md:px-0 mx-auto gridLayoutPadding lg:max-w-screen-lg\">\n<div class=\"col-span-full flex flex-col gap-14 last:mb-0 sm:col-start-2 sm:col-end-8 md:col-start-3 md:col-end-11\">\n<div class=\"flex flex-col gap-14 text-left\">\n<div class=\"dad65929\">\n<div class=\"_4f9bf79 d7dc56a8 _43c05b5\">\n<div class=\"ds-message _656c965\">\n<div class=\"ds-markdown\">\n<p class=\"ds-markdown-paragraph\"><strong>La final de la 12.\u00aa edici\u00f3n del Premio LVMH para J\u00f3venes Dise\u00f1adores de Moda se celebr\u00f3 el 3 de septiembre de 2025 en la Fundaci\u00f3n Louis Vuitton.<\/strong><\/p>\n<p class=\"ds-markdown-paragraph\">Los ganadores fueron seleccionados por un jurado compuesto por nueve directores creativos de las marcas de LVMH \u2013 Jonathan Anderson, Sarah Burton, Nicolas Ghesqui\u00e8re, Marc Jacobs, Stella McCartney, Nigo, Phoebe Philo, Silvia Venturini Fendi y Pharrell Williams \u2013 as\u00ed como por Delphine Arnault, Jean-Paul Claverie y Sidney Toledano. Deepika Padukone, la actriz de Bollywood de renombre internacional, tambi\u00e9n se uni\u00f3 al jurado de 2025 como invitada especial.<\/p>\n<p class=\"ds-markdown-paragraph\"><strong>Declaraci\u00f3n de Delphine Arnault:<\/strong><\/p><div id=\"luxon-3566966075\" class=\"luxon-3er-parrafo luxon-entity-placement\" style=\"margin-top: 20px;margin-bottom: 20px;margin-left: auto;margin-right: auto;text-align: center;\"><a href=\"https:\/\/luxonomy.university\/course\/master-turismo-de-lujo\" target=\"_blank\" aria-label=\"master-turismo-lujo-2026-2027\"><img loading=\"lazy\" decoding=\"async\" src=\"https:\/\/i0.wp.com\/luxonomy.net\/wp-content\/uploads\/2020\/07\/master-turismo-lujo-2026-2027.jpg?fit=1672%2C941&#038;ssl=1\" alt=\"\"  srcset=\"https:\/\/i0.wp.com\/luxonomy.net\/wp-content\/uploads\/2020\/07\/master-turismo-lujo-2026-2027.jpg?w=1672&ssl=1 1672w, https:\/\/i0.wp.com\/luxonomy.net\/wp-content\/uploads\/2020\/07\/master-turismo-lujo-2026-2027.jpg?resize=300%2C169&ssl=1 300w, https:\/\/i0.wp.com\/luxonomy.net\/wp-content\/uploads\/2020\/07\/master-turismo-lujo-2026-2027.jpg?resize=1024%2C576&ssl=1 1024w, https:\/\/i0.wp.com\/luxonomy.net\/wp-content\/uploads\/2020\/07\/master-turismo-lujo-2026-2027.jpg?resize=768%2C432&ssl=1 768w, https:\/\/i0.wp.com\/luxonomy.net\/wp-content\/uploads\/2020\/07\/master-turismo-lujo-2026-2027.jpg?resize=1536%2C864&ssl=1 1536w, https:\/\/i0.wp.com\/luxonomy.net\/wp-content\/uploads\/2020\/07\/master-turismo-lujo-2026-2027.jpg?resize=370%2C208&ssl=1 370w, https:\/\/i0.wp.com\/luxonomy.net\/wp-content\/uploads\/2020\/07\/master-turismo-lujo-2026-2027.jpg?resize=800%2C450&ssl=1 800w, https:\/\/i0.wp.com\/luxonomy.net\/wp-content\/uploads\/2020\/07\/master-turismo-lujo-2026-2027.jpg?resize=20%2C11&ssl=1 20w, https:\/\/i0.wp.com\/luxonomy.net\/wp-content\/uploads\/2020\/07\/master-turismo-lujo-2026-2027.jpg?resize=740%2C416&ssl=1 740w, https:\/\/i0.wp.com\/luxonomy.net\/wp-content\/uploads\/2020\/07\/master-turismo-lujo-2026-2027.jpg?resize=1600%2C900&ssl=1 1600w, https:\/\/i0.wp.com\/luxonomy.net\/wp-content\/uploads\/2020\/07\/master-turismo-lujo-2026-2027.jpg?resize=1200%2C675&ssl=1 1200w, https:\/\/i0.wp.com\/luxonomy.net\/wp-content\/uploads\/2020\/07\/master-turismo-lujo-2026-2027.jpg?resize=85%2C48&ssl=1 85w\" sizes=\"(max-width: 1170px) 100vw, 1170px\" class=\"no-lazyload\" width=\"1672\" height=\"941\"   \/><\/a><\/div>\n<p class=\"ds-markdown-paragraph\">\u201cUna vez m\u00e1s, ha sido un honor dar la bienvenida a los miembros de este prestigioso jurado a la Fundaci\u00f3n Louis Vuitton. Me gustar\u00eda agradecerles calurosamente su compromiso con esta edici\u00f3n y su valioso apoyo a los j\u00f3venes dise\u00f1adores.<\/p>\n<p class=\"ds-markdown-paragraph\">Este a\u00f1o, el\u00a0<strong>Premio LVMH<\/strong>\u00a0se otorg\u00f3 a\u00a0<strong>Soshiotsuki<\/strong>\u00a0por sus colecciones distintivas, que destacan por su sastrer\u00eda impecable y materiales refinados. El\u00a0<strong>Premio Karl Lagerfeld<\/strong>\u00a0se otorg\u00f3 a\u00a0<strong>Steve O Smith<\/strong>\u00a0por sus piezas \u00fanicas y bellamente ejecutadas que trasladan sus bocetos a la alta costura.<\/p>\n<p class=\"ds-markdown-paragraph\">El\u00a0<strong>Premio Savoir-Faire (Saber Hacer)<\/strong>\u00a0fue para\u00a0<strong>Torish\u00e9ju<\/strong>\u00a0por dise\u00f1os con cortes y vol\u00famenes audaces que est\u00e1n arraigados en su propia herencia multicultural.<\/p>\n<p class=\"ds-markdown-paragraph\">Me gustar\u00eda extender mis m\u00e1s sinceras felicitaciones a todos los finalistas. Aplaudo su talento \u00fanico y su notable creatividad. Y tambi\u00e9n me gustar\u00eda expresar mi m\u00e1s profunda gratitud a tres actrices muy inspiradoras \u2013 Deepika Padukone, Anna Sawai y Camille Cottin \u2013 por estar hoy con nosotros\u201d.<\/p><div id=\"luxon-2578499030\" class=\"luxon-7-parrafo luxon-entity-placement\" style=\"margin-top: 20px;margin-bottom: 20px;margin-left: auto;margin-right: auto;text-align: center;\"><a href=\"https:\/\/theintelligence.institute\/course\/inteligencia-artificial-para-directivos\" target=\"_blank\" aria-label=\"CSIAD_empresas_THEI_horizontal_4x3_v5\"><img loading=\"lazy\" decoding=\"async\" src=\"https:\/\/i0.wp.com\/luxonomy.net\/wp-content\/uploads\/2025\/08\/CSIAD_empresas_THEI_horizontal_4x3_v5.png?fit=2000%2C1500&#038;ssl=1\" alt=\"\"  srcset=\"https:\/\/i0.wp.com\/luxonomy.net\/wp-content\/uploads\/2025\/08\/CSIAD_empresas_THEI_horizontal_4x3_v5.png?w=2000&ssl=1 2000w, https:\/\/i0.wp.com\/luxonomy.net\/wp-content\/uploads\/2025\/08\/CSIAD_empresas_THEI_horizontal_4x3_v5.png?resize=300%2C225&ssl=1 300w, https:\/\/i0.wp.com\/luxonomy.net\/wp-content\/uploads\/2025\/08\/CSIAD_empresas_THEI_horizontal_4x3_v5.png?resize=1024%2C768&ssl=1 1024w, https:\/\/i0.wp.com\/luxonomy.net\/wp-content\/uploads\/2025\/08\/CSIAD_empresas_THEI_horizontal_4x3_v5.png?resize=768%2C576&ssl=1 768w, https:\/\/i0.wp.com\/luxonomy.net\/wp-content\/uploads\/2025\/08\/CSIAD_empresas_THEI_horizontal_4x3_v5.png?resize=1536%2C1152&ssl=1 1536w, https:\/\/i0.wp.com\/luxonomy.net\/wp-content\/uploads\/2025\/08\/CSIAD_empresas_THEI_horizontal_4x3_v5.png?resize=370%2C278&ssl=1 370w, https:\/\/i0.wp.com\/luxonomy.net\/wp-content\/uploads\/2025\/08\/CSIAD_empresas_THEI_horizontal_4x3_v5.png?resize=800%2C600&ssl=1 800w, https:\/\/i0.wp.com\/luxonomy.net\/wp-content\/uploads\/2025\/08\/CSIAD_empresas_THEI_horizontal_4x3_v5.png?resize=20%2C15&ssl=1 20w, https:\/\/i0.wp.com\/luxonomy.net\/wp-content\/uploads\/2025\/08\/CSIAD_empresas_THEI_horizontal_4x3_v5.png?resize=740%2C555&ssl=1 740w, https:\/\/i0.wp.com\/luxonomy.net\/wp-content\/uploads\/2025\/08\/CSIAD_empresas_THEI_horizontal_4x3_v5.png?resize=1600%2C1200&ssl=1 1600w, https:\/\/i0.wp.com\/luxonomy.net\/wp-content\/uploads\/2025\/08\/CSIAD_empresas_THEI_horizontal_4x3_v5.png?resize=1200%2C900&ssl=1 1200w, https:\/\/i0.wp.com\/luxonomy.net\/wp-content\/uploads\/2025\/08\/CSIAD_empresas_THEI_horizontal_4x3_v5.png?resize=64%2C48&ssl=1 64w\" sizes=\"(max-width: 1170px) 100vw, 1170px\" class=\"no-lazyload\" width=\"2000\" height=\"1500\"   \/><\/a><\/div>\n<p class=\"ds-markdown-paragraph\"><strong>PREMIOS PRINCIPALES<\/strong><\/p>\n<ul>\n<li>\n<p class=\"ds-markdown-paragraph\"><strong>PREMIO LVMH:<\/strong>\u00a0El Jurado otorg\u00f3 el\u00a0<strong>Premio LVMH<\/strong>\u00a0al dise\u00f1ador\u00a0<strong>japon\u00e9s Soshi Otsuki<\/strong>, de 35 a\u00f1os, fundador de la marca de moda masculina\u00a0<strong>Soshiotsuki<\/strong>. Recibir\u00e1 una dotaci\u00f3n de\u00a0<strong>400.000 \u20ac<\/strong>\u00a0y ser\u00e1 tutorizado durante un a\u00f1o por un equipo de expertos de LVMH.<\/p>\n<ul>\n<li>\n<p class=\"ds-markdown-paragraph\"><em>Deepika Padukone, vestida de Louis Vuitton, present\u00f3 el Premio LVMH a Soshi Otsuki.<\/em><\/p>\n<\/li>\n<\/ul>\n<\/li>\n<li>\n<p class=\"ds-markdown-paragraph\"><strong>PREMIO KARL LAGERFELD:<\/strong>\u00a0El\u00a0<strong>Premio Karl Lagerfeld<\/strong>\u00a0se otorg\u00f3 al dise\u00f1ador\u00a0<strong>brit\u00e1nico Steve O Smith<\/strong>, de 33 a\u00f1os, fundador de su hom\u00f3nima marca de moda femenina y masculina. Incluye una dotaci\u00f3n de\u00a0<strong>200.000 \u20ac<\/strong>\u00a0y un a\u00f1o de tutor\u00eda por parte del Grupo LVMH.<\/p>\n<ul>\n<li>\n<p class=\"ds-markdown-paragraph\"><em>La actriz Anna Sawai, vestida de Dior, revel\u00f3 el nombre del ganador de este premio.<\/em><\/p>\n<\/li>\n<\/ul>\n<\/li>\n<li>\n<p class=\"ds-markdown-paragraph\"><strong>PREMIO SAVOIR-FAIRE (SABER HACER):<\/strong>\u00a0El\u00a0<strong>Premio Savoir-Faire<\/strong>\u00a0se otorg\u00f3 a la dise\u00f1adora\u00a0<strong>brit\u00e1nica Torish\u00e9ju Dumi<\/strong>, de 32 a\u00f1os, por su marca de moda femenina y masculina\u00a0<strong>Torish\u00e9ju<\/strong>. Recibir\u00e1\u00a0<strong>200.000 \u20ac<\/strong>\u00a0y disfrutar\u00e1 de una tutor\u00eda de un a\u00f1o por parte de un equipo de expertos de LVMH. Tambi\u00e9n recibir\u00e1 apoyo de LVMH M\u00e9tiers d\u2019Excellence a trav\u00e9s de una colaboraci\u00f3n con Maison Vermont, especialista en bordados, que le proporcionar\u00e1\u00a0<strong>50.000 \u20ac en adornos<\/strong>\u00a0para su pr\u00f3xima colecci\u00f3n.<\/p>\n<ul>\n<li>\n<p class=\"ds-markdown-paragraph\"><em>El premio fue presentado por la actriz Camille Cottin, vestida de Dior.<\/em><\/p>\n<\/li>\n<\/ul>\n<\/li>\n<\/ul>\n<p class=\"ds-markdown-paragraph\">Adem\u00e1s, cada uno de los ganadores se beneficiar\u00e1 de un programa de tutor\u00eda espec\u00edfico y de un cr\u00e9dito en la plataforma\u00a0<strong>Nona Source<\/strong>, que recicla excedentes de materiales de las marcas de Moda y Marroquiner\u00eda del Grupo. El ganador del Premio LVMH recibir\u00e1 20.000 euros, mientras que los ganadores de los premios Karl Lagerfeld y Savoir-Faire recibir\u00e1n 10.000 euros cada uno.<\/p>\n<p class=\"ds-markdown-paragraph\"><strong>PREMIO LVMH PARA GRADUADOS EN ESCUELAS DE MODA<\/strong><\/p>\n<p class=\"ds-markdown-paragraph\">Por \u00faltimo, se reconocio a tres reci\u00e9n graduados en escuelas de moda:\u00a0<strong>Louna Clozel<\/strong>\u00a0(La Cambre, Bruselas),\u00a0<strong>Sophia Sacchetti<\/strong>\u00a0(Parsons Par\u00eds) y\u00a0<strong>Peiwen Mao<\/strong>\u00a0(Real Academia de Bellas Artes de Amberes). Ellos y sus\u00a0<em>alma m\u00e1ter<\/em> recibir\u00e1n una beca de 10.000 euros cada uno. Los graduados se incorporar\u00e1n, respectivamente, a los estudios de Louis Vuitton Hombre, Kenzo y Dior moda femenina.<\/p>\n<\/div>\n<\/div>\n<\/div>\n<\/div>\n<\/div>\n<\/div>\n<\/div>\n<\/div>\n<\/section>\n","protected":false},"excerpt":{"rendered":"<p>La final de la 12.\u00aa edici\u00f3n del Premio LVMH para J\u00f3venes Dise\u00f1adores de Moda se celebr\u00f3 el 3 de septiembre de 2025 en la Fundaci\u00f3n Louis Vuitton. Los ganadores fueron seleccionados por un jurado compuesto por nueve directores creativos de las marcas de LVMH \u2013 Jonathan Anderson, Sarah Burton, Nicolas Ghesqui\u00e8re, Marc Jacobs, Stella McCartney,&hellip;<\/p>\n","protected":false},"author":11,"featured_media":67951,"comment_status":"open","ping_status":"open","sticky":false,"template":"","format":"gallery","meta":{"_jetpack_newsletter_access":"","_jetpack_dont_email_post_to_subs":true,"_jetpack_newsletter_tier_id":0,"_jetpack_memberships_contains_paywalled_content":false,"_jetpack_feature_clip_id":0,"_jetpack_memberships_contains_paid_content":false,"footnotes":"","jetpack_publicize_message":"","jetpack_publicize_feature_enabled":false,"jetpack_social_post_already_shared":false,"jetpack_social_options":{"image_generator_settings":{"template":"edge","default_image_id":0,"font":"","enabled":true,"token":"eyJpbWciOiJodHRwczpcL1wvbHV4b25vbXkubmV0XC93cC1jb250ZW50XC91cGxvYWRzXC8yMDI1XC8wOVwvQ2FwdHVyYS1kZS1wYW50YWxsYS0yMDI1LTA5LTA1LWEtbGFzLTEyLjA1LjQ4LTEwMjR4NjgyLnBuZyIsInR4dCI6IlByZW1pbyBMVk1IIDIwMjUgcGFyYSBqXHUwMGYzdmVuZXMgZGlzZVx1MDBmMWFkb3JlcyBkZSBtb2RhLCAxMlx1MDBhYSBlZGljaVx1MDBmM24gXHUyMDEzIExvcyBnYW5hZG9yZXMiLCJ0ZW1wbGF0ZSI6ImVkZ2UiLCJmb250IjoiIiwiYmxvZ19pZCI6MTU5OTg1NzQwfQ.AGVT0NYSBob5CrY2MN1ySSm2kGVnkLKxsD2jiR23qasMQ"},"version":2},"jetpack_post_was_ever_published":false},"categories":[227],"tags":[228,9917],"thb-sponsors":[],"class_list":["post-68066","post","type-post","status-publish","format-gallery","has-post-thumbnail","hentry","category-eventos","tag-eventos","tag-premio-lvmh-2025-para-jovenes-disenadores-de-moda","post_format-post-format-gallery"],"yoast_head":"<!-- This site is optimized with the Yoast SEO plugin v28.4 - https:\/\/yoast.com\/product\/yoast-seo-wordpress\/ -->\n<title>Premio LVMH 2025 para j\u00f3venes dise\u00f1adores de moda, 12\u00aa edici\u00f3n \u2013 Los ganadores | LUXONOMY<\/title>\n<meta name=\"robots\" content=\"index, follow, max-snippet:-1, max-image-preview:large, max-video-preview:-1\" \/>\n<link rel=\"canonical\" href=\"https:\/\/luxonomy.net\/es\/premio-lvmh-2025-para-jovenes-disenadores-de-moda-12a-edicion-los-ganadores\/\" \/>\n<meta property=\"og:locale\" content=\"es_ES\" \/>\n<meta property=\"og:type\" content=\"article\" \/>\n<meta property=\"og:title\" content=\"Premio LVMH 2025 para j\u00f3venes dise\u00f1adores de moda, 12\u00aa edici\u00f3n \u2013 Los ganadores | LUXONOMY\" \/>\n<meta property=\"og:description\" content=\"La final de la 12.\u00aa edici\u00f3n del Premio LVMH para J\u00f3venes Dise\u00f1adores de Moda se celebr\u00f3 el 3 de septiembre de 2025 en la Fundaci\u00f3n Louis Vuitton. Los ganadores fueron seleccionados por un jurado compuesto por nueve directores creativos de las marcas de LVMH \u2013 Jonathan Anderson, Sarah Burton, Nicolas Ghesqui\u00e8re, Marc Jacobs, Stella McCartney,&hellip;\" \/>\n<meta property=\"og:url\" content=\"https:\/\/luxonomy.net\/es\/premio-lvmh-2025-para-jovenes-disenadores-de-moda-12a-edicion-los-ganadores\/\" \/>\n<meta property=\"og:site_name\" content=\"LUXONOMY\" \/>\n<meta property=\"article:publisher\" content=\"https:\/\/www.facebook.com\/luxonomy\" \/>\n<meta property=\"article:published_time\" content=\"2025-09-08T10:15:17+00:00\" \/>\n<meta property=\"article:modified_time\" content=\"2025-09-13T16:08:40+00:00\" \/>\n<meta property=\"og:image\" content=\"https:\/\/luxonomy.net\/wp-content\/uploads\/2025\/09\/Captura-de-pantalla-2025-09-05-a-las-12.05.48.png\" \/>\n\t<meta property=\"og:image:width\" content=\"1426\" \/>\n\t<meta property=\"og:image:height\" content=\"950\" \/>\n\t<meta property=\"og:image:type\" content=\"image\/png\" \/>\n<meta name=\"author\" content=\"Kristi Ellis\" \/>\n<meta name=\"twitter:card\" content=\"summary_large_image\" \/>\n<meta name=\"twitter:label1\" content=\"Escrito por\" \/>\n\t<meta name=\"twitter:data1\" content=\"Kristi Ellis\" \/>\n\t<meta name=\"twitter:label2\" content=\"Tiempo de lectura\" \/>\n\t<meta name=\"twitter:data2\" content=\"3 minutos\" \/>\n<script type=\"application\/ld+json\" class=\"yoast-schema-graph\">{\"@context\":\"https:\\\/\\\/schema.org\",\"@graph\":[{\"@type\":\"Article\",\"@id\":\"https:\\\/\\\/luxonomy.net\\\/es\\\/premio-lvmh-2025-para-jovenes-disenadores-de-moda-12a-edicion-los-ganadores\\\/#article\",\"isPartOf\":{\"@id\":\"https:\\\/\\\/luxonomy.net\\\/es\\\/premio-lvmh-2025-para-jovenes-disenadores-de-moda-12a-edicion-los-ganadores\\\/\"},\"author\":{\"name\":\"Kristi Ellis\",\"@id\":\"https:\\\/\\\/luxonomy.net\\\/es\\\/#\\\/schema\\\/person\\\/1a813e5ec518f582af236d6344aa6c01\"},\"headline\":\"Premio LVMH 2025 para j\u00f3venes dise\u00f1adores de moda, 12\u00aa edici\u00f3n \u2013 Los ganadores\",\"datePublished\":\"2025-09-08T10:15:17+00:00\",\"dateModified\":\"2025-09-13T16:08:40+00:00\",\"mainEntityOfPage\":{\"@id\":\"https:\\\/\\\/luxonomy.net\\\/es\\\/premio-lvmh-2025-para-jovenes-disenadores-de-moda-12a-edicion-los-ganadores\\\/\"},\"wordCount\":641,\"commentCount\":0,\"publisher\":{\"@id\":\"https:\\\/\\\/luxonomy.net\\\/es\\\/#organization\"},\"image\":{\"@id\":\"https:\\\/\\\/luxonomy.net\\\/es\\\/premio-lvmh-2025-para-jovenes-disenadores-de-moda-12a-edicion-los-ganadores\\\/#primaryimage\"},\"thumbnailUrl\":\"https:\\\/\\\/i0.wp.com\\\/luxonomy.net\\\/wp-content\\\/uploads\\\/2025\\\/09\\\/Captura-de-pantalla-2025-09-05-a-las-12.05.48.png?fit=1426%2C950&ssl=1\",\"keywords\":[\"Eventos\",\"PREMIO LVMH 2025 PARA J\u00d3VENES DISE\u00d1ADORES DE MODA\"],\"articleSection\":[\"Eventos\"],\"inLanguage\":\"es\",\"potentialAction\":[{\"@type\":\"CommentAction\",\"name\":\"Comment\",\"target\":[\"https:\\\/\\\/luxonomy.net\\\/es\\\/premio-lvmh-2025-para-jovenes-disenadores-de-moda-12a-edicion-los-ganadores\\\/#respond\"]}]},{\"@type\":\"WebPage\",\"@id\":\"https:\\\/\\\/luxonomy.net\\\/es\\\/premio-lvmh-2025-para-jovenes-disenadores-de-moda-12a-edicion-los-ganadores\\\/\",\"url\":\"https:\\\/\\\/luxonomy.net\\\/es\\\/premio-lvmh-2025-para-jovenes-disenadores-de-moda-12a-edicion-los-ganadores\\\/\",\"name\":\"Premio LVMH 2025 para j\u00f3venes dise\u00f1adores de moda, 12\u00aa edici\u00f3n \u2013 Los ganadores | LUXONOMY\",\"isPartOf\":{\"@id\":\"https:\\\/\\\/luxonomy.net\\\/es\\\/#website\"},\"primaryImageOfPage\":{\"@id\":\"https:\\\/\\\/luxonomy.net\\\/es\\\/premio-lvmh-2025-para-jovenes-disenadores-de-moda-12a-edicion-los-ganadores\\\/#primaryimage\"},\"image\":{\"@id\":\"https:\\\/\\\/luxonomy.net\\\/es\\\/premio-lvmh-2025-para-jovenes-disenadores-de-moda-12a-edicion-los-ganadores\\\/#primaryimage\"},\"thumbnailUrl\":\"https:\\\/\\\/i0.wp.com\\\/luxonomy.net\\\/wp-content\\\/uploads\\\/2025\\\/09\\\/Captura-de-pantalla-2025-09-05-a-las-12.05.48.png?fit=1426%2C950&ssl=1\",\"datePublished\":\"2025-09-08T10:15:17+00:00\",\"dateModified\":\"2025-09-13T16:08:40+00:00\",\"breadcrumb\":{\"@id\":\"https:\\\/\\\/luxonomy.net\\\/es\\\/premio-lvmh-2025-para-jovenes-disenadores-de-moda-12a-edicion-los-ganadores\\\/#breadcrumb\"},\"inLanguage\":\"es\",\"potentialAction\":[{\"@type\":\"ReadAction\",\"target\":[\"https:\\\/\\\/luxonomy.net\\\/es\\\/premio-lvmh-2025-para-jovenes-disenadores-de-moda-12a-edicion-los-ganadores\\\/\"]}]},{\"@type\":\"ImageObject\",\"inLanguage\":\"es\",\"@id\":\"https:\\\/\\\/luxonomy.net\\\/es\\\/premio-lvmh-2025-para-jovenes-disenadores-de-moda-12a-edicion-los-ganadores\\\/#primaryimage\",\"url\":\"https:\\\/\\\/i0.wp.com\\\/luxonomy.net\\\/wp-content\\\/uploads\\\/2025\\\/09\\\/Captura-de-pantalla-2025-09-05-a-las-12.05.48.png?fit=1426%2C950&ssl=1\",\"contentUrl\":\"https:\\\/\\\/i0.wp.com\\\/luxonomy.net\\\/wp-content\\\/uploads\\\/2025\\\/09\\\/Captura-de-pantalla-2025-09-05-a-las-12.05.48.png?fit=1426%2C950&ssl=1\",\"width\":1426,\"height\":950},{\"@type\":\"BreadcrumbList\",\"@id\":\"https:\\\/\\\/luxonomy.net\\\/es\\\/premio-lvmh-2025-para-jovenes-disenadores-de-moda-12a-edicion-los-ganadores\\\/#breadcrumb\",\"itemListElement\":[{\"@type\":\"ListItem\",\"position\":1,\"name\":\"Portada\",\"item\":\"https:\\\/\\\/luxonomy.net\\\/es\\\/\"},{\"@type\":\"ListItem\",\"position\":2,\"name\":\"Premio LVMH 2025 para j\u00f3venes dise\u00f1adores de moda, 12\u00aa edici\u00f3n \u2013 Los ganadores\"}]},{\"@type\":\"WebSite\",\"@id\":\"https:\\\/\\\/luxonomy.net\\\/es\\\/#website\",\"url\":\"https:\\\/\\\/luxonomy.net\\\/es\\\/\",\"name\":\"LUXONOMY\",\"description\":\"The Economy of Fashion &amp; Luxury\",\"publisher\":{\"@id\":\"https:\\\/\\\/luxonomy.net\\\/es\\\/#organization\"},\"potentialAction\":[{\"@type\":\"SearchAction\",\"target\":{\"@type\":\"EntryPoint\",\"urlTemplate\":\"https:\\\/\\\/luxonomy.net\\\/es\\\/?s={search_term_string}\"},\"query-input\":{\"@type\":\"PropertyValueSpecification\",\"valueRequired\":true,\"valueName\":\"search_term_string\"}}],\"inLanguage\":\"es\"},{\"@type\":\"Organization\",\"@id\":\"https:\\\/\\\/luxonomy.net\\\/es\\\/#organization\",\"name\":\"LUXONOMY\",\"url\":\"https:\\\/\\\/luxonomy.net\\\/es\\\/\",\"logo\":{\"@type\":\"ImageObject\",\"inLanguage\":\"es\",\"@id\":\"https:\\\/\\\/luxonomy.net\\\/es\\\/#\\\/schema\\\/logo\\\/image\\\/\",\"url\":\"https:\\\/\\\/i2.wp.com\\\/luxonomy.net\\\/wp-content\\\/uploads\\\/2021\\\/09\\\/MOCKUP-TODOS-LUXONOMY.jpg?fit=1000%2C515&ssl=1\",\"contentUrl\":\"https:\\\/\\\/i2.wp.com\\\/luxonomy.net\\\/wp-content\\\/uploads\\\/2021\\\/09\\\/MOCKUP-TODOS-LUXONOMY.jpg?fit=1000%2C515&ssl=1\",\"width\":1000,\"height\":515,\"caption\":\"LUXONOMY\"},\"image\":{\"@id\":\"https:\\\/\\\/luxonomy.net\\\/es\\\/#\\\/schema\\\/logo\\\/image\\\/\"},\"sameAs\":[\"https:\\\/\\\/www.facebook.com\\\/luxonomy\",\"https:\\\/\\\/www.instagram.com\\\/luxonomy\\\/\",\"https:\\\/\\\/www.linkedin.com\\\/company\\\/luxonomy\\\/\"]},{\"@type\":\"Person\",\"@id\":\"https:\\\/\\\/luxonomy.net\\\/es\\\/#\\\/schema\\\/person\\\/1a813e5ec518f582af236d6344aa6c01\",\"name\":\"Kristi Ellis\",\"image\":{\"@type\":\"ImageObject\",\"inLanguage\":\"es\",\"@id\":\"https:\\\/\\\/luxonomy.net\\\/wp-content\\\/litespeed\\\/avatar\\\/ae0c58256b980352bba3c97a8f9abe32.jpg?ver=1787975034\",\"url\":\"https:\\\/\\\/luxonomy.net\\\/wp-content\\\/litespeed\\\/avatar\\\/ae0c58256b980352bba3c97a8f9abe32.jpg?ver=1787975034\",\"contentUrl\":\"https:\\\/\\\/luxonomy.net\\\/wp-content\\\/litespeed\\\/avatar\\\/ae0c58256b980352bba3c97a8f9abe32.jpg?ver=1787975034\",\"caption\":\"Kristi Ellis\"},\"url\":\"https:\\\/\\\/luxonomy.net\\\/es\\\/author\\\/kristi-ellis\\\/\"}]}<\/script>\n<!-- \/ Yoast SEO plugin. -->","yoast_head_json":{"title":"Premio LVMH 2025 para j\u00f3venes dise\u00f1adores de moda, 12\u00aa edici\u00f3n \u2013 Los ganadores | LUXONOMY","robots":{"index":"index","follow":"follow","max-snippet":"max-snippet:-1","max-image-preview":"max-image-preview:large","max-video-preview":"max-video-preview:-1"},"canonical":"https:\/\/luxonomy.net\/es\/premio-lvmh-2025-para-jovenes-disenadores-de-moda-12a-edicion-los-ganadores\/","og_locale":"es_ES","og_type":"article","og_title":"Premio LVMH 2025 para j\u00f3venes dise\u00f1adores de moda, 12\u00aa edici\u00f3n \u2013 Los ganadores | LUXONOMY","og_description":"La final de la 12.\u00aa edici\u00f3n del Premio LVMH para J\u00f3venes Dise\u00f1adores de Moda se celebr\u00f3 el 3 de septiembre de 2025 en la Fundaci\u00f3n Louis Vuitton. Los ganadores fueron seleccionados por un jurado compuesto por nueve directores creativos de las marcas de LVMH \u2013 Jonathan Anderson, Sarah Burton, Nicolas Ghesqui\u00e8re, Marc Jacobs, Stella McCartney,&hellip;","og_url":"https:\/\/luxonomy.net\/es\/premio-lvmh-2025-para-jovenes-disenadores-de-moda-12a-edicion-los-ganadores\/","og_site_name":"LUXONOMY","article_publisher":"https:\/\/www.facebook.com\/luxonomy","article_published_time":"2025-09-08T10:15:17+00:00","article_modified_time":"2025-09-13T16:08:40+00:00","og_image":[{"width":1426,"height":950,"url":"https:\/\/luxonomy.net\/wp-content\/uploads\/2025\/09\/Captura-de-pantalla-2025-09-05-a-las-12.05.48.png","type":"image\/png"}],"author":"Kristi Ellis","twitter_card":"summary_large_image","twitter_misc":{"Escrito por":"Kristi Ellis","Tiempo de lectura":"3 minutos"},"schema":{"@context":"https:\/\/schema.org","@graph":[{"@type":"Article","@id":"https:\/\/luxonomy.net\/es\/premio-lvmh-2025-para-jovenes-disenadores-de-moda-12a-edicion-los-ganadores\/#article","isPartOf":{"@id":"https:\/\/luxonomy.net\/es\/premio-lvmh-2025-para-jovenes-disenadores-de-moda-12a-edicion-los-ganadores\/"},"author":{"name":"Kristi Ellis","@id":"https:\/\/luxonomy.net\/es\/#\/schema\/person\/1a813e5ec518f582af236d6344aa6c01"},"headline":"Premio LVMH 2025 para j\u00f3venes dise\u00f1adores de moda, 12\u00aa edici\u00f3n \u2013 Los ganadores","datePublished":"2025-09-08T10:15:17+00:00","dateModified":"2025-09-13T16:08:40+00:00","mainEntityOfPage":{"@id":"https:\/\/luxonomy.net\/es\/premio-lvmh-2025-para-jovenes-disenadores-de-moda-12a-edicion-los-ganadores\/"},"wordCount":641,"commentCount":0,"publisher":{"@id":"https:\/\/luxonomy.net\/es\/#organization"},"image":{"@id":"https:\/\/luxonomy.net\/es\/premio-lvmh-2025-para-jovenes-disenadores-de-moda-12a-edicion-los-ganadores\/#primaryimage"},"thumbnailUrl":"https:\/\/i0.wp.com\/luxonomy.net\/wp-content\/uploads\/2025\/09\/Captura-de-pantalla-2025-09-05-a-las-12.05.48.png?fit=1426%2C950&ssl=1","keywords":["Eventos","PREMIO LVMH 2025 PARA J\u00d3VENES DISE\u00d1ADORES DE MODA"],"articleSection":["Eventos"],"inLanguage":"es","potentialAction":[{"@type":"CommentAction","name":"Comment","target":["https:\/\/luxonomy.net\/es\/premio-lvmh-2025-para-jovenes-disenadores-de-moda-12a-edicion-los-ganadores\/#respond"]}]},{"@type":"WebPage","@id":"https:\/\/luxonomy.net\/es\/premio-lvmh-2025-para-jovenes-disenadores-de-moda-12a-edicion-los-ganadores\/","url":"https:\/\/luxonomy.net\/es\/premio-lvmh-2025-para-jovenes-disenadores-de-moda-12a-edicion-los-ganadores\/","name":"Premio LVMH 2025 para j\u00f3venes dise\u00f1adores de moda, 12\u00aa edici\u00f3n \u2013 Los ganadores | LUXONOMY","isPartOf":{"@id":"https:\/\/luxonomy.net\/es\/#website"},"primaryImageOfPage":{"@id":"https:\/\/luxonomy.net\/es\/premio-lvmh-2025-para-jovenes-disenadores-de-moda-12a-edicion-los-ganadores\/#primaryimage"},"image":{"@id":"https:\/\/luxonomy.net\/es\/premio-lvmh-2025-para-jovenes-disenadores-de-moda-12a-edicion-los-ganadores\/#primaryimage"},"thumbnailUrl":"https:\/\/i0.wp.com\/luxonomy.net\/wp-content\/uploads\/2025\/09\/Captura-de-pantalla-2025-09-05-a-las-12.05.48.png?fit=1426%2C950&ssl=1","datePublished":"2025-09-08T10:15:17+00:00","dateModified":"2025-09-13T16:08:40+00:00","breadcrumb":{"@id":"https:\/\/luxonomy.net\/es\/premio-lvmh-2025-para-jovenes-disenadores-de-moda-12a-edicion-los-ganadores\/#breadcrumb"},"inLanguage":"es","potentialAction":[{"@type":"ReadAction","target":["https:\/\/luxonomy.net\/es\/premio-lvmh-2025-para-jovenes-disenadores-de-moda-12a-edicion-los-ganadores\/"]}]},{"@type":"ImageObject","inLanguage":"es","@id":"https:\/\/luxonomy.net\/es\/premio-lvmh-2025-para-jovenes-disenadores-de-moda-12a-edicion-los-ganadores\/#primaryimage","url":"https:\/\/i0.wp.com\/luxonomy.net\/wp-content\/uploads\/2025\/09\/Captura-de-pantalla-2025-09-05-a-las-12.05.48.png?fit=1426%2C950&ssl=1","contentUrl":"https:\/\/i0.wp.com\/luxonomy.net\/wp-content\/uploads\/2025\/09\/Captura-de-pantalla-2025-09-05-a-las-12.05.48.png?fit=1426%2C950&ssl=1","width":1426,"height":950},{"@type":"BreadcrumbList","@id":"https:\/\/luxonomy.net\/es\/premio-lvmh-2025-para-jovenes-disenadores-de-moda-12a-edicion-los-ganadores\/#breadcrumb","itemListElement":[{"@type":"ListItem","position":1,"name":"Portada","item":"https:\/\/luxonomy.net\/es\/"},{"@type":"ListItem","position":2,"name":"Premio LVMH 2025 para j\u00f3venes dise\u00f1adores de moda, 12\u00aa edici\u00f3n \u2013 Los ganadores"}]},{"@type":"WebSite","@id":"https:\/\/luxonomy.net\/es\/#website","url":"https:\/\/luxonomy.net\/es\/","name":"LUXONOMY","description":"The Economy of Fashion &amp; Luxury","publisher":{"@id":"https:\/\/luxonomy.net\/es\/#organization"},"potentialAction":[{"@type":"SearchAction","target":{"@type":"EntryPoint","urlTemplate":"https:\/\/luxonomy.net\/es\/?s={search_term_string}"},"query-input":{"@type":"PropertyValueSpecification","valueRequired":true,"valueName":"search_term_string"}}],"inLanguage":"es"},{"@type":"Organization","@id":"https:\/\/luxonomy.net\/es\/#organization","name":"LUXONOMY","url":"https:\/\/luxonomy.net\/es\/","logo":{"@type":"ImageObject","inLanguage":"es","@id":"https:\/\/luxonomy.net\/es\/#\/schema\/logo\/image\/","url":"https:\/\/i2.wp.com\/luxonomy.net\/wp-content\/uploads\/2021\/09\/MOCKUP-TODOS-LUXONOMY.jpg?fit=1000%2C515&ssl=1","contentUrl":"https:\/\/i2.wp.com\/luxonomy.net\/wp-content\/uploads\/2021\/09\/MOCKUP-TODOS-LUXONOMY.jpg?fit=1000%2C515&ssl=1","width":1000,"height":515,"caption":"LUXONOMY"},"image":{"@id":"https:\/\/luxonomy.net\/es\/#\/schema\/logo\/image\/"},"sameAs":["https:\/\/www.facebook.com\/luxonomy","https:\/\/www.instagram.com\/luxonomy\/","https:\/\/www.linkedin.com\/company\/luxonomy\/"]},{"@type":"Person","@id":"https:\/\/luxonomy.net\/es\/#\/schema\/person\/1a813e5ec518f582af236d6344aa6c01","name":"Kristi Ellis","image":{"@type":"ImageObject","inLanguage":"es","@id":"https:\/\/luxonomy.net\/wp-content\/litespeed\/avatar\/ae0c58256b980352bba3c97a8f9abe32.jpg?ver=1787975034","url":"https:\/\/luxonomy.net\/wp-content\/litespeed\/avatar\/ae0c58256b980352bba3c97a8f9abe32.jpg?ver=1787975034","contentUrl":"https:\/\/luxonomy.net\/wp-content\/litespeed\/avatar\/ae0c58256b980352bba3c97a8f9abe32.jpg?ver=1787975034","caption":"Kristi Ellis"},"url":"https:\/\/luxonomy.net\/es\/author\/kristi-ellis\/"}]}},"jetpack_publicize_connections":[],"jetpack_shortlink":"https:\/\/wp.me\/paPhBa-hHQ","jetpack_sharing_enabled":true,"jetpack_featured_media_url":"https:\/\/i0.wp.com\/luxonomy.net\/wp-content\/uploads\/2025\/09\/Captura-de-pantalla-2025-09-05-a-las-12.05.48.png?fit=1426%2C950&ssl=1","_links":{"self":[{"href":"https:\/\/luxonomy.net\/es\/wp-json\/wp\/v2\/posts\/68066","targetHints":{"allow":["GET"]}}],"collection":[{"href":"https:\/\/luxonomy.net\/es\/wp-json\/wp\/v2\/posts"}],"about":[{"href":"https:\/\/luxonomy.net\/es\/wp-json\/wp\/v2\/types\/post"}],"author":[{"embeddable":true,"href":"https:\/\/luxonomy.net\/es\/wp-json\/wp\/v2\/users\/11"}],"replies":[{"embeddable":true,"href":"https:\/\/luxonomy.net\/es\/wp-json\/wp\/v2\/comments?post=68066"}],"version-history":[{"count":3,"href":"https:\/\/luxonomy.net\/es\/wp-json\/wp\/v2\/posts\/68066\/revisions"}],"predecessor-version":[{"id":68070,"href":"https:\/\/luxonomy.net\/es\/wp-json\/wp\/v2\/posts\/68066\/revisions\/68070"}],"wp:featuredmedia":[{"embeddable":true,"href":"https:\/\/luxonomy.net\/es\/wp-json\/wp\/v2\/media\/67951"}],"wp:attachment":[{"href":"https:\/\/luxonomy.net\/es\/wp-json\/wp\/v2\/media?parent=68066"}],"wp:term":[{"taxonomy":"category","embeddable":true,"href":"https:\/\/luxonomy.net\/es\/wp-json\/wp\/v2\/categories?post=68066"},{"taxonomy":"post_tag","embeddable":true,"href":"https:\/\/luxonomy.net\/es\/wp-json\/wp\/v2\/tags?post=68066"},{"taxonomy":"thb-sponsors","embeddable":true,"href":"https:\/\/luxonomy.net\/es\/wp-json\/wp\/v2\/thb-sponsors?post=68066"}],"curies":[{"name":"wp","href":"https:\/\/api.w.org\/{rel}","templated":true}]}}