{"id":67979,"date":"2025-09-08T17:13:36","date_gmt":"2025-09-08T15:13:36","guid":{"rendered":"https:\/\/luxonomy.net\/?p=67979"},"modified":"2025-09-08T17:13:53","modified_gmt":"2025-09-08T15:13:53","slug":"la-alfombra-roja-de-venecia-brilla-con-lexus-cine-electrificacion-y-vision-de-futuro","status":"publish","type":"post","link":"https:\/\/luxonomy.net\/es\/la-alfombra-roja-de-venecia-brilla-con-lexus-cine-electrificacion-y-vision-de-futuro\/","title":{"rendered":"La alfombra roja de Venecia brilla con Lexus: cine, electrificaci\u00f3n y visi\u00f3n de futuro"},"content":{"rendered":"\n<p>La 82\u00aa edici\u00f3n del Festival Internacional de Cine de Venecia \u2013 La Biennale di Venezia \u2013 ha llegado a su fin, con el jurado de la competici\u00f3n otorgando el prestigioso Le\u00f3n de Oro a Jim Jarmusch, director del largometraje\u00a0<em>\u201cFather, Mother, Sister, Brother\u201d<\/em>. La edici\u00f3n de este a\u00f1o mantuvo la tradici\u00f3n del festival de presentar al p\u00fablico pel\u00edculas que emocionan y despiertan emociones aut\u00e9nticas.<\/p>\n<p>Artistas, creadores e invitados internacionales fueron acompa\u00f1ados una vez m\u00e1s a la alfombra roja del Palazzo del Cinema a bordo de veh\u00edculos de la gama electrificada de Lexus. Como patrocinador y veh\u00edculo oficial del festival, Lexus proporcion\u00f3 una flota de 30 veh\u00edculos de lujo, que incluy\u00f3 desde el compacto UX hasta los espaciosos NX y RX, junto con el crossover RZ totalmente el\u00e9ctrico.<\/p>\n<p>Recorriendo las carreteras alrededor del Lido de Venecia, demostraron la amplitud de las tecnolog\u00edas de electrificaci\u00f3n de Lexus, con modelos h\u00edbridos, h\u00edbridos enchufables y el\u00e9ctricos. Este enfoque multitecnol\u00f3gico se basa en la convicci\u00f3n de Lexus de que no existe una soluci\u00f3n \u00fanica para la movilidad sostenible, y que es necesario ofrecer distintas opciones para satisfacer las necesidades de cada usuario.<\/p><div id=\"luxon-2636599980\" class=\"luxon-3er-parrafo luxon-entity-placement\" style=\"margin-top: 20px;margin-bottom: 20px;margin-left: auto;margin-right: auto;text-align: center;\"><a href=\"https:\/\/luxonomy.university\/course\/master-turismo-de-lujo\" target=\"_blank\" aria-label=\"master-turismo-lujo-2026-2027\"><img loading=\"lazy\" decoding=\"async\" src=\"https:\/\/i0.wp.com\/luxonomy.net\/wp-content\/uploads\/2020\/07\/master-turismo-lujo-2026-2027.jpg?fit=1672%2C941&#038;ssl=1\" alt=\"\"  srcset=\"https:\/\/i0.wp.com\/luxonomy.net\/wp-content\/uploads\/2020\/07\/master-turismo-lujo-2026-2027.jpg?w=1672&ssl=1 1672w, https:\/\/i0.wp.com\/luxonomy.net\/wp-content\/uploads\/2020\/07\/master-turismo-lujo-2026-2027.jpg?resize=300%2C169&ssl=1 300w, https:\/\/i0.wp.com\/luxonomy.net\/wp-content\/uploads\/2020\/07\/master-turismo-lujo-2026-2027.jpg?resize=1024%2C576&ssl=1 1024w, https:\/\/i0.wp.com\/luxonomy.net\/wp-content\/uploads\/2020\/07\/master-turismo-lujo-2026-2027.jpg?resize=768%2C432&ssl=1 768w, https:\/\/i0.wp.com\/luxonomy.net\/wp-content\/uploads\/2020\/07\/master-turismo-lujo-2026-2027.jpg?resize=1536%2C864&ssl=1 1536w, https:\/\/i0.wp.com\/luxonomy.net\/wp-content\/uploads\/2020\/07\/master-turismo-lujo-2026-2027.jpg?resize=370%2C208&ssl=1 370w, https:\/\/i0.wp.com\/luxonomy.net\/wp-content\/uploads\/2020\/07\/master-turismo-lujo-2026-2027.jpg?resize=800%2C450&ssl=1 800w, https:\/\/i0.wp.com\/luxonomy.net\/wp-content\/uploads\/2020\/07\/master-turismo-lujo-2026-2027.jpg?resize=20%2C11&ssl=1 20w, https:\/\/i0.wp.com\/luxonomy.net\/wp-content\/uploads\/2020\/07\/master-turismo-lujo-2026-2027.jpg?resize=740%2C416&ssl=1 740w, https:\/\/i0.wp.com\/luxonomy.net\/wp-content\/uploads\/2020\/07\/master-turismo-lujo-2026-2027.jpg?resize=1600%2C900&ssl=1 1600w, https:\/\/i0.wp.com\/luxonomy.net\/wp-content\/uploads\/2020\/07\/master-turismo-lujo-2026-2027.jpg?resize=1200%2C675&ssl=1 1200w, https:\/\/i0.wp.com\/luxonomy.net\/wp-content\/uploads\/2020\/07\/master-turismo-lujo-2026-2027.jpg?resize=85%2C48&ssl=1 85w\" sizes=\"(max-width: 1170px) 100vw, 1170px\" class=\"no-lazyload\" width=\"1672\" height=\"941\"   \/><\/a><\/div>\n<p>El festival de este a\u00f1o fue tambi\u00e9n el escenario para el primer vistazo a la pr\u00f3xima innovaci\u00f3n de Lexus: el nuevo sed\u00e1n insignia ES. Este nuevo modelo destaca por las cualidades que definen a la marca Lexus: una atenci\u00f3n excepcional al detalle, artesan\u00eda de precisi\u00f3n y la integraci\u00f3n de tecnolog\u00edas avanzadas en materia de rendimiento, seguridad, conectividad y confort.<\/p>\n<p>La experiencia del festival reafirm\u00f3 el v\u00ednculo entre Lexus y el mundo del cine, unidos por el deseo compartido de ofrecer experiencias \u00fanicas e inolvidables, ya sea a gran escala o en peque\u00f1os pero reveladores detalles.<\/p>\n<h2>El Premio Visionario Lexus<\/h2>\n<p>Es en este esp\u00edritu creativo compartido, que la Semana de Cine de Venecia 2025 vio la presentaci\u00f3n del Premio \u201cLexus Visionary\u201d. Fue un premio especial en la segunda edici\u00f3n del Festival de Cine Reply AI, la competici\u00f3n internacional para creativos, directores y realizadores de cortometrajes utilizando herramientas de Inteligencia Artificial. El jurado del festival estuvo presidido por el director de cine y guionista italiano Gabriele Muccino e incluy\u00f3 a Paolo Moroni, director de Lexus Italia.<\/p>\n<p>Paolo Moroni tuvo el honor de entregar el Premio Lexus Visionary a Marcello Costa Jr. por su obra\u00a0<em>\u201cInstinto\u201d<\/em>.<\/p><div id=\"luxon-432562845\" class=\"luxon-7-parrafo luxon-entity-placement\" style=\"margin-top: 20px;margin-bottom: 20px;margin-left: auto;margin-right: auto;text-align: center;\"><a href=\"https:\/\/theintelligence.institute\/course\/inteligencia-artificial-para-directivos\" target=\"_blank\" aria-label=\"CSIAD_empresas_THEI_horizontal_4x3_v5\"><img loading=\"lazy\" decoding=\"async\" src=\"https:\/\/i0.wp.com\/luxonomy.net\/wp-content\/uploads\/2025\/08\/CSIAD_empresas_THEI_horizontal_4x3_v5.png?fit=2000%2C1500&#038;ssl=1\" alt=\"\"  srcset=\"https:\/\/i0.wp.com\/luxonomy.net\/wp-content\/uploads\/2025\/08\/CSIAD_empresas_THEI_horizontal_4x3_v5.png?w=2000&ssl=1 2000w, https:\/\/i0.wp.com\/luxonomy.net\/wp-content\/uploads\/2025\/08\/CSIAD_empresas_THEI_horizontal_4x3_v5.png?resize=300%2C225&ssl=1 300w, https:\/\/i0.wp.com\/luxonomy.net\/wp-content\/uploads\/2025\/08\/CSIAD_empresas_THEI_horizontal_4x3_v5.png?resize=1024%2C768&ssl=1 1024w, https:\/\/i0.wp.com\/luxonomy.net\/wp-content\/uploads\/2025\/08\/CSIAD_empresas_THEI_horizontal_4x3_v5.png?resize=768%2C576&ssl=1 768w, https:\/\/i0.wp.com\/luxonomy.net\/wp-content\/uploads\/2025\/08\/CSIAD_empresas_THEI_horizontal_4x3_v5.png?resize=1536%2C1152&ssl=1 1536w, https:\/\/i0.wp.com\/luxonomy.net\/wp-content\/uploads\/2025\/08\/CSIAD_empresas_THEI_horizontal_4x3_v5.png?resize=370%2C278&ssl=1 370w, https:\/\/i0.wp.com\/luxonomy.net\/wp-content\/uploads\/2025\/08\/CSIAD_empresas_THEI_horizontal_4x3_v5.png?resize=800%2C600&ssl=1 800w, https:\/\/i0.wp.com\/luxonomy.net\/wp-content\/uploads\/2025\/08\/CSIAD_empresas_THEI_horizontal_4x3_v5.png?resize=20%2C15&ssl=1 20w, https:\/\/i0.wp.com\/luxonomy.net\/wp-content\/uploads\/2025\/08\/CSIAD_empresas_THEI_horizontal_4x3_v5.png?resize=740%2C555&ssl=1 740w, https:\/\/i0.wp.com\/luxonomy.net\/wp-content\/uploads\/2025\/08\/CSIAD_empresas_THEI_horizontal_4x3_v5.png?resize=1600%2C1200&ssl=1 1600w, https:\/\/i0.wp.com\/luxonomy.net\/wp-content\/uploads\/2025\/08\/CSIAD_empresas_THEI_horizontal_4x3_v5.png?resize=1200%2C900&ssl=1 1200w, https:\/\/i0.wp.com\/luxonomy.net\/wp-content\/uploads\/2025\/08\/CSIAD_empresas_THEI_horizontal_4x3_v5.png?resize=64%2C48&ssl=1 64w\" sizes=\"(max-width: 1170px) 100vw, 1170px\" class=\"no-lazyload\" width=\"2000\" height=\"1500\"   \/><\/a><\/div>\n<p>Con su participaci\u00f3n en el Festival de Cine Reply AI, Lexus busc\u00f3 promover la innovaci\u00f3n como herramienta creativa capaz de generar obras que despierten emociones aut\u00e9nticas y fomenten un sentido profundo de conexi\u00f3n. A medida que la inteligencia artificial impulsa la evoluci\u00f3n del cine, Lexus tambi\u00e9n explora nuevos lenguajes tecnol\u00f3gicos para transformar la experiencia de conducci\u00f3n.<\/p>\n<p>Al concluir el festival, Paolo Moroni dijo:\u00a0<em>\u00abEste es tambi\u00e9n el final de un evento extraordinario para Lexus. Cada a\u00f1o, la Semana de Cine de Venecia produce el tipo de emociones \u00fanicas que queremos dar a los clientes cuando experimentan nuestra marca. Estamos orgullosos de haber participado en este prestigioso evento internacional y de haber acompa\u00f1ado a sus invitados m\u00e1s ilustres a la alfombra roja. Tambi\u00e9n fue una oportunidad excepcional para que present\u00e1ramos una primera vista de nuestro nuevo buque insignia ES y comparti\u00e9ramos nuestro concepto de movilidad basado en \u00abMaking Luxury Personal\u00bb, con detalles personalizados que anticipan las necesidades y preferencias de los clientes y crean una experiencia de conducci\u00f3n a\u00fan m\u00e1s emocionante y gratificante\u00bb<\/em>.<\/p>\n","protected":false},"excerpt":{"rendered":"<p>La 82\u00aa edici\u00f3n del Festival Internacional de Cine de Venecia \u2013 La Biennale di Venezia \u2013 ha llegado a su fin, con el jurado de la competici\u00f3n otorgando el prestigioso Le\u00f3n de Oro a Jim Jarmusch, director del largometraje\u00a0\u201cFather, Mother, Sister, Brother\u201d. La edici\u00f3n de este a\u00f1o mantuvo la tradici\u00f3n del festival de presentar al p\u00fablico pel\u00edculas que emocionan y despiertan emociones aut\u00e9nticas.<\/p>\n<p>Artistas, creadores e invitados internacionales fueron acompa\u00f1ados una vez m\u00e1s a la alfombra roja del Palazzo del Cinema a bordo de veh\u00edculos de la gama electrificada de Lexus. Como patrocinador y veh\u00edculo oficial del festival, Lexus proporcion\u00f3 una flota de 30 veh\u00edculos de lujo, que incluy\u00f3 desde el compacto UX hasta los espaciosos NX y RX, junto con el crossover RZ totalmente el\u00e9ctrico.<\/p>\n","protected":false},"author":1,"featured_media":67980,"comment_status":"open","ping_status":"open","sticky":false,"template":"","format":"gallery","meta":{"_jetpack_newsletter_access":"","_jetpack_dont_email_post_to_subs":false,"_jetpack_newsletter_tier_id":0,"_jetpack_memberships_contains_paywalled_content":false,"_jetpack_feature_clip_id":0,"_jetpack_memberships_contains_paid_content":false,"footnotes":"","jetpack_publicize_message":"La 82\u00aa edici\u00f3n del Festival Internacional de Cine de Venecia \u2013 La Biennale di Venezia \u2013 ha llegado a su fin, con el jurado de la competici\u00f3n otorgando el prestigioso Le\u00f3n de Oro a Jim Jarmusch, director del largometraje\u00a0\u201cFather, Mother, Sister, Brother\u201d. La edici\u00f3n de este a\u00f1o mantuvo la tradici\u00f3n del festival de presentar al p\u00fablico pel\u00edculas que emocionan y despiertan emociones aut\u00e9nticas.\n\nArtistas, creadores e invitados internacionales fueron acompa\u00f1ados una vez m\u00e1s a la alfombra roja del Palazzo del Cinema a bordo de veh\u00edculos de la gama electrificada de Lexus. Como patrocinador y veh\u00edculo oficial del festival, Lexus proporcion\u00f3 una flota de 30 veh\u00edculos de lujo, que incluy\u00f3 desde el compacto UX hasta los espaciosos NX y RX, junto con el crossover RZ totalmente el\u00e9ctrico.\n\n#lexus #LUXONOMY","jetpack_publicize_feature_enabled":true,"jetpack_social_post_already_shared":true,"jetpack_social_options":{"image_generator_settings":{"template":"edge","default_image_id":0,"font":"","enabled":true,"token":"eyJpbWciOiJodHRwczpcL1wvbHV4b25vbXkubmV0XC93cC1jb250ZW50XC91cGxvYWRzXC8yMDI1XC8wOVwvbGV4dXNfZmVzdGl2YWxfdmVuZWNpYS0xLTEwMjR4NDU2LmpwZyIsInR4dCI6IkxhIGFsZm9tYnJhIHJvamEgZGUgVmVuZWNpYSBicmlsbGEgY29uIExleHVzOiBjaW5lLCBlbGVjdHJpZmljYWNpXHUwMGYzbiB5IHZpc2lcdTAwZjNuIGRlIGZ1dHVybyIsInRlbXBsYXRlIjoiZWRnZSIsImZvbnQiOiIiLCJibG9nX2lkIjoxNTk5ODU3NDB9.Ps1oYJqmWKE4JdFOoREpalzabptRcpaEUgJ5m0OADlEMQ"},"version":2},"jetpack_post_was_ever_published":false},"categories":[227,296],"tags":[1066,295],"thb-sponsors":[],"class_list":["post-67979","post","type-post","status-publish","format-gallery","has-post-thumbnail","hentry","category-eventos","category-motor","tag-festival-internacional-de-cine-de-venecia","tag-lexus","post_format-post-format-gallery"],"yoast_head":"<!-- This site is optimized with the Yoast SEO plugin v28.4 - https:\/\/yoast.com\/product\/yoast-seo-wordpress\/ -->\n<title>La alfombra roja de Venecia brilla con Lexus: cine, electrificaci\u00f3n y visi\u00f3n de futuro | LUXONOMY<\/title>\n<meta name=\"robots\" content=\"index, follow, max-snippet:-1, max-image-preview:large, max-video-preview:-1\" \/>\n<link rel=\"canonical\" href=\"https:\/\/luxonomy.net\/es\/la-alfombra-roja-de-venecia-brilla-con-lexus-cine-electrificacion-y-vision-de-futuro\/\" \/>\n<meta property=\"og:locale\" content=\"es_ES\" \/>\n<meta property=\"og:type\" content=\"article\" \/>\n<meta property=\"og:title\" content=\"La alfombra roja de Venecia brilla con Lexus: cine, electrificaci\u00f3n y visi\u00f3n de futuro | LUXONOMY\" \/>\n<meta property=\"og:description\" content=\"La 82\u00aa edici\u00f3n del Festival Internacional de Cine de Venecia \u2013 La Biennale di Venezia \u2013 ha llegado a su fin, con el jurado de la competici\u00f3n otorgando el prestigioso Le\u00f3n de Oro a Jim Jarmusch, director del largometraje\u00a0\u201cFather, Mother, Sister, Brother\u201d. La edici\u00f3n de este a\u00f1o mantuvo la tradici\u00f3n del festival de presentar al p\u00fablico pel\u00edculas que emocionan y despiertan emociones aut\u00e9nticas. Artistas, creadores e invitados internacionales fueron acompa\u00f1ados una vez m\u00e1s a la alfombra roja del Palazzo del Cinema a bordo de veh\u00edculos de la gama electrificada de Lexus. Como patrocinador y veh\u00edculo oficial del festival, Lexus proporcion\u00f3 una flota de 30 veh\u00edculos de lujo, que incluy\u00f3 desde el compacto UX hasta los espaciosos NX y RX, junto con el crossover RZ totalmente el\u00e9ctrico.\" \/>\n<meta property=\"og:url\" content=\"https:\/\/luxonomy.net\/es\/la-alfombra-roja-de-venecia-brilla-con-lexus-cine-electrificacion-y-vision-de-futuro\/\" \/>\n<meta property=\"og:site_name\" content=\"LUXONOMY\" \/>\n<meta property=\"article:publisher\" content=\"https:\/\/www.facebook.com\/luxonomy\" \/>\n<meta property=\"article:published_time\" content=\"2025-09-08T15:13:36+00:00\" \/>\n<meta property=\"article:modified_time\" content=\"2025-09-08T15:13:53+00:00\" \/>\n<meta property=\"og:image\" content=\"https:\/\/luxonomy.net\/wp-content\/uploads\/2025\/09\/lexus_festival_venecia-1-scaled.jpg\" \/>\n\t<meta property=\"og:image:width\" content=\"2560\" \/>\n\t<meta property=\"og:image:height\" content=\"1140\" \/>\n\t<meta property=\"og:image:type\" content=\"image\/jpeg\" \/>\n<meta name=\"author\" content=\"LUXONOMY\" \/>\n<meta name=\"twitter:card\" content=\"summary_large_image\" \/>\n<meta name=\"twitter:label1\" content=\"Escrito por\" \/>\n\t<meta name=\"twitter:data1\" content=\"LUXONOMY\" \/>\n\t<meta name=\"twitter:label2\" content=\"Tiempo de lectura\" \/>\n\t<meta name=\"twitter:data2\" content=\"3 minutos\" \/>\n<script type=\"application\/ld+json\" class=\"yoast-schema-graph\">{\"@context\":\"https:\\\/\\\/schema.org\",\"@graph\":[{\"@type\":\"Article\",\"@id\":\"https:\\\/\\\/luxonomy.net\\\/es\\\/la-alfombra-roja-de-venecia-brilla-con-lexus-cine-electrificacion-y-vision-de-futuro\\\/#article\",\"isPartOf\":{\"@id\":\"https:\\\/\\\/luxonomy.net\\\/es\\\/la-alfombra-roja-de-venecia-brilla-con-lexus-cine-electrificacion-y-vision-de-futuro\\\/\"},\"author\":{\"name\":\"LUXONOMY\",\"@id\":\"https:\\\/\\\/luxonomy.net\\\/es\\\/#\\\/schema\\\/person\\\/ca588d8b741a1fdd9065289c8d98ee8c\"},\"headline\":\"La alfombra roja de Venecia brilla con Lexus: cine, electrificaci\u00f3n y visi\u00f3n de futuro\",\"datePublished\":\"2025-09-08T15:13:36+00:00\",\"dateModified\":\"2025-09-08T15:13:53+00:00\",\"mainEntityOfPage\":{\"@id\":\"https:\\\/\\\/luxonomy.net\\\/es\\\/la-alfombra-roja-de-venecia-brilla-con-lexus-cine-electrificacion-y-vision-de-futuro\\\/\"},\"wordCount\":620,\"commentCount\":0,\"publisher\":{\"@id\":\"https:\\\/\\\/luxonomy.net\\\/es\\\/#organization\"},\"image\":{\"@id\":\"https:\\\/\\\/luxonomy.net\\\/es\\\/la-alfombra-roja-de-venecia-brilla-con-lexus-cine-electrificacion-y-vision-de-futuro\\\/#primaryimage\"},\"thumbnailUrl\":\"https:\\\/\\\/i0.wp.com\\\/luxonomy.net\\\/wp-content\\\/uploads\\\/2025\\\/09\\\/lexus_festival_venecia-1-scaled.jpg?fit=2560%2C1140&ssl=1\",\"keywords\":[\"Festival Internacional de Cine de Venecia\",\"Lexus\"],\"articleSection\":[\"Eventos\",\"Motor\"],\"inLanguage\":\"es\",\"potentialAction\":[{\"@type\":\"CommentAction\",\"name\":\"Comment\",\"target\":[\"https:\\\/\\\/luxonomy.net\\\/es\\\/la-alfombra-roja-de-venecia-brilla-con-lexus-cine-electrificacion-y-vision-de-futuro\\\/#respond\"]}]},{\"@type\":\"WebPage\",\"@id\":\"https:\\\/\\\/luxonomy.net\\\/es\\\/la-alfombra-roja-de-venecia-brilla-con-lexus-cine-electrificacion-y-vision-de-futuro\\\/\",\"url\":\"https:\\\/\\\/luxonomy.net\\\/es\\\/la-alfombra-roja-de-venecia-brilla-con-lexus-cine-electrificacion-y-vision-de-futuro\\\/\",\"name\":\"La alfombra roja de Venecia brilla con Lexus: cine, electrificaci\u00f3n y visi\u00f3n de futuro | LUXONOMY\",\"isPartOf\":{\"@id\":\"https:\\\/\\\/luxonomy.net\\\/es\\\/#website\"},\"primaryImageOfPage\":{\"@id\":\"https:\\\/\\\/luxonomy.net\\\/es\\\/la-alfombra-roja-de-venecia-brilla-con-lexus-cine-electrificacion-y-vision-de-futuro\\\/#primaryimage\"},\"image\":{\"@id\":\"https:\\\/\\\/luxonomy.net\\\/es\\\/la-alfombra-roja-de-venecia-brilla-con-lexus-cine-electrificacion-y-vision-de-futuro\\\/#primaryimage\"},\"thumbnailUrl\":\"https:\\\/\\\/i0.wp.com\\\/luxonomy.net\\\/wp-content\\\/uploads\\\/2025\\\/09\\\/lexus_festival_venecia-1-scaled.jpg?fit=2560%2C1140&ssl=1\",\"datePublished\":\"2025-09-08T15:13:36+00:00\",\"dateModified\":\"2025-09-08T15:13:53+00:00\",\"breadcrumb\":{\"@id\":\"https:\\\/\\\/luxonomy.net\\\/es\\\/la-alfombra-roja-de-venecia-brilla-con-lexus-cine-electrificacion-y-vision-de-futuro\\\/#breadcrumb\"},\"inLanguage\":\"es\",\"potentialAction\":[{\"@type\":\"ReadAction\",\"target\":[\"https:\\\/\\\/luxonomy.net\\\/es\\\/la-alfombra-roja-de-venecia-brilla-con-lexus-cine-electrificacion-y-vision-de-futuro\\\/\"]}]},{\"@type\":\"ImageObject\",\"inLanguage\":\"es\",\"@id\":\"https:\\\/\\\/luxonomy.net\\\/es\\\/la-alfombra-roja-de-venecia-brilla-con-lexus-cine-electrificacion-y-vision-de-futuro\\\/#primaryimage\",\"url\":\"https:\\\/\\\/i0.wp.com\\\/luxonomy.net\\\/wp-content\\\/uploads\\\/2025\\\/09\\\/lexus_festival_venecia-1-scaled.jpg?fit=2560%2C1140&ssl=1\",\"contentUrl\":\"https:\\\/\\\/i0.wp.com\\\/luxonomy.net\\\/wp-content\\\/uploads\\\/2025\\\/09\\\/lexus_festival_venecia-1-scaled.jpg?fit=2560%2C1140&ssl=1\",\"width\":2560,\"height\":1140},{\"@type\":\"BreadcrumbList\",\"@id\":\"https:\\\/\\\/luxonomy.net\\\/es\\\/la-alfombra-roja-de-venecia-brilla-con-lexus-cine-electrificacion-y-vision-de-futuro\\\/#breadcrumb\",\"itemListElement\":[{\"@type\":\"ListItem\",\"position\":1,\"name\":\"Portada\",\"item\":\"https:\\\/\\\/luxonomy.net\\\/es\\\/\"},{\"@type\":\"ListItem\",\"position\":2,\"name\":\"La alfombra roja de Venecia brilla con Lexus: cine, electrificaci\u00f3n y visi\u00f3n de futuro\"}]},{\"@type\":\"WebSite\",\"@id\":\"https:\\\/\\\/luxonomy.net\\\/es\\\/#website\",\"url\":\"https:\\\/\\\/luxonomy.net\\\/es\\\/\",\"name\":\"LUXONOMY\",\"description\":\"The Economy of Fashion &amp; Luxury\",\"publisher\":{\"@id\":\"https:\\\/\\\/luxonomy.net\\\/es\\\/#organization\"},\"potentialAction\":[{\"@type\":\"SearchAction\",\"target\":{\"@type\":\"EntryPoint\",\"urlTemplate\":\"https:\\\/\\\/luxonomy.net\\\/es\\\/?s={search_term_string}\"},\"query-input\":{\"@type\":\"PropertyValueSpecification\",\"valueRequired\":true,\"valueName\":\"search_term_string\"}}],\"inLanguage\":\"es\"},{\"@type\":\"Organization\",\"@id\":\"https:\\\/\\\/luxonomy.net\\\/es\\\/#organization\",\"name\":\"LUXONOMY\",\"url\":\"https:\\\/\\\/luxonomy.net\\\/es\\\/\",\"logo\":{\"@type\":\"ImageObject\",\"inLanguage\":\"es\",\"@id\":\"https:\\\/\\\/luxonomy.net\\\/es\\\/#\\\/schema\\\/logo\\\/image\\\/\",\"url\":\"https:\\\/\\\/i2.wp.com\\\/luxonomy.net\\\/wp-content\\\/uploads\\\/2021\\\/09\\\/MOCKUP-TODOS-LUXONOMY.jpg?fit=1000%2C515&ssl=1\",\"contentUrl\":\"https:\\\/\\\/i2.wp.com\\\/luxonomy.net\\\/wp-content\\\/uploads\\\/2021\\\/09\\\/MOCKUP-TODOS-LUXONOMY.jpg?fit=1000%2C515&ssl=1\",\"width\":1000,\"height\":515,\"caption\":\"LUXONOMY\"},\"image\":{\"@id\":\"https:\\\/\\\/luxonomy.net\\\/es\\\/#\\\/schema\\\/logo\\\/image\\\/\"},\"sameAs\":[\"https:\\\/\\\/www.facebook.com\\\/luxonomy\",\"https:\\\/\\\/www.instagram.com\\\/luxonomy\\\/\",\"https:\\\/\\\/www.linkedin.com\\\/company\\\/luxonomy\\\/\"]},{\"@type\":\"Person\",\"@id\":\"https:\\\/\\\/luxonomy.net\\\/es\\\/#\\\/schema\\\/person\\\/ca588d8b741a1fdd9065289c8d98ee8c\",\"name\":\"LUXONOMY\",\"image\":{\"@type\":\"ImageObject\",\"inLanguage\":\"es\",\"@id\":\"https:\\\/\\\/luxonomy.net\\\/wp-content\\\/litespeed\\\/avatar\\\/a6436cdb14fdaf9c21808e63d0da2055.jpg?ver=1788366758\",\"url\":\"https:\\\/\\\/luxonomy.net\\\/wp-content\\\/litespeed\\\/avatar\\\/a6436cdb14fdaf9c21808e63d0da2055.jpg?ver=1788366758\",\"contentUrl\":\"https:\\\/\\\/luxonomy.net\\\/wp-content\\\/litespeed\\\/avatar\\\/a6436cdb14fdaf9c21808e63d0da2055.jpg?ver=1788366758\",\"caption\":\"LUXONOMY\"},\"sameAs\":[\"https:\\\/\"],\"url\":\"https:\\\/\\\/luxonomy.net\\\/es\\\/author\\\/luxonomy\\\/\"}]}<\/script>\n<!-- \/ Yoast SEO plugin. -->","yoast_head_json":{"title":"La alfombra roja de Venecia brilla con Lexus: cine, electrificaci\u00f3n y visi\u00f3n de futuro | LUXONOMY","robots":{"index":"index","follow":"follow","max-snippet":"max-snippet:-1","max-image-preview":"max-image-preview:large","max-video-preview":"max-video-preview:-1"},"canonical":"https:\/\/luxonomy.net\/es\/la-alfombra-roja-de-venecia-brilla-con-lexus-cine-electrificacion-y-vision-de-futuro\/","og_locale":"es_ES","og_type":"article","og_title":"La alfombra roja de Venecia brilla con Lexus: cine, electrificaci\u00f3n y visi\u00f3n de futuro | LUXONOMY","og_description":"La 82\u00aa edici\u00f3n del Festival Internacional de Cine de Venecia \u2013 La Biennale di Venezia \u2013 ha llegado a su fin, con el jurado de la competici\u00f3n otorgando el prestigioso Le\u00f3n de Oro a Jim Jarmusch, director del largometraje\u00a0\u201cFather, Mother, Sister, Brother\u201d. La edici\u00f3n de este a\u00f1o mantuvo la tradici\u00f3n del festival de presentar al p\u00fablico pel\u00edculas que emocionan y despiertan emociones aut\u00e9nticas. Artistas, creadores e invitados internacionales fueron acompa\u00f1ados una vez m\u00e1s a la alfombra roja del Palazzo del Cinema a bordo de veh\u00edculos de la gama electrificada de Lexus. Como patrocinador y veh\u00edculo oficial del festival, Lexus proporcion\u00f3 una flota de 30 veh\u00edculos de lujo, que incluy\u00f3 desde el compacto UX hasta los espaciosos NX y RX, junto con el crossover RZ totalmente el\u00e9ctrico.","og_url":"https:\/\/luxonomy.net\/es\/la-alfombra-roja-de-venecia-brilla-con-lexus-cine-electrificacion-y-vision-de-futuro\/","og_site_name":"LUXONOMY","article_publisher":"https:\/\/www.facebook.com\/luxonomy","article_published_time":"2025-09-08T15:13:36+00:00","article_modified_time":"2025-09-08T15:13:53+00:00","og_image":[{"width":2560,"height":1140,"url":"https:\/\/luxonomy.net\/wp-content\/uploads\/2025\/09\/lexus_festival_venecia-1-scaled.jpg","type":"image\/jpeg"}],"author":"LUXONOMY","twitter_card":"summary_large_image","twitter_misc":{"Escrito por":"LUXONOMY","Tiempo de lectura":"3 minutos"},"schema":{"@context":"https:\/\/schema.org","@graph":[{"@type":"Article","@id":"https:\/\/luxonomy.net\/es\/la-alfombra-roja-de-venecia-brilla-con-lexus-cine-electrificacion-y-vision-de-futuro\/#article","isPartOf":{"@id":"https:\/\/luxonomy.net\/es\/la-alfombra-roja-de-venecia-brilla-con-lexus-cine-electrificacion-y-vision-de-futuro\/"},"author":{"name":"LUXONOMY","@id":"https:\/\/luxonomy.net\/es\/#\/schema\/person\/ca588d8b741a1fdd9065289c8d98ee8c"},"headline":"La alfombra roja de Venecia brilla con Lexus: cine, electrificaci\u00f3n y visi\u00f3n de futuro","datePublished":"2025-09-08T15:13:36+00:00","dateModified":"2025-09-08T15:13:53+00:00","mainEntityOfPage":{"@id":"https:\/\/luxonomy.net\/es\/la-alfombra-roja-de-venecia-brilla-con-lexus-cine-electrificacion-y-vision-de-futuro\/"},"wordCount":620,"commentCount":0,"publisher":{"@id":"https:\/\/luxonomy.net\/es\/#organization"},"image":{"@id":"https:\/\/luxonomy.net\/es\/la-alfombra-roja-de-venecia-brilla-con-lexus-cine-electrificacion-y-vision-de-futuro\/#primaryimage"},"thumbnailUrl":"https:\/\/i0.wp.com\/luxonomy.net\/wp-content\/uploads\/2025\/09\/lexus_festival_venecia-1-scaled.jpg?fit=2560%2C1140&ssl=1","keywords":["Festival Internacional de Cine de Venecia","Lexus"],"articleSection":["Eventos","Motor"],"inLanguage":"es","potentialAction":[{"@type":"CommentAction","name":"Comment","target":["https:\/\/luxonomy.net\/es\/la-alfombra-roja-de-venecia-brilla-con-lexus-cine-electrificacion-y-vision-de-futuro\/#respond"]}]},{"@type":"WebPage","@id":"https:\/\/luxonomy.net\/es\/la-alfombra-roja-de-venecia-brilla-con-lexus-cine-electrificacion-y-vision-de-futuro\/","url":"https:\/\/luxonomy.net\/es\/la-alfombra-roja-de-venecia-brilla-con-lexus-cine-electrificacion-y-vision-de-futuro\/","name":"La alfombra roja de Venecia brilla con Lexus: cine, electrificaci\u00f3n y visi\u00f3n de futuro | LUXONOMY","isPartOf":{"@id":"https:\/\/luxonomy.net\/es\/#website"},"primaryImageOfPage":{"@id":"https:\/\/luxonomy.net\/es\/la-alfombra-roja-de-venecia-brilla-con-lexus-cine-electrificacion-y-vision-de-futuro\/#primaryimage"},"image":{"@id":"https:\/\/luxonomy.net\/es\/la-alfombra-roja-de-venecia-brilla-con-lexus-cine-electrificacion-y-vision-de-futuro\/#primaryimage"},"thumbnailUrl":"https:\/\/i0.wp.com\/luxonomy.net\/wp-content\/uploads\/2025\/09\/lexus_festival_venecia-1-scaled.jpg?fit=2560%2C1140&ssl=1","datePublished":"2025-09-08T15:13:36+00:00","dateModified":"2025-09-08T15:13:53+00:00","breadcrumb":{"@id":"https:\/\/luxonomy.net\/es\/la-alfombra-roja-de-venecia-brilla-con-lexus-cine-electrificacion-y-vision-de-futuro\/#breadcrumb"},"inLanguage":"es","potentialAction":[{"@type":"ReadAction","target":["https:\/\/luxonomy.net\/es\/la-alfombra-roja-de-venecia-brilla-con-lexus-cine-electrificacion-y-vision-de-futuro\/"]}]},{"@type":"ImageObject","inLanguage":"es","@id":"https:\/\/luxonomy.net\/es\/la-alfombra-roja-de-venecia-brilla-con-lexus-cine-electrificacion-y-vision-de-futuro\/#primaryimage","url":"https:\/\/i0.wp.com\/luxonomy.net\/wp-content\/uploads\/2025\/09\/lexus_festival_venecia-1-scaled.jpg?fit=2560%2C1140&ssl=1","contentUrl":"https:\/\/i0.wp.com\/luxonomy.net\/wp-content\/uploads\/2025\/09\/lexus_festival_venecia-1-scaled.jpg?fit=2560%2C1140&ssl=1","width":2560,"height":1140},{"@type":"BreadcrumbList","@id":"https:\/\/luxonomy.net\/es\/la-alfombra-roja-de-venecia-brilla-con-lexus-cine-electrificacion-y-vision-de-futuro\/#breadcrumb","itemListElement":[{"@type":"ListItem","position":1,"name":"Portada","item":"https:\/\/luxonomy.net\/es\/"},{"@type":"ListItem","position":2,"name":"La alfombra roja de Venecia brilla con Lexus: cine, electrificaci\u00f3n y visi\u00f3n de futuro"}]},{"@type":"WebSite","@id":"https:\/\/luxonomy.net\/es\/#website","url":"https:\/\/luxonomy.net\/es\/","name":"LUXONOMY","description":"The Economy of Fashion &amp; Luxury","publisher":{"@id":"https:\/\/luxonomy.net\/es\/#organization"},"potentialAction":[{"@type":"SearchAction","target":{"@type":"EntryPoint","urlTemplate":"https:\/\/luxonomy.net\/es\/?s={search_term_string}"},"query-input":{"@type":"PropertyValueSpecification","valueRequired":true,"valueName":"search_term_string"}}],"inLanguage":"es"},{"@type":"Organization","@id":"https:\/\/luxonomy.net\/es\/#organization","name":"LUXONOMY","url":"https:\/\/luxonomy.net\/es\/","logo":{"@type":"ImageObject","inLanguage":"es","@id":"https:\/\/luxonomy.net\/es\/#\/schema\/logo\/image\/","url":"https:\/\/i2.wp.com\/luxonomy.net\/wp-content\/uploads\/2021\/09\/MOCKUP-TODOS-LUXONOMY.jpg?fit=1000%2C515&ssl=1","contentUrl":"https:\/\/i2.wp.com\/luxonomy.net\/wp-content\/uploads\/2021\/09\/MOCKUP-TODOS-LUXONOMY.jpg?fit=1000%2C515&ssl=1","width":1000,"height":515,"caption":"LUXONOMY"},"image":{"@id":"https:\/\/luxonomy.net\/es\/#\/schema\/logo\/image\/"},"sameAs":["https:\/\/www.facebook.com\/luxonomy","https:\/\/www.instagram.com\/luxonomy\/","https:\/\/www.linkedin.com\/company\/luxonomy\/"]},{"@type":"Person","@id":"https:\/\/luxonomy.net\/es\/#\/schema\/person\/ca588d8b741a1fdd9065289c8d98ee8c","name":"LUXONOMY","image":{"@type":"ImageObject","inLanguage":"es","@id":"https:\/\/luxonomy.net\/wp-content\/litespeed\/avatar\/a6436cdb14fdaf9c21808e63d0da2055.jpg?ver=1788366758","url":"https:\/\/luxonomy.net\/wp-content\/litespeed\/avatar\/a6436cdb14fdaf9c21808e63d0da2055.jpg?ver=1788366758","contentUrl":"https:\/\/luxonomy.net\/wp-content\/litespeed\/avatar\/a6436cdb14fdaf9c21808e63d0da2055.jpg?ver=1788366758","caption":"LUXONOMY"},"sameAs":["https:\/"],"url":"https:\/\/luxonomy.net\/es\/author\/luxonomy\/"}]}},"jetpack_publicize_connections":[],"jetpack_shortlink":"https:\/\/wp.me\/paPhBa-hGr","jetpack_sharing_enabled":true,"jetpack_featured_media_url":"https:\/\/i0.wp.com\/luxonomy.net\/wp-content\/uploads\/2025\/09\/lexus_festival_venecia-1-scaled.jpg?fit=2560%2C1140&ssl=1","_links":{"self":[{"href":"https:\/\/luxonomy.net\/es\/wp-json\/wp\/v2\/posts\/67979","targetHints":{"allow":["GET"]}}],"collection":[{"href":"https:\/\/luxonomy.net\/es\/wp-json\/wp\/v2\/posts"}],"about":[{"href":"https:\/\/luxonomy.net\/es\/wp-json\/wp\/v2\/types\/post"}],"author":[{"embeddable":true,"href":"https:\/\/luxonomy.net\/es\/wp-json\/wp\/v2\/users\/1"}],"replies":[{"embeddable":true,"href":"https:\/\/luxonomy.net\/es\/wp-json\/wp\/v2\/comments?post=67979"}],"version-history":[{"count":1,"href":"https:\/\/luxonomy.net\/es\/wp-json\/wp\/v2\/posts\/67979\/revisions"}],"predecessor-version":[{"id":67982,"href":"https:\/\/luxonomy.net\/es\/wp-json\/wp\/v2\/posts\/67979\/revisions\/67982"}],"wp:featuredmedia":[{"embeddable":true,"href":"https:\/\/luxonomy.net\/es\/wp-json\/wp\/v2\/media\/67980"}],"wp:attachment":[{"href":"https:\/\/luxonomy.net\/es\/wp-json\/wp\/v2\/media?parent=67979"}],"wp:term":[{"taxonomy":"category","embeddable":true,"href":"https:\/\/luxonomy.net\/es\/wp-json\/wp\/v2\/categories?post=67979"},{"taxonomy":"post_tag","embeddable":true,"href":"https:\/\/luxonomy.net\/es\/wp-json\/wp\/v2\/tags?post=67979"},{"taxonomy":"thb-sponsors","embeddable":true,"href":"https:\/\/luxonomy.net\/es\/wp-json\/wp\/v2\/thb-sponsors?post=67979"}],"curies":[{"name":"wp","href":"https:\/\/api.w.org\/{rel}","templated":true}]}}