{"id":67845,"date":"2025-09-03T12:23:33","date_gmt":"2025-09-03T10:23:33","guid":{"rendered":"https:\/\/luxonomy.net\/?p=67845"},"modified":"2025-09-03T12:35:16","modified_gmt":"2025-09-03T10:35:16","slug":"louis-vuitton-presenta-la-beaute-louis-vuitton-un-nuevo-universo-creativo-liderado-por-dame-pat-mcgrath","status":"publish","type":"post","link":"https:\/\/luxonomy.net\/es\/louis-vuitton-presenta-la-beaute-louis-vuitton-un-nuevo-universo-creativo-liderado-por-dame-pat-mcgrath\/","title":{"rendered":"Louis Vuitton presenta La Beaut\u00e9 Louis Vuitton, un nuevo universo creativo liderado por Dame Pat McGrath"},"content":{"rendered":"\n<section data-slice-type=\"news_content\" data-slice-variation=\"default\">\n<div class=\"flex w-full max-w-full justify-center pt-14 md:pt-18 pb-14 md:pb-18 sm:container-layout-padding\">\n<div class=\"w-full  max-w-full  container-layout-padding lg:max-w-screen-lg pt-14 pb-18 md:py-36 bg-white md:px-0 mx-auto gridLayoutPadding lg:max-w-screen-lg\">\n<div class=\"col-span-full flex flex-col gap-14 last:mb-0 sm:col-start-2 sm:col-end-8 md:col-start-3 md:col-end-11\">\n<div class=\"flex flex-col gap-14 text-left\">\n<div class=\"dad65929\">\n<div class=\"_4f9bf79 d7dc56a8 _43c05b5\">\n<div class=\"ds-markdown ds-markdown--block\">\n<p class=\"ds-markdown-paragraph\">Louis Vuitton se embarca en un nuevo viaje creativo con la llegada de\u00a0<em>La Beaut\u00e9 Louis Vuitton<\/em>, una colecci\u00f3n de maquillaje que trasciende el producto para elevar la belleza a una experiencia sensorial y art\u00edstica.<\/p>\n<p class=\"ds-markdown-paragraph\">Fiel a su herencia y esp\u00edritu de innovaci\u00f3n, la Maison ofrece creaciones concebidas como preciados objetos de arte dise\u00f1ados para ser conservados y transmitidos para siempre.<\/p>\n<p class=\"ds-markdown-paragraph\">Liderada por Dame Pat McGrath, nombrada Directora Creativa de Cosm\u00e9ticos de\u00a0<em>La Beaut\u00e9 Louis Vuitton<\/em>, la l\u00ednea se lanz\u00f3 en China el 20 de agosto antes del lanzamiento global. Considerada una visionaria, la maquilladora aporta a la Casa una arte audaz y atemporal, donde la innovaci\u00f3n se fusiona con la emoci\u00f3n y la excelencia.<\/p><div id=\"luxon-1761601454\" class=\"luxon-3er-parrafo luxon-entity-placement\" style=\"margin-top: 20px;margin-bottom: 20px;margin-left: auto;margin-right: auto;text-align: center;\"><a href=\"https:\/\/luxonomy.university\/course\/master-turismo-de-lujo\" target=\"_blank\" aria-label=\"master-turismo-lujo-2026-2027\"><img loading=\"lazy\" decoding=\"async\" src=\"https:\/\/i0.wp.com\/luxonomy.net\/wp-content\/uploads\/2020\/07\/master-turismo-lujo-2026-2027.jpg?fit=1672%2C941&#038;ssl=1\" alt=\"\"  srcset=\"https:\/\/i0.wp.com\/luxonomy.net\/wp-content\/uploads\/2020\/07\/master-turismo-lujo-2026-2027.jpg?w=1672&ssl=1 1672w, https:\/\/i0.wp.com\/luxonomy.net\/wp-content\/uploads\/2020\/07\/master-turismo-lujo-2026-2027.jpg?resize=300%2C169&ssl=1 300w, https:\/\/i0.wp.com\/luxonomy.net\/wp-content\/uploads\/2020\/07\/master-turismo-lujo-2026-2027.jpg?resize=1024%2C576&ssl=1 1024w, https:\/\/i0.wp.com\/luxonomy.net\/wp-content\/uploads\/2020\/07\/master-turismo-lujo-2026-2027.jpg?resize=768%2C432&ssl=1 768w, https:\/\/i0.wp.com\/luxonomy.net\/wp-content\/uploads\/2020\/07\/master-turismo-lujo-2026-2027.jpg?resize=1536%2C864&ssl=1 1536w, https:\/\/i0.wp.com\/luxonomy.net\/wp-content\/uploads\/2020\/07\/master-turismo-lujo-2026-2027.jpg?resize=370%2C208&ssl=1 370w, https:\/\/i0.wp.com\/luxonomy.net\/wp-content\/uploads\/2020\/07\/master-turismo-lujo-2026-2027.jpg?resize=800%2C450&ssl=1 800w, https:\/\/i0.wp.com\/luxonomy.net\/wp-content\/uploads\/2020\/07\/master-turismo-lujo-2026-2027.jpg?resize=20%2C11&ssl=1 20w, https:\/\/i0.wp.com\/luxonomy.net\/wp-content\/uploads\/2020\/07\/master-turismo-lujo-2026-2027.jpg?resize=740%2C416&ssl=1 740w, https:\/\/i0.wp.com\/luxonomy.net\/wp-content\/uploads\/2020\/07\/master-turismo-lujo-2026-2027.jpg?resize=1600%2C900&ssl=1 1600w, https:\/\/i0.wp.com\/luxonomy.net\/wp-content\/uploads\/2020\/07\/master-turismo-lujo-2026-2027.jpg?resize=1200%2C675&ssl=1 1200w, https:\/\/i0.wp.com\/luxonomy.net\/wp-content\/uploads\/2020\/07\/master-turismo-lujo-2026-2027.jpg?resize=85%2C48&ssl=1 85w\" sizes=\"(max-width: 1170px) 100vw, 1170px\" class=\"no-lazyload\" width=\"1672\" height=\"941\"   \/><\/a><\/div>\n<p class=\"ds-markdown-paragraph\">La colecci\u00f3n cuenta con 55 tonos de l\u00e1piz labial, diez b\u00e1lsamos y ocho sombras de ojos, realzados por un dise\u00f1o de Konstantin Grcic junto con una firma olfativa \u00fanica para la colecci\u00f3n creada por el Maestro Perfumista de Louis Vuitton, Jacques Cavallier Belletrud. Dise\u00f1adas para ser recargables, las creaciones combinan refinamiento, sostenibilidad y un\u00a0<em>savoir-faire<\/em>\u00a0excepcional.<\/p>\n<p class=\"ds-markdown-paragraph\">Conectando con la historia de Louis Vuitton y sus ic\u00f3nicos neceseres,\u00a0<em>La Beaut\u00e9 Louis Vuitton<\/em>\u00a0se acompa\u00f1a de un deslumbrante\u00a0<em>Vanity Trunk<\/em>\u00a0(ba\u00fal de belleza) y una l\u00ednea de peque\u00f1os art\u00edculos de marroquiner\u00eda que se convierten en compa\u00f1eros de los rituales de belleza cotidianos.<\/p>\n<p class=\"ds-markdown-paragraph\">Concebida con una meticulosa atenci\u00f3n a cada detalle,\u00a0<em>La Beaut\u00e9 Louis Vuitton<\/em>\u00a0encarna un profundo compromiso con el ecodise\u00f1o, donde cada componente fusiona innovaci\u00f3n, refinamiento y responsabilidad medioambiental. El dise\u00f1ador Konstantin Grcic sit\u00faa la sostenibilidad en el coraz\u00f3n de esta visi\u00f3n: &#8220;Siempre que fue posible, elegimos productos que son recargables en lugar de desecharse cuando se vac\u00edan. Seleccionamos materiales como el lat\u00f3n y el aluminio para minimizar el uso de pl\u00e1stico y aumentar la vida \u00fatil de los productos. Nuestro enfoque est\u00e1 anclado en la durabilidad y la calidad, alineado con nuestro deseo y compromiso con la sostenibilidad. Estos son objetos para usar a diario, para conservar durante a\u00f1os y disfrutar una y otra vez&#8221;. \u2014 Konstantin Grcic, dise\u00f1ador industrial.<\/p>\n<p class=\"ds-markdown-paragraph\">Esta primera colecci\u00f3n estar\u00e1 disponible a partir del 29 de agosto en selectas tiendas Louis Vuitton y en louisvuitton.com.<\/p><div id=\"luxon-4098449698\" class=\"luxon-7-parrafo luxon-entity-placement\" style=\"margin-top: 20px;margin-bottom: 20px;margin-left: auto;margin-right: auto;text-align: center;\"><a href=\"https:\/\/theintelligence.institute\/course\/inteligencia-artificial-para-directivos\" target=\"_blank\" aria-label=\"CSIAD_empresas_THEI_horizontal_4x3_v5\"><img loading=\"lazy\" decoding=\"async\" src=\"https:\/\/i0.wp.com\/luxonomy.net\/wp-content\/uploads\/2025\/08\/CSIAD_empresas_THEI_horizontal_4x3_v5.png?fit=2000%2C1500&#038;ssl=1\" alt=\"\"  srcset=\"https:\/\/i0.wp.com\/luxonomy.net\/wp-content\/uploads\/2025\/08\/CSIAD_empresas_THEI_horizontal_4x3_v5.png?w=2000&ssl=1 2000w, https:\/\/i0.wp.com\/luxonomy.net\/wp-content\/uploads\/2025\/08\/CSIAD_empresas_THEI_horizontal_4x3_v5.png?resize=300%2C225&ssl=1 300w, https:\/\/i0.wp.com\/luxonomy.net\/wp-content\/uploads\/2025\/08\/CSIAD_empresas_THEI_horizontal_4x3_v5.png?resize=1024%2C768&ssl=1 1024w, https:\/\/i0.wp.com\/luxonomy.net\/wp-content\/uploads\/2025\/08\/CSIAD_empresas_THEI_horizontal_4x3_v5.png?resize=768%2C576&ssl=1 768w, https:\/\/i0.wp.com\/luxonomy.net\/wp-content\/uploads\/2025\/08\/CSIAD_empresas_THEI_horizontal_4x3_v5.png?resize=1536%2C1152&ssl=1 1536w, https:\/\/i0.wp.com\/luxonomy.net\/wp-content\/uploads\/2025\/08\/CSIAD_empresas_THEI_horizontal_4x3_v5.png?resize=370%2C278&ssl=1 370w, https:\/\/i0.wp.com\/luxonomy.net\/wp-content\/uploads\/2025\/08\/CSIAD_empresas_THEI_horizontal_4x3_v5.png?resize=800%2C600&ssl=1 800w, https:\/\/i0.wp.com\/luxonomy.net\/wp-content\/uploads\/2025\/08\/CSIAD_empresas_THEI_horizontal_4x3_v5.png?resize=20%2C15&ssl=1 20w, https:\/\/i0.wp.com\/luxonomy.net\/wp-content\/uploads\/2025\/08\/CSIAD_empresas_THEI_horizontal_4x3_v5.png?resize=740%2C555&ssl=1 740w, https:\/\/i0.wp.com\/luxonomy.net\/wp-content\/uploads\/2025\/08\/CSIAD_empresas_THEI_horizontal_4x3_v5.png?resize=1600%2C1200&ssl=1 1600w, https:\/\/i0.wp.com\/luxonomy.net\/wp-content\/uploads\/2025\/08\/CSIAD_empresas_THEI_horizontal_4x3_v5.png?resize=1200%2C900&ssl=1 1200w, https:\/\/i0.wp.com\/luxonomy.net\/wp-content\/uploads\/2025\/08\/CSIAD_empresas_THEI_horizontal_4x3_v5.png?resize=64%2C48&ssl=1 64w\" sizes=\"(max-width: 1170px) 100vw, 1170px\" class=\"no-lazyload\" width=\"2000\" height=\"1500\"   \/><\/a><\/div>\n<\/div>\n<\/div>\n<\/div>\n<\/div>\n<\/div>\n<\/div>\n<\/div>\n<\/section>\n","protected":false},"excerpt":{"rendered":"<p>Louis Vuitton se embarca en un nuevo viaje creativo con la llegada de\u00a0La Beaut\u00e9 Louis Vuitton, una colecci\u00f3n de maquillaje que trasciende el producto para elevar la belleza a una experiencia sensorial y art\u00edstica. Fiel a su herencia y esp\u00edritu de innovaci\u00f3n, la Maison ofrece creaciones concebidas como preciados objetos de arte dise\u00f1ados para ser&hellip;<\/p>\n","protected":false},"author":13,"featured_media":67833,"comment_status":"open","ping_status":"open","sticky":false,"template":"","format":"gallery","meta":{"_jetpack_newsletter_access":"","_jetpack_dont_email_post_to_subs":false,"_jetpack_newsletter_tier_id":0,"_jetpack_memberships_contains_paywalled_content":false,"_jetpack_feature_clip_id":0,"_jetpack_memberships_contains_paid_content":false,"footnotes":"","jetpack_publicize_message":"","jetpack_publicize_feature_enabled":false,"jetpack_social_post_already_shared":true,"jetpack_social_options":{"image_generator_settings":{"template":"edge","default_image_id":0,"enabled":true,"token":"eyJpbWciOiJodHRwczpcL1wvbHV4b25vbXkubmV0XC93cC1jb250ZW50XC91cGxvYWRzXC8yMDI1XC8wOVwvQ2FwdHVyYS1kZS1wYW50YWxsYS0yMDI1LTA5LTAzLWEtbGFzLTEyLjE2LjAwLTEwMjR4NTcxLnBuZyIsInR4dCI6IkxvdWlzIFZ1aXR0b24gcHJlc2VudGEgTGEgQmVhdXRcdTAwZTkgTG91aXMgVnVpdHRvbiwgdW4gbnVldm8gdW5pdmVyc28gY3JlYXRpdm8gbGlkZXJhZG8gcG9yIERhbWUgUGF0IE1jR3JhdGgiLCJ0ZW1wbGF0ZSI6ImVkZ2UiLCJmb250IjoiIiwiYmxvZ19pZCI6MTU5OTg1NzQwfQ._pfxZktQNTduxJF4HEMQLNqEJqH0UQ4oJVlg34_yckUMQ"},"version":2},"jetpack_post_was_ever_published":false},"categories":[534],"tags":[660,586],"thb-sponsors":[],"class_list":["post-67845","post","type-post","status-publish","format-gallery","has-post-thumbnail","hentry","category-moda","tag-louis-vuitton","tag-moda","post_format-post-format-gallery"],"yoast_head":"<!-- This site is optimized with the Yoast SEO plugin v28.4 - https:\/\/yoast.com\/product\/yoast-seo-wordpress\/ -->\n<title>Louis Vuitton presenta La Beaut\u00e9 Louis Vuitton, un nuevo universo creativo liderado por Dame Pat McGrath | LUXONOMY<\/title>\n<meta name=\"robots\" content=\"index, follow, max-snippet:-1, max-image-preview:large, max-video-preview:-1\" \/>\n<link rel=\"canonical\" href=\"https:\/\/luxonomy.net\/es\/louis-vuitton-presenta-la-beaute-louis-vuitton-un-nuevo-universo-creativo-liderado-por-dame-pat-mcgrath\/\" \/>\n<meta property=\"og:locale\" content=\"es_ES\" \/>\n<meta property=\"og:type\" content=\"article\" \/>\n<meta property=\"og:title\" content=\"Louis Vuitton presenta La Beaut\u00e9 Louis Vuitton, un nuevo universo creativo liderado por Dame Pat McGrath | LUXONOMY\" \/>\n<meta property=\"og:description\" content=\"Louis Vuitton se embarca en un nuevo viaje creativo con la llegada de\u00a0La Beaut\u00e9 Louis Vuitton, una colecci\u00f3n de maquillaje que trasciende el producto para elevar la belleza a una experiencia sensorial y art\u00edstica. Fiel a su herencia y esp\u00edritu de innovaci\u00f3n, la Maison ofrece creaciones concebidas como preciados objetos de arte dise\u00f1ados para ser&hellip;\" \/>\n<meta property=\"og:url\" content=\"https:\/\/luxonomy.net\/es\/louis-vuitton-presenta-la-beaute-louis-vuitton-un-nuevo-universo-creativo-liderado-por-dame-pat-mcgrath\/\" \/>\n<meta property=\"og:site_name\" content=\"LUXONOMY\" \/>\n<meta property=\"article:publisher\" content=\"https:\/\/www.facebook.com\/luxonomy\" \/>\n<meta property=\"article:published_time\" content=\"2025-09-03T10:23:33+00:00\" \/>\n<meta property=\"article:modified_time\" content=\"2025-09-03T10:35:16+00:00\" \/>\n<meta property=\"og:image\" content=\"https:\/\/luxonomy.net\/wp-content\/uploads\/2025\/09\/Captura-de-pantalla-2025-09-03-a-las-12.16.00.png\" \/>\n\t<meta property=\"og:image:width\" content=\"1432\" \/>\n\t<meta property=\"og:image:height\" content=\"798\" \/>\n\t<meta property=\"og:image:type\" content=\"image\/png\" \/>\n<meta name=\"author\" content=\"Dara Bernardo\" \/>\n<meta name=\"twitter:card\" content=\"summary_large_image\" \/>\n<meta name=\"twitter:label1\" content=\"Escrito por\" \/>\n\t<meta name=\"twitter:data1\" content=\"Dara Bernardo\" \/>\n\t<meta name=\"twitter:label2\" content=\"Tiempo de lectura\" \/>\n\t<meta name=\"twitter:data2\" content=\"2 minutos\" \/>\n<script type=\"application\/ld+json\" class=\"yoast-schema-graph\">{\"@context\":\"https:\\\/\\\/schema.org\",\"@graph\":[{\"@type\":\"Article\",\"@id\":\"https:\\\/\\\/luxonomy.net\\\/es\\\/louis-vuitton-presenta-la-beaute-louis-vuitton-un-nuevo-universo-creativo-liderado-por-dame-pat-mcgrath\\\/#article\",\"isPartOf\":{\"@id\":\"https:\\\/\\\/luxonomy.net\\\/es\\\/louis-vuitton-presenta-la-beaute-louis-vuitton-un-nuevo-universo-creativo-liderado-por-dame-pat-mcgrath\\\/\"},\"author\":{\"name\":\"Dara Bernardo\",\"@id\":\"https:\\\/\\\/luxonomy.net\\\/es\\\/#\\\/schema\\\/person\\\/e67bcb5ec87034adece86099e3e2fc35\"},\"headline\":\"Louis Vuitton presenta La Beaut\u00e9 Louis Vuitton, un nuevo universo creativo liderado por Dame Pat McGrath\",\"datePublished\":\"2025-09-03T10:23:33+00:00\",\"dateModified\":\"2025-09-03T10:35:16+00:00\",\"mainEntityOfPage\":{\"@id\":\"https:\\\/\\\/luxonomy.net\\\/es\\\/louis-vuitton-presenta-la-beaute-louis-vuitton-un-nuevo-universo-creativo-liderado-por-dame-pat-mcgrath\\\/\"},\"wordCount\":403,\"commentCount\":0,\"publisher\":{\"@id\":\"https:\\\/\\\/luxonomy.net\\\/es\\\/#organization\"},\"image\":{\"@id\":\"https:\\\/\\\/luxonomy.net\\\/es\\\/louis-vuitton-presenta-la-beaute-louis-vuitton-un-nuevo-universo-creativo-liderado-por-dame-pat-mcgrath\\\/#primaryimage\"},\"thumbnailUrl\":\"https:\\\/\\\/i0.wp.com\\\/luxonomy.net\\\/wp-content\\\/uploads\\\/2025\\\/09\\\/Captura-de-pantalla-2025-09-03-a-las-12.16.00.png?fit=1432%2C798&ssl=1\",\"keywords\":[\"Louis Vuitton\",\"Moda\"],\"articleSection\":[\"Moda\"],\"inLanguage\":\"es\",\"potentialAction\":[{\"@type\":\"CommentAction\",\"name\":\"Comment\",\"target\":[\"https:\\\/\\\/luxonomy.net\\\/es\\\/louis-vuitton-presenta-la-beaute-louis-vuitton-un-nuevo-universo-creativo-liderado-por-dame-pat-mcgrath\\\/#respond\"]}]},{\"@type\":\"WebPage\",\"@id\":\"https:\\\/\\\/luxonomy.net\\\/es\\\/louis-vuitton-presenta-la-beaute-louis-vuitton-un-nuevo-universo-creativo-liderado-por-dame-pat-mcgrath\\\/\",\"url\":\"https:\\\/\\\/luxonomy.net\\\/es\\\/louis-vuitton-presenta-la-beaute-louis-vuitton-un-nuevo-universo-creativo-liderado-por-dame-pat-mcgrath\\\/\",\"name\":\"Louis Vuitton presenta La Beaut\u00e9 Louis Vuitton, un nuevo universo creativo liderado por Dame Pat McGrath | LUXONOMY\",\"isPartOf\":{\"@id\":\"https:\\\/\\\/luxonomy.net\\\/es\\\/#website\"},\"primaryImageOfPage\":{\"@id\":\"https:\\\/\\\/luxonomy.net\\\/es\\\/louis-vuitton-presenta-la-beaute-louis-vuitton-un-nuevo-universo-creativo-liderado-por-dame-pat-mcgrath\\\/#primaryimage\"},\"image\":{\"@id\":\"https:\\\/\\\/luxonomy.net\\\/es\\\/louis-vuitton-presenta-la-beaute-louis-vuitton-un-nuevo-universo-creativo-liderado-por-dame-pat-mcgrath\\\/#primaryimage\"},\"thumbnailUrl\":\"https:\\\/\\\/i0.wp.com\\\/luxonomy.net\\\/wp-content\\\/uploads\\\/2025\\\/09\\\/Captura-de-pantalla-2025-09-03-a-las-12.16.00.png?fit=1432%2C798&ssl=1\",\"datePublished\":\"2025-09-03T10:23:33+00:00\",\"dateModified\":\"2025-09-03T10:35:16+00:00\",\"breadcrumb\":{\"@id\":\"https:\\\/\\\/luxonomy.net\\\/es\\\/louis-vuitton-presenta-la-beaute-louis-vuitton-un-nuevo-universo-creativo-liderado-por-dame-pat-mcgrath\\\/#breadcrumb\"},\"inLanguage\":\"es\",\"potentialAction\":[{\"@type\":\"ReadAction\",\"target\":[\"https:\\\/\\\/luxonomy.net\\\/es\\\/louis-vuitton-presenta-la-beaute-louis-vuitton-un-nuevo-universo-creativo-liderado-por-dame-pat-mcgrath\\\/\"]}]},{\"@type\":\"ImageObject\",\"inLanguage\":\"es\",\"@id\":\"https:\\\/\\\/luxonomy.net\\\/es\\\/louis-vuitton-presenta-la-beaute-louis-vuitton-un-nuevo-universo-creativo-liderado-por-dame-pat-mcgrath\\\/#primaryimage\",\"url\":\"https:\\\/\\\/i0.wp.com\\\/luxonomy.net\\\/wp-content\\\/uploads\\\/2025\\\/09\\\/Captura-de-pantalla-2025-09-03-a-las-12.16.00.png?fit=1432%2C798&ssl=1\",\"contentUrl\":\"https:\\\/\\\/i0.wp.com\\\/luxonomy.net\\\/wp-content\\\/uploads\\\/2025\\\/09\\\/Captura-de-pantalla-2025-09-03-a-las-12.16.00.png?fit=1432%2C798&ssl=1\",\"width\":1432,\"height\":798},{\"@type\":\"BreadcrumbList\",\"@id\":\"https:\\\/\\\/luxonomy.net\\\/es\\\/louis-vuitton-presenta-la-beaute-louis-vuitton-un-nuevo-universo-creativo-liderado-por-dame-pat-mcgrath\\\/#breadcrumb\",\"itemListElement\":[{\"@type\":\"ListItem\",\"position\":1,\"name\":\"Portada\",\"item\":\"https:\\\/\\\/luxonomy.net\\\/es\\\/\"},{\"@type\":\"ListItem\",\"position\":2,\"name\":\"Louis Vuitton presenta La Beaut\u00e9 Louis Vuitton, un nuevo universo creativo liderado por Dame Pat McGrath\"}]},{\"@type\":\"WebSite\",\"@id\":\"https:\\\/\\\/luxonomy.net\\\/es\\\/#website\",\"url\":\"https:\\\/\\\/luxonomy.net\\\/es\\\/\",\"name\":\"LUXONOMY\",\"description\":\"The Economy of Fashion &amp; Luxury\",\"publisher\":{\"@id\":\"https:\\\/\\\/luxonomy.net\\\/es\\\/#organization\"},\"potentialAction\":[{\"@type\":\"SearchAction\",\"target\":{\"@type\":\"EntryPoint\",\"urlTemplate\":\"https:\\\/\\\/luxonomy.net\\\/es\\\/?s={search_term_string}\"},\"query-input\":{\"@type\":\"PropertyValueSpecification\",\"valueRequired\":true,\"valueName\":\"search_term_string\"}}],\"inLanguage\":\"es\"},{\"@type\":\"Organization\",\"@id\":\"https:\\\/\\\/luxonomy.net\\\/es\\\/#organization\",\"name\":\"LUXONOMY\",\"url\":\"https:\\\/\\\/luxonomy.net\\\/es\\\/\",\"logo\":{\"@type\":\"ImageObject\",\"inLanguage\":\"es\",\"@id\":\"https:\\\/\\\/luxonomy.net\\\/es\\\/#\\\/schema\\\/logo\\\/image\\\/\",\"url\":\"https:\\\/\\\/i2.wp.com\\\/luxonomy.net\\\/wp-content\\\/uploads\\\/2021\\\/09\\\/MOCKUP-TODOS-LUXONOMY.jpg?fit=1000%2C515&ssl=1\",\"contentUrl\":\"https:\\\/\\\/i2.wp.com\\\/luxonomy.net\\\/wp-content\\\/uploads\\\/2021\\\/09\\\/MOCKUP-TODOS-LUXONOMY.jpg?fit=1000%2C515&ssl=1\",\"width\":1000,\"height\":515,\"caption\":\"LUXONOMY\"},\"image\":{\"@id\":\"https:\\\/\\\/luxonomy.net\\\/es\\\/#\\\/schema\\\/logo\\\/image\\\/\"},\"sameAs\":[\"https:\\\/\\\/www.facebook.com\\\/luxonomy\",\"https:\\\/\\\/www.instagram.com\\\/luxonomy\\\/\",\"https:\\\/\\\/www.linkedin.com\\\/company\\\/luxonomy\\\/\"]},{\"@type\":\"Person\",\"@id\":\"https:\\\/\\\/luxonomy.net\\\/es\\\/#\\\/schema\\\/person\\\/e67bcb5ec87034adece86099e3e2fc35\",\"name\":\"Dara Bernardo\",\"image\":{\"@type\":\"ImageObject\",\"inLanguage\":\"es\",\"@id\":\"https:\\\/\\\/luxonomy.net\\\/wp-content\\\/litespeed\\\/avatar\\\/6210219c821657e60e23828a44456840.jpg?ver=1788581693\",\"url\":\"https:\\\/\\\/luxonomy.net\\\/wp-content\\\/litespeed\\\/avatar\\\/6210219c821657e60e23828a44456840.jpg?ver=1788581693\",\"contentUrl\":\"https:\\\/\\\/luxonomy.net\\\/wp-content\\\/litespeed\\\/avatar\\\/6210219c821657e60e23828a44456840.jpg?ver=1788581693\",\"caption\":\"Dara Bernardo\"},\"description\":\"Managing Director at LUXONOMY\u2122 Group Middle East\",\"sameAs\":[\"mailto:dubai@investme.capital\"],\"url\":\"https:\\\/\\\/luxonomy.net\\\/es\\\/author\\\/dara-bernardo\\\/\"}]}<\/script>\n<!-- \/ Yoast SEO plugin. -->","yoast_head_json":{"title":"Louis Vuitton presenta La Beaut\u00e9 Louis Vuitton, un nuevo universo creativo liderado por Dame Pat McGrath | LUXONOMY","robots":{"index":"index","follow":"follow","max-snippet":"max-snippet:-1","max-image-preview":"max-image-preview:large","max-video-preview":"max-video-preview:-1"},"canonical":"https:\/\/luxonomy.net\/es\/louis-vuitton-presenta-la-beaute-louis-vuitton-un-nuevo-universo-creativo-liderado-por-dame-pat-mcgrath\/","og_locale":"es_ES","og_type":"article","og_title":"Louis Vuitton presenta La Beaut\u00e9 Louis Vuitton, un nuevo universo creativo liderado por Dame Pat McGrath | LUXONOMY","og_description":"Louis Vuitton se embarca en un nuevo viaje creativo con la llegada de\u00a0La Beaut\u00e9 Louis Vuitton, una colecci\u00f3n de maquillaje que trasciende el producto para elevar la belleza a una experiencia sensorial y art\u00edstica. Fiel a su herencia y esp\u00edritu de innovaci\u00f3n, la Maison ofrece creaciones concebidas como preciados objetos de arte dise\u00f1ados para ser&hellip;","og_url":"https:\/\/luxonomy.net\/es\/louis-vuitton-presenta-la-beaute-louis-vuitton-un-nuevo-universo-creativo-liderado-por-dame-pat-mcgrath\/","og_site_name":"LUXONOMY","article_publisher":"https:\/\/www.facebook.com\/luxonomy","article_published_time":"2025-09-03T10:23:33+00:00","article_modified_time":"2025-09-03T10:35:16+00:00","og_image":[{"width":1432,"height":798,"url":"https:\/\/luxonomy.net\/wp-content\/uploads\/2025\/09\/Captura-de-pantalla-2025-09-03-a-las-12.16.00.png","type":"image\/png"}],"author":"Dara Bernardo","twitter_card":"summary_large_image","twitter_misc":{"Escrito por":"Dara Bernardo","Tiempo de lectura":"2 minutos"},"schema":{"@context":"https:\/\/schema.org","@graph":[{"@type":"Article","@id":"https:\/\/luxonomy.net\/es\/louis-vuitton-presenta-la-beaute-louis-vuitton-un-nuevo-universo-creativo-liderado-por-dame-pat-mcgrath\/#article","isPartOf":{"@id":"https:\/\/luxonomy.net\/es\/louis-vuitton-presenta-la-beaute-louis-vuitton-un-nuevo-universo-creativo-liderado-por-dame-pat-mcgrath\/"},"author":{"name":"Dara Bernardo","@id":"https:\/\/luxonomy.net\/es\/#\/schema\/person\/e67bcb5ec87034adece86099e3e2fc35"},"headline":"Louis Vuitton presenta La Beaut\u00e9 Louis Vuitton, un nuevo universo creativo liderado por Dame Pat McGrath","datePublished":"2025-09-03T10:23:33+00:00","dateModified":"2025-09-03T10:35:16+00:00","mainEntityOfPage":{"@id":"https:\/\/luxonomy.net\/es\/louis-vuitton-presenta-la-beaute-louis-vuitton-un-nuevo-universo-creativo-liderado-por-dame-pat-mcgrath\/"},"wordCount":403,"commentCount":0,"publisher":{"@id":"https:\/\/luxonomy.net\/es\/#organization"},"image":{"@id":"https:\/\/luxonomy.net\/es\/louis-vuitton-presenta-la-beaute-louis-vuitton-un-nuevo-universo-creativo-liderado-por-dame-pat-mcgrath\/#primaryimage"},"thumbnailUrl":"https:\/\/i0.wp.com\/luxonomy.net\/wp-content\/uploads\/2025\/09\/Captura-de-pantalla-2025-09-03-a-las-12.16.00.png?fit=1432%2C798&ssl=1","keywords":["Louis Vuitton","Moda"],"articleSection":["Moda"],"inLanguage":"es","potentialAction":[{"@type":"CommentAction","name":"Comment","target":["https:\/\/luxonomy.net\/es\/louis-vuitton-presenta-la-beaute-louis-vuitton-un-nuevo-universo-creativo-liderado-por-dame-pat-mcgrath\/#respond"]}]},{"@type":"WebPage","@id":"https:\/\/luxonomy.net\/es\/louis-vuitton-presenta-la-beaute-louis-vuitton-un-nuevo-universo-creativo-liderado-por-dame-pat-mcgrath\/","url":"https:\/\/luxonomy.net\/es\/louis-vuitton-presenta-la-beaute-louis-vuitton-un-nuevo-universo-creativo-liderado-por-dame-pat-mcgrath\/","name":"Louis Vuitton presenta La Beaut\u00e9 Louis Vuitton, un nuevo universo creativo liderado por Dame Pat McGrath | LUXONOMY","isPartOf":{"@id":"https:\/\/luxonomy.net\/es\/#website"},"primaryImageOfPage":{"@id":"https:\/\/luxonomy.net\/es\/louis-vuitton-presenta-la-beaute-louis-vuitton-un-nuevo-universo-creativo-liderado-por-dame-pat-mcgrath\/#primaryimage"},"image":{"@id":"https:\/\/luxonomy.net\/es\/louis-vuitton-presenta-la-beaute-louis-vuitton-un-nuevo-universo-creativo-liderado-por-dame-pat-mcgrath\/#primaryimage"},"thumbnailUrl":"https:\/\/i0.wp.com\/luxonomy.net\/wp-content\/uploads\/2025\/09\/Captura-de-pantalla-2025-09-03-a-las-12.16.00.png?fit=1432%2C798&ssl=1","datePublished":"2025-09-03T10:23:33+00:00","dateModified":"2025-09-03T10:35:16+00:00","breadcrumb":{"@id":"https:\/\/luxonomy.net\/es\/louis-vuitton-presenta-la-beaute-louis-vuitton-un-nuevo-universo-creativo-liderado-por-dame-pat-mcgrath\/#breadcrumb"},"inLanguage":"es","potentialAction":[{"@type":"ReadAction","target":["https:\/\/luxonomy.net\/es\/louis-vuitton-presenta-la-beaute-louis-vuitton-un-nuevo-universo-creativo-liderado-por-dame-pat-mcgrath\/"]}]},{"@type":"ImageObject","inLanguage":"es","@id":"https:\/\/luxonomy.net\/es\/louis-vuitton-presenta-la-beaute-louis-vuitton-un-nuevo-universo-creativo-liderado-por-dame-pat-mcgrath\/#primaryimage","url":"https:\/\/i0.wp.com\/luxonomy.net\/wp-content\/uploads\/2025\/09\/Captura-de-pantalla-2025-09-03-a-las-12.16.00.png?fit=1432%2C798&ssl=1","contentUrl":"https:\/\/i0.wp.com\/luxonomy.net\/wp-content\/uploads\/2025\/09\/Captura-de-pantalla-2025-09-03-a-las-12.16.00.png?fit=1432%2C798&ssl=1","width":1432,"height":798},{"@type":"BreadcrumbList","@id":"https:\/\/luxonomy.net\/es\/louis-vuitton-presenta-la-beaute-louis-vuitton-un-nuevo-universo-creativo-liderado-por-dame-pat-mcgrath\/#breadcrumb","itemListElement":[{"@type":"ListItem","position":1,"name":"Portada","item":"https:\/\/luxonomy.net\/es\/"},{"@type":"ListItem","position":2,"name":"Louis Vuitton presenta La Beaut\u00e9 Louis Vuitton, un nuevo universo creativo liderado por Dame Pat McGrath"}]},{"@type":"WebSite","@id":"https:\/\/luxonomy.net\/es\/#website","url":"https:\/\/luxonomy.net\/es\/","name":"LUXONOMY","description":"The Economy of Fashion &amp; Luxury","publisher":{"@id":"https:\/\/luxonomy.net\/es\/#organization"},"potentialAction":[{"@type":"SearchAction","target":{"@type":"EntryPoint","urlTemplate":"https:\/\/luxonomy.net\/es\/?s={search_term_string}"},"query-input":{"@type":"PropertyValueSpecification","valueRequired":true,"valueName":"search_term_string"}}],"inLanguage":"es"},{"@type":"Organization","@id":"https:\/\/luxonomy.net\/es\/#organization","name":"LUXONOMY","url":"https:\/\/luxonomy.net\/es\/","logo":{"@type":"ImageObject","inLanguage":"es","@id":"https:\/\/luxonomy.net\/es\/#\/schema\/logo\/image\/","url":"https:\/\/i2.wp.com\/luxonomy.net\/wp-content\/uploads\/2021\/09\/MOCKUP-TODOS-LUXONOMY.jpg?fit=1000%2C515&ssl=1","contentUrl":"https:\/\/i2.wp.com\/luxonomy.net\/wp-content\/uploads\/2021\/09\/MOCKUP-TODOS-LUXONOMY.jpg?fit=1000%2C515&ssl=1","width":1000,"height":515,"caption":"LUXONOMY"},"image":{"@id":"https:\/\/luxonomy.net\/es\/#\/schema\/logo\/image\/"},"sameAs":["https:\/\/www.facebook.com\/luxonomy","https:\/\/www.instagram.com\/luxonomy\/","https:\/\/www.linkedin.com\/company\/luxonomy\/"]},{"@type":"Person","@id":"https:\/\/luxonomy.net\/es\/#\/schema\/person\/e67bcb5ec87034adece86099e3e2fc35","name":"Dara Bernardo","image":{"@type":"ImageObject","inLanguage":"es","@id":"https:\/\/luxonomy.net\/wp-content\/litespeed\/avatar\/6210219c821657e60e23828a44456840.jpg?ver=1788581693","url":"https:\/\/luxonomy.net\/wp-content\/litespeed\/avatar\/6210219c821657e60e23828a44456840.jpg?ver=1788581693","contentUrl":"https:\/\/luxonomy.net\/wp-content\/litespeed\/avatar\/6210219c821657e60e23828a44456840.jpg?ver=1788581693","caption":"Dara Bernardo"},"description":"Managing Director at LUXONOMY\u2122 Group Middle East","sameAs":["mailto:dubai@investme.capital"],"url":"https:\/\/luxonomy.net\/es\/author\/dara-bernardo\/"}]}},"jetpack_publicize_connections":[],"jetpack_shortlink":"https:\/\/wp.me\/paPhBa-hEh","jetpack_sharing_enabled":true,"jetpack_featured_media_url":"https:\/\/i0.wp.com\/luxonomy.net\/wp-content\/uploads\/2025\/09\/Captura-de-pantalla-2025-09-03-a-las-12.16.00.png?fit=1432%2C798&ssl=1","_links":{"self":[{"href":"https:\/\/luxonomy.net\/es\/wp-json\/wp\/v2\/posts\/67845","targetHints":{"allow":["GET"]}}],"collection":[{"href":"https:\/\/luxonomy.net\/es\/wp-json\/wp\/v2\/posts"}],"about":[{"href":"https:\/\/luxonomy.net\/es\/wp-json\/wp\/v2\/types\/post"}],"author":[{"embeddable":true,"href":"https:\/\/luxonomy.net\/es\/wp-json\/wp\/v2\/users\/13"}],"replies":[{"embeddable":true,"href":"https:\/\/luxonomy.net\/es\/wp-json\/wp\/v2\/comments?post=67845"}],"version-history":[{"count":1,"href":"https:\/\/luxonomy.net\/es\/wp-json\/wp\/v2\/posts\/67845\/revisions"}],"predecessor-version":[{"id":67846,"href":"https:\/\/luxonomy.net\/es\/wp-json\/wp\/v2\/posts\/67845\/revisions\/67846"}],"wp:featuredmedia":[{"embeddable":true,"href":"https:\/\/luxonomy.net\/es\/wp-json\/wp\/v2\/media\/67833"}],"wp:attachment":[{"href":"https:\/\/luxonomy.net\/es\/wp-json\/wp\/v2\/media?parent=67845"}],"wp:term":[{"taxonomy":"category","embeddable":true,"href":"https:\/\/luxonomy.net\/es\/wp-json\/wp\/v2\/categories?post=67845"},{"taxonomy":"post_tag","embeddable":true,"href":"https:\/\/luxonomy.net\/es\/wp-json\/wp\/v2\/tags?post=67845"},{"taxonomy":"thb-sponsors","embeddable":true,"href":"https:\/\/luxonomy.net\/es\/wp-json\/wp\/v2\/thb-sponsors?post=67845"}],"curies":[{"name":"wp","href":"https:\/\/api.w.org\/{rel}","templated":true}]}}