{"id":67720,"date":"2025-08-21T13:16:42","date_gmt":"2025-08-21T11:16:42","guid":{"rendered":"https:\/\/luxonomy.net\/?p=67720"},"modified":"2025-08-22T13:41:57","modified_gmt":"2025-08-22T11:41:57","slug":"lvmh-reafirma-su-compromiso-con-el-secours-populaire-francais-celebrando-el-80-aniversario-de-la-organizacion-benefica-con-apoyo-para-un-dia-especial-para-los-ninos-a-los-que-las-vacaciones-de-vera","status":"publish","type":"post","link":"https:\/\/luxonomy.net\/es\/lvmh-reafirma-su-compromiso-con-el-secours-populaire-francais-celebrando-el-80-aniversario-de-la-organizacion-benefica-con-apoyo-para-un-dia-especial-para-los-ninos-a-los-que-las-vacaciones-de-vera\/","title":{"rendered":"LVMH reafirma su compromiso con el Secours Populaire Fran\u00e7ais, celebrando el 80 aniversario de la organizaci\u00f3n ben\u00e9fica con apoyo para un d\u00eda especial para &#8220;los ni\u00f1os a los que las vacaciones de verano olvidaron&#8221;"},"content":{"rendered":"\n<section data-slice-type=\"news_content\" data-slice-variation=\"default\">\n<div class=\"flex w-full max-w-full justify-center pt-14 md:pt-18 pb-14 md:pb-18 sm:container-layout-padding\">\n<div class=\"w-full  max-w-full  container-layout-padding lg:max-w-screen-lg pt-14 pb-18 md:py-36 bg-white md:px-0 mx-auto gridLayoutPadding lg:max-w-screen-lg\">\n<div class=\"col-span-full flex flex-col gap-14 last:mb-0 sm:col-start-2 sm:col-end-8 md:col-start-3 md:col-end-11\">\n<div class=\"flex flex-col gap-14 text-left\">\n<div class=\"dad65929\">\n<div class=\"_4f9bf79 d7dc56a8 _43c05b5\">\n<div class=\"ds-markdown ds-markdown--block\">\n<p class=\"ds-markdown-paragraph\"><strong>Para celebrar el 80 aniversario de la organizaci\u00f3n ben\u00e9fica francesa Secours Populaire Fran\u00e7ais, LVMH reafirma su compromiso con la solidaridad social, apoyando un programa llamado \u201cJourn\u00e9e des oubli\u00e9s des vacances\u201d (Jornada de los olvidados de las vacaciones) para ni\u00f1os que no han tenido la oportunidad de ir de vacaciones de verano.<\/strong>\u00a0Este evento especial reuni\u00f3 a 40,000 ni\u00f1os de toda Francia y sus territorios de ultramar para un d\u00eda de festejos en Par\u00eds, en un ambiente de diversi\u00f3n despreocupada, sue\u00f1os y compartir.<\/p>\n<p class=\"ds-markdown-paragraph\">El Secours Populaire ha organizado cada a\u00f1o desde 1979 una &#8220;Journ\u00e9e des oubli\u00e9s des vacances&#8221; (&#8220;Un d\u00eda para los ni\u00f1os a los que las vacaciones de verano olvidaron&#8221;) \u2013 una jornada de actividades culturales y deportivas \u2013 dirigida a ni\u00f1os que viven en situaciones vulnerables y no tienen la oportunidad de ir de vacaciones. Este a\u00f1o, una edici\u00f3n especial coincide con el 80 aniversario de la organizaci\u00f3n, ofreciendo a un gran n\u00famero de ni\u00f1os que se quedan al margen durante el verano la oportunidad de divertirse, conocer y jugar con otros ni\u00f1os mediante actividades estimulantes y enriquecedoras, permiti\u00e9ndoles volver a casa con grandes recuerdos.<\/p>\n<p class=\"ds-markdown-paragraph\">El mi\u00e9rcoles 20 de agosto, decenas de miles de ni\u00f1os y voluntarios acompa\u00f1antes participaron en una aventura inolvidable. La agenda de la ma\u00f1ana se dedic\u00f3 a visitas a instituciones culturales p\u00fablicas y privadas de Par\u00eds. Los ni\u00f1os y los voluntarios se reunieron luego en el Campo de Marte para participar en una variedad de actividades culturales, deportivas y art\u00edsticas, siendo recibidos por numerosas personalidades. El d\u00eda culmin\u00f3 con una sesi\u00f3n de karaoke gigante y un concierto especial.<\/p><div id=\"luxon-3668534401\" class=\"luxon-3er-parrafo luxon-entity-placement\" style=\"margin-top: 20px;margin-bottom: 20px;margin-left: auto;margin-right: auto;text-align: center;\"><a href=\"https:\/\/luxonomy.university\/course\/master-turismo-de-lujo\" target=\"_blank\" aria-label=\"master-turismo-lujo-2026-2027\"><img loading=\"lazy\" decoding=\"async\" src=\"https:\/\/i0.wp.com\/luxonomy.net\/wp-content\/uploads\/2020\/07\/master-turismo-lujo-2026-2027.jpg?fit=1672%2C941&#038;ssl=1\" alt=\"\"  srcset=\"https:\/\/i0.wp.com\/luxonomy.net\/wp-content\/uploads\/2020\/07\/master-turismo-lujo-2026-2027.jpg?w=1672&ssl=1 1672w, https:\/\/i0.wp.com\/luxonomy.net\/wp-content\/uploads\/2020\/07\/master-turismo-lujo-2026-2027.jpg?resize=300%2C169&ssl=1 300w, https:\/\/i0.wp.com\/luxonomy.net\/wp-content\/uploads\/2020\/07\/master-turismo-lujo-2026-2027.jpg?resize=1024%2C576&ssl=1 1024w, https:\/\/i0.wp.com\/luxonomy.net\/wp-content\/uploads\/2020\/07\/master-turismo-lujo-2026-2027.jpg?resize=768%2C432&ssl=1 768w, https:\/\/i0.wp.com\/luxonomy.net\/wp-content\/uploads\/2020\/07\/master-turismo-lujo-2026-2027.jpg?resize=1536%2C864&ssl=1 1536w, https:\/\/i0.wp.com\/luxonomy.net\/wp-content\/uploads\/2020\/07\/master-turismo-lujo-2026-2027.jpg?resize=370%2C208&ssl=1 370w, https:\/\/i0.wp.com\/luxonomy.net\/wp-content\/uploads\/2020\/07\/master-turismo-lujo-2026-2027.jpg?resize=800%2C450&ssl=1 800w, https:\/\/i0.wp.com\/luxonomy.net\/wp-content\/uploads\/2020\/07\/master-turismo-lujo-2026-2027.jpg?resize=20%2C11&ssl=1 20w, https:\/\/i0.wp.com\/luxonomy.net\/wp-content\/uploads\/2020\/07\/master-turismo-lujo-2026-2027.jpg?resize=740%2C416&ssl=1 740w, https:\/\/i0.wp.com\/luxonomy.net\/wp-content\/uploads\/2020\/07\/master-turismo-lujo-2026-2027.jpg?resize=1600%2C900&ssl=1 1600w, https:\/\/i0.wp.com\/luxonomy.net\/wp-content\/uploads\/2020\/07\/master-turismo-lujo-2026-2027.jpg?resize=1200%2C675&ssl=1 1200w, https:\/\/i0.wp.com\/luxonomy.net\/wp-content\/uploads\/2020\/07\/master-turismo-lujo-2026-2027.jpg?resize=85%2C48&ssl=1 85w\" sizes=\"(max-width: 1170px) 100vw, 1170px\" class=\"no-lazyload\" width=\"1672\" height=\"941\"   \/><\/a><\/div>\n<p class=\"ds-markdown-paragraph\">Como parte del evento, varias Maisones e instituciones ic\u00f3nicas de LVMH recibieron a los ni\u00f1os:<\/p>\n<ul>\n<li>\n<p class=\"ds-markdown-paragraph\"><strong>El parque de atracciones Jardin d\u2019Acclimatation<\/strong>\u00a0recibi\u00f3 a 800 ni\u00f1os.<\/p>\n<\/li>\n<li>\n<p class=\"ds-markdown-paragraph\"><strong>La Fondation Louis Vuitton<\/strong>\u00a0invit\u00f3 a 300 ni\u00f1os a descubrir la exposici\u00f3n de David Hockney 2025.<\/p>\n<\/li>\n<\/ul>\n<p class=\"ds-markdown-paragraph\">En conjunto con el evento, LVMH recibi\u00f3 al d\u00eda siguiente a ni\u00f1os invitados por las filiales de ultramar del Secours Populaire que visitaban Par\u00eds durante varios d\u00edas:<\/p><div id=\"luxon-286146118\" class=\"luxon-7-parrafo luxon-entity-placement\" style=\"margin-top: 20px;margin-bottom: 20px;margin-left: auto;margin-right: auto;text-align: center;\"><a href=\"https:\/\/theintelligence.institute\/course\/inteligencia-artificial-para-directivos\" target=\"_blank\" aria-label=\"CSIAD_empresas_THEI_horizontal_4x3_v5\"><img loading=\"lazy\" decoding=\"async\" src=\"https:\/\/i0.wp.com\/luxonomy.net\/wp-content\/uploads\/2025\/08\/CSIAD_empresas_THEI_horizontal_4x3_v5.png?fit=2000%2C1500&#038;ssl=1\" alt=\"\"  srcset=\"https:\/\/i0.wp.com\/luxonomy.net\/wp-content\/uploads\/2025\/08\/CSIAD_empresas_THEI_horizontal_4x3_v5.png?w=2000&ssl=1 2000w, https:\/\/i0.wp.com\/luxonomy.net\/wp-content\/uploads\/2025\/08\/CSIAD_empresas_THEI_horizontal_4x3_v5.png?resize=300%2C225&ssl=1 300w, https:\/\/i0.wp.com\/luxonomy.net\/wp-content\/uploads\/2025\/08\/CSIAD_empresas_THEI_horizontal_4x3_v5.png?resize=1024%2C768&ssl=1 1024w, https:\/\/i0.wp.com\/luxonomy.net\/wp-content\/uploads\/2025\/08\/CSIAD_empresas_THEI_horizontal_4x3_v5.png?resize=768%2C576&ssl=1 768w, https:\/\/i0.wp.com\/luxonomy.net\/wp-content\/uploads\/2025\/08\/CSIAD_empresas_THEI_horizontal_4x3_v5.png?resize=1536%2C1152&ssl=1 1536w, https:\/\/i0.wp.com\/luxonomy.net\/wp-content\/uploads\/2025\/08\/CSIAD_empresas_THEI_horizontal_4x3_v5.png?resize=370%2C278&ssl=1 370w, https:\/\/i0.wp.com\/luxonomy.net\/wp-content\/uploads\/2025\/08\/CSIAD_empresas_THEI_horizontal_4x3_v5.png?resize=800%2C600&ssl=1 800w, https:\/\/i0.wp.com\/luxonomy.net\/wp-content\/uploads\/2025\/08\/CSIAD_empresas_THEI_horizontal_4x3_v5.png?resize=20%2C15&ssl=1 20w, https:\/\/i0.wp.com\/luxonomy.net\/wp-content\/uploads\/2025\/08\/CSIAD_empresas_THEI_horizontal_4x3_v5.png?resize=740%2C555&ssl=1 740w, https:\/\/i0.wp.com\/luxonomy.net\/wp-content\/uploads\/2025\/08\/CSIAD_empresas_THEI_horizontal_4x3_v5.png?resize=1600%2C1200&ssl=1 1600w, https:\/\/i0.wp.com\/luxonomy.net\/wp-content\/uploads\/2025\/08\/CSIAD_empresas_THEI_horizontal_4x3_v5.png?resize=1200%2C900&ssl=1 1200w, https:\/\/i0.wp.com\/luxonomy.net\/wp-content\/uploads\/2025\/08\/CSIAD_empresas_THEI_horizontal_4x3_v5.png?resize=64%2C48&ssl=1 64w\" sizes=\"(max-width: 1170px) 100vw, 1170px\" class=\"no-lazyload\" width=\"2000\" height=\"1500\"   \/><\/a><\/div>\n<ul>\n<li>\n<p class=\"ds-markdown-paragraph\"><strong>La Galerie Dior<\/strong>\u00a0les ofreci\u00f3 una visita guiada por su exposici\u00f3n.<\/p>\n<\/li>\n<li>\n<p class=\"ds-markdown-paragraph\"><strong>La Grande \u00c9picerie de Paris<\/strong>\u00a0organiz\u00f3 una serie de talleres de alimentaci\u00f3n.<\/p>\n<\/li>\n<\/ul>\n<p class=\"ds-markdown-paragraph\">Varios empleados de LVMH se ofrecieron como voluntarios para acompa\u00f1ar a los ni\u00f1os visitantes durante el d\u00eda.<\/p>\n<p class=\"ds-markdown-paragraph\">Esta alianza se enmarca en el compromiso continuo y de larga data de LVMH con el Secours Populaire Fran\u00e7ais, reflejando el deseo del Grupo de apoyar activamente iniciativas con un significativo impacto social a nivel local.<\/p>\n<p class=\"ds-markdown-paragraph\">El evento especial de este a\u00f1o sigue a una serie de acciones notables en los \u00faltimos a\u00f1os en el marco de esta alianza:<\/p>\n<ul>\n<li>\n<p class=\"ds-markdown-paragraph\">Durante los\u00a0<strong>Juegos Ol\u00edmpicos y Paral\u00edmpicos de Par\u00eds 2024<\/strong>, LVMH permiti\u00f3 que m\u00e1s de 1,300 ni\u00f1os y adolescentes de los programas del Secours Populaire se unieran a clubes deportivos locales. El Grupo tambi\u00e9n permiti\u00f3 que nearly 400 ni\u00f1os asistieran al Relevo de la Antorcha Ol\u00edmpica y a sesiones de entrenamiento de nataci\u00f3n paral\u00edmpica. Adem\u00e1s, LVMH don\u00f3 m\u00e1s de 1,000 entradas para eventos Ol\u00edmpicos y Paral\u00edmpicos.<\/p>\n<\/li>\n<li>\n<p class=\"ds-markdown-paragraph\">En 2019 y 2020, el Grupo LVMH y el Secours Populaire se unieron para un programa llamado \u201cUne Journ\u00e9e pour Soi\u201d (\u201cUn d\u00eda para ti\u201d). Esta iniciativa permiti\u00f3 a mujeres en situaciones vulnerables disfrutar de un d\u00eda de mimos, lejos de sus preocupaciones diarias. Participaron en actividades culturales (incluyendo tours por Maisones de LVMH, castillos y museos), talleres de meditaci\u00f3n y luego sesiones de maquillaje con artistas de Sephora y Make Up For Ever. Cada d\u00eda concluy\u00f3 con una sesi\u00f3n fotogr\u00e1fica de fot\u00f3grafos profesionales, permitiendo a las mujeres marcharse con un recuerdo precioso. Cerca de 1,000 mujeres participaron en los eventos a lo largo de dos a\u00f1os.<\/p>\n<\/li>\n<li>\n<p class=\"ds-markdown-paragraph\">En 2020, durante la lucha contra la pandemia, el Grupo LVMH don\u00f3 100,000 botellas de desinfectante de manos producido por Christian Dior Parfums, Guerlain y LVMH Fragrance Brands. Durante la campa\u00f1a de prevenci\u00f3n y solidaridad \u201cGestes de barri\u00e8re, gestes de solidarit\u00e9\u201d (Gestos de barrera, gestos de solidaridad), los voluntarios del Secours Populaire proporcionaron el desinfectante a cambio de donaciones, permitiendo a la gente elegir la cantidad a dar. La operaci\u00f3n permiti\u00f3 al Secours Populaire financiar las \u201cJourn\u00e9es Bonheur\u201d, una serie de salidas veraniegas l\u00fadicas para familias e individuos en situaciones vulnerables.<\/p>\n<\/li>\n<\/ul>\n<\/div>\n<div class=\"ds-flex\">\n<div class=\"ds-flex _965abe9\">\u00a0<\/div>\n<\/div>\n<\/div>\n<\/div>\n<\/div>\n<\/div>\n<\/div>\n<\/div>\n<\/section>\n","protected":false},"excerpt":{"rendered":"<p>Para celebrar el 80 aniversario de la organizaci\u00f3n ben\u00e9fica francesa Secours Populaire Fran\u00e7ais, LVMH reafirma su compromiso con la solidaridad social, apoyando un programa llamado \u201cJourn\u00e9e des oubli\u00e9s des vacances\u201d (Jornada de los olvidados de las vacaciones) para ni\u00f1os que no han tenido la oportunidad de ir de vacaciones de verano.\u00a0Este evento especial reuni\u00f3 a 40,000 ni\u00f1os de toda Francia y sus territorios de ultramar para un d\u00eda de festejos en Par\u00eds, en un ambiente de diversi\u00f3n despreocupada, sue\u00f1os y compartir.<\/p>\n","protected":false},"author":11,"featured_media":67691,"comment_status":"open","ping_status":"open","sticky":false,"template":"","format":"gallery","meta":{"_jetpack_newsletter_access":"","_jetpack_dont_email_post_to_subs":false,"_jetpack_newsletter_tier_id":0,"_jetpack_memberships_contains_paywalled_content":false,"_jetpack_feature_clip_id":0,"_jetpack_memberships_contains_paid_content":false,"footnotes":"","jetpack_publicize_message":"","jetpack_publicize_feature_enabled":false,"jetpack_social_post_already_shared":false,"jetpack_social_options":{"image_generator_settings":{"template":"edge","default_image_id":0,"enabled":true,"token":"eyJpbWciOiJodHRwczpcL1wvbHV4b25vbXkubmV0XC93cC1jb250ZW50XC91cGxvYWRzXC8yMDI1XC8wOFwvTFZNSC1yZWFmZmlybXMtY29tbWl0bWVudC10by1TZWNvdXJzLVBvcHVsYWlyZS1GcmFuY2Fpcy1tYXJraW5nLXRoZS1jaGFyaXR5cy04MHRoLWFubml2ZXJzYXJ5LXdpdGgtc3VwcG9ydC1mb3ItYS1zcGVjaWFsLWRheS1mb3ItdGhlLWNoaWxkcmVuLXN1bW1lci12YWNhdGlvbi1mb3Jnb3QtMTAyNHg2ODMuYXZpZiIsInR4dCI6IkxWTUggcmVhZmlybWEgc3UgY29tcHJvbWlzbyBjb24gZWwgU2Vjb3VycyBQb3B1bGFpcmUgRnJhblx1MDBlN2FpcywgY2VsZWJyYW5kbyBlbCA4MCBhbml2ZXJzYXJpbyBkZSBsYSBvcmdhbml6YWNpXHUwMGYzbiBiZW5cdTAwZTlmaWNhIGNvbiBhcG95byBwYXJhIHVuIGRcdTAwZWRhIGVzcGVjaWFsIHBhcmEgJiM4MjIwO2xvcyBuaVx1MDBmMW9zIGEgbG9zIHF1ZSBsYXMgdmFjYWNpb25lcyBkZSB2ZXJhbm8gb2x2aWRhcm9uJiM4MjIxOyIsInRlbXBsYXRlIjoiZWRnZSIsImZvbnQiOiIiLCJibG9nX2lkIjoxNTk5ODU3NDB9.a5-PIdHN4KHp2SaEAC1DazCufVDYeUmgFTiMA0sHA1YMQ"},"version":2},"jetpack_post_was_ever_published":false},"categories":[2050],"tags":[6639,1479],"thb-sponsors":[],"class_list":["post-67720","post","type-post","status-publish","format-gallery","has-post-thumbnail","hentry","category-solidaridad","tag-lvmh-en-3","tag-solidaridad","post_format-post-format-gallery"],"yoast_head":"<!-- This site is optimized with the Yoast SEO plugin v28.4 - https:\/\/yoast.com\/product\/yoast-seo-wordpress\/ -->\n<title>LVMH reafirma su compromiso con el Secours Populaire Fran\u00e7ais, celebrando el 80 aniversario de la organizaci\u00f3n ben\u00e9fica con apoyo para un d\u00eda especial para &quot;los ni\u00f1os a los que las vacaciones de verano olvidaron&quot; | LUXONOMY<\/title>\n<meta name=\"robots\" content=\"index, follow, max-snippet:-1, max-image-preview:large, max-video-preview:-1\" \/>\n<link rel=\"canonical\" href=\"https:\/\/luxonomy.net\/es\/lvmh-reafirma-su-compromiso-con-el-secours-populaire-francais-celebrando-el-80-aniversario-de-la-organizacion-benefica-con-apoyo-para-un-dia-especial-para-los-ninos-a-los-que-las-vacaciones-de-vera\/\" \/>\n<meta property=\"og:locale\" content=\"es_ES\" \/>\n<meta property=\"og:type\" content=\"article\" \/>\n<meta property=\"og:title\" content=\"LVMH reafirma su compromiso con el Secours Populaire Fran\u00e7ais, celebrando el 80 aniversario de la organizaci\u00f3n ben\u00e9fica con apoyo para un d\u00eda especial para &quot;los ni\u00f1os a los que las vacaciones de verano olvidaron&quot; | LUXONOMY\" \/>\n<meta property=\"og:description\" content=\"Para celebrar el 80 aniversario de la organizaci\u00f3n ben\u00e9fica francesa Secours Populaire Fran\u00e7ais, LVMH reafirma su compromiso con la solidaridad social, apoyando un programa llamado \u201cJourn\u00e9e des oubli\u00e9s des vacances\u201d (Jornada de los olvidados de las vacaciones) para ni\u00f1os que no han tenido la oportunidad de ir de vacaciones de verano.\u00a0Este evento especial reuni\u00f3 a 40,000 ni\u00f1os de toda Francia y sus territorios de ultramar para un d\u00eda de festejos en Par\u00eds, en un ambiente de diversi\u00f3n despreocupada, sue\u00f1os y compartir.\" \/>\n<meta property=\"og:url\" content=\"https:\/\/luxonomy.net\/es\/lvmh-reafirma-su-compromiso-con-el-secours-populaire-francais-celebrando-el-80-aniversario-de-la-organizacion-benefica-con-apoyo-para-un-dia-especial-para-los-ninos-a-los-que-las-vacaciones-de-vera\/\" \/>\n<meta property=\"og:site_name\" content=\"LUXONOMY\" \/>\n<meta property=\"article:publisher\" content=\"https:\/\/www.facebook.com\/luxonomy\" \/>\n<meta property=\"article:published_time\" content=\"2025-08-21T11:16:42+00:00\" \/>\n<meta property=\"article:modified_time\" content=\"2025-08-22T11:41:57+00:00\" \/>\n<meta name=\"author\" content=\"Kristi Ellis\" \/>\n<meta name=\"twitter:card\" content=\"summary_large_image\" \/>\n<meta name=\"twitter:label1\" content=\"Escrito por\" \/>\n\t<meta name=\"twitter:data1\" content=\"Kristi Ellis\" \/>\n\t<meta name=\"twitter:label2\" content=\"Tiempo de lectura\" \/>\n\t<meta name=\"twitter:data2\" content=\"4 minutos\" \/>\n<script type=\"application\/ld+json\" class=\"yoast-schema-graph\">{\"@context\":\"https:\\\/\\\/schema.org\",\"@graph\":[{\"@type\":\"Article\",\"@id\":\"https:\\\/\\\/luxonomy.net\\\/es\\\/lvmh-reafirma-su-compromiso-con-el-secours-populaire-francais-celebrando-el-80-aniversario-de-la-organizacion-benefica-con-apoyo-para-un-dia-especial-para-los-ninos-a-los-que-las-vacaciones-de-vera\\\/#article\",\"isPartOf\":{\"@id\":\"https:\\\/\\\/luxonomy.net\\\/es\\\/lvmh-reafirma-su-compromiso-con-el-secours-populaire-francais-celebrando-el-80-aniversario-de-la-organizacion-benefica-con-apoyo-para-un-dia-especial-para-los-ninos-a-los-que-las-vacaciones-de-vera\\\/\"},\"author\":{\"name\":\"Kristi Ellis\",\"@id\":\"https:\\\/\\\/luxonomy.net\\\/es\\\/#\\\/schema\\\/person\\\/1a813e5ec518f582af236d6344aa6c01\"},\"headline\":\"LVMH reafirma su compromiso con el Secours Populaire Fran\u00e7ais, celebrando el 80 aniversario de la organizaci\u00f3n ben\u00e9fica con apoyo para un d\u00eda especial para &#8220;los ni\u00f1os a los que las vacaciones de verano olvidaron&#8221;\",\"datePublished\":\"2025-08-21T11:16:42+00:00\",\"dateModified\":\"2025-08-22T11:41:57+00:00\",\"mainEntityOfPage\":{\"@id\":\"https:\\\/\\\/luxonomy.net\\\/es\\\/lvmh-reafirma-su-compromiso-con-el-secours-populaire-francais-celebrando-el-80-aniversario-de-la-organizacion-benefica-con-apoyo-para-un-dia-especial-para-los-ninos-a-los-que-las-vacaciones-de-vera\\\/\"},\"wordCount\":793,\"commentCount\":0,\"publisher\":{\"@id\":\"https:\\\/\\\/luxonomy.net\\\/es\\\/#organization\"},\"image\":{\"@id\":\"https:\\\/\\\/luxonomy.net\\\/es\\\/lvmh-reafirma-su-compromiso-con-el-secours-populaire-francais-celebrando-el-80-aniversario-de-la-organizacion-benefica-con-apoyo-para-un-dia-especial-para-los-ninos-a-los-que-las-vacaciones-de-vera\\\/#primaryimage\"},\"thumbnailUrl\":\"https:\\\/\\\/luxonomy.net\\\/wp-content\\\/uploads\\\/2025\\\/08\\\/LVMH-reaffirms-commitment-to-Secours-Populaire-Francais-marking-the-charitys-80th-anniversary-with-support-for-a-special-day-for-the-children-summer-vacation-forgot-scaled.avif\",\"keywords\":[\"LVMH\",\"solidaridad\"],\"articleSection\":[\"Solidaridad\"],\"inLanguage\":\"es\",\"potentialAction\":[{\"@type\":\"CommentAction\",\"name\":\"Comment\",\"target\":[\"https:\\\/\\\/luxonomy.net\\\/es\\\/lvmh-reafirma-su-compromiso-con-el-secours-populaire-francais-celebrando-el-80-aniversario-de-la-organizacion-benefica-con-apoyo-para-un-dia-especial-para-los-ninos-a-los-que-las-vacaciones-de-vera\\\/#respond\"]}]},{\"@type\":\"WebPage\",\"@id\":\"https:\\\/\\\/luxonomy.net\\\/es\\\/lvmh-reafirma-su-compromiso-con-el-secours-populaire-francais-celebrando-el-80-aniversario-de-la-organizacion-benefica-con-apoyo-para-un-dia-especial-para-los-ninos-a-los-que-las-vacaciones-de-vera\\\/\",\"url\":\"https:\\\/\\\/luxonomy.net\\\/es\\\/lvmh-reafirma-su-compromiso-con-el-secours-populaire-francais-celebrando-el-80-aniversario-de-la-organizacion-benefica-con-apoyo-para-un-dia-especial-para-los-ninos-a-los-que-las-vacaciones-de-vera\\\/\",\"name\":\"LVMH reafirma su compromiso con el Secours Populaire Fran\u00e7ais, celebrando el 80 aniversario de la organizaci\u00f3n ben\u00e9fica con apoyo para un d\u00eda especial para \\\"los ni\u00f1os a los que las vacaciones de verano olvidaron\\\" | LUXONOMY\",\"isPartOf\":{\"@id\":\"https:\\\/\\\/luxonomy.net\\\/es\\\/#website\"},\"primaryImageOfPage\":{\"@id\":\"https:\\\/\\\/luxonomy.net\\\/es\\\/lvmh-reafirma-su-compromiso-con-el-secours-populaire-francais-celebrando-el-80-aniversario-de-la-organizacion-benefica-con-apoyo-para-un-dia-especial-para-los-ninos-a-los-que-las-vacaciones-de-vera\\\/#primaryimage\"},\"image\":{\"@id\":\"https:\\\/\\\/luxonomy.net\\\/es\\\/lvmh-reafirma-su-compromiso-con-el-secours-populaire-francais-celebrando-el-80-aniversario-de-la-organizacion-benefica-con-apoyo-para-un-dia-especial-para-los-ninos-a-los-que-las-vacaciones-de-vera\\\/#primaryimage\"},\"thumbnailUrl\":\"https:\\\/\\\/luxonomy.net\\\/wp-content\\\/uploads\\\/2025\\\/08\\\/LVMH-reaffirms-commitment-to-Secours-Populaire-Francais-marking-the-charitys-80th-anniversary-with-support-for-a-special-day-for-the-children-summer-vacation-forgot-scaled.avif\",\"datePublished\":\"2025-08-21T11:16:42+00:00\",\"dateModified\":\"2025-08-22T11:41:57+00:00\",\"breadcrumb\":{\"@id\":\"https:\\\/\\\/luxonomy.net\\\/es\\\/lvmh-reafirma-su-compromiso-con-el-secours-populaire-francais-celebrando-el-80-aniversario-de-la-organizacion-benefica-con-apoyo-para-un-dia-especial-para-los-ninos-a-los-que-las-vacaciones-de-vera\\\/#breadcrumb\"},\"inLanguage\":\"es\",\"potentialAction\":[{\"@type\":\"ReadAction\",\"target\":[\"https:\\\/\\\/luxonomy.net\\\/es\\\/lvmh-reafirma-su-compromiso-con-el-secours-populaire-francais-celebrando-el-80-aniversario-de-la-organizacion-benefica-con-apoyo-para-un-dia-especial-para-los-ninos-a-los-que-las-vacaciones-de-vera\\\/\"]}]},{\"@type\":\"ImageObject\",\"inLanguage\":\"es\",\"@id\":\"https:\\\/\\\/luxonomy.net\\\/es\\\/lvmh-reafirma-su-compromiso-con-el-secours-populaire-francais-celebrando-el-80-aniversario-de-la-organizacion-benefica-con-apoyo-para-un-dia-especial-para-los-ninos-a-los-que-las-vacaciones-de-vera\\\/#primaryimage\",\"url\":\"https:\\\/\\\/luxonomy.net\\\/wp-content\\\/uploads\\\/2025\\\/08\\\/LVMH-reaffirms-commitment-to-Secours-Populaire-Francais-marking-the-charitys-80th-anniversary-with-support-for-a-special-day-for-the-children-summer-vacation-forgot-scaled.avif\",\"contentUrl\":\"https:\\\/\\\/luxonomy.net\\\/wp-content\\\/uploads\\\/2025\\\/08\\\/LVMH-reaffirms-commitment-to-Secours-Populaire-Francais-marking-the-charitys-80th-anniversary-with-support-for-a-special-day-for-the-children-summer-vacation-forgot-scaled.avif\",\"width\":2560,\"height\":1707},{\"@type\":\"BreadcrumbList\",\"@id\":\"https:\\\/\\\/luxonomy.net\\\/es\\\/lvmh-reafirma-su-compromiso-con-el-secours-populaire-francais-celebrando-el-80-aniversario-de-la-organizacion-benefica-con-apoyo-para-un-dia-especial-para-los-ninos-a-los-que-las-vacaciones-de-vera\\\/#breadcrumb\",\"itemListElement\":[{\"@type\":\"ListItem\",\"position\":1,\"name\":\"Portada\",\"item\":\"https:\\\/\\\/luxonomy.net\\\/es\\\/\"},{\"@type\":\"ListItem\",\"position\":2,\"name\":\"LVMH reafirma su compromiso con el Secours Populaire Fran\u00e7ais, celebrando el 80 aniversario de la organizaci\u00f3n ben\u00e9fica con apoyo para un d\u00eda especial para &#8220;los ni\u00f1os a los que las vacaciones de verano olvidaron&#8221;\"}]},{\"@type\":\"WebSite\",\"@id\":\"https:\\\/\\\/luxonomy.net\\\/es\\\/#website\",\"url\":\"https:\\\/\\\/luxonomy.net\\\/es\\\/\",\"name\":\"LUXONOMY\",\"description\":\"The Economy of Fashion &amp; Luxury\",\"publisher\":{\"@id\":\"https:\\\/\\\/luxonomy.net\\\/es\\\/#organization\"},\"potentialAction\":[{\"@type\":\"SearchAction\",\"target\":{\"@type\":\"EntryPoint\",\"urlTemplate\":\"https:\\\/\\\/luxonomy.net\\\/es\\\/?s={search_term_string}\"},\"query-input\":{\"@type\":\"PropertyValueSpecification\",\"valueRequired\":true,\"valueName\":\"search_term_string\"}}],\"inLanguage\":\"es\"},{\"@type\":\"Organization\",\"@id\":\"https:\\\/\\\/luxonomy.net\\\/es\\\/#organization\",\"name\":\"LUXONOMY\",\"url\":\"https:\\\/\\\/luxonomy.net\\\/es\\\/\",\"logo\":{\"@type\":\"ImageObject\",\"inLanguage\":\"es\",\"@id\":\"https:\\\/\\\/luxonomy.net\\\/es\\\/#\\\/schema\\\/logo\\\/image\\\/\",\"url\":\"https:\\\/\\\/i2.wp.com\\\/luxonomy.net\\\/wp-content\\\/uploads\\\/2021\\\/09\\\/MOCKUP-TODOS-LUXONOMY.jpg?fit=1000%2C515&ssl=1\",\"contentUrl\":\"https:\\\/\\\/i2.wp.com\\\/luxonomy.net\\\/wp-content\\\/uploads\\\/2021\\\/09\\\/MOCKUP-TODOS-LUXONOMY.jpg?fit=1000%2C515&ssl=1\",\"width\":1000,\"height\":515,\"caption\":\"LUXONOMY\"},\"image\":{\"@id\":\"https:\\\/\\\/luxonomy.net\\\/es\\\/#\\\/schema\\\/logo\\\/image\\\/\"},\"sameAs\":[\"https:\\\/\\\/www.facebook.com\\\/luxonomy\",\"https:\\\/\\\/www.instagram.com\\\/luxonomy\\\/\",\"https:\\\/\\\/www.linkedin.com\\\/company\\\/luxonomy\\\/\"]},{\"@type\":\"Person\",\"@id\":\"https:\\\/\\\/luxonomy.net\\\/es\\\/#\\\/schema\\\/person\\\/1a813e5ec518f582af236d6344aa6c01\",\"name\":\"Kristi Ellis\",\"image\":{\"@type\":\"ImageObject\",\"inLanguage\":\"es\",\"@id\":\"https:\\\/\\\/luxonomy.net\\\/wp-content\\\/litespeed\\\/avatar\\\/ae0c58256b980352bba3c97a8f9abe32.jpg?ver=1787975034\",\"url\":\"https:\\\/\\\/luxonomy.net\\\/wp-content\\\/litespeed\\\/avatar\\\/ae0c58256b980352bba3c97a8f9abe32.jpg?ver=1787975034\",\"contentUrl\":\"https:\\\/\\\/luxonomy.net\\\/wp-content\\\/litespeed\\\/avatar\\\/ae0c58256b980352bba3c97a8f9abe32.jpg?ver=1787975034\",\"caption\":\"Kristi Ellis\"},\"url\":\"https:\\\/\\\/luxonomy.net\\\/es\\\/author\\\/kristi-ellis\\\/\"}]}<\/script>\n<!-- \/ Yoast SEO plugin. -->","yoast_head_json":{"title":"LVMH reafirma su compromiso con el Secours Populaire Fran\u00e7ais, celebrando el 80 aniversario de la organizaci\u00f3n ben\u00e9fica con apoyo para un d\u00eda especial para \"los ni\u00f1os a los que las vacaciones de verano olvidaron\" | LUXONOMY","robots":{"index":"index","follow":"follow","max-snippet":"max-snippet:-1","max-image-preview":"max-image-preview:large","max-video-preview":"max-video-preview:-1"},"canonical":"https:\/\/luxonomy.net\/es\/lvmh-reafirma-su-compromiso-con-el-secours-populaire-francais-celebrando-el-80-aniversario-de-la-organizacion-benefica-con-apoyo-para-un-dia-especial-para-los-ninos-a-los-que-las-vacaciones-de-vera\/","og_locale":"es_ES","og_type":"article","og_title":"LVMH reafirma su compromiso con el Secours Populaire Fran\u00e7ais, celebrando el 80 aniversario de la organizaci\u00f3n ben\u00e9fica con apoyo para un d\u00eda especial para \"los ni\u00f1os a los que las vacaciones de verano olvidaron\" | LUXONOMY","og_description":"Para celebrar el 80 aniversario de la organizaci\u00f3n ben\u00e9fica francesa Secours Populaire Fran\u00e7ais, LVMH reafirma su compromiso con la solidaridad social, apoyando un programa llamado \u201cJourn\u00e9e des oubli\u00e9s des vacances\u201d (Jornada de los olvidados de las vacaciones) para ni\u00f1os que no han tenido la oportunidad de ir de vacaciones de verano.\u00a0Este evento especial reuni\u00f3 a 40,000 ni\u00f1os de toda Francia y sus territorios de ultramar para un d\u00eda de festejos en Par\u00eds, en un ambiente de diversi\u00f3n despreocupada, sue\u00f1os y compartir.","og_url":"https:\/\/luxonomy.net\/es\/lvmh-reafirma-su-compromiso-con-el-secours-populaire-francais-celebrando-el-80-aniversario-de-la-organizacion-benefica-con-apoyo-para-un-dia-especial-para-los-ninos-a-los-que-las-vacaciones-de-vera\/","og_site_name":"LUXONOMY","article_publisher":"https:\/\/www.facebook.com\/luxonomy","article_published_time":"2025-08-21T11:16:42+00:00","article_modified_time":"2025-08-22T11:41:57+00:00","author":"Kristi Ellis","twitter_card":"summary_large_image","twitter_misc":{"Escrito por":"Kristi Ellis","Tiempo de lectura":"4 minutos"},"schema":{"@context":"https:\/\/schema.org","@graph":[{"@type":"Article","@id":"https:\/\/luxonomy.net\/es\/lvmh-reafirma-su-compromiso-con-el-secours-populaire-francais-celebrando-el-80-aniversario-de-la-organizacion-benefica-con-apoyo-para-un-dia-especial-para-los-ninos-a-los-que-las-vacaciones-de-vera\/#article","isPartOf":{"@id":"https:\/\/luxonomy.net\/es\/lvmh-reafirma-su-compromiso-con-el-secours-populaire-francais-celebrando-el-80-aniversario-de-la-organizacion-benefica-con-apoyo-para-un-dia-especial-para-los-ninos-a-los-que-las-vacaciones-de-vera\/"},"author":{"name":"Kristi Ellis","@id":"https:\/\/luxonomy.net\/es\/#\/schema\/person\/1a813e5ec518f582af236d6344aa6c01"},"headline":"LVMH reafirma su compromiso con el Secours Populaire Fran\u00e7ais, celebrando el 80 aniversario de la organizaci\u00f3n ben\u00e9fica con apoyo para un d\u00eda especial para &#8220;los ni\u00f1os a los que las vacaciones de verano olvidaron&#8221;","datePublished":"2025-08-21T11:16:42+00:00","dateModified":"2025-08-22T11:41:57+00:00","mainEntityOfPage":{"@id":"https:\/\/luxonomy.net\/es\/lvmh-reafirma-su-compromiso-con-el-secours-populaire-francais-celebrando-el-80-aniversario-de-la-organizacion-benefica-con-apoyo-para-un-dia-especial-para-los-ninos-a-los-que-las-vacaciones-de-vera\/"},"wordCount":793,"commentCount":0,"publisher":{"@id":"https:\/\/luxonomy.net\/es\/#organization"},"image":{"@id":"https:\/\/luxonomy.net\/es\/lvmh-reafirma-su-compromiso-con-el-secours-populaire-francais-celebrando-el-80-aniversario-de-la-organizacion-benefica-con-apoyo-para-un-dia-especial-para-los-ninos-a-los-que-las-vacaciones-de-vera\/#primaryimage"},"thumbnailUrl":"https:\/\/luxonomy.net\/wp-content\/uploads\/2025\/08\/LVMH-reaffirms-commitment-to-Secours-Populaire-Francais-marking-the-charitys-80th-anniversary-with-support-for-a-special-day-for-the-children-summer-vacation-forgot-scaled.avif","keywords":["LVMH","solidaridad"],"articleSection":["Solidaridad"],"inLanguage":"es","potentialAction":[{"@type":"CommentAction","name":"Comment","target":["https:\/\/luxonomy.net\/es\/lvmh-reafirma-su-compromiso-con-el-secours-populaire-francais-celebrando-el-80-aniversario-de-la-organizacion-benefica-con-apoyo-para-un-dia-especial-para-los-ninos-a-los-que-las-vacaciones-de-vera\/#respond"]}]},{"@type":"WebPage","@id":"https:\/\/luxonomy.net\/es\/lvmh-reafirma-su-compromiso-con-el-secours-populaire-francais-celebrando-el-80-aniversario-de-la-organizacion-benefica-con-apoyo-para-un-dia-especial-para-los-ninos-a-los-que-las-vacaciones-de-vera\/","url":"https:\/\/luxonomy.net\/es\/lvmh-reafirma-su-compromiso-con-el-secours-populaire-francais-celebrando-el-80-aniversario-de-la-organizacion-benefica-con-apoyo-para-un-dia-especial-para-los-ninos-a-los-que-las-vacaciones-de-vera\/","name":"LVMH reafirma su compromiso con el Secours Populaire Fran\u00e7ais, celebrando el 80 aniversario de la organizaci\u00f3n ben\u00e9fica con apoyo para un d\u00eda especial para \"los ni\u00f1os a los que las vacaciones de verano olvidaron\" | LUXONOMY","isPartOf":{"@id":"https:\/\/luxonomy.net\/es\/#website"},"primaryImageOfPage":{"@id":"https:\/\/luxonomy.net\/es\/lvmh-reafirma-su-compromiso-con-el-secours-populaire-francais-celebrando-el-80-aniversario-de-la-organizacion-benefica-con-apoyo-para-un-dia-especial-para-los-ninos-a-los-que-las-vacaciones-de-vera\/#primaryimage"},"image":{"@id":"https:\/\/luxonomy.net\/es\/lvmh-reafirma-su-compromiso-con-el-secours-populaire-francais-celebrando-el-80-aniversario-de-la-organizacion-benefica-con-apoyo-para-un-dia-especial-para-los-ninos-a-los-que-las-vacaciones-de-vera\/#primaryimage"},"thumbnailUrl":"https:\/\/luxonomy.net\/wp-content\/uploads\/2025\/08\/LVMH-reaffirms-commitment-to-Secours-Populaire-Francais-marking-the-charitys-80th-anniversary-with-support-for-a-special-day-for-the-children-summer-vacation-forgot-scaled.avif","datePublished":"2025-08-21T11:16:42+00:00","dateModified":"2025-08-22T11:41:57+00:00","breadcrumb":{"@id":"https:\/\/luxonomy.net\/es\/lvmh-reafirma-su-compromiso-con-el-secours-populaire-francais-celebrando-el-80-aniversario-de-la-organizacion-benefica-con-apoyo-para-un-dia-especial-para-los-ninos-a-los-que-las-vacaciones-de-vera\/#breadcrumb"},"inLanguage":"es","potentialAction":[{"@type":"ReadAction","target":["https:\/\/luxonomy.net\/es\/lvmh-reafirma-su-compromiso-con-el-secours-populaire-francais-celebrando-el-80-aniversario-de-la-organizacion-benefica-con-apoyo-para-un-dia-especial-para-los-ninos-a-los-que-las-vacaciones-de-vera\/"]}]},{"@type":"ImageObject","inLanguage":"es","@id":"https:\/\/luxonomy.net\/es\/lvmh-reafirma-su-compromiso-con-el-secours-populaire-francais-celebrando-el-80-aniversario-de-la-organizacion-benefica-con-apoyo-para-un-dia-especial-para-los-ninos-a-los-que-las-vacaciones-de-vera\/#primaryimage","url":"https:\/\/luxonomy.net\/wp-content\/uploads\/2025\/08\/LVMH-reaffirms-commitment-to-Secours-Populaire-Francais-marking-the-charitys-80th-anniversary-with-support-for-a-special-day-for-the-children-summer-vacation-forgot-scaled.avif","contentUrl":"https:\/\/luxonomy.net\/wp-content\/uploads\/2025\/08\/LVMH-reaffirms-commitment-to-Secours-Populaire-Francais-marking-the-charitys-80th-anniversary-with-support-for-a-special-day-for-the-children-summer-vacation-forgot-scaled.avif","width":2560,"height":1707},{"@type":"BreadcrumbList","@id":"https:\/\/luxonomy.net\/es\/lvmh-reafirma-su-compromiso-con-el-secours-populaire-francais-celebrando-el-80-aniversario-de-la-organizacion-benefica-con-apoyo-para-un-dia-especial-para-los-ninos-a-los-que-las-vacaciones-de-vera\/#breadcrumb","itemListElement":[{"@type":"ListItem","position":1,"name":"Portada","item":"https:\/\/luxonomy.net\/es\/"},{"@type":"ListItem","position":2,"name":"LVMH reafirma su compromiso con el Secours Populaire Fran\u00e7ais, celebrando el 80 aniversario de la organizaci\u00f3n ben\u00e9fica con apoyo para un d\u00eda especial para &#8220;los ni\u00f1os a los que las vacaciones de verano olvidaron&#8221;"}]},{"@type":"WebSite","@id":"https:\/\/luxonomy.net\/es\/#website","url":"https:\/\/luxonomy.net\/es\/","name":"LUXONOMY","description":"The Economy of Fashion &amp; Luxury","publisher":{"@id":"https:\/\/luxonomy.net\/es\/#organization"},"potentialAction":[{"@type":"SearchAction","target":{"@type":"EntryPoint","urlTemplate":"https:\/\/luxonomy.net\/es\/?s={search_term_string}"},"query-input":{"@type":"PropertyValueSpecification","valueRequired":true,"valueName":"search_term_string"}}],"inLanguage":"es"},{"@type":"Organization","@id":"https:\/\/luxonomy.net\/es\/#organization","name":"LUXONOMY","url":"https:\/\/luxonomy.net\/es\/","logo":{"@type":"ImageObject","inLanguage":"es","@id":"https:\/\/luxonomy.net\/es\/#\/schema\/logo\/image\/","url":"https:\/\/i2.wp.com\/luxonomy.net\/wp-content\/uploads\/2021\/09\/MOCKUP-TODOS-LUXONOMY.jpg?fit=1000%2C515&ssl=1","contentUrl":"https:\/\/i2.wp.com\/luxonomy.net\/wp-content\/uploads\/2021\/09\/MOCKUP-TODOS-LUXONOMY.jpg?fit=1000%2C515&ssl=1","width":1000,"height":515,"caption":"LUXONOMY"},"image":{"@id":"https:\/\/luxonomy.net\/es\/#\/schema\/logo\/image\/"},"sameAs":["https:\/\/www.facebook.com\/luxonomy","https:\/\/www.instagram.com\/luxonomy\/","https:\/\/www.linkedin.com\/company\/luxonomy\/"]},{"@type":"Person","@id":"https:\/\/luxonomy.net\/es\/#\/schema\/person\/1a813e5ec518f582af236d6344aa6c01","name":"Kristi Ellis","image":{"@type":"ImageObject","inLanguage":"es","@id":"https:\/\/luxonomy.net\/wp-content\/litespeed\/avatar\/ae0c58256b980352bba3c97a8f9abe32.jpg?ver=1787975034","url":"https:\/\/luxonomy.net\/wp-content\/litespeed\/avatar\/ae0c58256b980352bba3c97a8f9abe32.jpg?ver=1787975034","contentUrl":"https:\/\/luxonomy.net\/wp-content\/litespeed\/avatar\/ae0c58256b980352bba3c97a8f9abe32.jpg?ver=1787975034","caption":"Kristi Ellis"},"url":"https:\/\/luxonomy.net\/es\/author\/kristi-ellis\/"}]}},"jetpack_publicize_connections":[],"jetpack_shortlink":"https:\/\/wp.me\/paPhBa-hCg","jetpack_sharing_enabled":true,"jetpack_featured_media_url":"https:\/\/luxonomy.net\/wp-content\/uploads\/2025\/08\/LVMH-reaffirms-commitment-to-Secours-Populaire-Francais-marking-the-charitys-80th-anniversary-with-support-for-a-special-day-for-the-children-summer-vacation-forgot-scaled.avif","_links":{"self":[{"href":"https:\/\/luxonomy.net\/es\/wp-json\/wp\/v2\/posts\/67720","targetHints":{"allow":["GET"]}}],"collection":[{"href":"https:\/\/luxonomy.net\/es\/wp-json\/wp\/v2\/posts"}],"about":[{"href":"https:\/\/luxonomy.net\/es\/wp-json\/wp\/v2\/types\/post"}],"author":[{"embeddable":true,"href":"https:\/\/luxonomy.net\/es\/wp-json\/wp\/v2\/users\/11"}],"replies":[{"embeddable":true,"href":"https:\/\/luxonomy.net\/es\/wp-json\/wp\/v2\/comments?post=67720"}],"version-history":[{"count":4,"href":"https:\/\/luxonomy.net\/es\/wp-json\/wp\/v2\/posts\/67720\/revisions"}],"predecessor-version":[{"id":67725,"href":"https:\/\/luxonomy.net\/es\/wp-json\/wp\/v2\/posts\/67720\/revisions\/67725"}],"wp:featuredmedia":[{"embeddable":true,"href":"https:\/\/luxonomy.net\/es\/wp-json\/wp\/v2\/media\/67691"}],"wp:attachment":[{"href":"https:\/\/luxonomy.net\/es\/wp-json\/wp\/v2\/media?parent=67720"}],"wp:term":[{"taxonomy":"category","embeddable":true,"href":"https:\/\/luxonomy.net\/es\/wp-json\/wp\/v2\/categories?post=67720"},{"taxonomy":"post_tag","embeddable":true,"href":"https:\/\/luxonomy.net\/es\/wp-json\/wp\/v2\/tags?post=67720"},{"taxonomy":"thb-sponsors","embeddable":true,"href":"https:\/\/luxonomy.net\/es\/wp-json\/wp\/v2\/thb-sponsors?post=67720"}],"curies":[{"name":"wp","href":"https:\/\/api.w.org\/{rel}","templated":true}]}}