{"id":67594,"date":"2025-08-15T23:36:41","date_gmt":"2025-08-15T21:36:41","guid":{"rendered":"https:\/\/luxonomy.net\/?p=67594"},"modified":"2025-08-16T23:52:36","modified_gmt":"2025-08-16T21:52:36","slug":"coleccion-baby-dior-invierno-2025","status":"publish","type":"post","link":"https:\/\/luxonomy.net\/es\/coleccion-baby-dior-invierno-2025\/","title":{"rendered":"Colecci\u00f3n Baby Dior invierno 2025"},"content":{"rendered":"\n<p class=\"wp-block-paragraph\">Para la colecci\u00f3n de invierno 2025 de Baby Dior, Cordelia de Castellane rinde un homenaje rom\u00e1ntico a la cultura brit\u00e1nica. Al revisar la diversa herencia de la Casa, los dos mundos de Diorling \u2013un juego de palabras con el afectuoso t\u00e9rmino \u201cquerido\u201d\u2013 resonan con la l\u00ednea hom\u00f3nima presentada en Inglaterra a finales de la d\u00e9cada de 1960.<\/p>\n\n\n\n<p class=\"wp-block-paragraph\">El primer tema, denominado Diorling, comienza con un tranquilo viaje a trav\u00e9s del Canal. Las siluetas, que combinan practicidad y sofisticaci\u00f3n, presentan abrigos de lana con cintur\u00f3n y un trench de gabardina. El cuadro Pr\u00edncipe de Gales realza los forros as\u00ed como los ribetes para un toque extra de estilo londinense. Con un esp\u00edritu relajado, el denim se viste de un rosa pastel, realzado con etiquetas de cuero Diorling, mientras que el jersey de algod\u00f3n se utiliza para crear camisetas y sudaderas bordadas con esta firma juguetona en cursiva en hilo Lurex. Invitando a los ni\u00f1os a descubrir la capital inglesa, esta colecci\u00f3n encarna una nueva visi\u00f3n de elegancia.<\/p>\n\n\n\n<p class=\"wp-block-paragraph\">Los vestidos A-line de sat\u00e9n, las faldas plizadas y las camisas de popel\u00edn se prestan al arte de la superposici\u00f3n, mientras que los c\u00e1lidos tejidos, como los su\u00e9teres, c\u00e1rdigans y blusas de manga corta, vienen en tonos que var\u00edan desde el negro hasta el gris jaspeado. La chaqueta Bar se transforma en un estampado de cuadros Pr\u00edncipe de Gales, reflejando una est\u00e9tica inglesa.<\/p><div id=\"luxon-2780069040\" class=\"luxon-3er-parrafo luxon-entity-placement\" style=\"margin-top: 20px;margin-bottom: 20px;margin-left: auto;margin-right: auto;text-align: center;\"><a href=\"https:\/\/luxonomy.university\/course\/master-turismo-de-lujo\" target=\"_blank\" aria-label=\"master-turismo-lujo-2026-2027\"><img loading=\"lazy\" decoding=\"async\" src=\"https:\/\/i0.wp.com\/luxonomy.net\/wp-content\/uploads\/2020\/07\/master-turismo-lujo-2026-2027.jpg?fit=1672%2C941&#038;ssl=1\" alt=\"\"  srcset=\"https:\/\/i0.wp.com\/luxonomy.net\/wp-content\/uploads\/2020\/07\/master-turismo-lujo-2026-2027.jpg?w=1672&ssl=1 1672w, https:\/\/i0.wp.com\/luxonomy.net\/wp-content\/uploads\/2020\/07\/master-turismo-lujo-2026-2027.jpg?resize=300%2C169&ssl=1 300w, https:\/\/i0.wp.com\/luxonomy.net\/wp-content\/uploads\/2020\/07\/master-turismo-lujo-2026-2027.jpg?resize=1024%2C576&ssl=1 1024w, https:\/\/i0.wp.com\/luxonomy.net\/wp-content\/uploads\/2020\/07\/master-turismo-lujo-2026-2027.jpg?resize=768%2C432&ssl=1 768w, https:\/\/i0.wp.com\/luxonomy.net\/wp-content\/uploads\/2020\/07\/master-turismo-lujo-2026-2027.jpg?resize=1536%2C864&ssl=1 1536w, https:\/\/i0.wp.com\/luxonomy.net\/wp-content\/uploads\/2020\/07\/master-turismo-lujo-2026-2027.jpg?resize=370%2C208&ssl=1 370w, https:\/\/i0.wp.com\/luxonomy.net\/wp-content\/uploads\/2020\/07\/master-turismo-lujo-2026-2027.jpg?resize=800%2C450&ssl=1 800w, https:\/\/i0.wp.com\/luxonomy.net\/wp-content\/uploads\/2020\/07\/master-turismo-lujo-2026-2027.jpg?resize=20%2C11&ssl=1 20w, https:\/\/i0.wp.com\/luxonomy.net\/wp-content\/uploads\/2020\/07\/master-turismo-lujo-2026-2027.jpg?resize=740%2C416&ssl=1 740w, https:\/\/i0.wp.com\/luxonomy.net\/wp-content\/uploads\/2020\/07\/master-turismo-lujo-2026-2027.jpg?resize=1600%2C900&ssl=1 1600w, https:\/\/i0.wp.com\/luxonomy.net\/wp-content\/uploads\/2020\/07\/master-turismo-lujo-2026-2027.jpg?resize=1200%2C675&ssl=1 1200w, https:\/\/i0.wp.com\/luxonomy.net\/wp-content\/uploads\/2020\/07\/master-turismo-lujo-2026-2027.jpg?resize=85%2C48&ssl=1 85w\" sizes=\"(max-width: 1170px) 100vw, 1170px\" class=\"no-lazyload\" width=\"1672\" height=\"941\"   \/><\/a><\/div>\n\n\n\n<p class=\"wp-block-paragraph\">Para los chicos, los cortes son tanto urbanos como casuales. Los trajes de denim Dior Oblique, las sobrecamisas y los pantalones de ch\u00e1ndal azul cielo reinterpretados componen conjuntos c\u00f3modos, sublimados por un nuevo <em>\u201cChristian Dior Paris\u201d<\/em> que afirma una vibra contempor\u00e1nea de calle. Un segundo cap\u00edtulo, titulado Diorling 2, enriquece esta narrativa irresistiblemente brit\u00e1nica.<\/p>\n\n\n\n<p class=\"wp-block-paragraph\">Un juego \u00fanico de texturas anima la ropa de los m\u00e1s peque\u00f1os en una paleta de delicadas matices realzadas por burdeos, blanco vainilla y azul marino. El patr\u00f3n gr\u00e1fico de cannage florece en los cuellos y mangas de las chaquetas, cosidas tono sobre tono en tela t\u00e9cnica lisa o en un look total. Piezas funcionales impregnadas de refinamiento, incluyendo una chaqueta de malla y tela t\u00e9cnica adornada con bordado Dior Oblique o un abrigo acolchado, completan la colecci\u00f3n.<\/p>\n\n\n\n<p class=\"wp-block-paragraph\">Una maravillosa oda a Inglaterra, donde la tradici\u00f3n y la modernidad se unen en una selecci\u00f3n rebosante de alegr\u00eda infantil y despreocupada.<\/p>\n","protected":false},"excerpt":{"rendered":"<p>Para la colecci\u00f3n de invierno 2025 de Baby Dior, Cordelia de Castellane rinde un homenaje rom\u00e1ntico a la cultura brit\u00e1nica. Al revisar la diversa herencia de la Casa, los dos mundos de Diorling \u2013un juego de palabras con el afectuoso t\u00e9rmino \u201cquerido\u201d\u2013 resonan con la l\u00ednea hom\u00f3nima presentada en Inglaterra a finales de la d\u00e9cada&hellip;<\/p>\n","protected":false},"author":11,"featured_media":67574,"comment_status":"open","ping_status":"open","sticky":false,"template":"","format":"gallery","meta":{"_jetpack_newsletter_access":"","_jetpack_dont_email_post_to_subs":false,"_jetpack_newsletter_tier_id":0,"_jetpack_memberships_contains_paywalled_content":false,"_jetpack_feature_clip_id":0,"_jetpack_memberships_contains_paid_content":false,"footnotes":"","jetpack_publicize_message":"Para la colecci\u00f3n de invierno 2025 de Baby Dior, Cordelia de Castellane rinde un homenaje rom\u00e1ntico a la cultura brit\u00e1nica. Al revisar la diversa herencia de la Casa, los dos mundos de Diorling \u2013un juego de palabras con el afectuoso t\u00e9rmino \u201cquerido\u201d\u2013 resonan con la l\u00ednea hom\u00f3nima presentada en Inglaterra a finales de la d\u00e9cada de 1960.\n","jetpack_publicize_feature_enabled":false,"jetpack_social_post_already_shared":true,"jetpack_social_options":{"image_generator_settings":{"template":"edge","default_image_id":0,"enabled":false,"token":"eyJpbWciOiJodHRwczpcL1wvbHV4b25vbXkubmV0XC93cC1jb250ZW50XC91cGxvYWRzXC8yMDI1XC8wOFwvQ2FwdHVyYS1kZS1wYW50YWxsYS0yMDI1LTA4LTE2LWEtbGFzLTIzLjI1LjE4LTEwMjR4NzM3LnBuZyIsInR4dCI6IkNvbGVjY2lcdTAwZjNuIEJhYnkgRGlvciBpbnZpZXJubyAyMDI1IiwidGVtcGxhdGUiOiJlZGdlIiwiZm9udCI6IiIsImJsb2dfaWQiOjE1OTk4NTc0MH0.av1dN94T7IBFwAyuEoguBna7mfzxyj5EdDhbo2cuONIMQ"},"version":2},"jetpack_post_was_ever_published":false},"categories":[534],"tags":[1934,699,586],"thb-sponsors":[],"class_list":["post-67594","post","type-post","status-publish","format-gallery","has-post-thumbnail","hentry","category-moda","tag-baby-dior-2","tag-dior","tag-moda","post_format-post-format-gallery"],"yoast_head":"<!-- This site is optimized with the Yoast SEO plugin v28.3 - https:\/\/yoast.com\/product\/yoast-seo-wordpress\/ -->\n<title>Colecci\u00f3n Baby Dior invierno 2025 | LUXONOMY<\/title>\n<meta name=\"robots\" content=\"index, follow, max-snippet:-1, max-image-preview:large, max-video-preview:-1\" \/>\n<link rel=\"canonical\" href=\"https:\/\/luxonomy.net\/es\/coleccion-baby-dior-invierno-2025\/\" \/>\n<meta property=\"og:locale\" content=\"es_ES\" \/>\n<meta property=\"og:type\" content=\"article\" \/>\n<meta property=\"og:title\" content=\"Colecci\u00f3n Baby Dior invierno 2025 | LUXONOMY\" \/>\n<meta property=\"og:description\" content=\"Para la colecci\u00f3n de invierno 2025 de Baby Dior, Cordelia de Castellane rinde un homenaje rom\u00e1ntico a la cultura brit\u00e1nica. Al revisar la diversa herencia de la Casa, los dos mundos de Diorling \u2013un juego de palabras con el afectuoso t\u00e9rmino \u201cquerido\u201d\u2013 resonan con la l\u00ednea hom\u00f3nima presentada en Inglaterra a finales de la d\u00e9cada&hellip;\" \/>\n<meta property=\"og:url\" content=\"https:\/\/luxonomy.net\/es\/coleccion-baby-dior-invierno-2025\/\" \/>\n<meta property=\"og:site_name\" content=\"LUXONOMY\" \/>\n<meta property=\"article:publisher\" content=\"https:\/\/www.facebook.com\/luxonomy\" \/>\n<meta property=\"article:published_time\" content=\"2025-08-15T21:36:41+00:00\" \/>\n<meta property=\"article:modified_time\" content=\"2025-08-16T21:52:36+00:00\" \/>\n<meta property=\"og:image\" content=\"https:\/\/luxonomy.net\/wp-content\/uploads\/2025\/08\/Captura-de-pantalla-2025-08-16-a-las-23.25.18.png\" \/>\n\t<meta property=\"og:image:width\" content=\"1034\" \/>\n\t<meta property=\"og:image:height\" content=\"744\" \/>\n\t<meta property=\"og:image:type\" content=\"image\/png\" \/>\n<meta name=\"author\" content=\"Kristi Ellis\" \/>\n<meta name=\"twitter:card\" content=\"summary_large_image\" \/>\n<meta name=\"twitter:label1\" content=\"Escrito por\" \/>\n\t<meta name=\"twitter:data1\" content=\"Kristi Ellis\" \/>\n\t<meta name=\"twitter:label2\" content=\"Tiempo de lectura\" \/>\n\t<meta name=\"twitter:data2\" content=\"2 minutos\" \/>\n<script type=\"application\/ld+json\" class=\"yoast-schema-graph\">{\"@context\":\"https:\\\/\\\/schema.org\",\"@graph\":[{\"@type\":\"Article\",\"@id\":\"https:\\\/\\\/luxonomy.net\\\/es\\\/coleccion-baby-dior-invierno-2025\\\/#article\",\"isPartOf\":{\"@id\":\"https:\\\/\\\/luxonomy.net\\\/es\\\/coleccion-baby-dior-invierno-2025\\\/\"},\"author\":{\"name\":\"Kristi Ellis\",\"@id\":\"https:\\\/\\\/luxonomy.net\\\/es\\\/#\\\/schema\\\/person\\\/1a813e5ec518f582af236d6344aa6c01\"},\"headline\":\"Colecci\u00f3n Baby Dior invierno 2025\",\"datePublished\":\"2025-08-15T21:36:41+00:00\",\"dateModified\":\"2025-08-16T21:52:36+00:00\",\"mainEntityOfPage\":{\"@id\":\"https:\\\/\\\/luxonomy.net\\\/es\\\/coleccion-baby-dior-invierno-2025\\\/\"},\"wordCount\":425,\"commentCount\":0,\"publisher\":{\"@id\":\"https:\\\/\\\/luxonomy.net\\\/es\\\/#organization\"},\"image\":{\"@id\":\"https:\\\/\\\/luxonomy.net\\\/es\\\/coleccion-baby-dior-invierno-2025\\\/#primaryimage\"},\"thumbnailUrl\":\"https:\\\/\\\/i0.wp.com\\\/luxonomy.net\\\/wp-content\\\/uploads\\\/2025\\\/08\\\/Captura-de-pantalla-2025-08-16-a-las-23.25.18.png?fit=1034%2C744&ssl=1\",\"keywords\":[\"Baby Dior\",\"Dior\",\"Moda\"],\"articleSection\":[\"Moda\"],\"inLanguage\":\"es\",\"potentialAction\":[{\"@type\":\"CommentAction\",\"name\":\"Comment\",\"target\":[\"https:\\\/\\\/luxonomy.net\\\/es\\\/coleccion-baby-dior-invierno-2025\\\/#respond\"]}]},{\"@type\":\"WebPage\",\"@id\":\"https:\\\/\\\/luxonomy.net\\\/es\\\/coleccion-baby-dior-invierno-2025\\\/\",\"url\":\"https:\\\/\\\/luxonomy.net\\\/es\\\/coleccion-baby-dior-invierno-2025\\\/\",\"name\":\"Colecci\u00f3n Baby Dior invierno 2025 | LUXONOMY\",\"isPartOf\":{\"@id\":\"https:\\\/\\\/luxonomy.net\\\/es\\\/#website\"},\"primaryImageOfPage\":{\"@id\":\"https:\\\/\\\/luxonomy.net\\\/es\\\/coleccion-baby-dior-invierno-2025\\\/#primaryimage\"},\"image\":{\"@id\":\"https:\\\/\\\/luxonomy.net\\\/es\\\/coleccion-baby-dior-invierno-2025\\\/#primaryimage\"},\"thumbnailUrl\":\"https:\\\/\\\/i0.wp.com\\\/luxonomy.net\\\/wp-content\\\/uploads\\\/2025\\\/08\\\/Captura-de-pantalla-2025-08-16-a-las-23.25.18.png?fit=1034%2C744&ssl=1\",\"datePublished\":\"2025-08-15T21:36:41+00:00\",\"dateModified\":\"2025-08-16T21:52:36+00:00\",\"breadcrumb\":{\"@id\":\"https:\\\/\\\/luxonomy.net\\\/es\\\/coleccion-baby-dior-invierno-2025\\\/#breadcrumb\"},\"inLanguage\":\"es\",\"potentialAction\":[{\"@type\":\"ReadAction\",\"target\":[\"https:\\\/\\\/luxonomy.net\\\/es\\\/coleccion-baby-dior-invierno-2025\\\/\"]}]},{\"@type\":\"ImageObject\",\"inLanguage\":\"es\",\"@id\":\"https:\\\/\\\/luxonomy.net\\\/es\\\/coleccion-baby-dior-invierno-2025\\\/#primaryimage\",\"url\":\"https:\\\/\\\/i0.wp.com\\\/luxonomy.net\\\/wp-content\\\/uploads\\\/2025\\\/08\\\/Captura-de-pantalla-2025-08-16-a-las-23.25.18.png?fit=1034%2C744&ssl=1\",\"contentUrl\":\"https:\\\/\\\/i0.wp.com\\\/luxonomy.net\\\/wp-content\\\/uploads\\\/2025\\\/08\\\/Captura-de-pantalla-2025-08-16-a-las-23.25.18.png?fit=1034%2C744&ssl=1\",\"width\":1034,\"height\":744},{\"@type\":\"BreadcrumbList\",\"@id\":\"https:\\\/\\\/luxonomy.net\\\/es\\\/coleccion-baby-dior-invierno-2025\\\/#breadcrumb\",\"itemListElement\":[{\"@type\":\"ListItem\",\"position\":1,\"name\":\"Portada\",\"item\":\"https:\\\/\\\/luxonomy.net\\\/es\\\/\"},{\"@type\":\"ListItem\",\"position\":2,\"name\":\"Colecci\u00f3n Baby Dior invierno 2025\"}]},{\"@type\":\"WebSite\",\"@id\":\"https:\\\/\\\/luxonomy.net\\\/es\\\/#website\",\"url\":\"https:\\\/\\\/luxonomy.net\\\/es\\\/\",\"name\":\"LUXONOMY\",\"description\":\"The Economy of Fashion &amp; Luxury\",\"publisher\":{\"@id\":\"https:\\\/\\\/luxonomy.net\\\/es\\\/#organization\"},\"potentialAction\":[{\"@type\":\"SearchAction\",\"target\":{\"@type\":\"EntryPoint\",\"urlTemplate\":\"https:\\\/\\\/luxonomy.net\\\/es\\\/?s={search_term_string}\"},\"query-input\":{\"@type\":\"PropertyValueSpecification\",\"valueRequired\":true,\"valueName\":\"search_term_string\"}}],\"inLanguage\":\"es\"},{\"@type\":\"Organization\",\"@id\":\"https:\\\/\\\/luxonomy.net\\\/es\\\/#organization\",\"name\":\"LUXONOMY\",\"url\":\"https:\\\/\\\/luxonomy.net\\\/es\\\/\",\"logo\":{\"@type\":\"ImageObject\",\"inLanguage\":\"es\",\"@id\":\"https:\\\/\\\/luxonomy.net\\\/es\\\/#\\\/schema\\\/logo\\\/image\\\/\",\"url\":\"https:\\\/\\\/i2.wp.com\\\/luxonomy.net\\\/wp-content\\\/uploads\\\/2021\\\/09\\\/MOCKUP-TODOS-LUXONOMY.jpg?fit=1000%2C515&ssl=1\",\"contentUrl\":\"https:\\\/\\\/i2.wp.com\\\/luxonomy.net\\\/wp-content\\\/uploads\\\/2021\\\/09\\\/MOCKUP-TODOS-LUXONOMY.jpg?fit=1000%2C515&ssl=1\",\"width\":1000,\"height\":515,\"caption\":\"LUXONOMY\"},\"image\":{\"@id\":\"https:\\\/\\\/luxonomy.net\\\/es\\\/#\\\/schema\\\/logo\\\/image\\\/\"},\"sameAs\":[\"https:\\\/\\\/www.facebook.com\\\/luxonomy\",\"https:\\\/\\\/www.instagram.com\\\/luxonomy\\\/\",\"https:\\\/\\\/www.linkedin.com\\\/company\\\/luxonomy\\\/\"]},{\"@type\":\"Person\",\"@id\":\"https:\\\/\\\/luxonomy.net\\\/es\\\/#\\\/schema\\\/person\\\/1a813e5ec518f582af236d6344aa6c01\",\"name\":\"Kristi Ellis\",\"image\":{\"@type\":\"ImageObject\",\"inLanguage\":\"es\",\"@id\":\"https:\\\/\\\/luxonomy.net\\\/wp-content\\\/litespeed\\\/avatar\\\/ae0c58256b980352bba3c97a8f9abe32.jpg?ver=1787975034\",\"url\":\"https:\\\/\\\/luxonomy.net\\\/wp-content\\\/litespeed\\\/avatar\\\/ae0c58256b980352bba3c97a8f9abe32.jpg?ver=1787975034\",\"contentUrl\":\"https:\\\/\\\/luxonomy.net\\\/wp-content\\\/litespeed\\\/avatar\\\/ae0c58256b980352bba3c97a8f9abe32.jpg?ver=1787975034\",\"caption\":\"Kristi Ellis\"},\"url\":\"https:\\\/\\\/luxonomy.net\\\/es\\\/author\\\/kristi-ellis\\\/\"}]}<\/script>\n<!-- \/ Yoast SEO plugin. -->","yoast_head_json":{"title":"Colecci\u00f3n Baby Dior invierno 2025 | LUXONOMY","robots":{"index":"index","follow":"follow","max-snippet":"max-snippet:-1","max-image-preview":"max-image-preview:large","max-video-preview":"max-video-preview:-1"},"canonical":"https:\/\/luxonomy.net\/es\/coleccion-baby-dior-invierno-2025\/","og_locale":"es_ES","og_type":"article","og_title":"Colecci\u00f3n Baby Dior invierno 2025 | LUXONOMY","og_description":"Para la colecci\u00f3n de invierno 2025 de Baby Dior, Cordelia de Castellane rinde un homenaje rom\u00e1ntico a la cultura brit\u00e1nica. Al revisar la diversa herencia de la Casa, los dos mundos de Diorling \u2013un juego de palabras con el afectuoso t\u00e9rmino \u201cquerido\u201d\u2013 resonan con la l\u00ednea hom\u00f3nima presentada en Inglaterra a finales de la d\u00e9cada&hellip;","og_url":"https:\/\/luxonomy.net\/es\/coleccion-baby-dior-invierno-2025\/","og_site_name":"LUXONOMY","article_publisher":"https:\/\/www.facebook.com\/luxonomy","article_published_time":"2025-08-15T21:36:41+00:00","article_modified_time":"2025-08-16T21:52:36+00:00","og_image":[{"width":1034,"height":744,"url":"https:\/\/luxonomy.net\/wp-content\/uploads\/2025\/08\/Captura-de-pantalla-2025-08-16-a-las-23.25.18.png","type":"image\/png"}],"author":"Kristi Ellis","twitter_card":"summary_large_image","twitter_misc":{"Escrito por":"Kristi Ellis","Tiempo de lectura":"2 minutos"},"schema":{"@context":"https:\/\/schema.org","@graph":[{"@type":"Article","@id":"https:\/\/luxonomy.net\/es\/coleccion-baby-dior-invierno-2025\/#article","isPartOf":{"@id":"https:\/\/luxonomy.net\/es\/coleccion-baby-dior-invierno-2025\/"},"author":{"name":"Kristi Ellis","@id":"https:\/\/luxonomy.net\/es\/#\/schema\/person\/1a813e5ec518f582af236d6344aa6c01"},"headline":"Colecci\u00f3n Baby Dior invierno 2025","datePublished":"2025-08-15T21:36:41+00:00","dateModified":"2025-08-16T21:52:36+00:00","mainEntityOfPage":{"@id":"https:\/\/luxonomy.net\/es\/coleccion-baby-dior-invierno-2025\/"},"wordCount":425,"commentCount":0,"publisher":{"@id":"https:\/\/luxonomy.net\/es\/#organization"},"image":{"@id":"https:\/\/luxonomy.net\/es\/coleccion-baby-dior-invierno-2025\/#primaryimage"},"thumbnailUrl":"https:\/\/i0.wp.com\/luxonomy.net\/wp-content\/uploads\/2025\/08\/Captura-de-pantalla-2025-08-16-a-las-23.25.18.png?fit=1034%2C744&ssl=1","keywords":["Baby Dior","Dior","Moda"],"articleSection":["Moda"],"inLanguage":"es","potentialAction":[{"@type":"CommentAction","name":"Comment","target":["https:\/\/luxonomy.net\/es\/coleccion-baby-dior-invierno-2025\/#respond"]}]},{"@type":"WebPage","@id":"https:\/\/luxonomy.net\/es\/coleccion-baby-dior-invierno-2025\/","url":"https:\/\/luxonomy.net\/es\/coleccion-baby-dior-invierno-2025\/","name":"Colecci\u00f3n Baby Dior invierno 2025 | LUXONOMY","isPartOf":{"@id":"https:\/\/luxonomy.net\/es\/#website"},"primaryImageOfPage":{"@id":"https:\/\/luxonomy.net\/es\/coleccion-baby-dior-invierno-2025\/#primaryimage"},"image":{"@id":"https:\/\/luxonomy.net\/es\/coleccion-baby-dior-invierno-2025\/#primaryimage"},"thumbnailUrl":"https:\/\/i0.wp.com\/luxonomy.net\/wp-content\/uploads\/2025\/08\/Captura-de-pantalla-2025-08-16-a-las-23.25.18.png?fit=1034%2C744&ssl=1","datePublished":"2025-08-15T21:36:41+00:00","dateModified":"2025-08-16T21:52:36+00:00","breadcrumb":{"@id":"https:\/\/luxonomy.net\/es\/coleccion-baby-dior-invierno-2025\/#breadcrumb"},"inLanguage":"es","potentialAction":[{"@type":"ReadAction","target":["https:\/\/luxonomy.net\/es\/coleccion-baby-dior-invierno-2025\/"]}]},{"@type":"ImageObject","inLanguage":"es","@id":"https:\/\/luxonomy.net\/es\/coleccion-baby-dior-invierno-2025\/#primaryimage","url":"https:\/\/i0.wp.com\/luxonomy.net\/wp-content\/uploads\/2025\/08\/Captura-de-pantalla-2025-08-16-a-las-23.25.18.png?fit=1034%2C744&ssl=1","contentUrl":"https:\/\/i0.wp.com\/luxonomy.net\/wp-content\/uploads\/2025\/08\/Captura-de-pantalla-2025-08-16-a-las-23.25.18.png?fit=1034%2C744&ssl=1","width":1034,"height":744},{"@type":"BreadcrumbList","@id":"https:\/\/luxonomy.net\/es\/coleccion-baby-dior-invierno-2025\/#breadcrumb","itemListElement":[{"@type":"ListItem","position":1,"name":"Portada","item":"https:\/\/luxonomy.net\/es\/"},{"@type":"ListItem","position":2,"name":"Colecci\u00f3n Baby Dior invierno 2025"}]},{"@type":"WebSite","@id":"https:\/\/luxonomy.net\/es\/#website","url":"https:\/\/luxonomy.net\/es\/","name":"LUXONOMY","description":"The Economy of Fashion &amp; Luxury","publisher":{"@id":"https:\/\/luxonomy.net\/es\/#organization"},"potentialAction":[{"@type":"SearchAction","target":{"@type":"EntryPoint","urlTemplate":"https:\/\/luxonomy.net\/es\/?s={search_term_string}"},"query-input":{"@type":"PropertyValueSpecification","valueRequired":true,"valueName":"search_term_string"}}],"inLanguage":"es"},{"@type":"Organization","@id":"https:\/\/luxonomy.net\/es\/#organization","name":"LUXONOMY","url":"https:\/\/luxonomy.net\/es\/","logo":{"@type":"ImageObject","inLanguage":"es","@id":"https:\/\/luxonomy.net\/es\/#\/schema\/logo\/image\/","url":"https:\/\/i2.wp.com\/luxonomy.net\/wp-content\/uploads\/2021\/09\/MOCKUP-TODOS-LUXONOMY.jpg?fit=1000%2C515&ssl=1","contentUrl":"https:\/\/i2.wp.com\/luxonomy.net\/wp-content\/uploads\/2021\/09\/MOCKUP-TODOS-LUXONOMY.jpg?fit=1000%2C515&ssl=1","width":1000,"height":515,"caption":"LUXONOMY"},"image":{"@id":"https:\/\/luxonomy.net\/es\/#\/schema\/logo\/image\/"},"sameAs":["https:\/\/www.facebook.com\/luxonomy","https:\/\/www.instagram.com\/luxonomy\/","https:\/\/www.linkedin.com\/company\/luxonomy\/"]},{"@type":"Person","@id":"https:\/\/luxonomy.net\/es\/#\/schema\/person\/1a813e5ec518f582af236d6344aa6c01","name":"Kristi Ellis","image":{"@type":"ImageObject","inLanguage":"es","@id":"https:\/\/luxonomy.net\/wp-content\/litespeed\/avatar\/ae0c58256b980352bba3c97a8f9abe32.jpg?ver=1787975034","url":"https:\/\/luxonomy.net\/wp-content\/litespeed\/avatar\/ae0c58256b980352bba3c97a8f9abe32.jpg?ver=1787975034","contentUrl":"https:\/\/luxonomy.net\/wp-content\/litespeed\/avatar\/ae0c58256b980352bba3c97a8f9abe32.jpg?ver=1787975034","caption":"Kristi Ellis"},"url":"https:\/\/luxonomy.net\/es\/author\/kristi-ellis\/"}]}},"jetpack_publicize_connections":[],"jetpack_shortlink":"https:\/\/wp.me\/paPhBa-hAe","jetpack_sharing_enabled":true,"jetpack_featured_media_url":"https:\/\/i0.wp.com\/luxonomy.net\/wp-content\/uploads\/2025\/08\/Captura-de-pantalla-2025-08-16-a-las-23.25.18.png?fit=1034%2C744&ssl=1","_links":{"self":[{"href":"https:\/\/luxonomy.net\/es\/wp-json\/wp\/v2\/posts\/67594","targetHints":{"allow":["GET"]}}],"collection":[{"href":"https:\/\/luxonomy.net\/es\/wp-json\/wp\/v2\/posts"}],"about":[{"href":"https:\/\/luxonomy.net\/es\/wp-json\/wp\/v2\/types\/post"}],"author":[{"embeddable":true,"href":"https:\/\/luxonomy.net\/es\/wp-json\/wp\/v2\/users\/11"}],"replies":[{"embeddable":true,"href":"https:\/\/luxonomy.net\/es\/wp-json\/wp\/v2\/comments?post=67594"}],"version-history":[{"count":3,"href":"https:\/\/luxonomy.net\/es\/wp-json\/wp\/v2\/posts\/67594\/revisions"}],"predecessor-version":[{"id":67598,"href":"https:\/\/luxonomy.net\/es\/wp-json\/wp\/v2\/posts\/67594\/revisions\/67598"}],"wp:featuredmedia":[{"embeddable":true,"href":"https:\/\/luxonomy.net\/es\/wp-json\/wp\/v2\/media\/67574"}],"wp:attachment":[{"href":"https:\/\/luxonomy.net\/es\/wp-json\/wp\/v2\/media?parent=67594"}],"wp:term":[{"taxonomy":"category","embeddable":true,"href":"https:\/\/luxonomy.net\/es\/wp-json\/wp\/v2\/categories?post=67594"},{"taxonomy":"post_tag","embeddable":true,"href":"https:\/\/luxonomy.net\/es\/wp-json\/wp\/v2\/tags?post=67594"},{"taxonomy":"thb-sponsors","embeddable":true,"href":"https:\/\/luxonomy.net\/es\/wp-json\/wp\/v2\/thb-sponsors?post=67594"}],"curies":[{"name":"wp","href":"https:\/\/api.w.org\/{rel}","templated":true}]}}