{"id":67566,"date":"2025-08-14T22:46:39","date_gmt":"2025-08-14T20:46:39","guid":{"rendered":"https:\/\/luxonomy.net\/?p=67566"},"modified":"2025-08-16T23:06:44","modified_gmt":"2025-08-16T21:06:44","slug":"la-fundacion-loewe-anuncia-la-apertura-de-la-convocatoria-para-la-edicion-2026-de-su-prestigioso-premio-de-artesania","status":"publish","type":"post","link":"https:\/\/luxonomy.net\/es\/la-fundacion-loewe-anuncia-la-apertura-de-la-convocatoria-para-la-edicion-2026-de-su-prestigioso-premio-de-artesania\/","title":{"rendered":"La FUNDACI\u00d3N LOEWE anuncia la apertura de la convocatoria para la edici\u00f3n 2026 de su prestigioso Premio de Artesan\u00eda"},"content":{"rendered":"\n<p class=\"ds-markdown-paragraph\">Creado en 2016, este galard\u00f3n celebra la excelencia, el valor art\u00edstico y la originalidad en la artesan\u00eda contempor\u00e1nea. Reconocen a artesanos excepcionales cuya visi\u00f3n est\u00e9tica, maestr\u00eda t\u00e9cnica y determinaci\u00f3n por innovar establecen nuevos est\u00e1ndares para el futuro de la creatividad a escala global.<\/p>\n<p class=\"ds-markdown-paragraph\"><strong>Las candidaturas permanecer\u00e1n abiertas hasta el 30 de octubre de 2025.<\/strong><\/p>\n<p class=\"ds-markdown-paragraph\">M\u00e1s informaci\u00f3n en: craftprize.loewe.com<\/p><div id=\"luxon-1869522720\" class=\"luxon-3er-parrafo luxon-entity-placement\" style=\"margin-top: 20px;margin-bottom: 20px;margin-left: auto;margin-right: auto;text-align: center;\"><a href=\"https:\/\/luxonomy.university\/course\/master-turismo-de-lujo\" target=\"_blank\" aria-label=\"master-turismo-lujo-2026-2027\"><img loading=\"lazy\" decoding=\"async\" src=\"https:\/\/i0.wp.com\/luxonomy.net\/wp-content\/uploads\/2020\/07\/master-turismo-lujo-2026-2027.jpg?fit=1672%2C941&#038;ssl=1\" alt=\"\"  srcset=\"https:\/\/i0.wp.com\/luxonomy.net\/wp-content\/uploads\/2020\/07\/master-turismo-lujo-2026-2027.jpg?w=1672&ssl=1 1672w, https:\/\/i0.wp.com\/luxonomy.net\/wp-content\/uploads\/2020\/07\/master-turismo-lujo-2026-2027.jpg?resize=300%2C169&ssl=1 300w, https:\/\/i0.wp.com\/luxonomy.net\/wp-content\/uploads\/2020\/07\/master-turismo-lujo-2026-2027.jpg?resize=1024%2C576&ssl=1 1024w, https:\/\/i0.wp.com\/luxonomy.net\/wp-content\/uploads\/2020\/07\/master-turismo-lujo-2026-2027.jpg?resize=768%2C432&ssl=1 768w, https:\/\/i0.wp.com\/luxonomy.net\/wp-content\/uploads\/2020\/07\/master-turismo-lujo-2026-2027.jpg?resize=1536%2C864&ssl=1 1536w, https:\/\/i0.wp.com\/luxonomy.net\/wp-content\/uploads\/2020\/07\/master-turismo-lujo-2026-2027.jpg?resize=370%2C208&ssl=1 370w, https:\/\/i0.wp.com\/luxonomy.net\/wp-content\/uploads\/2020\/07\/master-turismo-lujo-2026-2027.jpg?resize=800%2C450&ssl=1 800w, https:\/\/i0.wp.com\/luxonomy.net\/wp-content\/uploads\/2020\/07\/master-turismo-lujo-2026-2027.jpg?resize=20%2C11&ssl=1 20w, https:\/\/i0.wp.com\/luxonomy.net\/wp-content\/uploads\/2020\/07\/master-turismo-lujo-2026-2027.jpg?resize=740%2C416&ssl=1 740w, https:\/\/i0.wp.com\/luxonomy.net\/wp-content\/uploads\/2020\/07\/master-turismo-lujo-2026-2027.jpg?resize=1600%2C900&ssl=1 1600w, https:\/\/i0.wp.com\/luxonomy.net\/wp-content\/uploads\/2020\/07\/master-turismo-lujo-2026-2027.jpg?resize=1200%2C675&ssl=1 1200w, https:\/\/i0.wp.com\/luxonomy.net\/wp-content\/uploads\/2020\/07\/master-turismo-lujo-2026-2027.jpg?resize=85%2C48&ssl=1 85w\" sizes=\"(max-width: 1170px) 100vw, 1170px\" class=\"no-lazyload\" width=\"1672\" height=\"941\"   \/><\/a><\/div>\n","protected":false},"excerpt":{"rendered":"<p>Creado en 2016, este galard\u00f3n celebra la excelencia, el valor art\u00edstico y la originalidad en la artesan\u00eda contempor\u00e1nea. Reconocen a artesanos excepcionales cuya visi\u00f3n est\u00e9tica, maestr\u00eda t\u00e9cnica y determinaci\u00f3n por innovar establecen nuevos est\u00e1ndares para el futuro de la creatividad a escala global. Las candidaturas permanecer\u00e1n abiertas hasta el 30 de octubre de 2025. M\u00e1s&hellip;<\/p>\n","protected":false},"author":11,"featured_media":67565,"comment_status":"open","ping_status":"open","sticky":false,"template":"","format":"gallery","meta":{"_jetpack_newsletter_access":"","_jetpack_dont_email_post_to_subs":false,"_jetpack_newsletter_tier_id":0,"_jetpack_memberships_contains_paywalled_content":false,"_jetpack_feature_clip_id":0,"_jetpack_memberships_contains_paid_content":false,"footnotes":"","jetpack_publicize_message":"","jetpack_publicize_feature_enabled":true,"jetpack_social_post_already_shared":false,"jetpack_social_options":{"image_generator_settings":{"template":"edge","default_image_id":0,"font":"","enabled":false},"version":2},"jetpack_post_was_ever_published":false},"categories":[227],"tags":[782],"thb-sponsors":[],"class_list":["post-67566","post","type-post","status-publish","format-gallery","has-post-thumbnail","hentry","category-eventos","tag-loewe","post_format-post-format-gallery"],"yoast_head":"<!-- This site is optimized with the Yoast SEO plugin v28.4 - https:\/\/yoast.com\/product\/yoast-seo-wordpress\/ -->\n<title>La FUNDACI\u00d3N LOEWE anuncia la apertura de la convocatoria para la edici\u00f3n 2026 de su prestigioso Premio de Artesan\u00eda | LUXONOMY<\/title>\n<meta name=\"robots\" content=\"index, follow, max-snippet:-1, max-image-preview:large, max-video-preview:-1\" \/>\n<link rel=\"canonical\" href=\"https:\/\/luxonomy.net\/es\/la-fundacion-loewe-anuncia-la-apertura-de-la-convocatoria-para-la-edicion-2026-de-su-prestigioso-premio-de-artesania\/\" \/>\n<meta property=\"og:locale\" content=\"es_ES\" \/>\n<meta property=\"og:type\" content=\"article\" \/>\n<meta property=\"og:title\" content=\"La FUNDACI\u00d3N LOEWE anuncia la apertura de la convocatoria para la edici\u00f3n 2026 de su prestigioso Premio de Artesan\u00eda | LUXONOMY\" \/>\n<meta property=\"og:description\" content=\"Creado en 2016, este galard\u00f3n celebra la excelencia, el valor art\u00edstico y la originalidad en la artesan\u00eda contempor\u00e1nea. Reconocen a artesanos excepcionales cuya visi\u00f3n est\u00e9tica, maestr\u00eda t\u00e9cnica y determinaci\u00f3n por innovar establecen nuevos est\u00e1ndares para el futuro de la creatividad a escala global. Las candidaturas permanecer\u00e1n abiertas hasta el 30 de octubre de 2025. M\u00e1s&hellip;\" \/>\n<meta property=\"og:url\" content=\"https:\/\/luxonomy.net\/es\/la-fundacion-loewe-anuncia-la-apertura-de-la-convocatoria-para-la-edicion-2026-de-su-prestigioso-premio-de-artesania\/\" \/>\n<meta property=\"og:site_name\" content=\"LUXONOMY\" \/>\n<meta property=\"article:publisher\" content=\"https:\/\/www.facebook.com\/luxonomy\" \/>\n<meta property=\"article:published_time\" content=\"2025-08-14T20:46:39+00:00\" \/>\n<meta property=\"article:modified_time\" content=\"2025-08-16T21:06:44+00:00\" \/>\n<meta property=\"og:image\" content=\"https:\/\/luxonomy.net\/wp-content\/uploads\/2025\/08\/Captura-de-pantalla-2025-08-13-a-las-14.23.44.png\" \/>\n\t<meta property=\"og:image:width\" content=\"1434\" \/>\n\t<meta property=\"og:image:height\" content=\"802\" \/>\n\t<meta property=\"og:image:type\" content=\"image\/png\" \/>\n<meta name=\"author\" content=\"Kristi Ellis\" \/>\n<meta name=\"twitter:card\" content=\"summary_large_image\" \/>\n<meta name=\"twitter:label1\" content=\"Escrito por\" \/>\n\t<meta name=\"twitter:data1\" content=\"Kristi Ellis\" \/>\n\t<meta name=\"twitter:label2\" content=\"Tiempo de lectura\" \/>\n\t<meta name=\"twitter:data2\" content=\"1 minuto\" \/>\n<script type=\"application\/ld+json\" class=\"yoast-schema-graph\">{\"@context\":\"https:\\\/\\\/schema.org\",\"@graph\":[{\"@type\":\"Article\",\"@id\":\"https:\\\/\\\/luxonomy.net\\\/es\\\/la-fundacion-loewe-anuncia-la-apertura-de-la-convocatoria-para-la-edicion-2026-de-su-prestigioso-premio-de-artesania\\\/#article\",\"isPartOf\":{\"@id\":\"https:\\\/\\\/luxonomy.net\\\/es\\\/la-fundacion-loewe-anuncia-la-apertura-de-la-convocatoria-para-la-edicion-2026-de-su-prestigioso-premio-de-artesania\\\/\"},\"author\":{\"name\":\"Kristi Ellis\",\"@id\":\"https:\\\/\\\/luxonomy.net\\\/es\\\/#\\\/schema\\\/person\\\/7e8a0cc9e3ca46c68cc1062d894c7019\"},\"headline\":\"La FUNDACI\u00d3N LOEWE anuncia la apertura de la convocatoria para la edici\u00f3n 2026 de su prestigioso Premio de Artesan\u00eda\",\"datePublished\":\"2025-08-14T20:46:39+00:00\",\"dateModified\":\"2025-08-16T21:06:44+00:00\",\"mainEntityOfPage\":{\"@id\":\"https:\\\/\\\/luxonomy.net\\\/es\\\/la-fundacion-loewe-anuncia-la-apertura-de-la-convocatoria-para-la-edicion-2026-de-su-prestigioso-premio-de-artesania\\\/\"},\"wordCount\":91,\"commentCount\":0,\"publisher\":{\"@id\":\"https:\\\/\\\/luxonomy.net\\\/es\\\/#organization\"},\"image\":{\"@id\":\"https:\\\/\\\/luxonomy.net\\\/es\\\/la-fundacion-loewe-anuncia-la-apertura-de-la-convocatoria-para-la-edicion-2026-de-su-prestigioso-premio-de-artesania\\\/#primaryimage\"},\"thumbnailUrl\":\"https:\\\/\\\/i0.wp.com\\\/luxonomy.net\\\/wp-content\\\/uploads\\\/2025\\\/08\\\/Captura-de-pantalla-2025-08-13-a-las-14.23.44.png?fit=1434%2C802&ssl=1\",\"keywords\":[\"Loewe\"],\"articleSection\":[\"Eventos\"],\"inLanguage\":\"es\",\"potentialAction\":[{\"@type\":\"CommentAction\",\"name\":\"Comment\",\"target\":[\"https:\\\/\\\/luxonomy.net\\\/es\\\/la-fundacion-loewe-anuncia-la-apertura-de-la-convocatoria-para-la-edicion-2026-de-su-prestigioso-premio-de-artesania\\\/#respond\"]}]},{\"@type\":\"WebPage\",\"@id\":\"https:\\\/\\\/luxonomy.net\\\/es\\\/la-fundacion-loewe-anuncia-la-apertura-de-la-convocatoria-para-la-edicion-2026-de-su-prestigioso-premio-de-artesania\\\/\",\"url\":\"https:\\\/\\\/luxonomy.net\\\/es\\\/la-fundacion-loewe-anuncia-la-apertura-de-la-convocatoria-para-la-edicion-2026-de-su-prestigioso-premio-de-artesania\\\/\",\"name\":\"La FUNDACI\u00d3N LOEWE anuncia la apertura de la convocatoria para la edici\u00f3n 2026 de su prestigioso Premio de Artesan\u00eda | LUXONOMY\",\"isPartOf\":{\"@id\":\"https:\\\/\\\/luxonomy.net\\\/es\\\/#website\"},\"primaryImageOfPage\":{\"@id\":\"https:\\\/\\\/luxonomy.net\\\/es\\\/la-fundacion-loewe-anuncia-la-apertura-de-la-convocatoria-para-la-edicion-2026-de-su-prestigioso-premio-de-artesania\\\/#primaryimage\"},\"image\":{\"@id\":\"https:\\\/\\\/luxonomy.net\\\/es\\\/la-fundacion-loewe-anuncia-la-apertura-de-la-convocatoria-para-la-edicion-2026-de-su-prestigioso-premio-de-artesania\\\/#primaryimage\"},\"thumbnailUrl\":\"https:\\\/\\\/i0.wp.com\\\/luxonomy.net\\\/wp-content\\\/uploads\\\/2025\\\/08\\\/Captura-de-pantalla-2025-08-13-a-las-14.23.44.png?fit=1434%2C802&ssl=1\",\"datePublished\":\"2025-08-14T20:46:39+00:00\",\"dateModified\":\"2025-08-16T21:06:44+00:00\",\"breadcrumb\":{\"@id\":\"https:\\\/\\\/luxonomy.net\\\/es\\\/la-fundacion-loewe-anuncia-la-apertura-de-la-convocatoria-para-la-edicion-2026-de-su-prestigioso-premio-de-artesania\\\/#breadcrumb\"},\"inLanguage\":\"es\",\"potentialAction\":[{\"@type\":\"ReadAction\",\"target\":[\"https:\\\/\\\/luxonomy.net\\\/es\\\/la-fundacion-loewe-anuncia-la-apertura-de-la-convocatoria-para-la-edicion-2026-de-su-prestigioso-premio-de-artesania\\\/\"]}]},{\"@type\":\"ImageObject\",\"inLanguage\":\"es\",\"@id\":\"https:\\\/\\\/luxonomy.net\\\/es\\\/la-fundacion-loewe-anuncia-la-apertura-de-la-convocatoria-para-la-edicion-2026-de-su-prestigioso-premio-de-artesania\\\/#primaryimage\",\"url\":\"https:\\\/\\\/i0.wp.com\\\/luxonomy.net\\\/wp-content\\\/uploads\\\/2025\\\/08\\\/Captura-de-pantalla-2025-08-13-a-las-14.23.44.png?fit=1434%2C802&ssl=1\",\"contentUrl\":\"https:\\\/\\\/i0.wp.com\\\/luxonomy.net\\\/wp-content\\\/uploads\\\/2025\\\/08\\\/Captura-de-pantalla-2025-08-13-a-las-14.23.44.png?fit=1434%2C802&ssl=1\",\"width\":1434,\"height\":802},{\"@type\":\"BreadcrumbList\",\"@id\":\"https:\\\/\\\/luxonomy.net\\\/es\\\/la-fundacion-loewe-anuncia-la-apertura-de-la-convocatoria-para-la-edicion-2026-de-su-prestigioso-premio-de-artesania\\\/#breadcrumb\",\"itemListElement\":[{\"@type\":\"ListItem\",\"position\":1,\"name\":\"Portada\",\"item\":\"https:\\\/\\\/luxonomy.net\\\/es\\\/\"},{\"@type\":\"ListItem\",\"position\":2,\"name\":\"La FUNDACI\u00d3N LOEWE anuncia la apertura de la convocatoria para la edici\u00f3n 2026 de su prestigioso Premio de Artesan\u00eda\"}]},{\"@type\":\"WebSite\",\"@id\":\"https:\\\/\\\/luxonomy.net\\\/es\\\/#website\",\"url\":\"https:\\\/\\\/luxonomy.net\\\/es\\\/\",\"name\":\"LUXONOMY\",\"description\":\"The Economy of Fashion &amp; Luxury\",\"publisher\":{\"@id\":\"https:\\\/\\\/luxonomy.net\\\/es\\\/#organization\"},\"potentialAction\":[{\"@type\":\"SearchAction\",\"target\":{\"@type\":\"EntryPoint\",\"urlTemplate\":\"https:\\\/\\\/luxonomy.net\\\/es\\\/?s={search_term_string}\"},\"query-input\":{\"@type\":\"PropertyValueSpecification\",\"valueRequired\":true,\"valueName\":\"search_term_string\"}}],\"inLanguage\":\"es\"},{\"@type\":\"Organization\",\"@id\":\"https:\\\/\\\/luxonomy.net\\\/es\\\/#organization\",\"name\":\"LUXONOMY\",\"url\":\"https:\\\/\\\/luxonomy.net\\\/es\\\/\",\"logo\":{\"@type\":\"ImageObject\",\"inLanguage\":\"es\",\"@id\":\"https:\\\/\\\/luxonomy.net\\\/es\\\/#\\\/schema\\\/logo\\\/image\\\/\",\"url\":\"https:\\\/\\\/i2.wp.com\\\/luxonomy.net\\\/wp-content\\\/uploads\\\/2021\\\/09\\\/MOCKUP-TODOS-LUXONOMY.jpg?fit=1000%2C515&ssl=1\",\"contentUrl\":\"https:\\\/\\\/i2.wp.com\\\/luxonomy.net\\\/wp-content\\\/uploads\\\/2021\\\/09\\\/MOCKUP-TODOS-LUXONOMY.jpg?fit=1000%2C515&ssl=1\",\"width\":1000,\"height\":515,\"caption\":\"LUXONOMY\"},\"image\":{\"@id\":\"https:\\\/\\\/luxonomy.net\\\/es\\\/#\\\/schema\\\/logo\\\/image\\\/\"},\"sameAs\":[\"https:\\\/\\\/www.facebook.com\\\/luxonomy\",\"https:\\\/\\\/www.instagram.com\\\/luxonomy\\\/\",\"https:\\\/\\\/www.linkedin.com\\\/company\\\/luxonomy\\\/\"]},{\"@type\":\"Person\",\"@id\":\"https:\\\/\\\/luxonomy.net\\\/es\\\/#\\\/schema\\\/person\\\/7e8a0cc9e3ca46c68cc1062d894c7019\",\"name\":\"Kristi Ellis\",\"image\":{\"@type\":\"ImageObject\",\"inLanguage\":\"es\",\"@id\":\"https:\\\/\\\/luxonomy.net\\\/wp-content\\\/litespeed\\\/avatar\\\/ae0c58256b980352bba3c97a8f9abe32.jpg?ver=1788580188\",\"url\":\"https:\\\/\\\/luxonomy.net\\\/wp-content\\\/litespeed\\\/avatar\\\/ae0c58256b980352bba3c97a8f9abe32.jpg?ver=1788580188\",\"contentUrl\":\"https:\\\/\\\/luxonomy.net\\\/wp-content\\\/litespeed\\\/avatar\\\/ae0c58256b980352bba3c97a8f9abe32.jpg?ver=1788580188\",\"caption\":\"Kristi Ellis\"},\"url\":\"https:\\\/\\\/luxonomy.net\\\/es\\\/author\\\/kristi-ellis\\\/\"}]}<\/script>\n<!-- \/ Yoast SEO plugin. -->","yoast_head_json":{"title":"La FUNDACI\u00d3N LOEWE anuncia la apertura de la convocatoria para la edici\u00f3n 2026 de su prestigioso Premio de Artesan\u00eda | LUXONOMY","robots":{"index":"index","follow":"follow","max-snippet":"max-snippet:-1","max-image-preview":"max-image-preview:large","max-video-preview":"max-video-preview:-1"},"canonical":"https:\/\/luxonomy.net\/es\/la-fundacion-loewe-anuncia-la-apertura-de-la-convocatoria-para-la-edicion-2026-de-su-prestigioso-premio-de-artesania\/","og_locale":"es_ES","og_type":"article","og_title":"La FUNDACI\u00d3N LOEWE anuncia la apertura de la convocatoria para la edici\u00f3n 2026 de su prestigioso Premio de Artesan\u00eda | LUXONOMY","og_description":"Creado en 2016, este galard\u00f3n celebra la excelencia, el valor art\u00edstico y la originalidad en la artesan\u00eda contempor\u00e1nea. Reconocen a artesanos excepcionales cuya visi\u00f3n est\u00e9tica, maestr\u00eda t\u00e9cnica y determinaci\u00f3n por innovar establecen nuevos est\u00e1ndares para el futuro de la creatividad a escala global. Las candidaturas permanecer\u00e1n abiertas hasta el 30 de octubre de 2025. M\u00e1s&hellip;","og_url":"https:\/\/luxonomy.net\/es\/la-fundacion-loewe-anuncia-la-apertura-de-la-convocatoria-para-la-edicion-2026-de-su-prestigioso-premio-de-artesania\/","og_site_name":"LUXONOMY","article_publisher":"https:\/\/www.facebook.com\/luxonomy","article_published_time":"2025-08-14T20:46:39+00:00","article_modified_time":"2025-08-16T21:06:44+00:00","og_image":[{"width":1434,"height":802,"url":"https:\/\/luxonomy.net\/wp-content\/uploads\/2025\/08\/Captura-de-pantalla-2025-08-13-a-las-14.23.44.png","type":"image\/png"}],"author":"Kristi Ellis","twitter_card":"summary_large_image","twitter_misc":{"Escrito por":"Kristi Ellis","Tiempo de lectura":"1 minuto"},"schema":{"@context":"https:\/\/schema.org","@graph":[{"@type":"Article","@id":"https:\/\/luxonomy.net\/es\/la-fundacion-loewe-anuncia-la-apertura-de-la-convocatoria-para-la-edicion-2026-de-su-prestigioso-premio-de-artesania\/#article","isPartOf":{"@id":"https:\/\/luxonomy.net\/es\/la-fundacion-loewe-anuncia-la-apertura-de-la-convocatoria-para-la-edicion-2026-de-su-prestigioso-premio-de-artesania\/"},"author":{"name":"Kristi Ellis","@id":"https:\/\/luxonomy.net\/es\/#\/schema\/person\/7e8a0cc9e3ca46c68cc1062d894c7019"},"headline":"La FUNDACI\u00d3N LOEWE anuncia la apertura de la convocatoria para la edici\u00f3n 2026 de su prestigioso Premio de Artesan\u00eda","datePublished":"2025-08-14T20:46:39+00:00","dateModified":"2025-08-16T21:06:44+00:00","mainEntityOfPage":{"@id":"https:\/\/luxonomy.net\/es\/la-fundacion-loewe-anuncia-la-apertura-de-la-convocatoria-para-la-edicion-2026-de-su-prestigioso-premio-de-artesania\/"},"wordCount":91,"commentCount":0,"publisher":{"@id":"https:\/\/luxonomy.net\/es\/#organization"},"image":{"@id":"https:\/\/luxonomy.net\/es\/la-fundacion-loewe-anuncia-la-apertura-de-la-convocatoria-para-la-edicion-2026-de-su-prestigioso-premio-de-artesania\/#primaryimage"},"thumbnailUrl":"https:\/\/i0.wp.com\/luxonomy.net\/wp-content\/uploads\/2025\/08\/Captura-de-pantalla-2025-08-13-a-las-14.23.44.png?fit=1434%2C802&ssl=1","keywords":["Loewe"],"articleSection":["Eventos"],"inLanguage":"es","potentialAction":[{"@type":"CommentAction","name":"Comment","target":["https:\/\/luxonomy.net\/es\/la-fundacion-loewe-anuncia-la-apertura-de-la-convocatoria-para-la-edicion-2026-de-su-prestigioso-premio-de-artesania\/#respond"]}]},{"@type":"WebPage","@id":"https:\/\/luxonomy.net\/es\/la-fundacion-loewe-anuncia-la-apertura-de-la-convocatoria-para-la-edicion-2026-de-su-prestigioso-premio-de-artesania\/","url":"https:\/\/luxonomy.net\/es\/la-fundacion-loewe-anuncia-la-apertura-de-la-convocatoria-para-la-edicion-2026-de-su-prestigioso-premio-de-artesania\/","name":"La FUNDACI\u00d3N LOEWE anuncia la apertura de la convocatoria para la edici\u00f3n 2026 de su prestigioso Premio de Artesan\u00eda | LUXONOMY","isPartOf":{"@id":"https:\/\/luxonomy.net\/es\/#website"},"primaryImageOfPage":{"@id":"https:\/\/luxonomy.net\/es\/la-fundacion-loewe-anuncia-la-apertura-de-la-convocatoria-para-la-edicion-2026-de-su-prestigioso-premio-de-artesania\/#primaryimage"},"image":{"@id":"https:\/\/luxonomy.net\/es\/la-fundacion-loewe-anuncia-la-apertura-de-la-convocatoria-para-la-edicion-2026-de-su-prestigioso-premio-de-artesania\/#primaryimage"},"thumbnailUrl":"https:\/\/i0.wp.com\/luxonomy.net\/wp-content\/uploads\/2025\/08\/Captura-de-pantalla-2025-08-13-a-las-14.23.44.png?fit=1434%2C802&ssl=1","datePublished":"2025-08-14T20:46:39+00:00","dateModified":"2025-08-16T21:06:44+00:00","breadcrumb":{"@id":"https:\/\/luxonomy.net\/es\/la-fundacion-loewe-anuncia-la-apertura-de-la-convocatoria-para-la-edicion-2026-de-su-prestigioso-premio-de-artesania\/#breadcrumb"},"inLanguage":"es","potentialAction":[{"@type":"ReadAction","target":["https:\/\/luxonomy.net\/es\/la-fundacion-loewe-anuncia-la-apertura-de-la-convocatoria-para-la-edicion-2026-de-su-prestigioso-premio-de-artesania\/"]}]},{"@type":"ImageObject","inLanguage":"es","@id":"https:\/\/luxonomy.net\/es\/la-fundacion-loewe-anuncia-la-apertura-de-la-convocatoria-para-la-edicion-2026-de-su-prestigioso-premio-de-artesania\/#primaryimage","url":"https:\/\/i0.wp.com\/luxonomy.net\/wp-content\/uploads\/2025\/08\/Captura-de-pantalla-2025-08-13-a-las-14.23.44.png?fit=1434%2C802&ssl=1","contentUrl":"https:\/\/i0.wp.com\/luxonomy.net\/wp-content\/uploads\/2025\/08\/Captura-de-pantalla-2025-08-13-a-las-14.23.44.png?fit=1434%2C802&ssl=1","width":1434,"height":802},{"@type":"BreadcrumbList","@id":"https:\/\/luxonomy.net\/es\/la-fundacion-loewe-anuncia-la-apertura-de-la-convocatoria-para-la-edicion-2026-de-su-prestigioso-premio-de-artesania\/#breadcrumb","itemListElement":[{"@type":"ListItem","position":1,"name":"Portada","item":"https:\/\/luxonomy.net\/es\/"},{"@type":"ListItem","position":2,"name":"La FUNDACI\u00d3N LOEWE anuncia la apertura de la convocatoria para la edici\u00f3n 2026 de su prestigioso Premio de Artesan\u00eda"}]},{"@type":"WebSite","@id":"https:\/\/luxonomy.net\/es\/#website","url":"https:\/\/luxonomy.net\/es\/","name":"LUXONOMY","description":"The Economy of Fashion &amp; Luxury","publisher":{"@id":"https:\/\/luxonomy.net\/es\/#organization"},"potentialAction":[{"@type":"SearchAction","target":{"@type":"EntryPoint","urlTemplate":"https:\/\/luxonomy.net\/es\/?s={search_term_string}"},"query-input":{"@type":"PropertyValueSpecification","valueRequired":true,"valueName":"search_term_string"}}],"inLanguage":"es"},{"@type":"Organization","@id":"https:\/\/luxonomy.net\/es\/#organization","name":"LUXONOMY","url":"https:\/\/luxonomy.net\/es\/","logo":{"@type":"ImageObject","inLanguage":"es","@id":"https:\/\/luxonomy.net\/es\/#\/schema\/logo\/image\/","url":"https:\/\/i2.wp.com\/luxonomy.net\/wp-content\/uploads\/2021\/09\/MOCKUP-TODOS-LUXONOMY.jpg?fit=1000%2C515&ssl=1","contentUrl":"https:\/\/i2.wp.com\/luxonomy.net\/wp-content\/uploads\/2021\/09\/MOCKUP-TODOS-LUXONOMY.jpg?fit=1000%2C515&ssl=1","width":1000,"height":515,"caption":"LUXONOMY"},"image":{"@id":"https:\/\/luxonomy.net\/es\/#\/schema\/logo\/image\/"},"sameAs":["https:\/\/www.facebook.com\/luxonomy","https:\/\/www.instagram.com\/luxonomy\/","https:\/\/www.linkedin.com\/company\/luxonomy\/"]},{"@type":"Person","@id":"https:\/\/luxonomy.net\/es\/#\/schema\/person\/7e8a0cc9e3ca46c68cc1062d894c7019","name":"Kristi Ellis","image":{"@type":"ImageObject","inLanguage":"es","@id":"https:\/\/luxonomy.net\/wp-content\/litespeed\/avatar\/ae0c58256b980352bba3c97a8f9abe32.jpg?ver=1788580188","url":"https:\/\/luxonomy.net\/wp-content\/litespeed\/avatar\/ae0c58256b980352bba3c97a8f9abe32.jpg?ver=1788580188","contentUrl":"https:\/\/luxonomy.net\/wp-content\/litespeed\/avatar\/ae0c58256b980352bba3c97a8f9abe32.jpg?ver=1788580188","caption":"Kristi Ellis"},"url":"https:\/\/luxonomy.net\/es\/author\/kristi-ellis\/"}]}},"jetpack_publicize_connections":[],"jetpack_shortlink":"https:\/\/wp.me\/paPhBa-hzM","jetpack_sharing_enabled":true,"jetpack_featured_media_url":"https:\/\/i0.wp.com\/luxonomy.net\/wp-content\/uploads\/2025\/08\/Captura-de-pantalla-2025-08-13-a-las-14.23.44.png?fit=1434%2C802&ssl=1","_links":{"self":[{"href":"https:\/\/luxonomy.net\/es\/wp-json\/wp\/v2\/posts\/67566","targetHints":{"allow":["GET"]}}],"collection":[{"href":"https:\/\/luxonomy.net\/es\/wp-json\/wp\/v2\/posts"}],"about":[{"href":"https:\/\/luxonomy.net\/es\/wp-json\/wp\/v2\/types\/post"}],"author":[{"embeddable":true,"href":"https:\/\/luxonomy.net\/es\/wp-json\/wp\/v2\/users\/11"}],"replies":[{"embeddable":true,"href":"https:\/\/luxonomy.net\/es\/wp-json\/wp\/v2\/comments?post=67566"}],"version-history":[{"count":1,"href":"https:\/\/luxonomy.net\/es\/wp-json\/wp\/v2\/posts\/67566\/revisions"}],"predecessor-version":[{"id":67567,"href":"https:\/\/luxonomy.net\/es\/wp-json\/wp\/v2\/posts\/67566\/revisions\/67567"}],"wp:featuredmedia":[{"embeddable":true,"href":"https:\/\/luxonomy.net\/es\/wp-json\/wp\/v2\/media\/67565"}],"wp:attachment":[{"href":"https:\/\/luxonomy.net\/es\/wp-json\/wp\/v2\/media?parent=67566"}],"wp:term":[{"taxonomy":"category","embeddable":true,"href":"https:\/\/luxonomy.net\/es\/wp-json\/wp\/v2\/categories?post=67566"},{"taxonomy":"post_tag","embeddable":true,"href":"https:\/\/luxonomy.net\/es\/wp-json\/wp\/v2\/tags?post=67566"},{"taxonomy":"thb-sponsors","embeddable":true,"href":"https:\/\/luxonomy.net\/es\/wp-json\/wp\/v2\/thb-sponsors?post=67566"}],"curies":[{"name":"wp","href":"https:\/\/api.w.org\/{rel}","templated":true}]}}