{"id":67102,"date":"2025-07-28T12:38:13","date_gmt":"2025-07-28T10:38:13","guid":{"rendered":"https:\/\/luxonomy.net\/?p=67102"},"modified":"2025-07-29T00:14:46","modified_gmt":"2025-07-28T22:14:46","slug":"el-punto-de-inflexion-del-lujo-global-julio-2025-caida-ciclica-o-cambio-estructural","status":"publish","type":"post","link":"https:\/\/luxonomy.net\/es\/el-punto-de-inflexion-del-lujo-global-julio-2025-caida-ciclica-o-cambio-estructural\/","title":{"rendered":"El punto de inflexi\u00f3n del lujo global (julio 2025): \u00bfca\u00edda c\u00edclica o cambio estructural?"},"content":{"rendered":"\n<p class=\"p1 wp-block-paragraph\">El mes de julio de 2025 ha marcado un hito preocupante para la industria global del lujo. Los resultados financieros de conglomerados como LVMH han mostrado un estancamiento generalizado, especialmente en su divisi\u00f3n de moda y marroquiner\u00eda (\u22129\u202f% interanual), mientras que otras fuentes proyectan una contracci\u00f3n global de hasta un 5\u202f% para el cierre del a\u00f1o.<\/p>\n\n\n\n<p class=\"wp-block-paragraph\">Este informe analiza si este retroceso obedece a factores coyunturales \u2014como la debilidad en China o la saturaci\u00f3n de precios en el segmento aspiracional\u2014 o si estamos presenciando un cambio estructural en el consumo de lujo, especialmente por parte de las generaciones m\u00e1s j\u00f3venes. Tambi\u00e9n explora el ascenso de marcas locales en Asia, el auge de la alta joyer\u00eda como \u201crefugio de valor\u201d y la evoluci\u00f3n de la percepci\u00f3n del lujo frente a nuevos valores.<\/p>\n\n\n\n\n<div class=\"wp-block-columns jetpack-paywall-simple is-layout-flex wp-container-core-columns-is-layout-8f761849 wp-block-columns-is-layout-flex\" style=\"display: inline-block; width: 90%\">\n    \n    <div class=\"wp-block-column is-layout-flow wp-block-column-is-layout-flow\" style=\"background-color: #F6F7F7; padding: 32px; 24px;\">\n        \n        <h2 class=\"has-text-align-center wp-block-heading\" style=\"margin: 0 0 12px; font-weight: 600;\">Suscr\u00edbete para seguir leyendo<\/h2>\n        \n        \n        <p class=\"has-text-align-center wp-block-paragraph\"\n           style=\"text-align: center;\n                  color: #50575E;\n                  font-weight: 400;\n                  font-size: 16px;\n                  font-family: 'SF Pro Text', sans-serif;\n                  line-height: 28.8px;\">\n        Convi\u00e9rtete en un suscriptor de pago para obtener acceso al contenido \u00edntegro de esta entrada y dem\u00e1s contenido exclusivo.\n        <\/p>\n        \n        \n        <div class=\"wp-block-buttons is-layout-flex wp-block-buttons-is-layout-flex\" style=\"text-align: center;\">\n            \n            <div class=\"wp-block-button\" style=\"display: inline-block; margin: 10px 0; border-style: none; padding: 0;\">\n                <a href=\"https:\/\/luxonomy.net\/es\/?post_type=post&#038;p=67102\" class=\"wp-block-button__link wp-element-button\"\n                   data-wpcom-track data-tracks-link-desc=\"paywall-email-click\"\n                   style=\"display: inline-block;\n                          padding: 12px 15px;\n                          background-color: #3858e9;\n                          color: #FFFFFF;\n                          text-decoration: none;\n                          border-radius: 5px;\n                          font-family: 'SF Pro Display', sans-serif;\n                          font-weight: 500;\n                          font-size: 16px;\n                          text-align: center;\">Suscribirse<\/a>\n            <\/div>\n            \n        <\/div>\n        \n    <\/div>\n    \n<\/div>\n\n","protected":false},"excerpt":{"rendered":"<p>El mes de julio de 2025 ha marcado un hito preocupante para la industria global del lujo. Los resultados financieros de conglomerados como LVMH han mostrado un estancamiento generalizado, especialmente en su divisi\u00f3n de moda y marroquiner\u00eda (\u22129\u202f% interanual), mientras que otras fuentes proyectan una contracci\u00f3n global de hasta un 5\u202f% para el cierre del&hellip;<\/p>\n","protected":false},"author":19,"featured_media":67009,"comment_status":"open","ping_status":"open","sticky":false,"template":"","format":"standard","meta":{"_jetpack_newsletter_access":"paid_subscribers","_jetpack_dont_email_post_to_subs":false,"_jetpack_newsletter_tier_id":0,"_jetpack_memberships_contains_paywalled_content":true,"_jetpack_feature_clip_id":0,"_jetpack_memberships_contains_paid_content":false,"footnotes":"","jetpack_publicize_message":"El mes de julio de 2025 ha marcado un hito preocupante para la industria global del lujo. Los resultados financieros de conglomerados como LVMH han mostrado un estancamiento generalizado, especialmente en su divisi\u00f3n de moda y marroquiner\u00eda (\u22129\u202f% interanual), mientras que otras fuentes proyectan una contracci\u00f3n global de hasta un 5\u202f% para el cierre del a\u00f1o.\nEste informe analiza si este retroceso obedece a factores coyunturales \u2014como la debilidad en China o la saturaci\u00f3n de precios en el segmento aspiracional\u2014 o si estamos presenciando un cambio estructural en el consumo de lujo, especialmente por parte de las generaciones m\u00e1s j\u00f3venes. Tambi\u00e9n explora el ascenso de marcas locales en Asia, el auge de la alta joyer\u00eda como \u201crefugio de valor\u201d y la evoluci\u00f3n de la percepci\u00f3n del lujo frente a nuevos valores.\n#informes de #lujo en #LUXONOMY","jetpack_publicize_feature_enabled":true,"jetpack_social_post_already_shared":true,"jetpack_social_options":{"image_generator_settings":{"template":"edge","default_image_id":0,"enabled":true,"token":"eyJpbWciOiJodHRwczpcL1wvbHV4b25vbXkubmV0XC93cC1jb250ZW50XC91cGxvYWRzXC8yMDI1XC8wN1wvbHV4b25vbXkuanBnIiwidHh0IjoiRWwgcHVudG8gZGUgaW5mbGV4aVx1MDBmM24gZGVsIGx1am8gZ2xvYmFsIChqdWxpbyAyMDI1KTogXHUwMGJmY2FcdTAwZWRkYSBjXHUwMGVkY2xpY2EgbyBjYW1iaW8gZXN0cnVjdHVyYWw_IiwidGVtcGxhdGUiOiJlZGdlIiwiYmxvZ19pZCI6MTU5OTg1NzQwfQ.U0LN4eRSExKiZ431KGKQpF347q5R34ROY6R7Yqg3MXIMQ"},"version":2},"jetpack_post_was_ever_published":false},"categories":[7013,1128,815],"tags":[552,1211],"thb-sponsors":[],"class_list":["post-67102","post","type-post","status-publish","format-standard","has-post-thumbnail","hentry","category-contenido-privado","category-economia","category-privado","tag-economia","tag-suscriptores-premium"],"yoast_head":"<!-- This site is optimized with the Yoast SEO plugin v28.4 - https:\/\/yoast.com\/product\/yoast-seo-wordpress\/ -->\n<title>El punto de inflexi\u00f3n del lujo global (julio 2025): \u00bfca\u00edda c\u00edclica o cambio estructural? | LUXONOMY<\/title>\n<meta name=\"robots\" content=\"index, follow, max-snippet:-1, max-image-preview:large, max-video-preview:-1\" \/>\n<link rel=\"canonical\" href=\"https:\/\/luxonomy.net\/es\/el-punto-de-inflexion-del-lujo-global-julio-2025-caida-ciclica-o-cambio-estructural\/\" \/>\n<meta property=\"og:locale\" content=\"es_ES\" \/>\n<meta property=\"og:type\" content=\"article\" \/>\n<meta property=\"og:title\" content=\"El punto de inflexi\u00f3n del lujo global (julio 2025): \u00bfca\u00edda c\u00edclica o cambio estructural? | LUXONOMY\" \/>\n<meta property=\"og:description\" content=\"El mes de julio de 2025 ha marcado un hito preocupante para la industria global del lujo. Los resultados financieros de conglomerados como LVMH han mostrado un estancamiento generalizado, especialmente en su divisi\u00f3n de moda y marroquiner\u00eda (\u22129\u202f% interanual), mientras que otras fuentes proyectan una contracci\u00f3n global de hasta un 5\u202f% para el cierre del&hellip;\" \/>\n<meta property=\"og:url\" content=\"https:\/\/luxonomy.net\/es\/el-punto-de-inflexion-del-lujo-global-julio-2025-caida-ciclica-o-cambio-estructural\/\" \/>\n<meta property=\"og:site_name\" content=\"LUXONOMY\" \/>\n<meta property=\"article:publisher\" content=\"https:\/\/www.facebook.com\/luxonomy\" \/>\n<meta property=\"article:published_time\" content=\"2025-07-28T10:38:13+00:00\" \/>\n<meta property=\"article:modified_time\" content=\"2025-07-28T22:14:46+00:00\" \/>\n<meta property=\"og:image\" content=\"https:\/\/i0.wp.com\/luxonomy.net\/wp-content\/uploads\/2025\/07\/luxonomy.jpg?fit=800%2C600&quality=89&ssl=1\" \/>\n\t<meta property=\"og:image:width\" content=\"800\" \/>\n\t<meta property=\"og:image:height\" content=\"600\" \/>\n\t<meta property=\"og:image:type\" content=\"image\/jpeg\" \/>\n<meta name=\"author\" content=\"Pablo Guti\u00e9rrez-Rav\u00e9 Villal\u00f3n\" \/>\n<meta name=\"twitter:card\" content=\"summary_large_image\" \/>\n<meta name=\"twitter:label1\" content=\"Escrito por\" \/>\n\t<meta name=\"twitter:data1\" content=\"Pablo Guti\u00e9rrez-Rav\u00e9 Villal\u00f3n\" \/>\n\t<meta name=\"twitter:label2\" content=\"Tiempo de lectura\" \/>\n\t<meta name=\"twitter:data2\" content=\"4 minutos\" \/>\n<script type=\"application\/ld+json\" class=\"yoast-schema-graph\">{\"@context\":\"https:\\\/\\\/schema.org\",\"@graph\":[{\"@type\":\"Article\",\"@id\":\"https:\\\/\\\/luxonomy.net\\\/es\\\/el-punto-de-inflexion-del-lujo-global-julio-2025-caida-ciclica-o-cambio-estructural\\\/#article\",\"isPartOf\":{\"@id\":\"https:\\\/\\\/luxonomy.net\\\/es\\\/el-punto-de-inflexion-del-lujo-global-julio-2025-caida-ciclica-o-cambio-estructural\\\/\"},\"author\":{\"name\":\"Pablo Guti\u00e9rrez-Rav\u00e9 Villal\u00f3n\",\"@id\":\"https:\\\/\\\/luxonomy.net\\\/es\\\/#\\\/schema\\\/person\\\/aca186356f30a813f61bbf19ba52c031\"},\"headline\":\"El punto de inflexi\u00f3n del lujo global (julio 2025): \u00bfca\u00edda c\u00edclica o cambio estructural?\",\"datePublished\":\"2025-07-28T10:38:13+00:00\",\"dateModified\":\"2025-07-28T22:14:46+00:00\",\"mainEntityOfPage\":{\"@id\":\"https:\\\/\\\/luxonomy.net\\\/es\\\/el-punto-de-inflexion-del-lujo-global-julio-2025-caida-ciclica-o-cambio-estructural\\\/\"},\"wordCount\":589,\"commentCount\":0,\"publisher\":{\"@id\":\"https:\\\/\\\/luxonomy.net\\\/es\\\/#organization\"},\"image\":{\"@id\":\"https:\\\/\\\/luxonomy.net\\\/es\\\/el-punto-de-inflexion-del-lujo-global-julio-2025-caida-ciclica-o-cambio-estructural\\\/#primaryimage\"},\"thumbnailUrl\":\"https:\\\/\\\/i0.wp.com\\\/luxonomy.net\\\/wp-content\\\/uploads\\\/2025\\\/07\\\/luxonomy.jpg?fit=800%2C600&ssl=1\",\"keywords\":[\"econom\u00eda\",\"suscriptores premium\"],\"articleSection\":[\"Contenido privado\",\"Econom\u00eda\",\"Privado\ud83d\udd12\"],\"inLanguage\":\"es\",\"potentialAction\":[{\"@type\":\"CommentAction\",\"name\":\"Comment\",\"target\":[\"https:\\\/\\\/luxonomy.net\\\/es\\\/el-punto-de-inflexion-del-lujo-global-julio-2025-caida-ciclica-o-cambio-estructural\\\/#respond\"]}]},{\"@type\":\"WebPage\",\"@id\":\"https:\\\/\\\/luxonomy.net\\\/es\\\/el-punto-de-inflexion-del-lujo-global-julio-2025-caida-ciclica-o-cambio-estructural\\\/\",\"url\":\"https:\\\/\\\/luxonomy.net\\\/es\\\/el-punto-de-inflexion-del-lujo-global-julio-2025-caida-ciclica-o-cambio-estructural\\\/\",\"name\":\"El punto de inflexi\u00f3n del lujo global (julio 2025): \u00bfca\u00edda c\u00edclica o cambio estructural? | LUXONOMY\",\"isPartOf\":{\"@id\":\"https:\\\/\\\/luxonomy.net\\\/es\\\/#website\"},\"primaryImageOfPage\":{\"@id\":\"https:\\\/\\\/luxonomy.net\\\/es\\\/el-punto-de-inflexion-del-lujo-global-julio-2025-caida-ciclica-o-cambio-estructural\\\/#primaryimage\"},\"image\":{\"@id\":\"https:\\\/\\\/luxonomy.net\\\/es\\\/el-punto-de-inflexion-del-lujo-global-julio-2025-caida-ciclica-o-cambio-estructural\\\/#primaryimage\"},\"thumbnailUrl\":\"https:\\\/\\\/i0.wp.com\\\/luxonomy.net\\\/wp-content\\\/uploads\\\/2025\\\/07\\\/luxonomy.jpg?fit=800%2C600&ssl=1\",\"datePublished\":\"2025-07-28T10:38:13+00:00\",\"dateModified\":\"2025-07-28T22:14:46+00:00\",\"breadcrumb\":{\"@id\":\"https:\\\/\\\/luxonomy.net\\\/es\\\/el-punto-de-inflexion-del-lujo-global-julio-2025-caida-ciclica-o-cambio-estructural\\\/#breadcrumb\"},\"inLanguage\":\"es\",\"potentialAction\":[{\"@type\":\"ReadAction\",\"target\":[\"https:\\\/\\\/luxonomy.net\\\/es\\\/el-punto-de-inflexion-del-lujo-global-julio-2025-caida-ciclica-o-cambio-estructural\\\/\"]}]},{\"@type\":\"ImageObject\",\"inLanguage\":\"es\",\"@id\":\"https:\\\/\\\/luxonomy.net\\\/es\\\/el-punto-de-inflexion-del-lujo-global-julio-2025-caida-ciclica-o-cambio-estructural\\\/#primaryimage\",\"url\":\"https:\\\/\\\/i0.wp.com\\\/luxonomy.net\\\/wp-content\\\/uploads\\\/2025\\\/07\\\/luxonomy.jpg?fit=800%2C600&ssl=1\",\"contentUrl\":\"https:\\\/\\\/i0.wp.com\\\/luxonomy.net\\\/wp-content\\\/uploads\\\/2025\\\/07\\\/luxonomy.jpg?fit=800%2C600&ssl=1\",\"width\":800,\"height\":600},{\"@type\":\"BreadcrumbList\",\"@id\":\"https:\\\/\\\/luxonomy.net\\\/es\\\/el-punto-de-inflexion-del-lujo-global-julio-2025-caida-ciclica-o-cambio-estructural\\\/#breadcrumb\",\"itemListElement\":[{\"@type\":\"ListItem\",\"position\":1,\"name\":\"Portada\",\"item\":\"https:\\\/\\\/luxonomy.net\\\/es\\\/\"},{\"@type\":\"ListItem\",\"position\":2,\"name\":\"El punto de inflexi\u00f3n del lujo global (julio 2025): \u00bfca\u00edda c\u00edclica o cambio estructural?\"}]},{\"@type\":\"WebSite\",\"@id\":\"https:\\\/\\\/luxonomy.net\\\/es\\\/#website\",\"url\":\"https:\\\/\\\/luxonomy.net\\\/es\\\/\",\"name\":\"LUXONOMY\",\"description\":\"The Economy of Fashion &amp; Luxury\",\"publisher\":{\"@id\":\"https:\\\/\\\/luxonomy.net\\\/es\\\/#organization\"},\"potentialAction\":[{\"@type\":\"SearchAction\",\"target\":{\"@type\":\"EntryPoint\",\"urlTemplate\":\"https:\\\/\\\/luxonomy.net\\\/es\\\/?s={search_term_string}\"},\"query-input\":{\"@type\":\"PropertyValueSpecification\",\"valueRequired\":true,\"valueName\":\"search_term_string\"}}],\"inLanguage\":\"es\"},{\"@type\":\"Organization\",\"@id\":\"https:\\\/\\\/luxonomy.net\\\/es\\\/#organization\",\"name\":\"LUXONOMY\",\"url\":\"https:\\\/\\\/luxonomy.net\\\/es\\\/\",\"logo\":{\"@type\":\"ImageObject\",\"inLanguage\":\"es\",\"@id\":\"https:\\\/\\\/luxonomy.net\\\/es\\\/#\\\/schema\\\/logo\\\/image\\\/\",\"url\":\"https:\\\/\\\/i2.wp.com\\\/luxonomy.net\\\/wp-content\\\/uploads\\\/2021\\\/09\\\/MOCKUP-TODOS-LUXONOMY.jpg?fit=1000%2C515&ssl=1\",\"contentUrl\":\"https:\\\/\\\/i2.wp.com\\\/luxonomy.net\\\/wp-content\\\/uploads\\\/2021\\\/09\\\/MOCKUP-TODOS-LUXONOMY.jpg?fit=1000%2C515&ssl=1\",\"width\":1000,\"height\":515,\"caption\":\"LUXONOMY\"},\"image\":{\"@id\":\"https:\\\/\\\/luxonomy.net\\\/es\\\/#\\\/schema\\\/logo\\\/image\\\/\"},\"sameAs\":[\"https:\\\/\\\/www.facebook.com\\\/luxonomy\",\"https:\\\/\\\/www.instagram.com\\\/luxonomy\\\/\",\"https:\\\/\\\/www.linkedin.com\\\/company\\\/luxonomy\\\/\"]},{\"@type\":\"Person\",\"@id\":\"https:\\\/\\\/luxonomy.net\\\/es\\\/#\\\/schema\\\/person\\\/aca186356f30a813f61bbf19ba52c031\",\"name\":\"Pablo Guti\u00e9rrez-Rav\u00e9 Villal\u00f3n\",\"image\":{\"@type\":\"ImageObject\",\"inLanguage\":\"es\",\"@id\":\"https:\\\/\\\/luxonomy.net\\\/wp-content\\\/litespeed\\\/avatar\\\/b80839bcd1d7840754b71e72cad801ce.jpg?ver=1788213692\",\"url\":\"https:\\\/\\\/luxonomy.net\\\/wp-content\\\/litespeed\\\/avatar\\\/b80839bcd1d7840754b71e72cad801ce.jpg?ver=1788213692\",\"contentUrl\":\"https:\\\/\\\/luxonomy.net\\\/wp-content\\\/litespeed\\\/avatar\\\/b80839bcd1d7840754b71e72cad801ce.jpg?ver=1788213692\",\"caption\":\"Pablo Guti\u00e9rrez-Rav\u00e9 Villal\u00f3n\"},\"description\":\"president LUXONOMY\u2122 Group\",\"sameAs\":[\"https:\\\/\\\/www.linkedin.com\\\/in\\\/pablogutierrezrave\\\/\"],\"url\":\"https:\\\/\\\/luxonomy.net\\\/es\\\/author\\\/pablo\\\/\"}]}<\/script>\n<!-- \/ Yoast SEO plugin. -->","yoast_head_json":{"title":"El punto de inflexi\u00f3n del lujo global (julio 2025): \u00bfca\u00edda c\u00edclica o cambio estructural? | LUXONOMY","robots":{"index":"index","follow":"follow","max-snippet":"max-snippet:-1","max-image-preview":"max-image-preview:large","max-video-preview":"max-video-preview:-1"},"canonical":"https:\/\/luxonomy.net\/es\/el-punto-de-inflexion-del-lujo-global-julio-2025-caida-ciclica-o-cambio-estructural\/","og_locale":"es_ES","og_type":"article","og_title":"El punto de inflexi\u00f3n del lujo global (julio 2025): \u00bfca\u00edda c\u00edclica o cambio estructural? | LUXONOMY","og_description":"El mes de julio de 2025 ha marcado un hito preocupante para la industria global del lujo. Los resultados financieros de conglomerados como LVMH han mostrado un estancamiento generalizado, especialmente en su divisi\u00f3n de moda y marroquiner\u00eda (\u22129\u202f% interanual), mientras que otras fuentes proyectan una contracci\u00f3n global de hasta un 5\u202f% para el cierre del&hellip;","og_url":"https:\/\/luxonomy.net\/es\/el-punto-de-inflexion-del-lujo-global-julio-2025-caida-ciclica-o-cambio-estructural\/","og_site_name":"LUXONOMY","article_publisher":"https:\/\/www.facebook.com\/luxonomy","article_published_time":"2025-07-28T10:38:13+00:00","article_modified_time":"2025-07-28T22:14:46+00:00","og_image":[{"width":800,"height":600,"url":"https:\/\/i0.wp.com\/luxonomy.net\/wp-content\/uploads\/2025\/07\/luxonomy.jpg?fit=800%2C600&quality=89&ssl=1","type":"image\/jpeg"}],"author":"Pablo Guti\u00e9rrez-Rav\u00e9 Villal\u00f3n","twitter_card":"summary_large_image","twitter_misc":{"Escrito por":"Pablo Guti\u00e9rrez-Rav\u00e9 Villal\u00f3n","Tiempo de lectura":"4 minutos"},"schema":{"@context":"https:\/\/schema.org","@graph":[{"@type":"Article","@id":"https:\/\/luxonomy.net\/es\/el-punto-de-inflexion-del-lujo-global-julio-2025-caida-ciclica-o-cambio-estructural\/#article","isPartOf":{"@id":"https:\/\/luxonomy.net\/es\/el-punto-de-inflexion-del-lujo-global-julio-2025-caida-ciclica-o-cambio-estructural\/"},"author":{"name":"Pablo Guti\u00e9rrez-Rav\u00e9 Villal\u00f3n","@id":"https:\/\/luxonomy.net\/es\/#\/schema\/person\/aca186356f30a813f61bbf19ba52c031"},"headline":"El punto de inflexi\u00f3n del lujo global (julio 2025): \u00bfca\u00edda c\u00edclica o cambio estructural?","datePublished":"2025-07-28T10:38:13+00:00","dateModified":"2025-07-28T22:14:46+00:00","mainEntityOfPage":{"@id":"https:\/\/luxonomy.net\/es\/el-punto-de-inflexion-del-lujo-global-julio-2025-caida-ciclica-o-cambio-estructural\/"},"wordCount":589,"commentCount":0,"publisher":{"@id":"https:\/\/luxonomy.net\/es\/#organization"},"image":{"@id":"https:\/\/luxonomy.net\/es\/el-punto-de-inflexion-del-lujo-global-julio-2025-caida-ciclica-o-cambio-estructural\/#primaryimage"},"thumbnailUrl":"https:\/\/i0.wp.com\/luxonomy.net\/wp-content\/uploads\/2025\/07\/luxonomy.jpg?fit=800%2C600&ssl=1","keywords":["econom\u00eda","suscriptores premium"],"articleSection":["Contenido privado","Econom\u00eda","Privado\ud83d\udd12"],"inLanguage":"es","potentialAction":[{"@type":"CommentAction","name":"Comment","target":["https:\/\/luxonomy.net\/es\/el-punto-de-inflexion-del-lujo-global-julio-2025-caida-ciclica-o-cambio-estructural\/#respond"]}]},{"@type":"WebPage","@id":"https:\/\/luxonomy.net\/es\/el-punto-de-inflexion-del-lujo-global-julio-2025-caida-ciclica-o-cambio-estructural\/","url":"https:\/\/luxonomy.net\/es\/el-punto-de-inflexion-del-lujo-global-julio-2025-caida-ciclica-o-cambio-estructural\/","name":"El punto de inflexi\u00f3n del lujo global (julio 2025): \u00bfca\u00edda c\u00edclica o cambio estructural? | LUXONOMY","isPartOf":{"@id":"https:\/\/luxonomy.net\/es\/#website"},"primaryImageOfPage":{"@id":"https:\/\/luxonomy.net\/es\/el-punto-de-inflexion-del-lujo-global-julio-2025-caida-ciclica-o-cambio-estructural\/#primaryimage"},"image":{"@id":"https:\/\/luxonomy.net\/es\/el-punto-de-inflexion-del-lujo-global-julio-2025-caida-ciclica-o-cambio-estructural\/#primaryimage"},"thumbnailUrl":"https:\/\/i0.wp.com\/luxonomy.net\/wp-content\/uploads\/2025\/07\/luxonomy.jpg?fit=800%2C600&ssl=1","datePublished":"2025-07-28T10:38:13+00:00","dateModified":"2025-07-28T22:14:46+00:00","breadcrumb":{"@id":"https:\/\/luxonomy.net\/es\/el-punto-de-inflexion-del-lujo-global-julio-2025-caida-ciclica-o-cambio-estructural\/#breadcrumb"},"inLanguage":"es","potentialAction":[{"@type":"ReadAction","target":["https:\/\/luxonomy.net\/es\/el-punto-de-inflexion-del-lujo-global-julio-2025-caida-ciclica-o-cambio-estructural\/"]}]},{"@type":"ImageObject","inLanguage":"es","@id":"https:\/\/luxonomy.net\/es\/el-punto-de-inflexion-del-lujo-global-julio-2025-caida-ciclica-o-cambio-estructural\/#primaryimage","url":"https:\/\/i0.wp.com\/luxonomy.net\/wp-content\/uploads\/2025\/07\/luxonomy.jpg?fit=800%2C600&ssl=1","contentUrl":"https:\/\/i0.wp.com\/luxonomy.net\/wp-content\/uploads\/2025\/07\/luxonomy.jpg?fit=800%2C600&ssl=1","width":800,"height":600},{"@type":"BreadcrumbList","@id":"https:\/\/luxonomy.net\/es\/el-punto-de-inflexion-del-lujo-global-julio-2025-caida-ciclica-o-cambio-estructural\/#breadcrumb","itemListElement":[{"@type":"ListItem","position":1,"name":"Portada","item":"https:\/\/luxonomy.net\/es\/"},{"@type":"ListItem","position":2,"name":"El punto de inflexi\u00f3n del lujo global (julio 2025): \u00bfca\u00edda c\u00edclica o cambio estructural?"}]},{"@type":"WebSite","@id":"https:\/\/luxonomy.net\/es\/#website","url":"https:\/\/luxonomy.net\/es\/","name":"LUXONOMY","description":"The Economy of Fashion &amp; Luxury","publisher":{"@id":"https:\/\/luxonomy.net\/es\/#organization"},"potentialAction":[{"@type":"SearchAction","target":{"@type":"EntryPoint","urlTemplate":"https:\/\/luxonomy.net\/es\/?s={search_term_string}"},"query-input":{"@type":"PropertyValueSpecification","valueRequired":true,"valueName":"search_term_string"}}],"inLanguage":"es"},{"@type":"Organization","@id":"https:\/\/luxonomy.net\/es\/#organization","name":"LUXONOMY","url":"https:\/\/luxonomy.net\/es\/","logo":{"@type":"ImageObject","inLanguage":"es","@id":"https:\/\/luxonomy.net\/es\/#\/schema\/logo\/image\/","url":"https:\/\/i2.wp.com\/luxonomy.net\/wp-content\/uploads\/2021\/09\/MOCKUP-TODOS-LUXONOMY.jpg?fit=1000%2C515&ssl=1","contentUrl":"https:\/\/i2.wp.com\/luxonomy.net\/wp-content\/uploads\/2021\/09\/MOCKUP-TODOS-LUXONOMY.jpg?fit=1000%2C515&ssl=1","width":1000,"height":515,"caption":"LUXONOMY"},"image":{"@id":"https:\/\/luxonomy.net\/es\/#\/schema\/logo\/image\/"},"sameAs":["https:\/\/www.facebook.com\/luxonomy","https:\/\/www.instagram.com\/luxonomy\/","https:\/\/www.linkedin.com\/company\/luxonomy\/"]},{"@type":"Person","@id":"https:\/\/luxonomy.net\/es\/#\/schema\/person\/aca186356f30a813f61bbf19ba52c031","name":"Pablo Guti\u00e9rrez-Rav\u00e9 Villal\u00f3n","image":{"@type":"ImageObject","inLanguage":"es","@id":"https:\/\/luxonomy.net\/wp-content\/litespeed\/avatar\/b80839bcd1d7840754b71e72cad801ce.jpg?ver=1788213692","url":"https:\/\/luxonomy.net\/wp-content\/litespeed\/avatar\/b80839bcd1d7840754b71e72cad801ce.jpg?ver=1788213692","contentUrl":"https:\/\/luxonomy.net\/wp-content\/litespeed\/avatar\/b80839bcd1d7840754b71e72cad801ce.jpg?ver=1788213692","caption":"Pablo Guti\u00e9rrez-Rav\u00e9 Villal\u00f3n"},"description":"president LUXONOMY\u2122 Group","sameAs":["https:\/\/www.linkedin.com\/in\/pablogutierrezrave\/"],"url":"https:\/\/luxonomy.net\/es\/author\/pablo\/"}]}},"jetpack_publicize_connections":[],"jetpack_shortlink":"https:\/\/wp.me\/paPhBa-hsi","jetpack_sharing_enabled":true,"jetpack_featured_media_url":"https:\/\/i0.wp.com\/luxonomy.net\/wp-content\/uploads\/2025\/07\/luxonomy.jpg?fit=800%2C600&ssl=1","_links":{"self":[{"href":"https:\/\/luxonomy.net\/es\/wp-json\/wp\/v2\/posts\/67102","targetHints":{"allow":["GET"]}}],"collection":[{"href":"https:\/\/luxonomy.net\/es\/wp-json\/wp\/v2\/posts"}],"about":[{"href":"https:\/\/luxonomy.net\/es\/wp-json\/wp\/v2\/types\/post"}],"author":[{"embeddable":true,"href":"https:\/\/luxonomy.net\/es\/wp-json\/wp\/v2\/users\/19"}],"replies":[{"embeddable":true,"href":"https:\/\/luxonomy.net\/es\/wp-json\/wp\/v2\/comments?post=67102"}],"version-history":[{"count":3,"href":"https:\/\/luxonomy.net\/es\/wp-json\/wp\/v2\/posts\/67102\/revisions"}],"predecessor-version":[{"id":67106,"href":"https:\/\/luxonomy.net\/es\/wp-json\/wp\/v2\/posts\/67102\/revisions\/67106"}],"wp:featuredmedia":[{"embeddable":true,"href":"https:\/\/luxonomy.net\/es\/wp-json\/wp\/v2\/media\/67009"}],"wp:attachment":[{"href":"https:\/\/luxonomy.net\/es\/wp-json\/wp\/v2\/media?parent=67102"}],"wp:term":[{"taxonomy":"category","embeddable":true,"href":"https:\/\/luxonomy.net\/es\/wp-json\/wp\/v2\/categories?post=67102"},{"taxonomy":"post_tag","embeddable":true,"href":"https:\/\/luxonomy.net\/es\/wp-json\/wp\/v2\/tags?post=67102"},{"taxonomy":"thb-sponsors","embeddable":true,"href":"https:\/\/luxonomy.net\/es\/wp-json\/wp\/v2\/thb-sponsors?post=67102"}],"curies":[{"name":"wp","href":"https:\/\/api.w.org\/{rel}","templated":true}]}}