{"id":66778,"date":"2025-07-18T07:38:00","date_gmt":"2025-07-18T05:38:00","guid":{"rendered":"https:\/\/luxonomy.net\/?p=66778"},"modified":"2025-07-17T22:56:56","modified_gmt":"2025-07-17T20:56:56","slug":"lvmh-metiers-dart-presenta-material-days-una-exposicion-inmersiva-en-la-main-showroom-de-paris","status":"publish","type":"post","link":"https:\/\/luxonomy.net\/es\/lvmh-metiers-dart-presenta-material-days-una-exposicion-inmersiva-en-la-main-showroom-de-paris\/","title":{"rendered":"LVMH M\u00e9tiers d&#8217;Art presenta &#8216;Material Days&#8217;, una exposici\u00f3n inmersiva en La Main Showroom de Par\u00eds"},"content":{"rendered":"\n<section data-slice-type=\"news_content\" data-slice-variation=\"default\">\n<div class=\"flex w-full max-w-full justify-center pt-14 md:pt-18 pb-14 md:pb-18 sm:container-layout-padding\">\n<div class=\"w-full  max-w-full  container-layout-padding lg:max-w-screen-lg pt-14 pb-18 md:py-36 bg-white md:px-0 mx-auto gridLayoutPadding lg:max-w-screen-lg\">\n<div class=\"col-span-full flex flex-col gap-14 last:mb-0 sm:col-start-2 sm:col-end-8 md:col-start-3 md:col-end-11\">\n<div class=\"flex flex-col gap-14 text-left\">\n<div>\n<p class=\"ds-markdown-paragraph\">LVMH M\u00e9tiers d&#8217;Art abri\u00f3 las puertas de su showroom de Par\u00eds los d\u00edas 8 y 9 de julio para \u2018Material Days\u2019, una invitaci\u00f3n exclusiva para experimentar la extraordinaria amplitud y profundidad de la artesan\u00eda que define LVMH M\u00e9tiers d\u2019Art.<\/p>\n<p class=\"ds-markdown-paragraph\">La exposici\u00f3n recibi\u00f3 a visitantes a trav\u00e9s de tres niveles para un viaje de descubrimiento de las materias primas extraordinarias y el\u00a0<em>know-how<\/em>\u00a0\u00fanico reunidos dentro de LVMH M\u00e9tiers d\u2019Art. Desde materias primas hasta productos terminados, la exposici\u00f3n muestra la excelencia artesanal y la innovaci\u00f3n en las Maisons asociadas de LVMH.<\/p>\n<p class=\"ds-markdown-paragraph\">Bajo el t\u00edtulo\u00a0<em>Craftsmanship Unveiled<\/em>\u00a0(Artesan\u00eda Revelada), la secci\u00f3n de la planta baja celebra la belleza de los materiales a trav\u00e9s de columnas adornadas con cueros raros junto a maniqu\u00edes que exhiben telas, metales y patrones intrincados. Esta inmersi\u00f3n inicial establece el escenario para el itinerario sensorial de la exposici\u00f3n.<\/p><div id=\"luxon-2421805565\" class=\"luxon-3er-parrafo luxon-entity-placement\" style=\"margin-top: 20px;margin-bottom: 20px;margin-left: auto;margin-right: auto;text-align: center;\"><a href=\"https:\/\/luxonomy.university\/course\/master-turismo-de-lujo\" target=\"_blank\" aria-label=\"master-turismo-lujo-2026-2027\"><img loading=\"lazy\" decoding=\"async\" src=\"https:\/\/i0.wp.com\/luxonomy.net\/wp-content\/uploads\/2020\/07\/master-turismo-lujo-2026-2027.jpg?fit=1672%2C941&#038;ssl=1\" alt=\"\"  srcset=\"https:\/\/i0.wp.com\/luxonomy.net\/wp-content\/uploads\/2020\/07\/master-turismo-lujo-2026-2027.jpg?w=1672&ssl=1 1672w, https:\/\/i0.wp.com\/luxonomy.net\/wp-content\/uploads\/2020\/07\/master-turismo-lujo-2026-2027.jpg?resize=300%2C169&ssl=1 300w, https:\/\/i0.wp.com\/luxonomy.net\/wp-content\/uploads\/2020\/07\/master-turismo-lujo-2026-2027.jpg?resize=1024%2C576&ssl=1 1024w, https:\/\/i0.wp.com\/luxonomy.net\/wp-content\/uploads\/2020\/07\/master-turismo-lujo-2026-2027.jpg?resize=768%2C432&ssl=1 768w, https:\/\/i0.wp.com\/luxonomy.net\/wp-content\/uploads\/2020\/07\/master-turismo-lujo-2026-2027.jpg?resize=1536%2C864&ssl=1 1536w, https:\/\/i0.wp.com\/luxonomy.net\/wp-content\/uploads\/2020\/07\/master-turismo-lujo-2026-2027.jpg?resize=370%2C208&ssl=1 370w, https:\/\/i0.wp.com\/luxonomy.net\/wp-content\/uploads\/2020\/07\/master-turismo-lujo-2026-2027.jpg?resize=800%2C450&ssl=1 800w, https:\/\/i0.wp.com\/luxonomy.net\/wp-content\/uploads\/2020\/07\/master-turismo-lujo-2026-2027.jpg?resize=20%2C11&ssl=1 20w, https:\/\/i0.wp.com\/luxonomy.net\/wp-content\/uploads\/2020\/07\/master-turismo-lujo-2026-2027.jpg?resize=740%2C416&ssl=1 740w, https:\/\/i0.wp.com\/luxonomy.net\/wp-content\/uploads\/2020\/07\/master-turismo-lujo-2026-2027.jpg?resize=1600%2C900&ssl=1 1600w, https:\/\/i0.wp.com\/luxonomy.net\/wp-content\/uploads\/2020\/07\/master-turismo-lujo-2026-2027.jpg?resize=1200%2C675&ssl=1 1200w, https:\/\/i0.wp.com\/luxonomy.net\/wp-content\/uploads\/2020\/07\/master-turismo-lujo-2026-2027.jpg?resize=85%2C48&ssl=1 85w\" sizes=\"(max-width: 1170px) 100vw, 1170px\" class=\"no-lazyload\" width=\"1672\" height=\"941\"   \/><\/a><\/div>\n<p class=\"ds-markdown-paragraph\">El nivel del s\u00f3tano presenta la\u00a0<em>Library of Materials<\/em>\u00a0(Biblioteca de Materiales), invitando a los visitantes a una &#8220;Galaxia de Oficios&#8221;. La biblioteca es un encuentro po\u00e9tico y t\u00e1ctil con los recursos naturales y materiales exquisitos empleados para elaborar piezas emblem\u00e1ticas en diferentes Maisons de LVMH.<\/p>\n<p class=\"ds-markdown-paragraph\">Coronando la exhibici\u00f3n bajo el ic\u00f3nico techo de vidrio dise\u00f1ado por Eiffel Studio, el piso\u00a0<em>Gilded Artisanship<\/em>\u00a0(Artesan\u00eda Dorada) muestra el espectro completo de materiales en una deslumbrante exhibici\u00f3n de virtuosismo t\u00e9cnico y creatividad.<\/p>\n<p class=\"ds-markdown-paragraph\">Dos instalaciones art\u00edsticas visibles desde la calle mejoran a\u00fan m\u00e1s la experiencia: una elaborada con piezas de cuero descartadas y recicladas, la otra compuesta por manos adornadas con joyas y materiales preciosos. Estas instalaciones destacan el esp\u00edritu innovador y el compromiso con la sostenibilidad que impulsan a LVMH M\u00e9tiers d\u2019Art.<\/p>\n<p class=\"ds-markdown-paragraph\">Durante su recorrido, los visitantes tambi\u00e9n encuentran una serie de impresionantes m\u00e1scaras africanas desarrolladas por la\u00a0<em>Jafuta Foundation<\/em>\u00a0en Zimbabue, socia del Grupo LVMH. Esta colaboraci\u00f3n cultural es emblem\u00e1tica del compromiso de LVMH de apoyar el desarrollo sostenible de los sistemas agr\u00edcolas locales.<\/p><div id=\"luxon-740562556\" class=\"luxon-7-parrafo luxon-entity-placement\" style=\"margin-top: 20px;margin-bottom: 20px;margin-left: auto;margin-right: auto;text-align: center;\"><a href=\"https:\/\/theintelligence.institute\/course\/inteligencia-artificial-para-directivos\" target=\"_blank\" aria-label=\"CSIAD_empresas_THEI_horizontal_4x3_v5\"><img loading=\"lazy\" decoding=\"async\" src=\"https:\/\/i0.wp.com\/luxonomy.net\/wp-content\/uploads\/2025\/08\/CSIAD_empresas_THEI_horizontal_4x3_v5.png?fit=2000%2C1500&#038;ssl=1\" alt=\"\"  srcset=\"https:\/\/i0.wp.com\/luxonomy.net\/wp-content\/uploads\/2025\/08\/CSIAD_empresas_THEI_horizontal_4x3_v5.png?w=2000&ssl=1 2000w, https:\/\/i0.wp.com\/luxonomy.net\/wp-content\/uploads\/2025\/08\/CSIAD_empresas_THEI_horizontal_4x3_v5.png?resize=300%2C225&ssl=1 300w, https:\/\/i0.wp.com\/luxonomy.net\/wp-content\/uploads\/2025\/08\/CSIAD_empresas_THEI_horizontal_4x3_v5.png?resize=1024%2C768&ssl=1 1024w, https:\/\/i0.wp.com\/luxonomy.net\/wp-content\/uploads\/2025\/08\/CSIAD_empresas_THEI_horizontal_4x3_v5.png?resize=768%2C576&ssl=1 768w, https:\/\/i0.wp.com\/luxonomy.net\/wp-content\/uploads\/2025\/08\/CSIAD_empresas_THEI_horizontal_4x3_v5.png?resize=1536%2C1152&ssl=1 1536w, https:\/\/i0.wp.com\/luxonomy.net\/wp-content\/uploads\/2025\/08\/CSIAD_empresas_THEI_horizontal_4x3_v5.png?resize=370%2C278&ssl=1 370w, https:\/\/i0.wp.com\/luxonomy.net\/wp-content\/uploads\/2025\/08\/CSIAD_empresas_THEI_horizontal_4x3_v5.png?resize=800%2C600&ssl=1 800w, https:\/\/i0.wp.com\/luxonomy.net\/wp-content\/uploads\/2025\/08\/CSIAD_empresas_THEI_horizontal_4x3_v5.png?resize=20%2C15&ssl=1 20w, https:\/\/i0.wp.com\/luxonomy.net\/wp-content\/uploads\/2025\/08\/CSIAD_empresas_THEI_horizontal_4x3_v5.png?resize=740%2C555&ssl=1 740w, https:\/\/i0.wp.com\/luxonomy.net\/wp-content\/uploads\/2025\/08\/CSIAD_empresas_THEI_horizontal_4x3_v5.png?resize=1600%2C1200&ssl=1 1600w, https:\/\/i0.wp.com\/luxonomy.net\/wp-content\/uploads\/2025\/08\/CSIAD_empresas_THEI_horizontal_4x3_v5.png?resize=1200%2C900&ssl=1 1200w, https:\/\/i0.wp.com\/luxonomy.net\/wp-content\/uploads\/2025\/08\/CSIAD_empresas_THEI_horizontal_4x3_v5.png?resize=64%2C48&ssl=1 64w\" sizes=\"(max-width: 1170px) 100vw, 1170px\" class=\"no-lazyload\" width=\"2000\" height=\"1500\"   \/><\/a><\/div>\n<p class=\"ds-markdown-paragraph\">\u2018Material Days\u2019 destaca a empresas clave bajo el paraguas de LVMH M\u00e9tiers d&#8217;Art, incluyendo las tener\u00edas Masoni y Roux, los especialistas en cueros ex\u00f3ticos Heng Long y Verdeveleno, los dise\u00f1adores de componentes met\u00e1licos Monde y Jade Groupe, los fabricantes de telas Kuroki y Hosoo, as\u00ed como la instalaci\u00f3n de fabricaci\u00f3n Robans.<\/p>\n<p class=\"ds-markdown-paragraph\">El evento reafirma el compromiso de larga data de LVMH de preservar y transmitir el excepcional\u00a0<em>savoir-faire<\/em>\u00a0que es una piedra angular del lujo que combina sostenibilidad y creatividad incomparable.<span style=\"font-size: revert;\"> \u00a0<\/span><\/p>\n<\/div>\n<\/div>\n<\/div>\n<\/div>\n<\/div>\n<\/section>\n","protected":false},"excerpt":{"rendered":"<p>LVMH M\u00e9tiers d&#8217;Art abri\u00f3 las puertas de su showroom de Par\u00eds los d\u00edas 8 y 9 de julio para \u2018Material Days\u2019, una invitaci\u00f3n exclusiva para experimentar la extraordinaria amplitud y profundidad de la artesan\u00eda que define LVMH M\u00e9tiers d\u2019Art. La exposici\u00f3n recibi\u00f3 a visitantes a trav\u00e9s de tres niveles para un viaje de descubrimiento de&hellip;<\/p>\n","protected":false},"author":10,"featured_media":66765,"comment_status":"open","ping_status":"open","sticky":false,"template":"","format":"gallery","meta":{"_jetpack_newsletter_access":"","_jetpack_dont_email_post_to_subs":false,"_jetpack_newsletter_tier_id":0,"_jetpack_memberships_contains_paywalled_content":false,"_jetpack_feature_clip_id":0,"_jetpack_memberships_contains_paid_content":false,"footnotes":"","jetpack_publicize_message":"","jetpack_publicize_feature_enabled":false,"jetpack_social_post_already_shared":true,"jetpack_social_options":{"image_generator_settings":{"template":"edge","default_image_id":0,"enabled":false,"token":"eyJpbWciOiJodHRwczpcL1wvbHV4b25vbXkubmV0XC93cC1jb250ZW50XC91cGxvYWRzXC8yMDI1XC8wN1wvQ2FwdHVyYS1kZS1wYW50YWxsYS0yMDI1LTA3LTE3LWEtbGFzLTIyLjM3LjMwLTEwMjR4NzY4LnBuZyIsInR4dCI6IkxWTUggTVx1MDBlOXRpZXJzIGQnQXJ0IHByZXNlbnRhICdNYXRlcmlhbCBEYXlzJywgdW5hIGV4cG9zaWNpXHUwMGYzbiBpbm1lcnNpdmEgZW4gTGEgTWFpbiBTaG93cm9vbSBkZSBQYXJcdTAwZWRzIiwidGVtcGxhdGUiOiJlZGdlIiwiYmxvZ19pZCI6MTU5OTg1NzQwfQ.kRDgWKUoqaZuQyEPNGH5SAz-7g3GagKPViU7VChaLDoMQ"},"version":2},"jetpack_post_was_ever_published":false},"categories":[227,534],"tags":[228,2129,6639,586],"thb-sponsors":[],"class_list":["post-66778","post","type-post","status-publish","format-gallery","has-post-thumbnail","hentry","category-eventos","category-moda","tag-eventos","tag-fashion-en-2","tag-lvmh-en-3","tag-moda","post_format-post-format-gallery"],"yoast_head":"<!-- This site is optimized with the Yoast SEO plugin v28.4 - https:\/\/yoast.com\/product\/yoast-seo-wordpress\/ -->\n<title>LVMH M\u00e9tiers d&#039;Art presenta &#039;Material Days&#039;, una exposici\u00f3n inmersiva en La Main Showroom de Par\u00eds | LUXONOMY<\/title>\n<meta name=\"robots\" content=\"index, follow, max-snippet:-1, max-image-preview:large, max-video-preview:-1\" \/>\n<link rel=\"canonical\" href=\"https:\/\/luxonomy.net\/es\/lvmh-metiers-dart-presenta-material-days-una-exposicion-inmersiva-en-la-main-showroom-de-paris\/\" \/>\n<meta property=\"og:locale\" content=\"es_ES\" \/>\n<meta property=\"og:type\" content=\"article\" \/>\n<meta property=\"og:title\" content=\"LVMH M\u00e9tiers d&#039;Art presenta &#039;Material Days&#039;, una exposici\u00f3n inmersiva en La Main Showroom de Par\u00eds | LUXONOMY\" \/>\n<meta property=\"og:description\" content=\"LVMH M\u00e9tiers d&#8217;Art abri\u00f3 las puertas de su showroom de Par\u00eds los d\u00edas 8 y 9 de julio para \u2018Material Days\u2019, una invitaci\u00f3n exclusiva para experimentar la extraordinaria amplitud y profundidad de la artesan\u00eda que define LVMH M\u00e9tiers d\u2019Art. La exposici\u00f3n recibi\u00f3 a visitantes a trav\u00e9s de tres niveles para un viaje de descubrimiento de&hellip;\" \/>\n<meta property=\"og:url\" content=\"https:\/\/luxonomy.net\/es\/lvmh-metiers-dart-presenta-material-days-una-exposicion-inmersiva-en-la-main-showroom-de-paris\/\" \/>\n<meta property=\"og:site_name\" content=\"LUXONOMY\" \/>\n<meta property=\"article:publisher\" content=\"https:\/\/www.facebook.com\/luxonomy\" \/>\n<meta property=\"article:published_time\" content=\"2025-07-18T05:38:00+00:00\" \/>\n<meta property=\"og:image\" content=\"https:\/\/luxonomy.net\/wp-content\/uploads\/2025\/07\/Captura-de-pantalla-2025-07-17-a-las-22.37.30-1024x768.png\" \/>\n\t<meta property=\"og:image:width\" content=\"1024\" \/>\n\t<meta property=\"og:image:height\" content=\"768\" \/>\n\t<meta property=\"og:image:type\" content=\"image\/png\" \/>\n<meta name=\"author\" content=\"Chiara Gabardi\" \/>\n<meta name=\"twitter:card\" content=\"summary_large_image\" \/>\n<meta name=\"twitter:label1\" content=\"Escrito por\" \/>\n\t<meta name=\"twitter:data1\" content=\"Chiara Gabardi\" \/>\n\t<meta name=\"twitter:label2\" content=\"Tiempo de lectura\" \/>\n\t<meta name=\"twitter:data2\" content=\"3 minutos\" \/>\n<script type=\"application\/ld+json\" class=\"yoast-schema-graph\">{\"@context\":\"https:\\\/\\\/schema.org\",\"@graph\":[{\"@type\":\"Article\",\"@id\":\"https:\\\/\\\/luxonomy.net\\\/es\\\/lvmh-metiers-dart-presenta-material-days-una-exposicion-inmersiva-en-la-main-showroom-de-paris\\\/#article\",\"isPartOf\":{\"@id\":\"https:\\\/\\\/luxonomy.net\\\/es\\\/lvmh-metiers-dart-presenta-material-days-una-exposicion-inmersiva-en-la-main-showroom-de-paris\\\/\"},\"author\":{\"name\":\"Chiara Gabardi\",\"@id\":\"https:\\\/\\\/luxonomy.net\\\/es\\\/#\\\/schema\\\/person\\\/e5c97cb37fd115728030c51e21c67d89\"},\"headline\":\"LVMH M\u00e9tiers d&#8217;Art presenta &#8216;Material Days&#8217;, una exposici\u00f3n inmersiva en La Main Showroom de Par\u00eds\",\"datePublished\":\"2025-07-18T05:38:00+00:00\",\"mainEntityOfPage\":{\"@id\":\"https:\\\/\\\/luxonomy.net\\\/es\\\/lvmh-metiers-dart-presenta-material-days-una-exposicion-inmersiva-en-la-main-showroom-de-paris\\\/\"},\"wordCount\":461,\"commentCount\":0,\"publisher\":{\"@id\":\"https:\\\/\\\/luxonomy.net\\\/es\\\/#organization\"},\"image\":{\"@id\":\"https:\\\/\\\/luxonomy.net\\\/es\\\/lvmh-metiers-dart-presenta-material-days-una-exposicion-inmersiva-en-la-main-showroom-de-paris\\\/#primaryimage\"},\"thumbnailUrl\":\"https:\\\/\\\/i0.wp.com\\\/luxonomy.net\\\/wp-content\\\/uploads\\\/2025\\\/07\\\/Captura-de-pantalla-2025-07-17-a-las-22.37.30.png?fit=1432%2C1074&ssl=1\",\"keywords\":[\"Eventos\",\"Fashion\",\"LVMH\",\"Moda\"],\"articleSection\":[\"Eventos\",\"Moda\"],\"inLanguage\":\"es\",\"potentialAction\":[{\"@type\":\"CommentAction\",\"name\":\"Comment\",\"target\":[\"https:\\\/\\\/luxonomy.net\\\/es\\\/lvmh-metiers-dart-presenta-material-days-una-exposicion-inmersiva-en-la-main-showroom-de-paris\\\/#respond\"]}]},{\"@type\":\"WebPage\",\"@id\":\"https:\\\/\\\/luxonomy.net\\\/es\\\/lvmh-metiers-dart-presenta-material-days-una-exposicion-inmersiva-en-la-main-showroom-de-paris\\\/\",\"url\":\"https:\\\/\\\/luxonomy.net\\\/es\\\/lvmh-metiers-dart-presenta-material-days-una-exposicion-inmersiva-en-la-main-showroom-de-paris\\\/\",\"name\":\"LVMH M\u00e9tiers d'Art presenta 'Material Days', una exposici\u00f3n inmersiva en La Main Showroom de Par\u00eds | LUXONOMY\",\"isPartOf\":{\"@id\":\"https:\\\/\\\/luxonomy.net\\\/es\\\/#website\"},\"primaryImageOfPage\":{\"@id\":\"https:\\\/\\\/luxonomy.net\\\/es\\\/lvmh-metiers-dart-presenta-material-days-una-exposicion-inmersiva-en-la-main-showroom-de-paris\\\/#primaryimage\"},\"image\":{\"@id\":\"https:\\\/\\\/luxonomy.net\\\/es\\\/lvmh-metiers-dart-presenta-material-days-una-exposicion-inmersiva-en-la-main-showroom-de-paris\\\/#primaryimage\"},\"thumbnailUrl\":\"https:\\\/\\\/i0.wp.com\\\/luxonomy.net\\\/wp-content\\\/uploads\\\/2025\\\/07\\\/Captura-de-pantalla-2025-07-17-a-las-22.37.30.png?fit=1432%2C1074&ssl=1\",\"datePublished\":\"2025-07-18T05:38:00+00:00\",\"breadcrumb\":{\"@id\":\"https:\\\/\\\/luxonomy.net\\\/es\\\/lvmh-metiers-dart-presenta-material-days-una-exposicion-inmersiva-en-la-main-showroom-de-paris\\\/#breadcrumb\"},\"inLanguage\":\"es\",\"potentialAction\":[{\"@type\":\"ReadAction\",\"target\":[\"https:\\\/\\\/luxonomy.net\\\/es\\\/lvmh-metiers-dart-presenta-material-days-una-exposicion-inmersiva-en-la-main-showroom-de-paris\\\/\"]}]},{\"@type\":\"ImageObject\",\"inLanguage\":\"es\",\"@id\":\"https:\\\/\\\/luxonomy.net\\\/es\\\/lvmh-metiers-dart-presenta-material-days-una-exposicion-inmersiva-en-la-main-showroom-de-paris\\\/#primaryimage\",\"url\":\"https:\\\/\\\/i0.wp.com\\\/luxonomy.net\\\/wp-content\\\/uploads\\\/2025\\\/07\\\/Captura-de-pantalla-2025-07-17-a-las-22.37.30.png?fit=1432%2C1074&ssl=1\",\"contentUrl\":\"https:\\\/\\\/i0.wp.com\\\/luxonomy.net\\\/wp-content\\\/uploads\\\/2025\\\/07\\\/Captura-de-pantalla-2025-07-17-a-las-22.37.30.png?fit=1432%2C1074&ssl=1\",\"width\":1432,\"height\":1074},{\"@type\":\"BreadcrumbList\",\"@id\":\"https:\\\/\\\/luxonomy.net\\\/es\\\/lvmh-metiers-dart-presenta-material-days-una-exposicion-inmersiva-en-la-main-showroom-de-paris\\\/#breadcrumb\",\"itemListElement\":[{\"@type\":\"ListItem\",\"position\":1,\"name\":\"Portada\",\"item\":\"https:\\\/\\\/luxonomy.net\\\/es\\\/\"},{\"@type\":\"ListItem\",\"position\":2,\"name\":\"LVMH M\u00e9tiers d&#8217;Art presenta &#8216;Material Days&#8217;, una exposici\u00f3n inmersiva en La Main Showroom de Par\u00eds\"}]},{\"@type\":\"WebSite\",\"@id\":\"https:\\\/\\\/luxonomy.net\\\/es\\\/#website\",\"url\":\"https:\\\/\\\/luxonomy.net\\\/es\\\/\",\"name\":\"LUXONOMY\",\"description\":\"The Economy of Fashion &amp; Luxury\",\"publisher\":{\"@id\":\"https:\\\/\\\/luxonomy.net\\\/es\\\/#organization\"},\"potentialAction\":[{\"@type\":\"SearchAction\",\"target\":{\"@type\":\"EntryPoint\",\"urlTemplate\":\"https:\\\/\\\/luxonomy.net\\\/es\\\/?s={search_term_string}\"},\"query-input\":{\"@type\":\"PropertyValueSpecification\",\"valueRequired\":true,\"valueName\":\"search_term_string\"}}],\"inLanguage\":\"es\"},{\"@type\":\"Organization\",\"@id\":\"https:\\\/\\\/luxonomy.net\\\/es\\\/#organization\",\"name\":\"LUXONOMY\",\"url\":\"https:\\\/\\\/luxonomy.net\\\/es\\\/\",\"logo\":{\"@type\":\"ImageObject\",\"inLanguage\":\"es\",\"@id\":\"https:\\\/\\\/luxonomy.net\\\/es\\\/#\\\/schema\\\/logo\\\/image\\\/\",\"url\":\"https:\\\/\\\/i2.wp.com\\\/luxonomy.net\\\/wp-content\\\/uploads\\\/2021\\\/09\\\/MOCKUP-TODOS-LUXONOMY.jpg?fit=1000%2C515&ssl=1\",\"contentUrl\":\"https:\\\/\\\/i2.wp.com\\\/luxonomy.net\\\/wp-content\\\/uploads\\\/2021\\\/09\\\/MOCKUP-TODOS-LUXONOMY.jpg?fit=1000%2C515&ssl=1\",\"width\":1000,\"height\":515,\"caption\":\"LUXONOMY\"},\"image\":{\"@id\":\"https:\\\/\\\/luxonomy.net\\\/es\\\/#\\\/schema\\\/logo\\\/image\\\/\"},\"sameAs\":[\"https:\\\/\\\/www.facebook.com\\\/luxonomy\",\"https:\\\/\\\/www.instagram.com\\\/luxonomy\\\/\",\"https:\\\/\\\/www.linkedin.com\\\/company\\\/luxonomy\\\/\"]},{\"@type\":\"Person\",\"@id\":\"https:\\\/\\\/luxonomy.net\\\/es\\\/#\\\/schema\\\/person\\\/e5c97cb37fd115728030c51e21c67d89\",\"name\":\"Chiara Gabardi\",\"image\":{\"@type\":\"ImageObject\",\"inLanguage\":\"es\",\"@id\":\"https:\\\/\\\/luxonomy.net\\\/wp-content\\\/litespeed\\\/avatar\\\/548640c4e2c34544e66c65ab1641a5d7.jpg?ver=1788581172\",\"url\":\"https:\\\/\\\/luxonomy.net\\\/wp-content\\\/litespeed\\\/avatar\\\/548640c4e2c34544e66c65ab1641a5d7.jpg?ver=1788581172\",\"contentUrl\":\"https:\\\/\\\/luxonomy.net\\\/wp-content\\\/litespeed\\\/avatar\\\/548640c4e2c34544e66c65ab1641a5d7.jpg?ver=1788581172\",\"caption\":\"Chiara Gabardi\"},\"description\":\"Editor at LUXONOMY\u2122 Group\",\"url\":\"https:\\\/\\\/luxonomy.net\\\/es\\\/author\\\/chiara-gabardi\\\/\"}]}<\/script>\n<!-- \/ Yoast SEO plugin. -->","yoast_head_json":{"title":"LVMH M\u00e9tiers d'Art presenta 'Material Days', una exposici\u00f3n inmersiva en La Main Showroom de Par\u00eds | LUXONOMY","robots":{"index":"index","follow":"follow","max-snippet":"max-snippet:-1","max-image-preview":"max-image-preview:large","max-video-preview":"max-video-preview:-1"},"canonical":"https:\/\/luxonomy.net\/es\/lvmh-metiers-dart-presenta-material-days-una-exposicion-inmersiva-en-la-main-showroom-de-paris\/","og_locale":"es_ES","og_type":"article","og_title":"LVMH M\u00e9tiers d'Art presenta 'Material Days', una exposici\u00f3n inmersiva en La Main Showroom de Par\u00eds | LUXONOMY","og_description":"LVMH M\u00e9tiers d&#8217;Art abri\u00f3 las puertas de su showroom de Par\u00eds los d\u00edas 8 y 9 de julio para \u2018Material Days\u2019, una invitaci\u00f3n exclusiva para experimentar la extraordinaria amplitud y profundidad de la artesan\u00eda que define LVMH M\u00e9tiers d\u2019Art. La exposici\u00f3n recibi\u00f3 a visitantes a trav\u00e9s de tres niveles para un viaje de descubrimiento de&hellip;","og_url":"https:\/\/luxonomy.net\/es\/lvmh-metiers-dart-presenta-material-days-una-exposicion-inmersiva-en-la-main-showroom-de-paris\/","og_site_name":"LUXONOMY","article_publisher":"https:\/\/www.facebook.com\/luxonomy","article_published_time":"2025-07-18T05:38:00+00:00","og_image":[{"width":1024,"height":768,"url":"https:\/\/luxonomy.net\/wp-content\/uploads\/2025\/07\/Captura-de-pantalla-2025-07-17-a-las-22.37.30-1024x768.png","type":"image\/png"}],"author":"Chiara Gabardi","twitter_card":"summary_large_image","twitter_misc":{"Escrito por":"Chiara Gabardi","Tiempo de lectura":"3 minutos"},"schema":{"@context":"https:\/\/schema.org","@graph":[{"@type":"Article","@id":"https:\/\/luxonomy.net\/es\/lvmh-metiers-dart-presenta-material-days-una-exposicion-inmersiva-en-la-main-showroom-de-paris\/#article","isPartOf":{"@id":"https:\/\/luxonomy.net\/es\/lvmh-metiers-dart-presenta-material-days-una-exposicion-inmersiva-en-la-main-showroom-de-paris\/"},"author":{"name":"Chiara Gabardi","@id":"https:\/\/luxonomy.net\/es\/#\/schema\/person\/e5c97cb37fd115728030c51e21c67d89"},"headline":"LVMH M\u00e9tiers d&#8217;Art presenta &#8216;Material Days&#8217;, una exposici\u00f3n inmersiva en La Main Showroom de Par\u00eds","datePublished":"2025-07-18T05:38:00+00:00","mainEntityOfPage":{"@id":"https:\/\/luxonomy.net\/es\/lvmh-metiers-dart-presenta-material-days-una-exposicion-inmersiva-en-la-main-showroom-de-paris\/"},"wordCount":461,"commentCount":0,"publisher":{"@id":"https:\/\/luxonomy.net\/es\/#organization"},"image":{"@id":"https:\/\/luxonomy.net\/es\/lvmh-metiers-dart-presenta-material-days-una-exposicion-inmersiva-en-la-main-showroom-de-paris\/#primaryimage"},"thumbnailUrl":"https:\/\/i0.wp.com\/luxonomy.net\/wp-content\/uploads\/2025\/07\/Captura-de-pantalla-2025-07-17-a-las-22.37.30.png?fit=1432%2C1074&ssl=1","keywords":["Eventos","Fashion","LVMH","Moda"],"articleSection":["Eventos","Moda"],"inLanguage":"es","potentialAction":[{"@type":"CommentAction","name":"Comment","target":["https:\/\/luxonomy.net\/es\/lvmh-metiers-dart-presenta-material-days-una-exposicion-inmersiva-en-la-main-showroom-de-paris\/#respond"]}]},{"@type":"WebPage","@id":"https:\/\/luxonomy.net\/es\/lvmh-metiers-dart-presenta-material-days-una-exposicion-inmersiva-en-la-main-showroom-de-paris\/","url":"https:\/\/luxonomy.net\/es\/lvmh-metiers-dart-presenta-material-days-una-exposicion-inmersiva-en-la-main-showroom-de-paris\/","name":"LVMH M\u00e9tiers d'Art presenta 'Material Days', una exposici\u00f3n inmersiva en La Main Showroom de Par\u00eds | LUXONOMY","isPartOf":{"@id":"https:\/\/luxonomy.net\/es\/#website"},"primaryImageOfPage":{"@id":"https:\/\/luxonomy.net\/es\/lvmh-metiers-dart-presenta-material-days-una-exposicion-inmersiva-en-la-main-showroom-de-paris\/#primaryimage"},"image":{"@id":"https:\/\/luxonomy.net\/es\/lvmh-metiers-dart-presenta-material-days-una-exposicion-inmersiva-en-la-main-showroom-de-paris\/#primaryimage"},"thumbnailUrl":"https:\/\/i0.wp.com\/luxonomy.net\/wp-content\/uploads\/2025\/07\/Captura-de-pantalla-2025-07-17-a-las-22.37.30.png?fit=1432%2C1074&ssl=1","datePublished":"2025-07-18T05:38:00+00:00","breadcrumb":{"@id":"https:\/\/luxonomy.net\/es\/lvmh-metiers-dart-presenta-material-days-una-exposicion-inmersiva-en-la-main-showroom-de-paris\/#breadcrumb"},"inLanguage":"es","potentialAction":[{"@type":"ReadAction","target":["https:\/\/luxonomy.net\/es\/lvmh-metiers-dart-presenta-material-days-una-exposicion-inmersiva-en-la-main-showroom-de-paris\/"]}]},{"@type":"ImageObject","inLanguage":"es","@id":"https:\/\/luxonomy.net\/es\/lvmh-metiers-dart-presenta-material-days-una-exposicion-inmersiva-en-la-main-showroom-de-paris\/#primaryimage","url":"https:\/\/i0.wp.com\/luxonomy.net\/wp-content\/uploads\/2025\/07\/Captura-de-pantalla-2025-07-17-a-las-22.37.30.png?fit=1432%2C1074&ssl=1","contentUrl":"https:\/\/i0.wp.com\/luxonomy.net\/wp-content\/uploads\/2025\/07\/Captura-de-pantalla-2025-07-17-a-las-22.37.30.png?fit=1432%2C1074&ssl=1","width":1432,"height":1074},{"@type":"BreadcrumbList","@id":"https:\/\/luxonomy.net\/es\/lvmh-metiers-dart-presenta-material-days-una-exposicion-inmersiva-en-la-main-showroom-de-paris\/#breadcrumb","itemListElement":[{"@type":"ListItem","position":1,"name":"Portada","item":"https:\/\/luxonomy.net\/es\/"},{"@type":"ListItem","position":2,"name":"LVMH M\u00e9tiers d&#8217;Art presenta &#8216;Material Days&#8217;, una exposici\u00f3n inmersiva en La Main Showroom de Par\u00eds"}]},{"@type":"WebSite","@id":"https:\/\/luxonomy.net\/es\/#website","url":"https:\/\/luxonomy.net\/es\/","name":"LUXONOMY","description":"The Economy of Fashion &amp; Luxury","publisher":{"@id":"https:\/\/luxonomy.net\/es\/#organization"},"potentialAction":[{"@type":"SearchAction","target":{"@type":"EntryPoint","urlTemplate":"https:\/\/luxonomy.net\/es\/?s={search_term_string}"},"query-input":{"@type":"PropertyValueSpecification","valueRequired":true,"valueName":"search_term_string"}}],"inLanguage":"es"},{"@type":"Organization","@id":"https:\/\/luxonomy.net\/es\/#organization","name":"LUXONOMY","url":"https:\/\/luxonomy.net\/es\/","logo":{"@type":"ImageObject","inLanguage":"es","@id":"https:\/\/luxonomy.net\/es\/#\/schema\/logo\/image\/","url":"https:\/\/i2.wp.com\/luxonomy.net\/wp-content\/uploads\/2021\/09\/MOCKUP-TODOS-LUXONOMY.jpg?fit=1000%2C515&ssl=1","contentUrl":"https:\/\/i2.wp.com\/luxonomy.net\/wp-content\/uploads\/2021\/09\/MOCKUP-TODOS-LUXONOMY.jpg?fit=1000%2C515&ssl=1","width":1000,"height":515,"caption":"LUXONOMY"},"image":{"@id":"https:\/\/luxonomy.net\/es\/#\/schema\/logo\/image\/"},"sameAs":["https:\/\/www.facebook.com\/luxonomy","https:\/\/www.instagram.com\/luxonomy\/","https:\/\/www.linkedin.com\/company\/luxonomy\/"]},{"@type":"Person","@id":"https:\/\/luxonomy.net\/es\/#\/schema\/person\/e5c97cb37fd115728030c51e21c67d89","name":"Chiara Gabardi","image":{"@type":"ImageObject","inLanguage":"es","@id":"https:\/\/luxonomy.net\/wp-content\/litespeed\/avatar\/548640c4e2c34544e66c65ab1641a5d7.jpg?ver=1788581172","url":"https:\/\/luxonomy.net\/wp-content\/litespeed\/avatar\/548640c4e2c34544e66c65ab1641a5d7.jpg?ver=1788581172","contentUrl":"https:\/\/luxonomy.net\/wp-content\/litespeed\/avatar\/548640c4e2c34544e66c65ab1641a5d7.jpg?ver=1788581172","caption":"Chiara Gabardi"},"description":"Editor at LUXONOMY\u2122 Group","url":"https:\/\/luxonomy.net\/es\/author\/chiara-gabardi\/"}]}},"jetpack_publicize_connections":[],"jetpack_shortlink":"https:\/\/wp.me\/paPhBa-hn4","jetpack_sharing_enabled":true,"jetpack_featured_media_url":"https:\/\/i0.wp.com\/luxonomy.net\/wp-content\/uploads\/2025\/07\/Captura-de-pantalla-2025-07-17-a-las-22.37.30.png?fit=1432%2C1074&ssl=1","_links":{"self":[{"href":"https:\/\/luxonomy.net\/es\/wp-json\/wp\/v2\/posts\/66778","targetHints":{"allow":["GET"]}}],"collection":[{"href":"https:\/\/luxonomy.net\/es\/wp-json\/wp\/v2\/posts"}],"about":[{"href":"https:\/\/luxonomy.net\/es\/wp-json\/wp\/v2\/types\/post"}],"author":[{"embeddable":true,"href":"https:\/\/luxonomy.net\/es\/wp-json\/wp\/v2\/users\/10"}],"replies":[{"embeddable":true,"href":"https:\/\/luxonomy.net\/es\/wp-json\/wp\/v2\/comments?post=66778"}],"version-history":[{"count":3,"href":"https:\/\/luxonomy.net\/es\/wp-json\/wp\/v2\/posts\/66778\/revisions"}],"predecessor-version":[{"id":66782,"href":"https:\/\/luxonomy.net\/es\/wp-json\/wp\/v2\/posts\/66778\/revisions\/66782"}],"wp:featuredmedia":[{"embeddable":true,"href":"https:\/\/luxonomy.net\/es\/wp-json\/wp\/v2\/media\/66765"}],"wp:attachment":[{"href":"https:\/\/luxonomy.net\/es\/wp-json\/wp\/v2\/media?parent=66778"}],"wp:term":[{"taxonomy":"category","embeddable":true,"href":"https:\/\/luxonomy.net\/es\/wp-json\/wp\/v2\/categories?post=66778"},{"taxonomy":"post_tag","embeddable":true,"href":"https:\/\/luxonomy.net\/es\/wp-json\/wp\/v2\/tags?post=66778"},{"taxonomy":"thb-sponsors","embeddable":true,"href":"https:\/\/luxonomy.net\/es\/wp-json\/wp\/v2\/thb-sponsors?post=66778"}],"curies":[{"name":"wp","href":"https:\/\/api.w.org\/{rel}","templated":true}]}}