{"id":66621,"date":"2025-07-14T07:48:00","date_gmt":"2025-07-14T05:48:00","guid":{"rendered":"https:\/\/luxonomy.net\/?p=66621"},"modified":"2025-07-13T16:20:22","modified_gmt":"2025-07-13T14:20:22","slug":"womendior-y-unesco-celebran-cinco-anos-de-compromiso","status":"publish","type":"post","link":"https:\/\/luxonomy.net\/es\/womendior-y-unesco-celebran-cinco-anos-de-compromiso\/","title":{"rendered":"Women@Dior y UNESCO celebran cinco a\u00f1os de compromiso"},"content":{"rendered":"\n<p class=\"wp-block-paragraph\">Dior y la UNESCO celebraron la quinta edici\u00f3n de la Conferencia Global Women@Dior &amp; UNESCO el 3 de julio de 2025 en la sede de la organizaci\u00f3n en Par\u00eds.<\/p>\n\n\n\n<p class=\"wp-block-paragraph\">Este evento excepcional marca un hito significativo en una asociaci\u00f3n visionaria nacida de una convicci\u00f3n compartida: que la educaci\u00f3n y la hermandad son los pilares para empoderar a las j\u00f3venes de todo el mundo.<\/p>\n\n\n\n<p class=\"wp-block-paragraph\">En el coraz\u00f3n del programa se encuentran la mentor\u00eda, el intercambio de conocimientos y habilidades, y la capacitaci\u00f3n, defendida por figuras inspiradoras de Dior, del grupo LVMH y de la UNESCO, as\u00ed como de los mundos del arte, los negocios y el deporte. Las Mentees \u2014j\u00f3venes talentos femeninos apoyados por Women@Dior\u2014 compartieron sus trayectorias junto a sus Mentores, personificando la fuerza del colectivo y el poder transformador de la solidaridad.<\/p><div id=\"luxon-788624228\" class=\"luxon-3er-parrafo luxon-entity-placement\" style=\"margin-top: 20px;margin-bottom: 20px;margin-left: auto;margin-right: auto;text-align: center;\"><a href=\"https:\/\/luxonomy.university\/course\/master-turismo-de-lujo\" target=\"_blank\" aria-label=\"master-turismo-lujo-2026-2027\"><img loading=\"lazy\" decoding=\"async\" src=\"https:\/\/i0.wp.com\/luxonomy.net\/wp-content\/uploads\/2020\/07\/master-turismo-lujo-2026-2027.jpg?fit=1672%2C941&#038;ssl=1\" alt=\"\"  srcset=\"https:\/\/i0.wp.com\/luxonomy.net\/wp-content\/uploads\/2020\/07\/master-turismo-lujo-2026-2027.jpg?w=1672&ssl=1 1672w, https:\/\/i0.wp.com\/luxonomy.net\/wp-content\/uploads\/2020\/07\/master-turismo-lujo-2026-2027.jpg?resize=300%2C169&ssl=1 300w, https:\/\/i0.wp.com\/luxonomy.net\/wp-content\/uploads\/2020\/07\/master-turismo-lujo-2026-2027.jpg?resize=1024%2C576&ssl=1 1024w, https:\/\/i0.wp.com\/luxonomy.net\/wp-content\/uploads\/2020\/07\/master-turismo-lujo-2026-2027.jpg?resize=768%2C432&ssl=1 768w, https:\/\/i0.wp.com\/luxonomy.net\/wp-content\/uploads\/2020\/07\/master-turismo-lujo-2026-2027.jpg?resize=1536%2C864&ssl=1 1536w, https:\/\/i0.wp.com\/luxonomy.net\/wp-content\/uploads\/2020\/07\/master-turismo-lujo-2026-2027.jpg?resize=370%2C208&ssl=1 370w, https:\/\/i0.wp.com\/luxonomy.net\/wp-content\/uploads\/2020\/07\/master-turismo-lujo-2026-2027.jpg?resize=800%2C450&ssl=1 800w, https:\/\/i0.wp.com\/luxonomy.net\/wp-content\/uploads\/2020\/07\/master-turismo-lujo-2026-2027.jpg?resize=20%2C11&ssl=1 20w, https:\/\/i0.wp.com\/luxonomy.net\/wp-content\/uploads\/2020\/07\/master-turismo-lujo-2026-2027.jpg?resize=740%2C416&ssl=1 740w, https:\/\/i0.wp.com\/luxonomy.net\/wp-content\/uploads\/2020\/07\/master-turismo-lujo-2026-2027.jpg?resize=1600%2C900&ssl=1 1600w, https:\/\/i0.wp.com\/luxonomy.net\/wp-content\/uploads\/2020\/07\/master-turismo-lujo-2026-2027.jpg?resize=1200%2C675&ssl=1 1200w, https:\/\/i0.wp.com\/luxonomy.net\/wp-content\/uploads\/2020\/07\/master-turismo-lujo-2026-2027.jpg?resize=85%2C48&ssl=1 85w\" sizes=\"(max-width: 1170px) 100vw, 1170px\" class=\"no-lazyload\" width=\"1672\" height=\"941\"   \/><\/a><\/div>\n\n\n\n<p class=\"wp-block-paragraph\">La conferencia se inaugur\u00f3 con palabras inspiradoras de Audrey Azoulay, Directora General de la UNESCO; Delphine Arnault, Presidenta y Consejera Delegada de Christian Dior Couture, y miembro de la Junta Directiva de LVMH y del Comit\u00e9 Ejecutivo; y Olivier Sastre, Director General Adjunto a cargo de Recursos Humanos y Desarrollo Sostenible de Christian Dior Couture. Juntos, enfatizaron la urgente necesidad de preparar a las nuevas generaciones para los desaf\u00edos de un mundo en cambio.<\/p>\n\n\n\n<p class=\"wp-block-paragraph\">Maud Alvarez-Pereyre, Directora de Recursos Humanos del Grupo LVMH y miembro del Comit\u00e9 Ejecutivo de LVMH, y Stefania Giannini, Directora Asistente General de Educaci\u00f3n en la UNESCO, destacaron la importancia de la educaci\u00f3n como un medio para el empoderamiento de las mujeres y la responsabilidad de las instituciones y empresas de construir un futuro m\u00e1s equitativo, deseable y sostenible al preparar a los j\u00f3venes para las realidades del mundo profesional de ma\u00f1ana.<\/p>\n\n\n\n<p class=\"wp-block-paragraph\">Los invitados inspiradores tambi\u00e9n incluyeron a Zahia Ziouani, Directora Musical y Art\u00edstica de la orquesta sinf\u00f3nica Divertimento \u2013 quien dirigi\u00f3 la ceremonia de clausura de los Juegos Ol\u00edmpicos de Par\u00eds 2024 \u2013 y a la cineasta Zuriel Oduwole, la nominada m\u00e1s joven al Premio Nobel de la Paz, quien defiende la importancia del empoderamiento femenino. Tamu McPherson, Creativa de Moda, comparti\u00f3 sus pensamientos sobre los problemas de identidad, mientras que Domitille Kiger, campeona mundial de paracaidismo y cofundadora de zerOGravity, habl\u00f3 sobre su trayectoria y logros como emprendedora.<\/p>\n\n\n\n<p class=\"wp-block-paragraph\">Un aspecto destacado de esta edici\u00f3n fue la presentaci\u00f3n de los proyectos &#8220;So\u00f1ar para Cambiar&#8221;, liderados por cinco equipos internacionales de Mentees, que ilustran el impacto tangible del programa en las comunidades locales. Por primera vez, dos iniciativas fueron seleccionadas por votaci\u00f3n p\u00fablica, subrayando la naturaleza inclusiva del evento.<\/p><div id=\"luxon-2937130704\" class=\"luxon-7-parrafo luxon-entity-placement\" style=\"margin-top: 20px;margin-bottom: 20px;margin-left: auto;margin-right: auto;text-align: center;\"><a href=\"https:\/\/theintelligence.institute\/course\/inteligencia-artificial-para-directivos\" target=\"_blank\" aria-label=\"CSIAD_empresas_THEI_horizontal_4x3_v5\"><img loading=\"lazy\" decoding=\"async\" src=\"https:\/\/i0.wp.com\/luxonomy.net\/wp-content\/uploads\/2025\/08\/CSIAD_empresas_THEI_horizontal_4x3_v5.png?fit=2000%2C1500&#038;ssl=1\" alt=\"\"  srcset=\"https:\/\/i0.wp.com\/luxonomy.net\/wp-content\/uploads\/2025\/08\/CSIAD_empresas_THEI_horizontal_4x3_v5.png?w=2000&ssl=1 2000w, https:\/\/i0.wp.com\/luxonomy.net\/wp-content\/uploads\/2025\/08\/CSIAD_empresas_THEI_horizontal_4x3_v5.png?resize=300%2C225&ssl=1 300w, https:\/\/i0.wp.com\/luxonomy.net\/wp-content\/uploads\/2025\/08\/CSIAD_empresas_THEI_horizontal_4x3_v5.png?resize=1024%2C768&ssl=1 1024w, https:\/\/i0.wp.com\/luxonomy.net\/wp-content\/uploads\/2025\/08\/CSIAD_empresas_THEI_horizontal_4x3_v5.png?resize=768%2C576&ssl=1 768w, https:\/\/i0.wp.com\/luxonomy.net\/wp-content\/uploads\/2025\/08\/CSIAD_empresas_THEI_horizontal_4x3_v5.png?resize=1536%2C1152&ssl=1 1536w, https:\/\/i0.wp.com\/luxonomy.net\/wp-content\/uploads\/2025\/08\/CSIAD_empresas_THEI_horizontal_4x3_v5.png?resize=370%2C278&ssl=1 370w, https:\/\/i0.wp.com\/luxonomy.net\/wp-content\/uploads\/2025\/08\/CSIAD_empresas_THEI_horizontal_4x3_v5.png?resize=800%2C600&ssl=1 800w, https:\/\/i0.wp.com\/luxonomy.net\/wp-content\/uploads\/2025\/08\/CSIAD_empresas_THEI_horizontal_4x3_v5.png?resize=20%2C15&ssl=1 20w, https:\/\/i0.wp.com\/luxonomy.net\/wp-content\/uploads\/2025\/08\/CSIAD_empresas_THEI_horizontal_4x3_v5.png?resize=740%2C555&ssl=1 740w, https:\/\/i0.wp.com\/luxonomy.net\/wp-content\/uploads\/2025\/08\/CSIAD_empresas_THEI_horizontal_4x3_v5.png?resize=1600%2C1200&ssl=1 1600w, https:\/\/i0.wp.com\/luxonomy.net\/wp-content\/uploads\/2025\/08\/CSIAD_empresas_THEI_horizontal_4x3_v5.png?resize=1200%2C900&ssl=1 1200w, https:\/\/i0.wp.com\/luxonomy.net\/wp-content\/uploads\/2025\/08\/CSIAD_empresas_THEI_horizontal_4x3_v5.png?resize=64%2C48&ssl=1 64w\" sizes=\"(max-width: 1170px) 100vw, 1170px\" class=\"no-lazyload\" width=\"2000\" height=\"1500\"   \/><\/a><\/div>\n\n\n\n<p class=\"wp-block-paragraph\">A trav\u00e9s de esta iniciativa comprometida, Dior y UNESCO reafirman su determinaci\u00f3n compartida de construir un futuro m\u00e1s equitativo, un futuro donde cada joven pueda convertirse en un agente de cambio.<\/p>\n","protected":false},"excerpt":{"rendered":"<p>Dior y la UNESCO celebraron la quinta edici\u00f3n de la Conferencia Global Women@Dior &#038; UNESCO el 3 de julio de 2025 en la sede de la organizaci\u00f3n en Par\u00eds.<\/p>\n","protected":false},"author":11,"featured_media":66619,"comment_status":"open","ping_status":"open","sticky":false,"template":"","format":"standard","meta":{"_jetpack_newsletter_access":"","_jetpack_dont_email_post_to_subs":false,"_jetpack_newsletter_tier_id":0,"_jetpack_memberships_contains_paywalled_content":false,"_jetpack_feature_clip_id":0,"_jetpack_memberships_contains_paid_content":false,"footnotes":"","jetpack_publicize_message":"","jetpack_publicize_feature_enabled":false,"jetpack_social_post_already_shared":true,"jetpack_social_options":{"image_generator_settings":{"template":"edge","default_image_id":0,"enabled":false,"token":"eyJpbWciOiJodHRwczpcL1wvbHV4b25vbXkubmV0XC93cC1jb250ZW50XC91cGxvYWRzXC8yMDI1XC8wN1wvQ2FwdHVyYS1kZS1wYW50YWxsYS0yMDI1LTA3LTEzLWEtbGFzLTE1LjQ5LjI5LTEwMjR4Njc2LnBuZyIsInR4dCI6IldvbWVuQERpb3IgeSBVTkVTQ08gY2VsZWJyYW4gY2luY28gYVx1MDBmMW9zIGRlIGNvbXByb21pc28iLCJ0ZW1wbGF0ZSI6ImVkZ2UiLCJibG9nX2lkIjoxNTk5ODU3NDB9.DKE4mulO6BQF6pdFeKP7MziJ0GWZvAN3aiO_4lIK2O4MQ"},"version":2},"jetpack_post_was_ever_published":false},"categories":[227],"tags":[699,2128,1068],"thb-sponsors":[],"class_list":["post-66621","post","type-post","status-publish","format-standard","has-post-thumbnail","hentry","category-eventos","tag-dior","tag-events-2","tag-unesco"],"yoast_head":"<!-- This site is optimized with the Yoast SEO plugin v28.4 - https:\/\/yoast.com\/product\/yoast-seo-wordpress\/ -->\n<title>Women@Dior y UNESCO celebran cinco a\u00f1os de compromiso | LUXONOMY<\/title>\n<meta name=\"robots\" content=\"index, follow, max-snippet:-1, max-image-preview:large, max-video-preview:-1\" \/>\n<link rel=\"canonical\" href=\"https:\/\/luxonomy.net\/es\/womendior-y-unesco-celebran-cinco-anos-de-compromiso\/\" \/>\n<meta property=\"og:locale\" content=\"es_ES\" \/>\n<meta property=\"og:type\" content=\"article\" \/>\n<meta property=\"og:title\" content=\"Women@Dior y UNESCO celebran cinco a\u00f1os de compromiso | LUXONOMY\" \/>\n<meta property=\"og:description\" content=\"Dior y la UNESCO celebraron la quinta edici\u00f3n de la Conferencia Global Women@Dior &amp; UNESCO el 3 de julio de 2025 en la sede de la organizaci\u00f3n en Par\u00eds.\" \/>\n<meta property=\"og:url\" content=\"https:\/\/luxonomy.net\/es\/womendior-y-unesco-celebran-cinco-anos-de-compromiso\/\" \/>\n<meta property=\"og:site_name\" content=\"LUXONOMY\" \/>\n<meta property=\"article:publisher\" content=\"https:\/\/www.facebook.com\/luxonomy\" \/>\n<meta property=\"article:published_time\" content=\"2025-07-14T05:48:00+00:00\" \/>\n<meta property=\"og:image\" content=\"https:\/\/i0.wp.com\/luxonomy.net\/wp-content\/uploads\/2025\/07\/Captura-de-pantalla-2025-07-13-a-las-15.49.29.png?fit=1436%2C948&quality=80&ssl=1\" \/>\n\t<meta property=\"og:image:width\" content=\"1436\" \/>\n\t<meta property=\"og:image:height\" content=\"948\" \/>\n\t<meta property=\"og:image:type\" content=\"image\/png\" \/>\n<meta name=\"author\" content=\"Kristi Ellis\" \/>\n<meta name=\"twitter:card\" content=\"summary_large_image\" \/>\n<meta name=\"twitter:label1\" content=\"Escrito por\" \/>\n\t<meta name=\"twitter:data1\" content=\"Kristi Ellis\" \/>\n\t<meta name=\"twitter:label2\" content=\"Tiempo de lectura\" \/>\n\t<meta name=\"twitter:data2\" content=\"3 minutos\" \/>\n<script type=\"application\/ld+json\" class=\"yoast-schema-graph\">{\"@context\":\"https:\\\/\\\/schema.org\",\"@graph\":[{\"@type\":\"Article\",\"@id\":\"https:\\\/\\\/luxonomy.net\\\/es\\\/womendior-y-unesco-celebran-cinco-anos-de-compromiso\\\/#article\",\"isPartOf\":{\"@id\":\"https:\\\/\\\/luxonomy.net\\\/es\\\/womendior-y-unesco-celebran-cinco-anos-de-compromiso\\\/\"},\"author\":{\"name\":\"Kristi Ellis\",\"@id\":\"https:\\\/\\\/luxonomy.net\\\/es\\\/#\\\/schema\\\/person\\\/7e8a0cc9e3ca46c68cc1062d894c7019\"},\"headline\":\"Women@Dior y UNESCO celebran cinco a\u00f1os de compromiso\",\"datePublished\":\"2025-07-14T05:48:00+00:00\",\"mainEntityOfPage\":{\"@id\":\"https:\\\/\\\/luxonomy.net\\\/es\\\/womendior-y-unesco-celebran-cinco-anos-de-compromiso\\\/\"},\"wordCount\":485,\"commentCount\":0,\"publisher\":{\"@id\":\"https:\\\/\\\/luxonomy.net\\\/es\\\/#organization\"},\"image\":{\"@id\":\"https:\\\/\\\/luxonomy.net\\\/es\\\/womendior-y-unesco-celebran-cinco-anos-de-compromiso\\\/#primaryimage\"},\"thumbnailUrl\":\"https:\\\/\\\/i0.wp.com\\\/luxonomy.net\\\/wp-content\\\/uploads\\\/2025\\\/07\\\/Captura-de-pantalla-2025-07-13-a-las-15.49.29.png?fit=1436%2C948&ssl=1\",\"keywords\":[\"Dior\",\"events\",\"Unesco\"],\"articleSection\":[\"Eventos\"],\"inLanguage\":\"es\",\"potentialAction\":[{\"@type\":\"CommentAction\",\"name\":\"Comment\",\"target\":[\"https:\\\/\\\/luxonomy.net\\\/es\\\/womendior-y-unesco-celebran-cinco-anos-de-compromiso\\\/#respond\"]}]},{\"@type\":\"WebPage\",\"@id\":\"https:\\\/\\\/luxonomy.net\\\/es\\\/womendior-y-unesco-celebran-cinco-anos-de-compromiso\\\/\",\"url\":\"https:\\\/\\\/luxonomy.net\\\/es\\\/womendior-y-unesco-celebran-cinco-anos-de-compromiso\\\/\",\"name\":\"Women@Dior y UNESCO celebran cinco a\u00f1os de compromiso | LUXONOMY\",\"isPartOf\":{\"@id\":\"https:\\\/\\\/luxonomy.net\\\/es\\\/#website\"},\"primaryImageOfPage\":{\"@id\":\"https:\\\/\\\/luxonomy.net\\\/es\\\/womendior-y-unesco-celebran-cinco-anos-de-compromiso\\\/#primaryimage\"},\"image\":{\"@id\":\"https:\\\/\\\/luxonomy.net\\\/es\\\/womendior-y-unesco-celebran-cinco-anos-de-compromiso\\\/#primaryimage\"},\"thumbnailUrl\":\"https:\\\/\\\/i0.wp.com\\\/luxonomy.net\\\/wp-content\\\/uploads\\\/2025\\\/07\\\/Captura-de-pantalla-2025-07-13-a-las-15.49.29.png?fit=1436%2C948&ssl=1\",\"datePublished\":\"2025-07-14T05:48:00+00:00\",\"breadcrumb\":{\"@id\":\"https:\\\/\\\/luxonomy.net\\\/es\\\/womendior-y-unesco-celebran-cinco-anos-de-compromiso\\\/#breadcrumb\"},\"inLanguage\":\"es\",\"potentialAction\":[{\"@type\":\"ReadAction\",\"target\":[\"https:\\\/\\\/luxonomy.net\\\/es\\\/womendior-y-unesco-celebran-cinco-anos-de-compromiso\\\/\"]}]},{\"@type\":\"ImageObject\",\"inLanguage\":\"es\",\"@id\":\"https:\\\/\\\/luxonomy.net\\\/es\\\/womendior-y-unesco-celebran-cinco-anos-de-compromiso\\\/#primaryimage\",\"url\":\"https:\\\/\\\/i0.wp.com\\\/luxonomy.net\\\/wp-content\\\/uploads\\\/2025\\\/07\\\/Captura-de-pantalla-2025-07-13-a-las-15.49.29.png?fit=1436%2C948&ssl=1\",\"contentUrl\":\"https:\\\/\\\/i0.wp.com\\\/luxonomy.net\\\/wp-content\\\/uploads\\\/2025\\\/07\\\/Captura-de-pantalla-2025-07-13-a-las-15.49.29.png?fit=1436%2C948&ssl=1\",\"width\":1436,\"height\":948},{\"@type\":\"BreadcrumbList\",\"@id\":\"https:\\\/\\\/luxonomy.net\\\/es\\\/womendior-y-unesco-celebran-cinco-anos-de-compromiso\\\/#breadcrumb\",\"itemListElement\":[{\"@type\":\"ListItem\",\"position\":1,\"name\":\"Portada\",\"item\":\"https:\\\/\\\/luxonomy.net\\\/es\\\/\"},{\"@type\":\"ListItem\",\"position\":2,\"name\":\"Women@Dior y UNESCO celebran cinco a\u00f1os de compromiso\"}]},{\"@type\":\"WebSite\",\"@id\":\"https:\\\/\\\/luxonomy.net\\\/es\\\/#website\",\"url\":\"https:\\\/\\\/luxonomy.net\\\/es\\\/\",\"name\":\"LUXONOMY\",\"description\":\"The Economy of Fashion &amp; Luxury\",\"publisher\":{\"@id\":\"https:\\\/\\\/luxonomy.net\\\/es\\\/#organization\"},\"potentialAction\":[{\"@type\":\"SearchAction\",\"target\":{\"@type\":\"EntryPoint\",\"urlTemplate\":\"https:\\\/\\\/luxonomy.net\\\/es\\\/?s={search_term_string}\"},\"query-input\":{\"@type\":\"PropertyValueSpecification\",\"valueRequired\":true,\"valueName\":\"search_term_string\"}}],\"inLanguage\":\"es\"},{\"@type\":\"Organization\",\"@id\":\"https:\\\/\\\/luxonomy.net\\\/es\\\/#organization\",\"name\":\"LUXONOMY\",\"url\":\"https:\\\/\\\/luxonomy.net\\\/es\\\/\",\"logo\":{\"@type\":\"ImageObject\",\"inLanguage\":\"es\",\"@id\":\"https:\\\/\\\/luxonomy.net\\\/es\\\/#\\\/schema\\\/logo\\\/image\\\/\",\"url\":\"https:\\\/\\\/i2.wp.com\\\/luxonomy.net\\\/wp-content\\\/uploads\\\/2021\\\/09\\\/MOCKUP-TODOS-LUXONOMY.jpg?fit=1000%2C515&ssl=1\",\"contentUrl\":\"https:\\\/\\\/i2.wp.com\\\/luxonomy.net\\\/wp-content\\\/uploads\\\/2021\\\/09\\\/MOCKUP-TODOS-LUXONOMY.jpg?fit=1000%2C515&ssl=1\",\"width\":1000,\"height\":515,\"caption\":\"LUXONOMY\"},\"image\":{\"@id\":\"https:\\\/\\\/luxonomy.net\\\/es\\\/#\\\/schema\\\/logo\\\/image\\\/\"},\"sameAs\":[\"https:\\\/\\\/www.facebook.com\\\/luxonomy\",\"https:\\\/\\\/www.instagram.com\\\/luxonomy\\\/\",\"https:\\\/\\\/www.linkedin.com\\\/company\\\/luxonomy\\\/\"]},{\"@type\":\"Person\",\"@id\":\"https:\\\/\\\/luxonomy.net\\\/es\\\/#\\\/schema\\\/person\\\/7e8a0cc9e3ca46c68cc1062d894c7019\",\"name\":\"Kristi Ellis\",\"image\":{\"@type\":\"ImageObject\",\"inLanguage\":\"es\",\"@id\":\"https:\\\/\\\/luxonomy.net\\\/wp-content\\\/litespeed\\\/avatar\\\/ae0c58256b980352bba3c97a8f9abe32.jpg?ver=1788580188\",\"url\":\"https:\\\/\\\/luxonomy.net\\\/wp-content\\\/litespeed\\\/avatar\\\/ae0c58256b980352bba3c97a8f9abe32.jpg?ver=1788580188\",\"contentUrl\":\"https:\\\/\\\/luxonomy.net\\\/wp-content\\\/litespeed\\\/avatar\\\/ae0c58256b980352bba3c97a8f9abe32.jpg?ver=1788580188\",\"caption\":\"Kristi Ellis\"},\"url\":\"https:\\\/\\\/luxonomy.net\\\/es\\\/author\\\/kristi-ellis\\\/\"}]}<\/script>\n<!-- \/ Yoast SEO plugin. -->","yoast_head_json":{"title":"Women@Dior y UNESCO celebran cinco a\u00f1os de compromiso | LUXONOMY","robots":{"index":"index","follow":"follow","max-snippet":"max-snippet:-1","max-image-preview":"max-image-preview:large","max-video-preview":"max-video-preview:-1"},"canonical":"https:\/\/luxonomy.net\/es\/womendior-y-unesco-celebran-cinco-anos-de-compromiso\/","og_locale":"es_ES","og_type":"article","og_title":"Women@Dior y UNESCO celebran cinco a\u00f1os de compromiso | LUXONOMY","og_description":"Dior y la UNESCO celebraron la quinta edici\u00f3n de la Conferencia Global Women@Dior & UNESCO el 3 de julio de 2025 en la sede de la organizaci\u00f3n en Par\u00eds.","og_url":"https:\/\/luxonomy.net\/es\/womendior-y-unesco-celebran-cinco-anos-de-compromiso\/","og_site_name":"LUXONOMY","article_publisher":"https:\/\/www.facebook.com\/luxonomy","article_published_time":"2025-07-14T05:48:00+00:00","og_image":[{"width":1436,"height":948,"url":"https:\/\/i0.wp.com\/luxonomy.net\/wp-content\/uploads\/2025\/07\/Captura-de-pantalla-2025-07-13-a-las-15.49.29.png?fit=1436%2C948&quality=80&ssl=1","type":"image\/png"}],"author":"Kristi Ellis","twitter_card":"summary_large_image","twitter_misc":{"Escrito por":"Kristi Ellis","Tiempo de lectura":"3 minutos"},"schema":{"@context":"https:\/\/schema.org","@graph":[{"@type":"Article","@id":"https:\/\/luxonomy.net\/es\/womendior-y-unesco-celebran-cinco-anos-de-compromiso\/#article","isPartOf":{"@id":"https:\/\/luxonomy.net\/es\/womendior-y-unesco-celebran-cinco-anos-de-compromiso\/"},"author":{"name":"Kristi Ellis","@id":"https:\/\/luxonomy.net\/es\/#\/schema\/person\/7e8a0cc9e3ca46c68cc1062d894c7019"},"headline":"Women@Dior y UNESCO celebran cinco a\u00f1os de compromiso","datePublished":"2025-07-14T05:48:00+00:00","mainEntityOfPage":{"@id":"https:\/\/luxonomy.net\/es\/womendior-y-unesco-celebran-cinco-anos-de-compromiso\/"},"wordCount":485,"commentCount":0,"publisher":{"@id":"https:\/\/luxonomy.net\/es\/#organization"},"image":{"@id":"https:\/\/luxonomy.net\/es\/womendior-y-unesco-celebran-cinco-anos-de-compromiso\/#primaryimage"},"thumbnailUrl":"https:\/\/i0.wp.com\/luxonomy.net\/wp-content\/uploads\/2025\/07\/Captura-de-pantalla-2025-07-13-a-las-15.49.29.png?fit=1436%2C948&ssl=1","keywords":["Dior","events","Unesco"],"articleSection":["Eventos"],"inLanguage":"es","potentialAction":[{"@type":"CommentAction","name":"Comment","target":["https:\/\/luxonomy.net\/es\/womendior-y-unesco-celebran-cinco-anos-de-compromiso\/#respond"]}]},{"@type":"WebPage","@id":"https:\/\/luxonomy.net\/es\/womendior-y-unesco-celebran-cinco-anos-de-compromiso\/","url":"https:\/\/luxonomy.net\/es\/womendior-y-unesco-celebran-cinco-anos-de-compromiso\/","name":"Women@Dior y UNESCO celebran cinco a\u00f1os de compromiso | LUXONOMY","isPartOf":{"@id":"https:\/\/luxonomy.net\/es\/#website"},"primaryImageOfPage":{"@id":"https:\/\/luxonomy.net\/es\/womendior-y-unesco-celebran-cinco-anos-de-compromiso\/#primaryimage"},"image":{"@id":"https:\/\/luxonomy.net\/es\/womendior-y-unesco-celebran-cinco-anos-de-compromiso\/#primaryimage"},"thumbnailUrl":"https:\/\/i0.wp.com\/luxonomy.net\/wp-content\/uploads\/2025\/07\/Captura-de-pantalla-2025-07-13-a-las-15.49.29.png?fit=1436%2C948&ssl=1","datePublished":"2025-07-14T05:48:00+00:00","breadcrumb":{"@id":"https:\/\/luxonomy.net\/es\/womendior-y-unesco-celebran-cinco-anos-de-compromiso\/#breadcrumb"},"inLanguage":"es","potentialAction":[{"@type":"ReadAction","target":["https:\/\/luxonomy.net\/es\/womendior-y-unesco-celebran-cinco-anos-de-compromiso\/"]}]},{"@type":"ImageObject","inLanguage":"es","@id":"https:\/\/luxonomy.net\/es\/womendior-y-unesco-celebran-cinco-anos-de-compromiso\/#primaryimage","url":"https:\/\/i0.wp.com\/luxonomy.net\/wp-content\/uploads\/2025\/07\/Captura-de-pantalla-2025-07-13-a-las-15.49.29.png?fit=1436%2C948&ssl=1","contentUrl":"https:\/\/i0.wp.com\/luxonomy.net\/wp-content\/uploads\/2025\/07\/Captura-de-pantalla-2025-07-13-a-las-15.49.29.png?fit=1436%2C948&ssl=1","width":1436,"height":948},{"@type":"BreadcrumbList","@id":"https:\/\/luxonomy.net\/es\/womendior-y-unesco-celebran-cinco-anos-de-compromiso\/#breadcrumb","itemListElement":[{"@type":"ListItem","position":1,"name":"Portada","item":"https:\/\/luxonomy.net\/es\/"},{"@type":"ListItem","position":2,"name":"Women@Dior y UNESCO celebran cinco a\u00f1os de compromiso"}]},{"@type":"WebSite","@id":"https:\/\/luxonomy.net\/es\/#website","url":"https:\/\/luxonomy.net\/es\/","name":"LUXONOMY","description":"The Economy of Fashion &amp; Luxury","publisher":{"@id":"https:\/\/luxonomy.net\/es\/#organization"},"potentialAction":[{"@type":"SearchAction","target":{"@type":"EntryPoint","urlTemplate":"https:\/\/luxonomy.net\/es\/?s={search_term_string}"},"query-input":{"@type":"PropertyValueSpecification","valueRequired":true,"valueName":"search_term_string"}}],"inLanguage":"es"},{"@type":"Organization","@id":"https:\/\/luxonomy.net\/es\/#organization","name":"LUXONOMY","url":"https:\/\/luxonomy.net\/es\/","logo":{"@type":"ImageObject","inLanguage":"es","@id":"https:\/\/luxonomy.net\/es\/#\/schema\/logo\/image\/","url":"https:\/\/i2.wp.com\/luxonomy.net\/wp-content\/uploads\/2021\/09\/MOCKUP-TODOS-LUXONOMY.jpg?fit=1000%2C515&ssl=1","contentUrl":"https:\/\/i2.wp.com\/luxonomy.net\/wp-content\/uploads\/2021\/09\/MOCKUP-TODOS-LUXONOMY.jpg?fit=1000%2C515&ssl=1","width":1000,"height":515,"caption":"LUXONOMY"},"image":{"@id":"https:\/\/luxonomy.net\/es\/#\/schema\/logo\/image\/"},"sameAs":["https:\/\/www.facebook.com\/luxonomy","https:\/\/www.instagram.com\/luxonomy\/","https:\/\/www.linkedin.com\/company\/luxonomy\/"]},{"@type":"Person","@id":"https:\/\/luxonomy.net\/es\/#\/schema\/person\/7e8a0cc9e3ca46c68cc1062d894c7019","name":"Kristi Ellis","image":{"@type":"ImageObject","inLanguage":"es","@id":"https:\/\/luxonomy.net\/wp-content\/litespeed\/avatar\/ae0c58256b980352bba3c97a8f9abe32.jpg?ver=1788580188","url":"https:\/\/luxonomy.net\/wp-content\/litespeed\/avatar\/ae0c58256b980352bba3c97a8f9abe32.jpg?ver=1788580188","contentUrl":"https:\/\/luxonomy.net\/wp-content\/litespeed\/avatar\/ae0c58256b980352bba3c97a8f9abe32.jpg?ver=1788580188","caption":"Kristi Ellis"},"url":"https:\/\/luxonomy.net\/es\/author\/kristi-ellis\/"}]}},"jetpack_publicize_connections":[],"jetpack_shortlink":"https:\/\/wp.me\/paPhBa-hkx","jetpack_sharing_enabled":true,"jetpack_featured_media_url":"https:\/\/i0.wp.com\/luxonomy.net\/wp-content\/uploads\/2025\/07\/Captura-de-pantalla-2025-07-13-a-las-15.49.29.png?fit=1436%2C948&ssl=1","_links":{"self":[{"href":"https:\/\/luxonomy.net\/es\/wp-json\/wp\/v2\/posts\/66621","targetHints":{"allow":["GET"]}}],"collection":[{"href":"https:\/\/luxonomy.net\/es\/wp-json\/wp\/v2\/posts"}],"about":[{"href":"https:\/\/luxonomy.net\/es\/wp-json\/wp\/v2\/types\/post"}],"author":[{"embeddable":true,"href":"https:\/\/luxonomy.net\/es\/wp-json\/wp\/v2\/users\/11"}],"replies":[{"embeddable":true,"href":"https:\/\/luxonomy.net\/es\/wp-json\/wp\/v2\/comments?post=66621"}],"version-history":[{"count":1,"href":"https:\/\/luxonomy.net\/es\/wp-json\/wp\/v2\/posts\/66621\/revisions"}],"predecessor-version":[{"id":66622,"href":"https:\/\/luxonomy.net\/es\/wp-json\/wp\/v2\/posts\/66621\/revisions\/66622"}],"wp:featuredmedia":[{"embeddable":true,"href":"https:\/\/luxonomy.net\/es\/wp-json\/wp\/v2\/media\/66619"}],"wp:attachment":[{"href":"https:\/\/luxonomy.net\/es\/wp-json\/wp\/v2\/media?parent=66621"}],"wp:term":[{"taxonomy":"category","embeddable":true,"href":"https:\/\/luxonomy.net\/es\/wp-json\/wp\/v2\/categories?post=66621"},{"taxonomy":"post_tag","embeddable":true,"href":"https:\/\/luxonomy.net\/es\/wp-json\/wp\/v2\/tags?post=66621"},{"taxonomy":"thb-sponsors","embeddable":true,"href":"https:\/\/luxonomy.net\/es\/wp-json\/wp\/v2\/thb-sponsors?post=66621"}],"curies":[{"name":"wp","href":"https:\/\/api.w.org\/{rel}","templated":true}]}}