{"id":66613,"date":"2025-07-11T13:54:30","date_gmt":"2025-07-11T11:54:30","guid":{"rendered":"https:\/\/luxonomy.net\/?p=66613"},"modified":"2025-07-11T14:03:50","modified_gmt":"2025-07-11T12:03:50","slug":"encanto-parisino-y-sensualidad-para-la-coleccion-patou-primavera-verano-2026","status":"publish","type":"post","link":"https:\/\/luxonomy.net\/es\/encanto-parisino-y-sensualidad-para-la-coleccion-patou-primavera-verano-2026\/","title":{"rendered":"Encanto parisino y sensualidad para la colecci\u00f3n Patou Primavera-Verano 2026"},"content":{"rendered":"\n<section data-slice-type=\"news_content\" data-slice-variation=\"default\">\n<div class=\"flex w-full max-w-full justify-center pt-14 md:pt-18 pb-14 md:pb-18 sm:container-layout-padding\">\n<div class=\"w-full  max-w-full  container-layout-padding lg:max-w-screen-lg pt-14 pb-18 md:py-36 bg-white md:px-0 mx-auto gridLayoutPadding lg:max-w-screen-lg\">\n<div class=\"col-span-full flex flex-col gap-14 last:mb-0 sm:col-start-2 sm:col-end-8 md:col-start-3 md:col-end-11\">\n<div class=\"flex flex-col gap-14 text-left\">\n<div>\n<p class=\"heading3 typo-body-xl group\">En homenaje a la legendaria fragancia Joy de Jean Patou, la nueva colecci\u00f3n de Guillaume Henry celebra el arte de la alegr\u00eda.<\/p>\n<\/div>\n<div>\n<p class=\"paragraph typo-body-l group pb-5 font-normal sm:font-light\">Inaugurada con un peque\u00f1o vestido negro, la paleta crom\u00e1tica acoge amarillo p\u00e1lido, blancos suaves, estampados florales y rosa l\u00fadico. Lunares y rayas se unen a la fiesta en un guardarropa imbuido de alto brillo y contrastes intensos. Los tacones espejo cortan el calor estival, destellando bajo la luz tanto de d\u00eda como de noche. El flou gr\u00e1fico dialoga con l\u00edneas estructuradas y tejidos plisados. La luz solar queda atrapada en tafetanes y encajes delicados. Joyer\u00eda plateada casca levemente desde el cuello.\u00a0<\/p>\n<p class=\"paragraph typo-body-l group pb-5 font-normal sm:font-light\">Tops y bustiers descubren hombros con una sensualidad veraniega acentuada por faldas y vestidos cortos. Con las manos en sus bolsillos de parche y el nuevo bolso Patou N\u0153ud en el brazo, las mujeres Patou abrazan la estaci\u00f3n estival.\u00a0\u00a0<\/p><div id=\"luxon-2496416376\" class=\"luxon-3er-parrafo luxon-entity-placement\" style=\"margin-top: 20px;margin-bottom: 20px;margin-left: auto;margin-right: auto;text-align: center;\"><a href=\"https:\/\/luxonomy.university\/course\/master-turismo-de-lujo\" target=\"_blank\" aria-label=\"master-turismo-lujo-2026-2027\"><img loading=\"lazy\" decoding=\"async\" src=\"https:\/\/i0.wp.com\/luxonomy.net\/wp-content\/uploads\/2020\/07\/master-turismo-lujo-2026-2027.jpg?fit=1672%2C941&#038;ssl=1\" alt=\"\"  srcset=\"https:\/\/i0.wp.com\/luxonomy.net\/wp-content\/uploads\/2020\/07\/master-turismo-lujo-2026-2027.jpg?w=1672&ssl=1 1672w, https:\/\/i0.wp.com\/luxonomy.net\/wp-content\/uploads\/2020\/07\/master-turismo-lujo-2026-2027.jpg?resize=300%2C169&ssl=1 300w, https:\/\/i0.wp.com\/luxonomy.net\/wp-content\/uploads\/2020\/07\/master-turismo-lujo-2026-2027.jpg?resize=1024%2C576&ssl=1 1024w, https:\/\/i0.wp.com\/luxonomy.net\/wp-content\/uploads\/2020\/07\/master-turismo-lujo-2026-2027.jpg?resize=768%2C432&ssl=1 768w, https:\/\/i0.wp.com\/luxonomy.net\/wp-content\/uploads\/2020\/07\/master-turismo-lujo-2026-2027.jpg?resize=1536%2C864&ssl=1 1536w, https:\/\/i0.wp.com\/luxonomy.net\/wp-content\/uploads\/2020\/07\/master-turismo-lujo-2026-2027.jpg?resize=370%2C208&ssl=1 370w, https:\/\/i0.wp.com\/luxonomy.net\/wp-content\/uploads\/2020\/07\/master-turismo-lujo-2026-2027.jpg?resize=800%2C450&ssl=1 800w, https:\/\/i0.wp.com\/luxonomy.net\/wp-content\/uploads\/2020\/07\/master-turismo-lujo-2026-2027.jpg?resize=20%2C11&ssl=1 20w, https:\/\/i0.wp.com\/luxonomy.net\/wp-content\/uploads\/2020\/07\/master-turismo-lujo-2026-2027.jpg?resize=740%2C416&ssl=1 740w, https:\/\/i0.wp.com\/luxonomy.net\/wp-content\/uploads\/2020\/07\/master-turismo-lujo-2026-2027.jpg?resize=1600%2C900&ssl=1 1600w, https:\/\/i0.wp.com\/luxonomy.net\/wp-content\/uploads\/2020\/07\/master-turismo-lujo-2026-2027.jpg?resize=1200%2C675&ssl=1 1200w, https:\/\/i0.wp.com\/luxonomy.net\/wp-content\/uploads\/2020\/07\/master-turismo-lujo-2026-2027.jpg?resize=85%2C48&ssl=1 85w\" sizes=\"(max-width: 1170px) 100vw, 1170px\" class=\"no-lazyload\" width=\"1672\" height=\"941\"   \/><\/a><\/div>\n<\/div>\n<\/div>\n<\/div>\n<\/div>\n<\/div>\n<\/section>\n","protected":false},"excerpt":{"rendered":"<p>En homenaje a la legendaria fragancia Joy de Jean Patou, la nueva colecci\u00f3n de Guillaume Henry celebra el arte de la alegr\u00eda. Inaugurada con un peque\u00f1o vestido negro, la paleta crom\u00e1tica acoge amarillo p\u00e1lido, blancos suaves, estampados florales y rosa l\u00fadico. Lunares y rayas se unen a la fiesta en un guardarropa imbuido de alto&hellip;<\/p>\n","protected":false},"author":10,"featured_media":66597,"comment_status":"open","ping_status":"open","sticky":false,"template":"","format":"gallery","meta":{"_jetpack_newsletter_access":"","_jetpack_dont_email_post_to_subs":false,"_jetpack_newsletter_tier_id":0,"_jetpack_memberships_contains_paywalled_content":false,"_jetpack_feature_clip_id":0,"_jetpack_memberships_contains_paid_content":false,"footnotes":"","jetpack_publicize_message":"","jetpack_publicize_feature_enabled":false,"jetpack_social_post_already_shared":false,"jetpack_social_options":{"image_generator_settings":{"template":"edge","default_image_id":0,"enabled":false,"token":"eyJpbWciOiJodHRwczpcL1wvbHV4b25vbXkubmV0XC93cC1jb250ZW50XC91cGxvYWRzXC8yMDI1XC8wN1wvYUctQndFTXFOSlFxSHZ3SF9QQVRPVTE2LTlJbWFnZS0xMDI0eDU3Ni5hdmlmIiwidHh0IjoiRW5jYW50byBwYXJpc2lubyB5IHNlbnN1YWxpZGFkIHBhcmEgbGEgY29sZWNjaVx1MDBmM24gUGF0b3UgUHJpbWF2ZXJhLVZlcmFubyAyMDI2IiwidGVtcGxhdGUiOiJlZGdlIiwiYmxvZ19pZCI6MTU5OTg1NzQwfQ.d3-VJQrSQslZqmGDlDvxHpGIaFdyohh94MSeN-Cue2wMQ"},"version":2},"jetpack_post_was_ever_published":false},"categories":[534],"tags":[586,2156],"thb-sponsors":[],"class_list":["post-66613","post","type-post","status-publish","format-gallery","has-post-thumbnail","hentry","category-moda","tag-moda","tag-patou-2","post_format-post-format-gallery"],"yoast_head":"<!-- This site is optimized with the Yoast SEO plugin v28.4 - https:\/\/yoast.com\/product\/yoast-seo-wordpress\/ -->\n<title>Encanto parisino y sensualidad para la colecci\u00f3n Patou Primavera-Verano 2026 | LUXONOMY<\/title>\n<meta name=\"robots\" content=\"index, follow, max-snippet:-1, max-image-preview:large, max-video-preview:-1\" \/>\n<link rel=\"canonical\" href=\"https:\/\/luxonomy.net\/es\/encanto-parisino-y-sensualidad-para-la-coleccion-patou-primavera-verano-2026\/\" \/>\n<meta property=\"og:locale\" content=\"es_ES\" \/>\n<meta property=\"og:type\" content=\"article\" \/>\n<meta property=\"og:title\" content=\"Encanto parisino y sensualidad para la colecci\u00f3n Patou Primavera-Verano 2026 | LUXONOMY\" \/>\n<meta property=\"og:description\" content=\"En homenaje a la legendaria fragancia Joy de Jean Patou, la nueva colecci\u00f3n de Guillaume Henry celebra el arte de la alegr\u00eda. Inaugurada con un peque\u00f1o vestido negro, la paleta crom\u00e1tica acoge amarillo p\u00e1lido, blancos suaves, estampados florales y rosa l\u00fadico. Lunares y rayas se unen a la fiesta en un guardarropa imbuido de alto&hellip;\" \/>\n<meta property=\"og:url\" content=\"https:\/\/luxonomy.net\/es\/encanto-parisino-y-sensualidad-para-la-coleccion-patou-primavera-verano-2026\/\" \/>\n<meta property=\"og:site_name\" content=\"LUXONOMY\" \/>\n<meta property=\"article:publisher\" content=\"https:\/\/www.facebook.com\/luxonomy\" \/>\n<meta property=\"article:published_time\" content=\"2025-07-11T11:54:30+00:00\" \/>\n<meta property=\"article:modified_time\" content=\"2025-07-11T12:03:50+00:00\" \/>\n<meta name=\"author\" content=\"Chiara Gabardi\" \/>\n<meta name=\"twitter:card\" content=\"summary_large_image\" \/>\n<meta name=\"twitter:label1\" content=\"Escrito por\" \/>\n\t<meta name=\"twitter:data1\" content=\"Chiara Gabardi\" \/>\n\t<meta name=\"twitter:label2\" content=\"Tiempo de lectura\" \/>\n\t<meta name=\"twitter:data2\" content=\"1 minuto\" \/>\n<script type=\"application\/ld+json\" class=\"yoast-schema-graph\">{\"@context\":\"https:\\\/\\\/schema.org\",\"@graph\":[{\"@type\":\"Article\",\"@id\":\"https:\\\/\\\/luxonomy.net\\\/es\\\/encanto-parisino-y-sensualidad-para-la-coleccion-patou-primavera-verano-2026\\\/#article\",\"isPartOf\":{\"@id\":\"https:\\\/\\\/luxonomy.net\\\/es\\\/encanto-parisino-y-sensualidad-para-la-coleccion-patou-primavera-verano-2026\\\/\"},\"author\":{\"name\":\"Chiara Gabardi\",\"@id\":\"https:\\\/\\\/luxonomy.net\\\/es\\\/#\\\/schema\\\/person\\\/e5c97cb37fd115728030c51e21c67d89\"},\"headline\":\"Encanto parisino y sensualidad para la colecci\u00f3n Patou Primavera-Verano 2026\",\"datePublished\":\"2025-07-11T11:54:30+00:00\",\"dateModified\":\"2025-07-11T12:03:50+00:00\",\"mainEntityOfPage\":{\"@id\":\"https:\\\/\\\/luxonomy.net\\\/es\\\/encanto-parisino-y-sensualidad-para-la-coleccion-patou-primavera-verano-2026\\\/\"},\"wordCount\":164,\"commentCount\":0,\"publisher\":{\"@id\":\"https:\\\/\\\/luxonomy.net\\\/es\\\/#organization\"},\"image\":{\"@id\":\"https:\\\/\\\/luxonomy.net\\\/es\\\/encanto-parisino-y-sensualidad-para-la-coleccion-patou-primavera-verano-2026\\\/#primaryimage\"},\"thumbnailUrl\":\"https:\\\/\\\/luxonomy.net\\\/wp-content\\\/uploads\\\/2025\\\/07\\\/aG-BwEMqNJQqHvwH_PATOU16-9Image.avif\",\"keywords\":[\"Moda\",\"Patou\"],\"articleSection\":[\"Moda\"],\"inLanguage\":\"es\",\"potentialAction\":[{\"@type\":\"CommentAction\",\"name\":\"Comment\",\"target\":[\"https:\\\/\\\/luxonomy.net\\\/es\\\/encanto-parisino-y-sensualidad-para-la-coleccion-patou-primavera-verano-2026\\\/#respond\"]}]},{\"@type\":\"WebPage\",\"@id\":\"https:\\\/\\\/luxonomy.net\\\/es\\\/encanto-parisino-y-sensualidad-para-la-coleccion-patou-primavera-verano-2026\\\/\",\"url\":\"https:\\\/\\\/luxonomy.net\\\/es\\\/encanto-parisino-y-sensualidad-para-la-coleccion-patou-primavera-verano-2026\\\/\",\"name\":\"Encanto parisino y sensualidad para la colecci\u00f3n Patou Primavera-Verano 2026 | LUXONOMY\",\"isPartOf\":{\"@id\":\"https:\\\/\\\/luxonomy.net\\\/es\\\/#website\"},\"primaryImageOfPage\":{\"@id\":\"https:\\\/\\\/luxonomy.net\\\/es\\\/encanto-parisino-y-sensualidad-para-la-coleccion-patou-primavera-verano-2026\\\/#primaryimage\"},\"image\":{\"@id\":\"https:\\\/\\\/luxonomy.net\\\/es\\\/encanto-parisino-y-sensualidad-para-la-coleccion-patou-primavera-verano-2026\\\/#primaryimage\"},\"thumbnailUrl\":\"https:\\\/\\\/luxonomy.net\\\/wp-content\\\/uploads\\\/2025\\\/07\\\/aG-BwEMqNJQqHvwH_PATOU16-9Image.avif\",\"datePublished\":\"2025-07-11T11:54:30+00:00\",\"dateModified\":\"2025-07-11T12:03:50+00:00\",\"breadcrumb\":{\"@id\":\"https:\\\/\\\/luxonomy.net\\\/es\\\/encanto-parisino-y-sensualidad-para-la-coleccion-patou-primavera-verano-2026\\\/#breadcrumb\"},\"inLanguage\":\"es\",\"potentialAction\":[{\"@type\":\"ReadAction\",\"target\":[\"https:\\\/\\\/luxonomy.net\\\/es\\\/encanto-parisino-y-sensualidad-para-la-coleccion-patou-primavera-verano-2026\\\/\"]}]},{\"@type\":\"ImageObject\",\"inLanguage\":\"es\",\"@id\":\"https:\\\/\\\/luxonomy.net\\\/es\\\/encanto-parisino-y-sensualidad-para-la-coleccion-patou-primavera-verano-2026\\\/#primaryimage\",\"url\":\"https:\\\/\\\/luxonomy.net\\\/wp-content\\\/uploads\\\/2025\\\/07\\\/aG-BwEMqNJQqHvwH_PATOU16-9Image.avif\",\"contentUrl\":\"https:\\\/\\\/luxonomy.net\\\/wp-content\\\/uploads\\\/2025\\\/07\\\/aG-BwEMqNJQqHvwH_PATOU16-9Image.avif\",\"width\":2480,\"height\":1395},{\"@type\":\"BreadcrumbList\",\"@id\":\"https:\\\/\\\/luxonomy.net\\\/es\\\/encanto-parisino-y-sensualidad-para-la-coleccion-patou-primavera-verano-2026\\\/#breadcrumb\",\"itemListElement\":[{\"@type\":\"ListItem\",\"position\":1,\"name\":\"Portada\",\"item\":\"https:\\\/\\\/luxonomy.net\\\/es\\\/\"},{\"@type\":\"ListItem\",\"position\":2,\"name\":\"Encanto parisino y sensualidad para la colecci\u00f3n Patou Primavera-Verano 2026\"}]},{\"@type\":\"WebSite\",\"@id\":\"https:\\\/\\\/luxonomy.net\\\/es\\\/#website\",\"url\":\"https:\\\/\\\/luxonomy.net\\\/es\\\/\",\"name\":\"LUXONOMY\",\"description\":\"The Economy of Fashion &amp; Luxury\",\"publisher\":{\"@id\":\"https:\\\/\\\/luxonomy.net\\\/es\\\/#organization\"},\"potentialAction\":[{\"@type\":\"SearchAction\",\"target\":{\"@type\":\"EntryPoint\",\"urlTemplate\":\"https:\\\/\\\/luxonomy.net\\\/es\\\/?s={search_term_string}\"},\"query-input\":{\"@type\":\"PropertyValueSpecification\",\"valueRequired\":true,\"valueName\":\"search_term_string\"}}],\"inLanguage\":\"es\"},{\"@type\":\"Organization\",\"@id\":\"https:\\\/\\\/luxonomy.net\\\/es\\\/#organization\",\"name\":\"LUXONOMY\",\"url\":\"https:\\\/\\\/luxonomy.net\\\/es\\\/\",\"logo\":{\"@type\":\"ImageObject\",\"inLanguage\":\"es\",\"@id\":\"https:\\\/\\\/luxonomy.net\\\/es\\\/#\\\/schema\\\/logo\\\/image\\\/\",\"url\":\"https:\\\/\\\/i2.wp.com\\\/luxonomy.net\\\/wp-content\\\/uploads\\\/2021\\\/09\\\/MOCKUP-TODOS-LUXONOMY.jpg?fit=1000%2C515&ssl=1\",\"contentUrl\":\"https:\\\/\\\/i2.wp.com\\\/luxonomy.net\\\/wp-content\\\/uploads\\\/2021\\\/09\\\/MOCKUP-TODOS-LUXONOMY.jpg?fit=1000%2C515&ssl=1\",\"width\":1000,\"height\":515,\"caption\":\"LUXONOMY\"},\"image\":{\"@id\":\"https:\\\/\\\/luxonomy.net\\\/es\\\/#\\\/schema\\\/logo\\\/image\\\/\"},\"sameAs\":[\"https:\\\/\\\/www.facebook.com\\\/luxonomy\",\"https:\\\/\\\/www.instagram.com\\\/luxonomy\\\/\",\"https:\\\/\\\/www.linkedin.com\\\/company\\\/luxonomy\\\/\"]},{\"@type\":\"Person\",\"@id\":\"https:\\\/\\\/luxonomy.net\\\/es\\\/#\\\/schema\\\/person\\\/e5c97cb37fd115728030c51e21c67d89\",\"name\":\"Chiara Gabardi\",\"image\":{\"@type\":\"ImageObject\",\"inLanguage\":\"es\",\"@id\":\"https:\\\/\\\/luxonomy.net\\\/wp-content\\\/litespeed\\\/avatar\\\/548640c4e2c34544e66c65ab1641a5d7.jpg?ver=1788581172\",\"url\":\"https:\\\/\\\/luxonomy.net\\\/wp-content\\\/litespeed\\\/avatar\\\/548640c4e2c34544e66c65ab1641a5d7.jpg?ver=1788581172\",\"contentUrl\":\"https:\\\/\\\/luxonomy.net\\\/wp-content\\\/litespeed\\\/avatar\\\/548640c4e2c34544e66c65ab1641a5d7.jpg?ver=1788581172\",\"caption\":\"Chiara Gabardi\"},\"description\":\"Editor at LUXONOMY\u2122 Group\",\"url\":\"https:\\\/\\\/luxonomy.net\\\/es\\\/author\\\/chiara-gabardi\\\/\"}]}<\/script>\n<!-- \/ Yoast SEO plugin. -->","yoast_head_json":{"title":"Encanto parisino y sensualidad para la colecci\u00f3n Patou Primavera-Verano 2026 | LUXONOMY","robots":{"index":"index","follow":"follow","max-snippet":"max-snippet:-1","max-image-preview":"max-image-preview:large","max-video-preview":"max-video-preview:-1"},"canonical":"https:\/\/luxonomy.net\/es\/encanto-parisino-y-sensualidad-para-la-coleccion-patou-primavera-verano-2026\/","og_locale":"es_ES","og_type":"article","og_title":"Encanto parisino y sensualidad para la colecci\u00f3n Patou Primavera-Verano 2026 | LUXONOMY","og_description":"En homenaje a la legendaria fragancia Joy de Jean Patou, la nueva colecci\u00f3n de Guillaume Henry celebra el arte de la alegr\u00eda. Inaugurada con un peque\u00f1o vestido negro, la paleta crom\u00e1tica acoge amarillo p\u00e1lido, blancos suaves, estampados florales y rosa l\u00fadico. Lunares y rayas se unen a la fiesta en un guardarropa imbuido de alto&hellip;","og_url":"https:\/\/luxonomy.net\/es\/encanto-parisino-y-sensualidad-para-la-coleccion-patou-primavera-verano-2026\/","og_site_name":"LUXONOMY","article_publisher":"https:\/\/www.facebook.com\/luxonomy","article_published_time":"2025-07-11T11:54:30+00:00","article_modified_time":"2025-07-11T12:03:50+00:00","author":"Chiara Gabardi","twitter_card":"summary_large_image","twitter_misc":{"Escrito por":"Chiara Gabardi","Tiempo de lectura":"1 minuto"},"schema":{"@context":"https:\/\/schema.org","@graph":[{"@type":"Article","@id":"https:\/\/luxonomy.net\/es\/encanto-parisino-y-sensualidad-para-la-coleccion-patou-primavera-verano-2026\/#article","isPartOf":{"@id":"https:\/\/luxonomy.net\/es\/encanto-parisino-y-sensualidad-para-la-coleccion-patou-primavera-verano-2026\/"},"author":{"name":"Chiara Gabardi","@id":"https:\/\/luxonomy.net\/es\/#\/schema\/person\/e5c97cb37fd115728030c51e21c67d89"},"headline":"Encanto parisino y sensualidad para la colecci\u00f3n Patou Primavera-Verano 2026","datePublished":"2025-07-11T11:54:30+00:00","dateModified":"2025-07-11T12:03:50+00:00","mainEntityOfPage":{"@id":"https:\/\/luxonomy.net\/es\/encanto-parisino-y-sensualidad-para-la-coleccion-patou-primavera-verano-2026\/"},"wordCount":164,"commentCount":0,"publisher":{"@id":"https:\/\/luxonomy.net\/es\/#organization"},"image":{"@id":"https:\/\/luxonomy.net\/es\/encanto-parisino-y-sensualidad-para-la-coleccion-patou-primavera-verano-2026\/#primaryimage"},"thumbnailUrl":"https:\/\/luxonomy.net\/wp-content\/uploads\/2025\/07\/aG-BwEMqNJQqHvwH_PATOU16-9Image.avif","keywords":["Moda","Patou"],"articleSection":["Moda"],"inLanguage":"es","potentialAction":[{"@type":"CommentAction","name":"Comment","target":["https:\/\/luxonomy.net\/es\/encanto-parisino-y-sensualidad-para-la-coleccion-patou-primavera-verano-2026\/#respond"]}]},{"@type":"WebPage","@id":"https:\/\/luxonomy.net\/es\/encanto-parisino-y-sensualidad-para-la-coleccion-patou-primavera-verano-2026\/","url":"https:\/\/luxonomy.net\/es\/encanto-parisino-y-sensualidad-para-la-coleccion-patou-primavera-verano-2026\/","name":"Encanto parisino y sensualidad para la colecci\u00f3n Patou Primavera-Verano 2026 | LUXONOMY","isPartOf":{"@id":"https:\/\/luxonomy.net\/es\/#website"},"primaryImageOfPage":{"@id":"https:\/\/luxonomy.net\/es\/encanto-parisino-y-sensualidad-para-la-coleccion-patou-primavera-verano-2026\/#primaryimage"},"image":{"@id":"https:\/\/luxonomy.net\/es\/encanto-parisino-y-sensualidad-para-la-coleccion-patou-primavera-verano-2026\/#primaryimage"},"thumbnailUrl":"https:\/\/luxonomy.net\/wp-content\/uploads\/2025\/07\/aG-BwEMqNJQqHvwH_PATOU16-9Image.avif","datePublished":"2025-07-11T11:54:30+00:00","dateModified":"2025-07-11T12:03:50+00:00","breadcrumb":{"@id":"https:\/\/luxonomy.net\/es\/encanto-parisino-y-sensualidad-para-la-coleccion-patou-primavera-verano-2026\/#breadcrumb"},"inLanguage":"es","potentialAction":[{"@type":"ReadAction","target":["https:\/\/luxonomy.net\/es\/encanto-parisino-y-sensualidad-para-la-coleccion-patou-primavera-verano-2026\/"]}]},{"@type":"ImageObject","inLanguage":"es","@id":"https:\/\/luxonomy.net\/es\/encanto-parisino-y-sensualidad-para-la-coleccion-patou-primavera-verano-2026\/#primaryimage","url":"https:\/\/luxonomy.net\/wp-content\/uploads\/2025\/07\/aG-BwEMqNJQqHvwH_PATOU16-9Image.avif","contentUrl":"https:\/\/luxonomy.net\/wp-content\/uploads\/2025\/07\/aG-BwEMqNJQqHvwH_PATOU16-9Image.avif","width":2480,"height":1395},{"@type":"BreadcrumbList","@id":"https:\/\/luxonomy.net\/es\/encanto-parisino-y-sensualidad-para-la-coleccion-patou-primavera-verano-2026\/#breadcrumb","itemListElement":[{"@type":"ListItem","position":1,"name":"Portada","item":"https:\/\/luxonomy.net\/es\/"},{"@type":"ListItem","position":2,"name":"Encanto parisino y sensualidad para la colecci\u00f3n Patou Primavera-Verano 2026"}]},{"@type":"WebSite","@id":"https:\/\/luxonomy.net\/es\/#website","url":"https:\/\/luxonomy.net\/es\/","name":"LUXONOMY","description":"The Economy of Fashion &amp; Luxury","publisher":{"@id":"https:\/\/luxonomy.net\/es\/#organization"},"potentialAction":[{"@type":"SearchAction","target":{"@type":"EntryPoint","urlTemplate":"https:\/\/luxonomy.net\/es\/?s={search_term_string}"},"query-input":{"@type":"PropertyValueSpecification","valueRequired":true,"valueName":"search_term_string"}}],"inLanguage":"es"},{"@type":"Organization","@id":"https:\/\/luxonomy.net\/es\/#organization","name":"LUXONOMY","url":"https:\/\/luxonomy.net\/es\/","logo":{"@type":"ImageObject","inLanguage":"es","@id":"https:\/\/luxonomy.net\/es\/#\/schema\/logo\/image\/","url":"https:\/\/i2.wp.com\/luxonomy.net\/wp-content\/uploads\/2021\/09\/MOCKUP-TODOS-LUXONOMY.jpg?fit=1000%2C515&ssl=1","contentUrl":"https:\/\/i2.wp.com\/luxonomy.net\/wp-content\/uploads\/2021\/09\/MOCKUP-TODOS-LUXONOMY.jpg?fit=1000%2C515&ssl=1","width":1000,"height":515,"caption":"LUXONOMY"},"image":{"@id":"https:\/\/luxonomy.net\/es\/#\/schema\/logo\/image\/"},"sameAs":["https:\/\/www.facebook.com\/luxonomy","https:\/\/www.instagram.com\/luxonomy\/","https:\/\/www.linkedin.com\/company\/luxonomy\/"]},{"@type":"Person","@id":"https:\/\/luxonomy.net\/es\/#\/schema\/person\/e5c97cb37fd115728030c51e21c67d89","name":"Chiara Gabardi","image":{"@type":"ImageObject","inLanguage":"es","@id":"https:\/\/luxonomy.net\/wp-content\/litespeed\/avatar\/548640c4e2c34544e66c65ab1641a5d7.jpg?ver=1788581172","url":"https:\/\/luxonomy.net\/wp-content\/litespeed\/avatar\/548640c4e2c34544e66c65ab1641a5d7.jpg?ver=1788581172","contentUrl":"https:\/\/luxonomy.net\/wp-content\/litespeed\/avatar\/548640c4e2c34544e66c65ab1641a5d7.jpg?ver=1788581172","caption":"Chiara Gabardi"},"description":"Editor at LUXONOMY\u2122 Group","url":"https:\/\/luxonomy.net\/es\/author\/chiara-gabardi\/"}]}},"jetpack_publicize_connections":[],"jetpack_shortlink":"https:\/\/wp.me\/paPhBa-hkp","jetpack_sharing_enabled":true,"jetpack_featured_media_url":"https:\/\/luxonomy.net\/wp-content\/uploads\/2025\/07\/aG-BwEMqNJQqHvwH_PATOU16-9Image.avif","_links":{"self":[{"href":"https:\/\/luxonomy.net\/es\/wp-json\/wp\/v2\/posts\/66613","targetHints":{"allow":["GET"]}}],"collection":[{"href":"https:\/\/luxonomy.net\/es\/wp-json\/wp\/v2\/posts"}],"about":[{"href":"https:\/\/luxonomy.net\/es\/wp-json\/wp\/v2\/types\/post"}],"author":[{"embeddable":true,"href":"https:\/\/luxonomy.net\/es\/wp-json\/wp\/v2\/users\/10"}],"replies":[{"embeddable":true,"href":"https:\/\/luxonomy.net\/es\/wp-json\/wp\/v2\/comments?post=66613"}],"version-history":[{"count":2,"href":"https:\/\/luxonomy.net\/es\/wp-json\/wp\/v2\/posts\/66613\/revisions"}],"predecessor-version":[{"id":66616,"href":"https:\/\/luxonomy.net\/es\/wp-json\/wp\/v2\/posts\/66613\/revisions\/66616"}],"wp:featuredmedia":[{"embeddable":true,"href":"https:\/\/luxonomy.net\/es\/wp-json\/wp\/v2\/media\/66597"}],"wp:attachment":[{"href":"https:\/\/luxonomy.net\/es\/wp-json\/wp\/v2\/media?parent=66613"}],"wp:term":[{"taxonomy":"category","embeddable":true,"href":"https:\/\/luxonomy.net\/es\/wp-json\/wp\/v2\/categories?post=66613"},{"taxonomy":"post_tag","embeddable":true,"href":"https:\/\/luxonomy.net\/es\/wp-json\/wp\/v2\/tags?post=66613"},{"taxonomy":"thb-sponsors","embeddable":true,"href":"https:\/\/luxonomy.net\/es\/wp-json\/wp\/v2\/thb-sponsors?post=66613"}],"curies":[{"name":"wp","href":"https:\/\/api.w.org\/{rel}","templated":true}]}}