{"id":66569,"date":"2025-07-10T07:35:00","date_gmt":"2025-07-10T05:35:00","guid":{"rendered":"https:\/\/luxonomy.net\/?p=66569"},"modified":"2025-07-11T13:03:54","modified_gmt":"2025-07-11T11:03:54","slug":"premio-lvmh-2025-para-jovenes-disenadores-de-moda-12-a-edicion-lvmh-anuncia-la-composicion-del-jurado-para-la-final-del-3-de-septiembre","status":"publish","type":"post","link":"https:\/\/luxonomy.net\/es\/premio-lvmh-2025-para-jovenes-disenadores-de-moda-12-a-edicion-lvmh-anuncia-la-composicion-del-jurado-para-la-final-del-3-de-septiembre\/","title":{"rendered":"PREMIO LVMH 2025 PARA J\u00d3VENES DISE\u00d1ADORES DE MODA, 12.\u00aa EDICI\u00d3N: LVMH anuncia la composici\u00f3n del Jurado para la final del 3 de septiembre"},"content":{"rendered":"\n<p class=\"heading3 typo-body-xl group wp-block-paragraph\">Tras la semifinal del Premio LVMH del 4 y 5 de marzo, LVMH se complace en anunciar la composici\u00f3n del Jurado del Premio LVMH para J\u00f3venes Dise\u00f1adores de Moda, para la final que se llevar\u00e1 a cabo el mi\u00e9rcoles 3 de septiembre de 2025 en la Fundaci\u00f3n Louis Vuitton.<\/p>\n\n\n\n<p class=\"paragraph typo-body-l group pb-5 font-normal sm:font-light wp-block-paragraph\">Este a\u00f1o, el Jurado dar\u00e1 la bienvenida por primera vez a Sarah Burton, Directora Creativa de Givenchy. Los miembros del jurado son:<\/p>\n\n\n\n<ul class=\"wp-block-list\">\n<li><strong>Jonathan Anderson<\/strong>, Director Creativo, Dior,<\/li>\n\n\n\n<li><strong>Sarah Burton<\/strong>, Directora Creativa, Givenchy<\/li>\n\n\n\n<li><strong>Nicolas Ghesqui\u00e8re<\/strong>, Director Art\u00edstico de las colecciones femeninas, Louis Vuitton<\/li>\n\n\n\n<li><strong>Marc Jacobs<\/strong>, Fundador y dise\u00f1ador, Marc Jacobs<\/li>\n\n\n\n<li><strong>Stella McCartney<\/strong>, Fundadora y Directora Creativa, Stella McCartney<\/li>\n\n\n\n<li><strong>Nigo<\/strong>, Director Art\u00edstico, Kenzo<\/li>\n\n\n\n<li><strong>Phoebe Philo<\/strong>, Fundadora y Directora Art\u00edstica, Phoebe Philo<\/li>\n\n\n\n<li><strong>Silvia Venturini Fendi<\/strong>, Directora Creativa de menswear y accesorios, Fendi<\/li>\n\n\n\n<li><strong>Pharrell Williams<\/strong>, Director Creativo de Hombre, Louis Vuitton<\/li>\n\n\n\n<li><strong>Delphine Arnault<\/strong>, Presidenta y Directora Ejecutiva, Christian Dior Couture<\/li>\n\n\n\n<li><strong>Jean-Paul Claverie<\/strong>, Asesor de Bernard Arnault y Director de Patrocinios, LVMH<\/li>\n\n\n\n<li><strong>Sidney Toledano<\/strong>, Asesor de Bernard Arnault, LVMH<\/li>\n<\/ul>\n\n\n\n<p class=\"paragraph typo-body-l group pb-5 font-normal sm:font-light wp-block-paragraph\">Durante la final, el jurado seleccionar\u00e1 entre los ocho finalistas a los receptores del Premio LVMH, el Premio Karl Lagerfeld y el recientemente lanzado Premio Savoir-Faire.<\/p><div id=\"luxon-4090373161\" class=\"luxon-3er-parrafo luxon-entity-placement\" style=\"margin-top: 20px;margin-bottom: 20px;margin-left: auto;margin-right: auto;text-align: center;\"><a href=\"https:\/\/luxonomy.university\/course\/master-turismo-de-lujo\" target=\"_blank\" aria-label=\"master-turismo-lujo-2026-2027\"><img loading=\"lazy\" decoding=\"async\" src=\"https:\/\/i0.wp.com\/luxonomy.net\/wp-content\/uploads\/2020\/07\/master-turismo-lujo-2026-2027.jpg?fit=1672%2C941&#038;ssl=1\" alt=\"\"  srcset=\"https:\/\/i0.wp.com\/luxonomy.net\/wp-content\/uploads\/2020\/07\/master-turismo-lujo-2026-2027.jpg?w=1672&ssl=1 1672w, https:\/\/i0.wp.com\/luxonomy.net\/wp-content\/uploads\/2020\/07\/master-turismo-lujo-2026-2027.jpg?resize=300%2C169&ssl=1 300w, https:\/\/i0.wp.com\/luxonomy.net\/wp-content\/uploads\/2020\/07\/master-turismo-lujo-2026-2027.jpg?resize=1024%2C576&ssl=1 1024w, https:\/\/i0.wp.com\/luxonomy.net\/wp-content\/uploads\/2020\/07\/master-turismo-lujo-2026-2027.jpg?resize=768%2C432&ssl=1 768w, https:\/\/i0.wp.com\/luxonomy.net\/wp-content\/uploads\/2020\/07\/master-turismo-lujo-2026-2027.jpg?resize=1536%2C864&ssl=1 1536w, https:\/\/i0.wp.com\/luxonomy.net\/wp-content\/uploads\/2020\/07\/master-turismo-lujo-2026-2027.jpg?resize=370%2C208&ssl=1 370w, https:\/\/i0.wp.com\/luxonomy.net\/wp-content\/uploads\/2020\/07\/master-turismo-lujo-2026-2027.jpg?resize=800%2C450&ssl=1 800w, https:\/\/i0.wp.com\/luxonomy.net\/wp-content\/uploads\/2020\/07\/master-turismo-lujo-2026-2027.jpg?resize=20%2C11&ssl=1 20w, https:\/\/i0.wp.com\/luxonomy.net\/wp-content\/uploads\/2020\/07\/master-turismo-lujo-2026-2027.jpg?resize=740%2C416&ssl=1 740w, https:\/\/i0.wp.com\/luxonomy.net\/wp-content\/uploads\/2020\/07\/master-turismo-lujo-2026-2027.jpg?resize=1600%2C900&ssl=1 1600w, https:\/\/i0.wp.com\/luxonomy.net\/wp-content\/uploads\/2020\/07\/master-turismo-lujo-2026-2027.jpg?resize=1200%2C675&ssl=1 1200w, https:\/\/i0.wp.com\/luxonomy.net\/wp-content\/uploads\/2020\/07\/master-turismo-lujo-2026-2027.jpg?resize=85%2C48&ssl=1 85w\" sizes=\"(max-width: 1170px) 100vw, 1170px\" class=\"no-lazyload\" width=\"1672\" height=\"941\"   \/><\/a><\/div>\n\n\n\n<p class=\"paragraph typo-body-l group pb-5 font-normal sm:font-light wp-block-paragraph\">El ganador del Premio LVMH recibir\u00e1 una dotaci\u00f3n de 400,000 euros y una mentor\u00eda personalizada por parte de los equipos de LVMH. Adem\u00e1s, los ganadores del Premio Karl Lagerfeld y del Premio Savoir-Faire recibir\u00e1n cada uno una asignaci\u00f3n de 200,000 euros y tambi\u00e9n disfrutar\u00e1n de una mentor\u00eda de un a\u00f1o por parte de los equipos de LVMH.<\/p>\n\n\n\n<p class=\"paragraph typo-body-l group pb-5 font-normal sm:font-light wp-block-paragraph\">Pascale Lepoivre, CEO de Loewe, ser\u00e1 la mentora de los ganadores a partir de este a\u00f1o.<\/p>\n\n\n\n<p class=\"paragraph typo-body-l group pb-5 font-normal sm:font-light wp-block-paragraph\">Como recordatorio, los ocho finalistas son:<\/p>\n\n\n\n<ul class=\"wp-block-list\">\n<li><strong>ALAINPAUL<\/strong>&nbsp;por Alain Paul, Francia, colecciones de womenswear, menswear y de g\u00e9nero neutro.<\/li>\n\n\n\n<li><strong>ALL-IN por<\/strong> Benjamin Barron, Estados Unidos, y Bror August Vestb\u00f8, Noruega, colecciones de ropa femenina y sin g\u00e9nero.<\/li>\n\n\n\n<li><strong>FRANCESCO MURANO<\/strong>&nbsp;por Francesco Murano, Italia, moda femenina<\/li>\n\n\n\n<li><strong>SOSHIOTSUKI<\/strong>&nbsp;de Soshi Otsuki, Jap\u00f3n, moda masculina<\/li>\n\n\n\n<li><strong>STEVE O SMITH<\/strong> por Steve O Smith, Reino Unido, moda femenina y masculina<\/li>\n\n\n\n<li><strong>TOLU COKER<\/strong>&nbsp;por Tolu Coker, Reino Unido, moda femenina<\/li>\n\n\n\n<li><strong>TORISH\u00c9JU<\/strong>&nbsp;de Torish\u00e9ju Dumi, Reino Unido, moda femenina y masculina<\/li>\n\n\n\n<li><strong>ZOMER<\/strong>&nbsp;por Danial Aitouganov, Pa\u00edses Bajos, moda femenina<\/li>\n<\/ul>\n\n\n\n<p class=\"paragraph typo-body-l group pb-5 font-normal sm:font-light wp-block-paragraph\">Finalmente, el Premio tambi\u00e9n distinguir\u00e1 a tres j\u00f3venes graduados de escuelas de moda. Cada ganador, as\u00ed como su escuela, recibir\u00e1 <strong>10.000 euros<\/strong> y se unir\u00e1 al estudio de dise\u00f1o de una de las casas del grupo durante un a\u00f1o.<\/p><div id=\"luxon-3929028384\" class=\"luxon-7-parrafo luxon-entity-placement\" style=\"margin-top: 20px;margin-bottom: 20px;margin-left: auto;margin-right: auto;text-align: center;\"><a href=\"https:\/\/theintelligence.institute\/course\/inteligencia-artificial-para-directivos\" target=\"_blank\" aria-label=\"CSIAD_empresas_THEI_horizontal_4x3_v5\"><img loading=\"lazy\" decoding=\"async\" src=\"https:\/\/i0.wp.com\/luxonomy.net\/wp-content\/uploads\/2025\/08\/CSIAD_empresas_THEI_horizontal_4x3_v5.png?fit=2000%2C1500&#038;ssl=1\" alt=\"\"  srcset=\"https:\/\/i0.wp.com\/luxonomy.net\/wp-content\/uploads\/2025\/08\/CSIAD_empresas_THEI_horizontal_4x3_v5.png?w=2000&ssl=1 2000w, https:\/\/i0.wp.com\/luxonomy.net\/wp-content\/uploads\/2025\/08\/CSIAD_empresas_THEI_horizontal_4x3_v5.png?resize=300%2C225&ssl=1 300w, https:\/\/i0.wp.com\/luxonomy.net\/wp-content\/uploads\/2025\/08\/CSIAD_empresas_THEI_horizontal_4x3_v5.png?resize=1024%2C768&ssl=1 1024w, https:\/\/i0.wp.com\/luxonomy.net\/wp-content\/uploads\/2025\/08\/CSIAD_empresas_THEI_horizontal_4x3_v5.png?resize=768%2C576&ssl=1 768w, https:\/\/i0.wp.com\/luxonomy.net\/wp-content\/uploads\/2025\/08\/CSIAD_empresas_THEI_horizontal_4x3_v5.png?resize=1536%2C1152&ssl=1 1536w, https:\/\/i0.wp.com\/luxonomy.net\/wp-content\/uploads\/2025\/08\/CSIAD_empresas_THEI_horizontal_4x3_v5.png?resize=370%2C278&ssl=1 370w, https:\/\/i0.wp.com\/luxonomy.net\/wp-content\/uploads\/2025\/08\/CSIAD_empresas_THEI_horizontal_4x3_v5.png?resize=800%2C600&ssl=1 800w, https:\/\/i0.wp.com\/luxonomy.net\/wp-content\/uploads\/2025\/08\/CSIAD_empresas_THEI_horizontal_4x3_v5.png?resize=20%2C15&ssl=1 20w, https:\/\/i0.wp.com\/luxonomy.net\/wp-content\/uploads\/2025\/08\/CSIAD_empresas_THEI_horizontal_4x3_v5.png?resize=740%2C555&ssl=1 740w, https:\/\/i0.wp.com\/luxonomy.net\/wp-content\/uploads\/2025\/08\/CSIAD_empresas_THEI_horizontal_4x3_v5.png?resize=1600%2C1200&ssl=1 1600w, https:\/\/i0.wp.com\/luxonomy.net\/wp-content\/uploads\/2025\/08\/CSIAD_empresas_THEI_horizontal_4x3_v5.png?resize=1200%2C900&ssl=1 1200w, https:\/\/i0.wp.com\/luxonomy.net\/wp-content\/uploads\/2025\/08\/CSIAD_empresas_THEI_horizontal_4x3_v5.png?resize=64%2C48&ssl=1 64w\" sizes=\"(max-width: 1170px) 100vw, 1170px\" class=\"no-lazyload\" width=\"2000\" height=\"1500\"   \/><\/a><\/div>\n","protected":false},"excerpt":{"rendered":"<p>Tras la semifinal del Premio LVMH del 4 y 5 de marzo, LVMH se complace en anunciar la composici\u00f3n del Jurado del Premio LVMH para J\u00f3venes Dise\u00f1adores de Moda, para la final que se llevar\u00e1 a cabo el mi\u00e9rcoles 3 de septiembre de 2025 en la Fundaci\u00f3n Louis Vuitton. Este a\u00f1o, el Jurado dar\u00e1 la&hellip;<\/p>\n","protected":false},"author":13,"featured_media":66560,"comment_status":"open","ping_status":"open","sticky":false,"template":"","format":"standard","meta":{"_jetpack_newsletter_access":"","_jetpack_dont_email_post_to_subs":false,"_jetpack_newsletter_tier_id":0,"_jetpack_memberships_contains_paywalled_content":false,"_jetpack_feature_clip_id":0,"_jetpack_memberships_contains_paid_content":false,"footnotes":"","jetpack_publicize_message":"","jetpack_publicize_feature_enabled":false,"jetpack_social_post_already_shared":true,"jetpack_social_options":{"image_generator_settings":{"template":"edge","default_image_id":0,"enabled":false,"token":"eyJpbWciOiJodHRwczpcL1wvbHV4b25vbXkubmV0XC93cC1jb250ZW50XC91cGxvYWRzXC8yMDI1XC8wN1wvQ2FwdHVyYS1kZS1wYW50YWxsYS0yMDI1LTA3LTA5LWEtbGFzLTIwLjMyLjI1LTEwMjR4NTU5LnBuZyIsInR4dCI6IlBSRU1JTyBMVk1IIDIwMjUgUEFSQSBKXHUwMGQzVkVORVMgRElTRVx1MDBkMUFET1JFUyBERSBNT0RBLCAxMi5cdTAwYWEgRURJQ0lcdTAwZDNOOiBMVk1IIGFudW5jaWEgbGEgY29tcG9zaWNpXHUwMGYzbiBkZWwgSnVyYWRvIHBhcmEgbGEgZmluYWwgZGVsIDMgZGUgc2VwdGllbWJyZSIsInRlbXBsYXRlIjoiZWRnZSIsImJsb2dfaWQiOjE1OTk4NTc0MH0.crfxbDWUDzrcVeQvKOFY0sgtJSiMS6fE2--v8lfZy9UMQ"},"version":2},"jetpack_post_was_ever_published":false},"categories":[227],"tags":[228,585,9917],"thb-sponsors":[],"class_list":["post-66569","post","type-post","status-publish","format-standard","has-post-thumbnail","hentry","category-eventos","tag-eventos","tag-lvmh","tag-premio-lvmh-2025-para-jovenes-disenadores-de-moda"],"yoast_head":"<!-- This site is optimized with the Yoast SEO plugin v28.4 - https:\/\/yoast.com\/product\/yoast-seo-wordpress\/ -->\n<title>PREMIO LVMH 2025 PARA J\u00d3VENES DISE\u00d1ADORES DE MODA, 12.\u00aa EDICI\u00d3N: LVMH anuncia la composici\u00f3n del Jurado para la final del 3 de septiembre | LUXONOMY<\/title>\n<meta name=\"robots\" content=\"index, follow, max-snippet:-1, max-image-preview:large, max-video-preview:-1\" \/>\n<link rel=\"canonical\" href=\"https:\/\/luxonomy.net\/es\/premio-lvmh-2025-para-jovenes-disenadores-de-moda-12-a-edicion-lvmh-anuncia-la-composicion-del-jurado-para-la-final-del-3-de-septiembre\/\" \/>\n<meta property=\"og:locale\" content=\"es_ES\" \/>\n<meta property=\"og:type\" content=\"article\" \/>\n<meta property=\"og:title\" content=\"PREMIO LVMH 2025 PARA J\u00d3VENES DISE\u00d1ADORES DE MODA, 12.\u00aa EDICI\u00d3N: LVMH anuncia la composici\u00f3n del Jurado para la final del 3 de septiembre | LUXONOMY\" \/>\n<meta property=\"og:description\" content=\"Tras la semifinal del Premio LVMH del 4 y 5 de marzo, LVMH se complace en anunciar la composici\u00f3n del Jurado del Premio LVMH para J\u00f3venes Dise\u00f1adores de Moda, para la final que se llevar\u00e1 a cabo el mi\u00e9rcoles 3 de septiembre de 2025 en la Fundaci\u00f3n Louis Vuitton. Este a\u00f1o, el Jurado dar\u00e1 la&hellip;\" \/>\n<meta property=\"og:url\" content=\"https:\/\/luxonomy.net\/es\/premio-lvmh-2025-para-jovenes-disenadores-de-moda-12-a-edicion-lvmh-anuncia-la-composicion-del-jurado-para-la-final-del-3-de-septiembre\/\" \/>\n<meta property=\"og:site_name\" content=\"LUXONOMY\" \/>\n<meta property=\"article:publisher\" content=\"https:\/\/www.facebook.com\/luxonomy\" \/>\n<meta property=\"article:published_time\" content=\"2025-07-10T05:35:00+00:00\" \/>\n<meta property=\"article:modified_time\" content=\"2025-07-11T11:03:54+00:00\" \/>\n<meta property=\"og:image\" content=\"https:\/\/i0.wp.com\/luxonomy.net\/wp-content\/uploads\/2025\/07\/Captura-de-pantalla-2025-07-09-a-las-20.32.25.png?fit=1876%2C1024&quality=80&ssl=1\" \/>\n\t<meta property=\"og:image:width\" content=\"1876\" \/>\n\t<meta property=\"og:image:height\" content=\"1024\" \/>\n\t<meta property=\"og:image:type\" content=\"image\/png\" \/>\n<meta name=\"author\" content=\"Dara Bernardo\" \/>\n<meta name=\"twitter:card\" content=\"summary_large_image\" \/>\n<meta name=\"twitter:label1\" content=\"Escrito por\" \/>\n\t<meta name=\"twitter:data1\" content=\"Dara Bernardo\" \/>\n\t<meta name=\"twitter:label2\" content=\"Tiempo de lectura\" \/>\n\t<meta name=\"twitter:data2\" content=\"3 minutos\" \/>\n<script type=\"application\/ld+json\" class=\"yoast-schema-graph\">{\"@context\":\"https:\\\/\\\/schema.org\",\"@graph\":[{\"@type\":\"Article\",\"@id\":\"https:\\\/\\\/luxonomy.net\\\/es\\\/premio-lvmh-2025-para-jovenes-disenadores-de-moda-12-a-edicion-lvmh-anuncia-la-composicion-del-jurado-para-la-final-del-3-de-septiembre\\\/#article\",\"isPartOf\":{\"@id\":\"https:\\\/\\\/luxonomy.net\\\/es\\\/premio-lvmh-2025-para-jovenes-disenadores-de-moda-12-a-edicion-lvmh-anuncia-la-composicion-del-jurado-para-la-final-del-3-de-septiembre\\\/\"},\"author\":{\"name\":\"Dara Bernardo\",\"@id\":\"https:\\\/\\\/luxonomy.net\\\/es\\\/#\\\/schema\\\/person\\\/74504e9f212f80551761fb98f9925520\"},\"headline\":\"PREMIO LVMH 2025 PARA J\u00d3VENES DISE\u00d1ADORES DE MODA, 12.\u00aa EDICI\u00d3N: LVMH anuncia la composici\u00f3n del Jurado para la final del 3 de septiembre\",\"datePublished\":\"2025-07-10T05:35:00+00:00\",\"dateModified\":\"2025-07-11T11:03:54+00:00\",\"mainEntityOfPage\":{\"@id\":\"https:\\\/\\\/luxonomy.net\\\/es\\\/premio-lvmh-2025-para-jovenes-disenadores-de-moda-12-a-edicion-lvmh-anuncia-la-composicion-del-jurado-para-la-final-del-3-de-septiembre\\\/\"},\"wordCount\":447,\"commentCount\":0,\"publisher\":{\"@id\":\"https:\\\/\\\/luxonomy.net\\\/es\\\/#organization\"},\"image\":{\"@id\":\"https:\\\/\\\/luxonomy.net\\\/es\\\/premio-lvmh-2025-para-jovenes-disenadores-de-moda-12-a-edicion-lvmh-anuncia-la-composicion-del-jurado-para-la-final-del-3-de-septiembre\\\/#primaryimage\"},\"thumbnailUrl\":\"https:\\\/\\\/i0.wp.com\\\/luxonomy.net\\\/wp-content\\\/uploads\\\/2025\\\/07\\\/Captura-de-pantalla-2025-07-09-a-las-20.32.25.png?fit=1876%2C1024&ssl=1\",\"keywords\":[\"Eventos\",\"LVMH\",\"PREMIO LVMH 2025 PARA J\u00d3VENES DISE\u00d1ADORES DE MODA\"],\"articleSection\":[\"Eventos\"],\"inLanguage\":\"es\",\"potentialAction\":[{\"@type\":\"CommentAction\",\"name\":\"Comment\",\"target\":[\"https:\\\/\\\/luxonomy.net\\\/es\\\/premio-lvmh-2025-para-jovenes-disenadores-de-moda-12-a-edicion-lvmh-anuncia-la-composicion-del-jurado-para-la-final-del-3-de-septiembre\\\/#respond\"]}]},{\"@type\":\"WebPage\",\"@id\":\"https:\\\/\\\/luxonomy.net\\\/es\\\/premio-lvmh-2025-para-jovenes-disenadores-de-moda-12-a-edicion-lvmh-anuncia-la-composicion-del-jurado-para-la-final-del-3-de-septiembre\\\/\",\"url\":\"https:\\\/\\\/luxonomy.net\\\/es\\\/premio-lvmh-2025-para-jovenes-disenadores-de-moda-12-a-edicion-lvmh-anuncia-la-composicion-del-jurado-para-la-final-del-3-de-septiembre\\\/\",\"name\":\"PREMIO LVMH 2025 PARA J\u00d3VENES DISE\u00d1ADORES DE MODA, 12.\u00aa EDICI\u00d3N: LVMH anuncia la composici\u00f3n del Jurado para la final del 3 de septiembre | LUXONOMY\",\"isPartOf\":{\"@id\":\"https:\\\/\\\/luxonomy.net\\\/es\\\/#website\"},\"primaryImageOfPage\":{\"@id\":\"https:\\\/\\\/luxonomy.net\\\/es\\\/premio-lvmh-2025-para-jovenes-disenadores-de-moda-12-a-edicion-lvmh-anuncia-la-composicion-del-jurado-para-la-final-del-3-de-septiembre\\\/#primaryimage\"},\"image\":{\"@id\":\"https:\\\/\\\/luxonomy.net\\\/es\\\/premio-lvmh-2025-para-jovenes-disenadores-de-moda-12-a-edicion-lvmh-anuncia-la-composicion-del-jurado-para-la-final-del-3-de-septiembre\\\/#primaryimage\"},\"thumbnailUrl\":\"https:\\\/\\\/i0.wp.com\\\/luxonomy.net\\\/wp-content\\\/uploads\\\/2025\\\/07\\\/Captura-de-pantalla-2025-07-09-a-las-20.32.25.png?fit=1876%2C1024&ssl=1\",\"datePublished\":\"2025-07-10T05:35:00+00:00\",\"dateModified\":\"2025-07-11T11:03:54+00:00\",\"breadcrumb\":{\"@id\":\"https:\\\/\\\/luxonomy.net\\\/es\\\/premio-lvmh-2025-para-jovenes-disenadores-de-moda-12-a-edicion-lvmh-anuncia-la-composicion-del-jurado-para-la-final-del-3-de-septiembre\\\/#breadcrumb\"},\"inLanguage\":\"es\",\"potentialAction\":[{\"@type\":\"ReadAction\",\"target\":[\"https:\\\/\\\/luxonomy.net\\\/es\\\/premio-lvmh-2025-para-jovenes-disenadores-de-moda-12-a-edicion-lvmh-anuncia-la-composicion-del-jurado-para-la-final-del-3-de-septiembre\\\/\"]}]},{\"@type\":\"ImageObject\",\"inLanguage\":\"es\",\"@id\":\"https:\\\/\\\/luxonomy.net\\\/es\\\/premio-lvmh-2025-para-jovenes-disenadores-de-moda-12-a-edicion-lvmh-anuncia-la-composicion-del-jurado-para-la-final-del-3-de-septiembre\\\/#primaryimage\",\"url\":\"https:\\\/\\\/i0.wp.com\\\/luxonomy.net\\\/wp-content\\\/uploads\\\/2025\\\/07\\\/Captura-de-pantalla-2025-07-09-a-las-20.32.25.png?fit=1876%2C1024&ssl=1\",\"contentUrl\":\"https:\\\/\\\/i0.wp.com\\\/luxonomy.net\\\/wp-content\\\/uploads\\\/2025\\\/07\\\/Captura-de-pantalla-2025-07-09-a-las-20.32.25.png?fit=1876%2C1024&ssl=1\",\"width\":1876,\"height\":1024},{\"@type\":\"BreadcrumbList\",\"@id\":\"https:\\\/\\\/luxonomy.net\\\/es\\\/premio-lvmh-2025-para-jovenes-disenadores-de-moda-12-a-edicion-lvmh-anuncia-la-composicion-del-jurado-para-la-final-del-3-de-septiembre\\\/#breadcrumb\",\"itemListElement\":[{\"@type\":\"ListItem\",\"position\":1,\"name\":\"Portada\",\"item\":\"https:\\\/\\\/luxonomy.net\\\/es\\\/\"},{\"@type\":\"ListItem\",\"position\":2,\"name\":\"PREMIO LVMH 2025 PARA J\u00d3VENES DISE\u00d1ADORES DE MODA, 12.\u00aa EDICI\u00d3N: LVMH anuncia la composici\u00f3n del Jurado para la final del 3 de septiembre\"}]},{\"@type\":\"WebSite\",\"@id\":\"https:\\\/\\\/luxonomy.net\\\/es\\\/#website\",\"url\":\"https:\\\/\\\/luxonomy.net\\\/es\\\/\",\"name\":\"LUXONOMY\",\"description\":\"The Economy of Fashion &amp; Luxury\",\"publisher\":{\"@id\":\"https:\\\/\\\/luxonomy.net\\\/es\\\/#organization\"},\"potentialAction\":[{\"@type\":\"SearchAction\",\"target\":{\"@type\":\"EntryPoint\",\"urlTemplate\":\"https:\\\/\\\/luxonomy.net\\\/es\\\/?s={search_term_string}\"},\"query-input\":{\"@type\":\"PropertyValueSpecification\",\"valueRequired\":true,\"valueName\":\"search_term_string\"}}],\"inLanguage\":\"es\"},{\"@type\":\"Organization\",\"@id\":\"https:\\\/\\\/luxonomy.net\\\/es\\\/#organization\",\"name\":\"LUXONOMY\",\"url\":\"https:\\\/\\\/luxonomy.net\\\/es\\\/\",\"logo\":{\"@type\":\"ImageObject\",\"inLanguage\":\"es\",\"@id\":\"https:\\\/\\\/luxonomy.net\\\/es\\\/#\\\/schema\\\/logo\\\/image\\\/\",\"url\":\"https:\\\/\\\/i2.wp.com\\\/luxonomy.net\\\/wp-content\\\/uploads\\\/2021\\\/09\\\/MOCKUP-TODOS-LUXONOMY.jpg?fit=1000%2C515&ssl=1\",\"contentUrl\":\"https:\\\/\\\/i2.wp.com\\\/luxonomy.net\\\/wp-content\\\/uploads\\\/2021\\\/09\\\/MOCKUP-TODOS-LUXONOMY.jpg?fit=1000%2C515&ssl=1\",\"width\":1000,\"height\":515,\"caption\":\"LUXONOMY\"},\"image\":{\"@id\":\"https:\\\/\\\/luxonomy.net\\\/es\\\/#\\\/schema\\\/logo\\\/image\\\/\"},\"sameAs\":[\"https:\\\/\\\/www.facebook.com\\\/luxonomy\",\"https:\\\/\\\/www.instagram.com\\\/luxonomy\\\/\",\"https:\\\/\\\/www.linkedin.com\\\/company\\\/luxonomy\\\/\"]},{\"@type\":\"Person\",\"@id\":\"https:\\\/\\\/luxonomy.net\\\/es\\\/#\\\/schema\\\/person\\\/74504e9f212f80551761fb98f9925520\",\"name\":\"Dara Bernardo\",\"image\":{\"@type\":\"ImageObject\",\"inLanguage\":\"es\",\"@id\":\"https:\\\/\\\/luxonomy.net\\\/wp-content\\\/litespeed\\\/avatar\\\/6210219c821657e60e23828a44456840.jpg?ver=1788581693\",\"url\":\"https:\\\/\\\/luxonomy.net\\\/wp-content\\\/litespeed\\\/avatar\\\/6210219c821657e60e23828a44456840.jpg?ver=1788581693\",\"contentUrl\":\"https:\\\/\\\/luxonomy.net\\\/wp-content\\\/litespeed\\\/avatar\\\/6210219c821657e60e23828a44456840.jpg?ver=1788581693\",\"caption\":\"Dara Bernardo\"},\"description\":\"Managing Director at LUXONOMY\u2122 Group Middle East\",\"sameAs\":[\"mailto:dubai@investme.capital\"],\"url\":\"https:\\\/\\\/luxonomy.net\\\/es\\\/author\\\/dara-bernardo\\\/\"}]}<\/script>\n<!-- \/ Yoast SEO plugin. -->","yoast_head_json":{"title":"PREMIO LVMH 2025 PARA J\u00d3VENES DISE\u00d1ADORES DE MODA, 12.\u00aa EDICI\u00d3N: LVMH anuncia la composici\u00f3n del Jurado para la final del 3 de septiembre | LUXONOMY","robots":{"index":"index","follow":"follow","max-snippet":"max-snippet:-1","max-image-preview":"max-image-preview:large","max-video-preview":"max-video-preview:-1"},"canonical":"https:\/\/luxonomy.net\/es\/premio-lvmh-2025-para-jovenes-disenadores-de-moda-12-a-edicion-lvmh-anuncia-la-composicion-del-jurado-para-la-final-del-3-de-septiembre\/","og_locale":"es_ES","og_type":"article","og_title":"PREMIO LVMH 2025 PARA J\u00d3VENES DISE\u00d1ADORES DE MODA, 12.\u00aa EDICI\u00d3N: LVMH anuncia la composici\u00f3n del Jurado para la final del 3 de septiembre | LUXONOMY","og_description":"Tras la semifinal del Premio LVMH del 4 y 5 de marzo, LVMH se complace en anunciar la composici\u00f3n del Jurado del Premio LVMH para J\u00f3venes Dise\u00f1adores de Moda, para la final que se llevar\u00e1 a cabo el mi\u00e9rcoles 3 de septiembre de 2025 en la Fundaci\u00f3n Louis Vuitton. Este a\u00f1o, el Jurado dar\u00e1 la&hellip;","og_url":"https:\/\/luxonomy.net\/es\/premio-lvmh-2025-para-jovenes-disenadores-de-moda-12-a-edicion-lvmh-anuncia-la-composicion-del-jurado-para-la-final-del-3-de-septiembre\/","og_site_name":"LUXONOMY","article_publisher":"https:\/\/www.facebook.com\/luxonomy","article_published_time":"2025-07-10T05:35:00+00:00","article_modified_time":"2025-07-11T11:03:54+00:00","og_image":[{"width":1876,"height":1024,"url":"https:\/\/i0.wp.com\/luxonomy.net\/wp-content\/uploads\/2025\/07\/Captura-de-pantalla-2025-07-09-a-las-20.32.25.png?fit=1876%2C1024&quality=80&ssl=1","type":"image\/png"}],"author":"Dara Bernardo","twitter_card":"summary_large_image","twitter_misc":{"Escrito por":"Dara Bernardo","Tiempo de lectura":"3 minutos"},"schema":{"@context":"https:\/\/schema.org","@graph":[{"@type":"Article","@id":"https:\/\/luxonomy.net\/es\/premio-lvmh-2025-para-jovenes-disenadores-de-moda-12-a-edicion-lvmh-anuncia-la-composicion-del-jurado-para-la-final-del-3-de-septiembre\/#article","isPartOf":{"@id":"https:\/\/luxonomy.net\/es\/premio-lvmh-2025-para-jovenes-disenadores-de-moda-12-a-edicion-lvmh-anuncia-la-composicion-del-jurado-para-la-final-del-3-de-septiembre\/"},"author":{"name":"Dara Bernardo","@id":"https:\/\/luxonomy.net\/es\/#\/schema\/person\/74504e9f212f80551761fb98f9925520"},"headline":"PREMIO LVMH 2025 PARA J\u00d3VENES DISE\u00d1ADORES DE MODA, 12.\u00aa EDICI\u00d3N: LVMH anuncia la composici\u00f3n del Jurado para la final del 3 de septiembre","datePublished":"2025-07-10T05:35:00+00:00","dateModified":"2025-07-11T11:03:54+00:00","mainEntityOfPage":{"@id":"https:\/\/luxonomy.net\/es\/premio-lvmh-2025-para-jovenes-disenadores-de-moda-12-a-edicion-lvmh-anuncia-la-composicion-del-jurado-para-la-final-del-3-de-septiembre\/"},"wordCount":447,"commentCount":0,"publisher":{"@id":"https:\/\/luxonomy.net\/es\/#organization"},"image":{"@id":"https:\/\/luxonomy.net\/es\/premio-lvmh-2025-para-jovenes-disenadores-de-moda-12-a-edicion-lvmh-anuncia-la-composicion-del-jurado-para-la-final-del-3-de-septiembre\/#primaryimage"},"thumbnailUrl":"https:\/\/i0.wp.com\/luxonomy.net\/wp-content\/uploads\/2025\/07\/Captura-de-pantalla-2025-07-09-a-las-20.32.25.png?fit=1876%2C1024&ssl=1","keywords":["Eventos","LVMH","PREMIO LVMH 2025 PARA J\u00d3VENES DISE\u00d1ADORES DE MODA"],"articleSection":["Eventos"],"inLanguage":"es","potentialAction":[{"@type":"CommentAction","name":"Comment","target":["https:\/\/luxonomy.net\/es\/premio-lvmh-2025-para-jovenes-disenadores-de-moda-12-a-edicion-lvmh-anuncia-la-composicion-del-jurado-para-la-final-del-3-de-septiembre\/#respond"]}]},{"@type":"WebPage","@id":"https:\/\/luxonomy.net\/es\/premio-lvmh-2025-para-jovenes-disenadores-de-moda-12-a-edicion-lvmh-anuncia-la-composicion-del-jurado-para-la-final-del-3-de-septiembre\/","url":"https:\/\/luxonomy.net\/es\/premio-lvmh-2025-para-jovenes-disenadores-de-moda-12-a-edicion-lvmh-anuncia-la-composicion-del-jurado-para-la-final-del-3-de-septiembre\/","name":"PREMIO LVMH 2025 PARA J\u00d3VENES DISE\u00d1ADORES DE MODA, 12.\u00aa EDICI\u00d3N: LVMH anuncia la composici\u00f3n del Jurado para la final del 3 de septiembre | LUXONOMY","isPartOf":{"@id":"https:\/\/luxonomy.net\/es\/#website"},"primaryImageOfPage":{"@id":"https:\/\/luxonomy.net\/es\/premio-lvmh-2025-para-jovenes-disenadores-de-moda-12-a-edicion-lvmh-anuncia-la-composicion-del-jurado-para-la-final-del-3-de-septiembre\/#primaryimage"},"image":{"@id":"https:\/\/luxonomy.net\/es\/premio-lvmh-2025-para-jovenes-disenadores-de-moda-12-a-edicion-lvmh-anuncia-la-composicion-del-jurado-para-la-final-del-3-de-septiembre\/#primaryimage"},"thumbnailUrl":"https:\/\/i0.wp.com\/luxonomy.net\/wp-content\/uploads\/2025\/07\/Captura-de-pantalla-2025-07-09-a-las-20.32.25.png?fit=1876%2C1024&ssl=1","datePublished":"2025-07-10T05:35:00+00:00","dateModified":"2025-07-11T11:03:54+00:00","breadcrumb":{"@id":"https:\/\/luxonomy.net\/es\/premio-lvmh-2025-para-jovenes-disenadores-de-moda-12-a-edicion-lvmh-anuncia-la-composicion-del-jurado-para-la-final-del-3-de-septiembre\/#breadcrumb"},"inLanguage":"es","potentialAction":[{"@type":"ReadAction","target":["https:\/\/luxonomy.net\/es\/premio-lvmh-2025-para-jovenes-disenadores-de-moda-12-a-edicion-lvmh-anuncia-la-composicion-del-jurado-para-la-final-del-3-de-septiembre\/"]}]},{"@type":"ImageObject","inLanguage":"es","@id":"https:\/\/luxonomy.net\/es\/premio-lvmh-2025-para-jovenes-disenadores-de-moda-12-a-edicion-lvmh-anuncia-la-composicion-del-jurado-para-la-final-del-3-de-septiembre\/#primaryimage","url":"https:\/\/i0.wp.com\/luxonomy.net\/wp-content\/uploads\/2025\/07\/Captura-de-pantalla-2025-07-09-a-las-20.32.25.png?fit=1876%2C1024&ssl=1","contentUrl":"https:\/\/i0.wp.com\/luxonomy.net\/wp-content\/uploads\/2025\/07\/Captura-de-pantalla-2025-07-09-a-las-20.32.25.png?fit=1876%2C1024&ssl=1","width":1876,"height":1024},{"@type":"BreadcrumbList","@id":"https:\/\/luxonomy.net\/es\/premio-lvmh-2025-para-jovenes-disenadores-de-moda-12-a-edicion-lvmh-anuncia-la-composicion-del-jurado-para-la-final-del-3-de-septiembre\/#breadcrumb","itemListElement":[{"@type":"ListItem","position":1,"name":"Portada","item":"https:\/\/luxonomy.net\/es\/"},{"@type":"ListItem","position":2,"name":"PREMIO LVMH 2025 PARA J\u00d3VENES DISE\u00d1ADORES DE MODA, 12.\u00aa EDICI\u00d3N: LVMH anuncia la composici\u00f3n del Jurado para la final del 3 de septiembre"}]},{"@type":"WebSite","@id":"https:\/\/luxonomy.net\/es\/#website","url":"https:\/\/luxonomy.net\/es\/","name":"LUXONOMY","description":"The Economy of Fashion &amp; Luxury","publisher":{"@id":"https:\/\/luxonomy.net\/es\/#organization"},"potentialAction":[{"@type":"SearchAction","target":{"@type":"EntryPoint","urlTemplate":"https:\/\/luxonomy.net\/es\/?s={search_term_string}"},"query-input":{"@type":"PropertyValueSpecification","valueRequired":true,"valueName":"search_term_string"}}],"inLanguage":"es"},{"@type":"Organization","@id":"https:\/\/luxonomy.net\/es\/#organization","name":"LUXONOMY","url":"https:\/\/luxonomy.net\/es\/","logo":{"@type":"ImageObject","inLanguage":"es","@id":"https:\/\/luxonomy.net\/es\/#\/schema\/logo\/image\/","url":"https:\/\/i2.wp.com\/luxonomy.net\/wp-content\/uploads\/2021\/09\/MOCKUP-TODOS-LUXONOMY.jpg?fit=1000%2C515&ssl=1","contentUrl":"https:\/\/i2.wp.com\/luxonomy.net\/wp-content\/uploads\/2021\/09\/MOCKUP-TODOS-LUXONOMY.jpg?fit=1000%2C515&ssl=1","width":1000,"height":515,"caption":"LUXONOMY"},"image":{"@id":"https:\/\/luxonomy.net\/es\/#\/schema\/logo\/image\/"},"sameAs":["https:\/\/www.facebook.com\/luxonomy","https:\/\/www.instagram.com\/luxonomy\/","https:\/\/www.linkedin.com\/company\/luxonomy\/"]},{"@type":"Person","@id":"https:\/\/luxonomy.net\/es\/#\/schema\/person\/74504e9f212f80551761fb98f9925520","name":"Dara Bernardo","image":{"@type":"ImageObject","inLanguage":"es","@id":"https:\/\/luxonomy.net\/wp-content\/litespeed\/avatar\/6210219c821657e60e23828a44456840.jpg?ver=1788581693","url":"https:\/\/luxonomy.net\/wp-content\/litespeed\/avatar\/6210219c821657e60e23828a44456840.jpg?ver=1788581693","contentUrl":"https:\/\/luxonomy.net\/wp-content\/litespeed\/avatar\/6210219c821657e60e23828a44456840.jpg?ver=1788581693","caption":"Dara Bernardo"},"description":"Managing Director at LUXONOMY\u2122 Group Middle East","sameAs":["mailto:dubai@investme.capital"],"url":"https:\/\/luxonomy.net\/es\/author\/dara-bernardo\/"}]}},"jetpack_publicize_connections":[],"jetpack_shortlink":"https:\/\/wp.me\/paPhBa-hjH","jetpack_sharing_enabled":true,"jetpack_featured_media_url":"https:\/\/i0.wp.com\/luxonomy.net\/wp-content\/uploads\/2025\/07\/Captura-de-pantalla-2025-07-09-a-las-20.32.25.png?fit=1876%2C1024&ssl=1","_links":{"self":[{"href":"https:\/\/luxonomy.net\/es\/wp-json\/wp\/v2\/posts\/66569","targetHints":{"allow":["GET"]}}],"collection":[{"href":"https:\/\/luxonomy.net\/es\/wp-json\/wp\/v2\/posts"}],"about":[{"href":"https:\/\/luxonomy.net\/es\/wp-json\/wp\/v2\/types\/post"}],"author":[{"embeddable":true,"href":"https:\/\/luxonomy.net\/es\/wp-json\/wp\/v2\/users\/13"}],"replies":[{"embeddable":true,"href":"https:\/\/luxonomy.net\/es\/wp-json\/wp\/v2\/comments?post=66569"}],"version-history":[{"count":8,"href":"https:\/\/luxonomy.net\/es\/wp-json\/wp\/v2\/posts\/66569\/revisions"}],"predecessor-version":[{"id":66587,"href":"https:\/\/luxonomy.net\/es\/wp-json\/wp\/v2\/posts\/66569\/revisions\/66587"}],"wp:featuredmedia":[{"embeddable":true,"href":"https:\/\/luxonomy.net\/es\/wp-json\/wp\/v2\/media\/66560"}],"wp:attachment":[{"href":"https:\/\/luxonomy.net\/es\/wp-json\/wp\/v2\/media?parent=66569"}],"wp:term":[{"taxonomy":"category","embeddable":true,"href":"https:\/\/luxonomy.net\/es\/wp-json\/wp\/v2\/categories?post=66569"},{"taxonomy":"post_tag","embeddable":true,"href":"https:\/\/luxonomy.net\/es\/wp-json\/wp\/v2\/tags?post=66569"},{"taxonomy":"thb-sponsors","embeddable":true,"href":"https:\/\/luxonomy.net\/es\/wp-json\/wp\/v2\/thb-sponsors?post=66569"}],"curies":[{"name":"wp","href":"https:\/\/api.w.org\/{rel}","templated":true}]}}