{"id":66464,"date":"2025-07-07T21:18:38","date_gmt":"2025-07-07T19:18:38","guid":{"rendered":"https:\/\/luxonomy.net\/?p=66464"},"modified":"2025-07-07T21:52:34","modified_gmt":"2025-07-07T19:52:34","slug":"estudiantes-de-secundaria-descubren-el-grupo-lvmh-y-sus-maisons","status":"publish","type":"post","link":"https:\/\/luxonomy.net\/es\/estudiantes-de-secundaria-descubren-el-grupo-lvmh-y-sus-maisons\/","title":{"rendered":"Estudiantes de secundaria descubren el Grupo LVMH y sus Maisons"},"content":{"rendered":"\n<section data-slice-type=\"news_content\" data-slice-variation=\"default\">\n<div class=\"flex w-full max-w-full justify-center pt-14 md:pt-18 pb-14 md:pb-18 sm:container-layout-padding\">\n<div class=\"w-full  max-w-full  container-layout-padding lg:max-w-screen-lg pt-14 pb-18 md:py-36 bg-white md:px-0 mx-auto gridLayoutPadding lg:max-w-screen-lg\">\n<div class=\"col-span-full flex flex-col gap-14 last:mb-0 sm:col-start-2 sm:col-end-8 md:col-start-3 md:col-end-11\">\n<div class=\"flex flex-col gap-14 text-left\">\n<div>\n<p class=\"heading4 typo-body-l group\">Transmisi\u00f3n de conocimiento, inspiraci\u00f3n de aspiraciones profesionales y apertura de nuevas posibilidades: LVMH despliega iniciativas concretas para promover la igualdad de oportunidades. \u00daltimo episodio: en junio de 2025, el Grupo ofreci\u00f3 a una treintena de estudiantes de secundaria una experiencia de inmersi\u00f3n profesional dise\u00f1ada como palanca de inclusi\u00f3n y orientaci\u00f3n laboral.<\/p>\n<\/div>\n<div>\n<p class=\"paragraph typo-body-l group pb-5 font-normal sm:font-light\">M\u00e1s all\u00e1 de unas simples pr\u00e1cticas de observaci\u00f3n, el Grupo ha dise\u00f1ado una experiencia rica y estructurada que permite a los j\u00f3venes comprender concretamente las carreras en lujo, artesan\u00eda, creatividad e innovaci\u00f3n. Para concluir el a\u00f1o acad\u00e9mico, los estudiantes fueron acogidos en emblem\u00e1ticos espacios de LVMH como Christian Dior Couture, Louis Vuitton, Les \u00c9chos \u2013 Le Parisien, Officine Universelle Buly, Le Bon March\u00e9, La Samaritaine, Le Jardin d\u2019Acclimatation y otros. Esta ocasi\u00f3n \u00fanica les permiti\u00f3 interactuar con profesionales dedicados, conocer la diversidad artesanal del Grupo y explorar las dimensiones del entorno profesional.<\/p>\n<p class=\"paragraph typo-body-l group pb-5 font-normal sm:font-light\">LVMH desarrolla desde hace varios a\u00f1os un programa de igualdad de oportunidades para apoyar a los j\u00f3venes en sus trayectorias formativas y laborales, mejorando el acceso a formaci\u00f3n y empleo, con especial foco en Seine-Saint-Denis:<\/p><div id=\"luxon-649522594\" class=\"luxon-3er-parrafo luxon-entity-placement\" style=\"margin-top: 20px;margin-bottom: 20px;margin-left: auto;margin-right: auto;text-align: center;\"><a href=\"https:\/\/luxonomy.university\/course\/master-turismo-de-lujo\" target=\"_blank\" aria-label=\"master-turismo-lujo-2026-2027\"><img loading=\"lazy\" decoding=\"async\" src=\"https:\/\/i0.wp.com\/luxonomy.net\/wp-content\/uploads\/2020\/07\/master-turismo-lujo-2026-2027.jpg?fit=1672%2C941&#038;ssl=1\" alt=\"\"  srcset=\"https:\/\/i0.wp.com\/luxonomy.net\/wp-content\/uploads\/2020\/07\/master-turismo-lujo-2026-2027.jpg?w=1672&ssl=1 1672w, https:\/\/i0.wp.com\/luxonomy.net\/wp-content\/uploads\/2020\/07\/master-turismo-lujo-2026-2027.jpg?resize=300%2C169&ssl=1 300w, https:\/\/i0.wp.com\/luxonomy.net\/wp-content\/uploads\/2020\/07\/master-turismo-lujo-2026-2027.jpg?resize=1024%2C576&ssl=1 1024w, https:\/\/i0.wp.com\/luxonomy.net\/wp-content\/uploads\/2020\/07\/master-turismo-lujo-2026-2027.jpg?resize=768%2C432&ssl=1 768w, https:\/\/i0.wp.com\/luxonomy.net\/wp-content\/uploads\/2020\/07\/master-turismo-lujo-2026-2027.jpg?resize=1536%2C864&ssl=1 1536w, https:\/\/i0.wp.com\/luxonomy.net\/wp-content\/uploads\/2020\/07\/master-turismo-lujo-2026-2027.jpg?resize=370%2C208&ssl=1 370w, https:\/\/i0.wp.com\/luxonomy.net\/wp-content\/uploads\/2020\/07\/master-turismo-lujo-2026-2027.jpg?resize=800%2C450&ssl=1 800w, https:\/\/i0.wp.com\/luxonomy.net\/wp-content\/uploads\/2020\/07\/master-turismo-lujo-2026-2027.jpg?resize=20%2C11&ssl=1 20w, https:\/\/i0.wp.com\/luxonomy.net\/wp-content\/uploads\/2020\/07\/master-turismo-lujo-2026-2027.jpg?resize=740%2C416&ssl=1 740w, https:\/\/i0.wp.com\/luxonomy.net\/wp-content\/uploads\/2020\/07\/master-turismo-lujo-2026-2027.jpg?resize=1600%2C900&ssl=1 1600w, https:\/\/i0.wp.com\/luxonomy.net\/wp-content\/uploads\/2020\/07\/master-turismo-lujo-2026-2027.jpg?resize=1200%2C675&ssl=1 1200w, https:\/\/i0.wp.com\/luxonomy.net\/wp-content\/uploads\/2020\/07\/master-turismo-lujo-2026-2027.jpg?resize=85%2C48&ssl=1 85w\" sizes=\"(max-width: 1170px) 100vw, 1170px\" class=\"no-lazyload\" width=\"1672\" height=\"941\"   \/><\/a><\/div>\n<ul>\n<li class=\"richtext-li paragraph typo-body-m ml-4 list-outside list-disc [&amp;:has(br)]:mb-4\">En 2024 se ofrecieron pr\u00e1cticas de descubrimiento a 150 estudiantes de secundaria, junto con visitas a las Maisons del Grupo para explorar carreras en lujo, creaci\u00f3n y patrimonio.<\/li>\n<li class=\"richtext-li paragraph typo-body-m ml-4 list-outside list-disc [&amp;:has(br)]:mb-4\">Invitaciones a VivaTech 2025 permitieron a estudiantes del Lyc\u00e9e Alfred Nobel de Clichy-sous-Bois descubrir tendencias tecnol\u00f3gicas emergentes, explorar profesiones de futuro y cultivar aspiraciones profesionales.<\/li>\n<li class=\"richtext-li paragraph typo-body-m ml-4 list-outside list-disc [&amp;:has(br)]:mb-4\">Alianza con Sciences Po mediante las Convenciones de Educaci\u00f3n Prioritaria (Conventions \u00c9ducation Prioritaire), que facilita acceso a educaci\u00f3n superior con becas y mentor\u00edas.<\/li>\n<li class=\"richtext-li paragraph typo-body-m ml-4 list-outside list-disc [&amp;:has(br)]:mb-4\">El programa You &#038; ME, lanzado en 2015 en Clichy-sous-Bois, combina talleres inmersivos, encuentros con artesanos y oportunidades de aprendizaje y empleo.<\/li>\n<li class=\"richtext-li paragraph typo-body-m ml-4 list-outside list-disc [&amp;:has(br)]:mb-4\">La iniciativa LIVE (<em>El Instituto para las Vocaciones y el Empleo<\/em>), creada en 2019, apoya a mayores de 25 a\u00f1os fuera del mercado laboral durante al menos un a\u00f1o, gui\u00e1ndoles en nuevas trayectorias profesionales.&nbsp;<\/li>\n<li class=\"richtext-li paragraph typo-body-m ml-4 list-outside list-disc [&amp;:has(br)]:mb-4\">Desde 2007, LVMH colabora con la asociaci\u00f3n Nos Quartiers ont des Talents (Nuestros Barrios tienen Talento\/NQT), de cuyo directorio forma parte. NQT promueve igualdad de oportunidades apoyando a j\u00f3venes graduados menores de 30 a\u00f1os de entornos desfavorecidos. LVMH facilita que sus empleados ejerzan como mentores. En 2024, m\u00e1s de 200 empleados del Grupo mentorizaron a j\u00f3venes graduados.<\/li>\n<li class=\"richtext-li paragraph typo-body-m ml-4 list-outside list-disc [&amp;:has(br)]:mb-4\">El Grupo tambi\u00e9n cofund\u00f3 ARPEJEH (<em>Apoyo a los Proyectos Educativos de J\u00f3venes Estudiantes con Discapacidad<\/em>), que re\u00fane a m\u00e1s de cien empresas comprometidas con la formaci\u00f3n de j\u00f3venes con discapacidad.<\/li>\n<\/ul>\n<p class=\"paragraph typo-body-l group pb-5 font-normal sm:font-light\">Programas similares se implementan en todas nuestras regiones. Con este compromiso continuo, LVMH refuerza su dedicaci\u00f3n a fomentar diversidad en trayectorias profesionales, impulsar el intercambio de conocimiento y apoyar la inclusi\u00f3n social, ejes centrales de su estrategia de responsabilidad corporativa.<\/p>\n<\/div>\n<\/div>\n<\/div>\n<\/div>\n<\/div>\n<\/section>\n","protected":false},"excerpt":{"rendered":"<p>Transmisi\u00f3n de conocimiento, inspiraci\u00f3n de aspiraciones profesionales y apertura de nuevas posibilidades: LVMH despliega iniciativas concretas para promover la igualdad de oportunidades. \u00daltimo episodio: en junio de 2025, el Grupo ofreci\u00f3 a una treintena de estudiantes de secundaria una experiencia de inmersi\u00f3n profesional dise\u00f1ada como palanca de inclusi\u00f3n y orientaci\u00f3n laboral. M\u00e1s all\u00e1 de unas&hellip;<\/p>\n","protected":false},"author":11,"featured_media":66460,"comment_status":"open","ping_status":"open","sticky":false,"template":"","format":"standard","meta":{"_jetpack_newsletter_access":"","_jetpack_dont_email_post_to_subs":false,"_jetpack_newsletter_tier_id":0,"_jetpack_memberships_contains_paywalled_content":false,"_jetpack_feature_clip_id":0,"_jetpack_memberships_contains_paid_content":false,"footnotes":"","jetpack_publicize_message":"","jetpack_publicize_feature_enabled":false,"jetpack_social_post_already_shared":false,"jetpack_social_options":{"image_generator_settings":{"template":"edge","default_image_id":0,"enabled":true,"token":"eyJpbWciOiJodHRwczpcL1wvbHV4b25vbXkubmV0XC93cC1jb250ZW50XC91cGxvYWRzXC8yMDI1XC8wN1wvQ2FwdHVyYS1kZS1wYW50YWxsYS0yMDI1LTA3LTA3LWEtbGFzLTIxLjE0LjAzLTEwMjR4Njc4LnBuZyIsInR4dCI6IkVzdHVkaWFudGVzIGRlIHNlY3VuZGFyaWEgZGVzY3VicmVuIGVsIEdydXBvIExWTUggeSBzdXMgTWFpc29ucyIsInRlbXBsYXRlIjoiZWRnZSIsImJsb2dfaWQiOjE1OTk4NTc0MH0.19iv0vC824fNgKjW9oz0f3PDya02b22R7FnnX0fZ0UsMQ"},"version":2},"jetpack_post_was_ever_published":false},"categories":[227],"tags":[585],"thb-sponsors":[],"class_list":["post-66464","post","type-post","status-publish","format-standard","has-post-thumbnail","hentry","category-eventos","tag-lvmh"],"yoast_head":"<!-- This site is optimized with the Yoast SEO plugin v28.4 - https:\/\/yoast.com\/product\/yoast-seo-wordpress\/ -->\n<title>Estudiantes de secundaria descubren el Grupo LVMH y sus Maisons | LUXONOMY<\/title>\n<meta name=\"robots\" content=\"index, follow, max-snippet:-1, max-image-preview:large, max-video-preview:-1\" \/>\n<link rel=\"canonical\" href=\"https:\/\/luxonomy.net\/es\/estudiantes-de-secundaria-descubren-el-grupo-lvmh-y-sus-maisons\/\" \/>\n<meta property=\"og:locale\" content=\"es_ES\" \/>\n<meta property=\"og:type\" content=\"article\" \/>\n<meta property=\"og:title\" content=\"Estudiantes de secundaria descubren el Grupo LVMH y sus Maisons | LUXONOMY\" \/>\n<meta property=\"og:description\" content=\"Transmisi\u00f3n de conocimiento, inspiraci\u00f3n de aspiraciones profesionales y apertura de nuevas posibilidades: LVMH despliega iniciativas concretas para promover la igualdad de oportunidades. \u00daltimo episodio: en junio de 2025, el Grupo ofreci\u00f3 a una treintena de estudiantes de secundaria una experiencia de inmersi\u00f3n profesional dise\u00f1ada como palanca de inclusi\u00f3n y orientaci\u00f3n laboral. M\u00e1s all\u00e1 de unas&hellip;\" \/>\n<meta property=\"og:url\" content=\"https:\/\/luxonomy.net\/es\/estudiantes-de-secundaria-descubren-el-grupo-lvmh-y-sus-maisons\/\" \/>\n<meta property=\"og:site_name\" content=\"LUXONOMY\" \/>\n<meta property=\"article:publisher\" content=\"https:\/\/www.facebook.com\/luxonomy\" \/>\n<meta property=\"article:published_time\" content=\"2025-07-07T19:18:38+00:00\" \/>\n<meta property=\"article:modified_time\" content=\"2025-07-07T19:52:34+00:00\" \/>\n<meta property=\"og:image\" content=\"https:\/\/luxonomy.net\/wp-content\/uploads\/2025\/07\/Captura-de-pantalla-2025-07-07-a-las-21.14.03-1024x678.png\" \/>\n\t<meta property=\"og:image:width\" content=\"1024\" \/>\n\t<meta property=\"og:image:height\" content=\"678\" \/>\n\t<meta property=\"og:image:type\" content=\"image\/png\" \/>\n<meta name=\"author\" content=\"Kristi Ellis\" \/>\n<meta name=\"twitter:card\" content=\"summary_large_image\" \/>\n<meta name=\"twitter:label1\" content=\"Escrito por\" \/>\n\t<meta name=\"twitter:data1\" content=\"Kristi Ellis\" \/>\n\t<meta name=\"twitter:label2\" content=\"Tiempo de lectura\" \/>\n\t<meta name=\"twitter:data2\" content=\"3 minutos\" \/>\n<script type=\"application\/ld+json\" class=\"yoast-schema-graph\">{\"@context\":\"https:\\\/\\\/schema.org\",\"@graph\":[{\"@type\":\"Article\",\"@id\":\"https:\\\/\\\/luxonomy.net\\\/es\\\/estudiantes-de-secundaria-descubren-el-grupo-lvmh-y-sus-maisons\\\/#article\",\"isPartOf\":{\"@id\":\"https:\\\/\\\/luxonomy.net\\\/es\\\/estudiantes-de-secundaria-descubren-el-grupo-lvmh-y-sus-maisons\\\/\"},\"author\":{\"name\":\"Kristi Ellis\",\"@id\":\"https:\\\/\\\/luxonomy.net\\\/es\\\/#\\\/schema\\\/person\\\/1a813e5ec518f582af236d6344aa6c01\"},\"headline\":\"Estudiantes de secundaria descubren el Grupo LVMH y sus Maisons\",\"datePublished\":\"2025-07-07T19:18:38+00:00\",\"dateModified\":\"2025-07-07T19:52:34+00:00\",\"mainEntityOfPage\":{\"@id\":\"https:\\\/\\\/luxonomy.net\\\/es\\\/estudiantes-de-secundaria-descubren-el-grupo-lvmh-y-sus-maisons\\\/\"},\"wordCount\":480,\"commentCount\":0,\"publisher\":{\"@id\":\"https:\\\/\\\/luxonomy.net\\\/es\\\/#organization\"},\"image\":{\"@id\":\"https:\\\/\\\/luxonomy.net\\\/es\\\/estudiantes-de-secundaria-descubren-el-grupo-lvmh-y-sus-maisons\\\/#primaryimage\"},\"thumbnailUrl\":\"https:\\\/\\\/i0.wp.com\\\/luxonomy.net\\\/wp-content\\\/uploads\\\/2025\\\/07\\\/Captura-de-pantalla-2025-07-07-a-las-21.14.03.png?fit=1434%2C950&ssl=1\",\"keywords\":[\"LVMH\"],\"articleSection\":[\"Eventos\"],\"inLanguage\":\"es\",\"potentialAction\":[{\"@type\":\"CommentAction\",\"name\":\"Comment\",\"target\":[\"https:\\\/\\\/luxonomy.net\\\/es\\\/estudiantes-de-secundaria-descubren-el-grupo-lvmh-y-sus-maisons\\\/#respond\"]}]},{\"@type\":\"WebPage\",\"@id\":\"https:\\\/\\\/luxonomy.net\\\/es\\\/estudiantes-de-secundaria-descubren-el-grupo-lvmh-y-sus-maisons\\\/\",\"url\":\"https:\\\/\\\/luxonomy.net\\\/es\\\/estudiantes-de-secundaria-descubren-el-grupo-lvmh-y-sus-maisons\\\/\",\"name\":\"Estudiantes de secundaria descubren el Grupo LVMH y sus Maisons | LUXONOMY\",\"isPartOf\":{\"@id\":\"https:\\\/\\\/luxonomy.net\\\/es\\\/#website\"},\"primaryImageOfPage\":{\"@id\":\"https:\\\/\\\/luxonomy.net\\\/es\\\/estudiantes-de-secundaria-descubren-el-grupo-lvmh-y-sus-maisons\\\/#primaryimage\"},\"image\":{\"@id\":\"https:\\\/\\\/luxonomy.net\\\/es\\\/estudiantes-de-secundaria-descubren-el-grupo-lvmh-y-sus-maisons\\\/#primaryimage\"},\"thumbnailUrl\":\"https:\\\/\\\/i0.wp.com\\\/luxonomy.net\\\/wp-content\\\/uploads\\\/2025\\\/07\\\/Captura-de-pantalla-2025-07-07-a-las-21.14.03.png?fit=1434%2C950&ssl=1\",\"datePublished\":\"2025-07-07T19:18:38+00:00\",\"dateModified\":\"2025-07-07T19:52:34+00:00\",\"breadcrumb\":{\"@id\":\"https:\\\/\\\/luxonomy.net\\\/es\\\/estudiantes-de-secundaria-descubren-el-grupo-lvmh-y-sus-maisons\\\/#breadcrumb\"},\"inLanguage\":\"es\",\"potentialAction\":[{\"@type\":\"ReadAction\",\"target\":[\"https:\\\/\\\/luxonomy.net\\\/es\\\/estudiantes-de-secundaria-descubren-el-grupo-lvmh-y-sus-maisons\\\/\"]}]},{\"@type\":\"ImageObject\",\"inLanguage\":\"es\",\"@id\":\"https:\\\/\\\/luxonomy.net\\\/es\\\/estudiantes-de-secundaria-descubren-el-grupo-lvmh-y-sus-maisons\\\/#primaryimage\",\"url\":\"https:\\\/\\\/i0.wp.com\\\/luxonomy.net\\\/wp-content\\\/uploads\\\/2025\\\/07\\\/Captura-de-pantalla-2025-07-07-a-las-21.14.03.png?fit=1434%2C950&ssl=1\",\"contentUrl\":\"https:\\\/\\\/i0.wp.com\\\/luxonomy.net\\\/wp-content\\\/uploads\\\/2025\\\/07\\\/Captura-de-pantalla-2025-07-07-a-las-21.14.03.png?fit=1434%2C950&ssl=1\",\"width\":1434,\"height\":950},{\"@type\":\"BreadcrumbList\",\"@id\":\"https:\\\/\\\/luxonomy.net\\\/es\\\/estudiantes-de-secundaria-descubren-el-grupo-lvmh-y-sus-maisons\\\/#breadcrumb\",\"itemListElement\":[{\"@type\":\"ListItem\",\"position\":1,\"name\":\"Portada\",\"item\":\"https:\\\/\\\/luxonomy.net\\\/es\\\/\"},{\"@type\":\"ListItem\",\"position\":2,\"name\":\"Estudiantes de secundaria descubren el Grupo LVMH y sus Maisons\"}]},{\"@type\":\"WebSite\",\"@id\":\"https:\\\/\\\/luxonomy.net\\\/es\\\/#website\",\"url\":\"https:\\\/\\\/luxonomy.net\\\/es\\\/\",\"name\":\"LUXONOMY\",\"description\":\"The Economy of Fashion &amp; Luxury\",\"publisher\":{\"@id\":\"https:\\\/\\\/luxonomy.net\\\/es\\\/#organization\"},\"potentialAction\":[{\"@type\":\"SearchAction\",\"target\":{\"@type\":\"EntryPoint\",\"urlTemplate\":\"https:\\\/\\\/luxonomy.net\\\/es\\\/?s={search_term_string}\"},\"query-input\":{\"@type\":\"PropertyValueSpecification\",\"valueRequired\":true,\"valueName\":\"search_term_string\"}}],\"inLanguage\":\"es\"},{\"@type\":\"Organization\",\"@id\":\"https:\\\/\\\/luxonomy.net\\\/es\\\/#organization\",\"name\":\"LUXONOMY\",\"url\":\"https:\\\/\\\/luxonomy.net\\\/es\\\/\",\"logo\":{\"@type\":\"ImageObject\",\"inLanguage\":\"es\",\"@id\":\"https:\\\/\\\/luxonomy.net\\\/es\\\/#\\\/schema\\\/logo\\\/image\\\/\",\"url\":\"https:\\\/\\\/i2.wp.com\\\/luxonomy.net\\\/wp-content\\\/uploads\\\/2021\\\/09\\\/MOCKUP-TODOS-LUXONOMY.jpg?fit=1000%2C515&ssl=1\",\"contentUrl\":\"https:\\\/\\\/i2.wp.com\\\/luxonomy.net\\\/wp-content\\\/uploads\\\/2021\\\/09\\\/MOCKUP-TODOS-LUXONOMY.jpg?fit=1000%2C515&ssl=1\",\"width\":1000,\"height\":515,\"caption\":\"LUXONOMY\"},\"image\":{\"@id\":\"https:\\\/\\\/luxonomy.net\\\/es\\\/#\\\/schema\\\/logo\\\/image\\\/\"},\"sameAs\":[\"https:\\\/\\\/www.facebook.com\\\/luxonomy\",\"https:\\\/\\\/www.instagram.com\\\/luxonomy\\\/\",\"https:\\\/\\\/www.linkedin.com\\\/company\\\/luxonomy\\\/\"]},{\"@type\":\"Person\",\"@id\":\"https:\\\/\\\/luxonomy.net\\\/es\\\/#\\\/schema\\\/person\\\/1a813e5ec518f582af236d6344aa6c01\",\"name\":\"Kristi Ellis\",\"image\":{\"@type\":\"ImageObject\",\"inLanguage\":\"es\",\"@id\":\"https:\\\/\\\/luxonomy.net\\\/wp-content\\\/litespeed\\\/avatar\\\/ae0c58256b980352bba3c97a8f9abe32.jpg?ver=1787975034\",\"url\":\"https:\\\/\\\/luxonomy.net\\\/wp-content\\\/litespeed\\\/avatar\\\/ae0c58256b980352bba3c97a8f9abe32.jpg?ver=1787975034\",\"contentUrl\":\"https:\\\/\\\/luxonomy.net\\\/wp-content\\\/litespeed\\\/avatar\\\/ae0c58256b980352bba3c97a8f9abe32.jpg?ver=1787975034\",\"caption\":\"Kristi Ellis\"},\"url\":\"https:\\\/\\\/luxonomy.net\\\/es\\\/author\\\/kristi-ellis\\\/\"}]}<\/script>\n<!-- \/ Yoast SEO plugin. -->","yoast_head_json":{"title":"Estudiantes de secundaria descubren el Grupo LVMH y sus Maisons | LUXONOMY","robots":{"index":"index","follow":"follow","max-snippet":"max-snippet:-1","max-image-preview":"max-image-preview:large","max-video-preview":"max-video-preview:-1"},"canonical":"https:\/\/luxonomy.net\/es\/estudiantes-de-secundaria-descubren-el-grupo-lvmh-y-sus-maisons\/","og_locale":"es_ES","og_type":"article","og_title":"Estudiantes de secundaria descubren el Grupo LVMH y sus Maisons | LUXONOMY","og_description":"Transmisi\u00f3n de conocimiento, inspiraci\u00f3n de aspiraciones profesionales y apertura de nuevas posibilidades: LVMH despliega iniciativas concretas para promover la igualdad de oportunidades. \u00daltimo episodio: en junio de 2025, el Grupo ofreci\u00f3 a una treintena de estudiantes de secundaria una experiencia de inmersi\u00f3n profesional dise\u00f1ada como palanca de inclusi\u00f3n y orientaci\u00f3n laboral. M\u00e1s all\u00e1 de unas&hellip;","og_url":"https:\/\/luxonomy.net\/es\/estudiantes-de-secundaria-descubren-el-grupo-lvmh-y-sus-maisons\/","og_site_name":"LUXONOMY","article_publisher":"https:\/\/www.facebook.com\/luxonomy","article_published_time":"2025-07-07T19:18:38+00:00","article_modified_time":"2025-07-07T19:52:34+00:00","og_image":[{"width":1024,"height":678,"url":"https:\/\/luxonomy.net\/wp-content\/uploads\/2025\/07\/Captura-de-pantalla-2025-07-07-a-las-21.14.03-1024x678.png","type":"image\/png"}],"author":"Kristi Ellis","twitter_card":"summary_large_image","twitter_misc":{"Escrito por":"Kristi Ellis","Tiempo de lectura":"3 minutos"},"schema":{"@context":"https:\/\/schema.org","@graph":[{"@type":"Article","@id":"https:\/\/luxonomy.net\/es\/estudiantes-de-secundaria-descubren-el-grupo-lvmh-y-sus-maisons\/#article","isPartOf":{"@id":"https:\/\/luxonomy.net\/es\/estudiantes-de-secundaria-descubren-el-grupo-lvmh-y-sus-maisons\/"},"author":{"name":"Kristi Ellis","@id":"https:\/\/luxonomy.net\/es\/#\/schema\/person\/1a813e5ec518f582af236d6344aa6c01"},"headline":"Estudiantes de secundaria descubren el Grupo LVMH y sus Maisons","datePublished":"2025-07-07T19:18:38+00:00","dateModified":"2025-07-07T19:52:34+00:00","mainEntityOfPage":{"@id":"https:\/\/luxonomy.net\/es\/estudiantes-de-secundaria-descubren-el-grupo-lvmh-y-sus-maisons\/"},"wordCount":480,"commentCount":0,"publisher":{"@id":"https:\/\/luxonomy.net\/es\/#organization"},"image":{"@id":"https:\/\/luxonomy.net\/es\/estudiantes-de-secundaria-descubren-el-grupo-lvmh-y-sus-maisons\/#primaryimage"},"thumbnailUrl":"https:\/\/i0.wp.com\/luxonomy.net\/wp-content\/uploads\/2025\/07\/Captura-de-pantalla-2025-07-07-a-las-21.14.03.png?fit=1434%2C950&ssl=1","keywords":["LVMH"],"articleSection":["Eventos"],"inLanguage":"es","potentialAction":[{"@type":"CommentAction","name":"Comment","target":["https:\/\/luxonomy.net\/es\/estudiantes-de-secundaria-descubren-el-grupo-lvmh-y-sus-maisons\/#respond"]}]},{"@type":"WebPage","@id":"https:\/\/luxonomy.net\/es\/estudiantes-de-secundaria-descubren-el-grupo-lvmh-y-sus-maisons\/","url":"https:\/\/luxonomy.net\/es\/estudiantes-de-secundaria-descubren-el-grupo-lvmh-y-sus-maisons\/","name":"Estudiantes de secundaria descubren el Grupo LVMH y sus Maisons | LUXONOMY","isPartOf":{"@id":"https:\/\/luxonomy.net\/es\/#website"},"primaryImageOfPage":{"@id":"https:\/\/luxonomy.net\/es\/estudiantes-de-secundaria-descubren-el-grupo-lvmh-y-sus-maisons\/#primaryimage"},"image":{"@id":"https:\/\/luxonomy.net\/es\/estudiantes-de-secundaria-descubren-el-grupo-lvmh-y-sus-maisons\/#primaryimage"},"thumbnailUrl":"https:\/\/i0.wp.com\/luxonomy.net\/wp-content\/uploads\/2025\/07\/Captura-de-pantalla-2025-07-07-a-las-21.14.03.png?fit=1434%2C950&ssl=1","datePublished":"2025-07-07T19:18:38+00:00","dateModified":"2025-07-07T19:52:34+00:00","breadcrumb":{"@id":"https:\/\/luxonomy.net\/es\/estudiantes-de-secundaria-descubren-el-grupo-lvmh-y-sus-maisons\/#breadcrumb"},"inLanguage":"es","potentialAction":[{"@type":"ReadAction","target":["https:\/\/luxonomy.net\/es\/estudiantes-de-secundaria-descubren-el-grupo-lvmh-y-sus-maisons\/"]}]},{"@type":"ImageObject","inLanguage":"es","@id":"https:\/\/luxonomy.net\/es\/estudiantes-de-secundaria-descubren-el-grupo-lvmh-y-sus-maisons\/#primaryimage","url":"https:\/\/i0.wp.com\/luxonomy.net\/wp-content\/uploads\/2025\/07\/Captura-de-pantalla-2025-07-07-a-las-21.14.03.png?fit=1434%2C950&ssl=1","contentUrl":"https:\/\/i0.wp.com\/luxonomy.net\/wp-content\/uploads\/2025\/07\/Captura-de-pantalla-2025-07-07-a-las-21.14.03.png?fit=1434%2C950&ssl=1","width":1434,"height":950},{"@type":"BreadcrumbList","@id":"https:\/\/luxonomy.net\/es\/estudiantes-de-secundaria-descubren-el-grupo-lvmh-y-sus-maisons\/#breadcrumb","itemListElement":[{"@type":"ListItem","position":1,"name":"Portada","item":"https:\/\/luxonomy.net\/es\/"},{"@type":"ListItem","position":2,"name":"Estudiantes de secundaria descubren el Grupo LVMH y sus Maisons"}]},{"@type":"WebSite","@id":"https:\/\/luxonomy.net\/es\/#website","url":"https:\/\/luxonomy.net\/es\/","name":"LUXONOMY","description":"The Economy of Fashion &amp; Luxury","publisher":{"@id":"https:\/\/luxonomy.net\/es\/#organization"},"potentialAction":[{"@type":"SearchAction","target":{"@type":"EntryPoint","urlTemplate":"https:\/\/luxonomy.net\/es\/?s={search_term_string}"},"query-input":{"@type":"PropertyValueSpecification","valueRequired":true,"valueName":"search_term_string"}}],"inLanguage":"es"},{"@type":"Organization","@id":"https:\/\/luxonomy.net\/es\/#organization","name":"LUXONOMY","url":"https:\/\/luxonomy.net\/es\/","logo":{"@type":"ImageObject","inLanguage":"es","@id":"https:\/\/luxonomy.net\/es\/#\/schema\/logo\/image\/","url":"https:\/\/i2.wp.com\/luxonomy.net\/wp-content\/uploads\/2021\/09\/MOCKUP-TODOS-LUXONOMY.jpg?fit=1000%2C515&ssl=1","contentUrl":"https:\/\/i2.wp.com\/luxonomy.net\/wp-content\/uploads\/2021\/09\/MOCKUP-TODOS-LUXONOMY.jpg?fit=1000%2C515&ssl=1","width":1000,"height":515,"caption":"LUXONOMY"},"image":{"@id":"https:\/\/luxonomy.net\/es\/#\/schema\/logo\/image\/"},"sameAs":["https:\/\/www.facebook.com\/luxonomy","https:\/\/www.instagram.com\/luxonomy\/","https:\/\/www.linkedin.com\/company\/luxonomy\/"]},{"@type":"Person","@id":"https:\/\/luxonomy.net\/es\/#\/schema\/person\/1a813e5ec518f582af236d6344aa6c01","name":"Kristi Ellis","image":{"@type":"ImageObject","inLanguage":"es","@id":"https:\/\/luxonomy.net\/wp-content\/litespeed\/avatar\/ae0c58256b980352bba3c97a8f9abe32.jpg?ver=1787975034","url":"https:\/\/luxonomy.net\/wp-content\/litespeed\/avatar\/ae0c58256b980352bba3c97a8f9abe32.jpg?ver=1787975034","contentUrl":"https:\/\/luxonomy.net\/wp-content\/litespeed\/avatar\/ae0c58256b980352bba3c97a8f9abe32.jpg?ver=1787975034","caption":"Kristi Ellis"},"url":"https:\/\/luxonomy.net\/es\/author\/kristi-ellis\/"}]}},"jetpack_publicize_connections":[],"jetpack_shortlink":"https:\/\/wp.me\/paPhBa-hi0","jetpack_sharing_enabled":true,"jetpack_featured_media_url":"https:\/\/i0.wp.com\/luxonomy.net\/wp-content\/uploads\/2025\/07\/Captura-de-pantalla-2025-07-07-a-las-21.14.03.png?fit=1434%2C950&ssl=1","_links":{"self":[{"href":"https:\/\/luxonomy.net\/es\/wp-json\/wp\/v2\/posts\/66464","targetHints":{"allow":["GET"]}}],"collection":[{"href":"https:\/\/luxonomy.net\/es\/wp-json\/wp\/v2\/posts"}],"about":[{"href":"https:\/\/luxonomy.net\/es\/wp-json\/wp\/v2\/types\/post"}],"author":[{"embeddable":true,"href":"https:\/\/luxonomy.net\/es\/wp-json\/wp\/v2\/users\/11"}],"replies":[{"embeddable":true,"href":"https:\/\/luxonomy.net\/es\/wp-json\/wp\/v2\/comments?post=66464"}],"version-history":[{"count":1,"href":"https:\/\/luxonomy.net\/es\/wp-json\/wp\/v2\/posts\/66464\/revisions"}],"predecessor-version":[{"id":66465,"href":"https:\/\/luxonomy.net\/es\/wp-json\/wp\/v2\/posts\/66464\/revisions\/66465"}],"wp:featuredmedia":[{"embeddable":true,"href":"https:\/\/luxonomy.net\/es\/wp-json\/wp\/v2\/media\/66460"}],"wp:attachment":[{"href":"https:\/\/luxonomy.net\/es\/wp-json\/wp\/v2\/media?parent=66464"}],"wp:term":[{"taxonomy":"category","embeddable":true,"href":"https:\/\/luxonomy.net\/es\/wp-json\/wp\/v2\/categories?post=66464"},{"taxonomy":"post_tag","embeddable":true,"href":"https:\/\/luxonomy.net\/es\/wp-json\/wp\/v2\/tags?post=66464"},{"taxonomy":"thb-sponsors","embeddable":true,"href":"https:\/\/luxonomy.net\/es\/wp-json\/wp\/v2\/thb-sponsors?post=66464"}],"curies":[{"name":"wp","href":"https:\/\/api.w.org\/{rel}","templated":true}]}}