{"id":66450,"date":"2025-07-08T11:19:00","date_gmt":"2025-07-08T09:19:00","guid":{"rendered":"https:\/\/luxonomy.net\/?p=66450"},"modified":"2025-07-09T13:42:44","modified_gmt":"2025-07-09T11:42:44","slug":"bvlgari-presenta-polychroma-coleccion-homenaje-al-poder-transformador-del-color","status":"publish","type":"post","link":"https:\/\/luxonomy.net\/es\/bvlgari-presenta-polychroma-coleccion-homenaje-al-poder-transformador-del-color\/","title":{"rendered":"Bvlgari presenta Polychroma: colecci\u00f3n homenaje al poder transformador del color"},"content":{"rendered":"\n<p class=\"ds-markdown-paragraph\"><strong>Bvlgari revela su \u00faltimo cap\u00edtulo en Alta Joyer\u00eda y Relojer\u00eda de Alta Gama con Polychroma: una oda audaz y multifac\u00e9tica a la infinita riqueza del color, la pluralidad, el polimorfismo y la multidimensionalidad.<\/strong><\/p>\n<p class=\"ds-markdown-paragraph\">Inspir\u00e1ndose en las ra\u00edces romanas de la Maison y su audacia art\u00edstica, Polychroma redefine los c\u00f3digos del lujo a trav\u00e9s de un universo caleidosc\u00f3pico de artesan\u00eda excepcional y resonancia emocional.<\/p>\n<p class=\"ds-markdown-paragraph\">Con ra\u00edces en el griego\u00a0<em>poly<\/em>\u00a0(&#8220;multitud&#8221;) y\u00a0<em>chroma<\/em>\u00a0(&#8220;colores&#8221;), coronado por un gui\u00f1o a Roma, la Ciudad Eterna,\u00a0<strong>Polychroma trasciende su nombre<\/strong>\u00a0para convertirse en declaraci\u00f3n de la pasi\u00f3n de Bvlgari por la expresi\u00f3n crom\u00e1tica y la pluralidad creativa. En el coraz\u00f3n de la colecci\u00f3n late la fabulosa\u00a0<strong>Galer\u00eda de las Maravillas<\/strong>: cinco obras maestras de Alta Joyer\u00eda sin parang\u00f3n que encarnan el poder transformador de la Maison para convertir las gemas m\u00e1s raras de la naturaleza en vibrantes obras de arte.<\/p><div id=\"luxon-3710515542\" class=\"luxon-3er-parrafo luxon-entity-placement\" style=\"margin-top: 20px;margin-bottom: 20px;margin-left: auto;margin-right: auto;text-align: center;\"><a href=\"https:\/\/luxonomy.university\/course\/master-turismo-de-lujo\" target=\"_blank\" aria-label=\"master-turismo-lujo-2026-2027\"><img loading=\"lazy\" decoding=\"async\" src=\"https:\/\/i0.wp.com\/luxonomy.net\/wp-content\/uploads\/2020\/07\/master-turismo-lujo-2026-2027.jpg?fit=1672%2C941&#038;ssl=1\" alt=\"\"  srcset=\"https:\/\/i0.wp.com\/luxonomy.net\/wp-content\/uploads\/2020\/07\/master-turismo-lujo-2026-2027.jpg?w=1672&ssl=1 1672w, https:\/\/i0.wp.com\/luxonomy.net\/wp-content\/uploads\/2020\/07\/master-turismo-lujo-2026-2027.jpg?resize=300%2C169&ssl=1 300w, https:\/\/i0.wp.com\/luxonomy.net\/wp-content\/uploads\/2020\/07\/master-turismo-lujo-2026-2027.jpg?resize=1024%2C576&ssl=1 1024w, https:\/\/i0.wp.com\/luxonomy.net\/wp-content\/uploads\/2020\/07\/master-turismo-lujo-2026-2027.jpg?resize=768%2C432&ssl=1 768w, https:\/\/i0.wp.com\/luxonomy.net\/wp-content\/uploads\/2020\/07\/master-turismo-lujo-2026-2027.jpg?resize=1536%2C864&ssl=1 1536w, https:\/\/i0.wp.com\/luxonomy.net\/wp-content\/uploads\/2020\/07\/master-turismo-lujo-2026-2027.jpg?resize=370%2C208&ssl=1 370w, https:\/\/i0.wp.com\/luxonomy.net\/wp-content\/uploads\/2020\/07\/master-turismo-lujo-2026-2027.jpg?resize=800%2C450&ssl=1 800w, https:\/\/i0.wp.com\/luxonomy.net\/wp-content\/uploads\/2020\/07\/master-turismo-lujo-2026-2027.jpg?resize=20%2C11&ssl=1 20w, https:\/\/i0.wp.com\/luxonomy.net\/wp-content\/uploads\/2020\/07\/master-turismo-lujo-2026-2027.jpg?resize=740%2C416&ssl=1 740w, https:\/\/i0.wp.com\/luxonomy.net\/wp-content\/uploads\/2020\/07\/master-turismo-lujo-2026-2027.jpg?resize=1600%2C900&ssl=1 1600w, https:\/\/i0.wp.com\/luxonomy.net\/wp-content\/uploads\/2020\/07\/master-turismo-lujo-2026-2027.jpg?resize=1200%2C675&ssl=1 1200w, https:\/\/i0.wp.com\/luxonomy.net\/wp-content\/uploads\/2020\/07\/master-turismo-lujo-2026-2027.jpg?resize=85%2C48&ssl=1 85w\" sizes=\"(max-width: 1170px) 100vw, 1170px\" class=\"no-lazyload\" width=\"1672\" height=\"941\"   \/><\/a><\/div>\n<p class=\"ds-markdown-paragraph\">Con una selecci\u00f3n de\u00a0<strong>600 piezas magistrales<\/strong>\u00a0\u2013incluidas\u00a0<strong>250 creaciones nuevas<\/strong>\u00a0de Alta Joyer\u00eda y Relojer\u00eda de Alta Gama, y\u00a0<strong>60 piezas millonarias<\/strong>\u2013 Polychroma alcanza la c\u00faspide de la audacia y el virtuosismo. Un total impresionante de\u00a0<strong>56 gemas talladas en 16 formas<\/strong>\u00a0\u2013desde cabuj\u00f3n hasta\u00a0<em>buff top<\/em>\u2013 celebran los dones naturales elevados por la excelencia artesanal.<\/p>\n<p class=\"ds-markdown-paragraph\">Esta maestr\u00eda se expresa igualmente en la relojer\u00eda, fusionando la\u00a0<strong>sofisticada artesan\u00eda suiza<\/strong>\u00a0con la firma romana de exaltar gemas preciosas.<\/p>\n<p class=\"ds-markdown-paragraph\">Polychroma presenta adem\u00e1s excepcionales\u00a0<strong>Bolsos Joya<\/strong>,\u00a0<strong>Gafas<\/strong>\u00a0y\u00a0<strong>Fragancias<\/strong>, cada uno meticulosamente dise\u00f1ado para cautivar con detalles hipn\u00f3ticos, reflejando la devoci\u00f3n de Polychroma por armon\u00edas crom\u00e1ticas extraordinarias.<\/p>\n<p class=\"ds-markdown-paragraph\"><strong>Polychroma no es solo una colecci\u00f3n: es una celebraci\u00f3n del color como lenguaje, la forma como emoci\u00f3n y el legado como innovaci\u00f3n.<\/strong><\/p><div id=\"luxon-1406847574\" class=\"luxon-7-parrafo luxon-entity-placement\" style=\"margin-top: 20px;margin-bottom: 20px;margin-left: auto;margin-right: auto;text-align: center;\"><a href=\"https:\/\/theintelligence.institute\/course\/inteligencia-artificial-para-directivos\" target=\"_blank\" aria-label=\"CSIAD_empresas_THEI_horizontal_4x3_v5\"><img loading=\"lazy\" decoding=\"async\" src=\"https:\/\/i0.wp.com\/luxonomy.net\/wp-content\/uploads\/2025\/08\/CSIAD_empresas_THEI_horizontal_4x3_v5.png?fit=2000%2C1500&#038;ssl=1\" alt=\"\"  srcset=\"https:\/\/i0.wp.com\/luxonomy.net\/wp-content\/uploads\/2025\/08\/CSIAD_empresas_THEI_horizontal_4x3_v5.png?w=2000&ssl=1 2000w, https:\/\/i0.wp.com\/luxonomy.net\/wp-content\/uploads\/2025\/08\/CSIAD_empresas_THEI_horizontal_4x3_v5.png?resize=300%2C225&ssl=1 300w, https:\/\/i0.wp.com\/luxonomy.net\/wp-content\/uploads\/2025\/08\/CSIAD_empresas_THEI_horizontal_4x3_v5.png?resize=1024%2C768&ssl=1 1024w, https:\/\/i0.wp.com\/luxonomy.net\/wp-content\/uploads\/2025\/08\/CSIAD_empresas_THEI_horizontal_4x3_v5.png?resize=768%2C576&ssl=1 768w, https:\/\/i0.wp.com\/luxonomy.net\/wp-content\/uploads\/2025\/08\/CSIAD_empresas_THEI_horizontal_4x3_v5.png?resize=1536%2C1152&ssl=1 1536w, https:\/\/i0.wp.com\/luxonomy.net\/wp-content\/uploads\/2025\/08\/CSIAD_empresas_THEI_horizontal_4x3_v5.png?resize=370%2C278&ssl=1 370w, https:\/\/i0.wp.com\/luxonomy.net\/wp-content\/uploads\/2025\/08\/CSIAD_empresas_THEI_horizontal_4x3_v5.png?resize=800%2C600&ssl=1 800w, https:\/\/i0.wp.com\/luxonomy.net\/wp-content\/uploads\/2025\/08\/CSIAD_empresas_THEI_horizontal_4x3_v5.png?resize=20%2C15&ssl=1 20w, https:\/\/i0.wp.com\/luxonomy.net\/wp-content\/uploads\/2025\/08\/CSIAD_empresas_THEI_horizontal_4x3_v5.png?resize=740%2C555&ssl=1 740w, https:\/\/i0.wp.com\/luxonomy.net\/wp-content\/uploads\/2025\/08\/CSIAD_empresas_THEI_horizontal_4x3_v5.png?resize=1600%2C1200&ssl=1 1600w, https:\/\/i0.wp.com\/luxonomy.net\/wp-content\/uploads\/2025\/08\/CSIAD_empresas_THEI_horizontal_4x3_v5.png?resize=1200%2C900&ssl=1 1200w, https:\/\/i0.wp.com\/luxonomy.net\/wp-content\/uploads\/2025\/08\/CSIAD_empresas_THEI_horizontal_4x3_v5.png?resize=64%2C48&ssl=1 64w\" sizes=\"(max-width: 1170px) 100vw, 1170px\" class=\"no-lazyload\" width=\"2000\" height=\"1500\"   \/><\/a><\/div>\n","protected":false},"excerpt":{"rendered":"<p>Bvlgari revela su \u00faltimo cap\u00edtulo en Alta Joyer\u00eda y Relojer\u00eda de Alta Gama con Polychroma: una oda audaz y multifac\u00e9tica a la infinita riqueza del color, la pluralidad, el polimorfismo y la multidimensionalidad. Inspir\u00e1ndose en las ra\u00edces romanas de la Maison y su audacia art\u00edstica, Polychroma redefine los c\u00f3digos del lujo a trav\u00e9s de un&hellip;<\/p>\n","protected":false},"author":10,"featured_media":66434,"comment_status":"open","ping_status":"open","sticky":false,"template":"","format":"gallery","meta":{"_jetpack_newsletter_access":"","_jetpack_dont_email_post_to_subs":false,"_jetpack_newsletter_tier_id":0,"_jetpack_memberships_contains_paywalled_content":false,"_jetpack_feature_clip_id":0,"_jetpack_memberships_contains_paid_content":false,"footnotes":"","jetpack_publicize_message":"","jetpack_publicize_feature_enabled":false,"jetpack_social_post_already_shared":false,"jetpack_social_options":{"image_generator_settings":{"template":"edge","default_image_id":0,"enabled":false,"token":"eyJpbWciOiJodHRwczpcL1wvbHV4b25vbXkubmV0XC93cC1jb250ZW50XC91cGxvYWRzXC8yMDI1XC8wN1wvQ2FwdHVyYS1kZS1wYW50YWxsYS0yMDI1LTA3LTA3LWEtbGFzLTExLjA5LjQyLTEwMjR4NTIxLnBuZyIsInR4dCI6IkJ2bGdhcmkgcHJlc2VudGEgUG9seWNocm9tYTogY29sZWNjaVx1MDBmM24gaG9tZW5hamUgYWwgcG9kZXIgdHJhbnNmb3JtYWRvciBkZWwgY29sb3IiLCJ0ZW1wbGF0ZSI6ImVkZ2UiLCJibG9nX2lkIjoxNTk5ODU3NDB9.eZdW8bI4WFOhJJJY7LvnClIEQhuEIph8YtqUxx96zKgMQ"},"version":2},"jetpack_post_was_ever_published":false},"categories":[612],"tags":[968,598],"thb-sponsors":[],"class_list":["post-66450","post","type-post","status-publish","format-gallery","has-post-thumbnail","hentry","category-joyeria-y-relojeria","tag-bvlgari","tag-joyeria","post_format-post-format-gallery"],"yoast_head":"<!-- This site is optimized with the Yoast SEO plugin v28.4 - https:\/\/yoast.com\/product\/yoast-seo-wordpress\/ -->\n<title>Bvlgari presenta Polychroma: colecci\u00f3n homenaje al poder transformador del color | LUXONOMY<\/title>\n<meta name=\"robots\" content=\"index, follow, max-snippet:-1, max-image-preview:large, max-video-preview:-1\" \/>\n<link rel=\"canonical\" href=\"https:\/\/luxonomy.net\/es\/bvlgari-presenta-polychroma-coleccion-homenaje-al-poder-transformador-del-color\/\" \/>\n<meta property=\"og:locale\" content=\"es_ES\" \/>\n<meta property=\"og:type\" content=\"article\" \/>\n<meta property=\"og:title\" content=\"Bvlgari presenta Polychroma: colecci\u00f3n homenaje al poder transformador del color | LUXONOMY\" \/>\n<meta property=\"og:description\" content=\"Bvlgari revela su \u00faltimo cap\u00edtulo en Alta Joyer\u00eda y Relojer\u00eda de Alta Gama con Polychroma: una oda audaz y multifac\u00e9tica a la infinita riqueza del color, la pluralidad, el polimorfismo y la multidimensionalidad. Inspir\u00e1ndose en las ra\u00edces romanas de la Maison y su audacia art\u00edstica, Polychroma redefine los c\u00f3digos del lujo a trav\u00e9s de un&hellip;\" \/>\n<meta property=\"og:url\" content=\"https:\/\/luxonomy.net\/es\/bvlgari-presenta-polychroma-coleccion-homenaje-al-poder-transformador-del-color\/\" \/>\n<meta property=\"og:site_name\" content=\"LUXONOMY\" \/>\n<meta property=\"article:publisher\" content=\"https:\/\/www.facebook.com\/luxonomy\" \/>\n<meta property=\"article:published_time\" content=\"2025-07-08T09:19:00+00:00\" \/>\n<meta property=\"article:modified_time\" content=\"2025-07-09T11:42:44+00:00\" \/>\n<meta property=\"og:image\" content=\"https:\/\/luxonomy.net\/wp-content\/uploads\/2025\/07\/Captura-de-pantalla-2025-07-07-a-las-11.09.42-1024x521.png\" \/>\n\t<meta property=\"og:image:width\" content=\"1024\" \/>\n\t<meta property=\"og:image:height\" content=\"521\" \/>\n\t<meta property=\"og:image:type\" content=\"image\/png\" \/>\n<meta name=\"author\" content=\"Chiara Gabardi\" \/>\n<meta name=\"twitter:card\" content=\"summary_large_image\" \/>\n<meta name=\"twitter:label1\" content=\"Escrito por\" \/>\n\t<meta name=\"twitter:data1\" content=\"Chiara Gabardi\" \/>\n\t<meta name=\"twitter:label2\" content=\"Tiempo de lectura\" \/>\n\t<meta name=\"twitter:data2\" content=\"2 minutos\" \/>\n<script type=\"application\/ld+json\" class=\"yoast-schema-graph\">{\"@context\":\"https:\\\/\\\/schema.org\",\"@graph\":[{\"@type\":\"Article\",\"@id\":\"https:\\\/\\\/luxonomy.net\\\/es\\\/bvlgari-presenta-polychroma-coleccion-homenaje-al-poder-transformador-del-color\\\/#article\",\"isPartOf\":{\"@id\":\"https:\\\/\\\/luxonomy.net\\\/es\\\/bvlgari-presenta-polychroma-coleccion-homenaje-al-poder-transformador-del-color\\\/\"},\"author\":{\"name\":\"Chiara Gabardi\",\"@id\":\"https:\\\/\\\/luxonomy.net\\\/es\\\/#\\\/schema\\\/person\\\/e5c97cb37fd115728030c51e21c67d89\"},\"headline\":\"Bvlgari presenta Polychroma: colecci\u00f3n homenaje al poder transformador del color\",\"datePublished\":\"2025-07-08T09:19:00+00:00\",\"dateModified\":\"2025-07-09T11:42:44+00:00\",\"mainEntityOfPage\":{\"@id\":\"https:\\\/\\\/luxonomy.net\\\/es\\\/bvlgari-presenta-polychroma-coleccion-homenaje-al-poder-transformador-del-color\\\/\"},\"wordCount\":320,\"commentCount\":0,\"publisher\":{\"@id\":\"https:\\\/\\\/luxonomy.net\\\/es\\\/#organization\"},\"image\":{\"@id\":\"https:\\\/\\\/luxonomy.net\\\/es\\\/bvlgari-presenta-polychroma-coleccion-homenaje-al-poder-transformador-del-color\\\/#primaryimage\"},\"thumbnailUrl\":\"https:\\\/\\\/i0.wp.com\\\/luxonomy.net\\\/wp-content\\\/uploads\\\/2025\\\/07\\\/Captura-de-pantalla-2025-07-07-a-las-11.09.42.png?fit=1914%2C974&ssl=1\",\"keywords\":[\"Bvlgari\",\"Joyer\u00eda\"],\"articleSection\":[\"Joyer\u00eda y Relojer\u00eda\"],\"inLanguage\":\"es\",\"potentialAction\":[{\"@type\":\"CommentAction\",\"name\":\"Comment\",\"target\":[\"https:\\\/\\\/luxonomy.net\\\/es\\\/bvlgari-presenta-polychroma-coleccion-homenaje-al-poder-transformador-del-color\\\/#respond\"]}]},{\"@type\":\"WebPage\",\"@id\":\"https:\\\/\\\/luxonomy.net\\\/es\\\/bvlgari-presenta-polychroma-coleccion-homenaje-al-poder-transformador-del-color\\\/\",\"url\":\"https:\\\/\\\/luxonomy.net\\\/es\\\/bvlgari-presenta-polychroma-coleccion-homenaje-al-poder-transformador-del-color\\\/\",\"name\":\"Bvlgari presenta Polychroma: colecci\u00f3n homenaje al poder transformador del color | LUXONOMY\",\"isPartOf\":{\"@id\":\"https:\\\/\\\/luxonomy.net\\\/es\\\/#website\"},\"primaryImageOfPage\":{\"@id\":\"https:\\\/\\\/luxonomy.net\\\/es\\\/bvlgari-presenta-polychroma-coleccion-homenaje-al-poder-transformador-del-color\\\/#primaryimage\"},\"image\":{\"@id\":\"https:\\\/\\\/luxonomy.net\\\/es\\\/bvlgari-presenta-polychroma-coleccion-homenaje-al-poder-transformador-del-color\\\/#primaryimage\"},\"thumbnailUrl\":\"https:\\\/\\\/i0.wp.com\\\/luxonomy.net\\\/wp-content\\\/uploads\\\/2025\\\/07\\\/Captura-de-pantalla-2025-07-07-a-las-11.09.42.png?fit=1914%2C974&ssl=1\",\"datePublished\":\"2025-07-08T09:19:00+00:00\",\"dateModified\":\"2025-07-09T11:42:44+00:00\",\"breadcrumb\":{\"@id\":\"https:\\\/\\\/luxonomy.net\\\/es\\\/bvlgari-presenta-polychroma-coleccion-homenaje-al-poder-transformador-del-color\\\/#breadcrumb\"},\"inLanguage\":\"es\",\"potentialAction\":[{\"@type\":\"ReadAction\",\"target\":[\"https:\\\/\\\/luxonomy.net\\\/es\\\/bvlgari-presenta-polychroma-coleccion-homenaje-al-poder-transformador-del-color\\\/\"]}]},{\"@type\":\"ImageObject\",\"inLanguage\":\"es\",\"@id\":\"https:\\\/\\\/luxonomy.net\\\/es\\\/bvlgari-presenta-polychroma-coleccion-homenaje-al-poder-transformador-del-color\\\/#primaryimage\",\"url\":\"https:\\\/\\\/i0.wp.com\\\/luxonomy.net\\\/wp-content\\\/uploads\\\/2025\\\/07\\\/Captura-de-pantalla-2025-07-07-a-las-11.09.42.png?fit=1914%2C974&ssl=1\",\"contentUrl\":\"https:\\\/\\\/i0.wp.com\\\/luxonomy.net\\\/wp-content\\\/uploads\\\/2025\\\/07\\\/Captura-de-pantalla-2025-07-07-a-las-11.09.42.png?fit=1914%2C974&ssl=1\",\"width\":1914,\"height\":974},{\"@type\":\"BreadcrumbList\",\"@id\":\"https:\\\/\\\/luxonomy.net\\\/es\\\/bvlgari-presenta-polychroma-coleccion-homenaje-al-poder-transformador-del-color\\\/#breadcrumb\",\"itemListElement\":[{\"@type\":\"ListItem\",\"position\":1,\"name\":\"Portada\",\"item\":\"https:\\\/\\\/luxonomy.net\\\/es\\\/\"},{\"@type\":\"ListItem\",\"position\":2,\"name\":\"Bvlgari presenta Polychroma: colecci\u00f3n homenaje al poder transformador del color\"}]},{\"@type\":\"WebSite\",\"@id\":\"https:\\\/\\\/luxonomy.net\\\/es\\\/#website\",\"url\":\"https:\\\/\\\/luxonomy.net\\\/es\\\/\",\"name\":\"LUXONOMY\",\"description\":\"The Economy of Fashion &amp; Luxury\",\"publisher\":{\"@id\":\"https:\\\/\\\/luxonomy.net\\\/es\\\/#organization\"},\"potentialAction\":[{\"@type\":\"SearchAction\",\"target\":{\"@type\":\"EntryPoint\",\"urlTemplate\":\"https:\\\/\\\/luxonomy.net\\\/es\\\/?s={search_term_string}\"},\"query-input\":{\"@type\":\"PropertyValueSpecification\",\"valueRequired\":true,\"valueName\":\"search_term_string\"}}],\"inLanguage\":\"es\"},{\"@type\":\"Organization\",\"@id\":\"https:\\\/\\\/luxonomy.net\\\/es\\\/#organization\",\"name\":\"LUXONOMY\",\"url\":\"https:\\\/\\\/luxonomy.net\\\/es\\\/\",\"logo\":{\"@type\":\"ImageObject\",\"inLanguage\":\"es\",\"@id\":\"https:\\\/\\\/luxonomy.net\\\/es\\\/#\\\/schema\\\/logo\\\/image\\\/\",\"url\":\"https:\\\/\\\/i2.wp.com\\\/luxonomy.net\\\/wp-content\\\/uploads\\\/2021\\\/09\\\/MOCKUP-TODOS-LUXONOMY.jpg?fit=1000%2C515&ssl=1\",\"contentUrl\":\"https:\\\/\\\/i2.wp.com\\\/luxonomy.net\\\/wp-content\\\/uploads\\\/2021\\\/09\\\/MOCKUP-TODOS-LUXONOMY.jpg?fit=1000%2C515&ssl=1\",\"width\":1000,\"height\":515,\"caption\":\"LUXONOMY\"},\"image\":{\"@id\":\"https:\\\/\\\/luxonomy.net\\\/es\\\/#\\\/schema\\\/logo\\\/image\\\/\"},\"sameAs\":[\"https:\\\/\\\/www.facebook.com\\\/luxonomy\",\"https:\\\/\\\/www.instagram.com\\\/luxonomy\\\/\",\"https:\\\/\\\/www.linkedin.com\\\/company\\\/luxonomy\\\/\"]},{\"@type\":\"Person\",\"@id\":\"https:\\\/\\\/luxonomy.net\\\/es\\\/#\\\/schema\\\/person\\\/e5c97cb37fd115728030c51e21c67d89\",\"name\":\"Chiara Gabardi\",\"image\":{\"@type\":\"ImageObject\",\"inLanguage\":\"es\",\"@id\":\"https:\\\/\\\/luxonomy.net\\\/wp-content\\\/litespeed\\\/avatar\\\/548640c4e2c34544e66c65ab1641a5d7.jpg?ver=1788581172\",\"url\":\"https:\\\/\\\/luxonomy.net\\\/wp-content\\\/litespeed\\\/avatar\\\/548640c4e2c34544e66c65ab1641a5d7.jpg?ver=1788581172\",\"contentUrl\":\"https:\\\/\\\/luxonomy.net\\\/wp-content\\\/litespeed\\\/avatar\\\/548640c4e2c34544e66c65ab1641a5d7.jpg?ver=1788581172\",\"caption\":\"Chiara Gabardi\"},\"description\":\"Editor at LUXONOMY\u2122 Group\",\"url\":\"https:\\\/\\\/luxonomy.net\\\/es\\\/author\\\/chiara-gabardi\\\/\"}]}<\/script>\n<!-- \/ Yoast SEO plugin. -->","yoast_head_json":{"title":"Bvlgari presenta Polychroma: colecci\u00f3n homenaje al poder transformador del color | LUXONOMY","robots":{"index":"index","follow":"follow","max-snippet":"max-snippet:-1","max-image-preview":"max-image-preview:large","max-video-preview":"max-video-preview:-1"},"canonical":"https:\/\/luxonomy.net\/es\/bvlgari-presenta-polychroma-coleccion-homenaje-al-poder-transformador-del-color\/","og_locale":"es_ES","og_type":"article","og_title":"Bvlgari presenta Polychroma: colecci\u00f3n homenaje al poder transformador del color | LUXONOMY","og_description":"Bvlgari revela su \u00faltimo cap\u00edtulo en Alta Joyer\u00eda y Relojer\u00eda de Alta Gama con Polychroma: una oda audaz y multifac\u00e9tica a la infinita riqueza del color, la pluralidad, el polimorfismo y la multidimensionalidad. Inspir\u00e1ndose en las ra\u00edces romanas de la Maison y su audacia art\u00edstica, Polychroma redefine los c\u00f3digos del lujo a trav\u00e9s de un&hellip;","og_url":"https:\/\/luxonomy.net\/es\/bvlgari-presenta-polychroma-coleccion-homenaje-al-poder-transformador-del-color\/","og_site_name":"LUXONOMY","article_publisher":"https:\/\/www.facebook.com\/luxonomy","article_published_time":"2025-07-08T09:19:00+00:00","article_modified_time":"2025-07-09T11:42:44+00:00","og_image":[{"width":1024,"height":521,"url":"https:\/\/luxonomy.net\/wp-content\/uploads\/2025\/07\/Captura-de-pantalla-2025-07-07-a-las-11.09.42-1024x521.png","type":"image\/png"}],"author":"Chiara Gabardi","twitter_card":"summary_large_image","twitter_misc":{"Escrito por":"Chiara Gabardi","Tiempo de lectura":"2 minutos"},"schema":{"@context":"https:\/\/schema.org","@graph":[{"@type":"Article","@id":"https:\/\/luxonomy.net\/es\/bvlgari-presenta-polychroma-coleccion-homenaje-al-poder-transformador-del-color\/#article","isPartOf":{"@id":"https:\/\/luxonomy.net\/es\/bvlgari-presenta-polychroma-coleccion-homenaje-al-poder-transformador-del-color\/"},"author":{"name":"Chiara Gabardi","@id":"https:\/\/luxonomy.net\/es\/#\/schema\/person\/e5c97cb37fd115728030c51e21c67d89"},"headline":"Bvlgari presenta Polychroma: colecci\u00f3n homenaje al poder transformador del color","datePublished":"2025-07-08T09:19:00+00:00","dateModified":"2025-07-09T11:42:44+00:00","mainEntityOfPage":{"@id":"https:\/\/luxonomy.net\/es\/bvlgari-presenta-polychroma-coleccion-homenaje-al-poder-transformador-del-color\/"},"wordCount":320,"commentCount":0,"publisher":{"@id":"https:\/\/luxonomy.net\/es\/#organization"},"image":{"@id":"https:\/\/luxonomy.net\/es\/bvlgari-presenta-polychroma-coleccion-homenaje-al-poder-transformador-del-color\/#primaryimage"},"thumbnailUrl":"https:\/\/i0.wp.com\/luxonomy.net\/wp-content\/uploads\/2025\/07\/Captura-de-pantalla-2025-07-07-a-las-11.09.42.png?fit=1914%2C974&ssl=1","keywords":["Bvlgari","Joyer\u00eda"],"articleSection":["Joyer\u00eda y Relojer\u00eda"],"inLanguage":"es","potentialAction":[{"@type":"CommentAction","name":"Comment","target":["https:\/\/luxonomy.net\/es\/bvlgari-presenta-polychroma-coleccion-homenaje-al-poder-transformador-del-color\/#respond"]}]},{"@type":"WebPage","@id":"https:\/\/luxonomy.net\/es\/bvlgari-presenta-polychroma-coleccion-homenaje-al-poder-transformador-del-color\/","url":"https:\/\/luxonomy.net\/es\/bvlgari-presenta-polychroma-coleccion-homenaje-al-poder-transformador-del-color\/","name":"Bvlgari presenta Polychroma: colecci\u00f3n homenaje al poder transformador del color | LUXONOMY","isPartOf":{"@id":"https:\/\/luxonomy.net\/es\/#website"},"primaryImageOfPage":{"@id":"https:\/\/luxonomy.net\/es\/bvlgari-presenta-polychroma-coleccion-homenaje-al-poder-transformador-del-color\/#primaryimage"},"image":{"@id":"https:\/\/luxonomy.net\/es\/bvlgari-presenta-polychroma-coleccion-homenaje-al-poder-transformador-del-color\/#primaryimage"},"thumbnailUrl":"https:\/\/i0.wp.com\/luxonomy.net\/wp-content\/uploads\/2025\/07\/Captura-de-pantalla-2025-07-07-a-las-11.09.42.png?fit=1914%2C974&ssl=1","datePublished":"2025-07-08T09:19:00+00:00","dateModified":"2025-07-09T11:42:44+00:00","breadcrumb":{"@id":"https:\/\/luxonomy.net\/es\/bvlgari-presenta-polychroma-coleccion-homenaje-al-poder-transformador-del-color\/#breadcrumb"},"inLanguage":"es","potentialAction":[{"@type":"ReadAction","target":["https:\/\/luxonomy.net\/es\/bvlgari-presenta-polychroma-coleccion-homenaje-al-poder-transformador-del-color\/"]}]},{"@type":"ImageObject","inLanguage":"es","@id":"https:\/\/luxonomy.net\/es\/bvlgari-presenta-polychroma-coleccion-homenaje-al-poder-transformador-del-color\/#primaryimage","url":"https:\/\/i0.wp.com\/luxonomy.net\/wp-content\/uploads\/2025\/07\/Captura-de-pantalla-2025-07-07-a-las-11.09.42.png?fit=1914%2C974&ssl=1","contentUrl":"https:\/\/i0.wp.com\/luxonomy.net\/wp-content\/uploads\/2025\/07\/Captura-de-pantalla-2025-07-07-a-las-11.09.42.png?fit=1914%2C974&ssl=1","width":1914,"height":974},{"@type":"BreadcrumbList","@id":"https:\/\/luxonomy.net\/es\/bvlgari-presenta-polychroma-coleccion-homenaje-al-poder-transformador-del-color\/#breadcrumb","itemListElement":[{"@type":"ListItem","position":1,"name":"Portada","item":"https:\/\/luxonomy.net\/es\/"},{"@type":"ListItem","position":2,"name":"Bvlgari presenta Polychroma: colecci\u00f3n homenaje al poder transformador del color"}]},{"@type":"WebSite","@id":"https:\/\/luxonomy.net\/es\/#website","url":"https:\/\/luxonomy.net\/es\/","name":"LUXONOMY","description":"The Economy of Fashion &amp; Luxury","publisher":{"@id":"https:\/\/luxonomy.net\/es\/#organization"},"potentialAction":[{"@type":"SearchAction","target":{"@type":"EntryPoint","urlTemplate":"https:\/\/luxonomy.net\/es\/?s={search_term_string}"},"query-input":{"@type":"PropertyValueSpecification","valueRequired":true,"valueName":"search_term_string"}}],"inLanguage":"es"},{"@type":"Organization","@id":"https:\/\/luxonomy.net\/es\/#organization","name":"LUXONOMY","url":"https:\/\/luxonomy.net\/es\/","logo":{"@type":"ImageObject","inLanguage":"es","@id":"https:\/\/luxonomy.net\/es\/#\/schema\/logo\/image\/","url":"https:\/\/i2.wp.com\/luxonomy.net\/wp-content\/uploads\/2021\/09\/MOCKUP-TODOS-LUXONOMY.jpg?fit=1000%2C515&ssl=1","contentUrl":"https:\/\/i2.wp.com\/luxonomy.net\/wp-content\/uploads\/2021\/09\/MOCKUP-TODOS-LUXONOMY.jpg?fit=1000%2C515&ssl=1","width":1000,"height":515,"caption":"LUXONOMY"},"image":{"@id":"https:\/\/luxonomy.net\/es\/#\/schema\/logo\/image\/"},"sameAs":["https:\/\/www.facebook.com\/luxonomy","https:\/\/www.instagram.com\/luxonomy\/","https:\/\/www.linkedin.com\/company\/luxonomy\/"]},{"@type":"Person","@id":"https:\/\/luxonomy.net\/es\/#\/schema\/person\/e5c97cb37fd115728030c51e21c67d89","name":"Chiara Gabardi","image":{"@type":"ImageObject","inLanguage":"es","@id":"https:\/\/luxonomy.net\/wp-content\/litespeed\/avatar\/548640c4e2c34544e66c65ab1641a5d7.jpg?ver=1788581172","url":"https:\/\/luxonomy.net\/wp-content\/litespeed\/avatar\/548640c4e2c34544e66c65ab1641a5d7.jpg?ver=1788581172","contentUrl":"https:\/\/luxonomy.net\/wp-content\/litespeed\/avatar\/548640c4e2c34544e66c65ab1641a5d7.jpg?ver=1788581172","caption":"Chiara Gabardi"},"description":"Editor at LUXONOMY\u2122 Group","url":"https:\/\/luxonomy.net\/es\/author\/chiara-gabardi\/"}]}},"jetpack_publicize_connections":[],"jetpack_shortlink":"https:\/\/wp.me\/paPhBa-hhM","jetpack_sharing_enabled":true,"jetpack_featured_media_url":"https:\/\/i0.wp.com\/luxonomy.net\/wp-content\/uploads\/2025\/07\/Captura-de-pantalla-2025-07-07-a-las-11.09.42.png?fit=1914%2C974&ssl=1","_links":{"self":[{"href":"https:\/\/luxonomy.net\/es\/wp-json\/wp\/v2\/posts\/66450","targetHints":{"allow":["GET"]}}],"collection":[{"href":"https:\/\/luxonomy.net\/es\/wp-json\/wp\/v2\/posts"}],"about":[{"href":"https:\/\/luxonomy.net\/es\/wp-json\/wp\/v2\/types\/post"}],"author":[{"embeddable":true,"href":"https:\/\/luxonomy.net\/es\/wp-json\/wp\/v2\/users\/10"}],"replies":[{"embeddable":true,"href":"https:\/\/luxonomy.net\/es\/wp-json\/wp\/v2\/comments?post=66450"}],"version-history":[{"count":2,"href":"https:\/\/luxonomy.net\/es\/wp-json\/wp\/v2\/posts\/66450\/revisions"}],"predecessor-version":[{"id":66453,"href":"https:\/\/luxonomy.net\/es\/wp-json\/wp\/v2\/posts\/66450\/revisions\/66453"}],"wp:featuredmedia":[{"embeddable":true,"href":"https:\/\/luxonomy.net\/es\/wp-json\/wp\/v2\/media\/66434"}],"wp:attachment":[{"href":"https:\/\/luxonomy.net\/es\/wp-json\/wp\/v2\/media?parent=66450"}],"wp:term":[{"taxonomy":"category","embeddable":true,"href":"https:\/\/luxonomy.net\/es\/wp-json\/wp\/v2\/categories?post=66450"},{"taxonomy":"post_tag","embeddable":true,"href":"https:\/\/luxonomy.net\/es\/wp-json\/wp\/v2\/tags?post=66450"},{"taxonomy":"thb-sponsors","embeddable":true,"href":"https:\/\/luxonomy.net\/es\/wp-json\/wp\/v2\/thb-sponsors?post=66450"}],"curies":[{"name":"wp","href":"https:\/\/api.w.org\/{rel}","templated":true}]}}