{"id":66422,"date":"2025-07-04T13:14:16","date_gmt":"2025-07-04T11:14:16","guid":{"rendered":"https:\/\/luxonomy.net\/?p=66422"},"modified":"2025-07-07T11:09:21","modified_gmt":"2025-07-07T09:09:21","slug":"moynat-inaugura-nueva-boutique-en-el-34-de-avenue-montaigne","status":"publish","type":"post","link":"https:\/\/luxonomy.net\/es\/moynat-inaugura-nueva-boutique-en-el-34-de-avenue-montaigne\/","title":{"rendered":"Moynat inaugura nueva boutique en el 34 de Avenue Montaigne"},"content":{"rendered":"\n<section data-slice-type=\"news_content\" data-slice-variation=\"default\">\n<div class=\"flex w-full max-w-full justify-center pt-14 md:pt-18 pb-14 md:pb-18 sm:container-layout-padding\">\n<div class=\"w-full  max-w-full  container-layout-padding lg:max-w-screen-lg pt-14 pb-18 md:py-36 bg-white md:px-0 mx-auto gridLayoutPadding lg:max-w-screen-lg\">\n<div class=\"col-span-full flex flex-col gap-14 last:mb-0 sm:col-start-2 sm:col-end-8 md:col-start-3 md:col-end-11\">\n<div class=\"flex flex-col gap-14 text-left\">\n<div>\n<p class=\"heading3 typo-body-xl group\">Moynat contin\u00faa su expansi\u00f3n en Par\u00eds con la inauguraci\u00f3n de una nueva boutique en el 34 de Avenue Montaigne, en el coraz\u00f3n del famoso Tri\u00e1ngulo de Oro, el distrito de compras de lujo de la capital.<\/p>\n<\/div>\n<div>\n<p class=\"paragraph typo-body-l group pb-5 font-normal sm:font-light\">Esta hist\u00f3rica direcci\u00f3n en el 8\u00ba distrito alberga ahora el universo excepcional de Moynat, donde el patrimonio y la creatividad contempor\u00e1nea dialogan con elegancia distintiva.&nbsp;<\/p>\n<p class=\"paragraph typo-body-l group pb-5 font-normal sm:font-light\">Para celebrar la apertura, Moynat ha lanzado una c\u00e1psula de edici\u00f3n limitada de totes de su colecci\u00f3n M, confeccionadas en lona marr\u00f3n emblem\u00e1tica de la maison con contornos contrastados inspirados en ba\u00fales de archivo. Estas creaciones rinden homenaje al patrimonio \u00fanico de savoir-faire de la Maison fundada en 1849 por Pauline Moynat, pionera en el arte de la marroquiner\u00eda.&nbsp;&nbsp;&nbsp;<\/p><div id=\"luxon-3164118144\" class=\"luxon-3er-parrafo luxon-entity-placement\" style=\"margin-top: 20px;margin-bottom: 20px;margin-left: auto;margin-right: auto;text-align: center;\"><a href=\"https:\/\/luxonomy.university\/course\/master-turismo-de-lujo\" target=\"_blank\" aria-label=\"master-turismo-lujo-2026-2027\"><img loading=\"lazy\" decoding=\"async\" src=\"https:\/\/i0.wp.com\/luxonomy.net\/wp-content\/uploads\/2020\/07\/master-turismo-lujo-2026-2027.jpg?fit=1672%2C941&#038;ssl=1\" alt=\"\"  srcset=\"https:\/\/i0.wp.com\/luxonomy.net\/wp-content\/uploads\/2020\/07\/master-turismo-lujo-2026-2027.jpg?w=1672&ssl=1 1672w, https:\/\/i0.wp.com\/luxonomy.net\/wp-content\/uploads\/2020\/07\/master-turismo-lujo-2026-2027.jpg?resize=300%2C169&ssl=1 300w, https:\/\/i0.wp.com\/luxonomy.net\/wp-content\/uploads\/2020\/07\/master-turismo-lujo-2026-2027.jpg?resize=1024%2C576&ssl=1 1024w, https:\/\/i0.wp.com\/luxonomy.net\/wp-content\/uploads\/2020\/07\/master-turismo-lujo-2026-2027.jpg?resize=768%2C432&ssl=1 768w, https:\/\/i0.wp.com\/luxonomy.net\/wp-content\/uploads\/2020\/07\/master-turismo-lujo-2026-2027.jpg?resize=1536%2C864&ssl=1 1536w, https:\/\/i0.wp.com\/luxonomy.net\/wp-content\/uploads\/2020\/07\/master-turismo-lujo-2026-2027.jpg?resize=370%2C208&ssl=1 370w, https:\/\/i0.wp.com\/luxonomy.net\/wp-content\/uploads\/2020\/07\/master-turismo-lujo-2026-2027.jpg?resize=800%2C450&ssl=1 800w, https:\/\/i0.wp.com\/luxonomy.net\/wp-content\/uploads\/2020\/07\/master-turismo-lujo-2026-2027.jpg?resize=20%2C11&ssl=1 20w, https:\/\/i0.wp.com\/luxonomy.net\/wp-content\/uploads\/2020\/07\/master-turismo-lujo-2026-2027.jpg?resize=740%2C416&ssl=1 740w, https:\/\/i0.wp.com\/luxonomy.net\/wp-content\/uploads\/2020\/07\/master-turismo-lujo-2026-2027.jpg?resize=1600%2C900&ssl=1 1600w, https:\/\/i0.wp.com\/luxonomy.net\/wp-content\/uploads\/2020\/07\/master-turismo-lujo-2026-2027.jpg?resize=1200%2C675&ssl=1 1200w, https:\/\/i0.wp.com\/luxonomy.net\/wp-content\/uploads\/2020\/07\/master-turismo-lujo-2026-2027.jpg?resize=85%2C48&ssl=1 85w\" sizes=\"(max-width: 1170px) 100vw, 1170px\" class=\"no-lazyload\" width=\"1672\" height=\"941\"   \/><\/a><\/div>\n<p class=\"paragraph typo-body-l group pb-5 font-normal sm:font-light\">El artista brit\u00e1nico Michael Samuels ha creado adem\u00e1s una instalaci\u00f3n especial para el escaparate inaugural. Su escultura celebra el esp\u00edritu viajero de Moynat, reinterpretando ba\u00fales ic\u00f3nicos con una perspectiva decididamente fresca.&nbsp;<\/p>\n<p class=\"paragraph typo-body-l group pb-5 font-normal sm:font-light\">Los artesanos pintores de Moynat tambi\u00e9n estar\u00e1n presentes para mostrar su savoir-faire con personalizaciones exclusivas, continuando con la larga tradici\u00f3n de excelencia y personalizaci\u00f3n de la Maison.&nbsp;<\/p>\n<p class=\"paragraph typo-body-l group pb-5 font-normal sm:font-light\">Esta impresionante nueva direcci\u00f3n refuerza la presencia de Moynat en Par\u00eds, uni\u00e9ndose a la boutique insignia en el 348 de Rue Saint-Honor\u00e9 y a sus corners en Le Bon March\u00e9 Rive Gauche y Galeries Lafayette.&nbsp;<\/p>\n<\/div>\n<\/div>\n<\/div>\n<\/div>\n<\/div>\n<\/section>\n","protected":false},"excerpt":{"rendered":"<p>Moynat contin\u00faa su expansi\u00f3n en Par\u00eds con la inauguraci\u00f3n de una nueva boutique en el 34 de Avenue Montaigne, en el coraz\u00f3n del famoso Tri\u00e1ngulo de Oro, el distrito de compras de lujo de la capital. Esta hist\u00f3rica direcci\u00f3n en el 8\u00ba distrito alberga ahora el universo excepcional de Moynat, donde el patrimonio y la&hellip;<\/p>\n","protected":false},"author":56,"featured_media":66418,"comment_status":"open","ping_status":"open","sticky":false,"template":"","format":"standard","meta":{"_jetpack_newsletter_access":"","_jetpack_dont_email_post_to_subs":false,"_jetpack_newsletter_tier_id":0,"_jetpack_memberships_contains_paywalled_content":false,"_jetpack_feature_clip_id":0,"_jetpack_memberships_contains_paid_content":false,"footnotes":"","jetpack_publicize_message":"","jetpack_publicize_feature_enabled":true,"jetpack_social_post_already_shared":true,"jetpack_social_options":{"image_generator_settings":{"template":"edge","default_image_id":0,"enabled":false,"token":"eyJpbWciOiJodHRwczpcL1wvbHV4b25vbXkubmV0XC93cC1jb250ZW50XC91cGxvYWRzXC8yMDI1XC8wN1wvQ2FwdHVyYS1kZS1wYW50YWxsYS0yMDI1LTA3LTA0LWEtbGFzLTEzLjA4LjUxLTEwMjR4NTIzLnBuZyIsInR4dCI6Ik1veW5hdCBpbmF1Z3VyYSBudWV2YSBib3V0aXF1ZSBlbiBlbCAzNCBkZSBBdmVudWUgTW9udGFpZ25lIiwidGVtcGxhdGUiOiJlZGdlIiwiYmxvZ19pZCI6MTU5OTg1NzQwfQ.a4H6Bdqfg_G1vg4tRnO0z0l4vcidFFz37xF4sH4JQx8MQ"},"version":2},"jetpack_post_was_ever_published":false},"categories":[534],"tags":[586,9914],"thb-sponsors":[],"class_list":["post-66422","post","type-post","status-publish","format-standard","has-post-thumbnail","hentry","category-moda","tag-moda","tag-moynat-2"],"yoast_head":"<!-- This site is optimized with the Yoast SEO plugin v28.3 - https:\/\/yoast.com\/product\/yoast-seo-wordpress\/ -->\n<title>Moynat inaugura nueva boutique en el 34 de Avenue Montaigne | LUXONOMY<\/title>\n<meta name=\"robots\" content=\"index, follow, max-snippet:-1, max-image-preview:large, max-video-preview:-1\" \/>\n<link rel=\"canonical\" href=\"https:\/\/luxonomy.net\/es\/moynat-inaugura-nueva-boutique-en-el-34-de-avenue-montaigne\/\" \/>\n<meta property=\"og:locale\" content=\"es_ES\" \/>\n<meta property=\"og:type\" content=\"article\" \/>\n<meta property=\"og:title\" content=\"Moynat inaugura nueva boutique en el 34 de Avenue Montaigne | LUXONOMY\" \/>\n<meta property=\"og:description\" content=\"Moynat contin\u00faa su expansi\u00f3n en Par\u00eds con la inauguraci\u00f3n de una nueva boutique en el 34 de Avenue Montaigne, en el coraz\u00f3n del famoso Tri\u00e1ngulo de Oro, el distrito de compras de lujo de la capital. Esta hist\u00f3rica direcci\u00f3n en el 8\u00ba distrito alberga ahora el universo excepcional de Moynat, donde el patrimonio y la&hellip;\" \/>\n<meta property=\"og:url\" content=\"https:\/\/luxonomy.net\/es\/moynat-inaugura-nueva-boutique-en-el-34-de-avenue-montaigne\/\" \/>\n<meta property=\"og:site_name\" content=\"LUXONOMY\" \/>\n<meta property=\"article:publisher\" content=\"https:\/\/www.facebook.com\/luxonomy\" \/>\n<meta property=\"article:published_time\" content=\"2025-07-04T11:14:16+00:00\" \/>\n<meta property=\"article:modified_time\" content=\"2025-07-07T09:09:21+00:00\" \/>\n<meta property=\"og:image\" content=\"https:\/\/luxonomy.net\/wp-content\/uploads\/2025\/07\/Captura-de-pantalla-2025-07-04-a-las-13.08.51-1024x523.png\" \/>\n\t<meta property=\"og:image:width\" content=\"1024\" \/>\n\t<meta property=\"og:image:height\" content=\"523\" \/>\n\t<meta property=\"og:image:type\" content=\"image\/png\" \/>\n<meta name=\"author\" content=\"Martha Foster\" \/>\n<meta name=\"twitter:card\" content=\"summary_large_image\" \/>\n<meta name=\"twitter:label1\" content=\"Escrito por\" \/>\n\t<meta name=\"twitter:data1\" content=\"Martha Foster\" \/>\n\t<meta name=\"twitter:label2\" content=\"Tiempo de lectura\" \/>\n\t<meta name=\"twitter:data2\" content=\"2 minutos\" \/>\n<script type=\"application\/ld+json\" class=\"yoast-schema-graph\">{\"@context\":\"https:\\\/\\\/schema.org\",\"@graph\":[{\"@type\":\"Article\",\"@id\":\"https:\\\/\\\/luxonomy.net\\\/es\\\/moynat-inaugura-nueva-boutique-en-el-34-de-avenue-montaigne\\\/#article\",\"isPartOf\":{\"@id\":\"https:\\\/\\\/luxonomy.net\\\/es\\\/moynat-inaugura-nueva-boutique-en-el-34-de-avenue-montaigne\\\/\"},\"author\":{\"name\":\"Martha Foster\",\"@id\":\"https:\\\/\\\/luxonomy.net\\\/es\\\/#\\\/schema\\\/person\\\/b867877c8fa214385a8a7f7f40186132\"},\"headline\":\"Moynat inaugura nueva boutique en el 34 de Avenue Montaigne\",\"datePublished\":\"2025-07-04T11:14:16+00:00\",\"dateModified\":\"2025-07-07T09:09:21+00:00\",\"mainEntityOfPage\":{\"@id\":\"https:\\\/\\\/luxonomy.net\\\/es\\\/moynat-inaugura-nueva-boutique-en-el-34-de-avenue-montaigne\\\/\"},\"wordCount\":254,\"commentCount\":0,\"publisher\":{\"@id\":\"https:\\\/\\\/luxonomy.net\\\/es\\\/#organization\"},\"image\":{\"@id\":\"https:\\\/\\\/luxonomy.net\\\/es\\\/moynat-inaugura-nueva-boutique-en-el-34-de-avenue-montaigne\\\/#primaryimage\"},\"thumbnailUrl\":\"https:\\\/\\\/i0.wp.com\\\/luxonomy.net\\\/wp-content\\\/uploads\\\/2025\\\/07\\\/Captura-de-pantalla-2025-07-04-a-las-13.08.51.png?fit=1432%2C732&ssl=1\",\"keywords\":[\"Moda\",\"Moynat\"],\"articleSection\":[\"Moda\"],\"inLanguage\":\"es\",\"potentialAction\":[{\"@type\":\"CommentAction\",\"name\":\"Comment\",\"target\":[\"https:\\\/\\\/luxonomy.net\\\/es\\\/moynat-inaugura-nueva-boutique-en-el-34-de-avenue-montaigne\\\/#respond\"]}]},{\"@type\":\"WebPage\",\"@id\":\"https:\\\/\\\/luxonomy.net\\\/es\\\/moynat-inaugura-nueva-boutique-en-el-34-de-avenue-montaigne\\\/\",\"url\":\"https:\\\/\\\/luxonomy.net\\\/es\\\/moynat-inaugura-nueva-boutique-en-el-34-de-avenue-montaigne\\\/\",\"name\":\"Moynat inaugura nueva boutique en el 34 de Avenue Montaigne | LUXONOMY\",\"isPartOf\":{\"@id\":\"https:\\\/\\\/luxonomy.net\\\/es\\\/#website\"},\"primaryImageOfPage\":{\"@id\":\"https:\\\/\\\/luxonomy.net\\\/es\\\/moynat-inaugura-nueva-boutique-en-el-34-de-avenue-montaigne\\\/#primaryimage\"},\"image\":{\"@id\":\"https:\\\/\\\/luxonomy.net\\\/es\\\/moynat-inaugura-nueva-boutique-en-el-34-de-avenue-montaigne\\\/#primaryimage\"},\"thumbnailUrl\":\"https:\\\/\\\/i0.wp.com\\\/luxonomy.net\\\/wp-content\\\/uploads\\\/2025\\\/07\\\/Captura-de-pantalla-2025-07-04-a-las-13.08.51.png?fit=1432%2C732&ssl=1\",\"datePublished\":\"2025-07-04T11:14:16+00:00\",\"dateModified\":\"2025-07-07T09:09:21+00:00\",\"breadcrumb\":{\"@id\":\"https:\\\/\\\/luxonomy.net\\\/es\\\/moynat-inaugura-nueva-boutique-en-el-34-de-avenue-montaigne\\\/#breadcrumb\"},\"inLanguage\":\"es\",\"potentialAction\":[{\"@type\":\"ReadAction\",\"target\":[\"https:\\\/\\\/luxonomy.net\\\/es\\\/moynat-inaugura-nueva-boutique-en-el-34-de-avenue-montaigne\\\/\"]}]},{\"@type\":\"ImageObject\",\"inLanguage\":\"es\",\"@id\":\"https:\\\/\\\/luxonomy.net\\\/es\\\/moynat-inaugura-nueva-boutique-en-el-34-de-avenue-montaigne\\\/#primaryimage\",\"url\":\"https:\\\/\\\/i0.wp.com\\\/luxonomy.net\\\/wp-content\\\/uploads\\\/2025\\\/07\\\/Captura-de-pantalla-2025-07-04-a-las-13.08.51.png?fit=1432%2C732&ssl=1\",\"contentUrl\":\"https:\\\/\\\/i0.wp.com\\\/luxonomy.net\\\/wp-content\\\/uploads\\\/2025\\\/07\\\/Captura-de-pantalla-2025-07-04-a-las-13.08.51.png?fit=1432%2C732&ssl=1\",\"width\":1432,\"height\":732},{\"@type\":\"BreadcrumbList\",\"@id\":\"https:\\\/\\\/luxonomy.net\\\/es\\\/moynat-inaugura-nueva-boutique-en-el-34-de-avenue-montaigne\\\/#breadcrumb\",\"itemListElement\":[{\"@type\":\"ListItem\",\"position\":1,\"name\":\"Portada\",\"item\":\"https:\\\/\\\/luxonomy.net\\\/es\\\/\"},{\"@type\":\"ListItem\",\"position\":2,\"name\":\"Moynat inaugura nueva boutique en el 34 de Avenue Montaigne\"}]},{\"@type\":\"WebSite\",\"@id\":\"https:\\\/\\\/luxonomy.net\\\/es\\\/#website\",\"url\":\"https:\\\/\\\/luxonomy.net\\\/es\\\/\",\"name\":\"LUXONOMY\",\"description\":\"The Economy of Fashion &amp; Luxury\",\"publisher\":{\"@id\":\"https:\\\/\\\/luxonomy.net\\\/es\\\/#organization\"},\"potentialAction\":[{\"@type\":\"SearchAction\",\"target\":{\"@type\":\"EntryPoint\",\"urlTemplate\":\"https:\\\/\\\/luxonomy.net\\\/es\\\/?s={search_term_string}\"},\"query-input\":{\"@type\":\"PropertyValueSpecification\",\"valueRequired\":true,\"valueName\":\"search_term_string\"}}],\"inLanguage\":\"es\"},{\"@type\":\"Organization\",\"@id\":\"https:\\\/\\\/luxonomy.net\\\/es\\\/#organization\",\"name\":\"LUXONOMY\",\"url\":\"https:\\\/\\\/luxonomy.net\\\/es\\\/\",\"logo\":{\"@type\":\"ImageObject\",\"inLanguage\":\"es\",\"@id\":\"https:\\\/\\\/luxonomy.net\\\/es\\\/#\\\/schema\\\/logo\\\/image\\\/\",\"url\":\"https:\\\/\\\/i2.wp.com\\\/luxonomy.net\\\/wp-content\\\/uploads\\\/2021\\\/09\\\/MOCKUP-TODOS-LUXONOMY.jpg?fit=1000%2C515&ssl=1\",\"contentUrl\":\"https:\\\/\\\/i2.wp.com\\\/luxonomy.net\\\/wp-content\\\/uploads\\\/2021\\\/09\\\/MOCKUP-TODOS-LUXONOMY.jpg?fit=1000%2C515&ssl=1\",\"width\":1000,\"height\":515,\"caption\":\"LUXONOMY\"},\"image\":{\"@id\":\"https:\\\/\\\/luxonomy.net\\\/es\\\/#\\\/schema\\\/logo\\\/image\\\/\"},\"sameAs\":[\"https:\\\/\\\/www.facebook.com\\\/luxonomy\",\"https:\\\/\\\/www.instagram.com\\\/luxonomy\\\/\",\"https:\\\/\\\/www.linkedin.com\\\/company\\\/luxonomy\\\/\"]},{\"@type\":\"Person\",\"@id\":\"https:\\\/\\\/luxonomy.net\\\/es\\\/#\\\/schema\\\/person\\\/b867877c8fa214385a8a7f7f40186132\",\"name\":\"Martha Foster\",\"image\":{\"@type\":\"ImageObject\",\"inLanguage\":\"es\",\"@id\":\"https:\\\/\\\/luxonomy.net\\\/wp-content\\\/litespeed\\\/avatar\\\/6b94e302749cd8a900cdd719ad8eb50f.jpg?ver=1787983489\",\"url\":\"https:\\\/\\\/luxonomy.net\\\/wp-content\\\/litespeed\\\/avatar\\\/6b94e302749cd8a900cdd719ad8eb50f.jpg?ver=1787983489\",\"contentUrl\":\"https:\\\/\\\/luxonomy.net\\\/wp-content\\\/litespeed\\\/avatar\\\/6b94e302749cd8a900cdd719ad8eb50f.jpg?ver=1787983489\",\"caption\":\"Martha Foster\"},\"description\":\"Editor at LUXONOMY\u2122Group. Business Development.\",\"url\":\"https:\\\/\\\/luxonomy.net\\\/es\\\/author\\\/marthafoster\\\/\"}]}<\/script>\n<!-- \/ Yoast SEO plugin. -->","yoast_head_json":{"title":"Moynat inaugura nueva boutique en el 34 de Avenue Montaigne | LUXONOMY","robots":{"index":"index","follow":"follow","max-snippet":"max-snippet:-1","max-image-preview":"max-image-preview:large","max-video-preview":"max-video-preview:-1"},"canonical":"https:\/\/luxonomy.net\/es\/moynat-inaugura-nueva-boutique-en-el-34-de-avenue-montaigne\/","og_locale":"es_ES","og_type":"article","og_title":"Moynat inaugura nueva boutique en el 34 de Avenue Montaigne | LUXONOMY","og_description":"Moynat contin\u00faa su expansi\u00f3n en Par\u00eds con la inauguraci\u00f3n de una nueva boutique en el 34 de Avenue Montaigne, en el coraz\u00f3n del famoso Tri\u00e1ngulo de Oro, el distrito de compras de lujo de la capital. Esta hist\u00f3rica direcci\u00f3n en el 8\u00ba distrito alberga ahora el universo excepcional de Moynat, donde el patrimonio y la&hellip;","og_url":"https:\/\/luxonomy.net\/es\/moynat-inaugura-nueva-boutique-en-el-34-de-avenue-montaigne\/","og_site_name":"LUXONOMY","article_publisher":"https:\/\/www.facebook.com\/luxonomy","article_published_time":"2025-07-04T11:14:16+00:00","article_modified_time":"2025-07-07T09:09:21+00:00","og_image":[{"width":1024,"height":523,"url":"https:\/\/luxonomy.net\/wp-content\/uploads\/2025\/07\/Captura-de-pantalla-2025-07-04-a-las-13.08.51-1024x523.png","type":"image\/png"}],"author":"Martha Foster","twitter_card":"summary_large_image","twitter_misc":{"Escrito por":"Martha Foster","Tiempo de lectura":"2 minutos"},"schema":{"@context":"https:\/\/schema.org","@graph":[{"@type":"Article","@id":"https:\/\/luxonomy.net\/es\/moynat-inaugura-nueva-boutique-en-el-34-de-avenue-montaigne\/#article","isPartOf":{"@id":"https:\/\/luxonomy.net\/es\/moynat-inaugura-nueva-boutique-en-el-34-de-avenue-montaigne\/"},"author":{"name":"Martha Foster","@id":"https:\/\/luxonomy.net\/es\/#\/schema\/person\/b867877c8fa214385a8a7f7f40186132"},"headline":"Moynat inaugura nueva boutique en el 34 de Avenue Montaigne","datePublished":"2025-07-04T11:14:16+00:00","dateModified":"2025-07-07T09:09:21+00:00","mainEntityOfPage":{"@id":"https:\/\/luxonomy.net\/es\/moynat-inaugura-nueva-boutique-en-el-34-de-avenue-montaigne\/"},"wordCount":254,"commentCount":0,"publisher":{"@id":"https:\/\/luxonomy.net\/es\/#organization"},"image":{"@id":"https:\/\/luxonomy.net\/es\/moynat-inaugura-nueva-boutique-en-el-34-de-avenue-montaigne\/#primaryimage"},"thumbnailUrl":"https:\/\/i0.wp.com\/luxonomy.net\/wp-content\/uploads\/2025\/07\/Captura-de-pantalla-2025-07-04-a-las-13.08.51.png?fit=1432%2C732&ssl=1","keywords":["Moda","Moynat"],"articleSection":["Moda"],"inLanguage":"es","potentialAction":[{"@type":"CommentAction","name":"Comment","target":["https:\/\/luxonomy.net\/es\/moynat-inaugura-nueva-boutique-en-el-34-de-avenue-montaigne\/#respond"]}]},{"@type":"WebPage","@id":"https:\/\/luxonomy.net\/es\/moynat-inaugura-nueva-boutique-en-el-34-de-avenue-montaigne\/","url":"https:\/\/luxonomy.net\/es\/moynat-inaugura-nueva-boutique-en-el-34-de-avenue-montaigne\/","name":"Moynat inaugura nueva boutique en el 34 de Avenue Montaigne | LUXONOMY","isPartOf":{"@id":"https:\/\/luxonomy.net\/es\/#website"},"primaryImageOfPage":{"@id":"https:\/\/luxonomy.net\/es\/moynat-inaugura-nueva-boutique-en-el-34-de-avenue-montaigne\/#primaryimage"},"image":{"@id":"https:\/\/luxonomy.net\/es\/moynat-inaugura-nueva-boutique-en-el-34-de-avenue-montaigne\/#primaryimage"},"thumbnailUrl":"https:\/\/i0.wp.com\/luxonomy.net\/wp-content\/uploads\/2025\/07\/Captura-de-pantalla-2025-07-04-a-las-13.08.51.png?fit=1432%2C732&ssl=1","datePublished":"2025-07-04T11:14:16+00:00","dateModified":"2025-07-07T09:09:21+00:00","breadcrumb":{"@id":"https:\/\/luxonomy.net\/es\/moynat-inaugura-nueva-boutique-en-el-34-de-avenue-montaigne\/#breadcrumb"},"inLanguage":"es","potentialAction":[{"@type":"ReadAction","target":["https:\/\/luxonomy.net\/es\/moynat-inaugura-nueva-boutique-en-el-34-de-avenue-montaigne\/"]}]},{"@type":"ImageObject","inLanguage":"es","@id":"https:\/\/luxonomy.net\/es\/moynat-inaugura-nueva-boutique-en-el-34-de-avenue-montaigne\/#primaryimage","url":"https:\/\/i0.wp.com\/luxonomy.net\/wp-content\/uploads\/2025\/07\/Captura-de-pantalla-2025-07-04-a-las-13.08.51.png?fit=1432%2C732&ssl=1","contentUrl":"https:\/\/i0.wp.com\/luxonomy.net\/wp-content\/uploads\/2025\/07\/Captura-de-pantalla-2025-07-04-a-las-13.08.51.png?fit=1432%2C732&ssl=1","width":1432,"height":732},{"@type":"BreadcrumbList","@id":"https:\/\/luxonomy.net\/es\/moynat-inaugura-nueva-boutique-en-el-34-de-avenue-montaigne\/#breadcrumb","itemListElement":[{"@type":"ListItem","position":1,"name":"Portada","item":"https:\/\/luxonomy.net\/es\/"},{"@type":"ListItem","position":2,"name":"Moynat inaugura nueva boutique en el 34 de Avenue Montaigne"}]},{"@type":"WebSite","@id":"https:\/\/luxonomy.net\/es\/#website","url":"https:\/\/luxonomy.net\/es\/","name":"LUXONOMY","description":"The Economy of Fashion &amp; Luxury","publisher":{"@id":"https:\/\/luxonomy.net\/es\/#organization"},"potentialAction":[{"@type":"SearchAction","target":{"@type":"EntryPoint","urlTemplate":"https:\/\/luxonomy.net\/es\/?s={search_term_string}"},"query-input":{"@type":"PropertyValueSpecification","valueRequired":true,"valueName":"search_term_string"}}],"inLanguage":"es"},{"@type":"Organization","@id":"https:\/\/luxonomy.net\/es\/#organization","name":"LUXONOMY","url":"https:\/\/luxonomy.net\/es\/","logo":{"@type":"ImageObject","inLanguage":"es","@id":"https:\/\/luxonomy.net\/es\/#\/schema\/logo\/image\/","url":"https:\/\/i2.wp.com\/luxonomy.net\/wp-content\/uploads\/2021\/09\/MOCKUP-TODOS-LUXONOMY.jpg?fit=1000%2C515&ssl=1","contentUrl":"https:\/\/i2.wp.com\/luxonomy.net\/wp-content\/uploads\/2021\/09\/MOCKUP-TODOS-LUXONOMY.jpg?fit=1000%2C515&ssl=1","width":1000,"height":515,"caption":"LUXONOMY"},"image":{"@id":"https:\/\/luxonomy.net\/es\/#\/schema\/logo\/image\/"},"sameAs":["https:\/\/www.facebook.com\/luxonomy","https:\/\/www.instagram.com\/luxonomy\/","https:\/\/www.linkedin.com\/company\/luxonomy\/"]},{"@type":"Person","@id":"https:\/\/luxonomy.net\/es\/#\/schema\/person\/b867877c8fa214385a8a7f7f40186132","name":"Martha Foster","image":{"@type":"ImageObject","inLanguage":"es","@id":"https:\/\/luxonomy.net\/wp-content\/litespeed\/avatar\/6b94e302749cd8a900cdd719ad8eb50f.jpg?ver=1787983489","url":"https:\/\/luxonomy.net\/wp-content\/litespeed\/avatar\/6b94e302749cd8a900cdd719ad8eb50f.jpg?ver=1787983489","contentUrl":"https:\/\/luxonomy.net\/wp-content\/litespeed\/avatar\/6b94e302749cd8a900cdd719ad8eb50f.jpg?ver=1787983489","caption":"Martha Foster"},"description":"Editor at LUXONOMY\u2122Group. Business Development.","url":"https:\/\/luxonomy.net\/es\/author\/marthafoster\/"}]}},"jetpack_publicize_connections":[],"jetpack_shortlink":"https:\/\/wp.me\/paPhBa-hhk","jetpack_sharing_enabled":true,"jetpack_featured_media_url":"https:\/\/i0.wp.com\/luxonomy.net\/wp-content\/uploads\/2025\/07\/Captura-de-pantalla-2025-07-04-a-las-13.08.51.png?fit=1432%2C732&ssl=1","_links":{"self":[{"href":"https:\/\/luxonomy.net\/es\/wp-json\/wp\/v2\/posts\/66422","targetHints":{"allow":["GET"]}}],"collection":[{"href":"https:\/\/luxonomy.net\/es\/wp-json\/wp\/v2\/posts"}],"about":[{"href":"https:\/\/luxonomy.net\/es\/wp-json\/wp\/v2\/types\/post"}],"author":[{"embeddable":true,"href":"https:\/\/luxonomy.net\/es\/wp-json\/wp\/v2\/users\/56"}],"replies":[{"embeddable":true,"href":"https:\/\/luxonomy.net\/es\/wp-json\/wp\/v2\/comments?post=66422"}],"version-history":[{"count":2,"href":"https:\/\/luxonomy.net\/es\/wp-json\/wp\/v2\/posts\/66422\/revisions"}],"predecessor-version":[{"id":66425,"href":"https:\/\/luxonomy.net\/es\/wp-json\/wp\/v2\/posts\/66422\/revisions\/66425"}],"wp:featuredmedia":[{"embeddable":true,"href":"https:\/\/luxonomy.net\/es\/wp-json\/wp\/v2\/media\/66418"}],"wp:attachment":[{"href":"https:\/\/luxonomy.net\/es\/wp-json\/wp\/v2\/media?parent=66422"}],"wp:term":[{"taxonomy":"category","embeddable":true,"href":"https:\/\/luxonomy.net\/es\/wp-json\/wp\/v2\/categories?post=66422"},{"taxonomy":"post_tag","embeddable":true,"href":"https:\/\/luxonomy.net\/es\/wp-json\/wp\/v2\/tags?post=66422"},{"taxonomy":"thb-sponsors","embeddable":true,"href":"https:\/\/luxonomy.net\/es\/wp-json\/wp\/v2\/thb-sponsors?post=66422"}],"curies":[{"name":"wp","href":"https:\/\/api.w.org\/{rel}","templated":true}]}}