{"id":65351,"date":"2025-05-26T08:56:05","date_gmt":"2025-05-26T06:56:05","guid":{"rendered":"https:\/\/luxonomy.net\/?p=65351"},"modified":"2025-05-26T10:13:55","modified_gmt":"2025-05-26T08:13:55","slug":"el-lujo-global-se-enfria","status":"publish","type":"post","link":"https:\/\/luxonomy.net\/es\/el-lujo-global-se-enfria\/","title":{"rendered":"El lujo global se enfr\u00eda"},"content":{"rendered":"<p>Las ventas mundiales de bienes personales de lujo podr\u00edan caer entre un <strong>2% y 5%<\/strong> en 2025, seg\u00fan la nueva previsi\u00f3n de Bain &amp; Company. Esta revisi\u00f3n dr\u00e1stica refleja una combinaci\u00f3n de factores econ\u00f3micos, geopol\u00edticos y psicol\u00f3gicos que han minado el entusiasmo del consumidor global tras el auge postpand\u00e9mico.<\/p>\n<h2>Bain recorta las previsiones en plena tormenta<\/h2>\n<p>En su informe de primavera, Bain reduce sus expectativas para el sector del lujo: si en noviembre de 2024 preve\u00eda hasta un 4% de crecimiento, ahora proyecta una contracci\u00f3n de hasta un 5%. Las causas: menor consumo en China, cautela en EE.UU., fatiga del comprador de alta gama ante subidas hist\u00f3ricas de precios, y una mayor sensibilidad al valor percibido.<\/p>\n<h2>Factores macroecon\u00f3micos detr\u00e1s de la desaceleraci\u00f3n<\/h2>\n<ul>\n<li><strong>China:<\/strong> crisis inmobiliaria y desconfianza del consumidor de clase alta. Se retrasa la esperada recuperaci\u00f3n.<\/li>\n<li><strong>Estados Unidos:<\/strong> inflaci\u00f3n acumulada y cambio en prioridades de consumo. Se buscan productos con justificaci\u00f3n clara de valor.<\/li>\n<li><strong>Europa:<\/strong> crecimiento plano dependiente del turismo y del d\u00f3lar fuerte. Incertidumbre general.<\/li>\n<li><strong>Precio:<\/strong> tras a\u00f1os de subidas, el mercado rechaza precios excesivos sin nuevas propuestas creativas.<\/li>\n<li><strong>Geopol\u00edtica:<\/strong> tensiones entre EE.UU., China y Europa. Nuevos aranceles complican a\u00fan m\u00e1s el entorno.<\/li>\n<\/ul>\n<h2>Reacci\u00f3n del mercado y de los analistas financieros<\/h2>\n<p>Los resultados del primer trimestre de 2025 desencadenaron una ca\u00edda burs\u00e1til generalizada entre los grupos de lujo. LVMH perdi\u00f3 m\u00e1s del 7% en un d\u00eda, Kering \u201314% en el trimestre, y Herm\u00e8s se convirti\u00f3 moment\u00e1neamente en la firma con mayor capitalizaci\u00f3n del sector. Analistas como Morgan Stanley y Bernstein recortaron proyecciones y hablan del periodo m\u00e1s dif\u00edcil desde 2009.<\/p><div id=\"luxon-1871277668\" class=\"luxon-3er-parrafo luxon-entity-placement\" style=\"margin-top: 20px;margin-bottom: 20px;margin-left: auto;margin-right: auto;text-align: center;\"><a href=\"https:\/\/luxonomy.university\/course\/master-turismo-de-lujo\" target=\"_blank\" aria-label=\"master-turismo-lujo-2026-2027\"><img loading=\"lazy\" decoding=\"async\" src=\"https:\/\/i0.wp.com\/luxonomy.net\/wp-content\/uploads\/2020\/07\/master-turismo-lujo-2026-2027.jpg?fit=1672%2C941&#038;ssl=1\" alt=\"\"  srcset=\"https:\/\/i0.wp.com\/luxonomy.net\/wp-content\/uploads\/2020\/07\/master-turismo-lujo-2026-2027.jpg?w=1672&ssl=1 1672w, https:\/\/i0.wp.com\/luxonomy.net\/wp-content\/uploads\/2020\/07\/master-turismo-lujo-2026-2027.jpg?resize=300%2C169&ssl=1 300w, https:\/\/i0.wp.com\/luxonomy.net\/wp-content\/uploads\/2020\/07\/master-turismo-lujo-2026-2027.jpg?resize=1024%2C576&ssl=1 1024w, https:\/\/i0.wp.com\/luxonomy.net\/wp-content\/uploads\/2020\/07\/master-turismo-lujo-2026-2027.jpg?resize=768%2C432&ssl=1 768w, https:\/\/i0.wp.com\/luxonomy.net\/wp-content\/uploads\/2020\/07\/master-turismo-lujo-2026-2027.jpg?resize=1536%2C864&ssl=1 1536w, https:\/\/i0.wp.com\/luxonomy.net\/wp-content\/uploads\/2020\/07\/master-turismo-lujo-2026-2027.jpg?resize=370%2C208&ssl=1 370w, https:\/\/i0.wp.com\/luxonomy.net\/wp-content\/uploads\/2020\/07\/master-turismo-lujo-2026-2027.jpg?resize=800%2C450&ssl=1 800w, https:\/\/i0.wp.com\/luxonomy.net\/wp-content\/uploads\/2020\/07\/master-turismo-lujo-2026-2027.jpg?resize=20%2C11&ssl=1 20w, https:\/\/i0.wp.com\/luxonomy.net\/wp-content\/uploads\/2020\/07\/master-turismo-lujo-2026-2027.jpg?resize=740%2C416&ssl=1 740w, https:\/\/i0.wp.com\/luxonomy.net\/wp-content\/uploads\/2020\/07\/master-turismo-lujo-2026-2027.jpg?resize=1600%2C900&ssl=1 1600w, https:\/\/i0.wp.com\/luxonomy.net\/wp-content\/uploads\/2020\/07\/master-turismo-lujo-2026-2027.jpg?resize=1200%2C675&ssl=1 1200w, https:\/\/i0.wp.com\/luxonomy.net\/wp-content\/uploads\/2020\/07\/master-turismo-lujo-2026-2027.jpg?resize=85%2C48&ssl=1 85w\" sizes=\"(max-width: 1170px) 100vw, 1170px\" class=\"no-lazyload\" width=\"1672\" height=\"941\"   \/><\/a><\/div>\n<h2>Estrategias de las grandes casas de lujo ante el enfriamiento<\/h2>\n<ul>\n<li><strong>LVMH:<\/strong> diversifica riesgos con bebidas, joyer\u00eda y perfumes. Refuerza marketing, evita subir m\u00e1s precios en exceso.<\/li>\n<li><strong>Kering:<\/strong> en plena transformaci\u00f3n creativa. Intenta reposicionar Gucci tras fuertes ca\u00eddas.<\/li>\n<li><strong>Richemont:<\/strong> s\u00f3lida gracias a joyer\u00eda de alta gama. Evita subidas de precios dr\u00e1sticas.<\/li>\n<li><strong>Herm\u00e8s:<\/strong> estrategia intacta: exclusividad, listas de espera, precios moderadamente crecientes.<\/li>\n<\/ul>\n<h2>Comparativa de previsiones 2025<\/h2>\n<table>\n<thead>\n<tr>\n<th>Fuente<\/th>\n<th>Previsi\u00f3n de crecimiento<\/th>\n<\/tr>\n<\/thead>\n<tbody>\n<tr>\n<td>Bain &amp; Co (noviembre 2024)<\/td>\n<td>0% a +4%<\/td>\n<\/tr>\n<tr>\n<td>Bain &amp; Co (mayo 2025)<\/td>\n<td>\u20132% a \u20135%<\/td>\n<\/tr>\n<tr>\n<td>Bernstein Research<\/td>\n<td>\u20132%<\/td>\n<\/tr>\n<tr>\n<td>McKinsey (2024\u20132027)<\/td>\n<td>+1% a +3% anual<\/td>\n<\/tr>\n<\/tbody>\n<\/table>\n<h2>Perspectivas hacia 2030: tecnolog\u00eda, nuevos mercados y cambio generacional<\/h2>\n<p>M\u00e1s all\u00e1 de 2025, el lujo se redefine. La clave estar\u00e1 en adaptarse:<\/p>\n<ul>\n<li><strong>Nuevos mercados:<\/strong> India, Sudeste Asi\u00e1tico, Latinoam\u00e9rica y \u00c1frica ser\u00e1n vitales.<\/li>\n<li><strong>Tecnolog\u00eda:<\/strong> IA, personalizaci\u00f3n, lujo digital y omnicanalidad marcar\u00e1n el crecimiento.<\/li>\n<li><strong>Generaci\u00f3n Z:<\/strong> demandan sostenibilidad, autenticidad y experiencias, m\u00e1s que s\u00edmbolos de estatus cl\u00e1sicos.<\/li>\n<li><strong>Metaverso y NFT:<\/strong> oportunidades todav\u00eda embrionarias, pero con potencial real hacia 2030.<\/li>\n<\/ul>\n","protected":false},"excerpt":{"rendered":"<p>Las ventas mundiales de bienes personales de lujo podr\u00edan caer entre un 2% y 5% en 2025, seg\u00fan la nueva previsi\u00f3n de Bain &#038; Company. Esta revisi\u00f3n dr\u00e1stica refleja una combinaci\u00f3n de factores econ\u00f3micos, geopol\u00edticos y psicol\u00f3gicos que han minado el entusiasmo del consumidor global tras el auge postpand\u00e9mico.<\/p>\n","protected":false},"author":11,"featured_media":65350,"comment_status":"open","ping_status":"open","sticky":false,"template":"","format":"standard","meta":{"_jetpack_newsletter_access":"","_jetpack_dont_email_post_to_subs":false,"_jetpack_newsletter_tier_id":0,"_jetpack_memberships_contains_paywalled_content":false,"_jetpack_feature_clip_id":0,"_jetpack_memberships_contains_paid_content":false,"footnotes":"","jetpack_publicize_message":"Las ventas mundiales de bienes personales de lujo podr\u00edan caer entre un 2% y 5% en 2025, seg\u00fan la nueva previsi\u00f3n de Bain & Company. Esta revisi\u00f3n dr\u00e1stica refleja una combinaci\u00f3n de factores econ\u00f3micos, geopol\u00edticos y psicol\u00f3gicos que han minado el entusiasmo del consumidor global tras el auge postpand\u00e9mico.\n#sectorlujo #BainAndCompany #LVMH #Herm\u00e8s #Kering #Richemont #mercadodelujo #previsiones2025 #desaceleraci\u00f3ndellujo #econom\u00edaChina #consumoEstadosUnidos #industriadelamoda #lujoglobal #cambiogeneracional #preciosdellujo #modadigital #metaverso #NFTs #lujosostenible #Generaci\u00f3nZ #retaildelujo","jetpack_publicize_feature_enabled":true,"jetpack_social_post_already_shared":true,"jetpack_social_options":{"image_generator_settings":{"template":"edge","enabled":true,"token":"eyJpbWciOiJodHRwczpcL1wvbHV4b25vbXkubmV0XC93cC1jb250ZW50XC91cGxvYWRzXC8yMDI1XC8wNVwvbHV4b25vbXktMS01LmpwZyIsInR4dCI6IkVsIGx1am8gZ2xvYmFsIHNlIGVuZnJcdTAwZWRhIiwidGVtcGxhdGUiOiJlZGdlIiwiYmxvZ19pZCI6MTU5OTg1NzQwfQ.QUy2Pbjo4a-6dqZXKBwx3-GP5HJSffiOwr1Lkt9oK7UMQ"},"version":2},"jetpack_post_was_ever_published":false},"categories":[1128],"tags":[1308,6198,9265,9268,9270,2036,622,2507,887,7937,2087,585,2408,1262,1475,1377,9267,9269,6125,789,9266],"thb-sponsors":[],"class_list":["post-65351","post","type-post","status-publish","format-standard","has-post-thumbnail","hentry","category-economia","tag-bain-company","tag-cambio-generacional","tag-consumo-estados-unidos","tag-desaceleracion-del-lujo","tag-economia-china","tag-generacion-z","tag-hermes","tag-industria-de-la-moda","tag-kering","tag-lujo-global","tag-lujo-sostenible","tag-lvmh","tag-mercado-de-lujo","tag-metaverso","tag-moda-digital","tag-nfts","tag-precios-del-lujo","tag-previsiones-2025","tag-retail-de-lujo","tag-richemont","tag-sector-lujo"],"yoast_head":"<!-- This site is optimized with the Yoast SEO plugin v28.4 - https:\/\/yoast.com\/product\/yoast-seo-wordpress\/ -->\n<title>El lujo global se enfr\u00eda | LUXONOMY<\/title>\n<meta name=\"robots\" content=\"index, follow, max-snippet:-1, max-image-preview:large, max-video-preview:-1\" \/>\n<link rel=\"canonical\" href=\"https:\/\/luxonomy.net\/es\/el-lujo-global-se-enfria\/\" \/>\n<meta property=\"og:locale\" content=\"es_ES\" \/>\n<meta property=\"og:type\" content=\"article\" \/>\n<meta property=\"og:title\" content=\"El lujo global se enfr\u00eda | LUXONOMY\" \/>\n<meta property=\"og:description\" content=\"Las ventas mundiales de bienes personales de lujo podr\u00edan caer entre un 2% y 5% en 2025, seg\u00fan la nueva previsi\u00f3n de Bain &amp; Company. Esta revisi\u00f3n dr\u00e1stica refleja una combinaci\u00f3n de factores econ\u00f3micos, geopol\u00edticos y psicol\u00f3gicos que han minado el entusiasmo del consumidor global tras el auge postpand\u00e9mico.\" \/>\n<meta property=\"og:url\" content=\"https:\/\/luxonomy.net\/es\/el-lujo-global-se-enfria\/\" \/>\n<meta property=\"og:site_name\" content=\"LUXONOMY\" \/>\n<meta property=\"article:publisher\" content=\"https:\/\/www.facebook.com\/luxonomy\" \/>\n<meta property=\"article:published_time\" content=\"2025-05-26T06:56:05+00:00\" \/>\n<meta property=\"article:modified_time\" content=\"2025-05-26T08:13:55+00:00\" \/>\n<meta property=\"og:image\" content=\"https:\/\/i0.wp.com\/luxonomy.net\/wp-content\/uploads\/2025\/05\/luxonomy-1-5.jpg?fit=800%2C600&quality=89&ssl=1\" \/>\n\t<meta property=\"og:image:width\" content=\"800\" \/>\n\t<meta property=\"og:image:height\" content=\"600\" \/>\n\t<meta property=\"og:image:type\" content=\"image\/jpeg\" \/>\n<meta name=\"author\" content=\"Kristi Ellis\" \/>\n<meta name=\"twitter:card\" content=\"summary_large_image\" \/>\n<meta name=\"twitter:label1\" content=\"Escrito por\" \/>\n\t<meta name=\"twitter:data1\" content=\"Kristi Ellis\" \/>\n\t<meta name=\"twitter:label2\" content=\"Tiempo de lectura\" \/>\n\t<meta name=\"twitter:data2\" content=\"3 minutos\" \/>\n<script type=\"application\/ld+json\" class=\"yoast-schema-graph\">{\"@context\":\"https:\\\/\\\/schema.org\",\"@graph\":[{\"@type\":\"Article\",\"@id\":\"https:\\\/\\\/luxonomy.net\\\/es\\\/el-lujo-global-se-enfria\\\/#article\",\"isPartOf\":{\"@id\":\"https:\\\/\\\/luxonomy.net\\\/es\\\/el-lujo-global-se-enfria\\\/\"},\"author\":{\"name\":\"Kristi Ellis\",\"@id\":\"https:\\\/\\\/luxonomy.net\\\/es\\\/#\\\/schema\\\/person\\\/7e8a0cc9e3ca46c68cc1062d894c7019\"},\"headline\":\"El lujo global se enfr\u00eda\",\"datePublished\":\"2025-05-26T06:56:05+00:00\",\"dateModified\":\"2025-05-26T08:13:55+00:00\",\"mainEntityOfPage\":{\"@id\":\"https:\\\/\\\/luxonomy.net\\\/es\\\/el-lujo-global-se-enfria\\\/\"},\"wordCount\":462,\"commentCount\":0,\"publisher\":{\"@id\":\"https:\\\/\\\/luxonomy.net\\\/es\\\/#organization\"},\"image\":{\"@id\":\"https:\\\/\\\/luxonomy.net\\\/es\\\/el-lujo-global-se-enfria\\\/#primaryimage\"},\"thumbnailUrl\":\"https:\\\/\\\/i0.wp.com\\\/luxonomy.net\\\/wp-content\\\/uploads\\\/2025\\\/05\\\/luxonomy-1-5.jpg?fit=800%2C600&ssl=1\",\"keywords\":[\"Bain &amp; Company\",\"cambio generacional\",\"consumo Estados Unidos\",\"desaceleraci\u00f3n del lujo\",\"econom\u00eda China\",\"Generaci\u00f3n Z\",\"Herm\u00e8s\",\"industria de la moda\",\"kering\",\"lujo global\",\"Lujo Sostenible\",\"LVMH\",\"mercado de lujo\",\"metaverso\",\"moda digital\",\"nfts\",\"precios del lujo\",\"previsiones 2025\",\"retail de lujo\",\"Richemont\",\"sector lujo\"],\"articleSection\":[\"Econom\u00eda\"],\"inLanguage\":\"es\",\"potentialAction\":[{\"@type\":\"CommentAction\",\"name\":\"Comment\",\"target\":[\"https:\\\/\\\/luxonomy.net\\\/es\\\/el-lujo-global-se-enfria\\\/#respond\"]}]},{\"@type\":\"WebPage\",\"@id\":\"https:\\\/\\\/luxonomy.net\\\/es\\\/el-lujo-global-se-enfria\\\/\",\"url\":\"https:\\\/\\\/luxonomy.net\\\/es\\\/el-lujo-global-se-enfria\\\/\",\"name\":\"El lujo global se enfr\u00eda | LUXONOMY\",\"isPartOf\":{\"@id\":\"https:\\\/\\\/luxonomy.net\\\/es\\\/#website\"},\"primaryImageOfPage\":{\"@id\":\"https:\\\/\\\/luxonomy.net\\\/es\\\/el-lujo-global-se-enfria\\\/#primaryimage\"},\"image\":{\"@id\":\"https:\\\/\\\/luxonomy.net\\\/es\\\/el-lujo-global-se-enfria\\\/#primaryimage\"},\"thumbnailUrl\":\"https:\\\/\\\/i0.wp.com\\\/luxonomy.net\\\/wp-content\\\/uploads\\\/2025\\\/05\\\/luxonomy-1-5.jpg?fit=800%2C600&ssl=1\",\"datePublished\":\"2025-05-26T06:56:05+00:00\",\"dateModified\":\"2025-05-26T08:13:55+00:00\",\"breadcrumb\":{\"@id\":\"https:\\\/\\\/luxonomy.net\\\/es\\\/el-lujo-global-se-enfria\\\/#breadcrumb\"},\"inLanguage\":\"es\",\"potentialAction\":[{\"@type\":\"ReadAction\",\"target\":[\"https:\\\/\\\/luxonomy.net\\\/es\\\/el-lujo-global-se-enfria\\\/\"]}]},{\"@type\":\"ImageObject\",\"inLanguage\":\"es\",\"@id\":\"https:\\\/\\\/luxonomy.net\\\/es\\\/el-lujo-global-se-enfria\\\/#primaryimage\",\"url\":\"https:\\\/\\\/i0.wp.com\\\/luxonomy.net\\\/wp-content\\\/uploads\\\/2025\\\/05\\\/luxonomy-1-5.jpg?fit=800%2C600&ssl=1\",\"contentUrl\":\"https:\\\/\\\/i0.wp.com\\\/luxonomy.net\\\/wp-content\\\/uploads\\\/2025\\\/05\\\/luxonomy-1-5.jpg?fit=800%2C600&ssl=1\",\"width\":800,\"height\":600},{\"@type\":\"BreadcrumbList\",\"@id\":\"https:\\\/\\\/luxonomy.net\\\/es\\\/el-lujo-global-se-enfria\\\/#breadcrumb\",\"itemListElement\":[{\"@type\":\"ListItem\",\"position\":1,\"name\":\"Portada\",\"item\":\"https:\\\/\\\/luxonomy.net\\\/es\\\/\"},{\"@type\":\"ListItem\",\"position\":2,\"name\":\"El lujo global se enfr\u00eda\"}]},{\"@type\":\"WebSite\",\"@id\":\"https:\\\/\\\/luxonomy.net\\\/es\\\/#website\",\"url\":\"https:\\\/\\\/luxonomy.net\\\/es\\\/\",\"name\":\"LUXONOMY\",\"description\":\"The Economy of Fashion &amp; Luxury\",\"publisher\":{\"@id\":\"https:\\\/\\\/luxonomy.net\\\/es\\\/#organization\"},\"potentialAction\":[{\"@type\":\"SearchAction\",\"target\":{\"@type\":\"EntryPoint\",\"urlTemplate\":\"https:\\\/\\\/luxonomy.net\\\/es\\\/?s={search_term_string}\"},\"query-input\":{\"@type\":\"PropertyValueSpecification\",\"valueRequired\":true,\"valueName\":\"search_term_string\"}}],\"inLanguage\":\"es\"},{\"@type\":\"Organization\",\"@id\":\"https:\\\/\\\/luxonomy.net\\\/es\\\/#organization\",\"name\":\"LUXONOMY\",\"url\":\"https:\\\/\\\/luxonomy.net\\\/es\\\/\",\"logo\":{\"@type\":\"ImageObject\",\"inLanguage\":\"es\",\"@id\":\"https:\\\/\\\/luxonomy.net\\\/es\\\/#\\\/schema\\\/logo\\\/image\\\/\",\"url\":\"https:\\\/\\\/i2.wp.com\\\/luxonomy.net\\\/wp-content\\\/uploads\\\/2021\\\/09\\\/MOCKUP-TODOS-LUXONOMY.jpg?fit=1000%2C515&ssl=1\",\"contentUrl\":\"https:\\\/\\\/i2.wp.com\\\/luxonomy.net\\\/wp-content\\\/uploads\\\/2021\\\/09\\\/MOCKUP-TODOS-LUXONOMY.jpg?fit=1000%2C515&ssl=1\",\"width\":1000,\"height\":515,\"caption\":\"LUXONOMY\"},\"image\":{\"@id\":\"https:\\\/\\\/luxonomy.net\\\/es\\\/#\\\/schema\\\/logo\\\/image\\\/\"},\"sameAs\":[\"https:\\\/\\\/www.facebook.com\\\/luxonomy\",\"https:\\\/\\\/www.instagram.com\\\/luxonomy\\\/\",\"https:\\\/\\\/www.linkedin.com\\\/company\\\/luxonomy\\\/\"]},{\"@type\":\"Person\",\"@id\":\"https:\\\/\\\/luxonomy.net\\\/es\\\/#\\\/schema\\\/person\\\/7e8a0cc9e3ca46c68cc1062d894c7019\",\"name\":\"Kristi Ellis\",\"image\":{\"@type\":\"ImageObject\",\"inLanguage\":\"es\",\"@id\":\"https:\\\/\\\/luxonomy.net\\\/wp-content\\\/litespeed\\\/avatar\\\/ae0c58256b980352bba3c97a8f9abe32.jpg?ver=1788580188\",\"url\":\"https:\\\/\\\/luxonomy.net\\\/wp-content\\\/litespeed\\\/avatar\\\/ae0c58256b980352bba3c97a8f9abe32.jpg?ver=1788580188\",\"contentUrl\":\"https:\\\/\\\/luxonomy.net\\\/wp-content\\\/litespeed\\\/avatar\\\/ae0c58256b980352bba3c97a8f9abe32.jpg?ver=1788580188\",\"caption\":\"Kristi Ellis\"},\"url\":\"https:\\\/\\\/luxonomy.net\\\/es\\\/author\\\/kristi-ellis\\\/\"}]}<\/script>\n<!-- \/ Yoast SEO plugin. -->","yoast_head_json":{"title":"El lujo global se enfr\u00eda | LUXONOMY","robots":{"index":"index","follow":"follow","max-snippet":"max-snippet:-1","max-image-preview":"max-image-preview:large","max-video-preview":"max-video-preview:-1"},"canonical":"https:\/\/luxonomy.net\/es\/el-lujo-global-se-enfria\/","og_locale":"es_ES","og_type":"article","og_title":"El lujo global se enfr\u00eda | LUXONOMY","og_description":"Las ventas mundiales de bienes personales de lujo podr\u00edan caer entre un 2% y 5% en 2025, seg\u00fan la nueva previsi\u00f3n de Bain & Company. Esta revisi\u00f3n dr\u00e1stica refleja una combinaci\u00f3n de factores econ\u00f3micos, geopol\u00edticos y psicol\u00f3gicos que han minado el entusiasmo del consumidor global tras el auge postpand\u00e9mico.","og_url":"https:\/\/luxonomy.net\/es\/el-lujo-global-se-enfria\/","og_site_name":"LUXONOMY","article_publisher":"https:\/\/www.facebook.com\/luxonomy","article_published_time":"2025-05-26T06:56:05+00:00","article_modified_time":"2025-05-26T08:13:55+00:00","og_image":[{"width":800,"height":600,"url":"https:\/\/i0.wp.com\/luxonomy.net\/wp-content\/uploads\/2025\/05\/luxonomy-1-5.jpg?fit=800%2C600&quality=89&ssl=1","type":"image\/jpeg"}],"author":"Kristi Ellis","twitter_card":"summary_large_image","twitter_misc":{"Escrito por":"Kristi Ellis","Tiempo de lectura":"3 minutos"},"schema":{"@context":"https:\/\/schema.org","@graph":[{"@type":"Article","@id":"https:\/\/luxonomy.net\/es\/el-lujo-global-se-enfria\/#article","isPartOf":{"@id":"https:\/\/luxonomy.net\/es\/el-lujo-global-se-enfria\/"},"author":{"name":"Kristi Ellis","@id":"https:\/\/luxonomy.net\/es\/#\/schema\/person\/7e8a0cc9e3ca46c68cc1062d894c7019"},"headline":"El lujo global se enfr\u00eda","datePublished":"2025-05-26T06:56:05+00:00","dateModified":"2025-05-26T08:13:55+00:00","mainEntityOfPage":{"@id":"https:\/\/luxonomy.net\/es\/el-lujo-global-se-enfria\/"},"wordCount":462,"commentCount":0,"publisher":{"@id":"https:\/\/luxonomy.net\/es\/#organization"},"image":{"@id":"https:\/\/luxonomy.net\/es\/el-lujo-global-se-enfria\/#primaryimage"},"thumbnailUrl":"https:\/\/i0.wp.com\/luxonomy.net\/wp-content\/uploads\/2025\/05\/luxonomy-1-5.jpg?fit=800%2C600&ssl=1","keywords":["Bain &amp; Company","cambio generacional","consumo Estados Unidos","desaceleraci\u00f3n del lujo","econom\u00eda China","Generaci\u00f3n Z","Herm\u00e8s","industria de la moda","kering","lujo global","Lujo Sostenible","LVMH","mercado de lujo","metaverso","moda digital","nfts","precios del lujo","previsiones 2025","retail de lujo","Richemont","sector lujo"],"articleSection":["Econom\u00eda"],"inLanguage":"es","potentialAction":[{"@type":"CommentAction","name":"Comment","target":["https:\/\/luxonomy.net\/es\/el-lujo-global-se-enfria\/#respond"]}]},{"@type":"WebPage","@id":"https:\/\/luxonomy.net\/es\/el-lujo-global-se-enfria\/","url":"https:\/\/luxonomy.net\/es\/el-lujo-global-se-enfria\/","name":"El lujo global se enfr\u00eda | LUXONOMY","isPartOf":{"@id":"https:\/\/luxonomy.net\/es\/#website"},"primaryImageOfPage":{"@id":"https:\/\/luxonomy.net\/es\/el-lujo-global-se-enfria\/#primaryimage"},"image":{"@id":"https:\/\/luxonomy.net\/es\/el-lujo-global-se-enfria\/#primaryimage"},"thumbnailUrl":"https:\/\/i0.wp.com\/luxonomy.net\/wp-content\/uploads\/2025\/05\/luxonomy-1-5.jpg?fit=800%2C600&ssl=1","datePublished":"2025-05-26T06:56:05+00:00","dateModified":"2025-05-26T08:13:55+00:00","breadcrumb":{"@id":"https:\/\/luxonomy.net\/es\/el-lujo-global-se-enfria\/#breadcrumb"},"inLanguage":"es","potentialAction":[{"@type":"ReadAction","target":["https:\/\/luxonomy.net\/es\/el-lujo-global-se-enfria\/"]}]},{"@type":"ImageObject","inLanguage":"es","@id":"https:\/\/luxonomy.net\/es\/el-lujo-global-se-enfria\/#primaryimage","url":"https:\/\/i0.wp.com\/luxonomy.net\/wp-content\/uploads\/2025\/05\/luxonomy-1-5.jpg?fit=800%2C600&ssl=1","contentUrl":"https:\/\/i0.wp.com\/luxonomy.net\/wp-content\/uploads\/2025\/05\/luxonomy-1-5.jpg?fit=800%2C600&ssl=1","width":800,"height":600},{"@type":"BreadcrumbList","@id":"https:\/\/luxonomy.net\/es\/el-lujo-global-se-enfria\/#breadcrumb","itemListElement":[{"@type":"ListItem","position":1,"name":"Portada","item":"https:\/\/luxonomy.net\/es\/"},{"@type":"ListItem","position":2,"name":"El lujo global se enfr\u00eda"}]},{"@type":"WebSite","@id":"https:\/\/luxonomy.net\/es\/#website","url":"https:\/\/luxonomy.net\/es\/","name":"LUXONOMY","description":"The Economy of Fashion &amp; Luxury","publisher":{"@id":"https:\/\/luxonomy.net\/es\/#organization"},"potentialAction":[{"@type":"SearchAction","target":{"@type":"EntryPoint","urlTemplate":"https:\/\/luxonomy.net\/es\/?s={search_term_string}"},"query-input":{"@type":"PropertyValueSpecification","valueRequired":true,"valueName":"search_term_string"}}],"inLanguage":"es"},{"@type":"Organization","@id":"https:\/\/luxonomy.net\/es\/#organization","name":"LUXONOMY","url":"https:\/\/luxonomy.net\/es\/","logo":{"@type":"ImageObject","inLanguage":"es","@id":"https:\/\/luxonomy.net\/es\/#\/schema\/logo\/image\/","url":"https:\/\/i2.wp.com\/luxonomy.net\/wp-content\/uploads\/2021\/09\/MOCKUP-TODOS-LUXONOMY.jpg?fit=1000%2C515&ssl=1","contentUrl":"https:\/\/i2.wp.com\/luxonomy.net\/wp-content\/uploads\/2021\/09\/MOCKUP-TODOS-LUXONOMY.jpg?fit=1000%2C515&ssl=1","width":1000,"height":515,"caption":"LUXONOMY"},"image":{"@id":"https:\/\/luxonomy.net\/es\/#\/schema\/logo\/image\/"},"sameAs":["https:\/\/www.facebook.com\/luxonomy","https:\/\/www.instagram.com\/luxonomy\/","https:\/\/www.linkedin.com\/company\/luxonomy\/"]},{"@type":"Person","@id":"https:\/\/luxonomy.net\/es\/#\/schema\/person\/7e8a0cc9e3ca46c68cc1062d894c7019","name":"Kristi Ellis","image":{"@type":"ImageObject","inLanguage":"es","@id":"https:\/\/luxonomy.net\/wp-content\/litespeed\/avatar\/ae0c58256b980352bba3c97a8f9abe32.jpg?ver=1788580188","url":"https:\/\/luxonomy.net\/wp-content\/litespeed\/avatar\/ae0c58256b980352bba3c97a8f9abe32.jpg?ver=1788580188","contentUrl":"https:\/\/luxonomy.net\/wp-content\/litespeed\/avatar\/ae0c58256b980352bba3c97a8f9abe32.jpg?ver=1788580188","caption":"Kristi Ellis"},"url":"https:\/\/luxonomy.net\/es\/author\/kristi-ellis\/"}]}},"jetpack_publicize_connections":[],"jetpack_shortlink":"https:\/\/wp.me\/paPhBa-h03","jetpack_sharing_enabled":true,"jetpack_featured_media_url":"https:\/\/i0.wp.com\/luxonomy.net\/wp-content\/uploads\/2025\/05\/luxonomy-1-5.jpg?fit=800%2C600&ssl=1","_links":{"self":[{"href":"https:\/\/luxonomy.net\/es\/wp-json\/wp\/v2\/posts\/65351","targetHints":{"allow":["GET"]}}],"collection":[{"href":"https:\/\/luxonomy.net\/es\/wp-json\/wp\/v2\/posts"}],"about":[{"href":"https:\/\/luxonomy.net\/es\/wp-json\/wp\/v2\/types\/post"}],"author":[{"embeddable":true,"href":"https:\/\/luxonomy.net\/es\/wp-json\/wp\/v2\/users\/11"}],"replies":[{"embeddable":true,"href":"https:\/\/luxonomy.net\/es\/wp-json\/wp\/v2\/comments?post=65351"}],"version-history":[{"count":1,"href":"https:\/\/luxonomy.net\/es\/wp-json\/wp\/v2\/posts\/65351\/revisions"}],"predecessor-version":[{"id":65352,"href":"https:\/\/luxonomy.net\/es\/wp-json\/wp\/v2\/posts\/65351\/revisions\/65352"}],"wp:featuredmedia":[{"embeddable":true,"href":"https:\/\/luxonomy.net\/es\/wp-json\/wp\/v2\/media\/65350"}],"wp:attachment":[{"href":"https:\/\/luxonomy.net\/es\/wp-json\/wp\/v2\/media?parent=65351"}],"wp:term":[{"taxonomy":"category","embeddable":true,"href":"https:\/\/luxonomy.net\/es\/wp-json\/wp\/v2\/categories?post=65351"},{"taxonomy":"post_tag","embeddable":true,"href":"https:\/\/luxonomy.net\/es\/wp-json\/wp\/v2\/tags?post=65351"},{"taxonomy":"thb-sponsors","embeddable":true,"href":"https:\/\/luxonomy.net\/es\/wp-json\/wp\/v2\/thb-sponsors?post=65351"}],"curies":[{"name":"wp","href":"https:\/\/api.w.org\/{rel}","templated":true}]}}