{"id":64623,"date":"2025-04-30T12:59:00","date_gmt":"2025-04-30T10:59:00","guid":{"rendered":"https:\/\/luxonomy.net\/?p=64623"},"modified":"2025-05-02T14:52:28","modified_gmt":"2025-05-02T12:52:28","slug":"celine-inaugura-un-pop-up-de-verano-en-shanghai-inspirado-en-la-riviera-francesa","status":"publish","type":"post","link":"https:\/\/luxonomy.net\/es\/celine-inaugura-un-pop-up-de-verano-en-shanghai-inspirado-en-la-riviera-francesa\/","title":{"rendered":"CELINE inaugura un pop-up de verano en Shangh\u00e1i inspirado en la Riviera francesa"},"content":{"rendered":"\n<section data-slice-type=\"news_content\" data-slice-variation=\"default\">\n<div class=\"flex w-full max-w-full justify-center pt-14 md:pt-18 pb-14 md:pb-18 sm:container-layout-padding\">\n<div class=\"w-full max-w-full container-layout-padding lg:max-w-screen-lg pt-14 pb-18 md:py-36 bg-white md:px-0 mx-auto gridLayoutPadding lg:max-w-screen-lg\">\n<div class=\"col-span-full flex flex-col gap-14 last:mb-0 sm:col-start-2 sm:col-end-8 md:col-start-3 md:col-end-11\">\n<div class=\"flex flex-col gap-14 text-left\">\n<div>\n<p class=\"heading3 typo-body-xl group\">El pop-up estival \u00c9T\u00c9 CELINE en Shangh\u00e1i inaugura un concepto \u00fanico, inspirado en los nost\u00e1lgicos recuerdos de vacaciones en la Riviera francesa, en Saint-Tropez y su famosa Place des Lices.<\/p>\n<\/div>\n<div>\n<p class=\"paragraph typo-body-l group pb-5 font-normal sm:font-light\">Durante cinco semanas a partir del 10 de abril, los visitantes est\u00e1n invitados a una escapada inmersiva en el coraz\u00f3n de Zhangyuan, joya arquitect\u00f3nica emblem\u00e1tica del patrimonio \u00fanico de Shangh\u00e1i.<\/p>\n<p class=\"paragraph typo-body-l group pb-5 font-normal sm:font-light\">Concebido como un aut\u00e9ntico destino, el evento celebra el ritmo pausado de los d\u00edas de verano y la elegancia despreocupada de los momentos al aire libre. Tres \u00e1reas distintas exploran la visi\u00f3n de CELINE sobre un verano franc\u00e9s t\u00edpico: un jard\u00edn arbolado con vegetaci\u00f3n mediterr\u00e1nea alrededor de un Triomphe esculpido; una zona de juegos con petanca y helados; y un lounge-caf\u00e9 que captura el ambiente de un caf\u00e9 parisino, con p\u00e9rgolas de madera y suelo en espiga.<\/p><div id=\"luxon-3023420512\" class=\"luxon-3er-parrafo luxon-entity-placement\" style=\"margin-top: 20px;margin-bottom: 20px;margin-left: auto;margin-right: auto;text-align: center;\"><a href=\"https:\/\/luxonomy.university\/course\/master-turismo-de-lujo\" target=\"_blank\" aria-label=\"master-turismo-lujo-2026-2027\"><img loading=\"lazy\" decoding=\"async\" src=\"https:\/\/i0.wp.com\/luxonomy.net\/wp-content\/uploads\/2020\/07\/master-turismo-lujo-2026-2027.jpg?fit=1672%2C941&#038;ssl=1\" alt=\"\"  srcset=\"https:\/\/i0.wp.com\/luxonomy.net\/wp-content\/uploads\/2020\/07\/master-turismo-lujo-2026-2027.jpg?w=1672&ssl=1 1672w, https:\/\/i0.wp.com\/luxonomy.net\/wp-content\/uploads\/2020\/07\/master-turismo-lujo-2026-2027.jpg?resize=300%2C169&ssl=1 300w, https:\/\/i0.wp.com\/luxonomy.net\/wp-content\/uploads\/2020\/07\/master-turismo-lujo-2026-2027.jpg?resize=1024%2C576&ssl=1 1024w, https:\/\/i0.wp.com\/luxonomy.net\/wp-content\/uploads\/2020\/07\/master-turismo-lujo-2026-2027.jpg?resize=768%2C432&ssl=1 768w, https:\/\/i0.wp.com\/luxonomy.net\/wp-content\/uploads\/2020\/07\/master-turismo-lujo-2026-2027.jpg?resize=1536%2C864&ssl=1 1536w, https:\/\/i0.wp.com\/luxonomy.net\/wp-content\/uploads\/2020\/07\/master-turismo-lujo-2026-2027.jpg?resize=370%2C208&ssl=1 370w, https:\/\/i0.wp.com\/luxonomy.net\/wp-content\/uploads\/2020\/07\/master-turismo-lujo-2026-2027.jpg?resize=800%2C450&ssl=1 800w, https:\/\/i0.wp.com\/luxonomy.net\/wp-content\/uploads\/2020\/07\/master-turismo-lujo-2026-2027.jpg?resize=20%2C11&ssl=1 20w, https:\/\/i0.wp.com\/luxonomy.net\/wp-content\/uploads\/2020\/07\/master-turismo-lujo-2026-2027.jpg?resize=740%2C416&ssl=1 740w, https:\/\/i0.wp.com\/luxonomy.net\/wp-content\/uploads\/2020\/07\/master-turismo-lujo-2026-2027.jpg?resize=1600%2C900&ssl=1 1600w, https:\/\/i0.wp.com\/luxonomy.net\/wp-content\/uploads\/2020\/07\/master-turismo-lujo-2026-2027.jpg?resize=1200%2C675&ssl=1 1200w, https:\/\/i0.wp.com\/luxonomy.net\/wp-content\/uploads\/2020\/07\/master-turismo-lujo-2026-2027.jpg?resize=85%2C48&ssl=1 85w\" sizes=\"(max-width: 1170px) 100vw, 1170px\" class=\"no-lazyload\" width=\"1672\" height=\"941\"   \/><\/a><\/div>\n<p class=\"paragraph typo-body-l group pb-5 font-normal sm:font-light\">En el interior, la colecci\u00f3n \u00c9T\u00c9 CELINE se exhibe en un decorado donde un suelo de madera original y toldos textiles blancos de inspiraci\u00f3n marinera crean el escenario perfecto para marroquiner\u00eda, accesorios estivales y looks pr\u00eat-\u00e0-porter. El savoir-faire de CELINE brilla en cada detalle: desde los postes de lat\u00f3n facetados hasta los espejos dorados antiguos y el mobiliario hecho a medida.<\/p>\n<p class=\"paragraph typo-body-l group pb-5 font-normal sm:font-light\">La experiencia contin\u00faa en la planta superior con cuatro salas tem\u00e1ticas (DREAM, TRAVEL, FEEL y BREEZE) para un viaje inmersivo que celebra el art de vivre estival de la Maison. Una sala de proyecciones presenta una selecci\u00f3n de pel\u00edculas francesas de los a\u00f1os 60 rodadas en la Riviera, homenajeando las inspiraciones cinematogr\u00e1ficas de CELINE.<\/p>\n<\/div>\n<\/div>\n<\/div>\n<\/div>\n<\/div>\n<\/section>\n","protected":false},"excerpt":{"rendered":"<p>El pop-up estival \u00c9T\u00c9 CELINE en Shangh\u00e1i inaugura un concepto \u00fanico, inspirado en los nost\u00e1lgicos recuerdos de vacaciones en la Riviera francesa, en Saint-Tropez y su famosa Place des Lices. Durante cinco semanas a partir del 10 de abril, los visitantes est\u00e1n invitados a una escapada inmersiva en el coraz\u00f3n de Zhangyuan, joya arquitect\u00f3nica emblem\u00e1tica&hellip;<\/p>\n","protected":false},"author":1,"featured_media":64607,"comment_status":"open","ping_status":"open","sticky":false,"template":"","format":"standard","meta":{"_jetpack_newsletter_access":"","_jetpack_dont_email_post_to_subs":true,"_jetpack_newsletter_tier_id":0,"_jetpack_memberships_contains_paywalled_content":false,"_jetpack_feature_clip_id":0,"_jetpack_memberships_contains_paid_content":false,"footnotes":"","jetpack_publicize_message":"","jetpack_publicize_feature_enabled":false,"jetpack_social_post_already_shared":false,"jetpack_social_options":{"image_generator_settings":{"template":"edge","enabled":false,"token":"eyJpbWciOiJodHRwczpcL1wvbHV4b25vbXkubmV0XC93cC1jb250ZW50XC91cGxvYWRzXC8yMDI1XC8wNVwvQ2FwdHVyYS1kZS1wYW50YWxsYS0yMDI1LTA1LTAyLWEtbGFzLTEyLjQ4LjUyLTEwMjR4NTc0LnBuZyIsInR4dCI6IkNFTElORSBpbmF1Z3VyYSB1biBwb3AtdXAgZGUgdmVyYW5vIGVuIFNoYW5naFx1MDBlMWkgaW5zcGlyYWRvIGVuIGxhIFJpdmllcmEgZnJhbmNlc2EiLCJ0ZW1wbGF0ZSI6ImVkZ2UiLCJibG9nX2lkIjoxNTk5ODU3NDB9.XKxv3QokakMkZf3zPJBPKF3T4kwJC72tNFVHAhnl38UMQ"},"version":2},"jetpack_post_was_ever_published":false},"categories":[534],"tags":[859,6639],"thb-sponsors":[1183],"class_list":["post-64623","post","type-post","status-publish","format-standard","has-post-thumbnail","hentry","category-moda","tag-celine","tag-lvmh-en-3"],"yoast_head":"<!-- This site is optimized with the Yoast SEO plugin v28.4 - https:\/\/yoast.com\/product\/yoast-seo-wordpress\/ -->\n<title>CELINE inaugura un pop-up de verano en Shangh\u00e1i inspirado en la Riviera francesa | LUXONOMY<\/title>\n<meta name=\"robots\" content=\"index, follow, max-snippet:-1, max-image-preview:large, max-video-preview:-1\" \/>\n<link rel=\"canonical\" href=\"https:\/\/luxonomy.net\/es\/celine-inaugura-un-pop-up-de-verano-en-shanghai-inspirado-en-la-riviera-francesa\/\" \/>\n<meta property=\"og:locale\" content=\"es_ES\" \/>\n<meta property=\"og:type\" content=\"article\" \/>\n<meta property=\"og:title\" content=\"CELINE inaugura un pop-up de verano en Shangh\u00e1i inspirado en la Riviera francesa | LUXONOMY\" \/>\n<meta property=\"og:description\" content=\"El pop-up estival \u00c9T\u00c9 CELINE en Shangh\u00e1i inaugura un concepto \u00fanico, inspirado en los nost\u00e1lgicos recuerdos de vacaciones en la Riviera francesa, en Saint-Tropez y su famosa Place des Lices. Durante cinco semanas a partir del 10 de abril, los visitantes est\u00e1n invitados a una escapada inmersiva en el coraz\u00f3n de Zhangyuan, joya arquitect\u00f3nica emblem\u00e1tica&hellip;\" \/>\n<meta property=\"og:url\" content=\"https:\/\/luxonomy.net\/es\/celine-inaugura-un-pop-up-de-verano-en-shanghai-inspirado-en-la-riviera-francesa\/\" \/>\n<meta property=\"og:site_name\" content=\"LUXONOMY\" \/>\n<meta property=\"article:publisher\" content=\"https:\/\/www.facebook.com\/luxonomy\" \/>\n<meta property=\"article:published_time\" content=\"2025-04-30T10:59:00+00:00\" \/>\n<meta property=\"article:modified_time\" content=\"2025-05-02T12:52:28+00:00\" \/>\n<meta property=\"og:image\" content=\"https:\/\/luxonomy.net\/wp-content\/uploads\/2025\/05\/Captura-de-pantalla-2025-05-02-a-las-12.48.52-1024x574.png\" \/>\n\t<meta property=\"og:image:width\" content=\"1024\" \/>\n\t<meta property=\"og:image:height\" content=\"574\" \/>\n\t<meta property=\"og:image:type\" content=\"image\/png\" \/>\n<meta name=\"author\" content=\"LUXONOMY\" \/>\n<meta name=\"twitter:card\" content=\"summary_large_image\" \/>\n<meta name=\"twitter:label1\" content=\"Escrito por\" \/>\n\t<meta name=\"twitter:data1\" content=\"LUXONOMY\" \/>\n\t<meta name=\"twitter:label2\" content=\"Tiempo de lectura\" \/>\n\t<meta name=\"twitter:data2\" content=\"2 minutos\" \/>\n<script type=\"application\/ld+json\" class=\"yoast-schema-graph\">{\"@context\":\"https:\\\/\\\/schema.org\",\"@graph\":[{\"@type\":\"Article\",\"@id\":\"https:\\\/\\\/luxonomy.net\\\/es\\\/celine-inaugura-un-pop-up-de-verano-en-shanghai-inspirado-en-la-riviera-francesa\\\/#article\",\"isPartOf\":{\"@id\":\"https:\\\/\\\/luxonomy.net\\\/es\\\/celine-inaugura-un-pop-up-de-verano-en-shanghai-inspirado-en-la-riviera-francesa\\\/\"},\"author\":{\"name\":\"LUXONOMY\",\"@id\":\"https:\\\/\\\/luxonomy.net\\\/es\\\/#\\\/schema\\\/person\\\/c5b6009a752bcc03b6b0a35b41e0ce40\"},\"headline\":\"CELINE inaugura un pop-up de verano en Shangh\u00e1i inspirado en la Riviera francesa\",\"datePublished\":\"2025-04-30T10:59:00+00:00\",\"dateModified\":\"2025-05-02T12:52:28+00:00\",\"mainEntityOfPage\":{\"@id\":\"https:\\\/\\\/luxonomy.net\\\/es\\\/celine-inaugura-un-pop-up-de-verano-en-shanghai-inspirado-en-la-riviera-francesa\\\/\"},\"wordCount\":292,\"commentCount\":0,\"publisher\":{\"@id\":\"https:\\\/\\\/luxonomy.net\\\/es\\\/#organization\"},\"image\":{\"@id\":\"https:\\\/\\\/luxonomy.net\\\/es\\\/celine-inaugura-un-pop-up-de-verano-en-shanghai-inspirado-en-la-riviera-francesa\\\/#primaryimage\"},\"thumbnailUrl\":\"https:\\\/\\\/i0.wp.com\\\/luxonomy.net\\\/wp-content\\\/uploads\\\/2025\\\/05\\\/Captura-de-pantalla-2025-05-02-a-las-12.48.52.png?fit=1916%2C1074&ssl=1\",\"keywords\":[\"Celine\",\"LVMH\"],\"articleSection\":[\"Moda\"],\"inLanguage\":\"es\",\"potentialAction\":[{\"@type\":\"CommentAction\",\"name\":\"Comment\",\"target\":[\"https:\\\/\\\/luxonomy.net\\\/es\\\/celine-inaugura-un-pop-up-de-verano-en-shanghai-inspirado-en-la-riviera-francesa\\\/#respond\"]}]},{\"@type\":\"WebPage\",\"@id\":\"https:\\\/\\\/luxonomy.net\\\/es\\\/celine-inaugura-un-pop-up-de-verano-en-shanghai-inspirado-en-la-riviera-francesa\\\/\",\"url\":\"https:\\\/\\\/luxonomy.net\\\/es\\\/celine-inaugura-un-pop-up-de-verano-en-shanghai-inspirado-en-la-riviera-francesa\\\/\",\"name\":\"CELINE inaugura un pop-up de verano en Shangh\u00e1i inspirado en la Riviera francesa | LUXONOMY\",\"isPartOf\":{\"@id\":\"https:\\\/\\\/luxonomy.net\\\/es\\\/#website\"},\"primaryImageOfPage\":{\"@id\":\"https:\\\/\\\/luxonomy.net\\\/es\\\/celine-inaugura-un-pop-up-de-verano-en-shanghai-inspirado-en-la-riviera-francesa\\\/#primaryimage\"},\"image\":{\"@id\":\"https:\\\/\\\/luxonomy.net\\\/es\\\/celine-inaugura-un-pop-up-de-verano-en-shanghai-inspirado-en-la-riviera-francesa\\\/#primaryimage\"},\"thumbnailUrl\":\"https:\\\/\\\/i0.wp.com\\\/luxonomy.net\\\/wp-content\\\/uploads\\\/2025\\\/05\\\/Captura-de-pantalla-2025-05-02-a-las-12.48.52.png?fit=1916%2C1074&ssl=1\",\"datePublished\":\"2025-04-30T10:59:00+00:00\",\"dateModified\":\"2025-05-02T12:52:28+00:00\",\"breadcrumb\":{\"@id\":\"https:\\\/\\\/luxonomy.net\\\/es\\\/celine-inaugura-un-pop-up-de-verano-en-shanghai-inspirado-en-la-riviera-francesa\\\/#breadcrumb\"},\"inLanguage\":\"es\",\"potentialAction\":[{\"@type\":\"ReadAction\",\"target\":[\"https:\\\/\\\/luxonomy.net\\\/es\\\/celine-inaugura-un-pop-up-de-verano-en-shanghai-inspirado-en-la-riviera-francesa\\\/\"]}]},{\"@type\":\"ImageObject\",\"inLanguage\":\"es\",\"@id\":\"https:\\\/\\\/luxonomy.net\\\/es\\\/celine-inaugura-un-pop-up-de-verano-en-shanghai-inspirado-en-la-riviera-francesa\\\/#primaryimage\",\"url\":\"https:\\\/\\\/i0.wp.com\\\/luxonomy.net\\\/wp-content\\\/uploads\\\/2025\\\/05\\\/Captura-de-pantalla-2025-05-02-a-las-12.48.52.png?fit=1916%2C1074&ssl=1\",\"contentUrl\":\"https:\\\/\\\/i0.wp.com\\\/luxonomy.net\\\/wp-content\\\/uploads\\\/2025\\\/05\\\/Captura-de-pantalla-2025-05-02-a-las-12.48.52.png?fit=1916%2C1074&ssl=1\",\"width\":1916,\"height\":1074},{\"@type\":\"BreadcrumbList\",\"@id\":\"https:\\\/\\\/luxonomy.net\\\/es\\\/celine-inaugura-un-pop-up-de-verano-en-shanghai-inspirado-en-la-riviera-francesa\\\/#breadcrumb\",\"itemListElement\":[{\"@type\":\"ListItem\",\"position\":1,\"name\":\"Portada\",\"item\":\"https:\\\/\\\/luxonomy.net\\\/es\\\/\"},{\"@type\":\"ListItem\",\"position\":2,\"name\":\"CELINE inaugura un pop-up de verano en Shangh\u00e1i inspirado en la Riviera francesa\"}]},{\"@type\":\"WebSite\",\"@id\":\"https:\\\/\\\/luxonomy.net\\\/es\\\/#website\",\"url\":\"https:\\\/\\\/luxonomy.net\\\/es\\\/\",\"name\":\"LUXONOMY\",\"description\":\"The Economy of Fashion &amp; Luxury\",\"publisher\":{\"@id\":\"https:\\\/\\\/luxonomy.net\\\/es\\\/#organization\"},\"potentialAction\":[{\"@type\":\"SearchAction\",\"target\":{\"@type\":\"EntryPoint\",\"urlTemplate\":\"https:\\\/\\\/luxonomy.net\\\/es\\\/?s={search_term_string}\"},\"query-input\":{\"@type\":\"PropertyValueSpecification\",\"valueRequired\":true,\"valueName\":\"search_term_string\"}}],\"inLanguage\":\"es\"},{\"@type\":\"Organization\",\"@id\":\"https:\\\/\\\/luxonomy.net\\\/es\\\/#organization\",\"name\":\"LUXONOMY\",\"url\":\"https:\\\/\\\/luxonomy.net\\\/es\\\/\",\"logo\":{\"@type\":\"ImageObject\",\"inLanguage\":\"es\",\"@id\":\"https:\\\/\\\/luxonomy.net\\\/es\\\/#\\\/schema\\\/logo\\\/image\\\/\",\"url\":\"https:\\\/\\\/i2.wp.com\\\/luxonomy.net\\\/wp-content\\\/uploads\\\/2021\\\/09\\\/MOCKUP-TODOS-LUXONOMY.jpg?fit=1000%2C515&ssl=1\",\"contentUrl\":\"https:\\\/\\\/i2.wp.com\\\/luxonomy.net\\\/wp-content\\\/uploads\\\/2021\\\/09\\\/MOCKUP-TODOS-LUXONOMY.jpg?fit=1000%2C515&ssl=1\",\"width\":1000,\"height\":515,\"caption\":\"LUXONOMY\"},\"image\":{\"@id\":\"https:\\\/\\\/luxonomy.net\\\/es\\\/#\\\/schema\\\/logo\\\/image\\\/\"},\"sameAs\":[\"https:\\\/\\\/www.facebook.com\\\/luxonomy\",\"https:\\\/\\\/www.instagram.com\\\/luxonomy\\\/\",\"https:\\\/\\\/www.linkedin.com\\\/company\\\/luxonomy\\\/\"]},{\"@type\":\"Person\",\"@id\":\"https:\\\/\\\/luxonomy.net\\\/es\\\/#\\\/schema\\\/person\\\/c5b6009a752bcc03b6b0a35b41e0ce40\",\"name\":\"LUXONOMY\",\"image\":{\"@type\":\"ImageObject\",\"inLanguage\":\"es\",\"@id\":\"https:\\\/\\\/luxonomy.net\\\/wp-content\\\/litespeed\\\/avatar\\\/a6436cdb14fdaf9c21808e63d0da2055.jpg?ver=1788366758\",\"url\":\"https:\\\/\\\/luxonomy.net\\\/wp-content\\\/litespeed\\\/avatar\\\/a6436cdb14fdaf9c21808e63d0da2055.jpg?ver=1788366758\",\"contentUrl\":\"https:\\\/\\\/luxonomy.net\\\/wp-content\\\/litespeed\\\/avatar\\\/a6436cdb14fdaf9c21808e63d0da2055.jpg?ver=1788366758\",\"caption\":\"LUXONOMY\"},\"sameAs\":[\"https:\\\/\"],\"url\":\"https:\\\/\\\/luxonomy.net\\\/es\\\/author\\\/luxonomy\\\/\"}]}<\/script>\n<!-- \/ Yoast SEO plugin. -->","yoast_head_json":{"title":"CELINE inaugura un pop-up de verano en Shangh\u00e1i inspirado en la Riviera francesa | LUXONOMY","robots":{"index":"index","follow":"follow","max-snippet":"max-snippet:-1","max-image-preview":"max-image-preview:large","max-video-preview":"max-video-preview:-1"},"canonical":"https:\/\/luxonomy.net\/es\/celine-inaugura-un-pop-up-de-verano-en-shanghai-inspirado-en-la-riviera-francesa\/","og_locale":"es_ES","og_type":"article","og_title":"CELINE inaugura un pop-up de verano en Shangh\u00e1i inspirado en la Riviera francesa | LUXONOMY","og_description":"El pop-up estival \u00c9T\u00c9 CELINE en Shangh\u00e1i inaugura un concepto \u00fanico, inspirado en los nost\u00e1lgicos recuerdos de vacaciones en la Riviera francesa, en Saint-Tropez y su famosa Place des Lices. Durante cinco semanas a partir del 10 de abril, los visitantes est\u00e1n invitados a una escapada inmersiva en el coraz\u00f3n de Zhangyuan, joya arquitect\u00f3nica emblem\u00e1tica&hellip;","og_url":"https:\/\/luxonomy.net\/es\/celine-inaugura-un-pop-up-de-verano-en-shanghai-inspirado-en-la-riviera-francesa\/","og_site_name":"LUXONOMY","article_publisher":"https:\/\/www.facebook.com\/luxonomy","article_published_time":"2025-04-30T10:59:00+00:00","article_modified_time":"2025-05-02T12:52:28+00:00","og_image":[{"width":1024,"height":574,"url":"https:\/\/luxonomy.net\/wp-content\/uploads\/2025\/05\/Captura-de-pantalla-2025-05-02-a-las-12.48.52-1024x574.png","type":"image\/png"}],"author":"LUXONOMY","twitter_card":"summary_large_image","twitter_misc":{"Escrito por":"LUXONOMY","Tiempo de lectura":"2 minutos"},"schema":{"@context":"https:\/\/schema.org","@graph":[{"@type":"Article","@id":"https:\/\/luxonomy.net\/es\/celine-inaugura-un-pop-up-de-verano-en-shanghai-inspirado-en-la-riviera-francesa\/#article","isPartOf":{"@id":"https:\/\/luxonomy.net\/es\/celine-inaugura-un-pop-up-de-verano-en-shanghai-inspirado-en-la-riviera-francesa\/"},"author":{"name":"LUXONOMY","@id":"https:\/\/luxonomy.net\/es\/#\/schema\/person\/c5b6009a752bcc03b6b0a35b41e0ce40"},"headline":"CELINE inaugura un pop-up de verano en Shangh\u00e1i inspirado en la Riviera francesa","datePublished":"2025-04-30T10:59:00+00:00","dateModified":"2025-05-02T12:52:28+00:00","mainEntityOfPage":{"@id":"https:\/\/luxonomy.net\/es\/celine-inaugura-un-pop-up-de-verano-en-shanghai-inspirado-en-la-riviera-francesa\/"},"wordCount":292,"commentCount":0,"publisher":{"@id":"https:\/\/luxonomy.net\/es\/#organization"},"image":{"@id":"https:\/\/luxonomy.net\/es\/celine-inaugura-un-pop-up-de-verano-en-shanghai-inspirado-en-la-riviera-francesa\/#primaryimage"},"thumbnailUrl":"https:\/\/i0.wp.com\/luxonomy.net\/wp-content\/uploads\/2025\/05\/Captura-de-pantalla-2025-05-02-a-las-12.48.52.png?fit=1916%2C1074&ssl=1","keywords":["Celine","LVMH"],"articleSection":["Moda"],"inLanguage":"es","potentialAction":[{"@type":"CommentAction","name":"Comment","target":["https:\/\/luxonomy.net\/es\/celine-inaugura-un-pop-up-de-verano-en-shanghai-inspirado-en-la-riviera-francesa\/#respond"]}]},{"@type":"WebPage","@id":"https:\/\/luxonomy.net\/es\/celine-inaugura-un-pop-up-de-verano-en-shanghai-inspirado-en-la-riviera-francesa\/","url":"https:\/\/luxonomy.net\/es\/celine-inaugura-un-pop-up-de-verano-en-shanghai-inspirado-en-la-riviera-francesa\/","name":"CELINE inaugura un pop-up de verano en Shangh\u00e1i inspirado en la Riviera francesa | LUXONOMY","isPartOf":{"@id":"https:\/\/luxonomy.net\/es\/#website"},"primaryImageOfPage":{"@id":"https:\/\/luxonomy.net\/es\/celine-inaugura-un-pop-up-de-verano-en-shanghai-inspirado-en-la-riviera-francesa\/#primaryimage"},"image":{"@id":"https:\/\/luxonomy.net\/es\/celine-inaugura-un-pop-up-de-verano-en-shanghai-inspirado-en-la-riviera-francesa\/#primaryimage"},"thumbnailUrl":"https:\/\/i0.wp.com\/luxonomy.net\/wp-content\/uploads\/2025\/05\/Captura-de-pantalla-2025-05-02-a-las-12.48.52.png?fit=1916%2C1074&ssl=1","datePublished":"2025-04-30T10:59:00+00:00","dateModified":"2025-05-02T12:52:28+00:00","breadcrumb":{"@id":"https:\/\/luxonomy.net\/es\/celine-inaugura-un-pop-up-de-verano-en-shanghai-inspirado-en-la-riviera-francesa\/#breadcrumb"},"inLanguage":"es","potentialAction":[{"@type":"ReadAction","target":["https:\/\/luxonomy.net\/es\/celine-inaugura-un-pop-up-de-verano-en-shanghai-inspirado-en-la-riviera-francesa\/"]}]},{"@type":"ImageObject","inLanguage":"es","@id":"https:\/\/luxonomy.net\/es\/celine-inaugura-un-pop-up-de-verano-en-shanghai-inspirado-en-la-riviera-francesa\/#primaryimage","url":"https:\/\/i0.wp.com\/luxonomy.net\/wp-content\/uploads\/2025\/05\/Captura-de-pantalla-2025-05-02-a-las-12.48.52.png?fit=1916%2C1074&ssl=1","contentUrl":"https:\/\/i0.wp.com\/luxonomy.net\/wp-content\/uploads\/2025\/05\/Captura-de-pantalla-2025-05-02-a-las-12.48.52.png?fit=1916%2C1074&ssl=1","width":1916,"height":1074},{"@type":"BreadcrumbList","@id":"https:\/\/luxonomy.net\/es\/celine-inaugura-un-pop-up-de-verano-en-shanghai-inspirado-en-la-riviera-francesa\/#breadcrumb","itemListElement":[{"@type":"ListItem","position":1,"name":"Portada","item":"https:\/\/luxonomy.net\/es\/"},{"@type":"ListItem","position":2,"name":"CELINE inaugura un pop-up de verano en Shangh\u00e1i inspirado en la Riviera francesa"}]},{"@type":"WebSite","@id":"https:\/\/luxonomy.net\/es\/#website","url":"https:\/\/luxonomy.net\/es\/","name":"LUXONOMY","description":"The Economy of Fashion &amp; Luxury","publisher":{"@id":"https:\/\/luxonomy.net\/es\/#organization"},"potentialAction":[{"@type":"SearchAction","target":{"@type":"EntryPoint","urlTemplate":"https:\/\/luxonomy.net\/es\/?s={search_term_string}"},"query-input":{"@type":"PropertyValueSpecification","valueRequired":true,"valueName":"search_term_string"}}],"inLanguage":"es"},{"@type":"Organization","@id":"https:\/\/luxonomy.net\/es\/#organization","name":"LUXONOMY","url":"https:\/\/luxonomy.net\/es\/","logo":{"@type":"ImageObject","inLanguage":"es","@id":"https:\/\/luxonomy.net\/es\/#\/schema\/logo\/image\/","url":"https:\/\/i2.wp.com\/luxonomy.net\/wp-content\/uploads\/2021\/09\/MOCKUP-TODOS-LUXONOMY.jpg?fit=1000%2C515&ssl=1","contentUrl":"https:\/\/i2.wp.com\/luxonomy.net\/wp-content\/uploads\/2021\/09\/MOCKUP-TODOS-LUXONOMY.jpg?fit=1000%2C515&ssl=1","width":1000,"height":515,"caption":"LUXONOMY"},"image":{"@id":"https:\/\/luxonomy.net\/es\/#\/schema\/logo\/image\/"},"sameAs":["https:\/\/www.facebook.com\/luxonomy","https:\/\/www.instagram.com\/luxonomy\/","https:\/\/www.linkedin.com\/company\/luxonomy\/"]},{"@type":"Person","@id":"https:\/\/luxonomy.net\/es\/#\/schema\/person\/c5b6009a752bcc03b6b0a35b41e0ce40","name":"LUXONOMY","image":{"@type":"ImageObject","inLanguage":"es","@id":"https:\/\/luxonomy.net\/wp-content\/litespeed\/avatar\/a6436cdb14fdaf9c21808e63d0da2055.jpg?ver=1788366758","url":"https:\/\/luxonomy.net\/wp-content\/litespeed\/avatar\/a6436cdb14fdaf9c21808e63d0da2055.jpg?ver=1788366758","contentUrl":"https:\/\/luxonomy.net\/wp-content\/litespeed\/avatar\/a6436cdb14fdaf9c21808e63d0da2055.jpg?ver=1788366758","caption":"LUXONOMY"},"sameAs":["https:\/"],"url":"https:\/\/luxonomy.net\/es\/author\/luxonomy\/"}]}},"jetpack_publicize_connections":[],"jetpack_shortlink":"https:\/\/wp.me\/paPhBa-gOj","jetpack_sharing_enabled":true,"jetpack_featured_media_url":"https:\/\/i0.wp.com\/luxonomy.net\/wp-content\/uploads\/2025\/05\/Captura-de-pantalla-2025-05-02-a-las-12.48.52.png?fit=1916%2C1074&ssl=1","_links":{"self":[{"href":"https:\/\/luxonomy.net\/es\/wp-json\/wp\/v2\/posts\/64623","targetHints":{"allow":["GET"]}}],"collection":[{"href":"https:\/\/luxonomy.net\/es\/wp-json\/wp\/v2\/posts"}],"about":[{"href":"https:\/\/luxonomy.net\/es\/wp-json\/wp\/v2\/types\/post"}],"author":[{"embeddable":true,"href":"https:\/\/luxonomy.net\/es\/wp-json\/wp\/v2\/users\/1"}],"replies":[{"embeddable":true,"href":"https:\/\/luxonomy.net\/es\/wp-json\/wp\/v2\/comments?post=64623"}],"version-history":[{"count":1,"href":"https:\/\/luxonomy.net\/es\/wp-json\/wp\/v2\/posts\/64623\/revisions"}],"predecessor-version":[{"id":64624,"href":"https:\/\/luxonomy.net\/es\/wp-json\/wp\/v2\/posts\/64623\/revisions\/64624"}],"wp:featuredmedia":[{"embeddable":true,"href":"https:\/\/luxonomy.net\/es\/wp-json\/wp\/v2\/media\/64607"}],"wp:attachment":[{"href":"https:\/\/luxonomy.net\/es\/wp-json\/wp\/v2\/media?parent=64623"}],"wp:term":[{"taxonomy":"category","embeddable":true,"href":"https:\/\/luxonomy.net\/es\/wp-json\/wp\/v2\/categories?post=64623"},{"taxonomy":"post_tag","embeddable":true,"href":"https:\/\/luxonomy.net\/es\/wp-json\/wp\/v2\/tags?post=64623"},{"taxonomy":"thb-sponsors","embeddable":true,"href":"https:\/\/luxonomy.net\/es\/wp-json\/wp\/v2\/thb-sponsors?post=64623"}],"curies":[{"name":"wp","href":"https:\/\/api.w.org\/{rel}","templated":true}]}}