{"id":64621,"date":"2025-04-29T13:19:47","date_gmt":"2025-04-29T11:19:47","guid":{"rendered":"https:\/\/luxonomy.net\/?p=64621"},"modified":"2025-05-02T14:40:32","modified_gmt":"2025-05-02T12:40:32","slug":"christian-dior-el-disenador-de-suenos-exposicion-en-seul","status":"publish","type":"post","link":"https:\/\/luxonomy.net\/es\/christian-dior-el-disenador-de-suenos-exposicion-en-seul\/","title":{"rendered":"&#8220;Christian Dior: El dise\u00f1ador de sue\u00f1os&#8221; \u2013 exposici\u00f3n en Se\u00fal"},"content":{"rendered":"\n<section data-slice-type=\"news_content\" data-slice-variation=\"default\">\n<div class=\"flex w-full max-w-full justify-center pt-14 md:pt-18 pb-14 md:pb-18 sm:container-layout-padding\">\n<div class=\"w-full max-w-full container-layout-padding lg:max-w-screen-lg pt-14 pb-18 md:py-36 bg-white md:px-0 mx-auto gridLayoutPadding lg:max-w-screen-lg\">\n<div class=\"col-span-full flex flex-col gap-14 last:mb-0 sm:col-start-2 sm:col-end-8 md:col-start-3 md:col-end-11\">\n<div class=\"flex flex-col gap-14 text-left\">\n<div>\n<p class=\"heading3 typo-body-xl group\">Tras su \u00e9xito en Par\u00eds y posteriormente en Londres, Shangh\u00e1i, Chengdu, Nueva York, Doha, Tokio y Riad, la exposici\u00f3n <em>Christian Dior: Designer of Dreams<\/em> har\u00e1 su pr\u00f3xima parada en Se\u00fal del 19 de abril al 13 de julio de 2025 en el emblem\u00e1tico Dongdaemun Design Plaza.<\/p>\n<\/div>\n<div>\n<p class=\"paragraph typo-body-l group pb-5 font-normal sm:font-light\">Concebida por la curadora Florence M\u00fcller con escenograf\u00eda del arquitecto Shohei Shigematsu (OMA), este nuevo cap\u00edtulo celebra m\u00e1s de 75 a\u00f1os de efervescencia creativa, ofreciendo una nueva perspectiva de los temas queridos por la Casa: el amor de Christian Dior por las flores y jardines, la excelencia de los Ateliers y su fascinaci\u00f3n por los bailes y fiestas excepcionales.<\/p>\n<p class=\"paragraph typo-body-l group pb-5 font-normal sm:font-light\">Creaciones de alta costura y documentos de archivo dialogan con obras de destacados artistas coreanos como HyunJoo Kim, Soo Sunny Park y Zadie Xa, resonando con los fuertes v\u00ednculos entre Dior y este cautivador pa\u00eds. Por primera vez, el espacio dedicado a la exhibici\u00f3n <em>Lady Dior<\/em> presenta reinterpretaciones de este objeto de deseo por figuras l\u00edderes del arte coreano: nueve para el proyecto <em>Dior Lady Art<\/em> y 17 para el concepto <em>Lady Dior As Seen By<\/em>.<\/p><div id=\"luxon-1291640026\" class=\"luxon-3er-parrafo luxon-entity-placement\" style=\"margin-top: 20px;margin-bottom: 20px;margin-left: auto;margin-right: auto;text-align: center;\"><a href=\"https:\/\/luxonomy.university\/course\/master-turismo-de-lujo\" target=\"_blank\" aria-label=\"master-turismo-lujo-2026-2027\"><img loading=\"lazy\" decoding=\"async\" src=\"https:\/\/i0.wp.com\/luxonomy.net\/wp-content\/uploads\/2020\/07\/master-turismo-lujo-2026-2027.jpg?fit=1672%2C941&#038;ssl=1\" alt=\"\"  srcset=\"https:\/\/i0.wp.com\/luxonomy.net\/wp-content\/uploads\/2020\/07\/master-turismo-lujo-2026-2027.jpg?w=1672&ssl=1 1672w, https:\/\/i0.wp.com\/luxonomy.net\/wp-content\/uploads\/2020\/07\/master-turismo-lujo-2026-2027.jpg?resize=300%2C169&ssl=1 300w, https:\/\/i0.wp.com\/luxonomy.net\/wp-content\/uploads\/2020\/07\/master-turismo-lujo-2026-2027.jpg?resize=1024%2C576&ssl=1 1024w, https:\/\/i0.wp.com\/luxonomy.net\/wp-content\/uploads\/2020\/07\/master-turismo-lujo-2026-2027.jpg?resize=768%2C432&ssl=1 768w, https:\/\/i0.wp.com\/luxonomy.net\/wp-content\/uploads\/2020\/07\/master-turismo-lujo-2026-2027.jpg?resize=1536%2C864&ssl=1 1536w, https:\/\/i0.wp.com\/luxonomy.net\/wp-content\/uploads\/2020\/07\/master-turismo-lujo-2026-2027.jpg?resize=370%2C208&ssl=1 370w, https:\/\/i0.wp.com\/luxonomy.net\/wp-content\/uploads\/2020\/07\/master-turismo-lujo-2026-2027.jpg?resize=800%2C450&ssl=1 800w, https:\/\/i0.wp.com\/luxonomy.net\/wp-content\/uploads\/2020\/07\/master-turismo-lujo-2026-2027.jpg?resize=20%2C11&ssl=1 20w, https:\/\/i0.wp.com\/luxonomy.net\/wp-content\/uploads\/2020\/07\/master-turismo-lujo-2026-2027.jpg?resize=740%2C416&ssl=1 740w, https:\/\/i0.wp.com\/luxonomy.net\/wp-content\/uploads\/2020\/07\/master-turismo-lujo-2026-2027.jpg?resize=1600%2C900&ssl=1 1600w, https:\/\/i0.wp.com\/luxonomy.net\/wp-content\/uploads\/2020\/07\/master-turismo-lujo-2026-2027.jpg?resize=1200%2C675&ssl=1 1200w, https:\/\/i0.wp.com\/luxonomy.net\/wp-content\/uploads\/2020\/07\/master-turismo-lujo-2026-2027.jpg?resize=85%2C48&ssl=1 85w\" sizes=\"(max-width: 1170px) 100vw, 1170px\" class=\"no-lazyload\" width=\"1672\" height=\"941\"   \/><\/a><\/div>\n<p class=\"paragraph typo-body-l group pb-5 font-normal sm:font-light\">La pasi\u00f3n del fundador por el arte del perfume tambi\u00e9n ocupa un lugar destacado. Botellas raras y retratos se unen a vestidos usados por embajadoras de las fragancias ic\u00f3nicas de la Casa &#8211; Rihanna para <em>J&#8217;adore<\/em> y Natalie Portman para <em>Miss Dior<\/em> &#8211; recorriendo la historia olfativa de Dior con emoci\u00f3n y refinamiento.<\/p>\n<\/div>\n<\/div>\n<\/div>\n<\/div>\n<\/div>\n<\/section>\n","protected":false},"excerpt":{"rendered":"<p>Tras su \u00e9xito en Par\u00eds y posteriormente en Londres, Shangh\u00e1i, Chengdu, Nueva York, Doha, Tokio y Riad, la exposici\u00f3n Christian Dior: Designer of Dreams har\u00e1 su pr\u00f3xima parada en Se\u00fal del 19 de abril al 13 de julio de 2025 en el emblem\u00e1tico Dongdaemun Design Plaza. Concebida por la curadora Florence M\u00fcller con escenograf\u00eda del&hellip;<\/p>\n","protected":false},"author":1,"featured_media":64617,"comment_status":"open","ping_status":"open","sticky":false,"template":"","format":"standard","meta":{"_jetpack_newsletter_access":"","_jetpack_dont_email_post_to_subs":true,"_jetpack_newsletter_tier_id":0,"_jetpack_memberships_contains_paywalled_content":false,"_jetpack_feature_clip_id":0,"_jetpack_memberships_contains_paid_content":false,"footnotes":"","jetpack_publicize_message":"","jetpack_publicize_feature_enabled":false,"jetpack_social_post_already_shared":false,"jetpack_social_options":{"image_generator_settings":{"template":"edge","enabled":false,"token":"eyJpbWciOiJodHRwczpcL1wvbHV4b25vbXkubmV0XC93cC1jb250ZW50XC91cGxvYWRzXC8yMDI1XC8wNVwvQ2FwdHVyYS1kZS1wYW50YWxsYS0yMDI1LTA1LTAyLWEtbGFzLTEzLjE5LjIzLTEwMjR4Njk2LnBuZyIsInR4dCI6IlwiQ2hyaXN0aWFuIERpb3I6IEVsIGRpc2VcdTAwZjFhZG9yIGRlIHN1ZVx1MDBmMW9zXCIgXHUyMDEzIGV4cG9zaWNpXHUwMGYzbiBlbiBTZVx1MDBmYWwiLCJ0ZW1wbGF0ZSI6ImVkZ2UiLCJibG9nX2lkIjoxNTk5ODU3NDB9.urHUOcxwnvuz4sBgEqhMqsb2GO6qNWxoOaG_xEqO0doMQ"},"version":2},"jetpack_post_was_ever_published":false},"categories":[534],"tags":[6639,586],"thb-sponsors":[1183],"class_list":["post-64621","post","type-post","status-publish","format-standard","has-post-thumbnail","hentry","category-moda","tag-lvmh-en-3","tag-moda"],"yoast_head":"<!-- This site is optimized with the Yoast SEO plugin v28.3 - https:\/\/yoast.com\/product\/yoast-seo-wordpress\/ -->\n<title>&quot;Christian Dior: El dise\u00f1ador de sue\u00f1os&quot; \u2013 exposici\u00f3n en Se\u00fal | LUXONOMY<\/title>\n<meta name=\"robots\" content=\"index, follow, max-snippet:-1, max-image-preview:large, max-video-preview:-1\" \/>\n<link rel=\"canonical\" href=\"https:\/\/luxonomy.net\/es\/christian-dior-el-disenador-de-suenos-exposicion-en-seul\/\" \/>\n<meta property=\"og:locale\" content=\"es_ES\" \/>\n<meta property=\"og:type\" content=\"article\" \/>\n<meta property=\"og:title\" content=\"&quot;Christian Dior: El dise\u00f1ador de sue\u00f1os&quot; \u2013 exposici\u00f3n en Se\u00fal | LUXONOMY\" \/>\n<meta property=\"og:description\" content=\"Tras su \u00e9xito en Par\u00eds y posteriormente en Londres, Shangh\u00e1i, Chengdu, Nueva York, Doha, Tokio y Riad, la exposici\u00f3n Christian Dior: Designer of Dreams har\u00e1 su pr\u00f3xima parada en Se\u00fal del 19 de abril al 13 de julio de 2025 en el emblem\u00e1tico Dongdaemun Design Plaza. Concebida por la curadora Florence M\u00fcller con escenograf\u00eda del&hellip;\" \/>\n<meta property=\"og:url\" content=\"https:\/\/luxonomy.net\/es\/christian-dior-el-disenador-de-suenos-exposicion-en-seul\/\" \/>\n<meta property=\"og:site_name\" content=\"LUXONOMY\" \/>\n<meta property=\"article:publisher\" content=\"https:\/\/www.facebook.com\/luxonomy\" \/>\n<meta property=\"article:published_time\" content=\"2025-04-29T11:19:47+00:00\" \/>\n<meta property=\"article:modified_time\" content=\"2025-05-02T12:40:32+00:00\" \/>\n<meta property=\"og:image\" content=\"https:\/\/luxonomy.net\/wp-content\/uploads\/2025\/05\/Captura-de-pantalla-2025-05-02-a-las-13.19.23-1024x696.png\" \/>\n\t<meta property=\"og:image:width\" content=\"1024\" \/>\n\t<meta property=\"og:image:height\" content=\"696\" \/>\n\t<meta property=\"og:image:type\" content=\"image\/png\" \/>\n<meta name=\"author\" content=\"LUXONOMY\" \/>\n<meta name=\"twitter:card\" content=\"summary_large_image\" \/>\n<meta name=\"twitter:label1\" content=\"Escrito por\" \/>\n\t<meta name=\"twitter:data1\" content=\"LUXONOMY\" \/>\n\t<meta name=\"twitter:label2\" content=\"Tiempo de lectura\" \/>\n\t<meta name=\"twitter:data2\" content=\"2 minutos\" \/>\n<script type=\"application\/ld+json\" class=\"yoast-schema-graph\">{\"@context\":\"https:\\\/\\\/schema.org\",\"@graph\":[{\"@type\":\"Article\",\"@id\":\"https:\\\/\\\/luxonomy.net\\\/es\\\/christian-dior-el-disenador-de-suenos-exposicion-en-seul\\\/#article\",\"isPartOf\":{\"@id\":\"https:\\\/\\\/luxonomy.net\\\/es\\\/christian-dior-el-disenador-de-suenos-exposicion-en-seul\\\/\"},\"author\":{\"name\":\"LUXONOMY\",\"@id\":\"https:\\\/\\\/luxonomy.net\\\/es\\\/#\\\/schema\\\/person\\\/ca588d8b741a1fdd9065289c8d98ee8c\"},\"headline\":\"&#8220;Christian Dior: El dise\u00f1ador de sue\u00f1os&#8221; \u2013 exposici\u00f3n en Se\u00fal\",\"datePublished\":\"2025-04-29T11:19:47+00:00\",\"dateModified\":\"2025-05-02T12:40:32+00:00\",\"mainEntityOfPage\":{\"@id\":\"https:\\\/\\\/luxonomy.net\\\/es\\\/christian-dior-el-disenador-de-suenos-exposicion-en-seul\\\/\"},\"wordCount\":263,\"commentCount\":0,\"publisher\":{\"@id\":\"https:\\\/\\\/luxonomy.net\\\/es\\\/#organization\"},\"image\":{\"@id\":\"https:\\\/\\\/luxonomy.net\\\/es\\\/christian-dior-el-disenador-de-suenos-exposicion-en-seul\\\/#primaryimage\"},\"thumbnailUrl\":\"https:\\\/\\\/i0.wp.com\\\/luxonomy.net\\\/wp-content\\\/uploads\\\/2025\\\/05\\\/Captura-de-pantalla-2025-05-02-a-las-13.19.23.png?fit=1430%2C972&ssl=1\",\"keywords\":[\"LVMH\",\"Moda\"],\"articleSection\":[\"Moda\"],\"inLanguage\":\"es\",\"potentialAction\":[{\"@type\":\"CommentAction\",\"name\":\"Comment\",\"target\":[\"https:\\\/\\\/luxonomy.net\\\/es\\\/christian-dior-el-disenador-de-suenos-exposicion-en-seul\\\/#respond\"]}]},{\"@type\":\"WebPage\",\"@id\":\"https:\\\/\\\/luxonomy.net\\\/es\\\/christian-dior-el-disenador-de-suenos-exposicion-en-seul\\\/\",\"url\":\"https:\\\/\\\/luxonomy.net\\\/es\\\/christian-dior-el-disenador-de-suenos-exposicion-en-seul\\\/\",\"name\":\"\\\"Christian Dior: El dise\u00f1ador de sue\u00f1os\\\" \u2013 exposici\u00f3n en Se\u00fal | LUXONOMY\",\"isPartOf\":{\"@id\":\"https:\\\/\\\/luxonomy.net\\\/es\\\/#website\"},\"primaryImageOfPage\":{\"@id\":\"https:\\\/\\\/luxonomy.net\\\/es\\\/christian-dior-el-disenador-de-suenos-exposicion-en-seul\\\/#primaryimage\"},\"image\":{\"@id\":\"https:\\\/\\\/luxonomy.net\\\/es\\\/christian-dior-el-disenador-de-suenos-exposicion-en-seul\\\/#primaryimage\"},\"thumbnailUrl\":\"https:\\\/\\\/i0.wp.com\\\/luxonomy.net\\\/wp-content\\\/uploads\\\/2025\\\/05\\\/Captura-de-pantalla-2025-05-02-a-las-13.19.23.png?fit=1430%2C972&ssl=1\",\"datePublished\":\"2025-04-29T11:19:47+00:00\",\"dateModified\":\"2025-05-02T12:40:32+00:00\",\"breadcrumb\":{\"@id\":\"https:\\\/\\\/luxonomy.net\\\/es\\\/christian-dior-el-disenador-de-suenos-exposicion-en-seul\\\/#breadcrumb\"},\"inLanguage\":\"es\",\"potentialAction\":[{\"@type\":\"ReadAction\",\"target\":[\"https:\\\/\\\/luxonomy.net\\\/es\\\/christian-dior-el-disenador-de-suenos-exposicion-en-seul\\\/\"]}]},{\"@type\":\"ImageObject\",\"inLanguage\":\"es\",\"@id\":\"https:\\\/\\\/luxonomy.net\\\/es\\\/christian-dior-el-disenador-de-suenos-exposicion-en-seul\\\/#primaryimage\",\"url\":\"https:\\\/\\\/i0.wp.com\\\/luxonomy.net\\\/wp-content\\\/uploads\\\/2025\\\/05\\\/Captura-de-pantalla-2025-05-02-a-las-13.19.23.png?fit=1430%2C972&ssl=1\",\"contentUrl\":\"https:\\\/\\\/i0.wp.com\\\/luxonomy.net\\\/wp-content\\\/uploads\\\/2025\\\/05\\\/Captura-de-pantalla-2025-05-02-a-las-13.19.23.png?fit=1430%2C972&ssl=1\",\"width\":1430,\"height\":972},{\"@type\":\"BreadcrumbList\",\"@id\":\"https:\\\/\\\/luxonomy.net\\\/es\\\/christian-dior-el-disenador-de-suenos-exposicion-en-seul\\\/#breadcrumb\",\"itemListElement\":[{\"@type\":\"ListItem\",\"position\":1,\"name\":\"Portada\",\"item\":\"https:\\\/\\\/luxonomy.net\\\/es\\\/\"},{\"@type\":\"ListItem\",\"position\":2,\"name\":\"&#8220;Christian Dior: El dise\u00f1ador de sue\u00f1os&#8221; \u2013 exposici\u00f3n en Se\u00fal\"}]},{\"@type\":\"WebSite\",\"@id\":\"https:\\\/\\\/luxonomy.net\\\/es\\\/#website\",\"url\":\"https:\\\/\\\/luxonomy.net\\\/es\\\/\",\"name\":\"LUXONOMY\",\"description\":\"The Economy of Fashion &amp; Luxury\",\"publisher\":{\"@id\":\"https:\\\/\\\/luxonomy.net\\\/es\\\/#organization\"},\"potentialAction\":[{\"@type\":\"SearchAction\",\"target\":{\"@type\":\"EntryPoint\",\"urlTemplate\":\"https:\\\/\\\/luxonomy.net\\\/es\\\/?s={search_term_string}\"},\"query-input\":{\"@type\":\"PropertyValueSpecification\",\"valueRequired\":true,\"valueName\":\"search_term_string\"}}],\"inLanguage\":\"es\"},{\"@type\":\"Organization\",\"@id\":\"https:\\\/\\\/luxonomy.net\\\/es\\\/#organization\",\"name\":\"LUXONOMY\",\"url\":\"https:\\\/\\\/luxonomy.net\\\/es\\\/\",\"logo\":{\"@type\":\"ImageObject\",\"inLanguage\":\"es\",\"@id\":\"https:\\\/\\\/luxonomy.net\\\/es\\\/#\\\/schema\\\/logo\\\/image\\\/\",\"url\":\"https:\\\/\\\/i2.wp.com\\\/luxonomy.net\\\/wp-content\\\/uploads\\\/2021\\\/09\\\/MOCKUP-TODOS-LUXONOMY.jpg?fit=1000%2C515&ssl=1\",\"contentUrl\":\"https:\\\/\\\/i2.wp.com\\\/luxonomy.net\\\/wp-content\\\/uploads\\\/2021\\\/09\\\/MOCKUP-TODOS-LUXONOMY.jpg?fit=1000%2C515&ssl=1\",\"width\":1000,\"height\":515,\"caption\":\"LUXONOMY\"},\"image\":{\"@id\":\"https:\\\/\\\/luxonomy.net\\\/es\\\/#\\\/schema\\\/logo\\\/image\\\/\"},\"sameAs\":[\"https:\\\/\\\/www.facebook.com\\\/luxonomy\",\"https:\\\/\\\/www.instagram.com\\\/luxonomy\\\/\",\"https:\\\/\\\/www.linkedin.com\\\/company\\\/luxonomy\\\/\"]},{\"@type\":\"Person\",\"@id\":\"https:\\\/\\\/luxonomy.net\\\/es\\\/#\\\/schema\\\/person\\\/ca588d8b741a1fdd9065289c8d98ee8c\",\"name\":\"LUXONOMY\",\"image\":{\"@type\":\"ImageObject\",\"inLanguage\":\"es\",\"@id\":\"https:\\\/\\\/luxonomy.net\\\/wp-content\\\/litespeed\\\/avatar\\\/a6436cdb14fdaf9c21808e63d0da2055.jpg?ver=1787761934\",\"url\":\"https:\\\/\\\/luxonomy.net\\\/wp-content\\\/litespeed\\\/avatar\\\/a6436cdb14fdaf9c21808e63d0da2055.jpg?ver=1787761934\",\"contentUrl\":\"https:\\\/\\\/luxonomy.net\\\/wp-content\\\/litespeed\\\/avatar\\\/a6436cdb14fdaf9c21808e63d0da2055.jpg?ver=1787761934\",\"caption\":\"LUXONOMY\"},\"sameAs\":[\"https:\\\/\"],\"url\":\"https:\\\/\\\/luxonomy.net\\\/es\\\/author\\\/luxonomy\\\/\"}]}<\/script>\n<!-- \/ Yoast SEO plugin. -->","yoast_head_json":{"title":"\"Christian Dior: El dise\u00f1ador de sue\u00f1os\" \u2013 exposici\u00f3n en Se\u00fal | LUXONOMY","robots":{"index":"index","follow":"follow","max-snippet":"max-snippet:-1","max-image-preview":"max-image-preview:large","max-video-preview":"max-video-preview:-1"},"canonical":"https:\/\/luxonomy.net\/es\/christian-dior-el-disenador-de-suenos-exposicion-en-seul\/","og_locale":"es_ES","og_type":"article","og_title":"\"Christian Dior: El dise\u00f1ador de sue\u00f1os\" \u2013 exposici\u00f3n en Se\u00fal | LUXONOMY","og_description":"Tras su \u00e9xito en Par\u00eds y posteriormente en Londres, Shangh\u00e1i, Chengdu, Nueva York, Doha, Tokio y Riad, la exposici\u00f3n Christian Dior: Designer of Dreams har\u00e1 su pr\u00f3xima parada en Se\u00fal del 19 de abril al 13 de julio de 2025 en el emblem\u00e1tico Dongdaemun Design Plaza. Concebida por la curadora Florence M\u00fcller con escenograf\u00eda del&hellip;","og_url":"https:\/\/luxonomy.net\/es\/christian-dior-el-disenador-de-suenos-exposicion-en-seul\/","og_site_name":"LUXONOMY","article_publisher":"https:\/\/www.facebook.com\/luxonomy","article_published_time":"2025-04-29T11:19:47+00:00","article_modified_time":"2025-05-02T12:40:32+00:00","og_image":[{"width":1024,"height":696,"url":"https:\/\/luxonomy.net\/wp-content\/uploads\/2025\/05\/Captura-de-pantalla-2025-05-02-a-las-13.19.23-1024x696.png","type":"image\/png"}],"author":"LUXONOMY","twitter_card":"summary_large_image","twitter_misc":{"Escrito por":"LUXONOMY","Tiempo de lectura":"2 minutos"},"schema":{"@context":"https:\/\/schema.org","@graph":[{"@type":"Article","@id":"https:\/\/luxonomy.net\/es\/christian-dior-el-disenador-de-suenos-exposicion-en-seul\/#article","isPartOf":{"@id":"https:\/\/luxonomy.net\/es\/christian-dior-el-disenador-de-suenos-exposicion-en-seul\/"},"author":{"name":"LUXONOMY","@id":"https:\/\/luxonomy.net\/es\/#\/schema\/person\/ca588d8b741a1fdd9065289c8d98ee8c"},"headline":"&#8220;Christian Dior: El dise\u00f1ador de sue\u00f1os&#8221; \u2013 exposici\u00f3n en Se\u00fal","datePublished":"2025-04-29T11:19:47+00:00","dateModified":"2025-05-02T12:40:32+00:00","mainEntityOfPage":{"@id":"https:\/\/luxonomy.net\/es\/christian-dior-el-disenador-de-suenos-exposicion-en-seul\/"},"wordCount":263,"commentCount":0,"publisher":{"@id":"https:\/\/luxonomy.net\/es\/#organization"},"image":{"@id":"https:\/\/luxonomy.net\/es\/christian-dior-el-disenador-de-suenos-exposicion-en-seul\/#primaryimage"},"thumbnailUrl":"https:\/\/i0.wp.com\/luxonomy.net\/wp-content\/uploads\/2025\/05\/Captura-de-pantalla-2025-05-02-a-las-13.19.23.png?fit=1430%2C972&ssl=1","keywords":["LVMH","Moda"],"articleSection":["Moda"],"inLanguage":"es","potentialAction":[{"@type":"CommentAction","name":"Comment","target":["https:\/\/luxonomy.net\/es\/christian-dior-el-disenador-de-suenos-exposicion-en-seul\/#respond"]}]},{"@type":"WebPage","@id":"https:\/\/luxonomy.net\/es\/christian-dior-el-disenador-de-suenos-exposicion-en-seul\/","url":"https:\/\/luxonomy.net\/es\/christian-dior-el-disenador-de-suenos-exposicion-en-seul\/","name":"\"Christian Dior: El dise\u00f1ador de sue\u00f1os\" \u2013 exposici\u00f3n en Se\u00fal | LUXONOMY","isPartOf":{"@id":"https:\/\/luxonomy.net\/es\/#website"},"primaryImageOfPage":{"@id":"https:\/\/luxonomy.net\/es\/christian-dior-el-disenador-de-suenos-exposicion-en-seul\/#primaryimage"},"image":{"@id":"https:\/\/luxonomy.net\/es\/christian-dior-el-disenador-de-suenos-exposicion-en-seul\/#primaryimage"},"thumbnailUrl":"https:\/\/i0.wp.com\/luxonomy.net\/wp-content\/uploads\/2025\/05\/Captura-de-pantalla-2025-05-02-a-las-13.19.23.png?fit=1430%2C972&ssl=1","datePublished":"2025-04-29T11:19:47+00:00","dateModified":"2025-05-02T12:40:32+00:00","breadcrumb":{"@id":"https:\/\/luxonomy.net\/es\/christian-dior-el-disenador-de-suenos-exposicion-en-seul\/#breadcrumb"},"inLanguage":"es","potentialAction":[{"@type":"ReadAction","target":["https:\/\/luxonomy.net\/es\/christian-dior-el-disenador-de-suenos-exposicion-en-seul\/"]}]},{"@type":"ImageObject","inLanguage":"es","@id":"https:\/\/luxonomy.net\/es\/christian-dior-el-disenador-de-suenos-exposicion-en-seul\/#primaryimage","url":"https:\/\/i0.wp.com\/luxonomy.net\/wp-content\/uploads\/2025\/05\/Captura-de-pantalla-2025-05-02-a-las-13.19.23.png?fit=1430%2C972&ssl=1","contentUrl":"https:\/\/i0.wp.com\/luxonomy.net\/wp-content\/uploads\/2025\/05\/Captura-de-pantalla-2025-05-02-a-las-13.19.23.png?fit=1430%2C972&ssl=1","width":1430,"height":972},{"@type":"BreadcrumbList","@id":"https:\/\/luxonomy.net\/es\/christian-dior-el-disenador-de-suenos-exposicion-en-seul\/#breadcrumb","itemListElement":[{"@type":"ListItem","position":1,"name":"Portada","item":"https:\/\/luxonomy.net\/es\/"},{"@type":"ListItem","position":2,"name":"&#8220;Christian Dior: El dise\u00f1ador de sue\u00f1os&#8221; \u2013 exposici\u00f3n en Se\u00fal"}]},{"@type":"WebSite","@id":"https:\/\/luxonomy.net\/es\/#website","url":"https:\/\/luxonomy.net\/es\/","name":"LUXONOMY","description":"The Economy of Fashion &amp; Luxury","publisher":{"@id":"https:\/\/luxonomy.net\/es\/#organization"},"potentialAction":[{"@type":"SearchAction","target":{"@type":"EntryPoint","urlTemplate":"https:\/\/luxonomy.net\/es\/?s={search_term_string}"},"query-input":{"@type":"PropertyValueSpecification","valueRequired":true,"valueName":"search_term_string"}}],"inLanguage":"es"},{"@type":"Organization","@id":"https:\/\/luxonomy.net\/es\/#organization","name":"LUXONOMY","url":"https:\/\/luxonomy.net\/es\/","logo":{"@type":"ImageObject","inLanguage":"es","@id":"https:\/\/luxonomy.net\/es\/#\/schema\/logo\/image\/","url":"https:\/\/i2.wp.com\/luxonomy.net\/wp-content\/uploads\/2021\/09\/MOCKUP-TODOS-LUXONOMY.jpg?fit=1000%2C515&ssl=1","contentUrl":"https:\/\/i2.wp.com\/luxonomy.net\/wp-content\/uploads\/2021\/09\/MOCKUP-TODOS-LUXONOMY.jpg?fit=1000%2C515&ssl=1","width":1000,"height":515,"caption":"LUXONOMY"},"image":{"@id":"https:\/\/luxonomy.net\/es\/#\/schema\/logo\/image\/"},"sameAs":["https:\/\/www.facebook.com\/luxonomy","https:\/\/www.instagram.com\/luxonomy\/","https:\/\/www.linkedin.com\/company\/luxonomy\/"]},{"@type":"Person","@id":"https:\/\/luxonomy.net\/es\/#\/schema\/person\/ca588d8b741a1fdd9065289c8d98ee8c","name":"LUXONOMY","image":{"@type":"ImageObject","inLanguage":"es","@id":"https:\/\/luxonomy.net\/wp-content\/litespeed\/avatar\/a6436cdb14fdaf9c21808e63d0da2055.jpg?ver=1787761934","url":"https:\/\/luxonomy.net\/wp-content\/litespeed\/avatar\/a6436cdb14fdaf9c21808e63d0da2055.jpg?ver=1787761934","contentUrl":"https:\/\/luxonomy.net\/wp-content\/litespeed\/avatar\/a6436cdb14fdaf9c21808e63d0da2055.jpg?ver=1787761934","caption":"LUXONOMY"},"sameAs":["https:\/"],"url":"https:\/\/luxonomy.net\/es\/author\/luxonomy\/"}]}},"jetpack_publicize_connections":[],"jetpack_shortlink":"https:\/\/wp.me\/paPhBa-gOh","jetpack_sharing_enabled":true,"jetpack_featured_media_url":"https:\/\/i0.wp.com\/luxonomy.net\/wp-content\/uploads\/2025\/05\/Captura-de-pantalla-2025-05-02-a-las-13.19.23.png?fit=1430%2C972&ssl=1","_links":{"self":[{"href":"https:\/\/luxonomy.net\/es\/wp-json\/wp\/v2\/posts\/64621","targetHints":{"allow":["GET"]}}],"collection":[{"href":"https:\/\/luxonomy.net\/es\/wp-json\/wp\/v2\/posts"}],"about":[{"href":"https:\/\/luxonomy.net\/es\/wp-json\/wp\/v2\/types\/post"}],"author":[{"embeddable":true,"href":"https:\/\/luxonomy.net\/es\/wp-json\/wp\/v2\/users\/1"}],"replies":[{"embeddable":true,"href":"https:\/\/luxonomy.net\/es\/wp-json\/wp\/v2\/comments?post=64621"}],"version-history":[{"count":1,"href":"https:\/\/luxonomy.net\/es\/wp-json\/wp\/v2\/posts\/64621\/revisions"}],"predecessor-version":[{"id":64622,"href":"https:\/\/luxonomy.net\/es\/wp-json\/wp\/v2\/posts\/64621\/revisions\/64622"}],"wp:featuredmedia":[{"embeddable":true,"href":"https:\/\/luxonomy.net\/es\/wp-json\/wp\/v2\/media\/64617"}],"wp:attachment":[{"href":"https:\/\/luxonomy.net\/es\/wp-json\/wp\/v2\/media?parent=64621"}],"wp:term":[{"taxonomy":"category","embeddable":true,"href":"https:\/\/luxonomy.net\/es\/wp-json\/wp\/v2\/categories?post=64621"},{"taxonomy":"post_tag","embeddable":true,"href":"https:\/\/luxonomy.net\/es\/wp-json\/wp\/v2\/tags?post=64621"},{"taxonomy":"thb-sponsors","embeddable":true,"href":"https:\/\/luxonomy.net\/es\/wp-json\/wp\/v2\/thb-sponsors?post=64621"}],"curies":[{"name":"wp","href":"https:\/\/api.w.org\/{rel}","templated":true}]}}