{"id":64086,"date":"2025-03-25T12:45:31","date_gmt":"2025-03-25T11:45:31","guid":{"rendered":"https:\/\/luxonomy.net\/?p=64086"},"modified":"2025-03-25T12:45:51","modified_gmt":"2025-03-25T11:45:51","slug":"louis-vuitton-reinventa-el-universo-de-la-belleza-con-la-beaute-louis-vuitton","status":"publish","type":"post","link":"https:\/\/luxonomy.net\/es\/louis-vuitton-reinventa-el-universo-de-la-belleza-con-la-beaute-louis-vuitton\/","title":{"rendered":"Louis Vuitton reinventa el universo de la belleza con La Beaut\u00e9 Louis Vuitton\u00a0"},"content":{"rendered":"\n<div>\n<p class=\"heading3 typo-body-xl group\"><span>Fiel a su rica herencia de innovaci\u00f3n y artesan\u00eda extraordinaria, Louis Vuitton ha presentado La Beaut\u00e9 Louis Vuitton, una nueva aventura arraigada en el esp\u00edritu de viaje y excelencia creativa que define a la Casa.<\/span><\/p>\n<\/div>\n<div>\n<p class=\"paragraph typo-body-l group pb-5 font-normal sm:font-light\"><span>Mucho m\u00e1s que una simple l\u00ednea de cosm\u00e9ticos, esta nueva dimensi\u00f3n abre un mundo de posibilidades apasionantes.\u00a0\u00a0<\/span><\/p>\n<p class=\"paragraph typo-body-l group pb-5 font-normal sm:font-light\"><span>Louis Vuitton ha abrazado la belleza desde su fundaci\u00f3n, incluyendo neceseres personalizados creados en la d\u00e9cada de 1920 para transportar los delicados art\u00edculos de tocador de la soprano Marthe Chenal y el compositor Jan Paderewski. Ahora, la Maison perpet\u00faa esta rica herencia con una visi\u00f3n contempor\u00e1nea que a\u00fana excelencia, innovaci\u00f3n y el arte de viajar.\u00a0<\/span><\/p><div id=\"luxon-3220777714\" class=\"luxon-3er-parrafo luxon-entity-placement\" style=\"margin-top: 20px;margin-bottom: 20px;margin-left: auto;margin-right: auto;text-align: center;\"><a href=\"https:\/\/luxonomy.university\/course\/master-turismo-de-lujo\" target=\"_blank\" aria-label=\"master-turismo-lujo-2026-2027\"><img loading=\"lazy\" decoding=\"async\" src=\"https:\/\/i0.wp.com\/luxonomy.net\/wp-content\/uploads\/2020\/07\/master-turismo-lujo-2026-2027.jpg?fit=1672%2C941&#038;ssl=1\" alt=\"\"  srcset=\"https:\/\/i0.wp.com\/luxonomy.net\/wp-content\/uploads\/2020\/07\/master-turismo-lujo-2026-2027.jpg?w=1672&ssl=1 1672w, https:\/\/i0.wp.com\/luxonomy.net\/wp-content\/uploads\/2020\/07\/master-turismo-lujo-2026-2027.jpg?resize=300%2C169&ssl=1 300w, https:\/\/i0.wp.com\/luxonomy.net\/wp-content\/uploads\/2020\/07\/master-turismo-lujo-2026-2027.jpg?resize=1024%2C576&ssl=1 1024w, https:\/\/i0.wp.com\/luxonomy.net\/wp-content\/uploads\/2020\/07\/master-turismo-lujo-2026-2027.jpg?resize=768%2C432&ssl=1 768w, https:\/\/i0.wp.com\/luxonomy.net\/wp-content\/uploads\/2020\/07\/master-turismo-lujo-2026-2027.jpg?resize=1536%2C864&ssl=1 1536w, https:\/\/i0.wp.com\/luxonomy.net\/wp-content\/uploads\/2020\/07\/master-turismo-lujo-2026-2027.jpg?resize=370%2C208&ssl=1 370w, https:\/\/i0.wp.com\/luxonomy.net\/wp-content\/uploads\/2020\/07\/master-turismo-lujo-2026-2027.jpg?resize=800%2C450&ssl=1 800w, https:\/\/i0.wp.com\/luxonomy.net\/wp-content\/uploads\/2020\/07\/master-turismo-lujo-2026-2027.jpg?resize=20%2C11&ssl=1 20w, https:\/\/i0.wp.com\/luxonomy.net\/wp-content\/uploads\/2020\/07\/master-turismo-lujo-2026-2027.jpg?resize=740%2C416&ssl=1 740w, https:\/\/i0.wp.com\/luxonomy.net\/wp-content\/uploads\/2020\/07\/master-turismo-lujo-2026-2027.jpg?resize=1600%2C900&ssl=1 1600w, https:\/\/i0.wp.com\/luxonomy.net\/wp-content\/uploads\/2020\/07\/master-turismo-lujo-2026-2027.jpg?resize=1200%2C675&ssl=1 1200w, https:\/\/i0.wp.com\/luxonomy.net\/wp-content\/uploads\/2020\/07\/master-turismo-lujo-2026-2027.jpg?resize=85%2C48&ssl=1 85w\" sizes=\"(max-width: 1170px) 100vw, 1170px\" class=\"no-lazyload\" width=\"1672\" height=\"941\"   \/><\/a><\/div>\n<p class=\"paragraph typo-body-l group pb-5 font-normal sm:font-light\"><span>Para hacer realidad esta ambici\u00f3n, Louis Vuitton ha dado la bienvenida a la maquilladora de renombre internacional Dame Pat McGrath. Un icono de la industria, aclamada como &#8220;la maquilladora m\u00e1s influyente del mundo&#8221;, aporta su incomparable visi\u00f3n y experiencia a esta innovadora experiencia de belleza y estilo de vida.\u00a0\u00a0<\/span><\/p>\n<p class=\"paragraph typo-body-l group pb-5 font-normal sm:font-light\"><span>Pat McGrath, socia de Louis Vuitton desde hace m\u00e1s de 20 a\u00f1os, conoce a fondo el exigente mundo de los desfiles, el poder de los colores y el impacto del maquillaje de autor. Reconocida por su audaz creatividad y su exigente perfeccionismo, ha trabajado entre bastidores con las principales casas de lujo. Hoy, aporta su talento a una nueva categor\u00eda lista para elevar la belleza en todas sus formas.\u00a0\u00a0<\/span><\/p>\n<p class=\"paragraph typo-body-l group pb-5 font-normal sm:font-light\"><span>\u00abLa Beaut\u00e9 Louis Vuitton es una evoluci\u00f3n empresarial natural, impulsada por nuestra meticulosa atenci\u00f3n a la calidad, la f\u00f3rmula y la innovaci\u00f3n. A trav\u00e9s de este nuevo universo, tenemos la oportunidad de acompa\u00f1ar a\u00fan m\u00e1s a nuestros clientes en su d\u00eda a d\u00eda con prop\u00f3sito y placer, a la vez que seguimos celebrando nuestra creatividad y legado\u00bb, afirma Pietro Beccari, presidente y director ejecutivo de Louis Vuitton.\u00a0\u00a0<\/span><\/p>\n<\/div>\n","protected":false},"excerpt":{"rendered":"<p>Fiel a su rica herencia de innovaci\u00f3n y artesan\u00eda extraordinaria, Louis Vuitton ha presentado La Beaut\u00e9 Louis Vuitton, una nueva aventura arraigada en el esp\u00edritu de viaje y excelencia creativa que define a la Casa. Mucho m\u00e1s que una simple l\u00ednea de cosm\u00e9ticos, esta nueva dimensi\u00f3n abre un mundo de posibilidades apasionantes.\u00a0\u00a0 Louis Vuitton ha&hellip;<\/p>\n","protected":false},"author":1,"featured_media":64087,"comment_status":"open","ping_status":"open","sticky":false,"template":"","format":"standard","meta":{"_jetpack_newsletter_access":"","_jetpack_dont_email_post_to_subs":true,"_jetpack_newsletter_tier_id":0,"_jetpack_memberships_contains_paywalled_content":false,"_jetpack_feature_clip_id":0,"_jetpack_memberships_contains_paid_content":false,"footnotes":"","jetpack_publicize_message":"","jetpack_publicize_feature_enabled":false,"jetpack_social_post_already_shared":false,"jetpack_social_options":{"image_generator_settings":{"template":"edge","enabled":false,"token":"eyJpbWciOiJodHRwczpcL1wvbHV4b25vbXkubmV0XC93cC1jb250ZW50XC91cGxvYWRzXC8yMDI1XC8wM1wvQ2FwdHVyYS1kZS1wYW50YWxsYS0yMDI1LTAzLTI1LWEtbGFzLTEyLjQxLjU2LTEwMjR4NTY5LnBuZyIsInR4dCI6IkxvdWlzIFZ1aXR0b24gcmVpbnZlbnRhIGVsIHVuaXZlcnNvIGRlIGxhIGJlbGxlemEgY29uIExhIEJlYXV0XHUwMGU5IExvdWlzIFZ1aXR0b25cdTAwYTAiLCJ0ZW1wbGF0ZSI6ImVkZ2UiLCJibG9nX2lkIjoxNTk5ODU3NDB9.uN6qHnUe5MppqUF6XeK8d_uxVagRVsIqdvPDz4uvhAIMQ"},"version":2},"jetpack_post_was_ever_published":false},"categories":[17,227],"tags":[3761,228,585],"thb-sponsors":[1183],"class_list":["post-64086","post","type-post","status-publish","format-standard","has-post-thumbnail","hentry","category-belleza","category-eventos","tag-cosmeticos","tag-eventos","tag-lvmh"],"yoast_head":"<!-- This site is optimized with the Yoast SEO plugin v28.4 - https:\/\/yoast.com\/product\/yoast-seo-wordpress\/ -->\n<title>Louis Vuitton reinventa el universo de la belleza con La Beaut\u00e9 Louis Vuitton\u00a0 | LUXONOMY<\/title>\n<meta name=\"robots\" content=\"index, follow, max-snippet:-1, max-image-preview:large, max-video-preview:-1\" \/>\n<link rel=\"canonical\" href=\"https:\/\/luxonomy.net\/es\/louis-vuitton-reinventa-el-universo-de-la-belleza-con-la-beaute-louis-vuitton\/\" \/>\n<meta property=\"og:locale\" content=\"es_ES\" \/>\n<meta property=\"og:type\" content=\"article\" \/>\n<meta property=\"og:title\" content=\"Louis Vuitton reinventa el universo de la belleza con La Beaut\u00e9 Louis Vuitton\u00a0 | LUXONOMY\" \/>\n<meta property=\"og:description\" content=\"Fiel a su rica herencia de innovaci\u00f3n y artesan\u00eda extraordinaria, Louis Vuitton ha presentado La Beaut\u00e9 Louis Vuitton, una nueva aventura arraigada en el esp\u00edritu de viaje y excelencia creativa que define a la Casa. Mucho m\u00e1s que una simple l\u00ednea de cosm\u00e9ticos, esta nueva dimensi\u00f3n abre un mundo de posibilidades apasionantes.\u00a0\u00a0 Louis Vuitton ha&hellip;\" \/>\n<meta property=\"og:url\" content=\"https:\/\/luxonomy.net\/es\/louis-vuitton-reinventa-el-universo-de-la-belleza-con-la-beaute-louis-vuitton\/\" \/>\n<meta property=\"og:site_name\" content=\"LUXONOMY\" \/>\n<meta property=\"article:publisher\" content=\"https:\/\/www.facebook.com\/luxonomy\" \/>\n<meta property=\"article:published_time\" content=\"2025-03-25T11:45:31+00:00\" \/>\n<meta property=\"article:modified_time\" content=\"2025-03-25T11:45:51+00:00\" \/>\n<meta property=\"og:image\" content=\"https:\/\/i0.wp.com\/luxonomy.net\/wp-content\/uploads\/2025\/03\/Captura-de-pantalla-2025-03-25-a-las-12.41.56.png?fit=1302%2C724&quality=80&ssl=1\" \/>\n\t<meta property=\"og:image:width\" content=\"1302\" \/>\n\t<meta property=\"og:image:height\" content=\"724\" \/>\n\t<meta property=\"og:image:type\" content=\"image\/png\" \/>\n<meta name=\"author\" content=\"LUXONOMY\" \/>\n<meta name=\"twitter:card\" content=\"summary_large_image\" \/>\n<meta name=\"twitter:label1\" content=\"Escrito por\" \/>\n\t<meta name=\"twitter:data1\" content=\"LUXONOMY\" \/>\n\t<meta name=\"twitter:label2\" content=\"Tiempo de lectura\" \/>\n\t<meta name=\"twitter:data2\" content=\"2 minutos\" \/>\n<script type=\"application\/ld+json\" class=\"yoast-schema-graph\">{\"@context\":\"https:\\\/\\\/schema.org\",\"@graph\":[{\"@type\":\"Article\",\"@id\":\"https:\\\/\\\/luxonomy.net\\\/es\\\/louis-vuitton-reinventa-el-universo-de-la-belleza-con-la-beaute-louis-vuitton\\\/#article\",\"isPartOf\":{\"@id\":\"https:\\\/\\\/luxonomy.net\\\/es\\\/louis-vuitton-reinventa-el-universo-de-la-belleza-con-la-beaute-louis-vuitton\\\/\"},\"author\":{\"name\":\"LUXONOMY\",\"@id\":\"https:\\\/\\\/luxonomy.net\\\/es\\\/#\\\/schema\\\/person\\\/ca588d8b741a1fdd9065289c8d98ee8c\"},\"headline\":\"Louis Vuitton reinventa el universo de la belleza con La Beaut\u00e9 Louis Vuitton\u00a0\",\"datePublished\":\"2025-03-25T11:45:31+00:00\",\"dateModified\":\"2025-03-25T11:45:51+00:00\",\"mainEntityOfPage\":{\"@id\":\"https:\\\/\\\/luxonomy.net\\\/es\\\/louis-vuitton-reinventa-el-universo-de-la-belleza-con-la-beaute-louis-vuitton\\\/\"},\"wordCount\":335,\"commentCount\":0,\"publisher\":{\"@id\":\"https:\\\/\\\/luxonomy.net\\\/es\\\/#organization\"},\"image\":{\"@id\":\"https:\\\/\\\/luxonomy.net\\\/es\\\/louis-vuitton-reinventa-el-universo-de-la-belleza-con-la-beaute-louis-vuitton\\\/#primaryimage\"},\"thumbnailUrl\":\"https:\\\/\\\/i0.wp.com\\\/luxonomy.net\\\/wp-content\\\/uploads\\\/2025\\\/03\\\/Captura-de-pantalla-2025-03-25-a-las-12.41.56.png?fit=1302%2C724&ssl=1\",\"keywords\":[\"cosm\u00e9ticos\",\"Eventos\",\"LVMH\"],\"articleSection\":[\"Belleza\",\"Eventos\"],\"inLanguage\":\"es\",\"potentialAction\":[{\"@type\":\"CommentAction\",\"name\":\"Comment\",\"target\":[\"https:\\\/\\\/luxonomy.net\\\/es\\\/louis-vuitton-reinventa-el-universo-de-la-belleza-con-la-beaute-louis-vuitton\\\/#respond\"]}]},{\"@type\":\"WebPage\",\"@id\":\"https:\\\/\\\/luxonomy.net\\\/es\\\/louis-vuitton-reinventa-el-universo-de-la-belleza-con-la-beaute-louis-vuitton\\\/\",\"url\":\"https:\\\/\\\/luxonomy.net\\\/es\\\/louis-vuitton-reinventa-el-universo-de-la-belleza-con-la-beaute-louis-vuitton\\\/\",\"name\":\"Louis Vuitton reinventa el universo de la belleza con La Beaut\u00e9 Louis Vuitton\u00a0 | LUXONOMY\",\"isPartOf\":{\"@id\":\"https:\\\/\\\/luxonomy.net\\\/es\\\/#website\"},\"primaryImageOfPage\":{\"@id\":\"https:\\\/\\\/luxonomy.net\\\/es\\\/louis-vuitton-reinventa-el-universo-de-la-belleza-con-la-beaute-louis-vuitton\\\/#primaryimage\"},\"image\":{\"@id\":\"https:\\\/\\\/luxonomy.net\\\/es\\\/louis-vuitton-reinventa-el-universo-de-la-belleza-con-la-beaute-louis-vuitton\\\/#primaryimage\"},\"thumbnailUrl\":\"https:\\\/\\\/i0.wp.com\\\/luxonomy.net\\\/wp-content\\\/uploads\\\/2025\\\/03\\\/Captura-de-pantalla-2025-03-25-a-las-12.41.56.png?fit=1302%2C724&ssl=1\",\"datePublished\":\"2025-03-25T11:45:31+00:00\",\"dateModified\":\"2025-03-25T11:45:51+00:00\",\"breadcrumb\":{\"@id\":\"https:\\\/\\\/luxonomy.net\\\/es\\\/louis-vuitton-reinventa-el-universo-de-la-belleza-con-la-beaute-louis-vuitton\\\/#breadcrumb\"},\"inLanguage\":\"es\",\"potentialAction\":[{\"@type\":\"ReadAction\",\"target\":[\"https:\\\/\\\/luxonomy.net\\\/es\\\/louis-vuitton-reinventa-el-universo-de-la-belleza-con-la-beaute-louis-vuitton\\\/\"]}]},{\"@type\":\"ImageObject\",\"inLanguage\":\"es\",\"@id\":\"https:\\\/\\\/luxonomy.net\\\/es\\\/louis-vuitton-reinventa-el-universo-de-la-belleza-con-la-beaute-louis-vuitton\\\/#primaryimage\",\"url\":\"https:\\\/\\\/i0.wp.com\\\/luxonomy.net\\\/wp-content\\\/uploads\\\/2025\\\/03\\\/Captura-de-pantalla-2025-03-25-a-las-12.41.56.png?fit=1302%2C724&ssl=1\",\"contentUrl\":\"https:\\\/\\\/i0.wp.com\\\/luxonomy.net\\\/wp-content\\\/uploads\\\/2025\\\/03\\\/Captura-de-pantalla-2025-03-25-a-las-12.41.56.png?fit=1302%2C724&ssl=1\",\"width\":1302,\"height\":724},{\"@type\":\"BreadcrumbList\",\"@id\":\"https:\\\/\\\/luxonomy.net\\\/es\\\/louis-vuitton-reinventa-el-universo-de-la-belleza-con-la-beaute-louis-vuitton\\\/#breadcrumb\",\"itemListElement\":[{\"@type\":\"ListItem\",\"position\":1,\"name\":\"Portada\",\"item\":\"https:\\\/\\\/luxonomy.net\\\/es\\\/\"},{\"@type\":\"ListItem\",\"position\":2,\"name\":\"Louis Vuitton reinventa el universo de la belleza con La Beaut\u00e9 Louis Vuitton\u00a0\"}]},{\"@type\":\"WebSite\",\"@id\":\"https:\\\/\\\/luxonomy.net\\\/es\\\/#website\",\"url\":\"https:\\\/\\\/luxonomy.net\\\/es\\\/\",\"name\":\"LUXONOMY\",\"description\":\"The Economy of Fashion &amp; Luxury\",\"publisher\":{\"@id\":\"https:\\\/\\\/luxonomy.net\\\/es\\\/#organization\"},\"potentialAction\":[{\"@type\":\"SearchAction\",\"target\":{\"@type\":\"EntryPoint\",\"urlTemplate\":\"https:\\\/\\\/luxonomy.net\\\/es\\\/?s={search_term_string}\"},\"query-input\":{\"@type\":\"PropertyValueSpecification\",\"valueRequired\":true,\"valueName\":\"search_term_string\"}}],\"inLanguage\":\"es\"},{\"@type\":\"Organization\",\"@id\":\"https:\\\/\\\/luxonomy.net\\\/es\\\/#organization\",\"name\":\"LUXONOMY\",\"url\":\"https:\\\/\\\/luxonomy.net\\\/es\\\/\",\"logo\":{\"@type\":\"ImageObject\",\"inLanguage\":\"es\",\"@id\":\"https:\\\/\\\/luxonomy.net\\\/es\\\/#\\\/schema\\\/logo\\\/image\\\/\",\"url\":\"https:\\\/\\\/i2.wp.com\\\/luxonomy.net\\\/wp-content\\\/uploads\\\/2021\\\/09\\\/MOCKUP-TODOS-LUXONOMY.jpg?fit=1000%2C515&ssl=1\",\"contentUrl\":\"https:\\\/\\\/i2.wp.com\\\/luxonomy.net\\\/wp-content\\\/uploads\\\/2021\\\/09\\\/MOCKUP-TODOS-LUXONOMY.jpg?fit=1000%2C515&ssl=1\",\"width\":1000,\"height\":515,\"caption\":\"LUXONOMY\"},\"image\":{\"@id\":\"https:\\\/\\\/luxonomy.net\\\/es\\\/#\\\/schema\\\/logo\\\/image\\\/\"},\"sameAs\":[\"https:\\\/\\\/www.facebook.com\\\/luxonomy\",\"https:\\\/\\\/www.instagram.com\\\/luxonomy\\\/\",\"https:\\\/\\\/www.linkedin.com\\\/company\\\/luxonomy\\\/\"]},{\"@type\":\"Person\",\"@id\":\"https:\\\/\\\/luxonomy.net\\\/es\\\/#\\\/schema\\\/person\\\/ca588d8b741a1fdd9065289c8d98ee8c\",\"name\":\"LUXONOMY\",\"image\":{\"@type\":\"ImageObject\",\"inLanguage\":\"es\",\"@id\":\"https:\\\/\\\/luxonomy.net\\\/wp-content\\\/litespeed\\\/avatar\\\/a6436cdb14fdaf9c21808e63d0da2055.jpg?ver=1788366758\",\"url\":\"https:\\\/\\\/luxonomy.net\\\/wp-content\\\/litespeed\\\/avatar\\\/a6436cdb14fdaf9c21808e63d0da2055.jpg?ver=1788366758\",\"contentUrl\":\"https:\\\/\\\/luxonomy.net\\\/wp-content\\\/litespeed\\\/avatar\\\/a6436cdb14fdaf9c21808e63d0da2055.jpg?ver=1788366758\",\"caption\":\"LUXONOMY\"},\"sameAs\":[\"https:\\\/\"],\"url\":\"https:\\\/\\\/luxonomy.net\\\/es\\\/author\\\/luxonomy\\\/\"}]}<\/script>\n<!-- \/ Yoast SEO plugin. -->","yoast_head_json":{"title":"Louis Vuitton reinventa el universo de la belleza con La Beaut\u00e9 Louis Vuitton\u00a0 | LUXONOMY","robots":{"index":"index","follow":"follow","max-snippet":"max-snippet:-1","max-image-preview":"max-image-preview:large","max-video-preview":"max-video-preview:-1"},"canonical":"https:\/\/luxonomy.net\/es\/louis-vuitton-reinventa-el-universo-de-la-belleza-con-la-beaute-louis-vuitton\/","og_locale":"es_ES","og_type":"article","og_title":"Louis Vuitton reinventa el universo de la belleza con La Beaut\u00e9 Louis Vuitton\u00a0 | LUXONOMY","og_description":"Fiel a su rica herencia de innovaci\u00f3n y artesan\u00eda extraordinaria, Louis Vuitton ha presentado La Beaut\u00e9 Louis Vuitton, una nueva aventura arraigada en el esp\u00edritu de viaje y excelencia creativa que define a la Casa. Mucho m\u00e1s que una simple l\u00ednea de cosm\u00e9ticos, esta nueva dimensi\u00f3n abre un mundo de posibilidades apasionantes.\u00a0\u00a0 Louis Vuitton ha&hellip;","og_url":"https:\/\/luxonomy.net\/es\/louis-vuitton-reinventa-el-universo-de-la-belleza-con-la-beaute-louis-vuitton\/","og_site_name":"LUXONOMY","article_publisher":"https:\/\/www.facebook.com\/luxonomy","article_published_time":"2025-03-25T11:45:31+00:00","article_modified_time":"2025-03-25T11:45:51+00:00","og_image":[{"width":1302,"height":724,"url":"https:\/\/i0.wp.com\/luxonomy.net\/wp-content\/uploads\/2025\/03\/Captura-de-pantalla-2025-03-25-a-las-12.41.56.png?fit=1302%2C724&quality=80&ssl=1","type":"image\/png"}],"author":"LUXONOMY","twitter_card":"summary_large_image","twitter_misc":{"Escrito por":"LUXONOMY","Tiempo de lectura":"2 minutos"},"schema":{"@context":"https:\/\/schema.org","@graph":[{"@type":"Article","@id":"https:\/\/luxonomy.net\/es\/louis-vuitton-reinventa-el-universo-de-la-belleza-con-la-beaute-louis-vuitton\/#article","isPartOf":{"@id":"https:\/\/luxonomy.net\/es\/louis-vuitton-reinventa-el-universo-de-la-belleza-con-la-beaute-louis-vuitton\/"},"author":{"name":"LUXONOMY","@id":"https:\/\/luxonomy.net\/es\/#\/schema\/person\/ca588d8b741a1fdd9065289c8d98ee8c"},"headline":"Louis Vuitton reinventa el universo de la belleza con La Beaut\u00e9 Louis Vuitton\u00a0","datePublished":"2025-03-25T11:45:31+00:00","dateModified":"2025-03-25T11:45:51+00:00","mainEntityOfPage":{"@id":"https:\/\/luxonomy.net\/es\/louis-vuitton-reinventa-el-universo-de-la-belleza-con-la-beaute-louis-vuitton\/"},"wordCount":335,"commentCount":0,"publisher":{"@id":"https:\/\/luxonomy.net\/es\/#organization"},"image":{"@id":"https:\/\/luxonomy.net\/es\/louis-vuitton-reinventa-el-universo-de-la-belleza-con-la-beaute-louis-vuitton\/#primaryimage"},"thumbnailUrl":"https:\/\/i0.wp.com\/luxonomy.net\/wp-content\/uploads\/2025\/03\/Captura-de-pantalla-2025-03-25-a-las-12.41.56.png?fit=1302%2C724&ssl=1","keywords":["cosm\u00e9ticos","Eventos","LVMH"],"articleSection":["Belleza","Eventos"],"inLanguage":"es","potentialAction":[{"@type":"CommentAction","name":"Comment","target":["https:\/\/luxonomy.net\/es\/louis-vuitton-reinventa-el-universo-de-la-belleza-con-la-beaute-louis-vuitton\/#respond"]}]},{"@type":"WebPage","@id":"https:\/\/luxonomy.net\/es\/louis-vuitton-reinventa-el-universo-de-la-belleza-con-la-beaute-louis-vuitton\/","url":"https:\/\/luxonomy.net\/es\/louis-vuitton-reinventa-el-universo-de-la-belleza-con-la-beaute-louis-vuitton\/","name":"Louis Vuitton reinventa el universo de la belleza con La Beaut\u00e9 Louis Vuitton\u00a0 | LUXONOMY","isPartOf":{"@id":"https:\/\/luxonomy.net\/es\/#website"},"primaryImageOfPage":{"@id":"https:\/\/luxonomy.net\/es\/louis-vuitton-reinventa-el-universo-de-la-belleza-con-la-beaute-louis-vuitton\/#primaryimage"},"image":{"@id":"https:\/\/luxonomy.net\/es\/louis-vuitton-reinventa-el-universo-de-la-belleza-con-la-beaute-louis-vuitton\/#primaryimage"},"thumbnailUrl":"https:\/\/i0.wp.com\/luxonomy.net\/wp-content\/uploads\/2025\/03\/Captura-de-pantalla-2025-03-25-a-las-12.41.56.png?fit=1302%2C724&ssl=1","datePublished":"2025-03-25T11:45:31+00:00","dateModified":"2025-03-25T11:45:51+00:00","breadcrumb":{"@id":"https:\/\/luxonomy.net\/es\/louis-vuitton-reinventa-el-universo-de-la-belleza-con-la-beaute-louis-vuitton\/#breadcrumb"},"inLanguage":"es","potentialAction":[{"@type":"ReadAction","target":["https:\/\/luxonomy.net\/es\/louis-vuitton-reinventa-el-universo-de-la-belleza-con-la-beaute-louis-vuitton\/"]}]},{"@type":"ImageObject","inLanguage":"es","@id":"https:\/\/luxonomy.net\/es\/louis-vuitton-reinventa-el-universo-de-la-belleza-con-la-beaute-louis-vuitton\/#primaryimage","url":"https:\/\/i0.wp.com\/luxonomy.net\/wp-content\/uploads\/2025\/03\/Captura-de-pantalla-2025-03-25-a-las-12.41.56.png?fit=1302%2C724&ssl=1","contentUrl":"https:\/\/i0.wp.com\/luxonomy.net\/wp-content\/uploads\/2025\/03\/Captura-de-pantalla-2025-03-25-a-las-12.41.56.png?fit=1302%2C724&ssl=1","width":1302,"height":724},{"@type":"BreadcrumbList","@id":"https:\/\/luxonomy.net\/es\/louis-vuitton-reinventa-el-universo-de-la-belleza-con-la-beaute-louis-vuitton\/#breadcrumb","itemListElement":[{"@type":"ListItem","position":1,"name":"Portada","item":"https:\/\/luxonomy.net\/es\/"},{"@type":"ListItem","position":2,"name":"Louis Vuitton reinventa el universo de la belleza con La Beaut\u00e9 Louis Vuitton\u00a0"}]},{"@type":"WebSite","@id":"https:\/\/luxonomy.net\/es\/#website","url":"https:\/\/luxonomy.net\/es\/","name":"LUXONOMY","description":"The Economy of Fashion &amp; Luxury","publisher":{"@id":"https:\/\/luxonomy.net\/es\/#organization"},"potentialAction":[{"@type":"SearchAction","target":{"@type":"EntryPoint","urlTemplate":"https:\/\/luxonomy.net\/es\/?s={search_term_string}"},"query-input":{"@type":"PropertyValueSpecification","valueRequired":true,"valueName":"search_term_string"}}],"inLanguage":"es"},{"@type":"Organization","@id":"https:\/\/luxonomy.net\/es\/#organization","name":"LUXONOMY","url":"https:\/\/luxonomy.net\/es\/","logo":{"@type":"ImageObject","inLanguage":"es","@id":"https:\/\/luxonomy.net\/es\/#\/schema\/logo\/image\/","url":"https:\/\/i2.wp.com\/luxonomy.net\/wp-content\/uploads\/2021\/09\/MOCKUP-TODOS-LUXONOMY.jpg?fit=1000%2C515&ssl=1","contentUrl":"https:\/\/i2.wp.com\/luxonomy.net\/wp-content\/uploads\/2021\/09\/MOCKUP-TODOS-LUXONOMY.jpg?fit=1000%2C515&ssl=1","width":1000,"height":515,"caption":"LUXONOMY"},"image":{"@id":"https:\/\/luxonomy.net\/es\/#\/schema\/logo\/image\/"},"sameAs":["https:\/\/www.facebook.com\/luxonomy","https:\/\/www.instagram.com\/luxonomy\/","https:\/\/www.linkedin.com\/company\/luxonomy\/"]},{"@type":"Person","@id":"https:\/\/luxonomy.net\/es\/#\/schema\/person\/ca588d8b741a1fdd9065289c8d98ee8c","name":"LUXONOMY","image":{"@type":"ImageObject","inLanguage":"es","@id":"https:\/\/luxonomy.net\/wp-content\/litespeed\/avatar\/a6436cdb14fdaf9c21808e63d0da2055.jpg?ver=1788366758","url":"https:\/\/luxonomy.net\/wp-content\/litespeed\/avatar\/a6436cdb14fdaf9c21808e63d0da2055.jpg?ver=1788366758","contentUrl":"https:\/\/luxonomy.net\/wp-content\/litespeed\/avatar\/a6436cdb14fdaf9c21808e63d0da2055.jpg?ver=1788366758","caption":"LUXONOMY"},"sameAs":["https:\/"],"url":"https:\/\/luxonomy.net\/es\/author\/luxonomy\/"}]}},"jetpack_publicize_connections":[],"jetpack_shortlink":"https:\/\/wp.me\/paPhBa-gFE","jetpack_sharing_enabled":true,"jetpack_featured_media_url":"https:\/\/i0.wp.com\/luxonomy.net\/wp-content\/uploads\/2025\/03\/Captura-de-pantalla-2025-03-25-a-las-12.41.56.png?fit=1302%2C724&ssl=1","_links":{"self":[{"href":"https:\/\/luxonomy.net\/es\/wp-json\/wp\/v2\/posts\/64086","targetHints":{"allow":["GET"]}}],"collection":[{"href":"https:\/\/luxonomy.net\/es\/wp-json\/wp\/v2\/posts"}],"about":[{"href":"https:\/\/luxonomy.net\/es\/wp-json\/wp\/v2\/types\/post"}],"author":[{"embeddable":true,"href":"https:\/\/luxonomy.net\/es\/wp-json\/wp\/v2\/users\/1"}],"replies":[{"embeddable":true,"href":"https:\/\/luxonomy.net\/es\/wp-json\/wp\/v2\/comments?post=64086"}],"version-history":[{"count":1,"href":"https:\/\/luxonomy.net\/es\/wp-json\/wp\/v2\/posts\/64086\/revisions"}],"predecessor-version":[{"id":64089,"href":"https:\/\/luxonomy.net\/es\/wp-json\/wp\/v2\/posts\/64086\/revisions\/64089"}],"wp:featuredmedia":[{"embeddable":true,"href":"https:\/\/luxonomy.net\/es\/wp-json\/wp\/v2\/media\/64087"}],"wp:attachment":[{"href":"https:\/\/luxonomy.net\/es\/wp-json\/wp\/v2\/media?parent=64086"}],"wp:term":[{"taxonomy":"category","embeddable":true,"href":"https:\/\/luxonomy.net\/es\/wp-json\/wp\/v2\/categories?post=64086"},{"taxonomy":"post_tag","embeddable":true,"href":"https:\/\/luxonomy.net\/es\/wp-json\/wp\/v2\/tags?post=64086"},{"taxonomy":"thb-sponsors","embeddable":true,"href":"https:\/\/luxonomy.net\/es\/wp-json\/wp\/v2\/thb-sponsors?post=64086"}],"curies":[{"name":"wp","href":"https:\/\/api.w.org\/{rel}","templated":true}]}}