{"id":63995,"date":"2025-03-17T17:01:56","date_gmt":"2025-03-17T16:01:56","guid":{"rendered":"https:\/\/luxonomy.net\/?p=63995"},"modified":"2025-03-17T21:47:53","modified_gmt":"2025-03-17T20:47:53","slug":"el-impacto-de-los-aranceles-del-200-en-el-vino-espanol-un-golpe-a-la-economia-y-al-comercio-internacional","status":"publish","type":"post","link":"https:\/\/luxonomy.net\/es\/el-impacto-de-los-aranceles-del-200-en-el-vino-espanol-un-golpe-a-la-economia-y-al-comercio-internacional\/","title":{"rendered":"El impacto de los aranceles del 200% en el vino espa\u00f1ol: un golpe a la econom\u00eda y al comercio internacional"},"content":{"rendered":"<p>El mercado del vino espa\u00f1ol enfrenta una de sus mayores amenazas en a\u00f1os: la posible imposici\u00f3n de un <strong>arancel del 200%<\/strong> por parte de Estados Unidos a las bebidas alcoh\u00f3licas importadas desde la Uni\u00f3n Europea. Esta medida, que actualmente est\u00e1 siendo evaluada por el gobierno estadounidense, podr\u00eda afectar gravemente las exportaciones de vino espa\u00f1ol, un sector clave para la econom\u00eda del pa\u00eds. Analizamos las claves.<\/p>\n<h2>1. La importancia del vino espa\u00f1ol en el comercio exterior<\/h2>\n<p>Espa\u00f1a es uno de los principales productores y exportadores de vino a nivel mundial. Seg\u00fan datos del <strong>Observatorio Espa\u00f1ol del Mercado del Vino (OeMv)<\/strong>, el pa\u00eds export\u00f3 m\u00e1s de <strong>2.000 millones de litros de vino<\/strong> en 2024, generando aproximadamente <strong>3.000 millones de euros en ingresos<\/strong>.<\/p>\n<h2>2. Razones detr\u00e1s de la decisi\u00f3n de EE.UU.<\/h2>\n<p>El anuncio de los aranceles del 200% forma parte de una estrategia comercial m\u00e1s amplia de Estados Unidos para proteger su industria nacional y presionar a la Uni\u00f3n Europea en diversas disputas comerciales. Algunas de las razones clave incluyen:<\/p><div id=\"luxon-3296808135\" class=\"luxon-3er-parrafo luxon-entity-placement\" style=\"margin-top: 20px;margin-bottom: 20px;margin-left: auto;margin-right: auto;text-align: center;\"><a href=\"https:\/\/luxonomy.university\/course\/master-turismo-de-lujo\" target=\"_blank\" aria-label=\"master-turismo-lujo-2026-2027\"><img loading=\"lazy\" decoding=\"async\" src=\"https:\/\/i0.wp.com\/luxonomy.net\/wp-content\/uploads\/2020\/07\/master-turismo-lujo-2026-2027.jpg?fit=1672%2C941&#038;ssl=1\" alt=\"\"  srcset=\"https:\/\/i0.wp.com\/luxonomy.net\/wp-content\/uploads\/2020\/07\/master-turismo-lujo-2026-2027.jpg?w=1672&ssl=1 1672w, https:\/\/i0.wp.com\/luxonomy.net\/wp-content\/uploads\/2020\/07\/master-turismo-lujo-2026-2027.jpg?resize=300%2C169&ssl=1 300w, https:\/\/i0.wp.com\/luxonomy.net\/wp-content\/uploads\/2020\/07\/master-turismo-lujo-2026-2027.jpg?resize=1024%2C576&ssl=1 1024w, https:\/\/i0.wp.com\/luxonomy.net\/wp-content\/uploads\/2020\/07\/master-turismo-lujo-2026-2027.jpg?resize=768%2C432&ssl=1 768w, https:\/\/i0.wp.com\/luxonomy.net\/wp-content\/uploads\/2020\/07\/master-turismo-lujo-2026-2027.jpg?resize=1536%2C864&ssl=1 1536w, https:\/\/i0.wp.com\/luxonomy.net\/wp-content\/uploads\/2020\/07\/master-turismo-lujo-2026-2027.jpg?resize=370%2C208&ssl=1 370w, https:\/\/i0.wp.com\/luxonomy.net\/wp-content\/uploads\/2020\/07\/master-turismo-lujo-2026-2027.jpg?resize=800%2C450&ssl=1 800w, https:\/\/i0.wp.com\/luxonomy.net\/wp-content\/uploads\/2020\/07\/master-turismo-lujo-2026-2027.jpg?resize=20%2C11&ssl=1 20w, https:\/\/i0.wp.com\/luxonomy.net\/wp-content\/uploads\/2020\/07\/master-turismo-lujo-2026-2027.jpg?resize=740%2C416&ssl=1 740w, https:\/\/i0.wp.com\/luxonomy.net\/wp-content\/uploads\/2020\/07\/master-turismo-lujo-2026-2027.jpg?resize=1600%2C900&ssl=1 1600w, https:\/\/i0.wp.com\/luxonomy.net\/wp-content\/uploads\/2020\/07\/master-turismo-lujo-2026-2027.jpg?resize=1200%2C675&ssl=1 1200w, https:\/\/i0.wp.com\/luxonomy.net\/wp-content\/uploads\/2020\/07\/master-turismo-lujo-2026-2027.jpg?resize=85%2C48&ssl=1 85w\" sizes=\"(max-width: 1170px) 100vw, 1170px\" class=\"no-lazyload\" width=\"1672\" height=\"941\"   \/><\/a><\/div>\n<ul>\n<li><strong>Disputas comerciales previas:<\/strong> EE.UU. ha impuesto aranceles a productos europeos en respuesta a pol\u00edticas que considera injustas.<\/li>\n<li><strong>Proteccionismo agr\u00edcola:<\/strong> La administraci\u00f3n estadounidense busca fortalecer su industria agr\u00edcola y vin\u00edcola.<\/li>\n<li><strong>Reacciones a normativas europeas:<\/strong> La UE ha endurecido sus regulaciones sobre productos importados.<\/li>\n<\/ul>\n<h2>3. Impacto en el sector vin\u00edcola espa\u00f1ol<\/h2>\n<h3>Ca\u00edda de las exportaciones y p\u00e9rdida de competitividad<\/h3>\n<p>Si los aranceles del 200% se implementan, los <strong>precios del vino espa\u00f1ol en EE.UU. podr\u00edan duplicarse o triplicarse<\/strong>, afectando su competitividad.<\/p>\n<h3>Reducci\u00f3n de ingresos y p\u00e9rdida de empleo<\/h3>\n<p>El sector vin\u00edcola en Espa\u00f1a genera empleo para m\u00e1s de <strong>300.000 personas<\/strong>. Una ca\u00edda en las exportaciones podr\u00eda provocar <strong>p\u00e9rdidas de empleo<\/strong>, especialmente en zonas rurales.<\/p>\n<h2>4. Reacciones del sector vin\u00edcola y del gobierno espa\u00f1ol<\/h2>\n<h3>Posici\u00f3n del sector vin\u00edcola<\/h3>\n<p>Las asociaciones del sector, como la <strong>Federaci\u00f3n Espa\u00f1ola del Vino (FEV)<\/strong>, han expresado su preocupaci\u00f3n y han solicitado al <strong>Gobierno espa\u00f1ol y a la UE<\/strong> que tomen medidas.<\/p>\n<h2>5. Estrategias para mitigar el impacto de los aranceles<\/h2>\n<h3>Diversificaci\u00f3n de mercados<\/h3>\n<ul>\n<li><strong>Ampliar exportaciones a otros pa\u00edses<\/strong>, como <strong>China, Canad\u00e1 y Jap\u00f3n<\/strong>.<\/li>\n<li><strong>Reforzar la presencia en Europa<\/strong>, especialmente en <strong>Alemania y Francia<\/strong>.<\/li>\n<\/ul>\n<h3>Apuesta por la venta directa y el comercio electr\u00f3nico<\/h3>\n<ul>\n<li><strong>Incrementar ventas online<\/strong> a trav\u00e9s de <strong>e-commerce y tiendas propias<\/strong>.<\/li>\n<li><strong>Fortalecer la presencia en el mercado local<\/strong>.<\/li>\n<\/ul>\n<h3>Mayor inversi\u00f3n en marketing y diferenciaci\u00f3n<\/h3>\n<ul>\n<li>Destacar el <strong>valor diferencial del vino espa\u00f1ol<\/strong>, su tradici\u00f3n y sostenibilidad.<\/li>\n<li>Crear campa\u00f1as de promoci\u00f3n en EE.UU. enfocadas en su <strong>autenticidad<\/strong>.<\/li>\n<\/ul>\n<p>La posible <strong>imposici\u00f3n de aranceles del 200% a las exportaciones de vino espa\u00f1ol a EE.UU.<\/strong> representa un <strong>desaf\u00edo serio<\/strong> para la industria vin\u00edcola espa\u00f1ola. Sin embargo, el sector ha demostrado su <strong>capacidad de adaptaci\u00f3n<\/strong> en situaciones dif\u00edciles.<\/p><div id=\"luxon-1648435285\" class=\"luxon-7-parrafo luxon-entity-placement\" style=\"margin-top: 20px;margin-bottom: 20px;margin-left: auto;margin-right: auto;text-align: center;\"><a href=\"https:\/\/theintelligence.institute\/course\/inteligencia-artificial-para-directivos\" target=\"_blank\" aria-label=\"CSIAD_empresas_THEI_horizontal_4x3_v5\"><img loading=\"lazy\" decoding=\"async\" src=\"https:\/\/i0.wp.com\/luxonomy.net\/wp-content\/uploads\/2025\/08\/CSIAD_empresas_THEI_horizontal_4x3_v5.png?fit=2000%2C1500&#038;ssl=1\" alt=\"\"  srcset=\"https:\/\/i0.wp.com\/luxonomy.net\/wp-content\/uploads\/2025\/08\/CSIAD_empresas_THEI_horizontal_4x3_v5.png?w=2000&ssl=1 2000w, https:\/\/i0.wp.com\/luxonomy.net\/wp-content\/uploads\/2025\/08\/CSIAD_empresas_THEI_horizontal_4x3_v5.png?resize=300%2C225&ssl=1 300w, https:\/\/i0.wp.com\/luxonomy.net\/wp-content\/uploads\/2025\/08\/CSIAD_empresas_THEI_horizontal_4x3_v5.png?resize=1024%2C768&ssl=1 1024w, https:\/\/i0.wp.com\/luxonomy.net\/wp-content\/uploads\/2025\/08\/CSIAD_empresas_THEI_horizontal_4x3_v5.png?resize=768%2C576&ssl=1 768w, https:\/\/i0.wp.com\/luxonomy.net\/wp-content\/uploads\/2025\/08\/CSIAD_empresas_THEI_horizontal_4x3_v5.png?resize=1536%2C1152&ssl=1 1536w, https:\/\/i0.wp.com\/luxonomy.net\/wp-content\/uploads\/2025\/08\/CSIAD_empresas_THEI_horizontal_4x3_v5.png?resize=370%2C278&ssl=1 370w, https:\/\/i0.wp.com\/luxonomy.net\/wp-content\/uploads\/2025\/08\/CSIAD_empresas_THEI_horizontal_4x3_v5.png?resize=800%2C600&ssl=1 800w, https:\/\/i0.wp.com\/luxonomy.net\/wp-content\/uploads\/2025\/08\/CSIAD_empresas_THEI_horizontal_4x3_v5.png?resize=20%2C15&ssl=1 20w, https:\/\/i0.wp.com\/luxonomy.net\/wp-content\/uploads\/2025\/08\/CSIAD_empresas_THEI_horizontal_4x3_v5.png?resize=740%2C555&ssl=1 740w, https:\/\/i0.wp.com\/luxonomy.net\/wp-content\/uploads\/2025\/08\/CSIAD_empresas_THEI_horizontal_4x3_v5.png?resize=1600%2C1200&ssl=1 1600w, https:\/\/i0.wp.com\/luxonomy.net\/wp-content\/uploads\/2025\/08\/CSIAD_empresas_THEI_horizontal_4x3_v5.png?resize=1200%2C900&ssl=1 1200w, https:\/\/i0.wp.com\/luxonomy.net\/wp-content\/uploads\/2025\/08\/CSIAD_empresas_THEI_horizontal_4x3_v5.png?resize=64%2C48&ssl=1 64w\" sizes=\"(max-width: 1170px) 100vw, 1170px\" class=\"no-lazyload\" width=\"2000\" height=\"1500\"   \/><\/a><\/div>\n<p>Las bodegas espa\u00f1olas deber\u00e1n <strong>reaccionar con estrategias innovadoras<\/strong> y una <strong>mayor apuesta por la venta directa<\/strong>. Al mismo tiempo, es <strong>crucial que el Gobierno espa\u00f1ol y la UE negocien activamente<\/strong> con EE.UU. para evitar o reducir estos aranceles.<\/p>\n<p>El vino espa\u00f1ol es una <strong>parte fundamental de la cultura y la econom\u00eda del pa\u00eds<\/strong>, y su resiliencia depender\u00e1 de la capacidad del sector para reinventarse en este nuevo escenario global.<\/p>\n","protected":false},"excerpt":{"rendered":"<p>El mercado del vino espa\u00f1ol enfrenta una de sus mayores amenazas en a\u00f1os: la posible imposici\u00f3n de un arancel del 200% por parte de Estados Unidos a las bebidas alcoh\u00f3licas importadas desde la Uni\u00f3n Europea. Esta medida, que actualmente est\u00e1 siendo evaluada por el gobierno estadounidense, podr\u00eda afectar gravemente las exportaciones de vino espa\u00f1ol, un sector clave para la econom\u00eda del pa\u00eds. Analizamos las claves.<\/p>\n","protected":false},"author":19,"featured_media":63990,"comment_status":"open","ping_status":"open","sticky":false,"template":"","format":"standard","meta":{"_jetpack_newsletter_access":"","_jetpack_dont_email_post_to_subs":false,"_jetpack_newsletter_tier_id":0,"_jetpack_memberships_contains_paywalled_content":false,"_jetpack_feature_clip_id":0,"_jetpack_memberships_contains_paid_content":false,"footnotes":"","jetpack_publicize_message":"El mercado del vino espa\u00f1ol enfrenta una de sus mayores amenazas en a\u00f1os: la posible imposici\u00f3n de un arancel del 200% por parte de Estados Unidos a las bebidas alcoh\u00f3licas importadas desde la Uni\u00f3n Europea. Esta medida, que actualmente est\u00e1 siendo evaluada por el gobierno estadounidense, podr\u00eda afectar gravemente las exportaciones de vino espa\u00f1ol, un sector clave para la econom\u00eda del pa\u00eds. Analizamos las claves.\n\n#VinoEspa\u00f1ol #Aranceles200 #Exportaci\u00f3nDeVino #ComercioInternacional #Econom\u00edaDelVino #VinoYAranceles #ImpactoEcon\u00f3mico #VinoEnEEUU #ExportacionesEspa\u00f1a #BarrerasComerciales #ComercioExterior #ProteccionismoAgr\u00edcola #VinoRioja #VinoRiberaDelDuero #VinoPriorat #CrisisVin\u00edcola #MercadoDelVino #IndustriaVin\u00edcola #VentasDeVino #EcommerceVino #Diversificaci\u00f3nDeMercados #ImpactoEnBodegas #Pol\u00edticaComercial #RelacionesUEEEUU #VinoYEconom\u00eda #PreciosDelVino #RepresaliasComerciales #MercadoEstadounidense #EstrategiasDeExportaci\u00f3n\n\n\n\n\n\n\n\n","jetpack_publicize_feature_enabled":true,"jetpack_social_post_already_shared":false,"jetpack_social_options":{"image_generator_settings":{"template":"edge","enabled":true,"token":"eyJpbWciOiJodHRwczpcL1wvbHV4b25vbXkubmV0XC93cC1jb250ZW50XC91cGxvYWRzXC8yMDI1XC8wM1wvbHV4b25vbXktMS00LmpwZyIsInR4dCI6IkVsIGltcGFjdG8gZGUgbG9zIGFyYW5jZWxlcyBkZWwgMjAwJSBlbiBlbCB2aW5vIGVzcGFcdTAwZjFvbDogdW4gZ29scGUgYSBsYSBlY29ub21cdTAwZWRhIHkgYWwgY29tZXJjaW8gaW50ZXJuYWNpb25hbCIsInRlbXBsYXRlIjoiZWRnZSIsImJsb2dfaWQiOjE1OTk4NTc0MH0.r1U4MhS_z8gynjNwa2WqIyx3w4F5WzjZrFiFUkaYg7IMQ"},"version":2},"jetpack_post_was_ever_published":false},"categories":[1128],"tags":[8444,8433,8422,8445,8009,8430,8438,552,8423,8436,8446,8424,8427,2207,8429,8440,8435,8442,8003,8432,8425,8428,8431,8439,8441,8420,8426,8434,8437,8421,8443],"thb-sponsors":[],"class_list":["post-63995","post","type-post","status-publish","format-standard","has-post-thumbnail","hentry","category-economia","tag-aranceles-200","tag-barreras-comerciales","tag-comercio-electronico-de-vino","tag-comercio-exterior","tag-comercio-internacional","tag-crisis-vinicola","tag-diversificacion-de-mercados","tag-economia","tag-economia-del-vino","tag-estrategias-comerciales","tag-estrategias-de-exportacion","tag-exportacion-de-vino","tag-exportaciones-de-espana","tag-impacto-economico","tag-impacto-en-bodegas","tag-industria-vinicola","tag-mercado-del-vino","tag-mercado-estadounidense","tag-politica-comercial","tag-precios-del-vino","tag-proteccionismo-agricola","tag-relaciones-comerciales-ue-eeuu","tag-represalias-comerciales","tag-ventas-de-vino","tag-vino-en-estados-unidos","tag-vino-espanol","tag-vino-priorat","tag-vino-ribera-del-duero","tag-vino-rioja","tag-vino-y-aranceles","tag-vino-y-economia"],"yoast_head":"<!-- This site is optimized with the Yoast SEO plugin v28.4 - https:\/\/yoast.com\/product\/yoast-seo-wordpress\/ -->\n<title>El impacto de los aranceles del 200% en el vino espa\u00f1ol: un golpe a la econom\u00eda y al comercio internacional | LUXONOMY<\/title>\n<meta name=\"robots\" content=\"index, follow, max-snippet:-1, max-image-preview:large, max-video-preview:-1\" \/>\n<link rel=\"canonical\" href=\"https:\/\/luxonomy.net\/es\/el-impacto-de-los-aranceles-del-200-en-el-vino-espanol-un-golpe-a-la-economia-y-al-comercio-internacional\/\" \/>\n<meta property=\"og:locale\" content=\"es_ES\" \/>\n<meta property=\"og:type\" content=\"article\" \/>\n<meta property=\"og:title\" content=\"El impacto de los aranceles del 200% en el vino espa\u00f1ol: un golpe a la econom\u00eda y al comercio internacional | LUXONOMY\" \/>\n<meta property=\"og:description\" content=\"El mercado del vino espa\u00f1ol enfrenta una de sus mayores amenazas en a\u00f1os: la posible imposici\u00f3n de un arancel del 200% por parte de Estados Unidos a las bebidas alcoh\u00f3licas importadas desde la Uni\u00f3n Europea. Esta medida, que actualmente est\u00e1 siendo evaluada por el gobierno estadounidense, podr\u00eda afectar gravemente las exportaciones de vino espa\u00f1ol, un sector clave para la econom\u00eda del pa\u00eds. Analizamos las claves.\" \/>\n<meta property=\"og:url\" content=\"https:\/\/luxonomy.net\/es\/el-impacto-de-los-aranceles-del-200-en-el-vino-espanol-un-golpe-a-la-economia-y-al-comercio-internacional\/\" \/>\n<meta property=\"og:site_name\" content=\"LUXONOMY\" \/>\n<meta property=\"article:publisher\" content=\"https:\/\/www.facebook.com\/luxonomy\" \/>\n<meta property=\"article:published_time\" content=\"2025-03-17T16:01:56+00:00\" \/>\n<meta property=\"article:modified_time\" content=\"2025-03-17T20:47:53+00:00\" \/>\n<meta property=\"og:image\" content=\"https:\/\/i0.wp.com\/luxonomy.net\/wp-content\/uploads\/2025\/03\/luxonomy-1-4.jpg?fit=800%2C600&quality=89&ssl=1\" \/>\n\t<meta property=\"og:image:width\" content=\"800\" \/>\n\t<meta property=\"og:image:height\" content=\"600\" \/>\n\t<meta property=\"og:image:type\" content=\"image\/jpeg\" \/>\n<meta name=\"author\" content=\"Pablo Guti\u00e9rrez-Rav\u00e9 Villal\u00f3n\" \/>\n<meta name=\"twitter:card\" content=\"summary_large_image\" \/>\n<meta name=\"twitter:label1\" content=\"Escrito por\" \/>\n\t<meta name=\"twitter:data1\" content=\"Pablo Guti\u00e9rrez-Rav\u00e9 Villal\u00f3n\" \/>\n\t<meta name=\"twitter:label2\" content=\"Tiempo de lectura\" \/>\n\t<meta name=\"twitter:data2\" content=\"3 minutos\" \/>\n<script type=\"application\/ld+json\" class=\"yoast-schema-graph\">{\"@context\":\"https:\\\/\\\/schema.org\",\"@graph\":[{\"@type\":\"Article\",\"@id\":\"https:\\\/\\\/luxonomy.net\\\/es\\\/el-impacto-de-los-aranceles-del-200-en-el-vino-espanol-un-golpe-a-la-economia-y-al-comercio-internacional\\\/#article\",\"isPartOf\":{\"@id\":\"https:\\\/\\\/luxonomy.net\\\/es\\\/el-impacto-de-los-aranceles-del-200-en-el-vino-espanol-un-golpe-a-la-economia-y-al-comercio-internacional\\\/\"},\"author\":{\"name\":\"Pablo Guti\u00e9rrez-Rav\u00e9 Villal\u00f3n\",\"@id\":\"https:\\\/\\\/luxonomy.net\\\/es\\\/#\\\/schema\\\/person\\\/aca186356f30a813f61bbf19ba52c031\"},\"headline\":\"El impacto de los aranceles del 200% en el vino espa\u00f1ol: un golpe a la econom\u00eda y al comercio internacional\",\"datePublished\":\"2025-03-17T16:01:56+00:00\",\"dateModified\":\"2025-03-17T20:47:53+00:00\",\"mainEntityOfPage\":{\"@id\":\"https:\\\/\\\/luxonomy.net\\\/es\\\/el-impacto-de-los-aranceles-del-200-en-el-vino-espanol-un-golpe-a-la-economia-y-al-comercio-internacional\\\/\"},\"wordCount\":594,\"commentCount\":0,\"publisher\":{\"@id\":\"https:\\\/\\\/luxonomy.net\\\/es\\\/#organization\"},\"image\":{\"@id\":\"https:\\\/\\\/luxonomy.net\\\/es\\\/el-impacto-de-los-aranceles-del-200-en-el-vino-espanol-un-golpe-a-la-economia-y-al-comercio-internacional\\\/#primaryimage\"},\"thumbnailUrl\":\"https:\\\/\\\/i0.wp.com\\\/luxonomy.net\\\/wp-content\\\/uploads\\\/2025\\\/03\\\/luxonomy-1-4.jpg?fit=800%2C600&ssl=1\",\"keywords\":[\"aranceles 200%\",\"barreras comerciales\",\"comercio electr\u00f3nico de vino\",\"comercio exterior\",\"comercio internacional\",\"crisis vin\u00edcola\",\"diversificaci\u00f3n de mercados\",\"econom\u00eda\",\"econom\u00eda del vino\",\"estrategias comerciales\",\"estrategias de exportaci\u00f3n\",\"exportaci\u00f3n de vino\",\"exportaciones de Espa\u00f1a\",\"impacto econ\u00f3mico\",\"impacto en bodegas\",\"industria vin\u00edcola\",\"mercado del vino\",\"mercado estadounidense\",\"pol\u00edtica comercial\",\"precios del vino\",\"proteccionismo agr\u00edcola\",\"relaciones comerciales UE-EEUU\",\"represalias comerciales\",\"ventas de vino\",\"vino en Estados Unidos\",\"vino espa\u00f1ol\",\"vino Priorat\",\"vino Ribera del Duero\",\"vino Rioja\",\"vino y aranceles\",\"vino y econom\u00eda\"],\"articleSection\":[\"Econom\u00eda\"],\"inLanguage\":\"es\",\"potentialAction\":[{\"@type\":\"CommentAction\",\"name\":\"Comment\",\"target\":[\"https:\\\/\\\/luxonomy.net\\\/es\\\/el-impacto-de-los-aranceles-del-200-en-el-vino-espanol-un-golpe-a-la-economia-y-al-comercio-internacional\\\/#respond\"]}]},{\"@type\":\"WebPage\",\"@id\":\"https:\\\/\\\/luxonomy.net\\\/es\\\/el-impacto-de-los-aranceles-del-200-en-el-vino-espanol-un-golpe-a-la-economia-y-al-comercio-internacional\\\/\",\"url\":\"https:\\\/\\\/luxonomy.net\\\/es\\\/el-impacto-de-los-aranceles-del-200-en-el-vino-espanol-un-golpe-a-la-economia-y-al-comercio-internacional\\\/\",\"name\":\"El impacto de los aranceles del 200% en el vino espa\u00f1ol: un golpe a la econom\u00eda y al comercio internacional | LUXONOMY\",\"isPartOf\":{\"@id\":\"https:\\\/\\\/luxonomy.net\\\/es\\\/#website\"},\"primaryImageOfPage\":{\"@id\":\"https:\\\/\\\/luxonomy.net\\\/es\\\/el-impacto-de-los-aranceles-del-200-en-el-vino-espanol-un-golpe-a-la-economia-y-al-comercio-internacional\\\/#primaryimage\"},\"image\":{\"@id\":\"https:\\\/\\\/luxonomy.net\\\/es\\\/el-impacto-de-los-aranceles-del-200-en-el-vino-espanol-un-golpe-a-la-economia-y-al-comercio-internacional\\\/#primaryimage\"},\"thumbnailUrl\":\"https:\\\/\\\/i0.wp.com\\\/luxonomy.net\\\/wp-content\\\/uploads\\\/2025\\\/03\\\/luxonomy-1-4.jpg?fit=800%2C600&ssl=1\",\"datePublished\":\"2025-03-17T16:01:56+00:00\",\"dateModified\":\"2025-03-17T20:47:53+00:00\",\"breadcrumb\":{\"@id\":\"https:\\\/\\\/luxonomy.net\\\/es\\\/el-impacto-de-los-aranceles-del-200-en-el-vino-espanol-un-golpe-a-la-economia-y-al-comercio-internacional\\\/#breadcrumb\"},\"inLanguage\":\"es\",\"potentialAction\":[{\"@type\":\"ReadAction\",\"target\":[\"https:\\\/\\\/luxonomy.net\\\/es\\\/el-impacto-de-los-aranceles-del-200-en-el-vino-espanol-un-golpe-a-la-economia-y-al-comercio-internacional\\\/\"]}]},{\"@type\":\"ImageObject\",\"inLanguage\":\"es\",\"@id\":\"https:\\\/\\\/luxonomy.net\\\/es\\\/el-impacto-de-los-aranceles-del-200-en-el-vino-espanol-un-golpe-a-la-economia-y-al-comercio-internacional\\\/#primaryimage\",\"url\":\"https:\\\/\\\/i0.wp.com\\\/luxonomy.net\\\/wp-content\\\/uploads\\\/2025\\\/03\\\/luxonomy-1-4.jpg?fit=800%2C600&ssl=1\",\"contentUrl\":\"https:\\\/\\\/i0.wp.com\\\/luxonomy.net\\\/wp-content\\\/uploads\\\/2025\\\/03\\\/luxonomy-1-4.jpg?fit=800%2C600&ssl=1\",\"width\":800,\"height\":600},{\"@type\":\"BreadcrumbList\",\"@id\":\"https:\\\/\\\/luxonomy.net\\\/es\\\/el-impacto-de-los-aranceles-del-200-en-el-vino-espanol-un-golpe-a-la-economia-y-al-comercio-internacional\\\/#breadcrumb\",\"itemListElement\":[{\"@type\":\"ListItem\",\"position\":1,\"name\":\"Portada\",\"item\":\"https:\\\/\\\/luxonomy.net\\\/es\\\/\"},{\"@type\":\"ListItem\",\"position\":2,\"name\":\"El impacto de los aranceles del 200% en el vino espa\u00f1ol: un golpe a la econom\u00eda y al comercio internacional\"}]},{\"@type\":\"WebSite\",\"@id\":\"https:\\\/\\\/luxonomy.net\\\/es\\\/#website\",\"url\":\"https:\\\/\\\/luxonomy.net\\\/es\\\/\",\"name\":\"LUXONOMY\",\"description\":\"The Economy of Fashion &amp; Luxury\",\"publisher\":{\"@id\":\"https:\\\/\\\/luxonomy.net\\\/es\\\/#organization\"},\"potentialAction\":[{\"@type\":\"SearchAction\",\"target\":{\"@type\":\"EntryPoint\",\"urlTemplate\":\"https:\\\/\\\/luxonomy.net\\\/es\\\/?s={search_term_string}\"},\"query-input\":{\"@type\":\"PropertyValueSpecification\",\"valueRequired\":true,\"valueName\":\"search_term_string\"}}],\"inLanguage\":\"es\"},{\"@type\":\"Organization\",\"@id\":\"https:\\\/\\\/luxonomy.net\\\/es\\\/#organization\",\"name\":\"LUXONOMY\",\"url\":\"https:\\\/\\\/luxonomy.net\\\/es\\\/\",\"logo\":{\"@type\":\"ImageObject\",\"inLanguage\":\"es\",\"@id\":\"https:\\\/\\\/luxonomy.net\\\/es\\\/#\\\/schema\\\/logo\\\/image\\\/\",\"url\":\"https:\\\/\\\/i2.wp.com\\\/luxonomy.net\\\/wp-content\\\/uploads\\\/2021\\\/09\\\/MOCKUP-TODOS-LUXONOMY.jpg?fit=1000%2C515&ssl=1\",\"contentUrl\":\"https:\\\/\\\/i2.wp.com\\\/luxonomy.net\\\/wp-content\\\/uploads\\\/2021\\\/09\\\/MOCKUP-TODOS-LUXONOMY.jpg?fit=1000%2C515&ssl=1\",\"width\":1000,\"height\":515,\"caption\":\"LUXONOMY\"},\"image\":{\"@id\":\"https:\\\/\\\/luxonomy.net\\\/es\\\/#\\\/schema\\\/logo\\\/image\\\/\"},\"sameAs\":[\"https:\\\/\\\/www.facebook.com\\\/luxonomy\",\"https:\\\/\\\/www.instagram.com\\\/luxonomy\\\/\",\"https:\\\/\\\/www.linkedin.com\\\/company\\\/luxonomy\\\/\"]},{\"@type\":\"Person\",\"@id\":\"https:\\\/\\\/luxonomy.net\\\/es\\\/#\\\/schema\\\/person\\\/aca186356f30a813f61bbf19ba52c031\",\"name\":\"Pablo Guti\u00e9rrez-Rav\u00e9 Villal\u00f3n\",\"image\":{\"@type\":\"ImageObject\",\"inLanguage\":\"es\",\"@id\":\"https:\\\/\\\/luxonomy.net\\\/wp-content\\\/litespeed\\\/avatar\\\/b80839bcd1d7840754b71e72cad801ce.jpg?ver=1788213692\",\"url\":\"https:\\\/\\\/luxonomy.net\\\/wp-content\\\/litespeed\\\/avatar\\\/b80839bcd1d7840754b71e72cad801ce.jpg?ver=1788213692\",\"contentUrl\":\"https:\\\/\\\/luxonomy.net\\\/wp-content\\\/litespeed\\\/avatar\\\/b80839bcd1d7840754b71e72cad801ce.jpg?ver=1788213692\",\"caption\":\"Pablo Guti\u00e9rrez-Rav\u00e9 Villal\u00f3n\"},\"description\":\"president LUXONOMY\u2122 Group\",\"sameAs\":[\"https:\\\/\\\/www.linkedin.com\\\/in\\\/pablogutierrezrave\\\/\"],\"url\":\"https:\\\/\\\/luxonomy.net\\\/es\\\/author\\\/pablo\\\/\"}]}<\/script>\n<!-- \/ Yoast SEO plugin. -->","yoast_head_json":{"title":"El impacto de los aranceles del 200% en el vino espa\u00f1ol: un golpe a la econom\u00eda y al comercio internacional | LUXONOMY","robots":{"index":"index","follow":"follow","max-snippet":"max-snippet:-1","max-image-preview":"max-image-preview:large","max-video-preview":"max-video-preview:-1"},"canonical":"https:\/\/luxonomy.net\/es\/el-impacto-de-los-aranceles-del-200-en-el-vino-espanol-un-golpe-a-la-economia-y-al-comercio-internacional\/","og_locale":"es_ES","og_type":"article","og_title":"El impacto de los aranceles del 200% en el vino espa\u00f1ol: un golpe a la econom\u00eda y al comercio internacional | LUXONOMY","og_description":"El mercado del vino espa\u00f1ol enfrenta una de sus mayores amenazas en a\u00f1os: la posible imposici\u00f3n de un arancel del 200% por parte de Estados Unidos a las bebidas alcoh\u00f3licas importadas desde la Uni\u00f3n Europea. Esta medida, que actualmente est\u00e1 siendo evaluada por el gobierno estadounidense, podr\u00eda afectar gravemente las exportaciones de vino espa\u00f1ol, un sector clave para la econom\u00eda del pa\u00eds. Analizamos las claves.","og_url":"https:\/\/luxonomy.net\/es\/el-impacto-de-los-aranceles-del-200-en-el-vino-espanol-un-golpe-a-la-economia-y-al-comercio-internacional\/","og_site_name":"LUXONOMY","article_publisher":"https:\/\/www.facebook.com\/luxonomy","article_published_time":"2025-03-17T16:01:56+00:00","article_modified_time":"2025-03-17T20:47:53+00:00","og_image":[{"width":800,"height":600,"url":"https:\/\/i0.wp.com\/luxonomy.net\/wp-content\/uploads\/2025\/03\/luxonomy-1-4.jpg?fit=800%2C600&quality=89&ssl=1","type":"image\/jpeg"}],"author":"Pablo Guti\u00e9rrez-Rav\u00e9 Villal\u00f3n","twitter_card":"summary_large_image","twitter_misc":{"Escrito por":"Pablo Guti\u00e9rrez-Rav\u00e9 Villal\u00f3n","Tiempo de lectura":"3 minutos"},"schema":{"@context":"https:\/\/schema.org","@graph":[{"@type":"Article","@id":"https:\/\/luxonomy.net\/es\/el-impacto-de-los-aranceles-del-200-en-el-vino-espanol-un-golpe-a-la-economia-y-al-comercio-internacional\/#article","isPartOf":{"@id":"https:\/\/luxonomy.net\/es\/el-impacto-de-los-aranceles-del-200-en-el-vino-espanol-un-golpe-a-la-economia-y-al-comercio-internacional\/"},"author":{"name":"Pablo Guti\u00e9rrez-Rav\u00e9 Villal\u00f3n","@id":"https:\/\/luxonomy.net\/es\/#\/schema\/person\/aca186356f30a813f61bbf19ba52c031"},"headline":"El impacto de los aranceles del 200% en el vino espa\u00f1ol: un golpe a la econom\u00eda y al comercio internacional","datePublished":"2025-03-17T16:01:56+00:00","dateModified":"2025-03-17T20:47:53+00:00","mainEntityOfPage":{"@id":"https:\/\/luxonomy.net\/es\/el-impacto-de-los-aranceles-del-200-en-el-vino-espanol-un-golpe-a-la-economia-y-al-comercio-internacional\/"},"wordCount":594,"commentCount":0,"publisher":{"@id":"https:\/\/luxonomy.net\/es\/#organization"},"image":{"@id":"https:\/\/luxonomy.net\/es\/el-impacto-de-los-aranceles-del-200-en-el-vino-espanol-un-golpe-a-la-economia-y-al-comercio-internacional\/#primaryimage"},"thumbnailUrl":"https:\/\/i0.wp.com\/luxonomy.net\/wp-content\/uploads\/2025\/03\/luxonomy-1-4.jpg?fit=800%2C600&ssl=1","keywords":["aranceles 200%","barreras comerciales","comercio electr\u00f3nico de vino","comercio exterior","comercio internacional","crisis vin\u00edcola","diversificaci\u00f3n de mercados","econom\u00eda","econom\u00eda del vino","estrategias comerciales","estrategias de exportaci\u00f3n","exportaci\u00f3n de vino","exportaciones de Espa\u00f1a","impacto econ\u00f3mico","impacto en bodegas","industria vin\u00edcola","mercado del vino","mercado estadounidense","pol\u00edtica comercial","precios del vino","proteccionismo agr\u00edcola","relaciones comerciales UE-EEUU","represalias comerciales","ventas de vino","vino en Estados Unidos","vino espa\u00f1ol","vino Priorat","vino Ribera del Duero","vino Rioja","vino y aranceles","vino y econom\u00eda"],"articleSection":["Econom\u00eda"],"inLanguage":"es","potentialAction":[{"@type":"CommentAction","name":"Comment","target":["https:\/\/luxonomy.net\/es\/el-impacto-de-los-aranceles-del-200-en-el-vino-espanol-un-golpe-a-la-economia-y-al-comercio-internacional\/#respond"]}]},{"@type":"WebPage","@id":"https:\/\/luxonomy.net\/es\/el-impacto-de-los-aranceles-del-200-en-el-vino-espanol-un-golpe-a-la-economia-y-al-comercio-internacional\/","url":"https:\/\/luxonomy.net\/es\/el-impacto-de-los-aranceles-del-200-en-el-vino-espanol-un-golpe-a-la-economia-y-al-comercio-internacional\/","name":"El impacto de los aranceles del 200% en el vino espa\u00f1ol: un golpe a la econom\u00eda y al comercio internacional | LUXONOMY","isPartOf":{"@id":"https:\/\/luxonomy.net\/es\/#website"},"primaryImageOfPage":{"@id":"https:\/\/luxonomy.net\/es\/el-impacto-de-los-aranceles-del-200-en-el-vino-espanol-un-golpe-a-la-economia-y-al-comercio-internacional\/#primaryimage"},"image":{"@id":"https:\/\/luxonomy.net\/es\/el-impacto-de-los-aranceles-del-200-en-el-vino-espanol-un-golpe-a-la-economia-y-al-comercio-internacional\/#primaryimage"},"thumbnailUrl":"https:\/\/i0.wp.com\/luxonomy.net\/wp-content\/uploads\/2025\/03\/luxonomy-1-4.jpg?fit=800%2C600&ssl=1","datePublished":"2025-03-17T16:01:56+00:00","dateModified":"2025-03-17T20:47:53+00:00","breadcrumb":{"@id":"https:\/\/luxonomy.net\/es\/el-impacto-de-los-aranceles-del-200-en-el-vino-espanol-un-golpe-a-la-economia-y-al-comercio-internacional\/#breadcrumb"},"inLanguage":"es","potentialAction":[{"@type":"ReadAction","target":["https:\/\/luxonomy.net\/es\/el-impacto-de-los-aranceles-del-200-en-el-vino-espanol-un-golpe-a-la-economia-y-al-comercio-internacional\/"]}]},{"@type":"ImageObject","inLanguage":"es","@id":"https:\/\/luxonomy.net\/es\/el-impacto-de-los-aranceles-del-200-en-el-vino-espanol-un-golpe-a-la-economia-y-al-comercio-internacional\/#primaryimage","url":"https:\/\/i0.wp.com\/luxonomy.net\/wp-content\/uploads\/2025\/03\/luxonomy-1-4.jpg?fit=800%2C600&ssl=1","contentUrl":"https:\/\/i0.wp.com\/luxonomy.net\/wp-content\/uploads\/2025\/03\/luxonomy-1-4.jpg?fit=800%2C600&ssl=1","width":800,"height":600},{"@type":"BreadcrumbList","@id":"https:\/\/luxonomy.net\/es\/el-impacto-de-los-aranceles-del-200-en-el-vino-espanol-un-golpe-a-la-economia-y-al-comercio-internacional\/#breadcrumb","itemListElement":[{"@type":"ListItem","position":1,"name":"Portada","item":"https:\/\/luxonomy.net\/es\/"},{"@type":"ListItem","position":2,"name":"El impacto de los aranceles del 200% en el vino espa\u00f1ol: un golpe a la econom\u00eda y al comercio internacional"}]},{"@type":"WebSite","@id":"https:\/\/luxonomy.net\/es\/#website","url":"https:\/\/luxonomy.net\/es\/","name":"LUXONOMY","description":"The Economy of Fashion &amp; Luxury","publisher":{"@id":"https:\/\/luxonomy.net\/es\/#organization"},"potentialAction":[{"@type":"SearchAction","target":{"@type":"EntryPoint","urlTemplate":"https:\/\/luxonomy.net\/es\/?s={search_term_string}"},"query-input":{"@type":"PropertyValueSpecification","valueRequired":true,"valueName":"search_term_string"}}],"inLanguage":"es"},{"@type":"Organization","@id":"https:\/\/luxonomy.net\/es\/#organization","name":"LUXONOMY","url":"https:\/\/luxonomy.net\/es\/","logo":{"@type":"ImageObject","inLanguage":"es","@id":"https:\/\/luxonomy.net\/es\/#\/schema\/logo\/image\/","url":"https:\/\/i2.wp.com\/luxonomy.net\/wp-content\/uploads\/2021\/09\/MOCKUP-TODOS-LUXONOMY.jpg?fit=1000%2C515&ssl=1","contentUrl":"https:\/\/i2.wp.com\/luxonomy.net\/wp-content\/uploads\/2021\/09\/MOCKUP-TODOS-LUXONOMY.jpg?fit=1000%2C515&ssl=1","width":1000,"height":515,"caption":"LUXONOMY"},"image":{"@id":"https:\/\/luxonomy.net\/es\/#\/schema\/logo\/image\/"},"sameAs":["https:\/\/www.facebook.com\/luxonomy","https:\/\/www.instagram.com\/luxonomy\/","https:\/\/www.linkedin.com\/company\/luxonomy\/"]},{"@type":"Person","@id":"https:\/\/luxonomy.net\/es\/#\/schema\/person\/aca186356f30a813f61bbf19ba52c031","name":"Pablo Guti\u00e9rrez-Rav\u00e9 Villal\u00f3n","image":{"@type":"ImageObject","inLanguage":"es","@id":"https:\/\/luxonomy.net\/wp-content\/litespeed\/avatar\/b80839bcd1d7840754b71e72cad801ce.jpg?ver=1788213692","url":"https:\/\/luxonomy.net\/wp-content\/litespeed\/avatar\/b80839bcd1d7840754b71e72cad801ce.jpg?ver=1788213692","contentUrl":"https:\/\/luxonomy.net\/wp-content\/litespeed\/avatar\/b80839bcd1d7840754b71e72cad801ce.jpg?ver=1788213692","caption":"Pablo Guti\u00e9rrez-Rav\u00e9 Villal\u00f3n"},"description":"president LUXONOMY\u2122 Group","sameAs":["https:\/\/www.linkedin.com\/in\/pablogutierrezrave\/"],"url":"https:\/\/luxonomy.net\/es\/author\/pablo\/"}]}},"jetpack_publicize_connections":[],"jetpack_shortlink":"https:\/\/wp.me\/paPhBa-gEb","jetpack_sharing_enabled":true,"jetpack_featured_media_url":"https:\/\/i0.wp.com\/luxonomy.net\/wp-content\/uploads\/2025\/03\/luxonomy-1-4.jpg?fit=800%2C600&ssl=1","_links":{"self":[{"href":"https:\/\/luxonomy.net\/es\/wp-json\/wp\/v2\/posts\/63995","targetHints":{"allow":["GET"]}}],"collection":[{"href":"https:\/\/luxonomy.net\/es\/wp-json\/wp\/v2\/posts"}],"about":[{"href":"https:\/\/luxonomy.net\/es\/wp-json\/wp\/v2\/types\/post"}],"author":[{"embeddable":true,"href":"https:\/\/luxonomy.net\/es\/wp-json\/wp\/v2\/users\/19"}],"replies":[{"embeddable":true,"href":"https:\/\/luxonomy.net\/es\/wp-json\/wp\/v2\/comments?post=63995"}],"version-history":[{"count":4,"href":"https:\/\/luxonomy.net\/es\/wp-json\/wp\/v2\/posts\/63995\/revisions"}],"predecessor-version":[{"id":64002,"href":"https:\/\/luxonomy.net\/es\/wp-json\/wp\/v2\/posts\/63995\/revisions\/64002"}],"wp:featuredmedia":[{"embeddable":true,"href":"https:\/\/luxonomy.net\/es\/wp-json\/wp\/v2\/media\/63990"}],"wp:attachment":[{"href":"https:\/\/luxonomy.net\/es\/wp-json\/wp\/v2\/media?parent=63995"}],"wp:term":[{"taxonomy":"category","embeddable":true,"href":"https:\/\/luxonomy.net\/es\/wp-json\/wp\/v2\/categories?post=63995"},{"taxonomy":"post_tag","embeddable":true,"href":"https:\/\/luxonomy.net\/es\/wp-json\/wp\/v2\/tags?post=63995"},{"taxonomy":"thb-sponsors","embeddable":true,"href":"https:\/\/luxonomy.net\/es\/wp-json\/wp\/v2\/thb-sponsors?post=63995"}],"curies":[{"name":"wp","href":"https:\/\/api.w.org\/{rel}","templated":true}]}}