{"id":63937,"date":"2025-03-14T15:15:50","date_gmt":"2025-03-14T14:15:50","guid":{"rendered":"https:\/\/luxonomy.net\/?p=63937"},"modified":"2025-03-14T15:40:04","modified_gmt":"2025-03-14T14:40:04","slug":"moda-arte-y-artesania-para-loewe-otono-invierno-2025","status":"publish","type":"post","link":"https:\/\/luxonomy.net\/es\/moda-arte-y-artesania-para-loewe-otono-invierno-2025\/","title":{"rendered":"Moda, arte y artesan\u00eda para LOEWE Oto\u00f1o-Invierno 2025"},"content":{"rendered":"\n<section data-slice-type=\"news_content\" data-slice-variation=\"default\">\n<div class=\"flex w-full max-w-full justify-center pt-14 md:pt-18 pb-14 md:pb-18 sm:container-layout-padding\">\n<div class=\"w-full  max-w-full  container-layout-padding lg:max-w-screen-lg pt-14 pb-18 md:py-36 bg-white md:px-0 mx-auto gridLayoutPadding lg:max-w-screen-lg\">\n<div class=\"col-span-full flex flex-col gap-14 last:mb-0 sm:col-start-2 sm:col-end-8 md:col-start-3 md:col-end-11\">\n<div class=\"flex flex-col gap-14 text-left\">\n<div>\n<p class=\"heading3 typo-body-xl group\"><strong>LOEWE transform\u00f3 el H\u00f4tel de Maisons con un formato interdisciplinario para presentar su colecci\u00f3n de mujer y hombre, destacando una magn\u00edfica colaboraci\u00f3n con la Fundaci\u00f3n Josef y Anni Albers.<\/strong><\/p>\n<\/div>\n<div>\n<p class=\"paragraph typo-body-l group pb-5 font-normal sm:font-light\">El director creativo Jonathan Anderson reinterpret\u00f3 los c\u00f3digos de LOEWE como un &#8220;\u00e1lbum de ideas&#8221;, jugando con trompe-l&#8217;\u0153il, escalas y vol\u00famenes, todo ello filtrado a trav\u00e9s del arte y la artesan\u00eda.<\/p>\n<p class=\"paragraph typo-body-l group pb-5 font-normal sm:font-light\">La colecci\u00f3n se despleg\u00f3 en diecisiete salas tem\u00e1ticas, con prendas y accesorios junto a una curadur\u00eda ecl\u00e9ctica de obras, incluyendo <em>Giant Pumpkin No 2 (2022)<\/em> de la artista brit\u00e1nica Anthea Hamilton y una manzana de gran tama\u00f1o creada originalmente para la campa\u00f1a de la precolecci\u00f3n Primavera-Verano 2025. La colaboraci\u00f3n con la Fundaci\u00f3n Albers \u2013 los artistas Josef y Anni Albers fueron pioneros del modernismo del siglo XX \u2013 sirvi\u00f3 como punto de partida para las colecciones. La abstracci\u00f3n geom\u00e9trica y los colores de la serie <em>Homenaje al Cuadrado<\/em> de Josef Albers transformaron los bolsos Puzzle, Flamenco y Amazona. Los tejidos pict\u00f3ricos de Anni Albers aportan una tactilidad gr\u00e1fica a abrigos y bolsos ic\u00f3nicos.<\/p>\n<p class=\"paragraph typo-body-l group pb-5 font-normal sm:font-light\">El di\u00e1logo entre moda femenina y masculina fue org\u00e1nico y fluido, con arquitecturas suaves dibujadas sobre y alrededor del cuerpo. El cuero se corta ingeniosamente, se drapea y se alarga, mientras que los vestidos de punto se esculpen en formas redondeadas. Prendas b\u00e1sicas del armario, desde camisas hasta abrigos, se fusionan en h\u00edbridos. En una exploraci\u00f3n de la escala, un peque\u00f1o anillo se convierte en un top y las puntadas de tricot se ampl\u00edan a tama\u00f1o extragrande. La mirada se dirige a un estampado Pr\u00edncipe de Gales que se disuelve en flecos met\u00e1licos. Los abalorios migran de la ropa a los accesorios o a las mules Toy.<\/p>\n<\/div>\n<\/div>\n<\/div>\n<\/div>\n<\/div>\n<\/section>\n","protected":false},"excerpt":{"rendered":"<p>LOEWE transform\u00f3 el H\u00f4tel de Maisons con un formato interdisciplinario para presentar su colecci\u00f3n de mujer y hombre, destacando una magn\u00edfica colaboraci\u00f3n con la Fundaci\u00f3n Josef y Anni Albers.<\/p>\n","protected":false},"author":1,"featured_media":63933,"comment_status":"open","ping_status":"open","sticky":false,"template":"","format":"standard","meta":{"_jetpack_newsletter_access":"","_jetpack_dont_email_post_to_subs":false,"_jetpack_newsletter_tier_id":0,"_jetpack_memberships_contains_paywalled_content":false,"_jetpack_feature_clip_id":0,"_jetpack_memberships_contains_paid_content":false,"footnotes":"","jetpack_publicize_message":"LOEWE transform\u00f3 el H\u00f4tel de Maisons con un formato interdisciplinario para presentar su colecci\u00f3n de mujer y hombre, destacando una magn\u00edfica colaboraci\u00f3n con la Fundaci\u00f3n Josef y Anni Albers.","jetpack_publicize_feature_enabled":true,"jetpack_social_post_already_shared":true,"jetpack_social_options":{"image_generator_settings":{"template":"edge","enabled":true,"token":"eyJpbWciOiJodHRwczpcL1wvbHV4b25vbXkubmV0XC93cC1jb250ZW50XC91cGxvYWRzXC8yMDI1XC8wM1wvQ2FwdHVyYS1kZS1wYW50YWxsYS0yMDI1LTAzLTE0LWEtbGFzLTE1LjA3LjMwLTEwMjR4NTYyLnBuZyIsInR4dCI6Ik1vZGEsIGFydGUgeSBhcnRlc2FuXHUwMGVkYSBwYXJhIExPRVdFIE90b1x1MDBmMW8tSW52aWVybm8gMjAyNSIsInRlbXBsYXRlIjoiZWRnZSIsImJsb2dfaWQiOjE1OTk4NTc0MH0.o2u94Mpcr-DfGKL3IQ9X2wTvKwYg7uHZaLAZgpt-I7QMQ"},"version":2},"jetpack_post_was_ever_published":false},"categories":[1128,227,534],"tags":[228,782,586],"thb-sponsors":[1183],"class_list":["post-63937","post","type-post","status-publish","format-standard","has-post-thumbnail","hentry","category-economia","category-eventos","category-moda","tag-eventos","tag-loewe","tag-moda"],"yoast_head":"<!-- This site is optimized with the Yoast SEO plugin v28.4 - https:\/\/yoast.com\/product\/yoast-seo-wordpress\/ -->\n<title>Moda, arte y artesan\u00eda para LOEWE Oto\u00f1o-Invierno 2025 | LUXONOMY<\/title>\n<meta name=\"robots\" content=\"index, follow, max-snippet:-1, max-image-preview:large, max-video-preview:-1\" \/>\n<link rel=\"canonical\" href=\"https:\/\/luxonomy.net\/es\/moda-arte-y-artesania-para-loewe-otono-invierno-2025\/\" \/>\n<meta property=\"og:locale\" content=\"es_ES\" \/>\n<meta property=\"og:type\" content=\"article\" \/>\n<meta property=\"og:title\" content=\"Moda, arte y artesan\u00eda para LOEWE Oto\u00f1o-Invierno 2025 | LUXONOMY\" \/>\n<meta property=\"og:description\" content=\"LOEWE transform\u00f3 el H\u00f4tel de Maisons con un formato interdisciplinario para presentar su colecci\u00f3n de mujer y hombre, destacando una magn\u00edfica colaboraci\u00f3n con la Fundaci\u00f3n Josef y Anni Albers.\" \/>\n<meta property=\"og:url\" content=\"https:\/\/luxonomy.net\/es\/moda-arte-y-artesania-para-loewe-otono-invierno-2025\/\" \/>\n<meta property=\"og:site_name\" content=\"LUXONOMY\" \/>\n<meta property=\"article:publisher\" content=\"https:\/\/www.facebook.com\/luxonomy\" \/>\n<meta property=\"article:published_time\" content=\"2025-03-14T14:15:50+00:00\" \/>\n<meta property=\"article:modified_time\" content=\"2025-03-14T14:40:04+00:00\" \/>\n<meta property=\"og:image\" content=\"https:\/\/luxonomy.net\/wp-content\/uploads\/2025\/03\/Captura-de-pantalla-2025-03-14-a-las-15.07.30-1024x562.png\" \/>\n\t<meta property=\"og:image:width\" content=\"1024\" \/>\n\t<meta property=\"og:image:height\" content=\"562\" \/>\n\t<meta property=\"og:image:type\" content=\"image\/png\" \/>\n<meta name=\"author\" content=\"LUXONOMY\" \/>\n<meta name=\"twitter:card\" content=\"summary_large_image\" \/>\n<meta name=\"twitter:label1\" content=\"Escrito por\" \/>\n\t<meta name=\"twitter:data1\" content=\"LUXONOMY\" \/>\n\t<meta name=\"twitter:label2\" content=\"Tiempo de lectura\" \/>\n\t<meta name=\"twitter:data2\" content=\"2 minutos\" \/>\n<script type=\"application\/ld+json\" class=\"yoast-schema-graph\">{\"@context\":\"https:\\\/\\\/schema.org\",\"@graph\":[{\"@type\":\"Article\",\"@id\":\"https:\\\/\\\/luxonomy.net\\\/es\\\/moda-arte-y-artesania-para-loewe-otono-invierno-2025\\\/#article\",\"isPartOf\":{\"@id\":\"https:\\\/\\\/luxonomy.net\\\/es\\\/moda-arte-y-artesania-para-loewe-otono-invierno-2025\\\/\"},\"author\":{\"name\":\"LUXONOMY\",\"@id\":\"https:\\\/\\\/luxonomy.net\\\/es\\\/#\\\/schema\\\/person\\\/c5b6009a752bcc03b6b0a35b41e0ce40\"},\"headline\":\"Moda, arte y artesan\u00eda para LOEWE Oto\u00f1o-Invierno 2025\",\"datePublished\":\"2025-03-14T14:15:50+00:00\",\"dateModified\":\"2025-03-14T14:40:04+00:00\",\"mainEntityOfPage\":{\"@id\":\"https:\\\/\\\/luxonomy.net\\\/es\\\/moda-arte-y-artesania-para-loewe-otono-invierno-2025\\\/\"},\"wordCount\":319,\"commentCount\":0,\"publisher\":{\"@id\":\"https:\\\/\\\/luxonomy.net\\\/es\\\/#organization\"},\"image\":{\"@id\":\"https:\\\/\\\/luxonomy.net\\\/es\\\/moda-arte-y-artesania-para-loewe-otono-invierno-2025\\\/#primaryimage\"},\"thumbnailUrl\":\"https:\\\/\\\/i0.wp.com\\\/luxonomy.net\\\/wp-content\\\/uploads\\\/2025\\\/03\\\/Captura-de-pantalla-2025-03-14-a-las-15.07.30.png?fit=1918%2C1052&ssl=1\",\"keywords\":[\"Eventos\",\"Loewe\",\"Moda\"],\"articleSection\":[\"Econom\u00eda\",\"Eventos\",\"Moda\"],\"inLanguage\":\"es\",\"potentialAction\":[{\"@type\":\"CommentAction\",\"name\":\"Comment\",\"target\":[\"https:\\\/\\\/luxonomy.net\\\/es\\\/moda-arte-y-artesania-para-loewe-otono-invierno-2025\\\/#respond\"]}]},{\"@type\":\"WebPage\",\"@id\":\"https:\\\/\\\/luxonomy.net\\\/es\\\/moda-arte-y-artesania-para-loewe-otono-invierno-2025\\\/\",\"url\":\"https:\\\/\\\/luxonomy.net\\\/es\\\/moda-arte-y-artesania-para-loewe-otono-invierno-2025\\\/\",\"name\":\"Moda, arte y artesan\u00eda para LOEWE Oto\u00f1o-Invierno 2025 | LUXONOMY\",\"isPartOf\":{\"@id\":\"https:\\\/\\\/luxonomy.net\\\/es\\\/#website\"},\"primaryImageOfPage\":{\"@id\":\"https:\\\/\\\/luxonomy.net\\\/es\\\/moda-arte-y-artesania-para-loewe-otono-invierno-2025\\\/#primaryimage\"},\"image\":{\"@id\":\"https:\\\/\\\/luxonomy.net\\\/es\\\/moda-arte-y-artesania-para-loewe-otono-invierno-2025\\\/#primaryimage\"},\"thumbnailUrl\":\"https:\\\/\\\/i0.wp.com\\\/luxonomy.net\\\/wp-content\\\/uploads\\\/2025\\\/03\\\/Captura-de-pantalla-2025-03-14-a-las-15.07.30.png?fit=1918%2C1052&ssl=1\",\"datePublished\":\"2025-03-14T14:15:50+00:00\",\"dateModified\":\"2025-03-14T14:40:04+00:00\",\"breadcrumb\":{\"@id\":\"https:\\\/\\\/luxonomy.net\\\/es\\\/moda-arte-y-artesania-para-loewe-otono-invierno-2025\\\/#breadcrumb\"},\"inLanguage\":\"es\",\"potentialAction\":[{\"@type\":\"ReadAction\",\"target\":[\"https:\\\/\\\/luxonomy.net\\\/es\\\/moda-arte-y-artesania-para-loewe-otono-invierno-2025\\\/\"]}]},{\"@type\":\"ImageObject\",\"inLanguage\":\"es\",\"@id\":\"https:\\\/\\\/luxonomy.net\\\/es\\\/moda-arte-y-artesania-para-loewe-otono-invierno-2025\\\/#primaryimage\",\"url\":\"https:\\\/\\\/i0.wp.com\\\/luxonomy.net\\\/wp-content\\\/uploads\\\/2025\\\/03\\\/Captura-de-pantalla-2025-03-14-a-las-15.07.30.png?fit=1918%2C1052&ssl=1\",\"contentUrl\":\"https:\\\/\\\/i0.wp.com\\\/luxonomy.net\\\/wp-content\\\/uploads\\\/2025\\\/03\\\/Captura-de-pantalla-2025-03-14-a-las-15.07.30.png?fit=1918%2C1052&ssl=1\",\"width\":1918,\"height\":1052},{\"@type\":\"BreadcrumbList\",\"@id\":\"https:\\\/\\\/luxonomy.net\\\/es\\\/moda-arte-y-artesania-para-loewe-otono-invierno-2025\\\/#breadcrumb\",\"itemListElement\":[{\"@type\":\"ListItem\",\"position\":1,\"name\":\"Portada\",\"item\":\"https:\\\/\\\/luxonomy.net\\\/es\\\/\"},{\"@type\":\"ListItem\",\"position\":2,\"name\":\"Moda, arte y artesan\u00eda para LOEWE Oto\u00f1o-Invierno 2025\"}]},{\"@type\":\"WebSite\",\"@id\":\"https:\\\/\\\/luxonomy.net\\\/es\\\/#website\",\"url\":\"https:\\\/\\\/luxonomy.net\\\/es\\\/\",\"name\":\"LUXONOMY\",\"description\":\"The Economy of Fashion &amp; Luxury\",\"publisher\":{\"@id\":\"https:\\\/\\\/luxonomy.net\\\/es\\\/#organization\"},\"potentialAction\":[{\"@type\":\"SearchAction\",\"target\":{\"@type\":\"EntryPoint\",\"urlTemplate\":\"https:\\\/\\\/luxonomy.net\\\/es\\\/?s={search_term_string}\"},\"query-input\":{\"@type\":\"PropertyValueSpecification\",\"valueRequired\":true,\"valueName\":\"search_term_string\"}}],\"inLanguage\":\"es\"},{\"@type\":\"Organization\",\"@id\":\"https:\\\/\\\/luxonomy.net\\\/es\\\/#organization\",\"name\":\"LUXONOMY\",\"url\":\"https:\\\/\\\/luxonomy.net\\\/es\\\/\",\"logo\":{\"@type\":\"ImageObject\",\"inLanguage\":\"es\",\"@id\":\"https:\\\/\\\/luxonomy.net\\\/es\\\/#\\\/schema\\\/logo\\\/image\\\/\",\"url\":\"https:\\\/\\\/i2.wp.com\\\/luxonomy.net\\\/wp-content\\\/uploads\\\/2021\\\/09\\\/MOCKUP-TODOS-LUXONOMY.jpg?fit=1000%2C515&ssl=1\",\"contentUrl\":\"https:\\\/\\\/i2.wp.com\\\/luxonomy.net\\\/wp-content\\\/uploads\\\/2021\\\/09\\\/MOCKUP-TODOS-LUXONOMY.jpg?fit=1000%2C515&ssl=1\",\"width\":1000,\"height\":515,\"caption\":\"LUXONOMY\"},\"image\":{\"@id\":\"https:\\\/\\\/luxonomy.net\\\/es\\\/#\\\/schema\\\/logo\\\/image\\\/\"},\"sameAs\":[\"https:\\\/\\\/www.facebook.com\\\/luxonomy\",\"https:\\\/\\\/www.instagram.com\\\/luxonomy\\\/\",\"https:\\\/\\\/www.linkedin.com\\\/company\\\/luxonomy\\\/\"]},{\"@type\":\"Person\",\"@id\":\"https:\\\/\\\/luxonomy.net\\\/es\\\/#\\\/schema\\\/person\\\/c5b6009a752bcc03b6b0a35b41e0ce40\",\"name\":\"LUXONOMY\",\"image\":{\"@type\":\"ImageObject\",\"inLanguage\":\"es\",\"@id\":\"https:\\\/\\\/luxonomy.net\\\/wp-content\\\/litespeed\\\/avatar\\\/a6436cdb14fdaf9c21808e63d0da2055.jpg?ver=1788366758\",\"url\":\"https:\\\/\\\/luxonomy.net\\\/wp-content\\\/litespeed\\\/avatar\\\/a6436cdb14fdaf9c21808e63d0da2055.jpg?ver=1788366758\",\"contentUrl\":\"https:\\\/\\\/luxonomy.net\\\/wp-content\\\/litespeed\\\/avatar\\\/a6436cdb14fdaf9c21808e63d0da2055.jpg?ver=1788366758\",\"caption\":\"LUXONOMY\"},\"sameAs\":[\"https:\\\/\"],\"url\":\"https:\\\/\\\/luxonomy.net\\\/es\\\/author\\\/luxonomy\\\/\"}]}<\/script>\n<!-- \/ Yoast SEO plugin. -->","yoast_head_json":{"title":"Moda, arte y artesan\u00eda para LOEWE Oto\u00f1o-Invierno 2025 | LUXONOMY","robots":{"index":"index","follow":"follow","max-snippet":"max-snippet:-1","max-image-preview":"max-image-preview:large","max-video-preview":"max-video-preview:-1"},"canonical":"https:\/\/luxonomy.net\/es\/moda-arte-y-artesania-para-loewe-otono-invierno-2025\/","og_locale":"es_ES","og_type":"article","og_title":"Moda, arte y artesan\u00eda para LOEWE Oto\u00f1o-Invierno 2025 | LUXONOMY","og_description":"LOEWE transform\u00f3 el H\u00f4tel de Maisons con un formato interdisciplinario para presentar su colecci\u00f3n de mujer y hombre, destacando una magn\u00edfica colaboraci\u00f3n con la Fundaci\u00f3n Josef y Anni Albers.","og_url":"https:\/\/luxonomy.net\/es\/moda-arte-y-artesania-para-loewe-otono-invierno-2025\/","og_site_name":"LUXONOMY","article_publisher":"https:\/\/www.facebook.com\/luxonomy","article_published_time":"2025-03-14T14:15:50+00:00","article_modified_time":"2025-03-14T14:40:04+00:00","og_image":[{"width":1024,"height":562,"url":"https:\/\/luxonomy.net\/wp-content\/uploads\/2025\/03\/Captura-de-pantalla-2025-03-14-a-las-15.07.30-1024x562.png","type":"image\/png"}],"author":"LUXONOMY","twitter_card":"summary_large_image","twitter_misc":{"Escrito por":"LUXONOMY","Tiempo de lectura":"2 minutos"},"schema":{"@context":"https:\/\/schema.org","@graph":[{"@type":"Article","@id":"https:\/\/luxonomy.net\/es\/moda-arte-y-artesania-para-loewe-otono-invierno-2025\/#article","isPartOf":{"@id":"https:\/\/luxonomy.net\/es\/moda-arte-y-artesania-para-loewe-otono-invierno-2025\/"},"author":{"name":"LUXONOMY","@id":"https:\/\/luxonomy.net\/es\/#\/schema\/person\/c5b6009a752bcc03b6b0a35b41e0ce40"},"headline":"Moda, arte y artesan\u00eda para LOEWE Oto\u00f1o-Invierno 2025","datePublished":"2025-03-14T14:15:50+00:00","dateModified":"2025-03-14T14:40:04+00:00","mainEntityOfPage":{"@id":"https:\/\/luxonomy.net\/es\/moda-arte-y-artesania-para-loewe-otono-invierno-2025\/"},"wordCount":319,"commentCount":0,"publisher":{"@id":"https:\/\/luxonomy.net\/es\/#organization"},"image":{"@id":"https:\/\/luxonomy.net\/es\/moda-arte-y-artesania-para-loewe-otono-invierno-2025\/#primaryimage"},"thumbnailUrl":"https:\/\/i0.wp.com\/luxonomy.net\/wp-content\/uploads\/2025\/03\/Captura-de-pantalla-2025-03-14-a-las-15.07.30.png?fit=1918%2C1052&ssl=1","keywords":["Eventos","Loewe","Moda"],"articleSection":["Econom\u00eda","Eventos","Moda"],"inLanguage":"es","potentialAction":[{"@type":"CommentAction","name":"Comment","target":["https:\/\/luxonomy.net\/es\/moda-arte-y-artesania-para-loewe-otono-invierno-2025\/#respond"]}]},{"@type":"WebPage","@id":"https:\/\/luxonomy.net\/es\/moda-arte-y-artesania-para-loewe-otono-invierno-2025\/","url":"https:\/\/luxonomy.net\/es\/moda-arte-y-artesania-para-loewe-otono-invierno-2025\/","name":"Moda, arte y artesan\u00eda para LOEWE Oto\u00f1o-Invierno 2025 | LUXONOMY","isPartOf":{"@id":"https:\/\/luxonomy.net\/es\/#website"},"primaryImageOfPage":{"@id":"https:\/\/luxonomy.net\/es\/moda-arte-y-artesania-para-loewe-otono-invierno-2025\/#primaryimage"},"image":{"@id":"https:\/\/luxonomy.net\/es\/moda-arte-y-artesania-para-loewe-otono-invierno-2025\/#primaryimage"},"thumbnailUrl":"https:\/\/i0.wp.com\/luxonomy.net\/wp-content\/uploads\/2025\/03\/Captura-de-pantalla-2025-03-14-a-las-15.07.30.png?fit=1918%2C1052&ssl=1","datePublished":"2025-03-14T14:15:50+00:00","dateModified":"2025-03-14T14:40:04+00:00","breadcrumb":{"@id":"https:\/\/luxonomy.net\/es\/moda-arte-y-artesania-para-loewe-otono-invierno-2025\/#breadcrumb"},"inLanguage":"es","potentialAction":[{"@type":"ReadAction","target":["https:\/\/luxonomy.net\/es\/moda-arte-y-artesania-para-loewe-otono-invierno-2025\/"]}]},{"@type":"ImageObject","inLanguage":"es","@id":"https:\/\/luxonomy.net\/es\/moda-arte-y-artesania-para-loewe-otono-invierno-2025\/#primaryimage","url":"https:\/\/i0.wp.com\/luxonomy.net\/wp-content\/uploads\/2025\/03\/Captura-de-pantalla-2025-03-14-a-las-15.07.30.png?fit=1918%2C1052&ssl=1","contentUrl":"https:\/\/i0.wp.com\/luxonomy.net\/wp-content\/uploads\/2025\/03\/Captura-de-pantalla-2025-03-14-a-las-15.07.30.png?fit=1918%2C1052&ssl=1","width":1918,"height":1052},{"@type":"BreadcrumbList","@id":"https:\/\/luxonomy.net\/es\/moda-arte-y-artesania-para-loewe-otono-invierno-2025\/#breadcrumb","itemListElement":[{"@type":"ListItem","position":1,"name":"Portada","item":"https:\/\/luxonomy.net\/es\/"},{"@type":"ListItem","position":2,"name":"Moda, arte y artesan\u00eda para LOEWE Oto\u00f1o-Invierno 2025"}]},{"@type":"WebSite","@id":"https:\/\/luxonomy.net\/es\/#website","url":"https:\/\/luxonomy.net\/es\/","name":"LUXONOMY","description":"The Economy of Fashion &amp; Luxury","publisher":{"@id":"https:\/\/luxonomy.net\/es\/#organization"},"potentialAction":[{"@type":"SearchAction","target":{"@type":"EntryPoint","urlTemplate":"https:\/\/luxonomy.net\/es\/?s={search_term_string}"},"query-input":{"@type":"PropertyValueSpecification","valueRequired":true,"valueName":"search_term_string"}}],"inLanguage":"es"},{"@type":"Organization","@id":"https:\/\/luxonomy.net\/es\/#organization","name":"LUXONOMY","url":"https:\/\/luxonomy.net\/es\/","logo":{"@type":"ImageObject","inLanguage":"es","@id":"https:\/\/luxonomy.net\/es\/#\/schema\/logo\/image\/","url":"https:\/\/i2.wp.com\/luxonomy.net\/wp-content\/uploads\/2021\/09\/MOCKUP-TODOS-LUXONOMY.jpg?fit=1000%2C515&ssl=1","contentUrl":"https:\/\/i2.wp.com\/luxonomy.net\/wp-content\/uploads\/2021\/09\/MOCKUP-TODOS-LUXONOMY.jpg?fit=1000%2C515&ssl=1","width":1000,"height":515,"caption":"LUXONOMY"},"image":{"@id":"https:\/\/luxonomy.net\/es\/#\/schema\/logo\/image\/"},"sameAs":["https:\/\/www.facebook.com\/luxonomy","https:\/\/www.instagram.com\/luxonomy\/","https:\/\/www.linkedin.com\/company\/luxonomy\/"]},{"@type":"Person","@id":"https:\/\/luxonomy.net\/es\/#\/schema\/person\/c5b6009a752bcc03b6b0a35b41e0ce40","name":"LUXONOMY","image":{"@type":"ImageObject","inLanguage":"es","@id":"https:\/\/luxonomy.net\/wp-content\/litespeed\/avatar\/a6436cdb14fdaf9c21808e63d0da2055.jpg?ver=1788366758","url":"https:\/\/luxonomy.net\/wp-content\/litespeed\/avatar\/a6436cdb14fdaf9c21808e63d0da2055.jpg?ver=1788366758","contentUrl":"https:\/\/luxonomy.net\/wp-content\/litespeed\/avatar\/a6436cdb14fdaf9c21808e63d0da2055.jpg?ver=1788366758","caption":"LUXONOMY"},"sameAs":["https:\/"],"url":"https:\/\/luxonomy.net\/es\/author\/luxonomy\/"}]}},"jetpack_publicize_connections":[],"jetpack_shortlink":"https:\/\/wp.me\/paPhBa-gDf","jetpack_sharing_enabled":true,"jetpack_featured_media_url":"https:\/\/i0.wp.com\/luxonomy.net\/wp-content\/uploads\/2025\/03\/Captura-de-pantalla-2025-03-14-a-las-15.07.30.png?fit=1918%2C1052&ssl=1","_links":{"self":[{"href":"https:\/\/luxonomy.net\/es\/wp-json\/wp\/v2\/posts\/63937","targetHints":{"allow":["GET"]}}],"collection":[{"href":"https:\/\/luxonomy.net\/es\/wp-json\/wp\/v2\/posts"}],"about":[{"href":"https:\/\/luxonomy.net\/es\/wp-json\/wp\/v2\/types\/post"}],"author":[{"embeddable":true,"href":"https:\/\/luxonomy.net\/es\/wp-json\/wp\/v2\/users\/1"}],"replies":[{"embeddable":true,"href":"https:\/\/luxonomy.net\/es\/wp-json\/wp\/v2\/comments?post=63937"}],"version-history":[{"count":2,"href":"https:\/\/luxonomy.net\/es\/wp-json\/wp\/v2\/posts\/63937\/revisions"}],"predecessor-version":[{"id":63939,"href":"https:\/\/luxonomy.net\/es\/wp-json\/wp\/v2\/posts\/63937\/revisions\/63939"}],"wp:featuredmedia":[{"embeddable":true,"href":"https:\/\/luxonomy.net\/es\/wp-json\/wp\/v2\/media\/63933"}],"wp:attachment":[{"href":"https:\/\/luxonomy.net\/es\/wp-json\/wp\/v2\/media?parent=63937"}],"wp:term":[{"taxonomy":"category","embeddable":true,"href":"https:\/\/luxonomy.net\/es\/wp-json\/wp\/v2\/categories?post=63937"},{"taxonomy":"post_tag","embeddable":true,"href":"https:\/\/luxonomy.net\/es\/wp-json\/wp\/v2\/tags?post=63937"},{"taxonomy":"thb-sponsors","embeddable":true,"href":"https:\/\/luxonomy.net\/es\/wp-json\/wp\/v2\/thb-sponsors?post=63937"}],"curies":[{"name":"wp","href":"https:\/\/api.w.org\/{rel}","templated":true}]}}