{"id":63775,"date":"2025-03-12T00:22:23","date_gmt":"2025-03-11T23:22:23","guid":{"rendered":"https:\/\/luxonomy.net\/?p=63775"},"modified":"2025-03-12T00:22:36","modified_gmt":"2025-03-11T23:22:36","slug":"la-tecnologia-black-butterfly-de-lexus-inspira-instalaciones-inmersivas-en-la-semana-del-diseno-de-milan-2025","status":"publish","type":"post","link":"https:\/\/luxonomy.net\/es\/la-tecnologia-black-butterfly-de-lexus-inspira-instalaciones-inmersivas-en-la-semana-del-diseno-de-milan-2025\/","title":{"rendered":"La Tecnolog\u00eda \u201cBlack Butterfly\u201d de Lexus Inspira Instalaciones Inmersivas en la Semana del Dise\u00f1o de Mil\u00e1n 2025"},"content":{"rendered":"\n<p>El sistema de control de la cabina con doble interfaz\u00a0<em>Black Butterfly<\/em>\u00a0\u2014<em>Mariposa Negra<\/em>\u2014, desarrollado por Lexus para su prototipo LF-ZC, ha servido de inspiraci\u00f3n para que varios creadores internacionales desarrollaran nuevas instalaciones inmersivas a la vanguardia del arte y el dise\u00f1o.<\/p>\n<p>Estas fascinantes interpretaciones sobre c\u00f3mo las tecnolog\u00edas del futuro conectar\u00e1n al ser humano con la movilidad y la inteligencia artificial ser\u00e1n presentadas por Lexus en la Semana del Dise\u00f1o de Mil\u00e1n 2025, uno de los principales acontecimientos del mundo para creativos internacionales. Las piezas se expondr\u00e1n al p\u00fablico en el Superstudio Pi\u00f9 del 8 al 13 de abril.<\/p>\n<p><em>\u201cA-Un\u201d<\/em>\u00a0es una instalaci\u00f3n interactiva que conecta intuitivamente con el espectador, combinando los principios de la\u00a0<em>Black Butterfly<\/em>\u00a0con el concepto japon\u00e9s tradicional de\u00a0<em>\u201cAun no kokyo\u201d<\/em>, o respirar en armon\u00eda. Ha sido desarrollada por Lexus en colaboraci\u00f3n con la agencia creativa con sede en Tokio SIX y el estudio de dise\u00f1o STUDEO. Explora una comunicaci\u00f3n fluida entre el ser humano y la movilidad, transmitiendo un sentido de entendimiento mutuo mediante interacciones sincronizadas.<\/p><div id=\"luxon-2409371914\" class=\"luxon-3er-parrafo luxon-entity-placement\" style=\"margin-top: 20px;margin-bottom: 20px;margin-left: auto;margin-right: auto;text-align: center;\"><a href=\"https:\/\/luxonomy.university\/course\/master-turismo-de-lujo\" target=\"_blank\" aria-label=\"master-turismo-lujo-2026-2027\"><img loading=\"lazy\" decoding=\"async\" src=\"https:\/\/i0.wp.com\/luxonomy.net\/wp-content\/uploads\/2020\/07\/master-turismo-lujo-2026-2027.jpg?fit=1672%2C941&#038;ssl=1\" alt=\"\"  srcset=\"https:\/\/i0.wp.com\/luxonomy.net\/wp-content\/uploads\/2020\/07\/master-turismo-lujo-2026-2027.jpg?w=1672&ssl=1 1672w, https:\/\/i0.wp.com\/luxonomy.net\/wp-content\/uploads\/2020\/07\/master-turismo-lujo-2026-2027.jpg?resize=300%2C169&ssl=1 300w, https:\/\/i0.wp.com\/luxonomy.net\/wp-content\/uploads\/2020\/07\/master-turismo-lujo-2026-2027.jpg?resize=1024%2C576&ssl=1 1024w, https:\/\/i0.wp.com\/luxonomy.net\/wp-content\/uploads\/2020\/07\/master-turismo-lujo-2026-2027.jpg?resize=768%2C432&ssl=1 768w, https:\/\/i0.wp.com\/luxonomy.net\/wp-content\/uploads\/2020\/07\/master-turismo-lujo-2026-2027.jpg?resize=1536%2C864&ssl=1 1536w, https:\/\/i0.wp.com\/luxonomy.net\/wp-content\/uploads\/2020\/07\/master-turismo-lujo-2026-2027.jpg?resize=370%2C208&ssl=1 370w, https:\/\/i0.wp.com\/luxonomy.net\/wp-content\/uploads\/2020\/07\/master-turismo-lujo-2026-2027.jpg?resize=800%2C450&ssl=1 800w, https:\/\/i0.wp.com\/luxonomy.net\/wp-content\/uploads\/2020\/07\/master-turismo-lujo-2026-2027.jpg?resize=20%2C11&ssl=1 20w, https:\/\/i0.wp.com\/luxonomy.net\/wp-content\/uploads\/2020\/07\/master-turismo-lujo-2026-2027.jpg?resize=740%2C416&ssl=1 740w, https:\/\/i0.wp.com\/luxonomy.net\/wp-content\/uploads\/2020\/07\/master-turismo-lujo-2026-2027.jpg?resize=1600%2C900&ssl=1 1600w, https:\/\/i0.wp.com\/luxonomy.net\/wp-content\/uploads\/2020\/07\/master-turismo-lujo-2026-2027.jpg?resize=1200%2C675&ssl=1 1200w, https:\/\/i0.wp.com\/luxonomy.net\/wp-content\/uploads\/2020\/07\/master-turismo-lujo-2026-2027.jpg?resize=85%2C48&ssl=1 85w\" sizes=\"(max-width: 1170px) 100vw, 1170px\" class=\"no-lazyload\" width=\"1672\" height=\"941\"   \/><\/a><\/div>\n<p>La presencia de Lexus en la Semana del Dise\u00f1o de Mil\u00e1n tambi\u00e9n incluye\u00a0<em>\u201cDiscover Together\u201d<\/em>\u00a0\u2014<em>Descubrir juntos<\/em>\u2014, producida por talentos emergentes de Bascule Inc. en Jap\u00f3n, la Northeastern University en Estados Unidos y el equipo de dise\u00f1adores de Lexus en Jap\u00f3n. Durante m\u00e1s de una d\u00e9cada, Lexus ha apoyado a creadores innovadores que intentan ayudar a crear un futuro y una sociedad mejores a trav\u00e9s de los premios de dise\u00f1o Lexus. Siguiendo ese legado, Lexus ha lanzado la iniciativa \u201cDiscover Together\u201d, un proyecto centrado en la cocreaci\u00f3n que explora las nuevas posibilidades de las interfaces de control Black Butterfly.\u00a0 A trav\u00e9s de sus obras originales, los creadores demuestran la qu\u00edmica y la experiencia distintas que pueden surgir cuando los humanos interact\u00faan con la\u00a0<em>Black Butterfly<\/em>.<\/p>\n<p>Lexus ha participado activamente en la Semana del Dise\u00f1o de Mil\u00e1n durante muchos a\u00f1os, una oportunidad que siempre ha aprovechado para demostrar su desaf\u00edo a las convenciones en el espacio de la automoci\u00f3n de lujo, explorando los l\u00edmites tanto en t\u00e9rminos de productos como de servicios para crear experiencias incre\u00edbles para sus clientes.<\/p>\n<h3><strong>Informaci\u00f3n de la exposici\u00f3n<\/strong><\/h3>\n<table>\n<tbody>\n<tr>\n<td>Fechas<\/td>\n<td>Jornada para prensa: 7 de abril (lunes); jornadas para p\u00fablico: 8 a 13 de abril (domingo)<\/td>\n<\/tr>\n<tr>\n<td>Lugar<\/td>\n<td>Superstudio Pi\u00f9<\/td>\n<\/tr>\n<tr>\n<td>Direcci\u00f3n<\/td>\n<td>Via Tortona, 27, 20144 \u2013 Mil\u00e1n (Italia)<\/td>\n<\/tr>\n<tr>\n<td>Exposiciones<\/td>\n<td>Instalaci\u00f3n A-Un \/ Instalaci\u00f3n art\u00edstica Discover Together, en colaboraci\u00f3n con Bascule Inc., la Northeastern University y equipo de dise\u00f1adores de Lexus<\/td>\n<\/tr>\n<tr>\n<td>Organizador<\/td>\n<td>Lexus International<\/td>\n<\/tr>\n<\/tbody>\n<\/table>\n\n\n\n<p><strong>M\u00e1s informaci\u00f3n:\u00a0<\/strong><a href=\"https:\/\/www.lexusauto.es\/estilolexus\/marca\/la-tecnologia-black-butterfly-de-lexus-inspira-instalaciones-inmersivas-en-la-semana-del-diseno-de-milan-2025\" target=\"_blank\" rel=\"noopener\">https:\/\/www.lexusauto.es\/estilolexus\/marca\/la-tecnologia-black-butterfly-de-lexus-inspira-instalaciones-inmersivas-en-la-semana-del-diseno-de-milan-2025<\/a><\/p>\n","protected":false},"excerpt":{"rendered":"<p>El sistema de control de la cabina con doble interfaz\u00a0Black Butterfly\u00a0\u2014Mariposa Negra\u2014, desarrollado por Lexus para su prototipo LF-ZC, ha servido de inspiraci\u00f3n para que varios creadores internacionales desarrollaran nuevas instalaciones inmersivas a la vanguardia del arte y el dise\u00f1o. Estas fascinantes interpretaciones sobre c\u00f3mo las tecnolog\u00edas del futuro conectar\u00e1n al ser humano con la&hellip;<\/p>\n","protected":false},"author":1,"featured_media":63776,"comment_status":"open","ping_status":"open","sticky":false,"template":"","format":"standard","meta":{"_jetpack_newsletter_access":"","_jetpack_dont_email_post_to_subs":true,"_jetpack_newsletter_tier_id":0,"_jetpack_memberships_contains_paywalled_content":false,"_jetpack_feature_clip_id":0,"_jetpack_memberships_contains_paid_content":false,"footnotes":"","jetpack_publicize_message":"","jetpack_publicize_feature_enabled":false,"jetpack_social_post_already_shared":true,"jetpack_social_options":{"image_generator_settings":{"template":"edge","enabled":false,"token":"eyJpbWciOiJodHRwczpcL1wvbHV4b25vbXkubmV0XC93cC1jb250ZW50XC91cGxvYWRzXC8yMDI1XC8wM1wvTGEtVGVjbm9sb2dpYS1CbGFjay1CdXR0ZXJmbHktZGUtTGV4dXMtSW5zcGlyYS1JbnN0YWxhY2lvbmVzLUlubWVyc2l2YXMtZW4tbGEtU2VtYW5hLWRlbC1EaXNlbm8tZGUtTWlsYW4tMjAyNS0xMDI0eDY4My5wbmciLCJ0eHQiOiJMYSBUZWNub2xvZ1x1MDBlZGEgXHUyMDFjQmxhY2sgQnV0dGVyZmx5XHUyMDFkIGRlIExleHVzIEluc3BpcmEgSW5zdGFsYWNpb25lcyBJbm1lcnNpdmFzIGVuIGxhIFNlbWFuYSBkZWwgRGlzZVx1MDBmMW8gZGUgTWlsXHUwMGUxbiAyMDI1IiwidGVtcGxhdGUiOiJlZGdlIiwiYmxvZ19pZCI6MTU5OTg1NzQwfQ.v9FuCuIDRaoht59KZC-NBOgpTnoSzsKjZWqIluBiT-MMQ"},"version":2},"jetpack_post_was_ever_published":false},"categories":[6575,296],"tags":[228,295,8057],"thb-sponsors":[1206],"class_list":["post-63775","post","type-post","status-publish","format-standard","has-post-thumbnail","hentry","category-arte","category-motor","tag-eventos","tag-lexus","tag-semana-del-diseno-de-milan-2025"],"yoast_head":"<!-- This site is optimized with the Yoast SEO plugin v28.4 - https:\/\/yoast.com\/product\/yoast-seo-wordpress\/ -->\n<title>La Tecnolog\u00eda \u201cBlack Butterfly\u201d de Lexus Inspira Instalaciones Inmersivas en la Semana del Dise\u00f1o de Mil\u00e1n 2025 | LUXONOMY<\/title>\n<meta name=\"robots\" content=\"index, follow, max-snippet:-1, max-image-preview:large, max-video-preview:-1\" \/>\n<link rel=\"canonical\" href=\"https:\/\/luxonomy.net\/es\/la-tecnologia-black-butterfly-de-lexus-inspira-instalaciones-inmersivas-en-la-semana-del-diseno-de-milan-2025\/\" \/>\n<meta property=\"og:locale\" content=\"es_ES\" \/>\n<meta property=\"og:type\" content=\"article\" \/>\n<meta property=\"og:title\" content=\"La Tecnolog\u00eda \u201cBlack Butterfly\u201d de Lexus Inspira Instalaciones Inmersivas en la Semana del Dise\u00f1o de Mil\u00e1n 2025 | LUXONOMY\" \/>\n<meta property=\"og:description\" content=\"El sistema de control de la cabina con doble interfaz\u00a0Black Butterfly\u00a0\u2014Mariposa Negra\u2014, desarrollado por Lexus para su prototipo LF-ZC, ha servido de inspiraci\u00f3n para que varios creadores internacionales desarrollaran nuevas instalaciones inmersivas a la vanguardia del arte y el dise\u00f1o. Estas fascinantes interpretaciones sobre c\u00f3mo las tecnolog\u00edas del futuro conectar\u00e1n al ser humano con la&hellip;\" \/>\n<meta property=\"og:url\" content=\"https:\/\/luxonomy.net\/es\/la-tecnologia-black-butterfly-de-lexus-inspira-instalaciones-inmersivas-en-la-semana-del-diseno-de-milan-2025\/\" \/>\n<meta property=\"og:site_name\" content=\"LUXONOMY\" \/>\n<meta property=\"article:publisher\" content=\"https:\/\/www.facebook.com\/luxonomy\" \/>\n<meta property=\"article:published_time\" content=\"2025-03-11T23:22:23+00:00\" \/>\n<meta property=\"article:modified_time\" content=\"2025-03-11T23:22:36+00:00\" \/>\n<meta property=\"og:image\" content=\"https:\/\/luxonomy.net\/wp-content\/uploads\/2025\/03\/La-Tecnologia-Black-Butterfly-de-Lexus-Inspira-Instalaciones-Inmersivas-en-la-Semana-del-Diseno-de-Milan-2025-1024x683.png\" \/>\n\t<meta property=\"og:image:width\" content=\"1024\" \/>\n\t<meta property=\"og:image:height\" content=\"683\" \/>\n\t<meta property=\"og:image:type\" content=\"image\/png\" \/>\n<meta name=\"author\" content=\"LUXONOMY\" \/>\n<meta name=\"twitter:card\" content=\"summary_large_image\" \/>\n<meta name=\"twitter:label1\" content=\"Escrito por\" \/>\n\t<meta name=\"twitter:data1\" content=\"LUXONOMY\" \/>\n\t<meta name=\"twitter:label2\" content=\"Tiempo de lectura\" \/>\n\t<meta name=\"twitter:data2\" content=\"3 minutos\" \/>\n<script type=\"application\/ld+json\" class=\"yoast-schema-graph\">{\"@context\":\"https:\\\/\\\/schema.org\",\"@graph\":[{\"@type\":\"Article\",\"@id\":\"https:\\\/\\\/luxonomy.net\\\/es\\\/la-tecnologia-black-butterfly-de-lexus-inspira-instalaciones-inmersivas-en-la-semana-del-diseno-de-milan-2025\\\/#article\",\"isPartOf\":{\"@id\":\"https:\\\/\\\/luxonomy.net\\\/es\\\/la-tecnologia-black-butterfly-de-lexus-inspira-instalaciones-inmersivas-en-la-semana-del-diseno-de-milan-2025\\\/\"},\"author\":{\"name\":\"LUXONOMY\",\"@id\":\"https:\\\/\\\/luxonomy.net\\\/es\\\/#\\\/schema\\\/person\\\/ca588d8b741a1fdd9065289c8d98ee8c\"},\"headline\":\"La Tecnolog\u00eda \u201cBlack Butterfly\u201d de Lexus Inspira Instalaciones Inmersivas en la Semana del Dise\u00f1o de Mil\u00e1n 2025\",\"datePublished\":\"2025-03-11T23:22:23+00:00\",\"dateModified\":\"2025-03-11T23:22:36+00:00\",\"mainEntityOfPage\":{\"@id\":\"https:\\\/\\\/luxonomy.net\\\/es\\\/la-tecnologia-black-butterfly-de-lexus-inspira-instalaciones-inmersivas-en-la-semana-del-diseno-de-milan-2025\\\/\"},\"wordCount\":476,\"commentCount\":0,\"publisher\":{\"@id\":\"https:\\\/\\\/luxonomy.net\\\/es\\\/#organization\"},\"image\":{\"@id\":\"https:\\\/\\\/luxonomy.net\\\/es\\\/la-tecnologia-black-butterfly-de-lexus-inspira-instalaciones-inmersivas-en-la-semana-del-diseno-de-milan-2025\\\/#primaryimage\"},\"thumbnailUrl\":\"https:\\\/\\\/i0.wp.com\\\/luxonomy.net\\\/wp-content\\\/uploads\\\/2025\\\/03\\\/La-Tecnologia-Black-Butterfly-de-Lexus-Inspira-Instalaciones-Inmersivas-en-la-Semana-del-Diseno-de-Milan-2025.png?fit=3000%2C2000&ssl=1\",\"keywords\":[\"Eventos\",\"Lexus\",\"Semana del Dise\u00f1o de Mil\u00e1n 2025\"],\"articleSection\":[\"Arte\",\"Motor\"],\"inLanguage\":\"es\",\"potentialAction\":[{\"@type\":\"CommentAction\",\"name\":\"Comment\",\"target\":[\"https:\\\/\\\/luxonomy.net\\\/es\\\/la-tecnologia-black-butterfly-de-lexus-inspira-instalaciones-inmersivas-en-la-semana-del-diseno-de-milan-2025\\\/#respond\"]}]},{\"@type\":\"WebPage\",\"@id\":\"https:\\\/\\\/luxonomy.net\\\/es\\\/la-tecnologia-black-butterfly-de-lexus-inspira-instalaciones-inmersivas-en-la-semana-del-diseno-de-milan-2025\\\/\",\"url\":\"https:\\\/\\\/luxonomy.net\\\/es\\\/la-tecnologia-black-butterfly-de-lexus-inspira-instalaciones-inmersivas-en-la-semana-del-diseno-de-milan-2025\\\/\",\"name\":\"La Tecnolog\u00eda \u201cBlack Butterfly\u201d de Lexus Inspira Instalaciones Inmersivas en la Semana del Dise\u00f1o de Mil\u00e1n 2025 | LUXONOMY\",\"isPartOf\":{\"@id\":\"https:\\\/\\\/luxonomy.net\\\/es\\\/#website\"},\"primaryImageOfPage\":{\"@id\":\"https:\\\/\\\/luxonomy.net\\\/es\\\/la-tecnologia-black-butterfly-de-lexus-inspira-instalaciones-inmersivas-en-la-semana-del-diseno-de-milan-2025\\\/#primaryimage\"},\"image\":{\"@id\":\"https:\\\/\\\/luxonomy.net\\\/es\\\/la-tecnologia-black-butterfly-de-lexus-inspira-instalaciones-inmersivas-en-la-semana-del-diseno-de-milan-2025\\\/#primaryimage\"},\"thumbnailUrl\":\"https:\\\/\\\/i0.wp.com\\\/luxonomy.net\\\/wp-content\\\/uploads\\\/2025\\\/03\\\/La-Tecnologia-Black-Butterfly-de-Lexus-Inspira-Instalaciones-Inmersivas-en-la-Semana-del-Diseno-de-Milan-2025.png?fit=3000%2C2000&ssl=1\",\"datePublished\":\"2025-03-11T23:22:23+00:00\",\"dateModified\":\"2025-03-11T23:22:36+00:00\",\"breadcrumb\":{\"@id\":\"https:\\\/\\\/luxonomy.net\\\/es\\\/la-tecnologia-black-butterfly-de-lexus-inspira-instalaciones-inmersivas-en-la-semana-del-diseno-de-milan-2025\\\/#breadcrumb\"},\"inLanguage\":\"es\",\"potentialAction\":[{\"@type\":\"ReadAction\",\"target\":[\"https:\\\/\\\/luxonomy.net\\\/es\\\/la-tecnologia-black-butterfly-de-lexus-inspira-instalaciones-inmersivas-en-la-semana-del-diseno-de-milan-2025\\\/\"]}]},{\"@type\":\"ImageObject\",\"inLanguage\":\"es\",\"@id\":\"https:\\\/\\\/luxonomy.net\\\/es\\\/la-tecnologia-black-butterfly-de-lexus-inspira-instalaciones-inmersivas-en-la-semana-del-diseno-de-milan-2025\\\/#primaryimage\",\"url\":\"https:\\\/\\\/i0.wp.com\\\/luxonomy.net\\\/wp-content\\\/uploads\\\/2025\\\/03\\\/La-Tecnologia-Black-Butterfly-de-Lexus-Inspira-Instalaciones-Inmersivas-en-la-Semana-del-Diseno-de-Milan-2025.png?fit=3000%2C2000&ssl=1\",\"contentUrl\":\"https:\\\/\\\/i0.wp.com\\\/luxonomy.net\\\/wp-content\\\/uploads\\\/2025\\\/03\\\/La-Tecnologia-Black-Butterfly-de-Lexus-Inspira-Instalaciones-Inmersivas-en-la-Semana-del-Diseno-de-Milan-2025.png?fit=3000%2C2000&ssl=1\",\"width\":3000,\"height\":2000},{\"@type\":\"BreadcrumbList\",\"@id\":\"https:\\\/\\\/luxonomy.net\\\/es\\\/la-tecnologia-black-butterfly-de-lexus-inspira-instalaciones-inmersivas-en-la-semana-del-diseno-de-milan-2025\\\/#breadcrumb\",\"itemListElement\":[{\"@type\":\"ListItem\",\"position\":1,\"name\":\"Portada\",\"item\":\"https:\\\/\\\/luxonomy.net\\\/es\\\/\"},{\"@type\":\"ListItem\",\"position\":2,\"name\":\"La Tecnolog\u00eda \u201cBlack Butterfly\u201d de Lexus Inspira Instalaciones Inmersivas en la Semana del Dise\u00f1o de Mil\u00e1n 2025\"}]},{\"@type\":\"WebSite\",\"@id\":\"https:\\\/\\\/luxonomy.net\\\/es\\\/#website\",\"url\":\"https:\\\/\\\/luxonomy.net\\\/es\\\/\",\"name\":\"LUXONOMY\",\"description\":\"The Economy of Fashion &amp; Luxury\",\"publisher\":{\"@id\":\"https:\\\/\\\/luxonomy.net\\\/es\\\/#organization\"},\"potentialAction\":[{\"@type\":\"SearchAction\",\"target\":{\"@type\":\"EntryPoint\",\"urlTemplate\":\"https:\\\/\\\/luxonomy.net\\\/es\\\/?s={search_term_string}\"},\"query-input\":{\"@type\":\"PropertyValueSpecification\",\"valueRequired\":true,\"valueName\":\"search_term_string\"}}],\"inLanguage\":\"es\"},{\"@type\":\"Organization\",\"@id\":\"https:\\\/\\\/luxonomy.net\\\/es\\\/#organization\",\"name\":\"LUXONOMY\",\"url\":\"https:\\\/\\\/luxonomy.net\\\/es\\\/\",\"logo\":{\"@type\":\"ImageObject\",\"inLanguage\":\"es\",\"@id\":\"https:\\\/\\\/luxonomy.net\\\/es\\\/#\\\/schema\\\/logo\\\/image\\\/\",\"url\":\"https:\\\/\\\/i2.wp.com\\\/luxonomy.net\\\/wp-content\\\/uploads\\\/2021\\\/09\\\/MOCKUP-TODOS-LUXONOMY.jpg?fit=1000%2C515&ssl=1\",\"contentUrl\":\"https:\\\/\\\/i2.wp.com\\\/luxonomy.net\\\/wp-content\\\/uploads\\\/2021\\\/09\\\/MOCKUP-TODOS-LUXONOMY.jpg?fit=1000%2C515&ssl=1\",\"width\":1000,\"height\":515,\"caption\":\"LUXONOMY\"},\"image\":{\"@id\":\"https:\\\/\\\/luxonomy.net\\\/es\\\/#\\\/schema\\\/logo\\\/image\\\/\"},\"sameAs\":[\"https:\\\/\\\/www.facebook.com\\\/luxonomy\",\"https:\\\/\\\/www.instagram.com\\\/luxonomy\\\/\",\"https:\\\/\\\/www.linkedin.com\\\/company\\\/luxonomy\\\/\"]},{\"@type\":\"Person\",\"@id\":\"https:\\\/\\\/luxonomy.net\\\/es\\\/#\\\/schema\\\/person\\\/ca588d8b741a1fdd9065289c8d98ee8c\",\"name\":\"LUXONOMY\",\"image\":{\"@type\":\"ImageObject\",\"inLanguage\":\"es\",\"@id\":\"https:\\\/\\\/luxonomy.net\\\/wp-content\\\/litespeed\\\/avatar\\\/a6436cdb14fdaf9c21808e63d0da2055.jpg?ver=1788366758\",\"url\":\"https:\\\/\\\/luxonomy.net\\\/wp-content\\\/litespeed\\\/avatar\\\/a6436cdb14fdaf9c21808e63d0da2055.jpg?ver=1788366758\",\"contentUrl\":\"https:\\\/\\\/luxonomy.net\\\/wp-content\\\/litespeed\\\/avatar\\\/a6436cdb14fdaf9c21808e63d0da2055.jpg?ver=1788366758\",\"caption\":\"LUXONOMY\"},\"sameAs\":[\"https:\\\/\"],\"url\":\"https:\\\/\\\/luxonomy.net\\\/es\\\/author\\\/luxonomy\\\/\"}]}<\/script>\n<!-- \/ Yoast SEO plugin. -->","yoast_head_json":{"title":"La Tecnolog\u00eda \u201cBlack Butterfly\u201d de Lexus Inspira Instalaciones Inmersivas en la Semana del Dise\u00f1o de Mil\u00e1n 2025 | LUXONOMY","robots":{"index":"index","follow":"follow","max-snippet":"max-snippet:-1","max-image-preview":"max-image-preview:large","max-video-preview":"max-video-preview:-1"},"canonical":"https:\/\/luxonomy.net\/es\/la-tecnologia-black-butterfly-de-lexus-inspira-instalaciones-inmersivas-en-la-semana-del-diseno-de-milan-2025\/","og_locale":"es_ES","og_type":"article","og_title":"La Tecnolog\u00eda \u201cBlack Butterfly\u201d de Lexus Inspira Instalaciones Inmersivas en la Semana del Dise\u00f1o de Mil\u00e1n 2025 | LUXONOMY","og_description":"El sistema de control de la cabina con doble interfaz\u00a0Black Butterfly\u00a0\u2014Mariposa Negra\u2014, desarrollado por Lexus para su prototipo LF-ZC, ha servido de inspiraci\u00f3n para que varios creadores internacionales desarrollaran nuevas instalaciones inmersivas a la vanguardia del arte y el dise\u00f1o. Estas fascinantes interpretaciones sobre c\u00f3mo las tecnolog\u00edas del futuro conectar\u00e1n al ser humano con la&hellip;","og_url":"https:\/\/luxonomy.net\/es\/la-tecnologia-black-butterfly-de-lexus-inspira-instalaciones-inmersivas-en-la-semana-del-diseno-de-milan-2025\/","og_site_name":"LUXONOMY","article_publisher":"https:\/\/www.facebook.com\/luxonomy","article_published_time":"2025-03-11T23:22:23+00:00","article_modified_time":"2025-03-11T23:22:36+00:00","og_image":[{"width":1024,"height":683,"url":"https:\/\/luxonomy.net\/wp-content\/uploads\/2025\/03\/La-Tecnologia-Black-Butterfly-de-Lexus-Inspira-Instalaciones-Inmersivas-en-la-Semana-del-Diseno-de-Milan-2025-1024x683.png","type":"image\/png"}],"author":"LUXONOMY","twitter_card":"summary_large_image","twitter_misc":{"Escrito por":"LUXONOMY","Tiempo de lectura":"3 minutos"},"schema":{"@context":"https:\/\/schema.org","@graph":[{"@type":"Article","@id":"https:\/\/luxonomy.net\/es\/la-tecnologia-black-butterfly-de-lexus-inspira-instalaciones-inmersivas-en-la-semana-del-diseno-de-milan-2025\/#article","isPartOf":{"@id":"https:\/\/luxonomy.net\/es\/la-tecnologia-black-butterfly-de-lexus-inspira-instalaciones-inmersivas-en-la-semana-del-diseno-de-milan-2025\/"},"author":{"name":"LUXONOMY","@id":"https:\/\/luxonomy.net\/es\/#\/schema\/person\/ca588d8b741a1fdd9065289c8d98ee8c"},"headline":"La Tecnolog\u00eda \u201cBlack Butterfly\u201d de Lexus Inspira Instalaciones Inmersivas en la Semana del Dise\u00f1o de Mil\u00e1n 2025","datePublished":"2025-03-11T23:22:23+00:00","dateModified":"2025-03-11T23:22:36+00:00","mainEntityOfPage":{"@id":"https:\/\/luxonomy.net\/es\/la-tecnologia-black-butterfly-de-lexus-inspira-instalaciones-inmersivas-en-la-semana-del-diseno-de-milan-2025\/"},"wordCount":476,"commentCount":0,"publisher":{"@id":"https:\/\/luxonomy.net\/es\/#organization"},"image":{"@id":"https:\/\/luxonomy.net\/es\/la-tecnologia-black-butterfly-de-lexus-inspira-instalaciones-inmersivas-en-la-semana-del-diseno-de-milan-2025\/#primaryimage"},"thumbnailUrl":"https:\/\/i0.wp.com\/luxonomy.net\/wp-content\/uploads\/2025\/03\/La-Tecnologia-Black-Butterfly-de-Lexus-Inspira-Instalaciones-Inmersivas-en-la-Semana-del-Diseno-de-Milan-2025.png?fit=3000%2C2000&ssl=1","keywords":["Eventos","Lexus","Semana del Dise\u00f1o de Mil\u00e1n 2025"],"articleSection":["Arte","Motor"],"inLanguage":"es","potentialAction":[{"@type":"CommentAction","name":"Comment","target":["https:\/\/luxonomy.net\/es\/la-tecnologia-black-butterfly-de-lexus-inspira-instalaciones-inmersivas-en-la-semana-del-diseno-de-milan-2025\/#respond"]}]},{"@type":"WebPage","@id":"https:\/\/luxonomy.net\/es\/la-tecnologia-black-butterfly-de-lexus-inspira-instalaciones-inmersivas-en-la-semana-del-diseno-de-milan-2025\/","url":"https:\/\/luxonomy.net\/es\/la-tecnologia-black-butterfly-de-lexus-inspira-instalaciones-inmersivas-en-la-semana-del-diseno-de-milan-2025\/","name":"La Tecnolog\u00eda \u201cBlack Butterfly\u201d de Lexus Inspira Instalaciones Inmersivas en la Semana del Dise\u00f1o de Mil\u00e1n 2025 | LUXONOMY","isPartOf":{"@id":"https:\/\/luxonomy.net\/es\/#website"},"primaryImageOfPage":{"@id":"https:\/\/luxonomy.net\/es\/la-tecnologia-black-butterfly-de-lexus-inspira-instalaciones-inmersivas-en-la-semana-del-diseno-de-milan-2025\/#primaryimage"},"image":{"@id":"https:\/\/luxonomy.net\/es\/la-tecnologia-black-butterfly-de-lexus-inspira-instalaciones-inmersivas-en-la-semana-del-diseno-de-milan-2025\/#primaryimage"},"thumbnailUrl":"https:\/\/i0.wp.com\/luxonomy.net\/wp-content\/uploads\/2025\/03\/La-Tecnologia-Black-Butterfly-de-Lexus-Inspira-Instalaciones-Inmersivas-en-la-Semana-del-Diseno-de-Milan-2025.png?fit=3000%2C2000&ssl=1","datePublished":"2025-03-11T23:22:23+00:00","dateModified":"2025-03-11T23:22:36+00:00","breadcrumb":{"@id":"https:\/\/luxonomy.net\/es\/la-tecnologia-black-butterfly-de-lexus-inspira-instalaciones-inmersivas-en-la-semana-del-diseno-de-milan-2025\/#breadcrumb"},"inLanguage":"es","potentialAction":[{"@type":"ReadAction","target":["https:\/\/luxonomy.net\/es\/la-tecnologia-black-butterfly-de-lexus-inspira-instalaciones-inmersivas-en-la-semana-del-diseno-de-milan-2025\/"]}]},{"@type":"ImageObject","inLanguage":"es","@id":"https:\/\/luxonomy.net\/es\/la-tecnologia-black-butterfly-de-lexus-inspira-instalaciones-inmersivas-en-la-semana-del-diseno-de-milan-2025\/#primaryimage","url":"https:\/\/i0.wp.com\/luxonomy.net\/wp-content\/uploads\/2025\/03\/La-Tecnologia-Black-Butterfly-de-Lexus-Inspira-Instalaciones-Inmersivas-en-la-Semana-del-Diseno-de-Milan-2025.png?fit=3000%2C2000&ssl=1","contentUrl":"https:\/\/i0.wp.com\/luxonomy.net\/wp-content\/uploads\/2025\/03\/La-Tecnologia-Black-Butterfly-de-Lexus-Inspira-Instalaciones-Inmersivas-en-la-Semana-del-Diseno-de-Milan-2025.png?fit=3000%2C2000&ssl=1","width":3000,"height":2000},{"@type":"BreadcrumbList","@id":"https:\/\/luxonomy.net\/es\/la-tecnologia-black-butterfly-de-lexus-inspira-instalaciones-inmersivas-en-la-semana-del-diseno-de-milan-2025\/#breadcrumb","itemListElement":[{"@type":"ListItem","position":1,"name":"Portada","item":"https:\/\/luxonomy.net\/es\/"},{"@type":"ListItem","position":2,"name":"La Tecnolog\u00eda \u201cBlack Butterfly\u201d de Lexus Inspira Instalaciones Inmersivas en la Semana del Dise\u00f1o de Mil\u00e1n 2025"}]},{"@type":"WebSite","@id":"https:\/\/luxonomy.net\/es\/#website","url":"https:\/\/luxonomy.net\/es\/","name":"LUXONOMY","description":"The Economy of Fashion &amp; Luxury","publisher":{"@id":"https:\/\/luxonomy.net\/es\/#organization"},"potentialAction":[{"@type":"SearchAction","target":{"@type":"EntryPoint","urlTemplate":"https:\/\/luxonomy.net\/es\/?s={search_term_string}"},"query-input":{"@type":"PropertyValueSpecification","valueRequired":true,"valueName":"search_term_string"}}],"inLanguage":"es"},{"@type":"Organization","@id":"https:\/\/luxonomy.net\/es\/#organization","name":"LUXONOMY","url":"https:\/\/luxonomy.net\/es\/","logo":{"@type":"ImageObject","inLanguage":"es","@id":"https:\/\/luxonomy.net\/es\/#\/schema\/logo\/image\/","url":"https:\/\/i2.wp.com\/luxonomy.net\/wp-content\/uploads\/2021\/09\/MOCKUP-TODOS-LUXONOMY.jpg?fit=1000%2C515&ssl=1","contentUrl":"https:\/\/i2.wp.com\/luxonomy.net\/wp-content\/uploads\/2021\/09\/MOCKUP-TODOS-LUXONOMY.jpg?fit=1000%2C515&ssl=1","width":1000,"height":515,"caption":"LUXONOMY"},"image":{"@id":"https:\/\/luxonomy.net\/es\/#\/schema\/logo\/image\/"},"sameAs":["https:\/\/www.facebook.com\/luxonomy","https:\/\/www.instagram.com\/luxonomy\/","https:\/\/www.linkedin.com\/company\/luxonomy\/"]},{"@type":"Person","@id":"https:\/\/luxonomy.net\/es\/#\/schema\/person\/ca588d8b741a1fdd9065289c8d98ee8c","name":"LUXONOMY","image":{"@type":"ImageObject","inLanguage":"es","@id":"https:\/\/luxonomy.net\/wp-content\/litespeed\/avatar\/a6436cdb14fdaf9c21808e63d0da2055.jpg?ver=1788366758","url":"https:\/\/luxonomy.net\/wp-content\/litespeed\/avatar\/a6436cdb14fdaf9c21808e63d0da2055.jpg?ver=1788366758","contentUrl":"https:\/\/luxonomy.net\/wp-content\/litespeed\/avatar\/a6436cdb14fdaf9c21808e63d0da2055.jpg?ver=1788366758","caption":"LUXONOMY"},"sameAs":["https:\/"],"url":"https:\/\/luxonomy.net\/es\/author\/luxonomy\/"}]}},"jetpack_publicize_connections":[],"jetpack_shortlink":"https:\/\/wp.me\/paPhBa-gAD","jetpack_sharing_enabled":true,"jetpack_featured_media_url":"https:\/\/i0.wp.com\/luxonomy.net\/wp-content\/uploads\/2025\/03\/La-Tecnologia-Black-Butterfly-de-Lexus-Inspira-Instalaciones-Inmersivas-en-la-Semana-del-Diseno-de-Milan-2025.png?fit=3000%2C2000&ssl=1","_links":{"self":[{"href":"https:\/\/luxonomy.net\/es\/wp-json\/wp\/v2\/posts\/63775","targetHints":{"allow":["GET"]}}],"collection":[{"href":"https:\/\/luxonomy.net\/es\/wp-json\/wp\/v2\/posts"}],"about":[{"href":"https:\/\/luxonomy.net\/es\/wp-json\/wp\/v2\/types\/post"}],"author":[{"embeddable":true,"href":"https:\/\/luxonomy.net\/es\/wp-json\/wp\/v2\/users\/1"}],"replies":[{"embeddable":true,"href":"https:\/\/luxonomy.net\/es\/wp-json\/wp\/v2\/comments?post=63775"}],"version-history":[{"count":3,"href":"https:\/\/luxonomy.net\/es\/wp-json\/wp\/v2\/posts\/63775\/revisions"}],"predecessor-version":[{"id":63780,"href":"https:\/\/luxonomy.net\/es\/wp-json\/wp\/v2\/posts\/63775\/revisions\/63780"}],"wp:featuredmedia":[{"embeddable":true,"href":"https:\/\/luxonomy.net\/es\/wp-json\/wp\/v2\/media\/63776"}],"wp:attachment":[{"href":"https:\/\/luxonomy.net\/es\/wp-json\/wp\/v2\/media?parent=63775"}],"wp:term":[{"taxonomy":"category","embeddable":true,"href":"https:\/\/luxonomy.net\/es\/wp-json\/wp\/v2\/categories?post=63775"},{"taxonomy":"post_tag","embeddable":true,"href":"https:\/\/luxonomy.net\/es\/wp-json\/wp\/v2\/tags?post=63775"},{"taxonomy":"thb-sponsors","embeddable":true,"href":"https:\/\/luxonomy.net\/es\/wp-json\/wp\/v2\/thb-sponsors?post=63775"}],"curies":[{"name":"wp","href":"https:\/\/api.w.org\/{rel}","templated":true}]}}