{"id":63569,"date":"2025-03-10T12:21:51","date_gmt":"2025-03-10T11:21:51","guid":{"rendered":"https:\/\/luxonomy.net\/?p=63569"},"modified":"2025-03-10T13:56:11","modified_gmt":"2025-03-10T12:56:11","slug":"descubre-la-nueva-coleccion-otono-invierno-2025-2026-de-dior-presentada-por-maria-grazia-chiuri-en-paris","status":"publish","type":"post","link":"https:\/\/luxonomy.net\/es\/descubre-la-nueva-coleccion-otono-invierno-2025-2026-de-dior-presentada-por-maria-grazia-chiuri-en-paris\/","title":{"rendered":"Descubre la nueva colecci\u00f3n Oto\u00f1o-Invierno 2025-2026 de Dior, presentada por Maria Grazia Chiuri en Par\u00eds"},"content":{"rendered":"\n<p class=\"wp-block-paragraph\">Descubre la nueva colecci\u00f3n Oto\u00f1o-Invierno 2025-2026 de Dior, presentada por Maria Grazia Chiuri en Par\u00eds. Mostrada en una escenograf\u00eda del renombrado director de teatro Robert Wilson, la colecci\u00f3n se basa en la perpetua evoluci\u00f3n de la moda y la identidad, fusionando inspiraciones de los siglos y el car\u00e1cter de cruce de g\u00e9nero de Orlando, de la novela hom\u00f3nima de Virginia Woolf, as\u00ed como de los propios directores creativos del pasado de la Casa y su herencia de sastrer\u00eda, todo reinterpretado de manera inventiva a trav\u00e9s de un prisma liberado y no literal.<a href=\"https:\/\/www.youtube.com\/@Dior\"><\/a><\/p>\n","protected":false},"excerpt":{"rendered":"<p>Descubre la nueva colecci\u00f3n Oto\u00f1o-Invierno 2025-2026 de Dior, presentada por Maria Grazia Chiuri en Par\u00eds. Mostrada en una escenograf\u00eda del renombrado director de teatro Robert Wilson, la colecci\u00f3n se basa en la perpetua evoluci\u00f3n de la moda y la identidad, fusionando inspiraciones de los siglos y el car\u00e1cter de cruce de g\u00e9nero de Orlando, de&hellip;<\/p>\n","protected":false},"author":1,"featured_media":63549,"comment_status":"open","ping_status":"open","sticky":false,"template":"","format":"video","meta":{"_jetpack_newsletter_access":"","_jetpack_dont_email_post_to_subs":false,"_jetpack_newsletter_tier_id":0,"_jetpack_memberships_contains_paywalled_content":false,"_jetpack_feature_clip_id":0,"_jetpack_memberships_contains_paid_content":false,"footnotes":"","jetpack_publicize_message":"Descubre la nueva colecci\u00f3n Oto\u00f1o-Invierno 2025-2026 de Dior, presentada por Maria Grazia Chiuri en Par\u00eds. Mostrada en una escenograf\u00eda del renombrado director de teatro Robert Wilson, la colecci\u00f3n se basa en la perpetua evoluci\u00f3n de la moda y la identidad, fusionando inspiraciones de los siglos y el car\u00e1cter de cruce de g\u00e9nero de Orlando, de la novela hom\u00f3nima de Virginia Woolf, as\u00ed como de los propios directores creativos del pasado de la Casa y su herencia de sastrer\u00eda, todo reinterpretado de manera inventiva a trav\u00e9s de un prisma liberado y no literal.","jetpack_publicize_feature_enabled":true,"jetpack_social_post_already_shared":true,"jetpack_social_options":{"image_generator_settings":{"template":"edge","enabled":true,"token":"eyJpbWciOiJodHRwczpcL1wvbHV4b25vbXkubmV0XC93cC1jb250ZW50XC91cGxvYWRzXC8yMDI1XC8wM1wvQ2FwdHVyYS1kZS1wYW50YWxsYS0yMDI1LTAzLTEwLWEtbGFzLTEyLjE5LjUzLTEwMjR4NTkzLnBuZyIsInR4dCI6IkRlc2N1YnJlIGxhIG51ZXZhIGNvbGVjY2lcdTAwZjNuIE90b1x1MDBmMW8tSW52aWVybm8gMjAyNS0yMDI2IGRlIERpb3IsIHByZXNlbnRhZGEgcG9yIE1hcmlhIEdyYXppYSBDaGl1cmkgZW4gUGFyXHUwMGVkcyIsInRlbXBsYXRlIjoiZWRnZSIsImJsb2dfaWQiOjE1OTk4NTc0MH0.29Ii7hmFmaLIjFX-qHMtPCahnXVXy7DtHvbtMB9TMaMMQ"},"version":2},"jetpack_post_was_ever_published":false},"categories":[799,534],"tags":[699,228,586],"thb-sponsors":[],"class_list":["post-63569","post","type-post","status-publish","format-video","has-post-thumbnail","hentry","category-luxonomy-tv","category-moda","tag-dior","tag-eventos","tag-moda","post_format-post-format-video"],"yoast_head":"<!-- This site is optimized with the Yoast SEO plugin v28.4 - https:\/\/yoast.com\/product\/yoast-seo-wordpress\/ -->\n<title>Descubre la nueva colecci\u00f3n Oto\u00f1o-Invierno 2025-2026 de Dior, presentada por Maria Grazia Chiuri en Par\u00eds | LUXONOMY<\/title>\n<meta name=\"robots\" content=\"index, follow, max-snippet:-1, max-image-preview:large, max-video-preview:-1\" \/>\n<link rel=\"canonical\" href=\"https:\/\/luxonomy.net\/es\/descubre-la-nueva-coleccion-otono-invierno-2025-2026-de-dior-presentada-por-maria-grazia-chiuri-en-paris\/\" \/>\n<meta property=\"og:locale\" content=\"es_ES\" \/>\n<meta property=\"og:type\" content=\"article\" \/>\n<meta property=\"og:title\" content=\"Descubre la nueva colecci\u00f3n Oto\u00f1o-Invierno 2025-2026 de Dior, presentada por Maria Grazia Chiuri en Par\u00eds | LUXONOMY\" \/>\n<meta property=\"og:description\" content=\"Descubre la nueva colecci\u00f3n Oto\u00f1o-Invierno 2025-2026 de Dior, presentada por Maria Grazia Chiuri en Par\u00eds. Mostrada en una escenograf\u00eda del renombrado director de teatro Robert Wilson, la colecci\u00f3n se basa en la perpetua evoluci\u00f3n de la moda y la identidad, fusionando inspiraciones de los siglos y el car\u00e1cter de cruce de g\u00e9nero de Orlando, de&hellip;\" \/>\n<meta property=\"og:url\" content=\"https:\/\/luxonomy.net\/es\/descubre-la-nueva-coleccion-otono-invierno-2025-2026-de-dior-presentada-por-maria-grazia-chiuri-en-paris\/\" \/>\n<meta property=\"og:site_name\" content=\"LUXONOMY\" \/>\n<meta property=\"article:publisher\" content=\"https:\/\/www.facebook.com\/luxonomy\" \/>\n<meta property=\"article:published_time\" content=\"2025-03-10T11:21:51+00:00\" \/>\n<meta property=\"article:modified_time\" content=\"2025-03-10T12:56:11+00:00\" \/>\n<meta property=\"og:image\" content=\"https:\/\/i0.wp.com\/luxonomy.net\/wp-content\/uploads\/2025\/03\/Captura-de-pantalla-2025-03-10-a-las-12.19.53.png?fit=1904%2C1102&quality=80&ssl=1\" \/>\n\t<meta property=\"og:image:width\" content=\"1904\" \/>\n\t<meta property=\"og:image:height\" content=\"1102\" \/>\n\t<meta property=\"og:image:type\" content=\"image\/png\" \/>\n<meta name=\"author\" content=\"LUXONOMY\" \/>\n<meta name=\"twitter:card\" content=\"summary_large_image\" \/>\n<meta name=\"twitter:label1\" content=\"Escrito por\" \/>\n\t<meta name=\"twitter:data1\" content=\"LUXONOMY\" \/>\n\t<meta name=\"twitter:label2\" content=\"Tiempo de lectura\" \/>\n\t<meta name=\"twitter:data2\" content=\"1 minuto\" \/>\n<script type=\"application\/ld+json\" class=\"yoast-schema-graph\">{\"@context\":\"https:\\\/\\\/schema.org\",\"@graph\":[{\"@type\":\"Article\",\"@id\":\"https:\\\/\\\/luxonomy.net\\\/es\\\/descubre-la-nueva-coleccion-otono-invierno-2025-2026-de-dior-presentada-por-maria-grazia-chiuri-en-paris\\\/#article\",\"isPartOf\":{\"@id\":\"https:\\\/\\\/luxonomy.net\\\/es\\\/descubre-la-nueva-coleccion-otono-invierno-2025-2026-de-dior-presentada-por-maria-grazia-chiuri-en-paris\\\/\"},\"author\":{\"name\":\"LUXONOMY\",\"@id\":\"https:\\\/\\\/luxonomy.net\\\/es\\\/#\\\/schema\\\/person\\\/ca588d8b741a1fdd9065289c8d98ee8c\"},\"headline\":\"Descubre la nueva colecci\u00f3n Oto\u00f1o-Invierno 2025-2026 de Dior, presentada por Maria Grazia Chiuri en Par\u00eds\",\"datePublished\":\"2025-03-10T11:21:51+00:00\",\"dateModified\":\"2025-03-10T12:56:11+00:00\",\"mainEntityOfPage\":{\"@id\":\"https:\\\/\\\/luxonomy.net\\\/es\\\/descubre-la-nueva-coleccion-otono-invierno-2025-2026-de-dior-presentada-por-maria-grazia-chiuri-en-paris\\\/\"},\"wordCount\":121,\"commentCount\":0,\"publisher\":{\"@id\":\"https:\\\/\\\/luxonomy.net\\\/es\\\/#organization\"},\"image\":{\"@id\":\"https:\\\/\\\/luxonomy.net\\\/es\\\/descubre-la-nueva-coleccion-otono-invierno-2025-2026-de-dior-presentada-por-maria-grazia-chiuri-en-paris\\\/#primaryimage\"},\"thumbnailUrl\":\"https:\\\/\\\/i0.wp.com\\\/luxonomy.net\\\/wp-content\\\/uploads\\\/2025\\\/03\\\/Captura-de-pantalla-2025-03-10-a-las-12.19.53.png?fit=1904%2C1102&ssl=1\",\"keywords\":[\"Dior\",\"Eventos\",\"Moda\"],\"articleSection\":[\"LUXONOMY TV\",\"Moda\"],\"inLanguage\":\"es\",\"potentialAction\":[{\"@type\":\"CommentAction\",\"name\":\"Comment\",\"target\":[\"https:\\\/\\\/luxonomy.net\\\/es\\\/descubre-la-nueva-coleccion-otono-invierno-2025-2026-de-dior-presentada-por-maria-grazia-chiuri-en-paris\\\/#respond\"]}]},{\"@type\":\"WebPage\",\"@id\":\"https:\\\/\\\/luxonomy.net\\\/es\\\/descubre-la-nueva-coleccion-otono-invierno-2025-2026-de-dior-presentada-por-maria-grazia-chiuri-en-paris\\\/\",\"url\":\"https:\\\/\\\/luxonomy.net\\\/es\\\/descubre-la-nueva-coleccion-otono-invierno-2025-2026-de-dior-presentada-por-maria-grazia-chiuri-en-paris\\\/\",\"name\":\"Descubre la nueva colecci\u00f3n Oto\u00f1o-Invierno 2025-2026 de Dior, presentada por Maria Grazia Chiuri en Par\u00eds | LUXONOMY\",\"isPartOf\":{\"@id\":\"https:\\\/\\\/luxonomy.net\\\/es\\\/#website\"},\"primaryImageOfPage\":{\"@id\":\"https:\\\/\\\/luxonomy.net\\\/es\\\/descubre-la-nueva-coleccion-otono-invierno-2025-2026-de-dior-presentada-por-maria-grazia-chiuri-en-paris\\\/#primaryimage\"},\"image\":{\"@id\":\"https:\\\/\\\/luxonomy.net\\\/es\\\/descubre-la-nueva-coleccion-otono-invierno-2025-2026-de-dior-presentada-por-maria-grazia-chiuri-en-paris\\\/#primaryimage\"},\"thumbnailUrl\":\"https:\\\/\\\/i0.wp.com\\\/luxonomy.net\\\/wp-content\\\/uploads\\\/2025\\\/03\\\/Captura-de-pantalla-2025-03-10-a-las-12.19.53.png?fit=1904%2C1102&ssl=1\",\"datePublished\":\"2025-03-10T11:21:51+00:00\",\"dateModified\":\"2025-03-10T12:56:11+00:00\",\"breadcrumb\":{\"@id\":\"https:\\\/\\\/luxonomy.net\\\/es\\\/descubre-la-nueva-coleccion-otono-invierno-2025-2026-de-dior-presentada-por-maria-grazia-chiuri-en-paris\\\/#breadcrumb\"},\"inLanguage\":\"es\",\"potentialAction\":[{\"@type\":\"ReadAction\",\"target\":[\"https:\\\/\\\/luxonomy.net\\\/es\\\/descubre-la-nueva-coleccion-otono-invierno-2025-2026-de-dior-presentada-por-maria-grazia-chiuri-en-paris\\\/\"]}]},{\"@type\":\"ImageObject\",\"inLanguage\":\"es\",\"@id\":\"https:\\\/\\\/luxonomy.net\\\/es\\\/descubre-la-nueva-coleccion-otono-invierno-2025-2026-de-dior-presentada-por-maria-grazia-chiuri-en-paris\\\/#primaryimage\",\"url\":\"https:\\\/\\\/i0.wp.com\\\/luxonomy.net\\\/wp-content\\\/uploads\\\/2025\\\/03\\\/Captura-de-pantalla-2025-03-10-a-las-12.19.53.png?fit=1904%2C1102&ssl=1\",\"contentUrl\":\"https:\\\/\\\/i0.wp.com\\\/luxonomy.net\\\/wp-content\\\/uploads\\\/2025\\\/03\\\/Captura-de-pantalla-2025-03-10-a-las-12.19.53.png?fit=1904%2C1102&ssl=1\",\"width\":1904,\"height\":1102},{\"@type\":\"BreadcrumbList\",\"@id\":\"https:\\\/\\\/luxonomy.net\\\/es\\\/descubre-la-nueva-coleccion-otono-invierno-2025-2026-de-dior-presentada-por-maria-grazia-chiuri-en-paris\\\/#breadcrumb\",\"itemListElement\":[{\"@type\":\"ListItem\",\"position\":1,\"name\":\"Portada\",\"item\":\"https:\\\/\\\/luxonomy.net\\\/es\\\/\"},{\"@type\":\"ListItem\",\"position\":2,\"name\":\"Descubre la nueva colecci\u00f3n Oto\u00f1o-Invierno 2025-2026 de Dior, presentada por Maria Grazia Chiuri en Par\u00eds\"}]},{\"@type\":\"WebSite\",\"@id\":\"https:\\\/\\\/luxonomy.net\\\/es\\\/#website\",\"url\":\"https:\\\/\\\/luxonomy.net\\\/es\\\/\",\"name\":\"LUXONOMY\",\"description\":\"The Economy of Fashion &amp; Luxury\",\"publisher\":{\"@id\":\"https:\\\/\\\/luxonomy.net\\\/es\\\/#organization\"},\"potentialAction\":[{\"@type\":\"SearchAction\",\"target\":{\"@type\":\"EntryPoint\",\"urlTemplate\":\"https:\\\/\\\/luxonomy.net\\\/es\\\/?s={search_term_string}\"},\"query-input\":{\"@type\":\"PropertyValueSpecification\",\"valueRequired\":true,\"valueName\":\"search_term_string\"}}],\"inLanguage\":\"es\"},{\"@type\":\"Organization\",\"@id\":\"https:\\\/\\\/luxonomy.net\\\/es\\\/#organization\",\"name\":\"LUXONOMY\",\"url\":\"https:\\\/\\\/luxonomy.net\\\/es\\\/\",\"logo\":{\"@type\":\"ImageObject\",\"inLanguage\":\"es\",\"@id\":\"https:\\\/\\\/luxonomy.net\\\/es\\\/#\\\/schema\\\/logo\\\/image\\\/\",\"url\":\"https:\\\/\\\/i2.wp.com\\\/luxonomy.net\\\/wp-content\\\/uploads\\\/2021\\\/09\\\/MOCKUP-TODOS-LUXONOMY.jpg?fit=1000%2C515&ssl=1\",\"contentUrl\":\"https:\\\/\\\/i2.wp.com\\\/luxonomy.net\\\/wp-content\\\/uploads\\\/2021\\\/09\\\/MOCKUP-TODOS-LUXONOMY.jpg?fit=1000%2C515&ssl=1\",\"width\":1000,\"height\":515,\"caption\":\"LUXONOMY\"},\"image\":{\"@id\":\"https:\\\/\\\/luxonomy.net\\\/es\\\/#\\\/schema\\\/logo\\\/image\\\/\"},\"sameAs\":[\"https:\\\/\\\/www.facebook.com\\\/luxonomy\",\"https:\\\/\\\/www.instagram.com\\\/luxonomy\\\/\",\"https:\\\/\\\/www.linkedin.com\\\/company\\\/luxonomy\\\/\"]},{\"@type\":\"Person\",\"@id\":\"https:\\\/\\\/luxonomy.net\\\/es\\\/#\\\/schema\\\/person\\\/ca588d8b741a1fdd9065289c8d98ee8c\",\"name\":\"LUXONOMY\",\"image\":{\"@type\":\"ImageObject\",\"inLanguage\":\"es\",\"@id\":\"https:\\\/\\\/luxonomy.net\\\/wp-content\\\/litespeed\\\/avatar\\\/a6436cdb14fdaf9c21808e63d0da2055.jpg?ver=1788366758\",\"url\":\"https:\\\/\\\/luxonomy.net\\\/wp-content\\\/litespeed\\\/avatar\\\/a6436cdb14fdaf9c21808e63d0da2055.jpg?ver=1788366758\",\"contentUrl\":\"https:\\\/\\\/luxonomy.net\\\/wp-content\\\/litespeed\\\/avatar\\\/a6436cdb14fdaf9c21808e63d0da2055.jpg?ver=1788366758\",\"caption\":\"LUXONOMY\"},\"sameAs\":[\"https:\\\/\"],\"url\":\"https:\\\/\\\/luxonomy.net\\\/es\\\/author\\\/luxonomy\\\/\"}]}<\/script>\n<!-- \/ Yoast SEO plugin. -->","yoast_head_json":{"title":"Descubre la nueva colecci\u00f3n Oto\u00f1o-Invierno 2025-2026 de Dior, presentada por Maria Grazia Chiuri en Par\u00eds | LUXONOMY","robots":{"index":"index","follow":"follow","max-snippet":"max-snippet:-1","max-image-preview":"max-image-preview:large","max-video-preview":"max-video-preview:-1"},"canonical":"https:\/\/luxonomy.net\/es\/descubre-la-nueva-coleccion-otono-invierno-2025-2026-de-dior-presentada-por-maria-grazia-chiuri-en-paris\/","og_locale":"es_ES","og_type":"article","og_title":"Descubre la nueva colecci\u00f3n Oto\u00f1o-Invierno 2025-2026 de Dior, presentada por Maria Grazia Chiuri en Par\u00eds | LUXONOMY","og_description":"Descubre la nueva colecci\u00f3n Oto\u00f1o-Invierno 2025-2026 de Dior, presentada por Maria Grazia Chiuri en Par\u00eds. Mostrada en una escenograf\u00eda del renombrado director de teatro Robert Wilson, la colecci\u00f3n se basa en la perpetua evoluci\u00f3n de la moda y la identidad, fusionando inspiraciones de los siglos y el car\u00e1cter de cruce de g\u00e9nero de Orlando, de&hellip;","og_url":"https:\/\/luxonomy.net\/es\/descubre-la-nueva-coleccion-otono-invierno-2025-2026-de-dior-presentada-por-maria-grazia-chiuri-en-paris\/","og_site_name":"LUXONOMY","article_publisher":"https:\/\/www.facebook.com\/luxonomy","article_published_time":"2025-03-10T11:21:51+00:00","article_modified_time":"2025-03-10T12:56:11+00:00","og_image":[{"width":1904,"height":1102,"url":"https:\/\/i0.wp.com\/luxonomy.net\/wp-content\/uploads\/2025\/03\/Captura-de-pantalla-2025-03-10-a-las-12.19.53.png?fit=1904%2C1102&quality=80&ssl=1","type":"image\/png"}],"author":"LUXONOMY","twitter_card":"summary_large_image","twitter_misc":{"Escrito por":"LUXONOMY","Tiempo de lectura":"1 minuto"},"schema":{"@context":"https:\/\/schema.org","@graph":[{"@type":"Article","@id":"https:\/\/luxonomy.net\/es\/descubre-la-nueva-coleccion-otono-invierno-2025-2026-de-dior-presentada-por-maria-grazia-chiuri-en-paris\/#article","isPartOf":{"@id":"https:\/\/luxonomy.net\/es\/descubre-la-nueva-coleccion-otono-invierno-2025-2026-de-dior-presentada-por-maria-grazia-chiuri-en-paris\/"},"author":{"name":"LUXONOMY","@id":"https:\/\/luxonomy.net\/es\/#\/schema\/person\/ca588d8b741a1fdd9065289c8d98ee8c"},"headline":"Descubre la nueva colecci\u00f3n Oto\u00f1o-Invierno 2025-2026 de Dior, presentada por Maria Grazia Chiuri en Par\u00eds","datePublished":"2025-03-10T11:21:51+00:00","dateModified":"2025-03-10T12:56:11+00:00","mainEntityOfPage":{"@id":"https:\/\/luxonomy.net\/es\/descubre-la-nueva-coleccion-otono-invierno-2025-2026-de-dior-presentada-por-maria-grazia-chiuri-en-paris\/"},"wordCount":121,"commentCount":0,"publisher":{"@id":"https:\/\/luxonomy.net\/es\/#organization"},"image":{"@id":"https:\/\/luxonomy.net\/es\/descubre-la-nueva-coleccion-otono-invierno-2025-2026-de-dior-presentada-por-maria-grazia-chiuri-en-paris\/#primaryimage"},"thumbnailUrl":"https:\/\/i0.wp.com\/luxonomy.net\/wp-content\/uploads\/2025\/03\/Captura-de-pantalla-2025-03-10-a-las-12.19.53.png?fit=1904%2C1102&ssl=1","keywords":["Dior","Eventos","Moda"],"articleSection":["LUXONOMY TV","Moda"],"inLanguage":"es","potentialAction":[{"@type":"CommentAction","name":"Comment","target":["https:\/\/luxonomy.net\/es\/descubre-la-nueva-coleccion-otono-invierno-2025-2026-de-dior-presentada-por-maria-grazia-chiuri-en-paris\/#respond"]}]},{"@type":"WebPage","@id":"https:\/\/luxonomy.net\/es\/descubre-la-nueva-coleccion-otono-invierno-2025-2026-de-dior-presentada-por-maria-grazia-chiuri-en-paris\/","url":"https:\/\/luxonomy.net\/es\/descubre-la-nueva-coleccion-otono-invierno-2025-2026-de-dior-presentada-por-maria-grazia-chiuri-en-paris\/","name":"Descubre la nueva colecci\u00f3n Oto\u00f1o-Invierno 2025-2026 de Dior, presentada por Maria Grazia Chiuri en Par\u00eds | LUXONOMY","isPartOf":{"@id":"https:\/\/luxonomy.net\/es\/#website"},"primaryImageOfPage":{"@id":"https:\/\/luxonomy.net\/es\/descubre-la-nueva-coleccion-otono-invierno-2025-2026-de-dior-presentada-por-maria-grazia-chiuri-en-paris\/#primaryimage"},"image":{"@id":"https:\/\/luxonomy.net\/es\/descubre-la-nueva-coleccion-otono-invierno-2025-2026-de-dior-presentada-por-maria-grazia-chiuri-en-paris\/#primaryimage"},"thumbnailUrl":"https:\/\/i0.wp.com\/luxonomy.net\/wp-content\/uploads\/2025\/03\/Captura-de-pantalla-2025-03-10-a-las-12.19.53.png?fit=1904%2C1102&ssl=1","datePublished":"2025-03-10T11:21:51+00:00","dateModified":"2025-03-10T12:56:11+00:00","breadcrumb":{"@id":"https:\/\/luxonomy.net\/es\/descubre-la-nueva-coleccion-otono-invierno-2025-2026-de-dior-presentada-por-maria-grazia-chiuri-en-paris\/#breadcrumb"},"inLanguage":"es","potentialAction":[{"@type":"ReadAction","target":["https:\/\/luxonomy.net\/es\/descubre-la-nueva-coleccion-otono-invierno-2025-2026-de-dior-presentada-por-maria-grazia-chiuri-en-paris\/"]}]},{"@type":"ImageObject","inLanguage":"es","@id":"https:\/\/luxonomy.net\/es\/descubre-la-nueva-coleccion-otono-invierno-2025-2026-de-dior-presentada-por-maria-grazia-chiuri-en-paris\/#primaryimage","url":"https:\/\/i0.wp.com\/luxonomy.net\/wp-content\/uploads\/2025\/03\/Captura-de-pantalla-2025-03-10-a-las-12.19.53.png?fit=1904%2C1102&ssl=1","contentUrl":"https:\/\/i0.wp.com\/luxonomy.net\/wp-content\/uploads\/2025\/03\/Captura-de-pantalla-2025-03-10-a-las-12.19.53.png?fit=1904%2C1102&ssl=1","width":1904,"height":1102},{"@type":"BreadcrumbList","@id":"https:\/\/luxonomy.net\/es\/descubre-la-nueva-coleccion-otono-invierno-2025-2026-de-dior-presentada-por-maria-grazia-chiuri-en-paris\/#breadcrumb","itemListElement":[{"@type":"ListItem","position":1,"name":"Portada","item":"https:\/\/luxonomy.net\/es\/"},{"@type":"ListItem","position":2,"name":"Descubre la nueva colecci\u00f3n Oto\u00f1o-Invierno 2025-2026 de Dior, presentada por Maria Grazia Chiuri en Par\u00eds"}]},{"@type":"WebSite","@id":"https:\/\/luxonomy.net\/es\/#website","url":"https:\/\/luxonomy.net\/es\/","name":"LUXONOMY","description":"The Economy of Fashion &amp; Luxury","publisher":{"@id":"https:\/\/luxonomy.net\/es\/#organization"},"potentialAction":[{"@type":"SearchAction","target":{"@type":"EntryPoint","urlTemplate":"https:\/\/luxonomy.net\/es\/?s={search_term_string}"},"query-input":{"@type":"PropertyValueSpecification","valueRequired":true,"valueName":"search_term_string"}}],"inLanguage":"es"},{"@type":"Organization","@id":"https:\/\/luxonomy.net\/es\/#organization","name":"LUXONOMY","url":"https:\/\/luxonomy.net\/es\/","logo":{"@type":"ImageObject","inLanguage":"es","@id":"https:\/\/luxonomy.net\/es\/#\/schema\/logo\/image\/","url":"https:\/\/i2.wp.com\/luxonomy.net\/wp-content\/uploads\/2021\/09\/MOCKUP-TODOS-LUXONOMY.jpg?fit=1000%2C515&ssl=1","contentUrl":"https:\/\/i2.wp.com\/luxonomy.net\/wp-content\/uploads\/2021\/09\/MOCKUP-TODOS-LUXONOMY.jpg?fit=1000%2C515&ssl=1","width":1000,"height":515,"caption":"LUXONOMY"},"image":{"@id":"https:\/\/luxonomy.net\/es\/#\/schema\/logo\/image\/"},"sameAs":["https:\/\/www.facebook.com\/luxonomy","https:\/\/www.instagram.com\/luxonomy\/","https:\/\/www.linkedin.com\/company\/luxonomy\/"]},{"@type":"Person","@id":"https:\/\/luxonomy.net\/es\/#\/schema\/person\/ca588d8b741a1fdd9065289c8d98ee8c","name":"LUXONOMY","image":{"@type":"ImageObject","inLanguage":"es","@id":"https:\/\/luxonomy.net\/wp-content\/litespeed\/avatar\/a6436cdb14fdaf9c21808e63d0da2055.jpg?ver=1788366758","url":"https:\/\/luxonomy.net\/wp-content\/litespeed\/avatar\/a6436cdb14fdaf9c21808e63d0da2055.jpg?ver=1788366758","contentUrl":"https:\/\/luxonomy.net\/wp-content\/litespeed\/avatar\/a6436cdb14fdaf9c21808e63d0da2055.jpg?ver=1788366758","caption":"LUXONOMY"},"sameAs":["https:\/"],"url":"https:\/\/luxonomy.net\/es\/author\/luxonomy\/"}]}},"jetpack_publicize_connections":[],"jetpack_shortlink":"https:\/\/wp.me\/paPhBa-gxj","jetpack_sharing_enabled":true,"jetpack_featured_media_url":"https:\/\/i0.wp.com\/luxonomy.net\/wp-content\/uploads\/2025\/03\/Captura-de-pantalla-2025-03-10-a-las-12.19.53.png?fit=1904%2C1102&ssl=1","_links":{"self":[{"href":"https:\/\/luxonomy.net\/es\/wp-json\/wp\/v2\/posts\/63569","targetHints":{"allow":["GET"]}}],"collection":[{"href":"https:\/\/luxonomy.net\/es\/wp-json\/wp\/v2\/posts"}],"about":[{"href":"https:\/\/luxonomy.net\/es\/wp-json\/wp\/v2\/types\/post"}],"author":[{"embeddable":true,"href":"https:\/\/luxonomy.net\/es\/wp-json\/wp\/v2\/users\/1"}],"replies":[{"embeddable":true,"href":"https:\/\/luxonomy.net\/es\/wp-json\/wp\/v2\/comments?post=63569"}],"version-history":[{"count":2,"href":"https:\/\/luxonomy.net\/es\/wp-json\/wp\/v2\/posts\/63569\/revisions"}],"predecessor-version":[{"id":63571,"href":"https:\/\/luxonomy.net\/es\/wp-json\/wp\/v2\/posts\/63569\/revisions\/63571"}],"wp:featuredmedia":[{"embeddable":true,"href":"https:\/\/luxonomy.net\/es\/wp-json\/wp\/v2\/media\/63549"}],"wp:attachment":[{"href":"https:\/\/luxonomy.net\/es\/wp-json\/wp\/v2\/media?parent=63569"}],"wp:term":[{"taxonomy":"category","embeddable":true,"href":"https:\/\/luxonomy.net\/es\/wp-json\/wp\/v2\/categories?post=63569"},{"taxonomy":"post_tag","embeddable":true,"href":"https:\/\/luxonomy.net\/es\/wp-json\/wp\/v2\/tags?post=63569"},{"taxonomy":"thb-sponsors","embeddable":true,"href":"https:\/\/luxonomy.net\/es\/wp-json\/wp\/v2\/thb-sponsors?post=63569"}],"curies":[{"name":"wp","href":"https:\/\/api.w.org\/{rel}","templated":true}]}}