{"id":63270,"date":"2025-02-13T16:06:33","date_gmt":"2025-02-13T15:06:33","guid":{"rendered":"https:\/?p=63270"},"modified":"2025-02-13T16:06:39","modified_gmt":"2025-02-13T15:06:39","slug":"lexus-en-arcomadrid-2025-inspirado-por-el-nuevo-lbx","status":"publish","type":"post","link":"https:\/\/luxonomy.net\/es\/lexus-en-arcomadrid-2025-inspirado-por-el-nuevo-lbx\/","title":{"rendered":"Lexus en ArcoMadrid 2025 inspirado por el nuevo LBX"},"content":{"rendered":"\n<p>Por sexta ocasi\u00f3n, la pr\u00f3xima edici\u00f3n de ARCOmadrid 2025 contar\u00e1 con Lexus, como Veh\u00edculo Oficial. La reconocida Feria Internacional de Arte Contempor\u00e1neo de Espa\u00f1a, que se celebra desde 1982, constituye una de las principales plataformas del mercado del arte y se celebrar\u00e1 del 5 al 9 de marzo en IFEMA Madrid.<\/p>\n<p>La participaci\u00f3n de Lexus como Partner Oficial de la 44\u00aa edici\u00f3n de ARCOmadrid 2025 supone una muestra m\u00e1s del compromiso de la marca por apoyar el arte y la creaci\u00f3n contempor\u00e1nea.<\/p>\n<p>Por sexto a\u00f1o consecutivo, Lexus pretende ir m\u00e1s all\u00e1 de la automoci\u00f3n, con el fin de unir la marca con las experiencias de las personas.<\/p><div id=\"luxon-2945579969\" class=\"luxon-3er-parrafo luxon-entity-placement\" style=\"margin-top: 20px;margin-bottom: 20px;margin-left: auto;margin-right: auto;text-align: center;\"><a href=\"https:\/\/luxonomy.university\/course\/master-turismo-de-lujo\" target=\"_blank\" aria-label=\"master-turismo-lujo-2026-2027\"><img loading=\"lazy\" decoding=\"async\" src=\"https:\/\/i0.wp.com\/luxonomy.net\/wp-content\/uploads\/2020\/07\/master-turismo-lujo-2026-2027.jpg?fit=1672%2C941&#038;ssl=1\" alt=\"\"  srcset=\"https:\/\/i0.wp.com\/luxonomy.net\/wp-content\/uploads\/2020\/07\/master-turismo-lujo-2026-2027.jpg?w=1672&ssl=1 1672w, https:\/\/i0.wp.com\/luxonomy.net\/wp-content\/uploads\/2020\/07\/master-turismo-lujo-2026-2027.jpg?resize=300%2C169&ssl=1 300w, https:\/\/i0.wp.com\/luxonomy.net\/wp-content\/uploads\/2020\/07\/master-turismo-lujo-2026-2027.jpg?resize=1024%2C576&ssl=1 1024w, https:\/\/i0.wp.com\/luxonomy.net\/wp-content\/uploads\/2020\/07\/master-turismo-lujo-2026-2027.jpg?resize=768%2C432&ssl=1 768w, https:\/\/i0.wp.com\/luxonomy.net\/wp-content\/uploads\/2020\/07\/master-turismo-lujo-2026-2027.jpg?resize=1536%2C864&ssl=1 1536w, https:\/\/i0.wp.com\/luxonomy.net\/wp-content\/uploads\/2020\/07\/master-turismo-lujo-2026-2027.jpg?resize=370%2C208&ssl=1 370w, https:\/\/i0.wp.com\/luxonomy.net\/wp-content\/uploads\/2020\/07\/master-turismo-lujo-2026-2027.jpg?resize=800%2C450&ssl=1 800w, https:\/\/i0.wp.com\/luxonomy.net\/wp-content\/uploads\/2020\/07\/master-turismo-lujo-2026-2027.jpg?resize=20%2C11&ssl=1 20w, https:\/\/i0.wp.com\/luxonomy.net\/wp-content\/uploads\/2020\/07\/master-turismo-lujo-2026-2027.jpg?resize=740%2C416&ssl=1 740w, https:\/\/i0.wp.com\/luxonomy.net\/wp-content\/uploads\/2020\/07\/master-turismo-lujo-2026-2027.jpg?resize=1600%2C900&ssl=1 1600w, https:\/\/i0.wp.com\/luxonomy.net\/wp-content\/uploads\/2020\/07\/master-turismo-lujo-2026-2027.jpg?resize=1200%2C675&ssl=1 1200w, https:\/\/i0.wp.com\/luxonomy.net\/wp-content\/uploads\/2020\/07\/master-turismo-lujo-2026-2027.jpg?resize=85%2C48&ssl=1 85w\" sizes=\"(max-width: 1170px) 100vw, 1170px\" class=\"no-lazyload\" width=\"1672\" height=\"941\"   \/><\/a><\/div>\n<h3>ESPACIO LEXUS EN ARCOmadrid 2025<\/h3>\n<p>Una vez m\u00e1s, Lexus contar\u00e1 con un espacio de exposici\u00f3n, como si de un galerista m\u00e1s se tratase, donde la marca mostrar\u00e1 por primera vez la impresionante intervenci\u00f3n art\u00edstica sobre un LBX, ganadora del consolidado concurso Lexus Art Car 2024 y permanecer\u00e1 expuesta al p\u00fablico durante toda la feria.<\/p>\n<p>Adem\u00e1s, en su af\u00e1n por apoyar y reconocer el gran trabajo de las galer\u00edas a\u00f1o tras a\u00f1o, Lexus entregar\u00e1 por cuarto a\u00f1o consecutivo el Premio Lexus al Mejor Stand y Contenido Art\u00edstico de la feria, que se entregar\u00e1 en la galer\u00eda seleccionada durante la feria.<\/p>\n<p>Durante ARCOmadrid 2025, la marca realizar\u00e1 un gran despliegue de su flota de coches h\u00edbridos e h\u00edbridos enchufables, para desplazar a los invitados a la Feria. Todos los veh\u00edculos empleados incorporan la reconocida tecnolog\u00eda Lexus Electrified.<\/p>\n<p><strong>M\u00e1s informaci\u00f3n:\u00a0<a href=\"https:\/\/www.lexusauto.es\/estilolexus\/marca\/lexus-en-arcomadrid-2025-inspirado-por-el-nuevo-lbx\">https:\/\/www.lexusauto.es\/estilolexus\/marca\/lexus-en-arcomadrid-2025-inspirado-por-el-nuevo-lbx<\/a><\/strong><\/p><div id=\"luxon-2861870101\" class=\"luxon-7-parrafo luxon-entity-placement\" style=\"margin-top: 20px;margin-bottom: 20px;margin-left: auto;margin-right: auto;text-align: center;\"><a href=\"https:\/\/theintelligence.institute\/course\/inteligencia-artificial-para-directivos\" target=\"_blank\" aria-label=\"CSIAD_empresas_THEI_horizontal_4x3_v5\"><img loading=\"lazy\" decoding=\"async\" src=\"https:\/\/i0.wp.com\/luxonomy.net\/wp-content\/uploads\/2025\/08\/CSIAD_empresas_THEI_horizontal_4x3_v5.png?fit=2000%2C1500&#038;ssl=1\" alt=\"\"  srcset=\"https:\/\/i0.wp.com\/luxonomy.net\/wp-content\/uploads\/2025\/08\/CSIAD_empresas_THEI_horizontal_4x3_v5.png?w=2000&ssl=1 2000w, https:\/\/i0.wp.com\/luxonomy.net\/wp-content\/uploads\/2025\/08\/CSIAD_empresas_THEI_horizontal_4x3_v5.png?resize=300%2C225&ssl=1 300w, https:\/\/i0.wp.com\/luxonomy.net\/wp-content\/uploads\/2025\/08\/CSIAD_empresas_THEI_horizontal_4x3_v5.png?resize=1024%2C768&ssl=1 1024w, https:\/\/i0.wp.com\/luxonomy.net\/wp-content\/uploads\/2025\/08\/CSIAD_empresas_THEI_horizontal_4x3_v5.png?resize=768%2C576&ssl=1 768w, https:\/\/i0.wp.com\/luxonomy.net\/wp-content\/uploads\/2025\/08\/CSIAD_empresas_THEI_horizontal_4x3_v5.png?resize=1536%2C1152&ssl=1 1536w, https:\/\/i0.wp.com\/luxonomy.net\/wp-content\/uploads\/2025\/08\/CSIAD_empresas_THEI_horizontal_4x3_v5.png?resize=370%2C278&ssl=1 370w, https:\/\/i0.wp.com\/luxonomy.net\/wp-content\/uploads\/2025\/08\/CSIAD_empresas_THEI_horizontal_4x3_v5.png?resize=800%2C600&ssl=1 800w, https:\/\/i0.wp.com\/luxonomy.net\/wp-content\/uploads\/2025\/08\/CSIAD_empresas_THEI_horizontal_4x3_v5.png?resize=20%2C15&ssl=1 20w, https:\/\/i0.wp.com\/luxonomy.net\/wp-content\/uploads\/2025\/08\/CSIAD_empresas_THEI_horizontal_4x3_v5.png?resize=740%2C555&ssl=1 740w, https:\/\/i0.wp.com\/luxonomy.net\/wp-content\/uploads\/2025\/08\/CSIAD_empresas_THEI_horizontal_4x3_v5.png?resize=1600%2C1200&ssl=1 1600w, https:\/\/i0.wp.com\/luxonomy.net\/wp-content\/uploads\/2025\/08\/CSIAD_empresas_THEI_horizontal_4x3_v5.png?resize=1200%2C900&ssl=1 1200w, https:\/\/i0.wp.com\/luxonomy.net\/wp-content\/uploads\/2025\/08\/CSIAD_empresas_THEI_horizontal_4x3_v5.png?resize=64%2C48&ssl=1 64w\" sizes=\"(max-width: 1170px) 100vw, 1170px\" class=\"no-lazyload\" width=\"2000\" height=\"1500\"   \/><\/a><\/div>\n","protected":false},"excerpt":{"rendered":"<p>Por sexta ocasi\u00f3n, la pr\u00f3xima edici\u00f3n de ARCOmadrid 2025 contar\u00e1 con Lexus, como Veh\u00edculo Oficial. La reconocida Feria Internacional de Arte Contempor\u00e1neo de Espa\u00f1a, que se celebra desde 1982, constituye una de las principales plataformas del mercado del arte y se celebrar\u00e1 del 5 al 9 de marzo en IFEMA Madrid. La participaci\u00f3n de Lexus&hellip;<\/p>\n","protected":false},"author":1,"featured_media":63271,"comment_status":"open","ping_status":"open","sticky":false,"template":"","format":"standard","meta":{"_jetpack_newsletter_access":"","_jetpack_dont_email_post_to_subs":true,"_jetpack_newsletter_tier_id":0,"_jetpack_memberships_contains_paywalled_content":false,"_jetpack_feature_clip_id":0,"_jetpack_memberships_contains_paid_content":false,"footnotes":"","jetpack_publicize_message":"","jetpack_publicize_feature_enabled":false,"jetpack_social_post_already_shared":false,"jetpack_social_options":{"image_generator_settings":{"template":"edge","enabled":false,"token":"eyJpbWciOiJodHRwczpcL1wvbHV4b25vbXkubmV0XC93cC1jb250ZW50XC91cGxvYWRzXC8yMDI1XC8wMlwvbGV4dXMtbGJ4LWFyY29tYWRyaWQtMTAyNHg2ODMuanBnIiwidHh0IjoiTGV4dXMgZW4gQXJjb01hZHJpZCAyMDI1IGluc3BpcmFkbyBwb3IgZWwgbnVldm8gTEJYIiwidGVtcGxhdGUiOiJlZGdlIiwiYmxvZ19pZCI6MTU5OTg1NzQwfQ.XhHU2zzXisA_gIvThjHSFmF0s_NB9DXYbwbzbTgsgx4MQ"},"version":2},"jetpack_post_was_ever_published":false},"categories":[6575,1297,296],"tags":[1032,1298,222],"thb-sponsors":[1206],"class_list":["post-63270","post","type-post","status-publish","format-standard","has-post-thumbnail","hentry","category-arte","category-arte-y-cultura-eventos","category-motor","tag-arcomadrid","tag-arte","tag-motor"],"yoast_head":"<!-- This site is optimized with the Yoast SEO plugin v28.4 - https:\/\/yoast.com\/product\/yoast-seo-wordpress\/ -->\n<title>Lexus en ArcoMadrid 2025 inspirado por el nuevo LBX | LUXONOMY<\/title>\n<meta name=\"robots\" content=\"index, follow, max-snippet:-1, max-image-preview:large, max-video-preview:-1\" \/>\n<link rel=\"canonical\" href=\"https:\/\/luxonomy.net\/es\/lexus-en-arcomadrid-2025-inspirado-por-el-nuevo-lbx\/\" \/>\n<meta property=\"og:locale\" content=\"es_ES\" \/>\n<meta property=\"og:type\" content=\"article\" \/>\n<meta property=\"og:title\" content=\"Lexus en ArcoMadrid 2025 inspirado por el nuevo LBX | LUXONOMY\" \/>\n<meta property=\"og:description\" content=\"Por sexta ocasi\u00f3n, la pr\u00f3xima edici\u00f3n de ARCOmadrid 2025 contar\u00e1 con Lexus, como Veh\u00edculo Oficial. La reconocida Feria Internacional de Arte Contempor\u00e1neo de Espa\u00f1a, que se celebra desde 1982, constituye una de las principales plataformas del mercado del arte y se celebrar\u00e1 del 5 al 9 de marzo en IFEMA Madrid. La participaci\u00f3n de Lexus&hellip;\" \/>\n<meta property=\"og:url\" content=\"https:\/\/luxonomy.net\/es\/lexus-en-arcomadrid-2025-inspirado-por-el-nuevo-lbx\/\" \/>\n<meta property=\"og:site_name\" content=\"LUXONOMY\" \/>\n<meta property=\"article:publisher\" content=\"https:\/\/www.facebook.com\/luxonomy\" \/>\n<meta property=\"article:published_time\" content=\"2025-02-13T15:06:33+00:00\" \/>\n<meta property=\"article:modified_time\" content=\"2025-02-13T15:06:39+00:00\" \/>\n<meta property=\"og:image\" content=\"https:\/\/i0.wp.com\/luxonomy.net\/wp-content\/uploads\/2025\/02\/lexus-lbx-arcomadrid.jpg?fit=2560%2C1707&quality=89&ssl=1\" \/>\n\t<meta property=\"og:image:width\" content=\"2560\" \/>\n\t<meta property=\"og:image:height\" content=\"1707\" \/>\n\t<meta property=\"og:image:type\" content=\"image\/jpeg\" \/>\n<meta name=\"author\" content=\"LUXONOMY\" \/>\n<meta name=\"twitter:card\" content=\"summary_large_image\" \/>\n<meta name=\"twitter:label1\" content=\"Escrito por\" \/>\n\t<meta name=\"twitter:data1\" content=\"LUXONOMY\" \/>\n\t<meta name=\"twitter:label2\" content=\"Tiempo de lectura\" \/>\n\t<meta name=\"twitter:data2\" content=\"2 minutos\" \/>\n<script type=\"application\/ld+json\" class=\"yoast-schema-graph\">{\"@context\":\"https:\\\/\\\/schema.org\",\"@graph\":[{\"@type\":\"Article\",\"@id\":\"https:\\\/\\\/luxonomy.net\\\/es\\\/lexus-en-arcomadrid-2025-inspirado-por-el-nuevo-lbx\\\/#article\",\"isPartOf\":{\"@id\":\"https:\\\/\\\/luxonomy.net\\\/es\\\/lexus-en-arcomadrid-2025-inspirado-por-el-nuevo-lbx\\\/\"},\"author\":{\"name\":\"LUXONOMY\",\"@id\":\"https:\\\/\\\/luxonomy.net\\\/es\\\/#\\\/schema\\\/person\\\/ca588d8b741a1fdd9065289c8d98ee8c\"},\"headline\":\"Lexus en ArcoMadrid 2025 inspirado por el nuevo LBX\",\"datePublished\":\"2025-02-13T15:06:33+00:00\",\"dateModified\":\"2025-02-13T15:06:39+00:00\",\"mainEntityOfPage\":{\"@id\":\"https:\\\/\\\/luxonomy.net\\\/es\\\/lexus-en-arcomadrid-2025-inspirado-por-el-nuevo-lbx\\\/\"},\"wordCount\":285,\"commentCount\":0,\"publisher\":{\"@id\":\"https:\\\/\\\/luxonomy.net\\\/es\\\/#organization\"},\"image\":{\"@id\":\"https:\\\/\\\/luxonomy.net\\\/es\\\/lexus-en-arcomadrid-2025-inspirado-por-el-nuevo-lbx\\\/#primaryimage\"},\"thumbnailUrl\":\"https:\\\/\\\/i0.wp.com\\\/luxonomy.net\\\/wp-content\\\/uploads\\\/2025\\\/02\\\/lexus-lbx-arcomadrid.jpg?fit=2560%2C1707&ssl=1\",\"keywords\":[\"ARCOmadrid\",\"arte\",\"motor\"],\"articleSection\":[\"Arte\",\"Arte y Cultura\",\"Motor\"],\"inLanguage\":\"es\",\"potentialAction\":[{\"@type\":\"CommentAction\",\"name\":\"Comment\",\"target\":[\"https:\\\/\\\/luxonomy.net\\\/es\\\/lexus-en-arcomadrid-2025-inspirado-por-el-nuevo-lbx\\\/#respond\"]}]},{\"@type\":\"WebPage\",\"@id\":\"https:\\\/\\\/luxonomy.net\\\/es\\\/lexus-en-arcomadrid-2025-inspirado-por-el-nuevo-lbx\\\/\",\"url\":\"https:\\\/\\\/luxonomy.net\\\/es\\\/lexus-en-arcomadrid-2025-inspirado-por-el-nuevo-lbx\\\/\",\"name\":\"Lexus en ArcoMadrid 2025 inspirado por el nuevo LBX | LUXONOMY\",\"isPartOf\":{\"@id\":\"https:\\\/\\\/luxonomy.net\\\/es\\\/#website\"},\"primaryImageOfPage\":{\"@id\":\"https:\\\/\\\/luxonomy.net\\\/es\\\/lexus-en-arcomadrid-2025-inspirado-por-el-nuevo-lbx\\\/#primaryimage\"},\"image\":{\"@id\":\"https:\\\/\\\/luxonomy.net\\\/es\\\/lexus-en-arcomadrid-2025-inspirado-por-el-nuevo-lbx\\\/#primaryimage\"},\"thumbnailUrl\":\"https:\\\/\\\/i0.wp.com\\\/luxonomy.net\\\/wp-content\\\/uploads\\\/2025\\\/02\\\/lexus-lbx-arcomadrid.jpg?fit=2560%2C1707&ssl=1\",\"datePublished\":\"2025-02-13T15:06:33+00:00\",\"dateModified\":\"2025-02-13T15:06:39+00:00\",\"breadcrumb\":{\"@id\":\"https:\\\/\\\/luxonomy.net\\\/es\\\/lexus-en-arcomadrid-2025-inspirado-por-el-nuevo-lbx\\\/#breadcrumb\"},\"inLanguage\":\"es\",\"potentialAction\":[{\"@type\":\"ReadAction\",\"target\":[\"https:\\\/\\\/luxonomy.net\\\/es\\\/lexus-en-arcomadrid-2025-inspirado-por-el-nuevo-lbx\\\/\"]}]},{\"@type\":\"ImageObject\",\"inLanguage\":\"es\",\"@id\":\"https:\\\/\\\/luxonomy.net\\\/es\\\/lexus-en-arcomadrid-2025-inspirado-por-el-nuevo-lbx\\\/#primaryimage\",\"url\":\"https:\\\/\\\/i0.wp.com\\\/luxonomy.net\\\/wp-content\\\/uploads\\\/2025\\\/02\\\/lexus-lbx-arcomadrid.jpg?fit=2560%2C1707&ssl=1\",\"contentUrl\":\"https:\\\/\\\/i0.wp.com\\\/luxonomy.net\\\/wp-content\\\/uploads\\\/2025\\\/02\\\/lexus-lbx-arcomadrid.jpg?fit=2560%2C1707&ssl=1\",\"width\":2560,\"height\":1707},{\"@type\":\"BreadcrumbList\",\"@id\":\"https:\\\/\\\/luxonomy.net\\\/es\\\/lexus-en-arcomadrid-2025-inspirado-por-el-nuevo-lbx\\\/#breadcrumb\",\"itemListElement\":[{\"@type\":\"ListItem\",\"position\":1,\"name\":\"Portada\",\"item\":\"https:\\\/\\\/luxonomy.net\\\/es\\\/\"},{\"@type\":\"ListItem\",\"position\":2,\"name\":\"Lexus en ArcoMadrid 2025 inspirado por el nuevo LBX\"}]},{\"@type\":\"WebSite\",\"@id\":\"https:\\\/\\\/luxonomy.net\\\/es\\\/#website\",\"url\":\"https:\\\/\\\/luxonomy.net\\\/es\\\/\",\"name\":\"LUXONOMY\",\"description\":\"The Economy of Fashion &amp; Luxury\",\"publisher\":{\"@id\":\"https:\\\/\\\/luxonomy.net\\\/es\\\/#organization\"},\"potentialAction\":[{\"@type\":\"SearchAction\",\"target\":{\"@type\":\"EntryPoint\",\"urlTemplate\":\"https:\\\/\\\/luxonomy.net\\\/es\\\/?s={search_term_string}\"},\"query-input\":{\"@type\":\"PropertyValueSpecification\",\"valueRequired\":true,\"valueName\":\"search_term_string\"}}],\"inLanguage\":\"es\"},{\"@type\":\"Organization\",\"@id\":\"https:\\\/\\\/luxonomy.net\\\/es\\\/#organization\",\"name\":\"LUXONOMY\",\"url\":\"https:\\\/\\\/luxonomy.net\\\/es\\\/\",\"logo\":{\"@type\":\"ImageObject\",\"inLanguage\":\"es\",\"@id\":\"https:\\\/\\\/luxonomy.net\\\/es\\\/#\\\/schema\\\/logo\\\/image\\\/\",\"url\":\"https:\\\/\\\/i2.wp.com\\\/luxonomy.net\\\/wp-content\\\/uploads\\\/2021\\\/09\\\/MOCKUP-TODOS-LUXONOMY.jpg?fit=1000%2C515&ssl=1\",\"contentUrl\":\"https:\\\/\\\/i2.wp.com\\\/luxonomy.net\\\/wp-content\\\/uploads\\\/2021\\\/09\\\/MOCKUP-TODOS-LUXONOMY.jpg?fit=1000%2C515&ssl=1\",\"width\":1000,\"height\":515,\"caption\":\"LUXONOMY\"},\"image\":{\"@id\":\"https:\\\/\\\/luxonomy.net\\\/es\\\/#\\\/schema\\\/logo\\\/image\\\/\"},\"sameAs\":[\"https:\\\/\\\/www.facebook.com\\\/luxonomy\",\"https:\\\/\\\/www.instagram.com\\\/luxonomy\\\/\",\"https:\\\/\\\/www.linkedin.com\\\/company\\\/luxonomy\\\/\"]},{\"@type\":\"Person\",\"@id\":\"https:\\\/\\\/luxonomy.net\\\/es\\\/#\\\/schema\\\/person\\\/ca588d8b741a1fdd9065289c8d98ee8c\",\"name\":\"LUXONOMY\",\"image\":{\"@type\":\"ImageObject\",\"inLanguage\":\"es\",\"@id\":\"https:\\\/\\\/luxonomy.net\\\/wp-content\\\/litespeed\\\/avatar\\\/a6436cdb14fdaf9c21808e63d0da2055.jpg?ver=1788366758\",\"url\":\"https:\\\/\\\/luxonomy.net\\\/wp-content\\\/litespeed\\\/avatar\\\/a6436cdb14fdaf9c21808e63d0da2055.jpg?ver=1788366758\",\"contentUrl\":\"https:\\\/\\\/luxonomy.net\\\/wp-content\\\/litespeed\\\/avatar\\\/a6436cdb14fdaf9c21808e63d0da2055.jpg?ver=1788366758\",\"caption\":\"LUXONOMY\"},\"sameAs\":[\"https:\\\/\"],\"url\":\"https:\\\/\\\/luxonomy.net\\\/es\\\/author\\\/luxonomy\\\/\"}]}<\/script>\n<!-- \/ Yoast SEO plugin. -->","yoast_head_json":{"title":"Lexus en ArcoMadrid 2025 inspirado por el nuevo LBX | LUXONOMY","robots":{"index":"index","follow":"follow","max-snippet":"max-snippet:-1","max-image-preview":"max-image-preview:large","max-video-preview":"max-video-preview:-1"},"canonical":"https:\/\/luxonomy.net\/es\/lexus-en-arcomadrid-2025-inspirado-por-el-nuevo-lbx\/","og_locale":"es_ES","og_type":"article","og_title":"Lexus en ArcoMadrid 2025 inspirado por el nuevo LBX | LUXONOMY","og_description":"Por sexta ocasi\u00f3n, la pr\u00f3xima edici\u00f3n de ARCOmadrid 2025 contar\u00e1 con Lexus, como Veh\u00edculo Oficial. La reconocida Feria Internacional de Arte Contempor\u00e1neo de Espa\u00f1a, que se celebra desde 1982, constituye una de las principales plataformas del mercado del arte y se celebrar\u00e1 del 5 al 9 de marzo en IFEMA Madrid. La participaci\u00f3n de Lexus&hellip;","og_url":"https:\/\/luxonomy.net\/es\/lexus-en-arcomadrid-2025-inspirado-por-el-nuevo-lbx\/","og_site_name":"LUXONOMY","article_publisher":"https:\/\/www.facebook.com\/luxonomy","article_published_time":"2025-02-13T15:06:33+00:00","article_modified_time":"2025-02-13T15:06:39+00:00","og_image":[{"width":2560,"height":1707,"url":"https:\/\/i0.wp.com\/luxonomy.net\/wp-content\/uploads\/2025\/02\/lexus-lbx-arcomadrid.jpg?fit=2560%2C1707&quality=89&ssl=1","type":"image\/jpeg"}],"author":"LUXONOMY","twitter_card":"summary_large_image","twitter_misc":{"Escrito por":"LUXONOMY","Tiempo de lectura":"2 minutos"},"schema":{"@context":"https:\/\/schema.org","@graph":[{"@type":"Article","@id":"https:\/\/luxonomy.net\/es\/lexus-en-arcomadrid-2025-inspirado-por-el-nuevo-lbx\/#article","isPartOf":{"@id":"https:\/\/luxonomy.net\/es\/lexus-en-arcomadrid-2025-inspirado-por-el-nuevo-lbx\/"},"author":{"name":"LUXONOMY","@id":"https:\/\/luxonomy.net\/es\/#\/schema\/person\/ca588d8b741a1fdd9065289c8d98ee8c"},"headline":"Lexus en ArcoMadrid 2025 inspirado por el nuevo LBX","datePublished":"2025-02-13T15:06:33+00:00","dateModified":"2025-02-13T15:06:39+00:00","mainEntityOfPage":{"@id":"https:\/\/luxonomy.net\/es\/lexus-en-arcomadrid-2025-inspirado-por-el-nuevo-lbx\/"},"wordCount":285,"commentCount":0,"publisher":{"@id":"https:\/\/luxonomy.net\/es\/#organization"},"image":{"@id":"https:\/\/luxonomy.net\/es\/lexus-en-arcomadrid-2025-inspirado-por-el-nuevo-lbx\/#primaryimage"},"thumbnailUrl":"https:\/\/i0.wp.com\/luxonomy.net\/wp-content\/uploads\/2025\/02\/lexus-lbx-arcomadrid.jpg?fit=2560%2C1707&ssl=1","keywords":["ARCOmadrid","arte","motor"],"articleSection":["Arte","Arte y Cultura","Motor"],"inLanguage":"es","potentialAction":[{"@type":"CommentAction","name":"Comment","target":["https:\/\/luxonomy.net\/es\/lexus-en-arcomadrid-2025-inspirado-por-el-nuevo-lbx\/#respond"]}]},{"@type":"WebPage","@id":"https:\/\/luxonomy.net\/es\/lexus-en-arcomadrid-2025-inspirado-por-el-nuevo-lbx\/","url":"https:\/\/luxonomy.net\/es\/lexus-en-arcomadrid-2025-inspirado-por-el-nuevo-lbx\/","name":"Lexus en ArcoMadrid 2025 inspirado por el nuevo LBX | LUXONOMY","isPartOf":{"@id":"https:\/\/luxonomy.net\/es\/#website"},"primaryImageOfPage":{"@id":"https:\/\/luxonomy.net\/es\/lexus-en-arcomadrid-2025-inspirado-por-el-nuevo-lbx\/#primaryimage"},"image":{"@id":"https:\/\/luxonomy.net\/es\/lexus-en-arcomadrid-2025-inspirado-por-el-nuevo-lbx\/#primaryimage"},"thumbnailUrl":"https:\/\/i0.wp.com\/luxonomy.net\/wp-content\/uploads\/2025\/02\/lexus-lbx-arcomadrid.jpg?fit=2560%2C1707&ssl=1","datePublished":"2025-02-13T15:06:33+00:00","dateModified":"2025-02-13T15:06:39+00:00","breadcrumb":{"@id":"https:\/\/luxonomy.net\/es\/lexus-en-arcomadrid-2025-inspirado-por-el-nuevo-lbx\/#breadcrumb"},"inLanguage":"es","potentialAction":[{"@type":"ReadAction","target":["https:\/\/luxonomy.net\/es\/lexus-en-arcomadrid-2025-inspirado-por-el-nuevo-lbx\/"]}]},{"@type":"ImageObject","inLanguage":"es","@id":"https:\/\/luxonomy.net\/es\/lexus-en-arcomadrid-2025-inspirado-por-el-nuevo-lbx\/#primaryimage","url":"https:\/\/i0.wp.com\/luxonomy.net\/wp-content\/uploads\/2025\/02\/lexus-lbx-arcomadrid.jpg?fit=2560%2C1707&ssl=1","contentUrl":"https:\/\/i0.wp.com\/luxonomy.net\/wp-content\/uploads\/2025\/02\/lexus-lbx-arcomadrid.jpg?fit=2560%2C1707&ssl=1","width":2560,"height":1707},{"@type":"BreadcrumbList","@id":"https:\/\/luxonomy.net\/es\/lexus-en-arcomadrid-2025-inspirado-por-el-nuevo-lbx\/#breadcrumb","itemListElement":[{"@type":"ListItem","position":1,"name":"Portada","item":"https:\/\/luxonomy.net\/es\/"},{"@type":"ListItem","position":2,"name":"Lexus en ArcoMadrid 2025 inspirado por el nuevo LBX"}]},{"@type":"WebSite","@id":"https:\/\/luxonomy.net\/es\/#website","url":"https:\/\/luxonomy.net\/es\/","name":"LUXONOMY","description":"The Economy of Fashion &amp; Luxury","publisher":{"@id":"https:\/\/luxonomy.net\/es\/#organization"},"potentialAction":[{"@type":"SearchAction","target":{"@type":"EntryPoint","urlTemplate":"https:\/\/luxonomy.net\/es\/?s={search_term_string}"},"query-input":{"@type":"PropertyValueSpecification","valueRequired":true,"valueName":"search_term_string"}}],"inLanguage":"es"},{"@type":"Organization","@id":"https:\/\/luxonomy.net\/es\/#organization","name":"LUXONOMY","url":"https:\/\/luxonomy.net\/es\/","logo":{"@type":"ImageObject","inLanguage":"es","@id":"https:\/\/luxonomy.net\/es\/#\/schema\/logo\/image\/","url":"https:\/\/i2.wp.com\/luxonomy.net\/wp-content\/uploads\/2021\/09\/MOCKUP-TODOS-LUXONOMY.jpg?fit=1000%2C515&ssl=1","contentUrl":"https:\/\/i2.wp.com\/luxonomy.net\/wp-content\/uploads\/2021\/09\/MOCKUP-TODOS-LUXONOMY.jpg?fit=1000%2C515&ssl=1","width":1000,"height":515,"caption":"LUXONOMY"},"image":{"@id":"https:\/\/luxonomy.net\/es\/#\/schema\/logo\/image\/"},"sameAs":["https:\/\/www.facebook.com\/luxonomy","https:\/\/www.instagram.com\/luxonomy\/","https:\/\/www.linkedin.com\/company\/luxonomy\/"]},{"@type":"Person","@id":"https:\/\/luxonomy.net\/es\/#\/schema\/person\/ca588d8b741a1fdd9065289c8d98ee8c","name":"LUXONOMY","image":{"@type":"ImageObject","inLanguage":"es","@id":"https:\/\/luxonomy.net\/wp-content\/litespeed\/avatar\/a6436cdb14fdaf9c21808e63d0da2055.jpg?ver=1788366758","url":"https:\/\/luxonomy.net\/wp-content\/litespeed\/avatar\/a6436cdb14fdaf9c21808e63d0da2055.jpg?ver=1788366758","contentUrl":"https:\/\/luxonomy.net\/wp-content\/litespeed\/avatar\/a6436cdb14fdaf9c21808e63d0da2055.jpg?ver=1788366758","caption":"LUXONOMY"},"sameAs":["https:\/"],"url":"https:\/\/luxonomy.net\/es\/author\/luxonomy\/"}]}},"jetpack_publicize_connections":[],"jetpack_shortlink":"https:\/\/wp.me\/paPhBa-gsu","jetpack_sharing_enabled":true,"jetpack_featured_media_url":"https:\/\/i0.wp.com\/luxonomy.net\/wp-content\/uploads\/2025\/02\/lexus-lbx-arcomadrid.jpg?fit=2560%2C1707&ssl=1","_links":{"self":[{"href":"https:\/\/luxonomy.net\/es\/wp-json\/wp\/v2\/posts\/63270","targetHints":{"allow":["GET"]}}],"collection":[{"href":"https:\/\/luxonomy.net\/es\/wp-json\/wp\/v2\/posts"}],"about":[{"href":"https:\/\/luxonomy.net\/es\/wp-json\/wp\/v2\/types\/post"}],"author":[{"embeddable":true,"href":"https:\/\/luxonomy.net\/es\/wp-json\/wp\/v2\/users\/1"}],"replies":[{"embeddable":true,"href":"https:\/\/luxonomy.net\/es\/wp-json\/wp\/v2\/comments?post=63270"}],"version-history":[{"count":3,"href":"https:\/\/luxonomy.net\/es\/wp-json\/wp\/v2\/posts\/63270\/revisions"}],"predecessor-version":[{"id":63275,"href":"https:\/\/luxonomy.net\/es\/wp-json\/wp\/v2\/posts\/63270\/revisions\/63275"}],"wp:featuredmedia":[{"embeddable":true,"href":"https:\/\/luxonomy.net\/es\/wp-json\/wp\/v2\/media\/63271"}],"wp:attachment":[{"href":"https:\/\/luxonomy.net\/es\/wp-json\/wp\/v2\/media?parent=63270"}],"wp:term":[{"taxonomy":"category","embeddable":true,"href":"https:\/\/luxonomy.net\/es\/wp-json\/wp\/v2\/categories?post=63270"},{"taxonomy":"post_tag","embeddable":true,"href":"https:\/\/luxonomy.net\/es\/wp-json\/wp\/v2\/tags?post=63270"},{"taxonomy":"thb-sponsors","embeddable":true,"href":"https:\/\/luxonomy.net\/es\/wp-json\/wp\/v2\/thb-sponsors?post=63270"}],"curies":[{"name":"wp","href":"https:\/\/api.w.org\/{rel}","templated":true}]}}