{"id":61659,"date":"2024-11-18T13:49:13","date_gmt":"2024-11-18T12:49:13","guid":{"rendered":"https:\/?p=61659"},"modified":"2024-11-18T14:11:02","modified_gmt":"2024-11-18T13:11:02","slug":"louis-vuitton-abre-un-nuevo-espacio-que-combina-moda-cultura-y-gastronomia-en-la-calle-57-de-nueva-york","status":"publish","type":"post","link":"https:\/\/luxonomy.net\/es\/louis-vuitton-abre-un-nuevo-espacio-que-combina-moda-cultura-y-gastronomia-en-la-calle-57-de-nueva-york\/","title":{"rendered":"Louis Vuitton abre un nuevo espacio que combina moda, cultura y gastronom\u00eda en la calle 57 de Nueva York"},"content":{"rendered":"\n<section data-slice-type=\"news_content\" data-slice-variation=\"default\">\n<div class=\"flex w-full max-w-full justify-center pt-14 md:pt-18 pb-14 md:pb-18 sm:container-layout-padding\">\n<div class=\"w-full max-w-full container-layout-padding lg:max-w-screen-lg pt-14 pb-18 md:py-36 bg-white md:px-0 mx-auto gridLayoutPadding lg:max-w-screen-lg\">\n<div class=\"col-span-full flex flex-col gap-14 last:mb-0 sm:col-start-2 sm:col-end-8 md:col-start-3 md:col-end-11\">\n<div class=\"flex flex-col gap-14 text-left\">\n<div>\n<p class=\"heading3 typo-body-xl group\">Previo a la renovaci\u00f3n de la tienda principal de Louis Vuitton en la 5\u00aa Avenida de Nueva York, la Maison ha abierto un espacio temporal ambicioso en el 6 East 57th Street.<\/p>\n<\/div>\n<div>\n<p class=\"paragraph typo-body-l group pb-5 font-normal sm:font-light\">La nueva tienda, el espacio m\u00e1s grande de Louis Vuitton en los Estados Unidos, promete una experiencia inmersiva donde el lujo, la cultura y la gastronom\u00eda convergen.<\/p>\n<p class=\"paragraph typo-body-l group pb-5 font-normal sm:font-light\">Ubicada a pocos pasos de la tienda de la Maison en la calle 57, el espacio celebra la conexi\u00f3n duradera entre Louis Vuitton y Nueva York. El ic\u00f3nico edificio Art Deco destaca por sus amplios ventanales y su arquitectura impactante, mientras que el dise\u00f1o interior juega con contrastes. Una monumental instalaci\u00f3n de ba\u00fales Courrier Lozine 90 asciende hasta el techo en homenaje a la herencia de la Maison en la fabricaci\u00f3n de ba\u00fales, y una pared vertical de bolsos Keepall y Speedy reafirma una vibrante modernidad.<\/p><div id=\"luxon-4199844618\" class=\"luxon-3er-parrafo luxon-entity-placement\" style=\"margin-top: 20px;margin-bottom: 20px;margin-left: auto;margin-right: auto;text-align: center;\"><a href=\"https:\/\/luxonomy.university\/course\/master-turismo-de-lujo\" target=\"_blank\" aria-label=\"master-turismo-lujo-2026-2027\"><img loading=\"lazy\" decoding=\"async\" src=\"https:\/\/i0.wp.com\/luxonomy.net\/wp-content\/uploads\/2020\/07\/master-turismo-lujo-2026-2027.jpg?fit=1672%2C941&#038;ssl=1\" alt=\"\"  srcset=\"https:\/\/i0.wp.com\/luxonomy.net\/wp-content\/uploads\/2020\/07\/master-turismo-lujo-2026-2027.jpg?w=1672&ssl=1 1672w, https:\/\/i0.wp.com\/luxonomy.net\/wp-content\/uploads\/2020\/07\/master-turismo-lujo-2026-2027.jpg?resize=300%2C169&ssl=1 300w, https:\/\/i0.wp.com\/luxonomy.net\/wp-content\/uploads\/2020\/07\/master-turismo-lujo-2026-2027.jpg?resize=1024%2C576&ssl=1 1024w, https:\/\/i0.wp.com\/luxonomy.net\/wp-content\/uploads\/2020\/07\/master-turismo-lujo-2026-2027.jpg?resize=768%2C432&ssl=1 768w, https:\/\/i0.wp.com\/luxonomy.net\/wp-content\/uploads\/2020\/07\/master-turismo-lujo-2026-2027.jpg?resize=1536%2C864&ssl=1 1536w, https:\/\/i0.wp.com\/luxonomy.net\/wp-content\/uploads\/2020\/07\/master-turismo-lujo-2026-2027.jpg?resize=370%2C208&ssl=1 370w, https:\/\/i0.wp.com\/luxonomy.net\/wp-content\/uploads\/2020\/07\/master-turismo-lujo-2026-2027.jpg?resize=800%2C450&ssl=1 800w, https:\/\/i0.wp.com\/luxonomy.net\/wp-content\/uploads\/2020\/07\/master-turismo-lujo-2026-2027.jpg?resize=20%2C11&ssl=1 20w, https:\/\/i0.wp.com\/luxonomy.net\/wp-content\/uploads\/2020\/07\/master-turismo-lujo-2026-2027.jpg?resize=740%2C416&ssl=1 740w, https:\/\/i0.wp.com\/luxonomy.net\/wp-content\/uploads\/2020\/07\/master-turismo-lujo-2026-2027.jpg?resize=1600%2C900&ssl=1 1600w, https:\/\/i0.wp.com\/luxonomy.net\/wp-content\/uploads\/2020\/07\/master-turismo-lujo-2026-2027.jpg?resize=1200%2C675&ssl=1 1200w, https:\/\/i0.wp.com\/luxonomy.net\/wp-content\/uploads\/2020\/07\/master-turismo-lujo-2026-2027.jpg?resize=85%2C48&ssl=1 85w\" sizes=\"(max-width: 1170px) 100vw, 1170px\" class=\"no-lazyload\" width=\"1672\" height=\"941\"   \/><\/a><\/div>\n<p class=\"paragraph typo-body-l group pb-5 font-normal sm:font-light\">En el cuarto piso, Le Caf\u00e9 Louis Vuitton ofrece una experiencia verdaderamente \u00fanica. Concebido como un espacio de caf\u00e9 y biblioteca, presenta m\u00e1s de 600 t\u00edtulos seleccionados por el editor Ian Luna, privilegiando a artistas de Nueva York. El viaje culinario es una alianza de refinamiento y creatividad, orquestada por los chefs Christophe Bellanca y Marie George bajo la direcci\u00f3n de los chefs franceses Arnaud Donckele y Maxime Fr\u00e9d\u00e9ric, para un distintivo concepto de &#8220;snacking de lujo&#8221;.<\/p>\n<p class=\"paragraph typo-body-l group pb-5 font-normal sm:font-light\">Tambi\u00e9n se presenta Le Chocolat Maxime Fr\u00e9d\u00e9ric, que deleita a los amantes de los dulces con sus especialidades artesanales, as\u00ed como una exclusiva colecci\u00f3n c\u00e1psula coleccionable.<\/p>\n<p class=\"paragraph typo-body-l group pb-5 font-normal sm:font-light\">Mucho m\u00e1s que un espacio temporal, Louis Vuitton 57th Street NYC es una invitaci\u00f3n a descubrir el universo de Louis Vuitton desde una perspectiva nueva y cautivadora, una experiencia inmersiva donde el arte, la cultura y la gastronom\u00eda se unen para dejar una impresi\u00f3n duradera.<\/p>\n<\/div>\n<\/div>\n<\/div>\n<\/div>\n<\/div>\n<\/section>\n","protected":false},"excerpt":{"rendered":"<p>Louis Vuitton ha inaugurado un espacio temporal en el 6 East 57th Street, Nueva York, ofreciendo una experiencia de lujo que combina arte, cultura y gastronom\u00eda. Destaca su dise\u00f1o interior, un caf\u00e9 \u00fanico y dulces artesanales.<\/p>\n","protected":false},"author":10,"featured_media":61663,"comment_status":"open","ping_status":"open","sticky":false,"template":"","format":"standard","meta":{"_jetpack_newsletter_access":"","_jetpack_dont_email_post_to_subs":false,"_jetpack_newsletter_tier_id":0,"_jetpack_memberships_contains_paywalled_content":false,"_jetpack_feature_clip_id":0,"_jetpack_memberships_contains_paid_content":false,"footnotes":"","jetpack_publicize_message":"","jetpack_publicize_feature_enabled":false,"jetpack_social_post_already_shared":true,"jetpack_social_options":{"image_generator_settings":{"template":"edge","enabled":false,"token":"eyJpbWciOiJodHRwczpcL1wvbHV4b25vbXkubmV0XC93cC1jb250ZW50XC91cGxvYWRzXC8yMDI0XC8xMVwvQ2FwdHVyYS1kZS1wYW50YWxsYS0yMDI0LTExLTE4LWEtbGFzLTEzLjQzLjUyLTEwMjR4NTI4LnBuZyIsInR4dCI6IkxvdWlzIFZ1aXR0b24gYWJyZSB1biBudWV2byBlc3BhY2lvIHF1ZSBjb21iaW5hIG1vZGEsIGN1bHR1cmEgeSBnYXN0cm9ub21cdTAwZWRhIGVuIGxhIGNhbGxlIDU3IGRlIE51ZXZhIFlvcmsiLCJ0ZW1wbGF0ZSI6ImVkZ2UiLCJibG9nX2lkIjoxNTk5ODU3NDB9.ootiylMArcsXIPyq2LgNpdPoCZDyX9R1AG843DjSDTYMQ"},"version":2,"attached_media":[{"id":61663,"url":"http:\/\/luxonomy.net\/wp-content\/uploads\/2024\/11\/generated-image-11.jpg","type":"image\/jpeg"}]},"jetpack_post_was_ever_published":false},"categories":[534],"tags":[660,585,586],"thb-sponsors":[],"class_list":["post-61659","post","type-post","status-publish","format-standard","has-post-thumbnail","hentry","category-moda","tag-louis-vuitton","tag-lvmh","tag-moda"],"yoast_head":"<!-- This site is optimized with the Yoast SEO plugin v28.4 - https:\/\/yoast.com\/product\/yoast-seo-wordpress\/ -->\n<title>Louis Vuitton abre un nuevo espacio que combina moda, cultura y gastronom\u00eda en la calle 57 de Nueva York | LUXONOMY<\/title>\n<meta name=\"robots\" content=\"index, follow, max-snippet:-1, max-image-preview:large, max-video-preview:-1\" \/>\n<link rel=\"canonical\" href=\"https:\/\/luxonomy.net\/es\/louis-vuitton-abre-un-nuevo-espacio-que-combina-moda-cultura-y-gastronomia-en-la-calle-57-de-nueva-york\/\" \/>\n<meta property=\"og:locale\" content=\"es_ES\" \/>\n<meta property=\"og:type\" content=\"article\" \/>\n<meta property=\"og:title\" content=\"Louis Vuitton abre un nuevo espacio que combina moda, cultura y gastronom\u00eda en la calle 57 de Nueva York | LUXONOMY\" \/>\n<meta property=\"og:description\" content=\"Louis Vuitton ha inaugurado un espacio temporal en el 6 East 57th Street, Nueva York, ofreciendo una experiencia de lujo que combina arte, cultura y gastronom\u00eda. Destaca su dise\u00f1o interior, un caf\u00e9 \u00fanico y dulces artesanales.\" \/>\n<meta property=\"og:url\" content=\"https:\/\/luxonomy.net\/es\/louis-vuitton-abre-un-nuevo-espacio-que-combina-moda-cultura-y-gastronomia-en-la-calle-57-de-nueva-york\/\" \/>\n<meta property=\"og:site_name\" content=\"LUXONOMY\" \/>\n<meta property=\"article:publisher\" content=\"https:\/\/www.facebook.com\/luxonomy\" \/>\n<meta property=\"article:published_time\" content=\"2024-11-18T12:49:13+00:00\" \/>\n<meta property=\"article:modified_time\" content=\"2024-11-18T13:11:02+00:00\" \/>\n<meta property=\"og:image\" content=\"https:\/\/i0.wp.com\/luxonomy.net\/wp-content\/uploads\/2024\/11\/generated-image-11.jpg?fit=1200%2C630&quality=89&ssl=1\" \/>\n\t<meta property=\"og:image:width\" content=\"1200\" \/>\n\t<meta property=\"og:image:height\" content=\"630\" \/>\n\t<meta property=\"og:image:type\" content=\"image\/jpeg\" \/>\n<meta name=\"author\" content=\"Chiara Gabardi\" \/>\n<meta name=\"twitter:card\" content=\"summary_large_image\" \/>\n<meta name=\"twitter:label1\" content=\"Escrito por\" \/>\n\t<meta name=\"twitter:data1\" content=\"Chiara Gabardi\" \/>\n\t<meta name=\"twitter:label2\" content=\"Tiempo de lectura\" \/>\n\t<meta name=\"twitter:data2\" content=\"2 minutos\" \/>\n<script type=\"application\/ld+json\" class=\"yoast-schema-graph\">{\"@context\":\"https:\\\/\\\/schema.org\",\"@graph\":[{\"@type\":\"Article\",\"@id\":\"https:\\\/\\\/luxonomy.net\\\/es\\\/louis-vuitton-abre-un-nuevo-espacio-que-combina-moda-cultura-y-gastronomia-en-la-calle-57-de-nueva-york\\\/#article\",\"isPartOf\":{\"@id\":\"https:\\\/\\\/luxonomy.net\\\/es\\\/louis-vuitton-abre-un-nuevo-espacio-que-combina-moda-cultura-y-gastronomia-en-la-calle-57-de-nueva-york\\\/\"},\"author\":{\"name\":\"Chiara Gabardi\",\"@id\":\"https:\\\/\\\/luxonomy.net\\\/es\\\/#\\\/schema\\\/person\\\/e5c97cb37fd115728030c51e21c67d89\"},\"headline\":\"Louis Vuitton abre un nuevo espacio que combina moda, cultura y gastronom\u00eda en la calle 57 de Nueva York\",\"datePublished\":\"2024-11-18T12:49:13+00:00\",\"dateModified\":\"2024-11-18T13:11:02+00:00\",\"mainEntityOfPage\":{\"@id\":\"https:\\\/\\\/luxonomy.net\\\/es\\\/louis-vuitton-abre-un-nuevo-espacio-que-combina-moda-cultura-y-gastronomia-en-la-calle-57-de-nueva-york\\\/\"},\"wordCount\":331,\"commentCount\":0,\"publisher\":{\"@id\":\"https:\\\/\\\/luxonomy.net\\\/es\\\/#organization\"},\"image\":{\"@id\":\"https:\\\/\\\/luxonomy.net\\\/es\\\/louis-vuitton-abre-un-nuevo-espacio-que-combina-moda-cultura-y-gastronomia-en-la-calle-57-de-nueva-york\\\/#primaryimage\"},\"thumbnailUrl\":\"https:\\\/\\\/i0.wp.com\\\/luxonomy.net\\\/wp-content\\\/uploads\\\/2024\\\/11\\\/generated-image-11.jpg?fit=1200%2C630&ssl=1\",\"keywords\":[\"Louis Vuitton\",\"LVMH\",\"Moda\"],\"articleSection\":[\"Moda\"],\"inLanguage\":\"es\",\"potentialAction\":[{\"@type\":\"CommentAction\",\"name\":\"Comment\",\"target\":[\"https:\\\/\\\/luxonomy.net\\\/es\\\/louis-vuitton-abre-un-nuevo-espacio-que-combina-moda-cultura-y-gastronomia-en-la-calle-57-de-nueva-york\\\/#respond\"]}]},{\"@type\":\"WebPage\",\"@id\":\"https:\\\/\\\/luxonomy.net\\\/es\\\/louis-vuitton-abre-un-nuevo-espacio-que-combina-moda-cultura-y-gastronomia-en-la-calle-57-de-nueva-york\\\/\",\"url\":\"https:\\\/\\\/luxonomy.net\\\/es\\\/louis-vuitton-abre-un-nuevo-espacio-que-combina-moda-cultura-y-gastronomia-en-la-calle-57-de-nueva-york\\\/\",\"name\":\"Louis Vuitton abre un nuevo espacio que combina moda, cultura y gastronom\u00eda en la calle 57 de Nueva York | LUXONOMY\",\"isPartOf\":{\"@id\":\"https:\\\/\\\/luxonomy.net\\\/es\\\/#website\"},\"primaryImageOfPage\":{\"@id\":\"https:\\\/\\\/luxonomy.net\\\/es\\\/louis-vuitton-abre-un-nuevo-espacio-que-combina-moda-cultura-y-gastronomia-en-la-calle-57-de-nueva-york\\\/#primaryimage\"},\"image\":{\"@id\":\"https:\\\/\\\/luxonomy.net\\\/es\\\/louis-vuitton-abre-un-nuevo-espacio-que-combina-moda-cultura-y-gastronomia-en-la-calle-57-de-nueva-york\\\/#primaryimage\"},\"thumbnailUrl\":\"https:\\\/\\\/i0.wp.com\\\/luxonomy.net\\\/wp-content\\\/uploads\\\/2024\\\/11\\\/generated-image-11.jpg?fit=1200%2C630&ssl=1\",\"datePublished\":\"2024-11-18T12:49:13+00:00\",\"dateModified\":\"2024-11-18T13:11:02+00:00\",\"breadcrumb\":{\"@id\":\"https:\\\/\\\/luxonomy.net\\\/es\\\/louis-vuitton-abre-un-nuevo-espacio-que-combina-moda-cultura-y-gastronomia-en-la-calle-57-de-nueva-york\\\/#breadcrumb\"},\"inLanguage\":\"es\",\"potentialAction\":[{\"@type\":\"ReadAction\",\"target\":[\"https:\\\/\\\/luxonomy.net\\\/es\\\/louis-vuitton-abre-un-nuevo-espacio-que-combina-moda-cultura-y-gastronomia-en-la-calle-57-de-nueva-york\\\/\"]}]},{\"@type\":\"ImageObject\",\"inLanguage\":\"es\",\"@id\":\"https:\\\/\\\/luxonomy.net\\\/es\\\/louis-vuitton-abre-un-nuevo-espacio-que-combina-moda-cultura-y-gastronomia-en-la-calle-57-de-nueva-york\\\/#primaryimage\",\"url\":\"https:\\\/\\\/i0.wp.com\\\/luxonomy.net\\\/wp-content\\\/uploads\\\/2024\\\/11\\\/generated-image-11.jpg?fit=1200%2C630&ssl=1\",\"contentUrl\":\"https:\\\/\\\/i0.wp.com\\\/luxonomy.net\\\/wp-content\\\/uploads\\\/2024\\\/11\\\/generated-image-11.jpg?fit=1200%2C630&ssl=1\",\"width\":1200,\"height\":630},{\"@type\":\"BreadcrumbList\",\"@id\":\"https:\\\/\\\/luxonomy.net\\\/es\\\/louis-vuitton-abre-un-nuevo-espacio-que-combina-moda-cultura-y-gastronomia-en-la-calle-57-de-nueva-york\\\/#breadcrumb\",\"itemListElement\":[{\"@type\":\"ListItem\",\"position\":1,\"name\":\"Portada\",\"item\":\"https:\\\/\\\/luxonomy.net\\\/es\\\/\"},{\"@type\":\"ListItem\",\"position\":2,\"name\":\"Louis Vuitton abre un nuevo espacio que combina moda, cultura y gastronom\u00eda en la calle 57 de Nueva York\"}]},{\"@type\":\"WebSite\",\"@id\":\"https:\\\/\\\/luxonomy.net\\\/es\\\/#website\",\"url\":\"https:\\\/\\\/luxonomy.net\\\/es\\\/\",\"name\":\"LUXONOMY\",\"description\":\"The Economy of Fashion &amp; Luxury\",\"publisher\":{\"@id\":\"https:\\\/\\\/luxonomy.net\\\/es\\\/#organization\"},\"potentialAction\":[{\"@type\":\"SearchAction\",\"target\":{\"@type\":\"EntryPoint\",\"urlTemplate\":\"https:\\\/\\\/luxonomy.net\\\/es\\\/?s={search_term_string}\"},\"query-input\":{\"@type\":\"PropertyValueSpecification\",\"valueRequired\":true,\"valueName\":\"search_term_string\"}}],\"inLanguage\":\"es\"},{\"@type\":\"Organization\",\"@id\":\"https:\\\/\\\/luxonomy.net\\\/es\\\/#organization\",\"name\":\"LUXONOMY\",\"url\":\"https:\\\/\\\/luxonomy.net\\\/es\\\/\",\"logo\":{\"@type\":\"ImageObject\",\"inLanguage\":\"es\",\"@id\":\"https:\\\/\\\/luxonomy.net\\\/es\\\/#\\\/schema\\\/logo\\\/image\\\/\",\"url\":\"https:\\\/\\\/i2.wp.com\\\/luxonomy.net\\\/wp-content\\\/uploads\\\/2021\\\/09\\\/MOCKUP-TODOS-LUXONOMY.jpg?fit=1000%2C515&ssl=1\",\"contentUrl\":\"https:\\\/\\\/i2.wp.com\\\/luxonomy.net\\\/wp-content\\\/uploads\\\/2021\\\/09\\\/MOCKUP-TODOS-LUXONOMY.jpg?fit=1000%2C515&ssl=1\",\"width\":1000,\"height\":515,\"caption\":\"LUXONOMY\"},\"image\":{\"@id\":\"https:\\\/\\\/luxonomy.net\\\/es\\\/#\\\/schema\\\/logo\\\/image\\\/\"},\"sameAs\":[\"https:\\\/\\\/www.facebook.com\\\/luxonomy\",\"https:\\\/\\\/www.instagram.com\\\/luxonomy\\\/\",\"https:\\\/\\\/www.linkedin.com\\\/company\\\/luxonomy\\\/\"]},{\"@type\":\"Person\",\"@id\":\"https:\\\/\\\/luxonomy.net\\\/es\\\/#\\\/schema\\\/person\\\/e5c97cb37fd115728030c51e21c67d89\",\"name\":\"Chiara Gabardi\",\"image\":{\"@type\":\"ImageObject\",\"inLanguage\":\"es\",\"@id\":\"https:\\\/\\\/luxonomy.net\\\/wp-content\\\/litespeed\\\/avatar\\\/548640c4e2c34544e66c65ab1641a5d7.jpg?ver=1788581172\",\"url\":\"https:\\\/\\\/luxonomy.net\\\/wp-content\\\/litespeed\\\/avatar\\\/548640c4e2c34544e66c65ab1641a5d7.jpg?ver=1788581172\",\"contentUrl\":\"https:\\\/\\\/luxonomy.net\\\/wp-content\\\/litespeed\\\/avatar\\\/548640c4e2c34544e66c65ab1641a5d7.jpg?ver=1788581172\",\"caption\":\"Chiara Gabardi\"},\"description\":\"Editor at LUXONOMY\u2122 Group\",\"url\":\"https:\\\/\\\/luxonomy.net\\\/es\\\/author\\\/chiara-gabardi\\\/\"}]}<\/script>\n<!-- \/ Yoast SEO plugin. -->","yoast_head_json":{"title":"Louis Vuitton abre un nuevo espacio que combina moda, cultura y gastronom\u00eda en la calle 57 de Nueva York | LUXONOMY","robots":{"index":"index","follow":"follow","max-snippet":"max-snippet:-1","max-image-preview":"max-image-preview:large","max-video-preview":"max-video-preview:-1"},"canonical":"https:\/\/luxonomy.net\/es\/louis-vuitton-abre-un-nuevo-espacio-que-combina-moda-cultura-y-gastronomia-en-la-calle-57-de-nueva-york\/","og_locale":"es_ES","og_type":"article","og_title":"Louis Vuitton abre un nuevo espacio que combina moda, cultura y gastronom\u00eda en la calle 57 de Nueva York | LUXONOMY","og_description":"Louis Vuitton ha inaugurado un espacio temporal en el 6 East 57th Street, Nueva York, ofreciendo una experiencia de lujo que combina arte, cultura y gastronom\u00eda. Destaca su dise\u00f1o interior, un caf\u00e9 \u00fanico y dulces artesanales.","og_url":"https:\/\/luxonomy.net\/es\/louis-vuitton-abre-un-nuevo-espacio-que-combina-moda-cultura-y-gastronomia-en-la-calle-57-de-nueva-york\/","og_site_name":"LUXONOMY","article_publisher":"https:\/\/www.facebook.com\/luxonomy","article_published_time":"2024-11-18T12:49:13+00:00","article_modified_time":"2024-11-18T13:11:02+00:00","og_image":[{"width":1200,"height":630,"url":"https:\/\/i0.wp.com\/luxonomy.net\/wp-content\/uploads\/2024\/11\/generated-image-11.jpg?fit=1200%2C630&quality=89&ssl=1","type":"image\/jpeg"}],"author":"Chiara Gabardi","twitter_card":"summary_large_image","twitter_misc":{"Escrito por":"Chiara Gabardi","Tiempo de lectura":"2 minutos"},"schema":{"@context":"https:\/\/schema.org","@graph":[{"@type":"Article","@id":"https:\/\/luxonomy.net\/es\/louis-vuitton-abre-un-nuevo-espacio-que-combina-moda-cultura-y-gastronomia-en-la-calle-57-de-nueva-york\/#article","isPartOf":{"@id":"https:\/\/luxonomy.net\/es\/louis-vuitton-abre-un-nuevo-espacio-que-combina-moda-cultura-y-gastronomia-en-la-calle-57-de-nueva-york\/"},"author":{"name":"Chiara Gabardi","@id":"https:\/\/luxonomy.net\/es\/#\/schema\/person\/e5c97cb37fd115728030c51e21c67d89"},"headline":"Louis Vuitton abre un nuevo espacio que combina moda, cultura y gastronom\u00eda en la calle 57 de Nueva York","datePublished":"2024-11-18T12:49:13+00:00","dateModified":"2024-11-18T13:11:02+00:00","mainEntityOfPage":{"@id":"https:\/\/luxonomy.net\/es\/louis-vuitton-abre-un-nuevo-espacio-que-combina-moda-cultura-y-gastronomia-en-la-calle-57-de-nueva-york\/"},"wordCount":331,"commentCount":0,"publisher":{"@id":"https:\/\/luxonomy.net\/es\/#organization"},"image":{"@id":"https:\/\/luxonomy.net\/es\/louis-vuitton-abre-un-nuevo-espacio-que-combina-moda-cultura-y-gastronomia-en-la-calle-57-de-nueva-york\/#primaryimage"},"thumbnailUrl":"https:\/\/i0.wp.com\/luxonomy.net\/wp-content\/uploads\/2024\/11\/generated-image-11.jpg?fit=1200%2C630&ssl=1","keywords":["Louis Vuitton","LVMH","Moda"],"articleSection":["Moda"],"inLanguage":"es","potentialAction":[{"@type":"CommentAction","name":"Comment","target":["https:\/\/luxonomy.net\/es\/louis-vuitton-abre-un-nuevo-espacio-que-combina-moda-cultura-y-gastronomia-en-la-calle-57-de-nueva-york\/#respond"]}]},{"@type":"WebPage","@id":"https:\/\/luxonomy.net\/es\/louis-vuitton-abre-un-nuevo-espacio-que-combina-moda-cultura-y-gastronomia-en-la-calle-57-de-nueva-york\/","url":"https:\/\/luxonomy.net\/es\/louis-vuitton-abre-un-nuevo-espacio-que-combina-moda-cultura-y-gastronomia-en-la-calle-57-de-nueva-york\/","name":"Louis Vuitton abre un nuevo espacio que combina moda, cultura y gastronom\u00eda en la calle 57 de Nueva York | LUXONOMY","isPartOf":{"@id":"https:\/\/luxonomy.net\/es\/#website"},"primaryImageOfPage":{"@id":"https:\/\/luxonomy.net\/es\/louis-vuitton-abre-un-nuevo-espacio-que-combina-moda-cultura-y-gastronomia-en-la-calle-57-de-nueva-york\/#primaryimage"},"image":{"@id":"https:\/\/luxonomy.net\/es\/louis-vuitton-abre-un-nuevo-espacio-que-combina-moda-cultura-y-gastronomia-en-la-calle-57-de-nueva-york\/#primaryimage"},"thumbnailUrl":"https:\/\/i0.wp.com\/luxonomy.net\/wp-content\/uploads\/2024\/11\/generated-image-11.jpg?fit=1200%2C630&ssl=1","datePublished":"2024-11-18T12:49:13+00:00","dateModified":"2024-11-18T13:11:02+00:00","breadcrumb":{"@id":"https:\/\/luxonomy.net\/es\/louis-vuitton-abre-un-nuevo-espacio-que-combina-moda-cultura-y-gastronomia-en-la-calle-57-de-nueva-york\/#breadcrumb"},"inLanguage":"es","potentialAction":[{"@type":"ReadAction","target":["https:\/\/luxonomy.net\/es\/louis-vuitton-abre-un-nuevo-espacio-que-combina-moda-cultura-y-gastronomia-en-la-calle-57-de-nueva-york\/"]}]},{"@type":"ImageObject","inLanguage":"es","@id":"https:\/\/luxonomy.net\/es\/louis-vuitton-abre-un-nuevo-espacio-que-combina-moda-cultura-y-gastronomia-en-la-calle-57-de-nueva-york\/#primaryimage","url":"https:\/\/i0.wp.com\/luxonomy.net\/wp-content\/uploads\/2024\/11\/generated-image-11.jpg?fit=1200%2C630&ssl=1","contentUrl":"https:\/\/i0.wp.com\/luxonomy.net\/wp-content\/uploads\/2024\/11\/generated-image-11.jpg?fit=1200%2C630&ssl=1","width":1200,"height":630},{"@type":"BreadcrumbList","@id":"https:\/\/luxonomy.net\/es\/louis-vuitton-abre-un-nuevo-espacio-que-combina-moda-cultura-y-gastronomia-en-la-calle-57-de-nueva-york\/#breadcrumb","itemListElement":[{"@type":"ListItem","position":1,"name":"Portada","item":"https:\/\/luxonomy.net\/es\/"},{"@type":"ListItem","position":2,"name":"Louis Vuitton abre un nuevo espacio que combina moda, cultura y gastronom\u00eda en la calle 57 de Nueva York"}]},{"@type":"WebSite","@id":"https:\/\/luxonomy.net\/es\/#website","url":"https:\/\/luxonomy.net\/es\/","name":"LUXONOMY","description":"The Economy of Fashion &amp; Luxury","publisher":{"@id":"https:\/\/luxonomy.net\/es\/#organization"},"potentialAction":[{"@type":"SearchAction","target":{"@type":"EntryPoint","urlTemplate":"https:\/\/luxonomy.net\/es\/?s={search_term_string}"},"query-input":{"@type":"PropertyValueSpecification","valueRequired":true,"valueName":"search_term_string"}}],"inLanguage":"es"},{"@type":"Organization","@id":"https:\/\/luxonomy.net\/es\/#organization","name":"LUXONOMY","url":"https:\/\/luxonomy.net\/es\/","logo":{"@type":"ImageObject","inLanguage":"es","@id":"https:\/\/luxonomy.net\/es\/#\/schema\/logo\/image\/","url":"https:\/\/i2.wp.com\/luxonomy.net\/wp-content\/uploads\/2021\/09\/MOCKUP-TODOS-LUXONOMY.jpg?fit=1000%2C515&ssl=1","contentUrl":"https:\/\/i2.wp.com\/luxonomy.net\/wp-content\/uploads\/2021\/09\/MOCKUP-TODOS-LUXONOMY.jpg?fit=1000%2C515&ssl=1","width":1000,"height":515,"caption":"LUXONOMY"},"image":{"@id":"https:\/\/luxonomy.net\/es\/#\/schema\/logo\/image\/"},"sameAs":["https:\/\/www.facebook.com\/luxonomy","https:\/\/www.instagram.com\/luxonomy\/","https:\/\/www.linkedin.com\/company\/luxonomy\/"]},{"@type":"Person","@id":"https:\/\/luxonomy.net\/es\/#\/schema\/person\/e5c97cb37fd115728030c51e21c67d89","name":"Chiara Gabardi","image":{"@type":"ImageObject","inLanguage":"es","@id":"https:\/\/luxonomy.net\/wp-content\/litespeed\/avatar\/548640c4e2c34544e66c65ab1641a5d7.jpg?ver=1788581172","url":"https:\/\/luxonomy.net\/wp-content\/litespeed\/avatar\/548640c4e2c34544e66c65ab1641a5d7.jpg?ver=1788581172","contentUrl":"https:\/\/luxonomy.net\/wp-content\/litespeed\/avatar\/548640c4e2c34544e66c65ab1641a5d7.jpg?ver=1788581172","caption":"Chiara Gabardi"},"description":"Editor at LUXONOMY\u2122 Group","url":"https:\/\/luxonomy.net\/es\/author\/chiara-gabardi\/"}]}},"jetpack_publicize_connections":[],"jetpack_shortlink":"https:\/\/wp.me\/paPhBa-g2v","jetpack_sharing_enabled":true,"jetpack_featured_media_url":"https:\/\/i0.wp.com\/luxonomy.net\/wp-content\/uploads\/2024\/11\/generated-image-11.jpg?fit=1200%2C630&ssl=1","_links":{"self":[{"href":"https:\/\/luxonomy.net\/es\/wp-json\/wp\/v2\/posts\/61659","targetHints":{"allow":["GET"]}}],"collection":[{"href":"https:\/\/luxonomy.net\/es\/wp-json\/wp\/v2\/posts"}],"about":[{"href":"https:\/\/luxonomy.net\/es\/wp-json\/wp\/v2\/types\/post"}],"author":[{"embeddable":true,"href":"https:\/\/luxonomy.net\/es\/wp-json\/wp\/v2\/users\/10"}],"replies":[{"embeddable":true,"href":"https:\/\/luxonomy.net\/es\/wp-json\/wp\/v2\/comments?post=61659"}],"version-history":[{"count":4,"href":"https:\/\/luxonomy.net\/es\/wp-json\/wp\/v2\/posts\/61659\/revisions"}],"predecessor-version":[{"id":61666,"href":"https:\/\/luxonomy.net\/es\/wp-json\/wp\/v2\/posts\/61659\/revisions\/61666"}],"wp:featuredmedia":[{"embeddable":true,"href":"https:\/\/luxonomy.net\/es\/wp-json\/wp\/v2\/media\/61663"}],"wp:attachment":[{"href":"https:\/\/luxonomy.net\/es\/wp-json\/wp\/v2\/media?parent=61659"}],"wp:term":[{"taxonomy":"category","embeddable":true,"href":"https:\/\/luxonomy.net\/es\/wp-json\/wp\/v2\/categories?post=61659"},{"taxonomy":"post_tag","embeddable":true,"href":"https:\/\/luxonomy.net\/es\/wp-json\/wp\/v2\/tags?post=61659"},{"taxonomy":"thb-sponsors","embeddable":true,"href":"https:\/\/luxonomy.net\/es\/wp-json\/wp\/v2\/thb-sponsors?post=61659"}],"curies":[{"name":"wp","href":"https:\/\/api.w.org\/{rel}","templated":true}]}}